{"id":68027,"date":"2020-03-13T09:19:15","date_gmt":"2020-03-13T09:19:15","guid":{"rendered":"https:\/\/infocul.pt\/?p=68027"},"modified":"2020-03-13T09:19:15","modified_gmt":"2020-03-13T09:19:15","slug":"coronavirus-elefante-branco-encerra-por-tempo-indeterminado","status":"publish","type":"post","link":"https:\/\/infocul.pt\/arquivo\/actualidade\/coronavirus-elefante-branco-encerra-por-tempo-indeterminado\/","title":{"rendered":"Coronav\u00edrus: Elefante Branco encerra por tempo indeterminado"},"content":{"rendered":"<p><img decoding=\"async\" class=\"aligncenter wp-image-68028 size-full lazyload\" data-src=\"https:\/\/infocul.pt\/arquivo\/wp-content\/uploads\/2020\/03\/50584710_737906716591965_6602748512285229056_o.jpg\" alt=\"\" width=\"958\" height=\"640\" data-srcset=\"https:\/\/infocul.pt\/arquivo\/wp-content\/uploads\/2020\/03\/50584710_737906716591965_6602748512285229056_o.jpg 958w, https:\/\/infocul.pt\/arquivo\/wp-content\/uploads\/2020\/03\/50584710_737906716591965_6602748512285229056_o-300x200.jpg 300w, https:\/\/infocul.pt\/arquivo\/wp-content\/uploads\/2020\/03\/50584710_737906716591965_6602748512285229056_o-768x513.jpg 768w\" data-sizes=\"(max-width: 958px) 100vw, 958px\" src=\"data:image\/svg+xml;base64,PHN2ZyB3aWR0aD0iMSIgaGVpZ2h0PSIxIiB4bWxucz0iaHR0cDovL3d3dy53My5vcmcvMjAwMC9zdmciPjwvc3ZnPg==\" style=\"--smush-placeholder-width: 958px; --smush-placeholder-aspect-ratio: 958\/640;\" \/><\/p>\n<p><span style=\"font-family: Liberation Serif, serif; font-size: medium;\">No seguimento das \u00faltimas indica\u00e7\u00f5es da Dire\u00e7\u00e3o Geral de Sa\u00fade, as quais recomendam o cancelamento ou suspens\u00e3o de eventos em locais ou recintos p\u00fablicos, o Elefante Branco, por iniciativa da sua administra\u00e7\u00e3o, ir\u00e1 provisoriamente encerrar portas a partir do dia 13 de Mar\u00e7o.<\/span><!--more--><\/p>\n<p>\u201c<span style=\"font-family: Liberation Serif, serif;\"><span style=\"font-size: medium;\"><strong>Temos a consci\u00eancia que, apesar de penalizar a empresa, \u00e9 importante fazermos a nossa parte no que diz respeito \u00e0 forma como enfrentamos a pandemia do COVID-19. Acreditamos que de forma concertada temos todos um papel importante na travagem da propaga\u00e7\u00e3o deste v\u00edrus. Evitando contribuir para o alarme social, opt\u00e1mos pela preven\u00e7\u00e3o, cientes da compreens\u00e3o dos nossos clientes e da sociedade em geral. Contamos voltar ao normal funcionamento em breve com o requinte que define o Elefante Branco&#8221;, <\/strong>referiu o administrador Lu\u00eds Torres.<\/span><\/span><\/p>\n","protected":false},"excerpt":{"rendered":"<p>No seguimento das \u00faltimas indica\u00e7\u00f5es da Dire\u00e7\u00e3o Geral de Sa\u00fade, as quais recomendam o cancelamento ou suspens\u00e3o de eventos em locais ou recintos p\u00fablicos, o Elefante Branco, por iniciativa da sua administra\u00e7\u00e3o, ir\u00e1 provisoriamente encerrar portas a partir do dia 13 de Mar\u00e7o.<\/p>\n","protected":false},"author":13,"featured_media":68028,"comment_status":"open","ping_status":"closed","sticky":false,"template":"","format":"standard","meta":{"footnotes":""},"categories":[10,11,15],"tags":[8965,8966,9026,80],"class_list":["post-68027","post","type-post","status-publish","format-standard","has-post-thumbnail","hentry","category-actualidade","category-pais","category-social-e-lifestyle","tag-coronavirus","tag-covid-19","tag-elefante-branco","tag-lisboa"],"yoast_head":"<!-- This site is optimized with the Yoast SEO plugin v27.4 - https:\/\/yoast.com\/product\/yoast-seo-wordpress\/ -->\n<title>Coronav\u00edrus: Elefante Branco encerra por tempo indeterminado | Infocul.pt - Arquivo Digital<\/title>\n<meta name=\"description\" content=\"Coronav\u00edrus: Elefante Branco encerra por tempo indeterminado | Infocul.pt - Arquivo Digital\" \/>\n<meta name=\"robots\" content=\"noindex, follow, max-snippet:-1, max-image-preview:large, max-video-preview:-1\" \/>\n<meta property=\"og:locale\" content=\"pt_PT\" \/>\n<meta property=\"og:type\" content=\"article\" \/>\n<meta property=\"og:title\" content=\"Coronav\u00edrus: Elefante Branco encerra por tempo indeterminado | Infocul.pt - Arquivo Digital\" \/>\n<meta property=\"og:description\" content=\"Coronav\u00edrus: Elefante Branco encerra por tempo indeterminado | Infocul.pt - Arquivo Digital\" \/>\n<meta property=\"og:url\" content=\"https:\/\/infocul.pt\/arquivo\/actualidade\/coronavirus-elefante-branco-encerra-por-tempo-indeterminado\/\" \/>\n<meta property=\"og:site_name\" content=\"Infocul.pt - Arquivo Digital\" \/>\n<meta property=\"article:publisher\" content=\"https:\/\/www.facebook.com\/Infocul-147816815585015\/\" \/>\n<meta property=\"article:published_time\" content=\"2020-03-13T09:19:15+00:00\" \/>\n<meta property=\"og:image\" content=\"https:\/\/infocul.pt\/arquivo\/wp-content\/uploads\/2020\/03\/50584710_737906716591965_6602748512285229056_o.jpg\" \/>\n\t<meta property=\"og:image:width\" content=\"958\" \/>\n\t<meta property=\"og:image:height\" content=\"640\" \/>\n\t<meta property=\"og:image:type\" content=\"image\/jpeg\" \/>\n<meta name=\"author\" content=\"Redac\u00e7\u00e3o\" \/>\n<meta name=\"twitter:card\" content=\"summary_large_image\" \/>\n<meta name=\"twitter:creator\" content=\"@Infoculpt\" \/>\n<meta name=\"twitter:site\" content=\"@Infoculpt\" \/>\n<meta name=\"twitter:label1\" content=\"Escrito por\" \/>\n\t<meta name=\"twitter:data1\" content=\"Redac\u00e7\u00e3o\" \/>\n\t<meta name=\"twitter:label2\" content=\"Tempo estimado de leitura\" \/>\n\t<meta name=\"twitter:data2\" content=\"1 minuto\" \/>\n<script type=\"application\/ld+json\" class=\"yoast-schema-graph\">{\"@context\":\"https:\\\/\\\/schema.org\",\"@graph\":[{\"@type\":\"Article\",\"@id\":\"https:\\\/\\\/infocul.pt\\\/arquivo\\\/actualidade\\\/coronavirus-elefante-branco-encerra-por-tempo-indeterminado\\\/#article\",\"isPartOf\":{\"@id\":\"https:\\\/\\\/infocul.pt\\\/arquivo\\\/actualidade\\\/coronavirus-elefante-branco-encerra-por-tempo-indeterminado\\\/\"},\"author\":{\"name\":\"Redac\u00e7\u00e3o\",\"@id\":\"https:\\\/\\\/infocul.pt\\\/arquivo\\\/#\\\/schema\\\/person\\\/f243f45ae8d67639120a7586884f3abc\"},\"headline\":\"Coronav\u00edrus: Elefante Branco encerra por tempo indeterminado\",\"datePublished\":\"2020-03-13T09:19:15+00:00\",\"mainEntityOfPage\":{\"@id\":\"https:\\\/\\\/infocul.pt\\\/arquivo\\\/actualidade\\\/coronavirus-elefante-branco-encerra-por-tempo-indeterminado\\\/\"},\"wordCount\":145,\"commentCount\":0,\"publisher\":{\"@id\":\"https:\\\/\\\/infocul.pt\\\/arquivo\\\/#organization\"},\"image\":{\"@id\":\"https:\\\/\\\/infocul.pt\\\/arquivo\\\/actualidade\\\/coronavirus-elefante-branco-encerra-por-tempo-indeterminado\\\/#primaryimage\"},\"thumbnailUrl\":\"https:\\\/\\\/infocul.pt\\\/arquivo\\\/wp-content\\\/uploads\\\/2020\\\/03\\\/50584710_737906716591965_6602748512285229056_o.jpg\",\"keywords\":[\"Coronav\u00edrus\",\"Covid-19\",\"Elefante Branco\",\"Lisboa\"],\"articleSection\":[\"Actualidade\",\"Pa\u00eds\",\"Social &amp; LifeStyle\"],\"inLanguage\":\"pt-PT\"},{\"@type\":\"WebPage\",\"@id\":\"https:\\\/\\\/infocul.pt\\\/arquivo\\\/actualidade\\\/coronavirus-elefante-branco-encerra-por-tempo-indeterminado\\\/\",\"url\":\"https:\\\/\\\/infocul.pt\\\/arquivo\\\/actualidade\\\/coronavirus-elefante-branco-encerra-por-tempo-indeterminado\\\/\",\"name\":\"Coronav\u00edrus: Elefante Branco encerra por tempo indeterminado | Infocul.pt - Arquivo Digital\",\"isPartOf\":{\"@id\":\"https:\\\/\\\/infocul.pt\\\/arquivo\\\/#website\"},\"primaryImageOfPage\":{\"@id\":\"https:\\\/\\\/infocul.pt\\\/arquivo\\\/actualidade\\\/coronavirus-elefante-branco-encerra-por-tempo-indeterminado\\\/#primaryimage\"},\"image\":{\"@id\":\"https:\\\/\\\/infocul.pt\\\/arquivo\\\/actualidade\\\/coronavirus-elefante-branco-encerra-por-tempo-indeterminado\\\/#primaryimage\"},\"thumbnailUrl\":\"https:\\\/\\\/infocul.pt\\\/arquivo\\\/wp-content\\\/uploads\\\/2020\\\/03\\\/50584710_737906716591965_6602748512285229056_o.jpg\",\"datePublished\":\"2020-03-13T09:19:15+00:00\",\"description\":\"Coronav\u00edrus: Elefante Branco encerra por tempo indeterminado | Infocul.pt - Arquivo Digital\",\"breadcrumb\":{\"@id\":\"https:\\\/\\\/infocul.pt\\\/arquivo\\\/actualidade\\\/coronavirus-elefante-branco-encerra-por-tempo-indeterminado\\\/#breadcrumb\"},\"inLanguage\":\"pt-PT\",\"potentialAction\":[{\"@type\":\"ReadAction\",\"target\":[\"https:\\\/\\\/infocul.pt\\\/arquivo\\\/actualidade\\\/coronavirus-elefante-branco-encerra-por-tempo-indeterminado\\\/\"]}]},{\"@type\":\"ImageObject\",\"inLanguage\":\"pt-PT\",\"@id\":\"https:\\\/\\\/infocul.pt\\\/arquivo\\\/actualidade\\\/coronavirus-elefante-branco-encerra-por-tempo-indeterminado\\\/#primaryimage\",\"url\":\"https:\\\/\\\/infocul.pt\\\/arquivo\\\/wp-content\\\/uploads\\\/2020\\\/03\\\/50584710_737906716591965_6602748512285229056_o.jpg\",\"contentUrl\":\"https:\\\/\\\/infocul.pt\\\/arquivo\\\/wp-content\\\/uploads\\\/2020\\\/03\\\/50584710_737906716591965_6602748512285229056_o.jpg\",\"width\":958,\"height\":640},{\"@type\":\"BreadcrumbList\",\"@id\":\"https:\\\/\\\/infocul.pt\\\/arquivo\\\/actualidade\\\/coronavirus-elefante-branco-encerra-por-tempo-indeterminado\\\/#breadcrumb\",\"itemListElement\":[{\"@type\":\"ListItem\",\"position\":1,\"name\":\"Home\",\"item\":\"https:\\\/\\\/infocul.pt\\\/arquivo\\\/\"},{\"@type\":\"ListItem\",\"position\":2,\"name\":\"Coronav\u00edrus: Elefante Branco encerra por tempo indeterminado\"}]},{\"@type\":\"WebSite\",\"@id\":\"https:\\\/\\\/infocul.pt\\\/arquivo\\\/#website\",\"url\":\"https:\\\/\\\/infocul.pt\\\/arquivo\\\/\",\"name\":\"Infocul.pt - Arquivo Digital\",\"description\":\"Arquivo digital da Infocul.pt\",\"publisher\":{\"@id\":\"https:\\\/\\\/infocul.pt\\\/arquivo\\\/#organization\"},\"potentialAction\":[{\"@type\":\"SearchAction\",\"target\":{\"@type\":\"EntryPoint\",\"urlTemplate\":\"https:\\\/\\\/infocul.pt\\\/arquivo\\\/?s={search_term_string}\"},\"query-input\":{\"@type\":\"PropertyValueSpecification\",\"valueRequired\":true,\"valueName\":\"search_term_string\"}}],\"inLanguage\":\"pt-PT\"},{\"@type\":\"Organization\",\"@id\":\"https:\\\/\\\/infocul.pt\\\/arquivo\\\/#organization\",\"name\":\"Infocul.pt\",\"url\":\"https:\\\/\\\/infocul.pt\\\/arquivo\\\/\",\"logo\":{\"@type\":\"ImageObject\",\"inLanguage\":\"pt-PT\",\"@id\":\"https:\\\/\\\/infocul.pt\\\/arquivo\\\/#\\\/schema\\\/logo\\\/image\\\/\",\"url\":\"https:\\\/\\\/infocul.pt\\\/arquivo\\\/wp-content\\\/uploads\\\/2018\\\/12\\\/Infocul_logo-1.png\",\"contentUrl\":\"https:\\\/\\\/infocul.pt\\\/arquivo\\\/wp-content\\\/uploads\\\/2018\\\/12\\\/Infocul_logo-1.png\",\"width\":800,\"height\":800,\"caption\":\"Infocul.pt\"},\"image\":{\"@id\":\"https:\\\/\\\/infocul.pt\\\/arquivo\\\/#\\\/schema\\\/logo\\\/image\\\/\"},\"sameAs\":[\"https:\\\/\\\/www.facebook.com\\\/Infocul-147816815585015\\\/\",\"https:\\\/\\\/x.com\\\/Infoculpt\",\"http:\\\/\\\/www.pictaram.com\\\/user\\\/infocul.pt\\\/2370423710\",\"https:\\\/\\\/www.youtube.com\\\/channel\\\/UCYEB91AGI9FL9ek2i_IaQAA\"]},{\"@type\":\"Person\",\"@id\":\"https:\\\/\\\/infocul.pt\\\/arquivo\\\/#\\\/schema\\\/person\\\/f243f45ae8d67639120a7586884f3abc\",\"name\":\"Redac\u00e7\u00e3o\",\"image\":{\"@type\":\"ImageObject\",\"inLanguage\":\"pt-PT\",\"@id\":\"https:\\\/\\\/secure.gravatar.com\\\/avatar\\\/151b1b76c598ab5e749407223bd6c1bad4e41c4e95de3c3df83540ebee2deaf8?s=96&d=mm&r=g\",\"url\":\"https:\\\/\\\/secure.gravatar.com\\\/avatar\\\/151b1b76c598ab5e749407223bd6c1bad4e41c4e95de3c3df83540ebee2deaf8?s=96&d=mm&r=g\",\"contentUrl\":\"https:\\\/\\\/secure.gravatar.com\\\/avatar\\\/151b1b76c598ab5e749407223bd6c1bad4e41c4e95de3c3df83540ebee2deaf8?s=96&d=mm&r=g\",\"caption\":\"Redac\u00e7\u00e3o\"}}]}<\/script>\n<!-- \/ Yoast SEO plugin. -->","yoast_head_json":{"title":"Coronav\u00edrus: Elefante Branco encerra por tempo indeterminado | Infocul.pt - Arquivo Digital","description":"Coronav\u00edrus: Elefante Branco encerra por tempo indeterminado | Infocul.pt - Arquivo Digital","robots":{"index":"noindex","follow":"follow","max-snippet":"max-snippet:-1","max-image-preview":"max-image-preview:large","max-video-preview":"max-video-preview:-1"},"og_locale":"pt_PT","og_type":"article","og_title":"Coronav\u00edrus: Elefante Branco encerra por tempo indeterminado | Infocul.pt - Arquivo Digital","og_description":"Coronav\u00edrus: Elefante Branco encerra por tempo indeterminado | Infocul.pt - Arquivo Digital","og_url":"https:\/\/infocul.pt\/arquivo\/actualidade\/coronavirus-elefante-branco-encerra-por-tempo-indeterminado\/","og_site_name":"Infocul.pt - Arquivo Digital","article_publisher":"https:\/\/www.facebook.com\/Infocul-147816815585015\/","article_published_time":"2020-03-13T09:19:15+00:00","og_image":[{"width":958,"height":640,"url":"https:\/\/infocul.pt\/arquivo\/wp-content\/uploads\/2020\/03\/50584710_737906716591965_6602748512285229056_o.jpg","type":"image\/jpeg"}],"author":"Redac\u00e7\u00e3o","twitter_card":"summary_large_image","twitter_creator":"@Infoculpt","twitter_site":"@Infoculpt","twitter_misc":{"Escrito por":"Redac\u00e7\u00e3o","Tempo estimado de leitura":"1 minuto"},"schema":{"@context":"https:\/\/schema.org","@graph":[{"@type":"Article","@id":"https:\/\/infocul.pt\/arquivo\/actualidade\/coronavirus-elefante-branco-encerra-por-tempo-indeterminado\/#article","isPartOf":{"@id":"https:\/\/infocul.pt\/arquivo\/actualidade\/coronavirus-elefante-branco-encerra-por-tempo-indeterminado\/"},"author":{"name":"Redac\u00e7\u00e3o","@id":"https:\/\/infocul.pt\/arquivo\/#\/schema\/person\/f243f45ae8d67639120a7586884f3abc"},"headline":"Coronav\u00edrus: Elefante Branco encerra por tempo indeterminado","datePublished":"2020-03-13T09:19:15+00:00","mainEntityOfPage":{"@id":"https:\/\/infocul.pt\/arquivo\/actualidade\/coronavirus-elefante-branco-encerra-por-tempo-indeterminado\/"},"wordCount":145,"commentCount":0,"publisher":{"@id":"https:\/\/infocul.pt\/arquivo\/#organization"},"image":{"@id":"https:\/\/infocul.pt\/arquivo\/actualidade\/coronavirus-elefante-branco-encerra-por-tempo-indeterminado\/#primaryimage"},"thumbnailUrl":"https:\/\/infocul.pt\/arquivo\/wp-content\/uploads\/2020\/03\/50584710_737906716591965_6602748512285229056_o.jpg","keywords":["Coronav\u00edrus","Covid-19","Elefante Branco","Lisboa"],"articleSection":["Actualidade","Pa\u00eds","Social &amp; LifeStyle"],"inLanguage":"pt-PT"},{"@type":"WebPage","@id":"https:\/\/infocul.pt\/arquivo\/actualidade\/coronavirus-elefante-branco-encerra-por-tempo-indeterminado\/","url":"https:\/\/infocul.pt\/arquivo\/actualidade\/coronavirus-elefante-branco-encerra-por-tempo-indeterminado\/","name":"Coronav\u00edrus: Elefante Branco encerra por tempo indeterminado | Infocul.pt - Arquivo Digital","isPartOf":{"@id":"https:\/\/infocul.pt\/arquivo\/#website"},"primaryImageOfPage":{"@id":"https:\/\/infocul.pt\/arquivo\/actualidade\/coronavirus-elefante-branco-encerra-por-tempo-indeterminado\/#primaryimage"},"image":{"@id":"https:\/\/infocul.pt\/arquivo\/actualidade\/coronavirus-elefante-branco-encerra-por-tempo-indeterminado\/#primaryimage"},"thumbnailUrl":"https:\/\/infocul.pt\/arquivo\/wp-content\/uploads\/2020\/03\/50584710_737906716591965_6602748512285229056_o.jpg","datePublished":"2020-03-13T09:19:15+00:00","description":"Coronav\u00edrus: Elefante Branco encerra por tempo indeterminado | Infocul.pt - Arquivo Digital","breadcrumb":{"@id":"https:\/\/infocul.pt\/arquivo\/actualidade\/coronavirus-elefante-branco-encerra-por-tempo-indeterminado\/#breadcrumb"},"inLanguage":"pt-PT","potentialAction":[{"@type":"ReadAction","target":["https:\/\/infocul.pt\/arquivo\/actualidade\/coronavirus-elefante-branco-encerra-por-tempo-indeterminado\/"]}]},{"@type":"ImageObject","inLanguage":"pt-PT","@id":"https:\/\/infocul.pt\/arquivo\/actualidade\/coronavirus-elefante-branco-encerra-por-tempo-indeterminado\/#primaryimage","url":"https:\/\/infocul.pt\/arquivo\/wp-content\/uploads\/2020\/03\/50584710_737906716591965_6602748512285229056_o.jpg","contentUrl":"https:\/\/infocul.pt\/arquivo\/wp-content\/uploads\/2020\/03\/50584710_737906716591965_6602748512285229056_o.jpg","width":958,"height":640},{"@type":"BreadcrumbList","@id":"https:\/\/infocul.pt\/arquivo\/actualidade\/coronavirus-elefante-branco-encerra-por-tempo-indeterminado\/#breadcrumb","itemListElement":[{"@type":"ListItem","position":1,"name":"Home","item":"https:\/\/infocul.pt\/arquivo\/"},{"@type":"ListItem","position":2,"name":"Coronav\u00edrus: Elefante Branco encerra por tempo indeterminado"}]},{"@type":"WebSite","@id":"https:\/\/infocul.pt\/arquivo\/#website","url":"https:\/\/infocul.pt\/arquivo\/","name":"Infocul.pt - Arquivo Digital","description":"Arquivo digital da Infocul.pt","publisher":{"@id":"https:\/\/infocul.pt\/arquivo\/#organization"},"potentialAction":[{"@type":"SearchAction","target":{"@type":"EntryPoint","urlTemplate":"https:\/\/infocul.pt\/arquivo\/?s={search_term_string}"},"query-input":{"@type":"PropertyValueSpecification","valueRequired":true,"valueName":"search_term_string"}}],"inLanguage":"pt-PT"},{"@type":"Organization","@id":"https:\/\/infocul.pt\/arquivo\/#organization","name":"Infocul.pt","url":"https:\/\/infocul.pt\/arquivo\/","logo":{"@type":"ImageObject","inLanguage":"pt-PT","@id":"https:\/\/infocul.pt\/arquivo\/#\/schema\/logo\/image\/","url":"https:\/\/infocul.pt\/arquivo\/wp-content\/uploads\/2018\/12\/Infocul_logo-1.png","contentUrl":"https:\/\/infocul.pt\/arquivo\/wp-content\/uploads\/2018\/12\/Infocul_logo-1.png","width":800,"height":800,"caption":"Infocul.pt"},"image":{"@id":"https:\/\/infocul.pt\/arquivo\/#\/schema\/logo\/image\/"},"sameAs":["https:\/\/www.facebook.com\/Infocul-147816815585015\/","https:\/\/x.com\/Infoculpt","http:\/\/www.pictaram.com\/user\/infocul.pt\/2370423710","https:\/\/www.youtube.com\/channel\/UCYEB91AGI9FL9ek2i_IaQAA"]},{"@type":"Person","@id":"https:\/\/infocul.pt\/arquivo\/#\/schema\/person\/f243f45ae8d67639120a7586884f3abc","name":"Redac\u00e7\u00e3o","image":{"@type":"ImageObject","inLanguage":"pt-PT","@id":"https:\/\/secure.gravatar.com\/avatar\/151b1b76c598ab5e749407223bd6c1bad4e41c4e95de3c3df83540ebee2deaf8?s=96&d=mm&r=g","url":"https:\/\/secure.gravatar.com\/avatar\/151b1b76c598ab5e749407223bd6c1bad4e41c4e95de3c3df83540ebee2deaf8?s=96&d=mm&r=g","contentUrl":"https:\/\/secure.gravatar.com\/avatar\/151b1b76c598ab5e749407223bd6c1bad4e41c4e95de3c3df83540ebee2deaf8?s=96&d=mm&r=g","caption":"Redac\u00e7\u00e3o"}}]}},"_links":{"self":[{"href":"https:\/\/infocul.pt\/arquivo\/wp-json\/wp\/v2\/posts\/68027","targetHints":{"allow":["GET"]}}],"collection":[{"href":"https:\/\/infocul.pt\/arquivo\/wp-json\/wp\/v2\/posts"}],"about":[{"href":"https:\/\/infocul.pt\/arquivo\/wp-json\/wp\/v2\/types\/post"}],"author":[{"embeddable":true,"href":"https:\/\/infocul.pt\/arquivo\/wp-json\/wp\/v2\/users\/13"}],"replies":[{"embeddable":true,"href":"https:\/\/infocul.pt\/arquivo\/wp-json\/wp\/v2\/comments?post=68027"}],"version-history":[{"count":0,"href":"https:\/\/infocul.pt\/arquivo\/wp-json\/wp\/v2\/posts\/68027\/revisions"}],"wp:featuredmedia":[{"embeddable":true,"href":"https:\/\/infocul.pt\/arquivo\/wp-json\/wp\/v2\/media\/68028"}],"wp:attachment":[{"href":"https:\/\/infocul.pt\/arquivo\/wp-json\/wp\/v2\/media?parent=68027"}],"wp:term":[{"taxonomy":"category","embeddable":true,"href":"https:\/\/infocul.pt\/arquivo\/wp-json\/wp\/v2\/categories?post=68027"},{"taxonomy":"post_tag","embeddable":true,"href":"https:\/\/infocul.pt\/arquivo\/wp-json\/wp\/v2\/tags?post=68027"}],"curies":[{"name":"wp","href":"https:\/\/api.w.org\/{rel}","templated":true}]}}