{"id":6818,"date":"2016-04-25T22:00:49","date_gmt":"2016-04-25T22:00:49","guid":{"rendered":"http:\/\/infocul.pt\/?p=6818"},"modified":"2016-04-26T10:23:54","modified_gmt":"2016-04-26T10:23:54","slug":"joao-arrais-sera-rafael-da-paz-em-rainha-das-flores","status":"publish","type":"post","link":"https:\/\/infocul.pt\/arquivo\/actualidade\/joao-arrais-sera-rafael-da-paz-em-rainha-das-flores\/","title":{"rendered":"Jo\u00e3o Arrais ser\u00e1 Rafael da Paz em Rainha das Flores"},"content":{"rendered":"<p>\t<img decoding=\"async\" width=\"620\" height=\"413\" class=\"so-widget-image lazyload\" style=\"--smush-placeholder-width: 620px; --smush-placeholder-aspect-ratio: 620\/413;height: auto; display: block; max-width: 100%;\" data-src=\"http:\/\/infocul.pt\/wp-content\/uploads\/2016\/04\/Jo\u00e3o-Arrais.jpg\" src=\"data:image\/svg+xml;base64,PHN2ZyB3aWR0aD0iMSIgaGVpZ2h0PSIxIiB4bWxucz0iaHR0cDovL3d3dy53My5vcmcvMjAwMC9zdmciPjwvc3ZnPg==\"><\/p>\n<p><strong>Na novela &#8220;Rainha das Flores&#8221;, Jo\u00e3o Arrais ser\u00e1 Rafael da Paz, mais conhecido por Rafa. \u00c9 origin\u00e1rio de uma fam\u00edlia pobre e ser\u00e1 filho de Mois\u00e9s da Paz, interpretado por Jo\u00e3o Ricardo, e Maria da Paz, interpretada por Maria D&#8217;Aires.<\/strong><\/p>\n<p><span style=\"color: rgb(0, 0, 0); font-family: Calibri;\">&#8220;A<strong> minha personagem \u00e9 o Rafa. \u00c9 um mi\u00fado que tem o sonho de ser artista mas n\u00e3o \u00e9 nada f\u00e1cil pois os pais querem que ele estude mas \u00e9 uma coisa que ele n\u00e3o quer. O sonho dele \u00e9 seguir o desenho e a arte. \u00c9 uma personagem que vai ter alguns confrontos por causa disso. \u00c9 uma personagem que quer ser um artista, reconhecido ou n\u00e3o, mas quer fazer aquilo que de gosta<\/strong>&#8220;, conta Jo\u00e3o Arrais que fala sobre a personagem que marca a sua volta \u00e0 fic\u00e7\u00e3o da SIC depois de &#8220;Mar Salgado&#8221;. <\/span><\/p>\n<p><span style=\"color: rgb(0, 0, 0); font-family: Calibri;\">&nbsp;<\/span><\/p>\n<p><span style=\"color: rgb(0, 0, 0); font-family: Calibri;\">&nbsp;<\/span><\/p>\n<p><span style=\"color: rgb(0, 0, 0); font-family: Calibri;\">O jovem Rafael tem um objectivo bem definido, que \u00e9 transformar-se num artista pl\u00e1stico reconhecido, como o Vhils. Vai sofrer com a rejei\u00e7\u00e3o ao trabalho dele, principalmente pela parte do pai. Vai sentir-se desesperado com toda a situa\u00e7\u00e3o e pensa em por termo \u00e0 pr\u00f3pria vida. Mas como ser\u00e1 a rela\u00e7\u00e3o do jovem actor com o mundo das artes? <\/span><\/p>\n<p><span style=\"color: rgb(0, 0, 0); font-family: Calibri;\">&nbsp;<\/span><\/p>\n<p><span style=\"color: rgb(0, 0, 0); font-family: Calibri;\">&nbsp;<\/span><\/p>\n<p><span style=\"color: rgb(0, 0, 0); font-family: Calibri;\">&#8220;<strong>N\u00e3o sou a melhor pessoa a pintar ou a desenhar, \u00e9 verdade. Mas tanto eu como o Lu\u00eds Marv\u00e3o, vai ser outra personagem que vai estar comigo e me vai incentivar a desenhar, estivemos com alguns artistas pl\u00e1sticos e pessoas que fazem graffitis. Estivemos a estudar bastante. Estivemos a ver a maneira de eles serem e estarem. Foi um trabalho de campo<\/strong>&#8220;, diz. <\/span><\/p>\n<p><span style=\"color: rgb(0, 0, 0); font-family: Calibri;\">&nbsp;<\/span><\/p>\n<p><span style=\"color: rgb(0, 0, 0); font-family: Calibri;\">&nbsp;<\/span><\/p>\n<p><span style=\"color: rgb(0, 0, 0); font-family: Calibri;\">Rafa vai poder contar com o apoio das pessoas que gostam das t-shirts que faz. O Bruno (Lu\u00eds Garcia) ser\u00e1 o seu grande amigo, e vai poder contar com a m\u00e3e e a professora Rute ( Cristina Homem de Mello). Vai ser umas das personagens a frequentar as consultas do doutor Fialho ( Ant\u00f3nio Fonseca). O jovem actor est\u00e1 inserido num n\u00facleo repleto de conceituados actores. <\/span><\/p>\n<p><span style=\"color: rgb(0, 0, 0); font-family: Calibri;\">&nbsp;<\/span><\/p>\n<p><span style=\"color: rgb(0, 0, 0); font-family: Calibri;\">&nbsp;<\/span><\/p>\n<p><span style=\"color: rgb(0, 0, 0); font-family: Calibri;\">&#8220;<strong>Eles t\u00eam sido incr\u00edveis. A equipa tem sido incr\u00edvel e o ambiente \u00e9 fenomenal. Em t\u00e3o pouco tempo temos, todos, dado muito bem. Tenho trabalhado com pessoas com as quais nunca tinha trabalhado nem conhecia, mas tem havido uma liga\u00e7\u00e3o incr\u00edvel. Tem sido muito bom ir trabalhar com aquele esp\u00edrito<\/strong>&#8220;, \u00e9 desta forma como Jo\u00e3o Arrais fala sobre a equipa com a qual tem estado a trabalhar. <\/span><\/p>\n<p><span style=\"color: rgb(0, 0, 0); font-family: Calibri;\">&nbsp;<\/span><\/p>\n<p><span style=\"color: rgb(0, 0, 0); font-family: Calibri;\">&nbsp;<\/span><\/p>\n<p><span style=\"color: rgb(0, 0, 0); font-family: Calibri;\">Ali\u00e1s, o actor refere que a equipa \u00e9 o ponto forte da novela: &#8220;<strong>Eu acho que \u00e9 a equipa num todo. N\u00e3o \u00e9 poss\u00edvel dizer que uma coisa \u00e9 melhor que a outra pois para a coisa resultar a equipa tem que estar toda com a cabe\u00e7a num \u00fanico objectivo que \u00e9 ser a melhor novela de sempre. N\u00e3o posso dizer que \u00e9 s\u00f3 uma coisa ou a outra. \u00c9 a equipa toda. S\u00e3o todas as pessoas desde o guarda-roupa, texto ou actores. Todos n\u00f3s estamos a dar o nosso melhor. A equipa \u00e9 o melhor da novela<\/strong>&#8220;. <\/span><\/p>\n<p><span style=\"color: rgb(0, 0, 0); font-family: Calibri;\">&nbsp;<\/span><\/p>\n<p><span style=\"color: rgb(0, 0, 0); font-family: Calibri;\">&nbsp;<\/span><\/p>\n<p><span style=\"color: rgb(0, 0, 0); font-family: Calibri;\">&#8220;Rainha das Flores&#8221; estreia, para o lugar de Poderosas, a 9 de Maio, na SIC.<\/span><\/p>\n<p>&nbsp;<\/p>\n","protected":false},"excerpt":{"rendered":"<p>Na novela &#8220;Rainha das Flores&#8221;, Jo\u00e3o Arrais ser\u00e1 Rafael da Paz, mais conhecido por Rafa. \u00c9 origin\u00e1rio de uma fam\u00edlia pobre e ser\u00e1 filho de Mois\u00e9s da Paz, interpretado por Jo\u00e3o Ricardo, e Maria da Paz, interpretada por Maria D&#8217;Aires. &#8220;A minha personagem \u00e9 o Rafa. \u00c9 um mi\u00fado que tem o sonho de ser [&hellip;]<\/p>\n","protected":false},"author":13,"featured_media":6819,"comment_status":"open","ping_status":"closed","sticky":false,"template":"","format":"standard","meta":{"footnotes":""},"categories":[10,14],"tags":[1178,838,534],"class_list":["post-6818","post","type-post","status-publish","format-standard","has-post-thumbnail","hentry","category-actualidade","category-televisao","tag-joao-arrais","tag-rainha-das-flores","tag-sic"],"yoast_head":"<!-- This site is optimized with the Yoast SEO plugin v27.4 - https:\/\/yoast.com\/product\/yoast-seo-wordpress\/ -->\n<title>Jo\u00e3o Arrais ser\u00e1 Rafael da Paz em Rainha das Flores | Infocul.pt - Arquivo Digital<\/title>\n<meta name=\"description\" content=\"Jo\u00e3o Arrais ser\u00e1 Rafael da Paz em Rainha das Flores | Infocul.pt - Arquivo Digital\" \/>\n<meta name=\"robots\" content=\"noindex, follow, max-snippet:-1, max-image-preview:large, max-video-preview:-1\" \/>\n<meta property=\"og:locale\" content=\"pt_PT\" \/>\n<meta property=\"og:type\" content=\"article\" \/>\n<meta property=\"og:title\" content=\"Jo\u00e3o Arrais ser\u00e1 Rafael da Paz em Rainha das Flores | Infocul.pt - Arquivo Digital\" \/>\n<meta property=\"og:description\" content=\"Jo\u00e3o Arrais ser\u00e1 Rafael da Paz em Rainha das Flores | Infocul.pt - Arquivo Digital\" \/>\n<meta property=\"og:url\" content=\"https:\/\/infocul.pt\/arquivo\/actualidade\/joao-arrais-sera-rafael-da-paz-em-rainha-das-flores\/\" \/>\n<meta property=\"og:site_name\" content=\"Infocul.pt - Arquivo Digital\" \/>\n<meta property=\"article:publisher\" content=\"https:\/\/www.facebook.com\/Infocul-147816815585015\/\" \/>\n<meta property=\"article:published_time\" content=\"2016-04-25T22:00:49+00:00\" \/>\n<meta property=\"article:modified_time\" content=\"2016-04-26T10:23:54+00:00\" \/>\n<meta property=\"og:image\" content=\"https:\/\/infocul.pt\/arquivo\/wp-content\/uploads\/2016\/04\/Jo\u00e3o-Arrais.jpg\" \/>\n\t<meta property=\"og:image:width\" content=\"620\" \/>\n\t<meta property=\"og:image:height\" content=\"413\" \/>\n\t<meta property=\"og:image:type\" content=\"image\/jpeg\" \/>\n<meta name=\"author\" content=\"Redac\u00e7\u00e3o\" \/>\n<meta name=\"twitter:card\" content=\"summary_large_image\" \/>\n<meta name=\"twitter:creator\" content=\"@Infoculpt\" \/>\n<meta name=\"twitter:site\" content=\"@Infoculpt\" \/>\n<meta name=\"twitter:label1\" content=\"Escrito por\" \/>\n\t<meta name=\"twitter:data1\" content=\"Redac\u00e7\u00e3o\" \/>\n\t<meta name=\"twitter:label2\" content=\"Tempo estimado de leitura\" \/>\n\t<meta name=\"twitter:data2\" content=\"3 minutos\" \/>\n<script type=\"application\/ld+json\" class=\"yoast-schema-graph\">{\"@context\":\"https:\\\/\\\/schema.org\",\"@graph\":[{\"@type\":\"Article\",\"@id\":\"https:\\\/\\\/infocul.pt\\\/arquivo\\\/actualidade\\\/joao-arrais-sera-rafael-da-paz-em-rainha-das-flores\\\/#article\",\"isPartOf\":{\"@id\":\"https:\\\/\\\/infocul.pt\\\/arquivo\\\/actualidade\\\/joao-arrais-sera-rafael-da-paz-em-rainha-das-flores\\\/\"},\"author\":{\"name\":\"Redac\u00e7\u00e3o\",\"@id\":\"https:\\\/\\\/infocul.pt\\\/arquivo\\\/#\\\/schema\\\/person\\\/f243f45ae8d67639120a7586884f3abc\"},\"headline\":\"Jo\u00e3o Arrais ser\u00e1 Rafael da Paz em Rainha das Flores\",\"datePublished\":\"2016-04-25T22:00:49+00:00\",\"dateModified\":\"2016-04-26T10:23:54+00:00\",\"mainEntityOfPage\":{\"@id\":\"https:\\\/\\\/infocul.pt\\\/arquivo\\\/actualidade\\\/joao-arrais-sera-rafael-da-paz-em-rainha-das-flores\\\/\"},\"wordCount\":544,\"commentCount\":0,\"publisher\":{\"@id\":\"https:\\\/\\\/infocul.pt\\\/arquivo\\\/#organization\"},\"image\":{\"@id\":\"https:\\\/\\\/infocul.pt\\\/arquivo\\\/actualidade\\\/joao-arrais-sera-rafael-da-paz-em-rainha-das-flores\\\/#primaryimage\"},\"thumbnailUrl\":\"https:\\\/\\\/infocul.pt\\\/arquivo\\\/wp-content\\\/uploads\\\/2016\\\/04\\\/Jo\u00e3o-Arrais.jpg\",\"keywords\":[\"Jo\u00e3o Arrais\",\"Rainha das Flores\",\"SIC\"],\"articleSection\":[\"Actualidade\",\"Televis\u00e3o\"],\"inLanguage\":\"pt-PT\"},{\"@type\":\"WebPage\",\"@id\":\"https:\\\/\\\/infocul.pt\\\/arquivo\\\/actualidade\\\/joao-arrais-sera-rafael-da-paz-em-rainha-das-flores\\\/\",\"url\":\"https:\\\/\\\/infocul.pt\\\/arquivo\\\/actualidade\\\/joao-arrais-sera-rafael-da-paz-em-rainha-das-flores\\\/\",\"name\":\"Jo\u00e3o Arrais ser\u00e1 Rafael da Paz em Rainha das Flores | Infocul.pt - Arquivo Digital\",\"isPartOf\":{\"@id\":\"https:\\\/\\\/infocul.pt\\\/arquivo\\\/#website\"},\"primaryImageOfPage\":{\"@id\":\"https:\\\/\\\/infocul.pt\\\/arquivo\\\/actualidade\\\/joao-arrais-sera-rafael-da-paz-em-rainha-das-flores\\\/#primaryimage\"},\"image\":{\"@id\":\"https:\\\/\\\/infocul.pt\\\/arquivo\\\/actualidade\\\/joao-arrais-sera-rafael-da-paz-em-rainha-das-flores\\\/#primaryimage\"},\"thumbnailUrl\":\"https:\\\/\\\/infocul.pt\\\/arquivo\\\/wp-content\\\/uploads\\\/2016\\\/04\\\/Jo\u00e3o-Arrais.jpg\",\"datePublished\":\"2016-04-25T22:00:49+00:00\",\"dateModified\":\"2016-04-26T10:23:54+00:00\",\"description\":\"Jo\u00e3o Arrais ser\u00e1 Rafael da Paz em Rainha das Flores | Infocul.pt - Arquivo Digital\",\"breadcrumb\":{\"@id\":\"https:\\\/\\\/infocul.pt\\\/arquivo\\\/actualidade\\\/joao-arrais-sera-rafael-da-paz-em-rainha-das-flores\\\/#breadcrumb\"},\"inLanguage\":\"pt-PT\",\"potentialAction\":[{\"@type\":\"ReadAction\",\"target\":[\"https:\\\/\\\/infocul.pt\\\/arquivo\\\/actualidade\\\/joao-arrais-sera-rafael-da-paz-em-rainha-das-flores\\\/\"]}]},{\"@type\":\"ImageObject\",\"inLanguage\":\"pt-PT\",\"@id\":\"https:\\\/\\\/infocul.pt\\\/arquivo\\\/actualidade\\\/joao-arrais-sera-rafael-da-paz-em-rainha-das-flores\\\/#primaryimage\",\"url\":\"https:\\\/\\\/infocul.pt\\\/arquivo\\\/wp-content\\\/uploads\\\/2016\\\/04\\\/Jo\u00e3o-Arrais.jpg\",\"contentUrl\":\"https:\\\/\\\/infocul.pt\\\/arquivo\\\/wp-content\\\/uploads\\\/2016\\\/04\\\/Jo\u00e3o-Arrais.jpg\",\"width\":620,\"height\":413},{\"@type\":\"BreadcrumbList\",\"@id\":\"https:\\\/\\\/infocul.pt\\\/arquivo\\\/actualidade\\\/joao-arrais-sera-rafael-da-paz-em-rainha-das-flores\\\/#breadcrumb\",\"itemListElement\":[{\"@type\":\"ListItem\",\"position\":1,\"name\":\"Home\",\"item\":\"https:\\\/\\\/infocul.pt\\\/arquivo\\\/\"},{\"@type\":\"ListItem\",\"position\":2,\"name\":\"Jo\u00e3o Arrais ser\u00e1 Rafael da Paz em Rainha das Flores\"}]},{\"@type\":\"WebSite\",\"@id\":\"https:\\\/\\\/infocul.pt\\\/arquivo\\\/#website\",\"url\":\"https:\\\/\\\/infocul.pt\\\/arquivo\\\/\",\"name\":\"Infocul.pt - Arquivo Digital\",\"description\":\"Arquivo digital da Infocul.pt\",\"publisher\":{\"@id\":\"https:\\\/\\\/infocul.pt\\\/arquivo\\\/#organization\"},\"potentialAction\":[{\"@type\":\"SearchAction\",\"target\":{\"@type\":\"EntryPoint\",\"urlTemplate\":\"https:\\\/\\\/infocul.pt\\\/arquivo\\\/?s={search_term_string}\"},\"query-input\":{\"@type\":\"PropertyValueSpecification\",\"valueRequired\":true,\"valueName\":\"search_term_string\"}}],\"inLanguage\":\"pt-PT\"},{\"@type\":\"Organization\",\"@id\":\"https:\\\/\\\/infocul.pt\\\/arquivo\\\/#organization\",\"name\":\"Infocul.pt\",\"url\":\"https:\\\/\\\/infocul.pt\\\/arquivo\\\/\",\"logo\":{\"@type\":\"ImageObject\",\"inLanguage\":\"pt-PT\",\"@id\":\"https:\\\/\\\/infocul.pt\\\/arquivo\\\/#\\\/schema\\\/logo\\\/image\\\/\",\"url\":\"https:\\\/\\\/infocul.pt\\\/arquivo\\\/wp-content\\\/uploads\\\/2018\\\/12\\\/Infocul_logo-1.png\",\"contentUrl\":\"https:\\\/\\\/infocul.pt\\\/arquivo\\\/wp-content\\\/uploads\\\/2018\\\/12\\\/Infocul_logo-1.png\",\"width\":800,\"height\":800,\"caption\":\"Infocul.pt\"},\"image\":{\"@id\":\"https:\\\/\\\/infocul.pt\\\/arquivo\\\/#\\\/schema\\\/logo\\\/image\\\/\"},\"sameAs\":[\"https:\\\/\\\/www.facebook.com\\\/Infocul-147816815585015\\\/\",\"https:\\\/\\\/x.com\\\/Infoculpt\",\"http:\\\/\\\/www.pictaram.com\\\/user\\\/infocul.pt\\\/2370423710\",\"https:\\\/\\\/www.youtube.com\\\/channel\\\/UCYEB91AGI9FL9ek2i_IaQAA\"]},{\"@type\":\"Person\",\"@id\":\"https:\\\/\\\/infocul.pt\\\/arquivo\\\/#\\\/schema\\\/person\\\/f243f45ae8d67639120a7586884f3abc\",\"name\":\"Redac\u00e7\u00e3o\",\"image\":{\"@type\":\"ImageObject\",\"inLanguage\":\"pt-PT\",\"@id\":\"https:\\\/\\\/secure.gravatar.com\\\/avatar\\\/151b1b76c598ab5e749407223bd6c1bad4e41c4e95de3c3df83540ebee2deaf8?s=96&d=mm&r=g\",\"url\":\"https:\\\/\\\/secure.gravatar.com\\\/avatar\\\/151b1b76c598ab5e749407223bd6c1bad4e41c4e95de3c3df83540ebee2deaf8?s=96&d=mm&r=g\",\"contentUrl\":\"https:\\\/\\\/secure.gravatar.com\\\/avatar\\\/151b1b76c598ab5e749407223bd6c1bad4e41c4e95de3c3df83540ebee2deaf8?s=96&d=mm&r=g\",\"caption\":\"Redac\u00e7\u00e3o\"}}]}<\/script>\n<!-- \/ Yoast SEO plugin. -->","yoast_head_json":{"title":"Jo\u00e3o Arrais ser\u00e1 Rafael da Paz em Rainha das Flores | Infocul.pt - Arquivo Digital","description":"Jo\u00e3o Arrais ser\u00e1 Rafael da Paz em Rainha das Flores | Infocul.pt - Arquivo Digital","robots":{"index":"noindex","follow":"follow","max-snippet":"max-snippet:-1","max-image-preview":"max-image-preview:large","max-video-preview":"max-video-preview:-1"},"og_locale":"pt_PT","og_type":"article","og_title":"Jo\u00e3o Arrais ser\u00e1 Rafael da Paz em Rainha das Flores | Infocul.pt - Arquivo Digital","og_description":"Jo\u00e3o Arrais ser\u00e1 Rafael da Paz em Rainha das Flores | Infocul.pt - Arquivo Digital","og_url":"https:\/\/infocul.pt\/arquivo\/actualidade\/joao-arrais-sera-rafael-da-paz-em-rainha-das-flores\/","og_site_name":"Infocul.pt - Arquivo Digital","article_publisher":"https:\/\/www.facebook.com\/Infocul-147816815585015\/","article_published_time":"2016-04-25T22:00:49+00:00","article_modified_time":"2016-04-26T10:23:54+00:00","og_image":[{"width":620,"height":413,"url":"https:\/\/infocul.pt\/arquivo\/wp-content\/uploads\/2016\/04\/Jo\u00e3o-Arrais.jpg","type":"image\/jpeg"}],"author":"Redac\u00e7\u00e3o","twitter_card":"summary_large_image","twitter_creator":"@Infoculpt","twitter_site":"@Infoculpt","twitter_misc":{"Escrito por":"Redac\u00e7\u00e3o","Tempo estimado de leitura":"3 minutos"},"schema":{"@context":"https:\/\/schema.org","@graph":[{"@type":"Article","@id":"https:\/\/infocul.pt\/arquivo\/actualidade\/joao-arrais-sera-rafael-da-paz-em-rainha-das-flores\/#article","isPartOf":{"@id":"https:\/\/infocul.pt\/arquivo\/actualidade\/joao-arrais-sera-rafael-da-paz-em-rainha-das-flores\/"},"author":{"name":"Redac\u00e7\u00e3o","@id":"https:\/\/infocul.pt\/arquivo\/#\/schema\/person\/f243f45ae8d67639120a7586884f3abc"},"headline":"Jo\u00e3o Arrais ser\u00e1 Rafael da Paz em Rainha das Flores","datePublished":"2016-04-25T22:00:49+00:00","dateModified":"2016-04-26T10:23:54+00:00","mainEntityOfPage":{"@id":"https:\/\/infocul.pt\/arquivo\/actualidade\/joao-arrais-sera-rafael-da-paz-em-rainha-das-flores\/"},"wordCount":544,"commentCount":0,"publisher":{"@id":"https:\/\/infocul.pt\/arquivo\/#organization"},"image":{"@id":"https:\/\/infocul.pt\/arquivo\/actualidade\/joao-arrais-sera-rafael-da-paz-em-rainha-das-flores\/#primaryimage"},"thumbnailUrl":"https:\/\/infocul.pt\/arquivo\/wp-content\/uploads\/2016\/04\/Jo\u00e3o-Arrais.jpg","keywords":["Jo\u00e3o Arrais","Rainha das Flores","SIC"],"articleSection":["Actualidade","Televis\u00e3o"],"inLanguage":"pt-PT"},{"@type":"WebPage","@id":"https:\/\/infocul.pt\/arquivo\/actualidade\/joao-arrais-sera-rafael-da-paz-em-rainha-das-flores\/","url":"https:\/\/infocul.pt\/arquivo\/actualidade\/joao-arrais-sera-rafael-da-paz-em-rainha-das-flores\/","name":"Jo\u00e3o Arrais ser\u00e1 Rafael da Paz em Rainha das Flores | Infocul.pt - Arquivo Digital","isPartOf":{"@id":"https:\/\/infocul.pt\/arquivo\/#website"},"primaryImageOfPage":{"@id":"https:\/\/infocul.pt\/arquivo\/actualidade\/joao-arrais-sera-rafael-da-paz-em-rainha-das-flores\/#primaryimage"},"image":{"@id":"https:\/\/infocul.pt\/arquivo\/actualidade\/joao-arrais-sera-rafael-da-paz-em-rainha-das-flores\/#primaryimage"},"thumbnailUrl":"https:\/\/infocul.pt\/arquivo\/wp-content\/uploads\/2016\/04\/Jo\u00e3o-Arrais.jpg","datePublished":"2016-04-25T22:00:49+00:00","dateModified":"2016-04-26T10:23:54+00:00","description":"Jo\u00e3o Arrais ser\u00e1 Rafael da Paz em Rainha das Flores | Infocul.pt - Arquivo Digital","breadcrumb":{"@id":"https:\/\/infocul.pt\/arquivo\/actualidade\/joao-arrais-sera-rafael-da-paz-em-rainha-das-flores\/#breadcrumb"},"inLanguage":"pt-PT","potentialAction":[{"@type":"ReadAction","target":["https:\/\/infocul.pt\/arquivo\/actualidade\/joao-arrais-sera-rafael-da-paz-em-rainha-das-flores\/"]}]},{"@type":"ImageObject","inLanguage":"pt-PT","@id":"https:\/\/infocul.pt\/arquivo\/actualidade\/joao-arrais-sera-rafael-da-paz-em-rainha-das-flores\/#primaryimage","url":"https:\/\/infocul.pt\/arquivo\/wp-content\/uploads\/2016\/04\/Jo\u00e3o-Arrais.jpg","contentUrl":"https:\/\/infocul.pt\/arquivo\/wp-content\/uploads\/2016\/04\/Jo\u00e3o-Arrais.jpg","width":620,"height":413},{"@type":"BreadcrumbList","@id":"https:\/\/infocul.pt\/arquivo\/actualidade\/joao-arrais-sera-rafael-da-paz-em-rainha-das-flores\/#breadcrumb","itemListElement":[{"@type":"ListItem","position":1,"name":"Home","item":"https:\/\/infocul.pt\/arquivo\/"},{"@type":"ListItem","position":2,"name":"Jo\u00e3o Arrais ser\u00e1 Rafael da Paz em Rainha das Flores"}]},{"@type":"WebSite","@id":"https:\/\/infocul.pt\/arquivo\/#website","url":"https:\/\/infocul.pt\/arquivo\/","name":"Infocul.pt - Arquivo Digital","description":"Arquivo digital da Infocul.pt","publisher":{"@id":"https:\/\/infocul.pt\/arquivo\/#organization"},"potentialAction":[{"@type":"SearchAction","target":{"@type":"EntryPoint","urlTemplate":"https:\/\/infocul.pt\/arquivo\/?s={search_term_string}"},"query-input":{"@type":"PropertyValueSpecification","valueRequired":true,"valueName":"search_term_string"}}],"inLanguage":"pt-PT"},{"@type":"Organization","@id":"https:\/\/infocul.pt\/arquivo\/#organization","name":"Infocul.pt","url":"https:\/\/infocul.pt\/arquivo\/","logo":{"@type":"ImageObject","inLanguage":"pt-PT","@id":"https:\/\/infocul.pt\/arquivo\/#\/schema\/logo\/image\/","url":"https:\/\/infocul.pt\/arquivo\/wp-content\/uploads\/2018\/12\/Infocul_logo-1.png","contentUrl":"https:\/\/infocul.pt\/arquivo\/wp-content\/uploads\/2018\/12\/Infocul_logo-1.png","width":800,"height":800,"caption":"Infocul.pt"},"image":{"@id":"https:\/\/infocul.pt\/arquivo\/#\/schema\/logo\/image\/"},"sameAs":["https:\/\/www.facebook.com\/Infocul-147816815585015\/","https:\/\/x.com\/Infoculpt","http:\/\/www.pictaram.com\/user\/infocul.pt\/2370423710","https:\/\/www.youtube.com\/channel\/UCYEB91AGI9FL9ek2i_IaQAA"]},{"@type":"Person","@id":"https:\/\/infocul.pt\/arquivo\/#\/schema\/person\/f243f45ae8d67639120a7586884f3abc","name":"Redac\u00e7\u00e3o","image":{"@type":"ImageObject","inLanguage":"pt-PT","@id":"https:\/\/secure.gravatar.com\/avatar\/151b1b76c598ab5e749407223bd6c1bad4e41c4e95de3c3df83540ebee2deaf8?s=96&d=mm&r=g","url":"https:\/\/secure.gravatar.com\/avatar\/151b1b76c598ab5e749407223bd6c1bad4e41c4e95de3c3df83540ebee2deaf8?s=96&d=mm&r=g","contentUrl":"https:\/\/secure.gravatar.com\/avatar\/151b1b76c598ab5e749407223bd6c1bad4e41c4e95de3c3df83540ebee2deaf8?s=96&d=mm&r=g","caption":"Redac\u00e7\u00e3o"}}]}},"_links":{"self":[{"href":"https:\/\/infocul.pt\/arquivo\/wp-json\/wp\/v2\/posts\/6818","targetHints":{"allow":["GET"]}}],"collection":[{"href":"https:\/\/infocul.pt\/arquivo\/wp-json\/wp\/v2\/posts"}],"about":[{"href":"https:\/\/infocul.pt\/arquivo\/wp-json\/wp\/v2\/types\/post"}],"author":[{"embeddable":true,"href":"https:\/\/infocul.pt\/arquivo\/wp-json\/wp\/v2\/users\/13"}],"replies":[{"embeddable":true,"href":"https:\/\/infocul.pt\/arquivo\/wp-json\/wp\/v2\/comments?post=6818"}],"version-history":[{"count":0,"href":"https:\/\/infocul.pt\/arquivo\/wp-json\/wp\/v2\/posts\/6818\/revisions"}],"wp:featuredmedia":[{"embeddable":true,"href":"https:\/\/infocul.pt\/arquivo\/wp-json\/wp\/v2\/media\/6819"}],"wp:attachment":[{"href":"https:\/\/infocul.pt\/arquivo\/wp-json\/wp\/v2\/media?parent=6818"}],"wp:term":[{"taxonomy":"category","embeddable":true,"href":"https:\/\/infocul.pt\/arquivo\/wp-json\/wp\/v2\/categories?post=6818"},{"taxonomy":"post_tag","embeddable":true,"href":"https:\/\/infocul.pt\/arquivo\/wp-json\/wp\/v2\/tags?post=6818"}],"curies":[{"name":"wp","href":"https:\/\/api.w.org\/{rel}","templated":true}]}}