{"id":68396,"date":"2020-03-18T19:03:36","date_gmt":"2020-03-18T19:03:36","guid":{"rendered":"https:\/\/infocul.pt\/?p=68396"},"modified":"2020-03-18T19:15:59","modified_gmt":"2020-03-18T19:15:59","slug":"e-os-artistas-que-ganhavam-20-30-euros-por-dia","status":"publish","type":"post","link":"https:\/\/infocul.pt\/arquivo\/destaque\/e-os-artistas-que-ganhavam-20-30-euros-por-dia\/","title":{"rendered":"E os Artistas que ganhavam 20\/30 euros por dia?"},"content":{"rendered":"<p><img decoding=\"async\" class=\"aligncenter wp-image-35160 size-full lazyload\" data-src=\"https:\/\/infocul.pt\/arquivo\/wp-content\/uploads\/2017\/12\/opiniao.jpg\" alt=\"\" width=\"660\" height=\"330\" data-srcset=\"https:\/\/infocul.pt\/arquivo\/wp-content\/uploads\/2017\/12\/opiniao.jpg 660w, https:\/\/infocul.pt\/arquivo\/wp-content\/uploads\/2017\/12\/opiniao-300x150.jpg 300w\" data-sizes=\"(max-width: 660px) 100vw, 660px\" src=\"data:image\/svg+xml;base64,PHN2ZyB3aWR0aD0iMSIgaGVpZ2h0PSIxIiB4bWxucz0iaHR0cDovL3d3dy53My5vcmcvMjAwMC9zdmciPjwvc3ZnPg==\" style=\"--smush-placeholder-width: 660px; --smush-placeholder-aspect-ratio: 660\/330;\" \/><\/p>\n<p><span style=\"font-family: Liberation Serif, serif;\"><span style=\"font-size: medium;\"><span style=\"color: #333333;\">Hoje, <\/span><span style=\"color: #333333;\">\u00e9 o dia em que foi decretado<\/span><span style=\"color: #333333;\"> o Estado de Emerg\u00eancia, devido \u00e0 pandemia que enfrentamos. <\/span><\/span><\/span><!--more--><\/p>\n<p><span style=\"font-family: Liberation Serif, serif;\"><span style=\"font-size: medium;\"><span style=\"color: #333333;\">O<\/span><span style=\"color: #333333;\"> Infocul ficou sem qualquer rendimento <\/span><span style=\"color: #333333;\">garantido<\/span><span style=\"color: #333333;\">, a curto <\/span><span style=\"color: #333333;\">e m\u00e9dio<\/span><span style=\"color: #333333;\"> prazo. Toda a publicidade que estava acordada foi (obviamente) cancelada, devido ao cancelamento do eventos que seriam promovidos. Mas continuaremos aqui, a informar e a ter opini\u00e3o. Mas separando a not\u00edcia da opini\u00e3o. Este texto \u00e9 apenas a opini\u00e3o do Rui Lavrador, n\u00e3o uma not\u00edcia do Infocul.pt .<\/span><\/span><\/span><\/p>\n<p><span style=\"font-family: Liberation Serif, serif;\"><span style=\"font-size: medium;\"><span style=\"color: #333333;\">O<\/span><span style=\"color: #333333;\"> que me traz aqui \u00e9 a invers\u00e3o de valores que a cultura em Portugal est\u00e1 a revelar, numa situa\u00e7\u00e3o de emerg\u00eancia.<\/span><\/span><\/span><\/p>\n<p><span style=\"font-family: Liberation Serif, serif;\"><span style=\"font-size: medium;\"><span style=\"color: #333333;\">No sector da m\u00fasica, passaram ao esquecimento os m\u00fasicos que ganhavam 20\/30 euros por noite e em que esse dinheiro era essencial para a sua sobreviv\u00eancia. Destaque para os fadistas (os que actuam na maioria das casas de fado, cujo rendimento \u00e9 muito baixo) e para m\u00fasicos de \u00e1reas como o jazz (quase sem express\u00e3o medi\u00e1tica em Portugal, mas que existem) <\/span><span style=\"color: #333333;\">e a m\u00fasica cl\u00e1ssica.<\/span><\/span><\/span><\/p>\n<p><span style=\"font-family: Liberation Serif, serif;\"><span style=\"font-size: medium;\"><span style=\"color: #333333;\">Posto isto, foi organizado um festival (que decorrer\u00e1 durante mais alguns dias&#8230;) no qual apenas participam artistas das editoras respons\u00e1veis por este \u2018evento\u2019. <\/span><span style=\"color: #333333;\">Nem entrando pela escolha dos artistas, podemos abordar a transmiss\u00e3o atrav\u00e9s, apenas, do Instagram. N\u00e3o seria melhor apostar, tamb\u00e9m, no Facebook? <\/span><\/span><\/span><\/p>\n<p><span style=\"font-family: Liberation Serif, serif;\"><span style=\"font-size: medium;\"><span style=\"color: #333333;\">Ali\u00e1s, houve at\u00e9 v\u00e1rios artistas que fizeram isso (fora do dito evento) e outros que apostarem em passar actua\u00e7\u00f5es antigas (algo tamb\u00e9m v\u00e1lido, obviamente). <\/span><span style=\"color: #333333;\">Artistas sozinhos, e que sozinhos continuar\u00e3o!<\/span><\/span><\/span><\/p>\n<p><span style=\"font-family: Liberation Serif, serif;\"><span style=\"font-size: medium;\"><span style=\"color: #333333;\">Se o objectivo era incentivar a que as pessoas ficassem em casa, bastaria ver que s\u00e3o os idosos quem mais resist\u00eancia t\u00eam demonstrado em cumprir este isolamento social. Logo, transmitir via Instagram (uma rede social que maioria dos idosos n\u00e3o usa ou n\u00e3o sabe como usar) \u00e9 algo que contraria toda a l\u00f3gica.<\/span><\/span><\/span><\/p>\n<p><span style=\"font-family: Liberation Serif, serif;\"><span style=\"font-size: medium;\"><span style=\"color: #333333;\">N\u00e3o est\u00e1 em causa que os maiores artistas (ou mais medi\u00e1ticos como preferirem\u2026) n\u00e3o estejam em dificuldade. Claro que est\u00e3o! Mas os n\u00e3o-medi\u00e1ticos e <\/span><span style=\"color: #333333;\">os que<\/span><span style=\"color: #333333;\"> apenas cantavam em bares ou em espa\u00e7os de restaura\u00e7\u00e3o, est\u00e3o com a<\/span><span style=\"color: #333333;\">s suas necessidades<\/span><span style=\"color: #333333;\"> b\u00e1sica<\/span><span style=\"color: #333333;\">s<\/span><span style=\"color: #333333;\"> em causa. Se o objectivo \u00e9 mesmo dar destaque \u00e0 cultura, ent\u00e3o comecemos por quem menos tem <\/span><span style=\"color: #333333;\">e que mais precisam.<\/span><\/span><\/span><\/p>\n<p><span style=\"font-family: Liberation Serif, serif;\"><span style=\"font-size: medium;\"><span style=\"color: #333333;\">Mais, usem estes artistas para fazerem a mensagem chegar aos idosos. Muitos dos fadistas mais velhos t\u00eam influ\u00eancia no seu bairro, na sua cidade. V\u00e1rios artistas, destes, a agirem em conformidade em v\u00e1rias localidades (seja atrav\u00e9s de v\u00eddeos no Facebook ou at\u00e9 mesmo atrav\u00e9s da televis\u00e3o, por videoconfer\u00eancia) seria muito mais efectivo na mensagem e na coer\u00eancia, de algumas entidades que se escudam na cultura para se promoverem a si pr\u00f3prias.<\/span><\/span><\/span><\/p>\n<p><span style=\"font-family: Liberation Serif, serif;\"><span style=\"font-size: medium;\"><span style=\"color: #333333;\">O<\/span><span style=\"color: #333333;\"> momento \u00e9 de uni\u00e3o, mas tamb\u00e9m de coer\u00eancia e verdade! <\/span><span style=\"color: #333333;\">N\u00e3o me parece que seja dif\u00edcil criar algo universal e que possa englobar todos, sem criar divis\u00f5es desnecess\u00e1rias. A pandemia vai demorar&#8230;<\/span><\/span><\/span><\/p>\n<p><span style=\"font-family: Liberation Serif, serif;\"><span style=\"font-size: medium;\"><span style=\"color: #333333;\">Respeito todas as editoras, promotoras e ag\u00eancias da \u00e1rea musical, mas neste momento quero <\/span><span style=\"color: #333333;\">declarar <\/span><span style=\"color: #333333;\">o meu apoio \u00e0queles que ganhavam 20\/30 euros por dia, com condi\u00e7\u00f5es de vida bastante fr\u00e1geis e que hoje apenas t\u00eam na f\u00e9 e esperan\u00e7a os seus suportes para o futuro (pelo menos imediato). <\/span><\/span><\/span><\/p>\n<p><span style=\"font-family: Liberation Serif, serif;\"><span style=\"font-size: medium;\"><span style=\"color: #333333;\">Apoio extensivo aos artistas independentes que, sem qualquer suporte, resistem!<\/span><\/span><\/span><\/p>\n<p><span style=\"font-family: Liberation Serif, serif;\"><span style=\"font-size: medium;\"><span style=\"color: #333333;\">N<\/span><span style=\"color: #333333;\">\u00e3o podemos ainda esquecer os cantores da intitulada \u2018m\u00fasica pimba\u2019<\/span><span style=\"color: #333333;\">. <\/span><span style=\"color: #333333;\">Ganhavam a vida em espect\u00e1culos maioritariamente ao ar livre, com destaque nas comunidades portuguesa<\/span><span style=\"color: #333333;\">s no estrangeiro<\/span><span style=\"color: #333333;\">. Ficaram sem sustento!<\/span><\/span><\/span><\/p>\n<p><span style=\"font-family: Liberation Serif, serif;\"><span style=\"font-size: medium;\"><span style=\"color: #333333;\">Mais do que explicar se o g\u00e9nero A \u00e9 mais v\u00e1lido ou melhor que o g\u00e9nero B, trata-se de colocar todos no mesmo grau de import\u00e2ncia numa situa\u00e7\u00e3o de emerg\u00eancia. Porque n\u00e3o h\u00e1 vidas mais importantes do que outras. H\u00e1 pessoas! Umas com mais e outras com menos meios financeiros dispon\u00edveis&#8230;<\/span><\/span><\/span><\/p>\n","protected":false},"excerpt":{"rendered":"<p>Hoje, \u00e9 o dia em que foi decretado o Estado de Emerg\u00eancia, devido \u00e0 pandemia que enfrentamos.<\/p>\n","protected":false},"author":2,"featured_media":35160,"comment_status":"open","ping_status":"closed","sticky":false,"template":"","format":"standard","meta":{"footnotes":""},"categories":[36,4121],"tags":[8965,8966],"class_list":["post-68396","post","type-post","status-publish","format-standard","has-post-thumbnail","hentry","category-destaque","category-opiniao","tag-coronavirus","tag-covid-19"],"yoast_head":"<!-- This site is optimized with the Yoast SEO plugin v27.5 - https:\/\/yoast.com\/product\/yoast-seo-wordpress\/ -->\n<title>E os Artistas que ganhavam 20\/30 euros por dia? | Infocul.pt - Arquivo Digital<\/title>\n<meta name=\"description\" content=\"E os Artistas que ganhavam 20\/30 euros por dia? | Infocul.pt - Arquivo Digital\" \/>\n<meta name=\"robots\" content=\"noindex, follow, max-snippet:-1, max-image-preview:large, max-video-preview:-1\" \/>\n<meta property=\"og:locale\" content=\"pt_PT\" \/>\n<meta property=\"og:type\" content=\"article\" \/>\n<meta property=\"og:title\" content=\"E os Artistas que ganhavam 20\/30 euros por dia? | Infocul.pt - Arquivo Digital\" \/>\n<meta property=\"og:description\" content=\"E os Artistas que ganhavam 20\/30 euros por dia? | Infocul.pt - Arquivo Digital\" \/>\n<meta property=\"og:url\" content=\"https:\/\/infocul.pt\/arquivo\/destaque\/e-os-artistas-que-ganhavam-20-30-euros-por-dia\/\" \/>\n<meta property=\"og:site_name\" content=\"Infocul.pt - Arquivo Digital\" \/>\n<meta property=\"article:publisher\" content=\"https:\/\/www.facebook.com\/Infocul-147816815585015\/\" \/>\n<meta property=\"article:published_time\" content=\"2020-03-18T19:03:36+00:00\" \/>\n<meta property=\"article:modified_time\" content=\"2020-03-18T19:15:59+00:00\" \/>\n<meta property=\"og:image\" content=\"https:\/\/infocul.pt\/arquivo\/wp-content\/uploads\/2017\/12\/opiniao.jpg\" \/>\n\t<meta property=\"og:image:width\" content=\"660\" \/>\n\t<meta property=\"og:image:height\" content=\"330\" \/>\n\t<meta property=\"og:image:type\" content=\"image\/jpeg\" \/>\n<meta name=\"author\" content=\"Rui Lavrador\" \/>\n<meta name=\"twitter:card\" content=\"summary_large_image\" \/>\n<meta name=\"twitter:creator\" content=\"@Infoculpt\" \/>\n<meta name=\"twitter:site\" content=\"@Infoculpt\" \/>\n<meta name=\"twitter:label1\" content=\"Escrito por\" \/>\n\t<meta name=\"twitter:data1\" content=\"Rui Lavrador\" \/>\n\t<meta name=\"twitter:label2\" content=\"Tempo estimado de leitura\" \/>\n\t<meta name=\"twitter:data2\" content=\"3 minutos\" \/>\n<script type=\"application\/ld+json\" class=\"yoast-schema-graph\">{\"@context\":\"https:\\\/\\\/schema.org\",\"@graph\":[{\"@type\":\"Article\",\"@id\":\"https:\\\/\\\/infocul.pt\\\/arquivo\\\/destaque\\\/e-os-artistas-que-ganhavam-20-30-euros-por-dia\\\/#article\",\"isPartOf\":{\"@id\":\"https:\\\/\\\/infocul.pt\\\/arquivo\\\/destaque\\\/e-os-artistas-que-ganhavam-20-30-euros-por-dia\\\/\"},\"author\":{\"name\":\"Rui Lavrador\",\"@id\":\"https:\\\/\\\/infocul.pt\\\/arquivo\\\/#\\\/schema\\\/person\\\/060a108d7f2d85fc6aae505119ee5234\"},\"headline\":\"E os Artistas que ganhavam 20\\\/30 euros por dia?\",\"datePublished\":\"2020-03-18T19:03:36+00:00\",\"dateModified\":\"2020-03-18T19:15:59+00:00\",\"mainEntityOfPage\":{\"@id\":\"https:\\\/\\\/infocul.pt\\\/arquivo\\\/destaque\\\/e-os-artistas-que-ganhavam-20-30-euros-por-dia\\\/\"},\"wordCount\":675,\"commentCount\":0,\"publisher\":{\"@id\":\"https:\\\/\\\/infocul.pt\\\/arquivo\\\/#organization\"},\"image\":{\"@id\":\"https:\\\/\\\/infocul.pt\\\/arquivo\\\/destaque\\\/e-os-artistas-que-ganhavam-20-30-euros-por-dia\\\/#primaryimage\"},\"thumbnailUrl\":\"https:\\\/\\\/infocul.pt\\\/arquivo\\\/wp-content\\\/uploads\\\/2017\\\/12\\\/opiniao.jpg\",\"keywords\":[\"Coronav\u00edrus\",\"Covid-19\"],\"articleSection\":[\"Destaque\",\"Opini\u00e3o\"],\"inLanguage\":\"pt-PT\"},{\"@type\":\"WebPage\",\"@id\":\"https:\\\/\\\/infocul.pt\\\/arquivo\\\/destaque\\\/e-os-artistas-que-ganhavam-20-30-euros-por-dia\\\/\",\"url\":\"https:\\\/\\\/infocul.pt\\\/arquivo\\\/destaque\\\/e-os-artistas-que-ganhavam-20-30-euros-por-dia\\\/\",\"name\":\"E os Artistas que ganhavam 20\\\/30 euros por dia? | Infocul.pt - Arquivo Digital\",\"isPartOf\":{\"@id\":\"https:\\\/\\\/infocul.pt\\\/arquivo\\\/#website\"},\"primaryImageOfPage\":{\"@id\":\"https:\\\/\\\/infocul.pt\\\/arquivo\\\/destaque\\\/e-os-artistas-que-ganhavam-20-30-euros-por-dia\\\/#primaryimage\"},\"image\":{\"@id\":\"https:\\\/\\\/infocul.pt\\\/arquivo\\\/destaque\\\/e-os-artistas-que-ganhavam-20-30-euros-por-dia\\\/#primaryimage\"},\"thumbnailUrl\":\"https:\\\/\\\/infocul.pt\\\/arquivo\\\/wp-content\\\/uploads\\\/2017\\\/12\\\/opiniao.jpg\",\"datePublished\":\"2020-03-18T19:03:36+00:00\",\"dateModified\":\"2020-03-18T19:15:59+00:00\",\"description\":\"E os Artistas que ganhavam 20\\\/30 euros por dia? | Infocul.pt - Arquivo Digital\",\"breadcrumb\":{\"@id\":\"https:\\\/\\\/infocul.pt\\\/arquivo\\\/destaque\\\/e-os-artistas-que-ganhavam-20-30-euros-por-dia\\\/#breadcrumb\"},\"inLanguage\":\"pt-PT\",\"potentialAction\":[{\"@type\":\"ReadAction\",\"target\":[\"https:\\\/\\\/infocul.pt\\\/arquivo\\\/destaque\\\/e-os-artistas-que-ganhavam-20-30-euros-por-dia\\\/\"]}]},{\"@type\":\"ImageObject\",\"inLanguage\":\"pt-PT\",\"@id\":\"https:\\\/\\\/infocul.pt\\\/arquivo\\\/destaque\\\/e-os-artistas-que-ganhavam-20-30-euros-por-dia\\\/#primaryimage\",\"url\":\"https:\\\/\\\/infocul.pt\\\/arquivo\\\/wp-content\\\/uploads\\\/2017\\\/12\\\/opiniao.jpg\",\"contentUrl\":\"https:\\\/\\\/infocul.pt\\\/arquivo\\\/wp-content\\\/uploads\\\/2017\\\/12\\\/opiniao.jpg\",\"width\":660,\"height\":330},{\"@type\":\"BreadcrumbList\",\"@id\":\"https:\\\/\\\/infocul.pt\\\/arquivo\\\/destaque\\\/e-os-artistas-que-ganhavam-20-30-euros-por-dia\\\/#breadcrumb\",\"itemListElement\":[{\"@type\":\"ListItem\",\"position\":1,\"name\":\"Home\",\"item\":\"https:\\\/\\\/infocul.pt\\\/arquivo\\\/\"},{\"@type\":\"ListItem\",\"position\":2,\"name\":\"E os Artistas que ganhavam 20\\\/30 euros por dia?\"}]},{\"@type\":\"WebSite\",\"@id\":\"https:\\\/\\\/infocul.pt\\\/arquivo\\\/#website\",\"url\":\"https:\\\/\\\/infocul.pt\\\/arquivo\\\/\",\"name\":\"Infocul.pt - Arquivo Digital\",\"description\":\"Arquivo digital da Infocul.pt\",\"publisher\":{\"@id\":\"https:\\\/\\\/infocul.pt\\\/arquivo\\\/#organization\"},\"potentialAction\":[{\"@type\":\"SearchAction\",\"target\":{\"@type\":\"EntryPoint\",\"urlTemplate\":\"https:\\\/\\\/infocul.pt\\\/arquivo\\\/?s={search_term_string}\"},\"query-input\":{\"@type\":\"PropertyValueSpecification\",\"valueRequired\":true,\"valueName\":\"search_term_string\"}}],\"inLanguage\":\"pt-PT\"},{\"@type\":\"Organization\",\"@id\":\"https:\\\/\\\/infocul.pt\\\/arquivo\\\/#organization\",\"name\":\"Infocul.pt\",\"url\":\"https:\\\/\\\/infocul.pt\\\/arquivo\\\/\",\"logo\":{\"@type\":\"ImageObject\",\"inLanguage\":\"pt-PT\",\"@id\":\"https:\\\/\\\/infocul.pt\\\/arquivo\\\/#\\\/schema\\\/logo\\\/image\\\/\",\"url\":\"https:\\\/\\\/infocul.pt\\\/arquivo\\\/wp-content\\\/uploads\\\/2018\\\/12\\\/Infocul_logo-1.png\",\"contentUrl\":\"https:\\\/\\\/infocul.pt\\\/arquivo\\\/wp-content\\\/uploads\\\/2018\\\/12\\\/Infocul_logo-1.png\",\"width\":800,\"height\":800,\"caption\":\"Infocul.pt\"},\"image\":{\"@id\":\"https:\\\/\\\/infocul.pt\\\/arquivo\\\/#\\\/schema\\\/logo\\\/image\\\/\"},\"sameAs\":[\"https:\\\/\\\/www.facebook.com\\\/Infocul-147816815585015\\\/\",\"https:\\\/\\\/x.com\\\/Infoculpt\",\"http:\\\/\\\/www.pictaram.com\\\/user\\\/infocul.pt\\\/2370423710\",\"https:\\\/\\\/www.youtube.com\\\/channel\\\/UCYEB91AGI9FL9ek2i_IaQAA\"]},{\"@type\":\"Person\",\"@id\":\"https:\\\/\\\/infocul.pt\\\/arquivo\\\/#\\\/schema\\\/person\\\/060a108d7f2d85fc6aae505119ee5234\",\"name\":\"Rui Lavrador\",\"image\":{\"@type\":\"ImageObject\",\"inLanguage\":\"pt-PT\",\"@id\":\"https:\\\/\\\/secure.gravatar.com\\\/avatar\\\/93febd6873394aa8e975148548a0cb203acfdd42d2c85c5f1408e1a76678aece?s=96&d=mm&r=g\",\"url\":\"https:\\\/\\\/secure.gravatar.com\\\/avatar\\\/93febd6873394aa8e975148548a0cb203acfdd42d2c85c5f1408e1a76678aece?s=96&d=mm&r=g\",\"contentUrl\":\"https:\\\/\\\/secure.gravatar.com\\\/avatar\\\/93febd6873394aa8e975148548a0cb203acfdd42d2c85c5f1408e1a76678aece?s=96&d=mm&r=g\",\"caption\":\"Rui Lavrador\"},\"description\":\"Iniciou em 2011 o seu percurso em comunica\u00e7\u00e3o social, tendo integrado v\u00e1rios projectos editoriais. Durante o seu percurso integrou projectos como Jornal Hardm\u00fasica, LusoNot\u00edcias, Toureio.pt, ODigital.pt, entre outros \u00d3rg\u00e3os de Comunica\u00e7\u00e3o Social nacionais, na redac\u00e7\u00e3o de v\u00e1rios artigos. Entrevistou a grande maioria das personalidades mais importantes da vida social e cultural do pa\u00eds, destacando-se, tamb\u00e9m, na aprecia\u00e7\u00e3o de v\u00e1rios espect\u00e1culos. Durante o seu percurso, deu a conhecer v\u00e1rios artistas, at\u00e9 ent\u00e3o desconhecidos, ao grande p\u00fablico. Em 2015 criou e fundou o Infocul.pt, projecto no qual assume a direc\u00e7\u00e3o editorial.\",\"sameAs\":[\"http:\\\/\\\/www.infocul.pt\"]}]}<\/script>\n<!-- \/ Yoast SEO plugin. -->","yoast_head_json":{"title":"E os Artistas que ganhavam 20\/30 euros por dia? | Infocul.pt - Arquivo Digital","description":"E os Artistas que ganhavam 20\/30 euros por dia? | Infocul.pt - Arquivo Digital","robots":{"index":"noindex","follow":"follow","max-snippet":"max-snippet:-1","max-image-preview":"max-image-preview:large","max-video-preview":"max-video-preview:-1"},"og_locale":"pt_PT","og_type":"article","og_title":"E os Artistas que ganhavam 20\/30 euros por dia? | Infocul.pt - Arquivo Digital","og_description":"E os Artistas que ganhavam 20\/30 euros por dia? | Infocul.pt - Arquivo Digital","og_url":"https:\/\/infocul.pt\/arquivo\/destaque\/e-os-artistas-que-ganhavam-20-30-euros-por-dia\/","og_site_name":"Infocul.pt - Arquivo Digital","article_publisher":"https:\/\/www.facebook.com\/Infocul-147816815585015\/","article_published_time":"2020-03-18T19:03:36+00:00","article_modified_time":"2020-03-18T19:15:59+00:00","og_image":[{"width":660,"height":330,"url":"https:\/\/infocul.pt\/arquivo\/wp-content\/uploads\/2017\/12\/opiniao.jpg","type":"image\/jpeg"}],"author":"Rui Lavrador","twitter_card":"summary_large_image","twitter_creator":"@Infoculpt","twitter_site":"@Infoculpt","twitter_misc":{"Escrito por":"Rui Lavrador","Tempo estimado de leitura":"3 minutos"},"schema":{"@context":"https:\/\/schema.org","@graph":[{"@type":"Article","@id":"https:\/\/infocul.pt\/arquivo\/destaque\/e-os-artistas-que-ganhavam-20-30-euros-por-dia\/#article","isPartOf":{"@id":"https:\/\/infocul.pt\/arquivo\/destaque\/e-os-artistas-que-ganhavam-20-30-euros-por-dia\/"},"author":{"name":"Rui Lavrador","@id":"https:\/\/infocul.pt\/arquivo\/#\/schema\/person\/060a108d7f2d85fc6aae505119ee5234"},"headline":"E os Artistas que ganhavam 20\/30 euros por dia?","datePublished":"2020-03-18T19:03:36+00:00","dateModified":"2020-03-18T19:15:59+00:00","mainEntityOfPage":{"@id":"https:\/\/infocul.pt\/arquivo\/destaque\/e-os-artistas-que-ganhavam-20-30-euros-por-dia\/"},"wordCount":675,"commentCount":0,"publisher":{"@id":"https:\/\/infocul.pt\/arquivo\/#organization"},"image":{"@id":"https:\/\/infocul.pt\/arquivo\/destaque\/e-os-artistas-que-ganhavam-20-30-euros-por-dia\/#primaryimage"},"thumbnailUrl":"https:\/\/infocul.pt\/arquivo\/wp-content\/uploads\/2017\/12\/opiniao.jpg","keywords":["Coronav\u00edrus","Covid-19"],"articleSection":["Destaque","Opini\u00e3o"],"inLanguage":"pt-PT"},{"@type":"WebPage","@id":"https:\/\/infocul.pt\/arquivo\/destaque\/e-os-artistas-que-ganhavam-20-30-euros-por-dia\/","url":"https:\/\/infocul.pt\/arquivo\/destaque\/e-os-artistas-que-ganhavam-20-30-euros-por-dia\/","name":"E os Artistas que ganhavam 20\/30 euros por dia? | Infocul.pt - Arquivo Digital","isPartOf":{"@id":"https:\/\/infocul.pt\/arquivo\/#website"},"primaryImageOfPage":{"@id":"https:\/\/infocul.pt\/arquivo\/destaque\/e-os-artistas-que-ganhavam-20-30-euros-por-dia\/#primaryimage"},"image":{"@id":"https:\/\/infocul.pt\/arquivo\/destaque\/e-os-artistas-que-ganhavam-20-30-euros-por-dia\/#primaryimage"},"thumbnailUrl":"https:\/\/infocul.pt\/arquivo\/wp-content\/uploads\/2017\/12\/opiniao.jpg","datePublished":"2020-03-18T19:03:36+00:00","dateModified":"2020-03-18T19:15:59+00:00","description":"E os Artistas que ganhavam 20\/30 euros por dia? | Infocul.pt - Arquivo Digital","breadcrumb":{"@id":"https:\/\/infocul.pt\/arquivo\/destaque\/e-os-artistas-que-ganhavam-20-30-euros-por-dia\/#breadcrumb"},"inLanguage":"pt-PT","potentialAction":[{"@type":"ReadAction","target":["https:\/\/infocul.pt\/arquivo\/destaque\/e-os-artistas-que-ganhavam-20-30-euros-por-dia\/"]}]},{"@type":"ImageObject","inLanguage":"pt-PT","@id":"https:\/\/infocul.pt\/arquivo\/destaque\/e-os-artistas-que-ganhavam-20-30-euros-por-dia\/#primaryimage","url":"https:\/\/infocul.pt\/arquivo\/wp-content\/uploads\/2017\/12\/opiniao.jpg","contentUrl":"https:\/\/infocul.pt\/arquivo\/wp-content\/uploads\/2017\/12\/opiniao.jpg","width":660,"height":330},{"@type":"BreadcrumbList","@id":"https:\/\/infocul.pt\/arquivo\/destaque\/e-os-artistas-que-ganhavam-20-30-euros-por-dia\/#breadcrumb","itemListElement":[{"@type":"ListItem","position":1,"name":"Home","item":"https:\/\/infocul.pt\/arquivo\/"},{"@type":"ListItem","position":2,"name":"E os Artistas que ganhavam 20\/30 euros por dia?"}]},{"@type":"WebSite","@id":"https:\/\/infocul.pt\/arquivo\/#website","url":"https:\/\/infocul.pt\/arquivo\/","name":"Infocul.pt - Arquivo Digital","description":"Arquivo digital da Infocul.pt","publisher":{"@id":"https:\/\/infocul.pt\/arquivo\/#organization"},"potentialAction":[{"@type":"SearchAction","target":{"@type":"EntryPoint","urlTemplate":"https:\/\/infocul.pt\/arquivo\/?s={search_term_string}"},"query-input":{"@type":"PropertyValueSpecification","valueRequired":true,"valueName":"search_term_string"}}],"inLanguage":"pt-PT"},{"@type":"Organization","@id":"https:\/\/infocul.pt\/arquivo\/#organization","name":"Infocul.pt","url":"https:\/\/infocul.pt\/arquivo\/","logo":{"@type":"ImageObject","inLanguage":"pt-PT","@id":"https:\/\/infocul.pt\/arquivo\/#\/schema\/logo\/image\/","url":"https:\/\/infocul.pt\/arquivo\/wp-content\/uploads\/2018\/12\/Infocul_logo-1.png","contentUrl":"https:\/\/infocul.pt\/arquivo\/wp-content\/uploads\/2018\/12\/Infocul_logo-1.png","width":800,"height":800,"caption":"Infocul.pt"},"image":{"@id":"https:\/\/infocul.pt\/arquivo\/#\/schema\/logo\/image\/"},"sameAs":["https:\/\/www.facebook.com\/Infocul-147816815585015\/","https:\/\/x.com\/Infoculpt","http:\/\/www.pictaram.com\/user\/infocul.pt\/2370423710","https:\/\/www.youtube.com\/channel\/UCYEB91AGI9FL9ek2i_IaQAA"]},{"@type":"Person","@id":"https:\/\/infocul.pt\/arquivo\/#\/schema\/person\/060a108d7f2d85fc6aae505119ee5234","name":"Rui Lavrador","image":{"@type":"ImageObject","inLanguage":"pt-PT","@id":"https:\/\/secure.gravatar.com\/avatar\/93febd6873394aa8e975148548a0cb203acfdd42d2c85c5f1408e1a76678aece?s=96&d=mm&r=g","url":"https:\/\/secure.gravatar.com\/avatar\/93febd6873394aa8e975148548a0cb203acfdd42d2c85c5f1408e1a76678aece?s=96&d=mm&r=g","contentUrl":"https:\/\/secure.gravatar.com\/avatar\/93febd6873394aa8e975148548a0cb203acfdd42d2c85c5f1408e1a76678aece?s=96&d=mm&r=g","caption":"Rui Lavrador"},"description":"Iniciou em 2011 o seu percurso em comunica\u00e7\u00e3o social, tendo integrado v\u00e1rios projectos editoriais. Durante o seu percurso integrou projectos como Jornal Hardm\u00fasica, LusoNot\u00edcias, Toureio.pt, ODigital.pt, entre outros \u00d3rg\u00e3os de Comunica\u00e7\u00e3o Social nacionais, na redac\u00e7\u00e3o de v\u00e1rios artigos. Entrevistou a grande maioria das personalidades mais importantes da vida social e cultural do pa\u00eds, destacando-se, tamb\u00e9m, na aprecia\u00e7\u00e3o de v\u00e1rios espect\u00e1culos. Durante o seu percurso, deu a conhecer v\u00e1rios artistas, at\u00e9 ent\u00e3o desconhecidos, ao grande p\u00fablico. Em 2015 criou e fundou o Infocul.pt, projecto no qual assume a direc\u00e7\u00e3o editorial.","sameAs":["http:\/\/www.infocul.pt"]}]}},"_links":{"self":[{"href":"https:\/\/infocul.pt\/arquivo\/wp-json\/wp\/v2\/posts\/68396","targetHints":{"allow":["GET"]}}],"collection":[{"href":"https:\/\/infocul.pt\/arquivo\/wp-json\/wp\/v2\/posts"}],"about":[{"href":"https:\/\/infocul.pt\/arquivo\/wp-json\/wp\/v2\/types\/post"}],"author":[{"embeddable":true,"href":"https:\/\/infocul.pt\/arquivo\/wp-json\/wp\/v2\/users\/2"}],"replies":[{"embeddable":true,"href":"https:\/\/infocul.pt\/arquivo\/wp-json\/wp\/v2\/comments?post=68396"}],"version-history":[{"count":0,"href":"https:\/\/infocul.pt\/arquivo\/wp-json\/wp\/v2\/posts\/68396\/revisions"}],"wp:featuredmedia":[{"embeddable":true,"href":"https:\/\/infocul.pt\/arquivo\/wp-json\/wp\/v2\/media\/35160"}],"wp:attachment":[{"href":"https:\/\/infocul.pt\/arquivo\/wp-json\/wp\/v2\/media?parent=68396"}],"wp:term":[{"taxonomy":"category","embeddable":true,"href":"https:\/\/infocul.pt\/arquivo\/wp-json\/wp\/v2\/categories?post=68396"},{"taxonomy":"post_tag","embeddable":true,"href":"https:\/\/infocul.pt\/arquivo\/wp-json\/wp\/v2\/tags?post=68396"}],"curies":[{"name":"wp","href":"https:\/\/api.w.org\/{rel}","templated":true}]}}