{"id":68649,"date":"2020-03-24T00:00:22","date_gmt":"2020-03-24T00:00:22","guid":{"rendered":"https:\/\/infocul.pt\/?p=68649"},"modified":"2020-03-23T12:44:07","modified_gmt":"2020-03-23T12:44:07","slug":"pedro-de-troia-tem-novo-disco-mas-assume-que-com-os-concertos-a-serem-adiados-vai-ser-complicado-aguentar-me","status":"publish","type":"post","link":"https:\/\/infocul.pt\/arquivo\/cultura\/pedro-de-troia-tem-novo-disco-mas-assume-que-com-os-concertos-a-serem-adiados-vai-ser-complicado-aguentar-me\/","title":{"rendered":"Pedro de Tr\u00f3ia tem novo disco mas assume que &#8220;com os concertos a serem adiados, vai ser complicado aguentar-me&#8221;"},"content":{"rendered":"<figure id=\"attachment_67787\" aria-describedby=\"caption-attachment-67787\" style=\"width: 800px\" class=\"wp-caption aligncenter\"><img decoding=\"async\" class=\"wp-image-67787 size-large lazyload\" data-src=\"https:\/\/infocul.pt\/arquivo\/wp-content\/uploads\/2020\/03\/Pedro_de_Troia_2__Rita_Borba_-1024x683.jpg\" alt=\"\" width=\"800\" height=\"534\" data-srcset=\"https:\/\/infocul.pt\/arquivo\/wp-content\/uploads\/2020\/03\/Pedro_de_Troia_2__Rita_Borba_.jpg 1024w, https:\/\/infocul.pt\/arquivo\/wp-content\/uploads\/2020\/03\/Pedro_de_Troia_2__Rita_Borba_-300x200.jpg 300w, https:\/\/infocul.pt\/arquivo\/wp-content\/uploads\/2020\/03\/Pedro_de_Troia_2__Rita_Borba_-768x512.jpg 768w\" data-sizes=\"(max-width: 800px) 100vw, 800px\" src=\"data:image\/svg+xml;base64,PHN2ZyB3aWR0aD0iMSIgaGVpZ2h0PSIxIiB4bWxucz0iaHR0cDovL3d3dy53My5vcmcvMjAwMC9zdmciPjwvc3ZnPg==\" style=\"--smush-placeholder-width: 800px; --smush-placeholder-aspect-ratio: 800\/534;\" \/><figcaption id=\"caption-attachment-67787\" class=\"wp-caption-text\">Foto: Rita Borba<\/figcaption><\/figure>\n<p><span style=\"color: #222222;\">\u2018<\/span><span style=\"font-family: Liberation Serif, serif;\"><span style=\"font-size: medium;\"><span style=\"color: #222222;\">Depois logo se v\u00ea\u2019 \u00e9 o nome do disco de Pedro de Tr\u00f3ia e tamb\u00e9m o fio condutor a entrevista que o artista concedeu ao Infocul.pt .<\/span><\/span><\/span><!--more--><\/p>\n<p><span style=\"font-family: Liberation Serif, serif;\"><span style=\"font-size: medium;\"><span style=\"color: #222222;\">C<\/span><span style=\"color: #222222;\">om 10 faixas, arranjos e produ\u00e7\u00e3o a cargo de Tiago de Brito, este disco traz-nos Pedro de Tr\u00f3ia na interpreta\u00e7\u00e3o e na escrita de todas as can\u00e7\u00f5es, sendo que em apenas uma conta com co-autoria de Tom\u00e1s Branco.<\/span><\/span><\/span><\/p>\n<p><span style=\"font-family: Liberation Serif, serif;\"><span style=\"font-size: medium;\"><span style=\"color: #222222;\">Um disco com sensibilidade e que merece audi\u00e7\u00e3o atenta. Mais do que \u00e9 dito, deveremos reflectir no que n\u00e3o \u00e9 dito. \u00c9 um disco completo em todas as suas vertentes e aqui explicado na primeira pessoa, por Pedro de Tr\u00f3ia.<\/span><\/span><\/span><\/p>\n<p>&nbsp;<\/p>\n<p><span style=\"color: #222222;\">\u201c<span style=\"font-family: Liberation Serif, serif;\"><span style=\"font-size: medium;\"><b>Depois logo se v\u00ea\u201d \u00e9 uma express\u00e3o muito portuguesa. A que se deve este\u00a0<\/b><\/span><\/span><\/span><span style=\"font-family: Liberation Serif, serif;\"><span style=\"font-size: medium;\"><span style=\"color: #222222;\"><b>t\u00edtulo e qual\u00a0 mensagem que pretende transmitir?<\/b><\/span><\/p>\n<p>Precisamente por ser uma express\u00e3o na qual me fui apoiando despreocupado, quando decidi gravar este disco foi o t\u00edtulo que me ocorreu. N\u00e3o por n\u00e3o me preocupar mas sim por ter chegado a um lugar onde n\u00e3o queria mais estar e ter percebido que s\u00f3 l\u00e1 fui parar por me ter limitado a seguir a direc\u00e7\u00e3o do \u201cdepois logo se v\u00ea\u201d. Ao mesmo tempo h\u00e1 que reconhecer que somos a constru\u00e7\u00e3o de tudo o que vamos decidindo e h\u00e1 momentos em que \u00e9 preponderante vermos antes de ir. Desenvolver a vis\u00e3o. Ver antes de partir, em vez de ir e depois ver o que acontece. <\/span><\/span><\/p>\n<p>&nbsp;<\/p>\n<p><span style=\"font-family: Liberation Serif, serif;\"><span style=\"font-size: medium;\"><span style=\"color: #222222;\"><b>Al\u00e9m de int\u00e9rprete, tamb\u00e9m escreve e comp\u00f5e. Quais os desafios de cada\u00a0<\/b><\/span><\/span><\/span><span style=\"font-family: Liberation Serif, serif;\"><span style=\"font-size: medium;\"><span style=\"color: #222222;\"><b>\u00e1rea?<\/b><\/span><br \/>\n<\/span><\/span><\/p>\n<p><span style=\"font-family: Liberation Serif, serif;\"><span style=\"font-size: medium;\"><span style=\"color: #222222;\">Considero-me mais um autor que canta, do que um int\u00e9rprete que escreve. A escrita e a composi\u00e7\u00e3o s\u00e3o frutos que preciso de criar, de ver crescer e de deixar cair. Quando crio, entendo-me, resolvo-me e aprendo a aceitar-me. J\u00e1 quando canto sinto-me completo. Saber que estas can\u00e7\u00f5es podem ser cantadas por mim \u00e9 o encaixe perfeito. De outra forma n\u00e3o faria (tanto) sentido. A procura do encaixe, do sentido e da eleva\u00e7\u00e3o, \u00e9 di\u00e1ria. Importa-me existir fazendo por me sentir livre. E sinto-me livre sentindo-me composto.<\/span><\/span><\/span><\/p>\n<p>&nbsp;<\/p>\n<p><span style=\"font-family: Liberation Serif, serif;\"><span style=\"font-size: medium;\"><span style=\"color: #222222;\"><b>\u00c9 mais confort\u00e1vel cantar o que escreve e comp\u00f5e ou por outro lado\u00a0<\/b><\/span><\/span><\/span><span style=\"font-family: Liberation Serif, serif;\"><span style=\"font-size: medium;\"><span style=\"color: #222222;\"><b>exp\u00f5e-se mais?<\/b><\/span><\/span><\/span><\/p>\n<p><span style=\"font-family: Liberation Serif, serif;\"><span style=\"font-size: medium;\">Neste disco em particular sinto que a exposi\u00e7\u00e3o \u00e9 tang\u00edvel. Mas trata-se de um disco em que o que escrevi me foi necess\u00e1rio e aquilo que canto \u00e9 imperativo. Sinto-me mais confort\u00e1vel a cantar uma verdade que me deixe despido, do que cantar alguma coisa que n\u00e3o me diga respeito.<br \/>\n<\/span><\/span><\/p>\n<p><span style=\"font-family: Liberation Serif, serif;\"><span style=\"font-size: medium;\"><span style=\"color: #222222;\"><b>O que de mais profundo este disco revela sobre si?<\/b><\/span><\/p>\n<p><span style=\"color: #222222;\">N\u00e3o consigo responder a essa quest\u00e3o. Mais depressa algu\u00e9m que o escute saber\u00e1 dizer.<\/span><\/span><\/span><\/p>\n<p>&nbsp;<\/p>\n<p><span style=\"font-family: Liberation Serif, serif;\"><span style=\"font-size: medium;\"><span style=\"color: #222222;\"><b>Para quem se habituou a ouvi-lo nos Capit\u00e3es da Areia, o que traz este\u00a0<\/b><\/span><\/span><\/span><span style=\"font-family: Liberation Serif, serif;\"><span style=\"font-size: medium;\"><span style=\"color: #222222;\"><b>disco de diferente?<\/b><\/span><\/p>\n<p>Traz-me \u00e0 frente.<\/span><\/span><\/p>\n<p>&nbsp;<\/p>\n<p><span style=\"font-family: Liberation Serif, serif;\"><span style=\"font-size: medium;\"><span style=\"color: #222222;\"><b>Quem s\u00e3o os m\u00fasicos que o acompanham neste disco?<\/b><\/span><\/p>\n<p><span style=\"color: #222222;\">Na bateria contei com o Vasco Magalh\u00e3es, no baixo com o Vasco Abreu, nos sintetizadores com o Silas Ferreira, na guitarra com o Tiago Brito, em duas guitarras com o Tom\u00e1s Branco e nos coros com a Rita Laranjeira e Bernardo Barata.<\/span><\/span><\/span><\/p>\n<p>&nbsp;<\/p>\n<p><span style=\"font-family: Liberation Serif, serif;\"><span style=\"font-size: medium;\"><span style=\"color: #222222;\"><b>A escolha do Tiago Brito para produtor deveu-se a algo em espec\u00edfico ou\u00a0<\/b><\/span><\/span><\/span><span style=\"font-family: Liberation Serif, serif;\"><span style=\"font-size: medium;\"><span style=\"color: #222222;\"><b>foi uma escolha\u00a0 natural?<\/b><\/span><br \/>\n<\/span><\/span><\/p>\n<p><span style=\"font-family: Liberation Serif, serif;\"><span style=\"font-size: medium;\"><span style=\"color: #222222;\">Ambas. O Tiago conhece-me musicalmente e emocionalmente muito bem. Musicalmente talvez melhor do que ningu\u00e9m. Isso nem sempre significa que possa ser uma mais-valia, mas neste disco tornou-se \u00f3bvio que tinha de ser ele a entender-me e resolver criativamente o espa\u00e7o sonoro que cada can\u00e7\u00e3o merecia ocupar. <\/span><\/span><\/span><\/p>\n<p>&nbsp;<\/p>\n<p><span style=\"font-family: Liberation Serif, serif;\"><span style=\"font-size: medium;\"><span style=\"color: #222222;\"><b>Quem \u00e9 Pedro de Tr\u00f3ia?<\/b><\/span><\/p>\n<p><span style=\"color: #222222;\">O disco revela-me bem, mas hei de ser velho e continuar a fazer a pergunta.<\/span><\/span><\/span><\/p>\n<p>&nbsp;<\/p>\n<p><span style=\"font-family: Liberation Serif, serif;\"><span style=\"font-size: medium;\"><span style=\"color: #222222;\"><b>Quanto tempo demorou toda a produ\u00e7\u00e3o deste disco?<\/b><\/span><\/p>\n<p><span style=\"color: #222222;\">Sensivelmente dois anos. Desde a selec\u00e7\u00e3o das m\u00fasicas, \u00e0s discuss\u00f5es sobre potenciais caminhos a seguir, passando pelos ensaios, marca\u00e7\u00e3o de est\u00fadio, grava\u00e7\u00e3o, edi\u00e7\u00f5es, misturas, arte gr\u00e1fica, enviar para a f\u00e1brica, com os habituais percal\u00e7os pelo meio.<\/span><\/span><\/span><\/p>\n<p>&nbsp;<\/p>\n<p><span style=\"font-family: Liberation Serif, serif;\"><span style=\"font-size: medium;\"><span style=\"color: #222222;\"><b>\u00c9 mais f\u00e1cil expor o que sente atrav\u00e9s da Arte?<\/b><\/span><\/p>\n<p><span style=\"color: #222222;\">N\u00e3o \u00e9 mais f\u00e1cil mas \u00e9 mais simples.<\/span><\/span><\/span><\/p>\n<p><span style=\"font-family: Liberation Serif, serif;\"><span style=\"font-size: medium;\"><span style=\"color: #222222;\"><b>Perguntar-lhe-ia agora quais os espect\u00e1culos de apresenta\u00e7\u00e3o do disco.\u00a0<\/b><\/span><\/span><\/span><span style=\"font-family: Liberation Serif, serif;\"><span style=\"font-size: medium;\"><span style=\"color: #222222;\"><b>Mas com a actual pandemia instalada, pergunto-lhe qual o efeito e\u00a0<\/b><\/span><\/span><\/span><span style=\"font-family: Liberation Serif, serif;\"><span style=\"font-size: medium;\"><span style=\"color: #222222;\"><b>dimens\u00e3o financeira da actual situa\u00e7\u00e3o na sua vida enquanto artista?<\/b><\/span><\/p>\n<p><span style=\"color: #222222;\">Tenebrosa. Dediquei muito tempo a este disco e investi todo o dinheiro que me sobrava. Era agora que finalmente ia come\u00e7ar a amortizar o investimento e gerar algum rendimento. Com os concertos a serem adiados, vai ser complicado aguentar-me. Mas c\u00e1 estarei, de mangas arrega\u00e7adas.<\/span><\/span><\/span><\/p>\n<p><span style=\"font-family: Liberation Serif, serif;\"><span style=\"font-size: medium;\"><span style=\"color: #222222;\"><b>Sente que com tudo o que de mau esta pandemia traz, pode trazer para\u00a0<\/b><\/span><\/span><\/span><span style=\"font-family: Liberation Serif, serif;\"><span style=\"font-size: medium;\"><span style=\"color: #222222;\"><b>debate p\u00fablico a precaridade da classe art\u00edstica nacional?<\/b><\/span><\/p>\n<p><span style=\"color: #222222;\">Estou seguro disso mas h\u00e1 muito que esse debate j\u00e1 devia ter sido iniciado.<\/span><\/span><\/span><\/p>\n<p><span style=\"font-family: Liberation Serif, serif;\"><span style=\"font-size: medium;\"><span style=\"color: #222222;\"><b>Onde pode o p\u00fablico interagir consigo e aceder ao disco?<\/b><\/span><\/p>\n<p><span style=\"color: #222222;\">Convido-vos a seguirem-me no Instagram (<a href=\"https:\/\/www.instagram.com\/pedrodetroia\/?hl=pt\" target=\"_blank\" rel=\"noopener noreferrer\">@pedrodetroia<\/a>) e no <a href=\"https:\/\/www.facebook.com\/pedrodetroia\/?ref=br_rs\" target=\"_blank\" rel=\"noopener noreferrer\">Facebook<\/a>. A par disso, o disco pode ser escutado em todas as plataformas digitais e podem encomendar em formato f\u00edsico enviando um e-mail para geral@azafama.com<\/span><\/span><\/span><\/p>\n","protected":false},"excerpt":{"rendered":"<p>\u2018Depois logo se v\u00ea\u2019 \u00e9 o nome do disco de Pedro de Tr\u00f3ia e tamb\u00e9m o fio condutor a entrevista que o artista concedeu ao Infocul.pt .<\/p>\n","protected":false},"author":2,"featured_media":67787,"comment_status":"open","ping_status":"closed","sticky":false,"template":"","format":"standard","meta":{"footnotes":""},"categories":[2,36,4,4124],"tags":[8995],"class_list":["post-68649","post","type-post","status-publish","format-standard","has-post-thumbnail","hentry","category-cultura","category-destaque","category-discos","category-entrevistas","tag-pedro-de-troia"],"yoast_head":"<!-- This site is optimized with the Yoast SEO plugin v27.4 - https:\/\/yoast.com\/product\/yoast-seo-wordpress\/ -->\n<title>Pedro de Tr\u00f3ia tem novo disco mas assume que &quot;com os concertos a serem adiados, vai ser complicado aguentar-me&quot; | Infocul.pt - Arquivo Digital<\/title>\n<meta name=\"description\" content=\"Pedro de Tr\u00f3ia tem novo disco mas assume que &quot;com os concertos a serem adiados, vai ser complicado aguentar-me&quot; | Infocul.pt - Arquivo Digital\" \/>\n<meta name=\"robots\" content=\"noindex, follow, max-snippet:-1, max-image-preview:large, max-video-preview:-1\" \/>\n<meta property=\"og:locale\" content=\"pt_PT\" \/>\n<meta property=\"og:type\" content=\"article\" \/>\n<meta property=\"og:title\" content=\"Pedro de Tr\u00f3ia tem novo disco mas assume que &quot;com os concertos a serem adiados, vai ser complicado aguentar-me&quot; | Infocul.pt - Arquivo Digital\" \/>\n<meta property=\"og:description\" content=\"Pedro de Tr\u00f3ia tem novo disco mas assume que &quot;com os concertos a serem adiados, vai ser complicado aguentar-me&quot; | Infocul.pt - Arquivo Digital\" \/>\n<meta property=\"og:url\" content=\"https:\/\/infocul.pt\/arquivo\/cultura\/pedro-de-troia-tem-novo-disco-mas-assume-que-com-os-concertos-a-serem-adiados-vai-ser-complicado-aguentar-me\/\" \/>\n<meta property=\"og:site_name\" content=\"Infocul.pt - Arquivo Digital\" \/>\n<meta property=\"article:publisher\" content=\"https:\/\/www.facebook.com\/Infocul-147816815585015\/\" \/>\n<meta property=\"article:published_time\" content=\"2020-03-24T00:00:22+00:00\" \/>\n<meta property=\"og:image\" content=\"https:\/\/infocul.pt\/arquivo\/wp-content\/uploads\/2020\/03\/Pedro_de_Troia_2__Rita_Borba_.jpg\" \/>\n\t<meta property=\"og:image:width\" content=\"1024\" \/>\n\t<meta property=\"og:image:height\" content=\"683\" \/>\n\t<meta property=\"og:image:type\" content=\"image\/jpeg\" \/>\n<meta name=\"author\" content=\"Rui Lavrador\" \/>\n<meta name=\"twitter:card\" content=\"summary_large_image\" \/>\n<meta name=\"twitter:creator\" content=\"@Infoculpt\" \/>\n<meta name=\"twitter:site\" content=\"@Infoculpt\" \/>\n<meta name=\"twitter:label1\" content=\"Escrito por\" \/>\n\t<meta name=\"twitter:data1\" content=\"Rui Lavrador\" \/>\n\t<meta name=\"twitter:label2\" content=\"Tempo estimado de leitura\" \/>\n\t<meta name=\"twitter:data2\" content=\"4 minutos\" \/>\n<script type=\"application\/ld+json\" class=\"yoast-schema-graph\">{\"@context\":\"https:\\\/\\\/schema.org\",\"@graph\":[{\"@type\":\"Article\",\"@id\":\"https:\\\/\\\/infocul.pt\\\/arquivo\\\/cultura\\\/pedro-de-troia-tem-novo-disco-mas-assume-que-com-os-concertos-a-serem-adiados-vai-ser-complicado-aguentar-me\\\/#article\",\"isPartOf\":{\"@id\":\"https:\\\/\\\/infocul.pt\\\/arquivo\\\/cultura\\\/pedro-de-troia-tem-novo-disco-mas-assume-que-com-os-concertos-a-serem-adiados-vai-ser-complicado-aguentar-me\\\/\"},\"author\":{\"name\":\"Rui Lavrador\",\"@id\":\"https:\\\/\\\/infocul.pt\\\/arquivo\\\/#\\\/schema\\\/person\\\/060a108d7f2d85fc6aae505119ee5234\"},\"headline\":\"Pedro de Tr\u00f3ia tem novo disco mas assume que &#8220;com os concertos a serem adiados, vai ser complicado aguentar-me&#8221;\",\"datePublished\":\"2020-03-24T00:00:22+00:00\",\"mainEntityOfPage\":{\"@id\":\"https:\\\/\\\/infocul.pt\\\/arquivo\\\/cultura\\\/pedro-de-troia-tem-novo-disco-mas-assume-que-com-os-concertos-a-serem-adiados-vai-ser-complicado-aguentar-me\\\/\"},\"wordCount\":892,\"commentCount\":0,\"publisher\":{\"@id\":\"https:\\\/\\\/infocul.pt\\\/arquivo\\\/#organization\"},\"image\":{\"@id\":\"https:\\\/\\\/infocul.pt\\\/arquivo\\\/cultura\\\/pedro-de-troia-tem-novo-disco-mas-assume-que-com-os-concertos-a-serem-adiados-vai-ser-complicado-aguentar-me\\\/#primaryimage\"},\"thumbnailUrl\":\"https:\\\/\\\/infocul.pt\\\/arquivo\\\/wp-content\\\/uploads\\\/2020\\\/03\\\/Pedro_de_Troia_2__Rita_Borba_.jpg\",\"keywords\":[\"Pedro de Tr\u00f3ia\"],\"articleSection\":[\"Cultura\",\"Destaque\",\"Discos\",\"Entrevistas\"],\"inLanguage\":\"pt-PT\"},{\"@type\":\"WebPage\",\"@id\":\"https:\\\/\\\/infocul.pt\\\/arquivo\\\/cultura\\\/pedro-de-troia-tem-novo-disco-mas-assume-que-com-os-concertos-a-serem-adiados-vai-ser-complicado-aguentar-me\\\/\",\"url\":\"https:\\\/\\\/infocul.pt\\\/arquivo\\\/cultura\\\/pedro-de-troia-tem-novo-disco-mas-assume-que-com-os-concertos-a-serem-adiados-vai-ser-complicado-aguentar-me\\\/\",\"name\":\"Pedro de Tr\u00f3ia tem novo disco mas assume que \\\"com os concertos a serem adiados, vai ser complicado aguentar-me\\\" | Infocul.pt - Arquivo Digital\",\"isPartOf\":{\"@id\":\"https:\\\/\\\/infocul.pt\\\/arquivo\\\/#website\"},\"primaryImageOfPage\":{\"@id\":\"https:\\\/\\\/infocul.pt\\\/arquivo\\\/cultura\\\/pedro-de-troia-tem-novo-disco-mas-assume-que-com-os-concertos-a-serem-adiados-vai-ser-complicado-aguentar-me\\\/#primaryimage\"},\"image\":{\"@id\":\"https:\\\/\\\/infocul.pt\\\/arquivo\\\/cultura\\\/pedro-de-troia-tem-novo-disco-mas-assume-que-com-os-concertos-a-serem-adiados-vai-ser-complicado-aguentar-me\\\/#primaryimage\"},\"thumbnailUrl\":\"https:\\\/\\\/infocul.pt\\\/arquivo\\\/wp-content\\\/uploads\\\/2020\\\/03\\\/Pedro_de_Troia_2__Rita_Borba_.jpg\",\"datePublished\":\"2020-03-24T00:00:22+00:00\",\"description\":\"Pedro de Tr\u00f3ia tem novo disco mas assume que \\\"com os concertos a serem adiados, vai ser complicado aguentar-me\\\" | Infocul.pt - Arquivo Digital\",\"breadcrumb\":{\"@id\":\"https:\\\/\\\/infocul.pt\\\/arquivo\\\/cultura\\\/pedro-de-troia-tem-novo-disco-mas-assume-que-com-os-concertos-a-serem-adiados-vai-ser-complicado-aguentar-me\\\/#breadcrumb\"},\"inLanguage\":\"pt-PT\",\"potentialAction\":[{\"@type\":\"ReadAction\",\"target\":[\"https:\\\/\\\/infocul.pt\\\/arquivo\\\/cultura\\\/pedro-de-troia-tem-novo-disco-mas-assume-que-com-os-concertos-a-serem-adiados-vai-ser-complicado-aguentar-me\\\/\"]}]},{\"@type\":\"ImageObject\",\"inLanguage\":\"pt-PT\",\"@id\":\"https:\\\/\\\/infocul.pt\\\/arquivo\\\/cultura\\\/pedro-de-troia-tem-novo-disco-mas-assume-que-com-os-concertos-a-serem-adiados-vai-ser-complicado-aguentar-me\\\/#primaryimage\",\"url\":\"https:\\\/\\\/infocul.pt\\\/arquivo\\\/wp-content\\\/uploads\\\/2020\\\/03\\\/Pedro_de_Troia_2__Rita_Borba_.jpg\",\"contentUrl\":\"https:\\\/\\\/infocul.pt\\\/arquivo\\\/wp-content\\\/uploads\\\/2020\\\/03\\\/Pedro_de_Troia_2__Rita_Borba_.jpg\",\"width\":1024,\"height\":683},{\"@type\":\"BreadcrumbList\",\"@id\":\"https:\\\/\\\/infocul.pt\\\/arquivo\\\/cultura\\\/pedro-de-troia-tem-novo-disco-mas-assume-que-com-os-concertos-a-serem-adiados-vai-ser-complicado-aguentar-me\\\/#breadcrumb\",\"itemListElement\":[{\"@type\":\"ListItem\",\"position\":1,\"name\":\"Home\",\"item\":\"https:\\\/\\\/infocul.pt\\\/arquivo\\\/\"},{\"@type\":\"ListItem\",\"position\":2,\"name\":\"Pedro de Tr\u00f3ia tem novo disco mas assume que &#8220;com os concertos a serem adiados, vai ser complicado aguentar-me&#8221;\"}]},{\"@type\":\"WebSite\",\"@id\":\"https:\\\/\\\/infocul.pt\\\/arquivo\\\/#website\",\"url\":\"https:\\\/\\\/infocul.pt\\\/arquivo\\\/\",\"name\":\"Infocul.pt - Arquivo Digital\",\"description\":\"Arquivo digital da Infocul.pt\",\"publisher\":{\"@id\":\"https:\\\/\\\/infocul.pt\\\/arquivo\\\/#organization\"},\"potentialAction\":[{\"@type\":\"SearchAction\",\"target\":{\"@type\":\"EntryPoint\",\"urlTemplate\":\"https:\\\/\\\/infocul.pt\\\/arquivo\\\/?s={search_term_string}\"},\"query-input\":{\"@type\":\"PropertyValueSpecification\",\"valueRequired\":true,\"valueName\":\"search_term_string\"}}],\"inLanguage\":\"pt-PT\"},{\"@type\":\"Organization\",\"@id\":\"https:\\\/\\\/infocul.pt\\\/arquivo\\\/#organization\",\"name\":\"Infocul.pt\",\"url\":\"https:\\\/\\\/infocul.pt\\\/arquivo\\\/\",\"logo\":{\"@type\":\"ImageObject\",\"inLanguage\":\"pt-PT\",\"@id\":\"https:\\\/\\\/infocul.pt\\\/arquivo\\\/#\\\/schema\\\/logo\\\/image\\\/\",\"url\":\"https:\\\/\\\/infocul.pt\\\/arquivo\\\/wp-content\\\/uploads\\\/2018\\\/12\\\/Infocul_logo-1.png\",\"contentUrl\":\"https:\\\/\\\/infocul.pt\\\/arquivo\\\/wp-content\\\/uploads\\\/2018\\\/12\\\/Infocul_logo-1.png\",\"width\":800,\"height\":800,\"caption\":\"Infocul.pt\"},\"image\":{\"@id\":\"https:\\\/\\\/infocul.pt\\\/arquivo\\\/#\\\/schema\\\/logo\\\/image\\\/\"},\"sameAs\":[\"https:\\\/\\\/www.facebook.com\\\/Infocul-147816815585015\\\/\",\"https:\\\/\\\/x.com\\\/Infoculpt\",\"http:\\\/\\\/www.pictaram.com\\\/user\\\/infocul.pt\\\/2370423710\",\"https:\\\/\\\/www.youtube.com\\\/channel\\\/UCYEB91AGI9FL9ek2i_IaQAA\"]},{\"@type\":\"Person\",\"@id\":\"https:\\\/\\\/infocul.pt\\\/arquivo\\\/#\\\/schema\\\/person\\\/060a108d7f2d85fc6aae505119ee5234\",\"name\":\"Rui Lavrador\",\"image\":{\"@type\":\"ImageObject\",\"inLanguage\":\"pt-PT\",\"@id\":\"https:\\\/\\\/secure.gravatar.com\\\/avatar\\\/93febd6873394aa8e975148548a0cb203acfdd42d2c85c5f1408e1a76678aece?s=96&d=mm&r=g\",\"url\":\"https:\\\/\\\/secure.gravatar.com\\\/avatar\\\/93febd6873394aa8e975148548a0cb203acfdd42d2c85c5f1408e1a76678aece?s=96&d=mm&r=g\",\"contentUrl\":\"https:\\\/\\\/secure.gravatar.com\\\/avatar\\\/93febd6873394aa8e975148548a0cb203acfdd42d2c85c5f1408e1a76678aece?s=96&d=mm&r=g\",\"caption\":\"Rui Lavrador\"},\"description\":\"Iniciou em 2011 o seu percurso em comunica\u00e7\u00e3o social, tendo integrado v\u00e1rios projectos editoriais. Durante o seu percurso integrou projectos como Jornal Hardm\u00fasica, LusoNot\u00edcias, Toureio.pt, ODigital.pt, entre outros \u00d3rg\u00e3os de Comunica\u00e7\u00e3o Social nacionais, na redac\u00e7\u00e3o de v\u00e1rios artigos. Entrevistou a grande maioria das personalidades mais importantes da vida social e cultural do pa\u00eds, destacando-se, tamb\u00e9m, na aprecia\u00e7\u00e3o de v\u00e1rios espect\u00e1culos. Durante o seu percurso, deu a conhecer v\u00e1rios artistas, at\u00e9 ent\u00e3o desconhecidos, ao grande p\u00fablico. Em 2015 criou e fundou o Infocul.pt, projecto no qual assume a direc\u00e7\u00e3o editorial.\",\"sameAs\":[\"http:\\\/\\\/www.infocul.pt\"]}]}<\/script>\n<!-- \/ Yoast SEO plugin. -->","yoast_head_json":{"title":"Pedro de Tr\u00f3ia tem novo disco mas assume que \"com os concertos a serem adiados, vai ser complicado aguentar-me\" | Infocul.pt - Arquivo Digital","description":"Pedro de Tr\u00f3ia tem novo disco mas assume que \"com os concertos a serem adiados, vai ser complicado aguentar-me\" | Infocul.pt - Arquivo Digital","robots":{"index":"noindex","follow":"follow","max-snippet":"max-snippet:-1","max-image-preview":"max-image-preview:large","max-video-preview":"max-video-preview:-1"},"og_locale":"pt_PT","og_type":"article","og_title":"Pedro de Tr\u00f3ia tem novo disco mas assume que \"com os concertos a serem adiados, vai ser complicado aguentar-me\" | Infocul.pt - Arquivo Digital","og_description":"Pedro de Tr\u00f3ia tem novo disco mas assume que \"com os concertos a serem adiados, vai ser complicado aguentar-me\" | Infocul.pt - Arquivo Digital","og_url":"https:\/\/infocul.pt\/arquivo\/cultura\/pedro-de-troia-tem-novo-disco-mas-assume-que-com-os-concertos-a-serem-adiados-vai-ser-complicado-aguentar-me\/","og_site_name":"Infocul.pt - Arquivo Digital","article_publisher":"https:\/\/www.facebook.com\/Infocul-147816815585015\/","article_published_time":"2020-03-24T00:00:22+00:00","og_image":[{"width":1024,"height":683,"url":"https:\/\/infocul.pt\/arquivo\/wp-content\/uploads\/2020\/03\/Pedro_de_Troia_2__Rita_Borba_.jpg","type":"image\/jpeg"}],"author":"Rui Lavrador","twitter_card":"summary_large_image","twitter_creator":"@Infoculpt","twitter_site":"@Infoculpt","twitter_misc":{"Escrito por":"Rui Lavrador","Tempo estimado de leitura":"4 minutos"},"schema":{"@context":"https:\/\/schema.org","@graph":[{"@type":"Article","@id":"https:\/\/infocul.pt\/arquivo\/cultura\/pedro-de-troia-tem-novo-disco-mas-assume-que-com-os-concertos-a-serem-adiados-vai-ser-complicado-aguentar-me\/#article","isPartOf":{"@id":"https:\/\/infocul.pt\/arquivo\/cultura\/pedro-de-troia-tem-novo-disco-mas-assume-que-com-os-concertos-a-serem-adiados-vai-ser-complicado-aguentar-me\/"},"author":{"name":"Rui Lavrador","@id":"https:\/\/infocul.pt\/arquivo\/#\/schema\/person\/060a108d7f2d85fc6aae505119ee5234"},"headline":"Pedro de Tr\u00f3ia tem novo disco mas assume que &#8220;com os concertos a serem adiados, vai ser complicado aguentar-me&#8221;","datePublished":"2020-03-24T00:00:22+00:00","mainEntityOfPage":{"@id":"https:\/\/infocul.pt\/arquivo\/cultura\/pedro-de-troia-tem-novo-disco-mas-assume-que-com-os-concertos-a-serem-adiados-vai-ser-complicado-aguentar-me\/"},"wordCount":892,"commentCount":0,"publisher":{"@id":"https:\/\/infocul.pt\/arquivo\/#organization"},"image":{"@id":"https:\/\/infocul.pt\/arquivo\/cultura\/pedro-de-troia-tem-novo-disco-mas-assume-que-com-os-concertos-a-serem-adiados-vai-ser-complicado-aguentar-me\/#primaryimage"},"thumbnailUrl":"https:\/\/infocul.pt\/arquivo\/wp-content\/uploads\/2020\/03\/Pedro_de_Troia_2__Rita_Borba_.jpg","keywords":["Pedro de Tr\u00f3ia"],"articleSection":["Cultura","Destaque","Discos","Entrevistas"],"inLanguage":"pt-PT"},{"@type":"WebPage","@id":"https:\/\/infocul.pt\/arquivo\/cultura\/pedro-de-troia-tem-novo-disco-mas-assume-que-com-os-concertos-a-serem-adiados-vai-ser-complicado-aguentar-me\/","url":"https:\/\/infocul.pt\/arquivo\/cultura\/pedro-de-troia-tem-novo-disco-mas-assume-que-com-os-concertos-a-serem-adiados-vai-ser-complicado-aguentar-me\/","name":"Pedro de Tr\u00f3ia tem novo disco mas assume que \"com os concertos a serem adiados, vai ser complicado aguentar-me\" | Infocul.pt - Arquivo Digital","isPartOf":{"@id":"https:\/\/infocul.pt\/arquivo\/#website"},"primaryImageOfPage":{"@id":"https:\/\/infocul.pt\/arquivo\/cultura\/pedro-de-troia-tem-novo-disco-mas-assume-que-com-os-concertos-a-serem-adiados-vai-ser-complicado-aguentar-me\/#primaryimage"},"image":{"@id":"https:\/\/infocul.pt\/arquivo\/cultura\/pedro-de-troia-tem-novo-disco-mas-assume-que-com-os-concertos-a-serem-adiados-vai-ser-complicado-aguentar-me\/#primaryimage"},"thumbnailUrl":"https:\/\/infocul.pt\/arquivo\/wp-content\/uploads\/2020\/03\/Pedro_de_Troia_2__Rita_Borba_.jpg","datePublished":"2020-03-24T00:00:22+00:00","description":"Pedro de Tr\u00f3ia tem novo disco mas assume que \"com os concertos a serem adiados, vai ser complicado aguentar-me\" | Infocul.pt - Arquivo Digital","breadcrumb":{"@id":"https:\/\/infocul.pt\/arquivo\/cultura\/pedro-de-troia-tem-novo-disco-mas-assume-que-com-os-concertos-a-serem-adiados-vai-ser-complicado-aguentar-me\/#breadcrumb"},"inLanguage":"pt-PT","potentialAction":[{"@type":"ReadAction","target":["https:\/\/infocul.pt\/arquivo\/cultura\/pedro-de-troia-tem-novo-disco-mas-assume-que-com-os-concertos-a-serem-adiados-vai-ser-complicado-aguentar-me\/"]}]},{"@type":"ImageObject","inLanguage":"pt-PT","@id":"https:\/\/infocul.pt\/arquivo\/cultura\/pedro-de-troia-tem-novo-disco-mas-assume-que-com-os-concertos-a-serem-adiados-vai-ser-complicado-aguentar-me\/#primaryimage","url":"https:\/\/infocul.pt\/arquivo\/wp-content\/uploads\/2020\/03\/Pedro_de_Troia_2__Rita_Borba_.jpg","contentUrl":"https:\/\/infocul.pt\/arquivo\/wp-content\/uploads\/2020\/03\/Pedro_de_Troia_2__Rita_Borba_.jpg","width":1024,"height":683},{"@type":"BreadcrumbList","@id":"https:\/\/infocul.pt\/arquivo\/cultura\/pedro-de-troia-tem-novo-disco-mas-assume-que-com-os-concertos-a-serem-adiados-vai-ser-complicado-aguentar-me\/#breadcrumb","itemListElement":[{"@type":"ListItem","position":1,"name":"Home","item":"https:\/\/infocul.pt\/arquivo\/"},{"@type":"ListItem","position":2,"name":"Pedro de Tr\u00f3ia tem novo disco mas assume que &#8220;com os concertos a serem adiados, vai ser complicado aguentar-me&#8221;"}]},{"@type":"WebSite","@id":"https:\/\/infocul.pt\/arquivo\/#website","url":"https:\/\/infocul.pt\/arquivo\/","name":"Infocul.pt - Arquivo Digital","description":"Arquivo digital da Infocul.pt","publisher":{"@id":"https:\/\/infocul.pt\/arquivo\/#organization"},"potentialAction":[{"@type":"SearchAction","target":{"@type":"EntryPoint","urlTemplate":"https:\/\/infocul.pt\/arquivo\/?s={search_term_string}"},"query-input":{"@type":"PropertyValueSpecification","valueRequired":true,"valueName":"search_term_string"}}],"inLanguage":"pt-PT"},{"@type":"Organization","@id":"https:\/\/infocul.pt\/arquivo\/#organization","name":"Infocul.pt","url":"https:\/\/infocul.pt\/arquivo\/","logo":{"@type":"ImageObject","inLanguage":"pt-PT","@id":"https:\/\/infocul.pt\/arquivo\/#\/schema\/logo\/image\/","url":"https:\/\/infocul.pt\/arquivo\/wp-content\/uploads\/2018\/12\/Infocul_logo-1.png","contentUrl":"https:\/\/infocul.pt\/arquivo\/wp-content\/uploads\/2018\/12\/Infocul_logo-1.png","width":800,"height":800,"caption":"Infocul.pt"},"image":{"@id":"https:\/\/infocul.pt\/arquivo\/#\/schema\/logo\/image\/"},"sameAs":["https:\/\/www.facebook.com\/Infocul-147816815585015\/","https:\/\/x.com\/Infoculpt","http:\/\/www.pictaram.com\/user\/infocul.pt\/2370423710","https:\/\/www.youtube.com\/channel\/UCYEB91AGI9FL9ek2i_IaQAA"]},{"@type":"Person","@id":"https:\/\/infocul.pt\/arquivo\/#\/schema\/person\/060a108d7f2d85fc6aae505119ee5234","name":"Rui Lavrador","image":{"@type":"ImageObject","inLanguage":"pt-PT","@id":"https:\/\/secure.gravatar.com\/avatar\/93febd6873394aa8e975148548a0cb203acfdd42d2c85c5f1408e1a76678aece?s=96&d=mm&r=g","url":"https:\/\/secure.gravatar.com\/avatar\/93febd6873394aa8e975148548a0cb203acfdd42d2c85c5f1408e1a76678aece?s=96&d=mm&r=g","contentUrl":"https:\/\/secure.gravatar.com\/avatar\/93febd6873394aa8e975148548a0cb203acfdd42d2c85c5f1408e1a76678aece?s=96&d=mm&r=g","caption":"Rui Lavrador"},"description":"Iniciou em 2011 o seu percurso em comunica\u00e7\u00e3o social, tendo integrado v\u00e1rios projectos editoriais. Durante o seu percurso integrou projectos como Jornal Hardm\u00fasica, LusoNot\u00edcias, Toureio.pt, ODigital.pt, entre outros \u00d3rg\u00e3os de Comunica\u00e7\u00e3o Social nacionais, na redac\u00e7\u00e3o de v\u00e1rios artigos. Entrevistou a grande maioria das personalidades mais importantes da vida social e cultural do pa\u00eds, destacando-se, tamb\u00e9m, na aprecia\u00e7\u00e3o de v\u00e1rios espect\u00e1culos. Durante o seu percurso, deu a conhecer v\u00e1rios artistas, at\u00e9 ent\u00e3o desconhecidos, ao grande p\u00fablico. Em 2015 criou e fundou o Infocul.pt, projecto no qual assume a direc\u00e7\u00e3o editorial.","sameAs":["http:\/\/www.infocul.pt"]}]}},"_links":{"self":[{"href":"https:\/\/infocul.pt\/arquivo\/wp-json\/wp\/v2\/posts\/68649","targetHints":{"allow":["GET"]}}],"collection":[{"href":"https:\/\/infocul.pt\/arquivo\/wp-json\/wp\/v2\/posts"}],"about":[{"href":"https:\/\/infocul.pt\/arquivo\/wp-json\/wp\/v2\/types\/post"}],"author":[{"embeddable":true,"href":"https:\/\/infocul.pt\/arquivo\/wp-json\/wp\/v2\/users\/2"}],"replies":[{"embeddable":true,"href":"https:\/\/infocul.pt\/arquivo\/wp-json\/wp\/v2\/comments?post=68649"}],"version-history":[{"count":0,"href":"https:\/\/infocul.pt\/arquivo\/wp-json\/wp\/v2\/posts\/68649\/revisions"}],"wp:featuredmedia":[{"embeddable":true,"href":"https:\/\/infocul.pt\/arquivo\/wp-json\/wp\/v2\/media\/67787"}],"wp:attachment":[{"href":"https:\/\/infocul.pt\/arquivo\/wp-json\/wp\/v2\/media?parent=68649"}],"wp:term":[{"taxonomy":"category","embeddable":true,"href":"https:\/\/infocul.pt\/arquivo\/wp-json\/wp\/v2\/categories?post=68649"},{"taxonomy":"post_tag","embeddable":true,"href":"https:\/\/infocul.pt\/arquivo\/wp-json\/wp\/v2\/tags?post=68649"}],"curies":[{"name":"wp","href":"https:\/\/api.w.org\/{rel}","templated":true}]}}