{"id":68675,"date":"2020-03-25T00:00:07","date_gmt":"2020-03-25T00:00:07","guid":{"rendered":"https:\/\/infocul.pt\/?p=68675"},"modified":"2020-03-23T18:50:10","modified_gmt":"2020-03-23T18:50:10","slug":"ha-um-livro-no-qual-pode-usufruir-de-uma-historia-do-sporting-factualmente-sustentada-em-fontes-e-analisada-diacronicamente","status":"publish","type":"post","link":"https:\/\/infocul.pt\/arquivo\/cultura\/ha-um-livro-no-qual-pode-usufruir-de-uma-historia-do-sporting-factualmente-sustentada-em-fontes-e-analisada-diacronicamente\/","title":{"rendered":"H\u00e1 um livro no qual pode &#8220;usufruir de uma hist\u00f3ria do Sporting factualmente sustentada em fontes e analisada diacronicamente&#8221;"},"content":{"rendered":"<p><img decoding=\"async\" class=\"aligncenter wp-image-68676 size-large lazyload\" data-src=\"https:\/\/infocul.pt\/arquivo\/wp-content\/uploads\/2020\/03\/CAPA_Hist\u00f3ria-do-Sporting-Clube-de-Portugal-684x1024.jpg\" alt=\"\" width=\"684\" height=\"1024\" data-srcset=\"https:\/\/infocul.pt\/arquivo\/wp-content\/uploads\/2020\/03\/CAPA_Hist\u00f3ria-do-Sporting-Clube-de-Portugal.jpg 684w, https:\/\/infocul.pt\/arquivo\/wp-content\/uploads\/2020\/03\/CAPA_Hist\u00f3ria-do-Sporting-Clube-de-Portugal-200x300.jpg 200w, https:\/\/infocul.pt\/arquivo\/wp-content\/uploads\/2020\/03\/CAPA_Hist\u00f3ria-do-Sporting-Clube-de-Portugal-768x1150.jpg 768w\" data-sizes=\"(max-width: 684px) 100vw, 684px\" src=\"data:image\/svg+xml;base64,PHN2ZyB3aWR0aD0iMSIgaGVpZ2h0PSIxIiB4bWxucz0iaHR0cDovL3d3dy53My5vcmcvMjAwMC9zdmciPjwvc3ZnPg==\" style=\"--smush-placeholder-width: 684px; --smush-placeholder-aspect-ratio: 684\/1024;\" \/><\/p>\n<p><span style=\"color: #222222;\"><span style=\"font-family: Liberation Serif, serif;\"><span style=\"font-size: medium;\">Lu\u00eds Augusto Costa Dias e Paulo J.S.Barata assinam o livro \u2018Hist\u00f3ria do Sporting Clube de Portugal\u2019 editado pela Contraponto, no centen\u00e1rio da morte de Jos\u00e9 Alvalade.<\/span><\/span><\/span><!--more--><\/p>\n<p><span style=\"color: #222222;\"><span style=\"font-family: Liberation Serif, serif;\"><span style=\"font-size: medium;\">E foi obre este novo livro que concederam ao Infocul.pt uma extensa entrevista, na qual explicam a idealiza\u00e7\u00e3o do projecto, o objectivo, a mensagem e o que traz de novo \u00e0 j\u00e1, por todos n\u00f3s conhecida, hist\u00f3ria do Sporting Clube de Portugal.<\/span><\/span><\/span><\/p>\n<p><span style=\"color: #222222;\"><span style=\"font-family: Liberation Serif, serif;\"><span style=\"font-size: medium;\">A ideia do livro surgiu h\u00e1 dois anos e meio, aproximadamente, quando Lu\u00eds Costa Dias \u201c<\/span><\/span><\/span><span style=\"color: #222222;\"><span style=\"font-family: Liberation Serif, serif;\"><span style=\"font-size: medium;\"><i><b>estudava os reflexos, no campo desportivo, da emerg\u00eancia da cultura de massas em Portugal, na viragem do s\u00e9culo XIX para o s\u00e9culo XX<\/b><\/i><\/span><\/span><\/span><span style=\"color: #222222;\"><span style=\"font-family: Liberation Serif, serif;\"><span style=\"font-size: medium;\"><i>\u201d, <\/i><\/span><\/span><\/span><span style=\"color: #222222;\"><span style=\"font-family: Liberation Serif, serif;\"><span style=\"font-size: medium;\">como nos referem na entrevista.<\/span><\/span><\/span><\/p>\n<p><span style=\"color: #222222;\"><span style=\"font-family: Liberation Serif, serif;\"><span style=\"font-size: medium;\">Explicaram-nos tamb\u00e9m de que \u201c<\/span><\/span><\/span><span style=\"color: #222222;\"><span style=\"font-family: Liberation Serif, serif;\"><span style=\"font-size: medium;\"><b>a<\/b><\/span><\/span><\/span><span style=\"color: #222222;\"><span style=\"font-family: Liberation Serif, serif;\"><span style=\"font-size: medium;\"><i><b> pesquisa espec\u00edfica sobre as origens do Sporting Clube de Portugal dura h\u00e1 pouco mais de dois anos, mas a pesquisa sobre as transforma\u00e7\u00f5es operadas no campo desportivo e que permitiu enquadrar a primeira tem j\u00e1 quatro anos<\/b><\/i><\/span><\/span><\/span><span style=\"color: #222222;\"><span style=\"font-family: Liberation Serif, serif;\"><span style=\"font-size: medium;\"><i>\u201d<\/i><\/span><\/span><\/span><\/p>\n<p><span style=\"color: #222222;\"><span style=\"font-family: Liberation Serif, serif;\"><span style=\"font-size: medium;\">Esperam que o p\u00fablico posa, atrav\u00e9s deste livro, conhecer \u201c<\/span><\/span><\/span><span style=\"color: #222222;\"><span style=\"font-family: Liberation Serif, serif;\"><span style=\"font-size: medium;\"><i><b>uma hist\u00f3ria do Sporting factualmente sustentada em fontes e analisada diacronicamente, em circunst\u00e2ncias hist\u00f3ricas precisas, com factos apurados at\u00e9 \u00e0 exaust\u00e3o, com a m\u00e1xima aproxima\u00e7\u00e3o ao passado, com rigor e deontologia, sem anacronismos, sem facciosismos nem distor\u00e7\u00f5es de conveni\u00eancia<\/b><\/i><\/span><\/span><\/span><span style=\"color: #222222;\"><span style=\"font-family: Liberation Serif, serif;\"><span style=\"font-size: medium;\"><i>\u201d.<\/i><\/span><\/span><\/span><\/p>\n<p><span style=\"color: #222222;\"><span style=\"font-family: Liberation Serif, serif;\"><span style=\"font-size: medium;\">Na entrevista concedida ao Infocul.pt d\u00e3o ainda conta de que \u201c<\/span><\/span><\/span><span style=\"color: #222222;\"><span style=\"font-family: Liberation Serif, serif;\"><span style=\"font-size: medium;\"><i><b>sobre a vida, a obra e o pensamento de Jos\u00e9 Alvalade, ser\u00e1 objeto de uma biografia, completamente in\u00e9dita, que est\u00e1 j\u00e1 praticamente conclu\u00edda e que contamos seja publicada em breve.<\/b><\/i><\/span><\/span><\/span><span style=\"color: #222222;\"><span style=\"font-family: Liberation Serif, serif;\"><span style=\"font-size: medium;\"><i>\u201d<\/i><\/span><\/span><\/span><\/p>\n<p><span style=\"color: #222222;\"><span style=\"font-family: Liberation Serif, serif;\"><span style=\"font-size: medium;\">A entrevista completa para ler, de seguida.<\/span><\/span><\/span><\/p>\n<p><b><span style=\"color: #222222;\"><span style=\"font-family: Liberation Serif, serif;\"><span style=\"font-size: medium;\">Quando surgiu a ideia de escrever a Hist\u00f3ria do Sporting Clube de Portugal?<\/span><\/span><\/span><\/b><\/p>\n<p><i><span style=\"color: #222222;\"><span style=\"font-family: Liberation Serif, serif;\"><span style=\"font-size: medium;\">A ideia surgiu h\u00e1 cerca de dois anos e meio. Por essa altura, um de n\u00f3s, o Lu\u00eds Costa Dias, estudava os reflexos, no campo desportivo, da emerg\u00eancia da cultura de massas em Portugal, na viragem do s\u00e9culo XIX para o s\u00e9culo XX. E chegou um momento em que percebemos que o ano de 1906, justamente o do nascimento do Sporting, foi marcado por um conjunto de altera\u00e7\u00f5es no campo desportivo, quer ao n\u00edvel das pr\u00e1ticas do desporto, quer dos meios sociais em que este se praticava, quer da forma de organiza\u00e7\u00e3o dos eventos, quer ainda do surgimento das estruturas desportivas. E, claro est\u00e1, das rela\u00e7\u00f5es conjugadas entre todos estes aspetos. \u00c9 o ano que marca a passagem da pr\u00e9-Hist\u00f3ria para a Hist\u00f3ria do desporto em Portugal, uma esp\u00e9cie de ano zero do desporto moderno. Foi o ano em que viram a luz do dia as primeiras \u00abLeis do Jogo\u00bb de \u00abFoot-Ball Association\u00bb, traduzidas para portugu\u00eas por Carlos Vilar a partir da Referee\u2019s chart, que definia o conjunto de regras inglesas em vigor desde o ano anterior. Terminava, por assim dizer, a pr\u00e9-hist\u00f3ria do jogo, em que este desporto n\u00e3o tinha regras escritas e, portanto, universais. \u00c0 \u00e9poca, o futebol era n\u00e3o apenas uma modalidade importante no contexto dessas transforma\u00e7\u00f5es, mas funcionou como motor, como d\u00ednamo que arrastou as restantes modalidades para uma nova conce\u00e7\u00e3o da pr\u00e1tica desportiva, organizada e regulamentada. E nesse momento, em que 1906 se revelou para n\u00f3s como ano charneira, descobrirmos tamb\u00e9m que ambos \u00e9ramos sportinguistas, sem que nos turvasse qualquer clubismo na an\u00e1lise distanciada do tema e na sua problematiza\u00e7\u00e3o. Um dia, ao discutirmos as incid\u00eancias de uma jornada futebol\u00edstica e vendo um conjunto de livros sobre o Sporting que o Paulo Barata tinha na estante, troc\u00e1mos impress\u00f5es sobre os mesmos e ambos constat\u00e1mos com estranheza n\u00e3o existir ainda uma hist\u00f3ria do Sporting escrita com rigor hist\u00f3rico, apoiada e sustentada por fontes devidamente auditadas e referenciadas. E logo ali surgiu o repto de escrever uma Hist\u00f3ria do Sporting. E o projeto come\u00e7ou assim desta forma singela\u2026<\/span><\/span><\/span><\/i><\/p>\n<p><i><span style=\"color: #222222;\"><span style=\"font-family: Liberation Serif, serif;\"><span style=\"font-size: medium;\">Depois, na pesquisa dos jornais e revistas da \u00e9poca, desportivos e generalistas, esquadrinhados de cabo a rabo, foi surgindo muita informa\u00e7\u00e3o in\u00e9dita ou pouco conhecida, como por exemplo um artigo de Jos\u00e9 Alvalade. E numa reuni\u00e3o em que elenc\u00e1mos \u00abpistas\u00bb de investiga\u00e7\u00e3o a seguir surgiu a ideia de contacto com o Dr. Jos\u00e9 Roquette, neto de Jos\u00e9 Alvalade. Uma simples \u00abmensagem\u00bb enviada para a Herdade do Espor\u00e3o revelou-se frut\u00edfera e, uma semanas depois, ap\u00f3s alguns contactos eletr\u00f3nicos e telef\u00f3nicos, est\u00e1vamos \u00e0 frente do Dr. Jos\u00e9 Roquette, que nos referiu ter duas caixas, na verdade duas \u00ablatas\u00bb, com documentos que pertenceram ao Visconde de Alvalade, seu trisav\u00f4 e av\u00f4 de Jos\u00e9 Alvalade. Era documenta\u00e7\u00e3o que estava numa casa na rua do Carmo, usada pelo Visconde para pernoitar quando vinha \u00e0 \u00f3pera ao S. Carlos e n\u00e3o queria empreender a viagem de regresso at\u00e9 \u00e0 Vila Holtreman no Lumiar. Era documenta\u00e7\u00e3o totalmente desconhecida e que aclarava alguns aspetos dos primeiros anos da vida do Sporting. <\/span><\/span><\/span><\/i><\/p>\n<p><i><span style=\"color: #222222;\"><span style=\"font-family: Liberation Serif, serif;\"><span style=\"font-size: medium;\">Tudo somado, est\u00e1vamos perante a perspetiva de uma nova Hist\u00f3ria do Sporting Clube de Portugal. N\u00e3o de uma rescrita, mas de um apuramento exaustivo, maximamente baseado em fontes prim\u00e1rias da \u00e9poca, da sua hist\u00f3ria, dos factos, dos lugares e das circunst\u00e2ncias em que o clube nasceu e se desenvolveu. <\/span><\/span><\/span><\/i><\/p>\n<p><b><span style=\"color: #222222;\"><span style=\"font-family: Liberation Serif, serif;\"><span style=\"font-size: medium;\">Quanto tempo demorou toda a investiga\u00e7\u00e3o, an\u00e1lise de documentos e toda a investiga\u00e7\u00e3o que apresentam neste livro?<\/span><\/span><\/span><\/b><\/p>\n<p><i><span style=\"color: #222222;\"><span style=\"font-family: Liberation Serif, serif;\"><span style=\"font-size: medium;\">A pesquisa espec\u00edfica sobre as origens do Sporting Clube de Portugal dura h\u00e1 pouco mais de dois anos, mas a pesquisa sobre as transforma\u00e7\u00f5es operadas no campo desportivo e que permitiu enquadrar a primeira tem j\u00e1 quatro anos. A investiga\u00e7\u00e3o sobre os primeiros tempos do Sporting coincidiu tamb\u00e9m com a perce\u00e7\u00e3o de que estava a iniciar-se o ano do centen\u00e1rio da morte de Jos\u00e9 Alvalade, que decorria entre outubro de 2018 e outubro de 2019 e que, em nosso entender, deveria ser assinalado de alguma forma. Por esse motivo, a Hist\u00f3ria do Sporting, naquilo a que cham\u00e1mos os Anos Alvalade, surgiu ent\u00e3o de forma natural, como uma exig\u00eancia do ponto de vista hist\u00f3rico e como uma forma de prestar uma homenagem a Jos\u00e9 Alvalade. A partir de ent\u00e3o, a escrita do trabalho demorou cerca de seis meses, incluindo o debate entre n\u00f3s, a rean\u00e1lise de aspetos mais complexos ou contradit\u00f3rios, as revis\u00f5es e edi\u00e7\u00e3o de texto. Dir\u00edamos, assim, que, por junto, as investiga\u00e7\u00f5es espec\u00edficas para este trabalho demoraram cerca de dois anos e meio.<\/span><\/span><\/span><\/i><\/p>\n<p>&nbsp;<\/p>\n<p><strong><span style=\"color: #222222;\"><span style=\"font-family: Liberation Serif, serif;\"><span style=\"font-size: medium;\">Mais do que futebol, qual a import\u00e2ncia do Sporting na hist\u00f3ria do pa\u00eds e na cultura da cidade de Lisboa?<\/span><\/span><\/span><\/strong><\/p>\n<p><i><span style=\"color: #222222;\"><span style=\"font-family: Liberation Serif, serif;\"><span style=\"font-size: medium;\">A hist\u00f3ria do Sporting \u00e9 imprescind\u00edvel para se compreender a hist\u00f3ria do desporto portugu\u00eas. O Sporting foi o primeiro clube a dispor de condi\u00e7\u00f5es infraestruturais modernas. Foi provavelmente o primeiro clube portugu\u00eas a pensar o futebol e o desporto em termos modernos, e a pens\u00e1-lo tendo por compara\u00e7\u00e3o o que se fazia l\u00e1 fora. \u00c9 c\u00e9lebre a frase de Jos\u00e9 Alvalade: \u00abGostava imenso que o nosso ficasse semelhante aos clubes estrangeiros e que ele n\u00e3o envergonhasse o nosso Pa\u00eds\u00bb. Alvalade ergueu, entre 1911 e 1914, o primeiro est\u00e1dio portugu\u00eas, vulgarmente chamado Stadium de Lisboa, que se tornou, pela sua fei\u00e7\u00e3o polidesportiva e comodidade para o p\u00fablico, na verdadeira sala de rece\u00e7\u00e3o dos principais eventos desportivos e culturais ao ar livre da capital. Possu\u00eda uma pista para corridas de atletismo e um vel\u00f3dromo para ciclismo, com as inclina\u00e7\u00f5es t\u00e9cnicas e as exig\u00eancias dos melhores vel\u00f3dromos estrangeiros. O Stadium permitia condi\u00e7\u00f5es excecionais para a pr\u00e1tica desportiva e constituiu um impulso decisivo para o atletismo e o ciclismo em Lisboa; n\u00e3o foi por acaso que o Sporting ganhou os seus primeiros trof\u00e9us oficiais nestas duas modalidades, em 1910 no atletismo, em 1912 no ciclismo. Era um est\u00e1dio em forma oval, \u00e0 maneira ol\u00edmpica, o primeiro inteiramente constru\u00eddo em pedra em Portugal e que dispunha de uma esp\u00e9cie de porta da maratona que servia de entrada \u00e0s delega\u00e7\u00f5es em desfiles ou \u00e0 chegada de atletas de provas exteriores conclu\u00eddas dentro do est\u00e1dio \u2012 muito semelhante ao Est\u00e1dio Nacional constru\u00eddo 30 anos depois. Possu\u00eda uma arquibancada central coberta e bancadas de \u00abpe\u00e3o\u00bb na curvatura dos dois topos. Integrava um complexo desportivo com v\u00e1rios pavilh\u00f5es de apoio, vesti\u00e1rios, balne\u00e1rios, gin\u00e1sios, sal\u00e3o de confer\u00eancias, salas de rece\u00e7\u00e3o, baixios desafogados, tribunas, enfermarias, etc., incluindo equipamentos para atletas femininas. A sua pista, abrigada do sol e do vento, era maior que a de Estocolmo, onde se realizaram os Jogos Ol\u00edmpicos de 1912. Julga-se, ali\u00e1s, que foi influenciado pelo Stadium de Berlim, que tomou como modelo. Depois da constru\u00e7\u00e3o do Stadium, foi necess\u00e1rio esperar 30 anos para ver surgir um recinto desportivo com semelhante grandeza. Foi em 1944, com a inaugura\u00e7\u00e3o do Est\u00e1dio Nacional, nos terrenos do Jamor. Na \u00e9poca de que o livro se ocupa \u2013 falamos, grosso modo, das duas primeiras d\u00e9cadas do s\u00e9culo XX \u2013 o surgimento do Sporting acompanhou as grandes transforma\u00e7\u00f5es do campo desportivo e do seu paradigma moderno que ocorriam nos meios urbanos, muito particularmente em Lisboa. O Sporting integrou o processo mais geral de emerg\u00eancia da cultura de massas, motivado quer pelo aumento demogr\u00e1fico que se registou nessas d\u00e9cadas, quer pelo crescimento de novas atividades sociais e novos setores socioprofissionais no contexto urbano, contribuindo, por exemplo, para o movimento de expans\u00e3o urbana para norte e oeste da capital. A cidade, enquanto grande aglomerado de massas, contribuiu para a forma\u00e7\u00e3o de novos h\u00e1bitos de cultura e lazer, criou novas estruturas para o espet\u00e1culo e, em geral, assistiu-se a uma democratiza\u00e7\u00e3o nova de toda a vida social, incluindo a cultura e o desporto, sendo o Sporting um dos seus principais rostos. <\/span><\/span><\/span><\/i><\/p>\n<p>&nbsp;<\/p>\n<p><b><span style=\"color: #222222;\"><span style=\"font-family: Liberation Serif, serif;\"><span style=\"font-size: medium;\">Para os mais novos, ou menos informados, quem foi Jos\u00e9 Alvalade?<\/span><\/span><\/span><\/b><\/p>\n<p><i><span style=\"color: #222222;\"><span style=\"font-family: Liberation Serif, serif;\"><span style=\"font-size: medium;\">Dir\u00edamos, relativamente ao Sporting, que Jos\u00e9 Alvalade, al\u00e9m de fundador, foi o fundador fundamental. Era um jovem que, desde a sua inf\u00e2ncia, foi aconselhado a praticar desporto e exerc\u00edcio f\u00edsico por raz\u00f5es de sa\u00fade. Sabemos que padeceu de doen\u00e7a grave em crian\u00e7a, muito provavelmente de \u00edndole respirat\u00f3ria, o que levou os m\u00e9dicos da fam\u00edlia Roquette a aconselhar que seguisse \u00abos exerc\u00edcios higi\u00e9nicos ao ar livre, as pr\u00e1ticas desportivas descuidadas mas leves, e toda a fineza do ar que se respira nos jogos em campo\u00bb. H\u00e1 cartas da m\u00e3e, Josefina, para o seu pai, o Dr. Alfredo Holtreman, futuro visconde de Alvalade, que d\u00e3o conta das debilidades de sa\u00fade do seu filho \u00abJosezinho\u00bb. Foi, assim, que Jos\u00e9 abandonou Salvaterra de Magos, onde a fam\u00edlia Roquette vivia, sendo recebido em Lisboa pelo av\u00f4, que h\u00e1 anos morava no interior da capital, e que, por via dos cuidados a assegurar ao neto, veio a mudar-se para o Lumiar, no limite norte da cidade, onde tinha uma propriedade numa parcela a sul da vasta Quinta das Mouras. O av\u00f4 acolheu-o, dando-lhe uma educa\u00e7\u00e3o esmerada com mestres ao domic\u00edlio e uma aprendizagem human\u00edstica diversificada. Tornou-se, assim, um indiv\u00edduo informado, culto mesmo, de escrita clara e elegante, que lia com assiduidade autores estrangeiros que assimilava de forma cr\u00edtica e criativa nos aspetos que mais lhe interessavam, nomeadamente sobre a pr\u00e1tica do exerc\u00edcios f\u00edsicos, sobre a terap\u00eautica m\u00e9dica atrav\u00e9s do desporto e tamb\u00e9m sobre as novas formas de organiza\u00e7\u00e3o desportiva. O resto, sobre a vida, a obra e o pensamento de Jos\u00e9 Alvalade, ser\u00e1 objeto de uma biografia, completamente in\u00e9dita, que est\u00e1 j\u00e1 praticamente conclu\u00edda e que contamos seja publicada em breve.<\/span><\/span><\/span><\/i><\/p>\n<p><b><span style=\"color: #222222;\"><span style=\"font-family: Liberation Serif, serif;\"><span style=\"font-size: medium;\">O Sporting foi sempre conhecido como clube ecl\u00e9tico. Isso esteve sempre na g\u00e9nese do clube, desde a sua funda\u00e7\u00e3o?<\/span><\/span><\/span><\/b><\/p>\n<p><i><span style=\"color: #222222;\"><span style=\"font-family: Liberation Serif, serif;\"><span style=\"font-size: medium;\">O Sporting, por for\u00e7a da enorme influ\u00eancia que a figura de Jos\u00e9 Alvalade teve na sua cria\u00e7\u00e3o, foi concebido, desde o primeiro momento, como um clube com uma grande diversidade de modalidades. Esse foi, ali\u00e1s, o escopo inicial prosseguido por Jos\u00e9 Alvalade e pelos restantes \u00abpioneiros\u00bb. O Sporting disp\u00f4s, desde cedo, de campo de futebol, courts de t\u00e9nis, campo de cr\u00edquete e recintos para os \u00absports atl\u00e9ticos\u00bb, ou seja, o atletismo, a que se juntou pouco depois o ciclismo, que conseguiu de rompante muitos t\u00edtulos para o clube. O Sporting cultivou sempre o desporto total, sendo esse um dos valores distintivos em que alicer\u00e7a a sua identidade. Olhar para a hist\u00f3ria do Sporting como um todo pressup\u00f5e a verifica\u00e7\u00e3o de que essa totalidade e essa diversidade est\u00e3o, desde as origens, inculcadas no seu perfil, tendo sido mantidas at\u00e9 hoje. O pensamento de Jos\u00e9 Alvalade centrava-se no profundo debate ideol\u00f3gico que no princ\u00edpio do s\u00e9culo se travava em Portugal sobre a \u00abdecad\u00eancia da ra\u00e7a\u00bb, procurando contrariar o \u00abcar\u00e1cter portugu\u00eas\u00bb que reputava de \u00aborgulhoso e sobretudo pouco paciente\u00bb. Essa a\u00e7\u00e3o passava por \u00abeducar o indiv\u00edduo, quer desportivamente, quer moralmente\u00bb, num enquadramento social que Alvalade desdobra em tr\u00eas t\u00f3picos fundamentais: o desporto para todas as classes, o desporto para todos os g\u00e9neros e o desporto para todos os indiv\u00edduos, ou seja, um desporto de massas. N\u00e3o dispensava a escolha dos melhores para a pr\u00e1tica da competi\u00e7\u00e3o, zelando para que pudessem manter um regular adestramento f\u00edsico e t\u00e9cnico nas melhores condi\u00e7\u00f5es e com os melhores meios. Advogava que a pr\u00e1tica desportiva n\u00e3o se destinava apenas a um \u00abn\u00famero limitad\u00edssimo\u00bb de \u00abmestres\u00bb ou \u00abmeia d\u00fazia de indiv\u00edduos com probabilidades de \u00eaxito\u00bb, a sua prioridade dirigia-se at\u00e9 mais para \u00abos que principiam [\u2026 pois] s\u00e3o estes os que mais necessitam de est\u00edmulo\u00bb. Em suma, toda a conce\u00e7\u00e3o de desporto sustentada por Jos\u00e9 Alvalade est\u00e1 nos ant\u00edpodas de um conceito elitista, que, ali\u00e1s, tem sido demasiadas vezes associado ao Sporting, que \u00e9 olhado apenas pela origem social dos seus fundadores e por algumas condi\u00e7\u00f5es estatut\u00e1rias iniciais de admiss\u00e3o de s\u00f3cios, quando afinal se sabe que todos os clubes foram fundados pela alta burguesia urbana\u2026 O Sporting abriu-se sempre a atletas de todos os estratos sociais, de todas as idades, de todos os g\u00e9neros, sendo pioneiro do desporto feminino, proporcionando uma efetiva igualdade de oportunidades na pr\u00e1tica desportiva. Al\u00e9m do meio capaz de generalizar o ensino das pr\u00e1ticas desportivas e o adestramento f\u00edsico regular e sistem\u00e1tico, Alvalade via o clube como uma forma de s\u00e3 conviv\u00eancia entre membros, no respeito pela diferen\u00e7a, e com o sentido de lealdade e de companheirismo, o sentimento de perten\u00e7a a uma fam\u00edlia associativa, o fairplay e a verdade desportiva na competi\u00e7\u00e3o, os quais v\u00eam a inscrever-se nos valores fundacionais do Sporting.<\/span><\/span><\/span><\/i><\/p>\n<p><b><span style=\"color: #222222;\"><span style=\"font-family: Liberation Serif, serif;\"><span style=\"font-size: medium;\">O que esperam que este livro traga aos sportinguistas, aos amantes de desporto ou simples amantes da leitura?<\/span><\/span><\/span><\/b><\/p>\n<p><i><span style=\"color: #222222;\"><span style=\"font-family: Liberation Serif, serif;\"><span style=\"font-size: medium;\">Esperamos que os sportinguistas se possam rever nesta hist\u00f3ria do seu clube e que, quer eles, quer todos os outros possam usufruir de uma hist\u00f3ria do Sporting factualmente sustentada em fontes e analisada diacronicamente, em circunst\u00e2ncias hist\u00f3ricas precisas, com factos apurados at\u00e9 \u00e0 exaust\u00e3o, com a m\u00e1xima aproxima\u00e7\u00e3o ao passado, com rigor e deontologia, sem anacronismos, sem facciosismos nem distor\u00e7\u00f5es de conveni\u00eancia. N\u00e3o \u00e9 por acaso que este livro, com cerca de 250 p\u00e1ginas, tem um \u00abaparato\u00bb de cerca de 500 notas que remetem para as fontes de informa\u00e7\u00e3o de tudo o que \u00e9 afirmado. Elas s\u00e3o o alicerce do livro. Pode, assim, dizer-se que esta \u00e9 a primeira hist\u00f3ria de um clube portugu\u00eas escrita por historiadores ou por gente com forma\u00e7\u00e3o em Hist\u00f3ria, e que convocaram tamb\u00e9m a Sociologia para melhor compreender a realidade analisada. As notas, por\u00e9m, s\u00e3o remetidas para o final, pelo n\u00e3o mexem em nada com o fluir normal da narrativa. Houve tamb\u00e9m, a par com o rigor, a preocupa\u00e7\u00e3o em fazer uma hist\u00f3ria leg\u00edvel e compreens\u00edvel, escrita de forma simples e que possa chegar \u00e0s pessoas, mas sem facilitar no que se refere ao rigor dos factos. \u00c9 ainda uma obra profusamente ilustrada, cujas legendas s\u00e3o mais informativas e explicativas do que descritivas, o que permite dois n\u00edveis de leitura, um mais profundo, o do texto do miolo, outro mais ligeiro, o do texto das legendas, conseguindo-se com ambos se uma abordagem \u00e0 narrativa do que foram os prim\u00f3rdios da hist\u00f3ria do Sporting.<\/span><\/span><\/span><\/i><\/p>\n<p><b><span style=\"color: #222222;\"><span style=\"font-family: Liberation Serif, serif;\"><span style=\"font-size: medium;\">Acham que o actual clubismo exagerado (sem refer\u00eancia a qualquer cor espec\u00edfica) n\u00e3o permite que valorizemos, por exemplo, a hist\u00f3ria e import\u00e2ncia de uma entidade como o Sporting Clube de Portugal para o pa\u00eds?<\/span><\/span><\/span><\/b><\/p>\n<p><i><span style=\"color: #222222;\"><span style=\"font-family: Liberation Serif, serif;\"><span style=\"font-size: medium;\">O atual clubismo, sobretudo ao n\u00edvel dos adeptos, e por vezes das estruturas diretivas e de comunica\u00e7\u00e3o, \u00e9 manifestamente exagerado. Este livro, se quem o receber assim o quiser, pode ajudar a mitigar o clubismo, privilegiando antes as dimens\u00f5es da competi\u00e7\u00e3o e da rivalidade s\u00e3s. Hist\u00f3rias como o primeiro desafio internacional da hist\u00f3ria do Sporting, a partida de futebol disputada, em 1910, com o Recreativo de Huelva, em que o clube opta por chamar jogadores de outros clubes, sobretudo do Benfica, que envergam a camisola leonina, \u00e9 uma prova de como a rivalidade era vivida nesses primeiros tempos. \u00c9, ali\u00e1s, esse o esp\u00edrito hoje das sele\u00e7\u00f5es nacionais, pois na verdade aquela equipa foi uma esp\u00e9cie de sele\u00e7\u00e3o de Lisboa.<\/span><\/span><\/span><\/i><\/p>\n<p><i><span style=\"color: #222222;\"><span style=\"font-family: Liberation Serif, serif;\"><span style=\"font-size: medium;\">A hist\u00f3ria de um clube \u00e9 essencialmente conhecimento da sua mem\u00f3ria e da sua identidade. Mas n\u00e3o basta que se pesquise, se reflita e se publique em livro essa hist\u00f3ria. \u00c9 tamb\u00e9m importante, do ponto de vista educativo, recorrer \u00e0s novas tecnologias, ou mesmo \u00e0s \u00abvelhas\u00bb modernizadas para que essa mem\u00f3ria e essa identidade sejam divulgadas. Pensamos, por exemplo, na fun\u00e7\u00e3o dos museus dos clubes. O Museu Sporting, que foi ali\u00e1s o primeiro a ser criado em Portugal, deve ter esse papel educativo, pedag\u00f3gico e did\u00e1tico na divulga\u00e7\u00e3o da hist\u00f3ria do clube, pois ele \u00e9 o guardi\u00e3o privilegiado da mem\u00f3ria e da identidade do clube. N\u00e3o pode ser apenas um reposit\u00f3rio de ta\u00e7as, trof\u00e9us e galhardetes, mas o espa\u00e7o insubstitu\u00edvel de divulga\u00e7\u00e3o, reconstru\u00e7\u00e3o e visualiza\u00e7\u00e3o da hist\u00f3ria centen\u00e1ria do Sporting.<\/span><\/span><\/span><\/i><\/p>\n<p><b><span style=\"color: #222222;\"><span style=\"font-family: Liberation Serif, serif;\"><span style=\"font-size: medium;\">Qual o facto da hist\u00f3ria do Sporting Clube de Portugal que mais surpreendeu?<\/span><\/span><\/span><\/b><\/p>\n<p><i><span style=\"color: #222222;\"><span style=\"font-family: Liberation Serif, serif;\"><span style=\"font-size: medium;\">V\u00e1rios factos nos surpreenderam e s\u00e3o v\u00e1rias as corre\u00e7\u00f5es e precis\u00f5es que fazemos ao longo do livro. N\u00e3o h\u00e1 nada de revolucion\u00e1rio para a hist\u00f3ria do Sporting mas h\u00e1 muitas corre\u00e7\u00f5es e precis\u00f5es \u00abmi\u00fadas\u00bb e pequenos factos novos. Sab\u00edamos j\u00e1 que existiam incorre\u00e7\u00f5es, falhas e omiss\u00f5es, e at\u00e9 \u00ablendas\u00bb na hist\u00f3ria do Sporting. Sab\u00edamos que a maior parte delas se deveram \u00e0 aus\u00eancia de cr\u00edtica das fontes dispon\u00edveis e mesmo \u00e0 sua referencia\u00e7\u00e3o, o que nos obrigou a um enorme trabalho de sapa quer para as identificar, que para, dentre elas, joeirar e distinguir o trigo do joio, factos verdadeiros e pass\u00edveis de serem verificados de outros que constitu\u00edam \u00ablendas\u00bb, que de tantas vezes repetidas acabam por passar por \u00abverdades\u00bb. Procur\u00e1mos ainda, al\u00e9m de reanalisar o que existia, problematizar. Desses factos novos, damos dois exemplos, mas h\u00e1 outros. O da data da funda\u00e7\u00e3o do clube, fixada e tornada \u00aboficial\u00bb em 1920 como tendo ocorrido em 1 de julho de 1906, data definida pela vida econ\u00f3mica dos primeiros estatutos, quando afinal uma criteriosa rela\u00e7\u00e3o de informa\u00e7\u00f5es datadas ou dat\u00e1veis e a sua rigorosa localiza\u00e7\u00e3o no calend\u00e1rio desse ano nos permitiu com mais precis\u00e3o saber que o Sporting Clube de Portugal foi assim designado numa reuni\u00e3o havida num s\u00e1bado, dia 9 de junho de 1906, sendo, por isso, mais correto considerar essa segunda data. \u00c9 uma precis\u00e3o de semanas, mas que introduz rigor. Outra \u00e9 o processo de afastamento de Jos\u00e9 Alvalade do clube, tendo chegado ao ponto de este pedir a demiss\u00e3o de s\u00f3cio, que acreditamos deve ter sido proposta mas n\u00e3o deve ter sido aceite. O afastamento de Jos\u00e9 Alvalade, desgostoso com a oposi\u00e7\u00e3o interna que lhe foi movida, foi mais profundo do que a \u00abhistoriografia\u00bb leonina tem mostrado, como se esconder conflitos e dissens\u00f5es internas abrilhantasse a sua hist\u00f3ria, quando a hist\u00f3ria das institui\u00e7\u00f5es e dos clubes \u00e9 exatamente como \u00e9, ou seja, com p\u00e1ginas de gl\u00f3ria e com p\u00e1ginas negras, com \u00e9pocas de brilho e momentos de ocaso. <\/span><\/span><\/span><\/i><\/p>\n<p><b><span style=\"color: #222222;\"><span style=\"font-family: Liberation Serif, serif;\"><span style=\"font-size: medium;\">Este \u00e9 um livro apenas para sportinguistas? Qual esperam que seja a reac\u00e7\u00e3o de adeptos de clubes advers\u00e1rios?<\/span><\/span><\/span><\/b><\/p>\n<p><i><span style=\"color: #222222;\"><span style=\"font-family: Liberation Serif, serif;\"><span style=\"font-size: medium;\">\u00c9, antes de mais um livro para sportinguistas, escrito com a ideia de que os sportinguistas merecem dispor de uma hist\u00f3ria rigorosa dos primeiros tempos do clube. Mas n\u00e3o se destina apenas a estes porque \u00e9 um livro que integra a hist\u00f3ria do Sporting no contexto da hist\u00f3ria do desporto em Portugal e, mais ainda, nas condi\u00e7\u00f5es sociais que a tornam compreens\u00edvel no seu tempo hist\u00f3rico. H\u00e1 neste livro naturalmente, e como n\u00e3o podia deixar de ser, refer\u00eancia a diversos outros clubes, entre os quais, claro est\u00e1, os seus arquirrivais, Benfica e Futebol Clube do Porto, quando estes se cruzam com a narrativa hist\u00f3rica do desporto portugu\u00eas e do Sporting Clube de Portugal em particular. S\u00e3o clubes que surgiram num mesmo tempo hist\u00f3rico e s\u00e3o dos poucos clubes que nas respetivas cidades sobreviveram desses primeiros tempos em que os clubes apareciam e se extinguiam de uma forma mete\u00f3rica. Por terem surgido num mesmo tempo hist\u00f3rico, acabamos por abordar as origens quer do Sport Lisboa e Benfica, quer do Futebol Clube do Porto, tamb\u00e9m elas estribadas em fontes, devidamente auditadas, analisadas e interpretadas. N\u00e3o queremos com isto polemizar mas apenas esclarecer e aclarar o aparecimento dos tr\u00eas maiores clubes portugueses que surgiram \u2013 sublinhamos \u2013 num mesmo tempo hist\u00f3rico, que resistiram e persistiram e com os quais o Sporting sempre rivalizou.<\/span><\/span><\/span><\/i><\/p>\n<p><b><span style=\"color: #222222;\"><span style=\"font-family: Liberation Serif, serif;\"><span style=\"font-size: medium;\">Quando apresentaram este livro ao Sporting? (Tendo em conta que o mesmo \u00e9 um produto oficial licenciado)?<\/span><\/span><\/span><\/b><\/p>\n<p><i><span style=\"color: #222222;\"><span style=\"font-family: Liberation Serif, serif;\"><span style=\"font-size: medium;\">O livro foi apresentado ao Sporting h\u00e1 talvez uns seis meses pelo Dr. Jos\u00e9 Roquette, que efetuou todos os contactos com o Sporting. J\u00e1 depois de editado foi apresentado oficialmente no dia 10 de mar\u00e7o, numa sess\u00e3o no audit\u00f3rio do Museu Sporting, que contou com a presen\u00e7a do presidente do clube, Dr. Frederico Varandas, do vice-presidente, Dr. Francisco Salgado Zenha, e do Dr. Jos\u00e9 Roquette que, desde o seu in\u00edcio, acolheu este projeto de forma entusi\u00e1stica e ao qual queremos deixar expresso de um modo particularmente enf\u00e1tico o nosso p\u00fablico agradecimento.<\/span><\/span><\/span><\/i><\/p>\n<p><b><span style=\"color: #222222;\"><span style=\"font-family: Liberation Serif, serif;\"><span style=\"font-size: medium;\">Se definissem este livro em apenas uma \u00fanica palavra, qual seria?<\/span><\/span><\/span><\/b><\/p>\n<p><i><span style=\"color: #222222;\"><span style=\"font-family: Liberation Serif, serif;\"><span style=\"font-size: medium;\">Rigor.<\/span><\/span><\/span><\/i><\/p>\n","protected":false},"excerpt":{"rendered":"<p>Lu\u00eds Augusto Costa Dias e Paulo J.S.Barata assinam o livro \u2018Hist\u00f3ria do Sporting Clube de Portugal\u2019 editado pela Contraponto, no centen\u00e1rio da morte de Jos\u00e9 Alvalade.<\/p>\n","protected":false},"author":2,"featured_media":68676,"comment_status":"open","ping_status":"closed","sticky":false,"template":"","format":"standard","meta":{"footnotes":""},"categories":[2,36,4124,8],"tags":[9074,9077,9075,9076,97],"class_list":["post-68675","post","type-post","status-publish","format-standard","has-post-thumbnail","hentry","category-cultura","category-destaque","category-entrevistas","category-livros","tag-historia-do-sporting-clube-de-portugal","tag-jose-alvalade","tag-luis-augusto-costa-dias","tag-paulo-barata","tag-sporting-clube-de-portugal"],"yoast_head":"<!-- This site is optimized with the Yoast SEO plugin v27.4 - https:\/\/yoast.com\/product\/yoast-seo-wordpress\/ -->\n<title>H\u00e1 um livro no qual pode &quot;usufruir de uma hist\u00f3ria do Sporting factualmente sustentada em fontes e analisada diacronicamente&quot; | Infocul.pt - Arquivo Digital<\/title>\n<meta name=\"description\" content=\"H\u00e1 um livro no qual pode &quot;usufruir de uma hist\u00f3ria do Sporting factualmente sustentada em fontes e analisada diacronicamente&quot; | Infocul.pt - Arquivo Digital\" \/>\n<meta name=\"robots\" content=\"noindex, follow, max-snippet:-1, max-image-preview:large, max-video-preview:-1\" \/>\n<meta property=\"og:locale\" content=\"pt_PT\" \/>\n<meta property=\"og:type\" content=\"article\" \/>\n<meta property=\"og:title\" content=\"H\u00e1 um livro no qual pode &quot;usufruir de uma hist\u00f3ria do Sporting factualmente sustentada em fontes e analisada diacronicamente&quot; | Infocul.pt - Arquivo Digital\" \/>\n<meta property=\"og:description\" content=\"H\u00e1 um livro no qual pode &quot;usufruir de uma hist\u00f3ria do Sporting factualmente sustentada em fontes e analisada diacronicamente&quot; | Infocul.pt - Arquivo Digital\" \/>\n<meta property=\"og:url\" content=\"https:\/\/infocul.pt\/arquivo\/cultura\/ha-um-livro-no-qual-pode-usufruir-de-uma-historia-do-sporting-factualmente-sustentada-em-fontes-e-analisada-diacronicamente\/\" \/>\n<meta property=\"og:site_name\" content=\"Infocul.pt - Arquivo Digital\" \/>\n<meta property=\"article:publisher\" content=\"https:\/\/www.facebook.com\/Infocul-147816815585015\/\" \/>\n<meta property=\"article:published_time\" content=\"2020-03-25T00:00:07+00:00\" \/>\n<meta property=\"og:image\" content=\"https:\/\/infocul.pt\/arquivo\/wp-content\/uploads\/2020\/03\/CAPA_Hist\u00f3ria-do-Sporting-Clube-de-Portugal.jpg\" \/>\n\t<meta property=\"og:image:width\" content=\"684\" \/>\n\t<meta property=\"og:image:height\" content=\"1024\" \/>\n\t<meta property=\"og:image:type\" content=\"image\/jpeg\" \/>\n<meta name=\"author\" content=\"Rui Lavrador\" \/>\n<meta name=\"twitter:card\" content=\"summary_large_image\" \/>\n<meta name=\"twitter:creator\" content=\"@Infoculpt\" \/>\n<meta name=\"twitter:site\" content=\"@Infoculpt\" \/>\n<meta name=\"twitter:label1\" content=\"Escrito por\" \/>\n\t<meta name=\"twitter:data1\" content=\"Rui Lavrador\" \/>\n\t<meta name=\"twitter:label2\" content=\"Tempo estimado de leitura\" \/>\n\t<meta name=\"twitter:data2\" content=\"20 minutos\" \/>\n<script type=\"application\/ld+json\" class=\"yoast-schema-graph\">{\"@context\":\"https:\\\/\\\/schema.org\",\"@graph\":[{\"@type\":\"Article\",\"@id\":\"https:\\\/\\\/infocul.pt\\\/arquivo\\\/cultura\\\/ha-um-livro-no-qual-pode-usufruir-de-uma-historia-do-sporting-factualmente-sustentada-em-fontes-e-analisada-diacronicamente\\\/#article\",\"isPartOf\":{\"@id\":\"https:\\\/\\\/infocul.pt\\\/arquivo\\\/cultura\\\/ha-um-livro-no-qual-pode-usufruir-de-uma-historia-do-sporting-factualmente-sustentada-em-fontes-e-analisada-diacronicamente\\\/\"},\"author\":{\"name\":\"Rui Lavrador\",\"@id\":\"https:\\\/\\\/infocul.pt\\\/arquivo\\\/#\\\/schema\\\/person\\\/060a108d7f2d85fc6aae505119ee5234\"},\"headline\":\"H\u00e1 um livro no qual pode &#8220;usufruir de uma hist\u00f3ria do Sporting factualmente sustentada em fontes e analisada diacronicamente&#8221;\",\"datePublished\":\"2020-03-25T00:00:07+00:00\",\"mainEntityOfPage\":{\"@id\":\"https:\\\/\\\/infocul.pt\\\/arquivo\\\/cultura\\\/ha-um-livro-no-qual-pode-usufruir-de-uma-historia-do-sporting-factualmente-sustentada-em-fontes-e-analisada-diacronicamente\\\/\"},\"wordCount\":3930,\"commentCount\":0,\"publisher\":{\"@id\":\"https:\\\/\\\/infocul.pt\\\/arquivo\\\/#organization\"},\"image\":{\"@id\":\"https:\\\/\\\/infocul.pt\\\/arquivo\\\/cultura\\\/ha-um-livro-no-qual-pode-usufruir-de-uma-historia-do-sporting-factualmente-sustentada-em-fontes-e-analisada-diacronicamente\\\/#primaryimage\"},\"thumbnailUrl\":\"https:\\\/\\\/infocul.pt\\\/arquivo\\\/wp-content\\\/uploads\\\/2020\\\/03\\\/CAPA_Hist\u00f3ria-do-Sporting-Clube-de-Portugal.jpg\",\"keywords\":[\"Hist\u00f3ria do Sporting Clube de Portugal\",\"Jos\u00e9 Alvalade\",\"Lu\u00eds Augusto Costa Dias\",\"Paulo Barata\",\"Sporting Clube de Portugal\"],\"articleSection\":[\"Cultura\",\"Destaque\",\"Entrevistas\",\"Livros\"],\"inLanguage\":\"pt-PT\"},{\"@type\":\"WebPage\",\"@id\":\"https:\\\/\\\/infocul.pt\\\/arquivo\\\/cultura\\\/ha-um-livro-no-qual-pode-usufruir-de-uma-historia-do-sporting-factualmente-sustentada-em-fontes-e-analisada-diacronicamente\\\/\",\"url\":\"https:\\\/\\\/infocul.pt\\\/arquivo\\\/cultura\\\/ha-um-livro-no-qual-pode-usufruir-de-uma-historia-do-sporting-factualmente-sustentada-em-fontes-e-analisada-diacronicamente\\\/\",\"name\":\"H\u00e1 um livro no qual pode \\\"usufruir de uma hist\u00f3ria do Sporting factualmente sustentada em fontes e analisada diacronicamente\\\" | Infocul.pt - Arquivo Digital\",\"isPartOf\":{\"@id\":\"https:\\\/\\\/infocul.pt\\\/arquivo\\\/#website\"},\"primaryImageOfPage\":{\"@id\":\"https:\\\/\\\/infocul.pt\\\/arquivo\\\/cultura\\\/ha-um-livro-no-qual-pode-usufruir-de-uma-historia-do-sporting-factualmente-sustentada-em-fontes-e-analisada-diacronicamente\\\/#primaryimage\"},\"image\":{\"@id\":\"https:\\\/\\\/infocul.pt\\\/arquivo\\\/cultura\\\/ha-um-livro-no-qual-pode-usufruir-de-uma-historia-do-sporting-factualmente-sustentada-em-fontes-e-analisada-diacronicamente\\\/#primaryimage\"},\"thumbnailUrl\":\"https:\\\/\\\/infocul.pt\\\/arquivo\\\/wp-content\\\/uploads\\\/2020\\\/03\\\/CAPA_Hist\u00f3ria-do-Sporting-Clube-de-Portugal.jpg\",\"datePublished\":\"2020-03-25T00:00:07+00:00\",\"description\":\"H\u00e1 um livro no qual pode \\\"usufruir de uma hist\u00f3ria do Sporting factualmente sustentada em fontes e analisada diacronicamente\\\" | Infocul.pt - Arquivo Digital\",\"breadcrumb\":{\"@id\":\"https:\\\/\\\/infocul.pt\\\/arquivo\\\/cultura\\\/ha-um-livro-no-qual-pode-usufruir-de-uma-historia-do-sporting-factualmente-sustentada-em-fontes-e-analisada-diacronicamente\\\/#breadcrumb\"},\"inLanguage\":\"pt-PT\",\"potentialAction\":[{\"@type\":\"ReadAction\",\"target\":[\"https:\\\/\\\/infocul.pt\\\/arquivo\\\/cultura\\\/ha-um-livro-no-qual-pode-usufruir-de-uma-historia-do-sporting-factualmente-sustentada-em-fontes-e-analisada-diacronicamente\\\/\"]}]},{\"@type\":\"ImageObject\",\"inLanguage\":\"pt-PT\",\"@id\":\"https:\\\/\\\/infocul.pt\\\/arquivo\\\/cultura\\\/ha-um-livro-no-qual-pode-usufruir-de-uma-historia-do-sporting-factualmente-sustentada-em-fontes-e-analisada-diacronicamente\\\/#primaryimage\",\"url\":\"https:\\\/\\\/infocul.pt\\\/arquivo\\\/wp-content\\\/uploads\\\/2020\\\/03\\\/CAPA_Hist\u00f3ria-do-Sporting-Clube-de-Portugal.jpg\",\"contentUrl\":\"https:\\\/\\\/infocul.pt\\\/arquivo\\\/wp-content\\\/uploads\\\/2020\\\/03\\\/CAPA_Hist\u00f3ria-do-Sporting-Clube-de-Portugal.jpg\",\"width\":684,\"height\":1024},{\"@type\":\"BreadcrumbList\",\"@id\":\"https:\\\/\\\/infocul.pt\\\/arquivo\\\/cultura\\\/ha-um-livro-no-qual-pode-usufruir-de-uma-historia-do-sporting-factualmente-sustentada-em-fontes-e-analisada-diacronicamente\\\/#breadcrumb\",\"itemListElement\":[{\"@type\":\"ListItem\",\"position\":1,\"name\":\"Home\",\"item\":\"https:\\\/\\\/infocul.pt\\\/arquivo\\\/\"},{\"@type\":\"ListItem\",\"position\":2,\"name\":\"H\u00e1 um livro no qual pode &#8220;usufruir de uma hist\u00f3ria do Sporting factualmente sustentada em fontes e analisada diacronicamente&#8221;\"}]},{\"@type\":\"WebSite\",\"@id\":\"https:\\\/\\\/infocul.pt\\\/arquivo\\\/#website\",\"url\":\"https:\\\/\\\/infocul.pt\\\/arquivo\\\/\",\"name\":\"Infocul.pt - Arquivo Digital\",\"description\":\"Arquivo digital da Infocul.pt\",\"publisher\":{\"@id\":\"https:\\\/\\\/infocul.pt\\\/arquivo\\\/#organization\"},\"potentialAction\":[{\"@type\":\"SearchAction\",\"target\":{\"@type\":\"EntryPoint\",\"urlTemplate\":\"https:\\\/\\\/infocul.pt\\\/arquivo\\\/?s={search_term_string}\"},\"query-input\":{\"@type\":\"PropertyValueSpecification\",\"valueRequired\":true,\"valueName\":\"search_term_string\"}}],\"inLanguage\":\"pt-PT\"},{\"@type\":\"Organization\",\"@id\":\"https:\\\/\\\/infocul.pt\\\/arquivo\\\/#organization\",\"name\":\"Infocul.pt\",\"url\":\"https:\\\/\\\/infocul.pt\\\/arquivo\\\/\",\"logo\":{\"@type\":\"ImageObject\",\"inLanguage\":\"pt-PT\",\"@id\":\"https:\\\/\\\/infocul.pt\\\/arquivo\\\/#\\\/schema\\\/logo\\\/image\\\/\",\"url\":\"https:\\\/\\\/infocul.pt\\\/arquivo\\\/wp-content\\\/uploads\\\/2018\\\/12\\\/Infocul_logo-1.png\",\"contentUrl\":\"https:\\\/\\\/infocul.pt\\\/arquivo\\\/wp-content\\\/uploads\\\/2018\\\/12\\\/Infocul_logo-1.png\",\"width\":800,\"height\":800,\"caption\":\"Infocul.pt\"},\"image\":{\"@id\":\"https:\\\/\\\/infocul.pt\\\/arquivo\\\/#\\\/schema\\\/logo\\\/image\\\/\"},\"sameAs\":[\"https:\\\/\\\/www.facebook.com\\\/Infocul-147816815585015\\\/\",\"https:\\\/\\\/x.com\\\/Infoculpt\",\"http:\\\/\\\/www.pictaram.com\\\/user\\\/infocul.pt\\\/2370423710\",\"https:\\\/\\\/www.youtube.com\\\/channel\\\/UCYEB91AGI9FL9ek2i_IaQAA\"]},{\"@type\":\"Person\",\"@id\":\"https:\\\/\\\/infocul.pt\\\/arquivo\\\/#\\\/schema\\\/person\\\/060a108d7f2d85fc6aae505119ee5234\",\"name\":\"Rui Lavrador\",\"image\":{\"@type\":\"ImageObject\",\"inLanguage\":\"pt-PT\",\"@id\":\"https:\\\/\\\/secure.gravatar.com\\\/avatar\\\/93febd6873394aa8e975148548a0cb203acfdd42d2c85c5f1408e1a76678aece?s=96&d=mm&r=g\",\"url\":\"https:\\\/\\\/secure.gravatar.com\\\/avatar\\\/93febd6873394aa8e975148548a0cb203acfdd42d2c85c5f1408e1a76678aece?s=96&d=mm&r=g\",\"contentUrl\":\"https:\\\/\\\/secure.gravatar.com\\\/avatar\\\/93febd6873394aa8e975148548a0cb203acfdd42d2c85c5f1408e1a76678aece?s=96&d=mm&r=g\",\"caption\":\"Rui Lavrador\"},\"description\":\"Iniciou em 2011 o seu percurso em comunica\u00e7\u00e3o social, tendo integrado v\u00e1rios projectos editoriais. Durante o seu percurso integrou projectos como Jornal Hardm\u00fasica, LusoNot\u00edcias, Toureio.pt, ODigital.pt, entre outros \u00d3rg\u00e3os de Comunica\u00e7\u00e3o Social nacionais, na redac\u00e7\u00e3o de v\u00e1rios artigos. Entrevistou a grande maioria das personalidades mais importantes da vida social e cultural do pa\u00eds, destacando-se, tamb\u00e9m, na aprecia\u00e7\u00e3o de v\u00e1rios espect\u00e1culos. Durante o seu percurso, deu a conhecer v\u00e1rios artistas, at\u00e9 ent\u00e3o desconhecidos, ao grande p\u00fablico. Em 2015 criou e fundou o Infocul.pt, projecto no qual assume a direc\u00e7\u00e3o editorial.\",\"sameAs\":[\"http:\\\/\\\/www.infocul.pt\"]}]}<\/script>\n<!-- \/ Yoast SEO plugin. -->","yoast_head_json":{"title":"H\u00e1 um livro no qual pode \"usufruir de uma hist\u00f3ria do Sporting factualmente sustentada em fontes e analisada diacronicamente\" | Infocul.pt - Arquivo Digital","description":"H\u00e1 um livro no qual pode \"usufruir de uma hist\u00f3ria do Sporting factualmente sustentada em fontes e analisada diacronicamente\" | Infocul.pt - Arquivo Digital","robots":{"index":"noindex","follow":"follow","max-snippet":"max-snippet:-1","max-image-preview":"max-image-preview:large","max-video-preview":"max-video-preview:-1"},"og_locale":"pt_PT","og_type":"article","og_title":"H\u00e1 um livro no qual pode \"usufruir de uma hist\u00f3ria do Sporting factualmente sustentada em fontes e analisada diacronicamente\" | Infocul.pt - Arquivo Digital","og_description":"H\u00e1 um livro no qual pode \"usufruir de uma hist\u00f3ria do Sporting factualmente sustentada em fontes e analisada diacronicamente\" | Infocul.pt - Arquivo Digital","og_url":"https:\/\/infocul.pt\/arquivo\/cultura\/ha-um-livro-no-qual-pode-usufruir-de-uma-historia-do-sporting-factualmente-sustentada-em-fontes-e-analisada-diacronicamente\/","og_site_name":"Infocul.pt - Arquivo Digital","article_publisher":"https:\/\/www.facebook.com\/Infocul-147816815585015\/","article_published_time":"2020-03-25T00:00:07+00:00","og_image":[{"width":684,"height":1024,"url":"https:\/\/infocul.pt\/arquivo\/wp-content\/uploads\/2020\/03\/CAPA_Hist\u00f3ria-do-Sporting-Clube-de-Portugal.jpg","type":"image\/jpeg"}],"author":"Rui Lavrador","twitter_card":"summary_large_image","twitter_creator":"@Infoculpt","twitter_site":"@Infoculpt","twitter_misc":{"Escrito por":"Rui Lavrador","Tempo estimado de leitura":"20 minutos"},"schema":{"@context":"https:\/\/schema.org","@graph":[{"@type":"Article","@id":"https:\/\/infocul.pt\/arquivo\/cultura\/ha-um-livro-no-qual-pode-usufruir-de-uma-historia-do-sporting-factualmente-sustentada-em-fontes-e-analisada-diacronicamente\/#article","isPartOf":{"@id":"https:\/\/infocul.pt\/arquivo\/cultura\/ha-um-livro-no-qual-pode-usufruir-de-uma-historia-do-sporting-factualmente-sustentada-em-fontes-e-analisada-diacronicamente\/"},"author":{"name":"Rui Lavrador","@id":"https:\/\/infocul.pt\/arquivo\/#\/schema\/person\/060a108d7f2d85fc6aae505119ee5234"},"headline":"H\u00e1 um livro no qual pode &#8220;usufruir de uma hist\u00f3ria do Sporting factualmente sustentada em fontes e analisada diacronicamente&#8221;","datePublished":"2020-03-25T00:00:07+00:00","mainEntityOfPage":{"@id":"https:\/\/infocul.pt\/arquivo\/cultura\/ha-um-livro-no-qual-pode-usufruir-de-uma-historia-do-sporting-factualmente-sustentada-em-fontes-e-analisada-diacronicamente\/"},"wordCount":3930,"commentCount":0,"publisher":{"@id":"https:\/\/infocul.pt\/arquivo\/#organization"},"image":{"@id":"https:\/\/infocul.pt\/arquivo\/cultura\/ha-um-livro-no-qual-pode-usufruir-de-uma-historia-do-sporting-factualmente-sustentada-em-fontes-e-analisada-diacronicamente\/#primaryimage"},"thumbnailUrl":"https:\/\/infocul.pt\/arquivo\/wp-content\/uploads\/2020\/03\/CAPA_Hist\u00f3ria-do-Sporting-Clube-de-Portugal.jpg","keywords":["Hist\u00f3ria do Sporting Clube de Portugal","Jos\u00e9 Alvalade","Lu\u00eds Augusto Costa Dias","Paulo Barata","Sporting Clube de Portugal"],"articleSection":["Cultura","Destaque","Entrevistas","Livros"],"inLanguage":"pt-PT"},{"@type":"WebPage","@id":"https:\/\/infocul.pt\/arquivo\/cultura\/ha-um-livro-no-qual-pode-usufruir-de-uma-historia-do-sporting-factualmente-sustentada-em-fontes-e-analisada-diacronicamente\/","url":"https:\/\/infocul.pt\/arquivo\/cultura\/ha-um-livro-no-qual-pode-usufruir-de-uma-historia-do-sporting-factualmente-sustentada-em-fontes-e-analisada-diacronicamente\/","name":"H\u00e1 um livro no qual pode \"usufruir de uma hist\u00f3ria do Sporting factualmente sustentada em fontes e analisada diacronicamente\" | Infocul.pt - Arquivo Digital","isPartOf":{"@id":"https:\/\/infocul.pt\/arquivo\/#website"},"primaryImageOfPage":{"@id":"https:\/\/infocul.pt\/arquivo\/cultura\/ha-um-livro-no-qual-pode-usufruir-de-uma-historia-do-sporting-factualmente-sustentada-em-fontes-e-analisada-diacronicamente\/#primaryimage"},"image":{"@id":"https:\/\/infocul.pt\/arquivo\/cultura\/ha-um-livro-no-qual-pode-usufruir-de-uma-historia-do-sporting-factualmente-sustentada-em-fontes-e-analisada-diacronicamente\/#primaryimage"},"thumbnailUrl":"https:\/\/infocul.pt\/arquivo\/wp-content\/uploads\/2020\/03\/CAPA_Hist\u00f3ria-do-Sporting-Clube-de-Portugal.jpg","datePublished":"2020-03-25T00:00:07+00:00","description":"H\u00e1 um livro no qual pode \"usufruir de uma hist\u00f3ria do Sporting factualmente sustentada em fontes e analisada diacronicamente\" | Infocul.pt - Arquivo Digital","breadcrumb":{"@id":"https:\/\/infocul.pt\/arquivo\/cultura\/ha-um-livro-no-qual-pode-usufruir-de-uma-historia-do-sporting-factualmente-sustentada-em-fontes-e-analisada-diacronicamente\/#breadcrumb"},"inLanguage":"pt-PT","potentialAction":[{"@type":"ReadAction","target":["https:\/\/infocul.pt\/arquivo\/cultura\/ha-um-livro-no-qual-pode-usufruir-de-uma-historia-do-sporting-factualmente-sustentada-em-fontes-e-analisada-diacronicamente\/"]}]},{"@type":"ImageObject","inLanguage":"pt-PT","@id":"https:\/\/infocul.pt\/arquivo\/cultura\/ha-um-livro-no-qual-pode-usufruir-de-uma-historia-do-sporting-factualmente-sustentada-em-fontes-e-analisada-diacronicamente\/#primaryimage","url":"https:\/\/infocul.pt\/arquivo\/wp-content\/uploads\/2020\/03\/CAPA_Hist\u00f3ria-do-Sporting-Clube-de-Portugal.jpg","contentUrl":"https:\/\/infocul.pt\/arquivo\/wp-content\/uploads\/2020\/03\/CAPA_Hist\u00f3ria-do-Sporting-Clube-de-Portugal.jpg","width":684,"height":1024},{"@type":"BreadcrumbList","@id":"https:\/\/infocul.pt\/arquivo\/cultura\/ha-um-livro-no-qual-pode-usufruir-de-uma-historia-do-sporting-factualmente-sustentada-em-fontes-e-analisada-diacronicamente\/#breadcrumb","itemListElement":[{"@type":"ListItem","position":1,"name":"Home","item":"https:\/\/infocul.pt\/arquivo\/"},{"@type":"ListItem","position":2,"name":"H\u00e1 um livro no qual pode &#8220;usufruir de uma hist\u00f3ria do Sporting factualmente sustentada em fontes e analisada diacronicamente&#8221;"}]},{"@type":"WebSite","@id":"https:\/\/infocul.pt\/arquivo\/#website","url":"https:\/\/infocul.pt\/arquivo\/","name":"Infocul.pt - Arquivo Digital","description":"Arquivo digital da Infocul.pt","publisher":{"@id":"https:\/\/infocul.pt\/arquivo\/#organization"},"potentialAction":[{"@type":"SearchAction","target":{"@type":"EntryPoint","urlTemplate":"https:\/\/infocul.pt\/arquivo\/?s={search_term_string}"},"query-input":{"@type":"PropertyValueSpecification","valueRequired":true,"valueName":"search_term_string"}}],"inLanguage":"pt-PT"},{"@type":"Organization","@id":"https:\/\/infocul.pt\/arquivo\/#organization","name":"Infocul.pt","url":"https:\/\/infocul.pt\/arquivo\/","logo":{"@type":"ImageObject","inLanguage":"pt-PT","@id":"https:\/\/infocul.pt\/arquivo\/#\/schema\/logo\/image\/","url":"https:\/\/infocul.pt\/arquivo\/wp-content\/uploads\/2018\/12\/Infocul_logo-1.png","contentUrl":"https:\/\/infocul.pt\/arquivo\/wp-content\/uploads\/2018\/12\/Infocul_logo-1.png","width":800,"height":800,"caption":"Infocul.pt"},"image":{"@id":"https:\/\/infocul.pt\/arquivo\/#\/schema\/logo\/image\/"},"sameAs":["https:\/\/www.facebook.com\/Infocul-147816815585015\/","https:\/\/x.com\/Infoculpt","http:\/\/www.pictaram.com\/user\/infocul.pt\/2370423710","https:\/\/www.youtube.com\/channel\/UCYEB91AGI9FL9ek2i_IaQAA"]},{"@type":"Person","@id":"https:\/\/infocul.pt\/arquivo\/#\/schema\/person\/060a108d7f2d85fc6aae505119ee5234","name":"Rui Lavrador","image":{"@type":"ImageObject","inLanguage":"pt-PT","@id":"https:\/\/secure.gravatar.com\/avatar\/93febd6873394aa8e975148548a0cb203acfdd42d2c85c5f1408e1a76678aece?s=96&d=mm&r=g","url":"https:\/\/secure.gravatar.com\/avatar\/93febd6873394aa8e975148548a0cb203acfdd42d2c85c5f1408e1a76678aece?s=96&d=mm&r=g","contentUrl":"https:\/\/secure.gravatar.com\/avatar\/93febd6873394aa8e975148548a0cb203acfdd42d2c85c5f1408e1a76678aece?s=96&d=mm&r=g","caption":"Rui Lavrador"},"description":"Iniciou em 2011 o seu percurso em comunica\u00e7\u00e3o social, tendo integrado v\u00e1rios projectos editoriais. Durante o seu percurso integrou projectos como Jornal Hardm\u00fasica, LusoNot\u00edcias, Toureio.pt, ODigital.pt, entre outros \u00d3rg\u00e3os de Comunica\u00e7\u00e3o Social nacionais, na redac\u00e7\u00e3o de v\u00e1rios artigos. Entrevistou a grande maioria das personalidades mais importantes da vida social e cultural do pa\u00eds, destacando-se, tamb\u00e9m, na aprecia\u00e7\u00e3o de v\u00e1rios espect\u00e1culos. Durante o seu percurso, deu a conhecer v\u00e1rios artistas, at\u00e9 ent\u00e3o desconhecidos, ao grande p\u00fablico. Em 2015 criou e fundou o Infocul.pt, projecto no qual assume a direc\u00e7\u00e3o editorial.","sameAs":["http:\/\/www.infocul.pt"]}]}},"_links":{"self":[{"href":"https:\/\/infocul.pt\/arquivo\/wp-json\/wp\/v2\/posts\/68675","targetHints":{"allow":["GET"]}}],"collection":[{"href":"https:\/\/infocul.pt\/arquivo\/wp-json\/wp\/v2\/posts"}],"about":[{"href":"https:\/\/infocul.pt\/arquivo\/wp-json\/wp\/v2\/types\/post"}],"author":[{"embeddable":true,"href":"https:\/\/infocul.pt\/arquivo\/wp-json\/wp\/v2\/users\/2"}],"replies":[{"embeddable":true,"href":"https:\/\/infocul.pt\/arquivo\/wp-json\/wp\/v2\/comments?post=68675"}],"version-history":[{"count":0,"href":"https:\/\/infocul.pt\/arquivo\/wp-json\/wp\/v2\/posts\/68675\/revisions"}],"wp:featuredmedia":[{"embeddable":true,"href":"https:\/\/infocul.pt\/arquivo\/wp-json\/wp\/v2\/media\/68676"}],"wp:attachment":[{"href":"https:\/\/infocul.pt\/arquivo\/wp-json\/wp\/v2\/media?parent=68675"}],"wp:term":[{"taxonomy":"category","embeddable":true,"href":"https:\/\/infocul.pt\/arquivo\/wp-json\/wp\/v2\/categories?post=68675"},{"taxonomy":"post_tag","embeddable":true,"href":"https:\/\/infocul.pt\/arquivo\/wp-json\/wp\/v2\/tags?post=68675"}],"curies":[{"name":"wp","href":"https:\/\/api.w.org\/{rel}","templated":true}]}}