{"id":68681,"date":"2020-03-24T14:54:11","date_gmt":"2020-03-24T14:54:11","guid":{"rendered":"https:\/\/infocul.pt\/?p=68681"},"modified":"2020-03-24T14:57:33","modified_gmt":"2020-03-24T14:57:33","slug":"gira-o-disco-prisao-de-mim-de-joao-loy","status":"publish","type":"post","link":"https:\/\/infocul.pt\/arquivo\/destaque\/gira-o-disco-prisao-de-mim-de-joao-loy\/","title":{"rendered":"Gira o Disco: \u201cPris\u00e3o de Mim\u201d de Jo\u00e3o Loy"},"content":{"rendered":"<p><img decoding=\"async\" class=\"aligncenter wp-image-68712 size-large lazyload\" data-src=\"https:\/\/infocul.pt\/arquivo\/wp-content\/uploads\/2020\/03\/WhatsApp-Image-2020-03-24-at-14.20.07-1024x683.jpeg\" alt=\"\" width=\"800\" height=\"534\" data-srcset=\"https:\/\/infocul.pt\/arquivo\/wp-content\/uploads\/2020\/03\/WhatsApp-Image-2020-03-24-at-14.20.07.jpeg 1024w, https:\/\/infocul.pt\/arquivo\/wp-content\/uploads\/2020\/03\/WhatsApp-Image-2020-03-24-at-14.20.07-300x200.jpeg 300w, https:\/\/infocul.pt\/arquivo\/wp-content\/uploads\/2020\/03\/WhatsApp-Image-2020-03-24-at-14.20.07-768x512.jpeg 768w, https:\/\/infocul.pt\/arquivo\/wp-content\/uploads\/2020\/03\/WhatsApp-Image-2020-03-24-at-14.20.07-1536x1024.jpeg 1536w\" data-sizes=\"(max-width: 800px) 100vw, 800px\" src=\"data:image\/svg+xml;base64,PHN2ZyB3aWR0aD0iMSIgaGVpZ2h0PSIxIiB4bWxucz0iaHR0cDovL3d3dy53My5vcmcvMjAwMC9zdmciPjwvc3ZnPg==\" style=\"--smush-placeholder-width: 800px; --smush-placeholder-aspect-ratio: 800\/534;\" \/><\/p>\n<p>&nbsp;<\/p>\n<p><span style=\"color: #000000;\"><span style=\"font-family: Liberation Serif, serif;\"><span style=\"font-size: medium;\">Artista: Jo\u00e3o Loy<\/span><\/span><\/span><\/p>\n<p><span style=\"color: #000000;\"><span style=\"font-family: Liberation Serif, serif;\"><span style=\"font-size: medium;\">T\u00edtulo do \u00c1lbum: Pris\u00e3o de Mim<\/span><\/span><\/span><\/p>\n<p><span style=\"color: #000000;\"><span style=\"font-family: Liberation Serif, serif;\"><span style=\"font-size: medium;\">Data de Lan\u00e7amento: 27 de Outubro de 2019<\/span><\/span><\/span><\/p>\n<p><span style=\"color: #000000;\"><span style=\"font-family: Liberation Serif, serif;\"><span style=\"font-size: medium;\">M\u00fasicos: Ivan Cardoso, Pedro Ferreira <\/span><\/span><\/span><\/p>\n<p><span style=\"color: #000000;\"><span style=\"font-family: Liberation Serif, serif;\"><span style=\"font-size: medium;\">Convidado Especial: Jorge Nunes<\/span><\/span><\/span><\/p>\n<p><span style=\"color: #000000;\"><span style=\"font-family: Liberation Serif, serif;\"><span style=\"font-size: medium;\">Capta\u00e7\u00e3o e Mistura: Cl\u00e1udio Silva<\/span><\/span><\/span><\/p>\n<p><span style=\"color: #000000;\"><span style=\"font-family: Liberation Serif, serif;\"><span style=\"font-size: medium;\">Produ\u00e7\u00e3o: Associa\u00e7\u00e3o Coisa Feita e Rui Diogo\u00a0<\/span><\/span><\/span><!--more--><\/p>\n<p>&nbsp;<\/p>\n<p><span style=\"color: #000000;\"><span style=\"font-family: Liberation Serif, serif;\"><span style=\"font-size: medium;\">A vida de <a href=\"https:\/\/www.facebook.com\/joaoloy\/?ref=br_rs\" target=\"_blank\" rel=\"noopener noreferrer\">Jo\u00e3o Loy<\/a> transformou-se ap\u00f3s ter recebido 3 pequenas cassetes. Essas, mudaram a sua perspectiva em rela\u00e7\u00e3o \u00e0s suas paix\u00f5es enquanto artista. Teatro, televis\u00e3o e m\u00fasica s\u00e3o as mais persistentes demonstra\u00e7\u00f5es art\u00edsticas que se encontram nos mais de 30 anos de carreira de Jo\u00e3o Loy.<\/span><\/span><\/span><\/p>\n<p><span style=\"color: #000000;\"><span style=\"font-family: Liberation Serif, serif;\"><span style=\"font-size: medium;\">Natural de Elvas e conhecido por muitos pela dobragem da ic\u00f3nica personagem Vegeta, no anime Dragon Ball, Jo\u00e3o Loy partilha tamb\u00e9m os seus dotes vocais com o fado. Desta vez, apresenta o projecto \u201cPris\u00e3o de Mim\u201d, no qual agrega v\u00e1rios temas, captados ao vivo no <a href=\"https:\/\/www.facebook.com\/FadoMenordeLisboa\/?ref=br_rs\" target=\"_blank\" rel=\"noopener noreferrer\">Fado Menor de Lisboa<\/a>.\u00a0<\/span><\/span><\/span><\/p>\n<p><span style=\"color: #000000;\"><span style=\"font-family: Liberation Serif, serif;\"><span style=\"font-size: medium;\">O segundo \u00e1lbum do artista come\u00e7a com \u201cFado de Outrora\u201d num tom alegre, no qual relembra uma hist\u00f3ria de vida que outrora haver\u00e1 existido. J\u00e1 em \u201cTriste Sorte\u201d, fala da procura por alguns momentos mais brilhantes na vida, por uma noite menos escura. \u201cXaile \u00e9 Len\u00e7o\u201d, um dos primeiros temas que ouviu de Frei Herman da C\u00e2mara, \u00e9 a faixa que se segue. Em \u201cD\u00e1diva\u201d, pede a Deus pela paci\u00eancia de esperar por algu\u00e9m especial. Um tema importante para o autor, j\u00e1 que o poema fora escrito por Teresa Tarouca, uma das artistas que constava nas (atr\u00e1s referidas) cassetes. Seguem-se no alinhamento, \u201cPasseio \u00e0 Mouraria\u201d que fala duma vida perdida que chama a aten\u00e7\u00e3o de Deus; \u201cQueria cantar-te um Fado\u201d e \u201cGrito\u201d de Am\u00e1lia Rodrigues, sobre os quais fez uma adapta\u00e7\u00e3o pr\u00f3pria .<\/span><\/span><\/span><\/p>\n<p><span style=\"color: #000000;\"><span style=\"font-family: Liberation Serif, serif;\"><span style=\"font-size: medium;\">J\u00e1 na t\u00e3o conhecida \u201cValsa dos Amantes\u201d, Jo\u00e3o completa o idealismo de um amor eterno com o poema \u201cO Menino da Sua M\u00e3e\u201d, de Fernando Pessoa. \u201cPode Ser Saudade\u201d foi bem acompanhada pelo p\u00fablico, o qual apoiou o artista em surdina.\u00a0<\/span><\/span><\/span><\/p>\n<p><span style=\"color: #000000;\">\u201c<span style=\"font-family: Liberation Serif, serif;\"><span style=\"font-size: medium;\">Esquina de Rua\u201d, \u201cSem Sentido\u201d, \u201cFado da Vendedeira\u201d, \u201cDisse-te Adeus, N\u00e3o Me Lembro\u201d foram tamb\u00e9m temas presentes no \u00e1lbum do artista.\u00a0 Canta tamb\u00e9m o tema de Manuel Almeida \u201cQuero Tanto Aos Olhos Teus\u201d, que para Jo\u00e3o representa todos os pontos positivos deste estilo musical tradicional do nosso pa\u00eds.<\/span><\/span><\/span><\/p>\n<p><span style=\"color: #000000;\"><span style=\"font-family: Liberation Serif, serif;\"><span style=\"font-size: medium;\">Com a ajuda de Jorge Nunes (convidado especial), Ivan Cardoso (na viola de fado) e Pedro Ferreira (na guitarra portuguesa), construiu esta compila\u00e7\u00e3o de temas que o marcaram, gravando ao vivo no ano passado, demonstrando a sua alma e paix\u00e3o pelo fado e pela palavra.\u00a0<\/span><\/span><\/span><\/p>\n","protected":false},"excerpt":{"rendered":"<p>&nbsp; Artista: Jo\u00e3o Loy T\u00edtulo do \u00c1lbum: Pris\u00e3o de Mim Data de Lan\u00e7amento: 27 de Outubro de 2019 M\u00fasicos: Ivan Cardoso, Pedro Ferreira Convidado Especial: Jorge Nunes Capta\u00e7\u00e3o e Mistura: Cl\u00e1udio Silva Produ\u00e7\u00e3o: Associa\u00e7\u00e3o Coisa Feita e Rui Diogo\u00a0<\/p>\n","protected":false},"author":20,"featured_media":68712,"comment_status":"open","ping_status":"closed","sticky":false,"template":"","format":"standard","meta":{"footnotes":""},"categories":[36,4121],"tags":[6487],"class_list":["post-68681","post","type-post","status-publish","format-standard","has-post-thumbnail","hentry","category-destaque","category-opiniao","tag-joao-loy"],"yoast_head":"<!-- This site is optimized with the Yoast SEO plugin v27.5 - https:\/\/yoast.com\/product\/yoast-seo-wordpress\/ -->\n<title>Gira o Disco: \u201cPris\u00e3o de Mim\u201d de Jo\u00e3o Loy | Infocul.pt - Arquivo Digital<\/title>\n<meta name=\"description\" content=\"Gira o Disco: \u201cPris\u00e3o de Mim\u201d de Jo\u00e3o Loy | Infocul.pt - Arquivo Digital\" \/>\n<meta name=\"robots\" content=\"noindex, follow, max-snippet:-1, max-image-preview:large, max-video-preview:-1\" \/>\n<meta property=\"og:locale\" content=\"pt_PT\" \/>\n<meta property=\"og:type\" content=\"article\" \/>\n<meta property=\"og:title\" content=\"Gira o Disco: \u201cPris\u00e3o de Mim\u201d de Jo\u00e3o Loy | Infocul.pt - Arquivo Digital\" \/>\n<meta property=\"og:description\" content=\"Gira o Disco: \u201cPris\u00e3o de Mim\u201d de Jo\u00e3o Loy | Infocul.pt - Arquivo Digital\" \/>\n<meta property=\"og:url\" content=\"https:\/\/infocul.pt\/arquivo\/destaque\/gira-o-disco-prisao-de-mim-de-joao-loy\/\" \/>\n<meta property=\"og:site_name\" content=\"Infocul.pt - Arquivo Digital\" \/>\n<meta property=\"article:publisher\" content=\"https:\/\/www.facebook.com\/Infocul-147816815585015\/\" \/>\n<meta property=\"article:published_time\" content=\"2020-03-24T14:54:11+00:00\" \/>\n<meta property=\"article:modified_time\" content=\"2020-03-24T14:57:33+00:00\" \/>\n<meta property=\"og:image\" content=\"https:\/\/infocul.pt\/arquivo\/wp-content\/uploads\/2020\/03\/WhatsApp-Image-2020-03-24-at-14.20.07.jpeg\" \/>\n\t<meta property=\"og:image:width\" content=\"1024\" \/>\n\t<meta property=\"og:image:height\" content=\"683\" \/>\n\t<meta property=\"og:image:type\" content=\"image\/jpeg\" \/>\n<meta name=\"author\" content=\"Mariana Nave\" \/>\n<meta name=\"twitter:card\" content=\"summary_large_image\" \/>\n<meta name=\"twitter:creator\" content=\"@Infoculpt\" \/>\n<meta name=\"twitter:site\" content=\"@Infoculpt\" \/>\n<meta name=\"twitter:label1\" content=\"Escrito por\" \/>\n\t<meta name=\"twitter:data1\" content=\"Mariana Nave\" \/>\n\t<meta name=\"twitter:label2\" content=\"Tempo estimado de leitura\" \/>\n\t<meta name=\"twitter:data2\" content=\"2 minutos\" \/>\n<script type=\"application\/ld+json\" class=\"yoast-schema-graph\">{\"@context\":\"https:\\\/\\\/schema.org\",\"@graph\":[{\"@type\":\"Article\",\"@id\":\"https:\\\/\\\/infocul.pt\\\/arquivo\\\/destaque\\\/gira-o-disco-prisao-de-mim-de-joao-loy\\\/#article\",\"isPartOf\":{\"@id\":\"https:\\\/\\\/infocul.pt\\\/arquivo\\\/destaque\\\/gira-o-disco-prisao-de-mim-de-joao-loy\\\/\"},\"author\":{\"name\":\"Mariana Nave\",\"@id\":\"https:\\\/\\\/infocul.pt\\\/arquivo\\\/#\\\/schema\\\/person\\\/81ab97f0541b157888e4cad082e85379\"},\"headline\":\"Gira o Disco: \u201cPris\u00e3o de Mim\u201d de Jo\u00e3o Loy\",\"datePublished\":\"2020-03-24T14:54:11+00:00\",\"dateModified\":\"2020-03-24T14:57:33+00:00\",\"mainEntityOfPage\":{\"@id\":\"https:\\\/\\\/infocul.pt\\\/arquivo\\\/destaque\\\/gira-o-disco-prisao-de-mim-de-joao-loy\\\/\"},\"wordCount\":453,\"commentCount\":0,\"publisher\":{\"@id\":\"https:\\\/\\\/infocul.pt\\\/arquivo\\\/#organization\"},\"image\":{\"@id\":\"https:\\\/\\\/infocul.pt\\\/arquivo\\\/destaque\\\/gira-o-disco-prisao-de-mim-de-joao-loy\\\/#primaryimage\"},\"thumbnailUrl\":\"https:\\\/\\\/infocul.pt\\\/arquivo\\\/wp-content\\\/uploads\\\/2020\\\/03\\\/WhatsApp-Image-2020-03-24-at-14.20.07.jpeg\",\"keywords\":[\"Jo\u00e3o Loy\"],\"articleSection\":[\"Destaque\",\"Opini\u00e3o\"],\"inLanguage\":\"pt-PT\"},{\"@type\":\"WebPage\",\"@id\":\"https:\\\/\\\/infocul.pt\\\/arquivo\\\/destaque\\\/gira-o-disco-prisao-de-mim-de-joao-loy\\\/\",\"url\":\"https:\\\/\\\/infocul.pt\\\/arquivo\\\/destaque\\\/gira-o-disco-prisao-de-mim-de-joao-loy\\\/\",\"name\":\"Gira o Disco: \u201cPris\u00e3o de Mim\u201d de Jo\u00e3o Loy | Infocul.pt - Arquivo Digital\",\"isPartOf\":{\"@id\":\"https:\\\/\\\/infocul.pt\\\/arquivo\\\/#website\"},\"primaryImageOfPage\":{\"@id\":\"https:\\\/\\\/infocul.pt\\\/arquivo\\\/destaque\\\/gira-o-disco-prisao-de-mim-de-joao-loy\\\/#primaryimage\"},\"image\":{\"@id\":\"https:\\\/\\\/infocul.pt\\\/arquivo\\\/destaque\\\/gira-o-disco-prisao-de-mim-de-joao-loy\\\/#primaryimage\"},\"thumbnailUrl\":\"https:\\\/\\\/infocul.pt\\\/arquivo\\\/wp-content\\\/uploads\\\/2020\\\/03\\\/WhatsApp-Image-2020-03-24-at-14.20.07.jpeg\",\"datePublished\":\"2020-03-24T14:54:11+00:00\",\"dateModified\":\"2020-03-24T14:57:33+00:00\",\"description\":\"Gira o Disco: \u201cPris\u00e3o de Mim\u201d de Jo\u00e3o Loy | Infocul.pt - Arquivo Digital\",\"breadcrumb\":{\"@id\":\"https:\\\/\\\/infocul.pt\\\/arquivo\\\/destaque\\\/gira-o-disco-prisao-de-mim-de-joao-loy\\\/#breadcrumb\"},\"inLanguage\":\"pt-PT\",\"potentialAction\":[{\"@type\":\"ReadAction\",\"target\":[\"https:\\\/\\\/infocul.pt\\\/arquivo\\\/destaque\\\/gira-o-disco-prisao-de-mim-de-joao-loy\\\/\"]}]},{\"@type\":\"ImageObject\",\"inLanguage\":\"pt-PT\",\"@id\":\"https:\\\/\\\/infocul.pt\\\/arquivo\\\/destaque\\\/gira-o-disco-prisao-de-mim-de-joao-loy\\\/#primaryimage\",\"url\":\"https:\\\/\\\/infocul.pt\\\/arquivo\\\/wp-content\\\/uploads\\\/2020\\\/03\\\/WhatsApp-Image-2020-03-24-at-14.20.07.jpeg\",\"contentUrl\":\"https:\\\/\\\/infocul.pt\\\/arquivo\\\/wp-content\\\/uploads\\\/2020\\\/03\\\/WhatsApp-Image-2020-03-24-at-14.20.07.jpeg\",\"width\":1024,\"height\":683},{\"@type\":\"BreadcrumbList\",\"@id\":\"https:\\\/\\\/infocul.pt\\\/arquivo\\\/destaque\\\/gira-o-disco-prisao-de-mim-de-joao-loy\\\/#breadcrumb\",\"itemListElement\":[{\"@type\":\"ListItem\",\"position\":1,\"name\":\"Home\",\"item\":\"https:\\\/\\\/infocul.pt\\\/arquivo\\\/\"},{\"@type\":\"ListItem\",\"position\":2,\"name\":\"Gira o Disco: \u201cPris\u00e3o de Mim\u201d de Jo\u00e3o Loy\"}]},{\"@type\":\"WebSite\",\"@id\":\"https:\\\/\\\/infocul.pt\\\/arquivo\\\/#website\",\"url\":\"https:\\\/\\\/infocul.pt\\\/arquivo\\\/\",\"name\":\"Infocul.pt - Arquivo Digital\",\"description\":\"Arquivo digital da Infocul.pt\",\"publisher\":{\"@id\":\"https:\\\/\\\/infocul.pt\\\/arquivo\\\/#organization\"},\"potentialAction\":[{\"@type\":\"SearchAction\",\"target\":{\"@type\":\"EntryPoint\",\"urlTemplate\":\"https:\\\/\\\/infocul.pt\\\/arquivo\\\/?s={search_term_string}\"},\"query-input\":{\"@type\":\"PropertyValueSpecification\",\"valueRequired\":true,\"valueName\":\"search_term_string\"}}],\"inLanguage\":\"pt-PT\"},{\"@type\":\"Organization\",\"@id\":\"https:\\\/\\\/infocul.pt\\\/arquivo\\\/#organization\",\"name\":\"Infocul.pt\",\"url\":\"https:\\\/\\\/infocul.pt\\\/arquivo\\\/\",\"logo\":{\"@type\":\"ImageObject\",\"inLanguage\":\"pt-PT\",\"@id\":\"https:\\\/\\\/infocul.pt\\\/arquivo\\\/#\\\/schema\\\/logo\\\/image\\\/\",\"url\":\"https:\\\/\\\/infocul.pt\\\/arquivo\\\/wp-content\\\/uploads\\\/2018\\\/12\\\/Infocul_logo-1.png\",\"contentUrl\":\"https:\\\/\\\/infocul.pt\\\/arquivo\\\/wp-content\\\/uploads\\\/2018\\\/12\\\/Infocul_logo-1.png\",\"width\":800,\"height\":800,\"caption\":\"Infocul.pt\"},\"image\":{\"@id\":\"https:\\\/\\\/infocul.pt\\\/arquivo\\\/#\\\/schema\\\/logo\\\/image\\\/\"},\"sameAs\":[\"https:\\\/\\\/www.facebook.com\\\/Infocul-147816815585015\\\/\",\"https:\\\/\\\/x.com\\\/Infoculpt\",\"http:\\\/\\\/www.pictaram.com\\\/user\\\/infocul.pt\\\/2370423710\",\"https:\\\/\\\/www.youtube.com\\\/channel\\\/UCYEB91AGI9FL9ek2i_IaQAA\"]},{\"@type\":\"Person\",\"@id\":\"https:\\\/\\\/infocul.pt\\\/arquivo\\\/#\\\/schema\\\/person\\\/81ab97f0541b157888e4cad082e85379\",\"name\":\"Mariana Nave\",\"image\":{\"@type\":\"ImageObject\",\"inLanguage\":\"pt-PT\",\"@id\":\"https:\\\/\\\/secure.gravatar.com\\\/avatar\\\/c88ca83ec3e70f2c68e12fb31d20e52e4067a2b7ca6a32ed93bfdfa6797e214d?s=96&d=mm&r=g\",\"url\":\"https:\\\/\\\/secure.gravatar.com\\\/avatar\\\/c88ca83ec3e70f2c68e12fb31d20e52e4067a2b7ca6a32ed93bfdfa6797e214d?s=96&d=mm&r=g\",\"contentUrl\":\"https:\\\/\\\/secure.gravatar.com\\\/avatar\\\/c88ca83ec3e70f2c68e12fb31d20e52e4067a2b7ca6a32ed93bfdfa6797e214d?s=96&d=mm&r=g\",\"caption\":\"Mariana Nave\"},\"description\":\"Em Fevereiro de 2019, come\u00e7ou a trabalhar com o projecto Infocul.pt, sendo este tamb\u00e9m o primeiro projecto com que colabora. Apesar de ainda n\u00e3o ter um longo percurso, continua a trabalhar sempre com o objectivo de melhorar as suas capacidades no ramo da comunica\u00e7\u00e3o social.\"}]}<\/script>\n<!-- \/ Yoast SEO plugin. -->","yoast_head_json":{"title":"Gira o Disco: \u201cPris\u00e3o de Mim\u201d de Jo\u00e3o Loy | Infocul.pt - Arquivo Digital","description":"Gira o Disco: \u201cPris\u00e3o de Mim\u201d de Jo\u00e3o Loy | Infocul.pt - Arquivo Digital","robots":{"index":"noindex","follow":"follow","max-snippet":"max-snippet:-1","max-image-preview":"max-image-preview:large","max-video-preview":"max-video-preview:-1"},"og_locale":"pt_PT","og_type":"article","og_title":"Gira o Disco: \u201cPris\u00e3o de Mim\u201d de Jo\u00e3o Loy | Infocul.pt - Arquivo Digital","og_description":"Gira o Disco: \u201cPris\u00e3o de Mim\u201d de Jo\u00e3o Loy | Infocul.pt - Arquivo Digital","og_url":"https:\/\/infocul.pt\/arquivo\/destaque\/gira-o-disco-prisao-de-mim-de-joao-loy\/","og_site_name":"Infocul.pt - Arquivo Digital","article_publisher":"https:\/\/www.facebook.com\/Infocul-147816815585015\/","article_published_time":"2020-03-24T14:54:11+00:00","article_modified_time":"2020-03-24T14:57:33+00:00","og_image":[{"width":1024,"height":683,"url":"https:\/\/infocul.pt\/arquivo\/wp-content\/uploads\/2020\/03\/WhatsApp-Image-2020-03-24-at-14.20.07.jpeg","type":"image\/jpeg"}],"author":"Mariana Nave","twitter_card":"summary_large_image","twitter_creator":"@Infoculpt","twitter_site":"@Infoculpt","twitter_misc":{"Escrito por":"Mariana Nave","Tempo estimado de leitura":"2 minutos"},"schema":{"@context":"https:\/\/schema.org","@graph":[{"@type":"Article","@id":"https:\/\/infocul.pt\/arquivo\/destaque\/gira-o-disco-prisao-de-mim-de-joao-loy\/#article","isPartOf":{"@id":"https:\/\/infocul.pt\/arquivo\/destaque\/gira-o-disco-prisao-de-mim-de-joao-loy\/"},"author":{"name":"Mariana Nave","@id":"https:\/\/infocul.pt\/arquivo\/#\/schema\/person\/81ab97f0541b157888e4cad082e85379"},"headline":"Gira o Disco: \u201cPris\u00e3o de Mim\u201d de Jo\u00e3o Loy","datePublished":"2020-03-24T14:54:11+00:00","dateModified":"2020-03-24T14:57:33+00:00","mainEntityOfPage":{"@id":"https:\/\/infocul.pt\/arquivo\/destaque\/gira-o-disco-prisao-de-mim-de-joao-loy\/"},"wordCount":453,"commentCount":0,"publisher":{"@id":"https:\/\/infocul.pt\/arquivo\/#organization"},"image":{"@id":"https:\/\/infocul.pt\/arquivo\/destaque\/gira-o-disco-prisao-de-mim-de-joao-loy\/#primaryimage"},"thumbnailUrl":"https:\/\/infocul.pt\/arquivo\/wp-content\/uploads\/2020\/03\/WhatsApp-Image-2020-03-24-at-14.20.07.jpeg","keywords":["Jo\u00e3o Loy"],"articleSection":["Destaque","Opini\u00e3o"],"inLanguage":"pt-PT"},{"@type":"WebPage","@id":"https:\/\/infocul.pt\/arquivo\/destaque\/gira-o-disco-prisao-de-mim-de-joao-loy\/","url":"https:\/\/infocul.pt\/arquivo\/destaque\/gira-o-disco-prisao-de-mim-de-joao-loy\/","name":"Gira o Disco: \u201cPris\u00e3o de Mim\u201d de Jo\u00e3o Loy | Infocul.pt - Arquivo Digital","isPartOf":{"@id":"https:\/\/infocul.pt\/arquivo\/#website"},"primaryImageOfPage":{"@id":"https:\/\/infocul.pt\/arquivo\/destaque\/gira-o-disco-prisao-de-mim-de-joao-loy\/#primaryimage"},"image":{"@id":"https:\/\/infocul.pt\/arquivo\/destaque\/gira-o-disco-prisao-de-mim-de-joao-loy\/#primaryimage"},"thumbnailUrl":"https:\/\/infocul.pt\/arquivo\/wp-content\/uploads\/2020\/03\/WhatsApp-Image-2020-03-24-at-14.20.07.jpeg","datePublished":"2020-03-24T14:54:11+00:00","dateModified":"2020-03-24T14:57:33+00:00","description":"Gira o Disco: \u201cPris\u00e3o de Mim\u201d de Jo\u00e3o Loy | Infocul.pt - Arquivo Digital","breadcrumb":{"@id":"https:\/\/infocul.pt\/arquivo\/destaque\/gira-o-disco-prisao-de-mim-de-joao-loy\/#breadcrumb"},"inLanguage":"pt-PT","potentialAction":[{"@type":"ReadAction","target":["https:\/\/infocul.pt\/arquivo\/destaque\/gira-o-disco-prisao-de-mim-de-joao-loy\/"]}]},{"@type":"ImageObject","inLanguage":"pt-PT","@id":"https:\/\/infocul.pt\/arquivo\/destaque\/gira-o-disco-prisao-de-mim-de-joao-loy\/#primaryimage","url":"https:\/\/infocul.pt\/arquivo\/wp-content\/uploads\/2020\/03\/WhatsApp-Image-2020-03-24-at-14.20.07.jpeg","contentUrl":"https:\/\/infocul.pt\/arquivo\/wp-content\/uploads\/2020\/03\/WhatsApp-Image-2020-03-24-at-14.20.07.jpeg","width":1024,"height":683},{"@type":"BreadcrumbList","@id":"https:\/\/infocul.pt\/arquivo\/destaque\/gira-o-disco-prisao-de-mim-de-joao-loy\/#breadcrumb","itemListElement":[{"@type":"ListItem","position":1,"name":"Home","item":"https:\/\/infocul.pt\/arquivo\/"},{"@type":"ListItem","position":2,"name":"Gira o Disco: \u201cPris\u00e3o de Mim\u201d de Jo\u00e3o Loy"}]},{"@type":"WebSite","@id":"https:\/\/infocul.pt\/arquivo\/#website","url":"https:\/\/infocul.pt\/arquivo\/","name":"Infocul.pt - Arquivo Digital","description":"Arquivo digital da Infocul.pt","publisher":{"@id":"https:\/\/infocul.pt\/arquivo\/#organization"},"potentialAction":[{"@type":"SearchAction","target":{"@type":"EntryPoint","urlTemplate":"https:\/\/infocul.pt\/arquivo\/?s={search_term_string}"},"query-input":{"@type":"PropertyValueSpecification","valueRequired":true,"valueName":"search_term_string"}}],"inLanguage":"pt-PT"},{"@type":"Organization","@id":"https:\/\/infocul.pt\/arquivo\/#organization","name":"Infocul.pt","url":"https:\/\/infocul.pt\/arquivo\/","logo":{"@type":"ImageObject","inLanguage":"pt-PT","@id":"https:\/\/infocul.pt\/arquivo\/#\/schema\/logo\/image\/","url":"https:\/\/infocul.pt\/arquivo\/wp-content\/uploads\/2018\/12\/Infocul_logo-1.png","contentUrl":"https:\/\/infocul.pt\/arquivo\/wp-content\/uploads\/2018\/12\/Infocul_logo-1.png","width":800,"height":800,"caption":"Infocul.pt"},"image":{"@id":"https:\/\/infocul.pt\/arquivo\/#\/schema\/logo\/image\/"},"sameAs":["https:\/\/www.facebook.com\/Infocul-147816815585015\/","https:\/\/x.com\/Infoculpt","http:\/\/www.pictaram.com\/user\/infocul.pt\/2370423710","https:\/\/www.youtube.com\/channel\/UCYEB91AGI9FL9ek2i_IaQAA"]},{"@type":"Person","@id":"https:\/\/infocul.pt\/arquivo\/#\/schema\/person\/81ab97f0541b157888e4cad082e85379","name":"Mariana Nave","image":{"@type":"ImageObject","inLanguage":"pt-PT","@id":"https:\/\/secure.gravatar.com\/avatar\/c88ca83ec3e70f2c68e12fb31d20e52e4067a2b7ca6a32ed93bfdfa6797e214d?s=96&d=mm&r=g","url":"https:\/\/secure.gravatar.com\/avatar\/c88ca83ec3e70f2c68e12fb31d20e52e4067a2b7ca6a32ed93bfdfa6797e214d?s=96&d=mm&r=g","contentUrl":"https:\/\/secure.gravatar.com\/avatar\/c88ca83ec3e70f2c68e12fb31d20e52e4067a2b7ca6a32ed93bfdfa6797e214d?s=96&d=mm&r=g","caption":"Mariana Nave"},"description":"Em Fevereiro de 2019, come\u00e7ou a trabalhar com o projecto Infocul.pt, sendo este tamb\u00e9m o primeiro projecto com que colabora. Apesar de ainda n\u00e3o ter um longo percurso, continua a trabalhar sempre com o objectivo de melhorar as suas capacidades no ramo da comunica\u00e7\u00e3o social."}]}},"_links":{"self":[{"href":"https:\/\/infocul.pt\/arquivo\/wp-json\/wp\/v2\/posts\/68681","targetHints":{"allow":["GET"]}}],"collection":[{"href":"https:\/\/infocul.pt\/arquivo\/wp-json\/wp\/v2\/posts"}],"about":[{"href":"https:\/\/infocul.pt\/arquivo\/wp-json\/wp\/v2\/types\/post"}],"author":[{"embeddable":true,"href":"https:\/\/infocul.pt\/arquivo\/wp-json\/wp\/v2\/users\/20"}],"replies":[{"embeddable":true,"href":"https:\/\/infocul.pt\/arquivo\/wp-json\/wp\/v2\/comments?post=68681"}],"version-history":[{"count":0,"href":"https:\/\/infocul.pt\/arquivo\/wp-json\/wp\/v2\/posts\/68681\/revisions"}],"wp:featuredmedia":[{"embeddable":true,"href":"https:\/\/infocul.pt\/arquivo\/wp-json\/wp\/v2\/media\/68712"}],"wp:attachment":[{"href":"https:\/\/infocul.pt\/arquivo\/wp-json\/wp\/v2\/media?parent=68681"}],"wp:term":[{"taxonomy":"category","embeddable":true,"href":"https:\/\/infocul.pt\/arquivo\/wp-json\/wp\/v2\/categories?post=68681"},{"taxonomy":"post_tag","embeddable":true,"href":"https:\/\/infocul.pt\/arquivo\/wp-json\/wp\/v2\/tags?post=68681"}],"curies":[{"name":"wp","href":"https:\/\/api.w.org\/{rel}","templated":true}]}}