{"id":68687,"date":"2020-03-26T00:00:33","date_gmt":"2020-03-26T00:00:33","guid":{"rendered":"https:\/\/infocul.pt\/?p=68687"},"modified":"2020-03-24T10:23:12","modified_gmt":"2020-03-24T10:23:12","slug":"falso-impacto-portugal-nao-estava-preparado-para-um-atentado-que-vitimou-o-primeiro-ministro-diz-autor-do-livro-sobre-a-morte-de-sa-carneiro","status":"publish","type":"post","link":"https:\/\/infocul.pt\/arquivo\/cultura\/falso-impacto-portugal-nao-estava-preparado-para-um-atentado-que-vitimou-o-primeiro-ministro-diz-autor-do-livro-sobre-a-morte-de-sa-carneiro\/","title":{"rendered":"Falso Impacto: &#8220;Portugal n\u00e3o estava preparado para um atentado que vitimou o Primeiro Ministro&#8221;, diz autor do livro, sobre a morte de S\u00e1 Carneiro"},"content":{"rendered":"<p><img decoding=\"async\" class=\"aligncenter wp-image-68688 size-large lazyload\" data-src=\"https:\/\/infocul.pt\/arquivo\/wp-content\/uploads\/2020\/03\/Capa-651x1024.jpg\" alt=\"\" width=\"651\" height=\"1024\" data-srcset=\"https:\/\/infocul.pt\/arquivo\/wp-content\/uploads\/2020\/03\/Capa-scaled.jpg 651w, https:\/\/infocul.pt\/arquivo\/wp-content\/uploads\/2020\/03\/Capa-191x300.jpg 191w, https:\/\/infocul.pt\/arquivo\/wp-content\/uploads\/2020\/03\/Capa-768x1208.jpg 768w, https:\/\/infocul.pt\/arquivo\/wp-content\/uploads\/2020\/03\/Capa-977x1536.jpg 977w, https:\/\/infocul.pt\/arquivo\/wp-content\/uploads\/2020\/03\/Capa-1302x2048.jpg 1302w\" data-sizes=\"(max-width: 651px) 100vw, 651px\" src=\"data:image\/svg+xml;base64,PHN2ZyB3aWR0aD0iMSIgaGVpZ2h0PSIxIiB4bWxucz0iaHR0cDovL3d3dy53My5vcmcvMjAwMC9zdmciPjwvc3ZnPg==\" style=\"--smush-placeholder-width: 651px; --smush-placeholder-aspect-ratio: 651\/1024;\" \/><\/p>\n<p>\u2018Falso Impacto\u2019 \u00e9 o livro policial da autoria de Ricardo Bragan\u00e7a Silveira, editado pela Emporium.<!--more--><\/p>\n<p>Ricardo mora actualmente no Forte da Casa, concelho de Vila Franca de Xira, e foi a partir desta localidade que concedeu entrevista ao Infocul.pt sobre um livro que tem como ponto de partida a morte do ex Primeiro-Ministro de Portugal, Francisco S\u00e1 Carneiro.<\/p>\n<p>H\u00e1 4 datas que estruturam este livro policial, que relaciona realidade e fica\u00e7\u00e3o. A primeira (4 de Dezembro de 1980) \u00e9 a do despiste do avi\u00e3o (modelo Cessna) que transportava, e acabou por vitimar, o Primeiro Ministro de Portugal, o Ministro da Defesa e seus .acompanhantes a bordo. Segue-se 4 de Dezembro de 2000, data em que um jornalista morre em circunst\u00e2ncias muito<\/p>\n<p>misteriosas na Ponte 25 de Abril. Por \u00faltimo, uma explos\u00e3o nas instala\u00e7\u00f5es da OTAN em Oeiras<\/p>\n<p>provoca v\u00e1rios mortos, 4 de Dezzembro de 2019.<\/p>\n<p>\u201c<span style=\"color: #0000ff;\"><b>Jorge Ferreira, um Inspector da Pol\u00edcia Judici\u00e1ria \u00e9 levado a um mundo de intrigas e mist\u00e9rio para descobrir quem esteve por detr\u00e1s do ataque. A investiga\u00e7\u00e3o leva-o a momentos que julgava ultrapassados. Conseguir\u00e1 evitar um pr\u00f3ximo ataque? Conseguir\u00e1, com a ajuda do seu amigo de sempre descobrir o que se passou?<\/b><\/span>&#8220;, refere a sinopse. Um livro que aconselho leitura, e que o deixar\u00e1 a questionar-se<\/p>\n<p>&nbsp;<\/p>\n<p>Seguidamente, apresentamos a entrevista realizada a Ricardo Bragan\u00e7a Silveira.<\/p>\n<p>&nbsp;<\/p>\n<p><i>Quando come\u00e7ou a pensar neste \u2018Falso Impacto\u2019 e qual o objectivo deste livro?<\/i><\/p>\n<p><i><b>Este livro come\u00e7ou a ganhar forma na minha cabe\u00e7a quando me comecei a interessar mais pela leitura de policiais, sendo que o objectivo deste livro \u00e9 contar uma hist\u00f3ria \u00e0s pessoas ao mesmo tempo de faz\u00ea-las pensar em v\u00e1rios temas.<\/b><\/i><\/p>\n<p><i>Qual a abordagem que este livro faz ao acidente que vitimou S\u00e1 Carneiro?<\/i><\/p>\n<p><i><b>A abordagem \u00e9 o ponto de partida para uma hist\u00f3ria de persegui\u00e7\u00e3o, intriga e crime. Este livro n\u00e3o pretende ser nenhuma tese sobre a queda do avi\u00e3o, apenas fazer despertar consci\u00eancias.<\/b><\/i><\/p>\n<p><i>Quem s\u00e3o estes jornalistas que refere no livro?<\/i><\/p>\n<p><i><b>Vamos ver, os personagens do livro s\u00e3o ficcionais. H\u00e1 um jornalista que vem referido no pr\u00f3logo e na sinopse, que \u00e9 retirado de uma hist\u00f3ria que se conta e que permitiu aumentar a intriga no livro, os outros jornalistas s\u00e3o meramente ficcionais.<\/b><\/i><\/p>\n<p><i>Quanto tempo levou toda esta pesquisa que aqui apresenta?<\/i><\/p>\n<p><i><b>N\u00e3o sei precisar, com certeza absoluta, o tempo que demorou a pesquisa. Muita dela foi feita ao mesmo tempo que escrevia o livro. O livro demorou cerca de 4 anos a ser escrito e est\u00e1 escrito h\u00e1 cerca de 10 anos. Claro que agora, para a edi\u00e7\u00e3o, tive de rever algumas partes da hist\u00f3ria. Agora, a pesquisa feita teve a ver com os acontecimentos de 4 de Dezembro de 1980 e com a constru\u00e7\u00e3o dos personagens, para a qual contei com a ajuda, na altura, do Inspector Sobreiro da Pol\u00edcia Judici\u00e1ria, que me recebeu, ainda nas antigas instala\u00e7\u00f5es e que me ajudou nessa constru\u00e7\u00e3o de personagens. Importa referir que, qualquer incongru\u00eancia com o trabalho da Pol\u00edcia \u00e9 da minha inteira responsabilidade. Mas volto a referir que o livro \u00e9 uma obra de fic\u00e7\u00e3o, n\u00e3o uma tese sobre o acidente de Camarate.<\/b><\/i><\/p>\n<p><i>Na sua opini\u00e3o, enquanto cidad\u00e3o, o que aconteceu naquele fat\u00eddico dia e quem o ou os respons\u00e1veis?<\/i><\/p>\n<p><i><b>Na minha opini\u00e3o, naquele fat\u00eddico dia, morreu o Primeiro-Ministro, Ministro da Defesa de Portugal e respectivos acompanhantes. N\u00e3o por acidente, mas porque algu\u00e9m quis que isso acontecesse. Penso que os verdadeiros respons\u00e1veis nunca ser\u00e3o descobertos sen\u00e3o daqui a duas gera\u00e7\u00f5es, quando se puder falar sobre o tema sem medos. Talvez um dia se saiba quem foram os verdadeiros respons\u00e1veis pela morte de S\u00e1 Carneiro.<\/b><\/i><\/p>\n<p><i>H\u00e1 tamb\u00e9m um parte ficcional. Onde termina a realidade e entra a fic\u00e7\u00e3o e como foi o desafio de as juntar?<\/i><\/p>\n<p><i><b>O livro \u00e9 principalmente uma obra ficcional. A beleza de um policial \u00e9 mesmo essa, a desafiante capacidade de juntar a fic\u00e7\u00e3o com a realidade, mas acaba por ser crucial a experi\u00eancia como leitor no desafio de levar as linhas do livro a bom-porto. <\/b><\/i><\/p>\n<p><i>Com quem contou na escritura deste livro? Algu\u00e9m que mere\u00e7a um agradecimento destacado?<\/i><\/p>\n<p><i><b>Conforme j\u00e1 referi acima, tive a ajuda do Inspector Sobreiro da Pol\u00edcia Judici\u00e1ria, da \u00e1rea de Rela\u00e7\u00f5es P\u00fablicas que foi de uma simpatia e generosidade enorme quando esteve comigo durante um dia h\u00e1 cerca de 15 anos, quando iniciei a pesquisa para este livro. Mas tamb\u00e9m contei com a ajuda da minha mulher, a Carla, que me deu alento e ajudou ao longo da constru\u00e7\u00e3o do livro, e da minha irm\u00e3, Patr\u00edcia, que me ajudou com a correc\u00e7\u00e3o do livro.<\/b><\/i><\/p>\n<p><i>Acha que houve justi\u00e7a no tratamento jornal\u00edstico e judicial dado ao acidente que vitimou S\u00e1 Carneiro?<\/i><\/p>\n<p><i><b>Eu acho que o problema no tratamento dado a este acidente foi pol\u00edtico. Embora a Assembleia da Rep\u00fablica tenha chegado \u00e0 conclus\u00e3o do atentado na d\u00e9cada de 90. Contudo os tribunais sempre seguiram a linha da tese de acidente. O que me parece foi que se deveria ter investigado todo e qualquer ind\u00edcio de atentado para se chegar a uma conclus\u00e3o mais precisa. Quanto ao tratamento jornal\u00edstico, tentaram sempre explorar todas as teses (principalmente a do atentado). A verdade \u00e9 que, na minha opini\u00e3o, Portugal n\u00e3o estava preparado para um atentado que vitimou o Primeiro Ministro, Ministro da Defesa e acompanhantes, pelo que o mais f\u00e1cil foi seguir-se a tese do acidente.<\/b><\/i><\/p>\n<p><i>Qual a maior marca que S\u00e1 Carneiro deixou em termos pol\u00edticos e de valores em Portugal e na sociedade portuguesa?<\/i><\/p>\n<p><i><b>Importa referir que Francisco S\u00e1 Carneiro foi um dos grandes estadistas do nosso pa\u00eds. Arrisco mesmo em dizer que foi, com M\u00e1rio Soares, \u00c1lvaro Cunhal e Diogo Freitas do Amaral, um dos fundadores da democracia portuguesa, numa \u00e9poca em que se fazia mais pol\u00edtica por paix\u00e3o do que hoje em dia. Claro que o que sei \u00e9 do que me \u00e9 transmitido pelos meus pais e pela Hist\u00f3ria do nosso pa\u00eds, uma vez que S\u00e1 Carneiro morreu antes de eu nascer. Mas pode-se dizer que, numa \u00e9poca de muitos tumultos e incertezas. Infelizmente partiu muito cedo porque penso que teria dado um muito maior contributo \u00e0 democracia portuguesa.<\/b><\/i><\/p>\n<p><i>Dado o actual estado de emerg\u00eancia, como poder\u00e3o as pessoas ter acesso a este livro?<\/i><\/p>\n<p><i><b>Vivemos tempos muito dif\u00edceis e ainda nos estamos a adaptar. Neste momento andamos e ver em conjunto, eu e a editora, a melhor forma de colocar, desde j\u00e1, o livro na rua. Possivelmente em breve estar\u00e1 \u00e0 venda no site da Emporium Editora, e talvez atrav\u00e9s da minha p\u00e1gina de Facebook, sendo que apenas ser\u00e1 poss\u00edvel o envio por correio (neste momento). De qualquer forma irei partilhar novidades nas minhas p\u00e1ginas de Facebook e Instagram.<\/b><\/i><\/p>\n<p><i>E interagir consigo? Ser\u00e1 melhor pelas redes sociais ou via e-mail? Onde o poder\u00e3o encontrar?<\/i><\/p>\n<p><i><b>Podem interagir comigo atrav\u00e9s da minha p\u00e1gina de Facebook (<a href=\"https:\/\/www.facebook.com\/RicardoBragancaSilveiraEscritor\/?ref=br_rs\">Ricardo Bragan\u00e7a Silveira \u2013 Escritor<\/a>) ou atrav\u00e9s do Instagram (<a href=\"https:\/\/www.instagram.com\/ricardo.b.silveira_escritor\/?hl=pt\">ricardo.b.silveira_escritor<\/a>). Podem, tamb\u00e9m, contactar-me para o meu e-mail <a href=\"mailto:ricardo.b.silveira_escritor@hotmail.com\">ricardo.b.silveira_escritor@hotmail.com<\/a> .<\/b><\/i><\/p>\n<figure id=\"attachment_68689\" aria-describedby=\"caption-attachment-68689\" style=\"width: 683px\" class=\"wp-caption aligncenter\"><img decoding=\"async\" class=\"wp-image-68689 size-large lazyload\" data-src=\"https:\/\/infocul.pt\/arquivo\/wp-content\/uploads\/2020\/03\/IMG_0021-683x1024.jpg\" alt=\"\" width=\"683\" height=\"1024\" data-srcset=\"https:\/\/infocul.pt\/arquivo\/wp-content\/uploads\/2020\/03\/IMG_0021-683x1024.jpg 683w, https:\/\/infocul.pt\/arquivo\/wp-content\/uploads\/2020\/03\/IMG_0021-200x300.jpg 200w, https:\/\/infocul.pt\/arquivo\/wp-content\/uploads\/2020\/03\/IMG_0021-768x1152.jpg 768w, https:\/\/infocul.pt\/arquivo\/wp-content\/uploads\/2020\/03\/IMG_0021-1024x1536.jpg 1024w, https:\/\/infocul.pt\/arquivo\/wp-content\/uploads\/2020\/03\/IMG_0021-1365x2048.jpg 1365w\" data-sizes=\"(max-width: 683px) 100vw, 683px\" src=\"data:image\/svg+xml;base64,PHN2ZyB3aWR0aD0iMSIgaGVpZ2h0PSIxIiB4bWxucz0iaHR0cDovL3d3dy53My5vcmcvMjAwMC9zdmciPjwvc3ZnPg==\" style=\"--smush-placeholder-width: 683px; --smush-placeholder-aspect-ratio: 683\/1024;\" \/><figcaption id=\"caption-attachment-68689\" class=\"wp-caption-text\">D.R.<\/figcaption><\/figure>\n","protected":false},"excerpt":{"rendered":"<p>\u2018Falso Impacto\u2019 \u00e9 o livro policial da autoria de Ricardo Bragan\u00e7a Silveira, editado pela Emporium.<\/p>\n","protected":false},"author":2,"featured_media":68688,"comment_status":"open","ping_status":"closed","sticky":false,"template":"","format":"standard","meta":{"footnotes":""},"categories":[2,36,4124,8],"tags":[9078],"class_list":["post-68687","post","type-post","status-publish","format-standard","has-post-thumbnail","hentry","category-cultura","category-destaque","category-entrevistas","category-livros","tag-ricardo-braganca-silveira"],"yoast_head":"<!-- This site is optimized with the Yoast SEO plugin v27.4 - https:\/\/yoast.com\/product\/yoast-seo-wordpress\/ -->\n<title>Falso Impacto: &quot;Portugal n\u00e3o estava preparado para um atentado que vitimou o Primeiro Ministro&quot;, diz autor do livro, sobre a morte de S\u00e1 Carneiro | Infocul.pt - Arquivo Digital<\/title>\n<meta name=\"description\" content=\"Falso Impacto: &quot;Portugal n\u00e3o estava preparado para um atentado que vitimou o Primeiro Ministro&quot;, diz autor do livro, sobre a morte de S\u00e1 Carneiro | Infocul.pt - Arquivo Digital\" \/>\n<meta name=\"robots\" content=\"noindex, follow, max-snippet:-1, max-image-preview:large, max-video-preview:-1\" \/>\n<meta property=\"og:locale\" content=\"pt_PT\" \/>\n<meta property=\"og:type\" content=\"article\" \/>\n<meta property=\"og:title\" content=\"Falso Impacto: &quot;Portugal n\u00e3o estava preparado para um atentado que vitimou o Primeiro Ministro&quot;, diz autor do livro, sobre a morte de S\u00e1 Carneiro | Infocul.pt - Arquivo Digital\" \/>\n<meta property=\"og:description\" content=\"Falso Impacto: &quot;Portugal n\u00e3o estava preparado para um atentado que vitimou o Primeiro Ministro&quot;, diz autor do livro, sobre a morte de S\u00e1 Carneiro | Infocul.pt - Arquivo Digital\" \/>\n<meta property=\"og:url\" content=\"https:\/\/infocul.pt\/arquivo\/cultura\/falso-impacto-portugal-nao-estava-preparado-para-um-atentado-que-vitimou-o-primeiro-ministro-diz-autor-do-livro-sobre-a-morte-de-sa-carneiro\/\" \/>\n<meta property=\"og:site_name\" content=\"Infocul.pt - Arquivo Digital\" \/>\n<meta property=\"article:publisher\" content=\"https:\/\/www.facebook.com\/Infocul-147816815585015\/\" \/>\n<meta property=\"article:published_time\" content=\"2020-03-26T00:00:33+00:00\" \/>\n<meta property=\"og:image\" content=\"https:\/\/infocul.pt\/arquivo\/wp-content\/uploads\/2020\/03\/Capa-scaled.jpg\" \/>\n\t<meta property=\"og:image:width\" content=\"651\" \/>\n\t<meta property=\"og:image:height\" content=\"1024\" \/>\n\t<meta property=\"og:image:type\" content=\"image\/jpeg\" \/>\n<meta name=\"author\" content=\"Rui Lavrador\" \/>\n<meta name=\"twitter:card\" content=\"summary_large_image\" \/>\n<meta name=\"twitter:creator\" content=\"@Infoculpt\" \/>\n<meta name=\"twitter:site\" content=\"@Infoculpt\" \/>\n<meta name=\"twitter:label1\" content=\"Escrito por\" \/>\n\t<meta name=\"twitter:data1\" content=\"Rui Lavrador\" \/>\n\t<meta name=\"twitter:label2\" content=\"Tempo estimado de leitura\" \/>\n\t<meta name=\"twitter:data2\" content=\"6 minutos\" \/>\n<script type=\"application\/ld+json\" class=\"yoast-schema-graph\">{\"@context\":\"https:\\\/\\\/schema.org\",\"@graph\":[{\"@type\":\"Article\",\"@id\":\"https:\\\/\\\/infocul.pt\\\/arquivo\\\/cultura\\\/falso-impacto-portugal-nao-estava-preparado-para-um-atentado-que-vitimou-o-primeiro-ministro-diz-autor-do-livro-sobre-a-morte-de-sa-carneiro\\\/#article\",\"isPartOf\":{\"@id\":\"https:\\\/\\\/infocul.pt\\\/arquivo\\\/cultura\\\/falso-impacto-portugal-nao-estava-preparado-para-um-atentado-que-vitimou-o-primeiro-ministro-diz-autor-do-livro-sobre-a-morte-de-sa-carneiro\\\/\"},\"author\":{\"name\":\"Rui Lavrador\",\"@id\":\"https:\\\/\\\/infocul.pt\\\/arquivo\\\/#\\\/schema\\\/person\\\/060a108d7f2d85fc6aae505119ee5234\"},\"headline\":\"Falso Impacto: &#8220;Portugal n\u00e3o estava preparado para um atentado que vitimou o Primeiro Ministro&#8221;, diz autor do livro, sobre a morte de S\u00e1 Carneiro\",\"datePublished\":\"2020-03-26T00:00:33+00:00\",\"mainEntityOfPage\":{\"@id\":\"https:\\\/\\\/infocul.pt\\\/arquivo\\\/cultura\\\/falso-impacto-portugal-nao-estava-preparado-para-um-atentado-que-vitimou-o-primeiro-ministro-diz-autor-do-livro-sobre-a-morte-de-sa-carneiro\\\/\"},\"wordCount\":1258,\"commentCount\":0,\"publisher\":{\"@id\":\"https:\\\/\\\/infocul.pt\\\/arquivo\\\/#organization\"},\"image\":{\"@id\":\"https:\\\/\\\/infocul.pt\\\/arquivo\\\/cultura\\\/falso-impacto-portugal-nao-estava-preparado-para-um-atentado-que-vitimou-o-primeiro-ministro-diz-autor-do-livro-sobre-a-morte-de-sa-carneiro\\\/#primaryimage\"},\"thumbnailUrl\":\"https:\\\/\\\/infocul.pt\\\/arquivo\\\/wp-content\\\/uploads\\\/2020\\\/03\\\/Capa-scaled.jpg\",\"keywords\":[\"Ricardo Bragan\u00e7a Silveira\"],\"articleSection\":[\"Cultura\",\"Destaque\",\"Entrevistas\",\"Livros\"],\"inLanguage\":\"pt-PT\"},{\"@type\":\"WebPage\",\"@id\":\"https:\\\/\\\/infocul.pt\\\/arquivo\\\/cultura\\\/falso-impacto-portugal-nao-estava-preparado-para-um-atentado-que-vitimou-o-primeiro-ministro-diz-autor-do-livro-sobre-a-morte-de-sa-carneiro\\\/\",\"url\":\"https:\\\/\\\/infocul.pt\\\/arquivo\\\/cultura\\\/falso-impacto-portugal-nao-estava-preparado-para-um-atentado-que-vitimou-o-primeiro-ministro-diz-autor-do-livro-sobre-a-morte-de-sa-carneiro\\\/\",\"name\":\"Falso Impacto: \\\"Portugal n\u00e3o estava preparado para um atentado que vitimou o Primeiro Ministro\\\", diz autor do livro, sobre a morte de S\u00e1 Carneiro | Infocul.pt - Arquivo Digital\",\"isPartOf\":{\"@id\":\"https:\\\/\\\/infocul.pt\\\/arquivo\\\/#website\"},\"primaryImageOfPage\":{\"@id\":\"https:\\\/\\\/infocul.pt\\\/arquivo\\\/cultura\\\/falso-impacto-portugal-nao-estava-preparado-para-um-atentado-que-vitimou-o-primeiro-ministro-diz-autor-do-livro-sobre-a-morte-de-sa-carneiro\\\/#primaryimage\"},\"image\":{\"@id\":\"https:\\\/\\\/infocul.pt\\\/arquivo\\\/cultura\\\/falso-impacto-portugal-nao-estava-preparado-para-um-atentado-que-vitimou-o-primeiro-ministro-diz-autor-do-livro-sobre-a-morte-de-sa-carneiro\\\/#primaryimage\"},\"thumbnailUrl\":\"https:\\\/\\\/infocul.pt\\\/arquivo\\\/wp-content\\\/uploads\\\/2020\\\/03\\\/Capa-scaled.jpg\",\"datePublished\":\"2020-03-26T00:00:33+00:00\",\"description\":\"Falso Impacto: \\\"Portugal n\u00e3o estava preparado para um atentado que vitimou o Primeiro Ministro\\\", diz autor do livro, sobre a morte de S\u00e1 Carneiro | Infocul.pt - Arquivo Digital\",\"breadcrumb\":{\"@id\":\"https:\\\/\\\/infocul.pt\\\/arquivo\\\/cultura\\\/falso-impacto-portugal-nao-estava-preparado-para-um-atentado-que-vitimou-o-primeiro-ministro-diz-autor-do-livro-sobre-a-morte-de-sa-carneiro\\\/#breadcrumb\"},\"inLanguage\":\"pt-PT\",\"potentialAction\":[{\"@type\":\"ReadAction\",\"target\":[\"https:\\\/\\\/infocul.pt\\\/arquivo\\\/cultura\\\/falso-impacto-portugal-nao-estava-preparado-para-um-atentado-que-vitimou-o-primeiro-ministro-diz-autor-do-livro-sobre-a-morte-de-sa-carneiro\\\/\"]}]},{\"@type\":\"ImageObject\",\"inLanguage\":\"pt-PT\",\"@id\":\"https:\\\/\\\/infocul.pt\\\/arquivo\\\/cultura\\\/falso-impacto-portugal-nao-estava-preparado-para-um-atentado-que-vitimou-o-primeiro-ministro-diz-autor-do-livro-sobre-a-morte-de-sa-carneiro\\\/#primaryimage\",\"url\":\"https:\\\/\\\/infocul.pt\\\/arquivo\\\/wp-content\\\/uploads\\\/2020\\\/03\\\/Capa-scaled.jpg\",\"contentUrl\":\"https:\\\/\\\/infocul.pt\\\/arquivo\\\/wp-content\\\/uploads\\\/2020\\\/03\\\/Capa-scaled.jpg\",\"width\":651,\"height\":1024},{\"@type\":\"BreadcrumbList\",\"@id\":\"https:\\\/\\\/infocul.pt\\\/arquivo\\\/cultura\\\/falso-impacto-portugal-nao-estava-preparado-para-um-atentado-que-vitimou-o-primeiro-ministro-diz-autor-do-livro-sobre-a-morte-de-sa-carneiro\\\/#breadcrumb\",\"itemListElement\":[{\"@type\":\"ListItem\",\"position\":1,\"name\":\"Home\",\"item\":\"https:\\\/\\\/infocul.pt\\\/arquivo\\\/\"},{\"@type\":\"ListItem\",\"position\":2,\"name\":\"Falso Impacto: &#8220;Portugal n\u00e3o estava preparado para um atentado que vitimou o Primeiro Ministro&#8221;, diz autor do livro, sobre a morte de S\u00e1 Carneiro\"}]},{\"@type\":\"WebSite\",\"@id\":\"https:\\\/\\\/infocul.pt\\\/arquivo\\\/#website\",\"url\":\"https:\\\/\\\/infocul.pt\\\/arquivo\\\/\",\"name\":\"Infocul.pt - Arquivo Digital\",\"description\":\"Arquivo digital da Infocul.pt\",\"publisher\":{\"@id\":\"https:\\\/\\\/infocul.pt\\\/arquivo\\\/#organization\"},\"potentialAction\":[{\"@type\":\"SearchAction\",\"target\":{\"@type\":\"EntryPoint\",\"urlTemplate\":\"https:\\\/\\\/infocul.pt\\\/arquivo\\\/?s={search_term_string}\"},\"query-input\":{\"@type\":\"PropertyValueSpecification\",\"valueRequired\":true,\"valueName\":\"search_term_string\"}}],\"inLanguage\":\"pt-PT\"},{\"@type\":\"Organization\",\"@id\":\"https:\\\/\\\/infocul.pt\\\/arquivo\\\/#organization\",\"name\":\"Infocul.pt\",\"url\":\"https:\\\/\\\/infocul.pt\\\/arquivo\\\/\",\"logo\":{\"@type\":\"ImageObject\",\"inLanguage\":\"pt-PT\",\"@id\":\"https:\\\/\\\/infocul.pt\\\/arquivo\\\/#\\\/schema\\\/logo\\\/image\\\/\",\"url\":\"https:\\\/\\\/infocul.pt\\\/arquivo\\\/wp-content\\\/uploads\\\/2018\\\/12\\\/Infocul_logo-1.png\",\"contentUrl\":\"https:\\\/\\\/infocul.pt\\\/arquivo\\\/wp-content\\\/uploads\\\/2018\\\/12\\\/Infocul_logo-1.png\",\"width\":800,\"height\":800,\"caption\":\"Infocul.pt\"},\"image\":{\"@id\":\"https:\\\/\\\/infocul.pt\\\/arquivo\\\/#\\\/schema\\\/logo\\\/image\\\/\"},\"sameAs\":[\"https:\\\/\\\/www.facebook.com\\\/Infocul-147816815585015\\\/\",\"https:\\\/\\\/x.com\\\/Infoculpt\",\"http:\\\/\\\/www.pictaram.com\\\/user\\\/infocul.pt\\\/2370423710\",\"https:\\\/\\\/www.youtube.com\\\/channel\\\/UCYEB91AGI9FL9ek2i_IaQAA\"]},{\"@type\":\"Person\",\"@id\":\"https:\\\/\\\/infocul.pt\\\/arquivo\\\/#\\\/schema\\\/person\\\/060a108d7f2d85fc6aae505119ee5234\",\"name\":\"Rui Lavrador\",\"image\":{\"@type\":\"ImageObject\",\"inLanguage\":\"pt-PT\",\"@id\":\"https:\\\/\\\/secure.gravatar.com\\\/avatar\\\/93febd6873394aa8e975148548a0cb203acfdd42d2c85c5f1408e1a76678aece?s=96&d=mm&r=g\",\"url\":\"https:\\\/\\\/secure.gravatar.com\\\/avatar\\\/93febd6873394aa8e975148548a0cb203acfdd42d2c85c5f1408e1a76678aece?s=96&d=mm&r=g\",\"contentUrl\":\"https:\\\/\\\/secure.gravatar.com\\\/avatar\\\/93febd6873394aa8e975148548a0cb203acfdd42d2c85c5f1408e1a76678aece?s=96&d=mm&r=g\",\"caption\":\"Rui Lavrador\"},\"description\":\"Iniciou em 2011 o seu percurso em comunica\u00e7\u00e3o social, tendo integrado v\u00e1rios projectos editoriais. Durante o seu percurso integrou projectos como Jornal Hardm\u00fasica, LusoNot\u00edcias, Toureio.pt, ODigital.pt, entre outros \u00d3rg\u00e3os de Comunica\u00e7\u00e3o Social nacionais, na redac\u00e7\u00e3o de v\u00e1rios artigos. Entrevistou a grande maioria das personalidades mais importantes da vida social e cultural do pa\u00eds, destacando-se, tamb\u00e9m, na aprecia\u00e7\u00e3o de v\u00e1rios espect\u00e1culos. Durante o seu percurso, deu a conhecer v\u00e1rios artistas, at\u00e9 ent\u00e3o desconhecidos, ao grande p\u00fablico. Em 2015 criou e fundou o Infocul.pt, projecto no qual assume a direc\u00e7\u00e3o editorial.\",\"sameAs\":[\"http:\\\/\\\/www.infocul.pt\"]}]}<\/script>\n<!-- \/ Yoast SEO plugin. -->","yoast_head_json":{"title":"Falso Impacto: \"Portugal n\u00e3o estava preparado para um atentado que vitimou o Primeiro Ministro\", diz autor do livro, sobre a morte de S\u00e1 Carneiro | Infocul.pt - Arquivo Digital","description":"Falso Impacto: \"Portugal n\u00e3o estava preparado para um atentado que vitimou o Primeiro Ministro\", diz autor do livro, sobre a morte de S\u00e1 Carneiro | Infocul.pt - Arquivo Digital","robots":{"index":"noindex","follow":"follow","max-snippet":"max-snippet:-1","max-image-preview":"max-image-preview:large","max-video-preview":"max-video-preview:-1"},"og_locale":"pt_PT","og_type":"article","og_title":"Falso Impacto: \"Portugal n\u00e3o estava preparado para um atentado que vitimou o Primeiro Ministro\", diz autor do livro, sobre a morte de S\u00e1 Carneiro | Infocul.pt - Arquivo Digital","og_description":"Falso Impacto: \"Portugal n\u00e3o estava preparado para um atentado que vitimou o Primeiro Ministro\", diz autor do livro, sobre a morte de S\u00e1 Carneiro | Infocul.pt - Arquivo Digital","og_url":"https:\/\/infocul.pt\/arquivo\/cultura\/falso-impacto-portugal-nao-estava-preparado-para-um-atentado-que-vitimou-o-primeiro-ministro-diz-autor-do-livro-sobre-a-morte-de-sa-carneiro\/","og_site_name":"Infocul.pt - Arquivo Digital","article_publisher":"https:\/\/www.facebook.com\/Infocul-147816815585015\/","article_published_time":"2020-03-26T00:00:33+00:00","og_image":[{"width":651,"height":1024,"url":"https:\/\/infocul.pt\/arquivo\/wp-content\/uploads\/2020\/03\/Capa-scaled.jpg","type":"image\/jpeg"}],"author":"Rui Lavrador","twitter_card":"summary_large_image","twitter_creator":"@Infoculpt","twitter_site":"@Infoculpt","twitter_misc":{"Escrito por":"Rui Lavrador","Tempo estimado de leitura":"6 minutos"},"schema":{"@context":"https:\/\/schema.org","@graph":[{"@type":"Article","@id":"https:\/\/infocul.pt\/arquivo\/cultura\/falso-impacto-portugal-nao-estava-preparado-para-um-atentado-que-vitimou-o-primeiro-ministro-diz-autor-do-livro-sobre-a-morte-de-sa-carneiro\/#article","isPartOf":{"@id":"https:\/\/infocul.pt\/arquivo\/cultura\/falso-impacto-portugal-nao-estava-preparado-para-um-atentado-que-vitimou-o-primeiro-ministro-diz-autor-do-livro-sobre-a-morte-de-sa-carneiro\/"},"author":{"name":"Rui Lavrador","@id":"https:\/\/infocul.pt\/arquivo\/#\/schema\/person\/060a108d7f2d85fc6aae505119ee5234"},"headline":"Falso Impacto: &#8220;Portugal n\u00e3o estava preparado para um atentado que vitimou o Primeiro Ministro&#8221;, diz autor do livro, sobre a morte de S\u00e1 Carneiro","datePublished":"2020-03-26T00:00:33+00:00","mainEntityOfPage":{"@id":"https:\/\/infocul.pt\/arquivo\/cultura\/falso-impacto-portugal-nao-estava-preparado-para-um-atentado-que-vitimou-o-primeiro-ministro-diz-autor-do-livro-sobre-a-morte-de-sa-carneiro\/"},"wordCount":1258,"commentCount":0,"publisher":{"@id":"https:\/\/infocul.pt\/arquivo\/#organization"},"image":{"@id":"https:\/\/infocul.pt\/arquivo\/cultura\/falso-impacto-portugal-nao-estava-preparado-para-um-atentado-que-vitimou-o-primeiro-ministro-diz-autor-do-livro-sobre-a-morte-de-sa-carneiro\/#primaryimage"},"thumbnailUrl":"https:\/\/infocul.pt\/arquivo\/wp-content\/uploads\/2020\/03\/Capa-scaled.jpg","keywords":["Ricardo Bragan\u00e7a Silveira"],"articleSection":["Cultura","Destaque","Entrevistas","Livros"],"inLanguage":"pt-PT"},{"@type":"WebPage","@id":"https:\/\/infocul.pt\/arquivo\/cultura\/falso-impacto-portugal-nao-estava-preparado-para-um-atentado-que-vitimou-o-primeiro-ministro-diz-autor-do-livro-sobre-a-morte-de-sa-carneiro\/","url":"https:\/\/infocul.pt\/arquivo\/cultura\/falso-impacto-portugal-nao-estava-preparado-para-um-atentado-que-vitimou-o-primeiro-ministro-diz-autor-do-livro-sobre-a-morte-de-sa-carneiro\/","name":"Falso Impacto: \"Portugal n\u00e3o estava preparado para um atentado que vitimou o Primeiro Ministro\", diz autor do livro, sobre a morte de S\u00e1 Carneiro | Infocul.pt - Arquivo Digital","isPartOf":{"@id":"https:\/\/infocul.pt\/arquivo\/#website"},"primaryImageOfPage":{"@id":"https:\/\/infocul.pt\/arquivo\/cultura\/falso-impacto-portugal-nao-estava-preparado-para-um-atentado-que-vitimou-o-primeiro-ministro-diz-autor-do-livro-sobre-a-morte-de-sa-carneiro\/#primaryimage"},"image":{"@id":"https:\/\/infocul.pt\/arquivo\/cultura\/falso-impacto-portugal-nao-estava-preparado-para-um-atentado-que-vitimou-o-primeiro-ministro-diz-autor-do-livro-sobre-a-morte-de-sa-carneiro\/#primaryimage"},"thumbnailUrl":"https:\/\/infocul.pt\/arquivo\/wp-content\/uploads\/2020\/03\/Capa-scaled.jpg","datePublished":"2020-03-26T00:00:33+00:00","description":"Falso Impacto: \"Portugal n\u00e3o estava preparado para um atentado que vitimou o Primeiro Ministro\", diz autor do livro, sobre a morte de S\u00e1 Carneiro | Infocul.pt - Arquivo Digital","breadcrumb":{"@id":"https:\/\/infocul.pt\/arquivo\/cultura\/falso-impacto-portugal-nao-estava-preparado-para-um-atentado-que-vitimou-o-primeiro-ministro-diz-autor-do-livro-sobre-a-morte-de-sa-carneiro\/#breadcrumb"},"inLanguage":"pt-PT","potentialAction":[{"@type":"ReadAction","target":["https:\/\/infocul.pt\/arquivo\/cultura\/falso-impacto-portugal-nao-estava-preparado-para-um-atentado-que-vitimou-o-primeiro-ministro-diz-autor-do-livro-sobre-a-morte-de-sa-carneiro\/"]}]},{"@type":"ImageObject","inLanguage":"pt-PT","@id":"https:\/\/infocul.pt\/arquivo\/cultura\/falso-impacto-portugal-nao-estava-preparado-para-um-atentado-que-vitimou-o-primeiro-ministro-diz-autor-do-livro-sobre-a-morte-de-sa-carneiro\/#primaryimage","url":"https:\/\/infocul.pt\/arquivo\/wp-content\/uploads\/2020\/03\/Capa-scaled.jpg","contentUrl":"https:\/\/infocul.pt\/arquivo\/wp-content\/uploads\/2020\/03\/Capa-scaled.jpg","width":651,"height":1024},{"@type":"BreadcrumbList","@id":"https:\/\/infocul.pt\/arquivo\/cultura\/falso-impacto-portugal-nao-estava-preparado-para-um-atentado-que-vitimou-o-primeiro-ministro-diz-autor-do-livro-sobre-a-morte-de-sa-carneiro\/#breadcrumb","itemListElement":[{"@type":"ListItem","position":1,"name":"Home","item":"https:\/\/infocul.pt\/arquivo\/"},{"@type":"ListItem","position":2,"name":"Falso Impacto: &#8220;Portugal n\u00e3o estava preparado para um atentado que vitimou o Primeiro Ministro&#8221;, diz autor do livro, sobre a morte de S\u00e1 Carneiro"}]},{"@type":"WebSite","@id":"https:\/\/infocul.pt\/arquivo\/#website","url":"https:\/\/infocul.pt\/arquivo\/","name":"Infocul.pt - Arquivo Digital","description":"Arquivo digital da Infocul.pt","publisher":{"@id":"https:\/\/infocul.pt\/arquivo\/#organization"},"potentialAction":[{"@type":"SearchAction","target":{"@type":"EntryPoint","urlTemplate":"https:\/\/infocul.pt\/arquivo\/?s={search_term_string}"},"query-input":{"@type":"PropertyValueSpecification","valueRequired":true,"valueName":"search_term_string"}}],"inLanguage":"pt-PT"},{"@type":"Organization","@id":"https:\/\/infocul.pt\/arquivo\/#organization","name":"Infocul.pt","url":"https:\/\/infocul.pt\/arquivo\/","logo":{"@type":"ImageObject","inLanguage":"pt-PT","@id":"https:\/\/infocul.pt\/arquivo\/#\/schema\/logo\/image\/","url":"https:\/\/infocul.pt\/arquivo\/wp-content\/uploads\/2018\/12\/Infocul_logo-1.png","contentUrl":"https:\/\/infocul.pt\/arquivo\/wp-content\/uploads\/2018\/12\/Infocul_logo-1.png","width":800,"height":800,"caption":"Infocul.pt"},"image":{"@id":"https:\/\/infocul.pt\/arquivo\/#\/schema\/logo\/image\/"},"sameAs":["https:\/\/www.facebook.com\/Infocul-147816815585015\/","https:\/\/x.com\/Infoculpt","http:\/\/www.pictaram.com\/user\/infocul.pt\/2370423710","https:\/\/www.youtube.com\/channel\/UCYEB91AGI9FL9ek2i_IaQAA"]},{"@type":"Person","@id":"https:\/\/infocul.pt\/arquivo\/#\/schema\/person\/060a108d7f2d85fc6aae505119ee5234","name":"Rui Lavrador","image":{"@type":"ImageObject","inLanguage":"pt-PT","@id":"https:\/\/secure.gravatar.com\/avatar\/93febd6873394aa8e975148548a0cb203acfdd42d2c85c5f1408e1a76678aece?s=96&d=mm&r=g","url":"https:\/\/secure.gravatar.com\/avatar\/93febd6873394aa8e975148548a0cb203acfdd42d2c85c5f1408e1a76678aece?s=96&d=mm&r=g","contentUrl":"https:\/\/secure.gravatar.com\/avatar\/93febd6873394aa8e975148548a0cb203acfdd42d2c85c5f1408e1a76678aece?s=96&d=mm&r=g","caption":"Rui Lavrador"},"description":"Iniciou em 2011 o seu percurso em comunica\u00e7\u00e3o social, tendo integrado v\u00e1rios projectos editoriais. Durante o seu percurso integrou projectos como Jornal Hardm\u00fasica, LusoNot\u00edcias, Toureio.pt, ODigital.pt, entre outros \u00d3rg\u00e3os de Comunica\u00e7\u00e3o Social nacionais, na redac\u00e7\u00e3o de v\u00e1rios artigos. Entrevistou a grande maioria das personalidades mais importantes da vida social e cultural do pa\u00eds, destacando-se, tamb\u00e9m, na aprecia\u00e7\u00e3o de v\u00e1rios espect\u00e1culos. Durante o seu percurso, deu a conhecer v\u00e1rios artistas, at\u00e9 ent\u00e3o desconhecidos, ao grande p\u00fablico. Em 2015 criou e fundou o Infocul.pt, projecto no qual assume a direc\u00e7\u00e3o editorial.","sameAs":["http:\/\/www.infocul.pt"]}]}},"_links":{"self":[{"href":"https:\/\/infocul.pt\/arquivo\/wp-json\/wp\/v2\/posts\/68687","targetHints":{"allow":["GET"]}}],"collection":[{"href":"https:\/\/infocul.pt\/arquivo\/wp-json\/wp\/v2\/posts"}],"about":[{"href":"https:\/\/infocul.pt\/arquivo\/wp-json\/wp\/v2\/types\/post"}],"author":[{"embeddable":true,"href":"https:\/\/infocul.pt\/arquivo\/wp-json\/wp\/v2\/users\/2"}],"replies":[{"embeddable":true,"href":"https:\/\/infocul.pt\/arquivo\/wp-json\/wp\/v2\/comments?post=68687"}],"version-history":[{"count":0,"href":"https:\/\/infocul.pt\/arquivo\/wp-json\/wp\/v2\/posts\/68687\/revisions"}],"wp:featuredmedia":[{"embeddable":true,"href":"https:\/\/infocul.pt\/arquivo\/wp-json\/wp\/v2\/media\/68688"}],"wp:attachment":[{"href":"https:\/\/infocul.pt\/arquivo\/wp-json\/wp\/v2\/media?parent=68687"}],"wp:term":[{"taxonomy":"category","embeddable":true,"href":"https:\/\/infocul.pt\/arquivo\/wp-json\/wp\/v2\/categories?post=68687"},{"taxonomy":"post_tag","embeddable":true,"href":"https:\/\/infocul.pt\/arquivo\/wp-json\/wp\/v2\/tags?post=68687"}],"curies":[{"name":"wp","href":"https:\/\/api.w.org\/{rel}","templated":true}]}}