{"id":68738,"date":"2020-03-24T19:03:38","date_gmt":"2020-03-24T19:03:38","guid":{"rendered":"https:\/\/infocul.pt\/?p=68738"},"modified":"2020-03-24T19:03:38","modified_gmt":"2020-03-24T19:03:38","slug":"teatro-experimental-de-cascais-estreia-noites-de-teatro-gratuitas-no-seu-canal-de-youtube","status":"publish","type":"post","link":"https:\/\/infocul.pt\/arquivo\/cultura\/teatro-experimental-de-cascais-estreia-noites-de-teatro-gratuitas-no-seu-canal-de-youtube\/","title":{"rendered":"Teatro Experimental de Cascais estreia \u201cNoites de Teatro\u201d gratuitas no seu canal de Youtube"},"content":{"rendered":"<p><img decoding=\"async\" class=\"aligncenter wp-image-68739 size-large lazyload\" data-src=\"https:\/\/infocul.pt\/arquivo\/wp-content\/uploads\/2020\/03\/Cartaz_NoitesdeTeatro-jpg-724x1024.jpg\" alt=\"\" width=\"724\" height=\"1024\" data-srcset=\"https:\/\/infocul.pt\/arquivo\/wp-content\/uploads\/2020\/03\/Cartaz_NoitesdeTeatro-jpg-scaled.jpg 724w, https:\/\/infocul.pt\/arquivo\/wp-content\/uploads\/2020\/03\/Cartaz_NoitesdeTeatro-jpg-212x300.jpg 212w, https:\/\/infocul.pt\/arquivo\/wp-content\/uploads\/2020\/03\/Cartaz_NoitesdeTeatro-jpg-768x1086.jpg 768w, https:\/\/infocul.pt\/arquivo\/wp-content\/uploads\/2020\/03\/Cartaz_NoitesdeTeatro-jpg-1086x1536.jpg 1086w, https:\/\/infocul.pt\/arquivo\/wp-content\/uploads\/2020\/03\/Cartaz_NoitesdeTeatro-jpg-1448x2048.jpg 1448w\" data-sizes=\"(max-width: 724px) 100vw, 724px\" src=\"data:image\/svg+xml;base64,PHN2ZyB3aWR0aD0iMSIgaGVpZ2h0PSIxIiB4bWxucz0iaHR0cDovL3d3dy53My5vcmcvMjAwMC9zdmciPjwvc3ZnPg==\" style=\"--smush-placeholder-width: 724px; --smush-placeholder-aspect-ratio: 724\/1024;\" \/><\/p>\n<p><span style=\"color: #000000;\"><span style=\"font-family: Liberation Serif, serif;\"><span style=\"font-size: medium;\"><span style=\"color: #222222;\">No Dia Mundial do Teatro, que se assinala a 27 de Mar\u00e7o, o Teatro Experimental de Cascais ir\u00e1 dar in\u00edcio \u00e0 disponibiliza\u00e7\u00e3o de um conjunto de grava\u00e7\u00f5es de cria\u00e7\u00f5es suas, come\u00e7ando pelo Auto da India, de Gil Vicente, espect\u00e1culo com encena\u00e7\u00e3o de Calos Avilez e cenografia e figurinos de Mestre J\u00falio Resende. <\/span><\/span><\/span><\/span><!--more--><\/p>\n<p><span style=\"color: #000000;\"><span style=\"font-family: Liberation Serif, serif;\"><span style=\"font-size: medium;\"><span style=\"color: #222222;\">Esta iniciativa pretende, atrav\u00e9s do universo <\/span><span style=\"color: #222222;\"><i>online<\/i><\/span><span style=\"color: #222222;\">, fazer chegar o Teatro aos portugueses em quarentena, contribuindo para a manuten\u00e7\u00e3o de programas culturais e de entretenimento, mesmo a partir de casa. Conta\u00a0\u00a0j\u00e1 com 8 sess\u00f5es programadas, sempre \u00e0s segundas-feiras, at\u00e9 dia 18 de Maio, sendo a sexta-feira de 27 de Mar\u00e7o a excep\u00e7\u00e3o \u00e0 regra pela data que se comemora<\/span><span style=\"color: #222222;\"><b>.<\/b><\/span><\/span><\/span><\/span><\/p>\n<p><span style=\"color: #000000;\"><span style=\"font-family: Liberation Serif, serif;\"><span style=\"font-size: medium;\">Ao longo dos \u00faltimos anos, o Dia Mundial do Teatro tem sido a data eleita pelo Teatro Experimental de Cascais para apresenta\u00e7\u00e3o de uma nova cria\u00e7\u00e3o. Desta vez, e no \u00e2mbito do Plano de Conting\u00eancia da DGS para o Covid-19, a apresenta\u00e7\u00e3o da pe\u00e7a escolhida para o efeito est\u00e1 suspensa. A estrear, logo que existam condi\u00e7\u00f5es para o fazer, o espect\u00e1culo previsto na programa\u00e7\u00e3o seria Bruscamente no Ver\u00e3o Passado, de Tennessee Williams com encena\u00e7\u00e3o de Carlos Avilez, tradu\u00e7\u00e3o de Gra\u00e7a P. Corr\u00eaa, cenografia e figurinos de Fernando Alvarez, desenho de luz de Rui Monteiro e desenho de som de Hugo Neves Reis, com o seguinte elenco B\u00e1rbara Branco, Bernardo Souto, Jo\u00e3o Gaspar, L\u00eddia Mu\u00f1oz, Lu\u00edsa Salgueiro, Manuela Couto e Teresa C\u00f4rte-Real.<\/span><\/span><\/span><\/p>\n<p><span style=\"color: #000000;\"><span style=\"font-family: Liberation Serif, serif;\"><span style=\"font-size: medium;\">Contudo, e mantendo a tradi\u00e7\u00e3o de celebra\u00e7\u00e3o da efem\u00e9ride, o Teatro Experimental de Cascais ir\u00e1 disponibilizar o seu <span style=\"color: #222222;\">Auto da India<\/span>, estreado no Jap\u00e3o e parte de uma digress\u00e3o no Brasil com muitos outros espect\u00e1culos, nos quais se inseriu tamb\u00e9m O Auto da Barca do Inferno. Estes autos foram, em 1980, gravados e transmitidos pela Globo para divulga\u00e7\u00e3o do teatro portugu\u00eas, iniciativa que 40 anos depois n\u00e3o s\u00f3 continua a fazer sentido como \u00e9 cada vez mais pertinente na fase vivida.<\/span><\/span><\/span><\/p>\n<p><span style=\"color: #000000;\"><span style=\"font-family: Liberation Serif, serif;\"><span style=\"font-size: medium;\">Embora a qualidade do som apresente limita\u00e7\u00f5es pr\u00f3prias da antiguidade da grava\u00e7\u00e3o, a administra\u00e7\u00e3o do Teatro Experimental de Cascais n\u00e3o quis deixar de a partilhar, promovendo, desta forma, um programa para o Dia Mundial do Teatro que apoia\u00a0\u00a0e valoriza a cultura nacional.\u00a0\u00a0\u201c<em><strong>Juntamos-nos, assim, aos artistas que nos tempos de hoje, vendo-se impossibilitados de estrear, recorrem \u00e0 Internet, quer ajudando as pessoas no seu isolamento, quer mostrando os seus trabalhos por esta via. Por isso mesmo, est\u00e1 ser\u00e1 apenas a primeira das nossas \u201cNoites de Teatro\u201d no canal de Youtube do TEC, no qual, a partir da\u00ed, iremos disponibilizar sempre \u00e0s segundas-feiras as grava\u00e7\u00f5es de uma pe\u00e7a diferente. Acreditamos que faz\u00ea-lo no in\u00edcio da semana contribua para que as mesmas sejam encaradas com mais inspira\u00e7\u00e3o e motiva\u00e7\u00e3o.<\/strong><\/em>\u201d, explica Fernando Alvarez, respons\u00e1vel de Programa\u00e7\u00e3o, Cenografia e Figurinos do Teatro Experimental de Cascais.<\/span><\/span><\/span><\/p>\n<p align=\"center\"><span style=\"color: #000000;\"><span style=\"font-family: Liberation Serif, serif;\"><span style=\"font-size: medium;\">O primeiro v\u00eddeo ficar\u00e1 dispon\u00edvel em\u00a0<\/span><\/span><\/span><a href=\"https:\/\/youtu.be\/LmHt4vzpMl8\" target=\"_blank\" rel=\"noopener noreferrer\"><span style=\"color: #1155cc;\"><span style=\"font-family: Liberation Serif, serif;\"><span style=\"font-size: medium;\"><b>https:\/\/youtu.be\/LmHt4vzpMl8<\/b><\/span><\/span><\/span><\/a><span style=\"color: #0070c0;\"><span style=\"font-family: Liberation Serif, serif;\"><span style=\"font-size: medium;\">,\u00a0<\/span><\/span><\/span><span style=\"color: #000000;\"><span style=\"font-family: Liberation Serif, serif;\"><span style=\"font-size: medium;\">sexta-feira entre as 21:30 e 23:00.\u00a0<\/span><\/span><\/span><\/p>\n<p align=\"center\"><span style=\"color: #000000;\"><span style=\"font-family: Liberation Serif, serif;\"><span style=\"font-size: medium;\">PROGRAMA\u00c7\u00c3O COMPLETA:<\/span><\/span><\/span><\/p>\n<p align=\"left\"><b style=\"color: #000000; font-family: 'Liberation Serif', serif; font-size: medium;\">\u00a0 \u00a0 \u00a0 \u00a0 \u00a0 \u00a0 \u00a0 \u00a0 \u00a0 \u00a0 \u00a0 \u00a0 \u00a0 \u00a0 \u00a0 \u00a0 \u00a0 \u00a0 \u00a0 \u00a0 \u00a0 \u00a0 \u00a0 \u00a0 \u00a0 \u00a030 <\/b><span style=\"color: #000000; font-family: Liberation Serif, serif; font-size: medium;\"><b>Mar\u00e7o<\/b><\/span><b style=\"color: #000000; font-family: 'Liberation Serif', serif; font-size: medium;\"> &#8211; O comboio da madrugada, de Tennessee Williams<\/b><\/p>\n<p lang=\"en-US\" align=\"center\"><span style=\"color: #000000;\"><span style=\"font-family: Liberation Serif, serif;\"><span style=\"font-size: medium;\"><b>6 Abril &#8211; As you like it, de William Shakespeare<\/b><\/span><\/span><\/span><\/p>\n<p align=\"center\"><span style=\"color: #000000;\"><span style=\"font-family: Liberation Serif, serif;\"><span style=\"font-size: medium;\"><b>13 Abril &#8211; A cozinha, de Arnold Wesker<\/b><\/span><\/span><\/span><\/p>\n<p align=\"center\"><span style=\"color: #000000;\"><span style=\"font-family: Liberation Serif, serif;\"><span style=\"font-size: medium;\"><b>20 Abril &#8211; Auto do solst\u00edcio do Inverno, de Nat\u00e1lia Correia<\/b><\/span><\/span><\/span><\/p>\n<p align=\"center\"><span style=\"color: #000000;\"><span style=\"font-family: Liberation Serif, serif;\"><span style=\"font-size: medium;\"><b>27 Abril &#8211; Deserto,deserto, de Jean-Pierre Renault<\/b><\/span><\/span><\/span><\/p>\n<p align=\"center\"><span style=\"color: #000000;\"><span style=\"font-family: Liberation Serif, serif;\"><span style=\"font-size: medium;\"><b>4 Maio &#8211; D. Carlos, de Teixeira de Pascoaes<\/b><\/span><\/span><\/span><\/p>\n<p lang=\"en-US\" align=\"center\"><span style=\"color: #000000;\"><span style=\"font-family: Liberation Serif, serif;\"><span style=\"font-size: medium;\"><b>11 Maio &#8211; Macbeth, de William Shakespeare<\/b><\/span><\/span><\/span><\/p>\n<p lang=\"en-US\" align=\"center\"><span style=\"color: #000000;\"><span style=\"font-family: Liberation Serif, serif;\"><span style=\"font-size: medium;\"><b>18 Maio &#8211; Woyzeck, de Georg B\u00fcchner<\/b><\/span><\/span><\/span><\/p>\n","protected":false},"excerpt":{"rendered":"<p>No Dia Mundial do Teatro, que se assinala a 27 de Mar\u00e7o, o Teatro Experimental de Cascais ir\u00e1 dar in\u00edcio \u00e0 disponibiliza\u00e7\u00e3o de um conjunto de grava\u00e7\u00f5es de cria\u00e7\u00f5es suas, come\u00e7ando pelo Auto da India, de Gil Vicente, espect\u00e1culo com encena\u00e7\u00e3o de Calos Avilez e cenografia e figurinos de Mestre J\u00falio Resende.<\/p>\n","protected":false},"author":13,"featured_media":68739,"comment_status":"open","ping_status":"closed","sticky":false,"template":"","format":"standard","meta":{"footnotes":""},"categories":[2,5],"tags":[850,9080],"class_list":["post-68738","post","type-post","status-publish","format-standard","has-post-thumbnail","hentry","category-cultura","category-teatro","tag-dia-mundial-do-teatro","tag-teatro-experimental-de-cascais"],"yoast_head":"<!-- This site is optimized with the Yoast SEO plugin v27.4 - https:\/\/yoast.com\/product\/yoast-seo-wordpress\/ -->\n<title>Teatro Experimental de Cascais estreia \u201cNoites de Teatro\u201d gratuitas no seu canal de Youtube | Infocul.pt - Arquivo Digital<\/title>\n<meta name=\"description\" content=\"Teatro Experimental de Cascais estreia \u201cNoites de Teatro\u201d gratuitas no seu canal de Youtube | Infocul.pt - Arquivo Digital\" \/>\n<meta name=\"robots\" content=\"noindex, follow, max-snippet:-1, max-image-preview:large, max-video-preview:-1\" \/>\n<meta property=\"og:locale\" content=\"pt_PT\" \/>\n<meta property=\"og:type\" content=\"article\" \/>\n<meta property=\"og:title\" content=\"Teatro Experimental de Cascais estreia \u201cNoites de Teatro\u201d gratuitas no seu canal de Youtube | Infocul.pt - Arquivo Digital\" \/>\n<meta property=\"og:description\" content=\"Teatro Experimental de Cascais estreia \u201cNoites de Teatro\u201d gratuitas no seu canal de Youtube | Infocul.pt - Arquivo Digital\" \/>\n<meta property=\"og:url\" content=\"https:\/\/infocul.pt\/arquivo\/cultura\/teatro-experimental-de-cascais-estreia-noites-de-teatro-gratuitas-no-seu-canal-de-youtube\/\" \/>\n<meta property=\"og:site_name\" content=\"Infocul.pt - Arquivo Digital\" \/>\n<meta property=\"article:publisher\" content=\"https:\/\/www.facebook.com\/Infocul-147816815585015\/\" \/>\n<meta property=\"article:published_time\" content=\"2020-03-24T19:03:38+00:00\" \/>\n<meta property=\"og:image\" content=\"https:\/\/infocul.pt\/arquivo\/wp-content\/uploads\/2020\/03\/Cartaz_NoitesdeTeatro-jpg-scaled.jpg\" \/>\n\t<meta property=\"og:image:width\" content=\"724\" \/>\n\t<meta property=\"og:image:height\" content=\"1024\" \/>\n\t<meta property=\"og:image:type\" content=\"image\/jpeg\" \/>\n<meta name=\"author\" content=\"Redac\u00e7\u00e3o\" \/>\n<meta name=\"twitter:card\" content=\"summary_large_image\" \/>\n<meta name=\"twitter:creator\" content=\"@Infoculpt\" \/>\n<meta name=\"twitter:site\" content=\"@Infoculpt\" \/>\n<meta name=\"twitter:label1\" content=\"Escrito por\" \/>\n\t<meta name=\"twitter:data1\" content=\"Redac\u00e7\u00e3o\" \/>\n\t<meta name=\"twitter:label2\" content=\"Tempo estimado de leitura\" \/>\n\t<meta name=\"twitter:data2\" content=\"3 minutos\" \/>\n<script type=\"application\/ld+json\" class=\"yoast-schema-graph\">{\"@context\":\"https:\\\/\\\/schema.org\",\"@graph\":[{\"@type\":\"Article\",\"@id\":\"https:\\\/\\\/infocul.pt\\\/arquivo\\\/cultura\\\/teatro-experimental-de-cascais-estreia-noites-de-teatro-gratuitas-no-seu-canal-de-youtube\\\/#article\",\"isPartOf\":{\"@id\":\"https:\\\/\\\/infocul.pt\\\/arquivo\\\/cultura\\\/teatro-experimental-de-cascais-estreia-noites-de-teatro-gratuitas-no-seu-canal-de-youtube\\\/\"},\"author\":{\"name\":\"Redac\u00e7\u00e3o\",\"@id\":\"https:\\\/\\\/infocul.pt\\\/arquivo\\\/#\\\/schema\\\/person\\\/f243f45ae8d67639120a7586884f3abc\"},\"headline\":\"Teatro Experimental de Cascais estreia \u201cNoites de Teatro\u201d gratuitas no seu canal de Youtube\",\"datePublished\":\"2020-03-24T19:03:38+00:00\",\"mainEntityOfPage\":{\"@id\":\"https:\\\/\\\/infocul.pt\\\/arquivo\\\/cultura\\\/teatro-experimental-de-cascais-estreia-noites-de-teatro-gratuitas-no-seu-canal-de-youtube\\\/\"},\"wordCount\":602,\"commentCount\":0,\"publisher\":{\"@id\":\"https:\\\/\\\/infocul.pt\\\/arquivo\\\/#organization\"},\"image\":{\"@id\":\"https:\\\/\\\/infocul.pt\\\/arquivo\\\/cultura\\\/teatro-experimental-de-cascais-estreia-noites-de-teatro-gratuitas-no-seu-canal-de-youtube\\\/#primaryimage\"},\"thumbnailUrl\":\"https:\\\/\\\/infocul.pt\\\/arquivo\\\/wp-content\\\/uploads\\\/2020\\\/03\\\/Cartaz_NoitesdeTeatro-jpg-scaled.jpg\",\"keywords\":[\"Dia Mundial do Teatro\",\"Teatro Experimental de Cascais\"],\"articleSection\":[\"Cultura\",\"Teatro\"],\"inLanguage\":\"pt-PT\"},{\"@type\":\"WebPage\",\"@id\":\"https:\\\/\\\/infocul.pt\\\/arquivo\\\/cultura\\\/teatro-experimental-de-cascais-estreia-noites-de-teatro-gratuitas-no-seu-canal-de-youtube\\\/\",\"url\":\"https:\\\/\\\/infocul.pt\\\/arquivo\\\/cultura\\\/teatro-experimental-de-cascais-estreia-noites-de-teatro-gratuitas-no-seu-canal-de-youtube\\\/\",\"name\":\"Teatro Experimental de Cascais estreia \u201cNoites de Teatro\u201d gratuitas no seu canal de Youtube | Infocul.pt - Arquivo Digital\",\"isPartOf\":{\"@id\":\"https:\\\/\\\/infocul.pt\\\/arquivo\\\/#website\"},\"primaryImageOfPage\":{\"@id\":\"https:\\\/\\\/infocul.pt\\\/arquivo\\\/cultura\\\/teatro-experimental-de-cascais-estreia-noites-de-teatro-gratuitas-no-seu-canal-de-youtube\\\/#primaryimage\"},\"image\":{\"@id\":\"https:\\\/\\\/infocul.pt\\\/arquivo\\\/cultura\\\/teatro-experimental-de-cascais-estreia-noites-de-teatro-gratuitas-no-seu-canal-de-youtube\\\/#primaryimage\"},\"thumbnailUrl\":\"https:\\\/\\\/infocul.pt\\\/arquivo\\\/wp-content\\\/uploads\\\/2020\\\/03\\\/Cartaz_NoitesdeTeatro-jpg-scaled.jpg\",\"datePublished\":\"2020-03-24T19:03:38+00:00\",\"description\":\"Teatro Experimental de Cascais estreia \u201cNoites de Teatro\u201d gratuitas no seu canal de Youtube | Infocul.pt - Arquivo Digital\",\"breadcrumb\":{\"@id\":\"https:\\\/\\\/infocul.pt\\\/arquivo\\\/cultura\\\/teatro-experimental-de-cascais-estreia-noites-de-teatro-gratuitas-no-seu-canal-de-youtube\\\/#breadcrumb\"},\"inLanguage\":\"pt-PT\",\"potentialAction\":[{\"@type\":\"ReadAction\",\"target\":[\"https:\\\/\\\/infocul.pt\\\/arquivo\\\/cultura\\\/teatro-experimental-de-cascais-estreia-noites-de-teatro-gratuitas-no-seu-canal-de-youtube\\\/\"]}]},{\"@type\":\"ImageObject\",\"inLanguage\":\"pt-PT\",\"@id\":\"https:\\\/\\\/infocul.pt\\\/arquivo\\\/cultura\\\/teatro-experimental-de-cascais-estreia-noites-de-teatro-gratuitas-no-seu-canal-de-youtube\\\/#primaryimage\",\"url\":\"https:\\\/\\\/infocul.pt\\\/arquivo\\\/wp-content\\\/uploads\\\/2020\\\/03\\\/Cartaz_NoitesdeTeatro-jpg-scaled.jpg\",\"contentUrl\":\"https:\\\/\\\/infocul.pt\\\/arquivo\\\/wp-content\\\/uploads\\\/2020\\\/03\\\/Cartaz_NoitesdeTeatro-jpg-scaled.jpg\",\"width\":724,\"height\":1024},{\"@type\":\"BreadcrumbList\",\"@id\":\"https:\\\/\\\/infocul.pt\\\/arquivo\\\/cultura\\\/teatro-experimental-de-cascais-estreia-noites-de-teatro-gratuitas-no-seu-canal-de-youtube\\\/#breadcrumb\",\"itemListElement\":[{\"@type\":\"ListItem\",\"position\":1,\"name\":\"Home\",\"item\":\"https:\\\/\\\/infocul.pt\\\/arquivo\\\/\"},{\"@type\":\"ListItem\",\"position\":2,\"name\":\"Teatro Experimental de Cascais estreia \u201cNoites de Teatro\u201d gratuitas no seu canal de Youtube\"}]},{\"@type\":\"WebSite\",\"@id\":\"https:\\\/\\\/infocul.pt\\\/arquivo\\\/#website\",\"url\":\"https:\\\/\\\/infocul.pt\\\/arquivo\\\/\",\"name\":\"Infocul.pt - Arquivo Digital\",\"description\":\"Arquivo digital da Infocul.pt\",\"publisher\":{\"@id\":\"https:\\\/\\\/infocul.pt\\\/arquivo\\\/#organization\"},\"potentialAction\":[{\"@type\":\"SearchAction\",\"target\":{\"@type\":\"EntryPoint\",\"urlTemplate\":\"https:\\\/\\\/infocul.pt\\\/arquivo\\\/?s={search_term_string}\"},\"query-input\":{\"@type\":\"PropertyValueSpecification\",\"valueRequired\":true,\"valueName\":\"search_term_string\"}}],\"inLanguage\":\"pt-PT\"},{\"@type\":\"Organization\",\"@id\":\"https:\\\/\\\/infocul.pt\\\/arquivo\\\/#organization\",\"name\":\"Infocul.pt\",\"url\":\"https:\\\/\\\/infocul.pt\\\/arquivo\\\/\",\"logo\":{\"@type\":\"ImageObject\",\"inLanguage\":\"pt-PT\",\"@id\":\"https:\\\/\\\/infocul.pt\\\/arquivo\\\/#\\\/schema\\\/logo\\\/image\\\/\",\"url\":\"https:\\\/\\\/infocul.pt\\\/arquivo\\\/wp-content\\\/uploads\\\/2018\\\/12\\\/Infocul_logo-1.png\",\"contentUrl\":\"https:\\\/\\\/infocul.pt\\\/arquivo\\\/wp-content\\\/uploads\\\/2018\\\/12\\\/Infocul_logo-1.png\",\"width\":800,\"height\":800,\"caption\":\"Infocul.pt\"},\"image\":{\"@id\":\"https:\\\/\\\/infocul.pt\\\/arquivo\\\/#\\\/schema\\\/logo\\\/image\\\/\"},\"sameAs\":[\"https:\\\/\\\/www.facebook.com\\\/Infocul-147816815585015\\\/\",\"https:\\\/\\\/x.com\\\/Infoculpt\",\"http:\\\/\\\/www.pictaram.com\\\/user\\\/infocul.pt\\\/2370423710\",\"https:\\\/\\\/www.youtube.com\\\/channel\\\/UCYEB91AGI9FL9ek2i_IaQAA\"]},{\"@type\":\"Person\",\"@id\":\"https:\\\/\\\/infocul.pt\\\/arquivo\\\/#\\\/schema\\\/person\\\/f243f45ae8d67639120a7586884f3abc\",\"name\":\"Redac\u00e7\u00e3o\",\"image\":{\"@type\":\"ImageObject\",\"inLanguage\":\"pt-PT\",\"@id\":\"https:\\\/\\\/secure.gravatar.com\\\/avatar\\\/151b1b76c598ab5e749407223bd6c1bad4e41c4e95de3c3df83540ebee2deaf8?s=96&d=mm&r=g\",\"url\":\"https:\\\/\\\/secure.gravatar.com\\\/avatar\\\/151b1b76c598ab5e749407223bd6c1bad4e41c4e95de3c3df83540ebee2deaf8?s=96&d=mm&r=g\",\"contentUrl\":\"https:\\\/\\\/secure.gravatar.com\\\/avatar\\\/151b1b76c598ab5e749407223bd6c1bad4e41c4e95de3c3df83540ebee2deaf8?s=96&d=mm&r=g\",\"caption\":\"Redac\u00e7\u00e3o\"}}]}<\/script>\n<!-- \/ Yoast SEO plugin. -->","yoast_head_json":{"title":"Teatro Experimental de Cascais estreia \u201cNoites de Teatro\u201d gratuitas no seu canal de Youtube | Infocul.pt - Arquivo Digital","description":"Teatro Experimental de Cascais estreia \u201cNoites de Teatro\u201d gratuitas no seu canal de Youtube | Infocul.pt - Arquivo Digital","robots":{"index":"noindex","follow":"follow","max-snippet":"max-snippet:-1","max-image-preview":"max-image-preview:large","max-video-preview":"max-video-preview:-1"},"og_locale":"pt_PT","og_type":"article","og_title":"Teatro Experimental de Cascais estreia \u201cNoites de Teatro\u201d gratuitas no seu canal de Youtube | Infocul.pt - Arquivo Digital","og_description":"Teatro Experimental de Cascais estreia \u201cNoites de Teatro\u201d gratuitas no seu canal de Youtube | Infocul.pt - Arquivo Digital","og_url":"https:\/\/infocul.pt\/arquivo\/cultura\/teatro-experimental-de-cascais-estreia-noites-de-teatro-gratuitas-no-seu-canal-de-youtube\/","og_site_name":"Infocul.pt - Arquivo Digital","article_publisher":"https:\/\/www.facebook.com\/Infocul-147816815585015\/","article_published_time":"2020-03-24T19:03:38+00:00","og_image":[{"width":724,"height":1024,"url":"https:\/\/infocul.pt\/arquivo\/wp-content\/uploads\/2020\/03\/Cartaz_NoitesdeTeatro-jpg-scaled.jpg","type":"image\/jpeg"}],"author":"Redac\u00e7\u00e3o","twitter_card":"summary_large_image","twitter_creator":"@Infoculpt","twitter_site":"@Infoculpt","twitter_misc":{"Escrito por":"Redac\u00e7\u00e3o","Tempo estimado de leitura":"3 minutos"},"schema":{"@context":"https:\/\/schema.org","@graph":[{"@type":"Article","@id":"https:\/\/infocul.pt\/arquivo\/cultura\/teatro-experimental-de-cascais-estreia-noites-de-teatro-gratuitas-no-seu-canal-de-youtube\/#article","isPartOf":{"@id":"https:\/\/infocul.pt\/arquivo\/cultura\/teatro-experimental-de-cascais-estreia-noites-de-teatro-gratuitas-no-seu-canal-de-youtube\/"},"author":{"name":"Redac\u00e7\u00e3o","@id":"https:\/\/infocul.pt\/arquivo\/#\/schema\/person\/f243f45ae8d67639120a7586884f3abc"},"headline":"Teatro Experimental de Cascais estreia \u201cNoites de Teatro\u201d gratuitas no seu canal de Youtube","datePublished":"2020-03-24T19:03:38+00:00","mainEntityOfPage":{"@id":"https:\/\/infocul.pt\/arquivo\/cultura\/teatro-experimental-de-cascais-estreia-noites-de-teatro-gratuitas-no-seu-canal-de-youtube\/"},"wordCount":602,"commentCount":0,"publisher":{"@id":"https:\/\/infocul.pt\/arquivo\/#organization"},"image":{"@id":"https:\/\/infocul.pt\/arquivo\/cultura\/teatro-experimental-de-cascais-estreia-noites-de-teatro-gratuitas-no-seu-canal-de-youtube\/#primaryimage"},"thumbnailUrl":"https:\/\/infocul.pt\/arquivo\/wp-content\/uploads\/2020\/03\/Cartaz_NoitesdeTeatro-jpg-scaled.jpg","keywords":["Dia Mundial do Teatro","Teatro Experimental de Cascais"],"articleSection":["Cultura","Teatro"],"inLanguage":"pt-PT"},{"@type":"WebPage","@id":"https:\/\/infocul.pt\/arquivo\/cultura\/teatro-experimental-de-cascais-estreia-noites-de-teatro-gratuitas-no-seu-canal-de-youtube\/","url":"https:\/\/infocul.pt\/arquivo\/cultura\/teatro-experimental-de-cascais-estreia-noites-de-teatro-gratuitas-no-seu-canal-de-youtube\/","name":"Teatro Experimental de Cascais estreia \u201cNoites de Teatro\u201d gratuitas no seu canal de Youtube | Infocul.pt - Arquivo Digital","isPartOf":{"@id":"https:\/\/infocul.pt\/arquivo\/#website"},"primaryImageOfPage":{"@id":"https:\/\/infocul.pt\/arquivo\/cultura\/teatro-experimental-de-cascais-estreia-noites-de-teatro-gratuitas-no-seu-canal-de-youtube\/#primaryimage"},"image":{"@id":"https:\/\/infocul.pt\/arquivo\/cultura\/teatro-experimental-de-cascais-estreia-noites-de-teatro-gratuitas-no-seu-canal-de-youtube\/#primaryimage"},"thumbnailUrl":"https:\/\/infocul.pt\/arquivo\/wp-content\/uploads\/2020\/03\/Cartaz_NoitesdeTeatro-jpg-scaled.jpg","datePublished":"2020-03-24T19:03:38+00:00","description":"Teatro Experimental de Cascais estreia \u201cNoites de Teatro\u201d gratuitas no seu canal de Youtube | Infocul.pt - Arquivo Digital","breadcrumb":{"@id":"https:\/\/infocul.pt\/arquivo\/cultura\/teatro-experimental-de-cascais-estreia-noites-de-teatro-gratuitas-no-seu-canal-de-youtube\/#breadcrumb"},"inLanguage":"pt-PT","potentialAction":[{"@type":"ReadAction","target":["https:\/\/infocul.pt\/arquivo\/cultura\/teatro-experimental-de-cascais-estreia-noites-de-teatro-gratuitas-no-seu-canal-de-youtube\/"]}]},{"@type":"ImageObject","inLanguage":"pt-PT","@id":"https:\/\/infocul.pt\/arquivo\/cultura\/teatro-experimental-de-cascais-estreia-noites-de-teatro-gratuitas-no-seu-canal-de-youtube\/#primaryimage","url":"https:\/\/infocul.pt\/arquivo\/wp-content\/uploads\/2020\/03\/Cartaz_NoitesdeTeatro-jpg-scaled.jpg","contentUrl":"https:\/\/infocul.pt\/arquivo\/wp-content\/uploads\/2020\/03\/Cartaz_NoitesdeTeatro-jpg-scaled.jpg","width":724,"height":1024},{"@type":"BreadcrumbList","@id":"https:\/\/infocul.pt\/arquivo\/cultura\/teatro-experimental-de-cascais-estreia-noites-de-teatro-gratuitas-no-seu-canal-de-youtube\/#breadcrumb","itemListElement":[{"@type":"ListItem","position":1,"name":"Home","item":"https:\/\/infocul.pt\/arquivo\/"},{"@type":"ListItem","position":2,"name":"Teatro Experimental de Cascais estreia \u201cNoites de Teatro\u201d gratuitas no seu canal de Youtube"}]},{"@type":"WebSite","@id":"https:\/\/infocul.pt\/arquivo\/#website","url":"https:\/\/infocul.pt\/arquivo\/","name":"Infocul.pt - Arquivo Digital","description":"Arquivo digital da Infocul.pt","publisher":{"@id":"https:\/\/infocul.pt\/arquivo\/#organization"},"potentialAction":[{"@type":"SearchAction","target":{"@type":"EntryPoint","urlTemplate":"https:\/\/infocul.pt\/arquivo\/?s={search_term_string}"},"query-input":{"@type":"PropertyValueSpecification","valueRequired":true,"valueName":"search_term_string"}}],"inLanguage":"pt-PT"},{"@type":"Organization","@id":"https:\/\/infocul.pt\/arquivo\/#organization","name":"Infocul.pt","url":"https:\/\/infocul.pt\/arquivo\/","logo":{"@type":"ImageObject","inLanguage":"pt-PT","@id":"https:\/\/infocul.pt\/arquivo\/#\/schema\/logo\/image\/","url":"https:\/\/infocul.pt\/arquivo\/wp-content\/uploads\/2018\/12\/Infocul_logo-1.png","contentUrl":"https:\/\/infocul.pt\/arquivo\/wp-content\/uploads\/2018\/12\/Infocul_logo-1.png","width":800,"height":800,"caption":"Infocul.pt"},"image":{"@id":"https:\/\/infocul.pt\/arquivo\/#\/schema\/logo\/image\/"},"sameAs":["https:\/\/www.facebook.com\/Infocul-147816815585015\/","https:\/\/x.com\/Infoculpt","http:\/\/www.pictaram.com\/user\/infocul.pt\/2370423710","https:\/\/www.youtube.com\/channel\/UCYEB91AGI9FL9ek2i_IaQAA"]},{"@type":"Person","@id":"https:\/\/infocul.pt\/arquivo\/#\/schema\/person\/f243f45ae8d67639120a7586884f3abc","name":"Redac\u00e7\u00e3o","image":{"@type":"ImageObject","inLanguage":"pt-PT","@id":"https:\/\/secure.gravatar.com\/avatar\/151b1b76c598ab5e749407223bd6c1bad4e41c4e95de3c3df83540ebee2deaf8?s=96&d=mm&r=g","url":"https:\/\/secure.gravatar.com\/avatar\/151b1b76c598ab5e749407223bd6c1bad4e41c4e95de3c3df83540ebee2deaf8?s=96&d=mm&r=g","contentUrl":"https:\/\/secure.gravatar.com\/avatar\/151b1b76c598ab5e749407223bd6c1bad4e41c4e95de3c3df83540ebee2deaf8?s=96&d=mm&r=g","caption":"Redac\u00e7\u00e3o"}}]}},"_links":{"self":[{"href":"https:\/\/infocul.pt\/arquivo\/wp-json\/wp\/v2\/posts\/68738","targetHints":{"allow":["GET"]}}],"collection":[{"href":"https:\/\/infocul.pt\/arquivo\/wp-json\/wp\/v2\/posts"}],"about":[{"href":"https:\/\/infocul.pt\/arquivo\/wp-json\/wp\/v2\/types\/post"}],"author":[{"embeddable":true,"href":"https:\/\/infocul.pt\/arquivo\/wp-json\/wp\/v2\/users\/13"}],"replies":[{"embeddable":true,"href":"https:\/\/infocul.pt\/arquivo\/wp-json\/wp\/v2\/comments?post=68738"}],"version-history":[{"count":0,"href":"https:\/\/infocul.pt\/arquivo\/wp-json\/wp\/v2\/posts\/68738\/revisions"}],"wp:featuredmedia":[{"embeddable":true,"href":"https:\/\/infocul.pt\/arquivo\/wp-json\/wp\/v2\/media\/68739"}],"wp:attachment":[{"href":"https:\/\/infocul.pt\/arquivo\/wp-json\/wp\/v2\/media?parent=68738"}],"wp:term":[{"taxonomy":"category","embeddable":true,"href":"https:\/\/infocul.pt\/arquivo\/wp-json\/wp\/v2\/categories?post=68738"},{"taxonomy":"post_tag","embeddable":true,"href":"https:\/\/infocul.pt\/arquivo\/wp-json\/wp\/v2\/tags?post=68738"}],"curies":[{"name":"wp","href":"https:\/\/api.w.org\/{rel}","templated":true}]}}