{"id":68745,"date":"2020-03-25T00:00:03","date_gmt":"2020-03-25T00:00:03","guid":{"rendered":"https:\/\/infocul.pt\/?p=68745"},"modified":"2020-03-25T09:41:45","modified_gmt":"2020-03-25T09:41:45","slug":"aumento-do-iva-nas-touradas-gera-impacto-que-ronda-1-5-milhoes-de-euros-afirma-presidente-da-apet","status":"publish","type":"post","link":"https:\/\/infocul.pt\/arquivo\/actualidade\/aumento-do-iva-nas-touradas-gera-impacto-que-ronda-1-5-milhoes-de-euros-afirma-presidente-da-apet\/","title":{"rendered":"Aumento do IVA nas Touradas gera impacto que ronda 1.5 Milh\u00f5es de Euros, afirma presidente da APET"},"content":{"rendered":"<figure id=\"attachment_68748\" aria-describedby=\"caption-attachment-68748\" style=\"width: 950px\" class=\"wp-caption aligncenter\"><img decoding=\"async\" class=\"wp-image-68748 size-full lazyload\" data-src=\"https:\/\/infocul.pt\/arquivo\/wp-content\/uploads\/2020\/03\/ppc.jpg\" alt=\"\" width=\"950\" height=\"603\" data-srcset=\"https:\/\/infocul.pt\/arquivo\/wp-content\/uploads\/2020\/03\/ppc.jpg 950w, https:\/\/infocul.pt\/arquivo\/wp-content\/uploads\/2020\/03\/ppc-300x190.jpg 300w, https:\/\/infocul.pt\/arquivo\/wp-content\/uploads\/2020\/03\/ppc-768x487.jpg 768w\" data-sizes=\"(max-width: 950px) 100vw, 950px\" src=\"data:image\/svg+xml;base64,PHN2ZyB3aWR0aD0iMSIgaGVpZ2h0PSIxIiB4bWxucz0iaHR0cDovL3d3dy53My5vcmcvMjAwMC9zdmciPjwvc3ZnPg==\" style=\"--smush-placeholder-width: 950px; --smush-placeholder-aspect-ratio: 950\/603;\" \/><figcaption id=\"caption-attachment-68748\" class=\"wp-caption-text\">Foto: Toureio.pt<\/figcaption><\/figure>\n<p><span style=\"font-family: Liberation Serif, serif;\"><span style=\"font-size: medium;\"><span style=\"color: #222222;\">O Ministro das Finan\u00e7as, M\u00e1rio Centeno, e o Presidente da Rep\u00fablica, Marcelo Rebelo de Sousa, <a href=\"https:\/\/infocul.pt\/arquivo\/cultura\/orcamento-de-estado-foi-promulgado-e-iva-nas-touradas-aumenta-para-23\/\" target=\"_blank\" rel=\"noopener noreferrer\">anunciaram a promulga\u00e7\u00e3o do or\u00e7amento de estado para 2020<\/a>. Dele consta o <a href=\"https:\/\/infocul.pt\/arquivo\/actualidade\/confirmado-iva-nas-touradas-aumenta-para-os-23\/\" target=\"_blank\" rel=\"noopener noreferrer\">aumento do IVA para 23%<\/a> nas Touradas e nesse sentido o Presidente da APET (Associa\u00e7\u00e3o Portuguesa de Empres\u00e1rios Taurom\u00e1quicos), Paulo Pessoa de Carvalho, falou ao Infocul.pt sobre o impacto desta decis\u00e3o e ainda o que est\u00e1 a ser preparado, <\/span><span style=\"color: #222222;\">pelos empres\u00e1rios,<\/span><span style=\"color: #222222;\"> como resposta.<\/span><\/span><\/span><!--more--><\/p>\n<p><span style=\"font-family: Liberation Serif, serif;\"><span style=\"font-size: medium;\"><span style=\"color: #222222;\">Paulo Pessoa de Carvalho come\u00e7ou por nos explicar que \u201c<\/span><span style=\"color: #222222;\"><i><b>n<\/b><\/i><\/span><span style=\"color: #222222;\"><i><b>a verdade junta-se mais um problema ao j\u00e1 conhecido e infelizmente um problema global de enorme gravidade. No entanto e como foi divulgado pelo sector, <\/b><\/i><\/span><span style=\"color: #222222;\"><i><b>h\u00e1<\/b><\/i><\/span><span style=\"color: #222222;\"><i><b> um conjunto de ilegalidades no aumento do IVA e muito em breve divulgaremos as ac\u00e7\u00f5es que est\u00e3o a ser preparadas e que ir\u00e3o avan\u00e7ar para eliminar esta medida, quer a n\u00edvel nacional quer a n\u00edvel europeu. S\u00e3o tempos dif\u00edceis os que a\u00ed v\u00eam, mas temos que manter um <\/b><\/i><\/span><span style=\"color: #222222;\"><i><b>esp\u00edrito<\/b><\/i><\/span><span style=\"color: #222222;\"><i><b> optimista e ter esperan\u00e7a, esperando uma vez mais, que depois da tempestade venha a bonan\u00e7a<\/b><\/i><\/span><span style=\"color: #222222;\">\u201d. <\/span><\/span><\/span><\/p>\n<p><span style=\"font-family: Liberation Serif, serif;\"><span style=\"font-size: medium;\"><span style=\"color: #222222;\">Sobre se com a crise provocada pela pandemia do novo coronav\u00edrus e o aumento do IVA se poderia assistir a um aumento do pre\u00e7o os bilhetes, revelou que \u201c<\/span><span style=\"color: #222222;\"><i><b>n<\/b><\/i><\/span><span style=\"color: #222222;\"><i><b>\u00e3o \u00e9 assunto ao qual ainda tenhamos chegado. Ainda ir\u00e1 correr muita tinta, ainda a hist\u00f3ria vai no primeiro capitulo e ter\u00e1 mais alguns. Se neste momento \u00e9 prematuro pensar nisso, quanto mais falar<\/b><\/i><\/span><span style=\"color: #222222;\">\u201d. <\/span><\/span><\/span><\/p>\n<p><span style=\"font-family: Liberation Serif, serif;\"><span style=\"font-size: medium;\"><span style=\"color: #222222;\">Portanto, \u201c<\/span><span style=\"color: #222222;\"><i><b>t<\/b><\/i><\/span><span style=\"color: #222222;\"><i><b>er\u00e1 o sector todo em conjunto, que reflectir e decidir quais os caminhos a seguir, n\u00e3o ser\u00e1 apenas a classe empresarial (APET) a tomar as decis\u00f5es sobre novas pr\u00e1ticas ou aumentos de pre\u00e7o, quando o poder de compra baixou. Acho que estamos a entrar economicamente numa desvaloriza\u00e7\u00e3o global e sem saber o seu verdadeiro impacto, dificilmente poderemos tra\u00e7ar estrat\u00e9gias e muito menos <\/b><\/i><\/span><span style=\"color: #222222;\"><i><b>faz\u00ea-lo<\/b><\/i><\/span><span style=\"color: #222222;\"><i><b> a \u201csolo\u201d. Acho por exemplo, que poder\u00e1 ser um bom momento para a consolida\u00e7\u00e3o do cart\u00e3o aficionado com as suas <\/b><\/i><\/span><span style=\"color: #222222;\"><i><b>multi-val\u00eancias<\/b><\/i><\/span><span style=\"color: #222222;\"><i><b>, que al\u00e9m de muitas vantagens para T<\/b><\/i><\/span><span style=\"color: #222222;\"><i><b>odos<\/b><\/i><\/span><span style=\"color: #222222;\"><i><b>, ser\u00e1 tamb\u00e9m uma das formas do p\u00fablico aceder a bilhetes mais baratos<\/b><\/i><\/span><span style=\"color: #222222;\">\u201d<\/span><\/span><\/span><\/p>\n<p><span style=\"font-family: Liberation Serif, serif;\"><span style=\"font-size: medium;\"><span style=\"color: #222222;\">E <\/span><span style=\"color: #222222;\">aqui aproveitou para elogiar o cart\u00e3o aficionado lan\u00e7ado pela Pr\u00f3toiro, atrav\u00e9s da marca Touradas. \u201c<\/span><span style=\"color: #222222;\"><i><b>Estamos al\u00e9m da enorme riqueza do que \u00e9 ter o conhecimento e possibilidade de contactar com o nosso universo aficionado, dentro do cart\u00e3o aficionado est\u00e3o a ser estudadas mais op\u00e7\u00f5es para reduzir o valor dos bilhetes para os clientes, isso passa por desenvolver o modelo actual do cart\u00e3o e quem sabe encontremos aqui, um instrumento que de repente e por toda esta trag\u00e9dia, pode ser uma porta para uma retoma mais r\u00e1pida e consolidada<\/b><\/i><\/span><span style=\"color: #222222;\">\u201d, <\/span><span style=\"color: #222222;\">disse<\/span><span style=\"color: #222222;\">.<\/span><\/span><\/span><\/p>\n<p><span style=\"font-family: Liberation Serif, serif;\"><span style=\"font-size: medium;\"><span style=\"color: #222222;\">Sobre o impacto que o aumento o IVA ter\u00e1 no sector taurom\u00e1quico, revelou que \u201c<\/span><span style=\"color: #222222;\"><i><b>neste<\/b><\/i><\/span><span style=\"color: #222222;\"><i><b> momento, podemos estimar que esse impacto cifra-se num valor aproximado na casa dos 1,5 milh\u00f5es de euros<\/b><\/i><\/span><span style=\"color: #222222;\">\u201d.<\/span><\/span><\/span><\/p>\n<p><span style=\"font-family: Liberation Serif, serif;\"><span style=\"font-size: medium;\"><span style=\"color: #222222;\">Questionado se com <\/span><span style=\"color: #222222;\"> o aumento do IVA e com a crise do Covid-19, os empres\u00e1rios <\/span><span style=\"color: #222222;\">ao<\/span><span style=\"color: #222222;\"> baixar os custos de um espect\u00e1culo, poder-<\/span><span style=\"color: #222222;\">se-ia<\/span><span style=\"color: #222222;\"> correr-se o risco de haver uma baixa na qualidade dos <\/span><span style=\"color: #222222;\">espect\u00e1culos, Paulo Pessoa foi claro ao assumir de que \u201c<\/span><span style=\"color: #222222;\"><i><b>n<\/b><\/i><\/span><span style=\"color: #222222;\"><i><b>aturalmente que esse cen\u00e1rio n\u00e3o pode ser sequer concebido por n\u00f3s<\/b><\/i><\/span><span style=\"color: #222222;\">\u201d. <\/span><\/span><\/span><\/p>\n<p><span style=\"color: #222222;\">\u201c<\/span><span style=\"font-family: Liberation Serif, serif;\"><span style=\"font-size: medium;\"><span style=\"color: #222222;\"><i><b>N\u00e3o \u00e9 pela conjuntura de repente se agravar, que o bom produto deixa de ser consumido e o mau passa a ser o prato do dia. Na verdade e como disse a<\/b><\/i><\/span><span style=\"color: #222222;\"><i><b>nteriormente<\/b><\/i><\/span><span style=\"color: #222222;\"><i><b>, este \u00e9 um problema de todo o sector, todos teremos que nos sentar \u00e0 mesa e re-adequar a nossa forma de estar e de agir perante os \u201cnovos tempos\u201d que a\u00ed vir\u00e3o. Ter uma espect\u00e1culo com m\u00e1 qualidade, ser\u00e1 matar o espect\u00e1culo!<\/b><\/i><\/span><span style=\"color: #222222;\">\u201d, <\/span><span style=\"color: #222222;\">acrescentou.<\/span><\/span><\/span><\/p>\n<p><span style=\"font-family: Liberation Serif, serif;\"><span style=\"font-size: medium;\"><span style=\"color: #222222;\">E neste caso, \u201c<\/span><span style=\"color: #222222;\"><i><b>te<\/b><\/i><\/span><span style=\"color: #222222;\"><i><b>remos que olhar para a realidade e todos, mas mesmo todos, fazer um esfor\u00e7o conjunto. Isto n\u00e3o \u00e9 um problema dos empres\u00e1rios e quem pensar assim engana-se. Isto \u00e9 um problema de todo um sector, das empresas dos ganadeiros, dos toureiros (cavaleiros, matadores e bandarilheiros) e tamb\u00e9m de alguma forma se bem que n\u00e3o financeira, dos forcados, terminando em todos aqueles que s\u00e3o prestadores de servi\u00e7o para a tauromaquia e que ainda s\u00e3o muitos. Posto isto, ou existe um entendimento quanto ao futuro que todos certamente queremos, ou esse futuro n\u00e3o ser\u00e1 para todos. Mas quero acreditar, que vamos ser capazes de dar a volta por cima e encontrar o equil\u00edbrio necess\u00e1rio para dizer: Aquilo que n\u00e3o nos matou, tornou-nos mais fortes!<\/b><\/i><\/span><span style=\"color: #222222;\">\u201d<\/span><\/span><\/span><\/p>\n<p><span style=\"font-family: Liberation Serif, serif;\"><span style=\"font-size: medium;\"><span style=\"color: #222222;\">Confrontado com a possibilidade de toureiros e restantes intervenientes terem de rever cachets, explicou que \u201c<\/span><span style=\"color: #222222;\"><i><b>e<\/b><\/i><\/span><span style=\"color: #222222;\"><i><b>xactamente como disse <\/b><\/i><\/span><span style=\"color: #222222;\"><i><b>antes<\/b><\/i><\/span><span style=\"color: #222222;\"><i><b>, neste momento nada mais se pode esperar do que uma verdadeira uni\u00e3o entre todos os intervenientes para refor\u00e7ar o sector, para que saia mais forte desta crise<\/b><\/i><\/span><span style=\"color: #222222;\">\u201d.<\/span><\/span><\/span><\/p>\n<p><span style=\"font-family: Liberation Serif, serif;\"><span style=\"font-size: medium;\"><span style=\"color: #222222;\">Sobre a possibilidade de os empres\u00e1rios se unirem, de forma mais ass\u00eddua, na organiza\u00e7\u00e3o de corridas, de forma a reduzir o peso financeiro, disse-nos que \u201c<\/span><span style=\"color: #222222;\"><i><b>n\u00e3<\/b><\/i><\/span><span style=\"color: #222222;\"><i><b>o lhe sei responder exactamente a isso, \u00e9 um cen\u00e1rio prov\u00e1vel em alguma ou outra situa\u00e7\u00e3o, mas ser\u00e1 sempre uma estrat\u00e9gia entre empresas e n\u00e3o com uma interfer\u00eancia directa da APET. Isso ficar\u00e1 ao modelo de gest\u00e3o de cada um, eu inclusive j\u00e1 tive algumas situa\u00e7\u00f5es em que isso aconteceu e provavelmente ainda este ano acontecer\u00e1. Mas sim, penso ser poss\u00edvel, como lhe digo n\u00e3o como regra, mas talvez com alguma frequ\u00eancia mais do que at\u00e9 aqui<\/b><\/i><\/span><span style=\"color: #222222;\">\u201d.<\/span><\/span><\/span><\/p>\n<p><span style=\"font-family: Liberation Serif, serif;\"><span style=\"font-size: medium;\"><span style=\"color: #222222;\">Mas este duplo problema (COVID-19 e aumento do IVA) poder\u00e1 levar ao encerramento de empresas ou que alguns empres\u00e1rios cessem a sua actividade? \u201c<\/span><span style=\"color: #222222;\"><i><b>Esta tamb\u00e9m \u00e9 uma pergunta para a qual n\u00e3o tenho uma resposta evidente, espero que n\u00e3o. Muitos diria que n\u00e3o, eventualmente um ou dois, n\u00e3o mais. Vejo as pessoas conscientes na generalidade e dentro daquilo que \u00e9 poss\u00edvel da situa\u00e7\u00e3o que se est\u00e1 a viver, por isso n\u00e3o entram em loucuras nem existe ambiente para isso. Por outro lado como n\u00e3o existem empresas taurinas com um efectivo de trabalhadores que assuste quando os t\u00eam, esse problema coloca-se de uma forma menos pesada. Quero acreditar que com esta crise ultrapassada, o que ir\u00e1 acontecer, ser\u00e1 uma APET mais forte e um sector mais consciente de cada passo que ter\u00e1 que dar, tornando-o com isso, mais s\u00f3lido<\/b><\/i><\/span><span style=\"color: #222222;\">\u201d, <\/span><span style=\"color: #222222;\">referiu<\/span><span style=\"color: #222222;\">. <\/span><\/span><\/span><\/p>\n<p><span style=\"color: #222222; font-family: Liberation Serif, serif; font-size: medium;\">Paulo Pessoa de Carvalho deixou ainda uma novidade, quando questionado sobre o que estava ser feito para ter o apoio de empresas fora do meio taurom\u00e1quico como patrocinadores ou financiadores\u00a0de espect\u00e1culos taurom\u00e1quicos, ao revelar que \u201c<em><strong>n<\/strong><\/em><\/span><span style=\"font-family: 'Liberation Serif', serif; font-size: medium; color: #222222;\"><em><strong>o \u00e2mbito do trabalho conjunto das associa\u00e7\u00f5es na PR\u00d3TOIRO est\u00e1 a ser desenvolvido um projecto de neg\u00f3cio com marcas muito relevantes e que ser\u00e1 da maior import\u00e2ncia no curto prazo\/m\u00e9dio prazo<\/strong><\/em>\u201d. <\/span><\/p>\n<p><span style=\"font-family: Liberation Serif, serif;\"><span style=\"font-size: medium;\"><span style=\"color: #222222;\">At\u00e9 porque , \u201c<\/span><span style=\"color: #222222;\"><i><b>a<\/b><\/i><\/span><span style=\"color: #222222;\"><i><b> tauromaquia tem um capital de neg\u00f3cio interno muito elevado e que tem de ser explorado. \u00c9 isso que estamos a preparar neste momento de uma forma muito assertiva e concreta. N\u00e3o h\u00e1 muito mais que desenvolver por agora, at\u00e9 porque outros prioridades se levantam, mas posso concluir este tema, dizendo que h\u00e1 cerca de uma ano que estamos (PR\u00d3TOIRO) a desenvolver um fant\u00e1stico trabalho neste sentido e que inclusive para 2020 j\u00e1 est\u00e1vamos em finaliza\u00e7\u00e3o de algumas parcerias, vamos ver com esta situa\u00e7\u00e3o por quanto tempo esse projecto ir\u00e1 atrasar, mas creio pelo que sei, que logo que haja retoma, estamos em jogo de novo!<\/b><\/i><\/span><span style=\"color: #222222;\">\u201d, <\/span><span style=\"color: #222222;\">finalizou.<\/span><\/span><\/span><\/p>\n","protected":false},"excerpt":{"rendered":"<p>O Ministro das Finan\u00e7as, M\u00e1rio Centeno, e o Presidente da Rep\u00fablica, Marcelo Rebelo de Sousa, anunciaram a promulga\u00e7\u00e3o do or\u00e7amento de estado para 2020. Dele consta o aumento do IVA para 23% nas Touradas e nesse sentido o Presidente da APET (Associa\u00e7\u00e3o Portuguesa de Empres\u00e1rios Taurom\u00e1quicos), Paulo Pessoa de Carvalho, falou ao Infocul.pt sobre o [&hellip;]<\/p>\n","protected":false},"author":2,"featured_media":68748,"comment_status":"open","ping_status":"closed","sticky":false,"template":"","format":"standard","meta":{"footnotes":""},"categories":[10,2,36,4124,16,7],"tags":[5094,5307,5095],"class_list":["post-68745","post","type-post","status-publish","format-standard","has-post-thumbnail","hentry","category-actualidade","category-cultura","category-destaque","category-entrevistas","category-politica","category-tauromaquia","tag-apet","tag-associacao-portuguesa-de-empresarios-tauromaquicos","tag-paulo-pessoa-de-carvalho"],"yoast_head":"<!-- This site is optimized with the Yoast SEO plugin v27.4 - https:\/\/yoast.com\/product\/yoast-seo-wordpress\/ -->\n<title>Aumento do IVA nas Touradas gera impacto que ronda 1.5 Milh\u00f5es de Euros, afirma presidente da APET | Infocul.pt - Arquivo Digital<\/title>\n<meta name=\"description\" content=\"Aumento do IVA nas Touradas gera impacto que ronda 1.5 Milh\u00f5es de Euros, afirma presidente da APET | Infocul.pt - Arquivo Digital\" \/>\n<meta name=\"robots\" content=\"noindex, follow, max-snippet:-1, max-image-preview:large, max-video-preview:-1\" \/>\n<meta property=\"og:locale\" content=\"pt_PT\" \/>\n<meta property=\"og:type\" content=\"article\" \/>\n<meta property=\"og:title\" content=\"Aumento do IVA nas Touradas gera impacto que ronda 1.5 Milh\u00f5es de Euros, afirma presidente da APET | Infocul.pt - Arquivo Digital\" \/>\n<meta property=\"og:description\" content=\"Aumento do IVA nas Touradas gera impacto que ronda 1.5 Milh\u00f5es de Euros, afirma presidente da APET | Infocul.pt - Arquivo Digital\" \/>\n<meta property=\"og:url\" content=\"https:\/\/infocul.pt\/arquivo\/actualidade\/aumento-do-iva-nas-touradas-gera-impacto-que-ronda-1-5-milhoes-de-euros-afirma-presidente-da-apet\/\" \/>\n<meta property=\"og:site_name\" content=\"Infocul.pt - Arquivo Digital\" \/>\n<meta property=\"article:publisher\" content=\"https:\/\/www.facebook.com\/Infocul-147816815585015\/\" \/>\n<meta property=\"article:published_time\" content=\"2020-03-25T00:00:03+00:00\" \/>\n<meta property=\"article:modified_time\" content=\"2020-03-25T09:41:45+00:00\" \/>\n<meta property=\"og:image\" content=\"https:\/\/infocul.pt\/arquivo\/wp-content\/uploads\/2020\/03\/ppc.jpg\" \/>\n\t<meta property=\"og:image:width\" content=\"950\" \/>\n\t<meta property=\"og:image:height\" content=\"603\" \/>\n\t<meta property=\"og:image:type\" content=\"image\/jpeg\" \/>\n<meta name=\"author\" content=\"Rui Lavrador\" \/>\n<meta name=\"twitter:card\" content=\"summary_large_image\" \/>\n<meta name=\"twitter:creator\" content=\"@Infoculpt\" \/>\n<meta name=\"twitter:site\" content=\"@Infoculpt\" \/>\n<meta name=\"twitter:label1\" content=\"Escrito por\" \/>\n\t<meta name=\"twitter:data1\" content=\"Rui Lavrador\" \/>\n\t<meta name=\"twitter:label2\" content=\"Tempo estimado de leitura\" \/>\n\t<meta name=\"twitter:data2\" content=\"6 minutos\" \/>\n<script type=\"application\/ld+json\" class=\"yoast-schema-graph\">{\"@context\":\"https:\\\/\\\/schema.org\",\"@graph\":[{\"@type\":\"Article\",\"@id\":\"https:\\\/\\\/infocul.pt\\\/arquivo\\\/actualidade\\\/aumento-do-iva-nas-touradas-gera-impacto-que-ronda-1-5-milhoes-de-euros-afirma-presidente-da-apet\\\/#article\",\"isPartOf\":{\"@id\":\"https:\\\/\\\/infocul.pt\\\/arquivo\\\/actualidade\\\/aumento-do-iva-nas-touradas-gera-impacto-que-ronda-1-5-milhoes-de-euros-afirma-presidente-da-apet\\\/\"},\"author\":{\"name\":\"Rui Lavrador\",\"@id\":\"https:\\\/\\\/infocul.pt\\\/arquivo\\\/#\\\/schema\\\/person\\\/060a108d7f2d85fc6aae505119ee5234\"},\"headline\":\"Aumento do IVA nas Touradas gera impacto que ronda 1.5 Milh\u00f5es de Euros, afirma presidente da APET\",\"datePublished\":\"2020-03-25T00:00:03+00:00\",\"dateModified\":\"2020-03-25T09:41:45+00:00\",\"mainEntityOfPage\":{\"@id\":\"https:\\\/\\\/infocul.pt\\\/arquivo\\\/actualidade\\\/aumento-do-iva-nas-touradas-gera-impacto-que-ronda-1-5-milhoes-de-euros-afirma-presidente-da-apet\\\/\"},\"wordCount\":1315,\"commentCount\":0,\"publisher\":{\"@id\":\"https:\\\/\\\/infocul.pt\\\/arquivo\\\/#organization\"},\"image\":{\"@id\":\"https:\\\/\\\/infocul.pt\\\/arquivo\\\/actualidade\\\/aumento-do-iva-nas-touradas-gera-impacto-que-ronda-1-5-milhoes-de-euros-afirma-presidente-da-apet\\\/#primaryimage\"},\"thumbnailUrl\":\"https:\\\/\\\/infocul.pt\\\/arquivo\\\/wp-content\\\/uploads\\\/2020\\\/03\\\/ppc.jpg\",\"keywords\":[\"APET\",\"Associa\u00e7\u00e3o Portuguesa de Empres\u00e1rios Taurom\u00e1quicos\",\"Paulo Pessoa de Carvalho\"],\"articleSection\":[\"Actualidade\",\"Cultura\",\"Destaque\",\"Entrevistas\",\"Politica\",\"Tauromaquia\"],\"inLanguage\":\"pt-PT\"},{\"@type\":\"WebPage\",\"@id\":\"https:\\\/\\\/infocul.pt\\\/arquivo\\\/actualidade\\\/aumento-do-iva-nas-touradas-gera-impacto-que-ronda-1-5-milhoes-de-euros-afirma-presidente-da-apet\\\/\",\"url\":\"https:\\\/\\\/infocul.pt\\\/arquivo\\\/actualidade\\\/aumento-do-iva-nas-touradas-gera-impacto-que-ronda-1-5-milhoes-de-euros-afirma-presidente-da-apet\\\/\",\"name\":\"Aumento do IVA nas Touradas gera impacto que ronda 1.5 Milh\u00f5es de Euros, afirma presidente da APET | Infocul.pt - Arquivo Digital\",\"isPartOf\":{\"@id\":\"https:\\\/\\\/infocul.pt\\\/arquivo\\\/#website\"},\"primaryImageOfPage\":{\"@id\":\"https:\\\/\\\/infocul.pt\\\/arquivo\\\/actualidade\\\/aumento-do-iva-nas-touradas-gera-impacto-que-ronda-1-5-milhoes-de-euros-afirma-presidente-da-apet\\\/#primaryimage\"},\"image\":{\"@id\":\"https:\\\/\\\/infocul.pt\\\/arquivo\\\/actualidade\\\/aumento-do-iva-nas-touradas-gera-impacto-que-ronda-1-5-milhoes-de-euros-afirma-presidente-da-apet\\\/#primaryimage\"},\"thumbnailUrl\":\"https:\\\/\\\/infocul.pt\\\/arquivo\\\/wp-content\\\/uploads\\\/2020\\\/03\\\/ppc.jpg\",\"datePublished\":\"2020-03-25T00:00:03+00:00\",\"dateModified\":\"2020-03-25T09:41:45+00:00\",\"description\":\"Aumento do IVA nas Touradas gera impacto que ronda 1.5 Milh\u00f5es de Euros, afirma presidente da APET | Infocul.pt - Arquivo Digital\",\"breadcrumb\":{\"@id\":\"https:\\\/\\\/infocul.pt\\\/arquivo\\\/actualidade\\\/aumento-do-iva-nas-touradas-gera-impacto-que-ronda-1-5-milhoes-de-euros-afirma-presidente-da-apet\\\/#breadcrumb\"},\"inLanguage\":\"pt-PT\",\"potentialAction\":[{\"@type\":\"ReadAction\",\"target\":[\"https:\\\/\\\/infocul.pt\\\/arquivo\\\/actualidade\\\/aumento-do-iva-nas-touradas-gera-impacto-que-ronda-1-5-milhoes-de-euros-afirma-presidente-da-apet\\\/\"]}]},{\"@type\":\"ImageObject\",\"inLanguage\":\"pt-PT\",\"@id\":\"https:\\\/\\\/infocul.pt\\\/arquivo\\\/actualidade\\\/aumento-do-iva-nas-touradas-gera-impacto-que-ronda-1-5-milhoes-de-euros-afirma-presidente-da-apet\\\/#primaryimage\",\"url\":\"https:\\\/\\\/infocul.pt\\\/arquivo\\\/wp-content\\\/uploads\\\/2020\\\/03\\\/ppc.jpg\",\"contentUrl\":\"https:\\\/\\\/infocul.pt\\\/arquivo\\\/wp-content\\\/uploads\\\/2020\\\/03\\\/ppc.jpg\",\"width\":950,\"height\":603},{\"@type\":\"BreadcrumbList\",\"@id\":\"https:\\\/\\\/infocul.pt\\\/arquivo\\\/actualidade\\\/aumento-do-iva-nas-touradas-gera-impacto-que-ronda-1-5-milhoes-de-euros-afirma-presidente-da-apet\\\/#breadcrumb\",\"itemListElement\":[{\"@type\":\"ListItem\",\"position\":1,\"name\":\"Home\",\"item\":\"https:\\\/\\\/infocul.pt\\\/arquivo\\\/\"},{\"@type\":\"ListItem\",\"position\":2,\"name\":\"Aumento do IVA nas Touradas gera impacto que ronda 1.5 Milh\u00f5es de Euros, afirma presidente da APET\"}]},{\"@type\":\"WebSite\",\"@id\":\"https:\\\/\\\/infocul.pt\\\/arquivo\\\/#website\",\"url\":\"https:\\\/\\\/infocul.pt\\\/arquivo\\\/\",\"name\":\"Infocul.pt - Arquivo Digital\",\"description\":\"Arquivo digital da Infocul.pt\",\"publisher\":{\"@id\":\"https:\\\/\\\/infocul.pt\\\/arquivo\\\/#organization\"},\"potentialAction\":[{\"@type\":\"SearchAction\",\"target\":{\"@type\":\"EntryPoint\",\"urlTemplate\":\"https:\\\/\\\/infocul.pt\\\/arquivo\\\/?s={search_term_string}\"},\"query-input\":{\"@type\":\"PropertyValueSpecification\",\"valueRequired\":true,\"valueName\":\"search_term_string\"}}],\"inLanguage\":\"pt-PT\"},{\"@type\":\"Organization\",\"@id\":\"https:\\\/\\\/infocul.pt\\\/arquivo\\\/#organization\",\"name\":\"Infocul.pt\",\"url\":\"https:\\\/\\\/infocul.pt\\\/arquivo\\\/\",\"logo\":{\"@type\":\"ImageObject\",\"inLanguage\":\"pt-PT\",\"@id\":\"https:\\\/\\\/infocul.pt\\\/arquivo\\\/#\\\/schema\\\/logo\\\/image\\\/\",\"url\":\"https:\\\/\\\/infocul.pt\\\/arquivo\\\/wp-content\\\/uploads\\\/2018\\\/12\\\/Infocul_logo-1.png\",\"contentUrl\":\"https:\\\/\\\/infocul.pt\\\/arquivo\\\/wp-content\\\/uploads\\\/2018\\\/12\\\/Infocul_logo-1.png\",\"width\":800,\"height\":800,\"caption\":\"Infocul.pt\"},\"image\":{\"@id\":\"https:\\\/\\\/infocul.pt\\\/arquivo\\\/#\\\/schema\\\/logo\\\/image\\\/\"},\"sameAs\":[\"https:\\\/\\\/www.facebook.com\\\/Infocul-147816815585015\\\/\",\"https:\\\/\\\/x.com\\\/Infoculpt\",\"http:\\\/\\\/www.pictaram.com\\\/user\\\/infocul.pt\\\/2370423710\",\"https:\\\/\\\/www.youtube.com\\\/channel\\\/UCYEB91AGI9FL9ek2i_IaQAA\"]},{\"@type\":\"Person\",\"@id\":\"https:\\\/\\\/infocul.pt\\\/arquivo\\\/#\\\/schema\\\/person\\\/060a108d7f2d85fc6aae505119ee5234\",\"name\":\"Rui Lavrador\",\"image\":{\"@type\":\"ImageObject\",\"inLanguage\":\"pt-PT\",\"@id\":\"https:\\\/\\\/secure.gravatar.com\\\/avatar\\\/93febd6873394aa8e975148548a0cb203acfdd42d2c85c5f1408e1a76678aece?s=96&d=mm&r=g\",\"url\":\"https:\\\/\\\/secure.gravatar.com\\\/avatar\\\/93febd6873394aa8e975148548a0cb203acfdd42d2c85c5f1408e1a76678aece?s=96&d=mm&r=g\",\"contentUrl\":\"https:\\\/\\\/secure.gravatar.com\\\/avatar\\\/93febd6873394aa8e975148548a0cb203acfdd42d2c85c5f1408e1a76678aece?s=96&d=mm&r=g\",\"caption\":\"Rui Lavrador\"},\"description\":\"Iniciou em 2011 o seu percurso em comunica\u00e7\u00e3o social, tendo integrado v\u00e1rios projectos editoriais. Durante o seu percurso integrou projectos como Jornal Hardm\u00fasica, LusoNot\u00edcias, Toureio.pt, ODigital.pt, entre outros \u00d3rg\u00e3os de Comunica\u00e7\u00e3o Social nacionais, na redac\u00e7\u00e3o de v\u00e1rios artigos. Entrevistou a grande maioria das personalidades mais importantes da vida social e cultural do pa\u00eds, destacando-se, tamb\u00e9m, na aprecia\u00e7\u00e3o de v\u00e1rios espect\u00e1culos. Durante o seu percurso, deu a conhecer v\u00e1rios artistas, at\u00e9 ent\u00e3o desconhecidos, ao grande p\u00fablico. Em 2015 criou e fundou o Infocul.pt, projecto no qual assume a direc\u00e7\u00e3o editorial.\",\"sameAs\":[\"http:\\\/\\\/www.infocul.pt\"]}]}<\/script>\n<!-- \/ Yoast SEO plugin. -->","yoast_head_json":{"title":"Aumento do IVA nas Touradas gera impacto que ronda 1.5 Milh\u00f5es de Euros, afirma presidente da APET | Infocul.pt - Arquivo Digital","description":"Aumento do IVA nas Touradas gera impacto que ronda 1.5 Milh\u00f5es de Euros, afirma presidente da APET | Infocul.pt - Arquivo Digital","robots":{"index":"noindex","follow":"follow","max-snippet":"max-snippet:-1","max-image-preview":"max-image-preview:large","max-video-preview":"max-video-preview:-1"},"og_locale":"pt_PT","og_type":"article","og_title":"Aumento do IVA nas Touradas gera impacto que ronda 1.5 Milh\u00f5es de Euros, afirma presidente da APET | Infocul.pt - Arquivo Digital","og_description":"Aumento do IVA nas Touradas gera impacto que ronda 1.5 Milh\u00f5es de Euros, afirma presidente da APET | Infocul.pt - Arquivo Digital","og_url":"https:\/\/infocul.pt\/arquivo\/actualidade\/aumento-do-iva-nas-touradas-gera-impacto-que-ronda-1-5-milhoes-de-euros-afirma-presidente-da-apet\/","og_site_name":"Infocul.pt - Arquivo Digital","article_publisher":"https:\/\/www.facebook.com\/Infocul-147816815585015\/","article_published_time":"2020-03-25T00:00:03+00:00","article_modified_time":"2020-03-25T09:41:45+00:00","og_image":[{"width":950,"height":603,"url":"https:\/\/infocul.pt\/arquivo\/wp-content\/uploads\/2020\/03\/ppc.jpg","type":"image\/jpeg"}],"author":"Rui Lavrador","twitter_card":"summary_large_image","twitter_creator":"@Infoculpt","twitter_site":"@Infoculpt","twitter_misc":{"Escrito por":"Rui Lavrador","Tempo estimado de leitura":"6 minutos"},"schema":{"@context":"https:\/\/schema.org","@graph":[{"@type":"Article","@id":"https:\/\/infocul.pt\/arquivo\/actualidade\/aumento-do-iva-nas-touradas-gera-impacto-que-ronda-1-5-milhoes-de-euros-afirma-presidente-da-apet\/#article","isPartOf":{"@id":"https:\/\/infocul.pt\/arquivo\/actualidade\/aumento-do-iva-nas-touradas-gera-impacto-que-ronda-1-5-milhoes-de-euros-afirma-presidente-da-apet\/"},"author":{"name":"Rui Lavrador","@id":"https:\/\/infocul.pt\/arquivo\/#\/schema\/person\/060a108d7f2d85fc6aae505119ee5234"},"headline":"Aumento do IVA nas Touradas gera impacto que ronda 1.5 Milh\u00f5es de Euros, afirma presidente da APET","datePublished":"2020-03-25T00:00:03+00:00","dateModified":"2020-03-25T09:41:45+00:00","mainEntityOfPage":{"@id":"https:\/\/infocul.pt\/arquivo\/actualidade\/aumento-do-iva-nas-touradas-gera-impacto-que-ronda-1-5-milhoes-de-euros-afirma-presidente-da-apet\/"},"wordCount":1315,"commentCount":0,"publisher":{"@id":"https:\/\/infocul.pt\/arquivo\/#organization"},"image":{"@id":"https:\/\/infocul.pt\/arquivo\/actualidade\/aumento-do-iva-nas-touradas-gera-impacto-que-ronda-1-5-milhoes-de-euros-afirma-presidente-da-apet\/#primaryimage"},"thumbnailUrl":"https:\/\/infocul.pt\/arquivo\/wp-content\/uploads\/2020\/03\/ppc.jpg","keywords":["APET","Associa\u00e7\u00e3o Portuguesa de Empres\u00e1rios Taurom\u00e1quicos","Paulo Pessoa de Carvalho"],"articleSection":["Actualidade","Cultura","Destaque","Entrevistas","Politica","Tauromaquia"],"inLanguage":"pt-PT"},{"@type":"WebPage","@id":"https:\/\/infocul.pt\/arquivo\/actualidade\/aumento-do-iva-nas-touradas-gera-impacto-que-ronda-1-5-milhoes-de-euros-afirma-presidente-da-apet\/","url":"https:\/\/infocul.pt\/arquivo\/actualidade\/aumento-do-iva-nas-touradas-gera-impacto-que-ronda-1-5-milhoes-de-euros-afirma-presidente-da-apet\/","name":"Aumento do IVA nas Touradas gera impacto que ronda 1.5 Milh\u00f5es de Euros, afirma presidente da APET | Infocul.pt - Arquivo Digital","isPartOf":{"@id":"https:\/\/infocul.pt\/arquivo\/#website"},"primaryImageOfPage":{"@id":"https:\/\/infocul.pt\/arquivo\/actualidade\/aumento-do-iva-nas-touradas-gera-impacto-que-ronda-1-5-milhoes-de-euros-afirma-presidente-da-apet\/#primaryimage"},"image":{"@id":"https:\/\/infocul.pt\/arquivo\/actualidade\/aumento-do-iva-nas-touradas-gera-impacto-que-ronda-1-5-milhoes-de-euros-afirma-presidente-da-apet\/#primaryimage"},"thumbnailUrl":"https:\/\/infocul.pt\/arquivo\/wp-content\/uploads\/2020\/03\/ppc.jpg","datePublished":"2020-03-25T00:00:03+00:00","dateModified":"2020-03-25T09:41:45+00:00","description":"Aumento do IVA nas Touradas gera impacto que ronda 1.5 Milh\u00f5es de Euros, afirma presidente da APET | Infocul.pt - Arquivo Digital","breadcrumb":{"@id":"https:\/\/infocul.pt\/arquivo\/actualidade\/aumento-do-iva-nas-touradas-gera-impacto-que-ronda-1-5-milhoes-de-euros-afirma-presidente-da-apet\/#breadcrumb"},"inLanguage":"pt-PT","potentialAction":[{"@type":"ReadAction","target":["https:\/\/infocul.pt\/arquivo\/actualidade\/aumento-do-iva-nas-touradas-gera-impacto-que-ronda-1-5-milhoes-de-euros-afirma-presidente-da-apet\/"]}]},{"@type":"ImageObject","inLanguage":"pt-PT","@id":"https:\/\/infocul.pt\/arquivo\/actualidade\/aumento-do-iva-nas-touradas-gera-impacto-que-ronda-1-5-milhoes-de-euros-afirma-presidente-da-apet\/#primaryimage","url":"https:\/\/infocul.pt\/arquivo\/wp-content\/uploads\/2020\/03\/ppc.jpg","contentUrl":"https:\/\/infocul.pt\/arquivo\/wp-content\/uploads\/2020\/03\/ppc.jpg","width":950,"height":603},{"@type":"BreadcrumbList","@id":"https:\/\/infocul.pt\/arquivo\/actualidade\/aumento-do-iva-nas-touradas-gera-impacto-que-ronda-1-5-milhoes-de-euros-afirma-presidente-da-apet\/#breadcrumb","itemListElement":[{"@type":"ListItem","position":1,"name":"Home","item":"https:\/\/infocul.pt\/arquivo\/"},{"@type":"ListItem","position":2,"name":"Aumento do IVA nas Touradas gera impacto que ronda 1.5 Milh\u00f5es de Euros, afirma presidente da APET"}]},{"@type":"WebSite","@id":"https:\/\/infocul.pt\/arquivo\/#website","url":"https:\/\/infocul.pt\/arquivo\/","name":"Infocul.pt - Arquivo Digital","description":"Arquivo digital da Infocul.pt","publisher":{"@id":"https:\/\/infocul.pt\/arquivo\/#organization"},"potentialAction":[{"@type":"SearchAction","target":{"@type":"EntryPoint","urlTemplate":"https:\/\/infocul.pt\/arquivo\/?s={search_term_string}"},"query-input":{"@type":"PropertyValueSpecification","valueRequired":true,"valueName":"search_term_string"}}],"inLanguage":"pt-PT"},{"@type":"Organization","@id":"https:\/\/infocul.pt\/arquivo\/#organization","name":"Infocul.pt","url":"https:\/\/infocul.pt\/arquivo\/","logo":{"@type":"ImageObject","inLanguage":"pt-PT","@id":"https:\/\/infocul.pt\/arquivo\/#\/schema\/logo\/image\/","url":"https:\/\/infocul.pt\/arquivo\/wp-content\/uploads\/2018\/12\/Infocul_logo-1.png","contentUrl":"https:\/\/infocul.pt\/arquivo\/wp-content\/uploads\/2018\/12\/Infocul_logo-1.png","width":800,"height":800,"caption":"Infocul.pt"},"image":{"@id":"https:\/\/infocul.pt\/arquivo\/#\/schema\/logo\/image\/"},"sameAs":["https:\/\/www.facebook.com\/Infocul-147816815585015\/","https:\/\/x.com\/Infoculpt","http:\/\/www.pictaram.com\/user\/infocul.pt\/2370423710","https:\/\/www.youtube.com\/channel\/UCYEB91AGI9FL9ek2i_IaQAA"]},{"@type":"Person","@id":"https:\/\/infocul.pt\/arquivo\/#\/schema\/person\/060a108d7f2d85fc6aae505119ee5234","name":"Rui Lavrador","image":{"@type":"ImageObject","inLanguage":"pt-PT","@id":"https:\/\/secure.gravatar.com\/avatar\/93febd6873394aa8e975148548a0cb203acfdd42d2c85c5f1408e1a76678aece?s=96&d=mm&r=g","url":"https:\/\/secure.gravatar.com\/avatar\/93febd6873394aa8e975148548a0cb203acfdd42d2c85c5f1408e1a76678aece?s=96&d=mm&r=g","contentUrl":"https:\/\/secure.gravatar.com\/avatar\/93febd6873394aa8e975148548a0cb203acfdd42d2c85c5f1408e1a76678aece?s=96&d=mm&r=g","caption":"Rui Lavrador"},"description":"Iniciou em 2011 o seu percurso em comunica\u00e7\u00e3o social, tendo integrado v\u00e1rios projectos editoriais. Durante o seu percurso integrou projectos como Jornal Hardm\u00fasica, LusoNot\u00edcias, Toureio.pt, ODigital.pt, entre outros \u00d3rg\u00e3os de Comunica\u00e7\u00e3o Social nacionais, na redac\u00e7\u00e3o de v\u00e1rios artigos. Entrevistou a grande maioria das personalidades mais importantes da vida social e cultural do pa\u00eds, destacando-se, tamb\u00e9m, na aprecia\u00e7\u00e3o de v\u00e1rios espect\u00e1culos. Durante o seu percurso, deu a conhecer v\u00e1rios artistas, at\u00e9 ent\u00e3o desconhecidos, ao grande p\u00fablico. Em 2015 criou e fundou o Infocul.pt, projecto no qual assume a direc\u00e7\u00e3o editorial.","sameAs":["http:\/\/www.infocul.pt"]}]}},"_links":{"self":[{"href":"https:\/\/infocul.pt\/arquivo\/wp-json\/wp\/v2\/posts\/68745","targetHints":{"allow":["GET"]}}],"collection":[{"href":"https:\/\/infocul.pt\/arquivo\/wp-json\/wp\/v2\/posts"}],"about":[{"href":"https:\/\/infocul.pt\/arquivo\/wp-json\/wp\/v2\/types\/post"}],"author":[{"embeddable":true,"href":"https:\/\/infocul.pt\/arquivo\/wp-json\/wp\/v2\/users\/2"}],"replies":[{"embeddable":true,"href":"https:\/\/infocul.pt\/arquivo\/wp-json\/wp\/v2\/comments?post=68745"}],"version-history":[{"count":0,"href":"https:\/\/infocul.pt\/arquivo\/wp-json\/wp\/v2\/posts\/68745\/revisions"}],"wp:featuredmedia":[{"embeddable":true,"href":"https:\/\/infocul.pt\/arquivo\/wp-json\/wp\/v2\/media\/68748"}],"wp:attachment":[{"href":"https:\/\/infocul.pt\/arquivo\/wp-json\/wp\/v2\/media?parent=68745"}],"wp:term":[{"taxonomy":"category","embeddable":true,"href":"https:\/\/infocul.pt\/arquivo\/wp-json\/wp\/v2\/categories?post=68745"},{"taxonomy":"post_tag","embeddable":true,"href":"https:\/\/infocul.pt\/arquivo\/wp-json\/wp\/v2\/tags?post=68745"}],"curies":[{"name":"wp","href":"https:\/\/api.w.org\/{rel}","templated":true}]}}