{"id":68790,"date":"2020-03-25T15:19:35","date_gmt":"2020-03-25T15:19:35","guid":{"rendered":"https:\/\/infocul.pt\/?p=68790"},"modified":"2020-03-25T15:19:35","modified_gmt":"2020-03-25T15:19:35","slug":"alandroal-cria-fundo-de-emergencia-municipal-de-150-mil-euros-e-aposta-nos-apoios-sociais-as-familias-que-perdem-rendimentos-com-a-epidemia-de-covid-19","status":"publish","type":"post","link":"https:\/\/infocul.pt\/arquivo\/actualidade\/alandroal-cria-fundo-de-emergencia-municipal-de-150-mil-euros-e-aposta-nos-apoios-sociais-as-familias-que-perdem-rendimentos-com-a-epidemia-de-covid-19\/","title":{"rendered":"Alandroal cria Fundo de Emerg\u00eancia Municipal de 150 mil euros e aposta nos apoios sociais \u00e0s fam\u00edlias que perdem rendimentos com a epidemia de COVID-19"},"content":{"rendered":"<p><img decoding=\"async\" class=\"aligncenter wp-image-68791 size-full lazyload\" data-src=\"https:\/\/infocul.pt\/arquivo\/wp-content\/uploads\/2020\/03\/transferir-11.jpg\" alt=\"\" width=\"225\" height=\"225\" data-srcset=\"https:\/\/infocul.pt\/arquivo\/wp-content\/uploads\/2020\/03\/transferir-11.jpg 225w, https:\/\/infocul.pt\/arquivo\/wp-content\/uploads\/2020\/03\/transferir-11-150x150.jpg 150w\" data-sizes=\"(max-width: 225px) 100vw, 225px\" src=\"data:image\/svg+xml;base64,PHN2ZyB3aWR0aD0iMSIgaGVpZ2h0PSIxIiB4bWxucz0iaHR0cDovL3d3dy53My5vcmcvMjAwMC9zdmciPjwvc3ZnPg==\" style=\"--smush-placeholder-width: 225px; --smush-placeholder-aspect-ratio: 225\/225;\" \/><\/p>\n<p><span style=\"font-family: Liberation Serif, serif;\"><span style=\"font-size: medium;\"><span style=\"color: #222222;\">Alandroal cria Fundo de Emerg\u00eancia Municipal de 150 mil euros e aposta nos apoios sociais \u00e0s fam\u00edlias que perdem rendimentos com a epidemia de COVID-19 <\/span><\/span><\/span><!--more--><\/p>\n<p><span style=\"font-family: Liberation Serif, serif;\"><span style=\"font-size: medium;\"><span style=\"color: #222222;\">Consciente de que a situa\u00e7\u00e3o particular que vivemos vai afetar a vida das fam\u00edlias, das empresas e das institui\u00e7\u00f5es do concelho, e depois de ter adaptado a sua pr\u00f3pria resposta e funcionamento, a C\u00e2mara Municipal do Alandroal est\u00e1 desde j\u00e1 a preparar mais um conjunto de medidas no sentido de mitigar os efeitos a curto e m\u00e9dio prazo da pandemia de COVID-19 nas fam\u00edlias e nas empresas e gerar melhores respostas das institui\u00e7\u00f5es, num momento em que ainda \u00e9 grande a incerteza sobre os poss\u00edveis impactos totais. <\/span><\/span><\/span><\/p>\n<p>&nbsp;<\/p>\n<p><span style=\"font-family: Liberation Serif, serif;\"><span style=\"font-size: medium;\"><span style=\"color: #222222;\">Como \u00e9 do conhecimento de todos, o munic\u00edpio est\u00e1 abrangido por um plano de assist\u00eancia municipal do Fundo de Apoio Municipal (FAM) que lhe retira autonomia para tomar medidas que impliquem a perda de receita directa, pelo que se afiguram mais dif\u00edceis solu\u00e7\u00f5es que passem por criar isen\u00e7\u00f5es especificas de pagamentos \u00e0 autarquia. Est\u00e1 prevista a prorroga\u00e7\u00e3o de prazos de pagamento. Ainda assim, aguardam-se as decis\u00f5es que a Comiss\u00e3o do FAM tomar\u00e1 em rela\u00e7\u00e3o a todos os munic\u00edpios envolvidos no programa face a este momento particular. <\/span><\/span><\/span><\/p>\n<p>&nbsp;<\/p>\n<p><span style=\"font-family: Liberation Serif, serif;\"><span style=\"font-size: medium;\"><span style=\"color: #222222;\">Certo \u00e9 que o munic\u00edpio ter\u00e1 que continuar a cumprir o seu plano, como at\u00e9 aqui, com uma previs\u00e3o de aumento significativo das despesas numas \u00e1reas, mas tamb\u00e9m redu\u00e7\u00e3o noutras, apostando em apoios concretos a quem mais precisa em vez de medidas cegas e generalizadas. Assim, de imediato, o munic\u00edpio ir\u00e1 canalizar as verbas que estavam alocadas a praticamente todos os eventos previstos at\u00e9 ao final do ano e outras despesas n\u00e3o priorit\u00e1rias para a cria\u00e7\u00e3o de um Fundo de Emerg\u00eancia Municipal que dar\u00e1 resposta \u00e0s necessidades extraordin\u00e1rias no combate \u00e0 epidemia de COVID-19. O munic\u00edpio est\u00e1 j\u00e1 em condi\u00e7\u00f5es de reservar 150 mil euros para este fim, podendo haver refor\u00e7os. <\/span><\/span><\/span><\/p>\n<p>&nbsp;<\/p>\n<p><span style=\"font-family: Liberation Serif, serif;\"><span style=\"font-size: medium;\"><span style=\"color: #222222;\">Deste fundo sair\u00e3o os 20 mil euros j\u00e1 anunciados para participar na compra conjunta, entre todos os munic\u00edpios do Alentejo Central, de 6 ventiladores para o Hospital do Esp\u00edrito Santo de \u00c9vora, assim como os valores que vierem a ser acordados entre os munic\u00edpios para aquisi\u00e7\u00e3o de equipamentos de protec\u00e7\u00e3o individual e outros materiais para o mesmo hospital. O fundo servir\u00e1 tamb\u00e9m para o munic\u00edpio refor\u00e7ar o apoio ao Centro de Sa\u00fade do concelho, \u00e0s IPSSs com val\u00eancia de lar, \u00e0s for\u00e7as de seguran\u00e7a e aos bombeiros no combate conjunto e articulado \u00e0 epidemia no seu territ\u00f3rio. Daqui sair\u00e3o tamb\u00e9m as verbas para o refor\u00e7o dos apoios sociais. Ser\u00e1 realizada uma campanha de divulga\u00e7\u00e3o de todos os apoios que o munic\u00edpio disponibiliza a quem vir os rendimentos do agregado familiar reduzidos pela conjuntura resultante do estado de emerg\u00eancia que se vive no pa\u00eds. As fam\u00edlias abrangidas poder\u00e3o beneficiar de redu\u00e7\u00f5es nas tarifas de \u00e1gua e saneamento, apoios ao arrendamento, vales de compras de bens alimentares de primeira necessidade trocados no com\u00e9rcio local, entre outros. <\/span><\/span><\/span><\/p>\n<p>&nbsp;<\/p>\n<p><span style=\"font-family: Liberation Serif, serif;\"><span style=\"font-size: medium;\"><span style=\"color: #222222;\">Para as empresas tamb\u00e9m existir\u00e1 um conjunto de incentivos e est\u00e3o a ser pensadas ac\u00e7\u00f5es de relan\u00e7amento da economia ap\u00f3s este per\u00edodo. O munic\u00edpio congratula-se com a resposta geral da popula\u00e7\u00e3o do concelho em rela\u00e7\u00e3o aos comportamentos pedidos a todos e refor\u00e7a o papel fundamental que a mesma tem para se ultrapassar com sucesso este enorme desafio colectivo. <\/span><\/span><\/span><\/p>\n","protected":false},"excerpt":{"rendered":"<p>Alandroal cria Fundo de Emerg\u00eancia Municipal de 150 mil euros e aposta nos apoios sociais \u00e0s fam\u00edlias que perdem rendimentos com a epidemia de COVID-19<\/p>\n","protected":false},"author":13,"featured_media":68791,"comment_status":"open","ping_status":"closed","sticky":false,"template":"","format":"standard","meta":{"footnotes":""},"categories":[10,11],"tags":[6630,249,8965,8966],"class_list":["post-68790","post","type-post","status-publish","format-standard","has-post-thumbnail","hentry","category-actualidade","category-pais","tag-alandroal","tag-alentejo","tag-coronavirus","tag-covid-19"],"yoast_head":"<!-- This site is optimized with the Yoast SEO plugin v27.4 - https:\/\/yoast.com\/product\/yoast-seo-wordpress\/ -->\n<title>Alandroal cria Fundo de Emerg\u00eancia Municipal de 150 mil euros e aposta nos apoios sociais \u00e0s fam\u00edlias que perdem rendimentos com a epidemia de COVID-19 | Infocul.pt - Arquivo Digital<\/title>\n<meta name=\"description\" content=\"Alandroal cria Fundo de Emerg\u00eancia Municipal de 150 mil euros e aposta nos apoios sociais \u00e0s fam\u00edlias que perdem rendimentos com a epidemia de COVID-19 | Infocul.pt - Arquivo Digital\" \/>\n<meta name=\"robots\" content=\"noindex, follow, max-snippet:-1, max-image-preview:large, max-video-preview:-1\" \/>\n<meta property=\"og:locale\" content=\"pt_PT\" \/>\n<meta property=\"og:type\" content=\"article\" \/>\n<meta property=\"og:title\" content=\"Alandroal cria Fundo de Emerg\u00eancia Municipal de 150 mil euros e aposta nos apoios sociais \u00e0s fam\u00edlias que perdem rendimentos com a epidemia de COVID-19 | Infocul.pt - Arquivo Digital\" \/>\n<meta property=\"og:description\" content=\"Alandroal cria Fundo de Emerg\u00eancia Municipal de 150 mil euros e aposta nos apoios sociais \u00e0s fam\u00edlias que perdem rendimentos com a epidemia de COVID-19 | Infocul.pt - Arquivo Digital\" \/>\n<meta property=\"og:url\" content=\"https:\/\/infocul.pt\/arquivo\/actualidade\/alandroal-cria-fundo-de-emergencia-municipal-de-150-mil-euros-e-aposta-nos-apoios-sociais-as-familias-que-perdem-rendimentos-com-a-epidemia-de-covid-19\/\" \/>\n<meta property=\"og:site_name\" content=\"Infocul.pt - Arquivo Digital\" \/>\n<meta property=\"article:publisher\" content=\"https:\/\/www.facebook.com\/Infocul-147816815585015\/\" \/>\n<meta property=\"article:published_time\" content=\"2020-03-25T15:19:35+00:00\" \/>\n<meta property=\"og:image\" content=\"https:\/\/infocul.pt\/arquivo\/wp-content\/uploads\/2020\/03\/transferir-11.jpg\" \/>\n\t<meta property=\"og:image:width\" content=\"225\" \/>\n\t<meta property=\"og:image:height\" content=\"225\" \/>\n\t<meta property=\"og:image:type\" content=\"image\/jpeg\" \/>\n<meta name=\"author\" content=\"Redac\u00e7\u00e3o\" \/>\n<meta name=\"twitter:card\" content=\"summary_large_image\" \/>\n<meta name=\"twitter:creator\" content=\"@Infoculpt\" \/>\n<meta name=\"twitter:site\" content=\"@Infoculpt\" \/>\n<meta name=\"twitter:label1\" content=\"Escrito por\" \/>\n\t<meta name=\"twitter:data1\" content=\"Redac\u00e7\u00e3o\" \/>\n\t<meta name=\"twitter:label2\" content=\"Tempo estimado de leitura\" \/>\n\t<meta name=\"twitter:data2\" content=\"3 minutos\" \/>\n<script type=\"application\/ld+json\" class=\"yoast-schema-graph\">{\"@context\":\"https:\\\/\\\/schema.org\",\"@graph\":[{\"@type\":\"Article\",\"@id\":\"https:\\\/\\\/infocul.pt\\\/arquivo\\\/actualidade\\\/alandroal-cria-fundo-de-emergencia-municipal-de-150-mil-euros-e-aposta-nos-apoios-sociais-as-familias-que-perdem-rendimentos-com-a-epidemia-de-covid-19\\\/#article\",\"isPartOf\":{\"@id\":\"https:\\\/\\\/infocul.pt\\\/arquivo\\\/actualidade\\\/alandroal-cria-fundo-de-emergencia-municipal-de-150-mil-euros-e-aposta-nos-apoios-sociais-as-familias-que-perdem-rendimentos-com-a-epidemia-de-covid-19\\\/\"},\"author\":{\"name\":\"Redac\u00e7\u00e3o\",\"@id\":\"https:\\\/\\\/infocul.pt\\\/arquivo\\\/#\\\/schema\\\/person\\\/f243f45ae8d67639120a7586884f3abc\"},\"headline\":\"Alandroal cria Fundo de Emerg\u00eancia Municipal de 150 mil euros e aposta nos apoios sociais \u00e0s fam\u00edlias que perdem rendimentos com a epidemia de COVID-19\",\"datePublished\":\"2020-03-25T15:19:35+00:00\",\"mainEntityOfPage\":{\"@id\":\"https:\\\/\\\/infocul.pt\\\/arquivo\\\/actualidade\\\/alandroal-cria-fundo-de-emergencia-municipal-de-150-mil-euros-e-aposta-nos-apoios-sociais-as-familias-que-perdem-rendimentos-com-a-epidemia-de-covid-19\\\/\"},\"wordCount\":630,\"commentCount\":0,\"publisher\":{\"@id\":\"https:\\\/\\\/infocul.pt\\\/arquivo\\\/#organization\"},\"image\":{\"@id\":\"https:\\\/\\\/infocul.pt\\\/arquivo\\\/actualidade\\\/alandroal-cria-fundo-de-emergencia-municipal-de-150-mil-euros-e-aposta-nos-apoios-sociais-as-familias-que-perdem-rendimentos-com-a-epidemia-de-covid-19\\\/#primaryimage\"},\"thumbnailUrl\":\"https:\\\/\\\/infocul.pt\\\/arquivo\\\/wp-content\\\/uploads\\\/2020\\\/03\\\/transferir-11.jpg\",\"keywords\":[\"Alandroal\",\"Alentejo\",\"Coronav\u00edrus\",\"Covid-19\"],\"articleSection\":[\"Actualidade\",\"Pa\u00eds\"],\"inLanguage\":\"pt-PT\"},{\"@type\":\"WebPage\",\"@id\":\"https:\\\/\\\/infocul.pt\\\/arquivo\\\/actualidade\\\/alandroal-cria-fundo-de-emergencia-municipal-de-150-mil-euros-e-aposta-nos-apoios-sociais-as-familias-que-perdem-rendimentos-com-a-epidemia-de-covid-19\\\/\",\"url\":\"https:\\\/\\\/infocul.pt\\\/arquivo\\\/actualidade\\\/alandroal-cria-fundo-de-emergencia-municipal-de-150-mil-euros-e-aposta-nos-apoios-sociais-as-familias-que-perdem-rendimentos-com-a-epidemia-de-covid-19\\\/\",\"name\":\"Alandroal cria Fundo de Emerg\u00eancia Municipal de 150 mil euros e aposta nos apoios sociais \u00e0s fam\u00edlias que perdem rendimentos com a epidemia de COVID-19 | Infocul.pt - Arquivo Digital\",\"isPartOf\":{\"@id\":\"https:\\\/\\\/infocul.pt\\\/arquivo\\\/#website\"},\"primaryImageOfPage\":{\"@id\":\"https:\\\/\\\/infocul.pt\\\/arquivo\\\/actualidade\\\/alandroal-cria-fundo-de-emergencia-municipal-de-150-mil-euros-e-aposta-nos-apoios-sociais-as-familias-que-perdem-rendimentos-com-a-epidemia-de-covid-19\\\/#primaryimage\"},\"image\":{\"@id\":\"https:\\\/\\\/infocul.pt\\\/arquivo\\\/actualidade\\\/alandroal-cria-fundo-de-emergencia-municipal-de-150-mil-euros-e-aposta-nos-apoios-sociais-as-familias-que-perdem-rendimentos-com-a-epidemia-de-covid-19\\\/#primaryimage\"},\"thumbnailUrl\":\"https:\\\/\\\/infocul.pt\\\/arquivo\\\/wp-content\\\/uploads\\\/2020\\\/03\\\/transferir-11.jpg\",\"datePublished\":\"2020-03-25T15:19:35+00:00\",\"description\":\"Alandroal cria Fundo de Emerg\u00eancia Municipal de 150 mil euros e aposta nos apoios sociais \u00e0s fam\u00edlias que perdem rendimentos com a epidemia de COVID-19 | Infocul.pt - Arquivo Digital\",\"breadcrumb\":{\"@id\":\"https:\\\/\\\/infocul.pt\\\/arquivo\\\/actualidade\\\/alandroal-cria-fundo-de-emergencia-municipal-de-150-mil-euros-e-aposta-nos-apoios-sociais-as-familias-que-perdem-rendimentos-com-a-epidemia-de-covid-19\\\/#breadcrumb\"},\"inLanguage\":\"pt-PT\",\"potentialAction\":[{\"@type\":\"ReadAction\",\"target\":[\"https:\\\/\\\/infocul.pt\\\/arquivo\\\/actualidade\\\/alandroal-cria-fundo-de-emergencia-municipal-de-150-mil-euros-e-aposta-nos-apoios-sociais-as-familias-que-perdem-rendimentos-com-a-epidemia-de-covid-19\\\/\"]}]},{\"@type\":\"ImageObject\",\"inLanguage\":\"pt-PT\",\"@id\":\"https:\\\/\\\/infocul.pt\\\/arquivo\\\/actualidade\\\/alandroal-cria-fundo-de-emergencia-municipal-de-150-mil-euros-e-aposta-nos-apoios-sociais-as-familias-que-perdem-rendimentos-com-a-epidemia-de-covid-19\\\/#primaryimage\",\"url\":\"https:\\\/\\\/infocul.pt\\\/arquivo\\\/wp-content\\\/uploads\\\/2020\\\/03\\\/transferir-11.jpg\",\"contentUrl\":\"https:\\\/\\\/infocul.pt\\\/arquivo\\\/wp-content\\\/uploads\\\/2020\\\/03\\\/transferir-11.jpg\",\"width\":225,\"height\":225},{\"@type\":\"BreadcrumbList\",\"@id\":\"https:\\\/\\\/infocul.pt\\\/arquivo\\\/actualidade\\\/alandroal-cria-fundo-de-emergencia-municipal-de-150-mil-euros-e-aposta-nos-apoios-sociais-as-familias-que-perdem-rendimentos-com-a-epidemia-de-covid-19\\\/#breadcrumb\",\"itemListElement\":[{\"@type\":\"ListItem\",\"position\":1,\"name\":\"Home\",\"item\":\"https:\\\/\\\/infocul.pt\\\/arquivo\\\/\"},{\"@type\":\"ListItem\",\"position\":2,\"name\":\"Alandroal cria Fundo de Emerg\u00eancia Municipal de 150 mil euros e aposta nos apoios sociais \u00e0s fam\u00edlias que perdem rendimentos com a epidemia de COVID-19\"}]},{\"@type\":\"WebSite\",\"@id\":\"https:\\\/\\\/infocul.pt\\\/arquivo\\\/#website\",\"url\":\"https:\\\/\\\/infocul.pt\\\/arquivo\\\/\",\"name\":\"Infocul.pt - Arquivo Digital\",\"description\":\"Arquivo digital da Infocul.pt\",\"publisher\":{\"@id\":\"https:\\\/\\\/infocul.pt\\\/arquivo\\\/#organization\"},\"potentialAction\":[{\"@type\":\"SearchAction\",\"target\":{\"@type\":\"EntryPoint\",\"urlTemplate\":\"https:\\\/\\\/infocul.pt\\\/arquivo\\\/?s={search_term_string}\"},\"query-input\":{\"@type\":\"PropertyValueSpecification\",\"valueRequired\":true,\"valueName\":\"search_term_string\"}}],\"inLanguage\":\"pt-PT\"},{\"@type\":\"Organization\",\"@id\":\"https:\\\/\\\/infocul.pt\\\/arquivo\\\/#organization\",\"name\":\"Infocul.pt\",\"url\":\"https:\\\/\\\/infocul.pt\\\/arquivo\\\/\",\"logo\":{\"@type\":\"ImageObject\",\"inLanguage\":\"pt-PT\",\"@id\":\"https:\\\/\\\/infocul.pt\\\/arquivo\\\/#\\\/schema\\\/logo\\\/image\\\/\",\"url\":\"https:\\\/\\\/infocul.pt\\\/arquivo\\\/wp-content\\\/uploads\\\/2018\\\/12\\\/Infocul_logo-1.png\",\"contentUrl\":\"https:\\\/\\\/infocul.pt\\\/arquivo\\\/wp-content\\\/uploads\\\/2018\\\/12\\\/Infocul_logo-1.png\",\"width\":800,\"height\":800,\"caption\":\"Infocul.pt\"},\"image\":{\"@id\":\"https:\\\/\\\/infocul.pt\\\/arquivo\\\/#\\\/schema\\\/logo\\\/image\\\/\"},\"sameAs\":[\"https:\\\/\\\/www.facebook.com\\\/Infocul-147816815585015\\\/\",\"https:\\\/\\\/x.com\\\/Infoculpt\",\"http:\\\/\\\/www.pictaram.com\\\/user\\\/infocul.pt\\\/2370423710\",\"https:\\\/\\\/www.youtube.com\\\/channel\\\/UCYEB91AGI9FL9ek2i_IaQAA\"]},{\"@type\":\"Person\",\"@id\":\"https:\\\/\\\/infocul.pt\\\/arquivo\\\/#\\\/schema\\\/person\\\/f243f45ae8d67639120a7586884f3abc\",\"name\":\"Redac\u00e7\u00e3o\",\"image\":{\"@type\":\"ImageObject\",\"inLanguage\":\"pt-PT\",\"@id\":\"https:\\\/\\\/secure.gravatar.com\\\/avatar\\\/151b1b76c598ab5e749407223bd6c1bad4e41c4e95de3c3df83540ebee2deaf8?s=96&d=mm&r=g\",\"url\":\"https:\\\/\\\/secure.gravatar.com\\\/avatar\\\/151b1b76c598ab5e749407223bd6c1bad4e41c4e95de3c3df83540ebee2deaf8?s=96&d=mm&r=g\",\"contentUrl\":\"https:\\\/\\\/secure.gravatar.com\\\/avatar\\\/151b1b76c598ab5e749407223bd6c1bad4e41c4e95de3c3df83540ebee2deaf8?s=96&d=mm&r=g\",\"caption\":\"Redac\u00e7\u00e3o\"}}]}<\/script>\n<!-- \/ Yoast SEO plugin. -->","yoast_head_json":{"title":"Alandroal cria Fundo de Emerg\u00eancia Municipal de 150 mil euros e aposta nos apoios sociais \u00e0s fam\u00edlias que perdem rendimentos com a epidemia de COVID-19 | Infocul.pt - Arquivo Digital","description":"Alandroal cria Fundo de Emerg\u00eancia Municipal de 150 mil euros e aposta nos apoios sociais \u00e0s fam\u00edlias que perdem rendimentos com a epidemia de COVID-19 | Infocul.pt - Arquivo Digital","robots":{"index":"noindex","follow":"follow","max-snippet":"max-snippet:-1","max-image-preview":"max-image-preview:large","max-video-preview":"max-video-preview:-1"},"og_locale":"pt_PT","og_type":"article","og_title":"Alandroal cria Fundo de Emerg\u00eancia Municipal de 150 mil euros e aposta nos apoios sociais \u00e0s fam\u00edlias que perdem rendimentos com a epidemia de COVID-19 | Infocul.pt - Arquivo Digital","og_description":"Alandroal cria Fundo de Emerg\u00eancia Municipal de 150 mil euros e aposta nos apoios sociais \u00e0s fam\u00edlias que perdem rendimentos com a epidemia de COVID-19 | Infocul.pt - Arquivo Digital","og_url":"https:\/\/infocul.pt\/arquivo\/actualidade\/alandroal-cria-fundo-de-emergencia-municipal-de-150-mil-euros-e-aposta-nos-apoios-sociais-as-familias-que-perdem-rendimentos-com-a-epidemia-de-covid-19\/","og_site_name":"Infocul.pt - Arquivo Digital","article_publisher":"https:\/\/www.facebook.com\/Infocul-147816815585015\/","article_published_time":"2020-03-25T15:19:35+00:00","og_image":[{"width":225,"height":225,"url":"https:\/\/infocul.pt\/arquivo\/wp-content\/uploads\/2020\/03\/transferir-11.jpg","type":"image\/jpeg"}],"author":"Redac\u00e7\u00e3o","twitter_card":"summary_large_image","twitter_creator":"@Infoculpt","twitter_site":"@Infoculpt","twitter_misc":{"Escrito por":"Redac\u00e7\u00e3o","Tempo estimado de leitura":"3 minutos"},"schema":{"@context":"https:\/\/schema.org","@graph":[{"@type":"Article","@id":"https:\/\/infocul.pt\/arquivo\/actualidade\/alandroal-cria-fundo-de-emergencia-municipal-de-150-mil-euros-e-aposta-nos-apoios-sociais-as-familias-que-perdem-rendimentos-com-a-epidemia-de-covid-19\/#article","isPartOf":{"@id":"https:\/\/infocul.pt\/arquivo\/actualidade\/alandroal-cria-fundo-de-emergencia-municipal-de-150-mil-euros-e-aposta-nos-apoios-sociais-as-familias-que-perdem-rendimentos-com-a-epidemia-de-covid-19\/"},"author":{"name":"Redac\u00e7\u00e3o","@id":"https:\/\/infocul.pt\/arquivo\/#\/schema\/person\/f243f45ae8d67639120a7586884f3abc"},"headline":"Alandroal cria Fundo de Emerg\u00eancia Municipal de 150 mil euros e aposta nos apoios sociais \u00e0s fam\u00edlias que perdem rendimentos com a epidemia de COVID-19","datePublished":"2020-03-25T15:19:35+00:00","mainEntityOfPage":{"@id":"https:\/\/infocul.pt\/arquivo\/actualidade\/alandroal-cria-fundo-de-emergencia-municipal-de-150-mil-euros-e-aposta-nos-apoios-sociais-as-familias-que-perdem-rendimentos-com-a-epidemia-de-covid-19\/"},"wordCount":630,"commentCount":0,"publisher":{"@id":"https:\/\/infocul.pt\/arquivo\/#organization"},"image":{"@id":"https:\/\/infocul.pt\/arquivo\/actualidade\/alandroal-cria-fundo-de-emergencia-municipal-de-150-mil-euros-e-aposta-nos-apoios-sociais-as-familias-que-perdem-rendimentos-com-a-epidemia-de-covid-19\/#primaryimage"},"thumbnailUrl":"https:\/\/infocul.pt\/arquivo\/wp-content\/uploads\/2020\/03\/transferir-11.jpg","keywords":["Alandroal","Alentejo","Coronav\u00edrus","Covid-19"],"articleSection":["Actualidade","Pa\u00eds"],"inLanguage":"pt-PT"},{"@type":"WebPage","@id":"https:\/\/infocul.pt\/arquivo\/actualidade\/alandroal-cria-fundo-de-emergencia-municipal-de-150-mil-euros-e-aposta-nos-apoios-sociais-as-familias-que-perdem-rendimentos-com-a-epidemia-de-covid-19\/","url":"https:\/\/infocul.pt\/arquivo\/actualidade\/alandroal-cria-fundo-de-emergencia-municipal-de-150-mil-euros-e-aposta-nos-apoios-sociais-as-familias-que-perdem-rendimentos-com-a-epidemia-de-covid-19\/","name":"Alandroal cria Fundo de Emerg\u00eancia Municipal de 150 mil euros e aposta nos apoios sociais \u00e0s fam\u00edlias que perdem rendimentos com a epidemia de COVID-19 | Infocul.pt - Arquivo Digital","isPartOf":{"@id":"https:\/\/infocul.pt\/arquivo\/#website"},"primaryImageOfPage":{"@id":"https:\/\/infocul.pt\/arquivo\/actualidade\/alandroal-cria-fundo-de-emergencia-municipal-de-150-mil-euros-e-aposta-nos-apoios-sociais-as-familias-que-perdem-rendimentos-com-a-epidemia-de-covid-19\/#primaryimage"},"image":{"@id":"https:\/\/infocul.pt\/arquivo\/actualidade\/alandroal-cria-fundo-de-emergencia-municipal-de-150-mil-euros-e-aposta-nos-apoios-sociais-as-familias-que-perdem-rendimentos-com-a-epidemia-de-covid-19\/#primaryimage"},"thumbnailUrl":"https:\/\/infocul.pt\/arquivo\/wp-content\/uploads\/2020\/03\/transferir-11.jpg","datePublished":"2020-03-25T15:19:35+00:00","description":"Alandroal cria Fundo de Emerg\u00eancia Municipal de 150 mil euros e aposta nos apoios sociais \u00e0s fam\u00edlias que perdem rendimentos com a epidemia de COVID-19 | Infocul.pt - Arquivo Digital","breadcrumb":{"@id":"https:\/\/infocul.pt\/arquivo\/actualidade\/alandroal-cria-fundo-de-emergencia-municipal-de-150-mil-euros-e-aposta-nos-apoios-sociais-as-familias-que-perdem-rendimentos-com-a-epidemia-de-covid-19\/#breadcrumb"},"inLanguage":"pt-PT","potentialAction":[{"@type":"ReadAction","target":["https:\/\/infocul.pt\/arquivo\/actualidade\/alandroal-cria-fundo-de-emergencia-municipal-de-150-mil-euros-e-aposta-nos-apoios-sociais-as-familias-que-perdem-rendimentos-com-a-epidemia-de-covid-19\/"]}]},{"@type":"ImageObject","inLanguage":"pt-PT","@id":"https:\/\/infocul.pt\/arquivo\/actualidade\/alandroal-cria-fundo-de-emergencia-municipal-de-150-mil-euros-e-aposta-nos-apoios-sociais-as-familias-que-perdem-rendimentos-com-a-epidemia-de-covid-19\/#primaryimage","url":"https:\/\/infocul.pt\/arquivo\/wp-content\/uploads\/2020\/03\/transferir-11.jpg","contentUrl":"https:\/\/infocul.pt\/arquivo\/wp-content\/uploads\/2020\/03\/transferir-11.jpg","width":225,"height":225},{"@type":"BreadcrumbList","@id":"https:\/\/infocul.pt\/arquivo\/actualidade\/alandroal-cria-fundo-de-emergencia-municipal-de-150-mil-euros-e-aposta-nos-apoios-sociais-as-familias-que-perdem-rendimentos-com-a-epidemia-de-covid-19\/#breadcrumb","itemListElement":[{"@type":"ListItem","position":1,"name":"Home","item":"https:\/\/infocul.pt\/arquivo\/"},{"@type":"ListItem","position":2,"name":"Alandroal cria Fundo de Emerg\u00eancia Municipal de 150 mil euros e aposta nos apoios sociais \u00e0s fam\u00edlias que perdem rendimentos com a epidemia de COVID-19"}]},{"@type":"WebSite","@id":"https:\/\/infocul.pt\/arquivo\/#website","url":"https:\/\/infocul.pt\/arquivo\/","name":"Infocul.pt - Arquivo Digital","description":"Arquivo digital da Infocul.pt","publisher":{"@id":"https:\/\/infocul.pt\/arquivo\/#organization"},"potentialAction":[{"@type":"SearchAction","target":{"@type":"EntryPoint","urlTemplate":"https:\/\/infocul.pt\/arquivo\/?s={search_term_string}"},"query-input":{"@type":"PropertyValueSpecification","valueRequired":true,"valueName":"search_term_string"}}],"inLanguage":"pt-PT"},{"@type":"Organization","@id":"https:\/\/infocul.pt\/arquivo\/#organization","name":"Infocul.pt","url":"https:\/\/infocul.pt\/arquivo\/","logo":{"@type":"ImageObject","inLanguage":"pt-PT","@id":"https:\/\/infocul.pt\/arquivo\/#\/schema\/logo\/image\/","url":"https:\/\/infocul.pt\/arquivo\/wp-content\/uploads\/2018\/12\/Infocul_logo-1.png","contentUrl":"https:\/\/infocul.pt\/arquivo\/wp-content\/uploads\/2018\/12\/Infocul_logo-1.png","width":800,"height":800,"caption":"Infocul.pt"},"image":{"@id":"https:\/\/infocul.pt\/arquivo\/#\/schema\/logo\/image\/"},"sameAs":["https:\/\/www.facebook.com\/Infocul-147816815585015\/","https:\/\/x.com\/Infoculpt","http:\/\/www.pictaram.com\/user\/infocul.pt\/2370423710","https:\/\/www.youtube.com\/channel\/UCYEB91AGI9FL9ek2i_IaQAA"]},{"@type":"Person","@id":"https:\/\/infocul.pt\/arquivo\/#\/schema\/person\/f243f45ae8d67639120a7586884f3abc","name":"Redac\u00e7\u00e3o","image":{"@type":"ImageObject","inLanguage":"pt-PT","@id":"https:\/\/secure.gravatar.com\/avatar\/151b1b76c598ab5e749407223bd6c1bad4e41c4e95de3c3df83540ebee2deaf8?s=96&d=mm&r=g","url":"https:\/\/secure.gravatar.com\/avatar\/151b1b76c598ab5e749407223bd6c1bad4e41c4e95de3c3df83540ebee2deaf8?s=96&d=mm&r=g","contentUrl":"https:\/\/secure.gravatar.com\/avatar\/151b1b76c598ab5e749407223bd6c1bad4e41c4e95de3c3df83540ebee2deaf8?s=96&d=mm&r=g","caption":"Redac\u00e7\u00e3o"}}]}},"_links":{"self":[{"href":"https:\/\/infocul.pt\/arquivo\/wp-json\/wp\/v2\/posts\/68790","targetHints":{"allow":["GET"]}}],"collection":[{"href":"https:\/\/infocul.pt\/arquivo\/wp-json\/wp\/v2\/posts"}],"about":[{"href":"https:\/\/infocul.pt\/arquivo\/wp-json\/wp\/v2\/types\/post"}],"author":[{"embeddable":true,"href":"https:\/\/infocul.pt\/arquivo\/wp-json\/wp\/v2\/users\/13"}],"replies":[{"embeddable":true,"href":"https:\/\/infocul.pt\/arquivo\/wp-json\/wp\/v2\/comments?post=68790"}],"version-history":[{"count":0,"href":"https:\/\/infocul.pt\/arquivo\/wp-json\/wp\/v2\/posts\/68790\/revisions"}],"wp:featuredmedia":[{"embeddable":true,"href":"https:\/\/infocul.pt\/arquivo\/wp-json\/wp\/v2\/media\/68791"}],"wp:attachment":[{"href":"https:\/\/infocul.pt\/arquivo\/wp-json\/wp\/v2\/media?parent=68790"}],"wp:term":[{"taxonomy":"category","embeddable":true,"href":"https:\/\/infocul.pt\/arquivo\/wp-json\/wp\/v2\/categories?post=68790"},{"taxonomy":"post_tag","embeddable":true,"href":"https:\/\/infocul.pt\/arquivo\/wp-json\/wp\/v2\/tags?post=68790"}],"curies":[{"name":"wp","href":"https:\/\/api.w.org\/{rel}","templated":true}]}}