{"id":69178,"date":"2020-04-01T13:58:34","date_gmt":"2020-04-01T12:58:34","guid":{"rendered":"https:\/\/infocul.pt\/?p=69178"},"modified":"2020-04-01T13:59:54","modified_gmt":"2020-04-01T12:59:54","slug":"syro-como-artista-honestamente-acho-que-nunca-estive-tao-organizado-e-tao-produtivo-como-agora","status":"publish","type":"post","link":"https:\/\/infocul.pt\/arquivo\/cultura\/syro-como-artista-honestamente-acho-que-nunca-estive-tao-organizado-e-tao-produtivo-como-agora\/","title":{"rendered":"Syro: \u201c Como artista, honestamente, acho que nunca estive t\u00e3o organizado e t\u00e3o produtivo como agora\u201d"},"content":{"rendered":"<figure id=\"attachment_69179\" aria-describedby=\"caption-attachment-69179\" style=\"width: 640px\" class=\"wp-caption aligncenter\"><img decoding=\"async\" class=\"wp-image-69179 size-full lazyload\" data-src=\"https:\/\/infocul.pt\/arquivo\/wp-content\/uploads\/2020\/04\/90898396_1391026317766828_4554201175410343936_n.jpg\" alt=\"\" width=\"640\" height=\"960\" data-srcset=\"https:\/\/infocul.pt\/arquivo\/wp-content\/uploads\/2020\/04\/90898396_1391026317766828_4554201175410343936_n.jpg 640w, https:\/\/infocul.pt\/arquivo\/wp-content\/uploads\/2020\/04\/90898396_1391026317766828_4554201175410343936_n-200x300.jpg 200w\" data-sizes=\"(max-width: 640px) 100vw, 640px\" src=\"data:image\/svg+xml;base64,PHN2ZyB3aWR0aD0iMSIgaGVpZ2h0PSIxIiB4bWxucz0iaHR0cDovL3d3dy53My5vcmcvMjAwMC9zdmciPjwvc3ZnPg==\" style=\"--smush-placeholder-width: 640px; --smush-placeholder-aspect-ratio: 640\/960;\" \/><figcaption id=\"caption-attachment-69179\" class=\"wp-caption-text\">D.R.<\/figcaption><\/figure>\n<p><span style=\"font-size: medium;\"><span style=\"color: #222222;\"><span style=\"font-family: Liberation Serif, serif;\">O <\/span><\/span><span style=\"color: #222222;\">m\u00fasico Syro concedeu uma entrevista ao Infocul.pt, em pleno per\u00edodo de isolamento social e Estado de Emerg\u00eancia, na qual aborda os cancelamentos de espect\u00e1culos, a forma como est\u00e1 a encarar este per\u00edodo excepcional na nossa hist\u00f3ria e ainda a forma, totalmente inesperada e imprevis\u00edvel, como estamos a (re)aprender a viver.<\/span><\/span><!--more--><\/p>\n<p><span style=\"font-size: medium;\"><i><span style=\"color: #222222;\"><span style=\"font-family: Liberation Serif, serif;\">Syro, come\u00e7o por questionar como est\u00e1 a ser vivida esta fase de pandemia e qual o estado emocional que isto provoca em si, enquanto cidad\u00e3o e enquanto artista?<\/span><\/span><\/i><\/span><\/p>\n<p><span style=\"font-family: Liberation Serif, serif;\"><span style=\"font-size: medium;\"><i><b><span style=\"color: #262626;\">Com muita calma, principalmente porque vivemos um per\u00edodo de muita tens\u00e3o, tanto a n\u00edvel social como a n\u00edvel pessoal e individual &#8211; as pessoas n\u00e3o est\u00e3o de todo habituadas nem preparadas para, sem aviso e de repente, terem de se isolar dentro de quatro paredes durante tempo indeterminado. E isso pode igualmente mexer com a sa\u00fade mental de cada um. Por isso \u00e9 que desde o in\u00edcio que fa\u00e7o e recomendo \u00e0s pessoas a manterem-se activas e em luta constante contra o f\u00e1cil sedentarismo &#8211; obriguem-se na mesma a ter bons hor\u00e1rios de sono, uma boa alimenta\u00e7\u00e3o, horas determinadas para trabalhar, para exerc\u00edcio f\u00edsico (que \u00e9 poss\u00edvel em casa, desenganem-se!), para o lazer, etc. Se t\u00eam um quintal, uma varanda, uma janela, exponham-se ao sol, apanhem ar na mesma. Mas acima de tudo olhem para toda esta situa\u00e7\u00e3o como um esfor\u00e7o colectivo e necess\u00e1rio para que juntos a ultrapassemos. Como artista, honestamente, acho que nunca estive t\u00e3o organizado e t\u00e3o produtivo como agora. Felizmente consegui centralizar todo o meu trabalho para o meu \u00b4work spot\u00b4 a partir de casa e j\u00e1 n\u00e3o perco tempo a saltar de est\u00fadio em est\u00fadio, em desloca\u00e7\u00f5es, em tr\u00e2nsito, etc. Tenho sim \u00e9 muita vontade e saudades de pisar palco novamente, mas tenho a certeza que em breve, e se todos rumarmos na mesma direc\u00e7\u00e3o, os concertos retomar\u00e3o e as nossas vidas tamb\u00e9m.<\/span><\/b><\/i><\/span><\/span><\/p>\n<p>&nbsp;<\/p>\n<p><span style=\"color: #262626;\"><span style=\"font-family: Liberation Serif, serif;\"><span style=\"font-size: medium;\"><i>Uma das situa\u00e7\u00f5es mais abordadas ultimamente tem sido a precariedade da classe art\u00edstica e o facto de os agentes do meio cultural terem ficado com o seu trabalho todo cancelado (ou adiado em alguns casos\u2026). No caso de Syro, quantos concertos teve cancelados ou adiados e qual o preju\u00edzo financeiro para j\u00e1?<\/i><\/span><\/span><\/span><\/p>\n<p><i><span style=\"font-family: 'Liberation Serif', serif; font-size: medium; color: #262626;\"><b>\u00c9 uma realidade. Todos n\u00f3s estamos a ser afectados pela necessidade de nos isolarmos e adiarmos\/cessarmos a nossa <\/b><\/span><span style=\"color: #262626; font-family: Liberation Serif, serif; font-size: medium;\"><b>actividade<\/b><\/span><span style=\"font-family: 'Liberation Serif', serif; font-size: medium; color: #262626;\"><b>. E no nosso caso em particular que vivemos em grande parte das receitas de concertos, n\u00f3s m\u00fasicos, t\u00e9cnicos e engenheiros, roadies, agentes, entre muitos outros envolvidos na produ\u00e7\u00e3o de um espect\u00e1culo de m\u00fasica ao vivo, estamos a atravessar um deserto sem qualquer tipo de garantias e com muita dificuldade de subsist\u00eancia. No meu caso em particular ainda \u00e9 dif\u00edcil precisar o preju\u00edzo at\u00e9 \u00e0 data, visto que a maioria do meu trabalho ao vivo est\u00e1 agendado e focado nos eventos de ver\u00e3o e em diante. Portanto s\u00f3 me resta esperar e querer muito que tudo retome \u00e0 normalidade antes deste per\u00edodo em que as festividades s\u00e3o de maior aflu\u00eancia. Fiquem em casa, o isolamento \u00e9 a \u00fanica solu\u00e7\u00e3o &#8211; agora, ou mais tarde em escala maior, pior e com mais consequ\u00eancias.<\/b><\/span><\/i><\/p>\n<p>&nbsp;<\/p>\n<p><span style=\"color: #262626;\"><span style=\"font-family: Liberation Serif, serif;\"><span style=\"font-size: medium;\"><i>Em termos discogr\u00e1ficos ou de lan\u00e7amento de singles houve tamb\u00e9m algum reagendamento, face ao inicialmente previsto?<\/i><\/span><\/span><\/span><\/p>\n<p><span style=\"font-family: Liberation Serif, serif;\"><span style=\"font-size: medium;\"><i><b><span style=\"color: #000000;\">Pelo contr\u00e1rio. Como disse, nunca tive tanto tempo para me focar \u201capenas\u201d na cria\u00e7\u00e3o e composi\u00e7\u00e3o de m\u00fasica. Portanto \u00e9 bem prov\u00e1vel que at\u00e9 saia m\u00fasica nova antes do previsto.<\/span><\/b><\/i><\/span><\/span><\/p>\n<p>&nbsp;<\/p>\n<p><i><span style=\"color: #262626; font-family: Liberation Serif, serif; font-size: medium;\">V\u00e1rios colegas t\u00eam feito showcases em directo\u00a0nas redes sociais. O que pensa sobre isto e pergunto se ir\u00e1 tamb\u00e9m aderir a esta ac\u00e7\u00e3o?<\/span><\/i><\/p>\n<p><span style=\"font-family: Liberation Serif, serif;\"><span style=\"font-size: medium;\"><i><b><span style=\"color: #262626;\">Acho muito bem. N\u00f3s, que nos fazemos valer das nossas val\u00eancias art\u00edsticas, temos quase o dever de contribuirmos para o bem maior e social. No fim de contas \u00e9 para isso que fazemos o que fazemos: para ocupar um espa\u00e7o positivo na vida das pessoas, para as transportarmos para um s\u00edtio melhor ou transmitirmos sensa\u00e7\u00f5es. E espero que as pessoas cedam um bocadinho do seu tempo de pensamento para avaliarem e reconhecerem a import\u00e2ncia que a arte tem no seu dia-a-dia, que existimos em praticamente todas as realidades do quotidiano e que sem n\u00f3s muita coisa n\u00e3o faria sentido ou seria at\u00e9 insuport\u00e1vel. Mas apelo tamb\u00e9m aos artistas para se reinventarem e serem exactamente aquilo que s\u00e3o: criativos. O facto de um directo nas redes sociais ser uma ferramenta acess\u00edvel a todas as faixas et\u00e1rias e g\u00e9nero de pessoa fez tamb\u00e9m com que esta possibilidade fosse saturada ao extremo. Nada contra o entretenimento virtual, muito pelo contr\u00e1rio e eu pr\u00f3prio fa\u00e7o quest\u00e3o de o fazer e manter viva a minha rela\u00e7\u00e3o com quem gosta de me ouvir, mas sejam criativos, n\u00e3o fa\u00e7am todos a mesma coisa &#8211; pensem, inovem! Somos artistas. Costumo dizer que adoro arroz, mas comer arroz todos os dias n\u00e3o tem piada nenhuma.<\/span><\/b><\/i><\/span><\/span><\/p>\n<p>&nbsp;<\/p>\n<p><span style=\"color: #262626;\"><span style=\"font-family: Liberation Serif, serif;\"><span style=\"font-size: medium;\"><i>A t\u00edtulo pessoal, isto f\u00ea-lo pensar em alguns valores ou ac\u00e7\u00f5es mais espec\u00edficas?<\/i><\/span><\/span><\/span><\/p>\n<p><span style=\"font-family: Liberation Serif, serif;\"><span style=\"font-size: medium;\"><i><b><span style=\"color: #000000;\">Sim. Dou por mim a lembrar e desejar pequenos gestos ou momentos que antes eram tomados como garantidos, como o simples facto de ver um amigo, ir ao cinema, passear e apanhar sol, e que agora n\u00e3o podem acontecer.<\/span><\/b><\/i><\/span><\/span><\/p>\n<p>&nbsp;<\/p>\n<p><span style=\"color: #262626;\"><span style=\"font-family: Liberation Serif, serif;\"><span style=\"font-size: medium;\"><i>Acha que as pessoas passar\u00e3o a valorizar as coisas simples, de forma mais regular e n\u00e3o apenas em situa\u00e7\u00f5es excepcionais?<\/i><\/span><\/span><\/span><\/p>\n<p><span style=\"font-family: Liberation Serif, serif;\"><span style=\"font-size: medium;\"><i><b><span style=\"color: #000000;\">Sem d\u00favida. Apesar de toda esta situa\u00e7\u00e3o negra e cheia de contras, eu tamb\u00e9m consigo pensar em alguns pr\u00f3s. O planeta, por exemplo, tornou-se em pouco tempo um s\u00edtio mais agrad\u00e1vel de se habitar e acredito que as pessoas ir\u00e3o valorizar e dar mais relev\u00e2ncia \u00e0s pequenas coisas, desde a quest\u00e3o inter-relacional \u00e0 quest\u00e3o material.<\/span><\/b><\/i><\/span><\/span><\/p>\n<p>&nbsp;<\/p>\n<p><span style=\"color: #262626;\"><span style=\"font-family: Liberation Serif, serif;\"><span style=\"font-size: medium;\"><i>Em termos culturais, teme que maior parte dos artistas, produtoras e demais agentes possam n\u00e3o conseguir aguentar?<\/i><\/span><\/span><\/span><\/p>\n<p><span style=\"font-family: Liberation Serif, serif;\"><span style=\"font-size: medium;\"><i><b><span style=\"color: #000000;\">Eu fa\u00e7o muita quest\u00e3o de querer acreditar na intelig\u00eancia colectiva, desde o singular cidad\u00e3o \u00e0 massa social, e quero depositar a minha confian\u00e7a em quem nos representa no que toca a decis\u00f5es governamentais. E como tal quero tamb\u00e9m igualmente acreditar que todos juntos encontraremos uma solu\u00e7\u00e3o funcional para o nosso sector de actividade.<\/span><\/b><\/i><\/span><\/span><\/p>\n<p>&nbsp;<\/p>\n<p><span style=\"color: #262626;\"><span style=\"font-family: Liberation Serif, serif;\"><span style=\"font-size: medium;\"><i>Durante esta pandemia, e dado o actual estado de emerg\u00eancia, houve alguma situa\u00e7\u00e3o que destaque ou que tenha presenciado e queira chamar a aten\u00e7\u00e3o?<\/i><\/span><\/span><\/span><\/p>\n<p><span style=\"font-family: Liberation Serif, serif;\"><span style=\"font-size: medium;\"><i><b><span style=\"color: #262626;\">Aproveito novamente para apelar ao bom senso comum, principalmente \u00e0queles que se insistem \u201cintoc\u00e1veis\u201d por este v\u00edrus &#8211; alguns podem, de facto, apanhar o v\u00edrus e facilmente recuperar, mas o vosso vizinho, os vossos amigos, irm\u00e3os, pais, av\u00f3s, podem n\u00e3o ter a mesma sorte ao terem contacto convosco &#8211; n\u00e3o pensem em voc\u00eas como um terminal, mas sim como um ve\u00edculo disseminador da doen\u00e7a. Fiquem em casa.<\/span><\/b><\/i><\/span><\/span><\/p>\n<p>&nbsp;<\/p>\n<p><span style=\"color: #262626;\"><span style=\"font-family: Liberation Serif, serif;\"><span style=\"font-size: medium;\"><i>As redes sociais assumem papel de destaque nesta fase. Est\u00e1 a dedicar mais tempo a elas? Onde poder\u00e1 o p\u00fablico interagir consigo?<\/i><\/span><\/span><\/span><\/p>\n<p><span style=\"font-family: Liberation Serif, serif;\"><span style=\"font-size: medium;\"><span style=\"color: #262626;\"><i><b>Claro, por mim e pelos que est\u00e3o tamb\u00e9m do outro lado. \u00c9 a altura perfeita para se ser original e as redes sociais s\u00e3o a melhor ferramenta ao nosso dispor para estarmos juntos, separados. Conseguem encontrar-me em qualquer rede social se pesquisarem por SYRO, ou pelo nickname @syromusic<\/b><\/i><\/span><span style=\"color: #262626;\">.<\/span><\/span><\/span><\/p>\n","protected":false},"excerpt":{"rendered":"<p>O m\u00fasico Syro concedeu uma entrevista ao Infocul.pt, em pleno per\u00edodo de isolamento social e Estado de Emerg\u00eancia, na qual aborda os cancelamentos de espect\u00e1culos, a forma como est\u00e1 a encarar este per\u00edodo excepcional na nossa hist\u00f3ria e ainda a forma, totalmente inesperada e imprevis\u00edvel, como estamos a (re)aprender a viver.<\/p>\n","protected":false},"author":2,"featured_media":69179,"comment_status":"open","ping_status":"closed","sticky":false,"template":"","format":"standard","meta":{"footnotes":""},"categories":[2,36,4124,9],"tags":[8965,8966,7066],"class_list":["post-69178","post","type-post","status-publish","format-standard","has-post-thumbnail","hentry","category-cultura","category-destaque","category-entrevistas","category-outros","tag-coronavirus","tag-covid-19","tag-syro"],"yoast_head":"<!-- This site is optimized with the Yoast SEO plugin v27.4 - https:\/\/yoast.com\/product\/yoast-seo-wordpress\/ -->\n<title>Syro: \u201c Como artista, honestamente, acho que nunca estive t\u00e3o organizado e t\u00e3o produtivo como agora\u201d | Infocul.pt - Arquivo Digital<\/title>\n<meta name=\"description\" content=\"Syro: \u201c Como artista, honestamente, acho que nunca estive t\u00e3o organizado e t\u00e3o produtivo como agora\u201d | Infocul.pt - Arquivo Digital\" \/>\n<meta name=\"robots\" content=\"noindex, follow, max-snippet:-1, max-image-preview:large, max-video-preview:-1\" \/>\n<meta property=\"og:locale\" content=\"pt_PT\" \/>\n<meta property=\"og:type\" content=\"article\" \/>\n<meta property=\"og:title\" content=\"Syro: \u201c Como artista, honestamente, acho que nunca estive t\u00e3o organizado e t\u00e3o produtivo como agora\u201d | Infocul.pt - Arquivo Digital\" \/>\n<meta property=\"og:description\" content=\"Syro: \u201c Como artista, honestamente, acho que nunca estive t\u00e3o organizado e t\u00e3o produtivo como agora\u201d | Infocul.pt - Arquivo Digital\" \/>\n<meta property=\"og:url\" content=\"https:\/\/infocul.pt\/arquivo\/cultura\/syro-como-artista-honestamente-acho-que-nunca-estive-tao-organizado-e-tao-produtivo-como-agora\/\" \/>\n<meta property=\"og:site_name\" content=\"Infocul.pt - Arquivo Digital\" \/>\n<meta property=\"article:publisher\" content=\"https:\/\/www.facebook.com\/Infocul-147816815585015\/\" \/>\n<meta property=\"article:published_time\" content=\"2020-04-01T12:58:34+00:00\" \/>\n<meta property=\"article:modified_time\" content=\"2020-04-01T12:59:54+00:00\" \/>\n<meta property=\"og:image\" content=\"https:\/\/infocul.pt\/arquivo\/wp-content\/uploads\/2020\/04\/90898396_1391026317766828_4554201175410343936_n.jpg\" \/>\n\t<meta property=\"og:image:width\" content=\"640\" \/>\n\t<meta property=\"og:image:height\" content=\"960\" \/>\n\t<meta property=\"og:image:type\" content=\"image\/jpeg\" \/>\n<meta name=\"author\" content=\"Rui Lavrador\" \/>\n<meta name=\"twitter:card\" content=\"summary_large_image\" \/>\n<meta name=\"twitter:creator\" content=\"@Infoculpt\" \/>\n<meta name=\"twitter:site\" content=\"@Infoculpt\" \/>\n<meta name=\"twitter:label1\" content=\"Escrito por\" \/>\n\t<meta name=\"twitter:data1\" content=\"Rui Lavrador\" \/>\n\t<meta name=\"twitter:label2\" content=\"Tempo estimado de leitura\" \/>\n\t<meta name=\"twitter:data2\" content=\"6 minutos\" \/>\n<script type=\"application\/ld+json\" class=\"yoast-schema-graph\">{\"@context\":\"https:\\\/\\\/schema.org\",\"@graph\":[{\"@type\":\"Article\",\"@id\":\"https:\\\/\\\/infocul.pt\\\/arquivo\\\/cultura\\\/syro-como-artista-honestamente-acho-que-nunca-estive-tao-organizado-e-tao-produtivo-como-agora\\\/#article\",\"isPartOf\":{\"@id\":\"https:\\\/\\\/infocul.pt\\\/arquivo\\\/cultura\\\/syro-como-artista-honestamente-acho-que-nunca-estive-tao-organizado-e-tao-produtivo-como-agora\\\/\"},\"author\":{\"name\":\"Rui Lavrador\",\"@id\":\"https:\\\/\\\/infocul.pt\\\/arquivo\\\/#\\\/schema\\\/person\\\/060a108d7f2d85fc6aae505119ee5234\"},\"headline\":\"Syro: \u201c Como artista, honestamente, acho que nunca estive t\u00e3o organizado e t\u00e3o produtivo como agora\u201d\",\"datePublished\":\"2020-04-01T12:58:34+00:00\",\"dateModified\":\"2020-04-01T12:59:54+00:00\",\"mainEntityOfPage\":{\"@id\":\"https:\\\/\\\/infocul.pt\\\/arquivo\\\/cultura\\\/syro-como-artista-honestamente-acho-que-nunca-estive-tao-organizado-e-tao-produtivo-como-agora\\\/\"},\"wordCount\":1305,\"commentCount\":0,\"publisher\":{\"@id\":\"https:\\\/\\\/infocul.pt\\\/arquivo\\\/#organization\"},\"image\":{\"@id\":\"https:\\\/\\\/infocul.pt\\\/arquivo\\\/cultura\\\/syro-como-artista-honestamente-acho-que-nunca-estive-tao-organizado-e-tao-produtivo-como-agora\\\/#primaryimage\"},\"thumbnailUrl\":\"https:\\\/\\\/infocul.pt\\\/arquivo\\\/wp-content\\\/uploads\\\/2020\\\/04\\\/90898396_1391026317766828_4554201175410343936_n.jpg\",\"keywords\":[\"Coronav\u00edrus\",\"Covid-19\",\"SYRO\"],\"articleSection\":[\"Cultura\",\"Destaque\",\"Entrevistas\",\"Outros\"],\"inLanguage\":\"pt-PT\"},{\"@type\":\"WebPage\",\"@id\":\"https:\\\/\\\/infocul.pt\\\/arquivo\\\/cultura\\\/syro-como-artista-honestamente-acho-que-nunca-estive-tao-organizado-e-tao-produtivo-como-agora\\\/\",\"url\":\"https:\\\/\\\/infocul.pt\\\/arquivo\\\/cultura\\\/syro-como-artista-honestamente-acho-que-nunca-estive-tao-organizado-e-tao-produtivo-como-agora\\\/\",\"name\":\"Syro: \u201c Como artista, honestamente, acho que nunca estive t\u00e3o organizado e t\u00e3o produtivo como agora\u201d | Infocul.pt - Arquivo Digital\",\"isPartOf\":{\"@id\":\"https:\\\/\\\/infocul.pt\\\/arquivo\\\/#website\"},\"primaryImageOfPage\":{\"@id\":\"https:\\\/\\\/infocul.pt\\\/arquivo\\\/cultura\\\/syro-como-artista-honestamente-acho-que-nunca-estive-tao-organizado-e-tao-produtivo-como-agora\\\/#primaryimage\"},\"image\":{\"@id\":\"https:\\\/\\\/infocul.pt\\\/arquivo\\\/cultura\\\/syro-como-artista-honestamente-acho-que-nunca-estive-tao-organizado-e-tao-produtivo-como-agora\\\/#primaryimage\"},\"thumbnailUrl\":\"https:\\\/\\\/infocul.pt\\\/arquivo\\\/wp-content\\\/uploads\\\/2020\\\/04\\\/90898396_1391026317766828_4554201175410343936_n.jpg\",\"datePublished\":\"2020-04-01T12:58:34+00:00\",\"dateModified\":\"2020-04-01T12:59:54+00:00\",\"description\":\"Syro: \u201c Como artista, honestamente, acho que nunca estive t\u00e3o organizado e t\u00e3o produtivo como agora\u201d | Infocul.pt - Arquivo Digital\",\"breadcrumb\":{\"@id\":\"https:\\\/\\\/infocul.pt\\\/arquivo\\\/cultura\\\/syro-como-artista-honestamente-acho-que-nunca-estive-tao-organizado-e-tao-produtivo-como-agora\\\/#breadcrumb\"},\"inLanguage\":\"pt-PT\",\"potentialAction\":[{\"@type\":\"ReadAction\",\"target\":[\"https:\\\/\\\/infocul.pt\\\/arquivo\\\/cultura\\\/syro-como-artista-honestamente-acho-que-nunca-estive-tao-organizado-e-tao-produtivo-como-agora\\\/\"]}]},{\"@type\":\"ImageObject\",\"inLanguage\":\"pt-PT\",\"@id\":\"https:\\\/\\\/infocul.pt\\\/arquivo\\\/cultura\\\/syro-como-artista-honestamente-acho-que-nunca-estive-tao-organizado-e-tao-produtivo-como-agora\\\/#primaryimage\",\"url\":\"https:\\\/\\\/infocul.pt\\\/arquivo\\\/wp-content\\\/uploads\\\/2020\\\/04\\\/90898396_1391026317766828_4554201175410343936_n.jpg\",\"contentUrl\":\"https:\\\/\\\/infocul.pt\\\/arquivo\\\/wp-content\\\/uploads\\\/2020\\\/04\\\/90898396_1391026317766828_4554201175410343936_n.jpg\",\"width\":640,\"height\":960},{\"@type\":\"BreadcrumbList\",\"@id\":\"https:\\\/\\\/infocul.pt\\\/arquivo\\\/cultura\\\/syro-como-artista-honestamente-acho-que-nunca-estive-tao-organizado-e-tao-produtivo-como-agora\\\/#breadcrumb\",\"itemListElement\":[{\"@type\":\"ListItem\",\"position\":1,\"name\":\"Home\",\"item\":\"https:\\\/\\\/infocul.pt\\\/arquivo\\\/\"},{\"@type\":\"ListItem\",\"position\":2,\"name\":\"Syro: \u201c Como artista, honestamente, acho que nunca estive t\u00e3o organizado e t\u00e3o produtivo como agora\u201d\"}]},{\"@type\":\"WebSite\",\"@id\":\"https:\\\/\\\/infocul.pt\\\/arquivo\\\/#website\",\"url\":\"https:\\\/\\\/infocul.pt\\\/arquivo\\\/\",\"name\":\"Infocul.pt - Arquivo Digital\",\"description\":\"Arquivo digital da Infocul.pt\",\"publisher\":{\"@id\":\"https:\\\/\\\/infocul.pt\\\/arquivo\\\/#organization\"},\"potentialAction\":[{\"@type\":\"SearchAction\",\"target\":{\"@type\":\"EntryPoint\",\"urlTemplate\":\"https:\\\/\\\/infocul.pt\\\/arquivo\\\/?s={search_term_string}\"},\"query-input\":{\"@type\":\"PropertyValueSpecification\",\"valueRequired\":true,\"valueName\":\"search_term_string\"}}],\"inLanguage\":\"pt-PT\"},{\"@type\":\"Organization\",\"@id\":\"https:\\\/\\\/infocul.pt\\\/arquivo\\\/#organization\",\"name\":\"Infocul.pt\",\"url\":\"https:\\\/\\\/infocul.pt\\\/arquivo\\\/\",\"logo\":{\"@type\":\"ImageObject\",\"inLanguage\":\"pt-PT\",\"@id\":\"https:\\\/\\\/infocul.pt\\\/arquivo\\\/#\\\/schema\\\/logo\\\/image\\\/\",\"url\":\"https:\\\/\\\/infocul.pt\\\/arquivo\\\/wp-content\\\/uploads\\\/2018\\\/12\\\/Infocul_logo-1.png\",\"contentUrl\":\"https:\\\/\\\/infocul.pt\\\/arquivo\\\/wp-content\\\/uploads\\\/2018\\\/12\\\/Infocul_logo-1.png\",\"width\":800,\"height\":800,\"caption\":\"Infocul.pt\"},\"image\":{\"@id\":\"https:\\\/\\\/infocul.pt\\\/arquivo\\\/#\\\/schema\\\/logo\\\/image\\\/\"},\"sameAs\":[\"https:\\\/\\\/www.facebook.com\\\/Infocul-147816815585015\\\/\",\"https:\\\/\\\/x.com\\\/Infoculpt\",\"http:\\\/\\\/www.pictaram.com\\\/user\\\/infocul.pt\\\/2370423710\",\"https:\\\/\\\/www.youtube.com\\\/channel\\\/UCYEB91AGI9FL9ek2i_IaQAA\"]},{\"@type\":\"Person\",\"@id\":\"https:\\\/\\\/infocul.pt\\\/arquivo\\\/#\\\/schema\\\/person\\\/060a108d7f2d85fc6aae505119ee5234\",\"name\":\"Rui Lavrador\",\"image\":{\"@type\":\"ImageObject\",\"inLanguage\":\"pt-PT\",\"@id\":\"https:\\\/\\\/secure.gravatar.com\\\/avatar\\\/93febd6873394aa8e975148548a0cb203acfdd42d2c85c5f1408e1a76678aece?s=96&d=mm&r=g\",\"url\":\"https:\\\/\\\/secure.gravatar.com\\\/avatar\\\/93febd6873394aa8e975148548a0cb203acfdd42d2c85c5f1408e1a76678aece?s=96&d=mm&r=g\",\"contentUrl\":\"https:\\\/\\\/secure.gravatar.com\\\/avatar\\\/93febd6873394aa8e975148548a0cb203acfdd42d2c85c5f1408e1a76678aece?s=96&d=mm&r=g\",\"caption\":\"Rui Lavrador\"},\"description\":\"Iniciou em 2011 o seu percurso em comunica\u00e7\u00e3o social, tendo integrado v\u00e1rios projectos editoriais. Durante o seu percurso integrou projectos como Jornal Hardm\u00fasica, LusoNot\u00edcias, Toureio.pt, ODigital.pt, entre outros \u00d3rg\u00e3os de Comunica\u00e7\u00e3o Social nacionais, na redac\u00e7\u00e3o de v\u00e1rios artigos. Entrevistou a grande maioria das personalidades mais importantes da vida social e cultural do pa\u00eds, destacando-se, tamb\u00e9m, na aprecia\u00e7\u00e3o de v\u00e1rios espect\u00e1culos. Durante o seu percurso, deu a conhecer v\u00e1rios artistas, at\u00e9 ent\u00e3o desconhecidos, ao grande p\u00fablico. Em 2015 criou e fundou o Infocul.pt, projecto no qual assume a direc\u00e7\u00e3o editorial.\",\"sameAs\":[\"http:\\\/\\\/www.infocul.pt\"]}]}<\/script>\n<!-- \/ Yoast SEO plugin. -->","yoast_head_json":{"title":"Syro: \u201c Como artista, honestamente, acho que nunca estive t\u00e3o organizado e t\u00e3o produtivo como agora\u201d | Infocul.pt - Arquivo Digital","description":"Syro: \u201c Como artista, honestamente, acho que nunca estive t\u00e3o organizado e t\u00e3o produtivo como agora\u201d | Infocul.pt - Arquivo Digital","robots":{"index":"noindex","follow":"follow","max-snippet":"max-snippet:-1","max-image-preview":"max-image-preview:large","max-video-preview":"max-video-preview:-1"},"og_locale":"pt_PT","og_type":"article","og_title":"Syro: \u201c Como artista, honestamente, acho que nunca estive t\u00e3o organizado e t\u00e3o produtivo como agora\u201d | Infocul.pt - Arquivo Digital","og_description":"Syro: \u201c Como artista, honestamente, acho que nunca estive t\u00e3o organizado e t\u00e3o produtivo como agora\u201d | Infocul.pt - Arquivo Digital","og_url":"https:\/\/infocul.pt\/arquivo\/cultura\/syro-como-artista-honestamente-acho-que-nunca-estive-tao-organizado-e-tao-produtivo-como-agora\/","og_site_name":"Infocul.pt - Arquivo Digital","article_publisher":"https:\/\/www.facebook.com\/Infocul-147816815585015\/","article_published_time":"2020-04-01T12:58:34+00:00","article_modified_time":"2020-04-01T12:59:54+00:00","og_image":[{"width":640,"height":960,"url":"https:\/\/infocul.pt\/arquivo\/wp-content\/uploads\/2020\/04\/90898396_1391026317766828_4554201175410343936_n.jpg","type":"image\/jpeg"}],"author":"Rui Lavrador","twitter_card":"summary_large_image","twitter_creator":"@Infoculpt","twitter_site":"@Infoculpt","twitter_misc":{"Escrito por":"Rui Lavrador","Tempo estimado de leitura":"6 minutos"},"schema":{"@context":"https:\/\/schema.org","@graph":[{"@type":"Article","@id":"https:\/\/infocul.pt\/arquivo\/cultura\/syro-como-artista-honestamente-acho-que-nunca-estive-tao-organizado-e-tao-produtivo-como-agora\/#article","isPartOf":{"@id":"https:\/\/infocul.pt\/arquivo\/cultura\/syro-como-artista-honestamente-acho-que-nunca-estive-tao-organizado-e-tao-produtivo-como-agora\/"},"author":{"name":"Rui Lavrador","@id":"https:\/\/infocul.pt\/arquivo\/#\/schema\/person\/060a108d7f2d85fc6aae505119ee5234"},"headline":"Syro: \u201c Como artista, honestamente, acho que nunca estive t\u00e3o organizado e t\u00e3o produtivo como agora\u201d","datePublished":"2020-04-01T12:58:34+00:00","dateModified":"2020-04-01T12:59:54+00:00","mainEntityOfPage":{"@id":"https:\/\/infocul.pt\/arquivo\/cultura\/syro-como-artista-honestamente-acho-que-nunca-estive-tao-organizado-e-tao-produtivo-como-agora\/"},"wordCount":1305,"commentCount":0,"publisher":{"@id":"https:\/\/infocul.pt\/arquivo\/#organization"},"image":{"@id":"https:\/\/infocul.pt\/arquivo\/cultura\/syro-como-artista-honestamente-acho-que-nunca-estive-tao-organizado-e-tao-produtivo-como-agora\/#primaryimage"},"thumbnailUrl":"https:\/\/infocul.pt\/arquivo\/wp-content\/uploads\/2020\/04\/90898396_1391026317766828_4554201175410343936_n.jpg","keywords":["Coronav\u00edrus","Covid-19","SYRO"],"articleSection":["Cultura","Destaque","Entrevistas","Outros"],"inLanguage":"pt-PT"},{"@type":"WebPage","@id":"https:\/\/infocul.pt\/arquivo\/cultura\/syro-como-artista-honestamente-acho-que-nunca-estive-tao-organizado-e-tao-produtivo-como-agora\/","url":"https:\/\/infocul.pt\/arquivo\/cultura\/syro-como-artista-honestamente-acho-que-nunca-estive-tao-organizado-e-tao-produtivo-como-agora\/","name":"Syro: \u201c Como artista, honestamente, acho que nunca estive t\u00e3o organizado e t\u00e3o produtivo como agora\u201d | Infocul.pt - Arquivo Digital","isPartOf":{"@id":"https:\/\/infocul.pt\/arquivo\/#website"},"primaryImageOfPage":{"@id":"https:\/\/infocul.pt\/arquivo\/cultura\/syro-como-artista-honestamente-acho-que-nunca-estive-tao-organizado-e-tao-produtivo-como-agora\/#primaryimage"},"image":{"@id":"https:\/\/infocul.pt\/arquivo\/cultura\/syro-como-artista-honestamente-acho-que-nunca-estive-tao-organizado-e-tao-produtivo-como-agora\/#primaryimage"},"thumbnailUrl":"https:\/\/infocul.pt\/arquivo\/wp-content\/uploads\/2020\/04\/90898396_1391026317766828_4554201175410343936_n.jpg","datePublished":"2020-04-01T12:58:34+00:00","dateModified":"2020-04-01T12:59:54+00:00","description":"Syro: \u201c Como artista, honestamente, acho que nunca estive t\u00e3o organizado e t\u00e3o produtivo como agora\u201d | Infocul.pt - Arquivo Digital","breadcrumb":{"@id":"https:\/\/infocul.pt\/arquivo\/cultura\/syro-como-artista-honestamente-acho-que-nunca-estive-tao-organizado-e-tao-produtivo-como-agora\/#breadcrumb"},"inLanguage":"pt-PT","potentialAction":[{"@type":"ReadAction","target":["https:\/\/infocul.pt\/arquivo\/cultura\/syro-como-artista-honestamente-acho-que-nunca-estive-tao-organizado-e-tao-produtivo-como-agora\/"]}]},{"@type":"ImageObject","inLanguage":"pt-PT","@id":"https:\/\/infocul.pt\/arquivo\/cultura\/syro-como-artista-honestamente-acho-que-nunca-estive-tao-organizado-e-tao-produtivo-como-agora\/#primaryimage","url":"https:\/\/infocul.pt\/arquivo\/wp-content\/uploads\/2020\/04\/90898396_1391026317766828_4554201175410343936_n.jpg","contentUrl":"https:\/\/infocul.pt\/arquivo\/wp-content\/uploads\/2020\/04\/90898396_1391026317766828_4554201175410343936_n.jpg","width":640,"height":960},{"@type":"BreadcrumbList","@id":"https:\/\/infocul.pt\/arquivo\/cultura\/syro-como-artista-honestamente-acho-que-nunca-estive-tao-organizado-e-tao-produtivo-como-agora\/#breadcrumb","itemListElement":[{"@type":"ListItem","position":1,"name":"Home","item":"https:\/\/infocul.pt\/arquivo\/"},{"@type":"ListItem","position":2,"name":"Syro: \u201c Como artista, honestamente, acho que nunca estive t\u00e3o organizado e t\u00e3o produtivo como agora\u201d"}]},{"@type":"WebSite","@id":"https:\/\/infocul.pt\/arquivo\/#website","url":"https:\/\/infocul.pt\/arquivo\/","name":"Infocul.pt - Arquivo Digital","description":"Arquivo digital da Infocul.pt","publisher":{"@id":"https:\/\/infocul.pt\/arquivo\/#organization"},"potentialAction":[{"@type":"SearchAction","target":{"@type":"EntryPoint","urlTemplate":"https:\/\/infocul.pt\/arquivo\/?s={search_term_string}"},"query-input":{"@type":"PropertyValueSpecification","valueRequired":true,"valueName":"search_term_string"}}],"inLanguage":"pt-PT"},{"@type":"Organization","@id":"https:\/\/infocul.pt\/arquivo\/#organization","name":"Infocul.pt","url":"https:\/\/infocul.pt\/arquivo\/","logo":{"@type":"ImageObject","inLanguage":"pt-PT","@id":"https:\/\/infocul.pt\/arquivo\/#\/schema\/logo\/image\/","url":"https:\/\/infocul.pt\/arquivo\/wp-content\/uploads\/2018\/12\/Infocul_logo-1.png","contentUrl":"https:\/\/infocul.pt\/arquivo\/wp-content\/uploads\/2018\/12\/Infocul_logo-1.png","width":800,"height":800,"caption":"Infocul.pt"},"image":{"@id":"https:\/\/infocul.pt\/arquivo\/#\/schema\/logo\/image\/"},"sameAs":["https:\/\/www.facebook.com\/Infocul-147816815585015\/","https:\/\/x.com\/Infoculpt","http:\/\/www.pictaram.com\/user\/infocul.pt\/2370423710","https:\/\/www.youtube.com\/channel\/UCYEB91AGI9FL9ek2i_IaQAA"]},{"@type":"Person","@id":"https:\/\/infocul.pt\/arquivo\/#\/schema\/person\/060a108d7f2d85fc6aae505119ee5234","name":"Rui Lavrador","image":{"@type":"ImageObject","inLanguage":"pt-PT","@id":"https:\/\/secure.gravatar.com\/avatar\/93febd6873394aa8e975148548a0cb203acfdd42d2c85c5f1408e1a76678aece?s=96&d=mm&r=g","url":"https:\/\/secure.gravatar.com\/avatar\/93febd6873394aa8e975148548a0cb203acfdd42d2c85c5f1408e1a76678aece?s=96&d=mm&r=g","contentUrl":"https:\/\/secure.gravatar.com\/avatar\/93febd6873394aa8e975148548a0cb203acfdd42d2c85c5f1408e1a76678aece?s=96&d=mm&r=g","caption":"Rui Lavrador"},"description":"Iniciou em 2011 o seu percurso em comunica\u00e7\u00e3o social, tendo integrado v\u00e1rios projectos editoriais. Durante o seu percurso integrou projectos como Jornal Hardm\u00fasica, LusoNot\u00edcias, Toureio.pt, ODigital.pt, entre outros \u00d3rg\u00e3os de Comunica\u00e7\u00e3o Social nacionais, na redac\u00e7\u00e3o de v\u00e1rios artigos. Entrevistou a grande maioria das personalidades mais importantes da vida social e cultural do pa\u00eds, destacando-se, tamb\u00e9m, na aprecia\u00e7\u00e3o de v\u00e1rios espect\u00e1culos. Durante o seu percurso, deu a conhecer v\u00e1rios artistas, at\u00e9 ent\u00e3o desconhecidos, ao grande p\u00fablico. Em 2015 criou e fundou o Infocul.pt, projecto no qual assume a direc\u00e7\u00e3o editorial.","sameAs":["http:\/\/www.infocul.pt"]}]}},"_links":{"self":[{"href":"https:\/\/infocul.pt\/arquivo\/wp-json\/wp\/v2\/posts\/69178","targetHints":{"allow":["GET"]}}],"collection":[{"href":"https:\/\/infocul.pt\/arquivo\/wp-json\/wp\/v2\/posts"}],"about":[{"href":"https:\/\/infocul.pt\/arquivo\/wp-json\/wp\/v2\/types\/post"}],"author":[{"embeddable":true,"href":"https:\/\/infocul.pt\/arquivo\/wp-json\/wp\/v2\/users\/2"}],"replies":[{"embeddable":true,"href":"https:\/\/infocul.pt\/arquivo\/wp-json\/wp\/v2\/comments?post=69178"}],"version-history":[{"count":0,"href":"https:\/\/infocul.pt\/arquivo\/wp-json\/wp\/v2\/posts\/69178\/revisions"}],"wp:featuredmedia":[{"embeddable":true,"href":"https:\/\/infocul.pt\/arquivo\/wp-json\/wp\/v2\/media\/69179"}],"wp:attachment":[{"href":"https:\/\/infocul.pt\/arquivo\/wp-json\/wp\/v2\/media?parent=69178"}],"wp:term":[{"taxonomy":"category","embeddable":true,"href":"https:\/\/infocul.pt\/arquivo\/wp-json\/wp\/v2\/categories?post=69178"},{"taxonomy":"post_tag","embeddable":true,"href":"https:\/\/infocul.pt\/arquivo\/wp-json\/wp\/v2\/tags?post=69178"}],"curies":[{"name":"wp","href":"https:\/\/api.w.org\/{rel}","templated":true}]}}