{"id":69499,"date":"2020-04-07T09:25:56","date_gmt":"2020-04-07T08:25:56","guid":{"rendered":"https:\/\/infocul.pt\/?p=69499"},"modified":"2020-04-07T09:25:56","modified_gmt":"2020-04-07T08:25:56","slug":"caminho-live-session-e-o-ep-de-martim-vicente-que-nos-revela-que-recebeu-um-nude-que-educadamente-bloqueei-com-aviso-previo","status":"publish","type":"post","link":"https:\/\/infocul.pt\/arquivo\/cultura\/caminho-live-session-e-o-ep-de-martim-vicente-que-nos-revela-que-recebeu-um-nude-que-educadamente-bloqueei-com-aviso-previo\/","title":{"rendered":"&#8220;Caminho Live Session&#8221; \u00e9 o EP de Martim Vicente que nos revela que recebeu &#8220;Um nude. Que educadamente bloqueei com aviso pr\u00e9vio&#8221;"},"content":{"rendered":"<p><img decoding=\"async\" class=\"aligncenter wp-image-69506 size-full lazyload\" data-src=\"https:\/\/infocul.pt\/arquivo\/wp-content\/uploads\/2020\/04\/U7cKZvhg.jpeg\" alt=\"\" width=\"960\" height=\"717\" data-srcset=\"https:\/\/infocul.pt\/arquivo\/wp-content\/uploads\/2020\/04\/U7cKZvhg.jpeg 960w, https:\/\/infocul.pt\/arquivo\/wp-content\/uploads\/2020\/04\/U7cKZvhg-300x224.jpeg 300w, https:\/\/infocul.pt\/arquivo\/wp-content\/uploads\/2020\/04\/U7cKZvhg-768x574.jpeg 768w\" data-sizes=\"(max-width: 960px) 100vw, 960px\" src=\"data:image\/svg+xml;base64,PHN2ZyB3aWR0aD0iMSIgaGVpZ2h0PSIxIiB4bWxucz0iaHR0cDovL3d3dy53My5vcmcvMjAwMC9zdmciPjwvc3ZnPg==\" style=\"--smush-placeholder-width: 960px; --smush-placeholder-aspect-ratio: 960\/717;\" \/><\/p>\n<p>\u201cCaminho Live Session\u201d \u00e9 o EP de Martim Vicente que, estando j\u00e1 dispon\u00edvel nas plataformas digitais, conta com Carolina Deslandes, Dino D\u2019Santiago e Jo\u00e3o Campos como convidados.<!--more--><\/p>\n<p>Martim Vicente conversou com o <a href=\"https:\/\/infocul.pt\/arquivo\/\" target=\"_blank\" rel=\"noopener noreferrer\">Infocul<\/a> e explicou a necessidade deste EP, que conta com 5 temas.<\/p>\n<p>Com este EP, Martim Vicente edita agora em formato digital, can\u00e7\u00f5es que at\u00e9 ent\u00e3o s\u00f3 era poss\u00edvel serem ouvidas atrav\u00e9s de v\u00eddeos no Youtube.<\/p>\n<p>Carolina Deslandes tem a sua participa\u00e7\u00e3o especial em \u201cEram Os Teus Olhos\u201d. A can\u00e7\u00e3o \u201cDia S\u00f3\u201d conta com Dino D\u2019Santiago, acompanhada pelo trio de fado composto por \u00c2ngelo Freire, Diogo Clemente e Marino Freitas. Jo\u00e3o Campos participa em \u201cMeu Amor de N\u00e3o Amor\u201d. Nos dois temas, que completam o disco, participam os m\u00fasicos Pedro Pity, N\u00e9lson Canoa, Guilha Marinho e Vicky Marques.<\/p>\n<p>&nbsp;<\/p>\n<p><span style=\"color: #000000;\"><span style=\"font-family: Liberation Serif, serif;\"><span style=\"font-size: medium;\"><b><span lang=\"pt-PT\">O que mudou entre o jovem que se deu a conhecer no programa \u00cddolos, em 2010, e o que agora apresenta o EP \u2018Caminho Live Session\u2019?<\/span><\/b><\/span><\/span><\/span><\/p>\n<p><span style=\"color: #222222;\"><span style=\"font-family: Liberation Serif, serif;\"><span style=\"font-size: medium;\"><i>Muita coisa obviamente. Com praticamente mais 10 anos em cima a maturidade emocional e musical penso ser o mais relevante. No \u00cddolos era um jovem convencido do que era \u00e0 procura de um bom desafio, agora sou um n\u00e3o t\u00e3o jovem convencido que a descoberta ser\u00e1 at\u00e9 ao fim da vida. Mas tudo com o mesmo grau de intensidade de h\u00e1 10 anos.<\/i><\/span><\/span><\/span><\/p>\n<p><span style=\"color: #000000;\"><span style=\"font-family: Liberation Serif, serif;\"><span style=\"font-size: medium;\"><b>Porqu\u00ea lan\u00e7ar este EP, depois de ter lan\u00e7ado um disco com o mesmo nome?<\/b><\/span><\/span><\/span><\/p>\n<p><span style=\"color: #222222;\"><span style=\"font-family: Liberation Serif, serif;\"><span style=\"font-size: medium;\"><i>Este EP nasce principalmente a pedido dos f\u00e3s. O CAMINHO Live Session era um projecto v\u00eddeo que apenas se apresentava pelo YouTube. O objectivo tinha sido aliar amigos de v\u00e1rias \u00e1reas \u00e0s m\u00fasicas que tinha lan\u00e7ado com uma componente visual muito forte (cen\u00e1rio, pintura, hist\u00f3ria, sociedade, etc.). Mas estas vers\u00f5es foram muito acarinhadas pelas pessoas com reac\u00e7\u00f5es que me emocionaram por vezes e muitos, muitos pedidos que elas n\u00e3o figurassem apenas no YouTube. As pessoas queriam-nas na m\u00e3o de uma forma mais pr\u00e1tica. Por isso a edi\u00e7\u00e3o em formato digital \u00e1udio deste projecto.<\/i><\/span><\/span><\/span><\/p>\n<p><iframe title=\"Martim Vicente - Caminho (CAMINHO LIVE SESSION)\" width=\"500\" height=\"281\" data-src=\"https:\/\/www.youtube.com\/embed\/S3bHAKi1_AI?feature=oembed\" frameborder=\"0\" allow=\"accelerometer; autoplay; clipboard-write; encrypted-media; gyroscope; picture-in-picture; web-share\" referrerpolicy=\"strict-origin-when-cross-origin\" allowfullscreen src=\"data:image\/svg+xml;base64,PHN2ZyB3aWR0aD0iMSIgaGVpZ2h0PSIxIiB4bWxucz0iaHR0cDovL3d3dy53My5vcmcvMjAwMC9zdmciPjwvc3ZnPg==\" class=\"lazyload\" data-load-mode=\"1\"><\/iframe><\/p>\n<p><span style=\"color: #000000;\"><span style=\"font-family: Liberation Serif, serif;\"><span style=\"font-size: medium;\"><b>Como est\u00e1 a adaptar-se a esta nova forma de viver em que n\u00e3o sa\u00edmos de casa a n\u00e3o ser pelas redes sociais?<\/b><\/span><\/span><\/span><\/p>\n<p><span style=\"color: #222222;\"><span style=\"font-family: Liberation Serif, serif;\"><span style=\"font-size: medium;\"><i>Muito bem para j\u00e1. T\u00eam apresentado alguns novos desafios. Eu n\u00e3o sou um dos casos de pessoas que n\u00e3o saem at\u00e9 \u00e0 rua h\u00e1 semanas porque estou a apoiar familiares que fazem parte dos grupos de risco. Por isso, todas as semanas tenho sa\u00eddo uma vez de casa. Mas tendo em conta o constante alerta quanto \u00e0 nossa protec\u00e7\u00e3o que tenho de ter fora de portas, sinceramente, as sa\u00eddas de casa n\u00e3o s\u00e3o de todo a minha parte favorita ou um desanuviar. <\/i><\/span><\/span><\/span><span style=\"color: #222222;\"><span style=\"font-family: Liberation Serif, serif;\"><span style=\"font-size: medium;\"><i>Sinto-me mais seguro sem d\u00favida em casa. E os novos meios de comunica\u00e7\u00e3o t\u00eam sido uma grande b\u00ean\u00e7\u00e3o para o contacto constante com amigos e familiares.<\/i><\/span><\/span><\/span><\/p>\n<p><span style=\"color: #000000;\"><span style=\"font-family: Liberation Serif, serif;\"><span style=\"font-size: medium;\"><b>\u00c9 poss\u00edvel criar liga\u00e7\u00e3o com o p\u00fablico apenas atrav\u00e9s das redes sociais ou os afectos t\u00eam tamb\u00e9m um papel preponderante?<\/b><\/span><\/span><\/span><\/p>\n<p><span style=\"color: #222222;\"><span style=\"font-family: Liberation Serif, serif;\"><span style=\"font-size: medium;\"><i>Para j\u00e1, neste momento \u00e9 a \u00fanica forma, por isso acredito que sim. As redes sociais permitem-nos manter o contacto e principalmente o feedback do p\u00fablico quanto ao nosso trabalho. Claro que as palmas ou mesmo os apupos s\u00e3o diferentes, n\u00e3o fazem barulho. Mas mant\u00eam-se s\u00e9rios e objecto de reflex\u00e3o sempre.<\/i><\/span><\/span><\/span><\/p>\n<p><span style=\"color: #000000;\"><span style=\"font-family: Liberation Serif, serif;\"><span style=\"font-size: medium;\"><b>Neste EP conta com convidados. Porqu\u00ea a escolha de cada um deles?<\/b><\/span><\/span><\/span><\/p>\n<p><span style=\"color: #222222;\"><span style=\"font-family: Liberation Serif, serif;\"><span style=\"font-size: medium;\"><i>Por duas raz\u00f5es: em 1\u00ba a rela\u00e7\u00e3o de amizade forte e pessoal com cada um deles, em 2\u00ba a genialidade musical de cada um que acredito que elevaram todas as minhas can\u00e7\u00f5es para um patamar acima do que estavam.<\/i><\/span><\/span><\/span><\/p>\n<p><span style=\"color: #000000;\"><span style=\"font-family: Liberation Serif, serif;\"><span style=\"font-size: medium;\"><b>Nesta fase tem <a href=\"https:\/\/www.facebook.com\/watch\/?v=2840854919367526\" target=\"_blank\" rel=\"noopener noreferrer\">dado concertos na varanda<\/a> e participado em iniciativas de cariz solid\u00e1rio. Sente que \u00e9 uma \u2018obriga\u00e7\u00e3o\u2019 sua continuar a ajudar os outros (atrav\u00e9s da sua m\u00fasica), mesmo tendo em conta que os artistas s\u00e3o dos mais afectados por esta situa\u00e7\u00e3o?<\/b><\/span><\/span><\/span><\/p>\n<p><span style=\"color: #222222;\"><span style=\"font-family: Liberation Serif, serif;\"><span style=\"font-size: medium;\"><i>Sem d\u00favida. O amor para mim \u00e9 dar sem esperar nada em troca. Ainda que esteja a ser cada vez mais claro que a cultura \u00e9 t\u00e3o urgente como tamb\u00e9m menosprezada, a minha miss\u00e3o continua a ser dar. Mas obviamente dar de acordo com aquilo que acredito que possa transformar no p\u00fablico. N\u00e3o dar apenas para entreter ou deixar-me ser explorado por aqueles que n\u00e3o querem \u201cpagar\u201d pela cultura.<\/i><\/span><\/span><\/span><\/p>\n<p><iframe title=\"Martim Vicente - Dia S\u00f3 ft. Dino D&#039;Santiago (CAMINHO LIVE SESSION)\" width=\"500\" height=\"281\" data-src=\"https:\/\/www.youtube.com\/embed\/pwdNi7akqtY?feature=oembed\" frameborder=\"0\" allow=\"accelerometer; autoplay; clipboard-write; encrypted-media; gyroscope; picture-in-picture; web-share\" referrerpolicy=\"strict-origin-when-cross-origin\" allowfullscreen src=\"data:image\/svg+xml;base64,PHN2ZyB3aWR0aD0iMSIgaGVpZ2h0PSIxIiB4bWxucz0iaHR0cDovL3d3dy53My5vcmcvMjAwMC9zdmciPjwvc3ZnPg==\" class=\"lazyload\" data-load-mode=\"1\"><\/iframe><\/p>\n<p><span style=\"color: #000000;\"><span style=\"font-family: Liberation Serif, serif;\"><span style=\"font-size: medium;\"><b>Cinco temas gravados em cinco locais diferentes. Qual o significado de cada um dos locais?<\/b><\/span><\/span><\/span><\/p>\n<p><span style=\"color: #222222;\"><span style=\"font-family: Liberation Serif, serif;\"><span style=\"font-size: medium;\"><i>Nos v\u00eddeos do YouTube tenho uma locu\u00e7\u00e3o que explica mais liricamente cada um deles, mas tentando ser sint\u00e9tico:<\/i><\/span><\/span><\/span><\/p>\n<p><span style=\"color: #222222;\"><span style=\"font-family: Liberation Serif, serif;\"><span style=\"font-size: medium;\"><i>1 &#8211; \u201cEram Os Teus Olhos\u201d foi gravada na minha antiga escola na Amadora. Al\u00e9m de nost\u00e1lgico tinha o objectivo de ter um bom quadro a giz para o Pedro Versteeg fazer aquele trabalho maravilhoso de uma pintura inspirada na can\u00e7\u00e3o.<\/i><\/span><\/span><\/span><\/p>\n<p><span style=\"color: #222222;\"><span style=\"font-family: Liberation Serif, serif;\"><span style=\"font-size: medium;\"><i>2 &#8211; \u201cDia S\u00f3\u201d foi gravada no Clube de Fado em Alfama para representar o meu lado mais portugu\u00eas quanto \u00e0s minhas inspira\u00e7\u00f5es musicais. O Dino traz o meu lado mais africano ao mesmo tempo.<\/i><\/span><\/span><\/span><\/p>\n<p><span style=\"color: #222222;\"><span style=\"font-family: Liberation Serif, serif;\"><span style=\"font-size: medium;\"><i>3 &#8211; \u201cEu Gostava De Ir Um Dia \u00e0 Lua\u201d foi gravada no planet\u00e1rio de Lisboa por uma alus\u00e3o clara \u00e0 tem\u00e1tica da m\u00fasica.<\/i><\/span><\/span><\/span><\/p>\n<p><span style=\"color: #222222;\"><span style=\"font-family: Liberation Serif, serif;\"><span style=\"font-size: medium;\"><i>4 &#8211; \u201cMeu Amor De N\u00e3o Amor\u201d foi gravada no Conservat\u00f3rio Nacional de M\u00fasica. A minha segunda casa de educa\u00e7\u00e3o. Estudei 8 anos naquelas paredes onde me formei como m\u00fasico. Aliado claro tamb\u00e9m ao convite que fiz ao Guilherme Rodrigues (violoncelista) que foi meu amigo e colega nessa mesma escola.<\/i><\/span><\/span><\/span><\/p>\n<p><span style=\"color: #222222;\"><span style=\"font-family: Liberation Serif, serif;\"><span style=\"font-size: medium;\"><i>5 &#8211; \u201cCaminho\u201d foi gravada no Pal\u00e1cio do Borja (actual ag\u00eancia Partners). O objectivo era ter um espa\u00e7o amplo, bonito mas vazio para que esta can\u00e7\u00e3o (que \u00e9 a mais \u00edntima e pessoal do disco) pudesse viver apenas dela e n\u00e3o do local.<\/i><\/span><\/span><\/span><\/p>\n<p><iframe title=\"Martim Vicente - Eram Os Teus Olhos ft. Carolina Deslandes (CAMINHO LIVE SESSION)\" width=\"500\" height=\"281\" data-src=\"https:\/\/www.youtube.com\/embed\/uoaGt9TT1P0?feature=oembed\" frameborder=\"0\" allow=\"accelerometer; autoplay; clipboard-write; encrypted-media; gyroscope; picture-in-picture; web-share\" referrerpolicy=\"strict-origin-when-cross-origin\" allowfullscreen src=\"data:image\/svg+xml;base64,PHN2ZyB3aWR0aD0iMSIgaGVpZ2h0PSIxIiB4bWxucz0iaHR0cDovL3d3dy53My5vcmcvMjAwMC9zdmciPjwvc3ZnPg==\" class=\"lazyload\" data-load-mode=\"1\"><\/iframe><\/p>\n<p><span style=\"color: #000000;\"><span style=\"font-family: Liberation Serif, serif;\"><span style=\"font-size: medium;\"><b>Sente que o p\u00fablico valorizar\u00e1 mais a cultura depois desta pandemia?<\/b><\/span><\/span><\/span><\/p>\n<p><span style=\"color: #222222;\"><span style=\"font-family: Liberation Serif, serif;\"><span style=\"font-size: medium;\"><i>Tento acreditar que sim. O facto dela estar mais presente na vida de cada um e ser uma das poucas coisas a que se podem agarrar, vai trazer algum carinho diferente por ela. No entanto, na minha opini\u00e3o, tem de haver um caminho mais efectivo quanto ao educar as pessoas para a valoriza\u00e7\u00e3o da mesma. Porque sem essa educa\u00e7\u00e3o, muitos v\u00e3o admitir depois disto que a cultura lhes salvou a sanidade mental, mas ao mesmo tempo v\u00e3o continuar a fazer pirataria para adquirir os conte\u00fados ou a achar car\u00edssimo pagar 10 ou 15\u20ac por um concerto ao vivo de um artista. V\u00e3o fazer sempre contas que um bilhete de festival por 70\u20ac lhes dar\u00e1 acesso a mais que 7 artistas e outras coisas mesmo que n\u00e3o desfrutem do mesmo.<\/i><\/span><\/span><\/span><\/p>\n<p><span style=\"color: #222222;\"><span style=\"font-family: Liberation Serif, serif;\"><span style=\"font-size: medium;\"><i>Essa educa\u00e7\u00e3o deve partir de cada casa e, mas em primeira inst\u00e2ncia do Estado, atrav\u00e9s do financiamento para a cultura, na tem\u00e1tica ser mais valorizada e incisiva nas escolas desde cedo e nos conte\u00fados program\u00e1ticos da pr\u00f3pria imprensa e programa\u00e7\u00e3o televisiva.<\/i><\/span><\/span><\/span><\/p>\n<p><iframe title=\"Martim Vicente - &quot;Eu Gostava de Ir um Dia \u00e0 Lua&quot; ft. Pity, Canoa, Guilha e Vicky (LiveSession)\" width=\"500\" height=\"281\" data-src=\"https:\/\/www.youtube.com\/embed\/VGocv-Laz2I?feature=oembed\" frameborder=\"0\" allow=\"accelerometer; autoplay; clipboard-write; encrypted-media; gyroscope; picture-in-picture; web-share\" referrerpolicy=\"strict-origin-when-cross-origin\" allowfullscreen src=\"data:image\/svg+xml;base64,PHN2ZyB3aWR0aD0iMSIgaGVpZ2h0PSIxIiB4bWxucz0iaHR0cDovL3d3dy53My5vcmcvMjAwMC9zdmciPjwvc3ZnPg==\" class=\"lazyload\" data-load-mode=\"1\"><\/iframe><\/p>\n<p><span style=\"color: #000000;\"><span style=\"font-family: Liberation Serif, serif;\"><span style=\"font-size: medium;\"><b>Qual o seu maior receio, actualmente?<\/b><\/span><\/span><\/span><\/p>\n<p><span style=\"color: #222222;\"><span style=\"font-family: Liberation Serif, serif;\"><span style=\"font-size: medium;\"><i>Tento viver a vida sem grandes receios nesta altura. Sou Crist\u00e3o e acredito num Deus vivo que age como um Pai e que tem tudo sobre um controlo inating\u00edvel e (\u00e0s vezes) incompreens\u00edvel e que como filho confio no Seu cuidado total.<\/i><\/span><\/span><\/span><\/p>\n<p><span style=\"color: #222222;\"><span style=\"font-family: Liberation Serif, serif;\"><span style=\"font-size: medium;\"><i>Claro que, como todos, fico sempre apreensivo de poder ter de passar pela perda de algu\u00e9m pr\u00f3ximo de mim devido a esta pandemia. Mas n\u00e3o me preocupo com o amanh\u00e3, a cada dia basta o seu problema.<\/i><\/span><\/span><\/span><\/p>\n<p><span style=\"color: #000000;\"><span style=\"font-family: Liberation Serif, serif;\"><span style=\"font-size: medium;\"><b>Onde pode o p\u00fablico interagir consigo?<\/b><\/span><\/span><\/span><\/p>\n<p><span style=\"color: #222222;\"><span style=\"font-family: Liberation Serif, serif;\"><span style=\"font-size: medium;\"><i>Nas minhas redes sociais. Tenho estado mais atento que nunca a elas e tentado reagir aos coment\u00e1rios e perguntas de cada um.<\/i><\/span><\/span><\/span><\/p>\n<p><span style=\"color: #000000;\"><span style=\"font-family: Liberation Serif, serif;\"><span style=\"font-size: medium;\"><b>Qual a mensagem mais provocadora que j\u00e1 recebeu e qual foi a sua reac\u00e7\u00e3o?<\/b><\/span><\/span><\/span><\/p>\n<p><span style=\"color: #222222;\"><span style=\"font-family: Liberation Serif, serif;\"><span style=\"font-size: medium;\"><i>Um nude. Que educadamente bloqueei com aviso pr\u00e9vio<\/i>.<\/span><\/span><\/span><\/p>\n<p><span style=\"color: #000000;\"><span style=\"font-family: Liberation Serif, serif;\"><span style=\"font-size: medium;\"><b>Qual a mensagem que deixa aos nossos leitores?<\/b><\/span><\/span><\/span><\/p>\n<p><span style=\"color: #222222;\">\u00a0<\/span><span style=\"color: #222222;\"><span style=\"font-family: Liberation Serif, serif;\"><span style=\"font-size: medium;\"><i>Em primeiro, de esperan\u00e7a, porque nas crises e momentos de dor podemos encontrar o real valor de coisas que est\u00e1vamos a deixar para tr\u00e1s.<\/i><\/span><\/span><\/span><\/p>\n<p><span style=\"color: #222222;\"><span style=\"font-family: Liberation Serif, serif;\"><span style=\"font-size: medium;\"><i>Em segundo, de apoio e respeito para com a cultura. Sigam os vossos artistas nas redes sociais, deem gosto nas publica\u00e7\u00f5es, partilhem, comprem os conte\u00fados digitais. Para n\u00f3s ser\u00e1 um sinal de esperan\u00e7a e grande encorajamento para o nosso futuro tamb\u00e9m.<\/i><\/span><\/span><\/span><\/p>\n<p><iframe title=\"Martim Vicente - Meu Amor de N\u00e3o Amor ft. Jo\u00e3o Campos (CAMINHO LIVE SESSION)\" width=\"500\" height=\"281\" data-src=\"https:\/\/www.youtube.com\/embed\/snZchtpfnAE?feature=oembed\" frameborder=\"0\" allow=\"accelerometer; autoplay; clipboard-write; encrypted-media; gyroscope; picture-in-picture; web-share\" referrerpolicy=\"strict-origin-when-cross-origin\" allowfullscreen src=\"data:image\/svg+xml;base64,PHN2ZyB3aWR0aD0iMSIgaGVpZ2h0PSIxIiB4bWxucz0iaHR0cDovL3d3dy53My5vcmcvMjAwMC9zdmciPjwvc3ZnPg==\" class=\"lazyload\" data-load-mode=\"1\"><\/iframe><\/p>\n","protected":false},"excerpt":{"rendered":"<p>\u201cCaminho Live Session\u201d \u00e9 o EP de Martim Vicente que, estando j\u00e1 dispon\u00edvel nas plataformas digitais, conta com Carolina Deslandes, Dino D\u2019Santiago e Jo\u00e3o Campos como convidados.<\/p>\n","protected":false},"author":2,"featured_media":69506,"comment_status":"open","ping_status":"closed","sticky":false,"template":"","format":"standard","meta":{"footnotes":""},"categories":[2,36,4,4124],"tags":[9133],"class_list":["post-69499","post","type-post","status-publish","format-standard","has-post-thumbnail","hentry","category-cultura","category-destaque","category-discos","category-entrevistas","tag-martim-vicente"],"yoast_head":"<!-- This site is optimized with the Yoast SEO plugin v27.4 - https:\/\/yoast.com\/product\/yoast-seo-wordpress\/ -->\n<title>&quot;Caminho Live Session&quot; \u00e9 o EP de Martim Vicente que nos revela que recebeu &quot;Um nude. Que educadamente bloqueei com aviso pr\u00e9vio&quot; | Infocul.pt - Arquivo Digital<\/title>\n<meta name=\"description\" content=\"&quot;Caminho Live Session&quot; \u00e9 o EP de Martim Vicente que nos revela que recebeu &quot;Um nude. Que educadamente bloqueei com aviso pr\u00e9vio&quot; | Infocul.pt - Arquivo Digital\" \/>\n<meta name=\"robots\" content=\"noindex, follow, max-snippet:-1, max-image-preview:large, max-video-preview:-1\" \/>\n<meta property=\"og:locale\" content=\"pt_PT\" \/>\n<meta property=\"og:type\" content=\"article\" \/>\n<meta property=\"og:title\" content=\"&quot;Caminho Live Session&quot; \u00e9 o EP de Martim Vicente que nos revela que recebeu &quot;Um nude. Que educadamente bloqueei com aviso pr\u00e9vio&quot; | Infocul.pt - Arquivo Digital\" \/>\n<meta property=\"og:description\" content=\"&quot;Caminho Live Session&quot; \u00e9 o EP de Martim Vicente que nos revela que recebeu &quot;Um nude. Que educadamente bloqueei com aviso pr\u00e9vio&quot; | Infocul.pt - Arquivo Digital\" \/>\n<meta property=\"og:url\" content=\"https:\/\/infocul.pt\/arquivo\/cultura\/caminho-live-session-e-o-ep-de-martim-vicente-que-nos-revela-que-recebeu-um-nude-que-educadamente-bloqueei-com-aviso-previo\/\" \/>\n<meta property=\"og:site_name\" content=\"Infocul.pt - Arquivo Digital\" \/>\n<meta property=\"article:publisher\" content=\"https:\/\/www.facebook.com\/Infocul-147816815585015\/\" \/>\n<meta property=\"article:published_time\" content=\"2020-04-07T08:25:56+00:00\" \/>\n<meta property=\"og:image\" content=\"https:\/\/infocul.pt\/arquivo\/wp-content\/uploads\/2020\/04\/U7cKZvhg.jpeg\" \/>\n\t<meta property=\"og:image:width\" content=\"960\" \/>\n\t<meta property=\"og:image:height\" content=\"717\" \/>\n\t<meta property=\"og:image:type\" content=\"image\/jpeg\" \/>\n<meta name=\"author\" content=\"Rui Lavrador\" \/>\n<meta name=\"twitter:card\" content=\"summary_large_image\" \/>\n<meta name=\"twitter:creator\" content=\"@Infoculpt\" \/>\n<meta name=\"twitter:site\" content=\"@Infoculpt\" \/>\n<meta name=\"twitter:label1\" content=\"Escrito por\" \/>\n\t<meta name=\"twitter:data1\" content=\"Rui Lavrador\" \/>\n\t<meta name=\"twitter:label2\" content=\"Tempo estimado de leitura\" \/>\n\t<meta name=\"twitter:data2\" content=\"7 minutos\" \/>\n<script type=\"application\/ld+json\" class=\"yoast-schema-graph\">{\"@context\":\"https:\\\/\\\/schema.org\",\"@graph\":[{\"@type\":\"Article\",\"@id\":\"https:\\\/\\\/infocul.pt\\\/arquivo\\\/cultura\\\/caminho-live-session-e-o-ep-de-martim-vicente-que-nos-revela-que-recebeu-um-nude-que-educadamente-bloqueei-com-aviso-previo\\\/#article\",\"isPartOf\":{\"@id\":\"https:\\\/\\\/infocul.pt\\\/arquivo\\\/cultura\\\/caminho-live-session-e-o-ep-de-martim-vicente-que-nos-revela-que-recebeu-um-nude-que-educadamente-bloqueei-com-aviso-previo\\\/\"},\"author\":{\"name\":\"Rui Lavrador\",\"@id\":\"https:\\\/\\\/infocul.pt\\\/arquivo\\\/#\\\/schema\\\/person\\\/060a108d7f2d85fc6aae505119ee5234\"},\"headline\":\"&#8220;Caminho Live Session&#8221; \u00e9 o EP de Martim Vicente que nos revela que recebeu &#8220;Um nude. Que educadamente bloqueei com aviso pr\u00e9vio&#8221;\",\"datePublished\":\"2020-04-07T08:25:56+00:00\",\"mainEntityOfPage\":{\"@id\":\"https:\\\/\\\/infocul.pt\\\/arquivo\\\/cultura\\\/caminho-live-session-e-o-ep-de-martim-vicente-que-nos-revela-que-recebeu-um-nude-que-educadamente-bloqueei-com-aviso-previo\\\/\"},\"wordCount\":1476,\"commentCount\":0,\"publisher\":{\"@id\":\"https:\\\/\\\/infocul.pt\\\/arquivo\\\/#organization\"},\"image\":{\"@id\":\"https:\\\/\\\/infocul.pt\\\/arquivo\\\/cultura\\\/caminho-live-session-e-o-ep-de-martim-vicente-que-nos-revela-que-recebeu-um-nude-que-educadamente-bloqueei-com-aviso-previo\\\/#primaryimage\"},\"thumbnailUrl\":\"https:\\\/\\\/infocul.pt\\\/arquivo\\\/wp-content\\\/uploads\\\/2020\\\/04\\\/U7cKZvhg.jpeg\",\"keywords\":[\"Martim Vicente\"],\"articleSection\":[\"Cultura\",\"Destaque\",\"Discos\",\"Entrevistas\"],\"inLanguage\":\"pt-PT\"},{\"@type\":\"WebPage\",\"@id\":\"https:\\\/\\\/infocul.pt\\\/arquivo\\\/cultura\\\/caminho-live-session-e-o-ep-de-martim-vicente-que-nos-revela-que-recebeu-um-nude-que-educadamente-bloqueei-com-aviso-previo\\\/\",\"url\":\"https:\\\/\\\/infocul.pt\\\/arquivo\\\/cultura\\\/caminho-live-session-e-o-ep-de-martim-vicente-que-nos-revela-que-recebeu-um-nude-que-educadamente-bloqueei-com-aviso-previo\\\/\",\"name\":\"\\\"Caminho Live Session\\\" \u00e9 o EP de Martim Vicente que nos revela que recebeu \\\"Um nude. Que educadamente bloqueei com aviso pr\u00e9vio\\\" | Infocul.pt - Arquivo Digital\",\"isPartOf\":{\"@id\":\"https:\\\/\\\/infocul.pt\\\/arquivo\\\/#website\"},\"primaryImageOfPage\":{\"@id\":\"https:\\\/\\\/infocul.pt\\\/arquivo\\\/cultura\\\/caminho-live-session-e-o-ep-de-martim-vicente-que-nos-revela-que-recebeu-um-nude-que-educadamente-bloqueei-com-aviso-previo\\\/#primaryimage\"},\"image\":{\"@id\":\"https:\\\/\\\/infocul.pt\\\/arquivo\\\/cultura\\\/caminho-live-session-e-o-ep-de-martim-vicente-que-nos-revela-que-recebeu-um-nude-que-educadamente-bloqueei-com-aviso-previo\\\/#primaryimage\"},\"thumbnailUrl\":\"https:\\\/\\\/infocul.pt\\\/arquivo\\\/wp-content\\\/uploads\\\/2020\\\/04\\\/U7cKZvhg.jpeg\",\"datePublished\":\"2020-04-07T08:25:56+00:00\",\"description\":\"\\\"Caminho Live Session\\\" \u00e9 o EP de Martim Vicente que nos revela que recebeu \\\"Um nude. Que educadamente bloqueei com aviso pr\u00e9vio\\\" | Infocul.pt - Arquivo Digital\",\"breadcrumb\":{\"@id\":\"https:\\\/\\\/infocul.pt\\\/arquivo\\\/cultura\\\/caminho-live-session-e-o-ep-de-martim-vicente-que-nos-revela-que-recebeu-um-nude-que-educadamente-bloqueei-com-aviso-previo\\\/#breadcrumb\"},\"inLanguage\":\"pt-PT\",\"potentialAction\":[{\"@type\":\"ReadAction\",\"target\":[\"https:\\\/\\\/infocul.pt\\\/arquivo\\\/cultura\\\/caminho-live-session-e-o-ep-de-martim-vicente-que-nos-revela-que-recebeu-um-nude-que-educadamente-bloqueei-com-aviso-previo\\\/\"]}]},{\"@type\":\"ImageObject\",\"inLanguage\":\"pt-PT\",\"@id\":\"https:\\\/\\\/infocul.pt\\\/arquivo\\\/cultura\\\/caminho-live-session-e-o-ep-de-martim-vicente-que-nos-revela-que-recebeu-um-nude-que-educadamente-bloqueei-com-aviso-previo\\\/#primaryimage\",\"url\":\"https:\\\/\\\/infocul.pt\\\/arquivo\\\/wp-content\\\/uploads\\\/2020\\\/04\\\/U7cKZvhg.jpeg\",\"contentUrl\":\"https:\\\/\\\/infocul.pt\\\/arquivo\\\/wp-content\\\/uploads\\\/2020\\\/04\\\/U7cKZvhg.jpeg\",\"width\":960,\"height\":717},{\"@type\":\"BreadcrumbList\",\"@id\":\"https:\\\/\\\/infocul.pt\\\/arquivo\\\/cultura\\\/caminho-live-session-e-o-ep-de-martim-vicente-que-nos-revela-que-recebeu-um-nude-que-educadamente-bloqueei-com-aviso-previo\\\/#breadcrumb\",\"itemListElement\":[{\"@type\":\"ListItem\",\"position\":1,\"name\":\"Home\",\"item\":\"https:\\\/\\\/infocul.pt\\\/arquivo\\\/\"},{\"@type\":\"ListItem\",\"position\":2,\"name\":\"&#8220;Caminho Live Session&#8221; \u00e9 o EP de Martim Vicente que nos revela que recebeu &#8220;Um nude. Que educadamente bloqueei com aviso pr\u00e9vio&#8221;\"}]},{\"@type\":\"WebSite\",\"@id\":\"https:\\\/\\\/infocul.pt\\\/arquivo\\\/#website\",\"url\":\"https:\\\/\\\/infocul.pt\\\/arquivo\\\/\",\"name\":\"Infocul.pt - Arquivo Digital\",\"description\":\"Arquivo digital da Infocul.pt\",\"publisher\":{\"@id\":\"https:\\\/\\\/infocul.pt\\\/arquivo\\\/#organization\"},\"potentialAction\":[{\"@type\":\"SearchAction\",\"target\":{\"@type\":\"EntryPoint\",\"urlTemplate\":\"https:\\\/\\\/infocul.pt\\\/arquivo\\\/?s={search_term_string}\"},\"query-input\":{\"@type\":\"PropertyValueSpecification\",\"valueRequired\":true,\"valueName\":\"search_term_string\"}}],\"inLanguage\":\"pt-PT\"},{\"@type\":\"Organization\",\"@id\":\"https:\\\/\\\/infocul.pt\\\/arquivo\\\/#organization\",\"name\":\"Infocul.pt\",\"url\":\"https:\\\/\\\/infocul.pt\\\/arquivo\\\/\",\"logo\":{\"@type\":\"ImageObject\",\"inLanguage\":\"pt-PT\",\"@id\":\"https:\\\/\\\/infocul.pt\\\/arquivo\\\/#\\\/schema\\\/logo\\\/image\\\/\",\"url\":\"https:\\\/\\\/infocul.pt\\\/arquivo\\\/wp-content\\\/uploads\\\/2018\\\/12\\\/Infocul_logo-1.png\",\"contentUrl\":\"https:\\\/\\\/infocul.pt\\\/arquivo\\\/wp-content\\\/uploads\\\/2018\\\/12\\\/Infocul_logo-1.png\",\"width\":800,\"height\":800,\"caption\":\"Infocul.pt\"},\"image\":{\"@id\":\"https:\\\/\\\/infocul.pt\\\/arquivo\\\/#\\\/schema\\\/logo\\\/image\\\/\"},\"sameAs\":[\"https:\\\/\\\/www.facebook.com\\\/Infocul-147816815585015\\\/\",\"https:\\\/\\\/x.com\\\/Infoculpt\",\"http:\\\/\\\/www.pictaram.com\\\/user\\\/infocul.pt\\\/2370423710\",\"https:\\\/\\\/www.youtube.com\\\/channel\\\/UCYEB91AGI9FL9ek2i_IaQAA\"]},{\"@type\":\"Person\",\"@id\":\"https:\\\/\\\/infocul.pt\\\/arquivo\\\/#\\\/schema\\\/person\\\/060a108d7f2d85fc6aae505119ee5234\",\"name\":\"Rui Lavrador\",\"image\":{\"@type\":\"ImageObject\",\"inLanguage\":\"pt-PT\",\"@id\":\"https:\\\/\\\/secure.gravatar.com\\\/avatar\\\/93febd6873394aa8e975148548a0cb203acfdd42d2c85c5f1408e1a76678aece?s=96&d=mm&r=g\",\"url\":\"https:\\\/\\\/secure.gravatar.com\\\/avatar\\\/93febd6873394aa8e975148548a0cb203acfdd42d2c85c5f1408e1a76678aece?s=96&d=mm&r=g\",\"contentUrl\":\"https:\\\/\\\/secure.gravatar.com\\\/avatar\\\/93febd6873394aa8e975148548a0cb203acfdd42d2c85c5f1408e1a76678aece?s=96&d=mm&r=g\",\"caption\":\"Rui Lavrador\"},\"description\":\"Iniciou em 2011 o seu percurso em comunica\u00e7\u00e3o social, tendo integrado v\u00e1rios projectos editoriais. Durante o seu percurso integrou projectos como Jornal Hardm\u00fasica, LusoNot\u00edcias, Toureio.pt, ODigital.pt, entre outros \u00d3rg\u00e3os de Comunica\u00e7\u00e3o Social nacionais, na redac\u00e7\u00e3o de v\u00e1rios artigos. Entrevistou a grande maioria das personalidades mais importantes da vida social e cultural do pa\u00eds, destacando-se, tamb\u00e9m, na aprecia\u00e7\u00e3o de v\u00e1rios espect\u00e1culos. Durante o seu percurso, deu a conhecer v\u00e1rios artistas, at\u00e9 ent\u00e3o desconhecidos, ao grande p\u00fablico. Em 2015 criou e fundou o Infocul.pt, projecto no qual assume a direc\u00e7\u00e3o editorial.\",\"sameAs\":[\"http:\\\/\\\/www.infocul.pt\"]}]}<\/script>\n<!-- \/ Yoast SEO plugin. -->","yoast_head_json":{"title":"\"Caminho Live Session\" \u00e9 o EP de Martim Vicente que nos revela que recebeu \"Um nude. Que educadamente bloqueei com aviso pr\u00e9vio\" | Infocul.pt - Arquivo Digital","description":"\"Caminho Live Session\" \u00e9 o EP de Martim Vicente que nos revela que recebeu \"Um nude. Que educadamente bloqueei com aviso pr\u00e9vio\" | Infocul.pt - Arquivo Digital","robots":{"index":"noindex","follow":"follow","max-snippet":"max-snippet:-1","max-image-preview":"max-image-preview:large","max-video-preview":"max-video-preview:-1"},"og_locale":"pt_PT","og_type":"article","og_title":"\"Caminho Live Session\" \u00e9 o EP de Martim Vicente que nos revela que recebeu \"Um nude. Que educadamente bloqueei com aviso pr\u00e9vio\" | Infocul.pt - Arquivo Digital","og_description":"\"Caminho Live Session\" \u00e9 o EP de Martim Vicente que nos revela que recebeu \"Um nude. Que educadamente bloqueei com aviso pr\u00e9vio\" | Infocul.pt - Arquivo Digital","og_url":"https:\/\/infocul.pt\/arquivo\/cultura\/caminho-live-session-e-o-ep-de-martim-vicente-que-nos-revela-que-recebeu-um-nude-que-educadamente-bloqueei-com-aviso-previo\/","og_site_name":"Infocul.pt - Arquivo Digital","article_publisher":"https:\/\/www.facebook.com\/Infocul-147816815585015\/","article_published_time":"2020-04-07T08:25:56+00:00","og_image":[{"width":960,"height":717,"url":"https:\/\/infocul.pt\/arquivo\/wp-content\/uploads\/2020\/04\/U7cKZvhg.jpeg","type":"image\/jpeg"}],"author":"Rui Lavrador","twitter_card":"summary_large_image","twitter_creator":"@Infoculpt","twitter_site":"@Infoculpt","twitter_misc":{"Escrito por":"Rui Lavrador","Tempo estimado de leitura":"7 minutos"},"schema":{"@context":"https:\/\/schema.org","@graph":[{"@type":"Article","@id":"https:\/\/infocul.pt\/arquivo\/cultura\/caminho-live-session-e-o-ep-de-martim-vicente-que-nos-revela-que-recebeu-um-nude-que-educadamente-bloqueei-com-aviso-previo\/#article","isPartOf":{"@id":"https:\/\/infocul.pt\/arquivo\/cultura\/caminho-live-session-e-o-ep-de-martim-vicente-que-nos-revela-que-recebeu-um-nude-que-educadamente-bloqueei-com-aviso-previo\/"},"author":{"name":"Rui Lavrador","@id":"https:\/\/infocul.pt\/arquivo\/#\/schema\/person\/060a108d7f2d85fc6aae505119ee5234"},"headline":"&#8220;Caminho Live Session&#8221; \u00e9 o EP de Martim Vicente que nos revela que recebeu &#8220;Um nude. Que educadamente bloqueei com aviso pr\u00e9vio&#8221;","datePublished":"2020-04-07T08:25:56+00:00","mainEntityOfPage":{"@id":"https:\/\/infocul.pt\/arquivo\/cultura\/caminho-live-session-e-o-ep-de-martim-vicente-que-nos-revela-que-recebeu-um-nude-que-educadamente-bloqueei-com-aviso-previo\/"},"wordCount":1476,"commentCount":0,"publisher":{"@id":"https:\/\/infocul.pt\/arquivo\/#organization"},"image":{"@id":"https:\/\/infocul.pt\/arquivo\/cultura\/caminho-live-session-e-o-ep-de-martim-vicente-que-nos-revela-que-recebeu-um-nude-que-educadamente-bloqueei-com-aviso-previo\/#primaryimage"},"thumbnailUrl":"https:\/\/infocul.pt\/arquivo\/wp-content\/uploads\/2020\/04\/U7cKZvhg.jpeg","keywords":["Martim Vicente"],"articleSection":["Cultura","Destaque","Discos","Entrevistas"],"inLanguage":"pt-PT"},{"@type":"WebPage","@id":"https:\/\/infocul.pt\/arquivo\/cultura\/caminho-live-session-e-o-ep-de-martim-vicente-que-nos-revela-que-recebeu-um-nude-que-educadamente-bloqueei-com-aviso-previo\/","url":"https:\/\/infocul.pt\/arquivo\/cultura\/caminho-live-session-e-o-ep-de-martim-vicente-que-nos-revela-que-recebeu-um-nude-que-educadamente-bloqueei-com-aviso-previo\/","name":"\"Caminho Live Session\" \u00e9 o EP de Martim Vicente que nos revela que recebeu \"Um nude. Que educadamente bloqueei com aviso pr\u00e9vio\" | Infocul.pt - Arquivo Digital","isPartOf":{"@id":"https:\/\/infocul.pt\/arquivo\/#website"},"primaryImageOfPage":{"@id":"https:\/\/infocul.pt\/arquivo\/cultura\/caminho-live-session-e-o-ep-de-martim-vicente-que-nos-revela-que-recebeu-um-nude-que-educadamente-bloqueei-com-aviso-previo\/#primaryimage"},"image":{"@id":"https:\/\/infocul.pt\/arquivo\/cultura\/caminho-live-session-e-o-ep-de-martim-vicente-que-nos-revela-que-recebeu-um-nude-que-educadamente-bloqueei-com-aviso-previo\/#primaryimage"},"thumbnailUrl":"https:\/\/infocul.pt\/arquivo\/wp-content\/uploads\/2020\/04\/U7cKZvhg.jpeg","datePublished":"2020-04-07T08:25:56+00:00","description":"\"Caminho Live Session\" \u00e9 o EP de Martim Vicente que nos revela que recebeu \"Um nude. Que educadamente bloqueei com aviso pr\u00e9vio\" | Infocul.pt - Arquivo Digital","breadcrumb":{"@id":"https:\/\/infocul.pt\/arquivo\/cultura\/caminho-live-session-e-o-ep-de-martim-vicente-que-nos-revela-que-recebeu-um-nude-que-educadamente-bloqueei-com-aviso-previo\/#breadcrumb"},"inLanguage":"pt-PT","potentialAction":[{"@type":"ReadAction","target":["https:\/\/infocul.pt\/arquivo\/cultura\/caminho-live-session-e-o-ep-de-martim-vicente-que-nos-revela-que-recebeu-um-nude-que-educadamente-bloqueei-com-aviso-previo\/"]}]},{"@type":"ImageObject","inLanguage":"pt-PT","@id":"https:\/\/infocul.pt\/arquivo\/cultura\/caminho-live-session-e-o-ep-de-martim-vicente-que-nos-revela-que-recebeu-um-nude-que-educadamente-bloqueei-com-aviso-previo\/#primaryimage","url":"https:\/\/infocul.pt\/arquivo\/wp-content\/uploads\/2020\/04\/U7cKZvhg.jpeg","contentUrl":"https:\/\/infocul.pt\/arquivo\/wp-content\/uploads\/2020\/04\/U7cKZvhg.jpeg","width":960,"height":717},{"@type":"BreadcrumbList","@id":"https:\/\/infocul.pt\/arquivo\/cultura\/caminho-live-session-e-o-ep-de-martim-vicente-que-nos-revela-que-recebeu-um-nude-que-educadamente-bloqueei-com-aviso-previo\/#breadcrumb","itemListElement":[{"@type":"ListItem","position":1,"name":"Home","item":"https:\/\/infocul.pt\/arquivo\/"},{"@type":"ListItem","position":2,"name":"&#8220;Caminho Live Session&#8221; \u00e9 o EP de Martim Vicente que nos revela que recebeu &#8220;Um nude. Que educadamente bloqueei com aviso pr\u00e9vio&#8221;"}]},{"@type":"WebSite","@id":"https:\/\/infocul.pt\/arquivo\/#website","url":"https:\/\/infocul.pt\/arquivo\/","name":"Infocul.pt - Arquivo Digital","description":"Arquivo digital da Infocul.pt","publisher":{"@id":"https:\/\/infocul.pt\/arquivo\/#organization"},"potentialAction":[{"@type":"SearchAction","target":{"@type":"EntryPoint","urlTemplate":"https:\/\/infocul.pt\/arquivo\/?s={search_term_string}"},"query-input":{"@type":"PropertyValueSpecification","valueRequired":true,"valueName":"search_term_string"}}],"inLanguage":"pt-PT"},{"@type":"Organization","@id":"https:\/\/infocul.pt\/arquivo\/#organization","name":"Infocul.pt","url":"https:\/\/infocul.pt\/arquivo\/","logo":{"@type":"ImageObject","inLanguage":"pt-PT","@id":"https:\/\/infocul.pt\/arquivo\/#\/schema\/logo\/image\/","url":"https:\/\/infocul.pt\/arquivo\/wp-content\/uploads\/2018\/12\/Infocul_logo-1.png","contentUrl":"https:\/\/infocul.pt\/arquivo\/wp-content\/uploads\/2018\/12\/Infocul_logo-1.png","width":800,"height":800,"caption":"Infocul.pt"},"image":{"@id":"https:\/\/infocul.pt\/arquivo\/#\/schema\/logo\/image\/"},"sameAs":["https:\/\/www.facebook.com\/Infocul-147816815585015\/","https:\/\/x.com\/Infoculpt","http:\/\/www.pictaram.com\/user\/infocul.pt\/2370423710","https:\/\/www.youtube.com\/channel\/UCYEB91AGI9FL9ek2i_IaQAA"]},{"@type":"Person","@id":"https:\/\/infocul.pt\/arquivo\/#\/schema\/person\/060a108d7f2d85fc6aae505119ee5234","name":"Rui Lavrador","image":{"@type":"ImageObject","inLanguage":"pt-PT","@id":"https:\/\/secure.gravatar.com\/avatar\/93febd6873394aa8e975148548a0cb203acfdd42d2c85c5f1408e1a76678aece?s=96&d=mm&r=g","url":"https:\/\/secure.gravatar.com\/avatar\/93febd6873394aa8e975148548a0cb203acfdd42d2c85c5f1408e1a76678aece?s=96&d=mm&r=g","contentUrl":"https:\/\/secure.gravatar.com\/avatar\/93febd6873394aa8e975148548a0cb203acfdd42d2c85c5f1408e1a76678aece?s=96&d=mm&r=g","caption":"Rui Lavrador"},"description":"Iniciou em 2011 o seu percurso em comunica\u00e7\u00e3o social, tendo integrado v\u00e1rios projectos editoriais. Durante o seu percurso integrou projectos como Jornal Hardm\u00fasica, LusoNot\u00edcias, Toureio.pt, ODigital.pt, entre outros \u00d3rg\u00e3os de Comunica\u00e7\u00e3o Social nacionais, na redac\u00e7\u00e3o de v\u00e1rios artigos. Entrevistou a grande maioria das personalidades mais importantes da vida social e cultural do pa\u00eds, destacando-se, tamb\u00e9m, na aprecia\u00e7\u00e3o de v\u00e1rios espect\u00e1culos. Durante o seu percurso, deu a conhecer v\u00e1rios artistas, at\u00e9 ent\u00e3o desconhecidos, ao grande p\u00fablico. Em 2015 criou e fundou o Infocul.pt, projecto no qual assume a direc\u00e7\u00e3o editorial.","sameAs":["http:\/\/www.infocul.pt"]}]}},"_links":{"self":[{"href":"https:\/\/infocul.pt\/arquivo\/wp-json\/wp\/v2\/posts\/69499","targetHints":{"allow":["GET"]}}],"collection":[{"href":"https:\/\/infocul.pt\/arquivo\/wp-json\/wp\/v2\/posts"}],"about":[{"href":"https:\/\/infocul.pt\/arquivo\/wp-json\/wp\/v2\/types\/post"}],"author":[{"embeddable":true,"href":"https:\/\/infocul.pt\/arquivo\/wp-json\/wp\/v2\/users\/2"}],"replies":[{"embeddable":true,"href":"https:\/\/infocul.pt\/arquivo\/wp-json\/wp\/v2\/comments?post=69499"}],"version-history":[{"count":0,"href":"https:\/\/infocul.pt\/arquivo\/wp-json\/wp\/v2\/posts\/69499\/revisions"}],"wp:featuredmedia":[{"embeddable":true,"href":"https:\/\/infocul.pt\/arquivo\/wp-json\/wp\/v2\/media\/69506"}],"wp:attachment":[{"href":"https:\/\/infocul.pt\/arquivo\/wp-json\/wp\/v2\/media?parent=69499"}],"wp:term":[{"taxonomy":"category","embeddable":true,"href":"https:\/\/infocul.pt\/arquivo\/wp-json\/wp\/v2\/categories?post=69499"},{"taxonomy":"post_tag","embeddable":true,"href":"https:\/\/infocul.pt\/arquivo\/wp-json\/wp\/v2\/tags?post=69499"}],"curies":[{"name":"wp","href":"https:\/\/api.w.org\/{rel}","templated":true}]}}