{"id":69599,"date":"2020-04-08T14:42:12","date_gmt":"2020-04-08T13:42:12","guid":{"rendered":"https:\/\/infocul.pt\/?p=69599"},"modified":"2020-04-08T14:42:12","modified_gmt":"2020-04-08T13:42:12","slug":"compus-o-tema-numa-fase-conturbada-da-minha-vida-diz-mema-sobre-perdi-o-norte","status":"publish","type":"post","link":"https:\/\/infocul.pt\/arquivo\/cultura\/compus-o-tema-numa-fase-conturbada-da-minha-vida-diz-mema-sobre-perdi-o-norte\/","title":{"rendered":"&#8220;Compus o tema numa fase conturbada da minha vida&#8221; diz mema. sobre &#8216;Perdi o Norte&#8217;"},"content":{"rendered":"<p align=\"left\"><img decoding=\"async\" class=\"aligncenter wp-image-69601 size-full lazyload\" data-src=\"https:\/\/infocul.pt\/arquivo\/wp-content\/uploads\/2020\/04\/fa2acff6-6211-4ef1-baf2-8f297695adc3.jpg\" alt=\"\" width=\"800\" height=\"533\" data-srcset=\"https:\/\/infocul.pt\/arquivo\/wp-content\/uploads\/2020\/04\/fa2acff6-6211-4ef1-baf2-8f297695adc3.jpg 800w, https:\/\/infocul.pt\/arquivo\/wp-content\/uploads\/2020\/04\/fa2acff6-6211-4ef1-baf2-8f297695adc3-300x200.jpg 300w, https:\/\/infocul.pt\/arquivo\/wp-content\/uploads\/2020\/04\/fa2acff6-6211-4ef1-baf2-8f297695adc3-768x512.jpg 768w\" data-sizes=\"(max-width: 800px) 100vw, 800px\" src=\"data:image\/svg+xml;base64,PHN2ZyB3aWR0aD0iMSIgaGVpZ2h0PSIxIiB4bWxucz0iaHR0cDovL3d3dy53My5vcmcvMjAwMC9zdmciPjwvc3ZnPg==\" style=\"--smush-placeholder-width: 800px; --smush-placeholder-aspect-ratio: 800\/533;\" \/><\/p>\n<p align=\"left\"><span style=\"color: #333333;\"><span style=\"font-family: Liberation Serif, serif;\"><span style=\"font-size: medium;\">mema. \u00e9 o projecto de Sofia Marques. Sofia Marques \u00e9 cantora compositora e tamb\u00e9m produtora, tendo inclusive j\u00e1 trabalhado com Branko. No passado dia 13 de Mar\u00e7o lan\u00e7ou o single \u201cPerdi o Norte\u201d, que serviu de base e fio condutor \u00e0 entrevista que nos concedeu.<\/span><\/span><\/span><!--more--><\/p>\n<p align=\"left\"><span style=\"color: #333333;\"><span style=\"font-family: Liberation Serif, serif;\"><span style=\"font-size: medium;\">A voz letra e produ\u00e7\u00e3o do single \u00e9 de mema.<\/span><\/span><\/span><\/p>\n<p align=\"left\"><span style=\"color: #333333;\"><span style=\"font-family: Liberation Serif, serif;\"><span style=\"font-size: medium;\"><b>Este &#8216;Perdi o Norte&#8217; presumo que tivesse sido feito antes deste tsunami social que estamos a viver. Podemos dizer que foi premoni\u00e7\u00e3o ou a inspira\u00e7\u00e3o foi outra?<\/b><\/span><\/span><\/span><\/p>\n<p><span style=\"color: #333333;\"><span style=\"font-family: Liberation Serif, serif;\"><span style=\"font-size: medium;\"><i>Sim, foi escrito no final de 2018. A inspira\u00e7\u00e3o foi outra, mais pessoal, mas o sentimento \u00e9 muito semelhante. Transporta-se em parte para este paradigma colectivo em que vivemos. Compus o tema numa fase conturbada da minha vida, vivia em Dublin e sentia-me perdida, sem prop\u00f3sito. Foi um desabafo em tom de esperan\u00e7a. H\u00e1 coisas que precisamos de dizer alto, antes de conseguirmos avan\u00e7ar. O Perdi o Norte \u00e9 isso.\u00a0<\/i><\/span><\/span><\/span><\/p>\n<p><span style=\"color: #333333;\"><span style=\"font-family: Liberation Serif, serif;\"><span style=\"font-size: medium;\"><br \/>\n<b>Acredita que a m\u00fasica pode ser uma salva\u00e7\u00e3o num momento em que muitos ficaram sem saber qual o caminho a seguir?<\/b><\/span><\/span><\/span><span style=\"color: #333333;\"><span style=\"font-family: Liberation Serif, serif;\"><span style=\"font-size: medium;\"><b>Curiosamente, a cultura que \u00e9 o sector mais afectado pode ao mesmo tempo ser aquilo que ajudar\u00e1 pessoas de outros sectores a ultrapassar esta fase. Ser\u00e1 que chamar\u00e1 a aten\u00e7\u00e3o dos outros para a precariedade dos trabalhadores culturais, na sua maioria?<\/b><\/span><\/span><\/span><\/p>\n<p><span style=\"color: #333333;\"><span style=\"font-family: Liberation Serif, serif;\"><span style=\"font-size: medium;\"><i>A m\u00fasica, na minha perspectiva, \u00e9 sempre salva\u00e7\u00e3o. Sente-se esse efeito de forma mais marcada, porque por for\u00e7a do v\u00edrus nos foram tiradas todas as outras ocupa\u00e7\u00f5es e como tal, tornou-se o foco. Tem sido muito bonito ver o papel importante que a m\u00fasica e os artistas t\u00eam, principalmente em situa\u00e7\u00f5es como esta. A forma como se t\u00eam mobilizado para fazer as pessoas sorrir num tempo em que as not\u00edcias s\u00e3o apenas tensas e negativas, \u00e9 louv\u00e1vel e o p\u00fablico tem respondido \u00e0 altura. Penso que se sente essa gratid\u00e3o e que h\u00e1 um reconhecimento da import\u00e2ncia e poder que a arte tem para nos restaurar. A m\u00fasica \u00e9 um b\u00e1lsamo, j\u00e1 se dizia em tempos antigos.\u00a0<\/i><\/span><\/span><\/span><\/p>\n<p><span style=\"color: #333333;\"><span style=\"font-family: Liberation Serif, serif;\"><span style=\"font-size: medium;\"><i>Em rela\u00e7\u00e3o ao estado do sector, n\u00e3o estou certa de que os outros entendam ainda a precariedade do mesmo. Estamos imersos em diferentes bolhas digitais e o que nos chega \u00e9 filtrado. Eu consigo ver essa precariedade, porque tamb\u00e9m sou artista, passo por isso, e a minha rede inclui muitos colegas da ind\u00fastria tamb\u00e9m. N\u00e3o sei se essa percep\u00e7\u00e3o chegar\u00e1 a todos, porque o que o p\u00fablico v\u00ea \u00e9 o produto final. Por tr\u00e1s de 3min de m\u00fasica h\u00e1 horas e horas de trabalho de muita gente. Produtores, engenheiros de mistura e master, agentes, distribuidoras, assessoras, at\u00e9 designers. O mesmo se passa para um concerto ou festival. Acredito que algumas pessoas mais sens\u00edveis ao que se passa nos bastidores se v\u00e3o apercebendo da realidade do sector cultural, mas n\u00e3o tenho a certeza se esta situa\u00e7\u00e3o ter\u00e1 despertado muito mais olhares. Quero ser positiva e acreditar que sim.\u00a0<\/i><\/span><\/span><\/span><\/p>\n<p><span style=\"color: #333333;\"><span style=\"font-family: Liberation Serif, serif;\"><span style=\"font-size: medium;\"><b>Al\u00e9m de int\u00e9rprete, \u00e9 produtora. Qual a \u00e1rea musical em que se sente melhor ou que mais a desafia?<\/b><\/span><\/span><\/span><\/p>\n<p><span style=\"color: #333333;\"><span style=\"font-family: Liberation Serif, serif;\"><span style=\"font-size: medium;\"><i>A produ\u00e7\u00e3o \u00e9 muito desafiante para mim e \u00e9 o que mais me d\u00e1 prazer fazer neste momento. Tenho-me desafiado a melhorar constantemente na produ\u00e7\u00e3o, n\u00e3o apenas dos meus temas, mas tamb\u00e9m para outros. A produ\u00e7\u00e3o \u00e9 um sem fim de op\u00e7\u00f5es est\u00e9ticas, que com o tempo se vai definindo e ganhando um cunho pessoal. Vejo-a como a decora\u00e7\u00e3o de uma casa &#8211; m\u00faltiplas op\u00e7\u00f5es, mas no final, vai representar o teu gosto, o que tu \u00e9s, mas respeitando os alicerces, espa\u00e7o e outros elementos pr\u00e9-existentes (a composi\u00e7\u00e3o). Por essa raz\u00e3o, e pela vontade de descobrir novos caminhos, a produ\u00e7\u00e3o \u00e9 a minha maior paix\u00e3o. Quero inovar, n\u00e3o repetir o que j\u00e1 foi feito. A produ\u00e7\u00e3o leva-me a esses caminhos por desbravar.\u00a0<\/i><\/span><\/span><\/span><\/p>\n<p><span style=\"color: #333333;\"><span style=\"font-family: Liberation Serif, serif;\"><span style=\"font-size: medium;\"><b>Nesta fase, quais s\u00e3o as ideias e os projectos que tem em mente, ap\u00f3s o lan\u00e7amento deste single?<\/b><\/span><\/span><\/span><\/p>\n<p><span style=\"color: #333333;\"><span style=\"font-family: Liberation Serif, serif;\"><span style=\"font-size: medium;\"><i>Vou lan\u00e7ar o meu EP em Outubro, &#8220;Cidade de Sal&#8221;. At\u00e9 l\u00e1 ainda tenho alguns singles e colabora\u00e7\u00f5es na manga. Quanto ao resto, ter\u00e3o de esperar por novidades!\u00a0\u00a0\u00a0<\/i><\/span><\/span><\/span><\/p>\n<p><span style=\"color: #333333;\"><span style=\"font-family: Liberation Serif, serif;\"><span style=\"font-size: medium;\"><b>O que \u00e9 que esta pandemia mudou em termos profissionais?<\/b><\/span><\/span><\/span><\/p>\n<p><span style=\"color: #333333;\"><span style=\"font-family: Liberation Serif, serif;\"><span style=\"font-size: medium;\"><i>Cancelou uns e coloca em causa outros compromissos agendados, nomeadamente concertos. Al\u00e9m disso, tornou a promo\u00e7\u00e3o do single um pouco mais dif\u00edcil. Lancei o Perdi o Norte no dia 13 de Mar\u00e7o, coincidiu exactamente com o agravamento da situa\u00e7\u00e3o do v\u00edrus no pa\u00eds. Como obrigou meios de comunica\u00e7\u00e3o e todos os envolvidos a adaptarem-se, naturalmente afectou a rapidez com que as not\u00edcias sa\u00edram e o destaque que tiveram ou poderiam ter tido. No entanto, o quebrar de um paradigma traz sempre novas formas de fazer. Isso \u00e9 muito positivo. Virei-me, todos se viraram, para as redes sociais e videochamadas.\u00a0\u00a0<\/i><\/span><\/span><\/span><\/p>\n<p><span style=\"color: #333333;\"><span style=\"font-family: Liberation Serif, serif;\"><span style=\"font-size: medium;\"><b>Qual a mensagem que pretende transmitir com este single?<\/b><\/span><\/span><\/span><\/p>\n<p><span style=\"color: #333333;\"><span style=\"font-family: Liberation Serif, serif;\"><span style=\"font-size: medium;\"><i>De certa forma, quero mostrar que ningu\u00e9m est\u00e1 imune a perder-se. Mas da mesma forma que nos perdemos, tamb\u00e9m nos encontramos. E se h\u00e1 circunst\u00e2ncias que nos levam \u00e0 confus\u00e3o interior at\u00e9 nos tornarem ap\u00e1ticos, h\u00e1 tamb\u00e9m outras que nos tiram do buraco e nos voltam a fazer sentir. Eu passei por uma depress\u00e3o h\u00e1 uns anos atr\u00e1s e em 2018 tive uma fase que quase me levou de volta a essa escurid\u00e3o. Quero acabar com tabus que nos fazem ter medo e vergonha em admitir que n\u00e3o somos assim t\u00e3o fortes e que, por vezes, sim, precisamos de ajuda. Quero que o meu perder o norte remova essa barreira. H\u00e1 muita gente a passar por isso e acredito que, talvez, seja essa uma das raz\u00f5es para a forma t\u00e3o aberta como o single foi recebido. Acabou por se tornar ainda mais relevante com a situa\u00e7\u00e3o do COVID-19. Demos at\u00e9 agora a nossa liberdade, rotina e sa\u00fade por garantidas. Quando na realidade, do nada, tudo pode ser colocado em causa. Perdemos o controlo e n\u00e3o sabemos como agir. Perdemos o norte.\u00a0<\/i><\/span><\/span><\/span><\/p>\n<p><span style=\"color: #333333;\"><span style=\"font-family: Liberation Serif, serif;\"><span style=\"font-size: medium;\"><b>Qual tem sido o feedback e qual a mensagem que mais a emocionou?<\/b><\/span><\/span><\/span><\/p>\n<p><span style=\"color: #333333;\"><span style=\"font-family: Liberation Serif, serif;\"><span style=\"font-size: medium;\"><i>O feedback tem sido avassalador. N\u00e3o h\u00e1 como n\u00e3o me sentir grata e humilde pela rea\u00e7\u00e3o e amor que teve e est\u00e1 a ter. Recebi muitas mensagens, mas a que me ficou mais presente foi &#8220;Identifico-me muito na tua m\u00fasica neste momento&#8221;. Para mim n\u00e3o h\u00e1 melhor rea\u00e7\u00e3o que esta. Diz-me muito: eu ouvi, eu compreendo o que dizes, eu sinto o que transmites. Al\u00e9m disso, senti muito carinho por parte de outros artistas com quem me tenho cruzado, Alex D&#8217;Alva Teixeira (D&#8217;Alva), que me tem apoiado de forma incans\u00e1vel, Branko, Surma, entre outros, alguns deles a quem tenho o privil\u00e9gio de chamar amigos. N\u00e3o s\u00f3 a m\u00fasica, como tamb\u00e9m o v\u00eddeo, pela equipa incr\u00edvel da Illicit Epiphany Films (de Gon\u00e7alo Loureiro, Ramon Freitas, Braga Ferreira), tem sido alvo de cr\u00edticas muito positivas. Eu queria que a m\u00fasica e o v\u00eddeo estivessem 100% em sintonia e eles tornaram-no em algo cinematogr\u00e1fico, intenso, lind\u00edssimo. Algo de que todos nos podemos orgulhar.\u00a0<\/i><\/span><\/span><\/span><\/p>\n<p><span style=\"color: #333333;\"><span style=\"font-family: Liberation Serif, serif;\"><span style=\"font-size: medium;\"><b>Onde poder\u00e1 o p\u00fablico interagir consigo?<\/b><\/span><\/span><\/span><\/p>\n<p><span style=\"color: #333333;\"><span style=\"font-family: Liberation Serif, serif;\"><span style=\"font-size: medium;\"><i>No <a href=\"https:\/\/www.instagram.com\/sofmema\/?hl=pt\">Instagram @sofmema<\/a>, <a href=\"https:\/\/twitter.com\/sofmema\">Twitter @sofmema<\/a> e no <a href=\"https:\/\/www.facebook.com\/memamusicpt\/?ref=br_rs\">Facebook \/memamusicpt <\/a>. Vejo todas as mensagens e respondo a tudo!<\/i> [sorri]<\/span><\/span><\/span><\/p>\n<p><span style=\"color: #333333;\"><span style=\"font-family: Liberation Serif, serif;\"><span style=\"font-size: medium;\"><b>Por curiosidade, o que significa &#8216;mema&#8217;?<\/b><\/span><\/span><\/span><\/p>\n<p><span style=\"color: #333333;\"><span style=\"font-family: Liberation Serif, serif;\"><span style=\"font-size: medium;\"><i>mema. \u00e9 uma jun\u00e7\u00e3o das primeiras s\u00edlabas dos meus apelidos. \u00c9 uma afirma\u00e7\u00e3o da minha identidade, sou eu mesma. Foi um nome que comecei a usar quando vivia em Berlim, quando fiz parte do colectivo de produtores Strength in Numbers. Queria cortar com os meus projectos anteriores e redefinir-me. O nome\u00a0mema.\u00a0(com o ponto final) fez sentido e ficou.<\/i><\/span><\/span><\/span><\/p>\n<p><iframe title=\"MEMA. - Perdi O Norte\" width=\"500\" height=\"281\" data-src=\"https:\/\/www.youtube.com\/embed\/rS3nPtHvyJ8?feature=oembed\" frameborder=\"0\" allow=\"accelerometer; autoplay; clipboard-write; encrypted-media; gyroscope; picture-in-picture; web-share\" referrerpolicy=\"strict-origin-when-cross-origin\" allowfullscreen src=\"data:image\/svg+xml;base64,PHN2ZyB3aWR0aD0iMSIgaGVpZ2h0PSIxIiB4bWxucz0iaHR0cDovL3d3dy53My5vcmcvMjAwMC9zdmciPjwvc3ZnPg==\" class=\"lazyload\" data-load-mode=\"1\"><\/iframe><\/p>\n","protected":false},"excerpt":{"rendered":"<p>mema. \u00e9 o projecto de Sofia Marques. Sofia Marques \u00e9 cantora compositora e tamb\u00e9m produtora, tendo inclusive j\u00e1 trabalhado com Branko. No passado dia 13 de Mar\u00e7o lan\u00e7ou o single \u201cPerdi o Norte\u201d, que serviu de base e fio condutor \u00e0 entrevista que nos concedeu.<\/p>\n","protected":false},"author":2,"featured_media":69601,"comment_status":"open","ping_status":"closed","sticky":false,"template":"","format":"standard","meta":{"footnotes":""},"categories":[2,36,4,4124],"tags":[9150],"class_list":["post-69599","post","type-post","status-publish","format-standard","has-post-thumbnail","hentry","category-cultura","category-destaque","category-discos","category-entrevistas","tag-mema"],"yoast_head":"<!-- This site is optimized with the Yoast SEO plugin v27.4 - https:\/\/yoast.com\/product\/yoast-seo-wordpress\/ -->\n<title>&quot;Compus o tema numa fase conturbada da minha vida&quot; diz mema. sobre &#039;Perdi o Norte&#039; | Infocul.pt - Arquivo Digital<\/title>\n<meta name=\"description\" content=\"&quot;Compus o tema numa fase conturbada da minha vida&quot; diz mema. sobre &#039;Perdi o Norte&#039; | Infocul.pt - Arquivo Digital\" \/>\n<meta name=\"robots\" content=\"noindex, follow, max-snippet:-1, max-image-preview:large, max-video-preview:-1\" \/>\n<meta property=\"og:locale\" content=\"pt_PT\" \/>\n<meta property=\"og:type\" content=\"article\" \/>\n<meta property=\"og:title\" content=\"&quot;Compus o tema numa fase conturbada da minha vida&quot; diz mema. sobre &#039;Perdi o Norte&#039; | Infocul.pt - Arquivo Digital\" \/>\n<meta property=\"og:description\" content=\"&quot;Compus o tema numa fase conturbada da minha vida&quot; diz mema. sobre &#039;Perdi o Norte&#039; | Infocul.pt - Arquivo Digital\" \/>\n<meta property=\"og:url\" content=\"https:\/\/infocul.pt\/arquivo\/cultura\/compus-o-tema-numa-fase-conturbada-da-minha-vida-diz-mema-sobre-perdi-o-norte\/\" \/>\n<meta property=\"og:site_name\" content=\"Infocul.pt - Arquivo Digital\" \/>\n<meta property=\"article:publisher\" content=\"https:\/\/www.facebook.com\/Infocul-147816815585015\/\" \/>\n<meta property=\"article:published_time\" content=\"2020-04-08T13:42:12+00:00\" \/>\n<meta property=\"og:image\" content=\"https:\/\/infocul.pt\/arquivo\/wp-content\/uploads\/2020\/04\/fa2acff6-6211-4ef1-baf2-8f297695adc3.jpg\" \/>\n\t<meta property=\"og:image:width\" content=\"800\" \/>\n\t<meta property=\"og:image:height\" content=\"533\" \/>\n\t<meta property=\"og:image:type\" content=\"image\/jpeg\" \/>\n<meta name=\"author\" content=\"Rui Lavrador\" \/>\n<meta name=\"twitter:card\" content=\"summary_large_image\" \/>\n<meta name=\"twitter:creator\" content=\"@Infoculpt\" \/>\n<meta name=\"twitter:site\" content=\"@Infoculpt\" \/>\n<meta name=\"twitter:label1\" content=\"Escrito por\" \/>\n\t<meta name=\"twitter:data1\" content=\"Rui Lavrador\" \/>\n\t<meta name=\"twitter:label2\" content=\"Tempo estimado de leitura\" \/>\n\t<meta name=\"twitter:data2\" content=\"7 minutos\" \/>\n<script type=\"application\/ld+json\" class=\"yoast-schema-graph\">{\"@context\":\"https:\\\/\\\/schema.org\",\"@graph\":[{\"@type\":\"Article\",\"@id\":\"https:\\\/\\\/infocul.pt\\\/arquivo\\\/cultura\\\/compus-o-tema-numa-fase-conturbada-da-minha-vida-diz-mema-sobre-perdi-o-norte\\\/#article\",\"isPartOf\":{\"@id\":\"https:\\\/\\\/infocul.pt\\\/arquivo\\\/cultura\\\/compus-o-tema-numa-fase-conturbada-da-minha-vida-diz-mema-sobre-perdi-o-norte\\\/\"},\"author\":{\"name\":\"Rui Lavrador\",\"@id\":\"https:\\\/\\\/infocul.pt\\\/arquivo\\\/#\\\/schema\\\/person\\\/060a108d7f2d85fc6aae505119ee5234\"},\"headline\":\"&#8220;Compus o tema numa fase conturbada da minha vida&#8221; diz mema. sobre &#8216;Perdi o Norte&#8217;\",\"datePublished\":\"2020-04-08T13:42:12+00:00\",\"mainEntityOfPage\":{\"@id\":\"https:\\\/\\\/infocul.pt\\\/arquivo\\\/cultura\\\/compus-o-tema-numa-fase-conturbada-da-minha-vida-diz-mema-sobre-perdi-o-norte\\\/\"},\"wordCount\":1348,\"commentCount\":0,\"publisher\":{\"@id\":\"https:\\\/\\\/infocul.pt\\\/arquivo\\\/#organization\"},\"image\":{\"@id\":\"https:\\\/\\\/infocul.pt\\\/arquivo\\\/cultura\\\/compus-o-tema-numa-fase-conturbada-da-minha-vida-diz-mema-sobre-perdi-o-norte\\\/#primaryimage\"},\"thumbnailUrl\":\"https:\\\/\\\/infocul.pt\\\/arquivo\\\/wp-content\\\/uploads\\\/2020\\\/04\\\/fa2acff6-6211-4ef1-baf2-8f297695adc3.jpg\",\"keywords\":[\"mema.\"],\"articleSection\":[\"Cultura\",\"Destaque\",\"Discos\",\"Entrevistas\"],\"inLanguage\":\"pt-PT\"},{\"@type\":\"WebPage\",\"@id\":\"https:\\\/\\\/infocul.pt\\\/arquivo\\\/cultura\\\/compus-o-tema-numa-fase-conturbada-da-minha-vida-diz-mema-sobre-perdi-o-norte\\\/\",\"url\":\"https:\\\/\\\/infocul.pt\\\/arquivo\\\/cultura\\\/compus-o-tema-numa-fase-conturbada-da-minha-vida-diz-mema-sobre-perdi-o-norte\\\/\",\"name\":\"\\\"Compus o tema numa fase conturbada da minha vida\\\" diz mema. sobre 'Perdi o Norte' | Infocul.pt - Arquivo Digital\",\"isPartOf\":{\"@id\":\"https:\\\/\\\/infocul.pt\\\/arquivo\\\/#website\"},\"primaryImageOfPage\":{\"@id\":\"https:\\\/\\\/infocul.pt\\\/arquivo\\\/cultura\\\/compus-o-tema-numa-fase-conturbada-da-minha-vida-diz-mema-sobre-perdi-o-norte\\\/#primaryimage\"},\"image\":{\"@id\":\"https:\\\/\\\/infocul.pt\\\/arquivo\\\/cultura\\\/compus-o-tema-numa-fase-conturbada-da-minha-vida-diz-mema-sobre-perdi-o-norte\\\/#primaryimage\"},\"thumbnailUrl\":\"https:\\\/\\\/infocul.pt\\\/arquivo\\\/wp-content\\\/uploads\\\/2020\\\/04\\\/fa2acff6-6211-4ef1-baf2-8f297695adc3.jpg\",\"datePublished\":\"2020-04-08T13:42:12+00:00\",\"description\":\"\\\"Compus o tema numa fase conturbada da minha vida\\\" diz mema. sobre 'Perdi o Norte' | Infocul.pt - Arquivo Digital\",\"breadcrumb\":{\"@id\":\"https:\\\/\\\/infocul.pt\\\/arquivo\\\/cultura\\\/compus-o-tema-numa-fase-conturbada-da-minha-vida-diz-mema-sobre-perdi-o-norte\\\/#breadcrumb\"},\"inLanguage\":\"pt-PT\",\"potentialAction\":[{\"@type\":\"ReadAction\",\"target\":[\"https:\\\/\\\/infocul.pt\\\/arquivo\\\/cultura\\\/compus-o-tema-numa-fase-conturbada-da-minha-vida-diz-mema-sobre-perdi-o-norte\\\/\"]}]},{\"@type\":\"ImageObject\",\"inLanguage\":\"pt-PT\",\"@id\":\"https:\\\/\\\/infocul.pt\\\/arquivo\\\/cultura\\\/compus-o-tema-numa-fase-conturbada-da-minha-vida-diz-mema-sobre-perdi-o-norte\\\/#primaryimage\",\"url\":\"https:\\\/\\\/infocul.pt\\\/arquivo\\\/wp-content\\\/uploads\\\/2020\\\/04\\\/fa2acff6-6211-4ef1-baf2-8f297695adc3.jpg\",\"contentUrl\":\"https:\\\/\\\/infocul.pt\\\/arquivo\\\/wp-content\\\/uploads\\\/2020\\\/04\\\/fa2acff6-6211-4ef1-baf2-8f297695adc3.jpg\",\"width\":800,\"height\":533},{\"@type\":\"BreadcrumbList\",\"@id\":\"https:\\\/\\\/infocul.pt\\\/arquivo\\\/cultura\\\/compus-o-tema-numa-fase-conturbada-da-minha-vida-diz-mema-sobre-perdi-o-norte\\\/#breadcrumb\",\"itemListElement\":[{\"@type\":\"ListItem\",\"position\":1,\"name\":\"Home\",\"item\":\"https:\\\/\\\/infocul.pt\\\/arquivo\\\/\"},{\"@type\":\"ListItem\",\"position\":2,\"name\":\"&#8220;Compus o tema numa fase conturbada da minha vida&#8221; diz mema. sobre &#8216;Perdi o Norte&#8217;\"}]},{\"@type\":\"WebSite\",\"@id\":\"https:\\\/\\\/infocul.pt\\\/arquivo\\\/#website\",\"url\":\"https:\\\/\\\/infocul.pt\\\/arquivo\\\/\",\"name\":\"Infocul.pt - Arquivo Digital\",\"description\":\"Arquivo digital da Infocul.pt\",\"publisher\":{\"@id\":\"https:\\\/\\\/infocul.pt\\\/arquivo\\\/#organization\"},\"potentialAction\":[{\"@type\":\"SearchAction\",\"target\":{\"@type\":\"EntryPoint\",\"urlTemplate\":\"https:\\\/\\\/infocul.pt\\\/arquivo\\\/?s={search_term_string}\"},\"query-input\":{\"@type\":\"PropertyValueSpecification\",\"valueRequired\":true,\"valueName\":\"search_term_string\"}}],\"inLanguage\":\"pt-PT\"},{\"@type\":\"Organization\",\"@id\":\"https:\\\/\\\/infocul.pt\\\/arquivo\\\/#organization\",\"name\":\"Infocul.pt\",\"url\":\"https:\\\/\\\/infocul.pt\\\/arquivo\\\/\",\"logo\":{\"@type\":\"ImageObject\",\"inLanguage\":\"pt-PT\",\"@id\":\"https:\\\/\\\/infocul.pt\\\/arquivo\\\/#\\\/schema\\\/logo\\\/image\\\/\",\"url\":\"https:\\\/\\\/infocul.pt\\\/arquivo\\\/wp-content\\\/uploads\\\/2018\\\/12\\\/Infocul_logo-1.png\",\"contentUrl\":\"https:\\\/\\\/infocul.pt\\\/arquivo\\\/wp-content\\\/uploads\\\/2018\\\/12\\\/Infocul_logo-1.png\",\"width\":800,\"height\":800,\"caption\":\"Infocul.pt\"},\"image\":{\"@id\":\"https:\\\/\\\/infocul.pt\\\/arquivo\\\/#\\\/schema\\\/logo\\\/image\\\/\"},\"sameAs\":[\"https:\\\/\\\/www.facebook.com\\\/Infocul-147816815585015\\\/\",\"https:\\\/\\\/x.com\\\/Infoculpt\",\"http:\\\/\\\/www.pictaram.com\\\/user\\\/infocul.pt\\\/2370423710\",\"https:\\\/\\\/www.youtube.com\\\/channel\\\/UCYEB91AGI9FL9ek2i_IaQAA\"]},{\"@type\":\"Person\",\"@id\":\"https:\\\/\\\/infocul.pt\\\/arquivo\\\/#\\\/schema\\\/person\\\/060a108d7f2d85fc6aae505119ee5234\",\"name\":\"Rui Lavrador\",\"image\":{\"@type\":\"ImageObject\",\"inLanguage\":\"pt-PT\",\"@id\":\"https:\\\/\\\/secure.gravatar.com\\\/avatar\\\/93febd6873394aa8e975148548a0cb203acfdd42d2c85c5f1408e1a76678aece?s=96&d=mm&r=g\",\"url\":\"https:\\\/\\\/secure.gravatar.com\\\/avatar\\\/93febd6873394aa8e975148548a0cb203acfdd42d2c85c5f1408e1a76678aece?s=96&d=mm&r=g\",\"contentUrl\":\"https:\\\/\\\/secure.gravatar.com\\\/avatar\\\/93febd6873394aa8e975148548a0cb203acfdd42d2c85c5f1408e1a76678aece?s=96&d=mm&r=g\",\"caption\":\"Rui Lavrador\"},\"description\":\"Iniciou em 2011 o seu percurso em comunica\u00e7\u00e3o social, tendo integrado v\u00e1rios projectos editoriais. Durante o seu percurso integrou projectos como Jornal Hardm\u00fasica, LusoNot\u00edcias, Toureio.pt, ODigital.pt, entre outros \u00d3rg\u00e3os de Comunica\u00e7\u00e3o Social nacionais, na redac\u00e7\u00e3o de v\u00e1rios artigos. Entrevistou a grande maioria das personalidades mais importantes da vida social e cultural do pa\u00eds, destacando-se, tamb\u00e9m, na aprecia\u00e7\u00e3o de v\u00e1rios espect\u00e1culos. Durante o seu percurso, deu a conhecer v\u00e1rios artistas, at\u00e9 ent\u00e3o desconhecidos, ao grande p\u00fablico. Em 2015 criou e fundou o Infocul.pt, projecto no qual assume a direc\u00e7\u00e3o editorial.\",\"sameAs\":[\"http:\\\/\\\/www.infocul.pt\"]}]}<\/script>\n<!-- \/ Yoast SEO plugin. -->","yoast_head_json":{"title":"\"Compus o tema numa fase conturbada da minha vida\" diz mema. sobre 'Perdi o Norte' | Infocul.pt - Arquivo Digital","description":"\"Compus o tema numa fase conturbada da minha vida\" diz mema. sobre 'Perdi o Norte' | Infocul.pt - Arquivo Digital","robots":{"index":"noindex","follow":"follow","max-snippet":"max-snippet:-1","max-image-preview":"max-image-preview:large","max-video-preview":"max-video-preview:-1"},"og_locale":"pt_PT","og_type":"article","og_title":"\"Compus o tema numa fase conturbada da minha vida\" diz mema. sobre 'Perdi o Norte' | Infocul.pt - Arquivo Digital","og_description":"\"Compus o tema numa fase conturbada da minha vida\" diz mema. sobre 'Perdi o Norte' | Infocul.pt - Arquivo Digital","og_url":"https:\/\/infocul.pt\/arquivo\/cultura\/compus-o-tema-numa-fase-conturbada-da-minha-vida-diz-mema-sobre-perdi-o-norte\/","og_site_name":"Infocul.pt - Arquivo Digital","article_publisher":"https:\/\/www.facebook.com\/Infocul-147816815585015\/","article_published_time":"2020-04-08T13:42:12+00:00","og_image":[{"width":800,"height":533,"url":"https:\/\/infocul.pt\/arquivo\/wp-content\/uploads\/2020\/04\/fa2acff6-6211-4ef1-baf2-8f297695adc3.jpg","type":"image\/jpeg"}],"author":"Rui Lavrador","twitter_card":"summary_large_image","twitter_creator":"@Infoculpt","twitter_site":"@Infoculpt","twitter_misc":{"Escrito por":"Rui Lavrador","Tempo estimado de leitura":"7 minutos"},"schema":{"@context":"https:\/\/schema.org","@graph":[{"@type":"Article","@id":"https:\/\/infocul.pt\/arquivo\/cultura\/compus-o-tema-numa-fase-conturbada-da-minha-vida-diz-mema-sobre-perdi-o-norte\/#article","isPartOf":{"@id":"https:\/\/infocul.pt\/arquivo\/cultura\/compus-o-tema-numa-fase-conturbada-da-minha-vida-diz-mema-sobre-perdi-o-norte\/"},"author":{"name":"Rui Lavrador","@id":"https:\/\/infocul.pt\/arquivo\/#\/schema\/person\/060a108d7f2d85fc6aae505119ee5234"},"headline":"&#8220;Compus o tema numa fase conturbada da minha vida&#8221; diz mema. sobre &#8216;Perdi o Norte&#8217;","datePublished":"2020-04-08T13:42:12+00:00","mainEntityOfPage":{"@id":"https:\/\/infocul.pt\/arquivo\/cultura\/compus-o-tema-numa-fase-conturbada-da-minha-vida-diz-mema-sobre-perdi-o-norte\/"},"wordCount":1348,"commentCount":0,"publisher":{"@id":"https:\/\/infocul.pt\/arquivo\/#organization"},"image":{"@id":"https:\/\/infocul.pt\/arquivo\/cultura\/compus-o-tema-numa-fase-conturbada-da-minha-vida-diz-mema-sobre-perdi-o-norte\/#primaryimage"},"thumbnailUrl":"https:\/\/infocul.pt\/arquivo\/wp-content\/uploads\/2020\/04\/fa2acff6-6211-4ef1-baf2-8f297695adc3.jpg","keywords":["mema."],"articleSection":["Cultura","Destaque","Discos","Entrevistas"],"inLanguage":"pt-PT"},{"@type":"WebPage","@id":"https:\/\/infocul.pt\/arquivo\/cultura\/compus-o-tema-numa-fase-conturbada-da-minha-vida-diz-mema-sobre-perdi-o-norte\/","url":"https:\/\/infocul.pt\/arquivo\/cultura\/compus-o-tema-numa-fase-conturbada-da-minha-vida-diz-mema-sobre-perdi-o-norte\/","name":"\"Compus o tema numa fase conturbada da minha vida\" diz mema. sobre 'Perdi o Norte' | Infocul.pt - Arquivo Digital","isPartOf":{"@id":"https:\/\/infocul.pt\/arquivo\/#website"},"primaryImageOfPage":{"@id":"https:\/\/infocul.pt\/arquivo\/cultura\/compus-o-tema-numa-fase-conturbada-da-minha-vida-diz-mema-sobre-perdi-o-norte\/#primaryimage"},"image":{"@id":"https:\/\/infocul.pt\/arquivo\/cultura\/compus-o-tema-numa-fase-conturbada-da-minha-vida-diz-mema-sobre-perdi-o-norte\/#primaryimage"},"thumbnailUrl":"https:\/\/infocul.pt\/arquivo\/wp-content\/uploads\/2020\/04\/fa2acff6-6211-4ef1-baf2-8f297695adc3.jpg","datePublished":"2020-04-08T13:42:12+00:00","description":"\"Compus o tema numa fase conturbada da minha vida\" diz mema. sobre 'Perdi o Norte' | Infocul.pt - Arquivo Digital","breadcrumb":{"@id":"https:\/\/infocul.pt\/arquivo\/cultura\/compus-o-tema-numa-fase-conturbada-da-minha-vida-diz-mema-sobre-perdi-o-norte\/#breadcrumb"},"inLanguage":"pt-PT","potentialAction":[{"@type":"ReadAction","target":["https:\/\/infocul.pt\/arquivo\/cultura\/compus-o-tema-numa-fase-conturbada-da-minha-vida-diz-mema-sobre-perdi-o-norte\/"]}]},{"@type":"ImageObject","inLanguage":"pt-PT","@id":"https:\/\/infocul.pt\/arquivo\/cultura\/compus-o-tema-numa-fase-conturbada-da-minha-vida-diz-mema-sobre-perdi-o-norte\/#primaryimage","url":"https:\/\/infocul.pt\/arquivo\/wp-content\/uploads\/2020\/04\/fa2acff6-6211-4ef1-baf2-8f297695adc3.jpg","contentUrl":"https:\/\/infocul.pt\/arquivo\/wp-content\/uploads\/2020\/04\/fa2acff6-6211-4ef1-baf2-8f297695adc3.jpg","width":800,"height":533},{"@type":"BreadcrumbList","@id":"https:\/\/infocul.pt\/arquivo\/cultura\/compus-o-tema-numa-fase-conturbada-da-minha-vida-diz-mema-sobre-perdi-o-norte\/#breadcrumb","itemListElement":[{"@type":"ListItem","position":1,"name":"Home","item":"https:\/\/infocul.pt\/arquivo\/"},{"@type":"ListItem","position":2,"name":"&#8220;Compus o tema numa fase conturbada da minha vida&#8221; diz mema. sobre &#8216;Perdi o Norte&#8217;"}]},{"@type":"WebSite","@id":"https:\/\/infocul.pt\/arquivo\/#website","url":"https:\/\/infocul.pt\/arquivo\/","name":"Infocul.pt - Arquivo Digital","description":"Arquivo digital da Infocul.pt","publisher":{"@id":"https:\/\/infocul.pt\/arquivo\/#organization"},"potentialAction":[{"@type":"SearchAction","target":{"@type":"EntryPoint","urlTemplate":"https:\/\/infocul.pt\/arquivo\/?s={search_term_string}"},"query-input":{"@type":"PropertyValueSpecification","valueRequired":true,"valueName":"search_term_string"}}],"inLanguage":"pt-PT"},{"@type":"Organization","@id":"https:\/\/infocul.pt\/arquivo\/#organization","name":"Infocul.pt","url":"https:\/\/infocul.pt\/arquivo\/","logo":{"@type":"ImageObject","inLanguage":"pt-PT","@id":"https:\/\/infocul.pt\/arquivo\/#\/schema\/logo\/image\/","url":"https:\/\/infocul.pt\/arquivo\/wp-content\/uploads\/2018\/12\/Infocul_logo-1.png","contentUrl":"https:\/\/infocul.pt\/arquivo\/wp-content\/uploads\/2018\/12\/Infocul_logo-1.png","width":800,"height":800,"caption":"Infocul.pt"},"image":{"@id":"https:\/\/infocul.pt\/arquivo\/#\/schema\/logo\/image\/"},"sameAs":["https:\/\/www.facebook.com\/Infocul-147816815585015\/","https:\/\/x.com\/Infoculpt","http:\/\/www.pictaram.com\/user\/infocul.pt\/2370423710","https:\/\/www.youtube.com\/channel\/UCYEB91AGI9FL9ek2i_IaQAA"]},{"@type":"Person","@id":"https:\/\/infocul.pt\/arquivo\/#\/schema\/person\/060a108d7f2d85fc6aae505119ee5234","name":"Rui Lavrador","image":{"@type":"ImageObject","inLanguage":"pt-PT","@id":"https:\/\/secure.gravatar.com\/avatar\/93febd6873394aa8e975148548a0cb203acfdd42d2c85c5f1408e1a76678aece?s=96&d=mm&r=g","url":"https:\/\/secure.gravatar.com\/avatar\/93febd6873394aa8e975148548a0cb203acfdd42d2c85c5f1408e1a76678aece?s=96&d=mm&r=g","contentUrl":"https:\/\/secure.gravatar.com\/avatar\/93febd6873394aa8e975148548a0cb203acfdd42d2c85c5f1408e1a76678aece?s=96&d=mm&r=g","caption":"Rui Lavrador"},"description":"Iniciou em 2011 o seu percurso em comunica\u00e7\u00e3o social, tendo integrado v\u00e1rios projectos editoriais. Durante o seu percurso integrou projectos como Jornal Hardm\u00fasica, LusoNot\u00edcias, Toureio.pt, ODigital.pt, entre outros \u00d3rg\u00e3os de Comunica\u00e7\u00e3o Social nacionais, na redac\u00e7\u00e3o de v\u00e1rios artigos. Entrevistou a grande maioria das personalidades mais importantes da vida social e cultural do pa\u00eds, destacando-se, tamb\u00e9m, na aprecia\u00e7\u00e3o de v\u00e1rios espect\u00e1culos. Durante o seu percurso, deu a conhecer v\u00e1rios artistas, at\u00e9 ent\u00e3o desconhecidos, ao grande p\u00fablico. Em 2015 criou e fundou o Infocul.pt, projecto no qual assume a direc\u00e7\u00e3o editorial.","sameAs":["http:\/\/www.infocul.pt"]}]}},"_links":{"self":[{"href":"https:\/\/infocul.pt\/arquivo\/wp-json\/wp\/v2\/posts\/69599","targetHints":{"allow":["GET"]}}],"collection":[{"href":"https:\/\/infocul.pt\/arquivo\/wp-json\/wp\/v2\/posts"}],"about":[{"href":"https:\/\/infocul.pt\/arquivo\/wp-json\/wp\/v2\/types\/post"}],"author":[{"embeddable":true,"href":"https:\/\/infocul.pt\/arquivo\/wp-json\/wp\/v2\/users\/2"}],"replies":[{"embeddable":true,"href":"https:\/\/infocul.pt\/arquivo\/wp-json\/wp\/v2\/comments?post=69599"}],"version-history":[{"count":0,"href":"https:\/\/infocul.pt\/arquivo\/wp-json\/wp\/v2\/posts\/69599\/revisions"}],"wp:featuredmedia":[{"embeddable":true,"href":"https:\/\/infocul.pt\/arquivo\/wp-json\/wp\/v2\/media\/69601"}],"wp:attachment":[{"href":"https:\/\/infocul.pt\/arquivo\/wp-json\/wp\/v2\/media?parent=69599"}],"wp:term":[{"taxonomy":"category","embeddable":true,"href":"https:\/\/infocul.pt\/arquivo\/wp-json\/wp\/v2\/categories?post=69599"},{"taxonomy":"post_tag","embeddable":true,"href":"https:\/\/infocul.pt\/arquivo\/wp-json\/wp\/v2\/tags?post=69599"}],"curies":[{"name":"wp","href":"https:\/\/api.w.org\/{rel}","templated":true}]}}