{"id":70144,"date":"2020-04-19T11:05:14","date_gmt":"2020-04-19T10:05:14","guid":{"rendered":"https:\/\/infocul.pt\/?p=70144"},"modified":"2020-04-19T11:05:14","modified_gmt":"2020-04-19T10:05:14","slug":"birds-are-indie-com-novo-disco-estamos-a-prever-comecar-os-concertos-em-setembro-e-ja-temos-varios-marcados-ate-ao-final-do-ano","status":"publish","type":"post","link":"https:\/\/infocul.pt\/arquivo\/cultura\/birds-are-indie-com-novo-disco-estamos-a-prever-comecar-os-concertos-em-setembro-e-ja-temos-varios-marcados-ate-ao-final-do-ano\/","title":{"rendered":"Birds Are Indie com novo disco: &#8220;Estamos a prever come\u00e7ar os concertos em Setembro e j\u00e1 temos v\u00e1rios marcados at\u00e9 ao final do ano&#8221;"},"content":{"rendered":"<p><img decoding=\"async\" class=\"aligncenter wp-image-70145 size-full lazyload\" data-src=\"https:\/\/infocul.pt\/arquivo\/wp-content\/uploads\/2020\/04\/Birds-Are-Indie01-770x513-1.jpg\" alt=\"\" width=\"770\" height=\"513\" data-srcset=\"https:\/\/infocul.pt\/arquivo\/wp-content\/uploads\/2020\/04\/Birds-Are-Indie01-770x513-1.jpg 770w, https:\/\/infocul.pt\/arquivo\/wp-content\/uploads\/2020\/04\/Birds-Are-Indie01-770x513-1-300x200.jpg 300w, https:\/\/infocul.pt\/arquivo\/wp-content\/uploads\/2020\/04\/Birds-Are-Indie01-770x513-1-768x512.jpg 768w\" data-sizes=\"(max-width: 770px) 100vw, 770px\" src=\"data:image\/svg+xml;base64,PHN2ZyB3aWR0aD0iMSIgaGVpZ2h0PSIxIiB4bWxucz0iaHR0cDovL3d3dy53My5vcmcvMjAwMC9zdmciPjwvc3ZnPg==\" style=\"--smush-placeholder-width: 770px; --smush-placeholder-aspect-ratio: 770\/513;\" \/><\/p>\n<p>Birds Are Indie celebram, em 2020, 10 anos de carreira. Para celebrar distinta data, acabam de editar \u201cMigrations\u201d. Em entrevista ao Infocul, abordaram este novo disco e, ainda, os impactos da pandemia COVID-19 nos espect\u00e1culos que estavam agendados.<!--more--><\/p>\n<p>A edi\u00e7\u00e3o de \u201cMigrations\u201d conta com duas edi\u00e7\u00f5es distintas, uma em CD e outra em vinil. Ambos os formatos contar\u00e3o com a revisita de 5 can\u00e7\u00f5es da sua discografia anterior, reinterpretadas e regravadas, no est\u00fadio Blue House, em Coimbra. Mas como a m\u00fasica lhes parece surgir naturalmente, haver\u00e1 tamb\u00e9m lugar para mais 10 faixas novas, estando 5 delas no CDe outras 5 no vinil.<\/p>\n<p>O disco foi editado no passado dia 17 de Abril. O vinil sair\u00e1 em Setembro.<\/p>\n<p><b>Qual o balan\u00e7o destes 10 anos?<\/b><\/p>\n<p><i>Olhar para tr\u00e1s \u00e9 um pouco surreal. Esta banda come\u00e7ou com pessoas que tinham 30 anos, que mal sabiam tocar qualquer instrumento e que nunca se imaginariam em cima de um palco&#8230; Dez anos depois, j\u00e1 vamos em 5 \u00e1lbuns e mais uns quantos EPs, centenas de concertos em Portugal e Espanha, muitos amigos feitos e muitas hist\u00f3rias para contar&#8230;<\/i><\/p>\n<p><b>Quando \u00e9 que este disco come\u00e7ou a ser pensado? O que distingue este disco dos anteriores?<\/b><\/p>\n<p><i>Come\u00e7ou a ser pensado por volta de Fevereiro de 2019. Est\u00e1vamos na altura a assinalar 9 anos de banda e pens\u00e1mos: \u201cBem, para o ano fazemos 10, dev\u00edamos preparar algo especial&#8230;\u201d. Ent\u00e3o resolvemos preparar este disco que junta m\u00fasicas novas, com m\u00fasicas antigas que originalmente estavam em discos j\u00e1 esgotados. Mas todas foram gravadas no final de 2019 e in\u00edcio de 2020, as antigas s\u00e3o uma esp\u00e9cie de revisita, como vers\u00f5es de n\u00f3s pr\u00f3prios&#8230;<\/i><\/p>\n<p><b>Presumo que sonhassem lan\u00e7ar o disco noutra fase, em que o p\u00fablico pudesse ir a espect\u00e1culos\u2026 Em termos de espect\u00e1culos, quantos foram cancelados ou adiados?<\/b><\/p>\n<p><em>Sim, como sempre, o plano era esse. Tamb\u00e9m trabalh\u00e1mos muito para isso e t\u00ednhamos marcados cerca de 20 espect\u00e1culos, em Portugal e Espanha, nos pr\u00f3ximos meses. Alguns j\u00e1 conseguimos reagendar para mais tarde, outros ainda n\u00e3o&#8230;<\/em><\/p>\n<p><b>Como tem sido este per\u00edodo de isolamento. Tem existido espa\u00e7o e tempo para novas cria\u00e7\u00f5es?<\/b><\/p>\n<p><em>Sim, em certa medida, esta obriga\u00e7\u00e3o de estar em casa, apesar de um pouco traum\u00e1tica e causadora de grandes preju\u00edzos para todos, tem tamb\u00e9m a capacidade de estimular novas ideias, novas formas de lidar com os condicionalismos que nos s\u00e3o impostos. N\u00f3s, enquanto banda e m\u00fasicos, at\u00e9 j\u00e1 estamos um pouco habituados a esse registo, as limita\u00e7\u00f5es s\u00e3o algo que nos faz querer crescer e\/ou reinventarmo-nos. Neste caso, temos aproveitado para fazer can\u00e7\u00f5es, desenhar, enviar encomendas de Cds pelo correio&#8230; tudo isto enquanto tentamos ir preparando o futuro.<\/em><\/p>\n<p><b>Como perspectivam o regresso aos espect\u00e1culos ao vivo?<\/b><\/p>\n<p><em>Estamos a prever come\u00e7ar os concertos em Setembro e j\u00e1 temos v\u00e1rios marcados at\u00e9 ao final do ano, em Portugal e Espanha.<\/em><\/p>\n<p><b>As redes sociais t\u00eam sido mais usadas nesta fase, comparativamente ao que faziam?<\/b><\/p>\n<p><em>Usamos mais ou menos o mesmo. A diferen\u00e7a \u00e9 que talvez tenhamos de ser um pouco mais imaginativos porque n\u00e3o podemos p\u00f4r fotografias e publica\u00e7\u00f5es de n\u00f3s em digress\u00e3o, em palco, em r\u00e1dios\/televis\u00f5es ou a ensaiar&#8230;<\/em><\/p>\n","protected":false},"excerpt":{"rendered":"<p>Birds Are Indie celebram, em 2020, 10 anos de carreira. Para celebrar distinta data, acabam de editar \u201cMigrations\u201d. Em entrevista ao Infocul, abordaram este novo disco e, ainda, os impactos da pandemia COVID-19 nos espect\u00e1culos que estavam agendados.<\/p>\n","protected":false},"author":2,"featured_media":70145,"comment_status":"open","ping_status":"closed","sticky":false,"template":"","format":"standard","meta":{"footnotes":""},"categories":[3,2,36,4124],"tags":[790],"class_list":["post-70144","post","type-post","status-publish","format-standard","has-post-thumbnail","hentry","category-concertos","category-cultura","category-destaque","category-entrevistas","tag-birds-are-indie"],"yoast_head":"<!-- This site is optimized with the Yoast SEO plugin v27.4 - https:\/\/yoast.com\/product\/yoast-seo-wordpress\/ -->\n<title>Birds Are Indie com novo disco: &quot;Estamos a prever come\u00e7ar os concertos em Setembro e j\u00e1 temos v\u00e1rios marcados at\u00e9 ao final do ano&quot; | Infocul.pt - Arquivo Digital<\/title>\n<meta name=\"description\" content=\"Birds Are Indie com novo disco: &quot;Estamos a prever come\u00e7ar os concertos em Setembro e j\u00e1 temos v\u00e1rios marcados at\u00e9 ao final do ano&quot; | Infocul.pt - Arquivo Digital\" \/>\n<meta name=\"robots\" content=\"noindex, follow, max-snippet:-1, max-image-preview:large, max-video-preview:-1\" \/>\n<meta property=\"og:locale\" content=\"pt_PT\" \/>\n<meta property=\"og:type\" content=\"article\" \/>\n<meta property=\"og:title\" content=\"Birds Are Indie com novo disco: &quot;Estamos a prever come\u00e7ar os concertos em Setembro e j\u00e1 temos v\u00e1rios marcados at\u00e9 ao final do ano&quot; | Infocul.pt - Arquivo Digital\" \/>\n<meta property=\"og:description\" content=\"Birds Are Indie com novo disco: &quot;Estamos a prever come\u00e7ar os concertos em Setembro e j\u00e1 temos v\u00e1rios marcados at\u00e9 ao final do ano&quot; | Infocul.pt - Arquivo Digital\" \/>\n<meta property=\"og:url\" content=\"https:\/\/infocul.pt\/arquivo\/cultura\/birds-are-indie-com-novo-disco-estamos-a-prever-comecar-os-concertos-em-setembro-e-ja-temos-varios-marcados-ate-ao-final-do-ano\/\" \/>\n<meta property=\"og:site_name\" content=\"Infocul.pt - Arquivo Digital\" \/>\n<meta property=\"article:publisher\" content=\"https:\/\/www.facebook.com\/Infocul-147816815585015\/\" \/>\n<meta property=\"article:published_time\" content=\"2020-04-19T10:05:14+00:00\" \/>\n<meta property=\"og:image\" content=\"https:\/\/infocul.pt\/arquivo\/wp-content\/uploads\/2020\/04\/Birds-Are-Indie01-770x513-1.jpg\" \/>\n\t<meta property=\"og:image:width\" content=\"770\" \/>\n\t<meta property=\"og:image:height\" content=\"513\" \/>\n\t<meta property=\"og:image:type\" content=\"image\/jpeg\" \/>\n<meta name=\"author\" content=\"Rui Lavrador\" \/>\n<meta name=\"twitter:card\" content=\"summary_large_image\" \/>\n<meta name=\"twitter:creator\" content=\"@Infoculpt\" \/>\n<meta name=\"twitter:site\" content=\"@Infoculpt\" \/>\n<meta name=\"twitter:label1\" content=\"Escrito por\" \/>\n\t<meta name=\"twitter:data1\" content=\"Rui Lavrador\" \/>\n\t<meta name=\"twitter:label2\" content=\"Tempo estimado de leitura\" \/>\n\t<meta name=\"twitter:data2\" content=\"3 minutos\" \/>\n<script type=\"application\/ld+json\" class=\"yoast-schema-graph\">{\"@context\":\"https:\\\/\\\/schema.org\",\"@graph\":[{\"@type\":\"Article\",\"@id\":\"https:\\\/\\\/infocul.pt\\\/arquivo\\\/cultura\\\/birds-are-indie-com-novo-disco-estamos-a-prever-comecar-os-concertos-em-setembro-e-ja-temos-varios-marcados-ate-ao-final-do-ano\\\/#article\",\"isPartOf\":{\"@id\":\"https:\\\/\\\/infocul.pt\\\/arquivo\\\/cultura\\\/birds-are-indie-com-novo-disco-estamos-a-prever-comecar-os-concertos-em-setembro-e-ja-temos-varios-marcados-ate-ao-final-do-ano\\\/\"},\"author\":{\"name\":\"Rui Lavrador\",\"@id\":\"https:\\\/\\\/infocul.pt\\\/arquivo\\\/#\\\/schema\\\/person\\\/060a108d7f2d85fc6aae505119ee5234\"},\"headline\":\"Birds Are Indie com novo disco: &#8220;Estamos a prever come\u00e7ar os concertos em Setembro e j\u00e1 temos v\u00e1rios marcados at\u00e9 ao final do ano&#8221;\",\"datePublished\":\"2020-04-19T10:05:14+00:00\",\"mainEntityOfPage\":{\"@id\":\"https:\\\/\\\/infocul.pt\\\/arquivo\\\/cultura\\\/birds-are-indie-com-novo-disco-estamos-a-prever-comecar-os-concertos-em-setembro-e-ja-temos-varios-marcados-ate-ao-final-do-ano\\\/\"},\"wordCount\":586,\"commentCount\":0,\"publisher\":{\"@id\":\"https:\\\/\\\/infocul.pt\\\/arquivo\\\/#organization\"},\"image\":{\"@id\":\"https:\\\/\\\/infocul.pt\\\/arquivo\\\/cultura\\\/birds-are-indie-com-novo-disco-estamos-a-prever-comecar-os-concertos-em-setembro-e-ja-temos-varios-marcados-ate-ao-final-do-ano\\\/#primaryimage\"},\"thumbnailUrl\":\"https:\\\/\\\/infocul.pt\\\/arquivo\\\/wp-content\\\/uploads\\\/2020\\\/04\\\/Birds-Are-Indie01-770x513-1.jpg\",\"keywords\":[\"Birds Are Indie\"],\"articleSection\":[\"Concertos\",\"Cultura\",\"Destaque\",\"Entrevistas\"],\"inLanguage\":\"pt-PT\"},{\"@type\":\"WebPage\",\"@id\":\"https:\\\/\\\/infocul.pt\\\/arquivo\\\/cultura\\\/birds-are-indie-com-novo-disco-estamos-a-prever-comecar-os-concertos-em-setembro-e-ja-temos-varios-marcados-ate-ao-final-do-ano\\\/\",\"url\":\"https:\\\/\\\/infocul.pt\\\/arquivo\\\/cultura\\\/birds-are-indie-com-novo-disco-estamos-a-prever-comecar-os-concertos-em-setembro-e-ja-temos-varios-marcados-ate-ao-final-do-ano\\\/\",\"name\":\"Birds Are Indie com novo disco: \\\"Estamos a prever come\u00e7ar os concertos em Setembro e j\u00e1 temos v\u00e1rios marcados at\u00e9 ao final do ano\\\" | Infocul.pt - Arquivo Digital\",\"isPartOf\":{\"@id\":\"https:\\\/\\\/infocul.pt\\\/arquivo\\\/#website\"},\"primaryImageOfPage\":{\"@id\":\"https:\\\/\\\/infocul.pt\\\/arquivo\\\/cultura\\\/birds-are-indie-com-novo-disco-estamos-a-prever-comecar-os-concertos-em-setembro-e-ja-temos-varios-marcados-ate-ao-final-do-ano\\\/#primaryimage\"},\"image\":{\"@id\":\"https:\\\/\\\/infocul.pt\\\/arquivo\\\/cultura\\\/birds-are-indie-com-novo-disco-estamos-a-prever-comecar-os-concertos-em-setembro-e-ja-temos-varios-marcados-ate-ao-final-do-ano\\\/#primaryimage\"},\"thumbnailUrl\":\"https:\\\/\\\/infocul.pt\\\/arquivo\\\/wp-content\\\/uploads\\\/2020\\\/04\\\/Birds-Are-Indie01-770x513-1.jpg\",\"datePublished\":\"2020-04-19T10:05:14+00:00\",\"description\":\"Birds Are Indie com novo disco: \\\"Estamos a prever come\u00e7ar os concertos em Setembro e j\u00e1 temos v\u00e1rios marcados at\u00e9 ao final do ano\\\" | Infocul.pt - Arquivo Digital\",\"breadcrumb\":{\"@id\":\"https:\\\/\\\/infocul.pt\\\/arquivo\\\/cultura\\\/birds-are-indie-com-novo-disco-estamos-a-prever-comecar-os-concertos-em-setembro-e-ja-temos-varios-marcados-ate-ao-final-do-ano\\\/#breadcrumb\"},\"inLanguage\":\"pt-PT\",\"potentialAction\":[{\"@type\":\"ReadAction\",\"target\":[\"https:\\\/\\\/infocul.pt\\\/arquivo\\\/cultura\\\/birds-are-indie-com-novo-disco-estamos-a-prever-comecar-os-concertos-em-setembro-e-ja-temos-varios-marcados-ate-ao-final-do-ano\\\/\"]}]},{\"@type\":\"ImageObject\",\"inLanguage\":\"pt-PT\",\"@id\":\"https:\\\/\\\/infocul.pt\\\/arquivo\\\/cultura\\\/birds-are-indie-com-novo-disco-estamos-a-prever-comecar-os-concertos-em-setembro-e-ja-temos-varios-marcados-ate-ao-final-do-ano\\\/#primaryimage\",\"url\":\"https:\\\/\\\/infocul.pt\\\/arquivo\\\/wp-content\\\/uploads\\\/2020\\\/04\\\/Birds-Are-Indie01-770x513-1.jpg\",\"contentUrl\":\"https:\\\/\\\/infocul.pt\\\/arquivo\\\/wp-content\\\/uploads\\\/2020\\\/04\\\/Birds-Are-Indie01-770x513-1.jpg\",\"width\":770,\"height\":513},{\"@type\":\"BreadcrumbList\",\"@id\":\"https:\\\/\\\/infocul.pt\\\/arquivo\\\/cultura\\\/birds-are-indie-com-novo-disco-estamos-a-prever-comecar-os-concertos-em-setembro-e-ja-temos-varios-marcados-ate-ao-final-do-ano\\\/#breadcrumb\",\"itemListElement\":[{\"@type\":\"ListItem\",\"position\":1,\"name\":\"Home\",\"item\":\"https:\\\/\\\/infocul.pt\\\/arquivo\\\/\"},{\"@type\":\"ListItem\",\"position\":2,\"name\":\"Birds Are Indie com novo disco: &#8220;Estamos a prever come\u00e7ar os concertos em Setembro e j\u00e1 temos v\u00e1rios marcados at\u00e9 ao final do ano&#8221;\"}]},{\"@type\":\"WebSite\",\"@id\":\"https:\\\/\\\/infocul.pt\\\/arquivo\\\/#website\",\"url\":\"https:\\\/\\\/infocul.pt\\\/arquivo\\\/\",\"name\":\"Infocul.pt - Arquivo Digital\",\"description\":\"Arquivo digital da Infocul.pt\",\"publisher\":{\"@id\":\"https:\\\/\\\/infocul.pt\\\/arquivo\\\/#organization\"},\"potentialAction\":[{\"@type\":\"SearchAction\",\"target\":{\"@type\":\"EntryPoint\",\"urlTemplate\":\"https:\\\/\\\/infocul.pt\\\/arquivo\\\/?s={search_term_string}\"},\"query-input\":{\"@type\":\"PropertyValueSpecification\",\"valueRequired\":true,\"valueName\":\"search_term_string\"}}],\"inLanguage\":\"pt-PT\"},{\"@type\":\"Organization\",\"@id\":\"https:\\\/\\\/infocul.pt\\\/arquivo\\\/#organization\",\"name\":\"Infocul.pt\",\"url\":\"https:\\\/\\\/infocul.pt\\\/arquivo\\\/\",\"logo\":{\"@type\":\"ImageObject\",\"inLanguage\":\"pt-PT\",\"@id\":\"https:\\\/\\\/infocul.pt\\\/arquivo\\\/#\\\/schema\\\/logo\\\/image\\\/\",\"url\":\"https:\\\/\\\/infocul.pt\\\/arquivo\\\/wp-content\\\/uploads\\\/2018\\\/12\\\/Infocul_logo-1.png\",\"contentUrl\":\"https:\\\/\\\/infocul.pt\\\/arquivo\\\/wp-content\\\/uploads\\\/2018\\\/12\\\/Infocul_logo-1.png\",\"width\":800,\"height\":800,\"caption\":\"Infocul.pt\"},\"image\":{\"@id\":\"https:\\\/\\\/infocul.pt\\\/arquivo\\\/#\\\/schema\\\/logo\\\/image\\\/\"},\"sameAs\":[\"https:\\\/\\\/www.facebook.com\\\/Infocul-147816815585015\\\/\",\"https:\\\/\\\/x.com\\\/Infoculpt\",\"http:\\\/\\\/www.pictaram.com\\\/user\\\/infocul.pt\\\/2370423710\",\"https:\\\/\\\/www.youtube.com\\\/channel\\\/UCYEB91AGI9FL9ek2i_IaQAA\"]},{\"@type\":\"Person\",\"@id\":\"https:\\\/\\\/infocul.pt\\\/arquivo\\\/#\\\/schema\\\/person\\\/060a108d7f2d85fc6aae505119ee5234\",\"name\":\"Rui Lavrador\",\"image\":{\"@type\":\"ImageObject\",\"inLanguage\":\"pt-PT\",\"@id\":\"https:\\\/\\\/secure.gravatar.com\\\/avatar\\\/93febd6873394aa8e975148548a0cb203acfdd42d2c85c5f1408e1a76678aece?s=96&d=mm&r=g\",\"url\":\"https:\\\/\\\/secure.gravatar.com\\\/avatar\\\/93febd6873394aa8e975148548a0cb203acfdd42d2c85c5f1408e1a76678aece?s=96&d=mm&r=g\",\"contentUrl\":\"https:\\\/\\\/secure.gravatar.com\\\/avatar\\\/93febd6873394aa8e975148548a0cb203acfdd42d2c85c5f1408e1a76678aece?s=96&d=mm&r=g\",\"caption\":\"Rui Lavrador\"},\"description\":\"Iniciou em 2011 o seu percurso em comunica\u00e7\u00e3o social, tendo integrado v\u00e1rios projectos editoriais. Durante o seu percurso integrou projectos como Jornal Hardm\u00fasica, LusoNot\u00edcias, Toureio.pt, ODigital.pt, entre outros \u00d3rg\u00e3os de Comunica\u00e7\u00e3o Social nacionais, na redac\u00e7\u00e3o de v\u00e1rios artigos. Entrevistou a grande maioria das personalidades mais importantes da vida social e cultural do pa\u00eds, destacando-se, tamb\u00e9m, na aprecia\u00e7\u00e3o de v\u00e1rios espect\u00e1culos. Durante o seu percurso, deu a conhecer v\u00e1rios artistas, at\u00e9 ent\u00e3o desconhecidos, ao grande p\u00fablico. Em 2015 criou e fundou o Infocul.pt, projecto no qual assume a direc\u00e7\u00e3o editorial.\",\"sameAs\":[\"http:\\\/\\\/www.infocul.pt\"]}]}<\/script>\n<!-- \/ Yoast SEO plugin. -->","yoast_head_json":{"title":"Birds Are Indie com novo disco: \"Estamos a prever come\u00e7ar os concertos em Setembro e j\u00e1 temos v\u00e1rios marcados at\u00e9 ao final do ano\" | Infocul.pt - Arquivo Digital","description":"Birds Are Indie com novo disco: \"Estamos a prever come\u00e7ar os concertos em Setembro e j\u00e1 temos v\u00e1rios marcados at\u00e9 ao final do ano\" | Infocul.pt - Arquivo Digital","robots":{"index":"noindex","follow":"follow","max-snippet":"max-snippet:-1","max-image-preview":"max-image-preview:large","max-video-preview":"max-video-preview:-1"},"og_locale":"pt_PT","og_type":"article","og_title":"Birds Are Indie com novo disco: \"Estamos a prever come\u00e7ar os concertos em Setembro e j\u00e1 temos v\u00e1rios marcados at\u00e9 ao final do ano\" | Infocul.pt - Arquivo Digital","og_description":"Birds Are Indie com novo disco: \"Estamos a prever come\u00e7ar os concertos em Setembro e j\u00e1 temos v\u00e1rios marcados at\u00e9 ao final do ano\" | Infocul.pt - Arquivo Digital","og_url":"https:\/\/infocul.pt\/arquivo\/cultura\/birds-are-indie-com-novo-disco-estamos-a-prever-comecar-os-concertos-em-setembro-e-ja-temos-varios-marcados-ate-ao-final-do-ano\/","og_site_name":"Infocul.pt - Arquivo Digital","article_publisher":"https:\/\/www.facebook.com\/Infocul-147816815585015\/","article_published_time":"2020-04-19T10:05:14+00:00","og_image":[{"width":770,"height":513,"url":"https:\/\/infocul.pt\/arquivo\/wp-content\/uploads\/2020\/04\/Birds-Are-Indie01-770x513-1.jpg","type":"image\/jpeg"}],"author":"Rui Lavrador","twitter_card":"summary_large_image","twitter_creator":"@Infoculpt","twitter_site":"@Infoculpt","twitter_misc":{"Escrito por":"Rui Lavrador","Tempo estimado de leitura":"3 minutos"},"schema":{"@context":"https:\/\/schema.org","@graph":[{"@type":"Article","@id":"https:\/\/infocul.pt\/arquivo\/cultura\/birds-are-indie-com-novo-disco-estamos-a-prever-comecar-os-concertos-em-setembro-e-ja-temos-varios-marcados-ate-ao-final-do-ano\/#article","isPartOf":{"@id":"https:\/\/infocul.pt\/arquivo\/cultura\/birds-are-indie-com-novo-disco-estamos-a-prever-comecar-os-concertos-em-setembro-e-ja-temos-varios-marcados-ate-ao-final-do-ano\/"},"author":{"name":"Rui Lavrador","@id":"https:\/\/infocul.pt\/arquivo\/#\/schema\/person\/060a108d7f2d85fc6aae505119ee5234"},"headline":"Birds Are Indie com novo disco: &#8220;Estamos a prever come\u00e7ar os concertos em Setembro e j\u00e1 temos v\u00e1rios marcados at\u00e9 ao final do ano&#8221;","datePublished":"2020-04-19T10:05:14+00:00","mainEntityOfPage":{"@id":"https:\/\/infocul.pt\/arquivo\/cultura\/birds-are-indie-com-novo-disco-estamos-a-prever-comecar-os-concertos-em-setembro-e-ja-temos-varios-marcados-ate-ao-final-do-ano\/"},"wordCount":586,"commentCount":0,"publisher":{"@id":"https:\/\/infocul.pt\/arquivo\/#organization"},"image":{"@id":"https:\/\/infocul.pt\/arquivo\/cultura\/birds-are-indie-com-novo-disco-estamos-a-prever-comecar-os-concertos-em-setembro-e-ja-temos-varios-marcados-ate-ao-final-do-ano\/#primaryimage"},"thumbnailUrl":"https:\/\/infocul.pt\/arquivo\/wp-content\/uploads\/2020\/04\/Birds-Are-Indie01-770x513-1.jpg","keywords":["Birds Are Indie"],"articleSection":["Concertos","Cultura","Destaque","Entrevistas"],"inLanguage":"pt-PT"},{"@type":"WebPage","@id":"https:\/\/infocul.pt\/arquivo\/cultura\/birds-are-indie-com-novo-disco-estamos-a-prever-comecar-os-concertos-em-setembro-e-ja-temos-varios-marcados-ate-ao-final-do-ano\/","url":"https:\/\/infocul.pt\/arquivo\/cultura\/birds-are-indie-com-novo-disco-estamos-a-prever-comecar-os-concertos-em-setembro-e-ja-temos-varios-marcados-ate-ao-final-do-ano\/","name":"Birds Are Indie com novo disco: \"Estamos a prever come\u00e7ar os concertos em Setembro e j\u00e1 temos v\u00e1rios marcados at\u00e9 ao final do ano\" | Infocul.pt - Arquivo Digital","isPartOf":{"@id":"https:\/\/infocul.pt\/arquivo\/#website"},"primaryImageOfPage":{"@id":"https:\/\/infocul.pt\/arquivo\/cultura\/birds-are-indie-com-novo-disco-estamos-a-prever-comecar-os-concertos-em-setembro-e-ja-temos-varios-marcados-ate-ao-final-do-ano\/#primaryimage"},"image":{"@id":"https:\/\/infocul.pt\/arquivo\/cultura\/birds-are-indie-com-novo-disco-estamos-a-prever-comecar-os-concertos-em-setembro-e-ja-temos-varios-marcados-ate-ao-final-do-ano\/#primaryimage"},"thumbnailUrl":"https:\/\/infocul.pt\/arquivo\/wp-content\/uploads\/2020\/04\/Birds-Are-Indie01-770x513-1.jpg","datePublished":"2020-04-19T10:05:14+00:00","description":"Birds Are Indie com novo disco: \"Estamos a prever come\u00e7ar os concertos em Setembro e j\u00e1 temos v\u00e1rios marcados at\u00e9 ao final do ano\" | Infocul.pt - Arquivo Digital","breadcrumb":{"@id":"https:\/\/infocul.pt\/arquivo\/cultura\/birds-are-indie-com-novo-disco-estamos-a-prever-comecar-os-concertos-em-setembro-e-ja-temos-varios-marcados-ate-ao-final-do-ano\/#breadcrumb"},"inLanguage":"pt-PT","potentialAction":[{"@type":"ReadAction","target":["https:\/\/infocul.pt\/arquivo\/cultura\/birds-are-indie-com-novo-disco-estamos-a-prever-comecar-os-concertos-em-setembro-e-ja-temos-varios-marcados-ate-ao-final-do-ano\/"]}]},{"@type":"ImageObject","inLanguage":"pt-PT","@id":"https:\/\/infocul.pt\/arquivo\/cultura\/birds-are-indie-com-novo-disco-estamos-a-prever-comecar-os-concertos-em-setembro-e-ja-temos-varios-marcados-ate-ao-final-do-ano\/#primaryimage","url":"https:\/\/infocul.pt\/arquivo\/wp-content\/uploads\/2020\/04\/Birds-Are-Indie01-770x513-1.jpg","contentUrl":"https:\/\/infocul.pt\/arquivo\/wp-content\/uploads\/2020\/04\/Birds-Are-Indie01-770x513-1.jpg","width":770,"height":513},{"@type":"BreadcrumbList","@id":"https:\/\/infocul.pt\/arquivo\/cultura\/birds-are-indie-com-novo-disco-estamos-a-prever-comecar-os-concertos-em-setembro-e-ja-temos-varios-marcados-ate-ao-final-do-ano\/#breadcrumb","itemListElement":[{"@type":"ListItem","position":1,"name":"Home","item":"https:\/\/infocul.pt\/arquivo\/"},{"@type":"ListItem","position":2,"name":"Birds Are Indie com novo disco: &#8220;Estamos a prever come\u00e7ar os concertos em Setembro e j\u00e1 temos v\u00e1rios marcados at\u00e9 ao final do ano&#8221;"}]},{"@type":"WebSite","@id":"https:\/\/infocul.pt\/arquivo\/#website","url":"https:\/\/infocul.pt\/arquivo\/","name":"Infocul.pt - Arquivo Digital","description":"Arquivo digital da Infocul.pt","publisher":{"@id":"https:\/\/infocul.pt\/arquivo\/#organization"},"potentialAction":[{"@type":"SearchAction","target":{"@type":"EntryPoint","urlTemplate":"https:\/\/infocul.pt\/arquivo\/?s={search_term_string}"},"query-input":{"@type":"PropertyValueSpecification","valueRequired":true,"valueName":"search_term_string"}}],"inLanguage":"pt-PT"},{"@type":"Organization","@id":"https:\/\/infocul.pt\/arquivo\/#organization","name":"Infocul.pt","url":"https:\/\/infocul.pt\/arquivo\/","logo":{"@type":"ImageObject","inLanguage":"pt-PT","@id":"https:\/\/infocul.pt\/arquivo\/#\/schema\/logo\/image\/","url":"https:\/\/infocul.pt\/arquivo\/wp-content\/uploads\/2018\/12\/Infocul_logo-1.png","contentUrl":"https:\/\/infocul.pt\/arquivo\/wp-content\/uploads\/2018\/12\/Infocul_logo-1.png","width":800,"height":800,"caption":"Infocul.pt"},"image":{"@id":"https:\/\/infocul.pt\/arquivo\/#\/schema\/logo\/image\/"},"sameAs":["https:\/\/www.facebook.com\/Infocul-147816815585015\/","https:\/\/x.com\/Infoculpt","http:\/\/www.pictaram.com\/user\/infocul.pt\/2370423710","https:\/\/www.youtube.com\/channel\/UCYEB91AGI9FL9ek2i_IaQAA"]},{"@type":"Person","@id":"https:\/\/infocul.pt\/arquivo\/#\/schema\/person\/060a108d7f2d85fc6aae505119ee5234","name":"Rui Lavrador","image":{"@type":"ImageObject","inLanguage":"pt-PT","@id":"https:\/\/secure.gravatar.com\/avatar\/93febd6873394aa8e975148548a0cb203acfdd42d2c85c5f1408e1a76678aece?s=96&d=mm&r=g","url":"https:\/\/secure.gravatar.com\/avatar\/93febd6873394aa8e975148548a0cb203acfdd42d2c85c5f1408e1a76678aece?s=96&d=mm&r=g","contentUrl":"https:\/\/secure.gravatar.com\/avatar\/93febd6873394aa8e975148548a0cb203acfdd42d2c85c5f1408e1a76678aece?s=96&d=mm&r=g","caption":"Rui Lavrador"},"description":"Iniciou em 2011 o seu percurso em comunica\u00e7\u00e3o social, tendo integrado v\u00e1rios projectos editoriais. Durante o seu percurso integrou projectos como Jornal Hardm\u00fasica, LusoNot\u00edcias, Toureio.pt, ODigital.pt, entre outros \u00d3rg\u00e3os de Comunica\u00e7\u00e3o Social nacionais, na redac\u00e7\u00e3o de v\u00e1rios artigos. Entrevistou a grande maioria das personalidades mais importantes da vida social e cultural do pa\u00eds, destacando-se, tamb\u00e9m, na aprecia\u00e7\u00e3o de v\u00e1rios espect\u00e1culos. Durante o seu percurso, deu a conhecer v\u00e1rios artistas, at\u00e9 ent\u00e3o desconhecidos, ao grande p\u00fablico. Em 2015 criou e fundou o Infocul.pt, projecto no qual assume a direc\u00e7\u00e3o editorial.","sameAs":["http:\/\/www.infocul.pt"]}]}},"_links":{"self":[{"href":"https:\/\/infocul.pt\/arquivo\/wp-json\/wp\/v2\/posts\/70144","targetHints":{"allow":["GET"]}}],"collection":[{"href":"https:\/\/infocul.pt\/arquivo\/wp-json\/wp\/v2\/posts"}],"about":[{"href":"https:\/\/infocul.pt\/arquivo\/wp-json\/wp\/v2\/types\/post"}],"author":[{"embeddable":true,"href":"https:\/\/infocul.pt\/arquivo\/wp-json\/wp\/v2\/users\/2"}],"replies":[{"embeddable":true,"href":"https:\/\/infocul.pt\/arquivo\/wp-json\/wp\/v2\/comments?post=70144"}],"version-history":[{"count":0,"href":"https:\/\/infocul.pt\/arquivo\/wp-json\/wp\/v2\/posts\/70144\/revisions"}],"wp:featuredmedia":[{"embeddable":true,"href":"https:\/\/infocul.pt\/arquivo\/wp-json\/wp\/v2\/media\/70145"}],"wp:attachment":[{"href":"https:\/\/infocul.pt\/arquivo\/wp-json\/wp\/v2\/media?parent=70144"}],"wp:term":[{"taxonomy":"category","embeddable":true,"href":"https:\/\/infocul.pt\/arquivo\/wp-json\/wp\/v2\/categories?post=70144"},{"taxonomy":"post_tag","embeddable":true,"href":"https:\/\/infocul.pt\/arquivo\/wp-json\/wp\/v2\/tags?post=70144"}],"curies":[{"name":"wp","href":"https:\/\/api.w.org\/{rel}","templated":true}]}}