{"id":70217,"date":"2020-04-20T16:50:51","date_gmt":"2020-04-20T15:50:51","guid":{"rendered":"https:\/\/infocul.pt\/?p=70217"},"modified":"2020-04-20T16:50:51","modified_gmt":"2020-04-20T15:50:51","slug":"vila-real-detido-em-flagrante-por-uso-de-meios-proibidos-na-caca","status":"publish","type":"post","link":"https:\/\/infocul.pt\/arquivo\/actualidade\/vila-real-detido-em-flagrante-por-uso-de-meios-proibidos-na-caca\/","title":{"rendered":"Vila Real: Detido em flagrante por uso de meios proibidos na ca\u00e7a"},"content":{"rendered":"<p><img decoding=\"async\" class=\"aligncenter wp-image-70218 size-large lazyload\" data-src=\"https:\/\/infocul.pt\/arquivo\/wp-content\/uploads\/2020\/04\/GNR-Vila-Real-Apreens\u00e3o-1024x768.jpg\" alt=\"\" width=\"800\" height=\"600\" data-srcset=\"https:\/\/infocul.pt\/arquivo\/wp-content\/uploads\/2020\/04\/GNR-Vila-Real-Apreens\u00e3o.jpg 1024w, https:\/\/infocul.pt\/arquivo\/wp-content\/uploads\/2020\/04\/GNR-Vila-Real-Apreens\u00e3o-300x225.jpg 300w, https:\/\/infocul.pt\/arquivo\/wp-content\/uploads\/2020\/04\/GNR-Vila-Real-Apreens\u00e3o-768x576.jpg 768w\" data-sizes=\"(max-width: 800px) 100vw, 800px\" src=\"data:image\/svg+xml;base64,PHN2ZyB3aWR0aD0iMSIgaGVpZ2h0PSIxIiB4bWxucz0iaHR0cDovL3d3dy53My5vcmcvMjAwMC9zdmciPjwvc3ZnPg==\" style=\"--smush-placeholder-width: 800px; --smush-placeholder-aspect-ratio: 800\/600;\" \/><\/p>\n<p>O Comando Territorial de Vila Real, atrav\u00e9s do N\u00facleo de Protec\u00e7\u00e3o do Ambiente de Vila Real, ontem, dia 19 de Abril, deteve em flagrante um homem de 44 anos, por fazer uso de meios proibidos no exerc\u00edcio da ca\u00e7a, em Vila Real.<!--more--><\/p>\n<p>Na sequ\u00eancia de uma fiscaliza\u00e7\u00e3o ao exerc\u00edcio da ca\u00e7a, e tendo em conta as normas em vigor pelo estado de emerg\u00eancia, os militares detectaram um homem que ca\u00e7ava com recurso a la\u00e7os em a\u00e7o, o que culminou de imediato na sua deten\u00e7\u00e3o, tendo em conta que este \u00e9 um m\u00e9todo proibido de ca\u00e7a pois n\u00e3o diferencia a esp\u00e9cie, o seu porte, nem a sua idade.<\/p>\n<p>No decorrer da ac\u00e7\u00e3o foram apreendidos sete la\u00e7os em a\u00e7o, uma foice e uma espiga de milho.<\/p>\n<p>O detido foi constitu\u00eddo arguido e os factos remetidos ao Tribunal Judicial de Vila Real.<\/p>\n<p>A GNR relembra que no exerc\u00edcio do ato venat\u00f3rio \u00e9 proibido a ca\u00e7a de esp\u00e9cies n\u00e3o cineg\u00e9ticas, a ca\u00e7a em terrenos cobertos de neve, com excep\u00e7\u00e3o de esp\u00e9cies de ca\u00e7a maior (ex.: javali, veado, etc.), o abandono dos animais que acompanham o ca\u00e7ador, a captura ou destrui\u00e7\u00e3o dos ninhos, dos ovos e crias de qualquer esp\u00e9cie. Estas pr\u00e1ticas s\u00e3o tipificadas na lei como crime.<\/p>\n","protected":false},"excerpt":{"rendered":"<p>O Comando Territorial de Vila Real, atrav\u00e9s do N\u00facleo de Protec\u00e7\u00e3o do Ambiente de Vila Real, ontem, dia 19 de Abril, deteve em flagrante um homem de 44 anos, por fazer uso de meios proibidos no exerc\u00edcio da ca\u00e7a, em Vila Real.<\/p>\n","protected":false},"author":13,"featured_media":70218,"comment_status":"open","ping_status":"closed","sticky":false,"template":"","format":"standard","meta":{"footnotes":""},"categories":[10,11],"tags":[1138,317],"class_list":["post-70217","post","type-post","status-publish","format-standard","has-post-thumbnail","hentry","category-actualidade","category-pais","tag-gnr","tag-vila-real"],"yoast_head":"<!-- This site is optimized with the Yoast SEO plugin v27.4 - https:\/\/yoast.com\/product\/yoast-seo-wordpress\/ -->\n<title>Vila Real: Detido em flagrante por uso de meios proibidos na ca\u00e7a | Infocul.pt - Arquivo Digital<\/title>\n<meta name=\"description\" content=\"Vila Real: Detido em flagrante por uso de meios proibidos na ca\u00e7a | Infocul.pt - Arquivo Digital\" \/>\n<meta name=\"robots\" content=\"noindex, follow, max-snippet:-1, max-image-preview:large, max-video-preview:-1\" \/>\n<meta property=\"og:locale\" content=\"pt_PT\" \/>\n<meta property=\"og:type\" content=\"article\" \/>\n<meta property=\"og:title\" content=\"Vila Real: Detido em flagrante por uso de meios proibidos na ca\u00e7a | Infocul.pt - Arquivo Digital\" \/>\n<meta property=\"og:description\" content=\"Vila Real: Detido em flagrante por uso de meios proibidos na ca\u00e7a | Infocul.pt - Arquivo Digital\" \/>\n<meta property=\"og:url\" content=\"https:\/\/infocul.pt\/arquivo\/actualidade\/vila-real-detido-em-flagrante-por-uso-de-meios-proibidos-na-caca\/\" \/>\n<meta property=\"og:site_name\" content=\"Infocul.pt - Arquivo Digital\" \/>\n<meta property=\"article:publisher\" content=\"https:\/\/www.facebook.com\/Infocul-147816815585015\/\" \/>\n<meta property=\"article:published_time\" content=\"2020-04-20T15:50:51+00:00\" \/>\n<meta property=\"og:image\" content=\"https:\/\/infocul.pt\/arquivo\/wp-content\/uploads\/2020\/04\/GNR-Vila-Real-Apreens\u00e3o.jpg\" \/>\n\t<meta property=\"og:image:width\" content=\"1024\" \/>\n\t<meta property=\"og:image:height\" content=\"768\" \/>\n\t<meta property=\"og:image:type\" content=\"image\/jpeg\" \/>\n<meta name=\"author\" content=\"Redac\u00e7\u00e3o\" \/>\n<meta name=\"twitter:card\" content=\"summary_large_image\" \/>\n<meta name=\"twitter:creator\" content=\"@Infoculpt\" \/>\n<meta name=\"twitter:site\" content=\"@Infoculpt\" \/>\n<meta name=\"twitter:label1\" content=\"Escrito por\" \/>\n\t<meta name=\"twitter:data1\" content=\"Redac\u00e7\u00e3o\" \/>\n\t<meta name=\"twitter:label2\" content=\"Tempo estimado de leitura\" \/>\n\t<meta name=\"twitter:data2\" content=\"1 minuto\" \/>\n<script type=\"application\/ld+json\" class=\"yoast-schema-graph\">{\"@context\":\"https:\\\/\\\/schema.org\",\"@graph\":[{\"@type\":\"Article\",\"@id\":\"https:\\\/\\\/infocul.pt\\\/arquivo\\\/actualidade\\\/vila-real-detido-em-flagrante-por-uso-de-meios-proibidos-na-caca\\\/#article\",\"isPartOf\":{\"@id\":\"https:\\\/\\\/infocul.pt\\\/arquivo\\\/actualidade\\\/vila-real-detido-em-flagrante-por-uso-de-meios-proibidos-na-caca\\\/\"},\"author\":{\"name\":\"Redac\u00e7\u00e3o\",\"@id\":\"https:\\\/\\\/infocul.pt\\\/arquivo\\\/#\\\/schema\\\/person\\\/f243f45ae8d67639120a7586884f3abc\"},\"headline\":\"Vila Real: Detido em flagrante por uso de meios proibidos na ca\u00e7a\",\"datePublished\":\"2020-04-20T15:50:51+00:00\",\"mainEntityOfPage\":{\"@id\":\"https:\\\/\\\/infocul.pt\\\/arquivo\\\/actualidade\\\/vila-real-detido-em-flagrante-por-uso-de-meios-proibidos-na-caca\\\/\"},\"wordCount\":249,\"commentCount\":0,\"publisher\":{\"@id\":\"https:\\\/\\\/infocul.pt\\\/arquivo\\\/#organization\"},\"image\":{\"@id\":\"https:\\\/\\\/infocul.pt\\\/arquivo\\\/actualidade\\\/vila-real-detido-em-flagrante-por-uso-de-meios-proibidos-na-caca\\\/#primaryimage\"},\"thumbnailUrl\":\"https:\\\/\\\/infocul.pt\\\/arquivo\\\/wp-content\\\/uploads\\\/2020\\\/04\\\/GNR-Vila-Real-Apreens\u00e3o.jpg\",\"keywords\":[\"GNR\",\"Vila Real\"],\"articleSection\":[\"Actualidade\",\"Pa\u00eds\"],\"inLanguage\":\"pt-PT\"},{\"@type\":\"WebPage\",\"@id\":\"https:\\\/\\\/infocul.pt\\\/arquivo\\\/actualidade\\\/vila-real-detido-em-flagrante-por-uso-de-meios-proibidos-na-caca\\\/\",\"url\":\"https:\\\/\\\/infocul.pt\\\/arquivo\\\/actualidade\\\/vila-real-detido-em-flagrante-por-uso-de-meios-proibidos-na-caca\\\/\",\"name\":\"Vila Real: Detido em flagrante por uso de meios proibidos na ca\u00e7a | Infocul.pt - Arquivo Digital\",\"isPartOf\":{\"@id\":\"https:\\\/\\\/infocul.pt\\\/arquivo\\\/#website\"},\"primaryImageOfPage\":{\"@id\":\"https:\\\/\\\/infocul.pt\\\/arquivo\\\/actualidade\\\/vila-real-detido-em-flagrante-por-uso-de-meios-proibidos-na-caca\\\/#primaryimage\"},\"image\":{\"@id\":\"https:\\\/\\\/infocul.pt\\\/arquivo\\\/actualidade\\\/vila-real-detido-em-flagrante-por-uso-de-meios-proibidos-na-caca\\\/#primaryimage\"},\"thumbnailUrl\":\"https:\\\/\\\/infocul.pt\\\/arquivo\\\/wp-content\\\/uploads\\\/2020\\\/04\\\/GNR-Vila-Real-Apreens\u00e3o.jpg\",\"datePublished\":\"2020-04-20T15:50:51+00:00\",\"description\":\"Vila Real: Detido em flagrante por uso de meios proibidos na ca\u00e7a | Infocul.pt - Arquivo Digital\",\"breadcrumb\":{\"@id\":\"https:\\\/\\\/infocul.pt\\\/arquivo\\\/actualidade\\\/vila-real-detido-em-flagrante-por-uso-de-meios-proibidos-na-caca\\\/#breadcrumb\"},\"inLanguage\":\"pt-PT\",\"potentialAction\":[{\"@type\":\"ReadAction\",\"target\":[\"https:\\\/\\\/infocul.pt\\\/arquivo\\\/actualidade\\\/vila-real-detido-em-flagrante-por-uso-de-meios-proibidos-na-caca\\\/\"]}]},{\"@type\":\"ImageObject\",\"inLanguage\":\"pt-PT\",\"@id\":\"https:\\\/\\\/infocul.pt\\\/arquivo\\\/actualidade\\\/vila-real-detido-em-flagrante-por-uso-de-meios-proibidos-na-caca\\\/#primaryimage\",\"url\":\"https:\\\/\\\/infocul.pt\\\/arquivo\\\/wp-content\\\/uploads\\\/2020\\\/04\\\/GNR-Vila-Real-Apreens\u00e3o.jpg\",\"contentUrl\":\"https:\\\/\\\/infocul.pt\\\/arquivo\\\/wp-content\\\/uploads\\\/2020\\\/04\\\/GNR-Vila-Real-Apreens\u00e3o.jpg\",\"width\":1024,\"height\":768},{\"@type\":\"BreadcrumbList\",\"@id\":\"https:\\\/\\\/infocul.pt\\\/arquivo\\\/actualidade\\\/vila-real-detido-em-flagrante-por-uso-de-meios-proibidos-na-caca\\\/#breadcrumb\",\"itemListElement\":[{\"@type\":\"ListItem\",\"position\":1,\"name\":\"Home\",\"item\":\"https:\\\/\\\/infocul.pt\\\/arquivo\\\/\"},{\"@type\":\"ListItem\",\"position\":2,\"name\":\"Vila Real: Detido em flagrante por uso de meios proibidos na ca\u00e7a\"}]},{\"@type\":\"WebSite\",\"@id\":\"https:\\\/\\\/infocul.pt\\\/arquivo\\\/#website\",\"url\":\"https:\\\/\\\/infocul.pt\\\/arquivo\\\/\",\"name\":\"Infocul.pt - Arquivo Digital\",\"description\":\"Arquivo digital da Infocul.pt\",\"publisher\":{\"@id\":\"https:\\\/\\\/infocul.pt\\\/arquivo\\\/#organization\"},\"potentialAction\":[{\"@type\":\"SearchAction\",\"target\":{\"@type\":\"EntryPoint\",\"urlTemplate\":\"https:\\\/\\\/infocul.pt\\\/arquivo\\\/?s={search_term_string}\"},\"query-input\":{\"@type\":\"PropertyValueSpecification\",\"valueRequired\":true,\"valueName\":\"search_term_string\"}}],\"inLanguage\":\"pt-PT\"},{\"@type\":\"Organization\",\"@id\":\"https:\\\/\\\/infocul.pt\\\/arquivo\\\/#organization\",\"name\":\"Infocul.pt\",\"url\":\"https:\\\/\\\/infocul.pt\\\/arquivo\\\/\",\"logo\":{\"@type\":\"ImageObject\",\"inLanguage\":\"pt-PT\",\"@id\":\"https:\\\/\\\/infocul.pt\\\/arquivo\\\/#\\\/schema\\\/logo\\\/image\\\/\",\"url\":\"https:\\\/\\\/infocul.pt\\\/arquivo\\\/wp-content\\\/uploads\\\/2018\\\/12\\\/Infocul_logo-1.png\",\"contentUrl\":\"https:\\\/\\\/infocul.pt\\\/arquivo\\\/wp-content\\\/uploads\\\/2018\\\/12\\\/Infocul_logo-1.png\",\"width\":800,\"height\":800,\"caption\":\"Infocul.pt\"},\"image\":{\"@id\":\"https:\\\/\\\/infocul.pt\\\/arquivo\\\/#\\\/schema\\\/logo\\\/image\\\/\"},\"sameAs\":[\"https:\\\/\\\/www.facebook.com\\\/Infocul-147816815585015\\\/\",\"https:\\\/\\\/x.com\\\/Infoculpt\",\"http:\\\/\\\/www.pictaram.com\\\/user\\\/infocul.pt\\\/2370423710\",\"https:\\\/\\\/www.youtube.com\\\/channel\\\/UCYEB91AGI9FL9ek2i_IaQAA\"]},{\"@type\":\"Person\",\"@id\":\"https:\\\/\\\/infocul.pt\\\/arquivo\\\/#\\\/schema\\\/person\\\/f243f45ae8d67639120a7586884f3abc\",\"name\":\"Redac\u00e7\u00e3o\",\"image\":{\"@type\":\"ImageObject\",\"inLanguage\":\"pt-PT\",\"@id\":\"https:\\\/\\\/secure.gravatar.com\\\/avatar\\\/151b1b76c598ab5e749407223bd6c1bad4e41c4e95de3c3df83540ebee2deaf8?s=96&d=mm&r=g\",\"url\":\"https:\\\/\\\/secure.gravatar.com\\\/avatar\\\/151b1b76c598ab5e749407223bd6c1bad4e41c4e95de3c3df83540ebee2deaf8?s=96&d=mm&r=g\",\"contentUrl\":\"https:\\\/\\\/secure.gravatar.com\\\/avatar\\\/151b1b76c598ab5e749407223bd6c1bad4e41c4e95de3c3df83540ebee2deaf8?s=96&d=mm&r=g\",\"caption\":\"Redac\u00e7\u00e3o\"}}]}<\/script>\n<!-- \/ Yoast SEO plugin. -->","yoast_head_json":{"title":"Vila Real: Detido em flagrante por uso de meios proibidos na ca\u00e7a | Infocul.pt - Arquivo Digital","description":"Vila Real: Detido em flagrante por uso de meios proibidos na ca\u00e7a | Infocul.pt - Arquivo Digital","robots":{"index":"noindex","follow":"follow","max-snippet":"max-snippet:-1","max-image-preview":"max-image-preview:large","max-video-preview":"max-video-preview:-1"},"og_locale":"pt_PT","og_type":"article","og_title":"Vila Real: Detido em flagrante por uso de meios proibidos na ca\u00e7a | Infocul.pt - Arquivo Digital","og_description":"Vila Real: Detido em flagrante por uso de meios proibidos na ca\u00e7a | Infocul.pt - Arquivo Digital","og_url":"https:\/\/infocul.pt\/arquivo\/actualidade\/vila-real-detido-em-flagrante-por-uso-de-meios-proibidos-na-caca\/","og_site_name":"Infocul.pt - Arquivo Digital","article_publisher":"https:\/\/www.facebook.com\/Infocul-147816815585015\/","article_published_time":"2020-04-20T15:50:51+00:00","og_image":[{"width":1024,"height":768,"url":"https:\/\/infocul.pt\/arquivo\/wp-content\/uploads\/2020\/04\/GNR-Vila-Real-Apreens\u00e3o.jpg","type":"image\/jpeg"}],"author":"Redac\u00e7\u00e3o","twitter_card":"summary_large_image","twitter_creator":"@Infoculpt","twitter_site":"@Infoculpt","twitter_misc":{"Escrito por":"Redac\u00e7\u00e3o","Tempo estimado de leitura":"1 minuto"},"schema":{"@context":"https:\/\/schema.org","@graph":[{"@type":"Article","@id":"https:\/\/infocul.pt\/arquivo\/actualidade\/vila-real-detido-em-flagrante-por-uso-de-meios-proibidos-na-caca\/#article","isPartOf":{"@id":"https:\/\/infocul.pt\/arquivo\/actualidade\/vila-real-detido-em-flagrante-por-uso-de-meios-proibidos-na-caca\/"},"author":{"name":"Redac\u00e7\u00e3o","@id":"https:\/\/infocul.pt\/arquivo\/#\/schema\/person\/f243f45ae8d67639120a7586884f3abc"},"headline":"Vila Real: Detido em flagrante por uso de meios proibidos na ca\u00e7a","datePublished":"2020-04-20T15:50:51+00:00","mainEntityOfPage":{"@id":"https:\/\/infocul.pt\/arquivo\/actualidade\/vila-real-detido-em-flagrante-por-uso-de-meios-proibidos-na-caca\/"},"wordCount":249,"commentCount":0,"publisher":{"@id":"https:\/\/infocul.pt\/arquivo\/#organization"},"image":{"@id":"https:\/\/infocul.pt\/arquivo\/actualidade\/vila-real-detido-em-flagrante-por-uso-de-meios-proibidos-na-caca\/#primaryimage"},"thumbnailUrl":"https:\/\/infocul.pt\/arquivo\/wp-content\/uploads\/2020\/04\/GNR-Vila-Real-Apreens\u00e3o.jpg","keywords":["GNR","Vila Real"],"articleSection":["Actualidade","Pa\u00eds"],"inLanguage":"pt-PT"},{"@type":"WebPage","@id":"https:\/\/infocul.pt\/arquivo\/actualidade\/vila-real-detido-em-flagrante-por-uso-de-meios-proibidos-na-caca\/","url":"https:\/\/infocul.pt\/arquivo\/actualidade\/vila-real-detido-em-flagrante-por-uso-de-meios-proibidos-na-caca\/","name":"Vila Real: Detido em flagrante por uso de meios proibidos na ca\u00e7a | Infocul.pt - Arquivo Digital","isPartOf":{"@id":"https:\/\/infocul.pt\/arquivo\/#website"},"primaryImageOfPage":{"@id":"https:\/\/infocul.pt\/arquivo\/actualidade\/vila-real-detido-em-flagrante-por-uso-de-meios-proibidos-na-caca\/#primaryimage"},"image":{"@id":"https:\/\/infocul.pt\/arquivo\/actualidade\/vila-real-detido-em-flagrante-por-uso-de-meios-proibidos-na-caca\/#primaryimage"},"thumbnailUrl":"https:\/\/infocul.pt\/arquivo\/wp-content\/uploads\/2020\/04\/GNR-Vila-Real-Apreens\u00e3o.jpg","datePublished":"2020-04-20T15:50:51+00:00","description":"Vila Real: Detido em flagrante por uso de meios proibidos na ca\u00e7a | Infocul.pt - Arquivo Digital","breadcrumb":{"@id":"https:\/\/infocul.pt\/arquivo\/actualidade\/vila-real-detido-em-flagrante-por-uso-de-meios-proibidos-na-caca\/#breadcrumb"},"inLanguage":"pt-PT","potentialAction":[{"@type":"ReadAction","target":["https:\/\/infocul.pt\/arquivo\/actualidade\/vila-real-detido-em-flagrante-por-uso-de-meios-proibidos-na-caca\/"]}]},{"@type":"ImageObject","inLanguage":"pt-PT","@id":"https:\/\/infocul.pt\/arquivo\/actualidade\/vila-real-detido-em-flagrante-por-uso-de-meios-proibidos-na-caca\/#primaryimage","url":"https:\/\/infocul.pt\/arquivo\/wp-content\/uploads\/2020\/04\/GNR-Vila-Real-Apreens\u00e3o.jpg","contentUrl":"https:\/\/infocul.pt\/arquivo\/wp-content\/uploads\/2020\/04\/GNR-Vila-Real-Apreens\u00e3o.jpg","width":1024,"height":768},{"@type":"BreadcrumbList","@id":"https:\/\/infocul.pt\/arquivo\/actualidade\/vila-real-detido-em-flagrante-por-uso-de-meios-proibidos-na-caca\/#breadcrumb","itemListElement":[{"@type":"ListItem","position":1,"name":"Home","item":"https:\/\/infocul.pt\/arquivo\/"},{"@type":"ListItem","position":2,"name":"Vila Real: Detido em flagrante por uso de meios proibidos na ca\u00e7a"}]},{"@type":"WebSite","@id":"https:\/\/infocul.pt\/arquivo\/#website","url":"https:\/\/infocul.pt\/arquivo\/","name":"Infocul.pt - Arquivo Digital","description":"Arquivo digital da Infocul.pt","publisher":{"@id":"https:\/\/infocul.pt\/arquivo\/#organization"},"potentialAction":[{"@type":"SearchAction","target":{"@type":"EntryPoint","urlTemplate":"https:\/\/infocul.pt\/arquivo\/?s={search_term_string}"},"query-input":{"@type":"PropertyValueSpecification","valueRequired":true,"valueName":"search_term_string"}}],"inLanguage":"pt-PT"},{"@type":"Organization","@id":"https:\/\/infocul.pt\/arquivo\/#organization","name":"Infocul.pt","url":"https:\/\/infocul.pt\/arquivo\/","logo":{"@type":"ImageObject","inLanguage":"pt-PT","@id":"https:\/\/infocul.pt\/arquivo\/#\/schema\/logo\/image\/","url":"https:\/\/infocul.pt\/arquivo\/wp-content\/uploads\/2018\/12\/Infocul_logo-1.png","contentUrl":"https:\/\/infocul.pt\/arquivo\/wp-content\/uploads\/2018\/12\/Infocul_logo-1.png","width":800,"height":800,"caption":"Infocul.pt"},"image":{"@id":"https:\/\/infocul.pt\/arquivo\/#\/schema\/logo\/image\/"},"sameAs":["https:\/\/www.facebook.com\/Infocul-147816815585015\/","https:\/\/x.com\/Infoculpt","http:\/\/www.pictaram.com\/user\/infocul.pt\/2370423710","https:\/\/www.youtube.com\/channel\/UCYEB91AGI9FL9ek2i_IaQAA"]},{"@type":"Person","@id":"https:\/\/infocul.pt\/arquivo\/#\/schema\/person\/f243f45ae8d67639120a7586884f3abc","name":"Redac\u00e7\u00e3o","image":{"@type":"ImageObject","inLanguage":"pt-PT","@id":"https:\/\/secure.gravatar.com\/avatar\/151b1b76c598ab5e749407223bd6c1bad4e41c4e95de3c3df83540ebee2deaf8?s=96&d=mm&r=g","url":"https:\/\/secure.gravatar.com\/avatar\/151b1b76c598ab5e749407223bd6c1bad4e41c4e95de3c3df83540ebee2deaf8?s=96&d=mm&r=g","contentUrl":"https:\/\/secure.gravatar.com\/avatar\/151b1b76c598ab5e749407223bd6c1bad4e41c4e95de3c3df83540ebee2deaf8?s=96&d=mm&r=g","caption":"Redac\u00e7\u00e3o"}}]}},"_links":{"self":[{"href":"https:\/\/infocul.pt\/arquivo\/wp-json\/wp\/v2\/posts\/70217","targetHints":{"allow":["GET"]}}],"collection":[{"href":"https:\/\/infocul.pt\/arquivo\/wp-json\/wp\/v2\/posts"}],"about":[{"href":"https:\/\/infocul.pt\/arquivo\/wp-json\/wp\/v2\/types\/post"}],"author":[{"embeddable":true,"href":"https:\/\/infocul.pt\/arquivo\/wp-json\/wp\/v2\/users\/13"}],"replies":[{"embeddable":true,"href":"https:\/\/infocul.pt\/arquivo\/wp-json\/wp\/v2\/comments?post=70217"}],"version-history":[{"count":0,"href":"https:\/\/infocul.pt\/arquivo\/wp-json\/wp\/v2\/posts\/70217\/revisions"}],"wp:featuredmedia":[{"embeddable":true,"href":"https:\/\/infocul.pt\/arquivo\/wp-json\/wp\/v2\/media\/70218"}],"wp:attachment":[{"href":"https:\/\/infocul.pt\/arquivo\/wp-json\/wp\/v2\/media?parent=70217"}],"wp:term":[{"taxonomy":"category","embeddable":true,"href":"https:\/\/infocul.pt\/arquivo\/wp-json\/wp\/v2\/categories?post=70217"},{"taxonomy":"post_tag","embeddable":true,"href":"https:\/\/infocul.pt\/arquivo\/wp-json\/wp\/v2\/tags?post=70217"}],"curies":[{"name":"wp","href":"https:\/\/api.w.org\/{rel}","templated":true}]}}