{"id":70355,"date":"2020-04-22T17:59:00","date_gmt":"2020-04-22T16:59:00","guid":{"rendered":"https:\/\/infocul.pt\/?p=70355"},"modified":"2020-04-22T17:59:00","modified_gmt":"2020-04-22T16:59:00","slug":"realidade-ou-ficcao-cientifica","status":"publish","type":"post","link":"https:\/\/infocul.pt\/arquivo\/actualidade\/realidade-ou-ficcao-cientifica\/","title":{"rendered":"Realidade ou fic\u00e7\u00e3o cient\u00edfica?"},"content":{"rendered":"<p align=\"justify\"><img decoding=\"async\" class=\"aligncenter wp-image-60124 size-full lazyload\" data-src=\"https:\/\/infocul.pt\/arquivo\/wp-content\/uploads\/2019\/09\/Banner-Chakallices.png\" alt=\"\" width=\"800\" height=\"445\" data-srcset=\"https:\/\/infocul.pt\/arquivo\/wp-content\/uploads\/2019\/09\/Banner-Chakallices.png 800w, https:\/\/infocul.pt\/arquivo\/wp-content\/uploads\/2019\/09\/Banner-Chakallices-300x167.png 300w, https:\/\/infocul.pt\/arquivo\/wp-content\/uploads\/2019\/09\/Banner-Chakallices-768x427.png 768w\" data-sizes=\"(max-width: 800px) 100vw, 800px\" src=\"data:image\/svg+xml;base64,PHN2ZyB3aWR0aD0iMSIgaGVpZ2h0PSIxIiB4bWxucz0iaHR0cDovL3d3dy53My5vcmcvMjAwMC9zdmciPjwvc3ZnPg==\" style=\"--smush-placeholder-width: 800px; --smush-placeholder-aspect-ratio: 800\/445;\" \/><\/p>\n<p align=\"justify\"><span style=\"font-family: Liberation Serif, serif;\"><span style=\"font-size: medium;\">Antes de mais nada, espero que os leitores do Infocul estejam bem e em seguran\u00e7a nestes tempos t\u00e3o duros para todos!<\/span><\/span><!--more--><\/p>\n<p align=\"justify\"><span style=\"font-family: Liberation Serif, serif;\"><span style=\"font-size: medium;\">Quando fui desafiado a ter uma cr\u00f3nica regular por aqui, escolhi o dia 22 por ser o meu n\u00famero preferido e c\u00e1 estou eu a partilhar alguns pensamentos meus numa altura na qual podemos todos encarar de v\u00e1rias formas: com um sentimento de pessimismo ou com esperan\u00e7a no futuro, apesar de todas as inc\u00f3gnitas que todos enfrentamos.<\/span><\/span><\/p>\n<p align=\"justify\"><span style=\"font-family: Liberation Serif, serif; font-size: medium;\">Nunca poder\u00edamos imaginar que ir\u00edamos viver uma situa\u00e7\u00e3o semelhante a esta no nosso tempo de vida. Mais habituados a estes cen\u00e1rios apocal\u00edpticos em filmes de fic\u00e7\u00e3o cient\u00edfica, eis que nos bate \u00e0 porta uma pandemia que nos obrigou a \u201cparar\u201d!<\/span><\/p>\n<p align=\"justify\"><span style=\"font-family: Liberation Serif, serif;\"><span style=\"font-size: medium;\">Podemos atribuir ao Universo uma mensagem superior ou divagar sobre dados estat\u00edsticos ou um sem n\u00famero de coisas e teorias.<\/span><\/span><\/p>\n<p align=\"justify\"><span style=\"font-family: Liberation Serif, serif;\"><span style=\"font-size: medium;\">Como dizia atr\u00e1s podemos olhar para tudo isto de v\u00e1rias formas e eu escolho (apesar de todas as condicionantes) olhar para o futuro com otimismo ou pelo menos com esperan\u00e7a no futuro.<\/span><\/span><\/p>\n<p align=\"justify\"><span style=\"font-family: Liberation Serif, serif;\"><span style=\"font-size: medium;\">Em primeiro lugar porque os condicionamentos s\u00e3o gerais e afetam a todos, todas as \u00e1reas, todos os neg\u00f3cios (ou quase todos!), classes sociais, etc, etc. N\u00e3o afetar\u00e3o de igual forma j\u00e1 que se acentuam as desigualdades sociais uma vez mais, mas como ponto de partida, sim, estamos todos num barco semelhante.<\/span><\/span><\/p>\n<p align=\"justify\"><span style=\"font-family: Liberation Serif, serif;\"><span style=\"font-size: medium;\">Depois, porque nos obrigou a parar ou a reinventar a nossa forma de estar. Mais tempo em fam\u00edlia, mais tempo com os filhos, m\u00faltiplos desafios em termos de trabalho, mais tempo de reflex\u00e3o.<\/span><\/span><\/p>\n<p align=\"justify\"><span style=\"font-family: Liberation Serif, serif;\"><span style=\"font-size: medium;\">Aparte de todas as coisas que temos que pensar do ponto de vista dos neg\u00f3cios e da gest\u00e3o \u2013 e como \u00e9 sabido os desafios para a restaura\u00e7\u00e3o s\u00e3o enormes -, importa saber como nos vamos reinventar depois de tudo isto&#8230; Desde logo, se a coopera\u00e7\u00e3o e a solidariedade estar\u00e3o a par e passo com o reerguer da economia. \u00c9 interessante participar em campanhas, como eu j\u00e1 participei na do Minist\u00e9rio da Agricultura que procura chamar a aten\u00e7\u00e3o para o consumo de produtos nacionais e assim \u201cAlimentar quem nos alimenta\u201d, mas depois de tudo isto, vamos colocar isto em pr\u00e1tica ou ser\u00e1 s\u00f3 um momento emotivo no meio de tudo isto?<\/span><\/span><\/p>\n<p align=\"justify\"><span style=\"font-family: Liberation Serif, serif;\"><span style=\"font-size: medium;\">\u00c9 muito bonito cantar e bater palmas \u00e0 janela \u00e0s 22h00 para apoiar os profissionais de sa\u00fade e demais trabalhadores na linha da frente, mas depois de tudo isto vamos estar l\u00e1 para os apoiar incondicionalmente ou vamos voltar \u00e0 cr\u00edtica mesquinha?<\/span><\/span><\/p>\n<p align=\"justify\"><span style=\"font-family: Liberation Serif, serif;\"><span style=\"font-size: medium;\">Estaremos realmente juntos num esfor\u00e7o conjunto depois de tudo isto acabar ou vamos esquecer rapidamente este per\u00edodo de prova\u00e7\u00e3o e voltamos ao nosso \u201cvelho normal\u201d?<\/span><\/span><\/p>\n<p align=\"justify\"><span style=\"font-family: Liberation Serif, serif;\"><span style=\"font-size: medium;\">Vamos aproveitar este confinamento para sermos mais solid\u00e1rios uns com os outros? Vamos aproveitar este desafio para estarmos mais pr\u00f3ximos uns dos outros e fomentar o apoio entre todos ou vamos voltar ao mesmo registo quando for poss\u00edvel voltar a faturar como se n\u00e3o houvesse amanh\u00e3?<\/span><\/span><\/p>\n<p align=\"justify\"><span style=\"font-family: Liberation Serif, serif;\"><span style=\"font-size: medium;\">Na restaura\u00e7\u00e3o os desafios s\u00e3o tremendos e eu, como tantos colegas de profiss\u00e3o, enfrentamos diariamente quest\u00f5es e decis\u00f5es dif\u00edceis. Continuamos a \u201calimentar\u201d a economia com os nossos impostos, sal\u00e1rios e custos operacionais (ainda que nalguns casos um pouco mais reduzidos) mas este \u00e9 tamb\u00e9m um per\u00edodo para percebermos o que podemos fazer diferente sem grandes danos colaterais. Um cozinheiro (ou um chef, como preferirem) e que acumula a dif\u00edcil tarefa de ser tamb\u00e9m empres\u00e1rio tem uma enorme responsabilidade para com os seus funcion\u00e1rios, que representam dezenas de fam\u00edlias. Esta \u00e9, talvez, a minha maior inquieta\u00e7\u00e3o, que creio seja tamb\u00e9m dos meus colegas. E \u00e9 tamb\u00e9m aqui que se percebe de que tamanho \u00e9 o \u201cbarco\u201d onde navegamos. A dimens\u00e3o, \u00e9 antes demais humana!<\/span><\/span><\/p>\n<p align=\"justify\"><span style=\"font-family: Liberation Serif, serif;\"><span style=\"font-size: medium;\">Depois de tudo isto ser\u00e1 um tempo de muita racionalidade, que \u00e9 absolutamente necess\u00e1ria para conseguir crescer, mas que n\u00e3o se perca toda a suposta transforma\u00e7\u00e3o emocional que este per\u00edodo nos trouxe, sob pena de ter sido tudo absolutamente em v\u00e3o.<\/span><\/span><\/p>\n<p align=\"justify\"><span style=\"font-family: Liberation Serif, serif;\"><span style=\"font-size: medium;\">Cuidem-se e c\u00e1 nos encontraremos em junho!<\/span><\/span><\/p>\n","protected":false},"excerpt":{"rendered":"<p>Antes de mais nada, espero que os leitores do Infocul estejam bem e em seguran\u00e7a nestes tempos t\u00e3o duros para todos!<\/p>\n","protected":false},"author":13,"featured_media":60124,"comment_status":"open","ping_status":"closed","sticky":false,"template":"","format":"standard","meta":{"footnotes":""},"categories":[10,36,4121,11],"tags":[],"class_list":["post-70355","post","type-post","status-publish","format-standard","has-post-thumbnail","hentry","category-actualidade","category-destaque","category-opiniao","category-pais"],"yoast_head":"<!-- This site is optimized with the Yoast SEO plugin v27.5 - https:\/\/yoast.com\/product\/yoast-seo-wordpress\/ -->\n<title>Realidade ou fic\u00e7\u00e3o cient\u00edfica? | Infocul.pt - Arquivo Digital<\/title>\n<meta name=\"description\" content=\"Realidade ou fic\u00e7\u00e3o cient\u00edfica? | Infocul.pt - Arquivo Digital\" \/>\n<meta name=\"robots\" content=\"noindex, follow, max-snippet:-1, max-image-preview:large, max-video-preview:-1\" \/>\n<meta property=\"og:locale\" content=\"pt_PT\" \/>\n<meta property=\"og:type\" content=\"article\" \/>\n<meta property=\"og:title\" content=\"Realidade ou fic\u00e7\u00e3o cient\u00edfica? | Infocul.pt - Arquivo Digital\" \/>\n<meta property=\"og:description\" content=\"Realidade ou fic\u00e7\u00e3o cient\u00edfica? | Infocul.pt - Arquivo Digital\" \/>\n<meta property=\"og:url\" content=\"https:\/\/infocul.pt\/arquivo\/actualidade\/realidade-ou-ficcao-cientifica\/\" \/>\n<meta property=\"og:site_name\" content=\"Infocul.pt - Arquivo Digital\" \/>\n<meta property=\"article:publisher\" content=\"https:\/\/www.facebook.com\/Infocul-147816815585015\/\" \/>\n<meta property=\"article:published_time\" content=\"2020-04-22T16:59:00+00:00\" \/>\n<meta property=\"og:image\" content=\"https:\/\/infocul.pt\/arquivo\/wp-content\/uploads\/2019\/09\/Banner-Chakallices.png\" \/>\n\t<meta property=\"og:image:width\" content=\"800\" \/>\n\t<meta property=\"og:image:height\" content=\"445\" \/>\n\t<meta property=\"og:image:type\" content=\"image\/png\" \/>\n<meta name=\"author\" content=\"Redac\u00e7\u00e3o\" \/>\n<meta name=\"twitter:card\" content=\"summary_large_image\" \/>\n<meta name=\"twitter:creator\" content=\"@Infoculpt\" \/>\n<meta name=\"twitter:site\" content=\"@Infoculpt\" \/>\n<meta name=\"twitter:label1\" content=\"Escrito por\" \/>\n\t<meta name=\"twitter:data1\" content=\"Redac\u00e7\u00e3o\" \/>\n\t<meta name=\"twitter:label2\" content=\"Tempo estimado de leitura\" \/>\n\t<meta name=\"twitter:data2\" content=\"4 minutos\" \/>\n<script type=\"application\/ld+json\" class=\"yoast-schema-graph\">{\"@context\":\"https:\\\/\\\/schema.org\",\"@graph\":[{\"@type\":\"Article\",\"@id\":\"https:\\\/\\\/infocul.pt\\\/arquivo\\\/actualidade\\\/realidade-ou-ficcao-cientifica\\\/#article\",\"isPartOf\":{\"@id\":\"https:\\\/\\\/infocul.pt\\\/arquivo\\\/actualidade\\\/realidade-ou-ficcao-cientifica\\\/\"},\"author\":{\"name\":\"Redac\u00e7\u00e3o\",\"@id\":\"https:\\\/\\\/infocul.pt\\\/arquivo\\\/#\\\/schema\\\/person\\\/f243f45ae8d67639120a7586884f3abc\"},\"headline\":\"Realidade ou fic\u00e7\u00e3o cient\u00edfica?\",\"datePublished\":\"2020-04-22T16:59:00+00:00\",\"mainEntityOfPage\":{\"@id\":\"https:\\\/\\\/infocul.pt\\\/arquivo\\\/actualidade\\\/realidade-ou-ficcao-cientifica\\\/\"},\"wordCount\":708,\"commentCount\":0,\"publisher\":{\"@id\":\"https:\\\/\\\/infocul.pt\\\/arquivo\\\/#organization\"},\"image\":{\"@id\":\"https:\\\/\\\/infocul.pt\\\/arquivo\\\/actualidade\\\/realidade-ou-ficcao-cientifica\\\/#primaryimage\"},\"thumbnailUrl\":\"https:\\\/\\\/infocul.pt\\\/arquivo\\\/wp-content\\\/uploads\\\/2019\\\/09\\\/Banner-Chakallices.png\",\"articleSection\":[\"Actualidade\",\"Destaque\",\"Opini\u00e3o\",\"Pa\u00eds\"],\"inLanguage\":\"pt-PT\"},{\"@type\":\"WebPage\",\"@id\":\"https:\\\/\\\/infocul.pt\\\/arquivo\\\/actualidade\\\/realidade-ou-ficcao-cientifica\\\/\",\"url\":\"https:\\\/\\\/infocul.pt\\\/arquivo\\\/actualidade\\\/realidade-ou-ficcao-cientifica\\\/\",\"name\":\"Realidade ou fic\u00e7\u00e3o cient\u00edfica? | Infocul.pt - Arquivo Digital\",\"isPartOf\":{\"@id\":\"https:\\\/\\\/infocul.pt\\\/arquivo\\\/#website\"},\"primaryImageOfPage\":{\"@id\":\"https:\\\/\\\/infocul.pt\\\/arquivo\\\/actualidade\\\/realidade-ou-ficcao-cientifica\\\/#primaryimage\"},\"image\":{\"@id\":\"https:\\\/\\\/infocul.pt\\\/arquivo\\\/actualidade\\\/realidade-ou-ficcao-cientifica\\\/#primaryimage\"},\"thumbnailUrl\":\"https:\\\/\\\/infocul.pt\\\/arquivo\\\/wp-content\\\/uploads\\\/2019\\\/09\\\/Banner-Chakallices.png\",\"datePublished\":\"2020-04-22T16:59:00+00:00\",\"description\":\"Realidade ou fic\u00e7\u00e3o cient\u00edfica? | Infocul.pt - Arquivo Digital\",\"breadcrumb\":{\"@id\":\"https:\\\/\\\/infocul.pt\\\/arquivo\\\/actualidade\\\/realidade-ou-ficcao-cientifica\\\/#breadcrumb\"},\"inLanguage\":\"pt-PT\",\"potentialAction\":[{\"@type\":\"ReadAction\",\"target\":[\"https:\\\/\\\/infocul.pt\\\/arquivo\\\/actualidade\\\/realidade-ou-ficcao-cientifica\\\/\"]}]},{\"@type\":\"ImageObject\",\"inLanguage\":\"pt-PT\",\"@id\":\"https:\\\/\\\/infocul.pt\\\/arquivo\\\/actualidade\\\/realidade-ou-ficcao-cientifica\\\/#primaryimage\",\"url\":\"https:\\\/\\\/infocul.pt\\\/arquivo\\\/wp-content\\\/uploads\\\/2019\\\/09\\\/Banner-Chakallices.png\",\"contentUrl\":\"https:\\\/\\\/infocul.pt\\\/arquivo\\\/wp-content\\\/uploads\\\/2019\\\/09\\\/Banner-Chakallices.png\",\"width\":800,\"height\":445},{\"@type\":\"BreadcrumbList\",\"@id\":\"https:\\\/\\\/infocul.pt\\\/arquivo\\\/actualidade\\\/realidade-ou-ficcao-cientifica\\\/#breadcrumb\",\"itemListElement\":[{\"@type\":\"ListItem\",\"position\":1,\"name\":\"Home\",\"item\":\"https:\\\/\\\/infocul.pt\\\/arquivo\\\/\"},{\"@type\":\"ListItem\",\"position\":2,\"name\":\"Realidade ou fic\u00e7\u00e3o cient\u00edfica?\"}]},{\"@type\":\"WebSite\",\"@id\":\"https:\\\/\\\/infocul.pt\\\/arquivo\\\/#website\",\"url\":\"https:\\\/\\\/infocul.pt\\\/arquivo\\\/\",\"name\":\"Infocul.pt - Arquivo Digital\",\"description\":\"Arquivo digital da Infocul.pt\",\"publisher\":{\"@id\":\"https:\\\/\\\/infocul.pt\\\/arquivo\\\/#organization\"},\"potentialAction\":[{\"@type\":\"SearchAction\",\"target\":{\"@type\":\"EntryPoint\",\"urlTemplate\":\"https:\\\/\\\/infocul.pt\\\/arquivo\\\/?s={search_term_string}\"},\"query-input\":{\"@type\":\"PropertyValueSpecification\",\"valueRequired\":true,\"valueName\":\"search_term_string\"}}],\"inLanguage\":\"pt-PT\"},{\"@type\":\"Organization\",\"@id\":\"https:\\\/\\\/infocul.pt\\\/arquivo\\\/#organization\",\"name\":\"Infocul.pt\",\"url\":\"https:\\\/\\\/infocul.pt\\\/arquivo\\\/\",\"logo\":{\"@type\":\"ImageObject\",\"inLanguage\":\"pt-PT\",\"@id\":\"https:\\\/\\\/infocul.pt\\\/arquivo\\\/#\\\/schema\\\/logo\\\/image\\\/\",\"url\":\"https:\\\/\\\/infocul.pt\\\/arquivo\\\/wp-content\\\/uploads\\\/2018\\\/12\\\/Infocul_logo-1.png\",\"contentUrl\":\"https:\\\/\\\/infocul.pt\\\/arquivo\\\/wp-content\\\/uploads\\\/2018\\\/12\\\/Infocul_logo-1.png\",\"width\":800,\"height\":800,\"caption\":\"Infocul.pt\"},\"image\":{\"@id\":\"https:\\\/\\\/infocul.pt\\\/arquivo\\\/#\\\/schema\\\/logo\\\/image\\\/\"},\"sameAs\":[\"https:\\\/\\\/www.facebook.com\\\/Infocul-147816815585015\\\/\",\"https:\\\/\\\/x.com\\\/Infoculpt\",\"http:\\\/\\\/www.pictaram.com\\\/user\\\/infocul.pt\\\/2370423710\",\"https:\\\/\\\/www.youtube.com\\\/channel\\\/UCYEB91AGI9FL9ek2i_IaQAA\"]},{\"@type\":\"Person\",\"@id\":\"https:\\\/\\\/infocul.pt\\\/arquivo\\\/#\\\/schema\\\/person\\\/f243f45ae8d67639120a7586884f3abc\",\"name\":\"Redac\u00e7\u00e3o\",\"image\":{\"@type\":\"ImageObject\",\"inLanguage\":\"pt-PT\",\"@id\":\"https:\\\/\\\/secure.gravatar.com\\\/avatar\\\/151b1b76c598ab5e749407223bd6c1bad4e41c4e95de3c3df83540ebee2deaf8?s=96&d=mm&r=g\",\"url\":\"https:\\\/\\\/secure.gravatar.com\\\/avatar\\\/151b1b76c598ab5e749407223bd6c1bad4e41c4e95de3c3df83540ebee2deaf8?s=96&d=mm&r=g\",\"contentUrl\":\"https:\\\/\\\/secure.gravatar.com\\\/avatar\\\/151b1b76c598ab5e749407223bd6c1bad4e41c4e95de3c3df83540ebee2deaf8?s=96&d=mm&r=g\",\"caption\":\"Redac\u00e7\u00e3o\"}}]}<\/script>\n<!-- \/ Yoast SEO plugin. -->","yoast_head_json":{"title":"Realidade ou fic\u00e7\u00e3o cient\u00edfica? | Infocul.pt - Arquivo Digital","description":"Realidade ou fic\u00e7\u00e3o cient\u00edfica? | Infocul.pt - Arquivo Digital","robots":{"index":"noindex","follow":"follow","max-snippet":"max-snippet:-1","max-image-preview":"max-image-preview:large","max-video-preview":"max-video-preview:-1"},"og_locale":"pt_PT","og_type":"article","og_title":"Realidade ou fic\u00e7\u00e3o cient\u00edfica? | Infocul.pt - Arquivo Digital","og_description":"Realidade ou fic\u00e7\u00e3o cient\u00edfica? | Infocul.pt - Arquivo Digital","og_url":"https:\/\/infocul.pt\/arquivo\/actualidade\/realidade-ou-ficcao-cientifica\/","og_site_name":"Infocul.pt - Arquivo Digital","article_publisher":"https:\/\/www.facebook.com\/Infocul-147816815585015\/","article_published_time":"2020-04-22T16:59:00+00:00","og_image":[{"width":800,"height":445,"url":"https:\/\/infocul.pt\/arquivo\/wp-content\/uploads\/2019\/09\/Banner-Chakallices.png","type":"image\/png"}],"author":"Redac\u00e7\u00e3o","twitter_card":"summary_large_image","twitter_creator":"@Infoculpt","twitter_site":"@Infoculpt","twitter_misc":{"Escrito por":"Redac\u00e7\u00e3o","Tempo estimado de leitura":"4 minutos"},"schema":{"@context":"https:\/\/schema.org","@graph":[{"@type":"Article","@id":"https:\/\/infocul.pt\/arquivo\/actualidade\/realidade-ou-ficcao-cientifica\/#article","isPartOf":{"@id":"https:\/\/infocul.pt\/arquivo\/actualidade\/realidade-ou-ficcao-cientifica\/"},"author":{"name":"Redac\u00e7\u00e3o","@id":"https:\/\/infocul.pt\/arquivo\/#\/schema\/person\/f243f45ae8d67639120a7586884f3abc"},"headline":"Realidade ou fic\u00e7\u00e3o cient\u00edfica?","datePublished":"2020-04-22T16:59:00+00:00","mainEntityOfPage":{"@id":"https:\/\/infocul.pt\/arquivo\/actualidade\/realidade-ou-ficcao-cientifica\/"},"wordCount":708,"commentCount":0,"publisher":{"@id":"https:\/\/infocul.pt\/arquivo\/#organization"},"image":{"@id":"https:\/\/infocul.pt\/arquivo\/actualidade\/realidade-ou-ficcao-cientifica\/#primaryimage"},"thumbnailUrl":"https:\/\/infocul.pt\/arquivo\/wp-content\/uploads\/2019\/09\/Banner-Chakallices.png","articleSection":["Actualidade","Destaque","Opini\u00e3o","Pa\u00eds"],"inLanguage":"pt-PT"},{"@type":"WebPage","@id":"https:\/\/infocul.pt\/arquivo\/actualidade\/realidade-ou-ficcao-cientifica\/","url":"https:\/\/infocul.pt\/arquivo\/actualidade\/realidade-ou-ficcao-cientifica\/","name":"Realidade ou fic\u00e7\u00e3o cient\u00edfica? | Infocul.pt - Arquivo Digital","isPartOf":{"@id":"https:\/\/infocul.pt\/arquivo\/#website"},"primaryImageOfPage":{"@id":"https:\/\/infocul.pt\/arquivo\/actualidade\/realidade-ou-ficcao-cientifica\/#primaryimage"},"image":{"@id":"https:\/\/infocul.pt\/arquivo\/actualidade\/realidade-ou-ficcao-cientifica\/#primaryimage"},"thumbnailUrl":"https:\/\/infocul.pt\/arquivo\/wp-content\/uploads\/2019\/09\/Banner-Chakallices.png","datePublished":"2020-04-22T16:59:00+00:00","description":"Realidade ou fic\u00e7\u00e3o cient\u00edfica? | Infocul.pt - Arquivo Digital","breadcrumb":{"@id":"https:\/\/infocul.pt\/arquivo\/actualidade\/realidade-ou-ficcao-cientifica\/#breadcrumb"},"inLanguage":"pt-PT","potentialAction":[{"@type":"ReadAction","target":["https:\/\/infocul.pt\/arquivo\/actualidade\/realidade-ou-ficcao-cientifica\/"]}]},{"@type":"ImageObject","inLanguage":"pt-PT","@id":"https:\/\/infocul.pt\/arquivo\/actualidade\/realidade-ou-ficcao-cientifica\/#primaryimage","url":"https:\/\/infocul.pt\/arquivo\/wp-content\/uploads\/2019\/09\/Banner-Chakallices.png","contentUrl":"https:\/\/infocul.pt\/arquivo\/wp-content\/uploads\/2019\/09\/Banner-Chakallices.png","width":800,"height":445},{"@type":"BreadcrumbList","@id":"https:\/\/infocul.pt\/arquivo\/actualidade\/realidade-ou-ficcao-cientifica\/#breadcrumb","itemListElement":[{"@type":"ListItem","position":1,"name":"Home","item":"https:\/\/infocul.pt\/arquivo\/"},{"@type":"ListItem","position":2,"name":"Realidade ou fic\u00e7\u00e3o cient\u00edfica?"}]},{"@type":"WebSite","@id":"https:\/\/infocul.pt\/arquivo\/#website","url":"https:\/\/infocul.pt\/arquivo\/","name":"Infocul.pt - Arquivo Digital","description":"Arquivo digital da Infocul.pt","publisher":{"@id":"https:\/\/infocul.pt\/arquivo\/#organization"},"potentialAction":[{"@type":"SearchAction","target":{"@type":"EntryPoint","urlTemplate":"https:\/\/infocul.pt\/arquivo\/?s={search_term_string}"},"query-input":{"@type":"PropertyValueSpecification","valueRequired":true,"valueName":"search_term_string"}}],"inLanguage":"pt-PT"},{"@type":"Organization","@id":"https:\/\/infocul.pt\/arquivo\/#organization","name":"Infocul.pt","url":"https:\/\/infocul.pt\/arquivo\/","logo":{"@type":"ImageObject","inLanguage":"pt-PT","@id":"https:\/\/infocul.pt\/arquivo\/#\/schema\/logo\/image\/","url":"https:\/\/infocul.pt\/arquivo\/wp-content\/uploads\/2018\/12\/Infocul_logo-1.png","contentUrl":"https:\/\/infocul.pt\/arquivo\/wp-content\/uploads\/2018\/12\/Infocul_logo-1.png","width":800,"height":800,"caption":"Infocul.pt"},"image":{"@id":"https:\/\/infocul.pt\/arquivo\/#\/schema\/logo\/image\/"},"sameAs":["https:\/\/www.facebook.com\/Infocul-147816815585015\/","https:\/\/x.com\/Infoculpt","http:\/\/www.pictaram.com\/user\/infocul.pt\/2370423710","https:\/\/www.youtube.com\/channel\/UCYEB91AGI9FL9ek2i_IaQAA"]},{"@type":"Person","@id":"https:\/\/infocul.pt\/arquivo\/#\/schema\/person\/f243f45ae8d67639120a7586884f3abc","name":"Redac\u00e7\u00e3o","image":{"@type":"ImageObject","inLanguage":"pt-PT","@id":"https:\/\/secure.gravatar.com\/avatar\/151b1b76c598ab5e749407223bd6c1bad4e41c4e95de3c3df83540ebee2deaf8?s=96&d=mm&r=g","url":"https:\/\/secure.gravatar.com\/avatar\/151b1b76c598ab5e749407223bd6c1bad4e41c4e95de3c3df83540ebee2deaf8?s=96&d=mm&r=g","contentUrl":"https:\/\/secure.gravatar.com\/avatar\/151b1b76c598ab5e749407223bd6c1bad4e41c4e95de3c3df83540ebee2deaf8?s=96&d=mm&r=g","caption":"Redac\u00e7\u00e3o"}}]}},"_links":{"self":[{"href":"https:\/\/infocul.pt\/arquivo\/wp-json\/wp\/v2\/posts\/70355","targetHints":{"allow":["GET"]}}],"collection":[{"href":"https:\/\/infocul.pt\/arquivo\/wp-json\/wp\/v2\/posts"}],"about":[{"href":"https:\/\/infocul.pt\/arquivo\/wp-json\/wp\/v2\/types\/post"}],"author":[{"embeddable":true,"href":"https:\/\/infocul.pt\/arquivo\/wp-json\/wp\/v2\/users\/13"}],"replies":[{"embeddable":true,"href":"https:\/\/infocul.pt\/arquivo\/wp-json\/wp\/v2\/comments?post=70355"}],"version-history":[{"count":0,"href":"https:\/\/infocul.pt\/arquivo\/wp-json\/wp\/v2\/posts\/70355\/revisions"}],"wp:featuredmedia":[{"embeddable":true,"href":"https:\/\/infocul.pt\/arquivo\/wp-json\/wp\/v2\/media\/60124"}],"wp:attachment":[{"href":"https:\/\/infocul.pt\/arquivo\/wp-json\/wp\/v2\/media?parent=70355"}],"wp:term":[{"taxonomy":"category","embeddable":true,"href":"https:\/\/infocul.pt\/arquivo\/wp-json\/wp\/v2\/categories?post=70355"},{"taxonomy":"post_tag","embeddable":true,"href":"https:\/\/infocul.pt\/arquivo\/wp-json\/wp\/v2\/tags?post=70355"}],"curies":[{"name":"wp","href":"https:\/\/api.w.org\/{rel}","templated":true}]}}