{"id":70395,"date":"2020-04-23T16:40:12","date_gmt":"2020-04-23T15:40:12","guid":{"rendered":"https:\/\/infocul.pt\/?p=70395"},"modified":"2020-04-23T16:40:12","modified_gmt":"2020-04-23T15:40:12","slug":"sectores-da-tauromaquia-fazem-apelo-e-escrevem-carta-a-ministra-da-cultura","status":"publish","type":"post","link":"https:\/\/infocul.pt\/arquivo\/actualidade\/sectores-da-tauromaquia-fazem-apelo-e-escrevem-carta-a-ministra-da-cultura\/","title":{"rendered":"Sectores da tauromaquia fazem apelo e escrevem carta \u00e0 Ministra da Cultura"},"content":{"rendered":"<p><img decoding=\"async\" class=\"aligncenter wp-image-47881 size-full lazyload\" data-src=\"https:\/\/infocul.pt\/arquivo\/wp-content\/uploads\/2018\/10\/gra\u00e7a-fonseca.jpg\" alt=\"\" width=\"350\" height=\"233\" data-srcset=\"https:\/\/infocul.pt\/arquivo\/wp-content\/uploads\/2018\/10\/gra\u00e7a-fonseca.jpg 350w, https:\/\/infocul.pt\/arquivo\/wp-content\/uploads\/2018\/10\/gra\u00e7a-fonseca-300x200.jpg 300w, https:\/\/infocul.pt\/arquivo\/wp-content\/uploads\/2018\/10\/gra\u00e7a-fonseca-272x182.jpg 272w\" data-sizes=\"(max-width: 350px) 100vw, 350px\" src=\"data:image\/svg+xml;base64,PHN2ZyB3aWR0aD0iMSIgaGVpZ2h0PSIxIiB4bWxucz0iaHR0cDovL3d3dy53My5vcmcvMjAwMC9zdmciPjwvc3ZnPg==\" style=\"--smush-placeholder-width: 350px; --smush-placeholder-aspect-ratio: 350\/233;\" \/><\/p>\n<p>Artistas e profissionais da Associa\u00e7\u00e3o Nacional de Toureiros, Associa\u00e7\u00e3o Portuguesa de Empres\u00e1rios Taurom\u00e1quico e Associa\u00e7\u00e3o Nacional de Grupos de Forcados escreveram uma carta aberta \u00e0 Ministra da Cultura que reproduzimos abaixo.<!--more--><\/p>\n<p>&#8220;<strong>Exma. Sra. Ministra da Cultura Gra\u00e7a Fonseca,<\/strong><\/p>\n<p><strong>Somos cerca de 1800 artistas e profissionais da Tauromaquia, representados nas associa\u00e7\u00f5es abaixo assinadas, e decidimos vir por este meio endere\u00e7ar-lhe uma carta p\u00fablica com o intuito de partilhar consigo parte do ADN da cultura portuguesa.<\/strong><\/p>\n<p><strong>Somos uma das \u00e1reas mais originais e aut\u00eanticas da cultura portuguesa e uma das poucas \u00e1reas culturais que n\u00e3o t\u00eam programas de apoio. Incorporamos quase 100% de m\u00e3o de obra nacional, exportamos cultura portuguesa, contribuindo para a divulga\u00e7\u00e3o da nossa cultura e para o equil\u00edbrio da balan\u00e7a comercial. Fomentamos o turismo e temos de um impacto econ\u00f3mico directo e indirecto de muitos milh\u00f5es de euros, criando emprego e riqueza, muitas vezes em regi\u00f5es deprimidas do interior.<\/strong><\/p>\n<p><strong>Estamos a viver tempos cr\u00edticos e a cultura, tal como a Exma. Sra. Ministra da Cultura Gra\u00e7a Fonseca afirmou, ter\u00e1 um papel crucial quando o estado de emerg\u00eancia terminar. &#8220;A cultura tem o papel fundamental de devolver confian\u00e7a \u00e0s pessoas. Vamos querer sair, vamos querer festejar, estar na rua&#8221;, disse ao Observador.<\/strong><\/p>\n<p><strong>Queremos promover a confian\u00e7a, o festejo e a felicidade das pessoas porque \u00e9 nestes momentos mais dif\u00edceis que a cultura \u00e9 mais precisa do que nunca. Ela \u00e9 &#8220;o alimento de primeira necessidade para a sa\u00fade mental&#8221; e n\u00e3o nos podemos esquecer disso.<\/strong><\/p>\n<p><strong>&#8220;O cancelamento de todas as atividades culturais do pa\u00eds sobretudo em territ\u00f3rios mais distantes dos centros urbanos \u00e9 um desastre econ\u00f3mico&#8221;, explicou vossa excel\u00eancia, mais uma vez ao Observador, e n\u00f3s &#8211; os artistas e profissionais da Tauromaquia &#8211; assinamos por baixo.<\/strong><\/p>\n<p><strong>\u00c9 tempo de &#8220;pegar o touro pelos cornos&#8221;, ir \u00e0 luta, e muito importante, n\u00e3o deixar de forma nenhuma que o cancelamento de atividades culturais sejam uma trag\u00e9dia para Portugal.<\/strong><\/p>\n<p><strong>Representamos economia e emprego com uma implementa\u00e7\u00e3o territorial diversa, entre norte e sul, urbano e interior. E aqui passamos a cit\u00e1-la novamente: &#8220;Para alguns territ\u00f3rios, at\u00e9 mais do interior, a economia local tem um fort\u00edssimo contributo de atividades culturais [por exemplo] de um festival, de uma bienal, de um conjunto de atividades que acontecem com bastante regularidade, j\u00e1 para n\u00e3o falar em tudo o que s\u00e3o eventos de natureza mais local&#8221;, declarou ao mesmo \u00f3rg\u00e3o de comunica\u00e7\u00e3o.<\/strong><\/p>\n<p><strong>A nossa atividade \u00e9 muito particular. Por exemplo \u00e9 sazonal e, por esse motivo, \u00e9 mais afetada pela paragem total dos espect\u00e1culos. As largas dezenas de espect\u00e1culos j\u00e1 perdidos e os que ainda n\u00e3o ser\u00e3o realizados, s\u00e3o imposs\u00edveis de recuperar. Este infort\u00fanio retira-nos meios para obter receitas e suportar custos com um valor elevado, como a alimenta\u00e7\u00e3o e manuten\u00e7\u00e3o de cavalos, a prepara\u00e7\u00e3o t\u00e9cnica e art\u00edstica, as equipas de tratadores, veterin\u00e1rios entre muitos outros. A prepara\u00e7\u00e3o da produ\u00e7\u00e3o dos espect\u00e1culos desta temporada j\u00e1 foi iniciada h\u00e1 largos meses e a sua n\u00e3o realiza\u00e7\u00e3o acarreta avultados preju\u00edzos em investimentos perdidos e redu\u00e7\u00f5es dr\u00e1sticas de receitas.<\/strong><\/p>\n<p><strong>Para vossa excel\u00eancia estar a par, cada corrida de toiros precisa de cerca de 170 intervenientes diretos. \u00c9 urgente que se tomem medidas de apoio nesta fase, que tenham em conta as particularidades deste setor que tutela, e \u00e9 necess\u00e1rio preparar a fase de retoma dos espect\u00e1culos com medidas adaptadas, por exemplo corrigindo com urg\u00eancia o IVA dos espect\u00e1culos taurom\u00e1quicos para 6%, que \u00e9 agora uma medida incontorn\u00e1vel de apoio social \u00e0 cultura e aos artistas.<\/strong><\/p>\n<p><strong>Toureiros, empres\u00e1rios, pessoal t\u00e9cnico, campinos, artes\u00e3os e alfaiates\u2026e, sem esquecer os forcados amadores, todos s\u00e3o fundamentais para a exist\u00eancia da cultura taurina, tal como o para o efeito econ\u00f3mico e riqueza que gera, alimentando fam\u00edlias e regi\u00f5es.<\/strong><\/p>\n<p><strong>Temos v\u00e1rias propostas de medidas que queremos partilhar pessoalmente com vossa excel\u00eancia e esperamos que aceite discuti-las como decorre da sua obriga\u00e7\u00e3o governativa de tutela deste setor.<\/strong><\/p>\n<p><strong>Terminamos esta carta com um pedido importante. Solicitamos, uma vez mais, uma reuni\u00e3o com a Exma. Sra. Ministra da Cultura para ouvir os artistas e profissionais deste setor cultural e perceber o motivo pelo qual fazemos parte do ADN da cultura portuguesa.<\/strong><\/p>\n<p><strong>Agradecendo desde j\u00e1 toda a aten\u00e7\u00e3o dispensada,<\/strong><\/p>\n<p><strong>Cordialmente aguardamos a resposta de sua excel\u00eancia,<\/strong><\/p>\n<p><strong>Associa\u00e7\u00e3o Nacional de Toureiros<\/strong><\/p>\n<p><strong>Associa\u00e7\u00e3o Portuguesa de Empres\u00e1rios Taurom\u00e1quicos<\/strong><\/p>\n<p><strong>Associa\u00e7\u00e3o Nacional de Grupos de Forcados<\/strong>&#8220;<\/p>\n","protected":false},"excerpt":{"rendered":"<p>Artistas e profissionais da Associa\u00e7\u00e3o Nacional de Toureiros, Associa\u00e7\u00e3o Portuguesa de Empres\u00e1rios Taurom\u00e1quico e Associa\u00e7\u00e3o Nacional de Grupos de Forcados escreveram uma carta aberta \u00e0 Ministra da Cultura que reproduzimos abaixo.<\/p>\n","protected":false},"author":13,"featured_media":47881,"comment_status":"open","ping_status":"closed","sticky":false,"template":"","format":"standard","meta":{"footnotes":""},"categories":[10,2,11,16,7],"tags":[5303,5305,5307,1954,160],"class_list":["post-70395","post","type-post","status-publish","format-standard","has-post-thumbnail","hentry","category-actualidade","category-cultura","category-pais","category-politica","category-tauromaquia","tag-associacao-nacional-de-grupos-de-forcados","tag-associacao-nacional-de-toureiros","tag-associacao-portuguesa-de-empresarios-tauromaquicos","tag-ministerio-da-cultura","tag-tauromaquia"],"yoast_head":"<!-- This site is optimized with the Yoast SEO plugin v27.4 - https:\/\/yoast.com\/product\/yoast-seo-wordpress\/ -->\n<title>Sectores da tauromaquia fazem apelo e escrevem carta \u00e0 Ministra da Cultura | Infocul.pt - Arquivo Digital<\/title>\n<meta name=\"description\" content=\"Sectores da tauromaquia fazem apelo e escrevem carta \u00e0 Ministra da Cultura | Infocul.pt - Arquivo Digital\" \/>\n<meta name=\"robots\" content=\"noindex, follow, max-snippet:-1, max-image-preview:large, max-video-preview:-1\" \/>\n<meta property=\"og:locale\" content=\"pt_PT\" \/>\n<meta property=\"og:type\" content=\"article\" \/>\n<meta property=\"og:title\" content=\"Sectores da tauromaquia fazem apelo e escrevem carta \u00e0 Ministra da Cultura | Infocul.pt - Arquivo Digital\" \/>\n<meta property=\"og:description\" content=\"Sectores da tauromaquia fazem apelo e escrevem carta \u00e0 Ministra da Cultura | Infocul.pt - Arquivo Digital\" \/>\n<meta property=\"og:url\" content=\"https:\/\/infocul.pt\/arquivo\/actualidade\/sectores-da-tauromaquia-fazem-apelo-e-escrevem-carta-a-ministra-da-cultura\/\" \/>\n<meta property=\"og:site_name\" content=\"Infocul.pt - Arquivo Digital\" \/>\n<meta property=\"article:publisher\" content=\"https:\/\/www.facebook.com\/Infocul-147816815585015\/\" \/>\n<meta property=\"article:published_time\" content=\"2020-04-23T15:40:12+00:00\" \/>\n<meta property=\"og:image\" content=\"https:\/\/infocul.pt\/arquivo\/wp-content\/uploads\/2018\/10\/gra\u00e7a-fonseca.jpg\" \/>\n\t<meta property=\"og:image:width\" content=\"350\" \/>\n\t<meta property=\"og:image:height\" content=\"233\" \/>\n\t<meta property=\"og:image:type\" content=\"image\/jpeg\" \/>\n<meta name=\"author\" content=\"Redac\u00e7\u00e3o\" \/>\n<meta name=\"twitter:card\" content=\"summary_large_image\" \/>\n<meta name=\"twitter:creator\" content=\"@Infoculpt\" \/>\n<meta name=\"twitter:site\" content=\"@Infoculpt\" \/>\n<meta name=\"twitter:label1\" content=\"Escrito por\" \/>\n\t<meta name=\"twitter:data1\" content=\"Redac\u00e7\u00e3o\" \/>\n\t<meta name=\"twitter:label2\" content=\"Tempo estimado de leitura\" \/>\n\t<meta name=\"twitter:data2\" content=\"4 minutos\" \/>\n<script type=\"application\/ld+json\" class=\"yoast-schema-graph\">{\"@context\":\"https:\\\/\\\/schema.org\",\"@graph\":[{\"@type\":\"Article\",\"@id\":\"https:\\\/\\\/infocul.pt\\\/arquivo\\\/actualidade\\\/sectores-da-tauromaquia-fazem-apelo-e-escrevem-carta-a-ministra-da-cultura\\\/#article\",\"isPartOf\":{\"@id\":\"https:\\\/\\\/infocul.pt\\\/arquivo\\\/actualidade\\\/sectores-da-tauromaquia-fazem-apelo-e-escrevem-carta-a-ministra-da-cultura\\\/\"},\"author\":{\"name\":\"Redac\u00e7\u00e3o\",\"@id\":\"https:\\\/\\\/infocul.pt\\\/arquivo\\\/#\\\/schema\\\/person\\\/f243f45ae8d67639120a7586884f3abc\"},\"headline\":\"Sectores da tauromaquia fazem apelo e escrevem carta \u00e0 Ministra da Cultura\",\"datePublished\":\"2020-04-23T15:40:12+00:00\",\"mainEntityOfPage\":{\"@id\":\"https:\\\/\\\/infocul.pt\\\/arquivo\\\/actualidade\\\/sectores-da-tauromaquia-fazem-apelo-e-escrevem-carta-a-ministra-da-cultura\\\/\"},\"wordCount\":792,\"commentCount\":0,\"publisher\":{\"@id\":\"https:\\\/\\\/infocul.pt\\\/arquivo\\\/#organization\"},\"image\":{\"@id\":\"https:\\\/\\\/infocul.pt\\\/arquivo\\\/actualidade\\\/sectores-da-tauromaquia-fazem-apelo-e-escrevem-carta-a-ministra-da-cultura\\\/#primaryimage\"},\"thumbnailUrl\":\"https:\\\/\\\/infocul.pt\\\/arquivo\\\/wp-content\\\/uploads\\\/2018\\\/10\\\/gra\u00e7a-fonseca.jpg\",\"keywords\":[\"Associa\u00e7\u00e3o Nacional de Grupos de Forcados\",\"Associa\u00e7\u00e3o Nacional de Toureiros\",\"Associa\u00e7\u00e3o Portuguesa de Empres\u00e1rios Taurom\u00e1quicos\",\"Minist\u00e9rio da Cultura\",\"Tauromaquia\"],\"articleSection\":[\"Actualidade\",\"Cultura\",\"Pa\u00eds\",\"Politica\",\"Tauromaquia\"],\"inLanguage\":\"pt-PT\"},{\"@type\":\"WebPage\",\"@id\":\"https:\\\/\\\/infocul.pt\\\/arquivo\\\/actualidade\\\/sectores-da-tauromaquia-fazem-apelo-e-escrevem-carta-a-ministra-da-cultura\\\/\",\"url\":\"https:\\\/\\\/infocul.pt\\\/arquivo\\\/actualidade\\\/sectores-da-tauromaquia-fazem-apelo-e-escrevem-carta-a-ministra-da-cultura\\\/\",\"name\":\"Sectores da tauromaquia fazem apelo e escrevem carta \u00e0 Ministra da Cultura | Infocul.pt - Arquivo Digital\",\"isPartOf\":{\"@id\":\"https:\\\/\\\/infocul.pt\\\/arquivo\\\/#website\"},\"primaryImageOfPage\":{\"@id\":\"https:\\\/\\\/infocul.pt\\\/arquivo\\\/actualidade\\\/sectores-da-tauromaquia-fazem-apelo-e-escrevem-carta-a-ministra-da-cultura\\\/#primaryimage\"},\"image\":{\"@id\":\"https:\\\/\\\/infocul.pt\\\/arquivo\\\/actualidade\\\/sectores-da-tauromaquia-fazem-apelo-e-escrevem-carta-a-ministra-da-cultura\\\/#primaryimage\"},\"thumbnailUrl\":\"https:\\\/\\\/infocul.pt\\\/arquivo\\\/wp-content\\\/uploads\\\/2018\\\/10\\\/gra\u00e7a-fonseca.jpg\",\"datePublished\":\"2020-04-23T15:40:12+00:00\",\"description\":\"Sectores da tauromaquia fazem apelo e escrevem carta \u00e0 Ministra da Cultura | Infocul.pt - Arquivo Digital\",\"breadcrumb\":{\"@id\":\"https:\\\/\\\/infocul.pt\\\/arquivo\\\/actualidade\\\/sectores-da-tauromaquia-fazem-apelo-e-escrevem-carta-a-ministra-da-cultura\\\/#breadcrumb\"},\"inLanguage\":\"pt-PT\",\"potentialAction\":[{\"@type\":\"ReadAction\",\"target\":[\"https:\\\/\\\/infocul.pt\\\/arquivo\\\/actualidade\\\/sectores-da-tauromaquia-fazem-apelo-e-escrevem-carta-a-ministra-da-cultura\\\/\"]}]},{\"@type\":\"ImageObject\",\"inLanguage\":\"pt-PT\",\"@id\":\"https:\\\/\\\/infocul.pt\\\/arquivo\\\/actualidade\\\/sectores-da-tauromaquia-fazem-apelo-e-escrevem-carta-a-ministra-da-cultura\\\/#primaryimage\",\"url\":\"https:\\\/\\\/infocul.pt\\\/arquivo\\\/wp-content\\\/uploads\\\/2018\\\/10\\\/gra\u00e7a-fonseca.jpg\",\"contentUrl\":\"https:\\\/\\\/infocul.pt\\\/arquivo\\\/wp-content\\\/uploads\\\/2018\\\/10\\\/gra\u00e7a-fonseca.jpg\",\"width\":350,\"height\":233},{\"@type\":\"BreadcrumbList\",\"@id\":\"https:\\\/\\\/infocul.pt\\\/arquivo\\\/actualidade\\\/sectores-da-tauromaquia-fazem-apelo-e-escrevem-carta-a-ministra-da-cultura\\\/#breadcrumb\",\"itemListElement\":[{\"@type\":\"ListItem\",\"position\":1,\"name\":\"Home\",\"item\":\"https:\\\/\\\/infocul.pt\\\/arquivo\\\/\"},{\"@type\":\"ListItem\",\"position\":2,\"name\":\"Sectores da tauromaquia fazem apelo e escrevem carta \u00e0 Ministra da Cultura\"}]},{\"@type\":\"WebSite\",\"@id\":\"https:\\\/\\\/infocul.pt\\\/arquivo\\\/#website\",\"url\":\"https:\\\/\\\/infocul.pt\\\/arquivo\\\/\",\"name\":\"Infocul.pt - Arquivo Digital\",\"description\":\"Arquivo digital da Infocul.pt\",\"publisher\":{\"@id\":\"https:\\\/\\\/infocul.pt\\\/arquivo\\\/#organization\"},\"potentialAction\":[{\"@type\":\"SearchAction\",\"target\":{\"@type\":\"EntryPoint\",\"urlTemplate\":\"https:\\\/\\\/infocul.pt\\\/arquivo\\\/?s={search_term_string}\"},\"query-input\":{\"@type\":\"PropertyValueSpecification\",\"valueRequired\":true,\"valueName\":\"search_term_string\"}}],\"inLanguage\":\"pt-PT\"},{\"@type\":\"Organization\",\"@id\":\"https:\\\/\\\/infocul.pt\\\/arquivo\\\/#organization\",\"name\":\"Infocul.pt\",\"url\":\"https:\\\/\\\/infocul.pt\\\/arquivo\\\/\",\"logo\":{\"@type\":\"ImageObject\",\"inLanguage\":\"pt-PT\",\"@id\":\"https:\\\/\\\/infocul.pt\\\/arquivo\\\/#\\\/schema\\\/logo\\\/image\\\/\",\"url\":\"https:\\\/\\\/infocul.pt\\\/arquivo\\\/wp-content\\\/uploads\\\/2018\\\/12\\\/Infocul_logo-1.png\",\"contentUrl\":\"https:\\\/\\\/infocul.pt\\\/arquivo\\\/wp-content\\\/uploads\\\/2018\\\/12\\\/Infocul_logo-1.png\",\"width\":800,\"height\":800,\"caption\":\"Infocul.pt\"},\"image\":{\"@id\":\"https:\\\/\\\/infocul.pt\\\/arquivo\\\/#\\\/schema\\\/logo\\\/image\\\/\"},\"sameAs\":[\"https:\\\/\\\/www.facebook.com\\\/Infocul-147816815585015\\\/\",\"https:\\\/\\\/x.com\\\/Infoculpt\",\"http:\\\/\\\/www.pictaram.com\\\/user\\\/infocul.pt\\\/2370423710\",\"https:\\\/\\\/www.youtube.com\\\/channel\\\/UCYEB91AGI9FL9ek2i_IaQAA\"]},{\"@type\":\"Person\",\"@id\":\"https:\\\/\\\/infocul.pt\\\/arquivo\\\/#\\\/schema\\\/person\\\/f243f45ae8d67639120a7586884f3abc\",\"name\":\"Redac\u00e7\u00e3o\",\"image\":{\"@type\":\"ImageObject\",\"inLanguage\":\"pt-PT\",\"@id\":\"https:\\\/\\\/secure.gravatar.com\\\/avatar\\\/151b1b76c598ab5e749407223bd6c1bad4e41c4e95de3c3df83540ebee2deaf8?s=96&d=mm&r=g\",\"url\":\"https:\\\/\\\/secure.gravatar.com\\\/avatar\\\/151b1b76c598ab5e749407223bd6c1bad4e41c4e95de3c3df83540ebee2deaf8?s=96&d=mm&r=g\",\"contentUrl\":\"https:\\\/\\\/secure.gravatar.com\\\/avatar\\\/151b1b76c598ab5e749407223bd6c1bad4e41c4e95de3c3df83540ebee2deaf8?s=96&d=mm&r=g\",\"caption\":\"Redac\u00e7\u00e3o\"}}]}<\/script>\n<!-- \/ Yoast SEO plugin. -->","yoast_head_json":{"title":"Sectores da tauromaquia fazem apelo e escrevem carta \u00e0 Ministra da Cultura | Infocul.pt - Arquivo Digital","description":"Sectores da tauromaquia fazem apelo e escrevem carta \u00e0 Ministra da Cultura | Infocul.pt - Arquivo Digital","robots":{"index":"noindex","follow":"follow","max-snippet":"max-snippet:-1","max-image-preview":"max-image-preview:large","max-video-preview":"max-video-preview:-1"},"og_locale":"pt_PT","og_type":"article","og_title":"Sectores da tauromaquia fazem apelo e escrevem carta \u00e0 Ministra da Cultura | Infocul.pt - Arquivo Digital","og_description":"Sectores da tauromaquia fazem apelo e escrevem carta \u00e0 Ministra da Cultura | Infocul.pt - Arquivo Digital","og_url":"https:\/\/infocul.pt\/arquivo\/actualidade\/sectores-da-tauromaquia-fazem-apelo-e-escrevem-carta-a-ministra-da-cultura\/","og_site_name":"Infocul.pt - Arquivo Digital","article_publisher":"https:\/\/www.facebook.com\/Infocul-147816815585015\/","article_published_time":"2020-04-23T15:40:12+00:00","og_image":[{"width":350,"height":233,"url":"https:\/\/infocul.pt\/arquivo\/wp-content\/uploads\/2018\/10\/gra\u00e7a-fonseca.jpg","type":"image\/jpeg"}],"author":"Redac\u00e7\u00e3o","twitter_card":"summary_large_image","twitter_creator":"@Infoculpt","twitter_site":"@Infoculpt","twitter_misc":{"Escrito por":"Redac\u00e7\u00e3o","Tempo estimado de leitura":"4 minutos"},"schema":{"@context":"https:\/\/schema.org","@graph":[{"@type":"Article","@id":"https:\/\/infocul.pt\/arquivo\/actualidade\/sectores-da-tauromaquia-fazem-apelo-e-escrevem-carta-a-ministra-da-cultura\/#article","isPartOf":{"@id":"https:\/\/infocul.pt\/arquivo\/actualidade\/sectores-da-tauromaquia-fazem-apelo-e-escrevem-carta-a-ministra-da-cultura\/"},"author":{"name":"Redac\u00e7\u00e3o","@id":"https:\/\/infocul.pt\/arquivo\/#\/schema\/person\/f243f45ae8d67639120a7586884f3abc"},"headline":"Sectores da tauromaquia fazem apelo e escrevem carta \u00e0 Ministra da Cultura","datePublished":"2020-04-23T15:40:12+00:00","mainEntityOfPage":{"@id":"https:\/\/infocul.pt\/arquivo\/actualidade\/sectores-da-tauromaquia-fazem-apelo-e-escrevem-carta-a-ministra-da-cultura\/"},"wordCount":792,"commentCount":0,"publisher":{"@id":"https:\/\/infocul.pt\/arquivo\/#organization"},"image":{"@id":"https:\/\/infocul.pt\/arquivo\/actualidade\/sectores-da-tauromaquia-fazem-apelo-e-escrevem-carta-a-ministra-da-cultura\/#primaryimage"},"thumbnailUrl":"https:\/\/infocul.pt\/arquivo\/wp-content\/uploads\/2018\/10\/gra\u00e7a-fonseca.jpg","keywords":["Associa\u00e7\u00e3o Nacional de Grupos de Forcados","Associa\u00e7\u00e3o Nacional de Toureiros","Associa\u00e7\u00e3o Portuguesa de Empres\u00e1rios Taurom\u00e1quicos","Minist\u00e9rio da Cultura","Tauromaquia"],"articleSection":["Actualidade","Cultura","Pa\u00eds","Politica","Tauromaquia"],"inLanguage":"pt-PT"},{"@type":"WebPage","@id":"https:\/\/infocul.pt\/arquivo\/actualidade\/sectores-da-tauromaquia-fazem-apelo-e-escrevem-carta-a-ministra-da-cultura\/","url":"https:\/\/infocul.pt\/arquivo\/actualidade\/sectores-da-tauromaquia-fazem-apelo-e-escrevem-carta-a-ministra-da-cultura\/","name":"Sectores da tauromaquia fazem apelo e escrevem carta \u00e0 Ministra da Cultura | Infocul.pt - Arquivo Digital","isPartOf":{"@id":"https:\/\/infocul.pt\/arquivo\/#website"},"primaryImageOfPage":{"@id":"https:\/\/infocul.pt\/arquivo\/actualidade\/sectores-da-tauromaquia-fazem-apelo-e-escrevem-carta-a-ministra-da-cultura\/#primaryimage"},"image":{"@id":"https:\/\/infocul.pt\/arquivo\/actualidade\/sectores-da-tauromaquia-fazem-apelo-e-escrevem-carta-a-ministra-da-cultura\/#primaryimage"},"thumbnailUrl":"https:\/\/infocul.pt\/arquivo\/wp-content\/uploads\/2018\/10\/gra\u00e7a-fonseca.jpg","datePublished":"2020-04-23T15:40:12+00:00","description":"Sectores da tauromaquia fazem apelo e escrevem carta \u00e0 Ministra da Cultura | Infocul.pt - Arquivo Digital","breadcrumb":{"@id":"https:\/\/infocul.pt\/arquivo\/actualidade\/sectores-da-tauromaquia-fazem-apelo-e-escrevem-carta-a-ministra-da-cultura\/#breadcrumb"},"inLanguage":"pt-PT","potentialAction":[{"@type":"ReadAction","target":["https:\/\/infocul.pt\/arquivo\/actualidade\/sectores-da-tauromaquia-fazem-apelo-e-escrevem-carta-a-ministra-da-cultura\/"]}]},{"@type":"ImageObject","inLanguage":"pt-PT","@id":"https:\/\/infocul.pt\/arquivo\/actualidade\/sectores-da-tauromaquia-fazem-apelo-e-escrevem-carta-a-ministra-da-cultura\/#primaryimage","url":"https:\/\/infocul.pt\/arquivo\/wp-content\/uploads\/2018\/10\/gra\u00e7a-fonseca.jpg","contentUrl":"https:\/\/infocul.pt\/arquivo\/wp-content\/uploads\/2018\/10\/gra\u00e7a-fonseca.jpg","width":350,"height":233},{"@type":"BreadcrumbList","@id":"https:\/\/infocul.pt\/arquivo\/actualidade\/sectores-da-tauromaquia-fazem-apelo-e-escrevem-carta-a-ministra-da-cultura\/#breadcrumb","itemListElement":[{"@type":"ListItem","position":1,"name":"Home","item":"https:\/\/infocul.pt\/arquivo\/"},{"@type":"ListItem","position":2,"name":"Sectores da tauromaquia fazem apelo e escrevem carta \u00e0 Ministra da Cultura"}]},{"@type":"WebSite","@id":"https:\/\/infocul.pt\/arquivo\/#website","url":"https:\/\/infocul.pt\/arquivo\/","name":"Infocul.pt - Arquivo Digital","description":"Arquivo digital da Infocul.pt","publisher":{"@id":"https:\/\/infocul.pt\/arquivo\/#organization"},"potentialAction":[{"@type":"SearchAction","target":{"@type":"EntryPoint","urlTemplate":"https:\/\/infocul.pt\/arquivo\/?s={search_term_string}"},"query-input":{"@type":"PropertyValueSpecification","valueRequired":true,"valueName":"search_term_string"}}],"inLanguage":"pt-PT"},{"@type":"Organization","@id":"https:\/\/infocul.pt\/arquivo\/#organization","name":"Infocul.pt","url":"https:\/\/infocul.pt\/arquivo\/","logo":{"@type":"ImageObject","inLanguage":"pt-PT","@id":"https:\/\/infocul.pt\/arquivo\/#\/schema\/logo\/image\/","url":"https:\/\/infocul.pt\/arquivo\/wp-content\/uploads\/2018\/12\/Infocul_logo-1.png","contentUrl":"https:\/\/infocul.pt\/arquivo\/wp-content\/uploads\/2018\/12\/Infocul_logo-1.png","width":800,"height":800,"caption":"Infocul.pt"},"image":{"@id":"https:\/\/infocul.pt\/arquivo\/#\/schema\/logo\/image\/"},"sameAs":["https:\/\/www.facebook.com\/Infocul-147816815585015\/","https:\/\/x.com\/Infoculpt","http:\/\/www.pictaram.com\/user\/infocul.pt\/2370423710","https:\/\/www.youtube.com\/channel\/UCYEB91AGI9FL9ek2i_IaQAA"]},{"@type":"Person","@id":"https:\/\/infocul.pt\/arquivo\/#\/schema\/person\/f243f45ae8d67639120a7586884f3abc","name":"Redac\u00e7\u00e3o","image":{"@type":"ImageObject","inLanguage":"pt-PT","@id":"https:\/\/secure.gravatar.com\/avatar\/151b1b76c598ab5e749407223bd6c1bad4e41c4e95de3c3df83540ebee2deaf8?s=96&d=mm&r=g","url":"https:\/\/secure.gravatar.com\/avatar\/151b1b76c598ab5e749407223bd6c1bad4e41c4e95de3c3df83540ebee2deaf8?s=96&d=mm&r=g","contentUrl":"https:\/\/secure.gravatar.com\/avatar\/151b1b76c598ab5e749407223bd6c1bad4e41c4e95de3c3df83540ebee2deaf8?s=96&d=mm&r=g","caption":"Redac\u00e7\u00e3o"}}]}},"_links":{"self":[{"href":"https:\/\/infocul.pt\/arquivo\/wp-json\/wp\/v2\/posts\/70395","targetHints":{"allow":["GET"]}}],"collection":[{"href":"https:\/\/infocul.pt\/arquivo\/wp-json\/wp\/v2\/posts"}],"about":[{"href":"https:\/\/infocul.pt\/arquivo\/wp-json\/wp\/v2\/types\/post"}],"author":[{"embeddable":true,"href":"https:\/\/infocul.pt\/arquivo\/wp-json\/wp\/v2\/users\/13"}],"replies":[{"embeddable":true,"href":"https:\/\/infocul.pt\/arquivo\/wp-json\/wp\/v2\/comments?post=70395"}],"version-history":[{"count":0,"href":"https:\/\/infocul.pt\/arquivo\/wp-json\/wp\/v2\/posts\/70395\/revisions"}],"wp:featuredmedia":[{"embeddable":true,"href":"https:\/\/infocul.pt\/arquivo\/wp-json\/wp\/v2\/media\/47881"}],"wp:attachment":[{"href":"https:\/\/infocul.pt\/arquivo\/wp-json\/wp\/v2\/media?parent=70395"}],"wp:term":[{"taxonomy":"category","embeddable":true,"href":"https:\/\/infocul.pt\/arquivo\/wp-json\/wp\/v2\/categories?post=70395"},{"taxonomy":"post_tag","embeddable":true,"href":"https:\/\/infocul.pt\/arquivo\/wp-json\/wp\/v2\/tags?post=70395"}],"curies":[{"name":"wp","href":"https:\/\/api.w.org\/{rel}","templated":true}]}}