{"id":70805,"date":"2020-04-30T10:23:41","date_gmt":"2020-04-30T09:23:41","guid":{"rendered":"https:\/\/infocul.pt\/?p=70805"},"modified":"2020-04-30T10:23:41","modified_gmt":"2020-04-30T09:23:41","slug":"hoje-ciclo-das-grandes-videoconferencias-da-maconaria-portuguesa-a-conversa-com-mozart-e-a-flauta-magica-por-carlos-otero","status":"publish","type":"post","link":"https:\/\/infocul.pt\/arquivo\/actualidade\/hoje-ciclo-das-grandes-videoconferencias-da-maconaria-portuguesa-a-conversa-com-mozart-e-a-flauta-magica-por-carlos-otero\/","title":{"rendered":"Hoje: Ciclo das Grandes Videoconfer\u00eancias da Ma\u00e7onaria Portuguesa &#8211; \u00c0 conversa com Mozart e a Flauta Magica, por Carlos Otero"},"content":{"rendered":"<p><img decoding=\"async\" class=\"aligncenter wp-image-70806 size-large lazyload\" data-src=\"https:\/\/infocul.pt\/arquivo\/wp-content\/uploads\/2020\/04\/0001-1-1024x724.jpg\" alt=\"\" width=\"800\" height=\"566\" data-srcset=\"https:\/\/infocul.pt\/arquivo\/wp-content\/uploads\/2020\/04\/0001-1-scaled.jpg 1024w, https:\/\/infocul.pt\/arquivo\/wp-content\/uploads\/2020\/04\/0001-1-300x212.jpg 300w, https:\/\/infocul.pt\/arquivo\/wp-content\/uploads\/2020\/04\/0001-1-768x543.jpg 768w, https:\/\/infocul.pt\/arquivo\/wp-content\/uploads\/2020\/04\/0001-1-1536x1086.jpg 1536w, https:\/\/infocul.pt\/arquivo\/wp-content\/uploads\/2020\/04\/0001-1-2048x1449.jpg 2048w\" data-sizes=\"(max-width: 800px) 100vw, 800px\" src=\"data:image\/svg+xml;base64,PHN2ZyB3aWR0aD0iMSIgaGVpZ2h0PSIxIiB4bWxucz0iaHR0cDovL3d3dy53My5vcmcvMjAwMC9zdmciPjwvc3ZnPg==\" style=\"--smush-placeholder-width: 800px; --smush-placeholder-aspect-ratio: 800\/566;\" \/><\/p>\n<p>A Grande Loja simb\u00f3lica de Portugal leva, hoje, a cabo uma videoconfer\u00eancia na qual o p\u00fablico poder\u00e1 participar.<!--more--><\/p>\n<p>&#8220;\u00c0 conversa com Mozart e a Flauta M\u00e1gica&#8221;, por Carlos Otero, ser\u00e1 o tema e \u201c<strong>pela primeira vez em Portugal, o Ciclo das Grandes Videoconfer\u00eancias da Ma\u00e7onaria Portuguesa insere-se numa abordagem de temas ma\u00e7\u00f3nicos, atrav\u00e9s de videoconfer\u00eancias abertas \u00e0 Sociedade em geral<\/strong>\u201d.<\/p>\n<p>O evento \u201c<strong>\u00e9 organizado pela Grande Loja Simb\u00f3lica de Portugal que \u00e9 a terceira Obedi\u00eancia Ma\u00e7\u00f3nica Portuguesa, com uma grande liga\u00e7\u00e3o institucional ao Grande Oriente de Fran\u00e7a ( a maior Obedi\u00eancia Ma\u00e7\u00f4nica francesa)<\/strong>\u201d.<\/p>\n<p>A videoconfer\u00eancia ser\u00e1 hoje, pelas 18:30 e para participar basta aceder ao link: <a href=\"https:\/\/meet.google.com\/ftb-wxth-usd\">https:\/\/meet.google.com\/ftb-wxth-usd<\/a> .<\/p>\n<p>Pode ainda participar atrav\u00e9s do telem\u00f3vel, marque +1 929-266-2622 e introduza este PIN: 521 435 616#<\/p>\n<p>As Pr\u00f3ximas video-confer\u00eancias s\u00e3o:<\/p>\n<p><span style=\"color: #0000ff;\">Quinta-feira, dia 07\/05\/20 \u00e1s 18:30 Tema: Ma\u00e7onaria e a Carbon\u00e1ria, por Jos\u00e9 Abranches<\/span><\/p>\n<p><span style=\"color: #0000ff;\">Quinta-feira, dia 14\/05\/20 \u00e1s 18:30 Tema: Ma\u00e7onaria e o 25 de Abril, por Vasco Louren\u00e7o<\/span><\/p>\n","protected":false},"excerpt":{"rendered":"<p>A Grande Loja simb\u00f3lica de Portugal leva, hoje, a cabo uma videoconfer\u00eancia na qual o p\u00fablico poder\u00e1 participar.<\/p>\n","protected":false},"author":13,"featured_media":70806,"comment_status":"open","ping_status":"closed","sticky":false,"template":"","format":"standard","meta":{"footnotes":""},"categories":[10,2,9,11],"tags":[6962],"class_list":["post-70805","post","type-post","status-publish","format-standard","has-post-thumbnail","hentry","category-actualidade","category-cultura","category-outros","category-pais","tag-grande-loja-simbolica-de-portugal"],"yoast_head":"<!-- This site is optimized with the Yoast SEO plugin v27.5 - https:\/\/yoast.com\/product\/yoast-seo-wordpress\/ -->\n<title>Hoje: Ciclo das Grandes Videoconfer\u00eancias da Ma\u00e7onaria Portuguesa - \u00c0 conversa com Mozart e a Flauta Magica, por Carlos Otero | Infocul.pt - Arquivo Digital<\/title>\n<meta name=\"description\" content=\"Hoje: Ciclo das Grandes Videoconfer\u00eancias da Ma\u00e7onaria Portuguesa - \u00c0 conversa com Mozart e a Flauta Magica, por Carlos Otero | Infocul.pt - Arquivo Digital\" \/>\n<meta name=\"robots\" content=\"noindex, follow, max-snippet:-1, max-image-preview:large, max-video-preview:-1\" \/>\n<meta property=\"og:locale\" content=\"pt_PT\" \/>\n<meta property=\"og:type\" content=\"article\" \/>\n<meta property=\"og:title\" content=\"Hoje: Ciclo das Grandes Videoconfer\u00eancias da Ma\u00e7onaria Portuguesa - \u00c0 conversa com Mozart e a Flauta Magica, por Carlos Otero | Infocul.pt - Arquivo Digital\" \/>\n<meta property=\"og:description\" content=\"Hoje: Ciclo das Grandes Videoconfer\u00eancias da Ma\u00e7onaria Portuguesa - \u00c0 conversa com Mozart e a Flauta Magica, por Carlos Otero | Infocul.pt - Arquivo Digital\" \/>\n<meta property=\"og:url\" content=\"https:\/\/infocul.pt\/arquivo\/actualidade\/hoje-ciclo-das-grandes-videoconferencias-da-maconaria-portuguesa-a-conversa-com-mozart-e-a-flauta-magica-por-carlos-otero\/\" \/>\n<meta property=\"og:site_name\" content=\"Infocul.pt - Arquivo Digital\" \/>\n<meta property=\"article:publisher\" content=\"https:\/\/www.facebook.com\/Infocul-147816815585015\/\" \/>\n<meta property=\"article:published_time\" content=\"2020-04-30T09:23:41+00:00\" \/>\n<meta property=\"og:image\" content=\"https:\/\/infocul.pt\/arquivo\/wp-content\/uploads\/2020\/04\/0001-1-scaled.jpg\" \/>\n\t<meta property=\"og:image:width\" content=\"1024\" \/>\n\t<meta property=\"og:image:height\" content=\"724\" \/>\n\t<meta property=\"og:image:type\" content=\"image\/jpeg\" \/>\n<meta name=\"author\" content=\"Redac\u00e7\u00e3o\" \/>\n<meta name=\"twitter:card\" content=\"summary_large_image\" \/>\n<meta name=\"twitter:creator\" content=\"@Infoculpt\" \/>\n<meta name=\"twitter:site\" content=\"@Infoculpt\" \/>\n<meta name=\"twitter:label1\" content=\"Escrito por\" \/>\n\t<meta name=\"twitter:data1\" content=\"Redac\u00e7\u00e3o\" \/>\n\t<meta name=\"twitter:label2\" content=\"Tempo estimado de leitura\" \/>\n\t<meta name=\"twitter:data2\" content=\"1 minuto\" \/>\n<script type=\"application\/ld+json\" class=\"yoast-schema-graph\">{\"@context\":\"https:\\\/\\\/schema.org\",\"@graph\":[{\"@type\":\"Article\",\"@id\":\"https:\\\/\\\/infocul.pt\\\/arquivo\\\/actualidade\\\/hoje-ciclo-das-grandes-videoconferencias-da-maconaria-portuguesa-a-conversa-com-mozart-e-a-flauta-magica-por-carlos-otero\\\/#article\",\"isPartOf\":{\"@id\":\"https:\\\/\\\/infocul.pt\\\/arquivo\\\/actualidade\\\/hoje-ciclo-das-grandes-videoconferencias-da-maconaria-portuguesa-a-conversa-com-mozart-e-a-flauta-magica-por-carlos-otero\\\/\"},\"author\":{\"name\":\"Redac\u00e7\u00e3o\",\"@id\":\"https:\\\/\\\/infocul.pt\\\/arquivo\\\/#\\\/schema\\\/person\\\/f243f45ae8d67639120a7586884f3abc\"},\"headline\":\"Hoje: Ciclo das Grandes Videoconfer\u00eancias da Ma\u00e7onaria Portuguesa &#8211; \u00c0 conversa com Mozart e a Flauta Magica, por Carlos Otero\",\"datePublished\":\"2020-04-30T09:23:41+00:00\",\"mainEntityOfPage\":{\"@id\":\"https:\\\/\\\/infocul.pt\\\/arquivo\\\/actualidade\\\/hoje-ciclo-das-grandes-videoconferencias-da-maconaria-portuguesa-a-conversa-com-mozart-e-a-flauta-magica-por-carlos-otero\\\/\"},\"wordCount\":192,\"commentCount\":0,\"publisher\":{\"@id\":\"https:\\\/\\\/infocul.pt\\\/arquivo\\\/#organization\"},\"image\":{\"@id\":\"https:\\\/\\\/infocul.pt\\\/arquivo\\\/actualidade\\\/hoje-ciclo-das-grandes-videoconferencias-da-maconaria-portuguesa-a-conversa-com-mozart-e-a-flauta-magica-por-carlos-otero\\\/#primaryimage\"},\"thumbnailUrl\":\"https:\\\/\\\/infocul.pt\\\/arquivo\\\/wp-content\\\/uploads\\\/2020\\\/04\\\/0001-1-scaled.jpg\",\"keywords\":[\"Grande Loja Simb\u00f3lica de Portugal\"],\"articleSection\":[\"Actualidade\",\"Cultura\",\"Outros\",\"Pa\u00eds\"],\"inLanguage\":\"pt-PT\"},{\"@type\":\"WebPage\",\"@id\":\"https:\\\/\\\/infocul.pt\\\/arquivo\\\/actualidade\\\/hoje-ciclo-das-grandes-videoconferencias-da-maconaria-portuguesa-a-conversa-com-mozart-e-a-flauta-magica-por-carlos-otero\\\/\",\"url\":\"https:\\\/\\\/infocul.pt\\\/arquivo\\\/actualidade\\\/hoje-ciclo-das-grandes-videoconferencias-da-maconaria-portuguesa-a-conversa-com-mozart-e-a-flauta-magica-por-carlos-otero\\\/\",\"name\":\"Hoje: Ciclo das Grandes Videoconfer\u00eancias da Ma\u00e7onaria Portuguesa - \u00c0 conversa com Mozart e a Flauta Magica, por Carlos Otero | Infocul.pt - Arquivo Digital\",\"isPartOf\":{\"@id\":\"https:\\\/\\\/infocul.pt\\\/arquivo\\\/#website\"},\"primaryImageOfPage\":{\"@id\":\"https:\\\/\\\/infocul.pt\\\/arquivo\\\/actualidade\\\/hoje-ciclo-das-grandes-videoconferencias-da-maconaria-portuguesa-a-conversa-com-mozart-e-a-flauta-magica-por-carlos-otero\\\/#primaryimage\"},\"image\":{\"@id\":\"https:\\\/\\\/infocul.pt\\\/arquivo\\\/actualidade\\\/hoje-ciclo-das-grandes-videoconferencias-da-maconaria-portuguesa-a-conversa-com-mozart-e-a-flauta-magica-por-carlos-otero\\\/#primaryimage\"},\"thumbnailUrl\":\"https:\\\/\\\/infocul.pt\\\/arquivo\\\/wp-content\\\/uploads\\\/2020\\\/04\\\/0001-1-scaled.jpg\",\"datePublished\":\"2020-04-30T09:23:41+00:00\",\"description\":\"Hoje: Ciclo das Grandes Videoconfer\u00eancias da Ma\u00e7onaria Portuguesa - \u00c0 conversa com Mozart e a Flauta Magica, por Carlos Otero | Infocul.pt - Arquivo Digital\",\"breadcrumb\":{\"@id\":\"https:\\\/\\\/infocul.pt\\\/arquivo\\\/actualidade\\\/hoje-ciclo-das-grandes-videoconferencias-da-maconaria-portuguesa-a-conversa-com-mozart-e-a-flauta-magica-por-carlos-otero\\\/#breadcrumb\"},\"inLanguage\":\"pt-PT\",\"potentialAction\":[{\"@type\":\"ReadAction\",\"target\":[\"https:\\\/\\\/infocul.pt\\\/arquivo\\\/actualidade\\\/hoje-ciclo-das-grandes-videoconferencias-da-maconaria-portuguesa-a-conversa-com-mozart-e-a-flauta-magica-por-carlos-otero\\\/\"]}]},{\"@type\":\"ImageObject\",\"inLanguage\":\"pt-PT\",\"@id\":\"https:\\\/\\\/infocul.pt\\\/arquivo\\\/actualidade\\\/hoje-ciclo-das-grandes-videoconferencias-da-maconaria-portuguesa-a-conversa-com-mozart-e-a-flauta-magica-por-carlos-otero\\\/#primaryimage\",\"url\":\"https:\\\/\\\/infocul.pt\\\/arquivo\\\/wp-content\\\/uploads\\\/2020\\\/04\\\/0001-1-scaled.jpg\",\"contentUrl\":\"https:\\\/\\\/infocul.pt\\\/arquivo\\\/wp-content\\\/uploads\\\/2020\\\/04\\\/0001-1-scaled.jpg\",\"width\":1024,\"height\":724},{\"@type\":\"BreadcrumbList\",\"@id\":\"https:\\\/\\\/infocul.pt\\\/arquivo\\\/actualidade\\\/hoje-ciclo-das-grandes-videoconferencias-da-maconaria-portuguesa-a-conversa-com-mozart-e-a-flauta-magica-por-carlos-otero\\\/#breadcrumb\",\"itemListElement\":[{\"@type\":\"ListItem\",\"position\":1,\"name\":\"Home\",\"item\":\"https:\\\/\\\/infocul.pt\\\/arquivo\\\/\"},{\"@type\":\"ListItem\",\"position\":2,\"name\":\"Hoje: Ciclo das Grandes Videoconfer\u00eancias da Ma\u00e7onaria Portuguesa &#8211; \u00c0 conversa com Mozart e a Flauta Magica, por Carlos Otero\"}]},{\"@type\":\"WebSite\",\"@id\":\"https:\\\/\\\/infocul.pt\\\/arquivo\\\/#website\",\"url\":\"https:\\\/\\\/infocul.pt\\\/arquivo\\\/\",\"name\":\"Infocul.pt - Arquivo Digital\",\"description\":\"Arquivo digital da Infocul.pt\",\"publisher\":{\"@id\":\"https:\\\/\\\/infocul.pt\\\/arquivo\\\/#organization\"},\"potentialAction\":[{\"@type\":\"SearchAction\",\"target\":{\"@type\":\"EntryPoint\",\"urlTemplate\":\"https:\\\/\\\/infocul.pt\\\/arquivo\\\/?s={search_term_string}\"},\"query-input\":{\"@type\":\"PropertyValueSpecification\",\"valueRequired\":true,\"valueName\":\"search_term_string\"}}],\"inLanguage\":\"pt-PT\"},{\"@type\":\"Organization\",\"@id\":\"https:\\\/\\\/infocul.pt\\\/arquivo\\\/#organization\",\"name\":\"Infocul.pt\",\"url\":\"https:\\\/\\\/infocul.pt\\\/arquivo\\\/\",\"logo\":{\"@type\":\"ImageObject\",\"inLanguage\":\"pt-PT\",\"@id\":\"https:\\\/\\\/infocul.pt\\\/arquivo\\\/#\\\/schema\\\/logo\\\/image\\\/\",\"url\":\"https:\\\/\\\/infocul.pt\\\/arquivo\\\/wp-content\\\/uploads\\\/2018\\\/12\\\/Infocul_logo-1.png\",\"contentUrl\":\"https:\\\/\\\/infocul.pt\\\/arquivo\\\/wp-content\\\/uploads\\\/2018\\\/12\\\/Infocul_logo-1.png\",\"width\":800,\"height\":800,\"caption\":\"Infocul.pt\"},\"image\":{\"@id\":\"https:\\\/\\\/infocul.pt\\\/arquivo\\\/#\\\/schema\\\/logo\\\/image\\\/\"},\"sameAs\":[\"https:\\\/\\\/www.facebook.com\\\/Infocul-147816815585015\\\/\",\"https:\\\/\\\/x.com\\\/Infoculpt\",\"http:\\\/\\\/www.pictaram.com\\\/user\\\/infocul.pt\\\/2370423710\",\"https:\\\/\\\/www.youtube.com\\\/channel\\\/UCYEB91AGI9FL9ek2i_IaQAA\"]},{\"@type\":\"Person\",\"@id\":\"https:\\\/\\\/infocul.pt\\\/arquivo\\\/#\\\/schema\\\/person\\\/f243f45ae8d67639120a7586884f3abc\",\"name\":\"Redac\u00e7\u00e3o\",\"image\":{\"@type\":\"ImageObject\",\"inLanguage\":\"pt-PT\",\"@id\":\"https:\\\/\\\/secure.gravatar.com\\\/avatar\\\/151b1b76c598ab5e749407223bd6c1bad4e41c4e95de3c3df83540ebee2deaf8?s=96&d=mm&r=g\",\"url\":\"https:\\\/\\\/secure.gravatar.com\\\/avatar\\\/151b1b76c598ab5e749407223bd6c1bad4e41c4e95de3c3df83540ebee2deaf8?s=96&d=mm&r=g\",\"contentUrl\":\"https:\\\/\\\/secure.gravatar.com\\\/avatar\\\/151b1b76c598ab5e749407223bd6c1bad4e41c4e95de3c3df83540ebee2deaf8?s=96&d=mm&r=g\",\"caption\":\"Redac\u00e7\u00e3o\"}}]}<\/script>\n<!-- \/ Yoast SEO plugin. -->","yoast_head_json":{"title":"Hoje: Ciclo das Grandes Videoconfer\u00eancias da Ma\u00e7onaria Portuguesa - \u00c0 conversa com Mozart e a Flauta Magica, por Carlos Otero | Infocul.pt - Arquivo Digital","description":"Hoje: Ciclo das Grandes Videoconfer\u00eancias da Ma\u00e7onaria Portuguesa - \u00c0 conversa com Mozart e a Flauta Magica, por Carlos Otero | Infocul.pt - Arquivo Digital","robots":{"index":"noindex","follow":"follow","max-snippet":"max-snippet:-1","max-image-preview":"max-image-preview:large","max-video-preview":"max-video-preview:-1"},"og_locale":"pt_PT","og_type":"article","og_title":"Hoje: Ciclo das Grandes Videoconfer\u00eancias da Ma\u00e7onaria Portuguesa - \u00c0 conversa com Mozart e a Flauta Magica, por Carlos Otero | Infocul.pt - Arquivo Digital","og_description":"Hoje: Ciclo das Grandes Videoconfer\u00eancias da Ma\u00e7onaria Portuguesa - \u00c0 conversa com Mozart e a Flauta Magica, por Carlos Otero | Infocul.pt - Arquivo Digital","og_url":"https:\/\/infocul.pt\/arquivo\/actualidade\/hoje-ciclo-das-grandes-videoconferencias-da-maconaria-portuguesa-a-conversa-com-mozart-e-a-flauta-magica-por-carlos-otero\/","og_site_name":"Infocul.pt - Arquivo Digital","article_publisher":"https:\/\/www.facebook.com\/Infocul-147816815585015\/","article_published_time":"2020-04-30T09:23:41+00:00","og_image":[{"width":1024,"height":724,"url":"https:\/\/infocul.pt\/arquivo\/wp-content\/uploads\/2020\/04\/0001-1-scaled.jpg","type":"image\/jpeg"}],"author":"Redac\u00e7\u00e3o","twitter_card":"summary_large_image","twitter_creator":"@Infoculpt","twitter_site":"@Infoculpt","twitter_misc":{"Escrito por":"Redac\u00e7\u00e3o","Tempo estimado de leitura":"1 minuto"},"schema":{"@context":"https:\/\/schema.org","@graph":[{"@type":"Article","@id":"https:\/\/infocul.pt\/arquivo\/actualidade\/hoje-ciclo-das-grandes-videoconferencias-da-maconaria-portuguesa-a-conversa-com-mozart-e-a-flauta-magica-por-carlos-otero\/#article","isPartOf":{"@id":"https:\/\/infocul.pt\/arquivo\/actualidade\/hoje-ciclo-das-grandes-videoconferencias-da-maconaria-portuguesa-a-conversa-com-mozart-e-a-flauta-magica-por-carlos-otero\/"},"author":{"name":"Redac\u00e7\u00e3o","@id":"https:\/\/infocul.pt\/arquivo\/#\/schema\/person\/f243f45ae8d67639120a7586884f3abc"},"headline":"Hoje: Ciclo das Grandes Videoconfer\u00eancias da Ma\u00e7onaria Portuguesa &#8211; \u00c0 conversa com Mozart e a Flauta Magica, por Carlos Otero","datePublished":"2020-04-30T09:23:41+00:00","mainEntityOfPage":{"@id":"https:\/\/infocul.pt\/arquivo\/actualidade\/hoje-ciclo-das-grandes-videoconferencias-da-maconaria-portuguesa-a-conversa-com-mozart-e-a-flauta-magica-por-carlos-otero\/"},"wordCount":192,"commentCount":0,"publisher":{"@id":"https:\/\/infocul.pt\/arquivo\/#organization"},"image":{"@id":"https:\/\/infocul.pt\/arquivo\/actualidade\/hoje-ciclo-das-grandes-videoconferencias-da-maconaria-portuguesa-a-conversa-com-mozart-e-a-flauta-magica-por-carlos-otero\/#primaryimage"},"thumbnailUrl":"https:\/\/infocul.pt\/arquivo\/wp-content\/uploads\/2020\/04\/0001-1-scaled.jpg","keywords":["Grande Loja Simb\u00f3lica de Portugal"],"articleSection":["Actualidade","Cultura","Outros","Pa\u00eds"],"inLanguage":"pt-PT"},{"@type":"WebPage","@id":"https:\/\/infocul.pt\/arquivo\/actualidade\/hoje-ciclo-das-grandes-videoconferencias-da-maconaria-portuguesa-a-conversa-com-mozart-e-a-flauta-magica-por-carlos-otero\/","url":"https:\/\/infocul.pt\/arquivo\/actualidade\/hoje-ciclo-das-grandes-videoconferencias-da-maconaria-portuguesa-a-conversa-com-mozart-e-a-flauta-magica-por-carlos-otero\/","name":"Hoje: Ciclo das Grandes Videoconfer\u00eancias da Ma\u00e7onaria Portuguesa - \u00c0 conversa com Mozart e a Flauta Magica, por Carlos Otero | Infocul.pt - Arquivo Digital","isPartOf":{"@id":"https:\/\/infocul.pt\/arquivo\/#website"},"primaryImageOfPage":{"@id":"https:\/\/infocul.pt\/arquivo\/actualidade\/hoje-ciclo-das-grandes-videoconferencias-da-maconaria-portuguesa-a-conversa-com-mozart-e-a-flauta-magica-por-carlos-otero\/#primaryimage"},"image":{"@id":"https:\/\/infocul.pt\/arquivo\/actualidade\/hoje-ciclo-das-grandes-videoconferencias-da-maconaria-portuguesa-a-conversa-com-mozart-e-a-flauta-magica-por-carlos-otero\/#primaryimage"},"thumbnailUrl":"https:\/\/infocul.pt\/arquivo\/wp-content\/uploads\/2020\/04\/0001-1-scaled.jpg","datePublished":"2020-04-30T09:23:41+00:00","description":"Hoje: Ciclo das Grandes Videoconfer\u00eancias da Ma\u00e7onaria Portuguesa - \u00c0 conversa com Mozart e a Flauta Magica, por Carlos Otero | Infocul.pt - Arquivo Digital","breadcrumb":{"@id":"https:\/\/infocul.pt\/arquivo\/actualidade\/hoje-ciclo-das-grandes-videoconferencias-da-maconaria-portuguesa-a-conversa-com-mozart-e-a-flauta-magica-por-carlos-otero\/#breadcrumb"},"inLanguage":"pt-PT","potentialAction":[{"@type":"ReadAction","target":["https:\/\/infocul.pt\/arquivo\/actualidade\/hoje-ciclo-das-grandes-videoconferencias-da-maconaria-portuguesa-a-conversa-com-mozart-e-a-flauta-magica-por-carlos-otero\/"]}]},{"@type":"ImageObject","inLanguage":"pt-PT","@id":"https:\/\/infocul.pt\/arquivo\/actualidade\/hoje-ciclo-das-grandes-videoconferencias-da-maconaria-portuguesa-a-conversa-com-mozart-e-a-flauta-magica-por-carlos-otero\/#primaryimage","url":"https:\/\/infocul.pt\/arquivo\/wp-content\/uploads\/2020\/04\/0001-1-scaled.jpg","contentUrl":"https:\/\/infocul.pt\/arquivo\/wp-content\/uploads\/2020\/04\/0001-1-scaled.jpg","width":1024,"height":724},{"@type":"BreadcrumbList","@id":"https:\/\/infocul.pt\/arquivo\/actualidade\/hoje-ciclo-das-grandes-videoconferencias-da-maconaria-portuguesa-a-conversa-com-mozart-e-a-flauta-magica-por-carlos-otero\/#breadcrumb","itemListElement":[{"@type":"ListItem","position":1,"name":"Home","item":"https:\/\/infocul.pt\/arquivo\/"},{"@type":"ListItem","position":2,"name":"Hoje: Ciclo das Grandes Videoconfer\u00eancias da Ma\u00e7onaria Portuguesa &#8211; \u00c0 conversa com Mozart e a Flauta Magica, por Carlos Otero"}]},{"@type":"WebSite","@id":"https:\/\/infocul.pt\/arquivo\/#website","url":"https:\/\/infocul.pt\/arquivo\/","name":"Infocul.pt - Arquivo Digital","description":"Arquivo digital da Infocul.pt","publisher":{"@id":"https:\/\/infocul.pt\/arquivo\/#organization"},"potentialAction":[{"@type":"SearchAction","target":{"@type":"EntryPoint","urlTemplate":"https:\/\/infocul.pt\/arquivo\/?s={search_term_string}"},"query-input":{"@type":"PropertyValueSpecification","valueRequired":true,"valueName":"search_term_string"}}],"inLanguage":"pt-PT"},{"@type":"Organization","@id":"https:\/\/infocul.pt\/arquivo\/#organization","name":"Infocul.pt","url":"https:\/\/infocul.pt\/arquivo\/","logo":{"@type":"ImageObject","inLanguage":"pt-PT","@id":"https:\/\/infocul.pt\/arquivo\/#\/schema\/logo\/image\/","url":"https:\/\/infocul.pt\/arquivo\/wp-content\/uploads\/2018\/12\/Infocul_logo-1.png","contentUrl":"https:\/\/infocul.pt\/arquivo\/wp-content\/uploads\/2018\/12\/Infocul_logo-1.png","width":800,"height":800,"caption":"Infocul.pt"},"image":{"@id":"https:\/\/infocul.pt\/arquivo\/#\/schema\/logo\/image\/"},"sameAs":["https:\/\/www.facebook.com\/Infocul-147816815585015\/","https:\/\/x.com\/Infoculpt","http:\/\/www.pictaram.com\/user\/infocul.pt\/2370423710","https:\/\/www.youtube.com\/channel\/UCYEB91AGI9FL9ek2i_IaQAA"]},{"@type":"Person","@id":"https:\/\/infocul.pt\/arquivo\/#\/schema\/person\/f243f45ae8d67639120a7586884f3abc","name":"Redac\u00e7\u00e3o","image":{"@type":"ImageObject","inLanguage":"pt-PT","@id":"https:\/\/secure.gravatar.com\/avatar\/151b1b76c598ab5e749407223bd6c1bad4e41c4e95de3c3df83540ebee2deaf8?s=96&d=mm&r=g","url":"https:\/\/secure.gravatar.com\/avatar\/151b1b76c598ab5e749407223bd6c1bad4e41c4e95de3c3df83540ebee2deaf8?s=96&d=mm&r=g","contentUrl":"https:\/\/secure.gravatar.com\/avatar\/151b1b76c598ab5e749407223bd6c1bad4e41c4e95de3c3df83540ebee2deaf8?s=96&d=mm&r=g","caption":"Redac\u00e7\u00e3o"}}]}},"_links":{"self":[{"href":"https:\/\/infocul.pt\/arquivo\/wp-json\/wp\/v2\/posts\/70805","targetHints":{"allow":["GET"]}}],"collection":[{"href":"https:\/\/infocul.pt\/arquivo\/wp-json\/wp\/v2\/posts"}],"about":[{"href":"https:\/\/infocul.pt\/arquivo\/wp-json\/wp\/v2\/types\/post"}],"author":[{"embeddable":true,"href":"https:\/\/infocul.pt\/arquivo\/wp-json\/wp\/v2\/users\/13"}],"replies":[{"embeddable":true,"href":"https:\/\/infocul.pt\/arquivo\/wp-json\/wp\/v2\/comments?post=70805"}],"version-history":[{"count":0,"href":"https:\/\/infocul.pt\/arquivo\/wp-json\/wp\/v2\/posts\/70805\/revisions"}],"wp:featuredmedia":[{"embeddable":true,"href":"https:\/\/infocul.pt\/arquivo\/wp-json\/wp\/v2\/media\/70806"}],"wp:attachment":[{"href":"https:\/\/infocul.pt\/arquivo\/wp-json\/wp\/v2\/media?parent=70805"}],"wp:term":[{"taxonomy":"category","embeddable":true,"href":"https:\/\/infocul.pt\/arquivo\/wp-json\/wp\/v2\/categories?post=70805"},{"taxonomy":"post_tag","embeddable":true,"href":"https:\/\/infocul.pt\/arquivo\/wp-json\/wp\/v2\/tags?post=70805"}],"curies":[{"name":"wp","href":"https:\/\/api.w.org\/{rel}","templated":true}]}}