{"id":70882,"date":"2020-05-01T11:34:49","date_gmt":"2020-05-01T10:34:49","guid":{"rendered":"https:\/\/infocul.pt\/?p=70882"},"modified":"2020-05-01T11:35:18","modified_gmt":"2020-05-01T10:35:18","slug":"francisco-moreira-apresenta-todos-os-fados-sao-meus-um-disco-mais-maduro-mais-nostalgico-mais-fadista","status":"publish","type":"post","link":"https:\/\/infocul.pt\/arquivo\/cultura\/francisco-moreira-apresenta-todos-os-fados-sao-meus-um-disco-mais-maduro-mais-nostalgico-mais-fadista\/","title":{"rendered":"Francisco Moreira apresenta &#8216;Todos os Fados S\u00e3o Meus&#8217;: &#8220;Um disco mais maduro, mais nost\u00e1lgico, mais \u201cfadista\u201d"},"content":{"rendered":"<p><img decoding=\"async\" class=\"aligncenter wp-image-70884 size-large lazyload\" data-src=\"https:\/\/infocul.pt\/arquivo\/wp-content\/uploads\/2020\/05\/Francisco-Moreira_-foto-promo-1024x683.jpg\" alt=\"\" width=\"800\" height=\"534\" data-srcset=\"https:\/\/infocul.pt\/arquivo\/wp-content\/uploads\/2020\/05\/Francisco-Moreira_-foto-promo-scaled.jpg 1024w, https:\/\/infocul.pt\/arquivo\/wp-content\/uploads\/2020\/05\/Francisco-Moreira_-foto-promo-300x200.jpg 300w, https:\/\/infocul.pt\/arquivo\/wp-content\/uploads\/2020\/05\/Francisco-Moreira_-foto-promo-768x512.jpg 768w, https:\/\/infocul.pt\/arquivo\/wp-content\/uploads\/2020\/05\/Francisco-Moreira_-foto-promo-1536x1025.jpg 1536w, https:\/\/infocul.pt\/arquivo\/wp-content\/uploads\/2020\/05\/Francisco-Moreira_-foto-promo-2048x1367.jpg 2048w\" data-sizes=\"(max-width: 800px) 100vw, 800px\" src=\"data:image\/svg+xml;base64,PHN2ZyB3aWR0aD0iMSIgaGVpZ2h0PSIxIiB4bWxucz0iaHR0cDovL3d3dy53My5vcmcvMjAwMC9zdmciPjwvc3ZnPg==\" style=\"--smush-placeholder-width: 800px; --smush-placeholder-aspect-ratio: 800\/534;\" \/><\/p>\n<p><span style=\"font-family: Liberation Serif, serif;\"><span style=\"font-size: medium;\"><span style=\"color: #101010;\">Francisco Moreira acaba de lan\u00e7ar o disco \u201cTodos Os Fados S\u00e3o Meus\u201d. Este \u00e9, na minha opini\u00e3o, um disco maduro de um jovem cantor. <\/span><span style=\"color: #101010;\">Francisco Moreira concedeu uma entrevista ao Infocul, na qual aborda o seu percurso no Fado e, claro, destaca este disco.<\/span><\/span><\/span><!--more--><\/p>\n<p>&nbsp;<\/p>\n<p><span style=\"font-family: Liberation Serif, serif;\"><span style=\"font-size: medium;\"><span style=\"color: #101010;\">O disco <\/span><span style=\"color: #101010;\">\u00e9 uma forte homenagem \u00e0 tradi\u00e7\u00e3o, cantada por um jovem dos tempos de hoje. Francisco Moreira tem sobre si, bem como outro jovens talentosos, o peso da tradi\u00e7\u00e3o nos tempos vindouros. E neste disco ficamos com a esperan\u00e7a, porque certezas nunca existem, de que est\u00e1 no caminho certo.<\/span><\/span><\/span><\/p>\n<p><span style=\"font-family: Liberation Serif, serif;\"><span style=\"font-size: medium;\"><span style=\"color: #101010;\">Conta<\/span><span style=\"color: #101010;\"> nas guitarras portuguesas <\/span><span style=\"color: #101010;\">com<\/span><span style=\"color: #101010;\"> Jo\u00e3o Martins e Miguel Amaral (este segundo na interpreta\u00e7\u00e3o de um tema por si composto), na viola <\/span><span style=\"color: #101010;\">com <\/span><span style=\"color: #101010;\">Andr\u00e9 Teixeira e no contrabaixo <\/span><span style=\"color: #101010;\">com<\/span><span style=\"color: #101010;\"> Filipe Teixeira.<\/span><\/span><\/span><\/p>\n<p>&nbsp;<\/p>\n<p><span style=\"font-family: Liberation Serif, serif;\"><span style=\"font-size: medium;\"><span style=\"color: #101010;\">O p\u00fablico pode assim, em tempos de confinamento, usufruir de \u201cTodos os Fados s\u00e3o Meus\u201d, um disco que merece ser ouvido e entendido. Quanto ao Francisco Moreira, \u00e9 um jovem nortenho mas que carrega em si a alma lusitana sem barreiras geogr\u00e1ficas, numa arte chamada Fado.<\/span><\/span><\/span><\/p>\n<p>&nbsp;<\/p>\n<p><span style=\"font-family: Liberation Serif, serif;\"><span style=\"font-size: medium;\"><b><span style=\"color: #101010;\">Quando come\u00e7ou a pensar neste disco?<\/span><\/b><\/span><\/span><\/p>\n<p><span style=\"font-family: Liberation Serif, serif;\"><span style=\"font-size: medium;\"><i><span style=\"color: #101010;\">Este disco come\u00e7ou a ser pensado h\u00e1 cerca de um ano, quando comecei a trabalhar profissionalmente nas casas de fado aqui do Porto, a \u201cCasa da Mariquinhas\u201d e o \u201cP\u00e1teo da Mariquinhas\u201d. Marca, por isso, o in\u00edcio de uma nova etapa para mim, porque \u00e9 o primeiro da minha idade adulta, e achei que fazia todo o sentido faz\u00ea-lo nesta fase.<\/span><\/i><\/span><\/span><\/p>\n<p>&nbsp;<\/p>\n<p><span style=\"font-family: Liberation Serif, serif;\"><span style=\"font-size: medium;\"><b><span style=\"color: #101010;\">Qual a sua primeira mem\u00f3ria de fado?<\/span><\/b><\/span><\/span><\/p>\n<p><span style=\"font-family: Liberation Serif, serif;\"><span style=\"font-size: medium;\"><i><span style=\"color: #101010;\">A minha fam\u00edlia sempre foi ligada \u00e0 m\u00fasica, e quando festej\u00e1vamos o anivers\u00e1rio de algu\u00e9m aqui em casa ou nos junt\u00e1vamos simplesmente para jantar com alguns amigos, havia um senhor, que pertencia ao rancho folcl\u00f3rico onde and\u00e1vamos, que tocava viola e cantava. Era o Sr. Barros. E numa dessas noites, ele cantou uma can\u00e7\u00e3o muito bonita, que mais cedo vim a descobrir que era um fado, a \u201cLenda da Fonte\u201d.<\/span><\/i><\/span><\/span><\/p>\n<p>&nbsp;<\/p>\n<p><span style=\"font-family: Liberation Serif, serif;\"><span style=\"font-size: medium;\"><b><span style=\"color: #101010;\">Embora jovem, j\u00e1 tem uns anos de percurso no Fado. Lembra-se da sua primeira actua\u00e7\u00e3o e qual o primeiro fado que cantou em p\u00fablico?<\/span><\/b><\/span><\/span><\/p>\n<p><span style=\"font-family: Liberation Serif, serif;\"><span style=\"font-size: medium;\"><i><span style=\"color: #101010;\">A primeira actua\u00e7\u00e3o a cantar fado de que tenho mem\u00f3ria foi precisamente acompanhado pelo Sr. Barros, a cantar o fado que ouvira da voz dele, a \u201cLenda da Fonte\u201d, e foi no centro comercial Venepor, na Maia.<\/span><\/i><\/span><\/span><\/p>\n<figure id=\"attachment_70883\" aria-describedby=\"caption-attachment-70883\" style=\"width: 510px\" class=\"wp-caption aligncenter\"><img decoding=\"async\" class=\"wp-image-70883 size-full lazyload\" data-src=\"https:\/\/infocul.pt\/arquivo\/wp-content\/uploads\/2020\/05\/FM.jpg\" alt=\"\" width=\"510\" height=\"387\" data-srcset=\"https:\/\/infocul.pt\/arquivo\/wp-content\/uploads\/2020\/05\/FM.jpg 510w, https:\/\/infocul.pt\/arquivo\/wp-content\/uploads\/2020\/05\/FM-300x228.jpg 300w\" data-sizes=\"(max-width: 510px) 100vw, 510px\" src=\"data:image\/svg+xml;base64,PHN2ZyB3aWR0aD0iMSIgaGVpZ2h0PSIxIiB4bWxucz0iaHR0cDovL3d3dy53My5vcmcvMjAwMC9zdmciPjwvc3ZnPg==\" style=\"--smush-placeholder-width: 510px; --smush-placeholder-aspect-ratio: 510\/387;\" \/><figcaption id=\"caption-attachment-70883\" class=\"wp-caption-text\">Com o Sr. Barros, curiosamente, a cantar a \u201cLenda da Fonte\u201d<\/figcaption><\/figure>\n<p>&nbsp;<\/p>\n<p><span style=\"font-family: Liberation Serif, serif;\"><span style=\"font-size: medium;\"><b><span style=\"color: #101010;\">O que demonstra este disco sobre o Francisco?<\/span><\/b><\/span><\/span><\/p>\n<p><span style=\"font-family: Liberation Serif, serif;\"><span style=\"font-size: medium;\"><i><span style=\"color: #101010;\">Este disco demonstra acima de tudo uma vontade muito grande de inovar, de arriscar e de responder ao p\u00fablico que desde muito cedo me tem acompanhado. O \u00faltimo havia sido lan\u00e7ado em 2016 e muita coisa aconteceu desde a\u00ed. Eu mudei, a minha voz mudou, a minha vida mudou e a minha forma de interpretar e sentir a vida, a m\u00fasica e o fado mudou. E penso que este disco representa essa mudan\u00e7a, essa transi\u00e7\u00e3o que aconteceu em mim. \u00c9 provavelmente um disco mais maduro, mais nost\u00e1lgico, mais \u201cfadista\u201d.<\/span><\/i><\/span><\/span><\/p>\n<p>&nbsp;<\/p>\n<p><span style=\"font-family: Liberation Serif, serif;\"><span style=\"font-size: medium;\"><b><span style=\"color: #101010;\">Durante muitos anos foi anunciado como Kiko. Agora \u00e9 Francisco Moreira. Esta mudan\u00e7a \u00e9 tamb\u00e9m uma mensagem de que j\u00e1 n\u00e3o \u00e9 um mi\u00fado?<\/span><\/b><\/span><\/span><\/p>\n<p><span style=\"font-family: Liberation Serif, serif;\"><span style=\"font-size: medium;\"><i><span style=\"color: #101010;\">N\u00e3o necessariamente, porque aos olhos de muitos, com 20 anos, ainda serei um mi\u00fado. A \u201cmudan\u00e7a\u201d de nome deve-se mais a uma quest\u00e3o de gosto pessoal do que propriamente \u00e0 inten\u00e7\u00e3o de enviar uma mensagem.<\/span><\/i><\/span><\/span><\/p>\n<p>&nbsp;<\/p>\n<p><span style=\"font-family: Liberation Serif, serif;\"><span style=\"font-size: medium;\"><b><span style=\"color: #101010;\">15 temas neste primeiro disco. Arrisca tamb\u00e9m na escrita. \u00c9 mais f\u00e1cil cantar ou escrever? Pergunto-lhe isto porque o Fado tem uma s\u00e9rie de \u2018regras\u2019\u2026<\/span><\/b><\/span><\/span><\/p>\n<p><span style=\"font-family: Liberation Serif, serif;\"><span style=\"font-size: medium;\"><i><span style=\"color: #101010;\">Custa-me sempre um pouco definir como \u201cf\u00e1cil\u201d ou \u201c<\/span><span style=\"color: #101010;\">dif\u00edcil<\/span><span style=\"color: #101010;\">\u201d alguma coisa envolvida no processo art\u00edstico, quer seja cantar, tocar, <\/span><span style=\"color: #101010;\">compor<\/span><span style=\"color: #101010;\"> ou escrever, porque acho que \u00e9 muito relativo. O que \u00e9 f\u00e1cil para mim pode ser dif\u00edcil para outro e vice versa. Agora, <\/span><span style=\"color: #101010;\">provavelmente<\/span><span style=\"color: #101010;\">, para mim o que sai mais naturalmente e de forma mais espont\u00e2nea \u00e9 a parte de cantar, porque escrever est\u00e1 sujeito a um determinado n\u00famero de factores, sensa\u00e7\u00f5es e mesmo o pr\u00f3prio ambiente em que me encontro. Depois, acresce a quest\u00e3o das \u201cregras\u201d de escrita no Fado, pelas quais temos obviamente que ter respeito e que aumentam a complexidade e rigor que temos que <\/span><span style=\"color: #101010;\">impor<\/span><span style=\"color: #101010;\"> nas letras. Por isso, para ir de encontro \u00e0 sua pergunta: se calhar \u00e9 mais f\u00e1cil cantar!<\/span><\/i><\/span><\/span><\/p>\n<p>&nbsp;<\/p>\n<p><span style=\"font-family: Liberation Serif, serif;\"><span style=\"font-size: medium;\"><b><span style=\"color: #101010;\">Como descreve este disco?<\/span><\/b><\/span><\/span><\/p>\n<p><span style=\"font-family: Liberation Serif, serif;\"><span style=\"font-size: medium;\"><i><span style=\"color: #101010;\">\u00c9 um disco de fado tradicional, com v\u00e1rias adapta\u00e7\u00f5es e alguns originais. As adapta\u00e7\u00f5es s\u00e3o de fados pertencentes a cantores e autores que eu aprecio muito e que de certa forma definiram o meu percurso e a forma como aprendi a gostar de fado. Os originais foram feitos por amigos, que admiro muito e que me t\u00eam ajudado muito no meu percurso, como \u00e9 o caso do Ant\u00f3nio Laranjeira, Marco Oliveira, do Jo\u00e3o Martins, do Andr\u00e9 Teixeira e do Miguel Amaral. Por gostar tanto da quest\u00e3o da mensagem que no fado nos \u00e9 poss\u00edvel passar, este disco cont\u00e9m, na \u00edntegra, poemas com os quais me identifico, palavras e temas que eu sinto e que me fazem, mais do que cant\u00e1-los, sentir-me parte das hist\u00f3rias que contam.<\/span><\/i><\/span><\/span><\/p>\n<p>&nbsp;<\/p>\n<p><span style=\"font-family: Liberation Serif, serif;\"><span style=\"font-size: medium;\"><b><span style=\"color: #101010;\">\u00c9 de Vila do Conde. H\u00e1 quem diga que o Fado \u00e9 de Lisboa. Tem sido complicado entrar no meio fadista?<\/span><\/b><\/span><\/span><\/p>\n<p><span style=\"font-family: Liberation Serif, serif;\"><span style=\"font-size: medium;\"><i><span style=\"color: #101010;\">O Fado \u00e9 uma can\u00e7\u00e3o de Portugal, n\u00e3o \u00e9 de Lisboa. O Fado pode ter nascido em Lisboa, pode ter o seu \u201cepicentro em Lisboa\u201d e pode ter o maior n\u00famero de p\u00fablico em Lisboa, mas a verdade \u00e9 que o Fado representa a identidade de todo um povo. \u00c9 canto da alma, fala portugu\u00eas e nunca podemos esquecer que onde bate um cora\u00e7\u00e3o portugu\u00eas,canta-se sempre um fado. Em Lisboa ou em qualquer outra cidade do pa\u00eds. Aquilo que acontece, \u00e9 que pelo facto de a maior parte dos fadistas estarem residentes em Lisboa, se instale uma ideia, na minha opini\u00e3o question\u00e1vel, de que o \u201cmeio fadista\u201d s\u00f3 existe em Lisboa. Eu nasci, cresci e vivo na cidade do Porto, e sempre fiz grande parte da minha carreira na cidade do Porto, h\u00e1 5 ou 6 casas de fado profissional no Porto. Temos salas de espet\u00e1culo lind\u00edssimas como a Casa da M\u00fasica, o Coliseu, o Teatro S\u00e1 da Bandeira, ou o Teatro Municipal. Temos coletividades com muita hist\u00f3ria e tradi\u00e7\u00e3o, e temos gente que gosta de fado e acarinha os seus artistas. E a verdade \u00e9 que, mesmo aqui no Porto, embora muitas pessoas n\u00e3o saibam, h\u00e1 de facto um meio fadista bastante numeroso e muito representativo da cultura da cidade e da regi\u00e3o.<\/span><\/i><\/span><\/span><\/p>\n<p>&nbsp;<\/p>\n<p><span style=\"font-family: Liberation Serif, serif;\"><span style=\"font-size: medium;\"><b><span style=\"color: #101010;\">Qual a hist\u00f3ria mais caricata que tenha acontecido durante a grava\u00e7\u00e3o do disco?<\/span><\/b><\/span><\/span><\/p>\n<p><span style=\"font-family: Liberation Serif, serif;\"><span style=\"font-size: medium;\"><i><span style=\"color: #101010;\">Acho que a hist\u00f3ria mais caricata ainda est\u00e1 neste momento a acontecer. Esta situa\u00e7\u00e3o da pandemia coincidiu exatamente com a altura de lan\u00e7amento do disco. A data prevista de lan\u00e7amento do disco em concerto era 14 de Mar\u00e7o e o estado de emerg\u00eancia no nosso pa\u00eds foi decretado a 18 de Mar\u00e7o. Foram meses e meses de trabalho, a planear tudo, e de repente acontece esta situa\u00e7\u00e3o e foi tudo ao ar! Mas o fundamental \u00e9 o bem estar de todos e a seguran\u00e7a, e embora n\u00e3o pudessemos ter escolhido uma altura mais adversa para iniciar o projeto, temos que pensar no melhor para todos, e n\u00e3o s\u00f3 para n\u00f3s pr\u00f3prios.<\/span><\/i><\/span><\/span><\/p>\n<p>&nbsp;<\/p>\n<p><span style=\"font-family: Liberation Serif, serif;\"><span style=\"font-size: medium;\"><b><span style=\"color: #101010;\">De que maneira esta pandemia afectou o seu trabalho e a promo\u00e7\u00e3o do disco?<\/span><\/b><\/span><\/span><\/p>\n<p><span style=\"font-family: Liberation Serif, serif;\"><span style=\"font-size: medium;\"><i><span style=\"color: #101010;\">Um dos setores de atividade que esta pandemia mais afetou e ainda vai afetar \u00e9 o setor do turismo, setor esse com o qual n\u00f3s fadistas trabalhamos de forma direta. Como deve imaginar, quando tudo isto come\u00e7ou, fomos dos primeiros a vir para casa, estando neste momento \u00e0 espera da retoma. Quanto \u00e0 promo\u00e7\u00e3o do disco tenho a felicidade de trabalhar com a Cristina Pereira e a Paula Cabe\u00e7adas, que est\u00e3o a fazer um trabalho not\u00e1vel, e que mesmo com esta situa\u00e7\u00e3o toda, se t\u00eam esfor\u00e7ado para que, mesmo com trabalho dificultado, o disco chegue \u00e0s pessoas. Para al\u00e9m disso tenho muita sorte por ter o apoio da R\u00e1dio Festival, dos meus m\u00fasicos e da Banz\u00e9 Editora, que tamb\u00e9m t\u00eam divulgado este projeto da maneira que lhes \u00e9 poss\u00edvel. Para al\u00e9m disso, tenho que agradecer a toda a gente que atrav\u00e9s das redes sociais me tem dado o seu feedback do disco.<\/span><\/i><\/span><\/span><\/p>\n<p>&nbsp;<\/p>\n<p><span style=\"font-family: Liberation Serif, serif;\"><span style=\"font-size: medium;\"><b><span style=\"color: #101010;\">Onde poder\u00e3o as pessoas ter acesso ao disco e entrar em contacto consigo?<\/span><\/b><\/span><\/span><\/p>\n<p><span style=\"font-family: Liberation Serif, serif;\"><span style=\"font-size: medium;\"><i><span style=\"color: #101010;\">O disco est\u00e1 dispon\u00edvel em todas as plataformas digitais, como o Spotify, o Itunes ou o Youtube, e as pessoas podem acompanhar todo este trabalho nas minhas p\u00e1ginas oficiais do <a href=\"https:\/\/www.facebook.com\/franciscomoreirafado\/?ref=br_rs\">Facebook (Francisco Moreira)<\/a> e do <a href=\"https:\/\/www.instagram.com\/franciscomoreirafado\/\">Instagram (@franciscomoreirafado)<\/a>.<\/span><\/i><\/span><\/span><\/p>\n<p><img decoding=\"async\" class=\"aligncenter wp-image-70885 size-large lazyload\" data-src=\"https:\/\/infocul.pt\/arquivo\/wp-content\/uploads\/2020\/05\/Capa-Francisco-Moreira-1024x964.jpg\" alt=\"\" width=\"800\" height=\"753\" data-srcset=\"https:\/\/infocul.pt\/arquivo\/wp-content\/uploads\/2020\/05\/Capa-Francisco-Moreira.jpg 1024w, https:\/\/infocul.pt\/arquivo\/wp-content\/uploads\/2020\/05\/Capa-Francisco-Moreira-300x282.jpg 300w, https:\/\/infocul.pt\/arquivo\/wp-content\/uploads\/2020\/05\/Capa-Francisco-Moreira-768x723.jpg 768w, https:\/\/infocul.pt\/arquivo\/wp-content\/uploads\/2020\/05\/Capa-Francisco-Moreira-1536x1446.jpg 1536w\" data-sizes=\"(max-width: 800px) 100vw, 800px\" src=\"data:image\/svg+xml;base64,PHN2ZyB3aWR0aD0iMSIgaGVpZ2h0PSIxIiB4bWxucz0iaHR0cDovL3d3dy53My5vcmcvMjAwMC9zdmciPjwvc3ZnPg==\" style=\"--smush-placeholder-width: 800px; --smush-placeholder-aspect-ratio: 800\/753;\" \/><\/p>\n<p><span style=\"font-family: Liberation Serif, serif;\"><span style=\"font-size: medium;\"><span style=\"color: #101010;\"><strong>Disco:<\/strong> \u201cTodos os Fados S\u00e3o Meus\u201d<\/span><\/span><\/span><\/p>\n<p><span style=\"font-family: Liberation Serif, serif;\"><span style=\"font-size: medium;\"><span style=\"color: #101010;\"><strong>Grava\u00e7\u00e3o, mistura e masteriza\u00e7\u00e3o:<\/strong> Quarta Vaga Produ\u00e7\u00f5es<\/span><\/span><\/span><\/p>\n<p><span style=\"font-family: Liberation Serif, serif;\"><span style=\"font-size: medium;\"><span style=\"color: #101010;\"><strong>Fotografias:<\/strong> Krystallenia Batziou<\/span><\/span><\/span><\/p>\n<p><span style=\"font-family: Liberation Serif, serif;\"><span style=\"font-size: medium;\"><span style=\"color: #101010;\"><strong>Design Gr\u00e1fico:<\/strong> Yuri Reis<\/span><\/span><\/span><\/p>\n<p><strong><span style=\"font-family: Liberation Serif, serif;\"><span style=\"font-size: medium;\"><span style=\"color: #101010;\">Alinhamento:<\/span><\/span><\/span><\/strong><\/p>\n<p><span style=\"font-family: Liberation Serif, serif;\"><span style=\"font-size: medium;\"><span style=\"color: #101010;\">1- Todos os Fados S\u00e3o Meus (Ant\u00f3nio Laranjeira\/Andr\u00e9 Teixeira)<\/span><\/span><\/span><\/p>\n<p><span style=\"font-family: Liberation Serif, serif;\"><span style=\"font-size: medium;\"><span style=\"color: #101010;\">2- Tinha o nome de Saudade (Jo\u00e3o de Freitas\/Ra\u00fal Pinto)<\/span><\/span><\/span><\/p>\n<p><span style=\"font-family: Liberation Serif, serif;\"><span style=\"font-size: medium;\"><span style=\"color: #101010;\">3- Anda o Fado noutras bocas (Artur Ribeiro)<\/span><\/span><\/span><\/p>\n<p><span style=\"font-family: Liberation Serif, serif;\"><span style=\"font-size: medium;\"><span style=\"color: #101010;\">4- Gostei de ti (Guilherme Pereira da Rosa\/Jorge Costa Pinto)<\/span><\/span><\/span><\/p>\n<p><span style=\"font-family: Liberation Serif, serif;\"><span style=\"font-size: medium;\"><span style=\"color: #101010;\">5- Se eu entrasse em desespero (Ant\u00f3nio Laranjeira\/Jo\u00e3o Martins<\/span><\/span><\/span><\/p>\n<p><span style=\"font-family: Liberation Serif, serif;\"><span style=\"font-size: medium;\"><span style=\"color: #101010;\">6- E de repente um adeus (Marco Oliveira\/Pedro Rodrigues)<\/span><\/span><\/span><\/p>\n<p><span style=\"font-family: Liberation Serif, serif;\"><span style=\"font-size: medium;\"><span style=\"color: #101010;\">7- Fechei as portas \u00e0 vida (Artur Ribeiro\/ Franklim Godinho)<\/span><\/span><\/span><\/p>\n<p><span style=\"font-family: Liberation Serif, serif;\"><span style=\"font-size: medium;\"><span style=\"color: #101010;\">8- Ser feliz s\u00f3 por sonhar (Ant\u00f3nio Laranjeira\/Miguel Amaral)<\/span><\/span><\/span><\/p>\n<p><span style=\"font-family: Liberation Serif, serif;\"><span style=\"font-size: medium;\"><span style=\"color: #101010;\">9- As Andorinhas (Amadeu Ramim)<\/span><\/span><\/span><\/p>\n<p><span style=\"font-family: Liberation Serif, serif;\"><span style=\"font-size: medium;\"><span style=\"color: #101010;\">10- Apagou-se a chama (Conde Sobral\/Joaquim Campos)<\/span><\/span><\/span><\/p>\n<p><span style=\"font-family: Liberation Serif, serif;\"><span style=\"font-size: medium;\"><span style=\"color: #101010;\">11- Rosa da Mouraria(Frederico de Brito\/Martinho d&#8217;Assun\u00e7\u00e3o)<\/span><\/span><\/span><\/p>\n<p><span style=\"font-family: Liberation Serif, serif;\"><span style=\"font-size: medium;\"><span style=\"color: #101010;\">12- Num s\u00f3 verso (Francisco Moreira\/Jo\u00e3o Martins)<\/span><\/span><\/span><\/p>\n<p><span style=\"font-family: Liberation Serif, serif;\"><span style=\"font-size: medium;\"><span style=\"color: #101010;\">13- Fado \u00e9 Saudade (An\u00edbal Nazar\u00e9\/Carlos Rocha)<\/span><\/span><\/span><\/p>\n<p><span style=\"font-family: Liberation Serif, serif;\"><span style=\"font-size: medium;\"><span style=\"color: #101010;\">14- Longe de Ti (Manuel de Almeida\/Martinho d&#8217;Assun\u00e7\u00e3o)<\/span><\/span><\/span><\/p>\n<p><span style=\"font-family: Liberation Serif, serif;\"><span style=\"font-size: medium;\"><span style=\"color: #101010;\">15- Andei \u00e1 tua procura (Jo\u00e3o Linhares Barbosa\/Fado das Horas)<\/span><\/span><\/span><\/p>\n","protected":false},"excerpt":{"rendered":"<p>Francisco Moreira acaba de lan\u00e7ar o disco \u201cTodos Os Fados S\u00e3o Meus\u201d. Este \u00e9, na minha opini\u00e3o, um disco maduro de um jovem cantor. Francisco Moreira concedeu uma entrevista ao Infocul, na qual aborda o seu percurso no Fado e, claro, destaca este disco.<\/p>\n","protected":false},"author":2,"featured_media":70884,"comment_status":"open","ping_status":"closed","sticky":false,"template":"","format":"standard","meta":{"footnotes":""},"categories":[2,36,4,4124],"tags":[42,9277],"class_list":["post-70882","post","type-post","status-publish","format-standard","has-post-thumbnail","hentry","category-cultura","category-destaque","category-discos","category-entrevistas","tag-fado","tag-francisco-moreira"],"yoast_head":"<!-- This site is optimized with the Yoast SEO plugin v27.4 - https:\/\/yoast.com\/product\/yoast-seo-wordpress\/ -->\n<title>Francisco Moreira apresenta &#039;Todos os Fados S\u00e3o Meus&#039;: &quot;Um disco mais maduro, mais nost\u00e1lgico, mais \u201cfadista\u201d | Infocul.pt - Arquivo Digital<\/title>\n<meta name=\"description\" content=\"Francisco Moreira apresenta &#039;Todos os Fados S\u00e3o Meus&#039;: &quot;Um disco mais maduro, mais nost\u00e1lgico, mais \u201cfadista\u201d | Infocul.pt - Arquivo Digital\" \/>\n<meta name=\"robots\" content=\"noindex, follow, max-snippet:-1, max-image-preview:large, max-video-preview:-1\" \/>\n<meta property=\"og:locale\" content=\"pt_PT\" \/>\n<meta property=\"og:type\" content=\"article\" \/>\n<meta property=\"og:title\" content=\"Francisco Moreira apresenta &#039;Todos os Fados S\u00e3o Meus&#039;: &quot;Um disco mais maduro, mais nost\u00e1lgico, mais \u201cfadista\u201d | Infocul.pt - Arquivo Digital\" \/>\n<meta property=\"og:description\" content=\"Francisco Moreira apresenta &#039;Todos os Fados S\u00e3o Meus&#039;: &quot;Um disco mais maduro, mais nost\u00e1lgico, mais \u201cfadista\u201d | Infocul.pt - Arquivo Digital\" \/>\n<meta property=\"og:url\" content=\"https:\/\/infocul.pt\/arquivo\/cultura\/francisco-moreira-apresenta-todos-os-fados-sao-meus-um-disco-mais-maduro-mais-nostalgico-mais-fadista\/\" \/>\n<meta property=\"og:site_name\" content=\"Infocul.pt - Arquivo Digital\" \/>\n<meta property=\"article:publisher\" content=\"https:\/\/www.facebook.com\/Infocul-147816815585015\/\" \/>\n<meta property=\"article:published_time\" content=\"2020-05-01T10:34:49+00:00\" \/>\n<meta property=\"article:modified_time\" content=\"2020-05-01T10:35:18+00:00\" \/>\n<meta property=\"og:image\" content=\"https:\/\/infocul.pt\/arquivo\/wp-content\/uploads\/2020\/05\/Francisco-Moreira_-foto-promo-scaled.jpg\" \/>\n\t<meta property=\"og:image:width\" content=\"1024\" \/>\n\t<meta property=\"og:image:height\" content=\"683\" \/>\n\t<meta property=\"og:image:type\" content=\"image\/jpeg\" \/>\n<meta name=\"author\" content=\"Rui Lavrador\" \/>\n<meta name=\"twitter:card\" content=\"summary_large_image\" \/>\n<meta name=\"twitter:creator\" content=\"@Infoculpt\" \/>\n<meta name=\"twitter:site\" content=\"@Infoculpt\" \/>\n<meta name=\"twitter:label1\" content=\"Escrito por\" \/>\n\t<meta name=\"twitter:data1\" content=\"Rui Lavrador\" \/>\n\t<meta name=\"twitter:label2\" content=\"Tempo estimado de leitura\" \/>\n\t<meta name=\"twitter:data2\" content=\"8 minutos\" \/>\n<script type=\"application\/ld+json\" class=\"yoast-schema-graph\">{\"@context\":\"https:\\\/\\\/schema.org\",\"@graph\":[{\"@type\":\"Article\",\"@id\":\"https:\\\/\\\/infocul.pt\\\/arquivo\\\/cultura\\\/francisco-moreira-apresenta-todos-os-fados-sao-meus-um-disco-mais-maduro-mais-nostalgico-mais-fadista\\\/#article\",\"isPartOf\":{\"@id\":\"https:\\\/\\\/infocul.pt\\\/arquivo\\\/cultura\\\/francisco-moreira-apresenta-todos-os-fados-sao-meus-um-disco-mais-maduro-mais-nostalgico-mais-fadista\\\/\"},\"author\":{\"name\":\"Rui Lavrador\",\"@id\":\"https:\\\/\\\/infocul.pt\\\/arquivo\\\/#\\\/schema\\\/person\\\/060a108d7f2d85fc6aae505119ee5234\"},\"headline\":\"Francisco Moreira apresenta &#8216;Todos os Fados S\u00e3o Meus&#8217;: &#8220;Um disco mais maduro, mais nost\u00e1lgico, mais \u201cfadista\u201d\",\"datePublished\":\"2020-05-01T10:34:49+00:00\",\"dateModified\":\"2020-05-01T10:35:18+00:00\",\"mainEntityOfPage\":{\"@id\":\"https:\\\/\\\/infocul.pt\\\/arquivo\\\/cultura\\\/francisco-moreira-apresenta-todos-os-fados-sao-meus-um-disco-mais-maduro-mais-nostalgico-mais-fadista\\\/\"},\"wordCount\":1698,\"commentCount\":0,\"publisher\":{\"@id\":\"https:\\\/\\\/infocul.pt\\\/arquivo\\\/#organization\"},\"image\":{\"@id\":\"https:\\\/\\\/infocul.pt\\\/arquivo\\\/cultura\\\/francisco-moreira-apresenta-todos-os-fados-sao-meus-um-disco-mais-maduro-mais-nostalgico-mais-fadista\\\/#primaryimage\"},\"thumbnailUrl\":\"https:\\\/\\\/infocul.pt\\\/arquivo\\\/wp-content\\\/uploads\\\/2020\\\/05\\\/Francisco-Moreira_-foto-promo-scaled.jpg\",\"keywords\":[\"Fado\",\"Francisco Moreira\"],\"articleSection\":[\"Cultura\",\"Destaque\",\"Discos\",\"Entrevistas\"],\"inLanguage\":\"pt-PT\"},{\"@type\":\"WebPage\",\"@id\":\"https:\\\/\\\/infocul.pt\\\/arquivo\\\/cultura\\\/francisco-moreira-apresenta-todos-os-fados-sao-meus-um-disco-mais-maduro-mais-nostalgico-mais-fadista\\\/\",\"url\":\"https:\\\/\\\/infocul.pt\\\/arquivo\\\/cultura\\\/francisco-moreira-apresenta-todos-os-fados-sao-meus-um-disco-mais-maduro-mais-nostalgico-mais-fadista\\\/\",\"name\":\"Francisco Moreira apresenta 'Todos os Fados S\u00e3o Meus': \\\"Um disco mais maduro, mais nost\u00e1lgico, mais \u201cfadista\u201d | Infocul.pt - Arquivo Digital\",\"isPartOf\":{\"@id\":\"https:\\\/\\\/infocul.pt\\\/arquivo\\\/#website\"},\"primaryImageOfPage\":{\"@id\":\"https:\\\/\\\/infocul.pt\\\/arquivo\\\/cultura\\\/francisco-moreira-apresenta-todos-os-fados-sao-meus-um-disco-mais-maduro-mais-nostalgico-mais-fadista\\\/#primaryimage\"},\"image\":{\"@id\":\"https:\\\/\\\/infocul.pt\\\/arquivo\\\/cultura\\\/francisco-moreira-apresenta-todos-os-fados-sao-meus-um-disco-mais-maduro-mais-nostalgico-mais-fadista\\\/#primaryimage\"},\"thumbnailUrl\":\"https:\\\/\\\/infocul.pt\\\/arquivo\\\/wp-content\\\/uploads\\\/2020\\\/05\\\/Francisco-Moreira_-foto-promo-scaled.jpg\",\"datePublished\":\"2020-05-01T10:34:49+00:00\",\"dateModified\":\"2020-05-01T10:35:18+00:00\",\"description\":\"Francisco Moreira apresenta 'Todos os Fados S\u00e3o Meus': \\\"Um disco mais maduro, mais nost\u00e1lgico, mais \u201cfadista\u201d | Infocul.pt - Arquivo Digital\",\"breadcrumb\":{\"@id\":\"https:\\\/\\\/infocul.pt\\\/arquivo\\\/cultura\\\/francisco-moreira-apresenta-todos-os-fados-sao-meus-um-disco-mais-maduro-mais-nostalgico-mais-fadista\\\/#breadcrumb\"},\"inLanguage\":\"pt-PT\",\"potentialAction\":[{\"@type\":\"ReadAction\",\"target\":[\"https:\\\/\\\/infocul.pt\\\/arquivo\\\/cultura\\\/francisco-moreira-apresenta-todos-os-fados-sao-meus-um-disco-mais-maduro-mais-nostalgico-mais-fadista\\\/\"]}]},{\"@type\":\"ImageObject\",\"inLanguage\":\"pt-PT\",\"@id\":\"https:\\\/\\\/infocul.pt\\\/arquivo\\\/cultura\\\/francisco-moreira-apresenta-todos-os-fados-sao-meus-um-disco-mais-maduro-mais-nostalgico-mais-fadista\\\/#primaryimage\",\"url\":\"https:\\\/\\\/infocul.pt\\\/arquivo\\\/wp-content\\\/uploads\\\/2020\\\/05\\\/Francisco-Moreira_-foto-promo-scaled.jpg\",\"contentUrl\":\"https:\\\/\\\/infocul.pt\\\/arquivo\\\/wp-content\\\/uploads\\\/2020\\\/05\\\/Francisco-Moreira_-foto-promo-scaled.jpg\",\"width\":1024,\"height\":683},{\"@type\":\"BreadcrumbList\",\"@id\":\"https:\\\/\\\/infocul.pt\\\/arquivo\\\/cultura\\\/francisco-moreira-apresenta-todos-os-fados-sao-meus-um-disco-mais-maduro-mais-nostalgico-mais-fadista\\\/#breadcrumb\",\"itemListElement\":[{\"@type\":\"ListItem\",\"position\":1,\"name\":\"Home\",\"item\":\"https:\\\/\\\/infocul.pt\\\/arquivo\\\/\"},{\"@type\":\"ListItem\",\"position\":2,\"name\":\"Francisco Moreira apresenta &#8216;Todos os Fados S\u00e3o Meus&#8217;: &#8220;Um disco mais maduro, mais nost\u00e1lgico, mais \u201cfadista\u201d\"}]},{\"@type\":\"WebSite\",\"@id\":\"https:\\\/\\\/infocul.pt\\\/arquivo\\\/#website\",\"url\":\"https:\\\/\\\/infocul.pt\\\/arquivo\\\/\",\"name\":\"Infocul.pt - Arquivo Digital\",\"description\":\"Arquivo digital da Infocul.pt\",\"publisher\":{\"@id\":\"https:\\\/\\\/infocul.pt\\\/arquivo\\\/#organization\"},\"potentialAction\":[{\"@type\":\"SearchAction\",\"target\":{\"@type\":\"EntryPoint\",\"urlTemplate\":\"https:\\\/\\\/infocul.pt\\\/arquivo\\\/?s={search_term_string}\"},\"query-input\":{\"@type\":\"PropertyValueSpecification\",\"valueRequired\":true,\"valueName\":\"search_term_string\"}}],\"inLanguage\":\"pt-PT\"},{\"@type\":\"Organization\",\"@id\":\"https:\\\/\\\/infocul.pt\\\/arquivo\\\/#organization\",\"name\":\"Infocul.pt\",\"url\":\"https:\\\/\\\/infocul.pt\\\/arquivo\\\/\",\"logo\":{\"@type\":\"ImageObject\",\"inLanguage\":\"pt-PT\",\"@id\":\"https:\\\/\\\/infocul.pt\\\/arquivo\\\/#\\\/schema\\\/logo\\\/image\\\/\",\"url\":\"https:\\\/\\\/infocul.pt\\\/arquivo\\\/wp-content\\\/uploads\\\/2018\\\/12\\\/Infocul_logo-1.png\",\"contentUrl\":\"https:\\\/\\\/infocul.pt\\\/arquivo\\\/wp-content\\\/uploads\\\/2018\\\/12\\\/Infocul_logo-1.png\",\"width\":800,\"height\":800,\"caption\":\"Infocul.pt\"},\"image\":{\"@id\":\"https:\\\/\\\/infocul.pt\\\/arquivo\\\/#\\\/schema\\\/logo\\\/image\\\/\"},\"sameAs\":[\"https:\\\/\\\/www.facebook.com\\\/Infocul-147816815585015\\\/\",\"https:\\\/\\\/x.com\\\/Infoculpt\",\"http:\\\/\\\/www.pictaram.com\\\/user\\\/infocul.pt\\\/2370423710\",\"https:\\\/\\\/www.youtube.com\\\/channel\\\/UCYEB91AGI9FL9ek2i_IaQAA\"]},{\"@type\":\"Person\",\"@id\":\"https:\\\/\\\/infocul.pt\\\/arquivo\\\/#\\\/schema\\\/person\\\/060a108d7f2d85fc6aae505119ee5234\",\"name\":\"Rui Lavrador\",\"image\":{\"@type\":\"ImageObject\",\"inLanguage\":\"pt-PT\",\"@id\":\"https:\\\/\\\/secure.gravatar.com\\\/avatar\\\/93febd6873394aa8e975148548a0cb203acfdd42d2c85c5f1408e1a76678aece?s=96&d=mm&r=g\",\"url\":\"https:\\\/\\\/secure.gravatar.com\\\/avatar\\\/93febd6873394aa8e975148548a0cb203acfdd42d2c85c5f1408e1a76678aece?s=96&d=mm&r=g\",\"contentUrl\":\"https:\\\/\\\/secure.gravatar.com\\\/avatar\\\/93febd6873394aa8e975148548a0cb203acfdd42d2c85c5f1408e1a76678aece?s=96&d=mm&r=g\",\"caption\":\"Rui Lavrador\"},\"description\":\"Iniciou em 2011 o seu percurso em comunica\u00e7\u00e3o social, tendo integrado v\u00e1rios projectos editoriais. Durante o seu percurso integrou projectos como Jornal Hardm\u00fasica, LusoNot\u00edcias, Toureio.pt, ODigital.pt, entre outros \u00d3rg\u00e3os de Comunica\u00e7\u00e3o Social nacionais, na redac\u00e7\u00e3o de v\u00e1rios artigos. Entrevistou a grande maioria das personalidades mais importantes da vida social e cultural do pa\u00eds, destacando-se, tamb\u00e9m, na aprecia\u00e7\u00e3o de v\u00e1rios espect\u00e1culos. Durante o seu percurso, deu a conhecer v\u00e1rios artistas, at\u00e9 ent\u00e3o desconhecidos, ao grande p\u00fablico. Em 2015 criou e fundou o Infocul.pt, projecto no qual assume a direc\u00e7\u00e3o editorial.\",\"sameAs\":[\"http:\\\/\\\/www.infocul.pt\"]}]}<\/script>\n<!-- \/ Yoast SEO plugin. -->","yoast_head_json":{"title":"Francisco Moreira apresenta 'Todos os Fados S\u00e3o Meus': \"Um disco mais maduro, mais nost\u00e1lgico, mais \u201cfadista\u201d | Infocul.pt - Arquivo Digital","description":"Francisco Moreira apresenta 'Todos os Fados S\u00e3o Meus': \"Um disco mais maduro, mais nost\u00e1lgico, mais \u201cfadista\u201d | Infocul.pt - Arquivo Digital","robots":{"index":"noindex","follow":"follow","max-snippet":"max-snippet:-1","max-image-preview":"max-image-preview:large","max-video-preview":"max-video-preview:-1"},"og_locale":"pt_PT","og_type":"article","og_title":"Francisco Moreira apresenta 'Todos os Fados S\u00e3o Meus': \"Um disco mais maduro, mais nost\u00e1lgico, mais \u201cfadista\u201d | Infocul.pt - Arquivo Digital","og_description":"Francisco Moreira apresenta 'Todos os Fados S\u00e3o Meus': \"Um disco mais maduro, mais nost\u00e1lgico, mais \u201cfadista\u201d | Infocul.pt - Arquivo Digital","og_url":"https:\/\/infocul.pt\/arquivo\/cultura\/francisco-moreira-apresenta-todos-os-fados-sao-meus-um-disco-mais-maduro-mais-nostalgico-mais-fadista\/","og_site_name":"Infocul.pt - Arquivo Digital","article_publisher":"https:\/\/www.facebook.com\/Infocul-147816815585015\/","article_published_time":"2020-05-01T10:34:49+00:00","article_modified_time":"2020-05-01T10:35:18+00:00","og_image":[{"width":1024,"height":683,"url":"https:\/\/infocul.pt\/arquivo\/wp-content\/uploads\/2020\/05\/Francisco-Moreira_-foto-promo-scaled.jpg","type":"image\/jpeg"}],"author":"Rui Lavrador","twitter_card":"summary_large_image","twitter_creator":"@Infoculpt","twitter_site":"@Infoculpt","twitter_misc":{"Escrito por":"Rui Lavrador","Tempo estimado de leitura":"8 minutos"},"schema":{"@context":"https:\/\/schema.org","@graph":[{"@type":"Article","@id":"https:\/\/infocul.pt\/arquivo\/cultura\/francisco-moreira-apresenta-todos-os-fados-sao-meus-um-disco-mais-maduro-mais-nostalgico-mais-fadista\/#article","isPartOf":{"@id":"https:\/\/infocul.pt\/arquivo\/cultura\/francisco-moreira-apresenta-todos-os-fados-sao-meus-um-disco-mais-maduro-mais-nostalgico-mais-fadista\/"},"author":{"name":"Rui Lavrador","@id":"https:\/\/infocul.pt\/arquivo\/#\/schema\/person\/060a108d7f2d85fc6aae505119ee5234"},"headline":"Francisco Moreira apresenta &#8216;Todos os Fados S\u00e3o Meus&#8217;: &#8220;Um disco mais maduro, mais nost\u00e1lgico, mais \u201cfadista\u201d","datePublished":"2020-05-01T10:34:49+00:00","dateModified":"2020-05-01T10:35:18+00:00","mainEntityOfPage":{"@id":"https:\/\/infocul.pt\/arquivo\/cultura\/francisco-moreira-apresenta-todos-os-fados-sao-meus-um-disco-mais-maduro-mais-nostalgico-mais-fadista\/"},"wordCount":1698,"commentCount":0,"publisher":{"@id":"https:\/\/infocul.pt\/arquivo\/#organization"},"image":{"@id":"https:\/\/infocul.pt\/arquivo\/cultura\/francisco-moreira-apresenta-todos-os-fados-sao-meus-um-disco-mais-maduro-mais-nostalgico-mais-fadista\/#primaryimage"},"thumbnailUrl":"https:\/\/infocul.pt\/arquivo\/wp-content\/uploads\/2020\/05\/Francisco-Moreira_-foto-promo-scaled.jpg","keywords":["Fado","Francisco Moreira"],"articleSection":["Cultura","Destaque","Discos","Entrevistas"],"inLanguage":"pt-PT"},{"@type":"WebPage","@id":"https:\/\/infocul.pt\/arquivo\/cultura\/francisco-moreira-apresenta-todos-os-fados-sao-meus-um-disco-mais-maduro-mais-nostalgico-mais-fadista\/","url":"https:\/\/infocul.pt\/arquivo\/cultura\/francisco-moreira-apresenta-todos-os-fados-sao-meus-um-disco-mais-maduro-mais-nostalgico-mais-fadista\/","name":"Francisco Moreira apresenta 'Todos os Fados S\u00e3o Meus': \"Um disco mais maduro, mais nost\u00e1lgico, mais \u201cfadista\u201d | Infocul.pt - Arquivo Digital","isPartOf":{"@id":"https:\/\/infocul.pt\/arquivo\/#website"},"primaryImageOfPage":{"@id":"https:\/\/infocul.pt\/arquivo\/cultura\/francisco-moreira-apresenta-todos-os-fados-sao-meus-um-disco-mais-maduro-mais-nostalgico-mais-fadista\/#primaryimage"},"image":{"@id":"https:\/\/infocul.pt\/arquivo\/cultura\/francisco-moreira-apresenta-todos-os-fados-sao-meus-um-disco-mais-maduro-mais-nostalgico-mais-fadista\/#primaryimage"},"thumbnailUrl":"https:\/\/infocul.pt\/arquivo\/wp-content\/uploads\/2020\/05\/Francisco-Moreira_-foto-promo-scaled.jpg","datePublished":"2020-05-01T10:34:49+00:00","dateModified":"2020-05-01T10:35:18+00:00","description":"Francisco Moreira apresenta 'Todos os Fados S\u00e3o Meus': \"Um disco mais maduro, mais nost\u00e1lgico, mais \u201cfadista\u201d | Infocul.pt - Arquivo Digital","breadcrumb":{"@id":"https:\/\/infocul.pt\/arquivo\/cultura\/francisco-moreira-apresenta-todos-os-fados-sao-meus-um-disco-mais-maduro-mais-nostalgico-mais-fadista\/#breadcrumb"},"inLanguage":"pt-PT","potentialAction":[{"@type":"ReadAction","target":["https:\/\/infocul.pt\/arquivo\/cultura\/francisco-moreira-apresenta-todos-os-fados-sao-meus-um-disco-mais-maduro-mais-nostalgico-mais-fadista\/"]}]},{"@type":"ImageObject","inLanguage":"pt-PT","@id":"https:\/\/infocul.pt\/arquivo\/cultura\/francisco-moreira-apresenta-todos-os-fados-sao-meus-um-disco-mais-maduro-mais-nostalgico-mais-fadista\/#primaryimage","url":"https:\/\/infocul.pt\/arquivo\/wp-content\/uploads\/2020\/05\/Francisco-Moreira_-foto-promo-scaled.jpg","contentUrl":"https:\/\/infocul.pt\/arquivo\/wp-content\/uploads\/2020\/05\/Francisco-Moreira_-foto-promo-scaled.jpg","width":1024,"height":683},{"@type":"BreadcrumbList","@id":"https:\/\/infocul.pt\/arquivo\/cultura\/francisco-moreira-apresenta-todos-os-fados-sao-meus-um-disco-mais-maduro-mais-nostalgico-mais-fadista\/#breadcrumb","itemListElement":[{"@type":"ListItem","position":1,"name":"Home","item":"https:\/\/infocul.pt\/arquivo\/"},{"@type":"ListItem","position":2,"name":"Francisco Moreira apresenta &#8216;Todos os Fados S\u00e3o Meus&#8217;: &#8220;Um disco mais maduro, mais nost\u00e1lgico, mais \u201cfadista\u201d"}]},{"@type":"WebSite","@id":"https:\/\/infocul.pt\/arquivo\/#website","url":"https:\/\/infocul.pt\/arquivo\/","name":"Infocul.pt - Arquivo Digital","description":"Arquivo digital da Infocul.pt","publisher":{"@id":"https:\/\/infocul.pt\/arquivo\/#organization"},"potentialAction":[{"@type":"SearchAction","target":{"@type":"EntryPoint","urlTemplate":"https:\/\/infocul.pt\/arquivo\/?s={search_term_string}"},"query-input":{"@type":"PropertyValueSpecification","valueRequired":true,"valueName":"search_term_string"}}],"inLanguage":"pt-PT"},{"@type":"Organization","@id":"https:\/\/infocul.pt\/arquivo\/#organization","name":"Infocul.pt","url":"https:\/\/infocul.pt\/arquivo\/","logo":{"@type":"ImageObject","inLanguage":"pt-PT","@id":"https:\/\/infocul.pt\/arquivo\/#\/schema\/logo\/image\/","url":"https:\/\/infocul.pt\/arquivo\/wp-content\/uploads\/2018\/12\/Infocul_logo-1.png","contentUrl":"https:\/\/infocul.pt\/arquivo\/wp-content\/uploads\/2018\/12\/Infocul_logo-1.png","width":800,"height":800,"caption":"Infocul.pt"},"image":{"@id":"https:\/\/infocul.pt\/arquivo\/#\/schema\/logo\/image\/"},"sameAs":["https:\/\/www.facebook.com\/Infocul-147816815585015\/","https:\/\/x.com\/Infoculpt","http:\/\/www.pictaram.com\/user\/infocul.pt\/2370423710","https:\/\/www.youtube.com\/channel\/UCYEB91AGI9FL9ek2i_IaQAA"]},{"@type":"Person","@id":"https:\/\/infocul.pt\/arquivo\/#\/schema\/person\/060a108d7f2d85fc6aae505119ee5234","name":"Rui Lavrador","image":{"@type":"ImageObject","inLanguage":"pt-PT","@id":"https:\/\/secure.gravatar.com\/avatar\/93febd6873394aa8e975148548a0cb203acfdd42d2c85c5f1408e1a76678aece?s=96&d=mm&r=g","url":"https:\/\/secure.gravatar.com\/avatar\/93febd6873394aa8e975148548a0cb203acfdd42d2c85c5f1408e1a76678aece?s=96&d=mm&r=g","contentUrl":"https:\/\/secure.gravatar.com\/avatar\/93febd6873394aa8e975148548a0cb203acfdd42d2c85c5f1408e1a76678aece?s=96&d=mm&r=g","caption":"Rui Lavrador"},"description":"Iniciou em 2011 o seu percurso em comunica\u00e7\u00e3o social, tendo integrado v\u00e1rios projectos editoriais. Durante o seu percurso integrou projectos como Jornal Hardm\u00fasica, LusoNot\u00edcias, Toureio.pt, ODigital.pt, entre outros \u00d3rg\u00e3os de Comunica\u00e7\u00e3o Social nacionais, na redac\u00e7\u00e3o de v\u00e1rios artigos. Entrevistou a grande maioria das personalidades mais importantes da vida social e cultural do pa\u00eds, destacando-se, tamb\u00e9m, na aprecia\u00e7\u00e3o de v\u00e1rios espect\u00e1culos. Durante o seu percurso, deu a conhecer v\u00e1rios artistas, at\u00e9 ent\u00e3o desconhecidos, ao grande p\u00fablico. Em 2015 criou e fundou o Infocul.pt, projecto no qual assume a direc\u00e7\u00e3o editorial.","sameAs":["http:\/\/www.infocul.pt"]}]}},"_links":{"self":[{"href":"https:\/\/infocul.pt\/arquivo\/wp-json\/wp\/v2\/posts\/70882","targetHints":{"allow":["GET"]}}],"collection":[{"href":"https:\/\/infocul.pt\/arquivo\/wp-json\/wp\/v2\/posts"}],"about":[{"href":"https:\/\/infocul.pt\/arquivo\/wp-json\/wp\/v2\/types\/post"}],"author":[{"embeddable":true,"href":"https:\/\/infocul.pt\/arquivo\/wp-json\/wp\/v2\/users\/2"}],"replies":[{"embeddable":true,"href":"https:\/\/infocul.pt\/arquivo\/wp-json\/wp\/v2\/comments?post=70882"}],"version-history":[{"count":0,"href":"https:\/\/infocul.pt\/arquivo\/wp-json\/wp\/v2\/posts\/70882\/revisions"}],"wp:featuredmedia":[{"embeddable":true,"href":"https:\/\/infocul.pt\/arquivo\/wp-json\/wp\/v2\/media\/70884"}],"wp:attachment":[{"href":"https:\/\/infocul.pt\/arquivo\/wp-json\/wp\/v2\/media?parent=70882"}],"wp:term":[{"taxonomy":"category","embeddable":true,"href":"https:\/\/infocul.pt\/arquivo\/wp-json\/wp\/v2\/categories?post=70882"},{"taxonomy":"post_tag","embeddable":true,"href":"https:\/\/infocul.pt\/arquivo\/wp-json\/wp\/v2\/tags?post=70882"}],"curies":[{"name":"wp","href":"https:\/\/api.w.org\/{rel}","templated":true}]}}