{"id":7123,"date":"2016-05-01T09:57:17","date_gmt":"2016-05-01T09:57:17","guid":{"rendered":"http:\/\/infocul.pt\/?p=7123"},"modified":"2016-05-04T10:29:03","modified_gmt":"2016-05-04T10:29:03","slug":"ricardo-ribeiro-voz-fadista-em-musicas-do-mundo-encantou-o-coliseu-dos-recreios","status":"publish","type":"post","link":"https:\/\/infocul.pt\/arquivo\/cultura\/ricardo-ribeiro-voz-fadista-em-musicas-do-mundo-encantou-o-coliseu-dos-recreios\/","title":{"rendered":"Ricardo Ribeiro: Voz fadista em m\u00fasicas do mundo encantou o Coliseu dos Recreios"},"content":{"rendered":"<p><!-- Nextend Smart Slider 3 #127 - BEGIN --><\/p>\n<p>                    <img decoding=\"async\" title=\"\" class=\"n2-ss-slide-background-image n2-ss-slide-fill lazyload\" style=\"opacity: 1;\" alt=\"\" data-src=\"\/\/infocul.pt\/wp-content\/uploads\/2016\/05\/Ricardo-Ribeiro-30.jpg\" src=\"data:image\/svg+xml;base64,PHN2ZyB3aWR0aD0iMSIgaGVpZ2h0PSIxIiB4bWxucz0iaHR0cDovL3d3dy53My5vcmcvMjAwMC9zdmciPjwvc3ZnPg==\"><img decoding=\"async\" title=\"\" class=\"n2-ss-slide-background-image n2-ss-slide-fill lazyload\" style=\"opacity: 1;\" alt=\"\" data-src=\"\/\/infocul.pt\/wp-content\/uploads\/2016\/05\/Publico01.jpg\" src=\"data:image\/svg+xml;base64,PHN2ZyB3aWR0aD0iMSIgaGVpZ2h0PSIxIiB4bWxucz0iaHR0cDovL3d3dy53My5vcmcvMjAwMC9zdmciPjwvc3ZnPg==\"><img decoding=\"async\" title=\"\" class=\"n2-ss-slide-background-image n2-ss-slide-fill lazyload\" style=\"opacity: 1;\" alt=\"\" data-src=\"\/\/infocul.pt\/wp-content\/uploads\/2016\/05\/Publico02.jpg\" src=\"data:image\/svg+xml;base64,PHN2ZyB3aWR0aD0iMSIgaGVpZ2h0PSIxIiB4bWxucz0iaHR0cDovL3d3dy53My5vcmcvMjAwMC9zdmciPjwvc3ZnPg==\"><img decoding=\"async\" title=\"\" class=\"n2-ss-slide-background-image n2-ss-slide-fill lazyload\" style=\"opacity: 1;\" alt=\"\" data-src=\"\/\/infocul.pt\/wp-content\/uploads\/2016\/05\/Publico03.jpg\" src=\"data:image\/svg+xml;base64,PHN2ZyB3aWR0aD0iMSIgaGVpZ2h0PSIxIiB4bWxucz0iaHR0cDovL3d3dy53My5vcmcvMjAwMC9zdmciPjwvc3ZnPg==\"><img decoding=\"async\" title=\"\" class=\"n2-ss-slide-background-image n2-ss-slide-fill lazyload\" style=\"opacity: 1;\" alt=\"\" data-src=\"\/\/infocul.pt\/wp-content\/uploads\/2016\/05\/Ricardo-Ribeiro-01.jpg\" src=\"data:image\/svg+xml;base64,PHN2ZyB3aWR0aD0iMSIgaGVpZ2h0PSIxIiB4bWxucz0iaHR0cDovL3d3dy53My5vcmcvMjAwMC9zdmciPjwvc3ZnPg==\"><img decoding=\"async\" title=\"\" class=\"n2-ss-slide-background-image n2-ss-slide-fill lazyload\" style=\"opacity: 1;\" alt=\"\" data-src=\"\/\/infocul.pt\/wp-content\/uploads\/2016\/05\/Ricardo-Ribeiro-02.jpg\" src=\"data:image\/svg+xml;base64,PHN2ZyB3aWR0aD0iMSIgaGVpZ2h0PSIxIiB4bWxucz0iaHR0cDovL3d3dy53My5vcmcvMjAwMC9zdmciPjwvc3ZnPg==\"><img decoding=\"async\" title=\"\" class=\"n2-ss-slide-background-image n2-ss-slide-fill lazyload\" style=\"opacity: 1;\" alt=\"\" data-src=\"\/\/infocul.pt\/wp-content\/uploads\/2016\/05\/Ricardo-Ribeiro-03.jpg\" src=\"data:image\/svg+xml;base64,PHN2ZyB3aWR0aD0iMSIgaGVpZ2h0PSIxIiB4bWxucz0iaHR0cDovL3d3dy53My5vcmcvMjAwMC9zdmciPjwvc3ZnPg==\"><img decoding=\"async\" title=\"\" class=\"n2-ss-slide-background-image n2-ss-slide-fill lazyload\" style=\"opacity: 1;\" alt=\"\" data-src=\"\/\/infocul.pt\/wp-content\/uploads\/2016\/05\/Ricardo-Ribeiro-04.jpg\" src=\"data:image\/svg+xml;base64,PHN2ZyB3aWR0aD0iMSIgaGVpZ2h0PSIxIiB4bWxucz0iaHR0cDovL3d3dy53My5vcmcvMjAwMC9zdmciPjwvc3ZnPg==\"><img decoding=\"async\" title=\"\" class=\"n2-ss-slide-background-image n2-ss-slide-fill lazyload\" style=\"opacity: 1;\" alt=\"\" data-src=\"\/\/infocul.pt\/wp-content\/uploads\/2016\/05\/Ricardo-Ribeiro-05.jpg\" src=\"data:image\/svg+xml;base64,PHN2ZyB3aWR0aD0iMSIgaGVpZ2h0PSIxIiB4bWxucz0iaHR0cDovL3d3dy53My5vcmcvMjAwMC9zdmciPjwvc3ZnPg==\"><img decoding=\"async\" title=\"\" class=\"n2-ss-slide-background-image n2-ss-slide-fill lazyload\" style=\"opacity: 1;\" alt=\"\" data-src=\"\/\/infocul.pt\/wp-content\/uploads\/2016\/05\/Ricardo-Ribeiro-06.jpg\" src=\"data:image\/svg+xml;base64,PHN2ZyB3aWR0aD0iMSIgaGVpZ2h0PSIxIiB4bWxucz0iaHR0cDovL3d3dy53My5vcmcvMjAwMC9zdmciPjwvc3ZnPg==\"><img decoding=\"async\" title=\"\" class=\"n2-ss-slide-background-image n2-ss-slide-fill lazyload\" style=\"opacity: 1;\" alt=\"\" data-src=\"\/\/infocul.pt\/wp-content\/uploads\/2016\/05\/Ricardo-Ribeiro-07.jpg\" src=\"data:image\/svg+xml;base64,PHN2ZyB3aWR0aD0iMSIgaGVpZ2h0PSIxIiB4bWxucz0iaHR0cDovL3d3dy53My5vcmcvMjAwMC9zdmciPjwvc3ZnPg==\"><img decoding=\"async\" title=\"\" class=\"n2-ss-slide-background-image n2-ss-slide-fill lazyload\" style=\"opacity: 1;\" alt=\"\" data-src=\"\/\/infocul.pt\/wp-content\/uploads\/2016\/05\/Ricardo-Ribeiro-08.jpg\" src=\"data:image\/svg+xml;base64,PHN2ZyB3aWR0aD0iMSIgaGVpZ2h0PSIxIiB4bWxucz0iaHR0cDovL3d3dy53My5vcmcvMjAwMC9zdmciPjwvc3ZnPg==\"><img decoding=\"async\" title=\"\" class=\"n2-ss-slide-background-image n2-ss-slide-fill lazyload\" style=\"opacity: 1;\" alt=\"\" data-src=\"\/\/infocul.pt\/wp-content\/uploads\/2016\/05\/Ricardo-Ribeiro-09.jpg\" src=\"data:image\/svg+xml;base64,PHN2ZyB3aWR0aD0iMSIgaGVpZ2h0PSIxIiB4bWxucz0iaHR0cDovL3d3dy53My5vcmcvMjAwMC9zdmciPjwvc3ZnPg==\"><img decoding=\"async\" title=\"\" class=\"n2-ss-slide-background-image n2-ss-slide-fill lazyload\" style=\"opacity: 1;\" alt=\"\" data-src=\"\/\/infocul.pt\/wp-content\/uploads\/2016\/05\/Ricardo-Ribeiro-10.jpg\" src=\"data:image\/svg+xml;base64,PHN2ZyB3aWR0aD0iMSIgaGVpZ2h0PSIxIiB4bWxucz0iaHR0cDovL3d3dy53My5vcmcvMjAwMC9zdmciPjwvc3ZnPg==\"><img decoding=\"async\" title=\"\" class=\"n2-ss-slide-background-image n2-ss-slide-fill lazyload\" style=\"opacity: 1;\" alt=\"\" data-src=\"\/\/infocul.pt\/wp-content\/uploads\/2016\/05\/Ricardo-Ribeiro-11.jpg\" src=\"data:image\/svg+xml;base64,PHN2ZyB3aWR0aD0iMSIgaGVpZ2h0PSIxIiB4bWxucz0iaHR0cDovL3d3dy53My5vcmcvMjAwMC9zdmciPjwvc3ZnPg==\"><img decoding=\"async\" title=\"\" class=\"n2-ss-slide-background-image n2-ss-slide-fill lazyload\" style=\"opacity: 1;\" alt=\"\" data-src=\"\/\/infocul.pt\/wp-content\/uploads\/2016\/05\/Ricardo-Ribeiro-12.jpg\" src=\"data:image\/svg+xml;base64,PHN2ZyB3aWR0aD0iMSIgaGVpZ2h0PSIxIiB4bWxucz0iaHR0cDovL3d3dy53My5vcmcvMjAwMC9zdmciPjwvc3ZnPg==\"><img decoding=\"async\" title=\"\" class=\"n2-ss-slide-background-image n2-ss-slide-fill lazyload\" style=\"opacity: 1;\" alt=\"\" data-src=\"\/\/infocul.pt\/wp-content\/uploads\/2016\/05\/Ricardo-Ribeiro-13.jpg\" src=\"data:image\/svg+xml;base64,PHN2ZyB3aWR0aD0iMSIgaGVpZ2h0PSIxIiB4bWxucz0iaHR0cDovL3d3dy53My5vcmcvMjAwMC9zdmciPjwvc3ZnPg==\"><img decoding=\"async\" title=\"\" class=\"n2-ss-slide-background-image n2-ss-slide-fill lazyload\" style=\"opacity: 1;\" alt=\"\" data-src=\"\/\/infocul.pt\/wp-content\/uploads\/2016\/05\/Ricardo-Ribeiro-14.jpg\" src=\"data:image\/svg+xml;base64,PHN2ZyB3aWR0aD0iMSIgaGVpZ2h0PSIxIiB4bWxucz0iaHR0cDovL3d3dy53My5vcmcvMjAwMC9zdmciPjwvc3ZnPg==\"><img decoding=\"async\" title=\"\" class=\"n2-ss-slide-background-image n2-ss-slide-fill lazyload\" style=\"opacity: 1;\" alt=\"\" data-src=\"\/\/infocul.pt\/wp-content\/uploads\/2016\/05\/Ricardo-Ribeiro-15.jpg\" src=\"data:image\/svg+xml;base64,PHN2ZyB3aWR0aD0iMSIgaGVpZ2h0PSIxIiB4bWxucz0iaHR0cDovL3d3dy53My5vcmcvMjAwMC9zdmciPjwvc3ZnPg==\"><img decoding=\"async\" title=\"\" class=\"n2-ss-slide-background-image n2-ss-slide-fill lazyload\" style=\"opacity: 1;\" alt=\"\" data-src=\"\/\/infocul.pt\/wp-content\/uploads\/2016\/05\/Ricardo-Ribeiro-16.jpg\" src=\"data:image\/svg+xml;base64,PHN2ZyB3aWR0aD0iMSIgaGVpZ2h0PSIxIiB4bWxucz0iaHR0cDovL3d3dy53My5vcmcvMjAwMC9zdmciPjwvc3ZnPg==\"><img decoding=\"async\" title=\"\" class=\"n2-ss-slide-background-image n2-ss-slide-fill lazyload\" style=\"opacity: 1;\" alt=\"\" data-src=\"\/\/infocul.pt\/wp-content\/uploads\/2016\/05\/Ricardo-Ribeiro-17.jpg\" src=\"data:image\/svg+xml;base64,PHN2ZyB3aWR0aD0iMSIgaGVpZ2h0PSIxIiB4bWxucz0iaHR0cDovL3d3dy53My5vcmcvMjAwMC9zdmciPjwvc3ZnPg==\"><img decoding=\"async\" title=\"\" class=\"n2-ss-slide-background-image n2-ss-slide-fill lazyload\" style=\"opacity: 1;\" alt=\"\" data-src=\"\/\/infocul.pt\/wp-content\/uploads\/2016\/05\/Ricardo-Ribeiro-18.jpg\" src=\"data:image\/svg+xml;base64,PHN2ZyB3aWR0aD0iMSIgaGVpZ2h0PSIxIiB4bWxucz0iaHR0cDovL3d3dy53My5vcmcvMjAwMC9zdmciPjwvc3ZnPg==\"><img decoding=\"async\" title=\"\" class=\"n2-ss-slide-background-image n2-ss-slide-fill lazyload\" style=\"opacity: 1;\" alt=\"\" data-src=\"\/\/infocul.pt\/wp-content\/uploads\/2016\/05\/Ricardo-Ribeiro-19.jpg\" src=\"data:image\/svg+xml;base64,PHN2ZyB3aWR0aD0iMSIgaGVpZ2h0PSIxIiB4bWxucz0iaHR0cDovL3d3dy53My5vcmcvMjAwMC9zdmciPjwvc3ZnPg==\"><img decoding=\"async\" title=\"\" class=\"n2-ss-slide-background-image n2-ss-slide-fill lazyload\" style=\"opacity: 1;\" alt=\"\" data-src=\"\/\/infocul.pt\/wp-content\/uploads\/2016\/05\/Ricardo-Ribeiro-20.jpg\" src=\"data:image\/svg+xml;base64,PHN2ZyB3aWR0aD0iMSIgaGVpZ2h0PSIxIiB4bWxucz0iaHR0cDovL3d3dy53My5vcmcvMjAwMC9zdmciPjwvc3ZnPg==\"><img decoding=\"async\" title=\"\" class=\"n2-ss-slide-background-image n2-ss-slide-fill lazyload\" style=\"opacity: 1;\" alt=\"\" data-src=\"\/\/infocul.pt\/wp-content\/uploads\/2016\/05\/Ricardo-Ribeiro-21.jpg\" src=\"data:image\/svg+xml;base64,PHN2ZyB3aWR0aD0iMSIgaGVpZ2h0PSIxIiB4bWxucz0iaHR0cDovL3d3dy53My5vcmcvMjAwMC9zdmciPjwvc3ZnPg==\"><img decoding=\"async\" title=\"\" class=\"n2-ss-slide-background-image n2-ss-slide-fill lazyload\" style=\"opacity: 1;\" alt=\"\" data-src=\"\/\/infocul.pt\/wp-content\/uploads\/2016\/05\/Ricardo-Ribeiro-22.jpg\" src=\"data:image\/svg+xml;base64,PHN2ZyB3aWR0aD0iMSIgaGVpZ2h0PSIxIiB4bWxucz0iaHR0cDovL3d3dy53My5vcmcvMjAwMC9zdmciPjwvc3ZnPg==\"><img decoding=\"async\" title=\"\" class=\"n2-ss-slide-background-image n2-ss-slide-fill lazyload\" style=\"opacity: 1;\" alt=\"\" data-src=\"\/\/infocul.pt\/wp-content\/uploads\/2016\/05\/Ricardo-Ribeiro-23.jpg\" src=\"data:image\/svg+xml;base64,PHN2ZyB3aWR0aD0iMSIgaGVpZ2h0PSIxIiB4bWxucz0iaHR0cDovL3d3dy53My5vcmcvMjAwMC9zdmciPjwvc3ZnPg==\"><img decoding=\"async\" title=\"\" class=\"n2-ss-slide-background-image n2-ss-slide-fill lazyload\" style=\"opacity: 1;\" alt=\"\" data-src=\"\/\/infocul.pt\/wp-content\/uploads\/2016\/05\/Ricardo-Ribeiro-24.jpg\" src=\"data:image\/svg+xml;base64,PHN2ZyB3aWR0aD0iMSIgaGVpZ2h0PSIxIiB4bWxucz0iaHR0cDovL3d3dy53My5vcmcvMjAwMC9zdmciPjwvc3ZnPg==\"><img decoding=\"async\" title=\"\" class=\"n2-ss-slide-background-image n2-ss-slide-fill lazyload\" style=\"opacity: 1;\" alt=\"\" data-src=\"\/\/infocul.pt\/wp-content\/uploads\/2016\/05\/Ricardo-Ribeiro-25.jpg\" src=\"data:image\/svg+xml;base64,PHN2ZyB3aWR0aD0iMSIgaGVpZ2h0PSIxIiB4bWxucz0iaHR0cDovL3d3dy53My5vcmcvMjAwMC9zdmciPjwvc3ZnPg==\"><img decoding=\"async\" title=\"\" class=\"n2-ss-slide-background-image n2-ss-slide-fill lazyload\" style=\"opacity: 1;\" alt=\"\" data-src=\"\/\/infocul.pt\/wp-content\/uploads\/2016\/05\/Ricardo-Ribeiro-26.jpg\" src=\"data:image\/svg+xml;base64,PHN2ZyB3aWR0aD0iMSIgaGVpZ2h0PSIxIiB4bWxucz0iaHR0cDovL3d3dy53My5vcmcvMjAwMC9zdmciPjwvc3ZnPg==\"><img decoding=\"async\" title=\"\" class=\"n2-ss-slide-background-image n2-ss-slide-fill lazyload\" style=\"opacity: 1;\" alt=\"\" data-src=\"\/\/infocul.pt\/wp-content\/uploads\/2016\/05\/Ricardo-Ribeiro-27.jpg\" src=\"data:image\/svg+xml;base64,PHN2ZyB3aWR0aD0iMSIgaGVpZ2h0PSIxIiB4bWxucz0iaHR0cDovL3d3dy53My5vcmcvMjAwMC9zdmciPjwvc3ZnPg==\"><img decoding=\"async\" title=\"\" class=\"n2-ss-slide-background-image n2-ss-slide-fill lazyload\" style=\"opacity: 1;\" alt=\"\" data-src=\"\/\/infocul.pt\/wp-content\/uploads\/2016\/05\/Ricardo-Ribeiro-28.jpg\" src=\"data:image\/svg+xml;base64,PHN2ZyB3aWR0aD0iMSIgaGVpZ2h0PSIxIiB4bWxucz0iaHR0cDovL3d3dy53My5vcmcvMjAwMC9zdmciPjwvc3ZnPg==\"><img decoding=\"async\" title=\"\" class=\"n2-ss-slide-background-image n2-ss-slide-fill lazyload\" style=\"opacity: 1;\" alt=\"\" data-src=\"\/\/infocul.pt\/wp-content\/uploads\/2016\/05\/Ricardo-Ribeiro-29.jpg\" src=\"data:image\/svg+xml;base64,PHN2ZyB3aWR0aD0iMSIgaGVpZ2h0PSIxIiB4bWxucz0iaHR0cDovL3d3dy53My5vcmcvMjAwMC9zdmciPjwvc3ZnPg==\"><img decoding=\"async\" title=\"\" class=\"n2-ss-slide-background-image n2-ss-slide-fill lazyload\" style=\"opacity: 1;\" alt=\"\" data-src=\"\/\/infocul.pt\/wp-content\/uploads\/2016\/05\/Ricardo-Ribeiro-30-1.jpg\" src=\"data:image\/svg+xml;base64,PHN2ZyB3aWR0aD0iMSIgaGVpZ2h0PSIxIiB4bWxucz0iaHR0cDovL3d3dy53My5vcmcvMjAwMC9zdmciPjwvc3ZnPg==\"><img decoding=\"async\" title=\"\" class=\"n2-ss-slide-background-image n2-ss-slide-fill lazyload\" style=\"opacity: 1;\" alt=\"\" data-src=\"\/\/infocul.pt\/wp-content\/uploads\/2016\/05\/Ricardo-Ribeiro-31.jpg\" src=\"data:image\/svg+xml;base64,PHN2ZyB3aWR0aD0iMSIgaGVpZ2h0PSIxIiB4bWxucz0iaHR0cDovL3d3dy53My5vcmcvMjAwMC9zdmciPjwvc3ZnPg==\"><img decoding=\"async\" title=\"\" class=\"n2-ss-slide-background-image n2-ss-slide-fill lazyload\" style=\"opacity: 1;\" alt=\"\" data-src=\"\/\/infocul.pt\/wp-content\/uploads\/2016\/05\/Ricardo-Ribeiro-32.jpg\" src=\"data:image\/svg+xml;base64,PHN2ZyB3aWR0aD0iMSIgaGVpZ2h0PSIxIiB4bWxucz0iaHR0cDovL3d3dy53My5vcmcvMjAwMC9zdmciPjwvc3ZnPg==\">                <\/p>\n<p>        <img decoding=\"async\" alt=\"arrow\" src=\"data:image\/svg+xml;base64,PHN2ZyB3aWR0aD0iMzIiIGhlaWdodD0iMzIiIHZpZXdCb3g9IjAgMCAzMiAzMiIgeG1sbnM9Imh0dHA6Ly93d3cudzMub3JnLzIwMDAvc3ZnIj48cGF0aCBkPSJNMTEuNDMzIDE1Ljk5MkwyMi42OSA1LjcxMmMuMzkzLS4zOS4zOTMtMS4wMyAwLTEuNDItLjM5My0uMzktMS4wMy0uMzktMS40MjMgMGwtMTEuOTggMTAuOTRjLS4yMS4yMS0uMy40OS0uMjg1Ljc2LS4wMTUuMjguMDc1LjU2LjI4NC43N2wxMS45OCAxMC45NGMuMzkzLjM5IDEuMDMuMzkgMS40MjQgMCAuMzkzLS40LjM5My0xLjAzIDAtMS40MmwtMTEuMjU3LTEwLjI5IiBmaWxsPSIjZmZmZmZmIiBvcGFjaXR5PSIwLjgiIGZpbGwtcnVsZT0iZXZlbm9kZCIvPjwvc3ZnPg==\"><img decoding=\"async\" alt=\"arrow\" src=\"data:image\/svg+xml;base64,PHN2ZyB3aWR0aD0iMzIiIGhlaWdodD0iMzIiIHZpZXdCb3g9IjAgMCAzMiAzMiIgeG1sbnM9Imh0dHA6Ly93d3cudzMub3JnLzIwMDAvc3ZnIj48cGF0aCBkPSJNMTAuNzIyIDQuMjkzYy0uMzk0LS4zOS0xLjAzMi0uMzktMS40MjcgMC0uMzkzLjM5LS4zOTMgMS4wMyAwIDEuNDJsMTEuMjgzIDEwLjI4LTExLjI4MyAxMC4yOWMtLjM5My4zOS0uMzkzIDEuMDIgMCAxLjQyLjM5NS4zOSAxLjAzMy4zOSAxLjQyNyAwbDEyLjAwNy0xMC45NGMuMjEtLjIxLjMtLjQ5LjI4NC0uNzcuMDE0LS4yNy0uMDc2LS41NS0uMjg2LS43NkwxMC43MiA0LjI5M3oiIGZpbGw9IiNmZmZmZmYiIG9wYWNpdHk9IjAuOCIgZmlsbC1ydWxlPSJldmVub2RkIi8+PC9zdmc+\"><br \/>\n<img decoding=\"async\" class=\"nextend-thumbnail-button nextend-thumbnail-previous\" alt=\"\" src=\"data:image\/svg+xml;base64,PHN2ZyB3aWR0aD0iMjYiIGhlaWdodD0iMjYiIHhtbG5zPSJodHRwOi8vd3d3LnczLm9yZy8yMDAwL3N2ZyI+CiAgICA8ZyBmaWxsPSJub25lIiBmaWxsLXJ1bGU9ImV2ZW5vZGQiPgogICAgICAgIDxjaXJjbGUgc3Ryb2tlPSIjZmZmIiBzdHJva2Utd2lkdGg9IjIiIG9wYWNpdHk9Ii41IiBmaWxsPSIjMDAwIiBjeD0iMTMiIGN5PSIxMyIgcj0iMTIiLz4KICAgICAgICA8cGF0aCBkPSJNMTMuNDM1IDkuMTc4Yy0uMTI2LS4xMjEtLjI3LS4xODItLjQzNi0uMTgyLS4xNjQgMC0uMzA2LjA2MS0uNDI4LjE4MmwtNC4zOCA0LjE3NWMtLjEyNi4xMjEtLjE4OC4yNjItLjE4OC40MjQgMCAuMTYxLjA2Mi4zMDIuMTg4LjQyM2wuNjUuNjIyYy4xMjYuMTIxLjI3My4xODIuNDQxLjE4Mi4xNyAwIC4zMTQtLjA2MS40MzYtLjE4MmwzLjMxNC0zLjE2MSAzLjI0OSAzLjE2MWMuMTI2LjEyMS4yNjkuMTgyLjQzMi4xODIuMTY0IDAgLjMwNy0uMDYxLjQzMy0uMTgybC42NjItLjYyMmMuMTI2LS4xMjEuMTg5LS4yNjIuMTg5LS40MjMgMC0uMTYyLS4wNjMtLjMwMy0uMTg5LS40MjRsLTQuMzczLTQuMTc1eiIgZmlsbD0iI2ZmZiIvPgogICAgPC9nPgo8L3N2Zz4=\"><img decoding=\"async\" class=\"nextend-thumbnail-button nextend-thumbnail-next n2-active\" alt=\"\" src=\"data:image\/svg+xml;base64,PHN2ZyB4bWxucz0iaHR0cDovL3d3dy53My5vcmcvMjAwMC9zdmciIHdpZHRoPSIyNiIgaGVpZ2h0PSIyNiI+CiAgICA8ZyBmaWxsPSJub25lIj4KICAgICAgICA8Y2lyY2xlIGN4PSIxMyIgY3k9IjEzIiByPSIxMiIgZmlsbD0iIzAwMCIgc3Ryb2tlPSIjZmZmIiBzdHJva2Utd2lkdGg9IjIiIG9wYWNpdHk9Ii41Ii8+CiAgICAgICAgPHBhdGggZmlsbD0iI2ZmZiIgZD0iTTEyLjU2NSAxNi44MjJjLjEyNi4xMi4yNy4xODIuNDM2LjE4Mi4xNjggMCAuMzEtLjA2LjQzLS4xODJsNC4zOC00LjE3NWMuMTI4LS4xMi4xOS0uMjYyLjE5LS40MjQgMC0uMTYtLjA2Mi0uMzAyLS4xOS0uNDIzbC0uNjUtLjYyMmMtLjEyNS0uMTItLjI3Mi0uMTgyLS40NC0uMTgyLS4xNyAwLS4zMTQuMDYtLjQzNi4xODJsLTMuMzE0IDMuMTYtMy4yNS0zLjE2Yy0uMTI2LS4xMi0uMjctLjE4Mi0uNDMtLjE4Mi0uMTY2IDAtLjMxLjA2LS40MzUuMTgybC0uNjYyLjYyMmMtLjEyNi4xMi0uMTkuMjYyLS4xOS40MjMgMCAuMTYyLjA2NC4zMDMuMTkuNDI0bDQuMzczIDQuMTc1eiIvPgogICAgPC9nPgo8L3N2Zz4=\"><\/p>\n<table>\n<tbody>\n<tr>\n<td><\/td>\n<td><\/td>\n<td><\/td>\n<td><\/td>\n<td><\/td>\n<td><\/td>\n<td><\/td>\n<td><\/td>\n<td><\/td>\n<td><\/td>\n<td><\/td>\n<td><\/td>\n<td><\/td>\n<td><\/td>\n<td><\/td>\n<td><\/td>\n<td><\/td>\n<td><\/td>\n<td><\/td>\n<td><\/td>\n<td><\/td>\n<td><\/td>\n<td><\/td>\n<td><\/td>\n<td><\/td>\n<td><\/td>\n<td><\/td>\n<td><\/td>\n<td><\/td>\n<td><\/td>\n<td><\/td>\n<td><\/td>\n<td><\/td>\n<td><\/td>\n<td><\/td>\n<td><\/td>\n<\/tr>\n<\/tbody>\n<\/table>\n<p><img decoding=\"async\" style=\"width: 100%; max-width: 3000px;\" alt=\"\" src=\"data:image\/svg+xml;base64,PHN2ZyB4bWxucz0iaHR0cDovL3d3dy53My5vcmcvMjAwMC9zdmciIHZlcnNpb249IjEuMCIgd2lkdGg9IjkwMCIgaGVpZ2h0PSI1MDAiID48L3N2Zz4=\"><br \/>\n<!-- Nextend Smart Slider 3 #127 - END --><\/p>\n<p><strong><span style=\"color: rgb(0, 0, 0); font-family: Calibri;\">O Coliseu dos Recreios recebeu ontem o fadista Ricardo Ribeiro que apresentou o seu mais recente disco \u201cHoje \u00e9 assim\u2026Amanh\u00e3 n\u00e3o sei\u201d perante um p\u00fablico que n\u00e3o esgotou o Coliseu dos Recreios mas que acarinhou o fadista.<\/span><\/strong><\/p>\n<h3>&nbsp;<\/h3>\n<p><span style=\"color: rgb(0, 0, 0); font-family: Calibri;\">A expectativa era grande para este concerto de Ricardo Ribeiro e ingredientes n\u00e3o faltavam para agu\u00e7ar o apetite dos espectadores: havia novo disco para apresentar e comemora-se 20 anos da primeira vez que Ricardo Ribeiro pisou pela primeira vez este emblem\u00e1tico palco.<\/span><\/p>\n<p><span style=\"color: rgb(0, 0, 0); font-family: Calibri;\">&nbsp;<\/span><\/p>\n<p><span style=\"color: rgb(0, 0, 0); font-family: Calibri;\">&nbsp;<\/span><\/p>\n<p><span style=\"color: rgb(0, 0, 0); font-family: Calibri;\">O fadista abriu espect\u00e1culo acompanhado por Jos\u00e9 Manuel Neto na guitarra portuguesa, Carlos Manuel Proen\u00e7a na viola de fado (director musical e produtor do disco) e Daniel Pinto (Didi) na viola baixo com um cante ao menino em que improvisou (uma das suas melhores virtudes, demonstrando ali que este concerto iria ser bastante intenso e intimista. Depois de \u201cDo tronco nasceu a rama\u201d seguiu-se \u201cEntrega\u201d.<\/span><\/p>\n<p><span style=\"color: rgb(0, 0, 0); font-family: Calibri;\">&nbsp;<\/span><\/p>\n<p><span style=\"color: rgb(0, 0, 0); font-family: Calibri;\">&nbsp;<\/span><\/p>\n<p><span style=\"color: rgb(0, 0, 0); font-family: Calibri;\">Cumprimentou o p\u00fabico explicando que ainda n\u00e3o conseguia falar muito pois as pernas ainda tremiam muito e que estava muito nervoso. No seu canto n\u00e3o se notou nenhum nervosismo, mas sim a qualidade e extens\u00e3o vocal de sempre.<\/span><\/p>\n<p><span style=\"color: rgb(0, 0, 0); font-family: Calibri;\">&nbsp;<\/span><\/p>\n<p><span style=\"color: rgb(0, 0, 0); font-family: Calibri;\">&nbsp;<\/span><\/p>\n<p><span style=\"color: rgb(0, 0, 0); font-family: Calibri;\">Na melodia de fado cravo interpretou \u201cDe Loucura em Loucura\u201d, seguindo espect\u00e1culo com \u201cMoreninha da Travessa\u201d, em melodia de fado vadio e \u201cPorta do Cora\u00e7\u00e3o\u201d antes de come\u00e7ar apresentar os temas do novo disco.<\/span><\/p>\n<p><span style=\"color: rgb(0, 0, 0); font-family: Calibri;\">&nbsp;<\/span><\/p>\n<p><span style=\"color: rgb(0, 0, 0); font-family: Calibri;\">&nbsp;<\/span><\/p>\n<p><span style=\"color: rgb(0, 0, 0); font-family: Calibri;\">Neste seu novo disco, Ricardo Ribeira alarga os horizontes dos seus f\u00e3s, abordando os c\u00e2nticos do mundo na sua voz fadista. Lembramos que Ricardo Ribeiro \u00e9 um ex\u00edmio cantor que n\u00e3o vive apenas de fado. A m\u00fasica \u00e1rabe, o flamenco, o cante alentejano s\u00e3o por si valorizados, e ainda melhor interpretados. <\/span><\/p>\n<p><span style=\"color: rgb(0, 0, 0); font-family: Calibri;\">&nbsp;<\/span><\/p>\n<p><span style=\"color: rgb(0, 0, 0); font-family: Calibri;\">&nbsp;<\/span><\/p>\n<p><span style=\"color: rgb(0, 0, 0); font-family: Calibri;\">Do novo disco cantou \u201cEstrada da Vida\u201d, \u201cNos dias de hoje\u201d com letra de Toz\u00e9 Brito, \u201cPortugal\u201d em melodia de Fado Maria dos Anjos\u201d e \u201cRondel do Alentejo\u201d, que consta no repert\u00f3rio de Am\u00e1lia Rodrigues.<\/span><\/p>\n<p><span style=\"color: rgb(0, 0, 0); font-family: Calibri;\">&nbsp;<\/span><\/p>\n<p><span style=\"color: rgb(0, 0, 0); font-family: Calibri;\">&nbsp;<\/span><\/p>\n<p><span style=\"color: rgb(0, 0, 0); font-family: Calibri;\">Neste espect\u00e1culo fez quest\u00e3o de levar ao coliseu alguns convidados. Come\u00e7ou por chamar o acordeonista Ricardo Dias ao palco com o qual interpretou \u201c\u00c1guas Claras\u201d e \u201cFadinho Alentejano\u201d numa das letras mais divertidas que se escutaram na noite de 30 de Abril no Coliseu de Lisboa.<\/span><\/p>\n<p><span style=\"color: rgb(0, 0, 0); font-family: Calibri;\">&nbsp;<\/span><\/p>\n<p><span style=\"color: rgb(0, 0, 0); font-family: Calibri;\">&nbsp;<\/span><\/p>\n<p><span style=\"color: rgb(0, 0, 0); font-family: Calibri;\">O pianista Jo\u00e3o Paulo Esteves Silva foi os segundo convidado chamado a palco juntando-se a Ricardo Dias e Ricardo Ribeiro para \u201cSoneto de Mal amar\u201d. Apenas com o pianista em palco ouviram-se \u201cMal aventurado\u201d, \u201cChanson d\u2019automme\u201d e \u201cMondadeiras\u201d. Seguiu-se a habitual guitarrada, bem interpretada.<\/span><\/p>\n<p><span style=\"color: rgb(0, 0, 0); font-family: Calibri;\">&nbsp;<\/span><\/p>\n<p><span style=\"color: rgb(0, 0, 0); font-family: Calibri;\">&nbsp;<\/span><\/p>\n<p><span style=\"color: rgb(0, 0, 0); font-family: Calibri;\">O concerto ia longo e intenso, mas ainda houve tempo para voltarmos ao Fado com \u201c Eu sei que sou demais\u201d e \u201cNos gestos, nos sentidos\u201d. Foram ainda chamados ao palco Artur Caldeira e Daniel Paredes com os quais Ricardo Ribeiro viajou at\u00e9 terras de nuestros hermanos para brindar o p\u00fablico com dois temas de flamenco: \u201cSOS\u201d e \u201cVoy\u201d. Mas ainda havia mais convidados, primeiro Daniel Duque no trompete na \u201cSerenata do Adeus\u201d .<\/span><\/p>\n<p><span style=\"color: rgb(0, 0, 0); font-family: Calibri;\">&nbsp;<\/span><\/p>\n<p><span style=\"color: rgb(0, 0, 0); font-family: Calibri;\">&nbsp;<\/span><\/p>\n<p><span style=\"color: rgb(0, 0, 0); font-family: Calibri;\">Antecedeu o encore com \u201cUltimo poema\u201d e de regresso ao palco teve o melhor momento da noite com os Ganh\u00f5es de Castro Verde com \u201cFadinho Alentejano\u201d. Tema divertido e com malicia saud\u00e1vel, mas interpretado com a garra habitual nos alentejanos e a alma fadista de Ricardo Ribeiro. J\u00e1 sem o grupo coral e apenas com o seu trio habitual de m\u00fasicos fechou concerto com \u201cFado do Alentejo\u201d, perante aplausos do p\u00fablico.<\/span><\/p>\n<p><span style=\"color: rgb(0, 0, 0); font-family: Calibri;\">&nbsp;<\/span><\/p>\n<p><span style=\"color: rgb(0, 0, 0); font-family: Calibri;\">&nbsp;<\/span><\/p>\n<p><span style=\"color: rgb(0, 0, 0); font-family: Calibri;\">Ricardo Ribeiro conseguiu assim levar o p\u00fablico a viajar por v\u00e1rios g\u00e9neros musicais aos quais deu a sua identidade fadista. <\/span><\/p>\n<p>&nbsp;<\/p>\n<p>\t<img decoding=\"async\" width=\"600\" height=\"400\" class=\"so-widget-image lazyload\" style=\"--smush-placeholder-width: 600px; --smush-placeholder-aspect-ratio: 600\/400;height: auto; display: block; max-width: 100%;\" data-src=\"http:\/\/infocul.pt\/wp-content\/uploads\/2016\/05\/Ricardo-Ribeiro-28.jpg\" src=\"data:image\/svg+xml;base64,PHN2ZyB3aWR0aD0iMSIgaGVpZ2h0PSIxIiB4bWxucz0iaHR0cDovL3d3dy53My5vcmcvMjAwMC9zdmciPjwvc3ZnPg==\"><\/p>\n","protected":false},"excerpt":{"rendered":"<p>O Coliseu dos Recreios recebeu ontem o fadista Ricardo Ribeiro que apresentou o seu mais recente disco \u201cHoje \u00e9 assim\u2026Amanh\u00e3 n\u00e3o sei\u201d perante um p\u00fablico que n\u00e3o esgotou o Coliseu dos Recreios mas que acarinhou o fadista. &nbsp; A expectativa era grande para este concerto de Ricardo Ribeiro e ingredientes n\u00e3o faltavam para agu\u00e7ar o [&hellip;]<\/p>\n","protected":false},"author":2,"featured_media":7128,"comment_status":"open","ping_status":"closed","sticky":false,"template":"","format":"standard","meta":{"footnotes":""},"categories":[3,2],"tags":[90,41,42,1224,40],"class_list":["post-7123","post","type-post","status-publish","format-standard","has-post-thumbnail","hentry","category-concertos","category-cultura","tag-cante-alentejano","tag-coliseu-dos-recreios","tag-fado","tag-ganhoes-de-castro-verde","tag-ricardo-ribeiro"],"yoast_head":"<!-- This site is optimized with the Yoast SEO plugin v27.4 - https:\/\/yoast.com\/product\/yoast-seo-wordpress\/ -->\n<title>Ricardo Ribeiro: Voz fadista em m\u00fasicas do mundo encantou o Coliseu dos Recreios | Infocul.pt - Arquivo Digital<\/title>\n<meta name=\"description\" content=\"Ricardo Ribeiro: Voz fadista em m\u00fasicas do mundo encantou o Coliseu dos Recreios | Infocul.pt - Arquivo Digital\" \/>\n<meta name=\"robots\" content=\"noindex, follow, max-snippet:-1, max-image-preview:large, max-video-preview:-1\" \/>\n<meta property=\"og:locale\" content=\"pt_PT\" \/>\n<meta property=\"og:type\" content=\"article\" \/>\n<meta property=\"og:title\" content=\"Ricardo Ribeiro: Voz fadista em m\u00fasicas do mundo encantou o Coliseu dos Recreios | Infocul.pt - Arquivo Digital\" \/>\n<meta property=\"og:description\" content=\"Ricardo Ribeiro: Voz fadista em m\u00fasicas do mundo encantou o Coliseu dos Recreios | Infocul.pt - Arquivo Digital\" \/>\n<meta property=\"og:url\" content=\"https:\/\/infocul.pt\/arquivo\/cultura\/ricardo-ribeiro-voz-fadista-em-musicas-do-mundo-encantou-o-coliseu-dos-recreios\/\" \/>\n<meta property=\"og:site_name\" content=\"Infocul.pt - Arquivo Digital\" \/>\n<meta property=\"article:publisher\" content=\"https:\/\/www.facebook.com\/Infocul-147816815585015\/\" \/>\n<meta property=\"article:published_time\" content=\"2016-05-01T09:57:17+00:00\" \/>\n<meta property=\"article:modified_time\" content=\"2016-05-04T10:29:03+00:00\" \/>\n<meta property=\"og:image\" content=\"https:\/\/infocul.pt\/arquivo\/wp-content\/uploads\/2016\/05\/Ricardo-Ribeiro-30.jpg\" \/>\n\t<meta property=\"og:image:width\" content=\"600\" \/>\n\t<meta property=\"og:image:height\" content=\"400\" \/>\n\t<meta property=\"og:image:type\" content=\"image\/jpeg\" \/>\n<meta name=\"author\" content=\"Rui Lavrador\" \/>\n<meta name=\"twitter:card\" content=\"summary_large_image\" \/>\n<meta name=\"twitter:creator\" content=\"@Infoculpt\" \/>\n<meta name=\"twitter:site\" content=\"@Infoculpt\" \/>\n<meta name=\"twitter:label1\" content=\"Escrito por\" \/>\n\t<meta name=\"twitter:data1\" content=\"Rui Lavrador\" \/>\n\t<meta name=\"twitter:label2\" content=\"Tempo estimado de leitura\" \/>\n\t<meta name=\"twitter:data2\" content=\"3 minutos\" \/>\n<script type=\"application\/ld+json\" class=\"yoast-schema-graph\">{\"@context\":\"https:\\\/\\\/schema.org\",\"@graph\":[{\"@type\":\"Article\",\"@id\":\"https:\\\/\\\/infocul.pt\\\/arquivo\\\/cultura\\\/ricardo-ribeiro-voz-fadista-em-musicas-do-mundo-encantou-o-coliseu-dos-recreios\\\/#article\",\"isPartOf\":{\"@id\":\"https:\\\/\\\/infocul.pt\\\/arquivo\\\/cultura\\\/ricardo-ribeiro-voz-fadista-em-musicas-do-mundo-encantou-o-coliseu-dos-recreios\\\/\"},\"author\":{\"name\":\"Rui Lavrador\",\"@id\":\"https:\\\/\\\/infocul.pt\\\/arquivo\\\/#\\\/schema\\\/person\\\/060a108d7f2d85fc6aae505119ee5234\"},\"headline\":\"Ricardo Ribeiro: Voz fadista em m\u00fasicas do mundo encantou o Coliseu dos Recreios\",\"datePublished\":\"2016-05-01T09:57:17+00:00\",\"dateModified\":\"2016-05-04T10:29:03+00:00\",\"mainEntityOfPage\":{\"@id\":\"https:\\\/\\\/infocul.pt\\\/arquivo\\\/cultura\\\/ricardo-ribeiro-voz-fadista-em-musicas-do-mundo-encantou-o-coliseu-dos-recreios\\\/\"},\"wordCount\":624,\"commentCount\":0,\"publisher\":{\"@id\":\"https:\\\/\\\/infocul.pt\\\/arquivo\\\/#organization\"},\"image\":{\"@id\":\"https:\\\/\\\/infocul.pt\\\/arquivo\\\/cultura\\\/ricardo-ribeiro-voz-fadista-em-musicas-do-mundo-encantou-o-coliseu-dos-recreios\\\/#primaryimage\"},\"thumbnailUrl\":\"https:\\\/\\\/infocul.pt\\\/arquivo\\\/wp-content\\\/uploads\\\/2016\\\/05\\\/Ricardo-Ribeiro-30.jpg\",\"keywords\":[\"Cante Alentejano\",\"Coliseu dos Recreios\",\"Fado\",\"Ganh\u00f5es de Castro Verde\",\"Ricardo Ribeiro\"],\"articleSection\":[\"Concertos\",\"Cultura\"],\"inLanguage\":\"pt-PT\"},{\"@type\":\"WebPage\",\"@id\":\"https:\\\/\\\/infocul.pt\\\/arquivo\\\/cultura\\\/ricardo-ribeiro-voz-fadista-em-musicas-do-mundo-encantou-o-coliseu-dos-recreios\\\/\",\"url\":\"https:\\\/\\\/infocul.pt\\\/arquivo\\\/cultura\\\/ricardo-ribeiro-voz-fadista-em-musicas-do-mundo-encantou-o-coliseu-dos-recreios\\\/\",\"name\":\"Ricardo Ribeiro: Voz fadista em m\u00fasicas do mundo encantou o Coliseu dos Recreios | Infocul.pt - Arquivo Digital\",\"isPartOf\":{\"@id\":\"https:\\\/\\\/infocul.pt\\\/arquivo\\\/#website\"},\"primaryImageOfPage\":{\"@id\":\"https:\\\/\\\/infocul.pt\\\/arquivo\\\/cultura\\\/ricardo-ribeiro-voz-fadista-em-musicas-do-mundo-encantou-o-coliseu-dos-recreios\\\/#primaryimage\"},\"image\":{\"@id\":\"https:\\\/\\\/infocul.pt\\\/arquivo\\\/cultura\\\/ricardo-ribeiro-voz-fadista-em-musicas-do-mundo-encantou-o-coliseu-dos-recreios\\\/#primaryimage\"},\"thumbnailUrl\":\"https:\\\/\\\/infocul.pt\\\/arquivo\\\/wp-content\\\/uploads\\\/2016\\\/05\\\/Ricardo-Ribeiro-30.jpg\",\"datePublished\":\"2016-05-01T09:57:17+00:00\",\"dateModified\":\"2016-05-04T10:29:03+00:00\",\"description\":\"Ricardo Ribeiro: Voz fadista em m\u00fasicas do mundo encantou o Coliseu dos Recreios | Infocul.pt - Arquivo Digital\",\"breadcrumb\":{\"@id\":\"https:\\\/\\\/infocul.pt\\\/arquivo\\\/cultura\\\/ricardo-ribeiro-voz-fadista-em-musicas-do-mundo-encantou-o-coliseu-dos-recreios\\\/#breadcrumb\"},\"inLanguage\":\"pt-PT\",\"potentialAction\":[{\"@type\":\"ReadAction\",\"target\":[\"https:\\\/\\\/infocul.pt\\\/arquivo\\\/cultura\\\/ricardo-ribeiro-voz-fadista-em-musicas-do-mundo-encantou-o-coliseu-dos-recreios\\\/\"]}]},{\"@type\":\"ImageObject\",\"inLanguage\":\"pt-PT\",\"@id\":\"https:\\\/\\\/infocul.pt\\\/arquivo\\\/cultura\\\/ricardo-ribeiro-voz-fadista-em-musicas-do-mundo-encantou-o-coliseu-dos-recreios\\\/#primaryimage\",\"url\":\"https:\\\/\\\/infocul.pt\\\/arquivo\\\/wp-content\\\/uploads\\\/2016\\\/05\\\/Ricardo-Ribeiro-30.jpg\",\"contentUrl\":\"https:\\\/\\\/infocul.pt\\\/arquivo\\\/wp-content\\\/uploads\\\/2016\\\/05\\\/Ricardo-Ribeiro-30.jpg\",\"width\":600,\"height\":400},{\"@type\":\"BreadcrumbList\",\"@id\":\"https:\\\/\\\/infocul.pt\\\/arquivo\\\/cultura\\\/ricardo-ribeiro-voz-fadista-em-musicas-do-mundo-encantou-o-coliseu-dos-recreios\\\/#breadcrumb\",\"itemListElement\":[{\"@type\":\"ListItem\",\"position\":1,\"name\":\"Home\",\"item\":\"https:\\\/\\\/infocul.pt\\\/arquivo\\\/\"},{\"@type\":\"ListItem\",\"position\":2,\"name\":\"Ricardo Ribeiro: Voz fadista em m\u00fasicas do mundo encantou o Coliseu dos Recreios\"}]},{\"@type\":\"WebSite\",\"@id\":\"https:\\\/\\\/infocul.pt\\\/arquivo\\\/#website\",\"url\":\"https:\\\/\\\/infocul.pt\\\/arquivo\\\/\",\"name\":\"Infocul.pt - Arquivo Digital\",\"description\":\"Arquivo digital da Infocul.pt\",\"publisher\":{\"@id\":\"https:\\\/\\\/infocul.pt\\\/arquivo\\\/#organization\"},\"potentialAction\":[{\"@type\":\"SearchAction\",\"target\":{\"@type\":\"EntryPoint\",\"urlTemplate\":\"https:\\\/\\\/infocul.pt\\\/arquivo\\\/?s={search_term_string}\"},\"query-input\":{\"@type\":\"PropertyValueSpecification\",\"valueRequired\":true,\"valueName\":\"search_term_string\"}}],\"inLanguage\":\"pt-PT\"},{\"@type\":\"Organization\",\"@id\":\"https:\\\/\\\/infocul.pt\\\/arquivo\\\/#organization\",\"name\":\"Infocul.pt\",\"url\":\"https:\\\/\\\/infocul.pt\\\/arquivo\\\/\",\"logo\":{\"@type\":\"ImageObject\",\"inLanguage\":\"pt-PT\",\"@id\":\"https:\\\/\\\/infocul.pt\\\/arquivo\\\/#\\\/schema\\\/logo\\\/image\\\/\",\"url\":\"https:\\\/\\\/infocul.pt\\\/arquivo\\\/wp-content\\\/uploads\\\/2018\\\/12\\\/Infocul_logo-1.png\",\"contentUrl\":\"https:\\\/\\\/infocul.pt\\\/arquivo\\\/wp-content\\\/uploads\\\/2018\\\/12\\\/Infocul_logo-1.png\",\"width\":800,\"height\":800,\"caption\":\"Infocul.pt\"},\"image\":{\"@id\":\"https:\\\/\\\/infocul.pt\\\/arquivo\\\/#\\\/schema\\\/logo\\\/image\\\/\"},\"sameAs\":[\"https:\\\/\\\/www.facebook.com\\\/Infocul-147816815585015\\\/\",\"https:\\\/\\\/x.com\\\/Infoculpt\",\"http:\\\/\\\/www.pictaram.com\\\/user\\\/infocul.pt\\\/2370423710\",\"https:\\\/\\\/www.youtube.com\\\/channel\\\/UCYEB91AGI9FL9ek2i_IaQAA\"]},{\"@type\":\"Person\",\"@id\":\"https:\\\/\\\/infocul.pt\\\/arquivo\\\/#\\\/schema\\\/person\\\/060a108d7f2d85fc6aae505119ee5234\",\"name\":\"Rui Lavrador\",\"image\":{\"@type\":\"ImageObject\",\"inLanguage\":\"pt-PT\",\"@id\":\"https:\\\/\\\/secure.gravatar.com\\\/avatar\\\/93febd6873394aa8e975148548a0cb203acfdd42d2c85c5f1408e1a76678aece?s=96&d=mm&r=g\",\"url\":\"https:\\\/\\\/secure.gravatar.com\\\/avatar\\\/93febd6873394aa8e975148548a0cb203acfdd42d2c85c5f1408e1a76678aece?s=96&d=mm&r=g\",\"contentUrl\":\"https:\\\/\\\/secure.gravatar.com\\\/avatar\\\/93febd6873394aa8e975148548a0cb203acfdd42d2c85c5f1408e1a76678aece?s=96&d=mm&r=g\",\"caption\":\"Rui Lavrador\"},\"description\":\"Iniciou em 2011 o seu percurso em comunica\u00e7\u00e3o social, tendo integrado v\u00e1rios projectos editoriais. Durante o seu percurso integrou projectos como Jornal Hardm\u00fasica, LusoNot\u00edcias, Toureio.pt, ODigital.pt, entre outros \u00d3rg\u00e3os de Comunica\u00e7\u00e3o Social nacionais, na redac\u00e7\u00e3o de v\u00e1rios artigos. Entrevistou a grande maioria das personalidades mais importantes da vida social e cultural do pa\u00eds, destacando-se, tamb\u00e9m, na aprecia\u00e7\u00e3o de v\u00e1rios espect\u00e1culos. Durante o seu percurso, deu a conhecer v\u00e1rios artistas, at\u00e9 ent\u00e3o desconhecidos, ao grande p\u00fablico. Em 2015 criou e fundou o Infocul.pt, projecto no qual assume a direc\u00e7\u00e3o editorial.\",\"sameAs\":[\"http:\\\/\\\/www.infocul.pt\"]}]}<\/script>\n<!-- \/ Yoast SEO plugin. -->","yoast_head_json":{"title":"Ricardo Ribeiro: Voz fadista em m\u00fasicas do mundo encantou o Coliseu dos Recreios | Infocul.pt - Arquivo Digital","description":"Ricardo Ribeiro: Voz fadista em m\u00fasicas do mundo encantou o Coliseu dos Recreios | Infocul.pt - Arquivo Digital","robots":{"index":"noindex","follow":"follow","max-snippet":"max-snippet:-1","max-image-preview":"max-image-preview:large","max-video-preview":"max-video-preview:-1"},"og_locale":"pt_PT","og_type":"article","og_title":"Ricardo Ribeiro: Voz fadista em m\u00fasicas do mundo encantou o Coliseu dos Recreios | Infocul.pt - Arquivo Digital","og_description":"Ricardo Ribeiro: Voz fadista em m\u00fasicas do mundo encantou o Coliseu dos Recreios | Infocul.pt - Arquivo Digital","og_url":"https:\/\/infocul.pt\/arquivo\/cultura\/ricardo-ribeiro-voz-fadista-em-musicas-do-mundo-encantou-o-coliseu-dos-recreios\/","og_site_name":"Infocul.pt - Arquivo Digital","article_publisher":"https:\/\/www.facebook.com\/Infocul-147816815585015\/","article_published_time":"2016-05-01T09:57:17+00:00","article_modified_time":"2016-05-04T10:29:03+00:00","og_image":[{"width":600,"height":400,"url":"https:\/\/infocul.pt\/arquivo\/wp-content\/uploads\/2016\/05\/Ricardo-Ribeiro-30.jpg","type":"image\/jpeg"}],"author":"Rui Lavrador","twitter_card":"summary_large_image","twitter_creator":"@Infoculpt","twitter_site":"@Infoculpt","twitter_misc":{"Escrito por":"Rui Lavrador","Tempo estimado de leitura":"3 minutos"},"schema":{"@context":"https:\/\/schema.org","@graph":[{"@type":"Article","@id":"https:\/\/infocul.pt\/arquivo\/cultura\/ricardo-ribeiro-voz-fadista-em-musicas-do-mundo-encantou-o-coliseu-dos-recreios\/#article","isPartOf":{"@id":"https:\/\/infocul.pt\/arquivo\/cultura\/ricardo-ribeiro-voz-fadista-em-musicas-do-mundo-encantou-o-coliseu-dos-recreios\/"},"author":{"name":"Rui Lavrador","@id":"https:\/\/infocul.pt\/arquivo\/#\/schema\/person\/060a108d7f2d85fc6aae505119ee5234"},"headline":"Ricardo Ribeiro: Voz fadista em m\u00fasicas do mundo encantou o Coliseu dos Recreios","datePublished":"2016-05-01T09:57:17+00:00","dateModified":"2016-05-04T10:29:03+00:00","mainEntityOfPage":{"@id":"https:\/\/infocul.pt\/arquivo\/cultura\/ricardo-ribeiro-voz-fadista-em-musicas-do-mundo-encantou-o-coliseu-dos-recreios\/"},"wordCount":624,"commentCount":0,"publisher":{"@id":"https:\/\/infocul.pt\/arquivo\/#organization"},"image":{"@id":"https:\/\/infocul.pt\/arquivo\/cultura\/ricardo-ribeiro-voz-fadista-em-musicas-do-mundo-encantou-o-coliseu-dos-recreios\/#primaryimage"},"thumbnailUrl":"https:\/\/infocul.pt\/arquivo\/wp-content\/uploads\/2016\/05\/Ricardo-Ribeiro-30.jpg","keywords":["Cante Alentejano","Coliseu dos Recreios","Fado","Ganh\u00f5es de Castro Verde","Ricardo Ribeiro"],"articleSection":["Concertos","Cultura"],"inLanguage":"pt-PT"},{"@type":"WebPage","@id":"https:\/\/infocul.pt\/arquivo\/cultura\/ricardo-ribeiro-voz-fadista-em-musicas-do-mundo-encantou-o-coliseu-dos-recreios\/","url":"https:\/\/infocul.pt\/arquivo\/cultura\/ricardo-ribeiro-voz-fadista-em-musicas-do-mundo-encantou-o-coliseu-dos-recreios\/","name":"Ricardo Ribeiro: Voz fadista em m\u00fasicas do mundo encantou o Coliseu dos Recreios | Infocul.pt - Arquivo Digital","isPartOf":{"@id":"https:\/\/infocul.pt\/arquivo\/#website"},"primaryImageOfPage":{"@id":"https:\/\/infocul.pt\/arquivo\/cultura\/ricardo-ribeiro-voz-fadista-em-musicas-do-mundo-encantou-o-coliseu-dos-recreios\/#primaryimage"},"image":{"@id":"https:\/\/infocul.pt\/arquivo\/cultura\/ricardo-ribeiro-voz-fadista-em-musicas-do-mundo-encantou-o-coliseu-dos-recreios\/#primaryimage"},"thumbnailUrl":"https:\/\/infocul.pt\/arquivo\/wp-content\/uploads\/2016\/05\/Ricardo-Ribeiro-30.jpg","datePublished":"2016-05-01T09:57:17+00:00","dateModified":"2016-05-04T10:29:03+00:00","description":"Ricardo Ribeiro: Voz fadista em m\u00fasicas do mundo encantou o Coliseu dos Recreios | Infocul.pt - Arquivo Digital","breadcrumb":{"@id":"https:\/\/infocul.pt\/arquivo\/cultura\/ricardo-ribeiro-voz-fadista-em-musicas-do-mundo-encantou-o-coliseu-dos-recreios\/#breadcrumb"},"inLanguage":"pt-PT","potentialAction":[{"@type":"ReadAction","target":["https:\/\/infocul.pt\/arquivo\/cultura\/ricardo-ribeiro-voz-fadista-em-musicas-do-mundo-encantou-o-coliseu-dos-recreios\/"]}]},{"@type":"ImageObject","inLanguage":"pt-PT","@id":"https:\/\/infocul.pt\/arquivo\/cultura\/ricardo-ribeiro-voz-fadista-em-musicas-do-mundo-encantou-o-coliseu-dos-recreios\/#primaryimage","url":"https:\/\/infocul.pt\/arquivo\/wp-content\/uploads\/2016\/05\/Ricardo-Ribeiro-30.jpg","contentUrl":"https:\/\/infocul.pt\/arquivo\/wp-content\/uploads\/2016\/05\/Ricardo-Ribeiro-30.jpg","width":600,"height":400},{"@type":"BreadcrumbList","@id":"https:\/\/infocul.pt\/arquivo\/cultura\/ricardo-ribeiro-voz-fadista-em-musicas-do-mundo-encantou-o-coliseu-dos-recreios\/#breadcrumb","itemListElement":[{"@type":"ListItem","position":1,"name":"Home","item":"https:\/\/infocul.pt\/arquivo\/"},{"@type":"ListItem","position":2,"name":"Ricardo Ribeiro: Voz fadista em m\u00fasicas do mundo encantou o Coliseu dos Recreios"}]},{"@type":"WebSite","@id":"https:\/\/infocul.pt\/arquivo\/#website","url":"https:\/\/infocul.pt\/arquivo\/","name":"Infocul.pt - Arquivo Digital","description":"Arquivo digital da Infocul.pt","publisher":{"@id":"https:\/\/infocul.pt\/arquivo\/#organization"},"potentialAction":[{"@type":"SearchAction","target":{"@type":"EntryPoint","urlTemplate":"https:\/\/infocul.pt\/arquivo\/?s={search_term_string}"},"query-input":{"@type":"PropertyValueSpecification","valueRequired":true,"valueName":"search_term_string"}}],"inLanguage":"pt-PT"},{"@type":"Organization","@id":"https:\/\/infocul.pt\/arquivo\/#organization","name":"Infocul.pt","url":"https:\/\/infocul.pt\/arquivo\/","logo":{"@type":"ImageObject","inLanguage":"pt-PT","@id":"https:\/\/infocul.pt\/arquivo\/#\/schema\/logo\/image\/","url":"https:\/\/infocul.pt\/arquivo\/wp-content\/uploads\/2018\/12\/Infocul_logo-1.png","contentUrl":"https:\/\/infocul.pt\/arquivo\/wp-content\/uploads\/2018\/12\/Infocul_logo-1.png","width":800,"height":800,"caption":"Infocul.pt"},"image":{"@id":"https:\/\/infocul.pt\/arquivo\/#\/schema\/logo\/image\/"},"sameAs":["https:\/\/www.facebook.com\/Infocul-147816815585015\/","https:\/\/x.com\/Infoculpt","http:\/\/www.pictaram.com\/user\/infocul.pt\/2370423710","https:\/\/www.youtube.com\/channel\/UCYEB91AGI9FL9ek2i_IaQAA"]},{"@type":"Person","@id":"https:\/\/infocul.pt\/arquivo\/#\/schema\/person\/060a108d7f2d85fc6aae505119ee5234","name":"Rui Lavrador","image":{"@type":"ImageObject","inLanguage":"pt-PT","@id":"https:\/\/secure.gravatar.com\/avatar\/93febd6873394aa8e975148548a0cb203acfdd42d2c85c5f1408e1a76678aece?s=96&d=mm&r=g","url":"https:\/\/secure.gravatar.com\/avatar\/93febd6873394aa8e975148548a0cb203acfdd42d2c85c5f1408e1a76678aece?s=96&d=mm&r=g","contentUrl":"https:\/\/secure.gravatar.com\/avatar\/93febd6873394aa8e975148548a0cb203acfdd42d2c85c5f1408e1a76678aece?s=96&d=mm&r=g","caption":"Rui Lavrador"},"description":"Iniciou em 2011 o seu percurso em comunica\u00e7\u00e3o social, tendo integrado v\u00e1rios projectos editoriais. Durante o seu percurso integrou projectos como Jornal Hardm\u00fasica, LusoNot\u00edcias, Toureio.pt, ODigital.pt, entre outros \u00d3rg\u00e3os de Comunica\u00e7\u00e3o Social nacionais, na redac\u00e7\u00e3o de v\u00e1rios artigos. Entrevistou a grande maioria das personalidades mais importantes da vida social e cultural do pa\u00eds, destacando-se, tamb\u00e9m, na aprecia\u00e7\u00e3o de v\u00e1rios espect\u00e1culos. Durante o seu percurso, deu a conhecer v\u00e1rios artistas, at\u00e9 ent\u00e3o desconhecidos, ao grande p\u00fablico. Em 2015 criou e fundou o Infocul.pt, projecto no qual assume a direc\u00e7\u00e3o editorial.","sameAs":["http:\/\/www.infocul.pt"]}]}},"_links":{"self":[{"href":"https:\/\/infocul.pt\/arquivo\/wp-json\/wp\/v2\/posts\/7123","targetHints":{"allow":["GET"]}}],"collection":[{"href":"https:\/\/infocul.pt\/arquivo\/wp-json\/wp\/v2\/posts"}],"about":[{"href":"https:\/\/infocul.pt\/arquivo\/wp-json\/wp\/v2\/types\/post"}],"author":[{"embeddable":true,"href":"https:\/\/infocul.pt\/arquivo\/wp-json\/wp\/v2\/users\/2"}],"replies":[{"embeddable":true,"href":"https:\/\/infocul.pt\/arquivo\/wp-json\/wp\/v2\/comments?post=7123"}],"version-history":[{"count":0,"href":"https:\/\/infocul.pt\/arquivo\/wp-json\/wp\/v2\/posts\/7123\/revisions"}],"wp:featuredmedia":[{"embeddable":true,"href":"https:\/\/infocul.pt\/arquivo\/wp-json\/wp\/v2\/media\/7128"}],"wp:attachment":[{"href":"https:\/\/infocul.pt\/arquivo\/wp-json\/wp\/v2\/media?parent=7123"}],"wp:term":[{"taxonomy":"category","embeddable":true,"href":"https:\/\/infocul.pt\/arquivo\/wp-json\/wp\/v2\/categories?post=7123"},{"taxonomy":"post_tag","embeddable":true,"href":"https:\/\/infocul.pt\/arquivo\/wp-json\/wp\/v2\/tags?post=7123"}],"curies":[{"name":"wp","href":"https:\/\/api.w.org\/{rel}","templated":true}]}}