{"id":71303,"date":"2020-05-09T10:30:50","date_gmt":"2020-05-09T09:30:50","guid":{"rendered":"https:\/\/infocul.pt\/?p=71303"},"modified":"2020-05-09T10:30:50","modified_gmt":"2020-05-09T09:30:50","slug":"camara-de-alandroal-ira-requalificar-e-restaurar-a-capela-de-nossa-senhora-da-boa-nova-em-terena","status":"publish","type":"post","link":"https:\/\/infocul.pt\/arquivo\/actualidade\/camara-de-alandroal-ira-requalificar-e-restaurar-a-capela-de-nossa-senhora-da-boa-nova-em-terena\/","title":{"rendered":"C\u00e2mara de Alandroal ir\u00e1 requalificar e restaurar a Capela de Nossa Senhora da Boa Nova, em Terena"},"content":{"rendered":"<p><img decoding=\"async\" class=\"aligncenter wp-image-71304 size-large lazyload\" data-src=\"https:\/\/infocul.pt\/arquivo\/wp-content\/uploads\/2020\/05\/capela-boanova-1024x526.jpg\" alt=\"\" width=\"800\" height=\"411\" data-srcset=\"https:\/\/infocul.pt\/arquivo\/wp-content\/uploads\/2020\/05\/capela-boanova-scaled.jpg 1024w, https:\/\/infocul.pt\/arquivo\/wp-content\/uploads\/2020\/05\/capela-boanova-300x154.jpg 300w, https:\/\/infocul.pt\/arquivo\/wp-content\/uploads\/2020\/05\/capela-boanova-768x395.jpg 768w, https:\/\/infocul.pt\/arquivo\/wp-content\/uploads\/2020\/05\/capela-boanova-1536x790.jpg 1536w, https:\/\/infocul.pt\/arquivo\/wp-content\/uploads\/2020\/05\/capela-boanova-2048x1053.jpg 2048w\" data-sizes=\"(max-width: 800px) 100vw, 800px\" src=\"data:image\/svg+xml;base64,PHN2ZyB3aWR0aD0iMSIgaGVpZ2h0PSIxIiB4bWxucz0iaHR0cDovL3d3dy53My5vcmcvMjAwMC9zdmciPjwvc3ZnPg==\" style=\"--smush-placeholder-width: 800px; --smush-placeholder-aspect-ratio: 800\/411;\" \/><\/p>\n<p>A Fortaleza onde est\u00e1 situada a Capela de Nossa Senhora da Boa Nova, dever\u00e1 ser alvo de requalifica\u00e7\u00e3o a curto\/m\u00e9dio prazo.<!--more--><\/p>\n<p>A C\u00e2mara Municipal de Alandroal anunciou, esta sexta-feira, o estabelecimento de um protocolo de colabora\u00e7\u00e3o com a Direc\u00e7\u00e3o Regional de Cultura do Alentejo (DRCAlentejo), a Par\u00f3quia de Terena, S. Pedro e a Confraria de Nossa Senhora da Boa Nova, entidades propriet\u00e1ria e zeladora respectivamente, que vai permitir a interven\u00e7\u00e3o de conserva\u00e7\u00e3o, restauro e reabilita\u00e7\u00e3o da Capela da Boa Nova pela c\u00e2mara municipal em tr\u00eas fases sucessivas.<\/p>\n<p>Segundo a informa\u00e7\u00e3o disponibilizada, \u201c<strong>a primeira, com projecto t\u00e9cnico j\u00e1 desenvolvido pela Direc\u00e7\u00e3o Regional de Cultura do Alentejo e cedido ao munic\u00edpio, incide sobre a cobertura e todo o exterior do im\u00f3vel<\/strong>.\u201d<\/p>\n<p>Por sua vez \u201c<strong>a segunda e terceira fases, com projectos t\u00e9cnicos a desenvolver pela autarquia, correspondem, respectivamente, ao restauro do interior da capela e aos arranjos exteriores ao monumento<\/strong>\u201d, esclarece o Munic\u00edpio.<\/p>\n<p>O protocolo agora assinado ser\u00e1 enquadrado\u00a0 numa candidatura a fundos do Programa Operacional Regional com o objectivo da recupera\u00e7\u00e3o integral deste relevante Monumento Nacional, no entanto a C\u00e2mara Municipal adianta, que vai j\u00e1 avan\u00e7ar com a concretiza\u00e7\u00e3o da primeira fase devido \u00e0 urg\u00eancia da interven\u00e7\u00e3o, uma vez que j\u00e1 neste ano, realizou, em colabora\u00e7\u00e3o com a DRCAlentejo, arranjos de emerg\u00eancia na cobertura que se revelaram insuficientes face \u00e0 dimens\u00e3o do problema.<\/p>\n<p>O im\u00f3vel, que por estas raz\u00f5es est\u00e1 inclu\u00eddo na Carta de Risco do Patrim\u00f3nio Cultural, \u00e9 um dos mais relevantes santu\u00e1rios marianos no Alentejo.<\/p>\n","protected":false},"excerpt":{"rendered":"<p>A Fortaleza onde est\u00e1 situada a Capela de Nossa Senhora da Boa Nova, dever\u00e1 ser alvo de requalifica\u00e7\u00e3o a curto\/m\u00e9dio prazo.<\/p>\n","protected":false},"author":13,"featured_media":71304,"comment_status":"open","ping_status":"closed","sticky":false,"template":"","format":"standard","meta":{"footnotes":""},"categories":[10,2,9,11],"tags":[6630,9298,7064],"class_list":["post-71303","post","type-post","status-publish","format-standard","has-post-thumbnail","hentry","category-actualidade","category-cultura","category-outros","category-pais","tag-alandroal","tag-capela-de-nossa-senhora-da-boa-nova","tag-terena"],"yoast_head":"<!-- This site is optimized with the Yoast SEO plugin v27.4 - https:\/\/yoast.com\/product\/yoast-seo-wordpress\/ -->\n<title>C\u00e2mara de Alandroal ir\u00e1 requalificar e restaurar a Capela de Nossa Senhora da Boa Nova, em Terena | Infocul.pt - Arquivo Digital<\/title>\n<meta name=\"description\" content=\"C\u00e2mara de Alandroal ir\u00e1 requalificar e restaurar a Capela de Nossa Senhora da Boa Nova, em Terena | Infocul.pt - Arquivo Digital\" \/>\n<meta name=\"robots\" content=\"noindex, follow, max-snippet:-1, max-image-preview:large, max-video-preview:-1\" \/>\n<meta property=\"og:locale\" content=\"pt_PT\" \/>\n<meta property=\"og:type\" content=\"article\" \/>\n<meta property=\"og:title\" content=\"C\u00e2mara de Alandroal ir\u00e1 requalificar e restaurar a Capela de Nossa Senhora da Boa Nova, em Terena | Infocul.pt - Arquivo Digital\" \/>\n<meta property=\"og:description\" content=\"C\u00e2mara de Alandroal ir\u00e1 requalificar e restaurar a Capela de Nossa Senhora da Boa Nova, em Terena | Infocul.pt - Arquivo Digital\" \/>\n<meta property=\"og:url\" content=\"https:\/\/infocul.pt\/arquivo\/actualidade\/camara-de-alandroal-ira-requalificar-e-restaurar-a-capela-de-nossa-senhora-da-boa-nova-em-terena\/\" \/>\n<meta property=\"og:site_name\" content=\"Infocul.pt - Arquivo Digital\" \/>\n<meta property=\"article:publisher\" content=\"https:\/\/www.facebook.com\/Infocul-147816815585015\/\" \/>\n<meta property=\"article:published_time\" content=\"2020-05-09T09:30:50+00:00\" \/>\n<meta property=\"og:image\" content=\"https:\/\/infocul.pt\/arquivo\/wp-content\/uploads\/2020\/05\/capela-boanova-scaled.jpg\" \/>\n\t<meta property=\"og:image:width\" content=\"1024\" \/>\n\t<meta property=\"og:image:height\" content=\"526\" \/>\n\t<meta property=\"og:image:type\" content=\"image\/jpeg\" \/>\n<meta name=\"author\" content=\"Redac\u00e7\u00e3o\" \/>\n<meta name=\"twitter:card\" content=\"summary_large_image\" \/>\n<meta name=\"twitter:creator\" content=\"@Infoculpt\" \/>\n<meta name=\"twitter:site\" content=\"@Infoculpt\" \/>\n<meta name=\"twitter:label1\" content=\"Escrito por\" \/>\n\t<meta name=\"twitter:data1\" content=\"Redac\u00e7\u00e3o\" \/>\n\t<meta name=\"twitter:label2\" content=\"Tempo estimado de leitura\" \/>\n\t<meta name=\"twitter:data2\" content=\"1 minuto\" \/>\n<script type=\"application\/ld+json\" class=\"yoast-schema-graph\">{\"@context\":\"https:\\\/\\\/schema.org\",\"@graph\":[{\"@type\":\"Article\",\"@id\":\"https:\\\/\\\/infocul.pt\\\/arquivo\\\/actualidade\\\/camara-de-alandroal-ira-requalificar-e-restaurar-a-capela-de-nossa-senhora-da-boa-nova-em-terena\\\/#article\",\"isPartOf\":{\"@id\":\"https:\\\/\\\/infocul.pt\\\/arquivo\\\/actualidade\\\/camara-de-alandroal-ira-requalificar-e-restaurar-a-capela-de-nossa-senhora-da-boa-nova-em-terena\\\/\"},\"author\":{\"name\":\"Redac\u00e7\u00e3o\",\"@id\":\"https:\\\/\\\/infocul.pt\\\/arquivo\\\/#\\\/schema\\\/person\\\/f243f45ae8d67639120a7586884f3abc\"},\"headline\":\"C\u00e2mara de Alandroal ir\u00e1 requalificar e restaurar a Capela de Nossa Senhora da Boa Nova, em Terena\",\"datePublished\":\"2020-05-09T09:30:50+00:00\",\"mainEntityOfPage\":{\"@id\":\"https:\\\/\\\/infocul.pt\\\/arquivo\\\/actualidade\\\/camara-de-alandroal-ira-requalificar-e-restaurar-a-capela-de-nossa-senhora-da-boa-nova-em-terena\\\/\"},\"wordCount\":295,\"commentCount\":0,\"publisher\":{\"@id\":\"https:\\\/\\\/infocul.pt\\\/arquivo\\\/#organization\"},\"image\":{\"@id\":\"https:\\\/\\\/infocul.pt\\\/arquivo\\\/actualidade\\\/camara-de-alandroal-ira-requalificar-e-restaurar-a-capela-de-nossa-senhora-da-boa-nova-em-terena\\\/#primaryimage\"},\"thumbnailUrl\":\"https:\\\/\\\/infocul.pt\\\/arquivo\\\/wp-content\\\/uploads\\\/2020\\\/05\\\/capela-boanova-scaled.jpg\",\"keywords\":[\"Alandroal\",\"Capela de Nossa Senhora da Boa Nova\",\"Terena\"],\"articleSection\":[\"Actualidade\",\"Cultura\",\"Outros\",\"Pa\u00eds\"],\"inLanguage\":\"pt-PT\"},{\"@type\":\"WebPage\",\"@id\":\"https:\\\/\\\/infocul.pt\\\/arquivo\\\/actualidade\\\/camara-de-alandroal-ira-requalificar-e-restaurar-a-capela-de-nossa-senhora-da-boa-nova-em-terena\\\/\",\"url\":\"https:\\\/\\\/infocul.pt\\\/arquivo\\\/actualidade\\\/camara-de-alandroal-ira-requalificar-e-restaurar-a-capela-de-nossa-senhora-da-boa-nova-em-terena\\\/\",\"name\":\"C\u00e2mara de Alandroal ir\u00e1 requalificar e restaurar a Capela de Nossa Senhora da Boa Nova, em Terena | Infocul.pt - Arquivo Digital\",\"isPartOf\":{\"@id\":\"https:\\\/\\\/infocul.pt\\\/arquivo\\\/#website\"},\"primaryImageOfPage\":{\"@id\":\"https:\\\/\\\/infocul.pt\\\/arquivo\\\/actualidade\\\/camara-de-alandroal-ira-requalificar-e-restaurar-a-capela-de-nossa-senhora-da-boa-nova-em-terena\\\/#primaryimage\"},\"image\":{\"@id\":\"https:\\\/\\\/infocul.pt\\\/arquivo\\\/actualidade\\\/camara-de-alandroal-ira-requalificar-e-restaurar-a-capela-de-nossa-senhora-da-boa-nova-em-terena\\\/#primaryimage\"},\"thumbnailUrl\":\"https:\\\/\\\/infocul.pt\\\/arquivo\\\/wp-content\\\/uploads\\\/2020\\\/05\\\/capela-boanova-scaled.jpg\",\"datePublished\":\"2020-05-09T09:30:50+00:00\",\"description\":\"C\u00e2mara de Alandroal ir\u00e1 requalificar e restaurar a Capela de Nossa Senhora da Boa Nova, em Terena | Infocul.pt - Arquivo Digital\",\"breadcrumb\":{\"@id\":\"https:\\\/\\\/infocul.pt\\\/arquivo\\\/actualidade\\\/camara-de-alandroal-ira-requalificar-e-restaurar-a-capela-de-nossa-senhora-da-boa-nova-em-terena\\\/#breadcrumb\"},\"inLanguage\":\"pt-PT\",\"potentialAction\":[{\"@type\":\"ReadAction\",\"target\":[\"https:\\\/\\\/infocul.pt\\\/arquivo\\\/actualidade\\\/camara-de-alandroal-ira-requalificar-e-restaurar-a-capela-de-nossa-senhora-da-boa-nova-em-terena\\\/\"]}]},{\"@type\":\"ImageObject\",\"inLanguage\":\"pt-PT\",\"@id\":\"https:\\\/\\\/infocul.pt\\\/arquivo\\\/actualidade\\\/camara-de-alandroal-ira-requalificar-e-restaurar-a-capela-de-nossa-senhora-da-boa-nova-em-terena\\\/#primaryimage\",\"url\":\"https:\\\/\\\/infocul.pt\\\/arquivo\\\/wp-content\\\/uploads\\\/2020\\\/05\\\/capela-boanova-scaled.jpg\",\"contentUrl\":\"https:\\\/\\\/infocul.pt\\\/arquivo\\\/wp-content\\\/uploads\\\/2020\\\/05\\\/capela-boanova-scaled.jpg\",\"width\":1024,\"height\":526},{\"@type\":\"BreadcrumbList\",\"@id\":\"https:\\\/\\\/infocul.pt\\\/arquivo\\\/actualidade\\\/camara-de-alandroal-ira-requalificar-e-restaurar-a-capela-de-nossa-senhora-da-boa-nova-em-terena\\\/#breadcrumb\",\"itemListElement\":[{\"@type\":\"ListItem\",\"position\":1,\"name\":\"Home\",\"item\":\"https:\\\/\\\/infocul.pt\\\/arquivo\\\/\"},{\"@type\":\"ListItem\",\"position\":2,\"name\":\"C\u00e2mara de Alandroal ir\u00e1 requalificar e restaurar a Capela de Nossa Senhora da Boa Nova, em Terena\"}]},{\"@type\":\"WebSite\",\"@id\":\"https:\\\/\\\/infocul.pt\\\/arquivo\\\/#website\",\"url\":\"https:\\\/\\\/infocul.pt\\\/arquivo\\\/\",\"name\":\"Infocul.pt - Arquivo Digital\",\"description\":\"Arquivo digital da Infocul.pt\",\"publisher\":{\"@id\":\"https:\\\/\\\/infocul.pt\\\/arquivo\\\/#organization\"},\"potentialAction\":[{\"@type\":\"SearchAction\",\"target\":{\"@type\":\"EntryPoint\",\"urlTemplate\":\"https:\\\/\\\/infocul.pt\\\/arquivo\\\/?s={search_term_string}\"},\"query-input\":{\"@type\":\"PropertyValueSpecification\",\"valueRequired\":true,\"valueName\":\"search_term_string\"}}],\"inLanguage\":\"pt-PT\"},{\"@type\":\"Organization\",\"@id\":\"https:\\\/\\\/infocul.pt\\\/arquivo\\\/#organization\",\"name\":\"Infocul.pt\",\"url\":\"https:\\\/\\\/infocul.pt\\\/arquivo\\\/\",\"logo\":{\"@type\":\"ImageObject\",\"inLanguage\":\"pt-PT\",\"@id\":\"https:\\\/\\\/infocul.pt\\\/arquivo\\\/#\\\/schema\\\/logo\\\/image\\\/\",\"url\":\"https:\\\/\\\/infocul.pt\\\/arquivo\\\/wp-content\\\/uploads\\\/2018\\\/12\\\/Infocul_logo-1.png\",\"contentUrl\":\"https:\\\/\\\/infocul.pt\\\/arquivo\\\/wp-content\\\/uploads\\\/2018\\\/12\\\/Infocul_logo-1.png\",\"width\":800,\"height\":800,\"caption\":\"Infocul.pt\"},\"image\":{\"@id\":\"https:\\\/\\\/infocul.pt\\\/arquivo\\\/#\\\/schema\\\/logo\\\/image\\\/\"},\"sameAs\":[\"https:\\\/\\\/www.facebook.com\\\/Infocul-147816815585015\\\/\",\"https:\\\/\\\/x.com\\\/Infoculpt\",\"http:\\\/\\\/www.pictaram.com\\\/user\\\/infocul.pt\\\/2370423710\",\"https:\\\/\\\/www.youtube.com\\\/channel\\\/UCYEB91AGI9FL9ek2i_IaQAA\"]},{\"@type\":\"Person\",\"@id\":\"https:\\\/\\\/infocul.pt\\\/arquivo\\\/#\\\/schema\\\/person\\\/f243f45ae8d67639120a7586884f3abc\",\"name\":\"Redac\u00e7\u00e3o\",\"image\":{\"@type\":\"ImageObject\",\"inLanguage\":\"pt-PT\",\"@id\":\"https:\\\/\\\/secure.gravatar.com\\\/avatar\\\/151b1b76c598ab5e749407223bd6c1bad4e41c4e95de3c3df83540ebee2deaf8?s=96&d=mm&r=g\",\"url\":\"https:\\\/\\\/secure.gravatar.com\\\/avatar\\\/151b1b76c598ab5e749407223bd6c1bad4e41c4e95de3c3df83540ebee2deaf8?s=96&d=mm&r=g\",\"contentUrl\":\"https:\\\/\\\/secure.gravatar.com\\\/avatar\\\/151b1b76c598ab5e749407223bd6c1bad4e41c4e95de3c3df83540ebee2deaf8?s=96&d=mm&r=g\",\"caption\":\"Redac\u00e7\u00e3o\"}}]}<\/script>\n<!-- \/ Yoast SEO plugin. -->","yoast_head_json":{"title":"C\u00e2mara de Alandroal ir\u00e1 requalificar e restaurar a Capela de Nossa Senhora da Boa Nova, em Terena | Infocul.pt - Arquivo Digital","description":"C\u00e2mara de Alandroal ir\u00e1 requalificar e restaurar a Capela de Nossa Senhora da Boa Nova, em Terena | Infocul.pt - Arquivo Digital","robots":{"index":"noindex","follow":"follow","max-snippet":"max-snippet:-1","max-image-preview":"max-image-preview:large","max-video-preview":"max-video-preview:-1"},"og_locale":"pt_PT","og_type":"article","og_title":"C\u00e2mara de Alandroal ir\u00e1 requalificar e restaurar a Capela de Nossa Senhora da Boa Nova, em Terena | Infocul.pt - Arquivo Digital","og_description":"C\u00e2mara de Alandroal ir\u00e1 requalificar e restaurar a Capela de Nossa Senhora da Boa Nova, em Terena | Infocul.pt - Arquivo Digital","og_url":"https:\/\/infocul.pt\/arquivo\/actualidade\/camara-de-alandroal-ira-requalificar-e-restaurar-a-capela-de-nossa-senhora-da-boa-nova-em-terena\/","og_site_name":"Infocul.pt - Arquivo Digital","article_publisher":"https:\/\/www.facebook.com\/Infocul-147816815585015\/","article_published_time":"2020-05-09T09:30:50+00:00","og_image":[{"width":1024,"height":526,"url":"https:\/\/infocul.pt\/arquivo\/wp-content\/uploads\/2020\/05\/capela-boanova-scaled.jpg","type":"image\/jpeg"}],"author":"Redac\u00e7\u00e3o","twitter_card":"summary_large_image","twitter_creator":"@Infoculpt","twitter_site":"@Infoculpt","twitter_misc":{"Escrito por":"Redac\u00e7\u00e3o","Tempo estimado de leitura":"1 minuto"},"schema":{"@context":"https:\/\/schema.org","@graph":[{"@type":"Article","@id":"https:\/\/infocul.pt\/arquivo\/actualidade\/camara-de-alandroal-ira-requalificar-e-restaurar-a-capela-de-nossa-senhora-da-boa-nova-em-terena\/#article","isPartOf":{"@id":"https:\/\/infocul.pt\/arquivo\/actualidade\/camara-de-alandroal-ira-requalificar-e-restaurar-a-capela-de-nossa-senhora-da-boa-nova-em-terena\/"},"author":{"name":"Redac\u00e7\u00e3o","@id":"https:\/\/infocul.pt\/arquivo\/#\/schema\/person\/f243f45ae8d67639120a7586884f3abc"},"headline":"C\u00e2mara de Alandroal ir\u00e1 requalificar e restaurar a Capela de Nossa Senhora da Boa Nova, em Terena","datePublished":"2020-05-09T09:30:50+00:00","mainEntityOfPage":{"@id":"https:\/\/infocul.pt\/arquivo\/actualidade\/camara-de-alandroal-ira-requalificar-e-restaurar-a-capela-de-nossa-senhora-da-boa-nova-em-terena\/"},"wordCount":295,"commentCount":0,"publisher":{"@id":"https:\/\/infocul.pt\/arquivo\/#organization"},"image":{"@id":"https:\/\/infocul.pt\/arquivo\/actualidade\/camara-de-alandroal-ira-requalificar-e-restaurar-a-capela-de-nossa-senhora-da-boa-nova-em-terena\/#primaryimage"},"thumbnailUrl":"https:\/\/infocul.pt\/arquivo\/wp-content\/uploads\/2020\/05\/capela-boanova-scaled.jpg","keywords":["Alandroal","Capela de Nossa Senhora da Boa Nova","Terena"],"articleSection":["Actualidade","Cultura","Outros","Pa\u00eds"],"inLanguage":"pt-PT"},{"@type":"WebPage","@id":"https:\/\/infocul.pt\/arquivo\/actualidade\/camara-de-alandroal-ira-requalificar-e-restaurar-a-capela-de-nossa-senhora-da-boa-nova-em-terena\/","url":"https:\/\/infocul.pt\/arquivo\/actualidade\/camara-de-alandroal-ira-requalificar-e-restaurar-a-capela-de-nossa-senhora-da-boa-nova-em-terena\/","name":"C\u00e2mara de Alandroal ir\u00e1 requalificar e restaurar a Capela de Nossa Senhora da Boa Nova, em Terena | Infocul.pt - Arquivo Digital","isPartOf":{"@id":"https:\/\/infocul.pt\/arquivo\/#website"},"primaryImageOfPage":{"@id":"https:\/\/infocul.pt\/arquivo\/actualidade\/camara-de-alandroal-ira-requalificar-e-restaurar-a-capela-de-nossa-senhora-da-boa-nova-em-terena\/#primaryimage"},"image":{"@id":"https:\/\/infocul.pt\/arquivo\/actualidade\/camara-de-alandroal-ira-requalificar-e-restaurar-a-capela-de-nossa-senhora-da-boa-nova-em-terena\/#primaryimage"},"thumbnailUrl":"https:\/\/infocul.pt\/arquivo\/wp-content\/uploads\/2020\/05\/capela-boanova-scaled.jpg","datePublished":"2020-05-09T09:30:50+00:00","description":"C\u00e2mara de Alandroal ir\u00e1 requalificar e restaurar a Capela de Nossa Senhora da Boa Nova, em Terena | Infocul.pt - Arquivo Digital","breadcrumb":{"@id":"https:\/\/infocul.pt\/arquivo\/actualidade\/camara-de-alandroal-ira-requalificar-e-restaurar-a-capela-de-nossa-senhora-da-boa-nova-em-terena\/#breadcrumb"},"inLanguage":"pt-PT","potentialAction":[{"@type":"ReadAction","target":["https:\/\/infocul.pt\/arquivo\/actualidade\/camara-de-alandroal-ira-requalificar-e-restaurar-a-capela-de-nossa-senhora-da-boa-nova-em-terena\/"]}]},{"@type":"ImageObject","inLanguage":"pt-PT","@id":"https:\/\/infocul.pt\/arquivo\/actualidade\/camara-de-alandroal-ira-requalificar-e-restaurar-a-capela-de-nossa-senhora-da-boa-nova-em-terena\/#primaryimage","url":"https:\/\/infocul.pt\/arquivo\/wp-content\/uploads\/2020\/05\/capela-boanova-scaled.jpg","contentUrl":"https:\/\/infocul.pt\/arquivo\/wp-content\/uploads\/2020\/05\/capela-boanova-scaled.jpg","width":1024,"height":526},{"@type":"BreadcrumbList","@id":"https:\/\/infocul.pt\/arquivo\/actualidade\/camara-de-alandroal-ira-requalificar-e-restaurar-a-capela-de-nossa-senhora-da-boa-nova-em-terena\/#breadcrumb","itemListElement":[{"@type":"ListItem","position":1,"name":"Home","item":"https:\/\/infocul.pt\/arquivo\/"},{"@type":"ListItem","position":2,"name":"C\u00e2mara de Alandroal ir\u00e1 requalificar e restaurar a Capela de Nossa Senhora da Boa Nova, em Terena"}]},{"@type":"WebSite","@id":"https:\/\/infocul.pt\/arquivo\/#website","url":"https:\/\/infocul.pt\/arquivo\/","name":"Infocul.pt - Arquivo Digital","description":"Arquivo digital da Infocul.pt","publisher":{"@id":"https:\/\/infocul.pt\/arquivo\/#organization"},"potentialAction":[{"@type":"SearchAction","target":{"@type":"EntryPoint","urlTemplate":"https:\/\/infocul.pt\/arquivo\/?s={search_term_string}"},"query-input":{"@type":"PropertyValueSpecification","valueRequired":true,"valueName":"search_term_string"}}],"inLanguage":"pt-PT"},{"@type":"Organization","@id":"https:\/\/infocul.pt\/arquivo\/#organization","name":"Infocul.pt","url":"https:\/\/infocul.pt\/arquivo\/","logo":{"@type":"ImageObject","inLanguage":"pt-PT","@id":"https:\/\/infocul.pt\/arquivo\/#\/schema\/logo\/image\/","url":"https:\/\/infocul.pt\/arquivo\/wp-content\/uploads\/2018\/12\/Infocul_logo-1.png","contentUrl":"https:\/\/infocul.pt\/arquivo\/wp-content\/uploads\/2018\/12\/Infocul_logo-1.png","width":800,"height":800,"caption":"Infocul.pt"},"image":{"@id":"https:\/\/infocul.pt\/arquivo\/#\/schema\/logo\/image\/"},"sameAs":["https:\/\/www.facebook.com\/Infocul-147816815585015\/","https:\/\/x.com\/Infoculpt","http:\/\/www.pictaram.com\/user\/infocul.pt\/2370423710","https:\/\/www.youtube.com\/channel\/UCYEB91AGI9FL9ek2i_IaQAA"]},{"@type":"Person","@id":"https:\/\/infocul.pt\/arquivo\/#\/schema\/person\/f243f45ae8d67639120a7586884f3abc","name":"Redac\u00e7\u00e3o","image":{"@type":"ImageObject","inLanguage":"pt-PT","@id":"https:\/\/secure.gravatar.com\/avatar\/151b1b76c598ab5e749407223bd6c1bad4e41c4e95de3c3df83540ebee2deaf8?s=96&d=mm&r=g","url":"https:\/\/secure.gravatar.com\/avatar\/151b1b76c598ab5e749407223bd6c1bad4e41c4e95de3c3df83540ebee2deaf8?s=96&d=mm&r=g","contentUrl":"https:\/\/secure.gravatar.com\/avatar\/151b1b76c598ab5e749407223bd6c1bad4e41c4e95de3c3df83540ebee2deaf8?s=96&d=mm&r=g","caption":"Redac\u00e7\u00e3o"}}]}},"_links":{"self":[{"href":"https:\/\/infocul.pt\/arquivo\/wp-json\/wp\/v2\/posts\/71303","targetHints":{"allow":["GET"]}}],"collection":[{"href":"https:\/\/infocul.pt\/arquivo\/wp-json\/wp\/v2\/posts"}],"about":[{"href":"https:\/\/infocul.pt\/arquivo\/wp-json\/wp\/v2\/types\/post"}],"author":[{"embeddable":true,"href":"https:\/\/infocul.pt\/arquivo\/wp-json\/wp\/v2\/users\/13"}],"replies":[{"embeddable":true,"href":"https:\/\/infocul.pt\/arquivo\/wp-json\/wp\/v2\/comments?post=71303"}],"version-history":[{"count":0,"href":"https:\/\/infocul.pt\/arquivo\/wp-json\/wp\/v2\/posts\/71303\/revisions"}],"wp:featuredmedia":[{"embeddable":true,"href":"https:\/\/infocul.pt\/arquivo\/wp-json\/wp\/v2\/media\/71304"}],"wp:attachment":[{"href":"https:\/\/infocul.pt\/arquivo\/wp-json\/wp\/v2\/media?parent=71303"}],"wp:term":[{"taxonomy":"category","embeddable":true,"href":"https:\/\/infocul.pt\/arquivo\/wp-json\/wp\/v2\/categories?post=71303"},{"taxonomy":"post_tag","embeddable":true,"href":"https:\/\/infocul.pt\/arquivo\/wp-json\/wp\/v2\/tags?post=71303"}],"curies":[{"name":"wp","href":"https:\/\/api.w.org\/{rel}","templated":true}]}}