{"id":71330,"date":"2020-05-11T00:00:10","date_gmt":"2020-05-10T23:00:10","guid":{"rendered":"https:\/\/infocul.pt\/?p=71330"},"modified":"2020-05-09T21:35:58","modified_gmt":"2020-05-09T20:35:58","slug":"ha-uma-nova-cerveja-artesanal-portuguesa-chama-se-almbeer-e-tenta-aliar-a-componente-tradicional-da-cerveja-ao-design-c-video","status":"publish","type":"post","link":"https:\/\/infocul.pt\/arquivo\/actualidade\/ha-uma-nova-cerveja-artesanal-portuguesa-chama-se-almbeer-e-tenta-aliar-a-componente-tradicional-da-cerveja-ao-design-c-video\/","title":{"rendered":"H\u00e1 uma nova cerveja artesanal portuguesa. Chama-se Almbeer e tenta &#8220;aliar a componente tradicional da cerveja ao design&#8221; (C\/V\u00eddeo)"},"content":{"rendered":"<p><img decoding=\"async\" class=\"aligncenter wp-image-71332 size-full lazyload\" data-src=\"https:\/\/infocul.pt\/arquivo\/wp-content\/uploads\/2020\/05\/3.11.jpg\" alt=\"\" width=\"600\" height=\"600\" data-srcset=\"https:\/\/infocul.pt\/arquivo\/wp-content\/uploads\/2020\/05\/3.11.jpg 600w, https:\/\/infocul.pt\/arquivo\/wp-content\/uploads\/2020\/05\/3.11-300x300.jpg 300w, https:\/\/infocul.pt\/arquivo\/wp-content\/uploads\/2020\/05\/3.11-150x150.jpg 150w\" data-sizes=\"(max-width: 600px) 100vw, 600px\" src=\"data:image\/svg+xml;base64,PHN2ZyB3aWR0aD0iMSIgaGVpZ2h0PSIxIiB4bWxucz0iaHR0cDovL3d3dy53My5vcmcvMjAwMC9zdmciPjwvc3ZnPg==\" style=\"--smush-placeholder-width: 600px; --smush-placeholder-aspect-ratio: 600\/600;\" \/><\/p>\n<p><span style=\"font-family: Liberation Serif, serif;\"><span style=\"font-size: medium;\"><span style=\"color: #000000;\"><a href=\"http:\/\/www.almbeer.com\/\" target=\"_blank\" rel=\"noopener noreferrer\">Almbeer<\/a> \u00e9 uma nova cerveja artesanal portuguesa, que agora chega ao mercado, com baixo teor alco\u00f3lico. Ricardo Fontes, criador da receita e respons\u00e1vel pela marca, concedeu uma entrevista ao <a href=\"https:\/\/infocul.pt\/arquivo\/\" target=\"_blank\" rel=\"noopener noreferrer\">Infocul.pt<\/a> para dar a conhecer esta cerveja, onde pode ser adquirida e ainda o que a distingue.<\/span><\/span><\/span><!--more--><\/p>\n<p><span style=\"color: #000000;\"><span style=\"font-family: Liberation Serif, serif;\"><span style=\"font-size: medium;\">Este nova cerveja correspondeu a um investimento inicial de 200 mil euros, aproximadamente, e est\u00e1 dispon\u00edvel ao p\u00fablico em <a href=\"http:\/\/www.almbeer.com\/\">www.almbeer.com<\/a>, nos restaurantes <a href=\"https:\/\/www.facebook.com\/portodossabores.pt\/\" target=\"_blank\" rel=\"noopener noreferrer\">Porto dos Sabores<\/a> e <a href=\"https:\/\/www.facebook.com\/davenidaporto\/\" target=\"_blank\" rel=\"noopener noreferrer\">D\u2019Avenida<\/a> e em <a href=\"http:\/\/dott.pt\/\">dott.pt<\/a> . A Almbeer \u00e9 detida pelo Grupo FMO.<\/span><\/span><\/span><\/p>\n<p><span style=\"font-family: Liberation Serif, serif;\"><span style=\"font-size: medium;\"><span style=\"color: #000000;\">Esta cerveja \u00e9 definida como tendo o \u201c<\/span><span style=\"color: #000000;\"><b>tradicional aroma a cereais<\/b><\/span><span style=\"color: #000000;\">\u201d, sendo que \u201c<\/span><span style=\"color: #000000;\"><b>o amargo \u00e9 suave criando um perfil de uma easy lager aumentando o volume de consumo<\/b><\/span><span style=\"color: #000000;\">\u201d.<\/span><\/span><\/span><\/p>\n<p><span style=\"font-family: Liberation Serif, serif;\"><span style=\"font-size: medium;\"><span style=\"color: #000000;\">A Almbeer foi \u201c<\/span><span style=\"color: #000000;\"><b>criada por brewmasters experientes com conhecimentos particulares das prefer\u00eancias dos consumidores africanos e europeus. Foi desenvolvida para pa\u00edses cujas temperaturas m\u00e9dias rondam os 20\u00ba e com um teor alco\u00f3lico de 4,5% (ligeiramente inferior aos concorrentes que apresentam valores superiores a 5%) de modo a promover a sua repeti\u00e7\u00e3o<\/b><\/span><span style=\"color: #000000;\">\u201d.<\/span><\/span><\/span><\/p>\n<p><span style=\"font-family: Liberation Serif, serif;\"><span style=\"font-size: medium;\"><span style=\"color: #000000;\">O Grupo FMO tem sede no Porto e posiciona-se no sector da constru\u00e7\u00e3o e turismo, sendo detentora das marcas FMO Apartments e dos restaurantes D\u2019 Avenida e Porto dos Sabores.<\/span><\/span><\/span><\/p>\n<p><img decoding=\"async\" class=\"aligncenter wp-image-71333 size-large lazyload\" data-src=\"https:\/\/infocul.pt\/arquivo\/wp-content\/uploads\/2020\/05\/3garrafa3-1024x882.jpg\" alt=\"\" width=\"800\" height=\"689\" data-srcset=\"https:\/\/infocul.pt\/arquivo\/wp-content\/uploads\/2020\/05\/3garrafa3-scaled.jpg 1024w, https:\/\/infocul.pt\/arquivo\/wp-content\/uploads\/2020\/05\/3garrafa3-300x259.jpg 300w, https:\/\/infocul.pt\/arquivo\/wp-content\/uploads\/2020\/05\/3garrafa3-768x662.jpg 768w, https:\/\/infocul.pt\/arquivo\/wp-content\/uploads\/2020\/05\/3garrafa3-1536x1324.jpg 1536w, https:\/\/infocul.pt\/arquivo\/wp-content\/uploads\/2020\/05\/3garrafa3-2048x1765.jpg 2048w\" data-sizes=\"(max-width: 800px) 100vw, 800px\" src=\"data:image\/svg+xml;base64,PHN2ZyB3aWR0aD0iMSIgaGVpZ2h0PSIxIiB4bWxucz0iaHR0cDovL3d3dy53My5vcmcvMjAwMC9zdmciPjwvc3ZnPg==\" style=\"--smush-placeholder-width: 800px; --smush-placeholder-aspect-ratio: 800\/689;\" \/><\/p>\n<p><span style=\"color: #333333;\"><span style=\"font-family: Liberation Serif, serif;\"><span style=\"font-size: medium;\">Ricardo Fontes define a cerveja como &#8220;<\/span><\/span><\/span><strong><span style=\"color: #333333;\"><span style=\"font-family: Liberation Serif, serif;\"><span style=\"font-size: medium;\">leve, fresca, agrad\u00e1vel ao consumo, que pede a sua repeti\u00e7\u00e3o<\/span><\/span><\/span><\/strong><span style=\"color: #333333;\"><span style=\"font-family: Liberation Serif, serif;\"><span style=\"font-size: medium;\">&#8220;, tendo este projecto nascido de &#8220;<\/span><\/span><\/span><strong><span style=\"color: #333333;\"><span style=\"font-family: Liberation Serif, serif;\"><span style=\"font-size: medium;\">um trabalho que eu fiz em Cabo Verde (\u2026)<\/span><\/span><\/span><\/strong><span style=\"color: #333333;\"><span style=\"font-family: Liberation Serif, serif;\"><span style=\"font-size: medium;\">&#8220;. Na Almbeer &#8220;<\/span><\/span><\/span><strong><span style=\"color: #333333;\"><span style=\"font-family: Liberation Serif, serif;\"><span style=\"font-size: medium;\">t<\/span><\/span><\/span><\/strong><strong><span style=\"font-family: Liberation Serif, serif;\"><span style=\"font-size: medium;\">entamos aliar a componente tradicional da cerveja (\u2026) ao design. H\u00e1 alguma inova\u00e7\u00e3o no design. O nosso logo e a nossa imagem n\u00e3o s\u00e3o muito comuns em ver numa marca de cerveja<\/span><\/span><\/strong><span style=\"font-family: Liberation Serif, serif;\"><span style=\"font-size: medium;\">&#8220;, acrescenta.<\/span><\/span><\/p>\n<p>&nbsp;<\/p>\n<p><span style=\"font-family: Liberation Serif, serif;\"><span style=\"font-size: medium;\">Revelou-nos que &#8220;<\/span><\/span><strong><span style=\"font-family: Liberation Serif, serif;\"><span style=\"font-size: medium;\">o embri\u00e3o come\u00e7ou em 2018 (\u2026) mas oficialmente pode-se dizer que o projecto come\u00e7ou em 2019<\/span><\/span><\/strong><span style=\"font-family: Liberation Serif, serif;\"><span style=\"font-size: medium;\">&#8220;, e que a Almbeer \u00e9 &#8220;<\/span><\/span><strong><span style=\"font-family: Liberation Serif, serif;\"><span style=\"font-size: medium;\">uma cerveja que qualquer pessoa pode saborear. \u00c9 uma cerveja, em linguagem de marketing, mainstream. \u00c9 uma cerveja para o comum dos consumidores. Dos 18 aos 80<\/span><\/span><\/strong><span style=\"font-family: Liberation Serif, serif;\"><span style=\"font-size: medium;\">&#8220;. Est\u00e1 dispon\u00edvel no mercado pelo pre\u00e7o de &#8220;<\/span><\/span><strong><span style=\"color: #000000;\"><span style=\"font-family: Liberation Serif, serif;\"><span style=\"font-size: medium;\">9.85 euros por uma embalagem de 24 garrafas<\/span><\/span><\/span><\/strong><span style=\"color: #000000;\"><span style=\"font-family: Liberation Serif, serif;\"><span style=\"font-size: medium;\">&#8220;.<\/span><\/span><\/span><\/p>\n<p><span style=\"font-family: Liberation Serif, serif;\"><span style=\"font-size: medium;\">Em tempos de incerteza, revelou que &#8220;<\/span><\/span><strong><span style=\"font-family: Liberation Serif, serif;\"><span style=\"font-size: medium;\">n<\/span><\/span><\/strong><strong><span style=\"color: #000000;\"><span style=\"font-family: Liberation Serif, serif;\"><span style=\"font-size: medium;\">\u00e3o temos muito bem no\u00e7\u00e3o do que nos espera o futuro<\/span><\/span><\/span><\/strong><span style=\"color: #000000;\"><span style=\"font-family: Liberation Serif, serif;\"><span style=\"font-size: medium;\">&#8220;, embora acrescentasse que antes da pandemia existiam j\u00e1 acordos com pa\u00edses como &#8220;<\/span><\/span><\/span><strong><span style=\"color: #000000;\"><span style=\"font-family: Liberation Serif, serif;\"><span style=\"font-size: medium;\">Qu\u00e9nia, Chade e negocia\u00e7\u00f5es avan\u00e7adas para \u00c1frica do Sul e\u00a0<\/span><\/span><\/span><\/strong><span style=\"color: #000000;\"><span style=\"font-family: Liberation Serif, serif;\"><span style=\"font-size: medium;\"><i><b>\u00cdndia<\/b><\/i><\/span><\/span><\/span><span style=\"color: #000000;\"><span style=\"font-family: Liberation Serif, serif;\"><span style=\"font-size: medium;\">&#8220;, tendo em conta que a exporta\u00e7\u00e3o assume papel important\u00edssimo nesta \u00e1rea de neg\u00f3cio.<\/span><\/span><\/span><\/p>\n<p>Para ficar a saber mais curiosidades sobre o processo de produ\u00e7\u00e3o ou os objectivos a longo prazo, basta ver o v\u00eddeo abaixo que conta com a entrevista integral.<\/p>\n<p>&nbsp;<\/p>\n<p><iframe title=\"Almbeer - Entrevista a Ricardo Fontes\" width=\"500\" height=\"281\" data-src=\"https:\/\/www.youtube.com\/embed\/Pk_olUlVZ3A?feature=oembed\" frameborder=\"0\" allow=\"accelerometer; autoplay; clipboard-write; encrypted-media; gyroscope; picture-in-picture; web-share\" referrerpolicy=\"strict-origin-when-cross-origin\" allowfullscreen src=\"data:image\/svg+xml;base64,PHN2ZyB3aWR0aD0iMSIgaGVpZ2h0PSIxIiB4bWxucz0iaHR0cDovL3d3dy53My5vcmcvMjAwMC9zdmciPjwvc3ZnPg==\" class=\"lazyload\" data-load-mode=\"1\"><\/iframe><\/p>\n","protected":false},"excerpt":{"rendered":"<p>Almbeer \u00e9 uma nova cerveja artesanal portuguesa, que agora chega ao mercado, com baixo teor alco\u00f3lico. Ricardo Fontes, criador da receita e respons\u00e1vel pela marca, concedeu uma entrevista ao Infocul.pt para dar a conhecer esta cerveja, onde pode ser adquirida e ainda o que a distingue.<\/p>\n","protected":false},"author":2,"featured_media":71332,"comment_status":"open","ping_status":"closed","sticky":false,"template":"","format":"standard","meta":{"footnotes":""},"categories":[10,36,4124,15],"tags":[9352,3104,313],"class_list":["post-71330","post","type-post","status-publish","format-standard","has-post-thumbnail","hentry","category-actualidade","category-destaque","category-entrevistas","category-social-e-lifestyle","tag-almbeer","tag-cerveja","tag-portugal"],"yoast_head":"<!-- This site is optimized with the Yoast SEO plugin v27.4 - https:\/\/yoast.com\/product\/yoast-seo-wordpress\/ -->\n<title>H\u00e1 uma nova cerveja artesanal portuguesa. Chama-se Almbeer e tenta &quot;aliar a componente tradicional da cerveja ao design&quot; (C\/V\u00eddeo) | Infocul.pt - Arquivo Digital<\/title>\n<meta name=\"description\" content=\"H\u00e1 uma nova cerveja artesanal portuguesa. Chama-se Almbeer e tenta &quot;aliar a componente tradicional da cerveja ao design&quot; (C\/V\u00eddeo) | Infocul.pt - Arquivo Digital\" \/>\n<meta name=\"robots\" content=\"noindex, follow, max-snippet:-1, max-image-preview:large, max-video-preview:-1\" \/>\n<meta property=\"og:locale\" content=\"pt_PT\" \/>\n<meta property=\"og:type\" content=\"article\" \/>\n<meta property=\"og:title\" content=\"H\u00e1 uma nova cerveja artesanal portuguesa. Chama-se Almbeer e tenta &quot;aliar a componente tradicional da cerveja ao design&quot; (C\/V\u00eddeo) | Infocul.pt - Arquivo Digital\" \/>\n<meta property=\"og:description\" content=\"H\u00e1 uma nova cerveja artesanal portuguesa. Chama-se Almbeer e tenta &quot;aliar a componente tradicional da cerveja ao design&quot; (C\/V\u00eddeo) | Infocul.pt - Arquivo Digital\" \/>\n<meta property=\"og:url\" content=\"https:\/\/infocul.pt\/arquivo\/actualidade\/ha-uma-nova-cerveja-artesanal-portuguesa-chama-se-almbeer-e-tenta-aliar-a-componente-tradicional-da-cerveja-ao-design-c-video\/\" \/>\n<meta property=\"og:site_name\" content=\"Infocul.pt - Arquivo Digital\" \/>\n<meta property=\"article:publisher\" content=\"https:\/\/www.facebook.com\/Infocul-147816815585015\/\" \/>\n<meta property=\"article:published_time\" content=\"2020-05-10T23:00:10+00:00\" \/>\n<meta property=\"og:image\" content=\"https:\/\/infocul.pt\/arquivo\/wp-content\/uploads\/2020\/05\/3.11.jpg\" \/>\n\t<meta property=\"og:image:width\" content=\"600\" \/>\n\t<meta property=\"og:image:height\" content=\"600\" \/>\n\t<meta property=\"og:image:type\" content=\"image\/jpeg\" \/>\n<meta name=\"author\" content=\"Rui Lavrador\" \/>\n<meta name=\"twitter:card\" content=\"summary_large_image\" \/>\n<meta name=\"twitter:creator\" content=\"@Infoculpt\" \/>\n<meta name=\"twitter:site\" content=\"@Infoculpt\" \/>\n<meta name=\"twitter:label1\" content=\"Escrito por\" \/>\n\t<meta name=\"twitter:data1\" content=\"Rui Lavrador\" \/>\n\t<meta name=\"twitter:label2\" content=\"Tempo estimado de leitura\" \/>\n\t<meta name=\"twitter:data2\" content=\"2 minutos\" \/>\n<script type=\"application\/ld+json\" class=\"yoast-schema-graph\">{\"@context\":\"https:\\\/\\\/schema.org\",\"@graph\":[{\"@type\":\"Article\",\"@id\":\"https:\\\/\\\/infocul.pt\\\/arquivo\\\/actualidade\\\/ha-uma-nova-cerveja-artesanal-portuguesa-chama-se-almbeer-e-tenta-aliar-a-componente-tradicional-da-cerveja-ao-design-c-video\\\/#article\",\"isPartOf\":{\"@id\":\"https:\\\/\\\/infocul.pt\\\/arquivo\\\/actualidade\\\/ha-uma-nova-cerveja-artesanal-portuguesa-chama-se-almbeer-e-tenta-aliar-a-componente-tradicional-da-cerveja-ao-design-c-video\\\/\"},\"author\":{\"name\":\"Rui Lavrador\",\"@id\":\"https:\\\/\\\/infocul.pt\\\/arquivo\\\/#\\\/schema\\\/person\\\/060a108d7f2d85fc6aae505119ee5234\"},\"headline\":\"H\u00e1 uma nova cerveja artesanal portuguesa. Chama-se Almbeer e tenta &#8220;aliar a componente tradicional da cerveja ao design&#8221; (C\\\/V\u00eddeo)\",\"datePublished\":\"2020-05-10T23:00:10+00:00\",\"mainEntityOfPage\":{\"@id\":\"https:\\\/\\\/infocul.pt\\\/arquivo\\\/actualidade\\\/ha-uma-nova-cerveja-artesanal-portuguesa-chama-se-almbeer-e-tenta-aliar-a-componente-tradicional-da-cerveja-ao-design-c-video\\\/\"},\"wordCount\":453,\"commentCount\":0,\"publisher\":{\"@id\":\"https:\\\/\\\/infocul.pt\\\/arquivo\\\/#organization\"},\"image\":{\"@id\":\"https:\\\/\\\/infocul.pt\\\/arquivo\\\/actualidade\\\/ha-uma-nova-cerveja-artesanal-portuguesa-chama-se-almbeer-e-tenta-aliar-a-componente-tradicional-da-cerveja-ao-design-c-video\\\/#primaryimage\"},\"thumbnailUrl\":\"https:\\\/\\\/infocul.pt\\\/arquivo\\\/wp-content\\\/uploads\\\/2020\\\/05\\\/3.11.jpg\",\"keywords\":[\"Almbeer\",\"Cerveja\",\"Portugal\"],\"articleSection\":[\"Actualidade\",\"Destaque\",\"Entrevistas\",\"Social &amp; LifeStyle\"],\"inLanguage\":\"pt-PT\"},{\"@type\":\"WebPage\",\"@id\":\"https:\\\/\\\/infocul.pt\\\/arquivo\\\/actualidade\\\/ha-uma-nova-cerveja-artesanal-portuguesa-chama-se-almbeer-e-tenta-aliar-a-componente-tradicional-da-cerveja-ao-design-c-video\\\/\",\"url\":\"https:\\\/\\\/infocul.pt\\\/arquivo\\\/actualidade\\\/ha-uma-nova-cerveja-artesanal-portuguesa-chama-se-almbeer-e-tenta-aliar-a-componente-tradicional-da-cerveja-ao-design-c-video\\\/\",\"name\":\"H\u00e1 uma nova cerveja artesanal portuguesa. Chama-se Almbeer e tenta \\\"aliar a componente tradicional da cerveja ao design\\\" (C\\\/V\u00eddeo) | Infocul.pt - Arquivo Digital\",\"isPartOf\":{\"@id\":\"https:\\\/\\\/infocul.pt\\\/arquivo\\\/#website\"},\"primaryImageOfPage\":{\"@id\":\"https:\\\/\\\/infocul.pt\\\/arquivo\\\/actualidade\\\/ha-uma-nova-cerveja-artesanal-portuguesa-chama-se-almbeer-e-tenta-aliar-a-componente-tradicional-da-cerveja-ao-design-c-video\\\/#primaryimage\"},\"image\":{\"@id\":\"https:\\\/\\\/infocul.pt\\\/arquivo\\\/actualidade\\\/ha-uma-nova-cerveja-artesanal-portuguesa-chama-se-almbeer-e-tenta-aliar-a-componente-tradicional-da-cerveja-ao-design-c-video\\\/#primaryimage\"},\"thumbnailUrl\":\"https:\\\/\\\/infocul.pt\\\/arquivo\\\/wp-content\\\/uploads\\\/2020\\\/05\\\/3.11.jpg\",\"datePublished\":\"2020-05-10T23:00:10+00:00\",\"description\":\"H\u00e1 uma nova cerveja artesanal portuguesa. Chama-se Almbeer e tenta \\\"aliar a componente tradicional da cerveja ao design\\\" (C\\\/V\u00eddeo) | Infocul.pt - Arquivo Digital\",\"breadcrumb\":{\"@id\":\"https:\\\/\\\/infocul.pt\\\/arquivo\\\/actualidade\\\/ha-uma-nova-cerveja-artesanal-portuguesa-chama-se-almbeer-e-tenta-aliar-a-componente-tradicional-da-cerveja-ao-design-c-video\\\/#breadcrumb\"},\"inLanguage\":\"pt-PT\",\"potentialAction\":[{\"@type\":\"ReadAction\",\"target\":[\"https:\\\/\\\/infocul.pt\\\/arquivo\\\/actualidade\\\/ha-uma-nova-cerveja-artesanal-portuguesa-chama-se-almbeer-e-tenta-aliar-a-componente-tradicional-da-cerveja-ao-design-c-video\\\/\"]}]},{\"@type\":\"ImageObject\",\"inLanguage\":\"pt-PT\",\"@id\":\"https:\\\/\\\/infocul.pt\\\/arquivo\\\/actualidade\\\/ha-uma-nova-cerveja-artesanal-portuguesa-chama-se-almbeer-e-tenta-aliar-a-componente-tradicional-da-cerveja-ao-design-c-video\\\/#primaryimage\",\"url\":\"https:\\\/\\\/infocul.pt\\\/arquivo\\\/wp-content\\\/uploads\\\/2020\\\/05\\\/3.11.jpg\",\"contentUrl\":\"https:\\\/\\\/infocul.pt\\\/arquivo\\\/wp-content\\\/uploads\\\/2020\\\/05\\\/3.11.jpg\",\"width\":600,\"height\":600},{\"@type\":\"BreadcrumbList\",\"@id\":\"https:\\\/\\\/infocul.pt\\\/arquivo\\\/actualidade\\\/ha-uma-nova-cerveja-artesanal-portuguesa-chama-se-almbeer-e-tenta-aliar-a-componente-tradicional-da-cerveja-ao-design-c-video\\\/#breadcrumb\",\"itemListElement\":[{\"@type\":\"ListItem\",\"position\":1,\"name\":\"Home\",\"item\":\"https:\\\/\\\/infocul.pt\\\/arquivo\\\/\"},{\"@type\":\"ListItem\",\"position\":2,\"name\":\"H\u00e1 uma nova cerveja artesanal portuguesa. Chama-se Almbeer e tenta &#8220;aliar a componente tradicional da cerveja ao design&#8221; (C\\\/V\u00eddeo)\"}]},{\"@type\":\"WebSite\",\"@id\":\"https:\\\/\\\/infocul.pt\\\/arquivo\\\/#website\",\"url\":\"https:\\\/\\\/infocul.pt\\\/arquivo\\\/\",\"name\":\"Infocul.pt - Arquivo Digital\",\"description\":\"Arquivo digital da Infocul.pt\",\"publisher\":{\"@id\":\"https:\\\/\\\/infocul.pt\\\/arquivo\\\/#organization\"},\"potentialAction\":[{\"@type\":\"SearchAction\",\"target\":{\"@type\":\"EntryPoint\",\"urlTemplate\":\"https:\\\/\\\/infocul.pt\\\/arquivo\\\/?s={search_term_string}\"},\"query-input\":{\"@type\":\"PropertyValueSpecification\",\"valueRequired\":true,\"valueName\":\"search_term_string\"}}],\"inLanguage\":\"pt-PT\"},{\"@type\":\"Organization\",\"@id\":\"https:\\\/\\\/infocul.pt\\\/arquivo\\\/#organization\",\"name\":\"Infocul.pt\",\"url\":\"https:\\\/\\\/infocul.pt\\\/arquivo\\\/\",\"logo\":{\"@type\":\"ImageObject\",\"inLanguage\":\"pt-PT\",\"@id\":\"https:\\\/\\\/infocul.pt\\\/arquivo\\\/#\\\/schema\\\/logo\\\/image\\\/\",\"url\":\"https:\\\/\\\/infocul.pt\\\/arquivo\\\/wp-content\\\/uploads\\\/2018\\\/12\\\/Infocul_logo-1.png\",\"contentUrl\":\"https:\\\/\\\/infocul.pt\\\/arquivo\\\/wp-content\\\/uploads\\\/2018\\\/12\\\/Infocul_logo-1.png\",\"width\":800,\"height\":800,\"caption\":\"Infocul.pt\"},\"image\":{\"@id\":\"https:\\\/\\\/infocul.pt\\\/arquivo\\\/#\\\/schema\\\/logo\\\/image\\\/\"},\"sameAs\":[\"https:\\\/\\\/www.facebook.com\\\/Infocul-147816815585015\\\/\",\"https:\\\/\\\/x.com\\\/Infoculpt\",\"http:\\\/\\\/www.pictaram.com\\\/user\\\/infocul.pt\\\/2370423710\",\"https:\\\/\\\/www.youtube.com\\\/channel\\\/UCYEB91AGI9FL9ek2i_IaQAA\"]},{\"@type\":\"Person\",\"@id\":\"https:\\\/\\\/infocul.pt\\\/arquivo\\\/#\\\/schema\\\/person\\\/060a108d7f2d85fc6aae505119ee5234\",\"name\":\"Rui Lavrador\",\"image\":{\"@type\":\"ImageObject\",\"inLanguage\":\"pt-PT\",\"@id\":\"https:\\\/\\\/secure.gravatar.com\\\/avatar\\\/93febd6873394aa8e975148548a0cb203acfdd42d2c85c5f1408e1a76678aece?s=96&d=mm&r=g\",\"url\":\"https:\\\/\\\/secure.gravatar.com\\\/avatar\\\/93febd6873394aa8e975148548a0cb203acfdd42d2c85c5f1408e1a76678aece?s=96&d=mm&r=g\",\"contentUrl\":\"https:\\\/\\\/secure.gravatar.com\\\/avatar\\\/93febd6873394aa8e975148548a0cb203acfdd42d2c85c5f1408e1a76678aece?s=96&d=mm&r=g\",\"caption\":\"Rui Lavrador\"},\"description\":\"Iniciou em 2011 o seu percurso em comunica\u00e7\u00e3o social, tendo integrado v\u00e1rios projectos editoriais. Durante o seu percurso integrou projectos como Jornal Hardm\u00fasica, LusoNot\u00edcias, Toureio.pt, ODigital.pt, entre outros \u00d3rg\u00e3os de Comunica\u00e7\u00e3o Social nacionais, na redac\u00e7\u00e3o de v\u00e1rios artigos. Entrevistou a grande maioria das personalidades mais importantes da vida social e cultural do pa\u00eds, destacando-se, tamb\u00e9m, na aprecia\u00e7\u00e3o de v\u00e1rios espect\u00e1culos. Durante o seu percurso, deu a conhecer v\u00e1rios artistas, at\u00e9 ent\u00e3o desconhecidos, ao grande p\u00fablico. Em 2015 criou e fundou o Infocul.pt, projecto no qual assume a direc\u00e7\u00e3o editorial.\",\"sameAs\":[\"http:\\\/\\\/www.infocul.pt\"]}]}<\/script>\n<!-- \/ Yoast SEO plugin. -->","yoast_head_json":{"title":"H\u00e1 uma nova cerveja artesanal portuguesa. Chama-se Almbeer e tenta \"aliar a componente tradicional da cerveja ao design\" (C\/V\u00eddeo) | Infocul.pt - Arquivo Digital","description":"H\u00e1 uma nova cerveja artesanal portuguesa. Chama-se Almbeer e tenta \"aliar a componente tradicional da cerveja ao design\" (C\/V\u00eddeo) | Infocul.pt - Arquivo Digital","robots":{"index":"noindex","follow":"follow","max-snippet":"max-snippet:-1","max-image-preview":"max-image-preview:large","max-video-preview":"max-video-preview:-1"},"og_locale":"pt_PT","og_type":"article","og_title":"H\u00e1 uma nova cerveja artesanal portuguesa. Chama-se Almbeer e tenta \"aliar a componente tradicional da cerveja ao design\" (C\/V\u00eddeo) | Infocul.pt - Arquivo Digital","og_description":"H\u00e1 uma nova cerveja artesanal portuguesa. Chama-se Almbeer e tenta \"aliar a componente tradicional da cerveja ao design\" (C\/V\u00eddeo) | Infocul.pt - Arquivo Digital","og_url":"https:\/\/infocul.pt\/arquivo\/actualidade\/ha-uma-nova-cerveja-artesanal-portuguesa-chama-se-almbeer-e-tenta-aliar-a-componente-tradicional-da-cerveja-ao-design-c-video\/","og_site_name":"Infocul.pt - Arquivo Digital","article_publisher":"https:\/\/www.facebook.com\/Infocul-147816815585015\/","article_published_time":"2020-05-10T23:00:10+00:00","og_image":[{"width":600,"height":600,"url":"https:\/\/infocul.pt\/arquivo\/wp-content\/uploads\/2020\/05\/3.11.jpg","type":"image\/jpeg"}],"author":"Rui Lavrador","twitter_card":"summary_large_image","twitter_creator":"@Infoculpt","twitter_site":"@Infoculpt","twitter_misc":{"Escrito por":"Rui Lavrador","Tempo estimado de leitura":"2 minutos"},"schema":{"@context":"https:\/\/schema.org","@graph":[{"@type":"Article","@id":"https:\/\/infocul.pt\/arquivo\/actualidade\/ha-uma-nova-cerveja-artesanal-portuguesa-chama-se-almbeer-e-tenta-aliar-a-componente-tradicional-da-cerveja-ao-design-c-video\/#article","isPartOf":{"@id":"https:\/\/infocul.pt\/arquivo\/actualidade\/ha-uma-nova-cerveja-artesanal-portuguesa-chama-se-almbeer-e-tenta-aliar-a-componente-tradicional-da-cerveja-ao-design-c-video\/"},"author":{"name":"Rui Lavrador","@id":"https:\/\/infocul.pt\/arquivo\/#\/schema\/person\/060a108d7f2d85fc6aae505119ee5234"},"headline":"H\u00e1 uma nova cerveja artesanal portuguesa. Chama-se Almbeer e tenta &#8220;aliar a componente tradicional da cerveja ao design&#8221; (C\/V\u00eddeo)","datePublished":"2020-05-10T23:00:10+00:00","mainEntityOfPage":{"@id":"https:\/\/infocul.pt\/arquivo\/actualidade\/ha-uma-nova-cerveja-artesanal-portuguesa-chama-se-almbeer-e-tenta-aliar-a-componente-tradicional-da-cerveja-ao-design-c-video\/"},"wordCount":453,"commentCount":0,"publisher":{"@id":"https:\/\/infocul.pt\/arquivo\/#organization"},"image":{"@id":"https:\/\/infocul.pt\/arquivo\/actualidade\/ha-uma-nova-cerveja-artesanal-portuguesa-chama-se-almbeer-e-tenta-aliar-a-componente-tradicional-da-cerveja-ao-design-c-video\/#primaryimage"},"thumbnailUrl":"https:\/\/infocul.pt\/arquivo\/wp-content\/uploads\/2020\/05\/3.11.jpg","keywords":["Almbeer","Cerveja","Portugal"],"articleSection":["Actualidade","Destaque","Entrevistas","Social &amp; LifeStyle"],"inLanguage":"pt-PT"},{"@type":"WebPage","@id":"https:\/\/infocul.pt\/arquivo\/actualidade\/ha-uma-nova-cerveja-artesanal-portuguesa-chama-se-almbeer-e-tenta-aliar-a-componente-tradicional-da-cerveja-ao-design-c-video\/","url":"https:\/\/infocul.pt\/arquivo\/actualidade\/ha-uma-nova-cerveja-artesanal-portuguesa-chama-se-almbeer-e-tenta-aliar-a-componente-tradicional-da-cerveja-ao-design-c-video\/","name":"H\u00e1 uma nova cerveja artesanal portuguesa. Chama-se Almbeer e tenta \"aliar a componente tradicional da cerveja ao design\" (C\/V\u00eddeo) | Infocul.pt - Arquivo Digital","isPartOf":{"@id":"https:\/\/infocul.pt\/arquivo\/#website"},"primaryImageOfPage":{"@id":"https:\/\/infocul.pt\/arquivo\/actualidade\/ha-uma-nova-cerveja-artesanal-portuguesa-chama-se-almbeer-e-tenta-aliar-a-componente-tradicional-da-cerveja-ao-design-c-video\/#primaryimage"},"image":{"@id":"https:\/\/infocul.pt\/arquivo\/actualidade\/ha-uma-nova-cerveja-artesanal-portuguesa-chama-se-almbeer-e-tenta-aliar-a-componente-tradicional-da-cerveja-ao-design-c-video\/#primaryimage"},"thumbnailUrl":"https:\/\/infocul.pt\/arquivo\/wp-content\/uploads\/2020\/05\/3.11.jpg","datePublished":"2020-05-10T23:00:10+00:00","description":"H\u00e1 uma nova cerveja artesanal portuguesa. Chama-se Almbeer e tenta \"aliar a componente tradicional da cerveja ao design\" (C\/V\u00eddeo) | Infocul.pt - Arquivo Digital","breadcrumb":{"@id":"https:\/\/infocul.pt\/arquivo\/actualidade\/ha-uma-nova-cerveja-artesanal-portuguesa-chama-se-almbeer-e-tenta-aliar-a-componente-tradicional-da-cerveja-ao-design-c-video\/#breadcrumb"},"inLanguage":"pt-PT","potentialAction":[{"@type":"ReadAction","target":["https:\/\/infocul.pt\/arquivo\/actualidade\/ha-uma-nova-cerveja-artesanal-portuguesa-chama-se-almbeer-e-tenta-aliar-a-componente-tradicional-da-cerveja-ao-design-c-video\/"]}]},{"@type":"ImageObject","inLanguage":"pt-PT","@id":"https:\/\/infocul.pt\/arquivo\/actualidade\/ha-uma-nova-cerveja-artesanal-portuguesa-chama-se-almbeer-e-tenta-aliar-a-componente-tradicional-da-cerveja-ao-design-c-video\/#primaryimage","url":"https:\/\/infocul.pt\/arquivo\/wp-content\/uploads\/2020\/05\/3.11.jpg","contentUrl":"https:\/\/infocul.pt\/arquivo\/wp-content\/uploads\/2020\/05\/3.11.jpg","width":600,"height":600},{"@type":"BreadcrumbList","@id":"https:\/\/infocul.pt\/arquivo\/actualidade\/ha-uma-nova-cerveja-artesanal-portuguesa-chama-se-almbeer-e-tenta-aliar-a-componente-tradicional-da-cerveja-ao-design-c-video\/#breadcrumb","itemListElement":[{"@type":"ListItem","position":1,"name":"Home","item":"https:\/\/infocul.pt\/arquivo\/"},{"@type":"ListItem","position":2,"name":"H\u00e1 uma nova cerveja artesanal portuguesa. Chama-se Almbeer e tenta &#8220;aliar a componente tradicional da cerveja ao design&#8221; (C\/V\u00eddeo)"}]},{"@type":"WebSite","@id":"https:\/\/infocul.pt\/arquivo\/#website","url":"https:\/\/infocul.pt\/arquivo\/","name":"Infocul.pt - Arquivo Digital","description":"Arquivo digital da Infocul.pt","publisher":{"@id":"https:\/\/infocul.pt\/arquivo\/#organization"},"potentialAction":[{"@type":"SearchAction","target":{"@type":"EntryPoint","urlTemplate":"https:\/\/infocul.pt\/arquivo\/?s={search_term_string}"},"query-input":{"@type":"PropertyValueSpecification","valueRequired":true,"valueName":"search_term_string"}}],"inLanguage":"pt-PT"},{"@type":"Organization","@id":"https:\/\/infocul.pt\/arquivo\/#organization","name":"Infocul.pt","url":"https:\/\/infocul.pt\/arquivo\/","logo":{"@type":"ImageObject","inLanguage":"pt-PT","@id":"https:\/\/infocul.pt\/arquivo\/#\/schema\/logo\/image\/","url":"https:\/\/infocul.pt\/arquivo\/wp-content\/uploads\/2018\/12\/Infocul_logo-1.png","contentUrl":"https:\/\/infocul.pt\/arquivo\/wp-content\/uploads\/2018\/12\/Infocul_logo-1.png","width":800,"height":800,"caption":"Infocul.pt"},"image":{"@id":"https:\/\/infocul.pt\/arquivo\/#\/schema\/logo\/image\/"},"sameAs":["https:\/\/www.facebook.com\/Infocul-147816815585015\/","https:\/\/x.com\/Infoculpt","http:\/\/www.pictaram.com\/user\/infocul.pt\/2370423710","https:\/\/www.youtube.com\/channel\/UCYEB91AGI9FL9ek2i_IaQAA"]},{"@type":"Person","@id":"https:\/\/infocul.pt\/arquivo\/#\/schema\/person\/060a108d7f2d85fc6aae505119ee5234","name":"Rui Lavrador","image":{"@type":"ImageObject","inLanguage":"pt-PT","@id":"https:\/\/secure.gravatar.com\/avatar\/93febd6873394aa8e975148548a0cb203acfdd42d2c85c5f1408e1a76678aece?s=96&d=mm&r=g","url":"https:\/\/secure.gravatar.com\/avatar\/93febd6873394aa8e975148548a0cb203acfdd42d2c85c5f1408e1a76678aece?s=96&d=mm&r=g","contentUrl":"https:\/\/secure.gravatar.com\/avatar\/93febd6873394aa8e975148548a0cb203acfdd42d2c85c5f1408e1a76678aece?s=96&d=mm&r=g","caption":"Rui Lavrador"},"description":"Iniciou em 2011 o seu percurso em comunica\u00e7\u00e3o social, tendo integrado v\u00e1rios projectos editoriais. Durante o seu percurso integrou projectos como Jornal Hardm\u00fasica, LusoNot\u00edcias, Toureio.pt, ODigital.pt, entre outros \u00d3rg\u00e3os de Comunica\u00e7\u00e3o Social nacionais, na redac\u00e7\u00e3o de v\u00e1rios artigos. Entrevistou a grande maioria das personalidades mais importantes da vida social e cultural do pa\u00eds, destacando-se, tamb\u00e9m, na aprecia\u00e7\u00e3o de v\u00e1rios espect\u00e1culos. Durante o seu percurso, deu a conhecer v\u00e1rios artistas, at\u00e9 ent\u00e3o desconhecidos, ao grande p\u00fablico. Em 2015 criou e fundou o Infocul.pt, projecto no qual assume a direc\u00e7\u00e3o editorial.","sameAs":["http:\/\/www.infocul.pt"]}]}},"_links":{"self":[{"href":"https:\/\/infocul.pt\/arquivo\/wp-json\/wp\/v2\/posts\/71330","targetHints":{"allow":["GET"]}}],"collection":[{"href":"https:\/\/infocul.pt\/arquivo\/wp-json\/wp\/v2\/posts"}],"about":[{"href":"https:\/\/infocul.pt\/arquivo\/wp-json\/wp\/v2\/types\/post"}],"author":[{"embeddable":true,"href":"https:\/\/infocul.pt\/arquivo\/wp-json\/wp\/v2\/users\/2"}],"replies":[{"embeddable":true,"href":"https:\/\/infocul.pt\/arquivo\/wp-json\/wp\/v2\/comments?post=71330"}],"version-history":[{"count":0,"href":"https:\/\/infocul.pt\/arquivo\/wp-json\/wp\/v2\/posts\/71330\/revisions"}],"wp:featuredmedia":[{"embeddable":true,"href":"https:\/\/infocul.pt\/arquivo\/wp-json\/wp\/v2\/media\/71332"}],"wp:attachment":[{"href":"https:\/\/infocul.pt\/arquivo\/wp-json\/wp\/v2\/media?parent=71330"}],"wp:term":[{"taxonomy":"category","embeddable":true,"href":"https:\/\/infocul.pt\/arquivo\/wp-json\/wp\/v2\/categories?post=71330"},{"taxonomy":"post_tag","embeddable":true,"href":"https:\/\/infocul.pt\/arquivo\/wp-json\/wp\/v2\/tags?post=71330"}],"curies":[{"name":"wp","href":"https:\/\/api.w.org\/{rel}","templated":true}]}}