{"id":71627,"date":"2020-05-14T12:16:38","date_gmt":"2020-05-14T11:16:38","guid":{"rendered":"https:\/\/infocul.pt\/?p=71627"},"modified":"2020-05-14T12:16:38","modified_gmt":"2020-05-14T11:16:38","slug":"tauromaquia-protoiro-analisa-dificuldades-do-sector-e-as-medidas-que-chegarao-ao-governo-c-video","status":"publish","type":"post","link":"https:\/\/infocul.pt\/arquivo\/actualidade\/tauromaquia-protoiro-analisa-dificuldades-do-sector-e-as-medidas-que-chegarao-ao-governo-c-video\/","title":{"rendered":"Tauromaquia: Protoiro analisa dificuldades do sector e as medidas que chegar\u00e3o ao governo (C\/V\u00eddeo)"},"content":{"rendered":"<p><img decoding=\"async\" class=\"aligncenter wp-image-71629 size-large lazyload\" data-src=\"https:\/\/infocul.pt\/arquivo\/wp-content\/uploads\/2020\/05\/98075536_336599470653378_3438382725042536448_n-1024x576.png\" alt=\"\" width=\"800\" height=\"450\" data-srcset=\"https:\/\/infocul.pt\/arquivo\/wp-content\/uploads\/2020\/05\/98075536_336599470653378_3438382725042536448_n.png 1024w, https:\/\/infocul.pt\/arquivo\/wp-content\/uploads\/2020\/05\/98075536_336599470653378_3438382725042536448_n-300x169.png 300w, https:\/\/infocul.pt\/arquivo\/wp-content\/uploads\/2020\/05\/98075536_336599470653378_3438382725042536448_n-768x432.png 768w\" data-sizes=\"(max-width: 800px) 100vw, 800px\" src=\"data:image\/svg+xml;base64,PHN2ZyB3aWR0aD0iMSIgaGVpZ2h0PSIxIiB4bWxucz0iaHR0cDovL3d3dy53My5vcmcvMjAwMC9zdmciPjwvc3ZnPg==\" style=\"--smush-placeholder-width: 800px; --smush-placeholder-aspect-ratio: 800\/450;\" \/><\/p>\n<p><span style=\"font-family: Liberation Serif, serif;\"><span style=\"font-size: medium;\"><span style=\"color: #222222;\">A pandemia da Covid-19 chegou e colocou o mundo em suspenso, provocando uma grande crise econ\u00f3mica, paralisando v\u00e1rios sectores da economia, n\u00e3o sendo excep\u00e7\u00e3o o sector Taurom\u00e1quico.<\/span><\/span><\/span><!--more--><\/p>\n<p><span style=\"font-family: Liberation Serif, serif;\"><span style=\"font-size: medium;\"><span style=\"color: #222222;\">Muitos temas t<\/span><span style=\"color: #222222;\">em<\/span><span style=\"color: #222222;\"> discutido nas \u00faltimas semanas no seio dos agentes taurom\u00e1quicos, o Governo liderado por Ant\u00f3nio Costa tem ignorado o sector taurom\u00e1quico nas suas comunica\u00e7\u00f5es. <\/span><span style=\"color: #222222;\">A semana passada culminou com <\/span><span style=\"color: #222222;\">uma audi\u00eancia com o Presidente da Republica, <\/span><span style=\"color: #222222;\">por parte de Nuno Pardal e Paulo Pessoa de Carvalho em representa\u00e7\u00e3o a tauromaquia.<\/span><\/span><\/span><\/p>\n<p><span style=\"font-family: Liberation Serif, serif;\"><span style=\"font-size: medium;\"><span style=\"color: #222222;\">Neste sentido, o <a href=\"https:\/\/infocul.pt\/arquivo\/\" target=\"_blank\" rel=\"noopener noreferrer\">Infocul.pt<\/a>, em parceria com o <a href=\"https:\/\/toureio.pt\/\" target=\"_blank\" rel=\"noopener noreferrer\">Toureio.pt<\/a>, esteve \u00e0 conversa com o Secret\u00e1rio-Geral da Protoiro, Helder Milheiro, que respondeu sem reservas a todas as quest\u00f5es do momento.<\/span><\/span><\/span><\/p>\n<p><span style=\"font-family: Liberation Serif, serif;\"><span style=\"font-size: medium;\"><span style=\"color: #222222;\">Helder Milheiro come\u00e7ou por esclarecer que \u201c<em><strong>desde o inicio a Protoiro definiu um modus operandi muito r\u00e1pido. <\/strong><\/em><\/span><em><strong><span style=\"color: #222222;\">A<\/span><\/strong><\/em><span style=\"color: #222222;\"><em><strong> Protoiro \u00e9 o conjunto das associa\u00e7\u00f5es e stakeholders representativos do sector e por isso decidimos que a comunica\u00e7\u00e3o e gest\u00e3o interna de ausculta\u00e7\u00e3o interna de cada uma das \u00e1reas e problemas, a sua identifica\u00e7\u00e3o, mapeamento seria feito pelas associa\u00e7\u00f5es<\/strong><\/em>\u201d, deixando claro que \u201c<em><strong>a Protoiro ficaria com a gest\u00e3o da dimens\u00e3o p\u00fablica e medi\u00e1tica, e transposi\u00e7\u00e3o com institui\u00e7\u00f5es <\/strong><\/em><\/span><em><strong><span style=\"color: #222222;\">pol\u00edticas<\/span><\/strong><\/em><span style=\"color: #222222;\"><em><strong> e outras.<\/strong><\/em>\u201d<\/span><\/span><\/span><\/p>\n<p><span style=\"font-family: Liberation Serif, serif;\"><span style=\"font-size: medium;\"><span style=\"color: #222222;\">J\u00e1 sobre a audi\u00eancia com o Presidente da Republica, Helder Milheiro refere apenas que \u201c<em><strong>a Pr\u00f3toiro esteve presente, estiveram esses dois representantes que s\u00e3o dois directores da Pr\u00f3toiro<\/strong><\/em>\u201d, acrescentando que \u201c<em><strong>o que nos interessa retirar desta situa\u00e7\u00e3o foi, o podermos apresentar \u00e0 Presid\u00eancia da Rep\u00fablica, abrir mais um canal institucional que at\u00e9 agora n\u00e3o estava aberto.<\/strong><\/em>\u201d <\/span><span style=\"color: #222222;\">Disse-nos ainda de que esta recep\u00e7\u00e3o por parte de Marcelo Rebelo de Sousa , al\u00e9m do sector taurom\u00e1quico, englobou ainda a Uni\u00e3o das Miseric\u00f3rdias e Associa\u00e7\u00e3o de Munic\u00edpios Taurinos.<\/span><\/span><\/span><\/p>\n<p><span style=\"font-family: Liberation Serif, serif;\"><span style=\"font-size: medium;\"><span style=\"color: #222222;\">J\u00e1 sobre o Governo, o Secret\u00e1rio-Geral da Pr\u00f3toiro adianta que \u201c<em><strong>estamos a tentar criar outros canais de comunica\u00e7\u00e3o com o Governo e esperamos ter novidades quanto antes sobre essas tentativas<\/strong><\/em>\u201d, deixando claro que a Tauromaquia \u201c<em><strong>lida com v\u00e1rios minist\u00e9rios, tem uma tutela <\/strong><\/em><\/span><em><strong><span style=\"color: #222222;\">que \u00e9 Minist\u00e9rio da Cultura<\/span><span style=\"color: #222222;\">, mas ao contr\u00e1rio das outras pr\u00e1ticas culturais temos um ciclo econ\u00f3mico e de praticas <\/span><span style=\"color: #222222;\">que <\/span><\/strong><\/em><span style=\"color: #222222;\"><em><strong>\u00e9 muito mais alargado do que simplesmente a \u00e1rea da cultura.<\/strong><\/em>\u201d<\/span><\/span><\/span><\/p>\n<p><span style=\"font-family: Liberation Serif, serif;\"><span style=\"font-size: medium;\"><span style=\"color: #222222;\">H\u00e9lder Milheiro fal<\/span><span style=\"color: #222222;\">ou-nos<\/span><span style=\"color: #222222;\"> ainda da alegada desuni\u00e3o no interior do sector taurom\u00e1quico, tendo <\/span><span style=\"color: #222222;\">explicado<\/span><span style=\"color: #222222;\"> que o lema da Pr\u00f3toiro \u00e9 \u201c<em><strong>podemos discordar todos <\/strong><\/em><\/span><em><strong><span style=\"color: #222222;\">sobre<\/span><\/strong><\/em><span style=\"color: #222222;\"><em><strong> tudo, mas temos de estar todos unidos naquilo que nos unifica<\/strong><\/em>\u201d, afirmando que \u201c<em><strong>\u00e9 necess\u00e1rio haver um foco naquilo que \u00e9 fundamental, naquilo que \u00e9 a prioridade do sector e ainda mais em tempo de crise social e econ\u00f3mica<\/strong><\/em>\u201d.<\/span><\/span><\/span><\/p>\n<p><span style=\"font-family: Liberation Serif, serif;\"><span style=\"font-size: medium;\"><span style=\"color: #222222;\">J\u00e1 sobre a imprensa da especialidade, o Dirigente da Pr\u00f3toiro, revela que \u201c<em><strong>o que nos preocupa \u00e9 a critica n\u00e3o substanciada e sobretudo n\u00e3o confrontada com os intervenientes directos<\/strong><\/em>\u201d.<\/span><\/span><\/span><\/p>\n<p><span style=\"font-family: Liberation Serif, serif;\"><span style=\"font-size: medium;\"><span style=\"color: #222222;\">Nesta entrevista, Helder Milheiro esclarece ponto por ponto as medidas propostas ao Governo para a retoma gradual do sector taurom\u00e1quico no p\u00f3s-Covid-19.<\/span><\/span><\/span><\/p>\n<p><span style=\"font-family: Liberation Serif, serif;\"><span style=\"font-size: medium;\"><span style=\"color: #222222;\">Revela que a Pr\u00f3toiro reuniu com Jos\u00e9 Fragoso, director de programas da RTP, para aumentar n\u00famero de corridas transmitidas (uma das propostas do <a href=\"https:\/\/infocul.pt\/arquivo\/wp-content\/uploads\/2020\/05\/Propostas-do-setor-taurom\u00e1quico-face-\u00e0-pandemia-do-Covid-19.pdf\">dossier<\/a> que chegar\u00e1 ao governo, por parte da Pr\u00f3toiro)<\/span><\/span><\/span><\/p>\n<p><span style=\"font-family: Liberation Serif, serif;\"><span style=\"font-size: medium;\"><span style=\"color: #222222;\">Temas como actual situa\u00e7\u00e3o dos processos da P\u00f3voa de Varzim e Viana do Castelo, resultado financeiro do Dia da Tauromaquia, contas <\/span><span style=\"color: #222222;\">d<\/span><span style=\"color: #222222;\">a Pr\u00f3toiro, <\/span><span style=\"color: #222222;\">revelou novidades quanto a ac\u00e7\u00f5es que ser\u00e3o desenvolvidas para devolver o IVA aos 6%, para espect\u00e1culos taurom\u00e1quicos,.<\/span><\/span><\/span><\/p>\n<p><span style=\"font-family: Liberation Serif, serif;\"><span style=\"font-size: medium;\"><span style=\"color: #222222;\">Uma entrevista que poder\u00e1 ver e ouvir de seguida:<\/span><\/span><\/span><\/p>\n<p>https:\/\/www.youtube.com\/watch?v=redcGqecN68&#038;feature=youtu.be&#038;fbclid=IwAR25xTyd6hXpMmoeT-OAxuI5SMGwV22PVZ-rB8YObjkjO8l09oCOwBgdx44<\/p>\n","protected":false},"excerpt":{"rendered":"<p>A pandemia da Covid-19 chegou e colocou o mundo em suspenso, provocando uma grande crise econ\u00f3mica, paralisando v\u00e1rios sectores da economia, n\u00e3o sendo excep\u00e7\u00e3o o sector Taurom\u00e1quico.<\/p>\n","protected":false},"author":2,"featured_media":71629,"comment_status":"open","ping_status":"closed","sticky":false,"template":"","format":"standard","meta":{"footnotes":""},"categories":[10,2,36,4124,11,16,7],"tags":[5377,4076],"class_list":["post-71627","post","type-post","status-publish","format-standard","has-post-thumbnail","hentry","category-actualidade","category-cultura","category-destaque","category-entrevistas","category-pais","category-politica","category-tauromaquia","tag-helder-milheiro","tag-protoiro"],"yoast_head":"<!-- This site is optimized with the Yoast SEO plugin v27.4 - https:\/\/yoast.com\/product\/yoast-seo-wordpress\/ -->\n<title>Tauromaquia: Protoiro analisa dificuldades do sector e as medidas que chegar\u00e3o ao governo (C\/V\u00eddeo) | Infocul.pt - Arquivo Digital<\/title>\n<meta name=\"description\" content=\"Helder Milheiro em entrevista ao site Infocul, numa parceria com o Toureio.pt.\" \/>\n<meta name=\"robots\" content=\"noindex, follow, max-snippet:-1, max-image-preview:large, max-video-preview:-1\" \/>\n<meta property=\"og:locale\" content=\"pt_PT\" \/>\n<meta property=\"og:type\" content=\"article\" \/>\n<meta property=\"og:title\" content=\"Tauromaquia: Protoiro analisa dificuldades do sector e as medidas que chegar\u00e3o ao governo (C\/V\u00eddeo) | Infocul.pt - Arquivo Digital\" \/>\n<meta property=\"og:description\" content=\"Helder Milheiro em entrevista ao site Infocul, numa parceria com o Toureio.pt.\" \/>\n<meta property=\"og:url\" content=\"https:\/\/infocul.pt\/arquivo\/actualidade\/tauromaquia-protoiro-analisa-dificuldades-do-sector-e-as-medidas-que-chegarao-ao-governo-c-video\/\" \/>\n<meta property=\"og:site_name\" content=\"Infocul.pt - Arquivo Digital\" \/>\n<meta property=\"article:publisher\" content=\"https:\/\/www.facebook.com\/Infocul-147816815585015\/\" \/>\n<meta property=\"article:published_time\" content=\"2020-05-14T11:16:38+00:00\" \/>\n<meta property=\"og:image\" content=\"https:\/\/infocul.pt\/arquivo\/wp-content\/uploads\/2020\/05\/98075536_336599470653378_3438382725042536448_n.png\" \/>\n\t<meta property=\"og:image:width\" content=\"1024\" \/>\n\t<meta property=\"og:image:height\" content=\"576\" \/>\n\t<meta property=\"og:image:type\" content=\"image\/png\" \/>\n<meta name=\"author\" content=\"Rui Lavrador\" \/>\n<meta name=\"twitter:card\" content=\"summary_large_image\" \/>\n<meta name=\"twitter:creator\" content=\"@Infoculpt\" \/>\n<meta name=\"twitter:site\" content=\"@Infoculpt\" \/>\n<meta name=\"twitter:label1\" content=\"Escrito por\" \/>\n\t<meta name=\"twitter:data1\" content=\"Rui Lavrador\" \/>\n\t<meta name=\"twitter:label2\" content=\"Tempo estimado de leitura\" \/>\n\t<meta name=\"twitter:data2\" content=\"3 minutos\" \/>\n<script type=\"application\/ld+json\" class=\"yoast-schema-graph\">{\"@context\":\"https:\\\/\\\/schema.org\",\"@graph\":[{\"@type\":\"Article\",\"@id\":\"https:\\\/\\\/infocul.pt\\\/arquivo\\\/actualidade\\\/tauromaquia-protoiro-analisa-dificuldades-do-sector-e-as-medidas-que-chegarao-ao-governo-c-video\\\/#article\",\"isPartOf\":{\"@id\":\"https:\\\/\\\/infocul.pt\\\/arquivo\\\/actualidade\\\/tauromaquia-protoiro-analisa-dificuldades-do-sector-e-as-medidas-que-chegarao-ao-governo-c-video\\\/\"},\"author\":{\"name\":\"Rui Lavrador\",\"@id\":\"https:\\\/\\\/infocul.pt\\\/arquivo\\\/#\\\/schema\\\/person\\\/060a108d7f2d85fc6aae505119ee5234\"},\"headline\":\"Tauromaquia: Protoiro analisa dificuldades do sector e as medidas que chegar\u00e3o ao governo (C\\\/V\u00eddeo)\",\"datePublished\":\"2020-05-14T11:16:38+00:00\",\"mainEntityOfPage\":{\"@id\":\"https:\\\/\\\/infocul.pt\\\/arquivo\\\/actualidade\\\/tauromaquia-protoiro-analisa-dificuldades-do-sector-e-as-medidas-que-chegarao-ao-governo-c-video\\\/\"},\"wordCount\":643,\"commentCount\":0,\"publisher\":{\"@id\":\"https:\\\/\\\/infocul.pt\\\/arquivo\\\/#organization\"},\"image\":{\"@id\":\"https:\\\/\\\/infocul.pt\\\/arquivo\\\/actualidade\\\/tauromaquia-protoiro-analisa-dificuldades-do-sector-e-as-medidas-que-chegarao-ao-governo-c-video\\\/#primaryimage\"},\"thumbnailUrl\":\"https:\\\/\\\/infocul.pt\\\/arquivo\\\/wp-content\\\/uploads\\\/2020\\\/05\\\/98075536_336599470653378_3438382725042536448_n.png\",\"keywords\":[\"Helder Milheiro\",\"Pr\u00f3toiro\"],\"articleSection\":[\"Actualidade\",\"Cultura\",\"Destaque\",\"Entrevistas\",\"Pa\u00eds\",\"Politica\",\"Tauromaquia\"],\"inLanguage\":\"pt-PT\"},{\"@type\":\"WebPage\",\"@id\":\"https:\\\/\\\/infocul.pt\\\/arquivo\\\/actualidade\\\/tauromaquia-protoiro-analisa-dificuldades-do-sector-e-as-medidas-que-chegarao-ao-governo-c-video\\\/\",\"url\":\"https:\\\/\\\/infocul.pt\\\/arquivo\\\/actualidade\\\/tauromaquia-protoiro-analisa-dificuldades-do-sector-e-as-medidas-que-chegarao-ao-governo-c-video\\\/\",\"name\":\"Tauromaquia: Protoiro analisa dificuldades do sector e as medidas que chegar\u00e3o ao governo (C\\\/V\u00eddeo) | Infocul.pt - Arquivo Digital\",\"isPartOf\":{\"@id\":\"https:\\\/\\\/infocul.pt\\\/arquivo\\\/#website\"},\"primaryImageOfPage\":{\"@id\":\"https:\\\/\\\/infocul.pt\\\/arquivo\\\/actualidade\\\/tauromaquia-protoiro-analisa-dificuldades-do-sector-e-as-medidas-que-chegarao-ao-governo-c-video\\\/#primaryimage\"},\"image\":{\"@id\":\"https:\\\/\\\/infocul.pt\\\/arquivo\\\/actualidade\\\/tauromaquia-protoiro-analisa-dificuldades-do-sector-e-as-medidas-que-chegarao-ao-governo-c-video\\\/#primaryimage\"},\"thumbnailUrl\":\"https:\\\/\\\/infocul.pt\\\/arquivo\\\/wp-content\\\/uploads\\\/2020\\\/05\\\/98075536_336599470653378_3438382725042536448_n.png\",\"datePublished\":\"2020-05-14T11:16:38+00:00\",\"description\":\"Helder Milheiro em entrevista ao site Infocul, numa parceria com o Toureio.pt.\",\"breadcrumb\":{\"@id\":\"https:\\\/\\\/infocul.pt\\\/arquivo\\\/actualidade\\\/tauromaquia-protoiro-analisa-dificuldades-do-sector-e-as-medidas-que-chegarao-ao-governo-c-video\\\/#breadcrumb\"},\"inLanguage\":\"pt-PT\",\"potentialAction\":[{\"@type\":\"ReadAction\",\"target\":[\"https:\\\/\\\/infocul.pt\\\/arquivo\\\/actualidade\\\/tauromaquia-protoiro-analisa-dificuldades-do-sector-e-as-medidas-que-chegarao-ao-governo-c-video\\\/\"]}]},{\"@type\":\"ImageObject\",\"inLanguage\":\"pt-PT\",\"@id\":\"https:\\\/\\\/infocul.pt\\\/arquivo\\\/actualidade\\\/tauromaquia-protoiro-analisa-dificuldades-do-sector-e-as-medidas-que-chegarao-ao-governo-c-video\\\/#primaryimage\",\"url\":\"https:\\\/\\\/infocul.pt\\\/arquivo\\\/wp-content\\\/uploads\\\/2020\\\/05\\\/98075536_336599470653378_3438382725042536448_n.png\",\"contentUrl\":\"https:\\\/\\\/infocul.pt\\\/arquivo\\\/wp-content\\\/uploads\\\/2020\\\/05\\\/98075536_336599470653378_3438382725042536448_n.png\",\"width\":1024,\"height\":576},{\"@type\":\"BreadcrumbList\",\"@id\":\"https:\\\/\\\/infocul.pt\\\/arquivo\\\/actualidade\\\/tauromaquia-protoiro-analisa-dificuldades-do-sector-e-as-medidas-que-chegarao-ao-governo-c-video\\\/#breadcrumb\",\"itemListElement\":[{\"@type\":\"ListItem\",\"position\":1,\"name\":\"Home\",\"item\":\"https:\\\/\\\/infocul.pt\\\/arquivo\\\/\"},{\"@type\":\"ListItem\",\"position\":2,\"name\":\"Tauromaquia: Protoiro analisa dificuldades do sector e as medidas que chegar\u00e3o ao governo (C\\\/V\u00eddeo)\"}]},{\"@type\":\"WebSite\",\"@id\":\"https:\\\/\\\/infocul.pt\\\/arquivo\\\/#website\",\"url\":\"https:\\\/\\\/infocul.pt\\\/arquivo\\\/\",\"name\":\"Infocul.pt - Arquivo Digital\",\"description\":\"Arquivo digital da Infocul.pt\",\"publisher\":{\"@id\":\"https:\\\/\\\/infocul.pt\\\/arquivo\\\/#organization\"},\"potentialAction\":[{\"@type\":\"SearchAction\",\"target\":{\"@type\":\"EntryPoint\",\"urlTemplate\":\"https:\\\/\\\/infocul.pt\\\/arquivo\\\/?s={search_term_string}\"},\"query-input\":{\"@type\":\"PropertyValueSpecification\",\"valueRequired\":true,\"valueName\":\"search_term_string\"}}],\"inLanguage\":\"pt-PT\"},{\"@type\":\"Organization\",\"@id\":\"https:\\\/\\\/infocul.pt\\\/arquivo\\\/#organization\",\"name\":\"Infocul.pt\",\"url\":\"https:\\\/\\\/infocul.pt\\\/arquivo\\\/\",\"logo\":{\"@type\":\"ImageObject\",\"inLanguage\":\"pt-PT\",\"@id\":\"https:\\\/\\\/infocul.pt\\\/arquivo\\\/#\\\/schema\\\/logo\\\/image\\\/\",\"url\":\"https:\\\/\\\/infocul.pt\\\/arquivo\\\/wp-content\\\/uploads\\\/2018\\\/12\\\/Infocul_logo-1.png\",\"contentUrl\":\"https:\\\/\\\/infocul.pt\\\/arquivo\\\/wp-content\\\/uploads\\\/2018\\\/12\\\/Infocul_logo-1.png\",\"width\":800,\"height\":800,\"caption\":\"Infocul.pt\"},\"image\":{\"@id\":\"https:\\\/\\\/infocul.pt\\\/arquivo\\\/#\\\/schema\\\/logo\\\/image\\\/\"},\"sameAs\":[\"https:\\\/\\\/www.facebook.com\\\/Infocul-147816815585015\\\/\",\"https:\\\/\\\/x.com\\\/Infoculpt\",\"http:\\\/\\\/www.pictaram.com\\\/user\\\/infocul.pt\\\/2370423710\",\"https:\\\/\\\/www.youtube.com\\\/channel\\\/UCYEB91AGI9FL9ek2i_IaQAA\"]},{\"@type\":\"Person\",\"@id\":\"https:\\\/\\\/infocul.pt\\\/arquivo\\\/#\\\/schema\\\/person\\\/060a108d7f2d85fc6aae505119ee5234\",\"name\":\"Rui Lavrador\",\"image\":{\"@type\":\"ImageObject\",\"inLanguage\":\"pt-PT\",\"@id\":\"https:\\\/\\\/secure.gravatar.com\\\/avatar\\\/93febd6873394aa8e975148548a0cb203acfdd42d2c85c5f1408e1a76678aece?s=96&d=mm&r=g\",\"url\":\"https:\\\/\\\/secure.gravatar.com\\\/avatar\\\/93febd6873394aa8e975148548a0cb203acfdd42d2c85c5f1408e1a76678aece?s=96&d=mm&r=g\",\"contentUrl\":\"https:\\\/\\\/secure.gravatar.com\\\/avatar\\\/93febd6873394aa8e975148548a0cb203acfdd42d2c85c5f1408e1a76678aece?s=96&d=mm&r=g\",\"caption\":\"Rui Lavrador\"},\"description\":\"Iniciou em 2011 o seu percurso em comunica\u00e7\u00e3o social, tendo integrado v\u00e1rios projectos editoriais. Durante o seu percurso integrou projectos como Jornal Hardm\u00fasica, LusoNot\u00edcias, Toureio.pt, ODigital.pt, entre outros \u00d3rg\u00e3os de Comunica\u00e7\u00e3o Social nacionais, na redac\u00e7\u00e3o de v\u00e1rios artigos. Entrevistou a grande maioria das personalidades mais importantes da vida social e cultural do pa\u00eds, destacando-se, tamb\u00e9m, na aprecia\u00e7\u00e3o de v\u00e1rios espect\u00e1culos. Durante o seu percurso, deu a conhecer v\u00e1rios artistas, at\u00e9 ent\u00e3o desconhecidos, ao grande p\u00fablico. Em 2015 criou e fundou o Infocul.pt, projecto no qual assume a direc\u00e7\u00e3o editorial.\",\"sameAs\":[\"http:\\\/\\\/www.infocul.pt\"]}]}<\/script>\n<!-- \/ Yoast SEO plugin. -->","yoast_head_json":{"title":"Tauromaquia: Protoiro analisa dificuldades do sector e as medidas que chegar\u00e3o ao governo (C\/V\u00eddeo) | Infocul.pt - Arquivo Digital","description":"Helder Milheiro em entrevista ao site Infocul, numa parceria com o Toureio.pt.","robots":{"index":"noindex","follow":"follow","max-snippet":"max-snippet:-1","max-image-preview":"max-image-preview:large","max-video-preview":"max-video-preview:-1"},"og_locale":"pt_PT","og_type":"article","og_title":"Tauromaquia: Protoiro analisa dificuldades do sector e as medidas que chegar\u00e3o ao governo (C\/V\u00eddeo) | Infocul.pt - Arquivo Digital","og_description":"Helder Milheiro em entrevista ao site Infocul, numa parceria com o Toureio.pt.","og_url":"https:\/\/infocul.pt\/arquivo\/actualidade\/tauromaquia-protoiro-analisa-dificuldades-do-sector-e-as-medidas-que-chegarao-ao-governo-c-video\/","og_site_name":"Infocul.pt - Arquivo Digital","article_publisher":"https:\/\/www.facebook.com\/Infocul-147816815585015\/","article_published_time":"2020-05-14T11:16:38+00:00","og_image":[{"width":1024,"height":576,"url":"https:\/\/infocul.pt\/arquivo\/wp-content\/uploads\/2020\/05\/98075536_336599470653378_3438382725042536448_n.png","type":"image\/png"}],"author":"Rui Lavrador","twitter_card":"summary_large_image","twitter_creator":"@Infoculpt","twitter_site":"@Infoculpt","twitter_misc":{"Escrito por":"Rui Lavrador","Tempo estimado de leitura":"3 minutos"},"schema":{"@context":"https:\/\/schema.org","@graph":[{"@type":"Article","@id":"https:\/\/infocul.pt\/arquivo\/actualidade\/tauromaquia-protoiro-analisa-dificuldades-do-sector-e-as-medidas-que-chegarao-ao-governo-c-video\/#article","isPartOf":{"@id":"https:\/\/infocul.pt\/arquivo\/actualidade\/tauromaquia-protoiro-analisa-dificuldades-do-sector-e-as-medidas-que-chegarao-ao-governo-c-video\/"},"author":{"name":"Rui Lavrador","@id":"https:\/\/infocul.pt\/arquivo\/#\/schema\/person\/060a108d7f2d85fc6aae505119ee5234"},"headline":"Tauromaquia: Protoiro analisa dificuldades do sector e as medidas que chegar\u00e3o ao governo (C\/V\u00eddeo)","datePublished":"2020-05-14T11:16:38+00:00","mainEntityOfPage":{"@id":"https:\/\/infocul.pt\/arquivo\/actualidade\/tauromaquia-protoiro-analisa-dificuldades-do-sector-e-as-medidas-que-chegarao-ao-governo-c-video\/"},"wordCount":643,"commentCount":0,"publisher":{"@id":"https:\/\/infocul.pt\/arquivo\/#organization"},"image":{"@id":"https:\/\/infocul.pt\/arquivo\/actualidade\/tauromaquia-protoiro-analisa-dificuldades-do-sector-e-as-medidas-que-chegarao-ao-governo-c-video\/#primaryimage"},"thumbnailUrl":"https:\/\/infocul.pt\/arquivo\/wp-content\/uploads\/2020\/05\/98075536_336599470653378_3438382725042536448_n.png","keywords":["Helder Milheiro","Pr\u00f3toiro"],"articleSection":["Actualidade","Cultura","Destaque","Entrevistas","Pa\u00eds","Politica","Tauromaquia"],"inLanguage":"pt-PT"},{"@type":"WebPage","@id":"https:\/\/infocul.pt\/arquivo\/actualidade\/tauromaquia-protoiro-analisa-dificuldades-do-sector-e-as-medidas-que-chegarao-ao-governo-c-video\/","url":"https:\/\/infocul.pt\/arquivo\/actualidade\/tauromaquia-protoiro-analisa-dificuldades-do-sector-e-as-medidas-que-chegarao-ao-governo-c-video\/","name":"Tauromaquia: Protoiro analisa dificuldades do sector e as medidas que chegar\u00e3o ao governo (C\/V\u00eddeo) | Infocul.pt - Arquivo Digital","isPartOf":{"@id":"https:\/\/infocul.pt\/arquivo\/#website"},"primaryImageOfPage":{"@id":"https:\/\/infocul.pt\/arquivo\/actualidade\/tauromaquia-protoiro-analisa-dificuldades-do-sector-e-as-medidas-que-chegarao-ao-governo-c-video\/#primaryimage"},"image":{"@id":"https:\/\/infocul.pt\/arquivo\/actualidade\/tauromaquia-protoiro-analisa-dificuldades-do-sector-e-as-medidas-que-chegarao-ao-governo-c-video\/#primaryimage"},"thumbnailUrl":"https:\/\/infocul.pt\/arquivo\/wp-content\/uploads\/2020\/05\/98075536_336599470653378_3438382725042536448_n.png","datePublished":"2020-05-14T11:16:38+00:00","description":"Helder Milheiro em entrevista ao site Infocul, numa parceria com o Toureio.pt.","breadcrumb":{"@id":"https:\/\/infocul.pt\/arquivo\/actualidade\/tauromaquia-protoiro-analisa-dificuldades-do-sector-e-as-medidas-que-chegarao-ao-governo-c-video\/#breadcrumb"},"inLanguage":"pt-PT","potentialAction":[{"@type":"ReadAction","target":["https:\/\/infocul.pt\/arquivo\/actualidade\/tauromaquia-protoiro-analisa-dificuldades-do-sector-e-as-medidas-que-chegarao-ao-governo-c-video\/"]}]},{"@type":"ImageObject","inLanguage":"pt-PT","@id":"https:\/\/infocul.pt\/arquivo\/actualidade\/tauromaquia-protoiro-analisa-dificuldades-do-sector-e-as-medidas-que-chegarao-ao-governo-c-video\/#primaryimage","url":"https:\/\/infocul.pt\/arquivo\/wp-content\/uploads\/2020\/05\/98075536_336599470653378_3438382725042536448_n.png","contentUrl":"https:\/\/infocul.pt\/arquivo\/wp-content\/uploads\/2020\/05\/98075536_336599470653378_3438382725042536448_n.png","width":1024,"height":576},{"@type":"BreadcrumbList","@id":"https:\/\/infocul.pt\/arquivo\/actualidade\/tauromaquia-protoiro-analisa-dificuldades-do-sector-e-as-medidas-que-chegarao-ao-governo-c-video\/#breadcrumb","itemListElement":[{"@type":"ListItem","position":1,"name":"Home","item":"https:\/\/infocul.pt\/arquivo\/"},{"@type":"ListItem","position":2,"name":"Tauromaquia: Protoiro analisa dificuldades do sector e as medidas que chegar\u00e3o ao governo (C\/V\u00eddeo)"}]},{"@type":"WebSite","@id":"https:\/\/infocul.pt\/arquivo\/#website","url":"https:\/\/infocul.pt\/arquivo\/","name":"Infocul.pt - Arquivo Digital","description":"Arquivo digital da Infocul.pt","publisher":{"@id":"https:\/\/infocul.pt\/arquivo\/#organization"},"potentialAction":[{"@type":"SearchAction","target":{"@type":"EntryPoint","urlTemplate":"https:\/\/infocul.pt\/arquivo\/?s={search_term_string}"},"query-input":{"@type":"PropertyValueSpecification","valueRequired":true,"valueName":"search_term_string"}}],"inLanguage":"pt-PT"},{"@type":"Organization","@id":"https:\/\/infocul.pt\/arquivo\/#organization","name":"Infocul.pt","url":"https:\/\/infocul.pt\/arquivo\/","logo":{"@type":"ImageObject","inLanguage":"pt-PT","@id":"https:\/\/infocul.pt\/arquivo\/#\/schema\/logo\/image\/","url":"https:\/\/infocul.pt\/arquivo\/wp-content\/uploads\/2018\/12\/Infocul_logo-1.png","contentUrl":"https:\/\/infocul.pt\/arquivo\/wp-content\/uploads\/2018\/12\/Infocul_logo-1.png","width":800,"height":800,"caption":"Infocul.pt"},"image":{"@id":"https:\/\/infocul.pt\/arquivo\/#\/schema\/logo\/image\/"},"sameAs":["https:\/\/www.facebook.com\/Infocul-147816815585015\/","https:\/\/x.com\/Infoculpt","http:\/\/www.pictaram.com\/user\/infocul.pt\/2370423710","https:\/\/www.youtube.com\/channel\/UCYEB91AGI9FL9ek2i_IaQAA"]},{"@type":"Person","@id":"https:\/\/infocul.pt\/arquivo\/#\/schema\/person\/060a108d7f2d85fc6aae505119ee5234","name":"Rui Lavrador","image":{"@type":"ImageObject","inLanguage":"pt-PT","@id":"https:\/\/secure.gravatar.com\/avatar\/93febd6873394aa8e975148548a0cb203acfdd42d2c85c5f1408e1a76678aece?s=96&d=mm&r=g","url":"https:\/\/secure.gravatar.com\/avatar\/93febd6873394aa8e975148548a0cb203acfdd42d2c85c5f1408e1a76678aece?s=96&d=mm&r=g","contentUrl":"https:\/\/secure.gravatar.com\/avatar\/93febd6873394aa8e975148548a0cb203acfdd42d2c85c5f1408e1a76678aece?s=96&d=mm&r=g","caption":"Rui Lavrador"},"description":"Iniciou em 2011 o seu percurso em comunica\u00e7\u00e3o social, tendo integrado v\u00e1rios projectos editoriais. Durante o seu percurso integrou projectos como Jornal Hardm\u00fasica, LusoNot\u00edcias, Toureio.pt, ODigital.pt, entre outros \u00d3rg\u00e3os de Comunica\u00e7\u00e3o Social nacionais, na redac\u00e7\u00e3o de v\u00e1rios artigos. Entrevistou a grande maioria das personalidades mais importantes da vida social e cultural do pa\u00eds, destacando-se, tamb\u00e9m, na aprecia\u00e7\u00e3o de v\u00e1rios espect\u00e1culos. Durante o seu percurso, deu a conhecer v\u00e1rios artistas, at\u00e9 ent\u00e3o desconhecidos, ao grande p\u00fablico. Em 2015 criou e fundou o Infocul.pt, projecto no qual assume a direc\u00e7\u00e3o editorial.","sameAs":["http:\/\/www.infocul.pt"]}]}},"_links":{"self":[{"href":"https:\/\/infocul.pt\/arquivo\/wp-json\/wp\/v2\/posts\/71627","targetHints":{"allow":["GET"]}}],"collection":[{"href":"https:\/\/infocul.pt\/arquivo\/wp-json\/wp\/v2\/posts"}],"about":[{"href":"https:\/\/infocul.pt\/arquivo\/wp-json\/wp\/v2\/types\/post"}],"author":[{"embeddable":true,"href":"https:\/\/infocul.pt\/arquivo\/wp-json\/wp\/v2\/users\/2"}],"replies":[{"embeddable":true,"href":"https:\/\/infocul.pt\/arquivo\/wp-json\/wp\/v2\/comments?post=71627"}],"version-history":[{"count":0,"href":"https:\/\/infocul.pt\/arquivo\/wp-json\/wp\/v2\/posts\/71627\/revisions"}],"wp:featuredmedia":[{"embeddable":true,"href":"https:\/\/infocul.pt\/arquivo\/wp-json\/wp\/v2\/media\/71629"}],"wp:attachment":[{"href":"https:\/\/infocul.pt\/arquivo\/wp-json\/wp\/v2\/media?parent=71627"}],"wp:term":[{"taxonomy":"category","embeddable":true,"href":"https:\/\/infocul.pt\/arquivo\/wp-json\/wp\/v2\/categories?post=71627"},{"taxonomy":"post_tag","embeddable":true,"href":"https:\/\/infocul.pt\/arquivo\/wp-json\/wp\/v2\/tags?post=71627"}],"curies":[{"name":"wp","href":"https:\/\/api.w.org\/{rel}","templated":true}]}}