{"id":71656,"date":"2020-05-14T22:17:17","date_gmt":"2020-05-14T21:17:17","guid":{"rendered":"https:\/\/infocul.pt\/?p=71656"},"modified":"2020-05-14T22:17:17","modified_gmt":"2020-05-14T21:17:17","slug":"lisbon-marriott-hotel-tem-selo-safe-clean-conheca-as-medidas-em-pratica-na-marriott-international","status":"publish","type":"post","link":"https:\/\/infocul.pt\/arquivo\/actualidade\/lisbon-marriott-hotel-tem-selo-safe-clean-conheca-as-medidas-em-pratica-na-marriott-international\/","title":{"rendered":"Lisbon Marriott Hotel tem selo &#8220;Safe &#038; Clean&#8221;. Conhe\u00e7a as medidas em pratica na Marriott International"},"content":{"rendered":"<p><img decoding=\"async\" class=\"aligncenter wp-image-71657 size-large lazyload\" data-src=\"https:\/\/infocul.pt\/arquivo\/wp-content\/uploads\/2020\/05\/FOTO-LISBON-MARRIOTT-HOTEL-1024x724.jpg\" alt=\"\" width=\"800\" height=\"566\" data-srcset=\"https:\/\/infocul.pt\/arquivo\/wp-content\/uploads\/2020\/05\/FOTO-LISBON-MARRIOTT-HOTEL-scaled.jpg 1024w, https:\/\/infocul.pt\/arquivo\/wp-content\/uploads\/2020\/05\/FOTO-LISBON-MARRIOTT-HOTEL-300x212.jpg 300w, https:\/\/infocul.pt\/arquivo\/wp-content\/uploads\/2020\/05\/FOTO-LISBON-MARRIOTT-HOTEL-768x543.jpg 768w, https:\/\/infocul.pt\/arquivo\/wp-content\/uploads\/2020\/05\/FOTO-LISBON-MARRIOTT-HOTEL-1536x1086.jpg 1536w, https:\/\/infocul.pt\/arquivo\/wp-content\/uploads\/2020\/05\/FOTO-LISBON-MARRIOTT-HOTEL-2048x1448.jpg 2048w\" data-sizes=\"(max-width: 800px) 100vw, 800px\" src=\"data:image\/svg+xml;base64,PHN2ZyB3aWR0aD0iMSIgaGVpZ2h0PSIxIiB4bWxucz0iaHR0cDovL3d3dy53My5vcmcvMjAwMC9zdmciPjwvc3ZnPg==\" style=\"--smush-placeholder-width: 800px; --smush-placeholder-aspect-ratio: 800\/566;\" \/><\/p>\n<p><span style=\"font-family: Liberation Serif, serif;\"><span style=\"font-size: medium;\"><span style=\"color: #222222;\">A Marriott International, que h\u00e1 92 anos <\/span><span style=\"color: #222222;\">assume o<\/span><span style=\"color: #222222;\"> compromisso com a qualidade, forma\u00e7\u00e3o rigorosa e padr\u00f5es exigentes de limpeza dos hot\u00e9is, sempre destacou a sa\u00fade e a seguran\u00e7a dos seus associados e clientes.<\/span><\/span><\/span><!--more--><\/p>\n<p><span style=\"font-family: Liberation Serif, serif;\"><span style=\"font-size: medium;\"><span style=\"color: #222222;\">O fundador , JW Marriott, costumava inspecionar pessoalmente as cozinhas e os quartos para limpeza durante as suas visitas ao hotel. Um elevado padr\u00e3o de limpeza est\u00e1 no ADN da cadeia Marriott.<\/span><\/span><\/span><\/p>\n<p><span style=\"font-family: Liberation Serif, serif;\"><span style=\"font-size: medium;\"><span style=\"color: #222222;\">A pandemia do COVID-19 levou \u00e0 cria\u00e7\u00e3o de uma plataforma multifacetada com a designa\u00e7\u00e3o Marriott Global Cleanliness Council, projectada para atender aos desafios de sa\u00fade e seguran\u00e7a .<\/span><\/span><\/span><\/p>\n<p><span style=\"color: #222222;\"> <span style=\"font-family: Liberation Serif, serif;\"><span style=\"font-size: medium;\">O conselho de limpeza global da Marriott est\u00e1 focado no desenvolvimento do pr\u00f3ximo n\u00edvel de padr\u00f5es, normas e comportamentos globais de limpeza de hospitalidade, projectados para minimizar os riscos e aumentar a seguran\u00e7a dos seus associados e clientes em mais de 7300 propriedades em todo o mundo.<\/span><\/span><\/span><\/p>\n<p><span style=\"font-family: Liberation Serif, serif;\"><span style=\"font-size: medium;\"><span style=\"color: #222222;\">O Conselho Global de Limpeza da Marriott \u00e9 presidido por Ray Bennet, Diretor Global de Opera\u00e7\u00f5es Globais da Marriott International, com a contribui\u00e7\u00e3o de especialistas internos e externos, incluindo l\u00edderes seniores de todas as disciplinas da cadeia como a limpeza, engenharia, seguran\u00e7a alimentar, ocupacional e bem-estar. Inclui membros consultivos, Dr\u00aa Ruth L Petran, Cientista Corporativa S\u00e9nior da Seguran\u00e7a Alimentar e Sa\u00fade P\u00fablica da Ecolab, l\u00edder global de solu\u00e7\u00f5es e servi\u00e7os de preven\u00e7\u00e3o da \u00e1gua, higiene e infec\u00e7\u00e3o; Dr. Michael A.Sauri, especialista de doen\u00e7as infecciosas da Adventist Health Care : Dr. Richard Ghiselli, chefe da Escola de Hotelaria e Turismo de Pardua University; e o Dr. Randy Worobo, Professor de Microbiologia de Alimentos no Departamento da Ci\u00eancia de Alimentos da Universidade de Cornell.<\/span><\/span><\/span><\/p>\n<p><span style=\"font-family: Liberation Serif, serif;\"><span style=\"font-size: medium;\"><span style=\"color: #222222;\">&#8211; A Marriott introduziu novas tecnologias de limpeza , incluindo pulverizadores electrost\u00e1ticos com desinfectantes recomendados pela OMS e Centros de Controle e Preven\u00e7\u00e3o de Doen\u00e7as para higienizar superf\u00edcies em todos os hot\u00e9is. Os pulverizadores limpam e desinfectam r\u00e1pidamente e podem ser usados para limpar e desinfectar os quartos, salas de reuni\u00f5es, garagem e outras \u00e1reas p\u00fablicas. Al\u00e9m disso, a empresa est\u00e1 testando a tecnologia de luz ultravioleta na desinfec\u00e7\u00e3o das chaves dos h\u00f3spedes e dispositivos compartilhados pelos associados.<\/span><\/span><\/span><\/p>\n<p><span style=\"font-family: Liberation Serif, serif;\"><span style=\"font-size: medium;\"><span style=\"color: #222222;\">&#8211; Padr\u00e3o de limpeza mais rigoroso em \u00e1reas especif\u00edcas: COVID-19 aumentou a conscientiza\u00e7\u00e3o sobre a import\u00e2ncia da limpeza de superf\u00edcies.Nos quartos e espa\u00e7os p\u00fablicos, as superf\u00edcies s\u00e3o cuidadosamente tratadas com desinfectantes de n\u00edvel hospitalar e que essa limpeza seja com maior frequ\u00eancia. Tamb\u00e9m ser\u00e1 colocado len\u00e7os desinfectantes em cada quarto para uso pessoal dos h\u00f3spedes.<\/span><\/span><\/span><\/p>\n<p><span style=\"font-family: Liberation Serif, serif;\"><span style=\"font-size: medium;\"><span style=\"color: #222222;\">-Contacto do cliente: O CDC e a OMS alertam sobre o contacto f\u00edsico como principal forma de dissemina\u00e7\u00e3o do COVID-19. Para ajudar a reduzir o risco de transmiss\u00e3o , a empresa usar\u00e1 sinaliza\u00e7\u00e3o nos seus lobbies para lembrar os h\u00f3spedes a manter as regras de distanciamento social e remover ou reorganizar os m\u00f3veis para permitir mais espa\u00e7o para distanciamento.<\/span><\/span><\/span><\/p>\n<p><span style=\"font-family: Liberation Serif, serif;\"><span style=\"font-size: medium;\"><span style=\"color: #222222;\">A Marriott tamb\u00e9m est\u00e1 a avaliar a adi\u00e7\u00e3o de protec\u00e7\u00f5es em acr\u00edlico nas mesas para fornecer uma maior protec\u00e7\u00e3o aos h\u00f3spedes e associados e o uso das m\u00e1scaras, viseiras e luvas e aos associados. Os hot\u00e9is est\u00e3o instalando mais esta\u00e7\u00f5es e manuais de higieniza\u00e7\u00e3o nas entradas, perto da recep\u00e7\u00e3o, elevadores, salas de reuni\u00f5es, restaurantes e espa\u00e7os de fitness. Al\u00e9m disso, em mais de 3200 hot\u00e9is da Marriott, os h\u00f3spedes podem optar por usar seus telefones para fazer check-in, aceder aos quartos, fazer pedidos especiais e solicitar servi\u00e7o de quartos que ser\u00e1 especialmente empacotado e entregue directamente na porta, sem contacto.<\/span><\/span><\/span><\/p>\n<p><span style=\"font-family: Liberation Serif, serif;\"><span style=\"font-size: medium;\"><span style=\"color: #222222;\">&#8211; Seguran\u00e7a alimentar: O programa de seguran\u00e7a alimentar da Marriott inclui directrizes aprimoradas de saneamento e v\u00eddeos de forma\u00e7\u00e3o para todos os associados operacionais que incluem pr\u00e1ticas de higiene e de desinfec\u00e7\u00e3o. Na Marriott todas as chefias e supervisores de cada departamento de F&amp;B s\u00e3o treinados em pr\u00e1ticas seguras de prepara\u00e7\u00e3o e servi\u00e7o de alimentos. As opera\u00e7\u00f5es de alimentos e bebidas da Marriott s\u00e3o obrigadas a realizar a auto-inspec\u00e7\u00e3o usando os padr\u00f5es de seguran\u00e7a alimentar da empresa como directrizes e na conformidade sendo validada por auditorias independentes.<\/span><\/span><\/span><\/p>\n<p><span style=\"font-family: Liberation Serif, serif;\"><span style=\"font-size: medium;\"><span style=\"color: #222222;\">&#8220;<em><strong>A seguran\u00e7a dos nossos associados e clientes sempre foi uma prioridade para a Marriott e hoje essa discuss\u00e3o est\u00e1 no contexto do COVID-19. Queremos que os nossos h\u00f3spedes saibam que estamos fazendo tudo o que \u00e9 poss\u00edvel para receb\u00ea-los de volta num ambiente de hotel seguro e limpo quando chegar a hora de viajar novamente.<\/strong><\/em>&#8221; &#8211; acrescenta Elmar Derkitsch, Director Geral do Lisbon Marriott Hotel.<\/span><\/span><\/span><\/p>\n","protected":false},"excerpt":{"rendered":"<p>A Marriott International, que h\u00e1 92 anos assume o compromisso com a qualidade, forma\u00e7\u00e3o rigorosa e padr\u00f5es exigentes de limpeza dos hot\u00e9is, sempre destacou a sa\u00fade e a seguran\u00e7a dos seus associados e clientes.<\/p>\n","protected":false},"author":13,"featured_media":71657,"comment_status":"open","ping_status":"closed","sticky":false,"template":"","format":"standard","meta":{"footnotes":""},"categories":[10,13],"tags":[680],"class_list":["post-71656","post","type-post","status-publish","format-standard","has-post-thumbnail","hentry","category-actualidade","category-turismo","tag-lisbon-marriott-hotel"],"yoast_head":"<!-- This site is optimized with the Yoast SEO plugin v27.4 - https:\/\/yoast.com\/product\/yoast-seo-wordpress\/ -->\n<title>Lisbon Marriott Hotel tem selo &quot;Safe &amp; Clean&quot;. Conhe\u00e7a as medidas em pratica na Marriott International | Infocul.pt - Arquivo Digital<\/title>\n<meta name=\"description\" content=\"Lisbon Marriott Hotel tem selo &quot;Safe &amp; Clean&quot;. Conhe\u00e7a as medidas em pratica na Marriott International | Infocul.pt - Arquivo Digital\" \/>\n<meta name=\"robots\" content=\"noindex, follow, max-snippet:-1, max-image-preview:large, max-video-preview:-1\" \/>\n<meta property=\"og:locale\" content=\"pt_PT\" \/>\n<meta property=\"og:type\" content=\"article\" \/>\n<meta property=\"og:title\" content=\"Lisbon Marriott Hotel tem selo &quot;Safe &amp; Clean&quot;. Conhe\u00e7a as medidas em pratica na Marriott International | Infocul.pt - Arquivo Digital\" \/>\n<meta property=\"og:description\" content=\"Lisbon Marriott Hotel tem selo &quot;Safe &amp; Clean&quot;. Conhe\u00e7a as medidas em pratica na Marriott International | Infocul.pt - Arquivo Digital\" \/>\n<meta property=\"og:url\" content=\"https:\/\/infocul.pt\/arquivo\/actualidade\/lisbon-marriott-hotel-tem-selo-safe-clean-conheca-as-medidas-em-pratica-na-marriott-international\/\" \/>\n<meta property=\"og:site_name\" content=\"Infocul.pt - Arquivo Digital\" \/>\n<meta property=\"article:publisher\" content=\"https:\/\/www.facebook.com\/Infocul-147816815585015\/\" \/>\n<meta property=\"article:published_time\" content=\"2020-05-14T21:17:17+00:00\" \/>\n<meta property=\"og:image\" content=\"https:\/\/infocul.pt\/arquivo\/wp-content\/uploads\/2020\/05\/FOTO-LISBON-MARRIOTT-HOTEL-scaled.jpg\" \/>\n\t<meta property=\"og:image:width\" content=\"1024\" \/>\n\t<meta property=\"og:image:height\" content=\"724\" \/>\n\t<meta property=\"og:image:type\" content=\"image\/jpeg\" \/>\n<meta name=\"author\" content=\"Redac\u00e7\u00e3o\" \/>\n<meta name=\"twitter:card\" content=\"summary_large_image\" \/>\n<meta name=\"twitter:creator\" content=\"@Infoculpt\" \/>\n<meta name=\"twitter:site\" content=\"@Infoculpt\" \/>\n<meta name=\"twitter:label1\" content=\"Escrito por\" \/>\n\t<meta name=\"twitter:data1\" content=\"Redac\u00e7\u00e3o\" \/>\n\t<meta name=\"twitter:label2\" content=\"Tempo estimado de leitura\" \/>\n\t<meta name=\"twitter:data2\" content=\"4 minutos\" \/>\n<script type=\"application\/ld+json\" class=\"yoast-schema-graph\">{\"@context\":\"https:\\\/\\\/schema.org\",\"@graph\":[{\"@type\":\"Article\",\"@id\":\"https:\\\/\\\/infocul.pt\\\/arquivo\\\/actualidade\\\/lisbon-marriott-hotel-tem-selo-safe-clean-conheca-as-medidas-em-pratica-na-marriott-international\\\/#article\",\"isPartOf\":{\"@id\":\"https:\\\/\\\/infocul.pt\\\/arquivo\\\/actualidade\\\/lisbon-marriott-hotel-tem-selo-safe-clean-conheca-as-medidas-em-pratica-na-marriott-international\\\/\"},\"author\":{\"name\":\"Redac\u00e7\u00e3o\",\"@id\":\"https:\\\/\\\/infocul.pt\\\/arquivo\\\/#\\\/schema\\\/person\\\/f243f45ae8d67639120a7586884f3abc\"},\"headline\":\"Lisbon Marriott Hotel tem selo &#8220;Safe &#038; Clean&#8221;. Conhe\u00e7a as medidas em pratica na Marriott International\",\"datePublished\":\"2020-05-14T21:17:17+00:00\",\"mainEntityOfPage\":{\"@id\":\"https:\\\/\\\/infocul.pt\\\/arquivo\\\/actualidade\\\/lisbon-marriott-hotel-tem-selo-safe-clean-conheca-as-medidas-em-pratica-na-marriott-international\\\/\"},\"wordCount\":815,\"commentCount\":0,\"publisher\":{\"@id\":\"https:\\\/\\\/infocul.pt\\\/arquivo\\\/#organization\"},\"image\":{\"@id\":\"https:\\\/\\\/infocul.pt\\\/arquivo\\\/actualidade\\\/lisbon-marriott-hotel-tem-selo-safe-clean-conheca-as-medidas-em-pratica-na-marriott-international\\\/#primaryimage\"},\"thumbnailUrl\":\"https:\\\/\\\/infocul.pt\\\/arquivo\\\/wp-content\\\/uploads\\\/2020\\\/05\\\/FOTO-LISBON-MARRIOTT-HOTEL-scaled.jpg\",\"keywords\":[\"Lisbon Marriott Hotel\"],\"articleSection\":[\"Actualidade\",\"Turismo\"],\"inLanguage\":\"pt-PT\"},{\"@type\":\"WebPage\",\"@id\":\"https:\\\/\\\/infocul.pt\\\/arquivo\\\/actualidade\\\/lisbon-marriott-hotel-tem-selo-safe-clean-conheca-as-medidas-em-pratica-na-marriott-international\\\/\",\"url\":\"https:\\\/\\\/infocul.pt\\\/arquivo\\\/actualidade\\\/lisbon-marriott-hotel-tem-selo-safe-clean-conheca-as-medidas-em-pratica-na-marriott-international\\\/\",\"name\":\"Lisbon Marriott Hotel tem selo \\\"Safe & Clean\\\". Conhe\u00e7a as medidas em pratica na Marriott International | Infocul.pt - Arquivo Digital\",\"isPartOf\":{\"@id\":\"https:\\\/\\\/infocul.pt\\\/arquivo\\\/#website\"},\"primaryImageOfPage\":{\"@id\":\"https:\\\/\\\/infocul.pt\\\/arquivo\\\/actualidade\\\/lisbon-marriott-hotel-tem-selo-safe-clean-conheca-as-medidas-em-pratica-na-marriott-international\\\/#primaryimage\"},\"image\":{\"@id\":\"https:\\\/\\\/infocul.pt\\\/arquivo\\\/actualidade\\\/lisbon-marriott-hotel-tem-selo-safe-clean-conheca-as-medidas-em-pratica-na-marriott-international\\\/#primaryimage\"},\"thumbnailUrl\":\"https:\\\/\\\/infocul.pt\\\/arquivo\\\/wp-content\\\/uploads\\\/2020\\\/05\\\/FOTO-LISBON-MARRIOTT-HOTEL-scaled.jpg\",\"datePublished\":\"2020-05-14T21:17:17+00:00\",\"description\":\"Lisbon Marriott Hotel tem selo \\\"Safe & Clean\\\". Conhe\u00e7a as medidas em pratica na Marriott International | Infocul.pt - Arquivo Digital\",\"breadcrumb\":{\"@id\":\"https:\\\/\\\/infocul.pt\\\/arquivo\\\/actualidade\\\/lisbon-marriott-hotel-tem-selo-safe-clean-conheca-as-medidas-em-pratica-na-marriott-international\\\/#breadcrumb\"},\"inLanguage\":\"pt-PT\",\"potentialAction\":[{\"@type\":\"ReadAction\",\"target\":[\"https:\\\/\\\/infocul.pt\\\/arquivo\\\/actualidade\\\/lisbon-marriott-hotel-tem-selo-safe-clean-conheca-as-medidas-em-pratica-na-marriott-international\\\/\"]}]},{\"@type\":\"ImageObject\",\"inLanguage\":\"pt-PT\",\"@id\":\"https:\\\/\\\/infocul.pt\\\/arquivo\\\/actualidade\\\/lisbon-marriott-hotel-tem-selo-safe-clean-conheca-as-medidas-em-pratica-na-marriott-international\\\/#primaryimage\",\"url\":\"https:\\\/\\\/infocul.pt\\\/arquivo\\\/wp-content\\\/uploads\\\/2020\\\/05\\\/FOTO-LISBON-MARRIOTT-HOTEL-scaled.jpg\",\"contentUrl\":\"https:\\\/\\\/infocul.pt\\\/arquivo\\\/wp-content\\\/uploads\\\/2020\\\/05\\\/FOTO-LISBON-MARRIOTT-HOTEL-scaled.jpg\",\"width\":1024,\"height\":724},{\"@type\":\"BreadcrumbList\",\"@id\":\"https:\\\/\\\/infocul.pt\\\/arquivo\\\/actualidade\\\/lisbon-marriott-hotel-tem-selo-safe-clean-conheca-as-medidas-em-pratica-na-marriott-international\\\/#breadcrumb\",\"itemListElement\":[{\"@type\":\"ListItem\",\"position\":1,\"name\":\"Home\",\"item\":\"https:\\\/\\\/infocul.pt\\\/arquivo\\\/\"},{\"@type\":\"ListItem\",\"position\":2,\"name\":\"Lisbon Marriott Hotel tem selo &#8220;Safe &#038; Clean&#8221;. Conhe\u00e7a as medidas em pratica na Marriott International\"}]},{\"@type\":\"WebSite\",\"@id\":\"https:\\\/\\\/infocul.pt\\\/arquivo\\\/#website\",\"url\":\"https:\\\/\\\/infocul.pt\\\/arquivo\\\/\",\"name\":\"Infocul.pt - Arquivo Digital\",\"description\":\"Arquivo digital da Infocul.pt\",\"publisher\":{\"@id\":\"https:\\\/\\\/infocul.pt\\\/arquivo\\\/#organization\"},\"potentialAction\":[{\"@type\":\"SearchAction\",\"target\":{\"@type\":\"EntryPoint\",\"urlTemplate\":\"https:\\\/\\\/infocul.pt\\\/arquivo\\\/?s={search_term_string}\"},\"query-input\":{\"@type\":\"PropertyValueSpecification\",\"valueRequired\":true,\"valueName\":\"search_term_string\"}}],\"inLanguage\":\"pt-PT\"},{\"@type\":\"Organization\",\"@id\":\"https:\\\/\\\/infocul.pt\\\/arquivo\\\/#organization\",\"name\":\"Infocul.pt\",\"url\":\"https:\\\/\\\/infocul.pt\\\/arquivo\\\/\",\"logo\":{\"@type\":\"ImageObject\",\"inLanguage\":\"pt-PT\",\"@id\":\"https:\\\/\\\/infocul.pt\\\/arquivo\\\/#\\\/schema\\\/logo\\\/image\\\/\",\"url\":\"https:\\\/\\\/infocul.pt\\\/arquivo\\\/wp-content\\\/uploads\\\/2018\\\/12\\\/Infocul_logo-1.png\",\"contentUrl\":\"https:\\\/\\\/infocul.pt\\\/arquivo\\\/wp-content\\\/uploads\\\/2018\\\/12\\\/Infocul_logo-1.png\",\"width\":800,\"height\":800,\"caption\":\"Infocul.pt\"},\"image\":{\"@id\":\"https:\\\/\\\/infocul.pt\\\/arquivo\\\/#\\\/schema\\\/logo\\\/image\\\/\"},\"sameAs\":[\"https:\\\/\\\/www.facebook.com\\\/Infocul-147816815585015\\\/\",\"https:\\\/\\\/x.com\\\/Infoculpt\",\"http:\\\/\\\/www.pictaram.com\\\/user\\\/infocul.pt\\\/2370423710\",\"https:\\\/\\\/www.youtube.com\\\/channel\\\/UCYEB91AGI9FL9ek2i_IaQAA\"]},{\"@type\":\"Person\",\"@id\":\"https:\\\/\\\/infocul.pt\\\/arquivo\\\/#\\\/schema\\\/person\\\/f243f45ae8d67639120a7586884f3abc\",\"name\":\"Redac\u00e7\u00e3o\",\"image\":{\"@type\":\"ImageObject\",\"inLanguage\":\"pt-PT\",\"@id\":\"https:\\\/\\\/secure.gravatar.com\\\/avatar\\\/151b1b76c598ab5e749407223bd6c1bad4e41c4e95de3c3df83540ebee2deaf8?s=96&d=mm&r=g\",\"url\":\"https:\\\/\\\/secure.gravatar.com\\\/avatar\\\/151b1b76c598ab5e749407223bd6c1bad4e41c4e95de3c3df83540ebee2deaf8?s=96&d=mm&r=g\",\"contentUrl\":\"https:\\\/\\\/secure.gravatar.com\\\/avatar\\\/151b1b76c598ab5e749407223bd6c1bad4e41c4e95de3c3df83540ebee2deaf8?s=96&d=mm&r=g\",\"caption\":\"Redac\u00e7\u00e3o\"}}]}<\/script>\n<!-- \/ Yoast SEO plugin. -->","yoast_head_json":{"title":"Lisbon Marriott Hotel tem selo \"Safe & Clean\". Conhe\u00e7a as medidas em pratica na Marriott International | Infocul.pt - Arquivo Digital","description":"Lisbon Marriott Hotel tem selo \"Safe & Clean\". Conhe\u00e7a as medidas em pratica na Marriott International | Infocul.pt - Arquivo Digital","robots":{"index":"noindex","follow":"follow","max-snippet":"max-snippet:-1","max-image-preview":"max-image-preview:large","max-video-preview":"max-video-preview:-1"},"og_locale":"pt_PT","og_type":"article","og_title":"Lisbon Marriott Hotel tem selo \"Safe & Clean\". Conhe\u00e7a as medidas em pratica na Marriott International | Infocul.pt - Arquivo Digital","og_description":"Lisbon Marriott Hotel tem selo \"Safe & Clean\". Conhe\u00e7a as medidas em pratica na Marriott International | Infocul.pt - Arquivo Digital","og_url":"https:\/\/infocul.pt\/arquivo\/actualidade\/lisbon-marriott-hotel-tem-selo-safe-clean-conheca-as-medidas-em-pratica-na-marriott-international\/","og_site_name":"Infocul.pt - Arquivo Digital","article_publisher":"https:\/\/www.facebook.com\/Infocul-147816815585015\/","article_published_time":"2020-05-14T21:17:17+00:00","og_image":[{"width":1024,"height":724,"url":"https:\/\/infocul.pt\/arquivo\/wp-content\/uploads\/2020\/05\/FOTO-LISBON-MARRIOTT-HOTEL-scaled.jpg","type":"image\/jpeg"}],"author":"Redac\u00e7\u00e3o","twitter_card":"summary_large_image","twitter_creator":"@Infoculpt","twitter_site":"@Infoculpt","twitter_misc":{"Escrito por":"Redac\u00e7\u00e3o","Tempo estimado de leitura":"4 minutos"},"schema":{"@context":"https:\/\/schema.org","@graph":[{"@type":"Article","@id":"https:\/\/infocul.pt\/arquivo\/actualidade\/lisbon-marriott-hotel-tem-selo-safe-clean-conheca-as-medidas-em-pratica-na-marriott-international\/#article","isPartOf":{"@id":"https:\/\/infocul.pt\/arquivo\/actualidade\/lisbon-marriott-hotel-tem-selo-safe-clean-conheca-as-medidas-em-pratica-na-marriott-international\/"},"author":{"name":"Redac\u00e7\u00e3o","@id":"https:\/\/infocul.pt\/arquivo\/#\/schema\/person\/f243f45ae8d67639120a7586884f3abc"},"headline":"Lisbon Marriott Hotel tem selo &#8220;Safe &#038; Clean&#8221;. Conhe\u00e7a as medidas em pratica na Marriott International","datePublished":"2020-05-14T21:17:17+00:00","mainEntityOfPage":{"@id":"https:\/\/infocul.pt\/arquivo\/actualidade\/lisbon-marriott-hotel-tem-selo-safe-clean-conheca-as-medidas-em-pratica-na-marriott-international\/"},"wordCount":815,"commentCount":0,"publisher":{"@id":"https:\/\/infocul.pt\/arquivo\/#organization"},"image":{"@id":"https:\/\/infocul.pt\/arquivo\/actualidade\/lisbon-marriott-hotel-tem-selo-safe-clean-conheca-as-medidas-em-pratica-na-marriott-international\/#primaryimage"},"thumbnailUrl":"https:\/\/infocul.pt\/arquivo\/wp-content\/uploads\/2020\/05\/FOTO-LISBON-MARRIOTT-HOTEL-scaled.jpg","keywords":["Lisbon Marriott Hotel"],"articleSection":["Actualidade","Turismo"],"inLanguage":"pt-PT"},{"@type":"WebPage","@id":"https:\/\/infocul.pt\/arquivo\/actualidade\/lisbon-marriott-hotel-tem-selo-safe-clean-conheca-as-medidas-em-pratica-na-marriott-international\/","url":"https:\/\/infocul.pt\/arquivo\/actualidade\/lisbon-marriott-hotel-tem-selo-safe-clean-conheca-as-medidas-em-pratica-na-marriott-international\/","name":"Lisbon Marriott Hotel tem selo \"Safe & Clean\". Conhe\u00e7a as medidas em pratica na Marriott International | Infocul.pt - Arquivo Digital","isPartOf":{"@id":"https:\/\/infocul.pt\/arquivo\/#website"},"primaryImageOfPage":{"@id":"https:\/\/infocul.pt\/arquivo\/actualidade\/lisbon-marriott-hotel-tem-selo-safe-clean-conheca-as-medidas-em-pratica-na-marriott-international\/#primaryimage"},"image":{"@id":"https:\/\/infocul.pt\/arquivo\/actualidade\/lisbon-marriott-hotel-tem-selo-safe-clean-conheca-as-medidas-em-pratica-na-marriott-international\/#primaryimage"},"thumbnailUrl":"https:\/\/infocul.pt\/arquivo\/wp-content\/uploads\/2020\/05\/FOTO-LISBON-MARRIOTT-HOTEL-scaled.jpg","datePublished":"2020-05-14T21:17:17+00:00","description":"Lisbon Marriott Hotel tem selo \"Safe & Clean\". Conhe\u00e7a as medidas em pratica na Marriott International | Infocul.pt - Arquivo Digital","breadcrumb":{"@id":"https:\/\/infocul.pt\/arquivo\/actualidade\/lisbon-marriott-hotel-tem-selo-safe-clean-conheca-as-medidas-em-pratica-na-marriott-international\/#breadcrumb"},"inLanguage":"pt-PT","potentialAction":[{"@type":"ReadAction","target":["https:\/\/infocul.pt\/arquivo\/actualidade\/lisbon-marriott-hotel-tem-selo-safe-clean-conheca-as-medidas-em-pratica-na-marriott-international\/"]}]},{"@type":"ImageObject","inLanguage":"pt-PT","@id":"https:\/\/infocul.pt\/arquivo\/actualidade\/lisbon-marriott-hotel-tem-selo-safe-clean-conheca-as-medidas-em-pratica-na-marriott-international\/#primaryimage","url":"https:\/\/infocul.pt\/arquivo\/wp-content\/uploads\/2020\/05\/FOTO-LISBON-MARRIOTT-HOTEL-scaled.jpg","contentUrl":"https:\/\/infocul.pt\/arquivo\/wp-content\/uploads\/2020\/05\/FOTO-LISBON-MARRIOTT-HOTEL-scaled.jpg","width":1024,"height":724},{"@type":"BreadcrumbList","@id":"https:\/\/infocul.pt\/arquivo\/actualidade\/lisbon-marriott-hotel-tem-selo-safe-clean-conheca-as-medidas-em-pratica-na-marriott-international\/#breadcrumb","itemListElement":[{"@type":"ListItem","position":1,"name":"Home","item":"https:\/\/infocul.pt\/arquivo\/"},{"@type":"ListItem","position":2,"name":"Lisbon Marriott Hotel tem selo &#8220;Safe &#038; Clean&#8221;. Conhe\u00e7a as medidas em pratica na Marriott International"}]},{"@type":"WebSite","@id":"https:\/\/infocul.pt\/arquivo\/#website","url":"https:\/\/infocul.pt\/arquivo\/","name":"Infocul.pt - Arquivo Digital","description":"Arquivo digital da Infocul.pt","publisher":{"@id":"https:\/\/infocul.pt\/arquivo\/#organization"},"potentialAction":[{"@type":"SearchAction","target":{"@type":"EntryPoint","urlTemplate":"https:\/\/infocul.pt\/arquivo\/?s={search_term_string}"},"query-input":{"@type":"PropertyValueSpecification","valueRequired":true,"valueName":"search_term_string"}}],"inLanguage":"pt-PT"},{"@type":"Organization","@id":"https:\/\/infocul.pt\/arquivo\/#organization","name":"Infocul.pt","url":"https:\/\/infocul.pt\/arquivo\/","logo":{"@type":"ImageObject","inLanguage":"pt-PT","@id":"https:\/\/infocul.pt\/arquivo\/#\/schema\/logo\/image\/","url":"https:\/\/infocul.pt\/arquivo\/wp-content\/uploads\/2018\/12\/Infocul_logo-1.png","contentUrl":"https:\/\/infocul.pt\/arquivo\/wp-content\/uploads\/2018\/12\/Infocul_logo-1.png","width":800,"height":800,"caption":"Infocul.pt"},"image":{"@id":"https:\/\/infocul.pt\/arquivo\/#\/schema\/logo\/image\/"},"sameAs":["https:\/\/www.facebook.com\/Infocul-147816815585015\/","https:\/\/x.com\/Infoculpt","http:\/\/www.pictaram.com\/user\/infocul.pt\/2370423710","https:\/\/www.youtube.com\/channel\/UCYEB91AGI9FL9ek2i_IaQAA"]},{"@type":"Person","@id":"https:\/\/infocul.pt\/arquivo\/#\/schema\/person\/f243f45ae8d67639120a7586884f3abc","name":"Redac\u00e7\u00e3o","image":{"@type":"ImageObject","inLanguage":"pt-PT","@id":"https:\/\/secure.gravatar.com\/avatar\/151b1b76c598ab5e749407223bd6c1bad4e41c4e95de3c3df83540ebee2deaf8?s=96&d=mm&r=g","url":"https:\/\/secure.gravatar.com\/avatar\/151b1b76c598ab5e749407223bd6c1bad4e41c4e95de3c3df83540ebee2deaf8?s=96&d=mm&r=g","contentUrl":"https:\/\/secure.gravatar.com\/avatar\/151b1b76c598ab5e749407223bd6c1bad4e41c4e95de3c3df83540ebee2deaf8?s=96&d=mm&r=g","caption":"Redac\u00e7\u00e3o"}}]}},"_links":{"self":[{"href":"https:\/\/infocul.pt\/arquivo\/wp-json\/wp\/v2\/posts\/71656","targetHints":{"allow":["GET"]}}],"collection":[{"href":"https:\/\/infocul.pt\/arquivo\/wp-json\/wp\/v2\/posts"}],"about":[{"href":"https:\/\/infocul.pt\/arquivo\/wp-json\/wp\/v2\/types\/post"}],"author":[{"embeddable":true,"href":"https:\/\/infocul.pt\/arquivo\/wp-json\/wp\/v2\/users\/13"}],"replies":[{"embeddable":true,"href":"https:\/\/infocul.pt\/arquivo\/wp-json\/wp\/v2\/comments?post=71656"}],"version-history":[{"count":0,"href":"https:\/\/infocul.pt\/arquivo\/wp-json\/wp\/v2\/posts\/71656\/revisions"}],"wp:featuredmedia":[{"embeddable":true,"href":"https:\/\/infocul.pt\/arquivo\/wp-json\/wp\/v2\/media\/71657"}],"wp:attachment":[{"href":"https:\/\/infocul.pt\/arquivo\/wp-json\/wp\/v2\/media?parent=71656"}],"wp:term":[{"taxonomy":"category","embeddable":true,"href":"https:\/\/infocul.pt\/arquivo\/wp-json\/wp\/v2\/categories?post=71656"},{"taxonomy":"post_tag","embeddable":true,"href":"https:\/\/infocul.pt\/arquivo\/wp-json\/wp\/v2\/tags?post=71656"}],"curies":[{"name":"wp","href":"https:\/\/api.w.org\/{rel}","templated":true}]}}