{"id":71752,"date":"2020-05-16T11:44:45","date_gmt":"2020-05-16T10:44:45","guid":{"rendered":"https:\/\/infocul.pt\/?p=71752"},"modified":"2020-05-16T11:44:45","modified_gmt":"2020-05-16T10:44:45","slug":"luis-capucha-acusa-governo-de-marginalizar-a-tauromaquia-c-video","status":"publish","type":"post","link":"https:\/\/infocul.pt\/arquivo\/cultura\/luis-capucha-acusa-governo-de-marginalizar-a-tauromaquia-c-video\/","title":{"rendered":"Lu\u00eds Capucha acusa governo de &#8220;marginalizar a tauromaquia&#8221; (C\/V\u00eddeo)"},"content":{"rendered":"<p><img decoding=\"async\" class=\"aligncenter wp-image-71753 size-large lazyload\" data-src=\"https:\/\/infocul.pt\/arquivo\/wp-content\/uploads\/2020\/05\/97047368_550676482299981_5818039600551034880_n-1024x576.png\" alt=\"\" width=\"800\" height=\"450\" data-srcset=\"https:\/\/infocul.pt\/arquivo\/wp-content\/uploads\/2020\/05\/97047368_550676482299981_5818039600551034880_n.png 1024w, https:\/\/infocul.pt\/arquivo\/wp-content\/uploads\/2020\/05\/97047368_550676482299981_5818039600551034880_n-300x169.png 300w, https:\/\/infocul.pt\/arquivo\/wp-content\/uploads\/2020\/05\/97047368_550676482299981_5818039600551034880_n-768x432.png 768w\" data-sizes=\"(max-width: 800px) 100vw, 800px\" src=\"data:image\/svg+xml;base64,PHN2ZyB3aWR0aD0iMSIgaGVpZ2h0PSIxIiB4bWxucz0iaHR0cDovL3d3dy53My5vcmcvMjAwMC9zdmciPjwvc3ZnPg==\" style=\"--smush-placeholder-width: 800px; --smush-placeholder-aspect-ratio: 800\/450;\" \/><\/p>\n<p>Com a chegada da Covid-19 toda a economia praticamente parou e o sector taurom\u00e1quico n\u00e3o foi excep\u00e7\u00e3o. Desde Mar\u00e7o que foram adiados ou cancelados todos os espect\u00e1culos taurom\u00e1quicos pelo menos at\u00e9 Junho.<!--more--><\/p>\n<p>Neste sector muitos s\u00e3o os profissionais afectados por esta crise, no entanto tamb\u00e9m o aficionado sai bastante prejudicado pois v\u00ea-se privado de ter acesso a uma \u00e1rea cultural.<\/p>\n<p>Nas \u00faltimas semanas temos assistido a v\u00e1rias propostas lan\u00e7adas pela Pr\u00f3toiro para apoio \u00e0 retoma da actividade taurom\u00e1quica.<\/p>\n<p>O Toureio.pt, em parceria com o site Infocul.pt, falou com Lu\u00eds Capucha, Presidente da Associa\u00e7\u00e3o das Tert\u00falias Taurom\u00e1quicas de Portugal que comentou toda a situa\u00e7\u00e3o que est\u00e1 a ser vivida, tendo criticado o Governo que \u201c<em><strong>tem tentado marginalizar a tauromaquia na sequ\u00eancia de uma l\u00f3gica, que \u00e9 de todo inaceit\u00e1vel<\/strong><\/em>\u201d, acrescentando que \u201c<em><strong>a Ministra da Cultura, que por raz\u00f5es puramente ideol\u00f3gicas, por raz\u00f5es de seita, por raz\u00f5es que s\u00f3 desilustram o cargo que ocupa, entendem que como eles n\u00e3o gostam, os portugueses n\u00e3o podem usufruir das corrida de touros<\/strong><\/em>\u201d.<\/p>\n<p>Sobre a crise econ\u00f3mica que tamb\u00e9m afecta o sector taurom\u00e1quico Lu\u00eds Capucha salienta que \u201c<em><strong>h\u00e1 que considerar a perda de rendimentos dos aficionados, porque isto n\u00e3o \u00e9 uma festa para ricos, por isso h\u00e1 que ter em aten\u00e7\u00e3o ao bolso das pessoas<\/strong><\/em>\u201d.<\/p>\n<p>J\u00e1 sobre as mais recentes pol\u00e9micas no seio da Tauromaquia, Lu\u00eds Capucha \u00e9 explicito citando um prov\u00e9rbio antigo \u201c<em><strong>em casa onde n\u00e3o h\u00e1 p\u00e3o, todos ralham, sem ningu\u00e9m ter raz\u00e3o<\/strong><\/em>\u201d, <em><strong>principalmente se forem pouco inteligentes, inventar divis\u00f5es num momento destes \u00e9 a pior coisa que n\u00f3s podemos fazer \u00e0 festa<\/strong><\/em>\u201d, tendo comentado ainda o trabalho da imprensa nesta situa\u00e7\u00e3o dizendo que \u201c<em><strong>h\u00e1 quem goste de alimentar pol\u00e9micas, porque a sua mediocridade sempre levou a que nunca fizessem outra coisa se n\u00e3o alimentar pol\u00e9micas<\/strong><\/em>\u201d.<\/p>\n<p>J\u00e1 sobre o projecto que h\u00e1 uns anos atr\u00e1s obteve financiamento do Or\u00e7amento Participativo, Lu\u00eds Capucha adianta que \u201c<em><strong>o projecto est\u00e1 h\u00e1 dois anos a ser executado no Instituto Universit\u00e1rio de Lisboa e devo dizer que gostaria de ter tido mais colabora\u00e7\u00e3o por parte dos toureiros, ganadeiros, empres\u00e1rios<\/strong><\/em>\u201d, revelando que \u201c<em><strong>no fim deste m\u00eas ou do m\u00eas que vem, estar\u00e1 preparada a candidatura da tauromaquia a patrim\u00f3nio cultural de Portugal<\/strong><\/em>\u201d.<\/p>\n<p>Fique de seguida com a entrevista em v\u00eddeo com Lu\u00eds Capucha:<\/p>\n<p>https:\/\/youtu.be\/FY_r7kQ6ipc<\/p>\n","protected":false},"excerpt":{"rendered":"<p>Com a chegada da Covid-19 toda a economia praticamente parou e o sector taurom\u00e1quico n\u00e3o foi excep\u00e7\u00e3o. Desde Mar\u00e7o que foram adiados ou cancelados todos os espect\u00e1culos taurom\u00e1quicos pelo menos at\u00e9 Junho.<\/p>\n","protected":false},"author":2,"featured_media":71753,"comment_status":"open","ping_status":"closed","sticky":false,"template":"","format":"standard","meta":{"footnotes":""},"categories":[2,36,4124,7],"tags":[9382,5301],"class_list":["post-71752","post","type-post","status-publish","format-standard","has-post-thumbnail","hentry","category-cultura","category-destaque","category-entrevistas","category-tauromaquia","tag-associacao-das-tertulias-tauromaquicas-de-portugal","tag-luis-capucha"],"yoast_head":"<!-- This site is optimized with the Yoast SEO plugin v27.4 - https:\/\/yoast.com\/product\/yoast-seo-wordpress\/ -->\n<title>Lu\u00eds Capucha acusa governo de &quot;marginalizar a tauromaquia&quot; (C\/V\u00eddeo) | Infocul.pt - Arquivo Digital<\/title>\n<meta name=\"description\" content=\"Lu\u00eds Capucha acusa governo de &quot;marginalizar a tauromaquia&quot; (C\/V\u00eddeo) | Infocul.pt - Arquivo Digital\" \/>\n<meta name=\"robots\" content=\"noindex, follow, max-snippet:-1, max-image-preview:large, max-video-preview:-1\" \/>\n<meta property=\"og:locale\" content=\"pt_PT\" \/>\n<meta property=\"og:type\" content=\"article\" \/>\n<meta property=\"og:title\" content=\"Lu\u00eds Capucha acusa governo de &quot;marginalizar a tauromaquia&quot; (C\/V\u00eddeo) | Infocul.pt - Arquivo Digital\" \/>\n<meta property=\"og:description\" content=\"Lu\u00eds Capucha acusa governo de &quot;marginalizar a tauromaquia&quot; (C\/V\u00eddeo) | Infocul.pt - Arquivo Digital\" \/>\n<meta property=\"og:url\" content=\"https:\/\/infocul.pt\/arquivo\/cultura\/luis-capucha-acusa-governo-de-marginalizar-a-tauromaquia-c-video\/\" \/>\n<meta property=\"og:site_name\" content=\"Infocul.pt - Arquivo Digital\" \/>\n<meta property=\"article:publisher\" content=\"https:\/\/www.facebook.com\/Infocul-147816815585015\/\" \/>\n<meta property=\"article:published_time\" content=\"2020-05-16T10:44:45+00:00\" \/>\n<meta property=\"og:image\" content=\"https:\/\/infocul.pt\/arquivo\/wp-content\/uploads\/2020\/05\/97047368_550676482299981_5818039600551034880_n.png\" \/>\n\t<meta property=\"og:image:width\" content=\"1024\" \/>\n\t<meta property=\"og:image:height\" content=\"576\" \/>\n\t<meta property=\"og:image:type\" content=\"image\/png\" \/>\n<meta name=\"author\" content=\"Rui Lavrador\" \/>\n<meta name=\"twitter:card\" content=\"summary_large_image\" \/>\n<meta name=\"twitter:creator\" content=\"@Infoculpt\" \/>\n<meta name=\"twitter:site\" content=\"@Infoculpt\" \/>\n<meta name=\"twitter:label1\" content=\"Escrito por\" \/>\n\t<meta name=\"twitter:data1\" content=\"Rui Lavrador\" \/>\n\t<meta name=\"twitter:label2\" content=\"Tempo estimado de leitura\" \/>\n\t<meta name=\"twitter:data2\" content=\"2 minutos\" \/>\n<script type=\"application\/ld+json\" class=\"yoast-schema-graph\">{\"@context\":\"https:\\\/\\\/schema.org\",\"@graph\":[{\"@type\":\"Article\",\"@id\":\"https:\\\/\\\/infocul.pt\\\/arquivo\\\/cultura\\\/luis-capucha-acusa-governo-de-marginalizar-a-tauromaquia-c-video\\\/#article\",\"isPartOf\":{\"@id\":\"https:\\\/\\\/infocul.pt\\\/arquivo\\\/cultura\\\/luis-capucha-acusa-governo-de-marginalizar-a-tauromaquia-c-video\\\/\"},\"author\":{\"name\":\"Rui Lavrador\",\"@id\":\"https:\\\/\\\/infocul.pt\\\/arquivo\\\/#\\\/schema\\\/person\\\/060a108d7f2d85fc6aae505119ee5234\"},\"headline\":\"Lu\u00eds Capucha acusa governo de &#8220;marginalizar a tauromaquia&#8221; (C\\\/V\u00eddeo)\",\"datePublished\":\"2020-05-16T10:44:45+00:00\",\"mainEntityOfPage\":{\"@id\":\"https:\\\/\\\/infocul.pt\\\/arquivo\\\/cultura\\\/luis-capucha-acusa-governo-de-marginalizar-a-tauromaquia-c-video\\\/\"},\"wordCount\":445,\"commentCount\":0,\"publisher\":{\"@id\":\"https:\\\/\\\/infocul.pt\\\/arquivo\\\/#organization\"},\"image\":{\"@id\":\"https:\\\/\\\/infocul.pt\\\/arquivo\\\/cultura\\\/luis-capucha-acusa-governo-de-marginalizar-a-tauromaquia-c-video\\\/#primaryimage\"},\"thumbnailUrl\":\"https:\\\/\\\/infocul.pt\\\/arquivo\\\/wp-content\\\/uploads\\\/2020\\\/05\\\/97047368_550676482299981_5818039600551034880_n.png\",\"keywords\":[\"Associa\u00e7\u00e3o das Tert\u00falias Taurom\u00e1quicas de Portugal\",\"Luis Capucha\"],\"articleSection\":[\"Cultura\",\"Destaque\",\"Entrevistas\",\"Tauromaquia\"],\"inLanguage\":\"pt-PT\"},{\"@type\":\"WebPage\",\"@id\":\"https:\\\/\\\/infocul.pt\\\/arquivo\\\/cultura\\\/luis-capucha-acusa-governo-de-marginalizar-a-tauromaquia-c-video\\\/\",\"url\":\"https:\\\/\\\/infocul.pt\\\/arquivo\\\/cultura\\\/luis-capucha-acusa-governo-de-marginalizar-a-tauromaquia-c-video\\\/\",\"name\":\"Lu\u00eds Capucha acusa governo de \\\"marginalizar a tauromaquia\\\" (C\\\/V\u00eddeo) | Infocul.pt - Arquivo Digital\",\"isPartOf\":{\"@id\":\"https:\\\/\\\/infocul.pt\\\/arquivo\\\/#website\"},\"primaryImageOfPage\":{\"@id\":\"https:\\\/\\\/infocul.pt\\\/arquivo\\\/cultura\\\/luis-capucha-acusa-governo-de-marginalizar-a-tauromaquia-c-video\\\/#primaryimage\"},\"image\":{\"@id\":\"https:\\\/\\\/infocul.pt\\\/arquivo\\\/cultura\\\/luis-capucha-acusa-governo-de-marginalizar-a-tauromaquia-c-video\\\/#primaryimage\"},\"thumbnailUrl\":\"https:\\\/\\\/infocul.pt\\\/arquivo\\\/wp-content\\\/uploads\\\/2020\\\/05\\\/97047368_550676482299981_5818039600551034880_n.png\",\"datePublished\":\"2020-05-16T10:44:45+00:00\",\"description\":\"Lu\u00eds Capucha acusa governo de \\\"marginalizar a tauromaquia\\\" (C\\\/V\u00eddeo) | Infocul.pt - Arquivo Digital\",\"breadcrumb\":{\"@id\":\"https:\\\/\\\/infocul.pt\\\/arquivo\\\/cultura\\\/luis-capucha-acusa-governo-de-marginalizar-a-tauromaquia-c-video\\\/#breadcrumb\"},\"inLanguage\":\"pt-PT\",\"potentialAction\":[{\"@type\":\"ReadAction\",\"target\":[\"https:\\\/\\\/infocul.pt\\\/arquivo\\\/cultura\\\/luis-capucha-acusa-governo-de-marginalizar-a-tauromaquia-c-video\\\/\"]}]},{\"@type\":\"ImageObject\",\"inLanguage\":\"pt-PT\",\"@id\":\"https:\\\/\\\/infocul.pt\\\/arquivo\\\/cultura\\\/luis-capucha-acusa-governo-de-marginalizar-a-tauromaquia-c-video\\\/#primaryimage\",\"url\":\"https:\\\/\\\/infocul.pt\\\/arquivo\\\/wp-content\\\/uploads\\\/2020\\\/05\\\/97047368_550676482299981_5818039600551034880_n.png\",\"contentUrl\":\"https:\\\/\\\/infocul.pt\\\/arquivo\\\/wp-content\\\/uploads\\\/2020\\\/05\\\/97047368_550676482299981_5818039600551034880_n.png\",\"width\":1024,\"height\":576},{\"@type\":\"BreadcrumbList\",\"@id\":\"https:\\\/\\\/infocul.pt\\\/arquivo\\\/cultura\\\/luis-capucha-acusa-governo-de-marginalizar-a-tauromaquia-c-video\\\/#breadcrumb\",\"itemListElement\":[{\"@type\":\"ListItem\",\"position\":1,\"name\":\"Home\",\"item\":\"https:\\\/\\\/infocul.pt\\\/arquivo\\\/\"},{\"@type\":\"ListItem\",\"position\":2,\"name\":\"Lu\u00eds Capucha acusa governo de &#8220;marginalizar a tauromaquia&#8221; (C\\\/V\u00eddeo)\"}]},{\"@type\":\"WebSite\",\"@id\":\"https:\\\/\\\/infocul.pt\\\/arquivo\\\/#website\",\"url\":\"https:\\\/\\\/infocul.pt\\\/arquivo\\\/\",\"name\":\"Infocul.pt - Arquivo Digital\",\"description\":\"Arquivo digital da Infocul.pt\",\"publisher\":{\"@id\":\"https:\\\/\\\/infocul.pt\\\/arquivo\\\/#organization\"},\"potentialAction\":[{\"@type\":\"SearchAction\",\"target\":{\"@type\":\"EntryPoint\",\"urlTemplate\":\"https:\\\/\\\/infocul.pt\\\/arquivo\\\/?s={search_term_string}\"},\"query-input\":{\"@type\":\"PropertyValueSpecification\",\"valueRequired\":true,\"valueName\":\"search_term_string\"}}],\"inLanguage\":\"pt-PT\"},{\"@type\":\"Organization\",\"@id\":\"https:\\\/\\\/infocul.pt\\\/arquivo\\\/#organization\",\"name\":\"Infocul.pt\",\"url\":\"https:\\\/\\\/infocul.pt\\\/arquivo\\\/\",\"logo\":{\"@type\":\"ImageObject\",\"inLanguage\":\"pt-PT\",\"@id\":\"https:\\\/\\\/infocul.pt\\\/arquivo\\\/#\\\/schema\\\/logo\\\/image\\\/\",\"url\":\"https:\\\/\\\/infocul.pt\\\/arquivo\\\/wp-content\\\/uploads\\\/2018\\\/12\\\/Infocul_logo-1.png\",\"contentUrl\":\"https:\\\/\\\/infocul.pt\\\/arquivo\\\/wp-content\\\/uploads\\\/2018\\\/12\\\/Infocul_logo-1.png\",\"width\":800,\"height\":800,\"caption\":\"Infocul.pt\"},\"image\":{\"@id\":\"https:\\\/\\\/infocul.pt\\\/arquivo\\\/#\\\/schema\\\/logo\\\/image\\\/\"},\"sameAs\":[\"https:\\\/\\\/www.facebook.com\\\/Infocul-147816815585015\\\/\",\"https:\\\/\\\/x.com\\\/Infoculpt\",\"http:\\\/\\\/www.pictaram.com\\\/user\\\/infocul.pt\\\/2370423710\",\"https:\\\/\\\/www.youtube.com\\\/channel\\\/UCYEB91AGI9FL9ek2i_IaQAA\"]},{\"@type\":\"Person\",\"@id\":\"https:\\\/\\\/infocul.pt\\\/arquivo\\\/#\\\/schema\\\/person\\\/060a108d7f2d85fc6aae505119ee5234\",\"name\":\"Rui Lavrador\",\"image\":{\"@type\":\"ImageObject\",\"inLanguage\":\"pt-PT\",\"@id\":\"https:\\\/\\\/secure.gravatar.com\\\/avatar\\\/93febd6873394aa8e975148548a0cb203acfdd42d2c85c5f1408e1a76678aece?s=96&d=mm&r=g\",\"url\":\"https:\\\/\\\/secure.gravatar.com\\\/avatar\\\/93febd6873394aa8e975148548a0cb203acfdd42d2c85c5f1408e1a76678aece?s=96&d=mm&r=g\",\"contentUrl\":\"https:\\\/\\\/secure.gravatar.com\\\/avatar\\\/93febd6873394aa8e975148548a0cb203acfdd42d2c85c5f1408e1a76678aece?s=96&d=mm&r=g\",\"caption\":\"Rui Lavrador\"},\"description\":\"Iniciou em 2011 o seu percurso em comunica\u00e7\u00e3o social, tendo integrado v\u00e1rios projectos editoriais. Durante o seu percurso integrou projectos como Jornal Hardm\u00fasica, LusoNot\u00edcias, Toureio.pt, ODigital.pt, entre outros \u00d3rg\u00e3os de Comunica\u00e7\u00e3o Social nacionais, na redac\u00e7\u00e3o de v\u00e1rios artigos. Entrevistou a grande maioria das personalidades mais importantes da vida social e cultural do pa\u00eds, destacando-se, tamb\u00e9m, na aprecia\u00e7\u00e3o de v\u00e1rios espect\u00e1culos. Durante o seu percurso, deu a conhecer v\u00e1rios artistas, at\u00e9 ent\u00e3o desconhecidos, ao grande p\u00fablico. Em 2015 criou e fundou o Infocul.pt, projecto no qual assume a direc\u00e7\u00e3o editorial.\",\"sameAs\":[\"http:\\\/\\\/www.infocul.pt\"]}]}<\/script>\n<!-- \/ Yoast SEO plugin. -->","yoast_head_json":{"title":"Lu\u00eds Capucha acusa governo de \"marginalizar a tauromaquia\" (C\/V\u00eddeo) | Infocul.pt - Arquivo Digital","description":"Lu\u00eds Capucha acusa governo de \"marginalizar a tauromaquia\" (C\/V\u00eddeo) | Infocul.pt - Arquivo Digital","robots":{"index":"noindex","follow":"follow","max-snippet":"max-snippet:-1","max-image-preview":"max-image-preview:large","max-video-preview":"max-video-preview:-1"},"og_locale":"pt_PT","og_type":"article","og_title":"Lu\u00eds Capucha acusa governo de \"marginalizar a tauromaquia\" (C\/V\u00eddeo) | Infocul.pt - Arquivo Digital","og_description":"Lu\u00eds Capucha acusa governo de \"marginalizar a tauromaquia\" (C\/V\u00eddeo) | Infocul.pt - Arquivo Digital","og_url":"https:\/\/infocul.pt\/arquivo\/cultura\/luis-capucha-acusa-governo-de-marginalizar-a-tauromaquia-c-video\/","og_site_name":"Infocul.pt - Arquivo Digital","article_publisher":"https:\/\/www.facebook.com\/Infocul-147816815585015\/","article_published_time":"2020-05-16T10:44:45+00:00","og_image":[{"width":1024,"height":576,"url":"https:\/\/infocul.pt\/arquivo\/wp-content\/uploads\/2020\/05\/97047368_550676482299981_5818039600551034880_n.png","type":"image\/png"}],"author":"Rui Lavrador","twitter_card":"summary_large_image","twitter_creator":"@Infoculpt","twitter_site":"@Infoculpt","twitter_misc":{"Escrito por":"Rui Lavrador","Tempo estimado de leitura":"2 minutos"},"schema":{"@context":"https:\/\/schema.org","@graph":[{"@type":"Article","@id":"https:\/\/infocul.pt\/arquivo\/cultura\/luis-capucha-acusa-governo-de-marginalizar-a-tauromaquia-c-video\/#article","isPartOf":{"@id":"https:\/\/infocul.pt\/arquivo\/cultura\/luis-capucha-acusa-governo-de-marginalizar-a-tauromaquia-c-video\/"},"author":{"name":"Rui Lavrador","@id":"https:\/\/infocul.pt\/arquivo\/#\/schema\/person\/060a108d7f2d85fc6aae505119ee5234"},"headline":"Lu\u00eds Capucha acusa governo de &#8220;marginalizar a tauromaquia&#8221; (C\/V\u00eddeo)","datePublished":"2020-05-16T10:44:45+00:00","mainEntityOfPage":{"@id":"https:\/\/infocul.pt\/arquivo\/cultura\/luis-capucha-acusa-governo-de-marginalizar-a-tauromaquia-c-video\/"},"wordCount":445,"commentCount":0,"publisher":{"@id":"https:\/\/infocul.pt\/arquivo\/#organization"},"image":{"@id":"https:\/\/infocul.pt\/arquivo\/cultura\/luis-capucha-acusa-governo-de-marginalizar-a-tauromaquia-c-video\/#primaryimage"},"thumbnailUrl":"https:\/\/infocul.pt\/arquivo\/wp-content\/uploads\/2020\/05\/97047368_550676482299981_5818039600551034880_n.png","keywords":["Associa\u00e7\u00e3o das Tert\u00falias Taurom\u00e1quicas de Portugal","Luis Capucha"],"articleSection":["Cultura","Destaque","Entrevistas","Tauromaquia"],"inLanguage":"pt-PT"},{"@type":"WebPage","@id":"https:\/\/infocul.pt\/arquivo\/cultura\/luis-capucha-acusa-governo-de-marginalizar-a-tauromaquia-c-video\/","url":"https:\/\/infocul.pt\/arquivo\/cultura\/luis-capucha-acusa-governo-de-marginalizar-a-tauromaquia-c-video\/","name":"Lu\u00eds Capucha acusa governo de \"marginalizar a tauromaquia\" (C\/V\u00eddeo) | Infocul.pt - Arquivo Digital","isPartOf":{"@id":"https:\/\/infocul.pt\/arquivo\/#website"},"primaryImageOfPage":{"@id":"https:\/\/infocul.pt\/arquivo\/cultura\/luis-capucha-acusa-governo-de-marginalizar-a-tauromaquia-c-video\/#primaryimage"},"image":{"@id":"https:\/\/infocul.pt\/arquivo\/cultura\/luis-capucha-acusa-governo-de-marginalizar-a-tauromaquia-c-video\/#primaryimage"},"thumbnailUrl":"https:\/\/infocul.pt\/arquivo\/wp-content\/uploads\/2020\/05\/97047368_550676482299981_5818039600551034880_n.png","datePublished":"2020-05-16T10:44:45+00:00","description":"Lu\u00eds Capucha acusa governo de \"marginalizar a tauromaquia\" (C\/V\u00eddeo) | Infocul.pt - Arquivo Digital","breadcrumb":{"@id":"https:\/\/infocul.pt\/arquivo\/cultura\/luis-capucha-acusa-governo-de-marginalizar-a-tauromaquia-c-video\/#breadcrumb"},"inLanguage":"pt-PT","potentialAction":[{"@type":"ReadAction","target":["https:\/\/infocul.pt\/arquivo\/cultura\/luis-capucha-acusa-governo-de-marginalizar-a-tauromaquia-c-video\/"]}]},{"@type":"ImageObject","inLanguage":"pt-PT","@id":"https:\/\/infocul.pt\/arquivo\/cultura\/luis-capucha-acusa-governo-de-marginalizar-a-tauromaquia-c-video\/#primaryimage","url":"https:\/\/infocul.pt\/arquivo\/wp-content\/uploads\/2020\/05\/97047368_550676482299981_5818039600551034880_n.png","contentUrl":"https:\/\/infocul.pt\/arquivo\/wp-content\/uploads\/2020\/05\/97047368_550676482299981_5818039600551034880_n.png","width":1024,"height":576},{"@type":"BreadcrumbList","@id":"https:\/\/infocul.pt\/arquivo\/cultura\/luis-capucha-acusa-governo-de-marginalizar-a-tauromaquia-c-video\/#breadcrumb","itemListElement":[{"@type":"ListItem","position":1,"name":"Home","item":"https:\/\/infocul.pt\/arquivo\/"},{"@type":"ListItem","position":2,"name":"Lu\u00eds Capucha acusa governo de &#8220;marginalizar a tauromaquia&#8221; (C\/V\u00eddeo)"}]},{"@type":"WebSite","@id":"https:\/\/infocul.pt\/arquivo\/#website","url":"https:\/\/infocul.pt\/arquivo\/","name":"Infocul.pt - Arquivo Digital","description":"Arquivo digital da Infocul.pt","publisher":{"@id":"https:\/\/infocul.pt\/arquivo\/#organization"},"potentialAction":[{"@type":"SearchAction","target":{"@type":"EntryPoint","urlTemplate":"https:\/\/infocul.pt\/arquivo\/?s={search_term_string}"},"query-input":{"@type":"PropertyValueSpecification","valueRequired":true,"valueName":"search_term_string"}}],"inLanguage":"pt-PT"},{"@type":"Organization","@id":"https:\/\/infocul.pt\/arquivo\/#organization","name":"Infocul.pt","url":"https:\/\/infocul.pt\/arquivo\/","logo":{"@type":"ImageObject","inLanguage":"pt-PT","@id":"https:\/\/infocul.pt\/arquivo\/#\/schema\/logo\/image\/","url":"https:\/\/infocul.pt\/arquivo\/wp-content\/uploads\/2018\/12\/Infocul_logo-1.png","contentUrl":"https:\/\/infocul.pt\/arquivo\/wp-content\/uploads\/2018\/12\/Infocul_logo-1.png","width":800,"height":800,"caption":"Infocul.pt"},"image":{"@id":"https:\/\/infocul.pt\/arquivo\/#\/schema\/logo\/image\/"},"sameAs":["https:\/\/www.facebook.com\/Infocul-147816815585015\/","https:\/\/x.com\/Infoculpt","http:\/\/www.pictaram.com\/user\/infocul.pt\/2370423710","https:\/\/www.youtube.com\/channel\/UCYEB91AGI9FL9ek2i_IaQAA"]},{"@type":"Person","@id":"https:\/\/infocul.pt\/arquivo\/#\/schema\/person\/060a108d7f2d85fc6aae505119ee5234","name":"Rui Lavrador","image":{"@type":"ImageObject","inLanguage":"pt-PT","@id":"https:\/\/secure.gravatar.com\/avatar\/93febd6873394aa8e975148548a0cb203acfdd42d2c85c5f1408e1a76678aece?s=96&d=mm&r=g","url":"https:\/\/secure.gravatar.com\/avatar\/93febd6873394aa8e975148548a0cb203acfdd42d2c85c5f1408e1a76678aece?s=96&d=mm&r=g","contentUrl":"https:\/\/secure.gravatar.com\/avatar\/93febd6873394aa8e975148548a0cb203acfdd42d2c85c5f1408e1a76678aece?s=96&d=mm&r=g","caption":"Rui Lavrador"},"description":"Iniciou em 2011 o seu percurso em comunica\u00e7\u00e3o social, tendo integrado v\u00e1rios projectos editoriais. Durante o seu percurso integrou projectos como Jornal Hardm\u00fasica, LusoNot\u00edcias, Toureio.pt, ODigital.pt, entre outros \u00d3rg\u00e3os de Comunica\u00e7\u00e3o Social nacionais, na redac\u00e7\u00e3o de v\u00e1rios artigos. Entrevistou a grande maioria das personalidades mais importantes da vida social e cultural do pa\u00eds, destacando-se, tamb\u00e9m, na aprecia\u00e7\u00e3o de v\u00e1rios espect\u00e1culos. Durante o seu percurso, deu a conhecer v\u00e1rios artistas, at\u00e9 ent\u00e3o desconhecidos, ao grande p\u00fablico. Em 2015 criou e fundou o Infocul.pt, projecto no qual assume a direc\u00e7\u00e3o editorial.","sameAs":["http:\/\/www.infocul.pt"]}]}},"_links":{"self":[{"href":"https:\/\/infocul.pt\/arquivo\/wp-json\/wp\/v2\/posts\/71752","targetHints":{"allow":["GET"]}}],"collection":[{"href":"https:\/\/infocul.pt\/arquivo\/wp-json\/wp\/v2\/posts"}],"about":[{"href":"https:\/\/infocul.pt\/arquivo\/wp-json\/wp\/v2\/types\/post"}],"author":[{"embeddable":true,"href":"https:\/\/infocul.pt\/arquivo\/wp-json\/wp\/v2\/users\/2"}],"replies":[{"embeddable":true,"href":"https:\/\/infocul.pt\/arquivo\/wp-json\/wp\/v2\/comments?post=71752"}],"version-history":[{"count":0,"href":"https:\/\/infocul.pt\/arquivo\/wp-json\/wp\/v2\/posts\/71752\/revisions"}],"wp:featuredmedia":[{"embeddable":true,"href":"https:\/\/infocul.pt\/arquivo\/wp-json\/wp\/v2\/media\/71753"}],"wp:attachment":[{"href":"https:\/\/infocul.pt\/arquivo\/wp-json\/wp\/v2\/media?parent=71752"}],"wp:term":[{"taxonomy":"category","embeddable":true,"href":"https:\/\/infocul.pt\/arquivo\/wp-json\/wp\/v2\/categories?post=71752"},{"taxonomy":"post_tag","embeddable":true,"href":"https:\/\/infocul.pt\/arquivo\/wp-json\/wp\/v2\/tags?post=71752"}],"curies":[{"name":"wp","href":"https:\/\/api.w.org\/{rel}","templated":true}]}}