{"id":71900,"date":"2020-05-19T00:00:43","date_gmt":"2020-05-18T23:00:43","guid":{"rendered":"https:\/\/infocul.pt\/?p=71900"},"modified":"2020-05-18T16:28:53","modified_gmt":"2020-05-18T15:28:53","slug":"carluz-belo-tem-novo-single-e-revela-que-o-minho-e-uma-terra-de-afectos","status":"publish","type":"post","link":"https:\/\/infocul.pt\/arquivo\/cultura\/carluz-belo-tem-novo-single-e-revela-que-o-minho-e-uma-terra-de-afectos\/","title":{"rendered":"Carluz Belo tem novo single e revela que &#8220;o Minho \u00e9 uma terra de afectos&#8221;"},"content":{"rendered":"<p><img decoding=\"async\" class=\"aligncenter wp-image-71901 size-full lazyload\" data-src=\"https:\/\/infocul.pt\/arquivo\/wp-content\/uploads\/2020\/05\/97767160_1196643317350372_5776984029643407360_n.png\" alt=\"\" width=\"960\" height=\"540\" data-srcset=\"https:\/\/infocul.pt\/arquivo\/wp-content\/uploads\/2020\/05\/97767160_1196643317350372_5776984029643407360_n.png 960w, https:\/\/infocul.pt\/arquivo\/wp-content\/uploads\/2020\/05\/97767160_1196643317350372_5776984029643407360_n-300x169.png 300w, https:\/\/infocul.pt\/arquivo\/wp-content\/uploads\/2020\/05\/97767160_1196643317350372_5776984029643407360_n-768x432.png 768w\" data-sizes=\"(max-width: 960px) 100vw, 960px\" src=\"data:image\/svg+xml;base64,PHN2ZyB3aWR0aD0iMSIgaGVpZ2h0PSIxIiB4bWxucz0iaHR0cDovL3d3dy53My5vcmcvMjAwMC9zdmciPjwvc3ZnPg==\" style=\"--smush-placeholder-width: 960px; --smush-placeholder-aspect-ratio: 960\/540;\" \/><\/p>\n<p><span style=\"font-family: Liberation Serif, serif;\"><span style=\"font-size: medium;\"><span style=\"color: #222222;\">A 13 de Mar\u00e7o, <a href=\"https:\/\/www.facebook.com\/carluzbelo\/\">Carluz Belo<\/a> revelou o mais recente single do seu pr\u00f3ximo disco. Coincidiu com o Estado de Emerg\u00eancia, em que Portugal esteve, devido \u00e0 pandemia provocada pela COVID-19.<\/span><\/span><\/span><!--more--><\/p>\n<p><span style=\"font-family: Liberation Serif, serif;\"><span style=\"font-size: medium;\"><span style=\"color: #222222;\">Este tema sucede aos j\u00e1 conhecidos \u201cO Mundo Que Nos Foge\u201d (com palavras do poeta Al Berto) e \u201cAo Virar de cada Esquina\u201d. Em conversa com <\/span><span style=\"color: #222222;\">Rui Lavrador,<\/span> <span style=\"color: #222222;\">d<\/span><span style=\"color: #222222;\">o <a href=\"https:\/\/infocul.pt\/arquivo\/\">Infocul.pt<\/a>, Carluz Belo falou sobre o novo single, o disco e desvendou alguns dos gostos mais pessoais.<\/span><\/span><\/span><\/p>\n<p><span style=\"font-family: Liberation Serif, serif;\"><span style=\"font-size: medium;\"><span style=\"color: #222222;\">Em conversa com Rui Lavrador, revelou que \u201c<\/span><span style=\"color: #222222;\"><i><b>e<\/b><\/i><\/span><span style=\"color: #222222;\"><i><b>ste tema, \u201c<a href=\"https:\/\/www.youtube.com\/watch?v=ykUdTJXjzcM\" target=\"_blank\" rel=\"noopener noreferrer\">Folhas Secas<\/a>\u201d, j\u00e1 estava preparado antes da pandemia<\/b><\/i><\/span><span style=\"color: #222222;\">\u201d, <\/span><span style=\"color: #222222;\">explicando que o seu disco acabou por ver o seu lan\u00e7amento adiado, tamb\u00e9m devido \u00e0 pandemia, \u201c<\/span><span style=\"color: #222222;\"><i><b>t<\/b><\/i><\/span><span style=\"color: #222222;\"><i><b>al como muitos outros projectos, n\u00e3o s\u00f3 neste pa\u00eds mas por esse mundo fora<\/b><\/i><\/span><span style=\"color: #222222;\">\u201d.<\/span><\/span><\/span><\/p>\n<p><span style=\"font-family: Liberation Serif, serif;\"><span style=\"font-size: medium;\"><span style=\"color: #222222;\">J<\/span><span style=\"color: #222222;\">ustificou que \u201c<\/span><span style=\"color: #222222;\"><i><b>a<\/b><\/i><\/span><span style=\"color: #222222;\"><i><b>s pessoas t\u00eam projectos para sair em determinadas datas. No meu caso, o disco seria para sair agora em Maio<\/b><\/i><\/span><span style=\"color: #222222;\">\u201d, <\/span><span style=\"color: #222222;\">mas que devido \u00e0 situa\u00e7\u00e3o provocada pela COVID-19, \u201c<\/span><span style=\"color: #222222;\"><i><b>o<\/b><\/i><\/span><span style=\"color: #222222;\"><i><b> que temos em vista e ir\u00e1 mesmo acontecer, \u00e9 o disco sair ap\u00f3s o ver\u00e3o<\/b><\/i><\/span><span style=\"color: #222222;\">\u201d.<\/span><\/span><\/span><\/p>\n<p><span style=\"font-family: Liberation Serif, serif;\"><span style=\"font-size: medium;\"><span style=\"color: #222222;\">Um disco que \u201c<\/span><span style=\"color: #222222;\"><i><b>mant\u00e9m esta linha pop, com leve tra\u00e7o de electr\u00f3nica<\/b><\/i><\/span><span style=\"color: #222222;\">\u201d <\/span><span style=\"color: #222222;\">e em que como se \u201c<\/span><span style=\"color: #222222;\"><i><b>cada can\u00e7\u00e3o fosse um cap\u00edtulo de um passeio junto \u00e0 praia<\/b><\/i><\/span><span style=\"color: #222222;\">\u201d, <\/span><span style=\"color: #222222;\">lembrando assim que \u201c<\/span><span style=\"color: #222222;\"><i><b>s<\/b><\/i><\/span><span style=\"color: #222222;\"><i><b>ou um rapaz do Minho, cresci no litoral do Minho (em Esposende), e estou muito ligado \u00e0 natureza: ao arvoredo, \u00e0 praia, ao pinhal<\/b><\/i><\/span><span style=\"color: #222222;\">\u201d. <\/span><\/span><\/span><\/p>\n<p><span style=\"font-family: Liberation Serif, serif;\"><span style=\"font-size: medium;\"><span style=\"color: #222222;\">Sobre as influ\u00eancias que a cultura minhota t\u00eam na sua m\u00fasica, disse-nos que \u201c<em><strong>e<\/strong><\/em><\/span><span style=\"color: #222222;\"><em><strong>stou no in\u00edcio desse caminho, de perceber o que \u00e9 que a minha geo-localiza\u00e7\u00e3o traz de novo \u00e0 m\u00fasica<\/strong><\/em>\u201d, <\/span><span style=\"color: #222222;\">mas real\u00e7ando que \u201c<\/span><span style=\"color: #222222;\"><em><strong>o Minho \u00e9 uma terra de afectos. N\u00e3o \u00e9 \u00e0 toa que o nosso presidente da Rep\u00fablica \u00e9 minhoto<\/strong><\/em>\u201d, <\/span><span style=\"color: #222222;\">n\u00e3o esquecendo Ant\u00f3nio Varia\u00e7\u00f5es.<\/span><\/span><\/span><\/p>\n<p><span style=\"font-family: Liberation Serif, serif;\"><span style=\"font-size: medium;\"><span style=\"color: #222222;\">Sobre o lado mais pessoal revelou alguns dos seus gostos, da m\u00fasica \u00e0 gastronomia.<\/span> <span style=\"color: #222222;\">Uma curta mas divertida conversa para ver e ouvir no link abaixo.<\/span> <\/span><\/span><\/p>\n<p><iframe title=\"Carluz Belo em entrevista ao Infocul.pt\" width=\"500\" height=\"281\" data-src=\"https:\/\/www.youtube.com\/embed\/38Dcr0zw3K8?feature=oembed\" frameborder=\"0\" allow=\"accelerometer; autoplay; clipboard-write; encrypted-media; gyroscope; picture-in-picture; web-share\" referrerpolicy=\"strict-origin-when-cross-origin\" allowfullscreen src=\"data:image\/svg+xml;base64,PHN2ZyB3aWR0aD0iMSIgaGVpZ2h0PSIxIiB4bWxucz0iaHR0cDovL3d3dy53My5vcmcvMjAwMC9zdmciPjwvc3ZnPg==\" class=\"lazyload\" data-load-mode=\"1\"><\/iframe><\/p>\n","protected":false},"excerpt":{"rendered":"<p>A 13 de Mar\u00e7o, Carluz Belo revelou o mais recente single do seu pr\u00f3ximo disco. Coincidiu com o Estado de Emerg\u00eancia, em que Portugal esteve, devido \u00e0 pandemia provocada pela COVID-19.<\/p>\n","protected":false},"author":2,"featured_media":71901,"comment_status":"open","ping_status":"closed","sticky":false,"template":"","format":"standard","meta":{"footnotes":""},"categories":[2,36,4,4124],"tags":[9401],"class_list":["post-71900","post","type-post","status-publish","format-standard","has-post-thumbnail","hentry","category-cultura","category-destaque","category-discos","category-entrevistas","tag-carluz-belo"],"yoast_head":"<!-- This site is optimized with the Yoast SEO plugin v27.4 - https:\/\/yoast.com\/product\/yoast-seo-wordpress\/ -->\n<title>Carluz Belo tem novo single e revela que &quot;o Minho \u00e9 uma terra de afectos&quot; | Infocul.pt - Arquivo Digital<\/title>\n<meta name=\"description\" content=\"O m\u00fasico concedeu uma entrevista ao Infocul.pt\" \/>\n<meta name=\"robots\" content=\"noindex, follow, max-snippet:-1, max-image-preview:large, max-video-preview:-1\" \/>\n<meta property=\"og:locale\" content=\"pt_PT\" \/>\n<meta property=\"og:type\" content=\"article\" \/>\n<meta property=\"og:title\" content=\"Carluz Belo tem novo single e revela que &quot;o Minho \u00e9 uma terra de afectos&quot; | Infocul.pt - Arquivo Digital\" \/>\n<meta property=\"og:description\" content=\"O m\u00fasico concedeu uma entrevista ao Infocul.pt\" \/>\n<meta property=\"og:url\" content=\"https:\/\/infocul.pt\/arquivo\/cultura\/carluz-belo-tem-novo-single-e-revela-que-o-minho-e-uma-terra-de-afectos\/\" \/>\n<meta property=\"og:site_name\" content=\"Infocul.pt - Arquivo Digital\" \/>\n<meta property=\"article:publisher\" content=\"https:\/\/www.facebook.com\/Infocul-147816815585015\/\" \/>\n<meta property=\"article:published_time\" content=\"2020-05-18T23:00:43+00:00\" \/>\n<meta property=\"og:image\" content=\"https:\/\/infocul.pt\/arquivo\/wp-content\/uploads\/2020\/05\/97767160_1196643317350372_5776984029643407360_n.png\" \/>\n\t<meta property=\"og:image:width\" content=\"960\" \/>\n\t<meta property=\"og:image:height\" content=\"540\" \/>\n\t<meta property=\"og:image:type\" content=\"image\/png\" \/>\n<meta name=\"author\" content=\"Rui Lavrador\" \/>\n<meta name=\"twitter:card\" content=\"summary_large_image\" \/>\n<meta name=\"twitter:creator\" content=\"@Infoculpt\" \/>\n<meta name=\"twitter:site\" content=\"@Infoculpt\" \/>\n<meta name=\"twitter:label1\" content=\"Escrito por\" \/>\n\t<meta name=\"twitter:data1\" content=\"Rui Lavrador\" \/>\n\t<meta name=\"twitter:label2\" content=\"Tempo estimado de leitura\" \/>\n\t<meta name=\"twitter:data2\" content=\"2 minutos\" \/>\n<script type=\"application\/ld+json\" class=\"yoast-schema-graph\">{\"@context\":\"https:\\\/\\\/schema.org\",\"@graph\":[{\"@type\":\"Article\",\"@id\":\"https:\\\/\\\/infocul.pt\\\/arquivo\\\/cultura\\\/carluz-belo-tem-novo-single-e-revela-que-o-minho-e-uma-terra-de-afectos\\\/#article\",\"isPartOf\":{\"@id\":\"https:\\\/\\\/infocul.pt\\\/arquivo\\\/cultura\\\/carluz-belo-tem-novo-single-e-revela-que-o-minho-e-uma-terra-de-afectos\\\/\"},\"author\":{\"name\":\"Rui Lavrador\",\"@id\":\"https:\\\/\\\/infocul.pt\\\/arquivo\\\/#\\\/schema\\\/person\\\/060a108d7f2d85fc6aae505119ee5234\"},\"headline\":\"Carluz Belo tem novo single e revela que &#8220;o Minho \u00e9 uma terra de afectos&#8221;\",\"datePublished\":\"2020-05-18T23:00:43+00:00\",\"mainEntityOfPage\":{\"@id\":\"https:\\\/\\\/infocul.pt\\\/arquivo\\\/cultura\\\/carluz-belo-tem-novo-single-e-revela-que-o-minho-e-uma-terra-de-afectos\\\/\"},\"wordCount\":351,\"commentCount\":0,\"publisher\":{\"@id\":\"https:\\\/\\\/infocul.pt\\\/arquivo\\\/#organization\"},\"image\":{\"@id\":\"https:\\\/\\\/infocul.pt\\\/arquivo\\\/cultura\\\/carluz-belo-tem-novo-single-e-revela-que-o-minho-e-uma-terra-de-afectos\\\/#primaryimage\"},\"thumbnailUrl\":\"https:\\\/\\\/infocul.pt\\\/arquivo\\\/wp-content\\\/uploads\\\/2020\\\/05\\\/97767160_1196643317350372_5776984029643407360_n.png\",\"keywords\":[\"Carluz Belo\"],\"articleSection\":[\"Cultura\",\"Destaque\",\"Discos\",\"Entrevistas\"],\"inLanguage\":\"pt-PT\"},{\"@type\":\"WebPage\",\"@id\":\"https:\\\/\\\/infocul.pt\\\/arquivo\\\/cultura\\\/carluz-belo-tem-novo-single-e-revela-que-o-minho-e-uma-terra-de-afectos\\\/\",\"url\":\"https:\\\/\\\/infocul.pt\\\/arquivo\\\/cultura\\\/carluz-belo-tem-novo-single-e-revela-que-o-minho-e-uma-terra-de-afectos\\\/\",\"name\":\"Carluz Belo tem novo single e revela que \\\"o Minho \u00e9 uma terra de afectos\\\" | Infocul.pt - Arquivo Digital\",\"isPartOf\":{\"@id\":\"https:\\\/\\\/infocul.pt\\\/arquivo\\\/#website\"},\"primaryImageOfPage\":{\"@id\":\"https:\\\/\\\/infocul.pt\\\/arquivo\\\/cultura\\\/carluz-belo-tem-novo-single-e-revela-que-o-minho-e-uma-terra-de-afectos\\\/#primaryimage\"},\"image\":{\"@id\":\"https:\\\/\\\/infocul.pt\\\/arquivo\\\/cultura\\\/carluz-belo-tem-novo-single-e-revela-que-o-minho-e-uma-terra-de-afectos\\\/#primaryimage\"},\"thumbnailUrl\":\"https:\\\/\\\/infocul.pt\\\/arquivo\\\/wp-content\\\/uploads\\\/2020\\\/05\\\/97767160_1196643317350372_5776984029643407360_n.png\",\"datePublished\":\"2020-05-18T23:00:43+00:00\",\"description\":\"O m\u00fasico concedeu uma entrevista ao Infocul.pt\",\"breadcrumb\":{\"@id\":\"https:\\\/\\\/infocul.pt\\\/arquivo\\\/cultura\\\/carluz-belo-tem-novo-single-e-revela-que-o-minho-e-uma-terra-de-afectos\\\/#breadcrumb\"},\"inLanguage\":\"pt-PT\",\"potentialAction\":[{\"@type\":\"ReadAction\",\"target\":[\"https:\\\/\\\/infocul.pt\\\/arquivo\\\/cultura\\\/carluz-belo-tem-novo-single-e-revela-que-o-minho-e-uma-terra-de-afectos\\\/\"]}]},{\"@type\":\"ImageObject\",\"inLanguage\":\"pt-PT\",\"@id\":\"https:\\\/\\\/infocul.pt\\\/arquivo\\\/cultura\\\/carluz-belo-tem-novo-single-e-revela-que-o-minho-e-uma-terra-de-afectos\\\/#primaryimage\",\"url\":\"https:\\\/\\\/infocul.pt\\\/arquivo\\\/wp-content\\\/uploads\\\/2020\\\/05\\\/97767160_1196643317350372_5776984029643407360_n.png\",\"contentUrl\":\"https:\\\/\\\/infocul.pt\\\/arquivo\\\/wp-content\\\/uploads\\\/2020\\\/05\\\/97767160_1196643317350372_5776984029643407360_n.png\",\"width\":960,\"height\":540},{\"@type\":\"BreadcrumbList\",\"@id\":\"https:\\\/\\\/infocul.pt\\\/arquivo\\\/cultura\\\/carluz-belo-tem-novo-single-e-revela-que-o-minho-e-uma-terra-de-afectos\\\/#breadcrumb\",\"itemListElement\":[{\"@type\":\"ListItem\",\"position\":1,\"name\":\"Home\",\"item\":\"https:\\\/\\\/infocul.pt\\\/arquivo\\\/\"},{\"@type\":\"ListItem\",\"position\":2,\"name\":\"Carluz Belo tem novo single e revela que &#8220;o Minho \u00e9 uma terra de afectos&#8221;\"}]},{\"@type\":\"WebSite\",\"@id\":\"https:\\\/\\\/infocul.pt\\\/arquivo\\\/#website\",\"url\":\"https:\\\/\\\/infocul.pt\\\/arquivo\\\/\",\"name\":\"Infocul.pt - Arquivo Digital\",\"description\":\"Arquivo digital da Infocul.pt\",\"publisher\":{\"@id\":\"https:\\\/\\\/infocul.pt\\\/arquivo\\\/#organization\"},\"potentialAction\":[{\"@type\":\"SearchAction\",\"target\":{\"@type\":\"EntryPoint\",\"urlTemplate\":\"https:\\\/\\\/infocul.pt\\\/arquivo\\\/?s={search_term_string}\"},\"query-input\":{\"@type\":\"PropertyValueSpecification\",\"valueRequired\":true,\"valueName\":\"search_term_string\"}}],\"inLanguage\":\"pt-PT\"},{\"@type\":\"Organization\",\"@id\":\"https:\\\/\\\/infocul.pt\\\/arquivo\\\/#organization\",\"name\":\"Infocul.pt\",\"url\":\"https:\\\/\\\/infocul.pt\\\/arquivo\\\/\",\"logo\":{\"@type\":\"ImageObject\",\"inLanguage\":\"pt-PT\",\"@id\":\"https:\\\/\\\/infocul.pt\\\/arquivo\\\/#\\\/schema\\\/logo\\\/image\\\/\",\"url\":\"https:\\\/\\\/infocul.pt\\\/arquivo\\\/wp-content\\\/uploads\\\/2018\\\/12\\\/Infocul_logo-1.png\",\"contentUrl\":\"https:\\\/\\\/infocul.pt\\\/arquivo\\\/wp-content\\\/uploads\\\/2018\\\/12\\\/Infocul_logo-1.png\",\"width\":800,\"height\":800,\"caption\":\"Infocul.pt\"},\"image\":{\"@id\":\"https:\\\/\\\/infocul.pt\\\/arquivo\\\/#\\\/schema\\\/logo\\\/image\\\/\"},\"sameAs\":[\"https:\\\/\\\/www.facebook.com\\\/Infocul-147816815585015\\\/\",\"https:\\\/\\\/x.com\\\/Infoculpt\",\"http:\\\/\\\/www.pictaram.com\\\/user\\\/infocul.pt\\\/2370423710\",\"https:\\\/\\\/www.youtube.com\\\/channel\\\/UCYEB91AGI9FL9ek2i_IaQAA\"]},{\"@type\":\"Person\",\"@id\":\"https:\\\/\\\/infocul.pt\\\/arquivo\\\/#\\\/schema\\\/person\\\/060a108d7f2d85fc6aae505119ee5234\",\"name\":\"Rui Lavrador\",\"image\":{\"@type\":\"ImageObject\",\"inLanguage\":\"pt-PT\",\"@id\":\"https:\\\/\\\/secure.gravatar.com\\\/avatar\\\/93febd6873394aa8e975148548a0cb203acfdd42d2c85c5f1408e1a76678aece?s=96&d=mm&r=g\",\"url\":\"https:\\\/\\\/secure.gravatar.com\\\/avatar\\\/93febd6873394aa8e975148548a0cb203acfdd42d2c85c5f1408e1a76678aece?s=96&d=mm&r=g\",\"contentUrl\":\"https:\\\/\\\/secure.gravatar.com\\\/avatar\\\/93febd6873394aa8e975148548a0cb203acfdd42d2c85c5f1408e1a76678aece?s=96&d=mm&r=g\",\"caption\":\"Rui Lavrador\"},\"description\":\"Iniciou em 2011 o seu percurso em comunica\u00e7\u00e3o social, tendo integrado v\u00e1rios projectos editoriais. Durante o seu percurso integrou projectos como Jornal Hardm\u00fasica, LusoNot\u00edcias, Toureio.pt, ODigital.pt, entre outros \u00d3rg\u00e3os de Comunica\u00e7\u00e3o Social nacionais, na redac\u00e7\u00e3o de v\u00e1rios artigos. Entrevistou a grande maioria das personalidades mais importantes da vida social e cultural do pa\u00eds, destacando-se, tamb\u00e9m, na aprecia\u00e7\u00e3o de v\u00e1rios espect\u00e1culos. Durante o seu percurso, deu a conhecer v\u00e1rios artistas, at\u00e9 ent\u00e3o desconhecidos, ao grande p\u00fablico. Em 2015 criou e fundou o Infocul.pt, projecto no qual assume a direc\u00e7\u00e3o editorial.\",\"sameAs\":[\"http:\\\/\\\/www.infocul.pt\"]}]}<\/script>\n<!-- \/ Yoast SEO plugin. -->","yoast_head_json":{"title":"Carluz Belo tem novo single e revela que \"o Minho \u00e9 uma terra de afectos\" | Infocul.pt - Arquivo Digital","description":"O m\u00fasico concedeu uma entrevista ao Infocul.pt","robots":{"index":"noindex","follow":"follow","max-snippet":"max-snippet:-1","max-image-preview":"max-image-preview:large","max-video-preview":"max-video-preview:-1"},"og_locale":"pt_PT","og_type":"article","og_title":"Carluz Belo tem novo single e revela que \"o Minho \u00e9 uma terra de afectos\" | Infocul.pt - Arquivo Digital","og_description":"O m\u00fasico concedeu uma entrevista ao Infocul.pt","og_url":"https:\/\/infocul.pt\/arquivo\/cultura\/carluz-belo-tem-novo-single-e-revela-que-o-minho-e-uma-terra-de-afectos\/","og_site_name":"Infocul.pt - Arquivo Digital","article_publisher":"https:\/\/www.facebook.com\/Infocul-147816815585015\/","article_published_time":"2020-05-18T23:00:43+00:00","og_image":[{"width":960,"height":540,"url":"https:\/\/infocul.pt\/arquivo\/wp-content\/uploads\/2020\/05\/97767160_1196643317350372_5776984029643407360_n.png","type":"image\/png"}],"author":"Rui Lavrador","twitter_card":"summary_large_image","twitter_creator":"@Infoculpt","twitter_site":"@Infoculpt","twitter_misc":{"Escrito por":"Rui Lavrador","Tempo estimado de leitura":"2 minutos"},"schema":{"@context":"https:\/\/schema.org","@graph":[{"@type":"Article","@id":"https:\/\/infocul.pt\/arquivo\/cultura\/carluz-belo-tem-novo-single-e-revela-que-o-minho-e-uma-terra-de-afectos\/#article","isPartOf":{"@id":"https:\/\/infocul.pt\/arquivo\/cultura\/carluz-belo-tem-novo-single-e-revela-que-o-minho-e-uma-terra-de-afectos\/"},"author":{"name":"Rui Lavrador","@id":"https:\/\/infocul.pt\/arquivo\/#\/schema\/person\/060a108d7f2d85fc6aae505119ee5234"},"headline":"Carluz Belo tem novo single e revela que &#8220;o Minho \u00e9 uma terra de afectos&#8221;","datePublished":"2020-05-18T23:00:43+00:00","mainEntityOfPage":{"@id":"https:\/\/infocul.pt\/arquivo\/cultura\/carluz-belo-tem-novo-single-e-revela-que-o-minho-e-uma-terra-de-afectos\/"},"wordCount":351,"commentCount":0,"publisher":{"@id":"https:\/\/infocul.pt\/arquivo\/#organization"},"image":{"@id":"https:\/\/infocul.pt\/arquivo\/cultura\/carluz-belo-tem-novo-single-e-revela-que-o-minho-e-uma-terra-de-afectos\/#primaryimage"},"thumbnailUrl":"https:\/\/infocul.pt\/arquivo\/wp-content\/uploads\/2020\/05\/97767160_1196643317350372_5776984029643407360_n.png","keywords":["Carluz Belo"],"articleSection":["Cultura","Destaque","Discos","Entrevistas"],"inLanguage":"pt-PT"},{"@type":"WebPage","@id":"https:\/\/infocul.pt\/arquivo\/cultura\/carluz-belo-tem-novo-single-e-revela-que-o-minho-e-uma-terra-de-afectos\/","url":"https:\/\/infocul.pt\/arquivo\/cultura\/carluz-belo-tem-novo-single-e-revela-que-o-minho-e-uma-terra-de-afectos\/","name":"Carluz Belo tem novo single e revela que \"o Minho \u00e9 uma terra de afectos\" | Infocul.pt - Arquivo Digital","isPartOf":{"@id":"https:\/\/infocul.pt\/arquivo\/#website"},"primaryImageOfPage":{"@id":"https:\/\/infocul.pt\/arquivo\/cultura\/carluz-belo-tem-novo-single-e-revela-que-o-minho-e-uma-terra-de-afectos\/#primaryimage"},"image":{"@id":"https:\/\/infocul.pt\/arquivo\/cultura\/carluz-belo-tem-novo-single-e-revela-que-o-minho-e-uma-terra-de-afectos\/#primaryimage"},"thumbnailUrl":"https:\/\/infocul.pt\/arquivo\/wp-content\/uploads\/2020\/05\/97767160_1196643317350372_5776984029643407360_n.png","datePublished":"2020-05-18T23:00:43+00:00","description":"O m\u00fasico concedeu uma entrevista ao Infocul.pt","breadcrumb":{"@id":"https:\/\/infocul.pt\/arquivo\/cultura\/carluz-belo-tem-novo-single-e-revela-que-o-minho-e-uma-terra-de-afectos\/#breadcrumb"},"inLanguage":"pt-PT","potentialAction":[{"@type":"ReadAction","target":["https:\/\/infocul.pt\/arquivo\/cultura\/carluz-belo-tem-novo-single-e-revela-que-o-minho-e-uma-terra-de-afectos\/"]}]},{"@type":"ImageObject","inLanguage":"pt-PT","@id":"https:\/\/infocul.pt\/arquivo\/cultura\/carluz-belo-tem-novo-single-e-revela-que-o-minho-e-uma-terra-de-afectos\/#primaryimage","url":"https:\/\/infocul.pt\/arquivo\/wp-content\/uploads\/2020\/05\/97767160_1196643317350372_5776984029643407360_n.png","contentUrl":"https:\/\/infocul.pt\/arquivo\/wp-content\/uploads\/2020\/05\/97767160_1196643317350372_5776984029643407360_n.png","width":960,"height":540},{"@type":"BreadcrumbList","@id":"https:\/\/infocul.pt\/arquivo\/cultura\/carluz-belo-tem-novo-single-e-revela-que-o-minho-e-uma-terra-de-afectos\/#breadcrumb","itemListElement":[{"@type":"ListItem","position":1,"name":"Home","item":"https:\/\/infocul.pt\/arquivo\/"},{"@type":"ListItem","position":2,"name":"Carluz Belo tem novo single e revela que &#8220;o Minho \u00e9 uma terra de afectos&#8221;"}]},{"@type":"WebSite","@id":"https:\/\/infocul.pt\/arquivo\/#website","url":"https:\/\/infocul.pt\/arquivo\/","name":"Infocul.pt - Arquivo Digital","description":"Arquivo digital da Infocul.pt","publisher":{"@id":"https:\/\/infocul.pt\/arquivo\/#organization"},"potentialAction":[{"@type":"SearchAction","target":{"@type":"EntryPoint","urlTemplate":"https:\/\/infocul.pt\/arquivo\/?s={search_term_string}"},"query-input":{"@type":"PropertyValueSpecification","valueRequired":true,"valueName":"search_term_string"}}],"inLanguage":"pt-PT"},{"@type":"Organization","@id":"https:\/\/infocul.pt\/arquivo\/#organization","name":"Infocul.pt","url":"https:\/\/infocul.pt\/arquivo\/","logo":{"@type":"ImageObject","inLanguage":"pt-PT","@id":"https:\/\/infocul.pt\/arquivo\/#\/schema\/logo\/image\/","url":"https:\/\/infocul.pt\/arquivo\/wp-content\/uploads\/2018\/12\/Infocul_logo-1.png","contentUrl":"https:\/\/infocul.pt\/arquivo\/wp-content\/uploads\/2018\/12\/Infocul_logo-1.png","width":800,"height":800,"caption":"Infocul.pt"},"image":{"@id":"https:\/\/infocul.pt\/arquivo\/#\/schema\/logo\/image\/"},"sameAs":["https:\/\/www.facebook.com\/Infocul-147816815585015\/","https:\/\/x.com\/Infoculpt","http:\/\/www.pictaram.com\/user\/infocul.pt\/2370423710","https:\/\/www.youtube.com\/channel\/UCYEB91AGI9FL9ek2i_IaQAA"]},{"@type":"Person","@id":"https:\/\/infocul.pt\/arquivo\/#\/schema\/person\/060a108d7f2d85fc6aae505119ee5234","name":"Rui Lavrador","image":{"@type":"ImageObject","inLanguage":"pt-PT","@id":"https:\/\/secure.gravatar.com\/avatar\/93febd6873394aa8e975148548a0cb203acfdd42d2c85c5f1408e1a76678aece?s=96&d=mm&r=g","url":"https:\/\/secure.gravatar.com\/avatar\/93febd6873394aa8e975148548a0cb203acfdd42d2c85c5f1408e1a76678aece?s=96&d=mm&r=g","contentUrl":"https:\/\/secure.gravatar.com\/avatar\/93febd6873394aa8e975148548a0cb203acfdd42d2c85c5f1408e1a76678aece?s=96&d=mm&r=g","caption":"Rui Lavrador"},"description":"Iniciou em 2011 o seu percurso em comunica\u00e7\u00e3o social, tendo integrado v\u00e1rios projectos editoriais. Durante o seu percurso integrou projectos como Jornal Hardm\u00fasica, LusoNot\u00edcias, Toureio.pt, ODigital.pt, entre outros \u00d3rg\u00e3os de Comunica\u00e7\u00e3o Social nacionais, na redac\u00e7\u00e3o de v\u00e1rios artigos. Entrevistou a grande maioria das personalidades mais importantes da vida social e cultural do pa\u00eds, destacando-se, tamb\u00e9m, na aprecia\u00e7\u00e3o de v\u00e1rios espect\u00e1culos. Durante o seu percurso, deu a conhecer v\u00e1rios artistas, at\u00e9 ent\u00e3o desconhecidos, ao grande p\u00fablico. Em 2015 criou e fundou o Infocul.pt, projecto no qual assume a direc\u00e7\u00e3o editorial.","sameAs":["http:\/\/www.infocul.pt"]}]}},"_links":{"self":[{"href":"https:\/\/infocul.pt\/arquivo\/wp-json\/wp\/v2\/posts\/71900","targetHints":{"allow":["GET"]}}],"collection":[{"href":"https:\/\/infocul.pt\/arquivo\/wp-json\/wp\/v2\/posts"}],"about":[{"href":"https:\/\/infocul.pt\/arquivo\/wp-json\/wp\/v2\/types\/post"}],"author":[{"embeddable":true,"href":"https:\/\/infocul.pt\/arquivo\/wp-json\/wp\/v2\/users\/2"}],"replies":[{"embeddable":true,"href":"https:\/\/infocul.pt\/arquivo\/wp-json\/wp\/v2\/comments?post=71900"}],"version-history":[{"count":0,"href":"https:\/\/infocul.pt\/arquivo\/wp-json\/wp\/v2\/posts\/71900\/revisions"}],"wp:featuredmedia":[{"embeddable":true,"href":"https:\/\/infocul.pt\/arquivo\/wp-json\/wp\/v2\/media\/71901"}],"wp:attachment":[{"href":"https:\/\/infocul.pt\/arquivo\/wp-json\/wp\/v2\/media?parent=71900"}],"wp:term":[{"taxonomy":"category","embeddable":true,"href":"https:\/\/infocul.pt\/arquivo\/wp-json\/wp\/v2\/categories?post=71900"},{"taxonomy":"post_tag","embeddable":true,"href":"https:\/\/infocul.pt\/arquivo\/wp-json\/wp\/v2\/tags?post=71900"}],"curies":[{"name":"wp","href":"https:\/\/api.w.org\/{rel}","templated":true}]}}