{"id":72283,"date":"2020-05-24T07:35:53","date_gmt":"2020-05-24T06:35:53","guid":{"rendered":"https:\/\/infocul.pt\/?p=72283"},"modified":"2020-05-24T07:35:53","modified_gmt":"2020-05-24T06:35:53","slug":"gira-o-disco-a-minha-playlist-na-quarentena","status":"publish","type":"post","link":"https:\/\/infocul.pt\/arquivo\/destaque\/gira-o-disco-a-minha-playlist-na-quarentena\/","title":{"rendered":"Gira o Disco: A Minha Playlist na Quarentena"},"content":{"rendered":"<p><img decoding=\"async\" class=\"aligncenter wp-image-68712 size-large lazyload\" data-src=\"https:\/\/infocul.pt\/arquivo\/wp-content\/uploads\/2020\/03\/WhatsApp-Image-2020-03-24-at-14.20.07-1024x683.jpeg\" alt=\"\" width=\"800\" height=\"534\" data-srcset=\"https:\/\/infocul.pt\/arquivo\/wp-content\/uploads\/2020\/03\/WhatsApp-Image-2020-03-24-at-14.20.07.jpeg 1024w, https:\/\/infocul.pt\/arquivo\/wp-content\/uploads\/2020\/03\/WhatsApp-Image-2020-03-24-at-14.20.07-300x200.jpeg 300w, https:\/\/infocul.pt\/arquivo\/wp-content\/uploads\/2020\/03\/WhatsApp-Image-2020-03-24-at-14.20.07-768x512.jpeg 768w, https:\/\/infocul.pt\/arquivo\/wp-content\/uploads\/2020\/03\/WhatsApp-Image-2020-03-24-at-14.20.07-1536x1024.jpeg 1536w\" data-sizes=\"(max-width: 800px) 100vw, 800px\" src=\"data:image\/svg+xml;base64,PHN2ZyB3aWR0aD0iMSIgaGVpZ2h0PSIxIiB4bWxucz0iaHR0cDovL3d3dy53My5vcmcvMjAwMC9zdmciPjwvc3ZnPg==\" style=\"--smush-placeholder-width: 800px; --smush-placeholder-aspect-ratio: 800\/534;\" \/><\/p>\n<p><span style=\"color: #000000;\"><span style=\"font-family: Liberation Serif, serif;\"><span style=\"font-size: medium;\">Neste per\u00edodo de isolamento social, a solid\u00e3o \u00e9 um sentimento recorrente, mas n\u00e3o podemos perder a esperan\u00e7a. Com um esp\u00edrito de supera\u00e7\u00e3o e perseveran\u00e7a em mente, juntei em uma s\u00f3 playlist temas que me ajudam nestes tempos dif\u00edceis. A jun\u00e7\u00e3o de can\u00e7\u00f5es mais recentes e de alguns temas que remontam ao s\u00e9culo passado, passando pelos expectros do pop, rock, alternativo e R&amp;B; permitem-me criar uma colet\u00e2nea com a qual me identifico intensamente.\u00a0<\/span><\/span><\/span><!--more--><\/p>\n<p>&nbsp;<\/p>\n<p><span style=\"color: #000000;\"><span style=\"font-family: Liberation Serif, serif;\"><span style=\"font-size: medium;\"><i>Amber Mark, &#8220;Conex\u00e3o\u201d\u00a0<\/i><\/span><\/span><\/span><\/p>\n<p><span style=\"color: #000000;\"><span style=\"font-family: Liberation Serif, serif;\"><span style=\"font-size: medium;\">Come\u00e7o esta playlist com uma adapta\u00e7\u00e3o moderna de Bossa Nova, direta de Nova Iorque. O seu t\u00edtulo diz tudo. O tema est\u00e1 escrito em ingl\u00eas, e a sua sonoridade traz uma certa tranquilidade, que n\u00e3o deixa de ser apaixonante ao mesmo tempo.\u00a0<\/span><\/span><\/span><\/p>\n<p>&nbsp;<\/p>\n<p><span style=\"color: #000000;\"><span style=\"font-family: Liberation Serif, serif;\"><span style=\"font-size: medium;\"><i>John Mayer, \u201cMoving On and Getting Over\u201d<\/i><\/span><\/span><\/span><\/p>\n<p><span style=\"color: #000000;\"><span style=\"font-family: Liberation Serif, serif;\"><span style=\"font-size: medium;\">Atrav\u00e9s de um equil\u00edbrio entre riffs bem pensados e blues carregados, nasce este tema. Fazendo refer\u00eancia a uma rela\u00e7\u00e3o passada do cantor, este admite a dificuldade de ultrapassar esses momentos marcantes. Presente no \u00e1lbum \u201cThe Search for Everything\u201d, a melodia do tema \u00e9 daquelas que nos faz querer dan\u00e7ar mas muito lentamente.\u00a0<\/span><\/span><\/span><\/p>\n<p>&nbsp;<\/p>\n<p><span style=\"color: #000000;\"><span style=\"font-family: Liberation Serif, serif;\"><span style=\"font-size: medium;\"><i>Slow J, &#8220;Onde \u00e9 que est\u00e1s?\u201d<\/i><\/span><\/span><\/span><\/p>\n<p><span style=\"color: #000000;\"><span style=\"font-family: Liberation Serif, serif;\"><span style=\"font-size: medium;\">Jo\u00e3o Coelho, mais conhecido por Slow J, reflete sobre o caminho que ultrapassou at\u00e9 aos dias de hoje, depois de muitos obst\u00e1culos, ao som de um ritmo alternativo.<\/span><\/span><\/span><\/p>\n<p>&nbsp;<\/p>\n<p><span style=\"color: #000000;\"><span style=\"font-family: Liberation Serif, serif;\"><span style=\"font-size: medium;\"><i>5 Seconds Of Summer, &#8220;Best Years&#8221;<\/i><\/span><\/span><\/span><\/p>\n<p><span style=\"font-family: Liberation Serif, serif;\"><span style=\"font-size: medium;\"><span style=\"color: #000000;\">Este tema fala sobre uma rela\u00e7\u00e3o e os seus altos e baixos, e a promessa de um futuro mais apaixonante<br \/>\nA banda australiana evoluiu bastante desde os seus prim\u00f3rdios, e tem crescido com o seu p\u00fablico. Passaram de adolescentes, que musicalmente n\u00e3o eram os mais dotados, onde o pop-rock era recorrente; para adultos que se permitiram explorar diferentes sonoridades, tornando o seu estilo pessoal mais completo e alternativo.<\/span><\/span><\/span><\/p>\n<p><span style=\"font-family: Liberation Serif, serif;\"><span style=\"font-size: medium;\"><span style=\"color: #000000;\"><br \/>\n<\/span><span style=\"color: #000000;\"><i>Snow Patrol, \u201cA Dark Switch\u201d<\/i><\/span><\/span><\/span><\/p>\n<p><span style=\"color: #000000;\"><span style=\"font-family: Liberation Serif, serif;\"><span style=\"font-size: medium;\">Apesar dos temas mais nost\u00e1lgicos, como \u201cChasing Cars\u201d, junto a esta playlist este tema, sa\u00eddo do \u00e1lbum \u201cWildness\u201d. Fala de como diferentes pessoas podem despertar aspetos em n\u00f3s mesmos que nunca t\u00ednhamos descobertoantes., sendo estes positivos ou negativos.<\/span><\/span><\/span><\/p>\n<p><span style=\"font-family: Liberation Serif, serif;\"><span style=\"font-size: medium;\"><br \/>\n<\/span><\/span><\/p>\n<p><span style=\"color: #000000;\"><span style=\"font-family: Liberation Serif, serif;\"><span style=\"font-size: medium;\"><i>The Beatles, \u201cHey Jude\u201d\u00a0<\/i><\/span><\/span><\/span><\/p>\n<p><span style=\"color: #000000;\"><span style=\"font-family: Liberation Serif, serif;\"><span style=\"font-size: medium;\">Apesar da sua dura\u00e7\u00e3o, todo o seu decurso \u00e9 uma viagem calma e bem planeada. Tornar os maus momentos em bons \u00e9 principal mensagem do tema desta ic\u00f3nica e intemporal banda brit\u00e2nica.<\/span><\/span><\/span><\/p>\n<p>&nbsp;<\/p>\n<p><span style=\"color: #000000;\"><span style=\"font-family: Liberation Serif, serif;\"><span style=\"font-size: medium;\"><i>Capit\u00e3o Fausto, \u201cLentamente\u201d<\/i><\/span><\/span><\/span><\/p>\n<p><span style=\"color: #000000;\"><span style=\"font-family: Liberation Serif, serif;\"><span style=\"font-size: medium;\">Num tom divertido, a banda portuguesa mostra que apesar das incertezas do futuro, tenta tirar o m\u00e1ximo proveito das situa\u00e7\u00f5es atuais. Desde jovens que est\u00e3o juntos, e a sua uni\u00e3o prevalece.\u00a0<\/span><\/span><\/span><\/p>\n<p>&nbsp;<\/p>\n<p><span style=\"color: #000000;\"><span style=\"font-family: Liberation Serif, serif;\"><span style=\"font-size: medium;\"><i>Celso, \u201cT\u00e1 Tudo Bem\u201d<\/i><\/span><\/span><\/span><\/p>\n<p><span style=\"color: #000000;\"><span style=\"font-family: Liberation Serif, serif;\"><span style=\"font-size: medium;\">N\u00e3o t\u00e3o conhecida, esta banda portuguesa constitu\u00edda por 5 jovens traz uma mensagem de positividade, mesmo nos momentos mais dif\u00edceis; com a ajuda do rock psicad\u00e9lico. Desde 2018 que t\u00eam lan\u00e7ado temas, mas n\u00e3o se v\u00ea nenhum \u00e1lbum \u00e0 vista.\u00a0<\/span><\/span><\/span><\/p>\n<p>&nbsp;<\/p>\n<p><span style=\"color: #000000;\"><span style=\"font-family: Liberation Serif, serif;\"><span style=\"font-size: medium;\"><i>Miguel Ara\u00fajo, Fizz Lim\u00e3o\u00a0<\/i><\/span><\/span><\/span><\/p>\n<p><span style=\"color: #000000;\"><span style=\"font-family: Liberation Serif, serif;\"><span style=\"font-size: medium;\">O artista portugu\u00eas tr\u00e1s a nostalgia de tempos passados atrav\u00e9s deste tema. De D. Sebasti\u00e3o a Chuck Norris ao Fizz Lim\u00e3o, o m\u00fasico enuncia refer\u00eancias conhecidas a muitos. Fala tamb\u00e9m sobre a positividade dos tempos passados e sobre a preval\u00eancia da negatividade dos tempos atuais. Apesar de ter sido lan\u00e7ado h\u00e1 sete anos atr\u00e1s, as refer\u00eancias presentes continuam na mem\u00f3ria de muitos portugueses.\u00a0<\/span><\/span><\/span><\/p>\n<p>&nbsp;<\/p>\n<p><span style=\"color: #000000;\"><span style=\"font-family: Liberation Serif, serif;\"><span style=\"font-size: medium;\"><i>Jorja Smith, \u201cBe Honest\u201d<\/i><\/span><\/span><\/span><\/p>\n<p><span style=\"color: #000000;\"><span style=\"font-family: Liberation Serif, serif;\"><span style=\"font-size: medium;\">Antes prevista para a edi\u00e7\u00e3o deste ano do NOS Alive, a artista norte-americana fala sobre a import\u00e2ncia na honestidade nas rela\u00e7\u00f5es, ao som de um ritmo viciante inserido no R&amp;B.\u00a0<\/span><\/span><\/span><\/p>\n<p>&nbsp;<\/p>\n<p><span style=\"color: #000000;\"><span style=\"font-family: Liberation Serif, serif;\"><span style=\"font-size: medium;\"><i>Rosal\u00eda, \u201cBAGDAD \u2013 Cap.7 : Liturgia\u201d<\/i><\/span><\/span><\/span><\/p>\n<p><span style=\"color: #000000;\"><span style=\"font-family: Liberation Serif, serif;\"><span style=\"font-size: medium;\">A cantora espanhola apresentou em 2018 com o seu \u00e1lbum \u201cEl Mal Querer\u201d uma narrativa cont\u00ednua. Neste tema, a personagem principal encontra-se na rua, triste, batendo palmas ao ritmo das \u201cbuler\u00edas\u201d, sendo depois salva por um \u201canjo ca\u00eddo\u201d.\u00a0<\/span><\/span><\/span><\/p>\n<p>&nbsp;<\/p>\n<p><span style=\"color: #000000;\"><span style=\"font-family: Liberation Serif, serif;\"><span style=\"font-size: medium;\"><i>Frank Ocean, \u201cPink + White\u201d<\/i><\/span><\/span><\/span><\/p>\n<p><span style=\"color: #000000;\"><span style=\"font-family: Liberation Serif, serif;\"><span style=\"font-size: medium;\">Prezado pelo seu trabalho como compositor, o artista apresenta frequentemente temas de interesse. Estando as sonoridades do R&amp;B e do soul presentes, Ocean junta a este tema c\u00e2nones antigos e o acompanhamento vocal de Beyonc\u00e9, tornando esta jornada de tumultuosas rela\u00e7\u00f5es amorosas mais brilhante.\u00a0<\/span><\/span><\/span><\/p>\n<p>&nbsp;<\/p>\n<p><span style=\"color: #000000;\"><span style=\"font-family: Liberation Serif, serif;\"><span style=\"font-size: medium;\"><i>twenty one pilots, \u201cLevel of Concern\u201d<\/i><\/span><\/span><\/span><\/p>\n<p><span style=\"font-family: Liberation Serif, serif;\"><span style=\"font-size: medium;\"><span style=\"color: #000000;\">A dupla norte-americana trouxe, <\/span><span style=\"color: #000000;\"><i>durant<\/i><\/span><span style=\"color: #000000;\">e este per\u00edodo de perman\u00eancia em casa, um novo tema. Tyler Joseph expressa a sua preocupa\u00e7\u00e3o e as suas inten\u00e7\u00f5es de se fechar com os que ama, pela sua prote\u00e7\u00e3o. Muitos dos f\u00e3s ficaram surpreendidos, j\u00e1 que \u00e9 muito recorrente que a banda deixe enigmas e pistas antes da estreia dos seus projetos. Este tema foi a excep\u00e7\u00e3o.\u00a0<\/span><\/span><\/span><\/p>\n<p>&nbsp;<\/p>\n<p><span style=\"color: #000000;\"><span style=\"font-family: Liberation Serif, serif;\"><span style=\"font-size: medium;\"><i>Green Day, \u201cWake Me Up When September Ends\u201d<\/i><\/span><\/span><\/span><\/p>\n<p><span style=\"color: #000000;\"><span style=\"font-family: Liberation Serif, serif;\"><span style=\"font-size: medium;\">Talvez um dos temas mais conhecidos da banda, e um dos mais \u00edntimos para o vocalista Billie Joe, este foca-se em como se torna a ignor\u00e2ncia num mecanismo de defesa nos tempos mais dif\u00edceis. Sempre com riffs que ficam no ouvido, o tema j\u00e1 antigo fala diretamente da perda de algu\u00e9m e de qu\u00e3o doloroso se pode tornar o processo de luto.<\/span><\/span><\/span><\/p>\n<p>&nbsp;<\/p>\n<p><span style=\"color: #000000;\"><span style=\"font-family: Liberation Serif, serif;\"><span style=\"font-size: medium;\"><i>Queen, \u201cThe Show Must Go On\u201d<\/i><\/span><\/span><\/span><\/p>\n<p><span style=\"color: #000000;\"><span style=\"font-family: Liberation Serif, serif;\"><span style=\"font-size: medium;\">Da ic\u00f3nica banda brit\u00e2nica, adiciono este tema pela sua mensagem de prosperidade e f\u00e9 naquilo que nos sucede. A voz de Freddie Mercury sempre me transpareceu mensagens sinceras, e agora mais do que nunca, precisamos de encontrar a vontade para continuar em frente.<\/span><\/span><\/span><\/p>\n<p>&nbsp;<\/p>\n<p><span style=\"color: #000000;\"><span style=\"font-family: Liberation Serif, serif;\"><span style=\"font-size: medium;\"><i>Panic! At The Disco, \u201cImpossible Year\u201d<\/i><\/span><\/span><\/span><\/p>\n<p><span style=\"color: #000000;\"><span style=\"font-family: Liberation Serif, serif;\"><span style=\"font-size: medium;\">Apesar de nunca se ter apresentado no nosso pa\u00eds, Brendon Urie, \u00fanico membro restante da banda, continua com o legado que come\u00e7ou em 2004. Combinando o pessimismo e a positividade, Urie apela aos seus ouvintes para que tirem proveito dos bons momentos e para que ultrapassem as dificuldades. O tema foi escrito ap\u00f3s o ano de 2016, ap\u00f3s a sa\u00edda de Spencer Smith, antigo baterista da banda.\u00a0<\/span><\/span><\/span><\/p>\n<p>&nbsp;<\/p>\n<p><span style=\"color: #000000;\"><span style=\"font-family: Liberation Serif, serif;\"><span style=\"font-size: medium;\"><i>Billie Eilish, \u201ceverything i wanted\u201d\u00a0<\/i><\/span><\/span><\/span><\/p>\n<p><span style=\"color: #000000;\"><span style=\"font-family: Liberation Serif, serif;\"><span style=\"font-size: medium;\">Ap\u00f3s um sonho onde contemplativa tirar a pr\u00f3pria vida e era negada por todos, Eilish criou este tema. A jovem norte-americana insere-se no campo musical desde tenra idade, \u00e9 com o passar dos anos, as suas letras t\u00eam-se tornado mais cruas e honestas, e n\u00e3o tem medo de experimentar com diferentes sonoridades.\u00a0<\/span><\/span><\/span><\/p>\n<p>&nbsp;<\/p>\n<p><span style=\"color: #000000;\"><span style=\"font-family: Liberation Serif, serif;\"><span style=\"font-size: medium;\"><i>The 1975, \u201cDon\u2019t Worry\u201d<\/i><\/span><\/span><\/span><\/p>\n<p><span style=\"color: #000000;\"><span style=\"font-family: Liberation Serif, serif;\"><span style=\"font-size: medium;\">Do \u00e1lbum mais recente da banda \u201cNotes On a Conditional Form\u201d, lan\u00e7ado no passado dia 22. Escrita por Tim Healy; pai de Matty Healy, vocalista da banda brit\u00e2nica, expressa uma mensagem de esperan\u00e7a para os desesperados, para aqueles que est\u00e3o perdidos no amor e na vida. Apesar de ser uma balada, foi adaptada para o estilo alternativo caracter\u00edstico da banda.\u00a0<\/span><\/span><\/span><\/p>\n","protected":false},"excerpt":{"rendered":"<p>Neste per\u00edodo de isolamento social, a solid\u00e3o \u00e9 um sentimento recorrente, mas n\u00e3o podemos perder a esperan\u00e7a. Com um esp\u00edrito de supera\u00e7\u00e3o e perseveran\u00e7a em mente, juntei em uma s\u00f3 playlist temas que me ajudam nestes tempos dif\u00edceis. A jun\u00e7\u00e3o de can\u00e7\u00f5es mais recentes e de alguns temas que remontam ao s\u00e9culo passado, passando pelos [&hellip;]<\/p>\n","protected":false},"author":20,"featured_media":68712,"comment_status":"open","ping_status":"closed","sticky":false,"template":"","format":"standard","meta":{"footnotes":""},"categories":[36,4,4121],"tags":[9219],"class_list":["post-72283","post","type-post","status-publish","format-standard","has-post-thumbnail","hentry","category-destaque","category-discos","category-opiniao","tag-gira-o-disco"],"yoast_head":"<!-- This site is optimized with the Yoast SEO plugin v27.5 - https:\/\/yoast.com\/product\/yoast-seo-wordpress\/ -->\n<title>Gira o Disco: A Minha Playlist na Quarentena | Infocul.pt - Arquivo Digital<\/title>\n<meta name=\"description\" content=\"Gira o Disco: A Minha Playlist na Quarentena | Infocul.pt - Arquivo Digital\" \/>\n<meta name=\"robots\" content=\"noindex, follow, max-snippet:-1, max-image-preview:large, max-video-preview:-1\" \/>\n<meta property=\"og:locale\" content=\"pt_PT\" \/>\n<meta property=\"og:type\" content=\"article\" \/>\n<meta property=\"og:title\" content=\"Gira o Disco: A Minha Playlist na Quarentena | Infocul.pt - Arquivo Digital\" \/>\n<meta property=\"og:description\" content=\"Gira o Disco: A Minha Playlist na Quarentena | Infocul.pt - Arquivo Digital\" \/>\n<meta property=\"og:url\" content=\"https:\/\/infocul.pt\/arquivo\/destaque\/gira-o-disco-a-minha-playlist-na-quarentena\/\" \/>\n<meta property=\"og:site_name\" content=\"Infocul.pt - Arquivo Digital\" \/>\n<meta property=\"article:publisher\" content=\"https:\/\/www.facebook.com\/Infocul-147816815585015\/\" \/>\n<meta property=\"article:published_time\" content=\"2020-05-24T06:35:53+00:00\" \/>\n<meta property=\"og:image\" content=\"https:\/\/infocul.pt\/arquivo\/wp-content\/uploads\/2020\/03\/WhatsApp-Image-2020-03-24-at-14.20.07.jpeg\" \/>\n\t<meta property=\"og:image:width\" content=\"1024\" \/>\n\t<meta property=\"og:image:height\" content=\"683\" \/>\n\t<meta property=\"og:image:type\" content=\"image\/jpeg\" \/>\n<meta name=\"author\" content=\"Mariana Nave\" \/>\n<meta name=\"twitter:card\" content=\"summary_large_image\" \/>\n<meta name=\"twitter:creator\" content=\"@Infoculpt\" \/>\n<meta name=\"twitter:site\" content=\"@Infoculpt\" \/>\n<meta name=\"twitter:label1\" content=\"Escrito por\" \/>\n\t<meta name=\"twitter:data1\" content=\"Mariana Nave\" \/>\n\t<meta name=\"twitter:label2\" content=\"Tempo estimado de leitura\" \/>\n\t<meta name=\"twitter:data2\" content=\"6 minutos\" \/>\n<script type=\"application\/ld+json\" class=\"yoast-schema-graph\">{\"@context\":\"https:\\\/\\\/schema.org\",\"@graph\":[{\"@type\":\"Article\",\"@id\":\"https:\\\/\\\/infocul.pt\\\/arquivo\\\/destaque\\\/gira-o-disco-a-minha-playlist-na-quarentena\\\/#article\",\"isPartOf\":{\"@id\":\"https:\\\/\\\/infocul.pt\\\/arquivo\\\/destaque\\\/gira-o-disco-a-minha-playlist-na-quarentena\\\/\"},\"author\":{\"name\":\"Mariana Nave\",\"@id\":\"https:\\\/\\\/infocul.pt\\\/arquivo\\\/#\\\/schema\\\/person\\\/81ab97f0541b157888e4cad082e85379\"},\"headline\":\"Gira o Disco: A Minha Playlist na Quarentena\",\"datePublished\":\"2020-05-24T06:35:53+00:00\",\"mainEntityOfPage\":{\"@id\":\"https:\\\/\\\/infocul.pt\\\/arquivo\\\/destaque\\\/gira-o-disco-a-minha-playlist-na-quarentena\\\/\"},\"wordCount\":1130,\"commentCount\":0,\"publisher\":{\"@id\":\"https:\\\/\\\/infocul.pt\\\/arquivo\\\/#organization\"},\"image\":{\"@id\":\"https:\\\/\\\/infocul.pt\\\/arquivo\\\/destaque\\\/gira-o-disco-a-minha-playlist-na-quarentena\\\/#primaryimage\"},\"thumbnailUrl\":\"https:\\\/\\\/infocul.pt\\\/arquivo\\\/wp-content\\\/uploads\\\/2020\\\/03\\\/WhatsApp-Image-2020-03-24-at-14.20.07.jpeg\",\"keywords\":[\"Gira O Disco\"],\"articleSection\":[\"Destaque\",\"Discos\",\"Opini\u00e3o\"],\"inLanguage\":\"pt-PT\"},{\"@type\":\"WebPage\",\"@id\":\"https:\\\/\\\/infocul.pt\\\/arquivo\\\/destaque\\\/gira-o-disco-a-minha-playlist-na-quarentena\\\/\",\"url\":\"https:\\\/\\\/infocul.pt\\\/arquivo\\\/destaque\\\/gira-o-disco-a-minha-playlist-na-quarentena\\\/\",\"name\":\"Gira o Disco: A Minha Playlist na Quarentena | Infocul.pt - Arquivo Digital\",\"isPartOf\":{\"@id\":\"https:\\\/\\\/infocul.pt\\\/arquivo\\\/#website\"},\"primaryImageOfPage\":{\"@id\":\"https:\\\/\\\/infocul.pt\\\/arquivo\\\/destaque\\\/gira-o-disco-a-minha-playlist-na-quarentena\\\/#primaryimage\"},\"image\":{\"@id\":\"https:\\\/\\\/infocul.pt\\\/arquivo\\\/destaque\\\/gira-o-disco-a-minha-playlist-na-quarentena\\\/#primaryimage\"},\"thumbnailUrl\":\"https:\\\/\\\/infocul.pt\\\/arquivo\\\/wp-content\\\/uploads\\\/2020\\\/03\\\/WhatsApp-Image-2020-03-24-at-14.20.07.jpeg\",\"datePublished\":\"2020-05-24T06:35:53+00:00\",\"description\":\"Gira o Disco: A Minha Playlist na Quarentena | Infocul.pt - Arquivo Digital\",\"breadcrumb\":{\"@id\":\"https:\\\/\\\/infocul.pt\\\/arquivo\\\/destaque\\\/gira-o-disco-a-minha-playlist-na-quarentena\\\/#breadcrumb\"},\"inLanguage\":\"pt-PT\",\"potentialAction\":[{\"@type\":\"ReadAction\",\"target\":[\"https:\\\/\\\/infocul.pt\\\/arquivo\\\/destaque\\\/gira-o-disco-a-minha-playlist-na-quarentena\\\/\"]}]},{\"@type\":\"ImageObject\",\"inLanguage\":\"pt-PT\",\"@id\":\"https:\\\/\\\/infocul.pt\\\/arquivo\\\/destaque\\\/gira-o-disco-a-minha-playlist-na-quarentena\\\/#primaryimage\",\"url\":\"https:\\\/\\\/infocul.pt\\\/arquivo\\\/wp-content\\\/uploads\\\/2020\\\/03\\\/WhatsApp-Image-2020-03-24-at-14.20.07.jpeg\",\"contentUrl\":\"https:\\\/\\\/infocul.pt\\\/arquivo\\\/wp-content\\\/uploads\\\/2020\\\/03\\\/WhatsApp-Image-2020-03-24-at-14.20.07.jpeg\",\"width\":1024,\"height\":683},{\"@type\":\"BreadcrumbList\",\"@id\":\"https:\\\/\\\/infocul.pt\\\/arquivo\\\/destaque\\\/gira-o-disco-a-minha-playlist-na-quarentena\\\/#breadcrumb\",\"itemListElement\":[{\"@type\":\"ListItem\",\"position\":1,\"name\":\"Home\",\"item\":\"https:\\\/\\\/infocul.pt\\\/arquivo\\\/\"},{\"@type\":\"ListItem\",\"position\":2,\"name\":\"Gira o Disco: A Minha Playlist na Quarentena\"}]},{\"@type\":\"WebSite\",\"@id\":\"https:\\\/\\\/infocul.pt\\\/arquivo\\\/#website\",\"url\":\"https:\\\/\\\/infocul.pt\\\/arquivo\\\/\",\"name\":\"Infocul.pt - Arquivo Digital\",\"description\":\"Arquivo digital da Infocul.pt\",\"publisher\":{\"@id\":\"https:\\\/\\\/infocul.pt\\\/arquivo\\\/#organization\"},\"potentialAction\":[{\"@type\":\"SearchAction\",\"target\":{\"@type\":\"EntryPoint\",\"urlTemplate\":\"https:\\\/\\\/infocul.pt\\\/arquivo\\\/?s={search_term_string}\"},\"query-input\":{\"@type\":\"PropertyValueSpecification\",\"valueRequired\":true,\"valueName\":\"search_term_string\"}}],\"inLanguage\":\"pt-PT\"},{\"@type\":\"Organization\",\"@id\":\"https:\\\/\\\/infocul.pt\\\/arquivo\\\/#organization\",\"name\":\"Infocul.pt\",\"url\":\"https:\\\/\\\/infocul.pt\\\/arquivo\\\/\",\"logo\":{\"@type\":\"ImageObject\",\"inLanguage\":\"pt-PT\",\"@id\":\"https:\\\/\\\/infocul.pt\\\/arquivo\\\/#\\\/schema\\\/logo\\\/image\\\/\",\"url\":\"https:\\\/\\\/infocul.pt\\\/arquivo\\\/wp-content\\\/uploads\\\/2018\\\/12\\\/Infocul_logo-1.png\",\"contentUrl\":\"https:\\\/\\\/infocul.pt\\\/arquivo\\\/wp-content\\\/uploads\\\/2018\\\/12\\\/Infocul_logo-1.png\",\"width\":800,\"height\":800,\"caption\":\"Infocul.pt\"},\"image\":{\"@id\":\"https:\\\/\\\/infocul.pt\\\/arquivo\\\/#\\\/schema\\\/logo\\\/image\\\/\"},\"sameAs\":[\"https:\\\/\\\/www.facebook.com\\\/Infocul-147816815585015\\\/\",\"https:\\\/\\\/x.com\\\/Infoculpt\",\"http:\\\/\\\/www.pictaram.com\\\/user\\\/infocul.pt\\\/2370423710\",\"https:\\\/\\\/www.youtube.com\\\/channel\\\/UCYEB91AGI9FL9ek2i_IaQAA\"]},{\"@type\":\"Person\",\"@id\":\"https:\\\/\\\/infocul.pt\\\/arquivo\\\/#\\\/schema\\\/person\\\/81ab97f0541b157888e4cad082e85379\",\"name\":\"Mariana Nave\",\"image\":{\"@type\":\"ImageObject\",\"inLanguage\":\"pt-PT\",\"@id\":\"https:\\\/\\\/secure.gravatar.com\\\/avatar\\\/c88ca83ec3e70f2c68e12fb31d20e52e4067a2b7ca6a32ed93bfdfa6797e214d?s=96&d=mm&r=g\",\"url\":\"https:\\\/\\\/secure.gravatar.com\\\/avatar\\\/c88ca83ec3e70f2c68e12fb31d20e52e4067a2b7ca6a32ed93bfdfa6797e214d?s=96&d=mm&r=g\",\"contentUrl\":\"https:\\\/\\\/secure.gravatar.com\\\/avatar\\\/c88ca83ec3e70f2c68e12fb31d20e52e4067a2b7ca6a32ed93bfdfa6797e214d?s=96&d=mm&r=g\",\"caption\":\"Mariana Nave\"},\"description\":\"Em Fevereiro de 2019, come\u00e7ou a trabalhar com o projecto Infocul.pt, sendo este tamb\u00e9m o primeiro projecto com que colabora. Apesar de ainda n\u00e3o ter um longo percurso, continua a trabalhar sempre com o objectivo de melhorar as suas capacidades no ramo da comunica\u00e7\u00e3o social.\"}]}<\/script>\n<!-- \/ Yoast SEO plugin. -->","yoast_head_json":{"title":"Gira o Disco: A Minha Playlist na Quarentena | Infocul.pt - Arquivo Digital","description":"Gira o Disco: A Minha Playlist na Quarentena | Infocul.pt - Arquivo Digital","robots":{"index":"noindex","follow":"follow","max-snippet":"max-snippet:-1","max-image-preview":"max-image-preview:large","max-video-preview":"max-video-preview:-1"},"og_locale":"pt_PT","og_type":"article","og_title":"Gira o Disco: A Minha Playlist na Quarentena | Infocul.pt - Arquivo Digital","og_description":"Gira o Disco: A Minha Playlist na Quarentena | Infocul.pt - Arquivo Digital","og_url":"https:\/\/infocul.pt\/arquivo\/destaque\/gira-o-disco-a-minha-playlist-na-quarentena\/","og_site_name":"Infocul.pt - Arquivo Digital","article_publisher":"https:\/\/www.facebook.com\/Infocul-147816815585015\/","article_published_time":"2020-05-24T06:35:53+00:00","og_image":[{"width":1024,"height":683,"url":"https:\/\/infocul.pt\/arquivo\/wp-content\/uploads\/2020\/03\/WhatsApp-Image-2020-03-24-at-14.20.07.jpeg","type":"image\/jpeg"}],"author":"Mariana Nave","twitter_card":"summary_large_image","twitter_creator":"@Infoculpt","twitter_site":"@Infoculpt","twitter_misc":{"Escrito por":"Mariana Nave","Tempo estimado de leitura":"6 minutos"},"schema":{"@context":"https:\/\/schema.org","@graph":[{"@type":"Article","@id":"https:\/\/infocul.pt\/arquivo\/destaque\/gira-o-disco-a-minha-playlist-na-quarentena\/#article","isPartOf":{"@id":"https:\/\/infocul.pt\/arquivo\/destaque\/gira-o-disco-a-minha-playlist-na-quarentena\/"},"author":{"name":"Mariana Nave","@id":"https:\/\/infocul.pt\/arquivo\/#\/schema\/person\/81ab97f0541b157888e4cad082e85379"},"headline":"Gira o Disco: A Minha Playlist na Quarentena","datePublished":"2020-05-24T06:35:53+00:00","mainEntityOfPage":{"@id":"https:\/\/infocul.pt\/arquivo\/destaque\/gira-o-disco-a-minha-playlist-na-quarentena\/"},"wordCount":1130,"commentCount":0,"publisher":{"@id":"https:\/\/infocul.pt\/arquivo\/#organization"},"image":{"@id":"https:\/\/infocul.pt\/arquivo\/destaque\/gira-o-disco-a-minha-playlist-na-quarentena\/#primaryimage"},"thumbnailUrl":"https:\/\/infocul.pt\/arquivo\/wp-content\/uploads\/2020\/03\/WhatsApp-Image-2020-03-24-at-14.20.07.jpeg","keywords":["Gira O Disco"],"articleSection":["Destaque","Discos","Opini\u00e3o"],"inLanguage":"pt-PT"},{"@type":"WebPage","@id":"https:\/\/infocul.pt\/arquivo\/destaque\/gira-o-disco-a-minha-playlist-na-quarentena\/","url":"https:\/\/infocul.pt\/arquivo\/destaque\/gira-o-disco-a-minha-playlist-na-quarentena\/","name":"Gira o Disco: A Minha Playlist na Quarentena | Infocul.pt - Arquivo Digital","isPartOf":{"@id":"https:\/\/infocul.pt\/arquivo\/#website"},"primaryImageOfPage":{"@id":"https:\/\/infocul.pt\/arquivo\/destaque\/gira-o-disco-a-minha-playlist-na-quarentena\/#primaryimage"},"image":{"@id":"https:\/\/infocul.pt\/arquivo\/destaque\/gira-o-disco-a-minha-playlist-na-quarentena\/#primaryimage"},"thumbnailUrl":"https:\/\/infocul.pt\/arquivo\/wp-content\/uploads\/2020\/03\/WhatsApp-Image-2020-03-24-at-14.20.07.jpeg","datePublished":"2020-05-24T06:35:53+00:00","description":"Gira o Disco: A Minha Playlist na Quarentena | Infocul.pt - Arquivo Digital","breadcrumb":{"@id":"https:\/\/infocul.pt\/arquivo\/destaque\/gira-o-disco-a-minha-playlist-na-quarentena\/#breadcrumb"},"inLanguage":"pt-PT","potentialAction":[{"@type":"ReadAction","target":["https:\/\/infocul.pt\/arquivo\/destaque\/gira-o-disco-a-minha-playlist-na-quarentena\/"]}]},{"@type":"ImageObject","inLanguage":"pt-PT","@id":"https:\/\/infocul.pt\/arquivo\/destaque\/gira-o-disco-a-minha-playlist-na-quarentena\/#primaryimage","url":"https:\/\/infocul.pt\/arquivo\/wp-content\/uploads\/2020\/03\/WhatsApp-Image-2020-03-24-at-14.20.07.jpeg","contentUrl":"https:\/\/infocul.pt\/arquivo\/wp-content\/uploads\/2020\/03\/WhatsApp-Image-2020-03-24-at-14.20.07.jpeg","width":1024,"height":683},{"@type":"BreadcrumbList","@id":"https:\/\/infocul.pt\/arquivo\/destaque\/gira-o-disco-a-minha-playlist-na-quarentena\/#breadcrumb","itemListElement":[{"@type":"ListItem","position":1,"name":"Home","item":"https:\/\/infocul.pt\/arquivo\/"},{"@type":"ListItem","position":2,"name":"Gira o Disco: A Minha Playlist na Quarentena"}]},{"@type":"WebSite","@id":"https:\/\/infocul.pt\/arquivo\/#website","url":"https:\/\/infocul.pt\/arquivo\/","name":"Infocul.pt - Arquivo Digital","description":"Arquivo digital da Infocul.pt","publisher":{"@id":"https:\/\/infocul.pt\/arquivo\/#organization"},"potentialAction":[{"@type":"SearchAction","target":{"@type":"EntryPoint","urlTemplate":"https:\/\/infocul.pt\/arquivo\/?s={search_term_string}"},"query-input":{"@type":"PropertyValueSpecification","valueRequired":true,"valueName":"search_term_string"}}],"inLanguage":"pt-PT"},{"@type":"Organization","@id":"https:\/\/infocul.pt\/arquivo\/#organization","name":"Infocul.pt","url":"https:\/\/infocul.pt\/arquivo\/","logo":{"@type":"ImageObject","inLanguage":"pt-PT","@id":"https:\/\/infocul.pt\/arquivo\/#\/schema\/logo\/image\/","url":"https:\/\/infocul.pt\/arquivo\/wp-content\/uploads\/2018\/12\/Infocul_logo-1.png","contentUrl":"https:\/\/infocul.pt\/arquivo\/wp-content\/uploads\/2018\/12\/Infocul_logo-1.png","width":800,"height":800,"caption":"Infocul.pt"},"image":{"@id":"https:\/\/infocul.pt\/arquivo\/#\/schema\/logo\/image\/"},"sameAs":["https:\/\/www.facebook.com\/Infocul-147816815585015\/","https:\/\/x.com\/Infoculpt","http:\/\/www.pictaram.com\/user\/infocul.pt\/2370423710","https:\/\/www.youtube.com\/channel\/UCYEB91AGI9FL9ek2i_IaQAA"]},{"@type":"Person","@id":"https:\/\/infocul.pt\/arquivo\/#\/schema\/person\/81ab97f0541b157888e4cad082e85379","name":"Mariana Nave","image":{"@type":"ImageObject","inLanguage":"pt-PT","@id":"https:\/\/secure.gravatar.com\/avatar\/c88ca83ec3e70f2c68e12fb31d20e52e4067a2b7ca6a32ed93bfdfa6797e214d?s=96&d=mm&r=g","url":"https:\/\/secure.gravatar.com\/avatar\/c88ca83ec3e70f2c68e12fb31d20e52e4067a2b7ca6a32ed93bfdfa6797e214d?s=96&d=mm&r=g","contentUrl":"https:\/\/secure.gravatar.com\/avatar\/c88ca83ec3e70f2c68e12fb31d20e52e4067a2b7ca6a32ed93bfdfa6797e214d?s=96&d=mm&r=g","caption":"Mariana Nave"},"description":"Em Fevereiro de 2019, come\u00e7ou a trabalhar com o projecto Infocul.pt, sendo este tamb\u00e9m o primeiro projecto com que colabora. Apesar de ainda n\u00e3o ter um longo percurso, continua a trabalhar sempre com o objectivo de melhorar as suas capacidades no ramo da comunica\u00e7\u00e3o social."}]}},"_links":{"self":[{"href":"https:\/\/infocul.pt\/arquivo\/wp-json\/wp\/v2\/posts\/72283","targetHints":{"allow":["GET"]}}],"collection":[{"href":"https:\/\/infocul.pt\/arquivo\/wp-json\/wp\/v2\/posts"}],"about":[{"href":"https:\/\/infocul.pt\/arquivo\/wp-json\/wp\/v2\/types\/post"}],"author":[{"embeddable":true,"href":"https:\/\/infocul.pt\/arquivo\/wp-json\/wp\/v2\/users\/20"}],"replies":[{"embeddable":true,"href":"https:\/\/infocul.pt\/arquivo\/wp-json\/wp\/v2\/comments?post=72283"}],"version-history":[{"count":0,"href":"https:\/\/infocul.pt\/arquivo\/wp-json\/wp\/v2\/posts\/72283\/revisions"}],"wp:featuredmedia":[{"embeddable":true,"href":"https:\/\/infocul.pt\/arquivo\/wp-json\/wp\/v2\/media\/68712"}],"wp:attachment":[{"href":"https:\/\/infocul.pt\/arquivo\/wp-json\/wp\/v2\/media?parent=72283"}],"wp:term":[{"taxonomy":"category","embeddable":true,"href":"https:\/\/infocul.pt\/arquivo\/wp-json\/wp\/v2\/categories?post=72283"},{"taxonomy":"post_tag","embeddable":true,"href":"https:\/\/infocul.pt\/arquivo\/wp-json\/wp\/v2\/tags?post=72283"}],"curies":[{"name":"wp","href":"https:\/\/api.w.org\/{rel}","templated":true}]}}