{"id":72712,"date":"2020-05-29T15:53:12","date_gmt":"2020-05-29T14:53:12","guid":{"rendered":"https:\/\/infocul.pt\/?p=72712"},"modified":"2020-05-30T09:49:08","modified_gmt":"2020-05-30T08:49:08","slug":"sector-tauromaquico-esteve-esta-manha-na-assembleia-da-republica-c-video","status":"publish","type":"post","link":"https:\/\/infocul.pt\/arquivo\/actualidade\/sector-tauromaquico-esteve-esta-manha-na-assembleia-da-republica-c-video\/","title":{"rendered":"Sector Taurom\u00e1quico esteve esta manh\u00e3 na Assembleia da Rep\u00fablica (C\/V\u00eddeo)"},"content":{"rendered":"<figure id=\"attachment_72714\" aria-describedby=\"caption-attachment-72714\" style=\"width: 678px\" class=\"wp-caption aligncenter\"><img decoding=\"async\" class=\"wp-image-72714 size-full lazyload\" data-src=\"https:\/\/infocul.pt\/arquivo\/wp-content\/uploads\/2020\/05\/comissao_cultura-678x381-1.jpg\" alt=\"\" width=\"678\" height=\"381\" data-srcset=\"https:\/\/infocul.pt\/arquivo\/wp-content\/uploads\/2020\/05\/comissao_cultura-678x381-1.jpg 678w, https:\/\/infocul.pt\/arquivo\/wp-content\/uploads\/2020\/05\/comissao_cultura-678x381-1-300x169.jpg 300w\" data-sizes=\"(max-width: 678px) 100vw, 678px\" src=\"data:image\/svg+xml;base64,PHN2ZyB3aWR0aD0iMSIgaGVpZ2h0PSIxIiB4bWxucz0iaHR0cDovL3d3dy53My5vcmcvMjAwMC9zdmciPjwvc3ZnPg==\" style=\"--smush-placeholder-width: 678px; --smush-placeholder-aspect-ratio: 678\/381;\" \/><figcaption id=\"caption-attachment-72714\" class=\"wp-caption-text\">D.R\/TOUREIO.PT<\/figcaption><\/figure>\n<p>Conforme noticiamos, a Pr\u00f3toiro foi recebida em audi\u00eancia, esta sexta-feira, pela Comiss\u00e3o de Cultura e Comunica\u00e7\u00e3o.<!--more--><\/p>\n<p>Nuno Pardal, Presidente da Associa\u00e7\u00e3o Nacional de Toureiros e H\u00e9lder Milheiro, da Pr\u00f3toiro, foram os representantes do Sector Taurom\u00e1quico, tendo explanado, diante dos deputados, as v\u00e1rias preocupa\u00e7\u00f5es do sector, perante a crise pand\u00e9mica que se instalou no pa\u00eds e que afectou fortemente este sector.<\/p>\n<p>Uma audi\u00eancia que pode ver e ouvir de seguida, em imagens da ARTV:<\/p>\n<p>https:\/\/youtu.be\/ivwJ9gX-nnk<\/p>\n","protected":false},"excerpt":{"rendered":"<p>Conforme noticiamos, a Pr\u00f3toiro foi recebida em audi\u00eancia, esta sexta-feira, pela Comiss\u00e3o de Cultura e Comunica\u00e7\u00e3o.<\/p>\n","protected":false},"author":13,"featured_media":72714,"comment_status":"open","ping_status":"closed","sticky":false,"template":"","format":"standard","meta":{"footnotes":""},"categories":[10,2,11,16,7],"tags":[4076],"class_list":["post-72712","post","type-post","status-publish","format-standard","has-post-thumbnail","hentry","category-actualidade","category-cultura","category-pais","category-politica","category-tauromaquia","tag-protoiro"],"yoast_head":"<!-- This site is optimized with the Yoast SEO plugin v27.4 - https:\/\/yoast.com\/product\/yoast-seo-wordpress\/ -->\n<title>Sector Taurom\u00e1quico esteve esta manh\u00e3 na Assembleia da Rep\u00fablica (C\/V\u00eddeo) | Infocul.pt - Arquivo Digital<\/title>\n<meta name=\"description\" content=\"Sector Taurom\u00e1quico esteve esta manh\u00e3 na Assembleia da Rep\u00fablica (C\/V\u00eddeo) | Infocul.pt - Arquivo Digital\" \/>\n<meta name=\"robots\" content=\"noindex, follow, max-snippet:-1, max-image-preview:large, max-video-preview:-1\" \/>\n<meta property=\"og:locale\" content=\"pt_PT\" \/>\n<meta property=\"og:type\" content=\"article\" \/>\n<meta property=\"og:title\" content=\"Sector Taurom\u00e1quico esteve esta manh\u00e3 na Assembleia da Rep\u00fablica (C\/V\u00eddeo) | Infocul.pt - Arquivo Digital\" \/>\n<meta property=\"og:description\" content=\"Sector Taurom\u00e1quico esteve esta manh\u00e3 na Assembleia da Rep\u00fablica (C\/V\u00eddeo) | Infocul.pt - Arquivo Digital\" \/>\n<meta property=\"og:url\" content=\"https:\/\/infocul.pt\/arquivo\/actualidade\/sector-tauromaquico-esteve-esta-manha-na-assembleia-da-republica-c-video\/\" \/>\n<meta property=\"og:site_name\" content=\"Infocul.pt - Arquivo Digital\" \/>\n<meta property=\"article:publisher\" content=\"https:\/\/www.facebook.com\/Infocul-147816815585015\/\" \/>\n<meta property=\"article:published_time\" content=\"2020-05-29T14:53:12+00:00\" \/>\n<meta property=\"article:modified_time\" content=\"2020-05-30T08:49:08+00:00\" \/>\n<meta property=\"og:image\" content=\"https:\/\/infocul.pt\/arquivo\/wp-content\/uploads\/2020\/05\/comissao_cultura-678x381-1.jpg\" \/>\n\t<meta property=\"og:image:width\" content=\"678\" \/>\n\t<meta property=\"og:image:height\" content=\"381\" \/>\n\t<meta property=\"og:image:type\" content=\"image\/jpeg\" \/>\n<meta name=\"author\" content=\"Redac\u00e7\u00e3o\" \/>\n<meta name=\"twitter:card\" content=\"summary_large_image\" \/>\n<meta name=\"twitter:creator\" content=\"@Infoculpt\" \/>\n<meta name=\"twitter:site\" content=\"@Infoculpt\" \/>\n<meta name=\"twitter:label1\" content=\"Escrito por\" \/>\n\t<meta name=\"twitter:data1\" content=\"Redac\u00e7\u00e3o\" \/>\n\t<meta name=\"twitter:label2\" content=\"Tempo estimado de leitura\" \/>\n\t<meta name=\"twitter:data2\" content=\"1 minuto\" \/>\n<script type=\"application\/ld+json\" class=\"yoast-schema-graph\">{\"@context\":\"https:\\\/\\\/schema.org\",\"@graph\":[{\"@type\":\"Article\",\"@id\":\"https:\\\/\\\/infocul.pt\\\/arquivo\\\/actualidade\\\/sector-tauromaquico-esteve-esta-manha-na-assembleia-da-republica-c-video\\\/#article\",\"isPartOf\":{\"@id\":\"https:\\\/\\\/infocul.pt\\\/arquivo\\\/actualidade\\\/sector-tauromaquico-esteve-esta-manha-na-assembleia-da-republica-c-video\\\/\"},\"author\":{\"name\":\"Redac\u00e7\u00e3o\",\"@id\":\"https:\\\/\\\/infocul.pt\\\/arquivo\\\/#\\\/schema\\\/person\\\/f243f45ae8d67639120a7586884f3abc\"},\"headline\":\"Sector Taurom\u00e1quico esteve esta manh\u00e3 na Assembleia da Rep\u00fablica (C\\\/V\u00eddeo)\",\"datePublished\":\"2020-05-29T14:53:12+00:00\",\"dateModified\":\"2020-05-30T08:49:08+00:00\",\"mainEntityOfPage\":{\"@id\":\"https:\\\/\\\/infocul.pt\\\/arquivo\\\/actualidade\\\/sector-tauromaquico-esteve-esta-manha-na-assembleia-da-republica-c-video\\\/\"},\"wordCount\":116,\"commentCount\":0,\"publisher\":{\"@id\":\"https:\\\/\\\/infocul.pt\\\/arquivo\\\/#organization\"},\"image\":{\"@id\":\"https:\\\/\\\/infocul.pt\\\/arquivo\\\/actualidade\\\/sector-tauromaquico-esteve-esta-manha-na-assembleia-da-republica-c-video\\\/#primaryimage\"},\"thumbnailUrl\":\"https:\\\/\\\/infocul.pt\\\/arquivo\\\/wp-content\\\/uploads\\\/2020\\\/05\\\/comissao_cultura-678x381-1.jpg\",\"keywords\":[\"Pr\u00f3toiro\"],\"articleSection\":[\"Actualidade\",\"Cultura\",\"Pa\u00eds\",\"Politica\",\"Tauromaquia\"],\"inLanguage\":\"pt-PT\"},{\"@type\":\"WebPage\",\"@id\":\"https:\\\/\\\/infocul.pt\\\/arquivo\\\/actualidade\\\/sector-tauromaquico-esteve-esta-manha-na-assembleia-da-republica-c-video\\\/\",\"url\":\"https:\\\/\\\/infocul.pt\\\/arquivo\\\/actualidade\\\/sector-tauromaquico-esteve-esta-manha-na-assembleia-da-republica-c-video\\\/\",\"name\":\"Sector Taurom\u00e1quico esteve esta manh\u00e3 na Assembleia da Rep\u00fablica (C\\\/V\u00eddeo) | Infocul.pt - Arquivo Digital\",\"isPartOf\":{\"@id\":\"https:\\\/\\\/infocul.pt\\\/arquivo\\\/#website\"},\"primaryImageOfPage\":{\"@id\":\"https:\\\/\\\/infocul.pt\\\/arquivo\\\/actualidade\\\/sector-tauromaquico-esteve-esta-manha-na-assembleia-da-republica-c-video\\\/#primaryimage\"},\"image\":{\"@id\":\"https:\\\/\\\/infocul.pt\\\/arquivo\\\/actualidade\\\/sector-tauromaquico-esteve-esta-manha-na-assembleia-da-republica-c-video\\\/#primaryimage\"},\"thumbnailUrl\":\"https:\\\/\\\/infocul.pt\\\/arquivo\\\/wp-content\\\/uploads\\\/2020\\\/05\\\/comissao_cultura-678x381-1.jpg\",\"datePublished\":\"2020-05-29T14:53:12+00:00\",\"dateModified\":\"2020-05-30T08:49:08+00:00\",\"description\":\"Sector Taurom\u00e1quico esteve esta manh\u00e3 na Assembleia da Rep\u00fablica (C\\\/V\u00eddeo) | Infocul.pt - Arquivo Digital\",\"breadcrumb\":{\"@id\":\"https:\\\/\\\/infocul.pt\\\/arquivo\\\/actualidade\\\/sector-tauromaquico-esteve-esta-manha-na-assembleia-da-republica-c-video\\\/#breadcrumb\"},\"inLanguage\":\"pt-PT\",\"potentialAction\":[{\"@type\":\"ReadAction\",\"target\":[\"https:\\\/\\\/infocul.pt\\\/arquivo\\\/actualidade\\\/sector-tauromaquico-esteve-esta-manha-na-assembleia-da-republica-c-video\\\/\"]}]},{\"@type\":\"ImageObject\",\"inLanguage\":\"pt-PT\",\"@id\":\"https:\\\/\\\/infocul.pt\\\/arquivo\\\/actualidade\\\/sector-tauromaquico-esteve-esta-manha-na-assembleia-da-republica-c-video\\\/#primaryimage\",\"url\":\"https:\\\/\\\/infocul.pt\\\/arquivo\\\/wp-content\\\/uploads\\\/2020\\\/05\\\/comissao_cultura-678x381-1.jpg\",\"contentUrl\":\"https:\\\/\\\/infocul.pt\\\/arquivo\\\/wp-content\\\/uploads\\\/2020\\\/05\\\/comissao_cultura-678x381-1.jpg\",\"width\":678,\"height\":381},{\"@type\":\"BreadcrumbList\",\"@id\":\"https:\\\/\\\/infocul.pt\\\/arquivo\\\/actualidade\\\/sector-tauromaquico-esteve-esta-manha-na-assembleia-da-republica-c-video\\\/#breadcrumb\",\"itemListElement\":[{\"@type\":\"ListItem\",\"position\":1,\"name\":\"Home\",\"item\":\"https:\\\/\\\/infocul.pt\\\/arquivo\\\/\"},{\"@type\":\"ListItem\",\"position\":2,\"name\":\"Sector Taurom\u00e1quico esteve esta manh\u00e3 na Assembleia da Rep\u00fablica (C\\\/V\u00eddeo)\"}]},{\"@type\":\"WebSite\",\"@id\":\"https:\\\/\\\/infocul.pt\\\/arquivo\\\/#website\",\"url\":\"https:\\\/\\\/infocul.pt\\\/arquivo\\\/\",\"name\":\"Infocul.pt - Arquivo Digital\",\"description\":\"Arquivo digital da Infocul.pt\",\"publisher\":{\"@id\":\"https:\\\/\\\/infocul.pt\\\/arquivo\\\/#organization\"},\"potentialAction\":[{\"@type\":\"SearchAction\",\"target\":{\"@type\":\"EntryPoint\",\"urlTemplate\":\"https:\\\/\\\/infocul.pt\\\/arquivo\\\/?s={search_term_string}\"},\"query-input\":{\"@type\":\"PropertyValueSpecification\",\"valueRequired\":true,\"valueName\":\"search_term_string\"}}],\"inLanguage\":\"pt-PT\"},{\"@type\":\"Organization\",\"@id\":\"https:\\\/\\\/infocul.pt\\\/arquivo\\\/#organization\",\"name\":\"Infocul.pt\",\"url\":\"https:\\\/\\\/infocul.pt\\\/arquivo\\\/\",\"logo\":{\"@type\":\"ImageObject\",\"inLanguage\":\"pt-PT\",\"@id\":\"https:\\\/\\\/infocul.pt\\\/arquivo\\\/#\\\/schema\\\/logo\\\/image\\\/\",\"url\":\"https:\\\/\\\/infocul.pt\\\/arquivo\\\/wp-content\\\/uploads\\\/2018\\\/12\\\/Infocul_logo-1.png\",\"contentUrl\":\"https:\\\/\\\/infocul.pt\\\/arquivo\\\/wp-content\\\/uploads\\\/2018\\\/12\\\/Infocul_logo-1.png\",\"width\":800,\"height\":800,\"caption\":\"Infocul.pt\"},\"image\":{\"@id\":\"https:\\\/\\\/infocul.pt\\\/arquivo\\\/#\\\/schema\\\/logo\\\/image\\\/\"},\"sameAs\":[\"https:\\\/\\\/www.facebook.com\\\/Infocul-147816815585015\\\/\",\"https:\\\/\\\/x.com\\\/Infoculpt\",\"http:\\\/\\\/www.pictaram.com\\\/user\\\/infocul.pt\\\/2370423710\",\"https:\\\/\\\/www.youtube.com\\\/channel\\\/UCYEB91AGI9FL9ek2i_IaQAA\"]},{\"@type\":\"Person\",\"@id\":\"https:\\\/\\\/infocul.pt\\\/arquivo\\\/#\\\/schema\\\/person\\\/f243f45ae8d67639120a7586884f3abc\",\"name\":\"Redac\u00e7\u00e3o\",\"image\":{\"@type\":\"ImageObject\",\"inLanguage\":\"pt-PT\",\"@id\":\"https:\\\/\\\/secure.gravatar.com\\\/avatar\\\/151b1b76c598ab5e749407223bd6c1bad4e41c4e95de3c3df83540ebee2deaf8?s=96&d=mm&r=g\",\"url\":\"https:\\\/\\\/secure.gravatar.com\\\/avatar\\\/151b1b76c598ab5e749407223bd6c1bad4e41c4e95de3c3df83540ebee2deaf8?s=96&d=mm&r=g\",\"contentUrl\":\"https:\\\/\\\/secure.gravatar.com\\\/avatar\\\/151b1b76c598ab5e749407223bd6c1bad4e41c4e95de3c3df83540ebee2deaf8?s=96&d=mm&r=g\",\"caption\":\"Redac\u00e7\u00e3o\"}}]}<\/script>\n<!-- \/ Yoast SEO plugin. -->","yoast_head_json":{"title":"Sector Taurom\u00e1quico esteve esta manh\u00e3 na Assembleia da Rep\u00fablica (C\/V\u00eddeo) | Infocul.pt - Arquivo Digital","description":"Sector Taurom\u00e1quico esteve esta manh\u00e3 na Assembleia da Rep\u00fablica (C\/V\u00eddeo) | Infocul.pt - Arquivo Digital","robots":{"index":"noindex","follow":"follow","max-snippet":"max-snippet:-1","max-image-preview":"max-image-preview:large","max-video-preview":"max-video-preview:-1"},"og_locale":"pt_PT","og_type":"article","og_title":"Sector Taurom\u00e1quico esteve esta manh\u00e3 na Assembleia da Rep\u00fablica (C\/V\u00eddeo) | Infocul.pt - Arquivo Digital","og_description":"Sector Taurom\u00e1quico esteve esta manh\u00e3 na Assembleia da Rep\u00fablica (C\/V\u00eddeo) | Infocul.pt - Arquivo Digital","og_url":"https:\/\/infocul.pt\/arquivo\/actualidade\/sector-tauromaquico-esteve-esta-manha-na-assembleia-da-republica-c-video\/","og_site_name":"Infocul.pt - Arquivo Digital","article_publisher":"https:\/\/www.facebook.com\/Infocul-147816815585015\/","article_published_time":"2020-05-29T14:53:12+00:00","article_modified_time":"2020-05-30T08:49:08+00:00","og_image":[{"width":678,"height":381,"url":"https:\/\/infocul.pt\/arquivo\/wp-content\/uploads\/2020\/05\/comissao_cultura-678x381-1.jpg","type":"image\/jpeg"}],"author":"Redac\u00e7\u00e3o","twitter_card":"summary_large_image","twitter_creator":"@Infoculpt","twitter_site":"@Infoculpt","twitter_misc":{"Escrito por":"Redac\u00e7\u00e3o","Tempo estimado de leitura":"1 minuto"},"schema":{"@context":"https:\/\/schema.org","@graph":[{"@type":"Article","@id":"https:\/\/infocul.pt\/arquivo\/actualidade\/sector-tauromaquico-esteve-esta-manha-na-assembleia-da-republica-c-video\/#article","isPartOf":{"@id":"https:\/\/infocul.pt\/arquivo\/actualidade\/sector-tauromaquico-esteve-esta-manha-na-assembleia-da-republica-c-video\/"},"author":{"name":"Redac\u00e7\u00e3o","@id":"https:\/\/infocul.pt\/arquivo\/#\/schema\/person\/f243f45ae8d67639120a7586884f3abc"},"headline":"Sector Taurom\u00e1quico esteve esta manh\u00e3 na Assembleia da Rep\u00fablica (C\/V\u00eddeo)","datePublished":"2020-05-29T14:53:12+00:00","dateModified":"2020-05-30T08:49:08+00:00","mainEntityOfPage":{"@id":"https:\/\/infocul.pt\/arquivo\/actualidade\/sector-tauromaquico-esteve-esta-manha-na-assembleia-da-republica-c-video\/"},"wordCount":116,"commentCount":0,"publisher":{"@id":"https:\/\/infocul.pt\/arquivo\/#organization"},"image":{"@id":"https:\/\/infocul.pt\/arquivo\/actualidade\/sector-tauromaquico-esteve-esta-manha-na-assembleia-da-republica-c-video\/#primaryimage"},"thumbnailUrl":"https:\/\/infocul.pt\/arquivo\/wp-content\/uploads\/2020\/05\/comissao_cultura-678x381-1.jpg","keywords":["Pr\u00f3toiro"],"articleSection":["Actualidade","Cultura","Pa\u00eds","Politica","Tauromaquia"],"inLanguage":"pt-PT"},{"@type":"WebPage","@id":"https:\/\/infocul.pt\/arquivo\/actualidade\/sector-tauromaquico-esteve-esta-manha-na-assembleia-da-republica-c-video\/","url":"https:\/\/infocul.pt\/arquivo\/actualidade\/sector-tauromaquico-esteve-esta-manha-na-assembleia-da-republica-c-video\/","name":"Sector Taurom\u00e1quico esteve esta manh\u00e3 na Assembleia da Rep\u00fablica (C\/V\u00eddeo) | Infocul.pt - Arquivo Digital","isPartOf":{"@id":"https:\/\/infocul.pt\/arquivo\/#website"},"primaryImageOfPage":{"@id":"https:\/\/infocul.pt\/arquivo\/actualidade\/sector-tauromaquico-esteve-esta-manha-na-assembleia-da-republica-c-video\/#primaryimage"},"image":{"@id":"https:\/\/infocul.pt\/arquivo\/actualidade\/sector-tauromaquico-esteve-esta-manha-na-assembleia-da-republica-c-video\/#primaryimage"},"thumbnailUrl":"https:\/\/infocul.pt\/arquivo\/wp-content\/uploads\/2020\/05\/comissao_cultura-678x381-1.jpg","datePublished":"2020-05-29T14:53:12+00:00","dateModified":"2020-05-30T08:49:08+00:00","description":"Sector Taurom\u00e1quico esteve esta manh\u00e3 na Assembleia da Rep\u00fablica (C\/V\u00eddeo) | Infocul.pt - Arquivo Digital","breadcrumb":{"@id":"https:\/\/infocul.pt\/arquivo\/actualidade\/sector-tauromaquico-esteve-esta-manha-na-assembleia-da-republica-c-video\/#breadcrumb"},"inLanguage":"pt-PT","potentialAction":[{"@type":"ReadAction","target":["https:\/\/infocul.pt\/arquivo\/actualidade\/sector-tauromaquico-esteve-esta-manha-na-assembleia-da-republica-c-video\/"]}]},{"@type":"ImageObject","inLanguage":"pt-PT","@id":"https:\/\/infocul.pt\/arquivo\/actualidade\/sector-tauromaquico-esteve-esta-manha-na-assembleia-da-republica-c-video\/#primaryimage","url":"https:\/\/infocul.pt\/arquivo\/wp-content\/uploads\/2020\/05\/comissao_cultura-678x381-1.jpg","contentUrl":"https:\/\/infocul.pt\/arquivo\/wp-content\/uploads\/2020\/05\/comissao_cultura-678x381-1.jpg","width":678,"height":381},{"@type":"BreadcrumbList","@id":"https:\/\/infocul.pt\/arquivo\/actualidade\/sector-tauromaquico-esteve-esta-manha-na-assembleia-da-republica-c-video\/#breadcrumb","itemListElement":[{"@type":"ListItem","position":1,"name":"Home","item":"https:\/\/infocul.pt\/arquivo\/"},{"@type":"ListItem","position":2,"name":"Sector Taurom\u00e1quico esteve esta manh\u00e3 na Assembleia da Rep\u00fablica (C\/V\u00eddeo)"}]},{"@type":"WebSite","@id":"https:\/\/infocul.pt\/arquivo\/#website","url":"https:\/\/infocul.pt\/arquivo\/","name":"Infocul.pt - Arquivo Digital","description":"Arquivo digital da Infocul.pt","publisher":{"@id":"https:\/\/infocul.pt\/arquivo\/#organization"},"potentialAction":[{"@type":"SearchAction","target":{"@type":"EntryPoint","urlTemplate":"https:\/\/infocul.pt\/arquivo\/?s={search_term_string}"},"query-input":{"@type":"PropertyValueSpecification","valueRequired":true,"valueName":"search_term_string"}}],"inLanguage":"pt-PT"},{"@type":"Organization","@id":"https:\/\/infocul.pt\/arquivo\/#organization","name":"Infocul.pt","url":"https:\/\/infocul.pt\/arquivo\/","logo":{"@type":"ImageObject","inLanguage":"pt-PT","@id":"https:\/\/infocul.pt\/arquivo\/#\/schema\/logo\/image\/","url":"https:\/\/infocul.pt\/arquivo\/wp-content\/uploads\/2018\/12\/Infocul_logo-1.png","contentUrl":"https:\/\/infocul.pt\/arquivo\/wp-content\/uploads\/2018\/12\/Infocul_logo-1.png","width":800,"height":800,"caption":"Infocul.pt"},"image":{"@id":"https:\/\/infocul.pt\/arquivo\/#\/schema\/logo\/image\/"},"sameAs":["https:\/\/www.facebook.com\/Infocul-147816815585015\/","https:\/\/x.com\/Infoculpt","http:\/\/www.pictaram.com\/user\/infocul.pt\/2370423710","https:\/\/www.youtube.com\/channel\/UCYEB91AGI9FL9ek2i_IaQAA"]},{"@type":"Person","@id":"https:\/\/infocul.pt\/arquivo\/#\/schema\/person\/f243f45ae8d67639120a7586884f3abc","name":"Redac\u00e7\u00e3o","image":{"@type":"ImageObject","inLanguage":"pt-PT","@id":"https:\/\/secure.gravatar.com\/avatar\/151b1b76c598ab5e749407223bd6c1bad4e41c4e95de3c3df83540ebee2deaf8?s=96&d=mm&r=g","url":"https:\/\/secure.gravatar.com\/avatar\/151b1b76c598ab5e749407223bd6c1bad4e41c4e95de3c3df83540ebee2deaf8?s=96&d=mm&r=g","contentUrl":"https:\/\/secure.gravatar.com\/avatar\/151b1b76c598ab5e749407223bd6c1bad4e41c4e95de3c3df83540ebee2deaf8?s=96&d=mm&r=g","caption":"Redac\u00e7\u00e3o"}}]}},"_links":{"self":[{"href":"https:\/\/infocul.pt\/arquivo\/wp-json\/wp\/v2\/posts\/72712","targetHints":{"allow":["GET"]}}],"collection":[{"href":"https:\/\/infocul.pt\/arquivo\/wp-json\/wp\/v2\/posts"}],"about":[{"href":"https:\/\/infocul.pt\/arquivo\/wp-json\/wp\/v2\/types\/post"}],"author":[{"embeddable":true,"href":"https:\/\/infocul.pt\/arquivo\/wp-json\/wp\/v2\/users\/13"}],"replies":[{"embeddable":true,"href":"https:\/\/infocul.pt\/arquivo\/wp-json\/wp\/v2\/comments?post=72712"}],"version-history":[{"count":0,"href":"https:\/\/infocul.pt\/arquivo\/wp-json\/wp\/v2\/posts\/72712\/revisions"}],"wp:featuredmedia":[{"embeddable":true,"href":"https:\/\/infocul.pt\/arquivo\/wp-json\/wp\/v2\/media\/72714"}],"wp:attachment":[{"href":"https:\/\/infocul.pt\/arquivo\/wp-json\/wp\/v2\/media?parent=72712"}],"wp:term":[{"taxonomy":"category","embeddable":true,"href":"https:\/\/infocul.pt\/arquivo\/wp-json\/wp\/v2\/categories?post=72712"},{"taxonomy":"post_tag","embeddable":true,"href":"https:\/\/infocul.pt\/arquivo\/wp-json\/wp\/v2\/tags?post=72712"}],"curies":[{"name":"wp","href":"https:\/\/api.w.org\/{rel}","templated":true}]}}