{"id":72785,"date":"2020-05-30T16:29:00","date_gmt":"2020-05-30T15:29:00","guid":{"rendered":"https:\/\/infocul.pt\/?p=72785"},"modified":"2020-05-30T16:29:44","modified_gmt":"2020-05-30T15:29:44","slug":"helder-milheiro-sobre-os-forcados-no-regresso-das-touradas-tem-havido-alguma-especulacao-sobre-esse-tema-mas-nao-ha-razao-nenhuma-para-isso","status":"publish","type":"post","link":"https:\/\/infocul.pt\/arquivo\/cultura\/helder-milheiro-sobre-os-forcados-no-regresso-das-touradas-tem-havido-alguma-especulacao-sobre-esse-tema-mas-nao-ha-razao-nenhuma-para-isso\/","title":{"rendered":"Helder Milheiro sobre os forcados no regresso das touradas: &#8220;Tem havido alguma especula\u00e7\u00e3o sobre esse tema, mas n\u00e3o h\u00e1 raz\u00e3o nenhuma para isso\u201d"},"content":{"rendered":"<p><img decoding=\"async\" class=\"aligncenter wp-image-9090 size-full lazyload\" data-src=\"https:\/\/infocul.pt\/arquivo\/wp-content\/uploads\/2016\/06\/Forcados-de-coruche-3-27.jpg\" alt=\"\" width=\"600\" height=\"400\" data-srcset=\"https:\/\/infocul.pt\/arquivo\/wp-content\/uploads\/2016\/06\/Forcados-de-coruche-3-27.jpg 600w, https:\/\/infocul.pt\/arquivo\/wp-content\/uploads\/2016\/06\/Forcados-de-coruche-3-27-300x200.jpg 300w, https:\/\/infocul.pt\/arquivo\/wp-content\/uploads\/2016\/06\/Forcados-de-coruche-3-27-272x182.jpg 272w\" data-sizes=\"(max-width: 600px) 100vw, 600px\" src=\"data:image\/svg+xml;base64,PHN2ZyB3aWR0aD0iMSIgaGVpZ2h0PSIxIiB4bWxucz0iaHR0cDovL3d3dy53My5vcmcvMjAwMC9zdmciPjwvc3ZnPg==\" style=\"--smush-placeholder-width: 600px; --smush-placeholder-aspect-ratio: 600\/400;\" \/><\/p>\n<p>Como ontem aqui demos conta, <a href=\"https:\/\/infocul.pt\/arquivo\/actualidade\/sector-tauromaquico-esteve-esta-manha-na-assembleia-da-republica-c-video\/\" target=\"_blank\" rel=\"noopener noreferrer\">a Pr\u00f3toiro foi recebida na comiss\u00e3o de cultura<\/a>, na Assembleia da Rep\u00fablica. Helder Milheiro e Nuno Pardal foram os representantes do sector taurom\u00e1quico.<!--more--><\/p>\n<p>Helder Milheiro concedeu, posteriormente, declara\u00e7\u00f5es ao Infocul.pt e ao Toureio.pt para abordar algumas das tem\u00e1ticas mais importantes sobre o regresso dos espect\u00e1culos e ainda fazer um balan\u00e7o sobre a audi\u00eancia.<\/p>\n<p>Helder come\u00e7ou por nos \u201c<i><b>d<\/b><\/i><i><b>estacar ter a comiss\u00e3o de cultura com uma predisposi\u00e7\u00e3o e abertura em ouvir os v\u00e1rios sectores da cultura<\/b><\/i>\u201d.<\/p>\n<p>Quanto ao sector taurom\u00e1quico, e pese os espect\u00e1culos serem permitidos a partir de dia 1 de Junho, \u201c<i><b>n<\/b><\/i><i><b>\u00e3o \u00e9 cr\u00edvel que existam espect\u00e1culos taurom\u00e1quicos at\u00e9 Julho, porque toda a produ\u00e7\u00e3o e promo\u00e7\u00e3o dos espect\u00e1culos assim o obriga<\/b><\/i>\u201d.<\/p>\n<p>Destacou ainda que \u201c<i><b>a<\/b><\/i><i><b>s indica\u00e7\u00f5es da DGS parecem-nos razo\u00e1veis<\/b><\/i>\u201d. E quando questionado se alguma pra\u00e7a poderia ser interditada (devido a antiguidade ou falta de condi\u00e7\u00f5es) disse-nos que \u201c<i><b>s<\/b><\/i><i><b>e as salas est\u00e3o autorizadas, pela IGAC, a ser utilizadas n\u00e3o h\u00e1 nenhuma raz\u00e3o para n\u00e3o o serem<\/b><\/i>\u201d.<\/p>\n<p>J\u00e1 quanto \u00e0 quest\u00e3o dos forcados, que tem levantado algumas d\u00favidas no meio, disse que \u201ct<i><b>em havido alguma especula\u00e7\u00e3o sobre esse tema, mas n\u00e3o h\u00e1 raz\u00e3o nenhuma para isso\u201d <\/b><\/i><i><b>dando como exemplo \u201co<\/b><\/i><i><b>s jogadores de futebol v\u00e3o jogar e s\u00e3o 22 em contacto<\/b><\/i>\u201d ou ainda \u201c<i><b>o<\/b><\/i><i><b>s actores v\u00e3o continuar a representar em palco e a tocar-se<\/b><\/i>\u201d.<\/p>\n<p>https:\/\/youtu.be\/Bn6dOtg8dZY<\/p>\n","protected":false},"excerpt":{"rendered":"<p>Como ontem aqui demos conta, a Pr\u00f3toiro foi recebida na comiss\u00e3o de cultura, na Assembleia da Rep\u00fablica. Helder Milheiro e Nuno Pardal foram os representantes do sector taurom\u00e1quico.<\/p>\n","protected":false},"author":2,"featured_media":9090,"comment_status":"open","ping_status":"closed","sticky":false,"template":"","format":"standard","meta":{"footnotes":""},"categories":[2,36,4124,7],"tags":[4076],"class_list":["post-72785","post","type-post","status-publish","format-standard","has-post-thumbnail","hentry","category-cultura","category-destaque","category-entrevistas","category-tauromaquia","tag-protoiro"],"yoast_head":"<!-- This site is optimized with the Yoast SEO plugin v27.4 - https:\/\/yoast.com\/product\/yoast-seo-wordpress\/ -->\n<title>Helder Milheiro sobre os forcados no regresso das touradas: &quot;Tem havido alguma especula\u00e7\u00e3o sobre esse tema, mas n\u00e3o h\u00e1 raz\u00e3o nenhuma para isso\u201d | Infocul.pt - Arquivo Digital<\/title>\n<meta name=\"description\" content=\"Helder Milheiro sobre os forcados no regresso das touradas: &quot;Tem havido alguma especula\u00e7\u00e3o sobre esse tema, mas n\u00e3o h\u00e1 raz\u00e3o nenhuma para isso\u201d | Infocul.pt - Arquivo Digital\" \/>\n<meta name=\"robots\" content=\"noindex, follow, max-snippet:-1, max-image-preview:large, max-video-preview:-1\" \/>\n<meta property=\"og:locale\" content=\"pt_PT\" \/>\n<meta property=\"og:type\" content=\"article\" \/>\n<meta property=\"og:title\" content=\"Helder Milheiro sobre os forcados no regresso das touradas: &quot;Tem havido alguma especula\u00e7\u00e3o sobre esse tema, mas n\u00e3o h\u00e1 raz\u00e3o nenhuma para isso\u201d | Infocul.pt - Arquivo Digital\" \/>\n<meta property=\"og:description\" content=\"Helder Milheiro sobre os forcados no regresso das touradas: &quot;Tem havido alguma especula\u00e7\u00e3o sobre esse tema, mas n\u00e3o h\u00e1 raz\u00e3o nenhuma para isso\u201d | Infocul.pt - Arquivo Digital\" \/>\n<meta property=\"og:url\" content=\"https:\/\/infocul.pt\/arquivo\/cultura\/helder-milheiro-sobre-os-forcados-no-regresso-das-touradas-tem-havido-alguma-especulacao-sobre-esse-tema-mas-nao-ha-razao-nenhuma-para-isso\/\" \/>\n<meta property=\"og:site_name\" content=\"Infocul.pt - Arquivo Digital\" \/>\n<meta property=\"article:publisher\" content=\"https:\/\/www.facebook.com\/Infocul-147816815585015\/\" \/>\n<meta property=\"article:published_time\" content=\"2020-05-30T15:29:00+00:00\" \/>\n<meta property=\"article:modified_time\" content=\"2020-05-30T15:29:44+00:00\" \/>\n<meta property=\"og:image\" content=\"https:\/\/infocul.pt\/arquivo\/wp-content\/uploads\/2016\/06\/Forcados-de-coruche-3-27.jpg\" \/>\n\t<meta property=\"og:image:width\" content=\"600\" \/>\n\t<meta property=\"og:image:height\" content=\"400\" \/>\n\t<meta property=\"og:image:type\" content=\"image\/jpeg\" \/>\n<meta name=\"author\" content=\"Rui Lavrador\" \/>\n<meta name=\"twitter:card\" content=\"summary_large_image\" \/>\n<meta name=\"twitter:creator\" content=\"@Infoculpt\" \/>\n<meta name=\"twitter:site\" content=\"@Infoculpt\" \/>\n<meta name=\"twitter:label1\" content=\"Escrito por\" \/>\n\t<meta name=\"twitter:data1\" content=\"Rui Lavrador\" \/>\n\t<meta name=\"twitter:label2\" content=\"Tempo estimado de leitura\" \/>\n\t<meta name=\"twitter:data2\" content=\"1 minuto\" \/>\n<script type=\"application\/ld+json\" class=\"yoast-schema-graph\">{\"@context\":\"https:\\\/\\\/schema.org\",\"@graph\":[{\"@type\":\"Article\",\"@id\":\"https:\\\/\\\/infocul.pt\\\/arquivo\\\/cultura\\\/helder-milheiro-sobre-os-forcados-no-regresso-das-touradas-tem-havido-alguma-especulacao-sobre-esse-tema-mas-nao-ha-razao-nenhuma-para-isso\\\/#article\",\"isPartOf\":{\"@id\":\"https:\\\/\\\/infocul.pt\\\/arquivo\\\/cultura\\\/helder-milheiro-sobre-os-forcados-no-regresso-das-touradas-tem-havido-alguma-especulacao-sobre-esse-tema-mas-nao-ha-razao-nenhuma-para-isso\\\/\"},\"author\":{\"name\":\"Rui Lavrador\",\"@id\":\"https:\\\/\\\/infocul.pt\\\/arquivo\\\/#\\\/schema\\\/person\\\/060a108d7f2d85fc6aae505119ee5234\"},\"headline\":\"Helder Milheiro sobre os forcados no regresso das touradas: &#8220;Tem havido alguma especula\u00e7\u00e3o sobre esse tema, mas n\u00e3o h\u00e1 raz\u00e3o nenhuma para isso\u201d\",\"datePublished\":\"2020-05-30T15:29:00+00:00\",\"dateModified\":\"2020-05-30T15:29:44+00:00\",\"mainEntityOfPage\":{\"@id\":\"https:\\\/\\\/infocul.pt\\\/arquivo\\\/cultura\\\/helder-milheiro-sobre-os-forcados-no-regresso-das-touradas-tem-havido-alguma-especulacao-sobre-esse-tema-mas-nao-ha-razao-nenhuma-para-isso\\\/\"},\"wordCount\":292,\"commentCount\":0,\"publisher\":{\"@id\":\"https:\\\/\\\/infocul.pt\\\/arquivo\\\/#organization\"},\"image\":{\"@id\":\"https:\\\/\\\/infocul.pt\\\/arquivo\\\/cultura\\\/helder-milheiro-sobre-os-forcados-no-regresso-das-touradas-tem-havido-alguma-especulacao-sobre-esse-tema-mas-nao-ha-razao-nenhuma-para-isso\\\/#primaryimage\"},\"thumbnailUrl\":\"https:\\\/\\\/infocul.pt\\\/arquivo\\\/wp-content\\\/uploads\\\/2016\\\/06\\\/Forcados-de-coruche-3-27.jpg\",\"keywords\":[\"Pr\u00f3toiro\"],\"articleSection\":[\"Cultura\",\"Destaque\",\"Entrevistas\",\"Tauromaquia\"],\"inLanguage\":\"pt-PT\"},{\"@type\":\"WebPage\",\"@id\":\"https:\\\/\\\/infocul.pt\\\/arquivo\\\/cultura\\\/helder-milheiro-sobre-os-forcados-no-regresso-das-touradas-tem-havido-alguma-especulacao-sobre-esse-tema-mas-nao-ha-razao-nenhuma-para-isso\\\/\",\"url\":\"https:\\\/\\\/infocul.pt\\\/arquivo\\\/cultura\\\/helder-milheiro-sobre-os-forcados-no-regresso-das-touradas-tem-havido-alguma-especulacao-sobre-esse-tema-mas-nao-ha-razao-nenhuma-para-isso\\\/\",\"name\":\"Helder Milheiro sobre os forcados no regresso das touradas: \\\"Tem havido alguma especula\u00e7\u00e3o sobre esse tema, mas n\u00e3o h\u00e1 raz\u00e3o nenhuma para isso\u201d | Infocul.pt - Arquivo Digital\",\"isPartOf\":{\"@id\":\"https:\\\/\\\/infocul.pt\\\/arquivo\\\/#website\"},\"primaryImageOfPage\":{\"@id\":\"https:\\\/\\\/infocul.pt\\\/arquivo\\\/cultura\\\/helder-milheiro-sobre-os-forcados-no-regresso-das-touradas-tem-havido-alguma-especulacao-sobre-esse-tema-mas-nao-ha-razao-nenhuma-para-isso\\\/#primaryimage\"},\"image\":{\"@id\":\"https:\\\/\\\/infocul.pt\\\/arquivo\\\/cultura\\\/helder-milheiro-sobre-os-forcados-no-regresso-das-touradas-tem-havido-alguma-especulacao-sobre-esse-tema-mas-nao-ha-razao-nenhuma-para-isso\\\/#primaryimage\"},\"thumbnailUrl\":\"https:\\\/\\\/infocul.pt\\\/arquivo\\\/wp-content\\\/uploads\\\/2016\\\/06\\\/Forcados-de-coruche-3-27.jpg\",\"datePublished\":\"2020-05-30T15:29:00+00:00\",\"dateModified\":\"2020-05-30T15:29:44+00:00\",\"description\":\"Helder Milheiro sobre os forcados no regresso das touradas: \\\"Tem havido alguma especula\u00e7\u00e3o sobre esse tema, mas n\u00e3o h\u00e1 raz\u00e3o nenhuma para isso\u201d | Infocul.pt - Arquivo Digital\",\"breadcrumb\":{\"@id\":\"https:\\\/\\\/infocul.pt\\\/arquivo\\\/cultura\\\/helder-milheiro-sobre-os-forcados-no-regresso-das-touradas-tem-havido-alguma-especulacao-sobre-esse-tema-mas-nao-ha-razao-nenhuma-para-isso\\\/#breadcrumb\"},\"inLanguage\":\"pt-PT\",\"potentialAction\":[{\"@type\":\"ReadAction\",\"target\":[\"https:\\\/\\\/infocul.pt\\\/arquivo\\\/cultura\\\/helder-milheiro-sobre-os-forcados-no-regresso-das-touradas-tem-havido-alguma-especulacao-sobre-esse-tema-mas-nao-ha-razao-nenhuma-para-isso\\\/\"]}]},{\"@type\":\"ImageObject\",\"inLanguage\":\"pt-PT\",\"@id\":\"https:\\\/\\\/infocul.pt\\\/arquivo\\\/cultura\\\/helder-milheiro-sobre-os-forcados-no-regresso-das-touradas-tem-havido-alguma-especulacao-sobre-esse-tema-mas-nao-ha-razao-nenhuma-para-isso\\\/#primaryimage\",\"url\":\"https:\\\/\\\/infocul.pt\\\/arquivo\\\/wp-content\\\/uploads\\\/2016\\\/06\\\/Forcados-de-coruche-3-27.jpg\",\"contentUrl\":\"https:\\\/\\\/infocul.pt\\\/arquivo\\\/wp-content\\\/uploads\\\/2016\\\/06\\\/Forcados-de-coruche-3-27.jpg\",\"width\":600,\"height\":400},{\"@type\":\"BreadcrumbList\",\"@id\":\"https:\\\/\\\/infocul.pt\\\/arquivo\\\/cultura\\\/helder-milheiro-sobre-os-forcados-no-regresso-das-touradas-tem-havido-alguma-especulacao-sobre-esse-tema-mas-nao-ha-razao-nenhuma-para-isso\\\/#breadcrumb\",\"itemListElement\":[{\"@type\":\"ListItem\",\"position\":1,\"name\":\"Home\",\"item\":\"https:\\\/\\\/infocul.pt\\\/arquivo\\\/\"},{\"@type\":\"ListItem\",\"position\":2,\"name\":\"Helder Milheiro sobre os forcados no regresso das touradas: &#8220;Tem havido alguma especula\u00e7\u00e3o sobre esse tema, mas n\u00e3o h\u00e1 raz\u00e3o nenhuma para isso\u201d\"}]},{\"@type\":\"WebSite\",\"@id\":\"https:\\\/\\\/infocul.pt\\\/arquivo\\\/#website\",\"url\":\"https:\\\/\\\/infocul.pt\\\/arquivo\\\/\",\"name\":\"Infocul.pt - Arquivo Digital\",\"description\":\"Arquivo digital da Infocul.pt\",\"publisher\":{\"@id\":\"https:\\\/\\\/infocul.pt\\\/arquivo\\\/#organization\"},\"potentialAction\":[{\"@type\":\"SearchAction\",\"target\":{\"@type\":\"EntryPoint\",\"urlTemplate\":\"https:\\\/\\\/infocul.pt\\\/arquivo\\\/?s={search_term_string}\"},\"query-input\":{\"@type\":\"PropertyValueSpecification\",\"valueRequired\":true,\"valueName\":\"search_term_string\"}}],\"inLanguage\":\"pt-PT\"},{\"@type\":\"Organization\",\"@id\":\"https:\\\/\\\/infocul.pt\\\/arquivo\\\/#organization\",\"name\":\"Infocul.pt\",\"url\":\"https:\\\/\\\/infocul.pt\\\/arquivo\\\/\",\"logo\":{\"@type\":\"ImageObject\",\"inLanguage\":\"pt-PT\",\"@id\":\"https:\\\/\\\/infocul.pt\\\/arquivo\\\/#\\\/schema\\\/logo\\\/image\\\/\",\"url\":\"https:\\\/\\\/infocul.pt\\\/arquivo\\\/wp-content\\\/uploads\\\/2018\\\/12\\\/Infocul_logo-1.png\",\"contentUrl\":\"https:\\\/\\\/infocul.pt\\\/arquivo\\\/wp-content\\\/uploads\\\/2018\\\/12\\\/Infocul_logo-1.png\",\"width\":800,\"height\":800,\"caption\":\"Infocul.pt\"},\"image\":{\"@id\":\"https:\\\/\\\/infocul.pt\\\/arquivo\\\/#\\\/schema\\\/logo\\\/image\\\/\"},\"sameAs\":[\"https:\\\/\\\/www.facebook.com\\\/Infocul-147816815585015\\\/\",\"https:\\\/\\\/x.com\\\/Infoculpt\",\"http:\\\/\\\/www.pictaram.com\\\/user\\\/infocul.pt\\\/2370423710\",\"https:\\\/\\\/www.youtube.com\\\/channel\\\/UCYEB91AGI9FL9ek2i_IaQAA\"]},{\"@type\":\"Person\",\"@id\":\"https:\\\/\\\/infocul.pt\\\/arquivo\\\/#\\\/schema\\\/person\\\/060a108d7f2d85fc6aae505119ee5234\",\"name\":\"Rui Lavrador\",\"image\":{\"@type\":\"ImageObject\",\"inLanguage\":\"pt-PT\",\"@id\":\"https:\\\/\\\/secure.gravatar.com\\\/avatar\\\/93febd6873394aa8e975148548a0cb203acfdd42d2c85c5f1408e1a76678aece?s=96&d=mm&r=g\",\"url\":\"https:\\\/\\\/secure.gravatar.com\\\/avatar\\\/93febd6873394aa8e975148548a0cb203acfdd42d2c85c5f1408e1a76678aece?s=96&d=mm&r=g\",\"contentUrl\":\"https:\\\/\\\/secure.gravatar.com\\\/avatar\\\/93febd6873394aa8e975148548a0cb203acfdd42d2c85c5f1408e1a76678aece?s=96&d=mm&r=g\",\"caption\":\"Rui Lavrador\"},\"description\":\"Iniciou em 2011 o seu percurso em comunica\u00e7\u00e3o social, tendo integrado v\u00e1rios projectos editoriais. Durante o seu percurso integrou projectos como Jornal Hardm\u00fasica, LusoNot\u00edcias, Toureio.pt, ODigital.pt, entre outros \u00d3rg\u00e3os de Comunica\u00e7\u00e3o Social nacionais, na redac\u00e7\u00e3o de v\u00e1rios artigos. Entrevistou a grande maioria das personalidades mais importantes da vida social e cultural do pa\u00eds, destacando-se, tamb\u00e9m, na aprecia\u00e7\u00e3o de v\u00e1rios espect\u00e1culos. Durante o seu percurso, deu a conhecer v\u00e1rios artistas, at\u00e9 ent\u00e3o desconhecidos, ao grande p\u00fablico. Em 2015 criou e fundou o Infocul.pt, projecto no qual assume a direc\u00e7\u00e3o editorial.\",\"sameAs\":[\"http:\\\/\\\/www.infocul.pt\"]}]}<\/script>\n<!-- \/ Yoast SEO plugin. -->","yoast_head_json":{"title":"Helder Milheiro sobre os forcados no regresso das touradas: \"Tem havido alguma especula\u00e7\u00e3o sobre esse tema, mas n\u00e3o h\u00e1 raz\u00e3o nenhuma para isso\u201d | Infocul.pt - Arquivo Digital","description":"Helder Milheiro sobre os forcados no regresso das touradas: \"Tem havido alguma especula\u00e7\u00e3o sobre esse tema, mas n\u00e3o h\u00e1 raz\u00e3o nenhuma para isso\u201d | Infocul.pt - Arquivo Digital","robots":{"index":"noindex","follow":"follow","max-snippet":"max-snippet:-1","max-image-preview":"max-image-preview:large","max-video-preview":"max-video-preview:-1"},"og_locale":"pt_PT","og_type":"article","og_title":"Helder Milheiro sobre os forcados no regresso das touradas: \"Tem havido alguma especula\u00e7\u00e3o sobre esse tema, mas n\u00e3o h\u00e1 raz\u00e3o nenhuma para isso\u201d | Infocul.pt - Arquivo Digital","og_description":"Helder Milheiro sobre os forcados no regresso das touradas: \"Tem havido alguma especula\u00e7\u00e3o sobre esse tema, mas n\u00e3o h\u00e1 raz\u00e3o nenhuma para isso\u201d | Infocul.pt - Arquivo Digital","og_url":"https:\/\/infocul.pt\/arquivo\/cultura\/helder-milheiro-sobre-os-forcados-no-regresso-das-touradas-tem-havido-alguma-especulacao-sobre-esse-tema-mas-nao-ha-razao-nenhuma-para-isso\/","og_site_name":"Infocul.pt - Arquivo Digital","article_publisher":"https:\/\/www.facebook.com\/Infocul-147816815585015\/","article_published_time":"2020-05-30T15:29:00+00:00","article_modified_time":"2020-05-30T15:29:44+00:00","og_image":[{"width":600,"height":400,"url":"https:\/\/infocul.pt\/arquivo\/wp-content\/uploads\/2016\/06\/Forcados-de-coruche-3-27.jpg","type":"image\/jpeg"}],"author":"Rui Lavrador","twitter_card":"summary_large_image","twitter_creator":"@Infoculpt","twitter_site":"@Infoculpt","twitter_misc":{"Escrito por":"Rui Lavrador","Tempo estimado de leitura":"1 minuto"},"schema":{"@context":"https:\/\/schema.org","@graph":[{"@type":"Article","@id":"https:\/\/infocul.pt\/arquivo\/cultura\/helder-milheiro-sobre-os-forcados-no-regresso-das-touradas-tem-havido-alguma-especulacao-sobre-esse-tema-mas-nao-ha-razao-nenhuma-para-isso\/#article","isPartOf":{"@id":"https:\/\/infocul.pt\/arquivo\/cultura\/helder-milheiro-sobre-os-forcados-no-regresso-das-touradas-tem-havido-alguma-especulacao-sobre-esse-tema-mas-nao-ha-razao-nenhuma-para-isso\/"},"author":{"name":"Rui Lavrador","@id":"https:\/\/infocul.pt\/arquivo\/#\/schema\/person\/060a108d7f2d85fc6aae505119ee5234"},"headline":"Helder Milheiro sobre os forcados no regresso das touradas: &#8220;Tem havido alguma especula\u00e7\u00e3o sobre esse tema, mas n\u00e3o h\u00e1 raz\u00e3o nenhuma para isso\u201d","datePublished":"2020-05-30T15:29:00+00:00","dateModified":"2020-05-30T15:29:44+00:00","mainEntityOfPage":{"@id":"https:\/\/infocul.pt\/arquivo\/cultura\/helder-milheiro-sobre-os-forcados-no-regresso-das-touradas-tem-havido-alguma-especulacao-sobre-esse-tema-mas-nao-ha-razao-nenhuma-para-isso\/"},"wordCount":292,"commentCount":0,"publisher":{"@id":"https:\/\/infocul.pt\/arquivo\/#organization"},"image":{"@id":"https:\/\/infocul.pt\/arquivo\/cultura\/helder-milheiro-sobre-os-forcados-no-regresso-das-touradas-tem-havido-alguma-especulacao-sobre-esse-tema-mas-nao-ha-razao-nenhuma-para-isso\/#primaryimage"},"thumbnailUrl":"https:\/\/infocul.pt\/arquivo\/wp-content\/uploads\/2016\/06\/Forcados-de-coruche-3-27.jpg","keywords":["Pr\u00f3toiro"],"articleSection":["Cultura","Destaque","Entrevistas","Tauromaquia"],"inLanguage":"pt-PT"},{"@type":"WebPage","@id":"https:\/\/infocul.pt\/arquivo\/cultura\/helder-milheiro-sobre-os-forcados-no-regresso-das-touradas-tem-havido-alguma-especulacao-sobre-esse-tema-mas-nao-ha-razao-nenhuma-para-isso\/","url":"https:\/\/infocul.pt\/arquivo\/cultura\/helder-milheiro-sobre-os-forcados-no-regresso-das-touradas-tem-havido-alguma-especulacao-sobre-esse-tema-mas-nao-ha-razao-nenhuma-para-isso\/","name":"Helder Milheiro sobre os forcados no regresso das touradas: \"Tem havido alguma especula\u00e7\u00e3o sobre esse tema, mas n\u00e3o h\u00e1 raz\u00e3o nenhuma para isso\u201d | Infocul.pt - Arquivo Digital","isPartOf":{"@id":"https:\/\/infocul.pt\/arquivo\/#website"},"primaryImageOfPage":{"@id":"https:\/\/infocul.pt\/arquivo\/cultura\/helder-milheiro-sobre-os-forcados-no-regresso-das-touradas-tem-havido-alguma-especulacao-sobre-esse-tema-mas-nao-ha-razao-nenhuma-para-isso\/#primaryimage"},"image":{"@id":"https:\/\/infocul.pt\/arquivo\/cultura\/helder-milheiro-sobre-os-forcados-no-regresso-das-touradas-tem-havido-alguma-especulacao-sobre-esse-tema-mas-nao-ha-razao-nenhuma-para-isso\/#primaryimage"},"thumbnailUrl":"https:\/\/infocul.pt\/arquivo\/wp-content\/uploads\/2016\/06\/Forcados-de-coruche-3-27.jpg","datePublished":"2020-05-30T15:29:00+00:00","dateModified":"2020-05-30T15:29:44+00:00","description":"Helder Milheiro sobre os forcados no regresso das touradas: \"Tem havido alguma especula\u00e7\u00e3o sobre esse tema, mas n\u00e3o h\u00e1 raz\u00e3o nenhuma para isso\u201d | Infocul.pt - Arquivo Digital","breadcrumb":{"@id":"https:\/\/infocul.pt\/arquivo\/cultura\/helder-milheiro-sobre-os-forcados-no-regresso-das-touradas-tem-havido-alguma-especulacao-sobre-esse-tema-mas-nao-ha-razao-nenhuma-para-isso\/#breadcrumb"},"inLanguage":"pt-PT","potentialAction":[{"@type":"ReadAction","target":["https:\/\/infocul.pt\/arquivo\/cultura\/helder-milheiro-sobre-os-forcados-no-regresso-das-touradas-tem-havido-alguma-especulacao-sobre-esse-tema-mas-nao-ha-razao-nenhuma-para-isso\/"]}]},{"@type":"ImageObject","inLanguage":"pt-PT","@id":"https:\/\/infocul.pt\/arquivo\/cultura\/helder-milheiro-sobre-os-forcados-no-regresso-das-touradas-tem-havido-alguma-especulacao-sobre-esse-tema-mas-nao-ha-razao-nenhuma-para-isso\/#primaryimage","url":"https:\/\/infocul.pt\/arquivo\/wp-content\/uploads\/2016\/06\/Forcados-de-coruche-3-27.jpg","contentUrl":"https:\/\/infocul.pt\/arquivo\/wp-content\/uploads\/2016\/06\/Forcados-de-coruche-3-27.jpg","width":600,"height":400},{"@type":"BreadcrumbList","@id":"https:\/\/infocul.pt\/arquivo\/cultura\/helder-milheiro-sobre-os-forcados-no-regresso-das-touradas-tem-havido-alguma-especulacao-sobre-esse-tema-mas-nao-ha-razao-nenhuma-para-isso\/#breadcrumb","itemListElement":[{"@type":"ListItem","position":1,"name":"Home","item":"https:\/\/infocul.pt\/arquivo\/"},{"@type":"ListItem","position":2,"name":"Helder Milheiro sobre os forcados no regresso das touradas: &#8220;Tem havido alguma especula\u00e7\u00e3o sobre esse tema, mas n\u00e3o h\u00e1 raz\u00e3o nenhuma para isso\u201d"}]},{"@type":"WebSite","@id":"https:\/\/infocul.pt\/arquivo\/#website","url":"https:\/\/infocul.pt\/arquivo\/","name":"Infocul.pt - Arquivo Digital","description":"Arquivo digital da Infocul.pt","publisher":{"@id":"https:\/\/infocul.pt\/arquivo\/#organization"},"potentialAction":[{"@type":"SearchAction","target":{"@type":"EntryPoint","urlTemplate":"https:\/\/infocul.pt\/arquivo\/?s={search_term_string}"},"query-input":{"@type":"PropertyValueSpecification","valueRequired":true,"valueName":"search_term_string"}}],"inLanguage":"pt-PT"},{"@type":"Organization","@id":"https:\/\/infocul.pt\/arquivo\/#organization","name":"Infocul.pt","url":"https:\/\/infocul.pt\/arquivo\/","logo":{"@type":"ImageObject","inLanguage":"pt-PT","@id":"https:\/\/infocul.pt\/arquivo\/#\/schema\/logo\/image\/","url":"https:\/\/infocul.pt\/arquivo\/wp-content\/uploads\/2018\/12\/Infocul_logo-1.png","contentUrl":"https:\/\/infocul.pt\/arquivo\/wp-content\/uploads\/2018\/12\/Infocul_logo-1.png","width":800,"height":800,"caption":"Infocul.pt"},"image":{"@id":"https:\/\/infocul.pt\/arquivo\/#\/schema\/logo\/image\/"},"sameAs":["https:\/\/www.facebook.com\/Infocul-147816815585015\/","https:\/\/x.com\/Infoculpt","http:\/\/www.pictaram.com\/user\/infocul.pt\/2370423710","https:\/\/www.youtube.com\/channel\/UCYEB91AGI9FL9ek2i_IaQAA"]},{"@type":"Person","@id":"https:\/\/infocul.pt\/arquivo\/#\/schema\/person\/060a108d7f2d85fc6aae505119ee5234","name":"Rui Lavrador","image":{"@type":"ImageObject","inLanguage":"pt-PT","@id":"https:\/\/secure.gravatar.com\/avatar\/93febd6873394aa8e975148548a0cb203acfdd42d2c85c5f1408e1a76678aece?s=96&d=mm&r=g","url":"https:\/\/secure.gravatar.com\/avatar\/93febd6873394aa8e975148548a0cb203acfdd42d2c85c5f1408e1a76678aece?s=96&d=mm&r=g","contentUrl":"https:\/\/secure.gravatar.com\/avatar\/93febd6873394aa8e975148548a0cb203acfdd42d2c85c5f1408e1a76678aece?s=96&d=mm&r=g","caption":"Rui Lavrador"},"description":"Iniciou em 2011 o seu percurso em comunica\u00e7\u00e3o social, tendo integrado v\u00e1rios projectos editoriais. Durante o seu percurso integrou projectos como Jornal Hardm\u00fasica, LusoNot\u00edcias, Toureio.pt, ODigital.pt, entre outros \u00d3rg\u00e3os de Comunica\u00e7\u00e3o Social nacionais, na redac\u00e7\u00e3o de v\u00e1rios artigos. Entrevistou a grande maioria das personalidades mais importantes da vida social e cultural do pa\u00eds, destacando-se, tamb\u00e9m, na aprecia\u00e7\u00e3o de v\u00e1rios espect\u00e1culos. Durante o seu percurso, deu a conhecer v\u00e1rios artistas, at\u00e9 ent\u00e3o desconhecidos, ao grande p\u00fablico. Em 2015 criou e fundou o Infocul.pt, projecto no qual assume a direc\u00e7\u00e3o editorial.","sameAs":["http:\/\/www.infocul.pt"]}]}},"_links":{"self":[{"href":"https:\/\/infocul.pt\/arquivo\/wp-json\/wp\/v2\/posts\/72785","targetHints":{"allow":["GET"]}}],"collection":[{"href":"https:\/\/infocul.pt\/arquivo\/wp-json\/wp\/v2\/posts"}],"about":[{"href":"https:\/\/infocul.pt\/arquivo\/wp-json\/wp\/v2\/types\/post"}],"author":[{"embeddable":true,"href":"https:\/\/infocul.pt\/arquivo\/wp-json\/wp\/v2\/users\/2"}],"replies":[{"embeddable":true,"href":"https:\/\/infocul.pt\/arquivo\/wp-json\/wp\/v2\/comments?post=72785"}],"version-history":[{"count":0,"href":"https:\/\/infocul.pt\/arquivo\/wp-json\/wp\/v2\/posts\/72785\/revisions"}],"wp:featuredmedia":[{"embeddable":true,"href":"https:\/\/infocul.pt\/arquivo\/wp-json\/wp\/v2\/media\/9090"}],"wp:attachment":[{"href":"https:\/\/infocul.pt\/arquivo\/wp-json\/wp\/v2\/media?parent=72785"}],"wp:term":[{"taxonomy":"category","embeddable":true,"href":"https:\/\/infocul.pt\/arquivo\/wp-json\/wp\/v2\/categories?post=72785"},{"taxonomy":"post_tag","embeddable":true,"href":"https:\/\/infocul.pt\/arquivo\/wp-json\/wp\/v2\/tags?post=72785"}],"curies":[{"name":"wp","href":"https:\/\/api.w.org\/{rel}","templated":true}]}}