{"id":72995,"date":"2020-06-02T00:56:51","date_gmt":"2020-06-01T23:56:51","guid":{"rendered":"https:\/\/infocul.pt\/?p=72995"},"modified":"2020-06-02T00:56:51","modified_gmt":"2020-06-01T23:56:51","slug":"antonio-costa-foi-aplaudido-no-campo-pequeno-e-graca-fonseca-marcou-presenca-c-fotos","status":"publish","type":"post","link":"https:\/\/infocul.pt\/arquivo\/cultura\/antonio-costa-foi-aplaudido-no-campo-pequeno-e-graca-fonseca-marcou-presenca-c-fotos\/","title":{"rendered":"Ant\u00f3nio Costa foi aplaudido no Campo Pequeno e Gra\u00e7a Fonseca marcou presen\u00e7a (C\/Fotos)"},"content":{"rendered":"<figure id=\"attachment_72996\" aria-describedby=\"caption-attachment-72996\" style=\"width: 800px\" class=\"wp-caption aligncenter\"><img decoding=\"async\" class=\"wp-image-72996 size-large lazyload\" data-src=\"https:\/\/infocul.pt\/arquivo\/wp-content\/uploads\/2020\/06\/AMF_9329-1024x683.jpg\" alt=\"\" width=\"800\" height=\"534\" data-srcset=\"https:\/\/infocul.pt\/arquivo\/wp-content\/uploads\/2020\/06\/AMF_9329.jpg 1024w, https:\/\/infocul.pt\/arquivo\/wp-content\/uploads\/2020\/06\/AMF_9329-300x200.jpg 300w, https:\/\/infocul.pt\/arquivo\/wp-content\/uploads\/2020\/06\/AMF_9329-768x512.jpg 768w, https:\/\/infocul.pt\/arquivo\/wp-content\/uploads\/2020\/06\/AMF_9329-1536x1024.jpg 1536w, https:\/\/infocul.pt\/arquivo\/wp-content\/uploads\/2020\/06\/AMF_9329-2048x1365.jpg 2048w\" data-sizes=\"(max-width: 800px) 100vw, 800px\" src=\"data:image\/svg+xml;base64,PHN2ZyB3aWR0aD0iMSIgaGVpZ2h0PSIxIiB4bWxucz0iaHR0cDovL3d3dy53My5vcmcvMjAwMC9zdmciPjwvc3ZnPg==\" style=\"--smush-placeholder-width: 800px; --smush-placeholder-aspect-ratio: 800\/534;\" \/><figcaption id=\"caption-attachment-72996\" class=\"wp-caption-text\">Foto: Alfredo Matos<\/figcaption><\/figure>\n<p>Depois de um dia agitado no Campo Pequeno, <a href=\"https:\/\/infocul.pt\/arquivo\/cultura\/nuno-pardal-temos-toureiros-com-dificuldades-para-alimentar-as-suas-quadras-de-cavalos-temos-toureiros-com-dificuldades-para-alimentar-as-suas-quadras-de-cavalos\/\" target=\"_blank\" rel=\"noopener noreferrer\">com v\u00e1rias ac\u00e7\u00f5es de protesto por parte do sector taurom\u00e1quico, a noite foi de festa<\/a>.<!--more--><\/p>\n<p>Bruno Nogueira e Manuela Azevedo levaram a palco o espect\u00e1culo \u2018<a href=\"https:\/\/infocul.pt\/arquivo\/cultura\/deixem-o-pimba-em-paz-noite-de-festa-no-campo-pequeno-c-fotos\/\" target=\"_blank\" rel=\"noopener noreferrer\">Deixem o Pimba em Paz<\/a>\u2019, perante casa com lota\u00e7\u00e3o m\u00e1xima permitida, de acordo com as novas regras de distanciamento social.<\/p>\n<p>Destaque para a presen\u00e7a da ministra da cultura, Gra\u00e7a Fonseca, e do primeiro ministro, Ant\u00f3nio Costa.<\/p>\n<p>Ant\u00f3nio Costa foi efusivamente aplaudido no Campo Pequeno, no final do espect\u00e1culo.<\/p>\n<figure id=\"attachment_72997\" aria-describedby=\"caption-attachment-72997\" style=\"width: 800px\" class=\"wp-caption aligncenter\"><img decoding=\"async\" class=\"wp-image-72997 size-large lazyload\" data-src=\"https:\/\/infocul.pt\/arquivo\/wp-content\/uploads\/2020\/06\/AMF_9283-1024x683.jpg\" alt=\"\" width=\"800\" height=\"534\" data-srcset=\"https:\/\/infocul.pt\/arquivo\/wp-content\/uploads\/2020\/06\/AMF_9283.jpg 1024w, https:\/\/infocul.pt\/arquivo\/wp-content\/uploads\/2020\/06\/AMF_9283-300x200.jpg 300w, https:\/\/infocul.pt\/arquivo\/wp-content\/uploads\/2020\/06\/AMF_9283-768x512.jpg 768w, https:\/\/infocul.pt\/arquivo\/wp-content\/uploads\/2020\/06\/AMF_9283-1536x1024.jpg 1536w, https:\/\/infocul.pt\/arquivo\/wp-content\/uploads\/2020\/06\/AMF_9283-2048x1365.jpg 2048w\" data-sizes=\"(max-width: 800px) 100vw, 800px\" src=\"data:image\/svg+xml;base64,PHN2ZyB3aWR0aD0iMSIgaGVpZ2h0PSIxIiB4bWxucz0iaHR0cDovL3d3dy53My5vcmcvMjAwMC9zdmciPjwvc3ZnPg==\" style=\"--smush-placeholder-width: 800px; --smush-placeholder-aspect-ratio: 800\/534;\" \/><figcaption id=\"caption-attachment-72997\" class=\"wp-caption-text\">Foto: Alfredo Matos<\/figcaption><\/figure>\n","protected":false},"excerpt":{"rendered":"<p>Depois de um dia agitado no Campo Pequeno, com v\u00e1rias ac\u00e7\u00f5es de protesto por parte do sector taurom\u00e1quico, a noite foi de festa.<\/p>\n","protected":false},"author":2,"featured_media":72996,"comment_status":"open","ping_status":"closed","sticky":false,"template":"","format":"standard","meta":{"footnotes":""},"categories":[10,3,2,36,16],"tags":[5025,244,3066,5068,80],"class_list":["post-72995","post","type-post","status-publish","format-standard","has-post-thumbnail","hentry","category-actualidade","category-concertos","category-cultura","category-destaque","category-politica","tag-antonio-costa","tag-campo-pequeno","tag-deixem-o-pimba-em-paz","tag-graca-fonseca","tag-lisboa"],"yoast_head":"<!-- This site is optimized with the Yoast SEO plugin v27.5 - https:\/\/yoast.com\/product\/yoast-seo-wordpress\/ -->\n<title>Ant\u00f3nio Costa foi aplaudido no Campo Pequeno e Gra\u00e7a Fonseca marcou presen\u00e7a (C\/Fotos) | Infocul.pt - Arquivo Digital<\/title>\n<meta name=\"description\" content=\"Ant\u00f3nio Costa foi aplaudido no Campo Pequeno e Gra\u00e7a Fonseca marcou presen\u00e7a (C\/Fotos) | Infocul.pt - Arquivo Digital\" \/>\n<meta name=\"robots\" content=\"noindex, follow, max-snippet:-1, max-image-preview:large, max-video-preview:-1\" \/>\n<meta property=\"og:locale\" content=\"pt_PT\" \/>\n<meta property=\"og:type\" content=\"article\" \/>\n<meta property=\"og:title\" content=\"Ant\u00f3nio Costa foi aplaudido no Campo Pequeno e Gra\u00e7a Fonseca marcou presen\u00e7a (C\/Fotos) | Infocul.pt - Arquivo Digital\" \/>\n<meta property=\"og:description\" content=\"Ant\u00f3nio Costa foi aplaudido no Campo Pequeno e Gra\u00e7a Fonseca marcou presen\u00e7a (C\/Fotos) | Infocul.pt - Arquivo Digital\" \/>\n<meta property=\"og:url\" content=\"https:\/\/infocul.pt\/arquivo\/cultura\/antonio-costa-foi-aplaudido-no-campo-pequeno-e-graca-fonseca-marcou-presenca-c-fotos\/\" \/>\n<meta property=\"og:site_name\" content=\"Infocul.pt - Arquivo Digital\" \/>\n<meta property=\"article:publisher\" content=\"https:\/\/www.facebook.com\/Infocul-147816815585015\/\" \/>\n<meta property=\"article:published_time\" content=\"2020-06-01T23:56:51+00:00\" \/>\n<meta property=\"og:image\" content=\"https:\/\/infocul.pt\/arquivo\/wp-content\/uploads\/2020\/06\/AMF_9329.jpg\" \/>\n\t<meta property=\"og:image:width\" content=\"1024\" \/>\n\t<meta property=\"og:image:height\" content=\"683\" \/>\n\t<meta property=\"og:image:type\" content=\"image\/jpeg\" \/>\n<meta name=\"author\" content=\"Rui Lavrador\" \/>\n<meta name=\"twitter:card\" content=\"summary_large_image\" \/>\n<meta name=\"twitter:creator\" content=\"@Infoculpt\" \/>\n<meta name=\"twitter:site\" content=\"@Infoculpt\" \/>\n<meta name=\"twitter:label1\" content=\"Escrito por\" \/>\n\t<meta name=\"twitter:data1\" content=\"Rui Lavrador\" \/>\n\t<meta name=\"twitter:label2\" content=\"Tempo estimado de leitura\" \/>\n\t<meta name=\"twitter:data2\" content=\"1 minuto\" \/>\n<script type=\"application\/ld+json\" class=\"yoast-schema-graph\">{\"@context\":\"https:\\\/\\\/schema.org\",\"@graph\":[{\"@type\":\"Article\",\"@id\":\"https:\\\/\\\/infocul.pt\\\/arquivo\\\/cultura\\\/antonio-costa-foi-aplaudido-no-campo-pequeno-e-graca-fonseca-marcou-presenca-c-fotos\\\/#article\",\"isPartOf\":{\"@id\":\"https:\\\/\\\/infocul.pt\\\/arquivo\\\/cultura\\\/antonio-costa-foi-aplaudido-no-campo-pequeno-e-graca-fonseca-marcou-presenca-c-fotos\\\/\"},\"author\":{\"name\":\"Rui Lavrador\",\"@id\":\"https:\\\/\\\/infocul.pt\\\/arquivo\\\/#\\\/schema\\\/person\\\/060a108d7f2d85fc6aae505119ee5234\"},\"headline\":\"Ant\u00f3nio Costa foi aplaudido no Campo Pequeno e Gra\u00e7a Fonseca marcou presen\u00e7a (C\\\/Fotos)\",\"datePublished\":\"2020-06-01T23:56:51+00:00\",\"mainEntityOfPage\":{\"@id\":\"https:\\\/\\\/infocul.pt\\\/arquivo\\\/cultura\\\/antonio-costa-foi-aplaudido-no-campo-pequeno-e-graca-fonseca-marcou-presenca-c-fotos\\\/\"},\"wordCount\":129,\"commentCount\":0,\"publisher\":{\"@id\":\"https:\\\/\\\/infocul.pt\\\/arquivo\\\/#organization\"},\"image\":{\"@id\":\"https:\\\/\\\/infocul.pt\\\/arquivo\\\/cultura\\\/antonio-costa-foi-aplaudido-no-campo-pequeno-e-graca-fonseca-marcou-presenca-c-fotos\\\/#primaryimage\"},\"thumbnailUrl\":\"https:\\\/\\\/infocul.pt\\\/arquivo\\\/wp-content\\\/uploads\\\/2020\\\/06\\\/AMF_9329.jpg\",\"keywords\":[\"Ant\u00f3nio Costa\",\"Campo Pequeno\",\"Deixem o Pimba em Paz\",\"Gra\u00e7a Fonseca\",\"Lisboa\"],\"articleSection\":[\"Actualidade\",\"Concertos\",\"Cultura\",\"Destaque\",\"Politica\"],\"inLanguage\":\"pt-PT\"},{\"@type\":\"WebPage\",\"@id\":\"https:\\\/\\\/infocul.pt\\\/arquivo\\\/cultura\\\/antonio-costa-foi-aplaudido-no-campo-pequeno-e-graca-fonseca-marcou-presenca-c-fotos\\\/\",\"url\":\"https:\\\/\\\/infocul.pt\\\/arquivo\\\/cultura\\\/antonio-costa-foi-aplaudido-no-campo-pequeno-e-graca-fonseca-marcou-presenca-c-fotos\\\/\",\"name\":\"Ant\u00f3nio Costa foi aplaudido no Campo Pequeno e Gra\u00e7a Fonseca marcou presen\u00e7a (C\\\/Fotos) | Infocul.pt - Arquivo Digital\",\"isPartOf\":{\"@id\":\"https:\\\/\\\/infocul.pt\\\/arquivo\\\/#website\"},\"primaryImageOfPage\":{\"@id\":\"https:\\\/\\\/infocul.pt\\\/arquivo\\\/cultura\\\/antonio-costa-foi-aplaudido-no-campo-pequeno-e-graca-fonseca-marcou-presenca-c-fotos\\\/#primaryimage\"},\"image\":{\"@id\":\"https:\\\/\\\/infocul.pt\\\/arquivo\\\/cultura\\\/antonio-costa-foi-aplaudido-no-campo-pequeno-e-graca-fonseca-marcou-presenca-c-fotos\\\/#primaryimage\"},\"thumbnailUrl\":\"https:\\\/\\\/infocul.pt\\\/arquivo\\\/wp-content\\\/uploads\\\/2020\\\/06\\\/AMF_9329.jpg\",\"datePublished\":\"2020-06-01T23:56:51+00:00\",\"description\":\"Ant\u00f3nio Costa foi aplaudido no Campo Pequeno e Gra\u00e7a Fonseca marcou presen\u00e7a (C\\\/Fotos) | Infocul.pt - Arquivo Digital\",\"breadcrumb\":{\"@id\":\"https:\\\/\\\/infocul.pt\\\/arquivo\\\/cultura\\\/antonio-costa-foi-aplaudido-no-campo-pequeno-e-graca-fonseca-marcou-presenca-c-fotos\\\/#breadcrumb\"},\"inLanguage\":\"pt-PT\",\"potentialAction\":[{\"@type\":\"ReadAction\",\"target\":[\"https:\\\/\\\/infocul.pt\\\/arquivo\\\/cultura\\\/antonio-costa-foi-aplaudido-no-campo-pequeno-e-graca-fonseca-marcou-presenca-c-fotos\\\/\"]}]},{\"@type\":\"ImageObject\",\"inLanguage\":\"pt-PT\",\"@id\":\"https:\\\/\\\/infocul.pt\\\/arquivo\\\/cultura\\\/antonio-costa-foi-aplaudido-no-campo-pequeno-e-graca-fonseca-marcou-presenca-c-fotos\\\/#primaryimage\",\"url\":\"https:\\\/\\\/infocul.pt\\\/arquivo\\\/wp-content\\\/uploads\\\/2020\\\/06\\\/AMF_9329.jpg\",\"contentUrl\":\"https:\\\/\\\/infocul.pt\\\/arquivo\\\/wp-content\\\/uploads\\\/2020\\\/06\\\/AMF_9329.jpg\",\"width\":1024,\"height\":683},{\"@type\":\"BreadcrumbList\",\"@id\":\"https:\\\/\\\/infocul.pt\\\/arquivo\\\/cultura\\\/antonio-costa-foi-aplaudido-no-campo-pequeno-e-graca-fonseca-marcou-presenca-c-fotos\\\/#breadcrumb\",\"itemListElement\":[{\"@type\":\"ListItem\",\"position\":1,\"name\":\"Home\",\"item\":\"https:\\\/\\\/infocul.pt\\\/arquivo\\\/\"},{\"@type\":\"ListItem\",\"position\":2,\"name\":\"Ant\u00f3nio Costa foi aplaudido no Campo Pequeno e Gra\u00e7a Fonseca marcou presen\u00e7a (C\\\/Fotos)\"}]},{\"@type\":\"WebSite\",\"@id\":\"https:\\\/\\\/infocul.pt\\\/arquivo\\\/#website\",\"url\":\"https:\\\/\\\/infocul.pt\\\/arquivo\\\/\",\"name\":\"Infocul.pt - Arquivo Digital\",\"description\":\"Arquivo digital da Infocul.pt\",\"publisher\":{\"@id\":\"https:\\\/\\\/infocul.pt\\\/arquivo\\\/#organization\"},\"potentialAction\":[{\"@type\":\"SearchAction\",\"target\":{\"@type\":\"EntryPoint\",\"urlTemplate\":\"https:\\\/\\\/infocul.pt\\\/arquivo\\\/?s={search_term_string}\"},\"query-input\":{\"@type\":\"PropertyValueSpecification\",\"valueRequired\":true,\"valueName\":\"search_term_string\"}}],\"inLanguage\":\"pt-PT\"},{\"@type\":\"Organization\",\"@id\":\"https:\\\/\\\/infocul.pt\\\/arquivo\\\/#organization\",\"name\":\"Infocul.pt\",\"url\":\"https:\\\/\\\/infocul.pt\\\/arquivo\\\/\",\"logo\":{\"@type\":\"ImageObject\",\"inLanguage\":\"pt-PT\",\"@id\":\"https:\\\/\\\/infocul.pt\\\/arquivo\\\/#\\\/schema\\\/logo\\\/image\\\/\",\"url\":\"https:\\\/\\\/infocul.pt\\\/arquivo\\\/wp-content\\\/uploads\\\/2018\\\/12\\\/Infocul_logo-1.png\",\"contentUrl\":\"https:\\\/\\\/infocul.pt\\\/arquivo\\\/wp-content\\\/uploads\\\/2018\\\/12\\\/Infocul_logo-1.png\",\"width\":800,\"height\":800,\"caption\":\"Infocul.pt\"},\"image\":{\"@id\":\"https:\\\/\\\/infocul.pt\\\/arquivo\\\/#\\\/schema\\\/logo\\\/image\\\/\"},\"sameAs\":[\"https:\\\/\\\/www.facebook.com\\\/Infocul-147816815585015\\\/\",\"https:\\\/\\\/x.com\\\/Infoculpt\",\"http:\\\/\\\/www.pictaram.com\\\/user\\\/infocul.pt\\\/2370423710\",\"https:\\\/\\\/www.youtube.com\\\/channel\\\/UCYEB91AGI9FL9ek2i_IaQAA\"]},{\"@type\":\"Person\",\"@id\":\"https:\\\/\\\/infocul.pt\\\/arquivo\\\/#\\\/schema\\\/person\\\/060a108d7f2d85fc6aae505119ee5234\",\"name\":\"Rui Lavrador\",\"image\":{\"@type\":\"ImageObject\",\"inLanguage\":\"pt-PT\",\"@id\":\"https:\\\/\\\/secure.gravatar.com\\\/avatar\\\/93febd6873394aa8e975148548a0cb203acfdd42d2c85c5f1408e1a76678aece?s=96&d=mm&r=g\",\"url\":\"https:\\\/\\\/secure.gravatar.com\\\/avatar\\\/93febd6873394aa8e975148548a0cb203acfdd42d2c85c5f1408e1a76678aece?s=96&d=mm&r=g\",\"contentUrl\":\"https:\\\/\\\/secure.gravatar.com\\\/avatar\\\/93febd6873394aa8e975148548a0cb203acfdd42d2c85c5f1408e1a76678aece?s=96&d=mm&r=g\",\"caption\":\"Rui Lavrador\"},\"description\":\"Iniciou em 2011 o seu percurso em comunica\u00e7\u00e3o social, tendo integrado v\u00e1rios projectos editoriais. Durante o seu percurso integrou projectos como Jornal Hardm\u00fasica, LusoNot\u00edcias, Toureio.pt, ODigital.pt, entre outros \u00d3rg\u00e3os de Comunica\u00e7\u00e3o Social nacionais, na redac\u00e7\u00e3o de v\u00e1rios artigos. Entrevistou a grande maioria das personalidades mais importantes da vida social e cultural do pa\u00eds, destacando-se, tamb\u00e9m, na aprecia\u00e7\u00e3o de v\u00e1rios espect\u00e1culos. Durante o seu percurso, deu a conhecer v\u00e1rios artistas, at\u00e9 ent\u00e3o desconhecidos, ao grande p\u00fablico. Em 2015 criou e fundou o Infocul.pt, projecto no qual assume a direc\u00e7\u00e3o editorial.\",\"sameAs\":[\"http:\\\/\\\/www.infocul.pt\"]}]}<\/script>\n<!-- \/ Yoast SEO plugin. -->","yoast_head_json":{"title":"Ant\u00f3nio Costa foi aplaudido no Campo Pequeno e Gra\u00e7a Fonseca marcou presen\u00e7a (C\/Fotos) | Infocul.pt - Arquivo Digital","description":"Ant\u00f3nio Costa foi aplaudido no Campo Pequeno e Gra\u00e7a Fonseca marcou presen\u00e7a (C\/Fotos) | Infocul.pt - Arquivo Digital","robots":{"index":"noindex","follow":"follow","max-snippet":"max-snippet:-1","max-image-preview":"max-image-preview:large","max-video-preview":"max-video-preview:-1"},"og_locale":"pt_PT","og_type":"article","og_title":"Ant\u00f3nio Costa foi aplaudido no Campo Pequeno e Gra\u00e7a Fonseca marcou presen\u00e7a (C\/Fotos) | Infocul.pt - Arquivo Digital","og_description":"Ant\u00f3nio Costa foi aplaudido no Campo Pequeno e Gra\u00e7a Fonseca marcou presen\u00e7a (C\/Fotos) | Infocul.pt - Arquivo Digital","og_url":"https:\/\/infocul.pt\/arquivo\/cultura\/antonio-costa-foi-aplaudido-no-campo-pequeno-e-graca-fonseca-marcou-presenca-c-fotos\/","og_site_name":"Infocul.pt - Arquivo Digital","article_publisher":"https:\/\/www.facebook.com\/Infocul-147816815585015\/","article_published_time":"2020-06-01T23:56:51+00:00","og_image":[{"width":1024,"height":683,"url":"https:\/\/infocul.pt\/arquivo\/wp-content\/uploads\/2020\/06\/AMF_9329.jpg","type":"image\/jpeg"}],"author":"Rui Lavrador","twitter_card":"summary_large_image","twitter_creator":"@Infoculpt","twitter_site":"@Infoculpt","twitter_misc":{"Escrito por":"Rui Lavrador","Tempo estimado de leitura":"1 minuto"},"schema":{"@context":"https:\/\/schema.org","@graph":[{"@type":"Article","@id":"https:\/\/infocul.pt\/arquivo\/cultura\/antonio-costa-foi-aplaudido-no-campo-pequeno-e-graca-fonseca-marcou-presenca-c-fotos\/#article","isPartOf":{"@id":"https:\/\/infocul.pt\/arquivo\/cultura\/antonio-costa-foi-aplaudido-no-campo-pequeno-e-graca-fonseca-marcou-presenca-c-fotos\/"},"author":{"name":"Rui Lavrador","@id":"https:\/\/infocul.pt\/arquivo\/#\/schema\/person\/060a108d7f2d85fc6aae505119ee5234"},"headline":"Ant\u00f3nio Costa foi aplaudido no Campo Pequeno e Gra\u00e7a Fonseca marcou presen\u00e7a (C\/Fotos)","datePublished":"2020-06-01T23:56:51+00:00","mainEntityOfPage":{"@id":"https:\/\/infocul.pt\/arquivo\/cultura\/antonio-costa-foi-aplaudido-no-campo-pequeno-e-graca-fonseca-marcou-presenca-c-fotos\/"},"wordCount":129,"commentCount":0,"publisher":{"@id":"https:\/\/infocul.pt\/arquivo\/#organization"},"image":{"@id":"https:\/\/infocul.pt\/arquivo\/cultura\/antonio-costa-foi-aplaudido-no-campo-pequeno-e-graca-fonseca-marcou-presenca-c-fotos\/#primaryimage"},"thumbnailUrl":"https:\/\/infocul.pt\/arquivo\/wp-content\/uploads\/2020\/06\/AMF_9329.jpg","keywords":["Ant\u00f3nio Costa","Campo Pequeno","Deixem o Pimba em Paz","Gra\u00e7a Fonseca","Lisboa"],"articleSection":["Actualidade","Concertos","Cultura","Destaque","Politica"],"inLanguage":"pt-PT"},{"@type":"WebPage","@id":"https:\/\/infocul.pt\/arquivo\/cultura\/antonio-costa-foi-aplaudido-no-campo-pequeno-e-graca-fonseca-marcou-presenca-c-fotos\/","url":"https:\/\/infocul.pt\/arquivo\/cultura\/antonio-costa-foi-aplaudido-no-campo-pequeno-e-graca-fonseca-marcou-presenca-c-fotos\/","name":"Ant\u00f3nio Costa foi aplaudido no Campo Pequeno e Gra\u00e7a Fonseca marcou presen\u00e7a (C\/Fotos) | Infocul.pt - Arquivo Digital","isPartOf":{"@id":"https:\/\/infocul.pt\/arquivo\/#website"},"primaryImageOfPage":{"@id":"https:\/\/infocul.pt\/arquivo\/cultura\/antonio-costa-foi-aplaudido-no-campo-pequeno-e-graca-fonseca-marcou-presenca-c-fotos\/#primaryimage"},"image":{"@id":"https:\/\/infocul.pt\/arquivo\/cultura\/antonio-costa-foi-aplaudido-no-campo-pequeno-e-graca-fonseca-marcou-presenca-c-fotos\/#primaryimage"},"thumbnailUrl":"https:\/\/infocul.pt\/arquivo\/wp-content\/uploads\/2020\/06\/AMF_9329.jpg","datePublished":"2020-06-01T23:56:51+00:00","description":"Ant\u00f3nio Costa foi aplaudido no Campo Pequeno e Gra\u00e7a Fonseca marcou presen\u00e7a (C\/Fotos) | Infocul.pt - Arquivo Digital","breadcrumb":{"@id":"https:\/\/infocul.pt\/arquivo\/cultura\/antonio-costa-foi-aplaudido-no-campo-pequeno-e-graca-fonseca-marcou-presenca-c-fotos\/#breadcrumb"},"inLanguage":"pt-PT","potentialAction":[{"@type":"ReadAction","target":["https:\/\/infocul.pt\/arquivo\/cultura\/antonio-costa-foi-aplaudido-no-campo-pequeno-e-graca-fonseca-marcou-presenca-c-fotos\/"]}]},{"@type":"ImageObject","inLanguage":"pt-PT","@id":"https:\/\/infocul.pt\/arquivo\/cultura\/antonio-costa-foi-aplaudido-no-campo-pequeno-e-graca-fonseca-marcou-presenca-c-fotos\/#primaryimage","url":"https:\/\/infocul.pt\/arquivo\/wp-content\/uploads\/2020\/06\/AMF_9329.jpg","contentUrl":"https:\/\/infocul.pt\/arquivo\/wp-content\/uploads\/2020\/06\/AMF_9329.jpg","width":1024,"height":683},{"@type":"BreadcrumbList","@id":"https:\/\/infocul.pt\/arquivo\/cultura\/antonio-costa-foi-aplaudido-no-campo-pequeno-e-graca-fonseca-marcou-presenca-c-fotos\/#breadcrumb","itemListElement":[{"@type":"ListItem","position":1,"name":"Home","item":"https:\/\/infocul.pt\/arquivo\/"},{"@type":"ListItem","position":2,"name":"Ant\u00f3nio Costa foi aplaudido no Campo Pequeno e Gra\u00e7a Fonseca marcou presen\u00e7a (C\/Fotos)"}]},{"@type":"WebSite","@id":"https:\/\/infocul.pt\/arquivo\/#website","url":"https:\/\/infocul.pt\/arquivo\/","name":"Infocul.pt - Arquivo Digital","description":"Arquivo digital da Infocul.pt","publisher":{"@id":"https:\/\/infocul.pt\/arquivo\/#organization"},"potentialAction":[{"@type":"SearchAction","target":{"@type":"EntryPoint","urlTemplate":"https:\/\/infocul.pt\/arquivo\/?s={search_term_string}"},"query-input":{"@type":"PropertyValueSpecification","valueRequired":true,"valueName":"search_term_string"}}],"inLanguage":"pt-PT"},{"@type":"Organization","@id":"https:\/\/infocul.pt\/arquivo\/#organization","name":"Infocul.pt","url":"https:\/\/infocul.pt\/arquivo\/","logo":{"@type":"ImageObject","inLanguage":"pt-PT","@id":"https:\/\/infocul.pt\/arquivo\/#\/schema\/logo\/image\/","url":"https:\/\/infocul.pt\/arquivo\/wp-content\/uploads\/2018\/12\/Infocul_logo-1.png","contentUrl":"https:\/\/infocul.pt\/arquivo\/wp-content\/uploads\/2018\/12\/Infocul_logo-1.png","width":800,"height":800,"caption":"Infocul.pt"},"image":{"@id":"https:\/\/infocul.pt\/arquivo\/#\/schema\/logo\/image\/"},"sameAs":["https:\/\/www.facebook.com\/Infocul-147816815585015\/","https:\/\/x.com\/Infoculpt","http:\/\/www.pictaram.com\/user\/infocul.pt\/2370423710","https:\/\/www.youtube.com\/channel\/UCYEB91AGI9FL9ek2i_IaQAA"]},{"@type":"Person","@id":"https:\/\/infocul.pt\/arquivo\/#\/schema\/person\/060a108d7f2d85fc6aae505119ee5234","name":"Rui Lavrador","image":{"@type":"ImageObject","inLanguage":"pt-PT","@id":"https:\/\/secure.gravatar.com\/avatar\/93febd6873394aa8e975148548a0cb203acfdd42d2c85c5f1408e1a76678aece?s=96&d=mm&r=g","url":"https:\/\/secure.gravatar.com\/avatar\/93febd6873394aa8e975148548a0cb203acfdd42d2c85c5f1408e1a76678aece?s=96&d=mm&r=g","contentUrl":"https:\/\/secure.gravatar.com\/avatar\/93febd6873394aa8e975148548a0cb203acfdd42d2c85c5f1408e1a76678aece?s=96&d=mm&r=g","caption":"Rui Lavrador"},"description":"Iniciou em 2011 o seu percurso em comunica\u00e7\u00e3o social, tendo integrado v\u00e1rios projectos editoriais. Durante o seu percurso integrou projectos como Jornal Hardm\u00fasica, LusoNot\u00edcias, Toureio.pt, ODigital.pt, entre outros \u00d3rg\u00e3os de Comunica\u00e7\u00e3o Social nacionais, na redac\u00e7\u00e3o de v\u00e1rios artigos. Entrevistou a grande maioria das personalidades mais importantes da vida social e cultural do pa\u00eds, destacando-se, tamb\u00e9m, na aprecia\u00e7\u00e3o de v\u00e1rios espect\u00e1culos. Durante o seu percurso, deu a conhecer v\u00e1rios artistas, at\u00e9 ent\u00e3o desconhecidos, ao grande p\u00fablico. Em 2015 criou e fundou o Infocul.pt, projecto no qual assume a direc\u00e7\u00e3o editorial.","sameAs":["http:\/\/www.infocul.pt"]}]}},"_links":{"self":[{"href":"https:\/\/infocul.pt\/arquivo\/wp-json\/wp\/v2\/posts\/72995","targetHints":{"allow":["GET"]}}],"collection":[{"href":"https:\/\/infocul.pt\/arquivo\/wp-json\/wp\/v2\/posts"}],"about":[{"href":"https:\/\/infocul.pt\/arquivo\/wp-json\/wp\/v2\/types\/post"}],"author":[{"embeddable":true,"href":"https:\/\/infocul.pt\/arquivo\/wp-json\/wp\/v2\/users\/2"}],"replies":[{"embeddable":true,"href":"https:\/\/infocul.pt\/arquivo\/wp-json\/wp\/v2\/comments?post=72995"}],"version-history":[{"count":0,"href":"https:\/\/infocul.pt\/arquivo\/wp-json\/wp\/v2\/posts\/72995\/revisions"}],"wp:featuredmedia":[{"embeddable":true,"href":"https:\/\/infocul.pt\/arquivo\/wp-json\/wp\/v2\/media\/72996"}],"wp:attachment":[{"href":"https:\/\/infocul.pt\/arquivo\/wp-json\/wp\/v2\/media?parent=72995"}],"wp:term":[{"taxonomy":"category","embeddable":true,"href":"https:\/\/infocul.pt\/arquivo\/wp-json\/wp\/v2\/categories?post=72995"},{"taxonomy":"post_tag","embeddable":true,"href":"https:\/\/infocul.pt\/arquivo\/wp-json\/wp\/v2\/tags?post=72995"}],"curies":[{"name":"wp","href":"https:\/\/api.w.org\/{rel}","templated":true}]}}