{"id":73328,"date":"2020-06-07T00:00:40","date_gmt":"2020-06-06T23:00:40","guid":{"rendered":"https:\/\/infocul.pt\/?p=73328"},"modified":"2020-06-05T12:23:53","modified_gmt":"2020-06-05T11:23:53","slug":"fabiano-de-abreu-o-instagram-ao-meu-ver-e-um-impulsionador-de-deficiencia-cerebral","status":"publish","type":"post","link":"https:\/\/infocul.pt\/arquivo\/actualidade\/fabiano-de-abreu-o-instagram-ao-meu-ver-e-um-impulsionador-de-deficiencia-cerebral\/","title":{"rendered":"Fabiano de Abreu: \u201cO Instagram ao meu ver \u00e9 um impulsionador de defici\u00eancia cerebral\u201d"},"content":{"rendered":"<p><img decoding=\"async\" class=\"aligncenter wp-image-73329 size-full lazyload\" data-src=\"https:\/\/infocul.pt\/arquivo\/wp-content\/uploads\/2020\/06\/Fabiano-de-Abreu.jpg\" alt=\"\" width=\"960\" height=\"720\" data-srcset=\"https:\/\/infocul.pt\/arquivo\/wp-content\/uploads\/2020\/06\/Fabiano-de-Abreu.jpg 960w, https:\/\/infocul.pt\/arquivo\/wp-content\/uploads\/2020\/06\/Fabiano-de-Abreu-300x225.jpg 300w, https:\/\/infocul.pt\/arquivo\/wp-content\/uploads\/2020\/06\/Fabiano-de-Abreu-768x576.jpg 768w\" data-sizes=\"(max-width: 960px) 100vw, 960px\" src=\"data:image\/svg+xml;base64,PHN2ZyB3aWR0aD0iMSIgaGVpZ2h0PSIxIiB4bWxucz0iaHR0cDovL3d3dy53My5vcmcvMjAwMC9zdmciPjwvc3ZnPg==\" style=\"--smush-placeholder-width: 960px; --smush-placeholder-aspect-ratio: 960\/720;\" \/><\/p>\n<p><span style=\"font-family: Liberation Serif, serif;\"><span style=\"font-size: medium;\"><span style=\"color: #000000;\">O fil\u00f3sofo e psicanalista Fabiano de Abreu <\/span><span style=\"color: #000000;\">acaba de lan\u00e7ar <\/span><span style=\"color: #000000;\">o seu quinto livro na Amazon e no Google Books. <\/span><span style=\"color: #000000;\">Concedeu uma entrevista ao Infocul.pt, na qual aborda os 7 pecados mortais, que s\u00e3o o fio condutor do livro.<\/span><\/span><\/span><!--more--><\/p>\n<p><span style=\"font-family: Liberation Serif, serif;\"><span style=\"font-size: medium;\"><span style=\"color: #000000;\">A nova obra analisa os sete pecados capitais pela \u00f3tica da filosofia e do comportamento humano.<\/span><\/span><\/span><\/p>\n<p><span style=\"font-family: Liberation Serif, serif;\"><span style=\"font-size: medium;\"><span style=\"color: #000000;\">O fil\u00f3sofo e psicanalista Fabiano de Abreu \u00e9 um estudioso da mente e comportamento humano. Com especializa\u00e7\u00e3o em hist\u00f3ria da \u00e9tica e moral pela Universidade Carlos III de Madrid, em Espanha, Abreu analisou, pela \u00f3tica da filosofia e com base nos seus estudos, os sete pecados capitais. O resultado \u00e9 o 5.\u00ba livro do autor, chamado 7 pecados capitais que a filosofia explica, lan\u00e7ado pela editora MF Press Global em formato e-book mundialmente na Amazon e no Google Books. <\/span><\/span><\/span><\/p>\n<p><span style=\"font-family: Liberation Serif, serif;\"><span style=\"font-size: medium;\"><span style=\"color: #000000;\">Os conceitos incorporados no que se conhece hoje como os sete pecados capitais tratam de uma classifica\u00e7\u00e3o de condi\u00e7\u00f5es humanas conhecidas atualmente como v\u00edcios, que foram usadas mais tarde pelo catolicismo com o intuito de educar os seguidores, de forma a compreender e controlar os instintos b\u00e1sicos do ser humano e assim, sob a \u00f3tica da religi\u00e3o, aproximar-se de Deus. No entanto, o conceito de v\u00edcios e virtudes vai muito al\u00e9m da vis\u00e3o religiosa. <\/span><\/span><\/span><\/p>\n<p><span style=\"font-family: Liberation Serif, serif;\"><span style=\"font-size: medium;\"><span style=\"color: #000000;\"><b>Como \u00e9 que a filosofia explica os 7 pecados mortais?<\/b><\/span><span style=\"color: #500050;\"><br \/>\n<\/span><\/span><\/span><\/p>\n<p><span style=\"font-family: Liberation Serif, serif;\"><span style=\"font-size: medium;\"><span style=\"color: #222222;\"><i>A filosofia tenta explicar qualquer coisa na vida humana, ela \u00e9 a m\u00e3e das ci\u00eancias. No meu caso, a filosofia \u00e9 questionadora, observadora e estudiosa do comportamento humano. Minha curiosidade \u00e9 tamanha que a filosofia me impulsionou a me especializar nos estudos da psican\u00e1lise e neuroci\u00eancia para encontrar respostas, atrav\u00e9s de um racioc\u00ednio l\u00f3gico, para explicar os comportamentos humanos. O tema dos 7 pecados capitais \u00e9 muito interessante. Eles sofrem preconceitos estimulados pela religi\u00e3o pois realmente s\u00e3o defeitos, mas muitos deles fazem parte do instinto humano. O que diferencia \u00e9 a sua intensidade e como isso interfere em si mesmo e na sociedade.<\/i><\/span><span style=\"color: #222222;\"><br \/>\n<\/span><span style=\"color: #500050;\"><br \/>\n<\/span><\/span><\/span><\/p>\n<p><span style=\"font-family: Liberation Serif, serif;\"><span style=\"font-size: medium;\"><span style=\"color: #000000;\"><b>Quando come\u00e7ou a pensar neste livro?<\/b><\/span><span style=\"color: #500050;\"><br \/>\n<\/span><\/span><\/span><\/p>\n<p><span style=\"font-family: Liberation Serif, serif;\"><span style=\"font-size: medium;\"><span style=\"color: #222222;\"><i>Eu trabalho com jornalismo em Portugal e assessoria no Brasil, n\u00e3o tenho muito tempo, mas trabalhei um tema por semana totalizando 7 semanas de estudos e escrita.<\/i><\/span><span style=\"color: #222222;\"><br \/>\n<\/span><span style=\"color: #500050;\"><br \/>\n<\/span><\/span><\/span><\/p>\n<p><span style=\"font-family: Liberation Serif, serif;\"><span style=\"font-size: medium;\"><span style=\"color: #000000;\"><b>Para os mais distra\u00eddos, quais os 7 pecados mortais?<\/b><\/span><span style=\"color: #500050;\"><br \/>\n<\/span><\/span><\/span><\/p>\n<p><span style=\"font-family: Liberation Serif, serif;\"><span style=\"font-size: medium;\"><span style=\"color: #222222;\"><i>A gula, ira, lux\u00faria, avareza, melancolia, pregui\u00e7a, orgulho, h\u00e1 outros que ultrapassam o n\u00famero 7 que foram criados com o tempo, mas esses s\u00e3o os simb\u00f3licos e mais determinantes por mais de mil anos. Ser\u00e1 que o leitor identificou alguns deles na sua personalidade? <\/i><\/span><span style=\"color: #222222;\">(risos)<\/span><span style=\"color: #500050;\"><\/p>\n<p><\/span><\/span><\/span><\/p>\n<p><span style=\"font-family: Liberation Serif, serif;\"><span style=\"font-size: medium;\"><span style=\"color: #000000;\"><b>H\u00e1 uma clara liga\u00e7\u00e3o religiosa aos pecados, certo?<\/b><\/span><span style=\"color: #500050;\"><br \/>\n<\/span><\/span><\/span><\/p>\n<p><span style=\"font-family: Liberation Serif, serif;\"><span style=\"font-size: medium;\"><span style=\"color: #222222;\"><i>Os pecados s\u00e3o tra\u00e7os de personalidade j\u00e1 avaliados desde a Gr\u00e9cia antiga e tamb\u00e9m em outros povos da \u00e9poca, mas foram descritos pelo monge greco-romano Ev\u00e1grio do Ponto entre 345-399. No fim do s\u00e9culo VI, o Papa Greg\u00f3rio I transformou, o que Ev\u00e1grio chamou de crime, em textos como mandamentos do que n\u00e3o pode ser cometido.\u00a0 Os pecados ganharam maior peso atrav\u00e9s do famoso fil\u00f3sofo cat\u00f3lico Tom\u00e1s de Aquino determinando os nomes que s\u00e3o usados at\u00e9 hoje.<\/i><\/span><span style=\"color: #222222;\"><br \/>\n<\/span><span style=\"color: #500050;\"><br \/>\n<\/span><\/span><\/span><\/p>\n<p><span style=\"font-family: Liberation Serif, serif;\"><span style=\"font-size: medium;\"><span style=\"color: #000000;\"><b>Qual o pecado mais dif\u00edcil de controlar, no mundo actual?<\/b><\/span><span style=\"color: #500050;\"><br \/>\n<\/span><\/span><\/span><\/p>\n<p><span style=\"font-family: Liberation Serif, serif;\"><span style=\"font-size: medium;\"><span style=\"color: #222222;\"><i>O mais dif\u00edcil de controlar varia de acordo com a pessoa, aquele que tem com maior intensidade e \u00e9 mais dif\u00edcil de controlar. \u00c9 um tanto quanto individual. Mas eu denomino num geral, os que s\u00e3o de natureza humana mais intensa que \u00e9 a ira e pecados relacionados ao ego\u00edsmo.<\/i><\/span><span style=\"color: #222222;\"><br \/>\n<\/span><span style=\"color: #500050;\"><br \/>\n<\/span><\/span><\/span><\/p>\n<p><span style=\"font-family: Liberation Serif, serif;\"><span style=\"font-size: medium;\"><span style=\"color: #000000;\"><b>E qual o mais grave?<\/b><\/span><span style=\"color: #500050;\"><br \/>\n<\/span><\/span><\/span><\/p>\n<p><span style=\"font-family: Liberation Serif, serif;\"><span style=\"font-size: medium;\"><span style=\"color: #222222;\"><i>Isso depende do comportamento da pessoa que o tem com maior intensidade e como afeta a sociedade. No meu ponto de vista pessoal, n\u00e3o gosto de pessoas que ostentam muito ent\u00e3o, a lux\u00faria dos dias atuais incentivada pela m\u00eddia social n\u00e3o me agradam.<\/i><\/span><span style=\"color: #222222;\"><br \/>\n<\/span><span style=\"color: #500050;\"><b><br \/>\n<\/b><\/span><\/span><\/span><\/p>\n<p><span style=\"font-family: Liberation Serif, serif;\"><span style=\"font-size: medium;\"><span style=\"color: #000000;\"><b>O que pretende transmitir a quem ler este livro?<\/b><\/span><span style=\"color: #500050;\"><br \/>\n<\/span><\/span><\/span><\/p>\n<p><span style=\"font-family: Liberation Serif, serif;\"><span style=\"font-size: medium;\"><span style=\"color: #222222;\"><i>A raz\u00e3o, sempre a raz\u00e3o. Temos personalidades instintivas mas isso n\u00e3o quer dizer que isso amenizam os defeitos. Tudo na vida tem um meio termo, um equil\u00edbrio e nunca podemos esquecer da \u00e9tica e da moral. Fazer a pessoa enxergar, reconhecer e dar solu\u00e7\u00f5es \u00e9 o meu maior objetivo em todas as minhas escritas que s\u00e3o publicadas em diversas colunas que tenho no Brasil, Portugal e Angola.<\/i><\/span><span style=\"color: #222222;\"><br \/>\n<\/span><span style=\"color: #500050;\"><br \/>\n<\/span><\/span><\/span><\/p>\n<p><span style=\"font-family: Liberation Serif, serif;\"><span style=\"font-size: medium;\"><span style=\"color: #000000;\"><b>J\u00e1 tem alguma reac\u00e7\u00e3o mais caricata ou marcante ao livro?<\/b><\/span><span style=\"color: #500050;\"><br \/>\n<\/span><\/span><\/span><\/p>\n<p><span style=\"font-family: Liberation Serif, serif;\"><span style=\"font-size: medium;\"><span style=\"color: #222222;\"><i>Ainda n\u00e3o deu tempo de medir isso pois entrei em um universo de escrita e pensamentos em meio a quarentena. Estou fazendo p\u00f3s, cursos de especializa\u00e7\u00e3o, trabalho e lan\u00e7arei um total de 5 livros at\u00e9 o final do m\u00eas que vem.<\/i><\/span><span style=\"color: #222222;\"><br \/>\n<\/span><span style=\"color: #500050;\"><br \/>\n<\/span><\/span><\/span><\/p>\n<p><span style=\"font-family: Liberation Serif, serif;\"><span style=\"font-size: medium;\"><span style=\"color: #000000;\"><b>Onde podem as pessoas interagir consigo e ter acesso ao livro?<\/b><\/span><span style=\"color: #500050;\"><br \/>\n<\/span><\/span><\/span><\/p>\n<p><span style=\"font-family: Liberation Serif, serif;\"><span style=\"font-size: medium;\"><span style=\"color: #222222;\"><i>Eu realmente n\u00e3o consigo interagir muito na <\/i><\/span><span style=\"color: #222222;\"><i>media<\/i><\/span><span style=\"color: #222222;\"><i> social, eu n\u00e3o gosto muito da rede social pois prezo muito o tempo que tenho para absorver conhecimento e a <\/i><\/span><span style=\"color: #222222;\"><i>media<\/i><\/span><span style=\"color: #222222;\"><i> social nos tira muito tempo. Mas tento sempre responder a todos pelo Instagram que \u00e9 o <a href=\"https:\/\/www.instagram.com\/fabianodeabreuoficial\/\">fabianodeabreuoficial<\/a>. O utilizo mais pois a maior massa de p\u00fablico \u00e9 do Brasil e eles se conectam mais ao Instagram. Mas eu particularmente prefiro o Facebook pois cabem textos maiores. Vejo o Instagram como o pecado do pregui\u00e7oso que s\u00f3 v\u00ea foto e n\u00e3o gosta de escrever. O Instagram ao meu ver \u00e9 um impulsionador de defici\u00eancia cerebral.<\/i><\/span><span style=\"color: #222222;\"><br \/>\n<\/span><span style=\"color: #500050;\"><br \/>\n<\/span><\/span><\/span><\/p>\n<p><span style=\"font-family: Liberation Serif, serif;\"><span style=\"font-size: medium;\"><span style=\"color: #000000;\"><b>Qual a mensagem que deixa ao povo portugu\u00eas?<\/b><\/span><span style=\"color: #500050;\"><br \/>\n<\/span><\/span><\/span><\/p>\n<p><span style=\"font-family: Liberation Serif, serif;\"><span style=\"font-size: medium;\"><i><span style=\"color: #222222;\">Eu nasci no Brasil mais sou filho de uma m\u00e3e madeirense que migrou para o Brasil assim como outros milh\u00f5es. Fui criado em uma col\u00f3nia portuguesa onde me relacionei com lusodescendentes e frequentei clubes portugueses. N\u00e3o esque\u00e7am as suas origens. Percebi que o lusodescendente no Brasil ama mais fervorosamente a nossa p\u00e1tria que muitos aqui e isso \u00e9 o princ\u00edpio b\u00e1sico do est\u00edmulo para o sucesso, amar nosso pa\u00eds. Quero atrav\u00e9s da escrita e do conhecimento levar o nome de Portugal para o mundo para que tenhamos a valoriza\u00e7\u00e3o que n\u00e3o tivemos at\u00e9 hoje mesmo depois de tantos feitos, de termos sido a maior pot\u00eancia do mundo e, eu que estive em mais de 15 pa\u00edses de import\u00e2ncia, avaliei que n\u00e3o sabem disso.<br \/>\nA minha mensagem resumida \u00e9: sejam o melhor para si mesmo e para o outro, seja um bom profissional e eleve o nome de Portugal. Conhecimento \u00e9 a chave para uma melhor vida e n\u00e3o digo conhecimento acad\u00e9mico, pois h\u00e1 quem estuda s\u00f3 uma coisa a vida inteira e mesmo com doutorado s\u00f3 sabe aquilo e mais nada. Eu digo o conhecimento geral. <\/span><\/i><\/span><\/span><\/p>\n","protected":false},"excerpt":{"rendered":"<p>O fil\u00f3sofo e psicanalista Fabiano de Abreu acaba de lan\u00e7ar o seu quinto livro na Amazon e no Google Books. Concedeu uma entrevista ao Infocul.pt, na qual aborda os 7 pecados mortais, que s\u00e3o o fio condutor do livro.<\/p>\n","protected":false},"author":2,"featured_media":73329,"comment_status":"open","ping_status":"closed","sticky":false,"template":"","format":"standard","meta":{"footnotes":""},"categories":[10,2,36,4124,8,12,15],"tags":[9495],"class_list":["post-73328","post","type-post","status-publish","format-standard","has-post-thumbnail","hentry","category-actualidade","category-cultura","category-destaque","category-entrevistas","category-livros","category-mundo","category-social-e-lifestyle","tag-fabiano-de-abreu"],"yoast_head":"<!-- This site is optimized with the Yoast SEO plugin v27.4 - https:\/\/yoast.com\/product\/yoast-seo-wordpress\/ -->\n<title>Fabiano de Abreu: \u201cO Instagram ao meu ver \u00e9 um impulsionador de defici\u00eancia cerebral\u201d | Infocul.pt - Arquivo Digital<\/title>\n<meta name=\"description\" content=\"Uma entrevista sobre os 7 pecados mortais\" \/>\n<meta name=\"robots\" content=\"noindex, follow, max-snippet:-1, max-image-preview:large, max-video-preview:-1\" \/>\n<meta property=\"og:locale\" content=\"pt_PT\" \/>\n<meta property=\"og:type\" content=\"article\" \/>\n<meta property=\"og:title\" content=\"Fabiano de Abreu: \u201cO Instagram ao meu ver \u00e9 um impulsionador de defici\u00eancia cerebral\u201d | Infocul.pt - Arquivo Digital\" \/>\n<meta property=\"og:description\" content=\"Uma entrevista sobre os 7 pecados mortais\" \/>\n<meta property=\"og:url\" content=\"https:\/\/infocul.pt\/arquivo\/actualidade\/fabiano-de-abreu-o-instagram-ao-meu-ver-e-um-impulsionador-de-deficiencia-cerebral\/\" \/>\n<meta property=\"og:site_name\" content=\"Infocul.pt - Arquivo Digital\" \/>\n<meta property=\"article:publisher\" content=\"https:\/\/www.facebook.com\/Infocul-147816815585015\/\" \/>\n<meta property=\"article:published_time\" content=\"2020-06-06T23:00:40+00:00\" \/>\n<meta property=\"og:image\" content=\"https:\/\/infocul.pt\/arquivo\/wp-content\/uploads\/2020\/06\/Fabiano-de-Abreu.jpg\" \/>\n\t<meta property=\"og:image:width\" content=\"960\" \/>\n\t<meta property=\"og:image:height\" content=\"720\" \/>\n\t<meta property=\"og:image:type\" content=\"image\/jpeg\" \/>\n<meta name=\"author\" content=\"Rui Lavrador\" \/>\n<meta name=\"twitter:card\" content=\"summary_large_image\" \/>\n<meta name=\"twitter:creator\" content=\"@Infoculpt\" \/>\n<meta name=\"twitter:site\" content=\"@Infoculpt\" \/>\n<meta name=\"twitter:label1\" content=\"Escrito por\" \/>\n\t<meta name=\"twitter:data1\" content=\"Rui Lavrador\" \/>\n\t<meta name=\"twitter:label2\" content=\"Tempo estimado de leitura\" \/>\n\t<meta name=\"twitter:data2\" content=\"6 minutos\" \/>\n<script type=\"application\/ld+json\" class=\"yoast-schema-graph\">{\"@context\":\"https:\\\/\\\/schema.org\",\"@graph\":[{\"@type\":\"Article\",\"@id\":\"https:\\\/\\\/infocul.pt\\\/arquivo\\\/actualidade\\\/fabiano-de-abreu-o-instagram-ao-meu-ver-e-um-impulsionador-de-deficiencia-cerebral\\\/#article\",\"isPartOf\":{\"@id\":\"https:\\\/\\\/infocul.pt\\\/arquivo\\\/actualidade\\\/fabiano-de-abreu-o-instagram-ao-meu-ver-e-um-impulsionador-de-deficiencia-cerebral\\\/\"},\"author\":{\"name\":\"Rui Lavrador\",\"@id\":\"https:\\\/\\\/infocul.pt\\\/arquivo\\\/#\\\/schema\\\/person\\\/060a108d7f2d85fc6aae505119ee5234\"},\"headline\":\"Fabiano de Abreu: \u201cO Instagram ao meu ver \u00e9 um impulsionador de defici\u00eancia cerebral\u201d\",\"datePublished\":\"2020-06-06T23:00:40+00:00\",\"mainEntityOfPage\":{\"@id\":\"https:\\\/\\\/infocul.pt\\\/arquivo\\\/actualidade\\\/fabiano-de-abreu-o-instagram-ao-meu-ver-e-um-impulsionador-de-deficiencia-cerebral\\\/\"},\"wordCount\":1118,\"commentCount\":0,\"publisher\":{\"@id\":\"https:\\\/\\\/infocul.pt\\\/arquivo\\\/#organization\"},\"image\":{\"@id\":\"https:\\\/\\\/infocul.pt\\\/arquivo\\\/actualidade\\\/fabiano-de-abreu-o-instagram-ao-meu-ver-e-um-impulsionador-de-deficiencia-cerebral\\\/#primaryimage\"},\"thumbnailUrl\":\"https:\\\/\\\/infocul.pt\\\/arquivo\\\/wp-content\\\/uploads\\\/2020\\\/06\\\/Fabiano-de-Abreu.jpg\",\"keywords\":[\"Fabiano de Abreu\"],\"articleSection\":[\"Actualidade\",\"Cultura\",\"Destaque\",\"Entrevistas\",\"Livros\",\"Mundo\",\"Social &amp; LifeStyle\"],\"inLanguage\":\"pt-PT\"},{\"@type\":\"WebPage\",\"@id\":\"https:\\\/\\\/infocul.pt\\\/arquivo\\\/actualidade\\\/fabiano-de-abreu-o-instagram-ao-meu-ver-e-um-impulsionador-de-deficiencia-cerebral\\\/\",\"url\":\"https:\\\/\\\/infocul.pt\\\/arquivo\\\/actualidade\\\/fabiano-de-abreu-o-instagram-ao-meu-ver-e-um-impulsionador-de-deficiencia-cerebral\\\/\",\"name\":\"Fabiano de Abreu: \u201cO Instagram ao meu ver \u00e9 um impulsionador de defici\u00eancia cerebral\u201d | Infocul.pt - Arquivo Digital\",\"isPartOf\":{\"@id\":\"https:\\\/\\\/infocul.pt\\\/arquivo\\\/#website\"},\"primaryImageOfPage\":{\"@id\":\"https:\\\/\\\/infocul.pt\\\/arquivo\\\/actualidade\\\/fabiano-de-abreu-o-instagram-ao-meu-ver-e-um-impulsionador-de-deficiencia-cerebral\\\/#primaryimage\"},\"image\":{\"@id\":\"https:\\\/\\\/infocul.pt\\\/arquivo\\\/actualidade\\\/fabiano-de-abreu-o-instagram-ao-meu-ver-e-um-impulsionador-de-deficiencia-cerebral\\\/#primaryimage\"},\"thumbnailUrl\":\"https:\\\/\\\/infocul.pt\\\/arquivo\\\/wp-content\\\/uploads\\\/2020\\\/06\\\/Fabiano-de-Abreu.jpg\",\"datePublished\":\"2020-06-06T23:00:40+00:00\",\"description\":\"Uma entrevista sobre os 7 pecados mortais\",\"breadcrumb\":{\"@id\":\"https:\\\/\\\/infocul.pt\\\/arquivo\\\/actualidade\\\/fabiano-de-abreu-o-instagram-ao-meu-ver-e-um-impulsionador-de-deficiencia-cerebral\\\/#breadcrumb\"},\"inLanguage\":\"pt-PT\",\"potentialAction\":[{\"@type\":\"ReadAction\",\"target\":[\"https:\\\/\\\/infocul.pt\\\/arquivo\\\/actualidade\\\/fabiano-de-abreu-o-instagram-ao-meu-ver-e-um-impulsionador-de-deficiencia-cerebral\\\/\"]}]},{\"@type\":\"ImageObject\",\"inLanguage\":\"pt-PT\",\"@id\":\"https:\\\/\\\/infocul.pt\\\/arquivo\\\/actualidade\\\/fabiano-de-abreu-o-instagram-ao-meu-ver-e-um-impulsionador-de-deficiencia-cerebral\\\/#primaryimage\",\"url\":\"https:\\\/\\\/infocul.pt\\\/arquivo\\\/wp-content\\\/uploads\\\/2020\\\/06\\\/Fabiano-de-Abreu.jpg\",\"contentUrl\":\"https:\\\/\\\/infocul.pt\\\/arquivo\\\/wp-content\\\/uploads\\\/2020\\\/06\\\/Fabiano-de-Abreu.jpg\",\"width\":960,\"height\":720},{\"@type\":\"BreadcrumbList\",\"@id\":\"https:\\\/\\\/infocul.pt\\\/arquivo\\\/actualidade\\\/fabiano-de-abreu-o-instagram-ao-meu-ver-e-um-impulsionador-de-deficiencia-cerebral\\\/#breadcrumb\",\"itemListElement\":[{\"@type\":\"ListItem\",\"position\":1,\"name\":\"Home\",\"item\":\"https:\\\/\\\/infocul.pt\\\/arquivo\\\/\"},{\"@type\":\"ListItem\",\"position\":2,\"name\":\"Fabiano de Abreu: \u201cO Instagram ao meu ver \u00e9 um impulsionador de defici\u00eancia cerebral\u201d\"}]},{\"@type\":\"WebSite\",\"@id\":\"https:\\\/\\\/infocul.pt\\\/arquivo\\\/#website\",\"url\":\"https:\\\/\\\/infocul.pt\\\/arquivo\\\/\",\"name\":\"Infocul.pt - Arquivo Digital\",\"description\":\"Arquivo digital da Infocul.pt\",\"publisher\":{\"@id\":\"https:\\\/\\\/infocul.pt\\\/arquivo\\\/#organization\"},\"potentialAction\":[{\"@type\":\"SearchAction\",\"target\":{\"@type\":\"EntryPoint\",\"urlTemplate\":\"https:\\\/\\\/infocul.pt\\\/arquivo\\\/?s={search_term_string}\"},\"query-input\":{\"@type\":\"PropertyValueSpecification\",\"valueRequired\":true,\"valueName\":\"search_term_string\"}}],\"inLanguage\":\"pt-PT\"},{\"@type\":\"Organization\",\"@id\":\"https:\\\/\\\/infocul.pt\\\/arquivo\\\/#organization\",\"name\":\"Infocul.pt\",\"url\":\"https:\\\/\\\/infocul.pt\\\/arquivo\\\/\",\"logo\":{\"@type\":\"ImageObject\",\"inLanguage\":\"pt-PT\",\"@id\":\"https:\\\/\\\/infocul.pt\\\/arquivo\\\/#\\\/schema\\\/logo\\\/image\\\/\",\"url\":\"https:\\\/\\\/infocul.pt\\\/arquivo\\\/wp-content\\\/uploads\\\/2018\\\/12\\\/Infocul_logo-1.png\",\"contentUrl\":\"https:\\\/\\\/infocul.pt\\\/arquivo\\\/wp-content\\\/uploads\\\/2018\\\/12\\\/Infocul_logo-1.png\",\"width\":800,\"height\":800,\"caption\":\"Infocul.pt\"},\"image\":{\"@id\":\"https:\\\/\\\/infocul.pt\\\/arquivo\\\/#\\\/schema\\\/logo\\\/image\\\/\"},\"sameAs\":[\"https:\\\/\\\/www.facebook.com\\\/Infocul-147816815585015\\\/\",\"https:\\\/\\\/x.com\\\/Infoculpt\",\"http:\\\/\\\/www.pictaram.com\\\/user\\\/infocul.pt\\\/2370423710\",\"https:\\\/\\\/www.youtube.com\\\/channel\\\/UCYEB91AGI9FL9ek2i_IaQAA\"]},{\"@type\":\"Person\",\"@id\":\"https:\\\/\\\/infocul.pt\\\/arquivo\\\/#\\\/schema\\\/person\\\/060a108d7f2d85fc6aae505119ee5234\",\"name\":\"Rui Lavrador\",\"image\":{\"@type\":\"ImageObject\",\"inLanguage\":\"pt-PT\",\"@id\":\"https:\\\/\\\/secure.gravatar.com\\\/avatar\\\/93febd6873394aa8e975148548a0cb203acfdd42d2c85c5f1408e1a76678aece?s=96&d=mm&r=g\",\"url\":\"https:\\\/\\\/secure.gravatar.com\\\/avatar\\\/93febd6873394aa8e975148548a0cb203acfdd42d2c85c5f1408e1a76678aece?s=96&d=mm&r=g\",\"contentUrl\":\"https:\\\/\\\/secure.gravatar.com\\\/avatar\\\/93febd6873394aa8e975148548a0cb203acfdd42d2c85c5f1408e1a76678aece?s=96&d=mm&r=g\",\"caption\":\"Rui Lavrador\"},\"description\":\"Iniciou em 2011 o seu percurso em comunica\u00e7\u00e3o social, tendo integrado v\u00e1rios projectos editoriais. Durante o seu percurso integrou projectos como Jornal Hardm\u00fasica, LusoNot\u00edcias, Toureio.pt, ODigital.pt, entre outros \u00d3rg\u00e3os de Comunica\u00e7\u00e3o Social nacionais, na redac\u00e7\u00e3o de v\u00e1rios artigos. Entrevistou a grande maioria das personalidades mais importantes da vida social e cultural do pa\u00eds, destacando-se, tamb\u00e9m, na aprecia\u00e7\u00e3o de v\u00e1rios espect\u00e1culos. Durante o seu percurso, deu a conhecer v\u00e1rios artistas, at\u00e9 ent\u00e3o desconhecidos, ao grande p\u00fablico. Em 2015 criou e fundou o Infocul.pt, projecto no qual assume a direc\u00e7\u00e3o editorial.\",\"sameAs\":[\"http:\\\/\\\/www.infocul.pt\"]}]}<\/script>\n<!-- \/ Yoast SEO plugin. -->","yoast_head_json":{"title":"Fabiano de Abreu: \u201cO Instagram ao meu ver \u00e9 um impulsionador de defici\u00eancia cerebral\u201d | Infocul.pt - Arquivo Digital","description":"Uma entrevista sobre os 7 pecados mortais","robots":{"index":"noindex","follow":"follow","max-snippet":"max-snippet:-1","max-image-preview":"max-image-preview:large","max-video-preview":"max-video-preview:-1"},"og_locale":"pt_PT","og_type":"article","og_title":"Fabiano de Abreu: \u201cO Instagram ao meu ver \u00e9 um impulsionador de defici\u00eancia cerebral\u201d | Infocul.pt - Arquivo Digital","og_description":"Uma entrevista sobre os 7 pecados mortais","og_url":"https:\/\/infocul.pt\/arquivo\/actualidade\/fabiano-de-abreu-o-instagram-ao-meu-ver-e-um-impulsionador-de-deficiencia-cerebral\/","og_site_name":"Infocul.pt - Arquivo Digital","article_publisher":"https:\/\/www.facebook.com\/Infocul-147816815585015\/","article_published_time":"2020-06-06T23:00:40+00:00","og_image":[{"width":960,"height":720,"url":"https:\/\/infocul.pt\/arquivo\/wp-content\/uploads\/2020\/06\/Fabiano-de-Abreu.jpg","type":"image\/jpeg"}],"author":"Rui Lavrador","twitter_card":"summary_large_image","twitter_creator":"@Infoculpt","twitter_site":"@Infoculpt","twitter_misc":{"Escrito por":"Rui Lavrador","Tempo estimado de leitura":"6 minutos"},"schema":{"@context":"https:\/\/schema.org","@graph":[{"@type":"Article","@id":"https:\/\/infocul.pt\/arquivo\/actualidade\/fabiano-de-abreu-o-instagram-ao-meu-ver-e-um-impulsionador-de-deficiencia-cerebral\/#article","isPartOf":{"@id":"https:\/\/infocul.pt\/arquivo\/actualidade\/fabiano-de-abreu-o-instagram-ao-meu-ver-e-um-impulsionador-de-deficiencia-cerebral\/"},"author":{"name":"Rui Lavrador","@id":"https:\/\/infocul.pt\/arquivo\/#\/schema\/person\/060a108d7f2d85fc6aae505119ee5234"},"headline":"Fabiano de Abreu: \u201cO Instagram ao meu ver \u00e9 um impulsionador de defici\u00eancia cerebral\u201d","datePublished":"2020-06-06T23:00:40+00:00","mainEntityOfPage":{"@id":"https:\/\/infocul.pt\/arquivo\/actualidade\/fabiano-de-abreu-o-instagram-ao-meu-ver-e-um-impulsionador-de-deficiencia-cerebral\/"},"wordCount":1118,"commentCount":0,"publisher":{"@id":"https:\/\/infocul.pt\/arquivo\/#organization"},"image":{"@id":"https:\/\/infocul.pt\/arquivo\/actualidade\/fabiano-de-abreu-o-instagram-ao-meu-ver-e-um-impulsionador-de-deficiencia-cerebral\/#primaryimage"},"thumbnailUrl":"https:\/\/infocul.pt\/arquivo\/wp-content\/uploads\/2020\/06\/Fabiano-de-Abreu.jpg","keywords":["Fabiano de Abreu"],"articleSection":["Actualidade","Cultura","Destaque","Entrevistas","Livros","Mundo","Social &amp; LifeStyle"],"inLanguage":"pt-PT"},{"@type":"WebPage","@id":"https:\/\/infocul.pt\/arquivo\/actualidade\/fabiano-de-abreu-o-instagram-ao-meu-ver-e-um-impulsionador-de-deficiencia-cerebral\/","url":"https:\/\/infocul.pt\/arquivo\/actualidade\/fabiano-de-abreu-o-instagram-ao-meu-ver-e-um-impulsionador-de-deficiencia-cerebral\/","name":"Fabiano de Abreu: \u201cO Instagram ao meu ver \u00e9 um impulsionador de defici\u00eancia cerebral\u201d | Infocul.pt - Arquivo Digital","isPartOf":{"@id":"https:\/\/infocul.pt\/arquivo\/#website"},"primaryImageOfPage":{"@id":"https:\/\/infocul.pt\/arquivo\/actualidade\/fabiano-de-abreu-o-instagram-ao-meu-ver-e-um-impulsionador-de-deficiencia-cerebral\/#primaryimage"},"image":{"@id":"https:\/\/infocul.pt\/arquivo\/actualidade\/fabiano-de-abreu-o-instagram-ao-meu-ver-e-um-impulsionador-de-deficiencia-cerebral\/#primaryimage"},"thumbnailUrl":"https:\/\/infocul.pt\/arquivo\/wp-content\/uploads\/2020\/06\/Fabiano-de-Abreu.jpg","datePublished":"2020-06-06T23:00:40+00:00","description":"Uma entrevista sobre os 7 pecados mortais","breadcrumb":{"@id":"https:\/\/infocul.pt\/arquivo\/actualidade\/fabiano-de-abreu-o-instagram-ao-meu-ver-e-um-impulsionador-de-deficiencia-cerebral\/#breadcrumb"},"inLanguage":"pt-PT","potentialAction":[{"@type":"ReadAction","target":["https:\/\/infocul.pt\/arquivo\/actualidade\/fabiano-de-abreu-o-instagram-ao-meu-ver-e-um-impulsionador-de-deficiencia-cerebral\/"]}]},{"@type":"ImageObject","inLanguage":"pt-PT","@id":"https:\/\/infocul.pt\/arquivo\/actualidade\/fabiano-de-abreu-o-instagram-ao-meu-ver-e-um-impulsionador-de-deficiencia-cerebral\/#primaryimage","url":"https:\/\/infocul.pt\/arquivo\/wp-content\/uploads\/2020\/06\/Fabiano-de-Abreu.jpg","contentUrl":"https:\/\/infocul.pt\/arquivo\/wp-content\/uploads\/2020\/06\/Fabiano-de-Abreu.jpg","width":960,"height":720},{"@type":"BreadcrumbList","@id":"https:\/\/infocul.pt\/arquivo\/actualidade\/fabiano-de-abreu-o-instagram-ao-meu-ver-e-um-impulsionador-de-deficiencia-cerebral\/#breadcrumb","itemListElement":[{"@type":"ListItem","position":1,"name":"Home","item":"https:\/\/infocul.pt\/arquivo\/"},{"@type":"ListItem","position":2,"name":"Fabiano de Abreu: \u201cO Instagram ao meu ver \u00e9 um impulsionador de defici\u00eancia cerebral\u201d"}]},{"@type":"WebSite","@id":"https:\/\/infocul.pt\/arquivo\/#website","url":"https:\/\/infocul.pt\/arquivo\/","name":"Infocul.pt - Arquivo Digital","description":"Arquivo digital da Infocul.pt","publisher":{"@id":"https:\/\/infocul.pt\/arquivo\/#organization"},"potentialAction":[{"@type":"SearchAction","target":{"@type":"EntryPoint","urlTemplate":"https:\/\/infocul.pt\/arquivo\/?s={search_term_string}"},"query-input":{"@type":"PropertyValueSpecification","valueRequired":true,"valueName":"search_term_string"}}],"inLanguage":"pt-PT"},{"@type":"Organization","@id":"https:\/\/infocul.pt\/arquivo\/#organization","name":"Infocul.pt","url":"https:\/\/infocul.pt\/arquivo\/","logo":{"@type":"ImageObject","inLanguage":"pt-PT","@id":"https:\/\/infocul.pt\/arquivo\/#\/schema\/logo\/image\/","url":"https:\/\/infocul.pt\/arquivo\/wp-content\/uploads\/2018\/12\/Infocul_logo-1.png","contentUrl":"https:\/\/infocul.pt\/arquivo\/wp-content\/uploads\/2018\/12\/Infocul_logo-1.png","width":800,"height":800,"caption":"Infocul.pt"},"image":{"@id":"https:\/\/infocul.pt\/arquivo\/#\/schema\/logo\/image\/"},"sameAs":["https:\/\/www.facebook.com\/Infocul-147816815585015\/","https:\/\/x.com\/Infoculpt","http:\/\/www.pictaram.com\/user\/infocul.pt\/2370423710","https:\/\/www.youtube.com\/channel\/UCYEB91AGI9FL9ek2i_IaQAA"]},{"@type":"Person","@id":"https:\/\/infocul.pt\/arquivo\/#\/schema\/person\/060a108d7f2d85fc6aae505119ee5234","name":"Rui Lavrador","image":{"@type":"ImageObject","inLanguage":"pt-PT","@id":"https:\/\/secure.gravatar.com\/avatar\/93febd6873394aa8e975148548a0cb203acfdd42d2c85c5f1408e1a76678aece?s=96&d=mm&r=g","url":"https:\/\/secure.gravatar.com\/avatar\/93febd6873394aa8e975148548a0cb203acfdd42d2c85c5f1408e1a76678aece?s=96&d=mm&r=g","contentUrl":"https:\/\/secure.gravatar.com\/avatar\/93febd6873394aa8e975148548a0cb203acfdd42d2c85c5f1408e1a76678aece?s=96&d=mm&r=g","caption":"Rui Lavrador"},"description":"Iniciou em 2011 o seu percurso em comunica\u00e7\u00e3o social, tendo integrado v\u00e1rios projectos editoriais. Durante o seu percurso integrou projectos como Jornal Hardm\u00fasica, LusoNot\u00edcias, Toureio.pt, ODigital.pt, entre outros \u00d3rg\u00e3os de Comunica\u00e7\u00e3o Social nacionais, na redac\u00e7\u00e3o de v\u00e1rios artigos. Entrevistou a grande maioria das personalidades mais importantes da vida social e cultural do pa\u00eds, destacando-se, tamb\u00e9m, na aprecia\u00e7\u00e3o de v\u00e1rios espect\u00e1culos. Durante o seu percurso, deu a conhecer v\u00e1rios artistas, at\u00e9 ent\u00e3o desconhecidos, ao grande p\u00fablico. Em 2015 criou e fundou o Infocul.pt, projecto no qual assume a direc\u00e7\u00e3o editorial.","sameAs":["http:\/\/www.infocul.pt"]}]}},"_links":{"self":[{"href":"https:\/\/infocul.pt\/arquivo\/wp-json\/wp\/v2\/posts\/73328","targetHints":{"allow":["GET"]}}],"collection":[{"href":"https:\/\/infocul.pt\/arquivo\/wp-json\/wp\/v2\/posts"}],"about":[{"href":"https:\/\/infocul.pt\/arquivo\/wp-json\/wp\/v2\/types\/post"}],"author":[{"embeddable":true,"href":"https:\/\/infocul.pt\/arquivo\/wp-json\/wp\/v2\/users\/2"}],"replies":[{"embeddable":true,"href":"https:\/\/infocul.pt\/arquivo\/wp-json\/wp\/v2\/comments?post=73328"}],"version-history":[{"count":0,"href":"https:\/\/infocul.pt\/arquivo\/wp-json\/wp\/v2\/posts\/73328\/revisions"}],"wp:featuredmedia":[{"embeddable":true,"href":"https:\/\/infocul.pt\/arquivo\/wp-json\/wp\/v2\/media\/73329"}],"wp:attachment":[{"href":"https:\/\/infocul.pt\/arquivo\/wp-json\/wp\/v2\/media?parent=73328"}],"wp:term":[{"taxonomy":"category","embeddable":true,"href":"https:\/\/infocul.pt\/arquivo\/wp-json\/wp\/v2\/categories?post=73328"},{"taxonomy":"post_tag","embeddable":true,"href":"https:\/\/infocul.pt\/arquivo\/wp-json\/wp\/v2\/tags?post=73328"}],"curies":[{"name":"wp","href":"https:\/\/api.w.org\/{rel}","templated":true}]}}