{"id":73627,"date":"2020-06-09T14:19:36","date_gmt":"2020-06-09T13:19:36","guid":{"rendered":"https:\/\/infocul.pt\/?p=73627"},"modified":"2020-06-09T14:19:36","modified_gmt":"2020-06-09T13:19:36","slug":"margarida-pinto-se-tiver-estas-pequenas-grandes-coisas-resolvidas-na-minha-vida-nao-ha-limites-para-nenhuma-das-outras","status":"publish","type":"post","link":"https:\/\/infocul.pt\/arquivo\/cultura\/margarida-pinto-se-tiver-estas-pequenas-grandes-coisas-resolvidas-na-minha-vida-nao-ha-limites-para-nenhuma-das-outras\/","title":{"rendered":"Margarida Pinto: &#8220;Se tiver estas pequenas grandes coisas resolvidas na minha vida, n\u00e3o h\u00e1 limites para nenhuma das outras&#8221;"},"content":{"rendered":"<figure id=\"attachment_73628\" aria-describedby=\"caption-attachment-73628\" style=\"width: 683px\" class=\"wp-caption aligncenter\"><img decoding=\"async\" class=\"wp-image-73628 size-large lazyload\" data-src=\"https:\/\/infocul.pt\/arquivo\/wp-content\/uploads\/2020\/06\/1.-Margarida-Pinto-683x1024.jpg\" alt=\"\" width=\"683\" height=\"1024\" data-srcset=\"https:\/\/infocul.pt\/arquivo\/wp-content\/uploads\/2020\/06\/1.-Margarida-Pinto.jpg 683w, https:\/\/infocul.pt\/arquivo\/wp-content\/uploads\/2020\/06\/1.-Margarida-Pinto-200x300.jpg 200w, https:\/\/infocul.pt\/arquivo\/wp-content\/uploads\/2020\/06\/1.-Margarida-Pinto-768x1152.jpg 768w, https:\/\/infocul.pt\/arquivo\/wp-content\/uploads\/2020\/06\/1.-Margarida-Pinto-1024x1536.jpg 1024w\" data-sizes=\"(max-width: 683px) 100vw, 683px\" src=\"data:image\/svg+xml;base64,PHN2ZyB3aWR0aD0iMSIgaGVpZ2h0PSIxIiB4bWxucz0iaHR0cDovL3d3dy53My5vcmcvMjAwMC9zdmciPjwvc3ZnPg==\" style=\"--smush-placeholder-width: 683px; --smush-placeholder-aspect-ratio: 683\/1024;\" \/><figcaption id=\"caption-attachment-73628\" class=\"wp-caption-text\">d.r.<\/figcaption><\/figure>\n<p><span style=\"color: #000000;\"><span style=\"font-family: Liberation Serif, serif;\"><span style=\"font-size: medium;\">Margarida Pinto lan\u00e7ou recentemente o seu novo disco, \u2018Todas as Coisas\u2019. Ap\u00f3s ter participado no <a href=\"https:\/\/www.facebook.com\/watch\/live\/?v=804576440074868\" target=\"_blank\" rel=\"noopener noreferrer\">Infocul Live<\/a> (a convite de Andr\u00e9 ViaMonte), concedeu-nos agora uma entrevista para falar sobre este novo trabalho discogr\u00e1fico.<\/span><\/span><\/span><!--more--><\/p>\n<p><span style=\"color: #000000;\">\u201c<\/span><span style=\"color: #000000;\"><span style=\"font-family: Liberation Serif, serif;\"><span style=\"font-size: medium;\"><b>Com os Coldfinger, Margarida gravou entre 2000 e 2013 um conjunto importante de trabalhos que s\u00e3o pe\u00e7as fundamentais do tabuleiro em que se jogou a modernidade e o futuro da m\u00fasica pop portuguesa, aquela de esp\u00edrito mais livre, de horizontes mais amplos, tocada pela tecnologia, mas com balan\u00e7o org\u00e2nico certo<\/b><\/span><\/span><\/span><span style=\"color: #000000;\"><span style=\"font-family: Liberation Serif, serif;\"><span style=\"font-size: medium;\">\u201d, <\/span><\/span><\/span><span style=\"color: #000000;\"><span style=\"font-family: Liberation Serif, serif;\"><span style=\"font-size: medium;\">refere o texto de apreenta\u00e7\u00e3o do seu disco<\/span><\/span><\/span><span style=\"color: #000000;\"><span style=\"font-family: Liberation Serif, serif;\"><span style=\"font-size: medium;\">.<\/span><\/span><\/span><\/p>\n<p><span style=\"color: #000000;\"><span style=\"font-family: Liberation Serif, serif;\"><span style=\"font-size: medium;\">Acrescenta que \u201c<\/span><\/span><\/span><span style=\"color: #000000;\"><span style=\"font-family: Liberation Serif, serif;\"><span style=\"font-size: medium;\"><b>e<\/b><\/span><\/span><\/span><span style=\"color: #000000;\"><span style=\"font-family: Liberation Serif, serif;\"><span style=\"font-size: medium;\"><b>m 2005, primeiro, e 2009, depois, Margarida j\u00e1 nos tinha deixado avisos sob a forma de um \u00e1lbum, Apontamento, e de um EP, A Aprendizagem de, que a confirmaram como um dos mais superlativos talentos vocais da nossa pra\u00e7a<\/b><\/span><\/span><\/span><span style=\"color: #000000;\"><span style=\"font-family: Liberation Serif, serif;\"><span style=\"font-size: medium;\">\u201d. <\/span><\/span><\/span><\/p>\n<p><span style=\"color: #000000;\">\u201c<\/span><span style=\"color: #000000;\"><span style=\"font-family: Liberation Serif, serif;\"><span style=\"font-size: medium;\"><b>O novo \u00e1lbum de Margarida Pinto \u00e9 o resultado de um longo e \u00edntimo processo feito m\u00fasica, feito can\u00e7\u00e3o, feito palavra e respirar. Margarida teve que aprender a reconhecer a sua pr\u00f3pria voz, a interior, aquela que a impelia a transformar em melodias as ideias que assomavam \u00e0 sua boca, a embalar com as m\u00e3os, no piano, os impulsos que queria fazer can\u00e7\u00e3o<\/b><\/span><\/span><\/span><span style=\"color: #000000;\"><span style=\"font-family: Liberation Serif, serif;\"><span style=\"font-size: medium;\">\u201d, <\/span><\/span><\/span><span style=\"color: #000000;\"><span style=\"font-family: Liberation Serif, serif;\"><span style=\"font-size: medium;\">refere ainda.<\/span><\/span><\/span><\/p>\n<p><span style=\"color: #000000;\"><span style=\"font-family: Liberation Serif, serif;\"><span style=\"font-size: medium;\">A produ\u00e7\u00e3o do \u00e1lbum pertence ao mesmo Frederico Pereira que assinou produ\u00e7\u00f5es de trabalhos de Gisela Jo\u00e3o ou Helder Moutinho.<\/span><\/span><\/span><\/p>\n<p><b><span style=\"color: #000000;\"><span style=\"font-family: Liberation Serif, serif;\"><span style=\"font-size: medium;\">Quando come\u00e7ou a pensar em \u2018Todas as Coisas\u2019, o mais recente disco?<\/span><\/span><\/span><\/b><\/p>\n<p><i><span style=\"color: #000000;\"><span style=\"font-family: Liberation Serif, serif;\"><span style=\"font-size: medium;\">Este disco come\u00e7ou a ser pensado em 2015. Na altura comecei a compor e surgiram algumas das can\u00e7\u00f5es , como \u201cMundo Perfeito\u201d ou o pr\u00f3prio \u201cTodas as coisas\u201d. Foi quando achei que iria come\u00e7ar a ter argumentos para avan\u00e7ar para um novo \u00e1lbum. <\/span><\/span><\/span><\/i><\/p>\n<p><b><span style=\"color: #000000;\"><span style=\"font-family: Liberation Serif, serif;\"><span style=\"font-size: medium;\">A concep\u00e7\u00e3o deste disco foi um longo processo. Quais os maiores desafios?<\/span><\/span><\/span><\/b><\/p>\n<p><i><span style=\"color: #000000;\"><span style=\"font-family: Liberation Serif, serif;\"><span style=\"font-size: medium;\">O maior foi sem d\u00favida aprender a esperar, n\u00e3o deixar que o tempo de que as coisas muitas vezes necessitam para avan\u00e7ar &#8211; seja criativamente seja em termos de estrutura &#8211; levar a melhor sobre a confian\u00e7a de estarmos a fazer um bom trabalho. Na verdade todos os outros desafios advieram e adv\u00eam desse. Dar \u00e0s can\u00e7\u00f5es o tempo necess\u00e1rio para se levarem \u00e0s suas melhores vers\u00f5es, nas letras, instrumentais e interpreta\u00e7\u00f5es, algo que s\u00f3 consegues reconhecer quando chegas a um determinado momento e por compara\u00e7\u00e3o \u00e0 sua vers\u00e3o primordial. Por outro lado e ao mesmo tempo n\u00e3o baixar os bra\u00e7os e procurar meios para fazer um \u00e1lbum acontecer com tudo o que implica financeiramente nas v\u00e1rias vertentes (produ\u00e7\u00e3o, edi\u00e7\u00e3o, promo\u00e7\u00e3o, divulga\u00e7\u00e3o). Esperar que d\u00ea frutos, que seja relevante. Os v\u00e1rios tipos de espera s\u00e3o constantes desafios. <\/span><\/span><\/span><\/i><\/p>\n<p><b><span style=\"color: #000000;\"><span style=\"font-family: Liberation Serif, serif;\"><span style=\"font-size: medium;\">Quais as mensagens mais importantes deste disco?<\/span><\/span><\/span><\/b><\/p>\n<p><i><span style=\"color: #000000;\"><span style=\"font-family: Liberation Serif, serif;\"><span style=\"font-size: medium;\">Julgo que a mensagem principal \u00e9 a de que dentro de n\u00f3s contemos v\u00e1rios \u201ceus\u201d, mais fortes, mais fr\u00e1geis, mais vulner\u00e1veis, mais lutadores, mais apaixonados ou mais sofridos, nenhum deles mais importante que o outro, todos parte de um mesmo ser humano. E isto acontece como consequ\u00eancia do simples facto de existir e de viver uma vida. \u00c9 a vida no seu desenrolar, com tudo o que tem de imprevis\u00edvel, incontrol\u00e1vel e incontorn\u00e1vel, que nos vai colocando frente a frente com todas estas nossas facetas , com formas de sentir e reagir que vamos descobrindo e conhecendo sobre n\u00f3s pr\u00f3prios a cada dia, para o bem e para o mal. H\u00e1 uma mensagem de perseveran\u00e7a tamb\u00e9m, em temas como \u201cMundo Perfeito\u201d, \u201cTudo vai ficar bem\u201d ou na vers\u00e3o do \u201cManual de Sobreviv\u00eancia \u201c que espero sinceramente que passe. <\/span><\/span><\/span><\/i><\/p>\n<p><b><span style=\"color: #000000;\"><span style=\"font-family: Liberation Serif, serif;\"><span style=\"font-size: medium;\">Quem participa neste disco consigo?<\/span><\/span><\/span><\/b><\/p>\n<p><i><span style=\"color: #000000;\"><span style=\"font-family: Liberation Serif, serif;\"><span style=\"font-size: medium;\">O disco foi trabalhado essencialmente com o Frederico Pereira, que o produziu. Na faixa \u201cTudo vai ficar bem\u201d contei com a participa\u00e7\u00e3o da Leonor Bastos nas vozes e da Margarida Campelo no piano e vozes tamb\u00e9m. E h\u00e1 uma esp\u00e9cie de participa\u00e7\u00e3o \u201csilenciosa\u201d da Xana (R\u00e1dio Macau) que me deu uma enorme alegria quando me autorizou a gravar a minha vers\u00e3o do seu \u201cManual de sobreviv\u00eancia\u201d. <\/span><\/span><\/span><\/i><\/p>\n<p><b><span style=\"color: #000000;\"><span style=\"font-family: Liberation Serif, serif;\"><span style=\"font-size: medium;\">Onde podem as pessoas adquirir o disco?<\/span><\/span><\/span><\/b><\/p>\n<p><i><span style=\"color: #000000;\"><span style=\"font-family: Liberation Serif, serif;\"><span style=\"font-size: medium;\">O disco est\u00e1 dispon\u00edvel para compra em vers\u00e3o digital e em vers\u00e3o f\u00edsica e pode ser adquirido no site: <a href=\"http:\/\/www.margaridapinto.pt\/\">www.margaridapinto.pt<\/a>.<\/span><\/span><\/span><\/i><\/p>\n<p>&nbsp;<\/p>\n<p><b><span style=\"color: #000000;\"><span style=\"font-family: Liberation Serif, serif;\"><span style=\"font-size: medium;\">Que balan\u00e7o faz do seu percurso?<\/span><\/span><\/span><\/b><\/p>\n<p><i><span style=\"color: #000000;\"><span style=\"font-family: Liberation Serif, serif;\"><span style=\"font-size: medium;\">Posso dizer que estou certa de que neste momento trabalho mais e de forma mais intensa, profunda, dedicada e consciente naquilo que fa\u00e7o, seja como int\u00e9rprete, como autora ou compositora. Mas posso dizer tamb\u00e9m que para chegar ao lugar em que hoje me sinto a mim pr\u00f3pria , tudo o que est\u00e1 para tr\u00e1s conta. Num piscar de olhos passaram 20 anos e cada tema, cada disco, cada concerto, cada colabora\u00e7\u00e3o, cada oportunidade dada ou negada, cada conquista e cada perda me trouxe aqui. Todas as coisas contam. O facto de de estar a apresentar um novo trabalho \u00e9 o reflexo de, ao fim do dia, o balan\u00e7o ser positivo.<\/span><\/span><\/span><\/i><\/p>\n<p><b><span style=\"color: #000000;\"><span style=\"font-family: Liberation Serif, serif;\"><span style=\"font-size: medium;\">Quais as coisas mais importantes para Margarida Pinto?<\/span><\/span><\/span><\/b><\/p>\n<p><i><span style=\"color: #000000;\"><span style=\"font-family: Liberation Serif, serif;\"><span style=\"font-size: medium;\">Aquelas coisas que facilmente damos por adquiridas mas que s\u00e3o na verdade a base para tudo o resto: ter sa\u00fade, ter trabalho, amar, sentir-me amada, saber que aqueles de quem mais gosto est\u00e3o bem. Cada vez mais \u00e9 este o meu pilar de estabilidade e que muito me esfor\u00e7o por preservar. Se tiver estas pequenas grandes coisas resolvidas na minha vida, n\u00e3o h\u00e1 limites para nenhuma das outras. <\/span><\/span><\/span><\/i><\/p>\n<p>&nbsp;<\/p>\n<p><b><span style=\"color: #000000;\"><span style=\"font-family: Liberation Serif, serif;\"><span style=\"font-size: medium;\">Onde podem as pessoas interagir consigo?<\/span><\/span><\/span><\/b><\/p>\n<p><span style=\"color: #000000;\"><span style=\"font-family: Liberation Serif, serif;\"><span style=\"font-size: medium;\"><i>Neste momento vou partilhando aquilo que fa\u00e7o na minha p\u00e1gina <a href=\"https:\/\/www.facebook.com\/MargaridaPintoOficial\/\">https:\/\/www.facebook.com\/MargaridaPintoOficial\/ <\/a> e tamb\u00e9m em <a href=\"https:\/\/www.instagram.com\/margaridapintooficial\/\">https:\/\/www.instagram.com\/margaridapintooficial\/<\/a> e \u00e9 sobretudo aqui que as pessoas podem interagir comigo. Tamb\u00e9m atrav\u00e9s do site <a href=\"http:\/\/www.margaridapinto.pt\/\">www.margaridapinto.pt<\/a>, escrevendo para o mail info@margaridapinto.pt .<\/i><\/span><\/span><\/span><\/p>\n<p><b><span style=\"color: #000000;\"><span style=\"font-family: Liberation Serif, serif;\"><span style=\"font-size: medium;\">Qual a mensagem que deixa aos leitores do Infocul?<\/span><\/span><\/span><\/b><\/p>\n<p><i><span style=\"color: #000000;\"><span style=\"font-family: Liberation Serif, serif;\"><span style=\"font-size: medium;\">Antes de mais que os espero bem e em seguran\u00e7a e desejo que estejam a passar por esta situa\u00e7\u00e3o de \u201cquase desconfinamento\u201d da melhor maneira poss\u00edvel. Depois , que continuem a seguir o Infocul , porque fazem de facto falta espa\u00e7os que privilegiem a conversa e tentem recuperar essa arte quase esquecida da tert\u00falia. Por \u00faltimo , como n\u00e3o podia deixar de ser, que visitem o meu site e os meus canais para conhecerem o meu \u00e1lbum, de que espero que gostem, comprem, sigam, enfim, todas as coisas. <\/span><\/span><\/span><\/i><\/p>\n<figure id=\"attachment_73629\" aria-describedby=\"caption-attachment-73629\" style=\"width: 768px\" class=\"wp-caption aligncenter\"><img decoding=\"async\" class=\"wp-image-73629 size-large lazyload\" data-src=\"https:\/\/infocul.pt\/arquivo\/wp-content\/uploads\/2020\/06\/3.-Margarida-Pinto-768x1024.jpg\" alt=\"\" width=\"768\" height=\"1024\" data-srcset=\"https:\/\/infocul.pt\/arquivo\/wp-content\/uploads\/2020\/06\/3.-Margarida-Pinto-scaled.jpg 768w, https:\/\/infocul.pt\/arquivo\/wp-content\/uploads\/2020\/06\/3.-Margarida-Pinto-225x300.jpg 225w, https:\/\/infocul.pt\/arquivo\/wp-content\/uploads\/2020\/06\/3.-Margarida-Pinto-1152x1536.jpg 1152w, https:\/\/infocul.pt\/arquivo\/wp-content\/uploads\/2020\/06\/3.-Margarida-Pinto-1536x2048.jpg 1536w\" data-sizes=\"(max-width: 768px) 100vw, 768px\" src=\"data:image\/svg+xml;base64,PHN2ZyB3aWR0aD0iMSIgaGVpZ2h0PSIxIiB4bWxucz0iaHR0cDovL3d3dy53My5vcmcvMjAwMC9zdmciPjwvc3ZnPg==\" style=\"--smush-placeholder-width: 768px; --smush-placeholder-aspect-ratio: 768\/1024;\" \/><figcaption id=\"caption-attachment-73629\" class=\"wp-caption-text\">D.R.<\/figcaption><\/figure>\n<p>&nbsp;<\/p>\n","protected":false},"excerpt":{"rendered":"<p>Margarida Pinto lan\u00e7ou recentemente o seu novo disco, \u2018Todas as Coisas\u2019. Ap\u00f3s ter participado no Infocul Live (a convite de Andr\u00e9 ViaMonte), concedeu-nos agora uma entrevista para falar sobre este novo trabalho discogr\u00e1fico.<\/p>\n","protected":false},"author":2,"featured_media":73628,"comment_status":"open","ping_status":"closed","sticky":false,"template":"","format":"standard","meta":{"footnotes":""},"categories":[2,36,4,4124],"tags":[9482],"class_list":["post-73627","post","type-post","status-publish","format-standard","has-post-thumbnail","hentry","category-cultura","category-destaque","category-discos","category-entrevistas","tag-margarida-pinto"],"yoast_head":"<!-- This site is optimized with the Yoast SEO plugin v27.4 - https:\/\/yoast.com\/product\/yoast-seo-wordpress\/ -->\n<title>Margarida Pinto: &quot;Se tiver estas pequenas grandes coisas resolvidas na minha vida, n\u00e3o h\u00e1 limites para nenhuma das outras&quot; | Infocul.pt - Arquivo Digital<\/title>\n<meta name=\"description\" content=\"Margarida Pinto: &quot;Se tiver estas pequenas grandes coisas resolvidas na minha vida, n\u00e3o h\u00e1 limites para nenhuma das outras&quot; | Infocul.pt - Arquivo Digital\" \/>\n<meta name=\"robots\" content=\"noindex, follow, max-snippet:-1, max-image-preview:large, max-video-preview:-1\" \/>\n<meta property=\"og:locale\" content=\"pt_PT\" \/>\n<meta property=\"og:type\" content=\"article\" \/>\n<meta property=\"og:title\" content=\"Margarida Pinto: &quot;Se tiver estas pequenas grandes coisas resolvidas na minha vida, n\u00e3o h\u00e1 limites para nenhuma das outras&quot; | Infocul.pt - Arquivo Digital\" \/>\n<meta property=\"og:description\" content=\"Margarida Pinto: &quot;Se tiver estas pequenas grandes coisas resolvidas na minha vida, n\u00e3o h\u00e1 limites para nenhuma das outras&quot; | Infocul.pt - Arquivo Digital\" \/>\n<meta property=\"og:url\" content=\"https:\/\/infocul.pt\/arquivo\/cultura\/margarida-pinto-se-tiver-estas-pequenas-grandes-coisas-resolvidas-na-minha-vida-nao-ha-limites-para-nenhuma-das-outras\/\" \/>\n<meta property=\"og:site_name\" content=\"Infocul.pt - Arquivo Digital\" \/>\n<meta property=\"article:publisher\" content=\"https:\/\/www.facebook.com\/Infocul-147816815585015\/\" \/>\n<meta property=\"article:published_time\" content=\"2020-06-09T13:19:36+00:00\" \/>\n<meta property=\"og:image\" content=\"https:\/\/infocul.pt\/arquivo\/wp-content\/uploads\/2020\/06\/1.-Margarida-Pinto.jpg\" \/>\n\t<meta property=\"og:image:width\" content=\"683\" \/>\n\t<meta property=\"og:image:height\" content=\"1024\" \/>\n\t<meta property=\"og:image:type\" content=\"image\/jpeg\" \/>\n<meta name=\"author\" content=\"Rui Lavrador\" \/>\n<meta name=\"twitter:card\" content=\"summary_large_image\" \/>\n<meta name=\"twitter:creator\" content=\"@Infoculpt\" \/>\n<meta name=\"twitter:site\" content=\"@Infoculpt\" \/>\n<meta name=\"twitter:label1\" content=\"Escrito por\" \/>\n\t<meta name=\"twitter:data1\" content=\"Rui Lavrador\" \/>\n\t<meta name=\"twitter:label2\" content=\"Tempo estimado de leitura\" \/>\n\t<meta name=\"twitter:data2\" content=\"6 minutos\" \/>\n<script type=\"application\/ld+json\" class=\"yoast-schema-graph\">{\"@context\":\"https:\\\/\\\/schema.org\",\"@graph\":[{\"@type\":\"Article\",\"@id\":\"https:\\\/\\\/infocul.pt\\\/arquivo\\\/cultura\\\/margarida-pinto-se-tiver-estas-pequenas-grandes-coisas-resolvidas-na-minha-vida-nao-ha-limites-para-nenhuma-das-outras\\\/#article\",\"isPartOf\":{\"@id\":\"https:\\\/\\\/infocul.pt\\\/arquivo\\\/cultura\\\/margarida-pinto-se-tiver-estas-pequenas-grandes-coisas-resolvidas-na-minha-vida-nao-ha-limites-para-nenhuma-das-outras\\\/\"},\"author\":{\"name\":\"Rui Lavrador\",\"@id\":\"https:\\\/\\\/infocul.pt\\\/arquivo\\\/#\\\/schema\\\/person\\\/060a108d7f2d85fc6aae505119ee5234\"},\"headline\":\"Margarida Pinto: &#8220;Se tiver estas pequenas grandes coisas resolvidas na minha vida, n\u00e3o h\u00e1 limites para nenhuma das outras&#8221;\",\"datePublished\":\"2020-06-09T13:19:36+00:00\",\"mainEntityOfPage\":{\"@id\":\"https:\\\/\\\/infocul.pt\\\/arquivo\\\/cultura\\\/margarida-pinto-se-tiver-estas-pequenas-grandes-coisas-resolvidas-na-minha-vida-nao-ha-limites-para-nenhuma-das-outras\\\/\"},\"wordCount\":1124,\"commentCount\":0,\"publisher\":{\"@id\":\"https:\\\/\\\/infocul.pt\\\/arquivo\\\/#organization\"},\"image\":{\"@id\":\"https:\\\/\\\/infocul.pt\\\/arquivo\\\/cultura\\\/margarida-pinto-se-tiver-estas-pequenas-grandes-coisas-resolvidas-na-minha-vida-nao-ha-limites-para-nenhuma-das-outras\\\/#primaryimage\"},\"thumbnailUrl\":\"https:\\\/\\\/infocul.pt\\\/arquivo\\\/wp-content\\\/uploads\\\/2020\\\/06\\\/1.-Margarida-Pinto.jpg\",\"keywords\":[\"Margarida Pinto\"],\"articleSection\":[\"Cultura\",\"Destaque\",\"Discos\",\"Entrevistas\"],\"inLanguage\":\"pt-PT\"},{\"@type\":\"WebPage\",\"@id\":\"https:\\\/\\\/infocul.pt\\\/arquivo\\\/cultura\\\/margarida-pinto-se-tiver-estas-pequenas-grandes-coisas-resolvidas-na-minha-vida-nao-ha-limites-para-nenhuma-das-outras\\\/\",\"url\":\"https:\\\/\\\/infocul.pt\\\/arquivo\\\/cultura\\\/margarida-pinto-se-tiver-estas-pequenas-grandes-coisas-resolvidas-na-minha-vida-nao-ha-limites-para-nenhuma-das-outras\\\/\",\"name\":\"Margarida Pinto: \\\"Se tiver estas pequenas grandes coisas resolvidas na minha vida, n\u00e3o h\u00e1 limites para nenhuma das outras\\\" | Infocul.pt - Arquivo Digital\",\"isPartOf\":{\"@id\":\"https:\\\/\\\/infocul.pt\\\/arquivo\\\/#website\"},\"primaryImageOfPage\":{\"@id\":\"https:\\\/\\\/infocul.pt\\\/arquivo\\\/cultura\\\/margarida-pinto-se-tiver-estas-pequenas-grandes-coisas-resolvidas-na-minha-vida-nao-ha-limites-para-nenhuma-das-outras\\\/#primaryimage\"},\"image\":{\"@id\":\"https:\\\/\\\/infocul.pt\\\/arquivo\\\/cultura\\\/margarida-pinto-se-tiver-estas-pequenas-grandes-coisas-resolvidas-na-minha-vida-nao-ha-limites-para-nenhuma-das-outras\\\/#primaryimage\"},\"thumbnailUrl\":\"https:\\\/\\\/infocul.pt\\\/arquivo\\\/wp-content\\\/uploads\\\/2020\\\/06\\\/1.-Margarida-Pinto.jpg\",\"datePublished\":\"2020-06-09T13:19:36+00:00\",\"description\":\"Margarida Pinto: \\\"Se tiver estas pequenas grandes coisas resolvidas na minha vida, n\u00e3o h\u00e1 limites para nenhuma das outras\\\" | Infocul.pt - Arquivo Digital\",\"breadcrumb\":{\"@id\":\"https:\\\/\\\/infocul.pt\\\/arquivo\\\/cultura\\\/margarida-pinto-se-tiver-estas-pequenas-grandes-coisas-resolvidas-na-minha-vida-nao-ha-limites-para-nenhuma-das-outras\\\/#breadcrumb\"},\"inLanguage\":\"pt-PT\",\"potentialAction\":[{\"@type\":\"ReadAction\",\"target\":[\"https:\\\/\\\/infocul.pt\\\/arquivo\\\/cultura\\\/margarida-pinto-se-tiver-estas-pequenas-grandes-coisas-resolvidas-na-minha-vida-nao-ha-limites-para-nenhuma-das-outras\\\/\"]}]},{\"@type\":\"ImageObject\",\"inLanguage\":\"pt-PT\",\"@id\":\"https:\\\/\\\/infocul.pt\\\/arquivo\\\/cultura\\\/margarida-pinto-se-tiver-estas-pequenas-grandes-coisas-resolvidas-na-minha-vida-nao-ha-limites-para-nenhuma-das-outras\\\/#primaryimage\",\"url\":\"https:\\\/\\\/infocul.pt\\\/arquivo\\\/wp-content\\\/uploads\\\/2020\\\/06\\\/1.-Margarida-Pinto.jpg\",\"contentUrl\":\"https:\\\/\\\/infocul.pt\\\/arquivo\\\/wp-content\\\/uploads\\\/2020\\\/06\\\/1.-Margarida-Pinto.jpg\",\"width\":683,\"height\":1024,\"caption\":\"MARGARIDA PINTO - RETRATOS DE PROMOCAO E DIVULGACAO\"},{\"@type\":\"BreadcrumbList\",\"@id\":\"https:\\\/\\\/infocul.pt\\\/arquivo\\\/cultura\\\/margarida-pinto-se-tiver-estas-pequenas-grandes-coisas-resolvidas-na-minha-vida-nao-ha-limites-para-nenhuma-das-outras\\\/#breadcrumb\",\"itemListElement\":[{\"@type\":\"ListItem\",\"position\":1,\"name\":\"Home\",\"item\":\"https:\\\/\\\/infocul.pt\\\/arquivo\\\/\"},{\"@type\":\"ListItem\",\"position\":2,\"name\":\"Margarida Pinto: &#8220;Se tiver estas pequenas grandes coisas resolvidas na minha vida, n\u00e3o h\u00e1 limites para nenhuma das outras&#8221;\"}]},{\"@type\":\"WebSite\",\"@id\":\"https:\\\/\\\/infocul.pt\\\/arquivo\\\/#website\",\"url\":\"https:\\\/\\\/infocul.pt\\\/arquivo\\\/\",\"name\":\"Infocul.pt - Arquivo Digital\",\"description\":\"Arquivo digital da Infocul.pt\",\"publisher\":{\"@id\":\"https:\\\/\\\/infocul.pt\\\/arquivo\\\/#organization\"},\"potentialAction\":[{\"@type\":\"SearchAction\",\"target\":{\"@type\":\"EntryPoint\",\"urlTemplate\":\"https:\\\/\\\/infocul.pt\\\/arquivo\\\/?s={search_term_string}\"},\"query-input\":{\"@type\":\"PropertyValueSpecification\",\"valueRequired\":true,\"valueName\":\"search_term_string\"}}],\"inLanguage\":\"pt-PT\"},{\"@type\":\"Organization\",\"@id\":\"https:\\\/\\\/infocul.pt\\\/arquivo\\\/#organization\",\"name\":\"Infocul.pt\",\"url\":\"https:\\\/\\\/infocul.pt\\\/arquivo\\\/\",\"logo\":{\"@type\":\"ImageObject\",\"inLanguage\":\"pt-PT\",\"@id\":\"https:\\\/\\\/infocul.pt\\\/arquivo\\\/#\\\/schema\\\/logo\\\/image\\\/\",\"url\":\"https:\\\/\\\/infocul.pt\\\/arquivo\\\/wp-content\\\/uploads\\\/2018\\\/12\\\/Infocul_logo-1.png\",\"contentUrl\":\"https:\\\/\\\/infocul.pt\\\/arquivo\\\/wp-content\\\/uploads\\\/2018\\\/12\\\/Infocul_logo-1.png\",\"width\":800,\"height\":800,\"caption\":\"Infocul.pt\"},\"image\":{\"@id\":\"https:\\\/\\\/infocul.pt\\\/arquivo\\\/#\\\/schema\\\/logo\\\/image\\\/\"},\"sameAs\":[\"https:\\\/\\\/www.facebook.com\\\/Infocul-147816815585015\\\/\",\"https:\\\/\\\/x.com\\\/Infoculpt\",\"http:\\\/\\\/www.pictaram.com\\\/user\\\/infocul.pt\\\/2370423710\",\"https:\\\/\\\/www.youtube.com\\\/channel\\\/UCYEB91AGI9FL9ek2i_IaQAA\"]},{\"@type\":\"Person\",\"@id\":\"https:\\\/\\\/infocul.pt\\\/arquivo\\\/#\\\/schema\\\/person\\\/060a108d7f2d85fc6aae505119ee5234\",\"name\":\"Rui Lavrador\",\"image\":{\"@type\":\"ImageObject\",\"inLanguage\":\"pt-PT\",\"@id\":\"https:\\\/\\\/secure.gravatar.com\\\/avatar\\\/93febd6873394aa8e975148548a0cb203acfdd42d2c85c5f1408e1a76678aece?s=96&d=mm&r=g\",\"url\":\"https:\\\/\\\/secure.gravatar.com\\\/avatar\\\/93febd6873394aa8e975148548a0cb203acfdd42d2c85c5f1408e1a76678aece?s=96&d=mm&r=g\",\"contentUrl\":\"https:\\\/\\\/secure.gravatar.com\\\/avatar\\\/93febd6873394aa8e975148548a0cb203acfdd42d2c85c5f1408e1a76678aece?s=96&d=mm&r=g\",\"caption\":\"Rui Lavrador\"},\"description\":\"Iniciou em 2011 o seu percurso em comunica\u00e7\u00e3o social, tendo integrado v\u00e1rios projectos editoriais. Durante o seu percurso integrou projectos como Jornal Hardm\u00fasica, LusoNot\u00edcias, Toureio.pt, ODigital.pt, entre outros \u00d3rg\u00e3os de Comunica\u00e7\u00e3o Social nacionais, na redac\u00e7\u00e3o de v\u00e1rios artigos. Entrevistou a grande maioria das personalidades mais importantes da vida social e cultural do pa\u00eds, destacando-se, tamb\u00e9m, na aprecia\u00e7\u00e3o de v\u00e1rios espect\u00e1culos. Durante o seu percurso, deu a conhecer v\u00e1rios artistas, at\u00e9 ent\u00e3o desconhecidos, ao grande p\u00fablico. Em 2015 criou e fundou o Infocul.pt, projecto no qual assume a direc\u00e7\u00e3o editorial.\",\"sameAs\":[\"http:\\\/\\\/www.infocul.pt\"]}]}<\/script>\n<!-- \/ Yoast SEO plugin. -->","yoast_head_json":{"title":"Margarida Pinto: \"Se tiver estas pequenas grandes coisas resolvidas na minha vida, n\u00e3o h\u00e1 limites para nenhuma das outras\" | Infocul.pt - Arquivo Digital","description":"Margarida Pinto: \"Se tiver estas pequenas grandes coisas resolvidas na minha vida, n\u00e3o h\u00e1 limites para nenhuma das outras\" | Infocul.pt - Arquivo Digital","robots":{"index":"noindex","follow":"follow","max-snippet":"max-snippet:-1","max-image-preview":"max-image-preview:large","max-video-preview":"max-video-preview:-1"},"og_locale":"pt_PT","og_type":"article","og_title":"Margarida Pinto: \"Se tiver estas pequenas grandes coisas resolvidas na minha vida, n\u00e3o h\u00e1 limites para nenhuma das outras\" | Infocul.pt - Arquivo Digital","og_description":"Margarida Pinto: \"Se tiver estas pequenas grandes coisas resolvidas na minha vida, n\u00e3o h\u00e1 limites para nenhuma das outras\" | Infocul.pt - Arquivo Digital","og_url":"https:\/\/infocul.pt\/arquivo\/cultura\/margarida-pinto-se-tiver-estas-pequenas-grandes-coisas-resolvidas-na-minha-vida-nao-ha-limites-para-nenhuma-das-outras\/","og_site_name":"Infocul.pt - Arquivo Digital","article_publisher":"https:\/\/www.facebook.com\/Infocul-147816815585015\/","article_published_time":"2020-06-09T13:19:36+00:00","og_image":[{"width":683,"height":1024,"url":"https:\/\/infocul.pt\/arquivo\/wp-content\/uploads\/2020\/06\/1.-Margarida-Pinto.jpg","type":"image\/jpeg"}],"author":"Rui Lavrador","twitter_card":"summary_large_image","twitter_creator":"@Infoculpt","twitter_site":"@Infoculpt","twitter_misc":{"Escrito por":"Rui Lavrador","Tempo estimado de leitura":"6 minutos"},"schema":{"@context":"https:\/\/schema.org","@graph":[{"@type":"Article","@id":"https:\/\/infocul.pt\/arquivo\/cultura\/margarida-pinto-se-tiver-estas-pequenas-grandes-coisas-resolvidas-na-minha-vida-nao-ha-limites-para-nenhuma-das-outras\/#article","isPartOf":{"@id":"https:\/\/infocul.pt\/arquivo\/cultura\/margarida-pinto-se-tiver-estas-pequenas-grandes-coisas-resolvidas-na-minha-vida-nao-ha-limites-para-nenhuma-das-outras\/"},"author":{"name":"Rui Lavrador","@id":"https:\/\/infocul.pt\/arquivo\/#\/schema\/person\/060a108d7f2d85fc6aae505119ee5234"},"headline":"Margarida Pinto: &#8220;Se tiver estas pequenas grandes coisas resolvidas na minha vida, n\u00e3o h\u00e1 limites para nenhuma das outras&#8221;","datePublished":"2020-06-09T13:19:36+00:00","mainEntityOfPage":{"@id":"https:\/\/infocul.pt\/arquivo\/cultura\/margarida-pinto-se-tiver-estas-pequenas-grandes-coisas-resolvidas-na-minha-vida-nao-ha-limites-para-nenhuma-das-outras\/"},"wordCount":1124,"commentCount":0,"publisher":{"@id":"https:\/\/infocul.pt\/arquivo\/#organization"},"image":{"@id":"https:\/\/infocul.pt\/arquivo\/cultura\/margarida-pinto-se-tiver-estas-pequenas-grandes-coisas-resolvidas-na-minha-vida-nao-ha-limites-para-nenhuma-das-outras\/#primaryimage"},"thumbnailUrl":"https:\/\/infocul.pt\/arquivo\/wp-content\/uploads\/2020\/06\/1.-Margarida-Pinto.jpg","keywords":["Margarida Pinto"],"articleSection":["Cultura","Destaque","Discos","Entrevistas"],"inLanguage":"pt-PT"},{"@type":"WebPage","@id":"https:\/\/infocul.pt\/arquivo\/cultura\/margarida-pinto-se-tiver-estas-pequenas-grandes-coisas-resolvidas-na-minha-vida-nao-ha-limites-para-nenhuma-das-outras\/","url":"https:\/\/infocul.pt\/arquivo\/cultura\/margarida-pinto-se-tiver-estas-pequenas-grandes-coisas-resolvidas-na-minha-vida-nao-ha-limites-para-nenhuma-das-outras\/","name":"Margarida Pinto: \"Se tiver estas pequenas grandes coisas resolvidas na minha vida, n\u00e3o h\u00e1 limites para nenhuma das outras\" | Infocul.pt - Arquivo Digital","isPartOf":{"@id":"https:\/\/infocul.pt\/arquivo\/#website"},"primaryImageOfPage":{"@id":"https:\/\/infocul.pt\/arquivo\/cultura\/margarida-pinto-se-tiver-estas-pequenas-grandes-coisas-resolvidas-na-minha-vida-nao-ha-limites-para-nenhuma-das-outras\/#primaryimage"},"image":{"@id":"https:\/\/infocul.pt\/arquivo\/cultura\/margarida-pinto-se-tiver-estas-pequenas-grandes-coisas-resolvidas-na-minha-vida-nao-ha-limites-para-nenhuma-das-outras\/#primaryimage"},"thumbnailUrl":"https:\/\/infocul.pt\/arquivo\/wp-content\/uploads\/2020\/06\/1.-Margarida-Pinto.jpg","datePublished":"2020-06-09T13:19:36+00:00","description":"Margarida Pinto: \"Se tiver estas pequenas grandes coisas resolvidas na minha vida, n\u00e3o h\u00e1 limites para nenhuma das outras\" | Infocul.pt - Arquivo Digital","breadcrumb":{"@id":"https:\/\/infocul.pt\/arquivo\/cultura\/margarida-pinto-se-tiver-estas-pequenas-grandes-coisas-resolvidas-na-minha-vida-nao-ha-limites-para-nenhuma-das-outras\/#breadcrumb"},"inLanguage":"pt-PT","potentialAction":[{"@type":"ReadAction","target":["https:\/\/infocul.pt\/arquivo\/cultura\/margarida-pinto-se-tiver-estas-pequenas-grandes-coisas-resolvidas-na-minha-vida-nao-ha-limites-para-nenhuma-das-outras\/"]}]},{"@type":"ImageObject","inLanguage":"pt-PT","@id":"https:\/\/infocul.pt\/arquivo\/cultura\/margarida-pinto-se-tiver-estas-pequenas-grandes-coisas-resolvidas-na-minha-vida-nao-ha-limites-para-nenhuma-das-outras\/#primaryimage","url":"https:\/\/infocul.pt\/arquivo\/wp-content\/uploads\/2020\/06\/1.-Margarida-Pinto.jpg","contentUrl":"https:\/\/infocul.pt\/arquivo\/wp-content\/uploads\/2020\/06\/1.-Margarida-Pinto.jpg","width":683,"height":1024,"caption":"MARGARIDA PINTO - RETRATOS DE PROMOCAO E DIVULGACAO"},{"@type":"BreadcrumbList","@id":"https:\/\/infocul.pt\/arquivo\/cultura\/margarida-pinto-se-tiver-estas-pequenas-grandes-coisas-resolvidas-na-minha-vida-nao-ha-limites-para-nenhuma-das-outras\/#breadcrumb","itemListElement":[{"@type":"ListItem","position":1,"name":"Home","item":"https:\/\/infocul.pt\/arquivo\/"},{"@type":"ListItem","position":2,"name":"Margarida Pinto: &#8220;Se tiver estas pequenas grandes coisas resolvidas na minha vida, n\u00e3o h\u00e1 limites para nenhuma das outras&#8221;"}]},{"@type":"WebSite","@id":"https:\/\/infocul.pt\/arquivo\/#website","url":"https:\/\/infocul.pt\/arquivo\/","name":"Infocul.pt - Arquivo Digital","description":"Arquivo digital da Infocul.pt","publisher":{"@id":"https:\/\/infocul.pt\/arquivo\/#organization"},"potentialAction":[{"@type":"SearchAction","target":{"@type":"EntryPoint","urlTemplate":"https:\/\/infocul.pt\/arquivo\/?s={search_term_string}"},"query-input":{"@type":"PropertyValueSpecification","valueRequired":true,"valueName":"search_term_string"}}],"inLanguage":"pt-PT"},{"@type":"Organization","@id":"https:\/\/infocul.pt\/arquivo\/#organization","name":"Infocul.pt","url":"https:\/\/infocul.pt\/arquivo\/","logo":{"@type":"ImageObject","inLanguage":"pt-PT","@id":"https:\/\/infocul.pt\/arquivo\/#\/schema\/logo\/image\/","url":"https:\/\/infocul.pt\/arquivo\/wp-content\/uploads\/2018\/12\/Infocul_logo-1.png","contentUrl":"https:\/\/infocul.pt\/arquivo\/wp-content\/uploads\/2018\/12\/Infocul_logo-1.png","width":800,"height":800,"caption":"Infocul.pt"},"image":{"@id":"https:\/\/infocul.pt\/arquivo\/#\/schema\/logo\/image\/"},"sameAs":["https:\/\/www.facebook.com\/Infocul-147816815585015\/","https:\/\/x.com\/Infoculpt","http:\/\/www.pictaram.com\/user\/infocul.pt\/2370423710","https:\/\/www.youtube.com\/channel\/UCYEB91AGI9FL9ek2i_IaQAA"]},{"@type":"Person","@id":"https:\/\/infocul.pt\/arquivo\/#\/schema\/person\/060a108d7f2d85fc6aae505119ee5234","name":"Rui Lavrador","image":{"@type":"ImageObject","inLanguage":"pt-PT","@id":"https:\/\/secure.gravatar.com\/avatar\/93febd6873394aa8e975148548a0cb203acfdd42d2c85c5f1408e1a76678aece?s=96&d=mm&r=g","url":"https:\/\/secure.gravatar.com\/avatar\/93febd6873394aa8e975148548a0cb203acfdd42d2c85c5f1408e1a76678aece?s=96&d=mm&r=g","contentUrl":"https:\/\/secure.gravatar.com\/avatar\/93febd6873394aa8e975148548a0cb203acfdd42d2c85c5f1408e1a76678aece?s=96&d=mm&r=g","caption":"Rui Lavrador"},"description":"Iniciou em 2011 o seu percurso em comunica\u00e7\u00e3o social, tendo integrado v\u00e1rios projectos editoriais. Durante o seu percurso integrou projectos como Jornal Hardm\u00fasica, LusoNot\u00edcias, Toureio.pt, ODigital.pt, entre outros \u00d3rg\u00e3os de Comunica\u00e7\u00e3o Social nacionais, na redac\u00e7\u00e3o de v\u00e1rios artigos. Entrevistou a grande maioria das personalidades mais importantes da vida social e cultural do pa\u00eds, destacando-se, tamb\u00e9m, na aprecia\u00e7\u00e3o de v\u00e1rios espect\u00e1culos. Durante o seu percurso, deu a conhecer v\u00e1rios artistas, at\u00e9 ent\u00e3o desconhecidos, ao grande p\u00fablico. Em 2015 criou e fundou o Infocul.pt, projecto no qual assume a direc\u00e7\u00e3o editorial.","sameAs":["http:\/\/www.infocul.pt"]}]}},"_links":{"self":[{"href":"https:\/\/infocul.pt\/arquivo\/wp-json\/wp\/v2\/posts\/73627","targetHints":{"allow":["GET"]}}],"collection":[{"href":"https:\/\/infocul.pt\/arquivo\/wp-json\/wp\/v2\/posts"}],"about":[{"href":"https:\/\/infocul.pt\/arquivo\/wp-json\/wp\/v2\/types\/post"}],"author":[{"embeddable":true,"href":"https:\/\/infocul.pt\/arquivo\/wp-json\/wp\/v2\/users\/2"}],"replies":[{"embeddable":true,"href":"https:\/\/infocul.pt\/arquivo\/wp-json\/wp\/v2\/comments?post=73627"}],"version-history":[{"count":0,"href":"https:\/\/infocul.pt\/arquivo\/wp-json\/wp\/v2\/posts\/73627\/revisions"}],"wp:featuredmedia":[{"embeddable":true,"href":"https:\/\/infocul.pt\/arquivo\/wp-json\/wp\/v2\/media\/73628"}],"wp:attachment":[{"href":"https:\/\/infocul.pt\/arquivo\/wp-json\/wp\/v2\/media?parent=73627"}],"wp:term":[{"taxonomy":"category","embeddable":true,"href":"https:\/\/infocul.pt\/arquivo\/wp-json\/wp\/v2\/categories?post=73627"},{"taxonomy":"post_tag","embeddable":true,"href":"https:\/\/infocul.pt\/arquivo\/wp-json\/wp\/v2\/tags?post=73627"}],"curies":[{"name":"wp","href":"https:\/\/api.w.org\/{rel}","templated":true}]}}