{"id":73638,"date":"2020-06-09T15:46:08","date_gmt":"2020-06-09T14:46:08","guid":{"rendered":"https:\/\/infocul.pt\/?p=73638"},"modified":"2020-06-09T15:46:08","modified_gmt":"2020-06-09T14:46:08","slug":"zeeba-tenho-um-carinho-enorme-por-portugal-e-quero-voltar-mais-vezes","status":"publish","type":"post","link":"https:\/\/infocul.pt\/arquivo\/cultura\/zeeba-tenho-um-carinho-enorme-por-portugal-e-quero-voltar-mais-vezes\/","title":{"rendered":"Zeeba: &#8220;Tenho um carinho enorme por Portugal e quero voltar mais vezes&#8221;"},"content":{"rendered":"<p><img decoding=\"async\" class=\"aligncenter wp-image-73639 size-large lazyload\" data-src=\"https:\/\/infocul.pt\/arquivo\/wp-content\/uploads\/2020\/06\/Zeeba-e-Manu-Gavassi-819x1024.jpg\" alt=\"\" width=\"800\" height=\"1000\" data-srcset=\"https:\/\/infocul.pt\/arquivo\/wp-content\/uploads\/2020\/06\/Zeeba-e-Manu-Gavassi.jpg 819w, https:\/\/infocul.pt\/arquivo\/wp-content\/uploads\/2020\/06\/Zeeba-e-Manu-Gavassi-240x300.jpg 240w, https:\/\/infocul.pt\/arquivo\/wp-content\/uploads\/2020\/06\/Zeeba-e-Manu-Gavassi-768x960.jpg 768w\" data-sizes=\"(max-width: 800px) 100vw, 800px\" src=\"data:image\/svg+xml;base64,PHN2ZyB3aWR0aD0iMSIgaGVpZ2h0PSIxIiB4bWxucz0iaHR0cDovL3d3dy53My5vcmcvMjAwMC9zdmciPjwvc3ZnPg==\" style=\"--smush-placeholder-width: 800px; --smush-placeholder-aspect-ratio: 800\/1000;\" \/><\/p>\n<p><span style=\"color: #000000;\">\u2018<\/span><span style=\"color: #000000;\"><span style=\"font-family: Liberation Serif, serif;\"><span style=\"font-size: medium;\">Eu te quero\u2019 \u00e9 o mais recente single de Zeeba, artista brasileiro, que conta com a participa\u00e7\u00e3o de Manu Gavassi. O artista concedeu uma breve entrevista ao Infocul.pt, para falar sobre este novo tema e tamb\u00e9m da liga\u00e7\u00e3o a Portugal, ficando n\u00f3s a saber que \u00e9 um f\u00e3 das nossas praias.<\/span><\/span><\/span><!--more--><\/p>\n<p><span style=\"color: #000000;\"><span style=\"font-family: Liberation Serif, serif;\"><span style=\"font-size: medium;\">Z<\/span><\/span><\/span><span style=\"color: #000000;\"><span style=\"font-family: Liberation Serif, serif;\"><span style=\"font-size: medium;\">eeba<\/span><\/span><\/span><span style=\"color: #000000;\"><span style=\"font-family: Liberation Serif, serif;\"><span style=\"font-size: medium;\"> mistura ingl\u00eas e portugu\u00eas em \u2018Eu te Quero\u2019, parceria com Manu Gavassi, nesta composi\u00e7\u00e3o assinada por ambos e produ\u00e7\u00e3o de Gee Rocha (ex-NXZero).<\/span><\/span><\/span><\/p>\n<p><span style=\"color: #000000;\"><span style=\"font-family: Liberation Serif, serif;\"><span style=\"font-size: medium;\">Com apenas 25 anos, o cantor e compositor lidera o ranking dos 30 brasileiros mais ouvidos no <\/span><\/span><\/span><span style=\"color: #000000;\"><span style=\"font-family: Liberation Serif, serif;\"><span style=\"font-size: medium;\">m<\/span><\/span><\/span><span style=\"color: #000000;\"><span style=\"font-family: Liberation Serif, serif;\"><span style=\"font-size: medium;\">undo, segundo lista divulgada pela Billboard, em outubro de 2017.<\/span><\/span><\/span><\/p>\n<p><span style=\"color: #000000;\">\u2018<b><span style=\"font-family: Liberation Serif, serif;\"><span style=\"font-size: medium;\">Eu te quero\u2019 \u00e9 o mais recente single e conta com Manu Gavassi. Qual a mensagem que pretendem transmitir com este tema?<\/span><\/span><\/b><\/span><\/p>\n<p><i><span style=\"color: #000000;\"><span style=\"font-family: Liberation Serif, serif;\"><span style=\"font-size: medium;\">Esse tema com a Manu veio de uma conversa, que \u00e9 muito louco quando a gente t\u00e1 num primeiro encontro e rola aquele momento de sil\u00eancio. E \u00e9 muito desconfort\u00e1vel porque a pessoa fica pensando na cabe\u00e7a \u201cAh, o que ser\u00e1 que ele t\u00e1 pensando de mim? Ser\u00e1 que eu tenho que falar alguma coisa?\u201d E ao mesmo tempo \u00e9 muito legal quando a gente chega num n\u00edvel de intimidade com a outra pessoa que o sil\u00eancio fica muito confort\u00e1vel, muito agrad\u00e1vel e \u00e9 isso n\u00e9, a m\u00fasica fala sobre se apaixonar, no final das contas em sil\u00eancio com voc\u00ea eu me encontrei.<\/span><\/span><\/span><\/i><\/p>\n<p><b><span style=\"color: #000000;\"><span style=\"font-family: Liberation Serif, serif;\"><span style=\"font-size: medium;\">Este tema \u00e9 bilingue, em portugu\u00eas e ingl\u00eas. Qual o motivo?<\/span><\/span><\/span><\/b><\/p>\n<p><i><span style=\"color: #000000;\"><span style=\"font-family: Liberation Serif, serif;\"><span style=\"font-size: medium;\">O tema \u00e9 bilingue mas n\u00e3o tem nenhuma raz\u00e3o por tr\u00e1s, na verdade eu vinha de muitas m\u00fasicas em ingl\u00eas, eu queria essa ideia de ter um refr\u00e3o marcante em ingl\u00eas, o \u201cyou don\u00b4t need to say a word\u201d e o verso em portugu\u00eas, a Manu sempre canta em portugu\u00eas ent\u00e3o fazia mais sentido pra ela e acabou que virou um tema bilingue.<\/span><\/span><\/span><\/i><\/p>\n<p><b><span style=\"color: #000000;\"><span style=\"font-family: Liberation Serif, serif;\"><span style=\"font-size: medium;\">Como \u00e9 ser o l\u00edder em termos de artistas brasileiros mais ouvidos no mundo, segundo a Billboard?<\/span><\/span><\/span><\/b><\/p>\n<p><i><span style=\"color: #000000;\"><span style=\"font-family: Liberation Serif, serif;\"><span style=\"font-size: medium;\">\u00c9 muito legal esse dado da Billboard, sou muito grato, fiquei muito feliz quando soube dessa noticia e muito por conta da \u201cHear Me Now\u201d que isso aconteceu, foi uma m\u00fasica que quebrou v\u00e1rios records, abriu v\u00e1rias portas ent\u00e3o muito obrigado a todos que escutam \u201cHear Me Now\u201d at\u00e9 hoje e me deixaram ai nesse lugar.<\/span><\/span><\/span><\/i><\/p>\n<p><span style=\"color: #000000;\">\u2018<b><span style=\"font-family: Liberation Serif, serif;\"><span style=\"font-size: medium;\">Reset\u2019 foi o seu mais recente disco. Qual o balan\u00e7o que j\u00e1 \u00e9 poss\u00edvel fazer?<\/span><\/span><\/b><\/span><\/p>\n<p><i><span style=\"color: #000000;\"><span style=\"font-family: Liberation Serif, serif;\"><span style=\"font-size: medium;\">Bom, o \u00e1lbum Reset foi um \u00e1lbum meio que para esclarecer d\u00favidas, tem a \u201cTudo Que Importa\u201d que \u00e9 a minha primeira m\u00fasica em portugu\u00eas e tem a releitura de todas as minhas parcerias com Djs, com o Alok, Bruno Martini, Jimmy e mostra o lado do Zeeba comp\u00f3sito, porque como as musicas costumam come\u00e7ar, todas essas m\u00fasicas come\u00e7aram na voz e viol\u00e3o, foi isso que eu quis mostrar pra galera, pro publico, esse lado do Zeeba, cantor e compositor.<\/span><\/span><\/span><\/i><\/p>\n<p><b><span style=\"color: #000000;\"><span style=\"font-family: Liberation Serif, serif;\"><span style=\"font-size: medium;\">Qual a liga\u00e7\u00e3o com o p\u00fablico portugu\u00eas?<\/span><\/span><\/span><\/b><\/p>\n<p><i><span style=\"color: #000000;\"><span style=\"font-family: Liberation Serif, serif;\"><span style=\"font-size: medium;\">J\u00e1 fui para Portugal algumas vezes fazer show, fui ali em Faro, nossa que praias lindas que voc\u00eas t\u00eam! Amo os doces portugueses, tenho muitos amigos que moram em Portugal ent\u00e3o tenho um carinho enorme por Portugal e quero voltar mais vezes.<\/span><\/span><\/span><\/i><\/p>\n<p><span style=\"color: #000000;\"> <b><span style=\"font-family: Liberation Serif, serif;\"><span style=\"font-size: medium;\">Alguma mensagem mais emocionante que tenha recebido do nosso pa\u00eds?<\/span><\/span><\/b><\/span><\/p>\n<p><i><span style=\"color: #000000;\"><span style=\"font-family: Liberation Serif, serif;\"><span style=\"font-size: medium;\">O<\/span><\/span><\/span><span style=\"color: #000000;\"><span style=\"font-family: Liberation Serif, serif;\"><span style=\"font-size: medium;\"> povo Portugu\u00eas \u00e9 um povo bem animado, tem muito a ver com o brasileiro, claro. Quando eu fui ai me dei super bem com todos os Portugueses e foram shows muito legais, muito animados. Eu fiquei muito emocionado quando eu cheguei em Portugal, a recep\u00e7\u00e3o toda foi muito legal, os shows foram muito feliz, o pessoal muito animado, cantou junto ent\u00e3o esse carinho que eu tive com os portugueses foi muito divertido.<\/span><\/span><\/span><\/i><\/p>\n<p><iframe title=\"Zeeba &amp; Manu Gavassi - Eu Te Quero (Lyric Video Oficial)\" width=\"500\" height=\"281\" data-src=\"https:\/\/www.youtube.com\/embed\/CM-uO5x7ZVs?feature=oembed\" frameborder=\"0\" allow=\"accelerometer; autoplay; clipboard-write; encrypted-media; gyroscope; picture-in-picture; web-share\" referrerpolicy=\"strict-origin-when-cross-origin\" allowfullscreen src=\"data:image\/svg+xml;base64,PHN2ZyB3aWR0aD0iMSIgaGVpZ2h0PSIxIiB4bWxucz0iaHR0cDovL3d3dy53My5vcmcvMjAwMC9zdmciPjwvc3ZnPg==\" class=\"lazyload\" data-load-mode=\"1\"><\/iframe><\/p>\n","protected":false},"excerpt":{"rendered":"<p>\u2018Eu te quero\u2019 \u00e9 o mais recente single de Zeeba, artista brasileiro, que conta com a participa\u00e7\u00e3o de Manu Gavassi. O artista concedeu uma breve entrevista ao Infocul.pt, para falar sobre este novo tema e tamb\u00e9m da liga\u00e7\u00e3o a Portugal, ficando n\u00f3s a saber que \u00e9 um f\u00e3 das nossas praias.<\/p>\n","protected":false},"author":2,"featured_media":73639,"comment_status":"open","ping_status":"closed","sticky":false,"template":"","format":"standard","meta":{"footnotes":""},"categories":[2,36,4,4124],"tags":[9511],"class_list":["post-73638","post","type-post","status-publish","format-standard","has-post-thumbnail","hentry","category-cultura","category-destaque","category-discos","category-entrevistas","tag-zeeba"],"yoast_head":"<!-- This site is optimized with the Yoast SEO plugin v27.5 - https:\/\/yoast.com\/product\/yoast-seo-wordpress\/ -->\n<title>Zeeba: &quot;Tenho um carinho enorme por Portugal e quero voltar mais vezes&quot; | Infocul.pt - Arquivo Digital<\/title>\n<meta name=\"description\" content=\"Em entrevista ao Infocul, sobre o novo single.\" \/>\n<meta name=\"robots\" content=\"noindex, follow, max-snippet:-1, max-image-preview:large, max-video-preview:-1\" \/>\n<meta property=\"og:locale\" content=\"pt_PT\" \/>\n<meta property=\"og:type\" content=\"article\" \/>\n<meta property=\"og:title\" content=\"Zeeba: &quot;Tenho um carinho enorme por Portugal e quero voltar mais vezes&quot; | Infocul.pt - Arquivo Digital\" \/>\n<meta property=\"og:description\" content=\"Em entrevista ao Infocul, sobre o novo single.\" \/>\n<meta property=\"og:url\" content=\"https:\/\/infocul.pt\/arquivo\/cultura\/zeeba-tenho-um-carinho-enorme-por-portugal-e-quero-voltar-mais-vezes\/\" \/>\n<meta property=\"og:site_name\" content=\"Infocul.pt - Arquivo Digital\" \/>\n<meta property=\"article:publisher\" content=\"https:\/\/www.facebook.com\/Infocul-147816815585015\/\" \/>\n<meta property=\"article:published_time\" content=\"2020-06-09T14:46:08+00:00\" \/>\n<meta property=\"og:image\" content=\"https:\/\/infocul.pt\/arquivo\/wp-content\/uploads\/2020\/06\/Zeeba-e-Manu-Gavassi.jpg\" \/>\n\t<meta property=\"og:image:width\" content=\"819\" \/>\n\t<meta property=\"og:image:height\" content=\"1024\" \/>\n\t<meta property=\"og:image:type\" content=\"image\/jpeg\" \/>\n<meta name=\"author\" content=\"Rui Lavrador\" \/>\n<meta name=\"twitter:card\" content=\"summary_large_image\" \/>\n<meta name=\"twitter:creator\" content=\"@Infoculpt\" \/>\n<meta name=\"twitter:site\" content=\"@Infoculpt\" \/>\n<meta name=\"twitter:label1\" content=\"Escrito por\" \/>\n\t<meta name=\"twitter:data1\" content=\"Rui Lavrador\" \/>\n\t<meta name=\"twitter:label2\" content=\"Tempo estimado de leitura\" \/>\n\t<meta name=\"twitter:data2\" content=\"3 minutos\" \/>\n<script type=\"application\/ld+json\" class=\"yoast-schema-graph\">{\"@context\":\"https:\\\/\\\/schema.org\",\"@graph\":[{\"@type\":\"Article\",\"@id\":\"https:\\\/\\\/infocul.pt\\\/arquivo\\\/cultura\\\/zeeba-tenho-um-carinho-enorme-por-portugal-e-quero-voltar-mais-vezes\\\/#article\",\"isPartOf\":{\"@id\":\"https:\\\/\\\/infocul.pt\\\/arquivo\\\/cultura\\\/zeeba-tenho-um-carinho-enorme-por-portugal-e-quero-voltar-mais-vezes\\\/\"},\"author\":{\"name\":\"Rui Lavrador\",\"@id\":\"https:\\\/\\\/infocul.pt\\\/arquivo\\\/#\\\/schema\\\/person\\\/060a108d7f2d85fc6aae505119ee5234\"},\"headline\":\"Zeeba: &#8220;Tenho um carinho enorme por Portugal e quero voltar mais vezes&#8221;\",\"datePublished\":\"2020-06-09T14:46:08+00:00\",\"mainEntityOfPage\":{\"@id\":\"https:\\\/\\\/infocul.pt\\\/arquivo\\\/cultura\\\/zeeba-tenho-um-carinho-enorme-por-portugal-e-quero-voltar-mais-vezes\\\/\"},\"wordCount\":660,\"commentCount\":0,\"publisher\":{\"@id\":\"https:\\\/\\\/infocul.pt\\\/arquivo\\\/#organization\"},\"image\":{\"@id\":\"https:\\\/\\\/infocul.pt\\\/arquivo\\\/cultura\\\/zeeba-tenho-um-carinho-enorme-por-portugal-e-quero-voltar-mais-vezes\\\/#primaryimage\"},\"thumbnailUrl\":\"https:\\\/\\\/infocul.pt\\\/arquivo\\\/wp-content\\\/uploads\\\/2020\\\/06\\\/Zeeba-e-Manu-Gavassi.jpg\",\"keywords\":[\"Zeeba\"],\"articleSection\":[\"Cultura\",\"Destaque\",\"Discos\",\"Entrevistas\"],\"inLanguage\":\"pt-PT\"},{\"@type\":\"WebPage\",\"@id\":\"https:\\\/\\\/infocul.pt\\\/arquivo\\\/cultura\\\/zeeba-tenho-um-carinho-enorme-por-portugal-e-quero-voltar-mais-vezes\\\/\",\"url\":\"https:\\\/\\\/infocul.pt\\\/arquivo\\\/cultura\\\/zeeba-tenho-um-carinho-enorme-por-portugal-e-quero-voltar-mais-vezes\\\/\",\"name\":\"Zeeba: \\\"Tenho um carinho enorme por Portugal e quero voltar mais vezes\\\" | Infocul.pt - Arquivo Digital\",\"isPartOf\":{\"@id\":\"https:\\\/\\\/infocul.pt\\\/arquivo\\\/#website\"},\"primaryImageOfPage\":{\"@id\":\"https:\\\/\\\/infocul.pt\\\/arquivo\\\/cultura\\\/zeeba-tenho-um-carinho-enorme-por-portugal-e-quero-voltar-mais-vezes\\\/#primaryimage\"},\"image\":{\"@id\":\"https:\\\/\\\/infocul.pt\\\/arquivo\\\/cultura\\\/zeeba-tenho-um-carinho-enorme-por-portugal-e-quero-voltar-mais-vezes\\\/#primaryimage\"},\"thumbnailUrl\":\"https:\\\/\\\/infocul.pt\\\/arquivo\\\/wp-content\\\/uploads\\\/2020\\\/06\\\/Zeeba-e-Manu-Gavassi.jpg\",\"datePublished\":\"2020-06-09T14:46:08+00:00\",\"description\":\"Em entrevista ao Infocul, sobre o novo single.\",\"breadcrumb\":{\"@id\":\"https:\\\/\\\/infocul.pt\\\/arquivo\\\/cultura\\\/zeeba-tenho-um-carinho-enorme-por-portugal-e-quero-voltar-mais-vezes\\\/#breadcrumb\"},\"inLanguage\":\"pt-PT\",\"potentialAction\":[{\"@type\":\"ReadAction\",\"target\":[\"https:\\\/\\\/infocul.pt\\\/arquivo\\\/cultura\\\/zeeba-tenho-um-carinho-enorme-por-portugal-e-quero-voltar-mais-vezes\\\/\"]}]},{\"@type\":\"ImageObject\",\"inLanguage\":\"pt-PT\",\"@id\":\"https:\\\/\\\/infocul.pt\\\/arquivo\\\/cultura\\\/zeeba-tenho-um-carinho-enorme-por-portugal-e-quero-voltar-mais-vezes\\\/#primaryimage\",\"url\":\"https:\\\/\\\/infocul.pt\\\/arquivo\\\/wp-content\\\/uploads\\\/2020\\\/06\\\/Zeeba-e-Manu-Gavassi.jpg\",\"contentUrl\":\"https:\\\/\\\/infocul.pt\\\/arquivo\\\/wp-content\\\/uploads\\\/2020\\\/06\\\/Zeeba-e-Manu-Gavassi.jpg\",\"width\":819,\"height\":1024},{\"@type\":\"BreadcrumbList\",\"@id\":\"https:\\\/\\\/infocul.pt\\\/arquivo\\\/cultura\\\/zeeba-tenho-um-carinho-enorme-por-portugal-e-quero-voltar-mais-vezes\\\/#breadcrumb\",\"itemListElement\":[{\"@type\":\"ListItem\",\"position\":1,\"name\":\"Home\",\"item\":\"https:\\\/\\\/infocul.pt\\\/arquivo\\\/\"},{\"@type\":\"ListItem\",\"position\":2,\"name\":\"Zeeba: &#8220;Tenho um carinho enorme por Portugal e quero voltar mais vezes&#8221;\"}]},{\"@type\":\"WebSite\",\"@id\":\"https:\\\/\\\/infocul.pt\\\/arquivo\\\/#website\",\"url\":\"https:\\\/\\\/infocul.pt\\\/arquivo\\\/\",\"name\":\"Infocul.pt - Arquivo Digital\",\"description\":\"Arquivo digital da Infocul.pt\",\"publisher\":{\"@id\":\"https:\\\/\\\/infocul.pt\\\/arquivo\\\/#organization\"},\"potentialAction\":[{\"@type\":\"SearchAction\",\"target\":{\"@type\":\"EntryPoint\",\"urlTemplate\":\"https:\\\/\\\/infocul.pt\\\/arquivo\\\/?s={search_term_string}\"},\"query-input\":{\"@type\":\"PropertyValueSpecification\",\"valueRequired\":true,\"valueName\":\"search_term_string\"}}],\"inLanguage\":\"pt-PT\"},{\"@type\":\"Organization\",\"@id\":\"https:\\\/\\\/infocul.pt\\\/arquivo\\\/#organization\",\"name\":\"Infocul.pt\",\"url\":\"https:\\\/\\\/infocul.pt\\\/arquivo\\\/\",\"logo\":{\"@type\":\"ImageObject\",\"inLanguage\":\"pt-PT\",\"@id\":\"https:\\\/\\\/infocul.pt\\\/arquivo\\\/#\\\/schema\\\/logo\\\/image\\\/\",\"url\":\"https:\\\/\\\/infocul.pt\\\/arquivo\\\/wp-content\\\/uploads\\\/2018\\\/12\\\/Infocul_logo-1.png\",\"contentUrl\":\"https:\\\/\\\/infocul.pt\\\/arquivo\\\/wp-content\\\/uploads\\\/2018\\\/12\\\/Infocul_logo-1.png\",\"width\":800,\"height\":800,\"caption\":\"Infocul.pt\"},\"image\":{\"@id\":\"https:\\\/\\\/infocul.pt\\\/arquivo\\\/#\\\/schema\\\/logo\\\/image\\\/\"},\"sameAs\":[\"https:\\\/\\\/www.facebook.com\\\/Infocul-147816815585015\\\/\",\"https:\\\/\\\/x.com\\\/Infoculpt\",\"http:\\\/\\\/www.pictaram.com\\\/user\\\/infocul.pt\\\/2370423710\",\"https:\\\/\\\/www.youtube.com\\\/channel\\\/UCYEB91AGI9FL9ek2i_IaQAA\"]},{\"@type\":\"Person\",\"@id\":\"https:\\\/\\\/infocul.pt\\\/arquivo\\\/#\\\/schema\\\/person\\\/060a108d7f2d85fc6aae505119ee5234\",\"name\":\"Rui Lavrador\",\"image\":{\"@type\":\"ImageObject\",\"inLanguage\":\"pt-PT\",\"@id\":\"https:\\\/\\\/secure.gravatar.com\\\/avatar\\\/93febd6873394aa8e975148548a0cb203acfdd42d2c85c5f1408e1a76678aece?s=96&d=mm&r=g\",\"url\":\"https:\\\/\\\/secure.gravatar.com\\\/avatar\\\/93febd6873394aa8e975148548a0cb203acfdd42d2c85c5f1408e1a76678aece?s=96&d=mm&r=g\",\"contentUrl\":\"https:\\\/\\\/secure.gravatar.com\\\/avatar\\\/93febd6873394aa8e975148548a0cb203acfdd42d2c85c5f1408e1a76678aece?s=96&d=mm&r=g\",\"caption\":\"Rui Lavrador\"},\"description\":\"Iniciou em 2011 o seu percurso em comunica\u00e7\u00e3o social, tendo integrado v\u00e1rios projectos editoriais. Durante o seu percurso integrou projectos como Jornal Hardm\u00fasica, LusoNot\u00edcias, Toureio.pt, ODigital.pt, entre outros \u00d3rg\u00e3os de Comunica\u00e7\u00e3o Social nacionais, na redac\u00e7\u00e3o de v\u00e1rios artigos. Entrevistou a grande maioria das personalidades mais importantes da vida social e cultural do pa\u00eds, destacando-se, tamb\u00e9m, na aprecia\u00e7\u00e3o de v\u00e1rios espect\u00e1culos. Durante o seu percurso, deu a conhecer v\u00e1rios artistas, at\u00e9 ent\u00e3o desconhecidos, ao grande p\u00fablico. Em 2015 criou e fundou o Infocul.pt, projecto no qual assume a direc\u00e7\u00e3o editorial.\",\"sameAs\":[\"http:\\\/\\\/www.infocul.pt\"]}]}<\/script>\n<!-- \/ Yoast SEO plugin. -->","yoast_head_json":{"title":"Zeeba: \"Tenho um carinho enorme por Portugal e quero voltar mais vezes\" | Infocul.pt - Arquivo Digital","description":"Em entrevista ao Infocul, sobre o novo single.","robots":{"index":"noindex","follow":"follow","max-snippet":"max-snippet:-1","max-image-preview":"max-image-preview:large","max-video-preview":"max-video-preview:-1"},"og_locale":"pt_PT","og_type":"article","og_title":"Zeeba: \"Tenho um carinho enorme por Portugal e quero voltar mais vezes\" | Infocul.pt - Arquivo Digital","og_description":"Em entrevista ao Infocul, sobre o novo single.","og_url":"https:\/\/infocul.pt\/arquivo\/cultura\/zeeba-tenho-um-carinho-enorme-por-portugal-e-quero-voltar-mais-vezes\/","og_site_name":"Infocul.pt - Arquivo Digital","article_publisher":"https:\/\/www.facebook.com\/Infocul-147816815585015\/","article_published_time":"2020-06-09T14:46:08+00:00","og_image":[{"width":819,"height":1024,"url":"https:\/\/infocul.pt\/arquivo\/wp-content\/uploads\/2020\/06\/Zeeba-e-Manu-Gavassi.jpg","type":"image\/jpeg"}],"author":"Rui Lavrador","twitter_card":"summary_large_image","twitter_creator":"@Infoculpt","twitter_site":"@Infoculpt","twitter_misc":{"Escrito por":"Rui Lavrador","Tempo estimado de leitura":"3 minutos"},"schema":{"@context":"https:\/\/schema.org","@graph":[{"@type":"Article","@id":"https:\/\/infocul.pt\/arquivo\/cultura\/zeeba-tenho-um-carinho-enorme-por-portugal-e-quero-voltar-mais-vezes\/#article","isPartOf":{"@id":"https:\/\/infocul.pt\/arquivo\/cultura\/zeeba-tenho-um-carinho-enorme-por-portugal-e-quero-voltar-mais-vezes\/"},"author":{"name":"Rui Lavrador","@id":"https:\/\/infocul.pt\/arquivo\/#\/schema\/person\/060a108d7f2d85fc6aae505119ee5234"},"headline":"Zeeba: &#8220;Tenho um carinho enorme por Portugal e quero voltar mais vezes&#8221;","datePublished":"2020-06-09T14:46:08+00:00","mainEntityOfPage":{"@id":"https:\/\/infocul.pt\/arquivo\/cultura\/zeeba-tenho-um-carinho-enorme-por-portugal-e-quero-voltar-mais-vezes\/"},"wordCount":660,"commentCount":0,"publisher":{"@id":"https:\/\/infocul.pt\/arquivo\/#organization"},"image":{"@id":"https:\/\/infocul.pt\/arquivo\/cultura\/zeeba-tenho-um-carinho-enorme-por-portugal-e-quero-voltar-mais-vezes\/#primaryimage"},"thumbnailUrl":"https:\/\/infocul.pt\/arquivo\/wp-content\/uploads\/2020\/06\/Zeeba-e-Manu-Gavassi.jpg","keywords":["Zeeba"],"articleSection":["Cultura","Destaque","Discos","Entrevistas"],"inLanguage":"pt-PT"},{"@type":"WebPage","@id":"https:\/\/infocul.pt\/arquivo\/cultura\/zeeba-tenho-um-carinho-enorme-por-portugal-e-quero-voltar-mais-vezes\/","url":"https:\/\/infocul.pt\/arquivo\/cultura\/zeeba-tenho-um-carinho-enorme-por-portugal-e-quero-voltar-mais-vezes\/","name":"Zeeba: \"Tenho um carinho enorme por Portugal e quero voltar mais vezes\" | Infocul.pt - Arquivo Digital","isPartOf":{"@id":"https:\/\/infocul.pt\/arquivo\/#website"},"primaryImageOfPage":{"@id":"https:\/\/infocul.pt\/arquivo\/cultura\/zeeba-tenho-um-carinho-enorme-por-portugal-e-quero-voltar-mais-vezes\/#primaryimage"},"image":{"@id":"https:\/\/infocul.pt\/arquivo\/cultura\/zeeba-tenho-um-carinho-enorme-por-portugal-e-quero-voltar-mais-vezes\/#primaryimage"},"thumbnailUrl":"https:\/\/infocul.pt\/arquivo\/wp-content\/uploads\/2020\/06\/Zeeba-e-Manu-Gavassi.jpg","datePublished":"2020-06-09T14:46:08+00:00","description":"Em entrevista ao Infocul, sobre o novo single.","breadcrumb":{"@id":"https:\/\/infocul.pt\/arquivo\/cultura\/zeeba-tenho-um-carinho-enorme-por-portugal-e-quero-voltar-mais-vezes\/#breadcrumb"},"inLanguage":"pt-PT","potentialAction":[{"@type":"ReadAction","target":["https:\/\/infocul.pt\/arquivo\/cultura\/zeeba-tenho-um-carinho-enorme-por-portugal-e-quero-voltar-mais-vezes\/"]}]},{"@type":"ImageObject","inLanguage":"pt-PT","@id":"https:\/\/infocul.pt\/arquivo\/cultura\/zeeba-tenho-um-carinho-enorme-por-portugal-e-quero-voltar-mais-vezes\/#primaryimage","url":"https:\/\/infocul.pt\/arquivo\/wp-content\/uploads\/2020\/06\/Zeeba-e-Manu-Gavassi.jpg","contentUrl":"https:\/\/infocul.pt\/arquivo\/wp-content\/uploads\/2020\/06\/Zeeba-e-Manu-Gavassi.jpg","width":819,"height":1024},{"@type":"BreadcrumbList","@id":"https:\/\/infocul.pt\/arquivo\/cultura\/zeeba-tenho-um-carinho-enorme-por-portugal-e-quero-voltar-mais-vezes\/#breadcrumb","itemListElement":[{"@type":"ListItem","position":1,"name":"Home","item":"https:\/\/infocul.pt\/arquivo\/"},{"@type":"ListItem","position":2,"name":"Zeeba: &#8220;Tenho um carinho enorme por Portugal e quero voltar mais vezes&#8221;"}]},{"@type":"WebSite","@id":"https:\/\/infocul.pt\/arquivo\/#website","url":"https:\/\/infocul.pt\/arquivo\/","name":"Infocul.pt - Arquivo Digital","description":"Arquivo digital da Infocul.pt","publisher":{"@id":"https:\/\/infocul.pt\/arquivo\/#organization"},"potentialAction":[{"@type":"SearchAction","target":{"@type":"EntryPoint","urlTemplate":"https:\/\/infocul.pt\/arquivo\/?s={search_term_string}"},"query-input":{"@type":"PropertyValueSpecification","valueRequired":true,"valueName":"search_term_string"}}],"inLanguage":"pt-PT"},{"@type":"Organization","@id":"https:\/\/infocul.pt\/arquivo\/#organization","name":"Infocul.pt","url":"https:\/\/infocul.pt\/arquivo\/","logo":{"@type":"ImageObject","inLanguage":"pt-PT","@id":"https:\/\/infocul.pt\/arquivo\/#\/schema\/logo\/image\/","url":"https:\/\/infocul.pt\/arquivo\/wp-content\/uploads\/2018\/12\/Infocul_logo-1.png","contentUrl":"https:\/\/infocul.pt\/arquivo\/wp-content\/uploads\/2018\/12\/Infocul_logo-1.png","width":800,"height":800,"caption":"Infocul.pt"},"image":{"@id":"https:\/\/infocul.pt\/arquivo\/#\/schema\/logo\/image\/"},"sameAs":["https:\/\/www.facebook.com\/Infocul-147816815585015\/","https:\/\/x.com\/Infoculpt","http:\/\/www.pictaram.com\/user\/infocul.pt\/2370423710","https:\/\/www.youtube.com\/channel\/UCYEB91AGI9FL9ek2i_IaQAA"]},{"@type":"Person","@id":"https:\/\/infocul.pt\/arquivo\/#\/schema\/person\/060a108d7f2d85fc6aae505119ee5234","name":"Rui Lavrador","image":{"@type":"ImageObject","inLanguage":"pt-PT","@id":"https:\/\/secure.gravatar.com\/avatar\/93febd6873394aa8e975148548a0cb203acfdd42d2c85c5f1408e1a76678aece?s=96&d=mm&r=g","url":"https:\/\/secure.gravatar.com\/avatar\/93febd6873394aa8e975148548a0cb203acfdd42d2c85c5f1408e1a76678aece?s=96&d=mm&r=g","contentUrl":"https:\/\/secure.gravatar.com\/avatar\/93febd6873394aa8e975148548a0cb203acfdd42d2c85c5f1408e1a76678aece?s=96&d=mm&r=g","caption":"Rui Lavrador"},"description":"Iniciou em 2011 o seu percurso em comunica\u00e7\u00e3o social, tendo integrado v\u00e1rios projectos editoriais. Durante o seu percurso integrou projectos como Jornal Hardm\u00fasica, LusoNot\u00edcias, Toureio.pt, ODigital.pt, entre outros \u00d3rg\u00e3os de Comunica\u00e7\u00e3o Social nacionais, na redac\u00e7\u00e3o de v\u00e1rios artigos. Entrevistou a grande maioria das personalidades mais importantes da vida social e cultural do pa\u00eds, destacando-se, tamb\u00e9m, na aprecia\u00e7\u00e3o de v\u00e1rios espect\u00e1culos. Durante o seu percurso, deu a conhecer v\u00e1rios artistas, at\u00e9 ent\u00e3o desconhecidos, ao grande p\u00fablico. Em 2015 criou e fundou o Infocul.pt, projecto no qual assume a direc\u00e7\u00e3o editorial.","sameAs":["http:\/\/www.infocul.pt"]}]}},"_links":{"self":[{"href":"https:\/\/infocul.pt\/arquivo\/wp-json\/wp\/v2\/posts\/73638","targetHints":{"allow":["GET"]}}],"collection":[{"href":"https:\/\/infocul.pt\/arquivo\/wp-json\/wp\/v2\/posts"}],"about":[{"href":"https:\/\/infocul.pt\/arquivo\/wp-json\/wp\/v2\/types\/post"}],"author":[{"embeddable":true,"href":"https:\/\/infocul.pt\/arquivo\/wp-json\/wp\/v2\/users\/2"}],"replies":[{"embeddable":true,"href":"https:\/\/infocul.pt\/arquivo\/wp-json\/wp\/v2\/comments?post=73638"}],"version-history":[{"count":0,"href":"https:\/\/infocul.pt\/arquivo\/wp-json\/wp\/v2\/posts\/73638\/revisions"}],"wp:featuredmedia":[{"embeddable":true,"href":"https:\/\/infocul.pt\/arquivo\/wp-json\/wp\/v2\/media\/73639"}],"wp:attachment":[{"href":"https:\/\/infocul.pt\/arquivo\/wp-json\/wp\/v2\/media?parent=73638"}],"wp:term":[{"taxonomy":"category","embeddable":true,"href":"https:\/\/infocul.pt\/arquivo\/wp-json\/wp\/v2\/categories?post=73638"},{"taxonomy":"post_tag","embeddable":true,"href":"https:\/\/infocul.pt\/arquivo\/wp-json\/wp\/v2\/tags?post=73638"}],"curies":[{"name":"wp","href":"https:\/\/api.w.org\/{rel}","templated":true}]}}