{"id":74617,"date":"2020-06-22T14:26:58","date_gmt":"2020-06-22T13:26:58","guid":{"rendered":"https:\/\/infocul.pt\/?p=74617"},"modified":"2020-06-22T14:26:58","modified_gmt":"2020-06-22T13:26:58","slug":"teatro-experimental-de-cascais-retoma-programacao-com-estreia-de-bruscamente-no-verao-passado","status":"publish","type":"post","link":"https:\/\/infocul.pt\/arquivo\/cultura\/teatro-experimental-de-cascais-retoma-programacao-com-estreia-de-bruscamente-no-verao-passado\/","title":{"rendered":"Teatro Experimental de Cascais retoma programa\u00e7\u00e3o com estreia de \u201cBruscamente no Ver\u00e3o Passado\u201d"},"content":{"rendered":"<p><img decoding=\"async\" class=\"aligncenter wp-image-74618 size-full lazyload\" data-src=\"https:\/\/infocul.pt\/arquivo\/wp-content\/uploads\/2020\/06\/transferir-1-1.jpg\" alt=\"\" width=\"213\" height=\"237\" src=\"data:image\/svg+xml;base64,PHN2ZyB3aWR0aD0iMSIgaGVpZ2h0PSIxIiB4bWxucz0iaHR0cDovL3d3dy53My5vcmcvMjAwMC9zdmciPjwvc3ZnPg==\" style=\"--smush-placeholder-width: 213px; --smush-placeholder-aspect-ratio: 213\/237;\" \/><\/p>\n<p>A programa\u00e7\u00e3o do Teatro Experimental de Cascais regressa ao activo com a abertura ao p\u00fablico das suas portas a partir do dia 10 de Julho, para poderem assistir \u00e0 165.\u00aa produ\u00e7\u00e3o da companhia.\u00a0<b>\u201c<\/b>Bruscamente no Ver\u00e3o passado\u201d, de Tennessee Williams, com estreia inicialmente prevista para 27 de Mar\u00e7o (adiada devido \u00e0 pandemia), assinala este retorno, com o cumprimento de todas as medidas de seguran\u00e7a impostas pela DGS nesta nova fase p\u00f3s-confinamento.<!--more--><\/p>\n<p>Centrada no desaparecimento de Sebastian Venable, \u201cBruscamente no Ver\u00e3o passado\u201d, considerado o texto c\u00e9nico mais chocante de Tennessee Williams, \u00e9 uma pe\u00e7a envolta em mist\u00e9rio que marca o regresso do Teatro Experimental de Cascais \u00e0 sua programa\u00e7\u00e3o habitual \u2013 complementada, em tempos de quarentena, pela exibi\u00e7\u00e3o\u00a0<i>online<\/i>\u00a0de v\u00e1rias produ\u00e7\u00f5es passadas, no canal de Youtube da institui\u00e7\u00e3o.<\/p>\n<p>\u201c<em><strong>Agora, mais do que nunca, \u00e9 imprescind\u00edvel que os f\u00e3s de teatro, e do teatro portugu\u00eas, acompanhem e apoiem o regresso das actividades dos v\u00e1rios espa\u00e7os e companhias. Com os devidos cuidados, garantindo a seguran\u00e7a de todos, n\u00e3o existir\u00e1 melhor forma de prestigiar os profissionais da \u00e1rea \u2013 que viram o seu trabalho interrompido durante meses e que, na sua maioria, se reinventaram para continuar a oferecer propostas de entretenimento online, gratuitas, durante esse per\u00edodo \u2013 do que conseguirmos ter sess\u00f5es cheias com regularidade. Num Ver\u00e3o sem festivais, e com uma vontade renovada de novos programas em fam\u00edlia, a oportunidade para redescobrir e regressar \u00e0s salas de teatro (um prazer que tantos v\u00e3o adiando) \u00e9 ineg\u00e1vel.<\/strong><\/em>\u201d, contextualiza\u00a0Fernando Alvarez, respons\u00e1vel de Programa\u00e7\u00e3o, Cenografia e Figurinos do\u00a0Teatro Experimental de Cascais, em forma de apelo sobre o regresso das companhias de teatro a uma nova normalidade.<\/p>\n<p>Quando estreou, no seu original, em 1958, \u201cBruscamente no Ver\u00e3o passado\u201d foi apreciada pela sua estrutura dram\u00e1tica aparentemente simples, ainda que simultaneamente preterida pelo seu conte\u00fado \u201cperturbador\u201d de homossexualidade, viola\u00e7\u00e3o, loucura e canibalismo. O \u201chorror\u201d interno, com o qual v\u00e1rias personagens lidam ao longo do desenrolar da hist\u00f3ria, continua presente, oscilando o texto entre conceitos como os de verdade, manipula\u00e7\u00e3o, distor\u00e7\u00e3o e consci\u00eancia.<\/p>\n<p>Com encena\u00e7\u00e3o de Carlos Avilez e vers\u00e3o de Gra\u00e7a P. Corr\u00eaa, esta hist\u00f3ria, que j\u00e1 inspirou centenas de adapta\u00e7\u00f5es, inclusive ao cinema em 1959, \u00e9 revista e reinterpretada de forma \u00fanica por um elenco que promete n\u00e3o deixar ningu\u00e9m indiferente.<b><\/b><\/p>\n<p>Ideal para um ser\u00e3o de emo\u00e7\u00f5es fortes, pautado por excelentes interpreta\u00e7\u00f5es, esta pe\u00e7a \u00e9 recomendada para maiores de 12 anos e estar\u00e1 em cena no Teatro Experimental de Cascais, de 10 de Julho a 2 de Agosto, todas as semanas de ter\u00e7a-feira a domingo, \u00e0s 21h30.<\/p>\n","protected":false},"excerpt":{"rendered":"<p>A programa\u00e7\u00e3o do Teatro Experimental de Cascais regressa ao activo com a abertura ao p\u00fablico das suas portas a partir do dia 10 de Julho, para poderem assistir \u00e0 165.\u00aa produ\u00e7\u00e3o da companhia.\u00a0\u201cBruscamente no Ver\u00e3o passado\u201d, de Tennessee Williams, com estreia inicialmente prevista para 27 de Mar\u00e7o (adiada devido \u00e0 pandemia), assinala este retorno, com [&hellip;]<\/p>\n","protected":false},"author":13,"featured_media":74618,"comment_status":"open","ping_status":"closed","sticky":false,"template":"","format":"standard","meta":{"footnotes":""},"categories":[2,5],"tags":[9080],"class_list":["post-74617","post","type-post","status-publish","format-standard","has-post-thumbnail","hentry","category-cultura","category-teatro","tag-teatro-experimental-de-cascais"],"yoast_head":"<!-- This site is optimized with the Yoast SEO plugin v27.4 - https:\/\/yoast.com\/product\/yoast-seo-wordpress\/ -->\n<title>Teatro Experimental de Cascais retoma programa\u00e7\u00e3o com estreia de \u201cBruscamente no Ver\u00e3o Passado\u201d | Infocul.pt - Arquivo Digital<\/title>\n<meta name=\"description\" content=\"Teatro Experimental de Cascais retoma programa\u00e7\u00e3o com estreia de \u201cBruscamente no Ver\u00e3o Passado\u201d | Infocul.pt - Arquivo Digital\" \/>\n<meta name=\"robots\" content=\"noindex, follow, max-snippet:-1, max-image-preview:large, max-video-preview:-1\" \/>\n<meta property=\"og:locale\" content=\"pt_PT\" \/>\n<meta property=\"og:type\" content=\"article\" \/>\n<meta property=\"og:title\" content=\"Teatro Experimental de Cascais retoma programa\u00e7\u00e3o com estreia de \u201cBruscamente no Ver\u00e3o Passado\u201d | Infocul.pt - Arquivo Digital\" \/>\n<meta property=\"og:description\" content=\"Teatro Experimental de Cascais retoma programa\u00e7\u00e3o com estreia de \u201cBruscamente no Ver\u00e3o Passado\u201d | Infocul.pt - Arquivo Digital\" \/>\n<meta property=\"og:url\" content=\"https:\/\/infocul.pt\/arquivo\/cultura\/teatro-experimental-de-cascais-retoma-programacao-com-estreia-de-bruscamente-no-verao-passado\/\" \/>\n<meta property=\"og:site_name\" content=\"Infocul.pt - Arquivo Digital\" \/>\n<meta property=\"article:publisher\" content=\"https:\/\/www.facebook.com\/Infocul-147816815585015\/\" \/>\n<meta property=\"article:published_time\" content=\"2020-06-22T13:26:58+00:00\" \/>\n<meta property=\"og:image\" content=\"https:\/\/infocul.pt\/arquivo\/wp-content\/uploads\/2020\/06\/transferir-1-1.jpg\" \/>\n\t<meta property=\"og:image:width\" content=\"213\" \/>\n\t<meta property=\"og:image:height\" content=\"237\" \/>\n\t<meta property=\"og:image:type\" content=\"image\/jpeg\" \/>\n<meta name=\"author\" content=\"Redac\u00e7\u00e3o\" \/>\n<meta name=\"twitter:card\" content=\"summary_large_image\" \/>\n<meta name=\"twitter:creator\" content=\"@Infoculpt\" \/>\n<meta name=\"twitter:site\" content=\"@Infoculpt\" \/>\n<meta name=\"twitter:label1\" content=\"Escrito por\" \/>\n\t<meta name=\"twitter:data1\" content=\"Redac\u00e7\u00e3o\" \/>\n\t<meta name=\"twitter:label2\" content=\"Tempo estimado de leitura\" \/>\n\t<meta name=\"twitter:data2\" content=\"2 minutos\" \/>\n<script type=\"application\/ld+json\" class=\"yoast-schema-graph\">{\"@context\":\"https:\\\/\\\/schema.org\",\"@graph\":[{\"@type\":\"Article\",\"@id\":\"https:\\\/\\\/infocul.pt\\\/arquivo\\\/cultura\\\/teatro-experimental-de-cascais-retoma-programacao-com-estreia-de-bruscamente-no-verao-passado\\\/#article\",\"isPartOf\":{\"@id\":\"https:\\\/\\\/infocul.pt\\\/arquivo\\\/cultura\\\/teatro-experimental-de-cascais-retoma-programacao-com-estreia-de-bruscamente-no-verao-passado\\\/\"},\"author\":{\"name\":\"Redac\u00e7\u00e3o\",\"@id\":\"https:\\\/\\\/infocul.pt\\\/arquivo\\\/#\\\/schema\\\/person\\\/f243f45ae8d67639120a7586884f3abc\"},\"headline\":\"Teatro Experimental de Cascais retoma programa\u00e7\u00e3o com estreia de \u201cBruscamente no Ver\u00e3o Passado\u201d\",\"datePublished\":\"2020-06-22T13:26:58+00:00\",\"mainEntityOfPage\":{\"@id\":\"https:\\\/\\\/infocul.pt\\\/arquivo\\\/cultura\\\/teatro-experimental-de-cascais-retoma-programacao-com-estreia-de-bruscamente-no-verao-passado\\\/\"},\"wordCount\":471,\"commentCount\":0,\"publisher\":{\"@id\":\"https:\\\/\\\/infocul.pt\\\/arquivo\\\/#organization\"},\"image\":{\"@id\":\"https:\\\/\\\/infocul.pt\\\/arquivo\\\/cultura\\\/teatro-experimental-de-cascais-retoma-programacao-com-estreia-de-bruscamente-no-verao-passado\\\/#primaryimage\"},\"thumbnailUrl\":\"https:\\\/\\\/infocul.pt\\\/arquivo\\\/wp-content\\\/uploads\\\/2020\\\/06\\\/transferir-1-1.jpg\",\"keywords\":[\"Teatro Experimental de Cascais\"],\"articleSection\":[\"Cultura\",\"Teatro\"],\"inLanguage\":\"pt-PT\"},{\"@type\":\"WebPage\",\"@id\":\"https:\\\/\\\/infocul.pt\\\/arquivo\\\/cultura\\\/teatro-experimental-de-cascais-retoma-programacao-com-estreia-de-bruscamente-no-verao-passado\\\/\",\"url\":\"https:\\\/\\\/infocul.pt\\\/arquivo\\\/cultura\\\/teatro-experimental-de-cascais-retoma-programacao-com-estreia-de-bruscamente-no-verao-passado\\\/\",\"name\":\"Teatro Experimental de Cascais retoma programa\u00e7\u00e3o com estreia de \u201cBruscamente no Ver\u00e3o Passado\u201d | Infocul.pt - Arquivo Digital\",\"isPartOf\":{\"@id\":\"https:\\\/\\\/infocul.pt\\\/arquivo\\\/#website\"},\"primaryImageOfPage\":{\"@id\":\"https:\\\/\\\/infocul.pt\\\/arquivo\\\/cultura\\\/teatro-experimental-de-cascais-retoma-programacao-com-estreia-de-bruscamente-no-verao-passado\\\/#primaryimage\"},\"image\":{\"@id\":\"https:\\\/\\\/infocul.pt\\\/arquivo\\\/cultura\\\/teatro-experimental-de-cascais-retoma-programacao-com-estreia-de-bruscamente-no-verao-passado\\\/#primaryimage\"},\"thumbnailUrl\":\"https:\\\/\\\/infocul.pt\\\/arquivo\\\/wp-content\\\/uploads\\\/2020\\\/06\\\/transferir-1-1.jpg\",\"datePublished\":\"2020-06-22T13:26:58+00:00\",\"description\":\"Teatro Experimental de Cascais retoma programa\u00e7\u00e3o com estreia de \u201cBruscamente no Ver\u00e3o Passado\u201d | Infocul.pt - Arquivo Digital\",\"breadcrumb\":{\"@id\":\"https:\\\/\\\/infocul.pt\\\/arquivo\\\/cultura\\\/teatro-experimental-de-cascais-retoma-programacao-com-estreia-de-bruscamente-no-verao-passado\\\/#breadcrumb\"},\"inLanguage\":\"pt-PT\",\"potentialAction\":[{\"@type\":\"ReadAction\",\"target\":[\"https:\\\/\\\/infocul.pt\\\/arquivo\\\/cultura\\\/teatro-experimental-de-cascais-retoma-programacao-com-estreia-de-bruscamente-no-verao-passado\\\/\"]}]},{\"@type\":\"ImageObject\",\"inLanguage\":\"pt-PT\",\"@id\":\"https:\\\/\\\/infocul.pt\\\/arquivo\\\/cultura\\\/teatro-experimental-de-cascais-retoma-programacao-com-estreia-de-bruscamente-no-verao-passado\\\/#primaryimage\",\"url\":\"https:\\\/\\\/infocul.pt\\\/arquivo\\\/wp-content\\\/uploads\\\/2020\\\/06\\\/transferir-1-1.jpg\",\"contentUrl\":\"https:\\\/\\\/infocul.pt\\\/arquivo\\\/wp-content\\\/uploads\\\/2020\\\/06\\\/transferir-1-1.jpg\",\"width\":213,\"height\":237},{\"@type\":\"BreadcrumbList\",\"@id\":\"https:\\\/\\\/infocul.pt\\\/arquivo\\\/cultura\\\/teatro-experimental-de-cascais-retoma-programacao-com-estreia-de-bruscamente-no-verao-passado\\\/#breadcrumb\",\"itemListElement\":[{\"@type\":\"ListItem\",\"position\":1,\"name\":\"Home\",\"item\":\"https:\\\/\\\/infocul.pt\\\/arquivo\\\/\"},{\"@type\":\"ListItem\",\"position\":2,\"name\":\"Teatro Experimental de Cascais retoma programa\u00e7\u00e3o com estreia de \u201cBruscamente no Ver\u00e3o Passado\u201d\"}]},{\"@type\":\"WebSite\",\"@id\":\"https:\\\/\\\/infocul.pt\\\/arquivo\\\/#website\",\"url\":\"https:\\\/\\\/infocul.pt\\\/arquivo\\\/\",\"name\":\"Infocul.pt - Arquivo Digital\",\"description\":\"Arquivo digital da Infocul.pt\",\"publisher\":{\"@id\":\"https:\\\/\\\/infocul.pt\\\/arquivo\\\/#organization\"},\"potentialAction\":[{\"@type\":\"SearchAction\",\"target\":{\"@type\":\"EntryPoint\",\"urlTemplate\":\"https:\\\/\\\/infocul.pt\\\/arquivo\\\/?s={search_term_string}\"},\"query-input\":{\"@type\":\"PropertyValueSpecification\",\"valueRequired\":true,\"valueName\":\"search_term_string\"}}],\"inLanguage\":\"pt-PT\"},{\"@type\":\"Organization\",\"@id\":\"https:\\\/\\\/infocul.pt\\\/arquivo\\\/#organization\",\"name\":\"Infocul.pt\",\"url\":\"https:\\\/\\\/infocul.pt\\\/arquivo\\\/\",\"logo\":{\"@type\":\"ImageObject\",\"inLanguage\":\"pt-PT\",\"@id\":\"https:\\\/\\\/infocul.pt\\\/arquivo\\\/#\\\/schema\\\/logo\\\/image\\\/\",\"url\":\"https:\\\/\\\/infocul.pt\\\/arquivo\\\/wp-content\\\/uploads\\\/2018\\\/12\\\/Infocul_logo-1.png\",\"contentUrl\":\"https:\\\/\\\/infocul.pt\\\/arquivo\\\/wp-content\\\/uploads\\\/2018\\\/12\\\/Infocul_logo-1.png\",\"width\":800,\"height\":800,\"caption\":\"Infocul.pt\"},\"image\":{\"@id\":\"https:\\\/\\\/infocul.pt\\\/arquivo\\\/#\\\/schema\\\/logo\\\/image\\\/\"},\"sameAs\":[\"https:\\\/\\\/www.facebook.com\\\/Infocul-147816815585015\\\/\",\"https:\\\/\\\/x.com\\\/Infoculpt\",\"http:\\\/\\\/www.pictaram.com\\\/user\\\/infocul.pt\\\/2370423710\",\"https:\\\/\\\/www.youtube.com\\\/channel\\\/UCYEB91AGI9FL9ek2i_IaQAA\"]},{\"@type\":\"Person\",\"@id\":\"https:\\\/\\\/infocul.pt\\\/arquivo\\\/#\\\/schema\\\/person\\\/f243f45ae8d67639120a7586884f3abc\",\"name\":\"Redac\u00e7\u00e3o\",\"image\":{\"@type\":\"ImageObject\",\"inLanguage\":\"pt-PT\",\"@id\":\"https:\\\/\\\/secure.gravatar.com\\\/avatar\\\/151b1b76c598ab5e749407223bd6c1bad4e41c4e95de3c3df83540ebee2deaf8?s=96&d=mm&r=g\",\"url\":\"https:\\\/\\\/secure.gravatar.com\\\/avatar\\\/151b1b76c598ab5e749407223bd6c1bad4e41c4e95de3c3df83540ebee2deaf8?s=96&d=mm&r=g\",\"contentUrl\":\"https:\\\/\\\/secure.gravatar.com\\\/avatar\\\/151b1b76c598ab5e749407223bd6c1bad4e41c4e95de3c3df83540ebee2deaf8?s=96&d=mm&r=g\",\"caption\":\"Redac\u00e7\u00e3o\"}}]}<\/script>\n<!-- \/ Yoast SEO plugin. -->","yoast_head_json":{"title":"Teatro Experimental de Cascais retoma programa\u00e7\u00e3o com estreia de \u201cBruscamente no Ver\u00e3o Passado\u201d | Infocul.pt - Arquivo Digital","description":"Teatro Experimental de Cascais retoma programa\u00e7\u00e3o com estreia de \u201cBruscamente no Ver\u00e3o Passado\u201d | Infocul.pt - Arquivo Digital","robots":{"index":"noindex","follow":"follow","max-snippet":"max-snippet:-1","max-image-preview":"max-image-preview:large","max-video-preview":"max-video-preview:-1"},"og_locale":"pt_PT","og_type":"article","og_title":"Teatro Experimental de Cascais retoma programa\u00e7\u00e3o com estreia de \u201cBruscamente no Ver\u00e3o Passado\u201d | Infocul.pt - Arquivo Digital","og_description":"Teatro Experimental de Cascais retoma programa\u00e7\u00e3o com estreia de \u201cBruscamente no Ver\u00e3o Passado\u201d | Infocul.pt - Arquivo Digital","og_url":"https:\/\/infocul.pt\/arquivo\/cultura\/teatro-experimental-de-cascais-retoma-programacao-com-estreia-de-bruscamente-no-verao-passado\/","og_site_name":"Infocul.pt - Arquivo Digital","article_publisher":"https:\/\/www.facebook.com\/Infocul-147816815585015\/","article_published_time":"2020-06-22T13:26:58+00:00","og_image":[{"width":213,"height":237,"url":"https:\/\/infocul.pt\/arquivo\/wp-content\/uploads\/2020\/06\/transferir-1-1.jpg","type":"image\/jpeg"}],"author":"Redac\u00e7\u00e3o","twitter_card":"summary_large_image","twitter_creator":"@Infoculpt","twitter_site":"@Infoculpt","twitter_misc":{"Escrito por":"Redac\u00e7\u00e3o","Tempo estimado de leitura":"2 minutos"},"schema":{"@context":"https:\/\/schema.org","@graph":[{"@type":"Article","@id":"https:\/\/infocul.pt\/arquivo\/cultura\/teatro-experimental-de-cascais-retoma-programacao-com-estreia-de-bruscamente-no-verao-passado\/#article","isPartOf":{"@id":"https:\/\/infocul.pt\/arquivo\/cultura\/teatro-experimental-de-cascais-retoma-programacao-com-estreia-de-bruscamente-no-verao-passado\/"},"author":{"name":"Redac\u00e7\u00e3o","@id":"https:\/\/infocul.pt\/arquivo\/#\/schema\/person\/f243f45ae8d67639120a7586884f3abc"},"headline":"Teatro Experimental de Cascais retoma programa\u00e7\u00e3o com estreia de \u201cBruscamente no Ver\u00e3o Passado\u201d","datePublished":"2020-06-22T13:26:58+00:00","mainEntityOfPage":{"@id":"https:\/\/infocul.pt\/arquivo\/cultura\/teatro-experimental-de-cascais-retoma-programacao-com-estreia-de-bruscamente-no-verao-passado\/"},"wordCount":471,"commentCount":0,"publisher":{"@id":"https:\/\/infocul.pt\/arquivo\/#organization"},"image":{"@id":"https:\/\/infocul.pt\/arquivo\/cultura\/teatro-experimental-de-cascais-retoma-programacao-com-estreia-de-bruscamente-no-verao-passado\/#primaryimage"},"thumbnailUrl":"https:\/\/infocul.pt\/arquivo\/wp-content\/uploads\/2020\/06\/transferir-1-1.jpg","keywords":["Teatro Experimental de Cascais"],"articleSection":["Cultura","Teatro"],"inLanguage":"pt-PT"},{"@type":"WebPage","@id":"https:\/\/infocul.pt\/arquivo\/cultura\/teatro-experimental-de-cascais-retoma-programacao-com-estreia-de-bruscamente-no-verao-passado\/","url":"https:\/\/infocul.pt\/arquivo\/cultura\/teatro-experimental-de-cascais-retoma-programacao-com-estreia-de-bruscamente-no-verao-passado\/","name":"Teatro Experimental de Cascais retoma programa\u00e7\u00e3o com estreia de \u201cBruscamente no Ver\u00e3o Passado\u201d | Infocul.pt - Arquivo Digital","isPartOf":{"@id":"https:\/\/infocul.pt\/arquivo\/#website"},"primaryImageOfPage":{"@id":"https:\/\/infocul.pt\/arquivo\/cultura\/teatro-experimental-de-cascais-retoma-programacao-com-estreia-de-bruscamente-no-verao-passado\/#primaryimage"},"image":{"@id":"https:\/\/infocul.pt\/arquivo\/cultura\/teatro-experimental-de-cascais-retoma-programacao-com-estreia-de-bruscamente-no-verao-passado\/#primaryimage"},"thumbnailUrl":"https:\/\/infocul.pt\/arquivo\/wp-content\/uploads\/2020\/06\/transferir-1-1.jpg","datePublished":"2020-06-22T13:26:58+00:00","description":"Teatro Experimental de Cascais retoma programa\u00e7\u00e3o com estreia de \u201cBruscamente no Ver\u00e3o Passado\u201d | Infocul.pt - Arquivo Digital","breadcrumb":{"@id":"https:\/\/infocul.pt\/arquivo\/cultura\/teatro-experimental-de-cascais-retoma-programacao-com-estreia-de-bruscamente-no-verao-passado\/#breadcrumb"},"inLanguage":"pt-PT","potentialAction":[{"@type":"ReadAction","target":["https:\/\/infocul.pt\/arquivo\/cultura\/teatro-experimental-de-cascais-retoma-programacao-com-estreia-de-bruscamente-no-verao-passado\/"]}]},{"@type":"ImageObject","inLanguage":"pt-PT","@id":"https:\/\/infocul.pt\/arquivo\/cultura\/teatro-experimental-de-cascais-retoma-programacao-com-estreia-de-bruscamente-no-verao-passado\/#primaryimage","url":"https:\/\/infocul.pt\/arquivo\/wp-content\/uploads\/2020\/06\/transferir-1-1.jpg","contentUrl":"https:\/\/infocul.pt\/arquivo\/wp-content\/uploads\/2020\/06\/transferir-1-1.jpg","width":213,"height":237},{"@type":"BreadcrumbList","@id":"https:\/\/infocul.pt\/arquivo\/cultura\/teatro-experimental-de-cascais-retoma-programacao-com-estreia-de-bruscamente-no-verao-passado\/#breadcrumb","itemListElement":[{"@type":"ListItem","position":1,"name":"Home","item":"https:\/\/infocul.pt\/arquivo\/"},{"@type":"ListItem","position":2,"name":"Teatro Experimental de Cascais retoma programa\u00e7\u00e3o com estreia de \u201cBruscamente no Ver\u00e3o Passado\u201d"}]},{"@type":"WebSite","@id":"https:\/\/infocul.pt\/arquivo\/#website","url":"https:\/\/infocul.pt\/arquivo\/","name":"Infocul.pt - Arquivo Digital","description":"Arquivo digital da Infocul.pt","publisher":{"@id":"https:\/\/infocul.pt\/arquivo\/#organization"},"potentialAction":[{"@type":"SearchAction","target":{"@type":"EntryPoint","urlTemplate":"https:\/\/infocul.pt\/arquivo\/?s={search_term_string}"},"query-input":{"@type":"PropertyValueSpecification","valueRequired":true,"valueName":"search_term_string"}}],"inLanguage":"pt-PT"},{"@type":"Organization","@id":"https:\/\/infocul.pt\/arquivo\/#organization","name":"Infocul.pt","url":"https:\/\/infocul.pt\/arquivo\/","logo":{"@type":"ImageObject","inLanguage":"pt-PT","@id":"https:\/\/infocul.pt\/arquivo\/#\/schema\/logo\/image\/","url":"https:\/\/infocul.pt\/arquivo\/wp-content\/uploads\/2018\/12\/Infocul_logo-1.png","contentUrl":"https:\/\/infocul.pt\/arquivo\/wp-content\/uploads\/2018\/12\/Infocul_logo-1.png","width":800,"height":800,"caption":"Infocul.pt"},"image":{"@id":"https:\/\/infocul.pt\/arquivo\/#\/schema\/logo\/image\/"},"sameAs":["https:\/\/www.facebook.com\/Infocul-147816815585015\/","https:\/\/x.com\/Infoculpt","http:\/\/www.pictaram.com\/user\/infocul.pt\/2370423710","https:\/\/www.youtube.com\/channel\/UCYEB91AGI9FL9ek2i_IaQAA"]},{"@type":"Person","@id":"https:\/\/infocul.pt\/arquivo\/#\/schema\/person\/f243f45ae8d67639120a7586884f3abc","name":"Redac\u00e7\u00e3o","image":{"@type":"ImageObject","inLanguage":"pt-PT","@id":"https:\/\/secure.gravatar.com\/avatar\/151b1b76c598ab5e749407223bd6c1bad4e41c4e95de3c3df83540ebee2deaf8?s=96&d=mm&r=g","url":"https:\/\/secure.gravatar.com\/avatar\/151b1b76c598ab5e749407223bd6c1bad4e41c4e95de3c3df83540ebee2deaf8?s=96&d=mm&r=g","contentUrl":"https:\/\/secure.gravatar.com\/avatar\/151b1b76c598ab5e749407223bd6c1bad4e41c4e95de3c3df83540ebee2deaf8?s=96&d=mm&r=g","caption":"Redac\u00e7\u00e3o"}}]}},"_links":{"self":[{"href":"https:\/\/infocul.pt\/arquivo\/wp-json\/wp\/v2\/posts\/74617","targetHints":{"allow":["GET"]}}],"collection":[{"href":"https:\/\/infocul.pt\/arquivo\/wp-json\/wp\/v2\/posts"}],"about":[{"href":"https:\/\/infocul.pt\/arquivo\/wp-json\/wp\/v2\/types\/post"}],"author":[{"embeddable":true,"href":"https:\/\/infocul.pt\/arquivo\/wp-json\/wp\/v2\/users\/13"}],"replies":[{"embeddable":true,"href":"https:\/\/infocul.pt\/arquivo\/wp-json\/wp\/v2\/comments?post=74617"}],"version-history":[{"count":0,"href":"https:\/\/infocul.pt\/arquivo\/wp-json\/wp\/v2\/posts\/74617\/revisions"}],"wp:featuredmedia":[{"embeddable":true,"href":"https:\/\/infocul.pt\/arquivo\/wp-json\/wp\/v2\/media\/74618"}],"wp:attachment":[{"href":"https:\/\/infocul.pt\/arquivo\/wp-json\/wp\/v2\/media?parent=74617"}],"wp:term":[{"taxonomy":"category","embeddable":true,"href":"https:\/\/infocul.pt\/arquivo\/wp-json\/wp\/v2\/categories?post=74617"},{"taxonomy":"post_tag","embeddable":true,"href":"https:\/\/infocul.pt\/arquivo\/wp-json\/wp\/v2\/tags?post=74617"}],"curies":[{"name":"wp","href":"https:\/\/api.w.org\/{rel}","templated":true}]}}