{"id":75013,"date":"2020-06-26T15:11:17","date_gmt":"2020-06-26T14:11:17","guid":{"rendered":"https:\/\/infocul.pt\/?p=75013"},"modified":"2020-06-26T19:08:18","modified_gmt":"2020-06-26T18:08:18","slug":"chakallices-o-verao-do-nosso-desconfinamento","status":"publish","type":"post","link":"https:\/\/infocul.pt\/arquivo\/actualidade\/chakallices-o-verao-do-nosso-desconfinamento\/","title":{"rendered":"Chakallices: O ver\u00e3o do nosso desconfinamento"},"content":{"rendered":"<p><img decoding=\"async\" class=\"aligncenter wp-image-60124 size-full lazyload\" data-src=\"https:\/\/infocul.pt\/arquivo\/wp-content\/uploads\/2019\/09\/Banner-Chakallices.png\" alt=\"\" width=\"800\" height=\"445\" data-srcset=\"https:\/\/infocul.pt\/arquivo\/wp-content\/uploads\/2019\/09\/Banner-Chakallices.png 800w, https:\/\/infocul.pt\/arquivo\/wp-content\/uploads\/2019\/09\/Banner-Chakallices-300x167.png 300w, https:\/\/infocul.pt\/arquivo\/wp-content\/uploads\/2019\/09\/Banner-Chakallices-768x427.png 768w\" data-sizes=\"(max-width: 800px) 100vw, 800px\" src=\"data:image\/svg+xml;base64,PHN2ZyB3aWR0aD0iMSIgaGVpZ2h0PSIxIiB4bWxucz0iaHR0cDovL3d3dy53My5vcmcvMjAwMC9zdmciPjwvc3ZnPg==\" style=\"--smush-placeholder-width: 800px; --smush-placeholder-aspect-ratio: 800\/445;\" \/><\/p>\n<p>Dois meses se passaram desde que vos escrevi pela \u00faltima vez. Est\u00e1vamos em Abril em plena fase de confinamento, fechados em casa, escolas fechadas, restaurantes fechados&#8230; a vida aparentemente suspensa!<!--more--><br \/>\nDe l\u00e1 para c\u00e1 temos vindo, gradualmente, a desconfinar. Aos poucos retomamos alguma da normalidade perdida. E se ficar em casa foi um desafio, voltar \u00e0 rua \u00e9 outro talvez ainda maior, sobretudo numa fase em que ainda h\u00e1 muitos cuidados a ter, ainda temos muitas restri\u00e7\u00f5es e ainda sabemos t\u00e3o pouco sobre o futuro&#8230;<\/p>\n<p>No que me diz directamente respeito j\u00e1 reabri grande parte dos espa\u00e7os de restaura\u00e7\u00e3o dos quais sou respons\u00e1vel. Falta apenas um que por ser sazonal e na praia, ter\u00e1 honras de abertura apenas em julho (falo do restaurante em Santo Andr\u00e9, no Alentejo).<\/p>\n<p>E que gostaria eu de partilhar convosco agora? Talvez um pouco daquilo que todo este per\u00edodo transformou ou, nalguns casos, reiterou.<\/p>\n<p>Quem me segue nas redes sociais percebeu que durante a fase de confinamento e estado de emerg\u00eancia em que o pa\u00eds, e o mundo, mergulhou me mudei de armas e bagagens para a zona Oeste, onde j\u00e1 havia vivido durante 11 anos. Quis o destino que h\u00e1 uns anos se tornasse imposs\u00edvel viver ali e ao mesmo tempo corresponder a todos os compromissos que tinha, quer em Lisboa, mas sobretudo internacionalmente e que me \u201cobrigavam\u201d a fazer uma m\u00e9dia de 150 voos por ano. Perguntar-me-\u00e1 o leitor se tenho saudades de viajar&#8230;? Tenho! Mas, tamb\u00e9m \u00e9 um facto indesment\u00edvel que esta paragem me obrigou tamb\u00e9m a fazer uma pausa, \u201cguardar\u201d o passaporte por tempo indeterminado. Se me falta a adrenalina? Sim, tamb\u00e9m, mas como n\u00e3o consigo estar quieto rapidamente encontro motivos de agita\u00e7\u00e3o em terra tamb\u00e9m.<\/p>\n<p>E na verdade, acab\u00e1mos todos por descobrir que h\u00e1 muitas coisas que se podem fazer sem viajar. Quantas reuni\u00f5es tiveram neste per\u00edodo apenas com recurso a uma liga\u00e7\u00e3o internet e um computador ou mesmo um telem\u00f3vel? Quanto tempo (e energia) pouparam em cada uma delas? N\u00e3o sentiram, como eu, que produziram mais neste per\u00edodo? Que por poupar tempo em desloca\u00e7\u00f5es in\u00fateis se tornaram mais produtivos e se calhar at\u00e9 mais dispon\u00edveis para a criatividade? Por muito que eu goste de viajar (e \u00e9 uma das minhas paix\u00f5es de vida!) se calhar vou pensar duas vezes na utilidade de cada uma das pr\u00f3ximas viagens que tiver que fazer? Tenho mesmo que ir? H\u00e1 alternativas digitais \u00e0quilo que vou fazer? Esta viagem vai dar-me algum prazer ou valor acrescido?<\/p>\n<p>Quer isto dizer que a vida muda a qualquer instante, que n\u00e3o controlamos grande parte das coisas. E, apesar de sentir falta de algumas coisas, tamb\u00e9m \u00e9 um facto que este per\u00edodo serviu para reflectir, acalmar, desfrutar daquilo que temos connosco, dar mais tempo \u00e0 fam\u00edlia (e que desafio foi para todos esta \u201cimposi\u00e7\u00e3o\u201d familiar 24\/7, verdade?).<\/p>\n<p>Voltar ao Oeste tamb\u00e9m refor\u00e7ou a minha j\u00e1 existente rela\u00e7\u00e3o com os produtores nacionais. Para mim nunca foi uma moda passageira, sempre foi uma atitude concreta. Agora mais vincada, \u00e9 certo, mas no fundo uma continua\u00e7\u00e3o daquilo que sempre defendi. Temos tudo \u00e0 nossa volta, temos produtores e produtos nacionais fant\u00e1sticos e este per\u00edodo s\u00f3 refor\u00e7ou a minha paix\u00e3o por um pa\u00eds com tanto para dar, com tantos produtos de excel\u00eancia para serem utilizados em casa, pelas fam\u00edlias, ou nos restaurantes, pelos chefs e cozinheiros por esse pa\u00eds fora.<\/p>\n<p>O leitor se calhar a esta altura pergunta se foi (ou \u00e9) tudo bom neste cen\u00e1rio pand\u00e9mico e se s\u00f3 tenho coisas positivas a apontar. A resposta \u00e9 simples: N\u00c3O! Os desafios que se colocam no momento presente na gest\u00e3o dos v\u00e1rios espa\u00e7os de restaura\u00e7\u00e3o dos quais sou respons\u00e1vel, a gest\u00e3o de equipas e garantir que na medida do poss\u00edvel n\u00e3o h\u00e1 danos colaterais (leia-se, despedimentos, encerramento de espa\u00e7os, etc) \u00e9 a parte dif\u00edcil no meio disto tudo. Com regras que mudam todos os dias, com apoios nem sempre adequados ao cen\u00e1rio econ\u00f3mico que enfrentamos, com muitas dificuldades para ser objectivo e assertivo num tempo em que tanta coisa \u00e9 ainda desconhecida por e para todos.<\/p>\n<p>Mas, escolho sempre olhar para as vantagens, valorizar o que h\u00e1 de positivo nas coisas e isso ajuda-me sempre a ultrapassar as poss\u00edveis adversidades. Penso que esse \u00e9 um desafio constante na minha vida, foi sempre assim que encarei o meu caminho e este per\u00edodo s\u00f3 veio vincar ainda mais esse meu esp\u00edrito. A todos n\u00f3s creio que este per\u00edodo veio trazer algumas reflex\u00f5es positivas. Aos leitores deixo uma palavra para os pr\u00f3ximos tempos: CORAGEM! Estamos juntos!<\/p>\n","protected":false},"excerpt":{"rendered":"<p>Dois meses se passaram desde que vos escrevi pela \u00faltima vez. Est\u00e1vamos em Abril em plena fase de confinamento, fechados em casa, escolas fechadas, restaurantes fechados&#8230; a vida aparentemente suspensa!<\/p>\n","protected":false},"author":19,"featured_media":60124,"comment_status":"open","ping_status":"closed","sticky":false,"template":"","format":"standard","meta":{"footnotes":""},"categories":[10,36,4121,13],"tags":[4132,7780],"class_list":["post-75013","post","type-post","status-publish","format-standard","has-post-thumbnail","hentry","category-actualidade","category-destaque","category-opiniao","category-turismo","tag-chakall","tag-chakallices"],"yoast_head":"<!-- This site is optimized with the Yoast SEO plugin v27.5 - https:\/\/yoast.com\/product\/yoast-seo-wordpress\/ -->\n<title>Chakallices: O ver\u00e3o do nosso desconfinamento | Infocul.pt - Arquivo Digital<\/title>\n<meta name=\"description\" content=\"Chakallices: O ver\u00e3o do nosso desconfinamento | Infocul.pt - Arquivo Digital\" \/>\n<meta name=\"robots\" content=\"noindex, follow, max-snippet:-1, max-image-preview:large, max-video-preview:-1\" \/>\n<meta property=\"og:locale\" content=\"pt_PT\" \/>\n<meta property=\"og:type\" content=\"article\" \/>\n<meta property=\"og:title\" content=\"Chakallices: O ver\u00e3o do nosso desconfinamento | Infocul.pt - Arquivo Digital\" \/>\n<meta property=\"og:description\" content=\"Chakallices: O ver\u00e3o do nosso desconfinamento | Infocul.pt - Arquivo Digital\" \/>\n<meta property=\"og:url\" content=\"https:\/\/infocul.pt\/arquivo\/actualidade\/chakallices-o-verao-do-nosso-desconfinamento\/\" \/>\n<meta property=\"og:site_name\" content=\"Infocul.pt - Arquivo Digital\" \/>\n<meta property=\"article:publisher\" content=\"https:\/\/www.facebook.com\/Infocul-147816815585015\/\" \/>\n<meta property=\"article:published_time\" content=\"2020-06-26T14:11:17+00:00\" \/>\n<meta property=\"article:modified_time\" content=\"2020-06-26T18:08:18+00:00\" \/>\n<meta property=\"og:image\" content=\"https:\/\/infocul.pt\/arquivo\/wp-content\/uploads\/2019\/09\/Banner-Chakallices.png\" \/>\n\t<meta property=\"og:image:width\" content=\"800\" \/>\n\t<meta property=\"og:image:height\" content=\"445\" \/>\n\t<meta property=\"og:image:type\" content=\"image\/png\" \/>\n<meta name=\"author\" content=\"Chakall\" \/>\n<meta name=\"twitter:card\" content=\"summary_large_image\" \/>\n<meta name=\"twitter:creator\" content=\"@Infoculpt\" \/>\n<meta name=\"twitter:site\" content=\"@Infoculpt\" \/>\n<meta name=\"twitter:label1\" content=\"Escrito por\" \/>\n\t<meta name=\"twitter:data1\" content=\"Chakall\" \/>\n\t<meta name=\"twitter:label2\" content=\"Tempo estimado de leitura\" \/>\n\t<meta name=\"twitter:data2\" content=\"4 minutos\" \/>\n<script type=\"application\/ld+json\" class=\"yoast-schema-graph\">{\"@context\":\"https:\\\/\\\/schema.org\",\"@graph\":[{\"@type\":\"Article\",\"@id\":\"https:\\\/\\\/infocul.pt\\\/arquivo\\\/actualidade\\\/chakallices-o-verao-do-nosso-desconfinamento\\\/#article\",\"isPartOf\":{\"@id\":\"https:\\\/\\\/infocul.pt\\\/arquivo\\\/actualidade\\\/chakallices-o-verao-do-nosso-desconfinamento\\\/\"},\"author\":{\"name\":\"Chakall\",\"@id\":\"https:\\\/\\\/infocul.pt\\\/arquivo\\\/#\\\/schema\\\/person\\\/a69022b7d063b56a939dff966f678168\"},\"headline\":\"Chakallices: O ver\u00e3o do nosso desconfinamento\",\"datePublished\":\"2020-06-26T14:11:17+00:00\",\"dateModified\":\"2020-06-26T18:08:18+00:00\",\"mainEntityOfPage\":{\"@id\":\"https:\\\/\\\/infocul.pt\\\/arquivo\\\/actualidade\\\/chakallices-o-verao-do-nosso-desconfinamento\\\/\"},\"wordCount\":811,\"commentCount\":0,\"publisher\":{\"@id\":\"https:\\\/\\\/infocul.pt\\\/arquivo\\\/#organization\"},\"image\":{\"@id\":\"https:\\\/\\\/infocul.pt\\\/arquivo\\\/actualidade\\\/chakallices-o-verao-do-nosso-desconfinamento\\\/#primaryimage\"},\"thumbnailUrl\":\"https:\\\/\\\/infocul.pt\\\/arquivo\\\/wp-content\\\/uploads\\\/2019\\\/09\\\/Banner-Chakallices.png\",\"keywords\":[\"Chakall\",\"Chakallices\"],\"articleSection\":[\"Actualidade\",\"Destaque\",\"Opini\u00e3o\",\"Turismo\"],\"inLanguage\":\"pt-PT\"},{\"@type\":\"WebPage\",\"@id\":\"https:\\\/\\\/infocul.pt\\\/arquivo\\\/actualidade\\\/chakallices-o-verao-do-nosso-desconfinamento\\\/\",\"url\":\"https:\\\/\\\/infocul.pt\\\/arquivo\\\/actualidade\\\/chakallices-o-verao-do-nosso-desconfinamento\\\/\",\"name\":\"Chakallices: O ver\u00e3o do nosso desconfinamento | Infocul.pt - Arquivo Digital\",\"isPartOf\":{\"@id\":\"https:\\\/\\\/infocul.pt\\\/arquivo\\\/#website\"},\"primaryImageOfPage\":{\"@id\":\"https:\\\/\\\/infocul.pt\\\/arquivo\\\/actualidade\\\/chakallices-o-verao-do-nosso-desconfinamento\\\/#primaryimage\"},\"image\":{\"@id\":\"https:\\\/\\\/infocul.pt\\\/arquivo\\\/actualidade\\\/chakallices-o-verao-do-nosso-desconfinamento\\\/#primaryimage\"},\"thumbnailUrl\":\"https:\\\/\\\/infocul.pt\\\/arquivo\\\/wp-content\\\/uploads\\\/2019\\\/09\\\/Banner-Chakallices.png\",\"datePublished\":\"2020-06-26T14:11:17+00:00\",\"dateModified\":\"2020-06-26T18:08:18+00:00\",\"description\":\"Chakallices: O ver\u00e3o do nosso desconfinamento | Infocul.pt - Arquivo Digital\",\"breadcrumb\":{\"@id\":\"https:\\\/\\\/infocul.pt\\\/arquivo\\\/actualidade\\\/chakallices-o-verao-do-nosso-desconfinamento\\\/#breadcrumb\"},\"inLanguage\":\"pt-PT\",\"potentialAction\":[{\"@type\":\"ReadAction\",\"target\":[\"https:\\\/\\\/infocul.pt\\\/arquivo\\\/actualidade\\\/chakallices-o-verao-do-nosso-desconfinamento\\\/\"]}]},{\"@type\":\"ImageObject\",\"inLanguage\":\"pt-PT\",\"@id\":\"https:\\\/\\\/infocul.pt\\\/arquivo\\\/actualidade\\\/chakallices-o-verao-do-nosso-desconfinamento\\\/#primaryimage\",\"url\":\"https:\\\/\\\/infocul.pt\\\/arquivo\\\/wp-content\\\/uploads\\\/2019\\\/09\\\/Banner-Chakallices.png\",\"contentUrl\":\"https:\\\/\\\/infocul.pt\\\/arquivo\\\/wp-content\\\/uploads\\\/2019\\\/09\\\/Banner-Chakallices.png\",\"width\":800,\"height\":445},{\"@type\":\"BreadcrumbList\",\"@id\":\"https:\\\/\\\/infocul.pt\\\/arquivo\\\/actualidade\\\/chakallices-o-verao-do-nosso-desconfinamento\\\/#breadcrumb\",\"itemListElement\":[{\"@type\":\"ListItem\",\"position\":1,\"name\":\"Home\",\"item\":\"https:\\\/\\\/infocul.pt\\\/arquivo\\\/\"},{\"@type\":\"ListItem\",\"position\":2,\"name\":\"Chakallices: O ver\u00e3o do nosso desconfinamento\"}]},{\"@type\":\"WebSite\",\"@id\":\"https:\\\/\\\/infocul.pt\\\/arquivo\\\/#website\",\"url\":\"https:\\\/\\\/infocul.pt\\\/arquivo\\\/\",\"name\":\"Infocul.pt - Arquivo Digital\",\"description\":\"Arquivo digital da Infocul.pt\",\"publisher\":{\"@id\":\"https:\\\/\\\/infocul.pt\\\/arquivo\\\/#organization\"},\"potentialAction\":[{\"@type\":\"SearchAction\",\"target\":{\"@type\":\"EntryPoint\",\"urlTemplate\":\"https:\\\/\\\/infocul.pt\\\/arquivo\\\/?s={search_term_string}\"},\"query-input\":{\"@type\":\"PropertyValueSpecification\",\"valueRequired\":true,\"valueName\":\"search_term_string\"}}],\"inLanguage\":\"pt-PT\"},{\"@type\":\"Organization\",\"@id\":\"https:\\\/\\\/infocul.pt\\\/arquivo\\\/#organization\",\"name\":\"Infocul.pt\",\"url\":\"https:\\\/\\\/infocul.pt\\\/arquivo\\\/\",\"logo\":{\"@type\":\"ImageObject\",\"inLanguage\":\"pt-PT\",\"@id\":\"https:\\\/\\\/infocul.pt\\\/arquivo\\\/#\\\/schema\\\/logo\\\/image\\\/\",\"url\":\"https:\\\/\\\/infocul.pt\\\/arquivo\\\/wp-content\\\/uploads\\\/2018\\\/12\\\/Infocul_logo-1.png\",\"contentUrl\":\"https:\\\/\\\/infocul.pt\\\/arquivo\\\/wp-content\\\/uploads\\\/2018\\\/12\\\/Infocul_logo-1.png\",\"width\":800,\"height\":800,\"caption\":\"Infocul.pt\"},\"image\":{\"@id\":\"https:\\\/\\\/infocul.pt\\\/arquivo\\\/#\\\/schema\\\/logo\\\/image\\\/\"},\"sameAs\":[\"https:\\\/\\\/www.facebook.com\\\/Infocul-147816815585015\\\/\",\"https:\\\/\\\/x.com\\\/Infoculpt\",\"http:\\\/\\\/www.pictaram.com\\\/user\\\/infocul.pt\\\/2370423710\",\"https:\\\/\\\/www.youtube.com\\\/channel\\\/UCYEB91AGI9FL9ek2i_IaQAA\"]},{\"@type\":\"Person\",\"@id\":\"https:\\\/\\\/infocul.pt\\\/arquivo\\\/#\\\/schema\\\/person\\\/a69022b7d063b56a939dff966f678168\",\"name\":\"Chakall\",\"image\":{\"@type\":\"ImageObject\",\"inLanguage\":\"pt-PT\",\"@id\":\"https:\\\/\\\/secure.gravatar.com\\\/avatar\\\/83e425cd3eed9b1d04a948ea0722eeaf22c65d43abb0896661f053e4a14bbf75?s=96&d=mm&r=g\",\"url\":\"https:\\\/\\\/secure.gravatar.com\\\/avatar\\\/83e425cd3eed9b1d04a948ea0722eeaf22c65d43abb0896661f053e4a14bbf75?s=96&d=mm&r=g\",\"contentUrl\":\"https:\\\/\\\/secure.gravatar.com\\\/avatar\\\/83e425cd3eed9b1d04a948ea0722eeaf22c65d43abb0896661f053e4a14bbf75?s=96&d=mm&r=g\",\"caption\":\"Chakall\"}}]}<\/script>\n<!-- \/ Yoast SEO plugin. -->","yoast_head_json":{"title":"Chakallices: O ver\u00e3o do nosso desconfinamento | Infocul.pt - Arquivo Digital","description":"Chakallices: O ver\u00e3o do nosso desconfinamento | Infocul.pt - Arquivo Digital","robots":{"index":"noindex","follow":"follow","max-snippet":"max-snippet:-1","max-image-preview":"max-image-preview:large","max-video-preview":"max-video-preview:-1"},"og_locale":"pt_PT","og_type":"article","og_title":"Chakallices: O ver\u00e3o do nosso desconfinamento | Infocul.pt - Arquivo Digital","og_description":"Chakallices: O ver\u00e3o do nosso desconfinamento | Infocul.pt - Arquivo Digital","og_url":"https:\/\/infocul.pt\/arquivo\/actualidade\/chakallices-o-verao-do-nosso-desconfinamento\/","og_site_name":"Infocul.pt - Arquivo Digital","article_publisher":"https:\/\/www.facebook.com\/Infocul-147816815585015\/","article_published_time":"2020-06-26T14:11:17+00:00","article_modified_time":"2020-06-26T18:08:18+00:00","og_image":[{"width":800,"height":445,"url":"https:\/\/infocul.pt\/arquivo\/wp-content\/uploads\/2019\/09\/Banner-Chakallices.png","type":"image\/png"}],"author":"Chakall","twitter_card":"summary_large_image","twitter_creator":"@Infoculpt","twitter_site":"@Infoculpt","twitter_misc":{"Escrito por":"Chakall","Tempo estimado de leitura":"4 minutos"},"schema":{"@context":"https:\/\/schema.org","@graph":[{"@type":"Article","@id":"https:\/\/infocul.pt\/arquivo\/actualidade\/chakallices-o-verao-do-nosso-desconfinamento\/#article","isPartOf":{"@id":"https:\/\/infocul.pt\/arquivo\/actualidade\/chakallices-o-verao-do-nosso-desconfinamento\/"},"author":{"name":"Chakall","@id":"https:\/\/infocul.pt\/arquivo\/#\/schema\/person\/a69022b7d063b56a939dff966f678168"},"headline":"Chakallices: O ver\u00e3o do nosso desconfinamento","datePublished":"2020-06-26T14:11:17+00:00","dateModified":"2020-06-26T18:08:18+00:00","mainEntityOfPage":{"@id":"https:\/\/infocul.pt\/arquivo\/actualidade\/chakallices-o-verao-do-nosso-desconfinamento\/"},"wordCount":811,"commentCount":0,"publisher":{"@id":"https:\/\/infocul.pt\/arquivo\/#organization"},"image":{"@id":"https:\/\/infocul.pt\/arquivo\/actualidade\/chakallices-o-verao-do-nosso-desconfinamento\/#primaryimage"},"thumbnailUrl":"https:\/\/infocul.pt\/arquivo\/wp-content\/uploads\/2019\/09\/Banner-Chakallices.png","keywords":["Chakall","Chakallices"],"articleSection":["Actualidade","Destaque","Opini\u00e3o","Turismo"],"inLanguage":"pt-PT"},{"@type":"WebPage","@id":"https:\/\/infocul.pt\/arquivo\/actualidade\/chakallices-o-verao-do-nosso-desconfinamento\/","url":"https:\/\/infocul.pt\/arquivo\/actualidade\/chakallices-o-verao-do-nosso-desconfinamento\/","name":"Chakallices: O ver\u00e3o do nosso desconfinamento | Infocul.pt - Arquivo Digital","isPartOf":{"@id":"https:\/\/infocul.pt\/arquivo\/#website"},"primaryImageOfPage":{"@id":"https:\/\/infocul.pt\/arquivo\/actualidade\/chakallices-o-verao-do-nosso-desconfinamento\/#primaryimage"},"image":{"@id":"https:\/\/infocul.pt\/arquivo\/actualidade\/chakallices-o-verao-do-nosso-desconfinamento\/#primaryimage"},"thumbnailUrl":"https:\/\/infocul.pt\/arquivo\/wp-content\/uploads\/2019\/09\/Banner-Chakallices.png","datePublished":"2020-06-26T14:11:17+00:00","dateModified":"2020-06-26T18:08:18+00:00","description":"Chakallices: O ver\u00e3o do nosso desconfinamento | Infocul.pt - Arquivo Digital","breadcrumb":{"@id":"https:\/\/infocul.pt\/arquivo\/actualidade\/chakallices-o-verao-do-nosso-desconfinamento\/#breadcrumb"},"inLanguage":"pt-PT","potentialAction":[{"@type":"ReadAction","target":["https:\/\/infocul.pt\/arquivo\/actualidade\/chakallices-o-verao-do-nosso-desconfinamento\/"]}]},{"@type":"ImageObject","inLanguage":"pt-PT","@id":"https:\/\/infocul.pt\/arquivo\/actualidade\/chakallices-o-verao-do-nosso-desconfinamento\/#primaryimage","url":"https:\/\/infocul.pt\/arquivo\/wp-content\/uploads\/2019\/09\/Banner-Chakallices.png","contentUrl":"https:\/\/infocul.pt\/arquivo\/wp-content\/uploads\/2019\/09\/Banner-Chakallices.png","width":800,"height":445},{"@type":"BreadcrumbList","@id":"https:\/\/infocul.pt\/arquivo\/actualidade\/chakallices-o-verao-do-nosso-desconfinamento\/#breadcrumb","itemListElement":[{"@type":"ListItem","position":1,"name":"Home","item":"https:\/\/infocul.pt\/arquivo\/"},{"@type":"ListItem","position":2,"name":"Chakallices: O ver\u00e3o do nosso desconfinamento"}]},{"@type":"WebSite","@id":"https:\/\/infocul.pt\/arquivo\/#website","url":"https:\/\/infocul.pt\/arquivo\/","name":"Infocul.pt - Arquivo Digital","description":"Arquivo digital da Infocul.pt","publisher":{"@id":"https:\/\/infocul.pt\/arquivo\/#organization"},"potentialAction":[{"@type":"SearchAction","target":{"@type":"EntryPoint","urlTemplate":"https:\/\/infocul.pt\/arquivo\/?s={search_term_string}"},"query-input":{"@type":"PropertyValueSpecification","valueRequired":true,"valueName":"search_term_string"}}],"inLanguage":"pt-PT"},{"@type":"Organization","@id":"https:\/\/infocul.pt\/arquivo\/#organization","name":"Infocul.pt","url":"https:\/\/infocul.pt\/arquivo\/","logo":{"@type":"ImageObject","inLanguage":"pt-PT","@id":"https:\/\/infocul.pt\/arquivo\/#\/schema\/logo\/image\/","url":"https:\/\/infocul.pt\/arquivo\/wp-content\/uploads\/2018\/12\/Infocul_logo-1.png","contentUrl":"https:\/\/infocul.pt\/arquivo\/wp-content\/uploads\/2018\/12\/Infocul_logo-1.png","width":800,"height":800,"caption":"Infocul.pt"},"image":{"@id":"https:\/\/infocul.pt\/arquivo\/#\/schema\/logo\/image\/"},"sameAs":["https:\/\/www.facebook.com\/Infocul-147816815585015\/","https:\/\/x.com\/Infoculpt","http:\/\/www.pictaram.com\/user\/infocul.pt\/2370423710","https:\/\/www.youtube.com\/channel\/UCYEB91AGI9FL9ek2i_IaQAA"]},{"@type":"Person","@id":"https:\/\/infocul.pt\/arquivo\/#\/schema\/person\/a69022b7d063b56a939dff966f678168","name":"Chakall","image":{"@type":"ImageObject","inLanguage":"pt-PT","@id":"https:\/\/secure.gravatar.com\/avatar\/83e425cd3eed9b1d04a948ea0722eeaf22c65d43abb0896661f053e4a14bbf75?s=96&d=mm&r=g","url":"https:\/\/secure.gravatar.com\/avatar\/83e425cd3eed9b1d04a948ea0722eeaf22c65d43abb0896661f053e4a14bbf75?s=96&d=mm&r=g","contentUrl":"https:\/\/secure.gravatar.com\/avatar\/83e425cd3eed9b1d04a948ea0722eeaf22c65d43abb0896661f053e4a14bbf75?s=96&d=mm&r=g","caption":"Chakall"}}]}},"_links":{"self":[{"href":"https:\/\/infocul.pt\/arquivo\/wp-json\/wp\/v2\/posts\/75013","targetHints":{"allow":["GET"]}}],"collection":[{"href":"https:\/\/infocul.pt\/arquivo\/wp-json\/wp\/v2\/posts"}],"about":[{"href":"https:\/\/infocul.pt\/arquivo\/wp-json\/wp\/v2\/types\/post"}],"author":[{"embeddable":true,"href":"https:\/\/infocul.pt\/arquivo\/wp-json\/wp\/v2\/users\/19"}],"replies":[{"embeddable":true,"href":"https:\/\/infocul.pt\/arquivo\/wp-json\/wp\/v2\/comments?post=75013"}],"version-history":[{"count":0,"href":"https:\/\/infocul.pt\/arquivo\/wp-json\/wp\/v2\/posts\/75013\/revisions"}],"wp:featuredmedia":[{"embeddable":true,"href":"https:\/\/infocul.pt\/arquivo\/wp-json\/wp\/v2\/media\/60124"}],"wp:attachment":[{"href":"https:\/\/infocul.pt\/arquivo\/wp-json\/wp\/v2\/media?parent=75013"}],"wp:term":[{"taxonomy":"category","embeddable":true,"href":"https:\/\/infocul.pt\/arquivo\/wp-json\/wp\/v2\/categories?post=75013"},{"taxonomy":"post_tag","embeddable":true,"href":"https:\/\/infocul.pt\/arquivo\/wp-json\/wp\/v2\/tags?post=75013"}],"curies":[{"name":"wp","href":"https:\/\/api.w.org\/{rel}","templated":true}]}}