{"id":7525,"date":"2016-05-07T10:44:17","date_gmt":"2016-05-07T10:44:17","guid":{"rendered":"http:\/\/infocul.pt\/?p=7525"},"modified":"2016-05-09T08:22:05","modified_gmt":"2016-05-09T08:22:05","slug":"afonso-lagarto-conheca-o-nando-de-rainha-das-flores","status":"publish","type":"post","link":"https:\/\/infocul.pt\/arquivo\/actualidade\/afonso-lagarto-conheca-o-nando-de-rainha-das-flores\/","title":{"rendered":"Afonso Lagarto: Conhe\u00e7a o Nando de Rainha das Flores"},"content":{"rendered":"<p>\t<img decoding=\"async\" width=\"600\" height=\"400\" class=\"so-widget-image lazyload\" style=\"--smush-placeholder-width: 600px; --smush-placeholder-aspect-ratio: 600\/400;height: auto; display: block; max-width: 100%;\" data-src=\"http:\/\/infocul.pt\/wp-content\/uploads\/2016\/04\/Rainha-das-Flores-01.jpg\" src=\"data:image\/svg+xml;base64,PHN2ZyB3aWR0aD0iMSIgaGVpZ2h0PSIxIiB4bWxucz0iaHR0cDovL3d3dy53My5vcmcvMjAwMC9zdmciPjwvc3ZnPg==\"><\/p>\n<h3>Vive na Madeira e acredita, para al\u00e9m das tenta\u00e7\u00f5es, que h\u00e1 amores que nascem puros e duram uma vida inteira. O seu primeiro grande amor foi a prima mas teve um final digno de William Shakespeare quando esta se mudou para Lisboa com o dinheiro dele sem nunca ter dado satisfa\u00e7\u00f5es.<\/h3>\n<p>Nando trabalha como guia tur\u00edstico no Funchal e \u00e9 dono de um palheiro que aluga para turismo. Quando a prima voltar para a Madeira vai voltar a engana-lo mas desta vez ele ser\u00e1 mais esperto e vai persegui-la at\u00e9 Lisboa para cobrar tudo o que esta lhe deve. Na capital vai conhecer a Renata ( Sara Salgado).<\/p>\n<p>&nbsp;<\/p>\n<p>&nbsp;<\/p>\n<p>Para al\u00e9m do trabalho como actor, Afonso Lagarto faz parte da Brass Wires Orchestra. &#8220;<strong>O teatro e a representa\u00e7\u00e3o vivem muito de ritmo. As cenas t\u00eam que ter um ritmo pr\u00f3prio. A m\u00fasica pauta-se muito por isso. Na m\u00fasica e nos concertos ao vivo existe um pouco de acting. N\u00f3s temos que estar fora de n\u00f3s, temos que criar uma persona no palco que est\u00e1 a tocar para o p\u00fablico. Estou muito feliz com este projecto. Estas s\u00e3o as profiss\u00f5es que escolhi mesmo que por vezes seja algo complicado neste pa\u00eds ter uma carreira. \u00c9 algo inst\u00e1vel mas felizmente tenho tido um percurso bastante bom<\/strong>&#8220;, conta Afonso Lagarto.<\/p>\n<p>&nbsp;<\/p>\n<p>&nbsp;<\/p>\n<p>Durante a grava\u00e7\u00e3o da novela, o actor vai ter que conciliar com os ensaios e espect\u00e1culos da banda. &#8220;<strong>Esperemos que d\u00ea para conciliar. Para j\u00e1 n\u00e3o tenho mais nenhum projecto em mente<\/strong>&#8220;, diz Afonso Lagarto.<\/p>\n<p>&nbsp;<\/p>\n<p>&nbsp;<\/p>\n<p>Rainha das Flores&#8221; estreia, para o lugar de Poderosas, a 9 de Maio, na SIC.<\/p>\n","protected":false},"excerpt":{"rendered":"<p>Vive na Madeira e acredita, para al\u00e9m das tenta\u00e7\u00f5es, que h\u00e1 amores que nascem puros e duram uma vida inteira. O seu primeiro grande amor foi a prima mas teve um final digno de William Shakespeare quando esta se mudou para Lisboa com o dinheiro dele sem nunca ter dado satisfa\u00e7\u00f5es. Nando trabalha como guia [&hellip;]<\/p>\n","protected":false},"author":13,"featured_media":5466,"comment_status":"open","ping_status":"closed","sticky":false,"template":"","format":"standard","meta":{"footnotes":""},"categories":[10,14],"tags":[1290,838,534],"class_list":["post-7525","post","type-post","status-publish","format-standard","has-post-thumbnail","hentry","category-actualidade","category-televisao","tag-afonso-lagarto","tag-rainha-das-flores","tag-sic"],"yoast_head":"<!-- This site is optimized with the Yoast SEO plugin v27.4 - https:\/\/yoast.com\/product\/yoast-seo-wordpress\/ -->\n<title>Afonso Lagarto: Conhe\u00e7a o Nando de Rainha das Flores | Infocul.pt - Arquivo Digital<\/title>\n<meta name=\"description\" content=\"Afonso Lagarto: Conhe\u00e7a o Nando de Rainha das Flores | Infocul.pt - Arquivo Digital\" \/>\n<meta name=\"robots\" content=\"noindex, follow, max-snippet:-1, max-image-preview:large, max-video-preview:-1\" \/>\n<meta property=\"og:locale\" content=\"pt_PT\" \/>\n<meta property=\"og:type\" content=\"article\" \/>\n<meta property=\"og:title\" content=\"Afonso Lagarto: Conhe\u00e7a o Nando de Rainha das Flores | Infocul.pt - Arquivo Digital\" \/>\n<meta property=\"og:description\" content=\"Afonso Lagarto: Conhe\u00e7a o Nando de Rainha das Flores | Infocul.pt - Arquivo Digital\" \/>\n<meta property=\"og:url\" content=\"https:\/\/infocul.pt\/arquivo\/actualidade\/afonso-lagarto-conheca-o-nando-de-rainha-das-flores\/\" \/>\n<meta property=\"og:site_name\" content=\"Infocul.pt - Arquivo Digital\" \/>\n<meta property=\"article:publisher\" content=\"https:\/\/www.facebook.com\/Infocul-147816815585015\/\" \/>\n<meta property=\"article:published_time\" content=\"2016-05-07T10:44:17+00:00\" \/>\n<meta property=\"article:modified_time\" content=\"2016-05-09T08:22:05+00:00\" \/>\n<meta property=\"og:image\" content=\"https:\/\/infocul.pt\/arquivo\/wp-content\/uploads\/2016\/04\/Rainha-das-Flores-01.jpg\" \/>\n\t<meta property=\"og:image:width\" content=\"600\" \/>\n\t<meta property=\"og:image:height\" content=\"400\" \/>\n\t<meta property=\"og:image:type\" content=\"image\/jpeg\" \/>\n<meta name=\"author\" content=\"Redac\u00e7\u00e3o\" \/>\n<meta name=\"twitter:card\" content=\"summary_large_image\" \/>\n<meta name=\"twitter:creator\" content=\"@Infoculpt\" \/>\n<meta name=\"twitter:site\" content=\"@Infoculpt\" \/>\n<meta name=\"twitter:label1\" content=\"Escrito por\" \/>\n\t<meta name=\"twitter:data1\" content=\"Redac\u00e7\u00e3o\" \/>\n\t<meta name=\"twitter:label2\" content=\"Tempo estimado de leitura\" \/>\n\t<meta name=\"twitter:data2\" content=\"1 minuto\" \/>\n<script type=\"application\/ld+json\" class=\"yoast-schema-graph\">{\"@context\":\"https:\\\/\\\/schema.org\",\"@graph\":[{\"@type\":\"Article\",\"@id\":\"https:\\\/\\\/infocul.pt\\\/arquivo\\\/actualidade\\\/afonso-lagarto-conheca-o-nando-de-rainha-das-flores\\\/#article\",\"isPartOf\":{\"@id\":\"https:\\\/\\\/infocul.pt\\\/arquivo\\\/actualidade\\\/afonso-lagarto-conheca-o-nando-de-rainha-das-flores\\\/\"},\"author\":{\"name\":\"Redac\u00e7\u00e3o\",\"@id\":\"https:\\\/\\\/infocul.pt\\\/arquivo\\\/#\\\/schema\\\/person\\\/f243f45ae8d67639120a7586884f3abc\"},\"headline\":\"Afonso Lagarto: Conhe\u00e7a o Nando de Rainha das Flores\",\"datePublished\":\"2016-05-07T10:44:17+00:00\",\"dateModified\":\"2016-05-09T08:22:05+00:00\",\"mainEntityOfPage\":{\"@id\":\"https:\\\/\\\/infocul.pt\\\/arquivo\\\/actualidade\\\/afonso-lagarto-conheca-o-nando-de-rainha-das-flores\\\/\"},\"wordCount\":298,\"commentCount\":0,\"publisher\":{\"@id\":\"https:\\\/\\\/infocul.pt\\\/arquivo\\\/#organization\"},\"image\":{\"@id\":\"https:\\\/\\\/infocul.pt\\\/arquivo\\\/actualidade\\\/afonso-lagarto-conheca-o-nando-de-rainha-das-flores\\\/#primaryimage\"},\"thumbnailUrl\":\"https:\\\/\\\/infocul.pt\\\/arquivo\\\/wp-content\\\/uploads\\\/2016\\\/04\\\/Rainha-das-Flores-01.jpg\",\"keywords\":[\"Afonso Lagarto\",\"Rainha das Flores\",\"SIC\"],\"articleSection\":[\"Actualidade\",\"Televis\u00e3o\"],\"inLanguage\":\"pt-PT\"},{\"@type\":\"WebPage\",\"@id\":\"https:\\\/\\\/infocul.pt\\\/arquivo\\\/actualidade\\\/afonso-lagarto-conheca-o-nando-de-rainha-das-flores\\\/\",\"url\":\"https:\\\/\\\/infocul.pt\\\/arquivo\\\/actualidade\\\/afonso-lagarto-conheca-o-nando-de-rainha-das-flores\\\/\",\"name\":\"Afonso Lagarto: Conhe\u00e7a o Nando de Rainha das Flores | Infocul.pt - Arquivo Digital\",\"isPartOf\":{\"@id\":\"https:\\\/\\\/infocul.pt\\\/arquivo\\\/#website\"},\"primaryImageOfPage\":{\"@id\":\"https:\\\/\\\/infocul.pt\\\/arquivo\\\/actualidade\\\/afonso-lagarto-conheca-o-nando-de-rainha-das-flores\\\/#primaryimage\"},\"image\":{\"@id\":\"https:\\\/\\\/infocul.pt\\\/arquivo\\\/actualidade\\\/afonso-lagarto-conheca-o-nando-de-rainha-das-flores\\\/#primaryimage\"},\"thumbnailUrl\":\"https:\\\/\\\/infocul.pt\\\/arquivo\\\/wp-content\\\/uploads\\\/2016\\\/04\\\/Rainha-das-Flores-01.jpg\",\"datePublished\":\"2016-05-07T10:44:17+00:00\",\"dateModified\":\"2016-05-09T08:22:05+00:00\",\"description\":\"Afonso Lagarto: Conhe\u00e7a o Nando de Rainha das Flores | Infocul.pt - Arquivo Digital\",\"breadcrumb\":{\"@id\":\"https:\\\/\\\/infocul.pt\\\/arquivo\\\/actualidade\\\/afonso-lagarto-conheca-o-nando-de-rainha-das-flores\\\/#breadcrumb\"},\"inLanguage\":\"pt-PT\",\"potentialAction\":[{\"@type\":\"ReadAction\",\"target\":[\"https:\\\/\\\/infocul.pt\\\/arquivo\\\/actualidade\\\/afonso-lagarto-conheca-o-nando-de-rainha-das-flores\\\/\"]}]},{\"@type\":\"ImageObject\",\"inLanguage\":\"pt-PT\",\"@id\":\"https:\\\/\\\/infocul.pt\\\/arquivo\\\/actualidade\\\/afonso-lagarto-conheca-o-nando-de-rainha-das-flores\\\/#primaryimage\",\"url\":\"https:\\\/\\\/infocul.pt\\\/arquivo\\\/wp-content\\\/uploads\\\/2016\\\/04\\\/Rainha-das-Flores-01.jpg\",\"contentUrl\":\"https:\\\/\\\/infocul.pt\\\/arquivo\\\/wp-content\\\/uploads\\\/2016\\\/04\\\/Rainha-das-Flores-01.jpg\",\"width\":600,\"height\":400},{\"@type\":\"BreadcrumbList\",\"@id\":\"https:\\\/\\\/infocul.pt\\\/arquivo\\\/actualidade\\\/afonso-lagarto-conheca-o-nando-de-rainha-das-flores\\\/#breadcrumb\",\"itemListElement\":[{\"@type\":\"ListItem\",\"position\":1,\"name\":\"Home\",\"item\":\"https:\\\/\\\/infocul.pt\\\/arquivo\\\/\"},{\"@type\":\"ListItem\",\"position\":2,\"name\":\"Afonso Lagarto: Conhe\u00e7a o Nando de Rainha das Flores\"}]},{\"@type\":\"WebSite\",\"@id\":\"https:\\\/\\\/infocul.pt\\\/arquivo\\\/#website\",\"url\":\"https:\\\/\\\/infocul.pt\\\/arquivo\\\/\",\"name\":\"Infocul.pt - Arquivo Digital\",\"description\":\"Arquivo digital da Infocul.pt\",\"publisher\":{\"@id\":\"https:\\\/\\\/infocul.pt\\\/arquivo\\\/#organization\"},\"potentialAction\":[{\"@type\":\"SearchAction\",\"target\":{\"@type\":\"EntryPoint\",\"urlTemplate\":\"https:\\\/\\\/infocul.pt\\\/arquivo\\\/?s={search_term_string}\"},\"query-input\":{\"@type\":\"PropertyValueSpecification\",\"valueRequired\":true,\"valueName\":\"search_term_string\"}}],\"inLanguage\":\"pt-PT\"},{\"@type\":\"Organization\",\"@id\":\"https:\\\/\\\/infocul.pt\\\/arquivo\\\/#organization\",\"name\":\"Infocul.pt\",\"url\":\"https:\\\/\\\/infocul.pt\\\/arquivo\\\/\",\"logo\":{\"@type\":\"ImageObject\",\"inLanguage\":\"pt-PT\",\"@id\":\"https:\\\/\\\/infocul.pt\\\/arquivo\\\/#\\\/schema\\\/logo\\\/image\\\/\",\"url\":\"https:\\\/\\\/infocul.pt\\\/arquivo\\\/wp-content\\\/uploads\\\/2018\\\/12\\\/Infocul_logo-1.png\",\"contentUrl\":\"https:\\\/\\\/infocul.pt\\\/arquivo\\\/wp-content\\\/uploads\\\/2018\\\/12\\\/Infocul_logo-1.png\",\"width\":800,\"height\":800,\"caption\":\"Infocul.pt\"},\"image\":{\"@id\":\"https:\\\/\\\/infocul.pt\\\/arquivo\\\/#\\\/schema\\\/logo\\\/image\\\/\"},\"sameAs\":[\"https:\\\/\\\/www.facebook.com\\\/Infocul-147816815585015\\\/\",\"https:\\\/\\\/x.com\\\/Infoculpt\",\"http:\\\/\\\/www.pictaram.com\\\/user\\\/infocul.pt\\\/2370423710\",\"https:\\\/\\\/www.youtube.com\\\/channel\\\/UCYEB91AGI9FL9ek2i_IaQAA\"]},{\"@type\":\"Person\",\"@id\":\"https:\\\/\\\/infocul.pt\\\/arquivo\\\/#\\\/schema\\\/person\\\/f243f45ae8d67639120a7586884f3abc\",\"name\":\"Redac\u00e7\u00e3o\",\"image\":{\"@type\":\"ImageObject\",\"inLanguage\":\"pt-PT\",\"@id\":\"https:\\\/\\\/secure.gravatar.com\\\/avatar\\\/151b1b76c598ab5e749407223bd6c1bad4e41c4e95de3c3df83540ebee2deaf8?s=96&d=mm&r=g\",\"url\":\"https:\\\/\\\/secure.gravatar.com\\\/avatar\\\/151b1b76c598ab5e749407223bd6c1bad4e41c4e95de3c3df83540ebee2deaf8?s=96&d=mm&r=g\",\"contentUrl\":\"https:\\\/\\\/secure.gravatar.com\\\/avatar\\\/151b1b76c598ab5e749407223bd6c1bad4e41c4e95de3c3df83540ebee2deaf8?s=96&d=mm&r=g\",\"caption\":\"Redac\u00e7\u00e3o\"}}]}<\/script>\n<!-- \/ Yoast SEO plugin. -->","yoast_head_json":{"title":"Afonso Lagarto: Conhe\u00e7a o Nando de Rainha das Flores | Infocul.pt - Arquivo Digital","description":"Afonso Lagarto: Conhe\u00e7a o Nando de Rainha das Flores | Infocul.pt - Arquivo Digital","robots":{"index":"noindex","follow":"follow","max-snippet":"max-snippet:-1","max-image-preview":"max-image-preview:large","max-video-preview":"max-video-preview:-1"},"og_locale":"pt_PT","og_type":"article","og_title":"Afonso Lagarto: Conhe\u00e7a o Nando de Rainha das Flores | Infocul.pt - Arquivo Digital","og_description":"Afonso Lagarto: Conhe\u00e7a o Nando de Rainha das Flores | Infocul.pt - Arquivo Digital","og_url":"https:\/\/infocul.pt\/arquivo\/actualidade\/afonso-lagarto-conheca-o-nando-de-rainha-das-flores\/","og_site_name":"Infocul.pt - Arquivo Digital","article_publisher":"https:\/\/www.facebook.com\/Infocul-147816815585015\/","article_published_time":"2016-05-07T10:44:17+00:00","article_modified_time":"2016-05-09T08:22:05+00:00","og_image":[{"width":600,"height":400,"url":"https:\/\/infocul.pt\/arquivo\/wp-content\/uploads\/2016\/04\/Rainha-das-Flores-01.jpg","type":"image\/jpeg"}],"author":"Redac\u00e7\u00e3o","twitter_card":"summary_large_image","twitter_creator":"@Infoculpt","twitter_site":"@Infoculpt","twitter_misc":{"Escrito por":"Redac\u00e7\u00e3o","Tempo estimado de leitura":"1 minuto"},"schema":{"@context":"https:\/\/schema.org","@graph":[{"@type":"Article","@id":"https:\/\/infocul.pt\/arquivo\/actualidade\/afonso-lagarto-conheca-o-nando-de-rainha-das-flores\/#article","isPartOf":{"@id":"https:\/\/infocul.pt\/arquivo\/actualidade\/afonso-lagarto-conheca-o-nando-de-rainha-das-flores\/"},"author":{"name":"Redac\u00e7\u00e3o","@id":"https:\/\/infocul.pt\/arquivo\/#\/schema\/person\/f243f45ae8d67639120a7586884f3abc"},"headline":"Afonso Lagarto: Conhe\u00e7a o Nando de Rainha das Flores","datePublished":"2016-05-07T10:44:17+00:00","dateModified":"2016-05-09T08:22:05+00:00","mainEntityOfPage":{"@id":"https:\/\/infocul.pt\/arquivo\/actualidade\/afonso-lagarto-conheca-o-nando-de-rainha-das-flores\/"},"wordCount":298,"commentCount":0,"publisher":{"@id":"https:\/\/infocul.pt\/arquivo\/#organization"},"image":{"@id":"https:\/\/infocul.pt\/arquivo\/actualidade\/afonso-lagarto-conheca-o-nando-de-rainha-das-flores\/#primaryimage"},"thumbnailUrl":"https:\/\/infocul.pt\/arquivo\/wp-content\/uploads\/2016\/04\/Rainha-das-Flores-01.jpg","keywords":["Afonso Lagarto","Rainha das Flores","SIC"],"articleSection":["Actualidade","Televis\u00e3o"],"inLanguage":"pt-PT"},{"@type":"WebPage","@id":"https:\/\/infocul.pt\/arquivo\/actualidade\/afonso-lagarto-conheca-o-nando-de-rainha-das-flores\/","url":"https:\/\/infocul.pt\/arquivo\/actualidade\/afonso-lagarto-conheca-o-nando-de-rainha-das-flores\/","name":"Afonso Lagarto: Conhe\u00e7a o Nando de Rainha das Flores | Infocul.pt - Arquivo Digital","isPartOf":{"@id":"https:\/\/infocul.pt\/arquivo\/#website"},"primaryImageOfPage":{"@id":"https:\/\/infocul.pt\/arquivo\/actualidade\/afonso-lagarto-conheca-o-nando-de-rainha-das-flores\/#primaryimage"},"image":{"@id":"https:\/\/infocul.pt\/arquivo\/actualidade\/afonso-lagarto-conheca-o-nando-de-rainha-das-flores\/#primaryimage"},"thumbnailUrl":"https:\/\/infocul.pt\/arquivo\/wp-content\/uploads\/2016\/04\/Rainha-das-Flores-01.jpg","datePublished":"2016-05-07T10:44:17+00:00","dateModified":"2016-05-09T08:22:05+00:00","description":"Afonso Lagarto: Conhe\u00e7a o Nando de Rainha das Flores | Infocul.pt - Arquivo Digital","breadcrumb":{"@id":"https:\/\/infocul.pt\/arquivo\/actualidade\/afonso-lagarto-conheca-o-nando-de-rainha-das-flores\/#breadcrumb"},"inLanguage":"pt-PT","potentialAction":[{"@type":"ReadAction","target":["https:\/\/infocul.pt\/arquivo\/actualidade\/afonso-lagarto-conheca-o-nando-de-rainha-das-flores\/"]}]},{"@type":"ImageObject","inLanguage":"pt-PT","@id":"https:\/\/infocul.pt\/arquivo\/actualidade\/afonso-lagarto-conheca-o-nando-de-rainha-das-flores\/#primaryimage","url":"https:\/\/infocul.pt\/arquivo\/wp-content\/uploads\/2016\/04\/Rainha-das-Flores-01.jpg","contentUrl":"https:\/\/infocul.pt\/arquivo\/wp-content\/uploads\/2016\/04\/Rainha-das-Flores-01.jpg","width":600,"height":400},{"@type":"BreadcrumbList","@id":"https:\/\/infocul.pt\/arquivo\/actualidade\/afonso-lagarto-conheca-o-nando-de-rainha-das-flores\/#breadcrumb","itemListElement":[{"@type":"ListItem","position":1,"name":"Home","item":"https:\/\/infocul.pt\/arquivo\/"},{"@type":"ListItem","position":2,"name":"Afonso Lagarto: Conhe\u00e7a o Nando de Rainha das Flores"}]},{"@type":"WebSite","@id":"https:\/\/infocul.pt\/arquivo\/#website","url":"https:\/\/infocul.pt\/arquivo\/","name":"Infocul.pt - Arquivo Digital","description":"Arquivo digital da Infocul.pt","publisher":{"@id":"https:\/\/infocul.pt\/arquivo\/#organization"},"potentialAction":[{"@type":"SearchAction","target":{"@type":"EntryPoint","urlTemplate":"https:\/\/infocul.pt\/arquivo\/?s={search_term_string}"},"query-input":{"@type":"PropertyValueSpecification","valueRequired":true,"valueName":"search_term_string"}}],"inLanguage":"pt-PT"},{"@type":"Organization","@id":"https:\/\/infocul.pt\/arquivo\/#organization","name":"Infocul.pt","url":"https:\/\/infocul.pt\/arquivo\/","logo":{"@type":"ImageObject","inLanguage":"pt-PT","@id":"https:\/\/infocul.pt\/arquivo\/#\/schema\/logo\/image\/","url":"https:\/\/infocul.pt\/arquivo\/wp-content\/uploads\/2018\/12\/Infocul_logo-1.png","contentUrl":"https:\/\/infocul.pt\/arquivo\/wp-content\/uploads\/2018\/12\/Infocul_logo-1.png","width":800,"height":800,"caption":"Infocul.pt"},"image":{"@id":"https:\/\/infocul.pt\/arquivo\/#\/schema\/logo\/image\/"},"sameAs":["https:\/\/www.facebook.com\/Infocul-147816815585015\/","https:\/\/x.com\/Infoculpt","http:\/\/www.pictaram.com\/user\/infocul.pt\/2370423710","https:\/\/www.youtube.com\/channel\/UCYEB91AGI9FL9ek2i_IaQAA"]},{"@type":"Person","@id":"https:\/\/infocul.pt\/arquivo\/#\/schema\/person\/f243f45ae8d67639120a7586884f3abc","name":"Redac\u00e7\u00e3o","image":{"@type":"ImageObject","inLanguage":"pt-PT","@id":"https:\/\/secure.gravatar.com\/avatar\/151b1b76c598ab5e749407223bd6c1bad4e41c4e95de3c3df83540ebee2deaf8?s=96&d=mm&r=g","url":"https:\/\/secure.gravatar.com\/avatar\/151b1b76c598ab5e749407223bd6c1bad4e41c4e95de3c3df83540ebee2deaf8?s=96&d=mm&r=g","contentUrl":"https:\/\/secure.gravatar.com\/avatar\/151b1b76c598ab5e749407223bd6c1bad4e41c4e95de3c3df83540ebee2deaf8?s=96&d=mm&r=g","caption":"Redac\u00e7\u00e3o"}}]}},"_links":{"self":[{"href":"https:\/\/infocul.pt\/arquivo\/wp-json\/wp\/v2\/posts\/7525","targetHints":{"allow":["GET"]}}],"collection":[{"href":"https:\/\/infocul.pt\/arquivo\/wp-json\/wp\/v2\/posts"}],"about":[{"href":"https:\/\/infocul.pt\/arquivo\/wp-json\/wp\/v2\/types\/post"}],"author":[{"embeddable":true,"href":"https:\/\/infocul.pt\/arquivo\/wp-json\/wp\/v2\/users\/13"}],"replies":[{"embeddable":true,"href":"https:\/\/infocul.pt\/arquivo\/wp-json\/wp\/v2\/comments?post=7525"}],"version-history":[{"count":0,"href":"https:\/\/infocul.pt\/arquivo\/wp-json\/wp\/v2\/posts\/7525\/revisions"}],"wp:featuredmedia":[{"embeddable":true,"href":"https:\/\/infocul.pt\/arquivo\/wp-json\/wp\/v2\/media\/5466"}],"wp:attachment":[{"href":"https:\/\/infocul.pt\/arquivo\/wp-json\/wp\/v2\/media?parent=7525"}],"wp:term":[{"taxonomy":"category","embeddable":true,"href":"https:\/\/infocul.pt\/arquivo\/wp-json\/wp\/v2\/categories?post=7525"},{"taxonomy":"post_tag","embeddable":true,"href":"https:\/\/infocul.pt\/arquivo\/wp-json\/wp\/v2\/tags?post=7525"}],"curies":[{"name":"wp","href":"https:\/\/api.w.org\/{rel}","templated":true}]}}