{"id":7591,"date":"2016-05-10T15:55:05","date_gmt":"2016-05-10T15:55:05","guid":{"rendered":"http:\/\/infocul.pt\/?p=7591"},"modified":"2016-05-12T12:01:43","modified_gmt":"2016-05-12T12:01:43","slug":"andre-viamonte-via-e-um-disco-que-aborda-a-expressao-emocional-em-momentos-especificos-da-nossa-vida","status":"publish","type":"post","link":"https:\/\/infocul.pt\/arquivo\/cultura\/andre-viamonte-via-e-um-disco-que-aborda-a-expressao-emocional-em-momentos-especificos-da-nossa-vida\/","title":{"rendered":"Andr\u00e9 ViaMonte: &#8220;Via&#8221; \u00e9 um disco  que aborda &#8220;a express\u00e3o emocional em momentos espec\u00edficos da nossa vida&#8221;"},"content":{"rendered":"<p>\t<img decoding=\"async\" width=\"1500\" height=\"1500\" class=\"so-widget-image lazyload\" style=\"--smush-placeholder-width: 1500px; --smush-placeholder-aspect-ratio: 1500\/1500;height: auto; display: block; max-width: 100%;\" data-src=\"http:\/\/infocul.pt\/wp-content\/uploads\/2016\/05\/ViaMonte.png\" src=\"data:image\/svg+xml;base64,PHN2ZyB3aWR0aD0iMSIgaGVpZ2h0PSIxIiB4bWxucz0iaHR0cDovL3d3dy53My5vcmcvMjAwMC9zdmciPjwvc3ZnPg==\"><\/p>\n<p><strong><span style=\"color: rgb(0, 0, 0); font-family: Calibri;\">Andr\u00e9 Viamonte acaba de apresentar \u201cVia\u201d o seu primeiro disco onde demonstra uma voz \u00fanica e que pode marcar Portugal. O infocul entrevistou-o e damos a conhecer ao nossos leitores um pouco mais do artista que recolheu elogios de nomes t\u00e3o distintos como Kevin Murphy, Cindi Avnet, Michele Ferrero ou Mariza.<\/span><\/strong><\/p>\n<h3>&nbsp;<\/h3>\n<p>Um disco de emo\u00e7\u00f5es e que n\u00e3o ser\u00e1 indiferente a quem o ou\u00e7a. Pela ousadia e pela voz. Andr\u00e9 ViaMonte ser\u00e1 uma das vozes a marcar a m\u00fasica portuguesa em 2016.<\/p>\n<p>&nbsp;<\/p>\n<p>&nbsp;<\/p>\n<p>Fique de seguida com a entrevista na integra feita ao artista.<\/p>\n<p>&nbsp;<\/p>\n<p>&nbsp;<\/p>\n<p><em>Quando surge a paix\u00e3o pela m\u00fasica?<\/em><\/p>\n<p>&nbsp;<\/p>\n<p><strong>Surgiu na inf\u00e2ncia. Recorri \u00e0 m\u00fasica sem motivo ou objectivo algum e por ter-me sentido compreendido nunca mais parei.<\/strong><\/p>\n<p>&nbsp;<\/p>\n<p>&nbsp;<\/p>\n<p><em>Lembra-se quando foi a primeira vez que cantou em p\u00fablico?<\/em><\/p>\n<p>&nbsp;<\/p>\n<p><strong>Lembro\u2026<\/strong> (Risos). <strong>Mas deixem-me carregar sozinho esse fardo<\/strong>. (mais risos).<\/p>\n<p>&nbsp;<\/p>\n<p>&nbsp;<\/p>\n<p><em>Quais foram as suas primeiras refer\u00eancias musicais?<\/em><\/p>\n<p>&nbsp;<\/p>\n<p><strong>N\u00e3o\u2026nunca tive refer\u00eancias espec\u00edficas. Poderei dizer que a primeira cassete que me deram foi quando tinha 6 anos. Era dos Supertramp! E gostei do que ouvi&#8230;<\/strong> (risos). <strong>Ligo-me mais a temas independentemente dos artistas que as criam do que dos artistas em si. Gosto de temas dos Madredeus, Rammstein, Laurie Andersen at\u00e9 Dream Theater, Radiohead&#8230; etc&#8230; O facto de ter uma paix\u00e3o musical por diversos estilos diferenciados como o Canto L\u00edrico, Musicais, Heavy Metal, Metal Progressivo, Rock, Pop, World Music, M\u00fasica Cl\u00e1ssica, Indie justifica toda esta \u201cbipolaridade musical\u201d.<\/strong><\/p>\n<p>&nbsp;<\/p>\n<p>&nbsp;<\/p>\n<p><em>Quando come\u00e7ou a preparar este disco?<\/em><\/p>\n<p>&nbsp;<\/p>\n<p><strong>H\u00e1 um ano e meio sensivelmente mas parece que foi h\u00e1 5 anos. Foi um parto dif\u00edcil, cheio de sacrif\u00edcios, mas que valeu cada l\u00e1grima. Foi uma grande aprendizagem.<\/strong><\/p>\n<p>&nbsp;<\/p>\n<p>&nbsp;<\/p>\n<p><em>Qual a principal mensagem que tenta transmitir neste trabalho?<\/em><\/p>\n<p>&nbsp;<\/p>\n<p><strong>S\u00e3o v\u00e1rias tem\u00e1ticas mas todas elas abordam a express\u00e3o emocional em momentos espec\u00edficos da nossa vida. Mas poderei dizer que a mensagem principal deste trabalho reside na honestidade e dedica\u00e7\u00e3o que devemos ter com os nossos sonhos e a nossa miss\u00e3o enquanto seres numa sociedade que tende a aprisionar-nos aos sonhos e miss\u00f5es de outros.<\/strong><\/p>\n<p>&nbsp;<\/p>\n<p>&nbsp;<\/p>\n<p><em>O amor \u00e9 uma fonte de inspira\u00e7\u00e3o para si?<\/em><\/p>\n<p>&nbsp;<\/p>\n<p><strong>\u00c9 uma das fontes&#8230; sim, mas n\u00e3o \u00e9 a \u00fanica<\/strong>.<\/p>\n<p>&nbsp;<\/p>\n<p>&nbsp;<\/p>\n<p><em>Como reage aos elogios de Kevin Murphy, de Cindi Avnet, de Michele Ferrero ou de Mariza?<\/em><\/p>\n<p>&nbsp;<\/p>\n<p><strong>\u00c9 bom sermos reconhecidos pela m\u00fasica e pelo que fazemos. \u00c9 de facto gratificante sermos reconhecidos por pessoas ligadas \u00e1 m\u00fasica e que t\u00eam peso na ind\u00fastria, no entanto sinto o mesmo orgulho quando esses elogios v\u00eam de uma pessoa an\u00f3nima, que se identifica com o tema e que se reconhece nele.<\/strong><\/p>\n<p>&nbsp;<\/p>\n<p>&nbsp;<\/p>\n<p>&nbsp;<\/p>\n<p><em>A Mariza acaba de ser considera a melhor artista de 2015 pela Songlines. Sobre si disse \u201cPortugal n\u00e3o est\u00e1 preparado para esta voz\u201d. \u00c9 motivador, desafiante ou cria alguma press\u00e3o?<\/em><\/p>\n<p>&nbsp;<\/p>\n<p><strong>\u00c9 motivador. Nunca me passou pela cabe\u00e7a a ideia que essa opini\u00e3o me poderia criar algum tipo de press\u00e3o, mas agora que penso nisso\u2026<\/strong> (Risos). <strong>Mas agora num tom mais s\u00e9rio, eu espero que Portugal esteja preparado para o que eu quero transmitir e a voz \u00e9 apenas um ve\u00edculo.<\/strong><\/p>\n<p>&nbsp;<\/p>\n<p>&nbsp;<\/p>\n<p><em>Quais as pr\u00f3ximas datas que pode anunciar para apresentar o seu disco, al\u00e9m de 7 de Maio no Teatro Ib\u00e9rico?<\/em><\/p>\n<p>&nbsp;<\/p>\n<p><strong>Existia uma necessidade de apresentarmos este disco ao vivo. As pessoas n\u00e3o conhecem ainda o projecto e nestas condi\u00e7\u00f5es torna-se dif\u00edcil encher audit\u00f3rios fora de Lisboa. Mas existe a inten\u00e7\u00e3o de em breve levar este \u201cVia\u201d a v\u00e1rios pontos do pa\u00eds.<\/strong><\/p>\n<p>&nbsp;<\/p>\n<p>&nbsp;<\/p>\n<p><em>Para quem ainda n\u00e3o ouviu o seu mais recente disco, como convida o p\u00fablico a ouvir? O que poder\u00e3o l\u00e1 encontrar?<\/em><\/p>\n<p>&nbsp;<\/p>\n<p><strong>\u00c9 um \u00e1lbum que obriga a alguma disponibilidade emocional porque foi criado com o claro objectivo de libertar emo\u00e7\u00f5es que est\u00e3o demasiado escondidas em n\u00f3s devido \u00e0s amarras que a sociedade nos imp\u00f5e. Cada pessoa vai encontrar detalhes que outros n\u00e3o encontrar\u00e3o e vice versa- \u00c9 um disco com bastantes camadas de entendimento. Diria que ter o cora\u00e7\u00e3o dispon\u00edvel para sentir e absorver ser\u00e1 meio caminho andado para entender a mensagem que l\u00e1 est\u00e1. Gosto de acreditar que \u201cVia\u201d \u00e9 um \u00e1lbum que tr\u00e1s consigo uma dose importante das experi\u00eancias que s\u00e3o fruto da minha actividade enquanto musicoterapeuta.<\/strong><\/p>\n","protected":false},"excerpt":{"rendered":"<p>Andr\u00e9 Viamonte acaba de apresentar \u201cVia\u201d o seu primeiro disco onde demonstra uma voz \u00fanica e que pode marcar Portugal. O infocul entrevistou-o e damos a conhecer ao nossos leitores um pouco mais do artista que recolheu elogios de nomes t\u00e3o distintos como Kevin Murphy, Cindi Avnet, Michele Ferrero ou Mariza. &nbsp; Um disco de [&hellip;]<\/p>\n","protected":false},"author":2,"featured_media":7592,"comment_status":"open","ping_status":"closed","sticky":false,"template":"","format":"standard","meta":{"footnotes":""},"categories":[2,4],"tags":[1304],"class_list":["post-7591","post","type-post","status-publish","format-standard","has-post-thumbnail","hentry","category-cultura","category-discos","tag-andre-viamonte"],"yoast_head":"<!-- This site is optimized with the Yoast SEO plugin v27.4 - https:\/\/yoast.com\/product\/yoast-seo-wordpress\/ -->\n<title>Andr\u00e9 ViaMonte: &quot;Via&quot; \u00e9 um disco que aborda &quot;a express\u00e3o emocional em momentos espec\u00edficos da nossa vida&quot; | Infocul.pt - Arquivo Digital<\/title>\n<meta name=\"description\" content=\"Andr\u00e9 ViaMonte: &quot;Via&quot; \u00e9 um disco que aborda &quot;a express\u00e3o emocional em momentos espec\u00edficos da nossa vida&quot; | Infocul.pt - Arquivo Digital\" \/>\n<meta name=\"robots\" content=\"noindex, follow, max-snippet:-1, max-image-preview:large, max-video-preview:-1\" \/>\n<meta property=\"og:locale\" content=\"pt_PT\" \/>\n<meta property=\"og:type\" content=\"article\" \/>\n<meta property=\"og:title\" content=\"Andr\u00e9 ViaMonte: &quot;Via&quot; \u00e9 um disco que aborda &quot;a express\u00e3o emocional em momentos espec\u00edficos da nossa vida&quot; | Infocul.pt - Arquivo Digital\" \/>\n<meta property=\"og:description\" content=\"Andr\u00e9 ViaMonte: &quot;Via&quot; \u00e9 um disco que aborda &quot;a express\u00e3o emocional em momentos espec\u00edficos da nossa vida&quot; | Infocul.pt - Arquivo Digital\" \/>\n<meta property=\"og:url\" content=\"https:\/\/infocul.pt\/arquivo\/cultura\/andre-viamonte-via-e-um-disco-que-aborda-a-expressao-emocional-em-momentos-especificos-da-nossa-vida\/\" \/>\n<meta property=\"og:site_name\" content=\"Infocul.pt - Arquivo Digital\" \/>\n<meta property=\"article:publisher\" content=\"https:\/\/www.facebook.com\/Infocul-147816815585015\/\" \/>\n<meta property=\"article:published_time\" content=\"2016-05-10T15:55:05+00:00\" \/>\n<meta property=\"article:modified_time\" content=\"2016-05-12T12:01:43+00:00\" \/>\n<meta property=\"og:image\" content=\"https:\/\/infocul.pt\/arquivo\/wp-content\/uploads\/2016\/05\/ViaMonte.png\" \/>\n\t<meta property=\"og:image:width\" content=\"1500\" \/>\n\t<meta property=\"og:image:height\" content=\"1500\" \/>\n\t<meta property=\"og:image:type\" content=\"image\/png\" \/>\n<meta name=\"author\" content=\"Rui Lavrador\" \/>\n<meta name=\"twitter:card\" content=\"summary_large_image\" \/>\n<meta name=\"twitter:creator\" content=\"@Infoculpt\" \/>\n<meta name=\"twitter:site\" content=\"@Infoculpt\" \/>\n<meta name=\"twitter:label1\" content=\"Escrito por\" \/>\n\t<meta name=\"twitter:data1\" content=\"Rui Lavrador\" \/>\n\t<meta name=\"twitter:label2\" content=\"Tempo estimado de leitura\" \/>\n\t<meta name=\"twitter:data2\" content=\"4 minutos\" \/>\n<script type=\"application\/ld+json\" class=\"yoast-schema-graph\">{\"@context\":\"https:\\\/\\\/schema.org\",\"@graph\":[{\"@type\":\"Article\",\"@id\":\"https:\\\/\\\/infocul.pt\\\/arquivo\\\/cultura\\\/andre-viamonte-via-e-um-disco-que-aborda-a-expressao-emocional-em-momentos-especificos-da-nossa-vida\\\/#article\",\"isPartOf\":{\"@id\":\"https:\\\/\\\/infocul.pt\\\/arquivo\\\/cultura\\\/andre-viamonte-via-e-um-disco-que-aborda-a-expressao-emocional-em-momentos-especificos-da-nossa-vida\\\/\"},\"author\":{\"name\":\"Rui Lavrador\",\"@id\":\"https:\\\/\\\/infocul.pt\\\/arquivo\\\/#\\\/schema\\\/person\\\/060a108d7f2d85fc6aae505119ee5234\"},\"headline\":\"Andr\u00e9 ViaMonte: &#8220;Via&#8221; \u00e9 um disco que aborda &#8220;a express\u00e3o emocional em momentos espec\u00edficos da nossa vida&#8221;\",\"datePublished\":\"2016-05-10T15:55:05+00:00\",\"dateModified\":\"2016-05-12T12:01:43+00:00\",\"mainEntityOfPage\":{\"@id\":\"https:\\\/\\\/infocul.pt\\\/arquivo\\\/cultura\\\/andre-viamonte-via-e-um-disco-que-aborda-a-expressao-emocional-em-momentos-especificos-da-nossa-vida\\\/\"},\"wordCount\":783,\"commentCount\":0,\"publisher\":{\"@id\":\"https:\\\/\\\/infocul.pt\\\/arquivo\\\/#organization\"},\"image\":{\"@id\":\"https:\\\/\\\/infocul.pt\\\/arquivo\\\/cultura\\\/andre-viamonte-via-e-um-disco-que-aborda-a-expressao-emocional-em-momentos-especificos-da-nossa-vida\\\/#primaryimage\"},\"thumbnailUrl\":\"https:\\\/\\\/infocul.pt\\\/arquivo\\\/wp-content\\\/uploads\\\/2016\\\/05\\\/ViaMonte.png\",\"keywords\":[\"Andr\u00e9 ViaMonte\"],\"articleSection\":[\"Cultura\",\"Discos\"],\"inLanguage\":\"pt-PT\"},{\"@type\":\"WebPage\",\"@id\":\"https:\\\/\\\/infocul.pt\\\/arquivo\\\/cultura\\\/andre-viamonte-via-e-um-disco-que-aborda-a-expressao-emocional-em-momentos-especificos-da-nossa-vida\\\/\",\"url\":\"https:\\\/\\\/infocul.pt\\\/arquivo\\\/cultura\\\/andre-viamonte-via-e-um-disco-que-aborda-a-expressao-emocional-em-momentos-especificos-da-nossa-vida\\\/\",\"name\":\"Andr\u00e9 ViaMonte: \\\"Via\\\" \u00e9 um disco que aborda \\\"a express\u00e3o emocional em momentos espec\u00edficos da nossa vida\\\" | Infocul.pt - Arquivo Digital\",\"isPartOf\":{\"@id\":\"https:\\\/\\\/infocul.pt\\\/arquivo\\\/#website\"},\"primaryImageOfPage\":{\"@id\":\"https:\\\/\\\/infocul.pt\\\/arquivo\\\/cultura\\\/andre-viamonte-via-e-um-disco-que-aborda-a-expressao-emocional-em-momentos-especificos-da-nossa-vida\\\/#primaryimage\"},\"image\":{\"@id\":\"https:\\\/\\\/infocul.pt\\\/arquivo\\\/cultura\\\/andre-viamonte-via-e-um-disco-que-aborda-a-expressao-emocional-em-momentos-especificos-da-nossa-vida\\\/#primaryimage\"},\"thumbnailUrl\":\"https:\\\/\\\/infocul.pt\\\/arquivo\\\/wp-content\\\/uploads\\\/2016\\\/05\\\/ViaMonte.png\",\"datePublished\":\"2016-05-10T15:55:05+00:00\",\"dateModified\":\"2016-05-12T12:01:43+00:00\",\"description\":\"Andr\u00e9 ViaMonte: \\\"Via\\\" \u00e9 um disco que aborda \\\"a express\u00e3o emocional em momentos espec\u00edficos da nossa vida\\\" | Infocul.pt - Arquivo Digital\",\"breadcrumb\":{\"@id\":\"https:\\\/\\\/infocul.pt\\\/arquivo\\\/cultura\\\/andre-viamonte-via-e-um-disco-que-aborda-a-expressao-emocional-em-momentos-especificos-da-nossa-vida\\\/#breadcrumb\"},\"inLanguage\":\"pt-PT\",\"potentialAction\":[{\"@type\":\"ReadAction\",\"target\":[\"https:\\\/\\\/infocul.pt\\\/arquivo\\\/cultura\\\/andre-viamonte-via-e-um-disco-que-aborda-a-expressao-emocional-em-momentos-especificos-da-nossa-vida\\\/\"]}]},{\"@type\":\"ImageObject\",\"inLanguage\":\"pt-PT\",\"@id\":\"https:\\\/\\\/infocul.pt\\\/arquivo\\\/cultura\\\/andre-viamonte-via-e-um-disco-que-aborda-a-expressao-emocional-em-momentos-especificos-da-nossa-vida\\\/#primaryimage\",\"url\":\"https:\\\/\\\/infocul.pt\\\/arquivo\\\/wp-content\\\/uploads\\\/2016\\\/05\\\/ViaMonte.png\",\"contentUrl\":\"https:\\\/\\\/infocul.pt\\\/arquivo\\\/wp-content\\\/uploads\\\/2016\\\/05\\\/ViaMonte.png\",\"width\":1500,\"height\":1500},{\"@type\":\"BreadcrumbList\",\"@id\":\"https:\\\/\\\/infocul.pt\\\/arquivo\\\/cultura\\\/andre-viamonte-via-e-um-disco-que-aborda-a-expressao-emocional-em-momentos-especificos-da-nossa-vida\\\/#breadcrumb\",\"itemListElement\":[{\"@type\":\"ListItem\",\"position\":1,\"name\":\"Home\",\"item\":\"https:\\\/\\\/infocul.pt\\\/arquivo\\\/\"},{\"@type\":\"ListItem\",\"position\":2,\"name\":\"Andr\u00e9 ViaMonte: &#8220;Via&#8221; \u00e9 um disco que aborda &#8220;a express\u00e3o emocional em momentos espec\u00edficos da nossa vida&#8221;\"}]},{\"@type\":\"WebSite\",\"@id\":\"https:\\\/\\\/infocul.pt\\\/arquivo\\\/#website\",\"url\":\"https:\\\/\\\/infocul.pt\\\/arquivo\\\/\",\"name\":\"Infocul.pt - Arquivo Digital\",\"description\":\"Arquivo digital da Infocul.pt\",\"publisher\":{\"@id\":\"https:\\\/\\\/infocul.pt\\\/arquivo\\\/#organization\"},\"potentialAction\":[{\"@type\":\"SearchAction\",\"target\":{\"@type\":\"EntryPoint\",\"urlTemplate\":\"https:\\\/\\\/infocul.pt\\\/arquivo\\\/?s={search_term_string}\"},\"query-input\":{\"@type\":\"PropertyValueSpecification\",\"valueRequired\":true,\"valueName\":\"search_term_string\"}}],\"inLanguage\":\"pt-PT\"},{\"@type\":\"Organization\",\"@id\":\"https:\\\/\\\/infocul.pt\\\/arquivo\\\/#organization\",\"name\":\"Infocul.pt\",\"url\":\"https:\\\/\\\/infocul.pt\\\/arquivo\\\/\",\"logo\":{\"@type\":\"ImageObject\",\"inLanguage\":\"pt-PT\",\"@id\":\"https:\\\/\\\/infocul.pt\\\/arquivo\\\/#\\\/schema\\\/logo\\\/image\\\/\",\"url\":\"https:\\\/\\\/infocul.pt\\\/arquivo\\\/wp-content\\\/uploads\\\/2018\\\/12\\\/Infocul_logo-1.png\",\"contentUrl\":\"https:\\\/\\\/infocul.pt\\\/arquivo\\\/wp-content\\\/uploads\\\/2018\\\/12\\\/Infocul_logo-1.png\",\"width\":800,\"height\":800,\"caption\":\"Infocul.pt\"},\"image\":{\"@id\":\"https:\\\/\\\/infocul.pt\\\/arquivo\\\/#\\\/schema\\\/logo\\\/image\\\/\"},\"sameAs\":[\"https:\\\/\\\/www.facebook.com\\\/Infocul-147816815585015\\\/\",\"https:\\\/\\\/x.com\\\/Infoculpt\",\"http:\\\/\\\/www.pictaram.com\\\/user\\\/infocul.pt\\\/2370423710\",\"https:\\\/\\\/www.youtube.com\\\/channel\\\/UCYEB91AGI9FL9ek2i_IaQAA\"]},{\"@type\":\"Person\",\"@id\":\"https:\\\/\\\/infocul.pt\\\/arquivo\\\/#\\\/schema\\\/person\\\/060a108d7f2d85fc6aae505119ee5234\",\"name\":\"Rui Lavrador\",\"image\":{\"@type\":\"ImageObject\",\"inLanguage\":\"pt-PT\",\"@id\":\"https:\\\/\\\/secure.gravatar.com\\\/avatar\\\/93febd6873394aa8e975148548a0cb203acfdd42d2c85c5f1408e1a76678aece?s=96&d=mm&r=g\",\"url\":\"https:\\\/\\\/secure.gravatar.com\\\/avatar\\\/93febd6873394aa8e975148548a0cb203acfdd42d2c85c5f1408e1a76678aece?s=96&d=mm&r=g\",\"contentUrl\":\"https:\\\/\\\/secure.gravatar.com\\\/avatar\\\/93febd6873394aa8e975148548a0cb203acfdd42d2c85c5f1408e1a76678aece?s=96&d=mm&r=g\",\"caption\":\"Rui Lavrador\"},\"description\":\"Iniciou em 2011 o seu percurso em comunica\u00e7\u00e3o social, tendo integrado v\u00e1rios projectos editoriais. Durante o seu percurso integrou projectos como Jornal Hardm\u00fasica, LusoNot\u00edcias, Toureio.pt, ODigital.pt, entre outros \u00d3rg\u00e3os de Comunica\u00e7\u00e3o Social nacionais, na redac\u00e7\u00e3o de v\u00e1rios artigos. Entrevistou a grande maioria das personalidades mais importantes da vida social e cultural do pa\u00eds, destacando-se, tamb\u00e9m, na aprecia\u00e7\u00e3o de v\u00e1rios espect\u00e1culos. Durante o seu percurso, deu a conhecer v\u00e1rios artistas, at\u00e9 ent\u00e3o desconhecidos, ao grande p\u00fablico. Em 2015 criou e fundou o Infocul.pt, projecto no qual assume a direc\u00e7\u00e3o editorial.\",\"sameAs\":[\"http:\\\/\\\/www.infocul.pt\"]}]}<\/script>\n<!-- \/ Yoast SEO plugin. -->","yoast_head_json":{"title":"Andr\u00e9 ViaMonte: \"Via\" \u00e9 um disco que aborda \"a express\u00e3o emocional em momentos espec\u00edficos da nossa vida\" | Infocul.pt - Arquivo Digital","description":"Andr\u00e9 ViaMonte: \"Via\" \u00e9 um disco que aborda \"a express\u00e3o emocional em momentos espec\u00edficos da nossa vida\" | Infocul.pt - Arquivo Digital","robots":{"index":"noindex","follow":"follow","max-snippet":"max-snippet:-1","max-image-preview":"max-image-preview:large","max-video-preview":"max-video-preview:-1"},"og_locale":"pt_PT","og_type":"article","og_title":"Andr\u00e9 ViaMonte: \"Via\" \u00e9 um disco que aborda \"a express\u00e3o emocional em momentos espec\u00edficos da nossa vida\" | Infocul.pt - Arquivo Digital","og_description":"Andr\u00e9 ViaMonte: \"Via\" \u00e9 um disco que aborda \"a express\u00e3o emocional em momentos espec\u00edficos da nossa vida\" | Infocul.pt - Arquivo Digital","og_url":"https:\/\/infocul.pt\/arquivo\/cultura\/andre-viamonte-via-e-um-disco-que-aborda-a-expressao-emocional-em-momentos-especificos-da-nossa-vida\/","og_site_name":"Infocul.pt - Arquivo Digital","article_publisher":"https:\/\/www.facebook.com\/Infocul-147816815585015\/","article_published_time":"2016-05-10T15:55:05+00:00","article_modified_time":"2016-05-12T12:01:43+00:00","og_image":[{"width":1500,"height":1500,"url":"https:\/\/infocul.pt\/arquivo\/wp-content\/uploads\/2016\/05\/ViaMonte.png","type":"image\/png"}],"author":"Rui Lavrador","twitter_card":"summary_large_image","twitter_creator":"@Infoculpt","twitter_site":"@Infoculpt","twitter_misc":{"Escrito por":"Rui Lavrador","Tempo estimado de leitura":"4 minutos"},"schema":{"@context":"https:\/\/schema.org","@graph":[{"@type":"Article","@id":"https:\/\/infocul.pt\/arquivo\/cultura\/andre-viamonte-via-e-um-disco-que-aborda-a-expressao-emocional-em-momentos-especificos-da-nossa-vida\/#article","isPartOf":{"@id":"https:\/\/infocul.pt\/arquivo\/cultura\/andre-viamonte-via-e-um-disco-que-aborda-a-expressao-emocional-em-momentos-especificos-da-nossa-vida\/"},"author":{"name":"Rui Lavrador","@id":"https:\/\/infocul.pt\/arquivo\/#\/schema\/person\/060a108d7f2d85fc6aae505119ee5234"},"headline":"Andr\u00e9 ViaMonte: &#8220;Via&#8221; \u00e9 um disco que aborda &#8220;a express\u00e3o emocional em momentos espec\u00edficos da nossa vida&#8221;","datePublished":"2016-05-10T15:55:05+00:00","dateModified":"2016-05-12T12:01:43+00:00","mainEntityOfPage":{"@id":"https:\/\/infocul.pt\/arquivo\/cultura\/andre-viamonte-via-e-um-disco-que-aborda-a-expressao-emocional-em-momentos-especificos-da-nossa-vida\/"},"wordCount":783,"commentCount":0,"publisher":{"@id":"https:\/\/infocul.pt\/arquivo\/#organization"},"image":{"@id":"https:\/\/infocul.pt\/arquivo\/cultura\/andre-viamonte-via-e-um-disco-que-aborda-a-expressao-emocional-em-momentos-especificos-da-nossa-vida\/#primaryimage"},"thumbnailUrl":"https:\/\/infocul.pt\/arquivo\/wp-content\/uploads\/2016\/05\/ViaMonte.png","keywords":["Andr\u00e9 ViaMonte"],"articleSection":["Cultura","Discos"],"inLanguage":"pt-PT"},{"@type":"WebPage","@id":"https:\/\/infocul.pt\/arquivo\/cultura\/andre-viamonte-via-e-um-disco-que-aborda-a-expressao-emocional-em-momentos-especificos-da-nossa-vida\/","url":"https:\/\/infocul.pt\/arquivo\/cultura\/andre-viamonte-via-e-um-disco-que-aborda-a-expressao-emocional-em-momentos-especificos-da-nossa-vida\/","name":"Andr\u00e9 ViaMonte: \"Via\" \u00e9 um disco que aborda \"a express\u00e3o emocional em momentos espec\u00edficos da nossa vida\" | Infocul.pt - Arquivo Digital","isPartOf":{"@id":"https:\/\/infocul.pt\/arquivo\/#website"},"primaryImageOfPage":{"@id":"https:\/\/infocul.pt\/arquivo\/cultura\/andre-viamonte-via-e-um-disco-que-aborda-a-expressao-emocional-em-momentos-especificos-da-nossa-vida\/#primaryimage"},"image":{"@id":"https:\/\/infocul.pt\/arquivo\/cultura\/andre-viamonte-via-e-um-disco-que-aborda-a-expressao-emocional-em-momentos-especificos-da-nossa-vida\/#primaryimage"},"thumbnailUrl":"https:\/\/infocul.pt\/arquivo\/wp-content\/uploads\/2016\/05\/ViaMonte.png","datePublished":"2016-05-10T15:55:05+00:00","dateModified":"2016-05-12T12:01:43+00:00","description":"Andr\u00e9 ViaMonte: \"Via\" \u00e9 um disco que aborda \"a express\u00e3o emocional em momentos espec\u00edficos da nossa vida\" | Infocul.pt - Arquivo Digital","breadcrumb":{"@id":"https:\/\/infocul.pt\/arquivo\/cultura\/andre-viamonte-via-e-um-disco-que-aborda-a-expressao-emocional-em-momentos-especificos-da-nossa-vida\/#breadcrumb"},"inLanguage":"pt-PT","potentialAction":[{"@type":"ReadAction","target":["https:\/\/infocul.pt\/arquivo\/cultura\/andre-viamonte-via-e-um-disco-que-aborda-a-expressao-emocional-em-momentos-especificos-da-nossa-vida\/"]}]},{"@type":"ImageObject","inLanguage":"pt-PT","@id":"https:\/\/infocul.pt\/arquivo\/cultura\/andre-viamonte-via-e-um-disco-que-aborda-a-expressao-emocional-em-momentos-especificos-da-nossa-vida\/#primaryimage","url":"https:\/\/infocul.pt\/arquivo\/wp-content\/uploads\/2016\/05\/ViaMonte.png","contentUrl":"https:\/\/infocul.pt\/arquivo\/wp-content\/uploads\/2016\/05\/ViaMonte.png","width":1500,"height":1500},{"@type":"BreadcrumbList","@id":"https:\/\/infocul.pt\/arquivo\/cultura\/andre-viamonte-via-e-um-disco-que-aborda-a-expressao-emocional-em-momentos-especificos-da-nossa-vida\/#breadcrumb","itemListElement":[{"@type":"ListItem","position":1,"name":"Home","item":"https:\/\/infocul.pt\/arquivo\/"},{"@type":"ListItem","position":2,"name":"Andr\u00e9 ViaMonte: &#8220;Via&#8221; \u00e9 um disco que aborda &#8220;a express\u00e3o emocional em momentos espec\u00edficos da nossa vida&#8221;"}]},{"@type":"WebSite","@id":"https:\/\/infocul.pt\/arquivo\/#website","url":"https:\/\/infocul.pt\/arquivo\/","name":"Infocul.pt - Arquivo Digital","description":"Arquivo digital da Infocul.pt","publisher":{"@id":"https:\/\/infocul.pt\/arquivo\/#organization"},"potentialAction":[{"@type":"SearchAction","target":{"@type":"EntryPoint","urlTemplate":"https:\/\/infocul.pt\/arquivo\/?s={search_term_string}"},"query-input":{"@type":"PropertyValueSpecification","valueRequired":true,"valueName":"search_term_string"}}],"inLanguage":"pt-PT"},{"@type":"Organization","@id":"https:\/\/infocul.pt\/arquivo\/#organization","name":"Infocul.pt","url":"https:\/\/infocul.pt\/arquivo\/","logo":{"@type":"ImageObject","inLanguage":"pt-PT","@id":"https:\/\/infocul.pt\/arquivo\/#\/schema\/logo\/image\/","url":"https:\/\/infocul.pt\/arquivo\/wp-content\/uploads\/2018\/12\/Infocul_logo-1.png","contentUrl":"https:\/\/infocul.pt\/arquivo\/wp-content\/uploads\/2018\/12\/Infocul_logo-1.png","width":800,"height":800,"caption":"Infocul.pt"},"image":{"@id":"https:\/\/infocul.pt\/arquivo\/#\/schema\/logo\/image\/"},"sameAs":["https:\/\/www.facebook.com\/Infocul-147816815585015\/","https:\/\/x.com\/Infoculpt","http:\/\/www.pictaram.com\/user\/infocul.pt\/2370423710","https:\/\/www.youtube.com\/channel\/UCYEB91AGI9FL9ek2i_IaQAA"]},{"@type":"Person","@id":"https:\/\/infocul.pt\/arquivo\/#\/schema\/person\/060a108d7f2d85fc6aae505119ee5234","name":"Rui Lavrador","image":{"@type":"ImageObject","inLanguage":"pt-PT","@id":"https:\/\/secure.gravatar.com\/avatar\/93febd6873394aa8e975148548a0cb203acfdd42d2c85c5f1408e1a76678aece?s=96&d=mm&r=g","url":"https:\/\/secure.gravatar.com\/avatar\/93febd6873394aa8e975148548a0cb203acfdd42d2c85c5f1408e1a76678aece?s=96&d=mm&r=g","contentUrl":"https:\/\/secure.gravatar.com\/avatar\/93febd6873394aa8e975148548a0cb203acfdd42d2c85c5f1408e1a76678aece?s=96&d=mm&r=g","caption":"Rui Lavrador"},"description":"Iniciou em 2011 o seu percurso em comunica\u00e7\u00e3o social, tendo integrado v\u00e1rios projectos editoriais. Durante o seu percurso integrou projectos como Jornal Hardm\u00fasica, LusoNot\u00edcias, Toureio.pt, ODigital.pt, entre outros \u00d3rg\u00e3os de Comunica\u00e7\u00e3o Social nacionais, na redac\u00e7\u00e3o de v\u00e1rios artigos. Entrevistou a grande maioria das personalidades mais importantes da vida social e cultural do pa\u00eds, destacando-se, tamb\u00e9m, na aprecia\u00e7\u00e3o de v\u00e1rios espect\u00e1culos. Durante o seu percurso, deu a conhecer v\u00e1rios artistas, at\u00e9 ent\u00e3o desconhecidos, ao grande p\u00fablico. Em 2015 criou e fundou o Infocul.pt, projecto no qual assume a direc\u00e7\u00e3o editorial.","sameAs":["http:\/\/www.infocul.pt"]}]}},"_links":{"self":[{"href":"https:\/\/infocul.pt\/arquivo\/wp-json\/wp\/v2\/posts\/7591","targetHints":{"allow":["GET"]}}],"collection":[{"href":"https:\/\/infocul.pt\/arquivo\/wp-json\/wp\/v2\/posts"}],"about":[{"href":"https:\/\/infocul.pt\/arquivo\/wp-json\/wp\/v2\/types\/post"}],"author":[{"embeddable":true,"href":"https:\/\/infocul.pt\/arquivo\/wp-json\/wp\/v2\/users\/2"}],"replies":[{"embeddable":true,"href":"https:\/\/infocul.pt\/arquivo\/wp-json\/wp\/v2\/comments?post=7591"}],"version-history":[{"count":0,"href":"https:\/\/infocul.pt\/arquivo\/wp-json\/wp\/v2\/posts\/7591\/revisions"}],"wp:featuredmedia":[{"embeddable":true,"href":"https:\/\/infocul.pt\/arquivo\/wp-json\/wp\/v2\/media\/7592"}],"wp:attachment":[{"href":"https:\/\/infocul.pt\/arquivo\/wp-json\/wp\/v2\/media?parent=7591"}],"wp:term":[{"taxonomy":"category","embeddable":true,"href":"https:\/\/infocul.pt\/arquivo\/wp-json\/wp\/v2\/categories?post=7591"},{"taxonomy":"post_tag","embeddable":true,"href":"https:\/\/infocul.pt\/arquivo\/wp-json\/wp\/v2\/tags?post=7591"}],"curies":[{"name":"wp","href":"https:\/\/api.w.org\/{rel}","templated":true}]}}