{"id":76091,"date":"2020-07-07T14:51:18","date_gmt":"2020-07-07T13:51:18","guid":{"rendered":"https:\/\/infocul.pt\/?p=76091"},"modified":"2020-07-07T14:55:53","modified_gmt":"2020-07-07T13:55:53","slug":"protoiro-acusa-pan-de-mentir-quanto-aos-apoios-publicos-a-tauromaquia","status":"publish","type":"post","link":"https:\/\/infocul.pt\/arquivo\/actualidade\/protoiro-acusa-pan-de-mentir-quanto-aos-apoios-publicos-a-tauromaquia\/","title":{"rendered":"ProToiro acusa PAN de mentir quanto aos apoios p\u00fablicos \u00e0 tauromaquia"},"content":{"rendered":"<p><img decoding=\"async\" class=\"aligncenter wp-image-43218 size-large lazyload\" data-src=\"https:\/\/infocul.pt\/arquivo\/wp-content\/uploads\/2018\/06\/LOGO-PROTOIRO-Final-hor-1024x630.jpg\" alt=\"\" width=\"800\" height=\"492\" data-srcset=\"https:\/\/infocul.pt\/arquivo\/wp-content\/uploads\/2018\/06\/LOGO-PROTOIRO-Final-hor-1024x630.jpg 1024w, https:\/\/infocul.pt\/arquivo\/wp-content\/uploads\/2018\/06\/LOGO-PROTOIRO-Final-hor-300x185.jpg 300w, https:\/\/infocul.pt\/arquivo\/wp-content\/uploads\/2018\/06\/LOGO-PROTOIRO-Final-hor-768x472.jpg 768w\" data-sizes=\"(max-width: 800px) 100vw, 800px\" src=\"data:image\/svg+xml;base64,PHN2ZyB3aWR0aD0iMSIgaGVpZ2h0PSIxIiB4bWxucz0iaHR0cDovL3d3dy53My5vcmcvMjAwMC9zdmciPjwvc3ZnPg==\" style=\"--smush-placeholder-width: 800px; --smush-placeholder-aspect-ratio: 800\/492;\" \/><\/p>\n<p>A Pr\u00f3toiro emitiu um comunicado, com declara\u00e7\u00f5es do seu secret\u00e1rio-geral (H\u00e9lder Milheiro), relativamente \u00e0s declara\u00e7\u00f5es da deputada do PAN, In\u00eas Sousa Real, <a href=\"https:\/\/infocul.pt\/arquivo\/actualidade\/tvi-debateu-as-touradas-c-video\/\" target=\"_blank\" rel=\"noopener noreferrer\">ontem na TVI aquando do debate sobre Touradas e financiamento p\u00fablico<\/a>.<!--more--><\/p>\n<p>&nbsp;<\/p>\n<p><strong>Abaixo deixamos o comunicado na \u00edntegra:\u00a0<\/strong><\/p>\n<p>&#8220;A rotina demag\u00f3gica de certos partidos de nicho j\u00e1 nos habituou a estes projetos ilegais, intolerantes e contra a cultura portuguesa, que t\u00eam sido repetidamente chumbados.<\/p>\n<p>A Tauromaquia \u00e9 das poucas \u00e1reas culturais que vivem da bilheteira, ao contr\u00e1rio da maioria das outras formas de cultura dependentes de apoios p\u00fablicos. N\u00e3o somos contra o financiamento do Estado \u00e0s atividades culturais. Bem pelo contr\u00e1rio. Essa \u00e9 a obriga\u00e7\u00e3o constitucional do Estado: promover o acesso \u00e0 Cultura a todos os cidad\u00e3os. Mais, a tauromaquia \u00e9 tutelada pelo minist\u00e9rio da Cultura e, por isso, qualquer apoio seria absolutamente leg\u00edtimo.<\/p>\n<p>Nas palavras de Helder Milheiro, Secret\u00e1rio-geral da PROTOIRO &#8220;n\u00e3o existe nenhum programa de apoio \u00e0 tauromaquia no Minist\u00e9rio da Cultura ou do Estado central, existindo uma situa\u00e7\u00e3o de discrimina\u00e7\u00e3o em rela\u00e7\u00e3o \u00e0s demais \u00e1reas culturais. Por exemplo o apoio para o cinema e audiovisual em 2020 tem um valor de 22,7 milh\u00f5es de euros. O programa de apoios \u00e0s artes (2020-2021) tem uma dota\u00e7\u00e3o de 18,6 milh\u00f5es. A Tauromaquia tem zero!&#8221;<\/p>\n<p>Muitos dos apoios que existem s\u00e3o para eventos de tauromaquia popular, ou seja, festas populares que v\u00e3o muito para al\u00e9m da tauromaquia e que t\u00eam outras manifesta\u00e7\u00f5es art\u00edsticas e culturais associadas, movimentando mais de 2,5 milh\u00f5es de pessoas. Se estes projectos fossem aprovados muitas das maiores festas populares de Portugal desapareceriam. O Colete Encarnado de Vila Franca de Xira, as Festas do Barrete Verde de Alcochete, as Festas da Moita, as festas de Barrancos, a Vaca das Cordas de Ponte de Lima, as Touradas \u00e0 Corda dos A\u00e7ores, as Capeias Arraianas do Sabugal, classificadas como Patrim\u00f3nio Cultural Imaterial de Portugal, s\u00e3o alguns exemplos.<\/p>\n<p>Desconstru\u00e7\u00e3o dos apoios invocados:<\/p>\n<p>Benef\u00edcios fiscais: A tauromaquia n\u00e3o tem nenhum tipo de benef\u00edcios fiscais em rela\u00e7\u00e3o a qualquer outra \u00e1rea cultural. Ali\u00e1s, neste momento, est\u00e1 penalizada com um IVA discriminat\u00f3rio de 23%, ao inv\u00e9s das restantes \u00e1reas culturais com iva a 6%. A \u00fanica isen\u00e7\u00e3o fiscal existente \u00e9 no IVA da presta\u00e7\u00e3o de servi\u00e7os dos artistas, igual todos os setores culturais. No entanto, no caso da tauromaquia, a maioria dos toureiros possui sociedade empresariais, pagando iva a 23%.<br \/>\nApoios europeus: \u00c9 falso que existam. Existem apoios \u00e0 ra\u00e7a brava dentro dos apoios a todas as ra\u00e7as aut\u00f3ctones portuguesas e n\u00e3o existe<br \/>\nnenhum apoio a animais usados em touradas, pois os apoios s\u00f3 existem para as vacas bravas aleitantes (que n\u00e3o s\u00e3o usadas nas touradas) estando os toiros exclu\u00eddos. A Comiss\u00e3o Europeia j\u00e1 por diversas vezes reiterou que n\u00e3o existem apoios europeus destinados a atividades taurom\u00e1quicas.<\/p>\n<p>Proibi\u00e7\u00e3o de apoios europeus: N\u00e3o existem apoios destinados a atividades taurom\u00e1quicas, logo n\u00e3o podem ser proibidos.<\/p>\n<p>RTP. As transmiss\u00f5es de touradas na RTP s\u00e3o l\u00edderes de audi\u00eancias, mostrando o forte apoio dos portugueses a estes conte\u00fados culturais, que a<br \/>\nRTP tem dentro das suas obriga\u00e7\u00f5es de promo\u00e7\u00e3o e divulga\u00e7\u00e3o da cultura portuguesa, como bem o refor\u00e7a a ERC. Al\u00e9m das elevadas audi\u00eancias, \u00e9 provavelmente o programa mais barato da RTP no custo hora, pelo que \u00e9 um exemplo de produ\u00e7\u00e3o de conte\u00fados de elevada audi\u00eancia a custo muito baixos.<\/p>\n<p>Apoios municipais: o Poder Local investiu em todo o pa\u00eds pouco mais de 250 mil de euros ano, em atividades taurom\u00e1quicas, entre 2013 e 2017, segundo o Base, portal da contrata\u00e7\u00e3o p\u00fablica. Estes valores irris\u00f3rios s\u00e3o um investimento e n\u00e3o uma despesa, uma vez que a tauromaquia atrai anualmente cerca de meio milh\u00e3o de espectadores em pra\u00e7as de touros e cerca de 2,5 milh\u00f5es nas tauromaquias populares (de rua). Ambas com elevado impacto econ\u00f3mico e no emprego.<br \/>\nPor exemplo em 2019 as 3 corridas de toiros em Santar\u00e9m, tiveram um apoio de 20 mil euros, geraram um impacto econ\u00f3mico direto de mais de 1 milh\u00e3o de euros. Um exemplo de boa gest\u00e3o de dinheiros p\u00fablicos.<\/p>\n<p>Com efeito, conv\u00e9m n\u00e3o esquecer o artigo 13\u00ba da nossa Lei Fundamental, o Princ\u00edpio de Igualdade, segundo o qual \u201cTodos os cidad\u00e3os t\u00eam a mesma dignidade social e s\u00e3o iguais perante a lei\u201d.<\/p>\n<p>O artigo 43\u00ba refere claramente que \u201cO Estado n\u00e3o pode programar a educa\u00e7\u00e3o e a cultura segundo quaisquer diretrizes filos\u00f3ficas, est\u00e9ticas, pol\u00edticas, ideol\u00f3gicas ou religiosas.\u201d<\/p>\n<p>Tamb\u00e9m o artigo 73\u00ba, n.\u00ba1, da Constitui\u00e7\u00e3o disp\u00f5e que: \u201ctodos t\u00eam direito \u00e0 cultura\u201d e \u201cO Estado promove a democratiza\u00e7\u00e3o da cultura, incentivando e assegurando o acesso de todos os cidad\u00e3os \u00e0 frui\u00e7\u00e3o e cria\u00e7\u00e3o cultural. (&#8230;)\u201d e o artigo 78\u00ba, n\u00ba 1, da Constitui\u00e7\u00e3o acrescenta que: \u201ctodos t\u00eam direito \u00e0 frui\u00e7\u00e3o e cria\u00e7\u00e3o cultural, bem como o dever de preservar, defender e valorizar o patrim\u00f3nio cultural.\u201d sendo que o n\u00ba 2 desse mesmo artigo disp\u00f5e que \u201cincumbe ao Estado, em colabora\u00e7\u00e3o com os agentes culturais, incentivar e assegurar o acesso de todos os cidad\u00e3os aos meios e instrumentos de a\u00e7\u00e3o cultural, (&#8230;) e promover a salvaguarda e a valoriza\u00e7\u00e3o do patrim\u00f3nio cultural, tornando-o elemento vivificador da identidade cultural comum.\u201d<\/p>\n<p>Rematando H\u00e9lder Milheiro &#8220;estes projetos s\u00e3o inconstitucionais, discriminat\u00f3rios e atentat\u00f3rios dos mais elementares direitos dos cidad\u00e3os, em particular dos 3 milh\u00f5es de portugueses que se afirmam aficionados, e das obriga\u00e7\u00f5es constitucionais do Estado. Estes projetos j\u00e1 foram repetidamente chumbados nas \u00faltimas sess\u00f5es legislativas e acreditamos que os deputados saber\u00e3o, uma vez mais, defender a cultura, legalidade e a liberdade de todos os portugueses.\u201d<\/p>\n","protected":false},"excerpt":{"rendered":"<p>A Pr\u00f3toiro emitiu um comunicado, com declara\u00e7\u00f5es do seu secret\u00e1rio-geral (H\u00e9lder Milheiro), relativamente \u00e0s declara\u00e7\u00f5es da deputada do PAN, In\u00eas Sousa Real, ontem na TVI aquando do debate sobre Touradas e financiamento p\u00fablico.<\/p>\n","protected":false},"author":13,"featured_media":43218,"comment_status":"open","ping_status":"closed","sticky":false,"template":"","format":"standard","meta":{"footnotes":""},"categories":[10,2,16,7],"tags":[9705,1739,4076,160,2288],"class_list":["post-76091","post","type-post","status-publish","format-standard","has-post-thumbnail","hentry","category-actualidade","category-cultura","category-politica","category-tauromaquia","tag-ines-sousa-real","tag-pan","tag-protoiro","tag-tauromaquia","tag-tvi"],"yoast_head":"<!-- This site is optimized with the Yoast SEO plugin v27.4 - https:\/\/yoast.com\/product\/yoast-seo-wordpress\/ -->\n<title>ProToiro acusa PAN de mentir quanto aos apoios p\u00fablicos \u00e0 tauromaquia | Infocul.pt - Arquivo Digital<\/title>\n<meta name=\"description\" content=\"ProToiro acusa PAN de mentir quanto aos apoios p\u00fablicos \u00e0 tauromaquia | Infocul.pt - Arquivo Digital\" \/>\n<meta name=\"robots\" content=\"noindex, follow, max-snippet:-1, max-image-preview:large, max-video-preview:-1\" \/>\n<meta property=\"og:locale\" content=\"pt_PT\" \/>\n<meta property=\"og:type\" content=\"article\" \/>\n<meta property=\"og:title\" content=\"ProToiro acusa PAN de mentir quanto aos apoios p\u00fablicos \u00e0 tauromaquia | Infocul.pt - Arquivo Digital\" \/>\n<meta property=\"og:description\" content=\"ProToiro acusa PAN de mentir quanto aos apoios p\u00fablicos \u00e0 tauromaquia | Infocul.pt - Arquivo Digital\" \/>\n<meta property=\"og:url\" content=\"https:\/\/infocul.pt\/arquivo\/actualidade\/protoiro-acusa-pan-de-mentir-quanto-aos-apoios-publicos-a-tauromaquia\/\" \/>\n<meta property=\"og:site_name\" content=\"Infocul.pt - Arquivo Digital\" \/>\n<meta property=\"article:publisher\" content=\"https:\/\/www.facebook.com\/Infocul-147816815585015\/\" \/>\n<meta property=\"article:published_time\" content=\"2020-07-07T13:51:18+00:00\" \/>\n<meta property=\"article:modified_time\" content=\"2020-07-07T13:55:53+00:00\" \/>\n<meta property=\"og:image\" content=\"https:\/\/infocul.pt\/arquivo\/wp-content\/uploads\/2018\/06\/LOGO-PROTOIRO-Final-hor.jpg\" \/>\n\t<meta property=\"og:image:width\" content=\"2560\" \/>\n\t<meta property=\"og:image:height\" content=\"1575\" \/>\n\t<meta property=\"og:image:type\" content=\"image\/jpeg\" \/>\n<meta name=\"author\" content=\"Redac\u00e7\u00e3o\" \/>\n<meta name=\"twitter:card\" content=\"summary_large_image\" \/>\n<meta name=\"twitter:creator\" content=\"@Infoculpt\" \/>\n<meta name=\"twitter:site\" content=\"@Infoculpt\" \/>\n<meta name=\"twitter:label1\" content=\"Escrito por\" \/>\n\t<meta name=\"twitter:data1\" content=\"Redac\u00e7\u00e3o\" \/>\n\t<meta name=\"twitter:label2\" content=\"Tempo estimado de leitura\" \/>\n\t<meta name=\"twitter:data2\" content=\"5 minutos\" \/>\n<script type=\"application\/ld+json\" class=\"yoast-schema-graph\">{\"@context\":\"https:\\\/\\\/schema.org\",\"@graph\":[{\"@type\":\"Article\",\"@id\":\"https:\\\/\\\/infocul.pt\\\/arquivo\\\/actualidade\\\/protoiro-acusa-pan-de-mentir-quanto-aos-apoios-publicos-a-tauromaquia\\\/#article\",\"isPartOf\":{\"@id\":\"https:\\\/\\\/infocul.pt\\\/arquivo\\\/actualidade\\\/protoiro-acusa-pan-de-mentir-quanto-aos-apoios-publicos-a-tauromaquia\\\/\"},\"author\":{\"name\":\"Redac\u00e7\u00e3o\",\"@id\":\"https:\\\/\\\/infocul.pt\\\/arquivo\\\/#\\\/schema\\\/person\\\/f243f45ae8d67639120a7586884f3abc\"},\"headline\":\"ProToiro acusa PAN de mentir quanto aos apoios p\u00fablicos \u00e0 tauromaquia\",\"datePublished\":\"2020-07-07T13:51:18+00:00\",\"dateModified\":\"2020-07-07T13:55:53+00:00\",\"mainEntityOfPage\":{\"@id\":\"https:\\\/\\\/infocul.pt\\\/arquivo\\\/actualidade\\\/protoiro-acusa-pan-de-mentir-quanto-aos-apoios-publicos-a-tauromaquia\\\/\"},\"wordCount\":1005,\"commentCount\":0,\"publisher\":{\"@id\":\"https:\\\/\\\/infocul.pt\\\/arquivo\\\/#organization\"},\"image\":{\"@id\":\"https:\\\/\\\/infocul.pt\\\/arquivo\\\/actualidade\\\/protoiro-acusa-pan-de-mentir-quanto-aos-apoios-publicos-a-tauromaquia\\\/#primaryimage\"},\"thumbnailUrl\":\"https:\\\/\\\/infocul.pt\\\/arquivo\\\/wp-content\\\/uploads\\\/2018\\\/06\\\/LOGO-PROTOIRO-Final-hor.jpg\",\"keywords\":[\"In\u00eas Sousa Real\",\"PAN\",\"Pr\u00f3toiro\",\"Tauromaquia\",\"TVI\"],\"articleSection\":[\"Actualidade\",\"Cultura\",\"Politica\",\"Tauromaquia\"],\"inLanguage\":\"pt-PT\"},{\"@type\":\"WebPage\",\"@id\":\"https:\\\/\\\/infocul.pt\\\/arquivo\\\/actualidade\\\/protoiro-acusa-pan-de-mentir-quanto-aos-apoios-publicos-a-tauromaquia\\\/\",\"url\":\"https:\\\/\\\/infocul.pt\\\/arquivo\\\/actualidade\\\/protoiro-acusa-pan-de-mentir-quanto-aos-apoios-publicos-a-tauromaquia\\\/\",\"name\":\"ProToiro acusa PAN de mentir quanto aos apoios p\u00fablicos \u00e0 tauromaquia | Infocul.pt - Arquivo Digital\",\"isPartOf\":{\"@id\":\"https:\\\/\\\/infocul.pt\\\/arquivo\\\/#website\"},\"primaryImageOfPage\":{\"@id\":\"https:\\\/\\\/infocul.pt\\\/arquivo\\\/actualidade\\\/protoiro-acusa-pan-de-mentir-quanto-aos-apoios-publicos-a-tauromaquia\\\/#primaryimage\"},\"image\":{\"@id\":\"https:\\\/\\\/infocul.pt\\\/arquivo\\\/actualidade\\\/protoiro-acusa-pan-de-mentir-quanto-aos-apoios-publicos-a-tauromaquia\\\/#primaryimage\"},\"thumbnailUrl\":\"https:\\\/\\\/infocul.pt\\\/arquivo\\\/wp-content\\\/uploads\\\/2018\\\/06\\\/LOGO-PROTOIRO-Final-hor.jpg\",\"datePublished\":\"2020-07-07T13:51:18+00:00\",\"dateModified\":\"2020-07-07T13:55:53+00:00\",\"description\":\"ProToiro acusa PAN de mentir quanto aos apoios p\u00fablicos \u00e0 tauromaquia | Infocul.pt - Arquivo Digital\",\"breadcrumb\":{\"@id\":\"https:\\\/\\\/infocul.pt\\\/arquivo\\\/actualidade\\\/protoiro-acusa-pan-de-mentir-quanto-aos-apoios-publicos-a-tauromaquia\\\/#breadcrumb\"},\"inLanguage\":\"pt-PT\",\"potentialAction\":[{\"@type\":\"ReadAction\",\"target\":[\"https:\\\/\\\/infocul.pt\\\/arquivo\\\/actualidade\\\/protoiro-acusa-pan-de-mentir-quanto-aos-apoios-publicos-a-tauromaquia\\\/\"]}]},{\"@type\":\"ImageObject\",\"inLanguage\":\"pt-PT\",\"@id\":\"https:\\\/\\\/infocul.pt\\\/arquivo\\\/actualidade\\\/protoiro-acusa-pan-de-mentir-quanto-aos-apoios-publicos-a-tauromaquia\\\/#primaryimage\",\"url\":\"https:\\\/\\\/infocul.pt\\\/arquivo\\\/wp-content\\\/uploads\\\/2018\\\/06\\\/LOGO-PROTOIRO-Final-hor.jpg\",\"contentUrl\":\"https:\\\/\\\/infocul.pt\\\/arquivo\\\/wp-content\\\/uploads\\\/2018\\\/06\\\/LOGO-PROTOIRO-Final-hor.jpg\",\"width\":2560,\"height\":1575},{\"@type\":\"BreadcrumbList\",\"@id\":\"https:\\\/\\\/infocul.pt\\\/arquivo\\\/actualidade\\\/protoiro-acusa-pan-de-mentir-quanto-aos-apoios-publicos-a-tauromaquia\\\/#breadcrumb\",\"itemListElement\":[{\"@type\":\"ListItem\",\"position\":1,\"name\":\"Home\",\"item\":\"https:\\\/\\\/infocul.pt\\\/arquivo\\\/\"},{\"@type\":\"ListItem\",\"position\":2,\"name\":\"ProToiro acusa PAN de mentir quanto aos apoios p\u00fablicos \u00e0 tauromaquia\"}]},{\"@type\":\"WebSite\",\"@id\":\"https:\\\/\\\/infocul.pt\\\/arquivo\\\/#website\",\"url\":\"https:\\\/\\\/infocul.pt\\\/arquivo\\\/\",\"name\":\"Infocul.pt - Arquivo Digital\",\"description\":\"Arquivo digital da Infocul.pt\",\"publisher\":{\"@id\":\"https:\\\/\\\/infocul.pt\\\/arquivo\\\/#organization\"},\"potentialAction\":[{\"@type\":\"SearchAction\",\"target\":{\"@type\":\"EntryPoint\",\"urlTemplate\":\"https:\\\/\\\/infocul.pt\\\/arquivo\\\/?s={search_term_string}\"},\"query-input\":{\"@type\":\"PropertyValueSpecification\",\"valueRequired\":true,\"valueName\":\"search_term_string\"}}],\"inLanguage\":\"pt-PT\"},{\"@type\":\"Organization\",\"@id\":\"https:\\\/\\\/infocul.pt\\\/arquivo\\\/#organization\",\"name\":\"Infocul.pt\",\"url\":\"https:\\\/\\\/infocul.pt\\\/arquivo\\\/\",\"logo\":{\"@type\":\"ImageObject\",\"inLanguage\":\"pt-PT\",\"@id\":\"https:\\\/\\\/infocul.pt\\\/arquivo\\\/#\\\/schema\\\/logo\\\/image\\\/\",\"url\":\"https:\\\/\\\/infocul.pt\\\/arquivo\\\/wp-content\\\/uploads\\\/2018\\\/12\\\/Infocul_logo-1.png\",\"contentUrl\":\"https:\\\/\\\/infocul.pt\\\/arquivo\\\/wp-content\\\/uploads\\\/2018\\\/12\\\/Infocul_logo-1.png\",\"width\":800,\"height\":800,\"caption\":\"Infocul.pt\"},\"image\":{\"@id\":\"https:\\\/\\\/infocul.pt\\\/arquivo\\\/#\\\/schema\\\/logo\\\/image\\\/\"},\"sameAs\":[\"https:\\\/\\\/www.facebook.com\\\/Infocul-147816815585015\\\/\",\"https:\\\/\\\/x.com\\\/Infoculpt\",\"http:\\\/\\\/www.pictaram.com\\\/user\\\/infocul.pt\\\/2370423710\",\"https:\\\/\\\/www.youtube.com\\\/channel\\\/UCYEB91AGI9FL9ek2i_IaQAA\"]},{\"@type\":\"Person\",\"@id\":\"https:\\\/\\\/infocul.pt\\\/arquivo\\\/#\\\/schema\\\/person\\\/f243f45ae8d67639120a7586884f3abc\",\"name\":\"Redac\u00e7\u00e3o\",\"image\":{\"@type\":\"ImageObject\",\"inLanguage\":\"pt-PT\",\"@id\":\"https:\\\/\\\/secure.gravatar.com\\\/avatar\\\/151b1b76c598ab5e749407223bd6c1bad4e41c4e95de3c3df83540ebee2deaf8?s=96&d=mm&r=g\",\"url\":\"https:\\\/\\\/secure.gravatar.com\\\/avatar\\\/151b1b76c598ab5e749407223bd6c1bad4e41c4e95de3c3df83540ebee2deaf8?s=96&d=mm&r=g\",\"contentUrl\":\"https:\\\/\\\/secure.gravatar.com\\\/avatar\\\/151b1b76c598ab5e749407223bd6c1bad4e41c4e95de3c3df83540ebee2deaf8?s=96&d=mm&r=g\",\"caption\":\"Redac\u00e7\u00e3o\"}}]}<\/script>\n<!-- \/ Yoast SEO plugin. -->","yoast_head_json":{"title":"ProToiro acusa PAN de mentir quanto aos apoios p\u00fablicos \u00e0 tauromaquia | Infocul.pt - Arquivo Digital","description":"ProToiro acusa PAN de mentir quanto aos apoios p\u00fablicos \u00e0 tauromaquia | Infocul.pt - Arquivo Digital","robots":{"index":"noindex","follow":"follow","max-snippet":"max-snippet:-1","max-image-preview":"max-image-preview:large","max-video-preview":"max-video-preview:-1"},"og_locale":"pt_PT","og_type":"article","og_title":"ProToiro acusa PAN de mentir quanto aos apoios p\u00fablicos \u00e0 tauromaquia | Infocul.pt - Arquivo Digital","og_description":"ProToiro acusa PAN de mentir quanto aos apoios p\u00fablicos \u00e0 tauromaquia | Infocul.pt - Arquivo Digital","og_url":"https:\/\/infocul.pt\/arquivo\/actualidade\/protoiro-acusa-pan-de-mentir-quanto-aos-apoios-publicos-a-tauromaquia\/","og_site_name":"Infocul.pt - Arquivo Digital","article_publisher":"https:\/\/www.facebook.com\/Infocul-147816815585015\/","article_published_time":"2020-07-07T13:51:18+00:00","article_modified_time":"2020-07-07T13:55:53+00:00","og_image":[{"width":2560,"height":1575,"url":"https:\/\/infocul.pt\/arquivo\/wp-content\/uploads\/2018\/06\/LOGO-PROTOIRO-Final-hor.jpg","type":"image\/jpeg"}],"author":"Redac\u00e7\u00e3o","twitter_card":"summary_large_image","twitter_creator":"@Infoculpt","twitter_site":"@Infoculpt","twitter_misc":{"Escrito por":"Redac\u00e7\u00e3o","Tempo estimado de leitura":"5 minutos"},"schema":{"@context":"https:\/\/schema.org","@graph":[{"@type":"Article","@id":"https:\/\/infocul.pt\/arquivo\/actualidade\/protoiro-acusa-pan-de-mentir-quanto-aos-apoios-publicos-a-tauromaquia\/#article","isPartOf":{"@id":"https:\/\/infocul.pt\/arquivo\/actualidade\/protoiro-acusa-pan-de-mentir-quanto-aos-apoios-publicos-a-tauromaquia\/"},"author":{"name":"Redac\u00e7\u00e3o","@id":"https:\/\/infocul.pt\/arquivo\/#\/schema\/person\/f243f45ae8d67639120a7586884f3abc"},"headline":"ProToiro acusa PAN de mentir quanto aos apoios p\u00fablicos \u00e0 tauromaquia","datePublished":"2020-07-07T13:51:18+00:00","dateModified":"2020-07-07T13:55:53+00:00","mainEntityOfPage":{"@id":"https:\/\/infocul.pt\/arquivo\/actualidade\/protoiro-acusa-pan-de-mentir-quanto-aos-apoios-publicos-a-tauromaquia\/"},"wordCount":1005,"commentCount":0,"publisher":{"@id":"https:\/\/infocul.pt\/arquivo\/#organization"},"image":{"@id":"https:\/\/infocul.pt\/arquivo\/actualidade\/protoiro-acusa-pan-de-mentir-quanto-aos-apoios-publicos-a-tauromaquia\/#primaryimage"},"thumbnailUrl":"https:\/\/infocul.pt\/arquivo\/wp-content\/uploads\/2018\/06\/LOGO-PROTOIRO-Final-hor.jpg","keywords":["In\u00eas Sousa Real","PAN","Pr\u00f3toiro","Tauromaquia","TVI"],"articleSection":["Actualidade","Cultura","Politica","Tauromaquia"],"inLanguage":"pt-PT"},{"@type":"WebPage","@id":"https:\/\/infocul.pt\/arquivo\/actualidade\/protoiro-acusa-pan-de-mentir-quanto-aos-apoios-publicos-a-tauromaquia\/","url":"https:\/\/infocul.pt\/arquivo\/actualidade\/protoiro-acusa-pan-de-mentir-quanto-aos-apoios-publicos-a-tauromaquia\/","name":"ProToiro acusa PAN de mentir quanto aos apoios p\u00fablicos \u00e0 tauromaquia | Infocul.pt - Arquivo Digital","isPartOf":{"@id":"https:\/\/infocul.pt\/arquivo\/#website"},"primaryImageOfPage":{"@id":"https:\/\/infocul.pt\/arquivo\/actualidade\/protoiro-acusa-pan-de-mentir-quanto-aos-apoios-publicos-a-tauromaquia\/#primaryimage"},"image":{"@id":"https:\/\/infocul.pt\/arquivo\/actualidade\/protoiro-acusa-pan-de-mentir-quanto-aos-apoios-publicos-a-tauromaquia\/#primaryimage"},"thumbnailUrl":"https:\/\/infocul.pt\/arquivo\/wp-content\/uploads\/2018\/06\/LOGO-PROTOIRO-Final-hor.jpg","datePublished":"2020-07-07T13:51:18+00:00","dateModified":"2020-07-07T13:55:53+00:00","description":"ProToiro acusa PAN de mentir quanto aos apoios p\u00fablicos \u00e0 tauromaquia | Infocul.pt - Arquivo Digital","breadcrumb":{"@id":"https:\/\/infocul.pt\/arquivo\/actualidade\/protoiro-acusa-pan-de-mentir-quanto-aos-apoios-publicos-a-tauromaquia\/#breadcrumb"},"inLanguage":"pt-PT","potentialAction":[{"@type":"ReadAction","target":["https:\/\/infocul.pt\/arquivo\/actualidade\/protoiro-acusa-pan-de-mentir-quanto-aos-apoios-publicos-a-tauromaquia\/"]}]},{"@type":"ImageObject","inLanguage":"pt-PT","@id":"https:\/\/infocul.pt\/arquivo\/actualidade\/protoiro-acusa-pan-de-mentir-quanto-aos-apoios-publicos-a-tauromaquia\/#primaryimage","url":"https:\/\/infocul.pt\/arquivo\/wp-content\/uploads\/2018\/06\/LOGO-PROTOIRO-Final-hor.jpg","contentUrl":"https:\/\/infocul.pt\/arquivo\/wp-content\/uploads\/2018\/06\/LOGO-PROTOIRO-Final-hor.jpg","width":2560,"height":1575},{"@type":"BreadcrumbList","@id":"https:\/\/infocul.pt\/arquivo\/actualidade\/protoiro-acusa-pan-de-mentir-quanto-aos-apoios-publicos-a-tauromaquia\/#breadcrumb","itemListElement":[{"@type":"ListItem","position":1,"name":"Home","item":"https:\/\/infocul.pt\/arquivo\/"},{"@type":"ListItem","position":2,"name":"ProToiro acusa PAN de mentir quanto aos apoios p\u00fablicos \u00e0 tauromaquia"}]},{"@type":"WebSite","@id":"https:\/\/infocul.pt\/arquivo\/#website","url":"https:\/\/infocul.pt\/arquivo\/","name":"Infocul.pt - Arquivo Digital","description":"Arquivo digital da Infocul.pt","publisher":{"@id":"https:\/\/infocul.pt\/arquivo\/#organization"},"potentialAction":[{"@type":"SearchAction","target":{"@type":"EntryPoint","urlTemplate":"https:\/\/infocul.pt\/arquivo\/?s={search_term_string}"},"query-input":{"@type":"PropertyValueSpecification","valueRequired":true,"valueName":"search_term_string"}}],"inLanguage":"pt-PT"},{"@type":"Organization","@id":"https:\/\/infocul.pt\/arquivo\/#organization","name":"Infocul.pt","url":"https:\/\/infocul.pt\/arquivo\/","logo":{"@type":"ImageObject","inLanguage":"pt-PT","@id":"https:\/\/infocul.pt\/arquivo\/#\/schema\/logo\/image\/","url":"https:\/\/infocul.pt\/arquivo\/wp-content\/uploads\/2018\/12\/Infocul_logo-1.png","contentUrl":"https:\/\/infocul.pt\/arquivo\/wp-content\/uploads\/2018\/12\/Infocul_logo-1.png","width":800,"height":800,"caption":"Infocul.pt"},"image":{"@id":"https:\/\/infocul.pt\/arquivo\/#\/schema\/logo\/image\/"},"sameAs":["https:\/\/www.facebook.com\/Infocul-147816815585015\/","https:\/\/x.com\/Infoculpt","http:\/\/www.pictaram.com\/user\/infocul.pt\/2370423710","https:\/\/www.youtube.com\/channel\/UCYEB91AGI9FL9ek2i_IaQAA"]},{"@type":"Person","@id":"https:\/\/infocul.pt\/arquivo\/#\/schema\/person\/f243f45ae8d67639120a7586884f3abc","name":"Redac\u00e7\u00e3o","image":{"@type":"ImageObject","inLanguage":"pt-PT","@id":"https:\/\/secure.gravatar.com\/avatar\/151b1b76c598ab5e749407223bd6c1bad4e41c4e95de3c3df83540ebee2deaf8?s=96&d=mm&r=g","url":"https:\/\/secure.gravatar.com\/avatar\/151b1b76c598ab5e749407223bd6c1bad4e41c4e95de3c3df83540ebee2deaf8?s=96&d=mm&r=g","contentUrl":"https:\/\/secure.gravatar.com\/avatar\/151b1b76c598ab5e749407223bd6c1bad4e41c4e95de3c3df83540ebee2deaf8?s=96&d=mm&r=g","caption":"Redac\u00e7\u00e3o"}}]}},"_links":{"self":[{"href":"https:\/\/infocul.pt\/arquivo\/wp-json\/wp\/v2\/posts\/76091","targetHints":{"allow":["GET"]}}],"collection":[{"href":"https:\/\/infocul.pt\/arquivo\/wp-json\/wp\/v2\/posts"}],"about":[{"href":"https:\/\/infocul.pt\/arquivo\/wp-json\/wp\/v2\/types\/post"}],"author":[{"embeddable":true,"href":"https:\/\/infocul.pt\/arquivo\/wp-json\/wp\/v2\/users\/13"}],"replies":[{"embeddable":true,"href":"https:\/\/infocul.pt\/arquivo\/wp-json\/wp\/v2\/comments?post=76091"}],"version-history":[{"count":0,"href":"https:\/\/infocul.pt\/arquivo\/wp-json\/wp\/v2\/posts\/76091\/revisions"}],"wp:featuredmedia":[{"embeddable":true,"href":"https:\/\/infocul.pt\/arquivo\/wp-json\/wp\/v2\/media\/43218"}],"wp:attachment":[{"href":"https:\/\/infocul.pt\/arquivo\/wp-json\/wp\/v2\/media?parent=76091"}],"wp:term":[{"taxonomy":"category","embeddable":true,"href":"https:\/\/infocul.pt\/arquivo\/wp-json\/wp\/v2\/categories?post=76091"},{"taxonomy":"post_tag","embeddable":true,"href":"https:\/\/infocul.pt\/arquivo\/wp-json\/wp\/v2\/tags?post=76091"}],"curies":[{"name":"wp","href":"https:\/\/api.w.org\/{rel}","templated":true}]}}