{"id":76436,"date":"2020-07-10T21:03:54","date_gmt":"2020-07-10T20:03:54","guid":{"rendered":"https:\/\/infocul.pt\/?p=76436"},"modified":"2020-07-10T21:03:54","modified_gmt":"2020-07-10T20:03:54","slug":"nissah-acho-de-extrema-importancia-usar-a-minha-voz-artistica-para-poder-ajudar","status":"publish","type":"post","link":"https:\/\/infocul.pt\/arquivo\/cultura\/nissah-acho-de-extrema-importancia-usar-a-minha-voz-artistica-para-poder-ajudar\/","title":{"rendered":"Nissah: &#8220;Acho de extrema import\u00e2ncia usar a minha voz art\u00edstica para poder ajudar&#8221;"},"content":{"rendered":"<p><img decoding=\"async\" class=\"aligncenter wp-image-76437 size-large lazyload\" data-src=\"https:\/\/infocul.pt\/arquivo\/wp-content\/uploads\/2020\/07\/WhatsApp-Image-2020-06-03-at-19.30.44-2-680x1024.jpeg\" alt=\"\" width=\"680\" height=\"1024\" data-srcset=\"https:\/\/infocul.pt\/arquivo\/wp-content\/uploads\/2020\/07\/WhatsApp-Image-2020-06-03-at-19.30.44-2.jpeg 680w, https:\/\/infocul.pt\/arquivo\/wp-content\/uploads\/2020\/07\/WhatsApp-Image-2020-06-03-at-19.30.44-2-199x300.jpeg 199w, https:\/\/infocul.pt\/arquivo\/wp-content\/uploads\/2020\/07\/WhatsApp-Image-2020-06-03-at-19.30.44-2-768x1157.jpeg 768w, https:\/\/infocul.pt\/arquivo\/wp-content\/uploads\/2020\/07\/WhatsApp-Image-2020-06-03-at-19.30.44-2-1020x1536.jpeg 1020w\" data-sizes=\"(max-width: 680px) 100vw, 680px\" src=\"data:image\/svg+xml;base64,PHN2ZyB3aWR0aD0iMSIgaGVpZ2h0PSIxIiB4bWxucz0iaHR0cDovL3d3dy53My5vcmcvMjAwMC9zdmciPjwvc3ZnPg==\" style=\"--smush-placeholder-width: 680px; --smush-placeholder-aspect-ratio: 680\/1024;\" \/><\/p>\n<p>Nissah \u00e9 uma cantora e compositora de 26 anos, nascida em Cabo-Verde. Lan\u00e7ou recentemente o single &#8216;Heartbeat&#8217;, no qual fala de amor. Concedeu entrevista ao Infocul.pt para falar sobre si e o seu lado mais activista.<!--more--><\/p>\n<p>O v\u00eddeo relativo a este tema foi feito durante o confinamento entre Portugal, Sui\u00e7a e Brasil.<\/p>\n<p>Para al\u00e9m da consciencializa\u00e7\u00e3o cultural, Nissah marca tamb\u00e9m posi\u00e7\u00e3o em diversas causas e projetos sociais. Em 2016 lan\u00e7ou o tema \u201cSuperason\u201d, m\u00fasica dedicada a uma amiga da cantora que faleceu v\u00edtima de cancro, e cujas receitas revertem na totalidade para a Luta Contra o Cancro em Cabo Verde.<\/p>\n<p>Nissah fez tamb\u00e9m parte do tema \u201cMais Vida Menos \u00c1lcool\u201d, projecto desenvolvido pela Presid\u00eancia da Rep\u00fablica de Cabo Verde, e do qual fez tamb\u00e9m parte Dino D\u2019Santiago.<\/p>\n<p>Para al\u00e9m disto a Nissah \u00e9 uma \u201cboss woman\u201d que pretende vincar a posi\u00e7\u00e3o feminina no meio da m\u00fasica urbana e de hip-hop.<\/p>\n<p>&nbsp;<\/p>\n<p><strong>O que pretende transmitir com o mais recente single, Heartbeat?<\/strong><\/p>\n<p><em>Heartbeat relata o amor, a paix\u00e3o, todos os sentimentos que batem no nosso cora\u00e7\u00e3o quando pensamos no nosso crush. Reflete a vontade e o desejo de estar perto de quem amamos. \u00c9 uma mulher de causas. <\/em><\/p>\n<p><strong>J\u00e1 abra\u00e7ou v\u00e1rias. Quais as que lhe s\u00e3o mais importantes e para as quais pretende chamar a aten\u00e7\u00e3o a sociedade?<\/strong><\/p>\n<p><em>Para mim, todas s\u00e3o importantes desde que fa\u00e7am a diferen\u00e7a de uma forma positiva na vida de um ser humano. N\u00e3o posso ter prefer\u00eancias nesse aspecto, espero fazer e ajudar o m\u00e1ximo que puder.<\/em><\/p>\n<p><strong>Esta veia mais ativista, j\u00e1 existia antes de ser artista?<\/strong><\/p>\n<p><em>Sim, sempre existiu. O que mudou foi o facto de eu me ter tornado numa pessoa p\u00fablica, porque com isso veio a vantagem de ter uma voz mais expandida e n\u00e3o continuar a ajudar somente no meu c\u00edrculo.<\/em><\/p>\n<p><strong>Sente que sendo artista poder\u00e1 usar a arte para fazer chegar algumas causas a quem a segue?<\/strong><\/p>\n<p><em>Sim, eu acho de extrema import\u00e2ncia usar a minha voz art\u00edstica para poder ajudar, principalmente agora que estou numa plataforma que consegue atingir mais pessoas, \u00e9 uma responsabilidade que ao mesmo tempo me faz feliz por saber que estou \u00abmudando\u00bb de alguma forma a vida de algu\u00e9m.<\/em><\/p>\n<p><strong>Qual a rela\u00e7\u00e3o que tem com Portugal?<\/strong><\/p>\n<p><em>Pessoalmente a rela\u00e7\u00e3o \u00e9 a l\u00edngua, porque em cabo verde a nossa l\u00edngua oficial \u00e9 o Portugu\u00eas. E em rela\u00e7\u00e3o ao profissional seria a Sony Music que \u00e9 a minha nova fam\u00edlia.<\/em><\/p>\n<p><strong>Quais as pr\u00f3ximas novidades que est\u00e3o a ser preparadas?<\/strong><\/p>\n<p><em>De momento, nessa \u00e9poca triste que estamos ultrapassando, n\u00e3o posso falar mais al\u00e9m mas, pode-se esperar novas m\u00fasicas.<\/em><\/p>\n<p><iframe title=\"Nissah - Heartbeat\" width=\"500\" height=\"281\" data-src=\"https:\/\/www.youtube.com\/embed\/onvX8Ne9vtI?feature=oembed\" frameborder=\"0\" allow=\"accelerometer; autoplay; clipboard-write; encrypted-media; gyroscope; picture-in-picture; web-share\" referrerpolicy=\"strict-origin-when-cross-origin\" allowfullscreen src=\"data:image\/svg+xml;base64,PHN2ZyB3aWR0aD0iMSIgaGVpZ2h0PSIxIiB4bWxucz0iaHR0cDovL3d3dy53My5vcmcvMjAwMC9zdmciPjwvc3ZnPg==\" class=\"lazyload\" data-load-mode=\"1\"><\/iframe><\/p>\n","protected":false},"excerpt":{"rendered":"<p>Nissah \u00e9 uma cantora e compositora de 26 anos, nascida em Cabo-Verde. Lan\u00e7ou recentemente o single &#8216;Heartbeat&#8217;, no qual fala de amor. Concedeu entrevista ao Infocul.pt para falar sobre si e o seu lado mais activista.<\/p>\n","protected":false},"author":13,"featured_media":76437,"comment_status":"open","ping_status":"closed","sticky":false,"template":"","format":"standard","meta":{"footnotes":""},"categories":[2,36,4,4124],"tags":[9726],"class_list":["post-76436","post","type-post","status-publish","format-standard","has-post-thumbnail","hentry","category-cultura","category-destaque","category-discos","category-entrevistas","tag-nissah"],"yoast_head":"<!-- This site is optimized with the Yoast SEO plugin v27.4 - https:\/\/yoast.com\/product\/yoast-seo-wordpress\/ -->\n<title>Nissah: &quot;Acho de extrema import\u00e2ncia usar a minha voz art\u00edstica para poder ajudar&quot; | Infocul.pt - Arquivo Digital<\/title>\n<meta name=\"description\" content=\"Nissah: &quot;Acho de extrema import\u00e2ncia usar a minha voz art\u00edstica para poder ajudar&quot; | Infocul.pt - Arquivo Digital\" \/>\n<meta name=\"robots\" content=\"noindex, follow, max-snippet:-1, max-image-preview:large, max-video-preview:-1\" \/>\n<meta property=\"og:locale\" content=\"pt_PT\" \/>\n<meta property=\"og:type\" content=\"article\" \/>\n<meta property=\"og:title\" content=\"Nissah: &quot;Acho de extrema import\u00e2ncia usar a minha voz art\u00edstica para poder ajudar&quot; | Infocul.pt - Arquivo Digital\" \/>\n<meta property=\"og:description\" content=\"Nissah: &quot;Acho de extrema import\u00e2ncia usar a minha voz art\u00edstica para poder ajudar&quot; | Infocul.pt - Arquivo Digital\" \/>\n<meta property=\"og:url\" content=\"https:\/\/infocul.pt\/arquivo\/cultura\/nissah-acho-de-extrema-importancia-usar-a-minha-voz-artistica-para-poder-ajudar\/\" \/>\n<meta property=\"og:site_name\" content=\"Infocul.pt - Arquivo Digital\" \/>\n<meta property=\"article:publisher\" content=\"https:\/\/www.facebook.com\/Infocul-147816815585015\/\" \/>\n<meta property=\"article:published_time\" content=\"2020-07-10T20:03:54+00:00\" \/>\n<meta property=\"og:image\" content=\"https:\/\/infocul.pt\/arquivo\/wp-content\/uploads\/2020\/07\/WhatsApp-Image-2020-06-03-at-19.30.44-2.jpeg\" \/>\n\t<meta property=\"og:image:width\" content=\"680\" \/>\n\t<meta property=\"og:image:height\" content=\"1024\" \/>\n\t<meta property=\"og:image:type\" content=\"image\/jpeg\" \/>\n<meta name=\"author\" content=\"Redac\u00e7\u00e3o\" \/>\n<meta name=\"twitter:card\" content=\"summary_large_image\" \/>\n<meta name=\"twitter:creator\" content=\"@Infoculpt\" \/>\n<meta name=\"twitter:site\" content=\"@Infoculpt\" \/>\n<meta name=\"twitter:label1\" content=\"Escrito por\" \/>\n\t<meta name=\"twitter:data1\" content=\"Redac\u00e7\u00e3o\" \/>\n\t<meta name=\"twitter:label2\" content=\"Tempo estimado de leitura\" \/>\n\t<meta name=\"twitter:data2\" content=\"2 minutos\" \/>\n<script type=\"application\/ld+json\" class=\"yoast-schema-graph\">{\"@context\":\"https:\\\/\\\/schema.org\",\"@graph\":[{\"@type\":\"Article\",\"@id\":\"https:\\\/\\\/infocul.pt\\\/arquivo\\\/cultura\\\/nissah-acho-de-extrema-importancia-usar-a-minha-voz-artistica-para-poder-ajudar\\\/#article\",\"isPartOf\":{\"@id\":\"https:\\\/\\\/infocul.pt\\\/arquivo\\\/cultura\\\/nissah-acho-de-extrema-importancia-usar-a-minha-voz-artistica-para-poder-ajudar\\\/\"},\"author\":{\"name\":\"Redac\u00e7\u00e3o\",\"@id\":\"https:\\\/\\\/infocul.pt\\\/arquivo\\\/#\\\/schema\\\/person\\\/f243f45ae8d67639120a7586884f3abc\"},\"headline\":\"Nissah: &#8220;Acho de extrema import\u00e2ncia usar a minha voz art\u00edstica para poder ajudar&#8221;\",\"datePublished\":\"2020-07-10T20:03:54+00:00\",\"mainEntityOfPage\":{\"@id\":\"https:\\\/\\\/infocul.pt\\\/arquivo\\\/cultura\\\/nissah-acho-de-extrema-importancia-usar-a-minha-voz-artistica-para-poder-ajudar\\\/\"},\"wordCount\":493,\"commentCount\":0,\"publisher\":{\"@id\":\"https:\\\/\\\/infocul.pt\\\/arquivo\\\/#organization\"},\"image\":{\"@id\":\"https:\\\/\\\/infocul.pt\\\/arquivo\\\/cultura\\\/nissah-acho-de-extrema-importancia-usar-a-minha-voz-artistica-para-poder-ajudar\\\/#primaryimage\"},\"thumbnailUrl\":\"https:\\\/\\\/infocul.pt\\\/arquivo\\\/wp-content\\\/uploads\\\/2020\\\/07\\\/WhatsApp-Image-2020-06-03-at-19.30.44-2.jpeg\",\"keywords\":[\"Nissah\"],\"articleSection\":[\"Cultura\",\"Destaque\",\"Discos\",\"Entrevistas\"],\"inLanguage\":\"pt-PT\"},{\"@type\":\"WebPage\",\"@id\":\"https:\\\/\\\/infocul.pt\\\/arquivo\\\/cultura\\\/nissah-acho-de-extrema-importancia-usar-a-minha-voz-artistica-para-poder-ajudar\\\/\",\"url\":\"https:\\\/\\\/infocul.pt\\\/arquivo\\\/cultura\\\/nissah-acho-de-extrema-importancia-usar-a-minha-voz-artistica-para-poder-ajudar\\\/\",\"name\":\"Nissah: \\\"Acho de extrema import\u00e2ncia usar a minha voz art\u00edstica para poder ajudar\\\" | Infocul.pt - Arquivo Digital\",\"isPartOf\":{\"@id\":\"https:\\\/\\\/infocul.pt\\\/arquivo\\\/#website\"},\"primaryImageOfPage\":{\"@id\":\"https:\\\/\\\/infocul.pt\\\/arquivo\\\/cultura\\\/nissah-acho-de-extrema-importancia-usar-a-minha-voz-artistica-para-poder-ajudar\\\/#primaryimage\"},\"image\":{\"@id\":\"https:\\\/\\\/infocul.pt\\\/arquivo\\\/cultura\\\/nissah-acho-de-extrema-importancia-usar-a-minha-voz-artistica-para-poder-ajudar\\\/#primaryimage\"},\"thumbnailUrl\":\"https:\\\/\\\/infocul.pt\\\/arquivo\\\/wp-content\\\/uploads\\\/2020\\\/07\\\/WhatsApp-Image-2020-06-03-at-19.30.44-2.jpeg\",\"datePublished\":\"2020-07-10T20:03:54+00:00\",\"description\":\"Nissah: \\\"Acho de extrema import\u00e2ncia usar a minha voz art\u00edstica para poder ajudar\\\" | Infocul.pt - Arquivo Digital\",\"breadcrumb\":{\"@id\":\"https:\\\/\\\/infocul.pt\\\/arquivo\\\/cultura\\\/nissah-acho-de-extrema-importancia-usar-a-minha-voz-artistica-para-poder-ajudar\\\/#breadcrumb\"},\"inLanguage\":\"pt-PT\",\"potentialAction\":[{\"@type\":\"ReadAction\",\"target\":[\"https:\\\/\\\/infocul.pt\\\/arquivo\\\/cultura\\\/nissah-acho-de-extrema-importancia-usar-a-minha-voz-artistica-para-poder-ajudar\\\/\"]}]},{\"@type\":\"ImageObject\",\"inLanguage\":\"pt-PT\",\"@id\":\"https:\\\/\\\/infocul.pt\\\/arquivo\\\/cultura\\\/nissah-acho-de-extrema-importancia-usar-a-minha-voz-artistica-para-poder-ajudar\\\/#primaryimage\",\"url\":\"https:\\\/\\\/infocul.pt\\\/arquivo\\\/wp-content\\\/uploads\\\/2020\\\/07\\\/WhatsApp-Image-2020-06-03-at-19.30.44-2.jpeg\",\"contentUrl\":\"https:\\\/\\\/infocul.pt\\\/arquivo\\\/wp-content\\\/uploads\\\/2020\\\/07\\\/WhatsApp-Image-2020-06-03-at-19.30.44-2.jpeg\",\"width\":680,\"height\":1024},{\"@type\":\"BreadcrumbList\",\"@id\":\"https:\\\/\\\/infocul.pt\\\/arquivo\\\/cultura\\\/nissah-acho-de-extrema-importancia-usar-a-minha-voz-artistica-para-poder-ajudar\\\/#breadcrumb\",\"itemListElement\":[{\"@type\":\"ListItem\",\"position\":1,\"name\":\"Home\",\"item\":\"https:\\\/\\\/infocul.pt\\\/arquivo\\\/\"},{\"@type\":\"ListItem\",\"position\":2,\"name\":\"Nissah: &#8220;Acho de extrema import\u00e2ncia usar a minha voz art\u00edstica para poder ajudar&#8221;\"}]},{\"@type\":\"WebSite\",\"@id\":\"https:\\\/\\\/infocul.pt\\\/arquivo\\\/#website\",\"url\":\"https:\\\/\\\/infocul.pt\\\/arquivo\\\/\",\"name\":\"Infocul.pt - Arquivo Digital\",\"description\":\"Arquivo digital da Infocul.pt\",\"publisher\":{\"@id\":\"https:\\\/\\\/infocul.pt\\\/arquivo\\\/#organization\"},\"potentialAction\":[{\"@type\":\"SearchAction\",\"target\":{\"@type\":\"EntryPoint\",\"urlTemplate\":\"https:\\\/\\\/infocul.pt\\\/arquivo\\\/?s={search_term_string}\"},\"query-input\":{\"@type\":\"PropertyValueSpecification\",\"valueRequired\":true,\"valueName\":\"search_term_string\"}}],\"inLanguage\":\"pt-PT\"},{\"@type\":\"Organization\",\"@id\":\"https:\\\/\\\/infocul.pt\\\/arquivo\\\/#organization\",\"name\":\"Infocul.pt\",\"url\":\"https:\\\/\\\/infocul.pt\\\/arquivo\\\/\",\"logo\":{\"@type\":\"ImageObject\",\"inLanguage\":\"pt-PT\",\"@id\":\"https:\\\/\\\/infocul.pt\\\/arquivo\\\/#\\\/schema\\\/logo\\\/image\\\/\",\"url\":\"https:\\\/\\\/infocul.pt\\\/arquivo\\\/wp-content\\\/uploads\\\/2018\\\/12\\\/Infocul_logo-1.png\",\"contentUrl\":\"https:\\\/\\\/infocul.pt\\\/arquivo\\\/wp-content\\\/uploads\\\/2018\\\/12\\\/Infocul_logo-1.png\",\"width\":800,\"height\":800,\"caption\":\"Infocul.pt\"},\"image\":{\"@id\":\"https:\\\/\\\/infocul.pt\\\/arquivo\\\/#\\\/schema\\\/logo\\\/image\\\/\"},\"sameAs\":[\"https:\\\/\\\/www.facebook.com\\\/Infocul-147816815585015\\\/\",\"https:\\\/\\\/x.com\\\/Infoculpt\",\"http:\\\/\\\/www.pictaram.com\\\/user\\\/infocul.pt\\\/2370423710\",\"https:\\\/\\\/www.youtube.com\\\/channel\\\/UCYEB91AGI9FL9ek2i_IaQAA\"]},{\"@type\":\"Person\",\"@id\":\"https:\\\/\\\/infocul.pt\\\/arquivo\\\/#\\\/schema\\\/person\\\/f243f45ae8d67639120a7586884f3abc\",\"name\":\"Redac\u00e7\u00e3o\",\"image\":{\"@type\":\"ImageObject\",\"inLanguage\":\"pt-PT\",\"@id\":\"https:\\\/\\\/secure.gravatar.com\\\/avatar\\\/151b1b76c598ab5e749407223bd6c1bad4e41c4e95de3c3df83540ebee2deaf8?s=96&d=mm&r=g\",\"url\":\"https:\\\/\\\/secure.gravatar.com\\\/avatar\\\/151b1b76c598ab5e749407223bd6c1bad4e41c4e95de3c3df83540ebee2deaf8?s=96&d=mm&r=g\",\"contentUrl\":\"https:\\\/\\\/secure.gravatar.com\\\/avatar\\\/151b1b76c598ab5e749407223bd6c1bad4e41c4e95de3c3df83540ebee2deaf8?s=96&d=mm&r=g\",\"caption\":\"Redac\u00e7\u00e3o\"}}]}<\/script>\n<!-- \/ Yoast SEO plugin. -->","yoast_head_json":{"title":"Nissah: \"Acho de extrema import\u00e2ncia usar a minha voz art\u00edstica para poder ajudar\" | Infocul.pt - Arquivo Digital","description":"Nissah: \"Acho de extrema import\u00e2ncia usar a minha voz art\u00edstica para poder ajudar\" | Infocul.pt - Arquivo Digital","robots":{"index":"noindex","follow":"follow","max-snippet":"max-snippet:-1","max-image-preview":"max-image-preview:large","max-video-preview":"max-video-preview:-1"},"og_locale":"pt_PT","og_type":"article","og_title":"Nissah: \"Acho de extrema import\u00e2ncia usar a minha voz art\u00edstica para poder ajudar\" | Infocul.pt - Arquivo Digital","og_description":"Nissah: \"Acho de extrema import\u00e2ncia usar a minha voz art\u00edstica para poder ajudar\" | Infocul.pt - Arquivo Digital","og_url":"https:\/\/infocul.pt\/arquivo\/cultura\/nissah-acho-de-extrema-importancia-usar-a-minha-voz-artistica-para-poder-ajudar\/","og_site_name":"Infocul.pt - Arquivo Digital","article_publisher":"https:\/\/www.facebook.com\/Infocul-147816815585015\/","article_published_time":"2020-07-10T20:03:54+00:00","og_image":[{"width":680,"height":1024,"url":"https:\/\/infocul.pt\/arquivo\/wp-content\/uploads\/2020\/07\/WhatsApp-Image-2020-06-03-at-19.30.44-2.jpeg","type":"image\/jpeg"}],"author":"Redac\u00e7\u00e3o","twitter_card":"summary_large_image","twitter_creator":"@Infoculpt","twitter_site":"@Infoculpt","twitter_misc":{"Escrito por":"Redac\u00e7\u00e3o","Tempo estimado de leitura":"2 minutos"},"schema":{"@context":"https:\/\/schema.org","@graph":[{"@type":"Article","@id":"https:\/\/infocul.pt\/arquivo\/cultura\/nissah-acho-de-extrema-importancia-usar-a-minha-voz-artistica-para-poder-ajudar\/#article","isPartOf":{"@id":"https:\/\/infocul.pt\/arquivo\/cultura\/nissah-acho-de-extrema-importancia-usar-a-minha-voz-artistica-para-poder-ajudar\/"},"author":{"name":"Redac\u00e7\u00e3o","@id":"https:\/\/infocul.pt\/arquivo\/#\/schema\/person\/f243f45ae8d67639120a7586884f3abc"},"headline":"Nissah: &#8220;Acho de extrema import\u00e2ncia usar a minha voz art\u00edstica para poder ajudar&#8221;","datePublished":"2020-07-10T20:03:54+00:00","mainEntityOfPage":{"@id":"https:\/\/infocul.pt\/arquivo\/cultura\/nissah-acho-de-extrema-importancia-usar-a-minha-voz-artistica-para-poder-ajudar\/"},"wordCount":493,"commentCount":0,"publisher":{"@id":"https:\/\/infocul.pt\/arquivo\/#organization"},"image":{"@id":"https:\/\/infocul.pt\/arquivo\/cultura\/nissah-acho-de-extrema-importancia-usar-a-minha-voz-artistica-para-poder-ajudar\/#primaryimage"},"thumbnailUrl":"https:\/\/infocul.pt\/arquivo\/wp-content\/uploads\/2020\/07\/WhatsApp-Image-2020-06-03-at-19.30.44-2.jpeg","keywords":["Nissah"],"articleSection":["Cultura","Destaque","Discos","Entrevistas"],"inLanguage":"pt-PT"},{"@type":"WebPage","@id":"https:\/\/infocul.pt\/arquivo\/cultura\/nissah-acho-de-extrema-importancia-usar-a-minha-voz-artistica-para-poder-ajudar\/","url":"https:\/\/infocul.pt\/arquivo\/cultura\/nissah-acho-de-extrema-importancia-usar-a-minha-voz-artistica-para-poder-ajudar\/","name":"Nissah: \"Acho de extrema import\u00e2ncia usar a minha voz art\u00edstica para poder ajudar\" | Infocul.pt - Arquivo Digital","isPartOf":{"@id":"https:\/\/infocul.pt\/arquivo\/#website"},"primaryImageOfPage":{"@id":"https:\/\/infocul.pt\/arquivo\/cultura\/nissah-acho-de-extrema-importancia-usar-a-minha-voz-artistica-para-poder-ajudar\/#primaryimage"},"image":{"@id":"https:\/\/infocul.pt\/arquivo\/cultura\/nissah-acho-de-extrema-importancia-usar-a-minha-voz-artistica-para-poder-ajudar\/#primaryimage"},"thumbnailUrl":"https:\/\/infocul.pt\/arquivo\/wp-content\/uploads\/2020\/07\/WhatsApp-Image-2020-06-03-at-19.30.44-2.jpeg","datePublished":"2020-07-10T20:03:54+00:00","description":"Nissah: \"Acho de extrema import\u00e2ncia usar a minha voz art\u00edstica para poder ajudar\" | Infocul.pt - Arquivo Digital","breadcrumb":{"@id":"https:\/\/infocul.pt\/arquivo\/cultura\/nissah-acho-de-extrema-importancia-usar-a-minha-voz-artistica-para-poder-ajudar\/#breadcrumb"},"inLanguage":"pt-PT","potentialAction":[{"@type":"ReadAction","target":["https:\/\/infocul.pt\/arquivo\/cultura\/nissah-acho-de-extrema-importancia-usar-a-minha-voz-artistica-para-poder-ajudar\/"]}]},{"@type":"ImageObject","inLanguage":"pt-PT","@id":"https:\/\/infocul.pt\/arquivo\/cultura\/nissah-acho-de-extrema-importancia-usar-a-minha-voz-artistica-para-poder-ajudar\/#primaryimage","url":"https:\/\/infocul.pt\/arquivo\/wp-content\/uploads\/2020\/07\/WhatsApp-Image-2020-06-03-at-19.30.44-2.jpeg","contentUrl":"https:\/\/infocul.pt\/arquivo\/wp-content\/uploads\/2020\/07\/WhatsApp-Image-2020-06-03-at-19.30.44-2.jpeg","width":680,"height":1024},{"@type":"BreadcrumbList","@id":"https:\/\/infocul.pt\/arquivo\/cultura\/nissah-acho-de-extrema-importancia-usar-a-minha-voz-artistica-para-poder-ajudar\/#breadcrumb","itemListElement":[{"@type":"ListItem","position":1,"name":"Home","item":"https:\/\/infocul.pt\/arquivo\/"},{"@type":"ListItem","position":2,"name":"Nissah: &#8220;Acho de extrema import\u00e2ncia usar a minha voz art\u00edstica para poder ajudar&#8221;"}]},{"@type":"WebSite","@id":"https:\/\/infocul.pt\/arquivo\/#website","url":"https:\/\/infocul.pt\/arquivo\/","name":"Infocul.pt - Arquivo Digital","description":"Arquivo digital da Infocul.pt","publisher":{"@id":"https:\/\/infocul.pt\/arquivo\/#organization"},"potentialAction":[{"@type":"SearchAction","target":{"@type":"EntryPoint","urlTemplate":"https:\/\/infocul.pt\/arquivo\/?s={search_term_string}"},"query-input":{"@type":"PropertyValueSpecification","valueRequired":true,"valueName":"search_term_string"}}],"inLanguage":"pt-PT"},{"@type":"Organization","@id":"https:\/\/infocul.pt\/arquivo\/#organization","name":"Infocul.pt","url":"https:\/\/infocul.pt\/arquivo\/","logo":{"@type":"ImageObject","inLanguage":"pt-PT","@id":"https:\/\/infocul.pt\/arquivo\/#\/schema\/logo\/image\/","url":"https:\/\/infocul.pt\/arquivo\/wp-content\/uploads\/2018\/12\/Infocul_logo-1.png","contentUrl":"https:\/\/infocul.pt\/arquivo\/wp-content\/uploads\/2018\/12\/Infocul_logo-1.png","width":800,"height":800,"caption":"Infocul.pt"},"image":{"@id":"https:\/\/infocul.pt\/arquivo\/#\/schema\/logo\/image\/"},"sameAs":["https:\/\/www.facebook.com\/Infocul-147816815585015\/","https:\/\/x.com\/Infoculpt","http:\/\/www.pictaram.com\/user\/infocul.pt\/2370423710","https:\/\/www.youtube.com\/channel\/UCYEB91AGI9FL9ek2i_IaQAA"]},{"@type":"Person","@id":"https:\/\/infocul.pt\/arquivo\/#\/schema\/person\/f243f45ae8d67639120a7586884f3abc","name":"Redac\u00e7\u00e3o","image":{"@type":"ImageObject","inLanguage":"pt-PT","@id":"https:\/\/secure.gravatar.com\/avatar\/151b1b76c598ab5e749407223bd6c1bad4e41c4e95de3c3df83540ebee2deaf8?s=96&d=mm&r=g","url":"https:\/\/secure.gravatar.com\/avatar\/151b1b76c598ab5e749407223bd6c1bad4e41c4e95de3c3df83540ebee2deaf8?s=96&d=mm&r=g","contentUrl":"https:\/\/secure.gravatar.com\/avatar\/151b1b76c598ab5e749407223bd6c1bad4e41c4e95de3c3df83540ebee2deaf8?s=96&d=mm&r=g","caption":"Redac\u00e7\u00e3o"}}]}},"_links":{"self":[{"href":"https:\/\/infocul.pt\/arquivo\/wp-json\/wp\/v2\/posts\/76436","targetHints":{"allow":["GET"]}}],"collection":[{"href":"https:\/\/infocul.pt\/arquivo\/wp-json\/wp\/v2\/posts"}],"about":[{"href":"https:\/\/infocul.pt\/arquivo\/wp-json\/wp\/v2\/types\/post"}],"author":[{"embeddable":true,"href":"https:\/\/infocul.pt\/arquivo\/wp-json\/wp\/v2\/users\/13"}],"replies":[{"embeddable":true,"href":"https:\/\/infocul.pt\/arquivo\/wp-json\/wp\/v2\/comments?post=76436"}],"version-history":[{"count":0,"href":"https:\/\/infocul.pt\/arquivo\/wp-json\/wp\/v2\/posts\/76436\/revisions"}],"wp:featuredmedia":[{"embeddable":true,"href":"https:\/\/infocul.pt\/arquivo\/wp-json\/wp\/v2\/media\/76437"}],"wp:attachment":[{"href":"https:\/\/infocul.pt\/arquivo\/wp-json\/wp\/v2\/media?parent=76436"}],"wp:term":[{"taxonomy":"category","embeddable":true,"href":"https:\/\/infocul.pt\/arquivo\/wp-json\/wp\/v2\/categories?post=76436"},{"taxonomy":"post_tag","embeddable":true,"href":"https:\/\/infocul.pt\/arquivo\/wp-json\/wp\/v2\/tags?post=76436"}],"curies":[{"name":"wp","href":"https:\/\/api.w.org\/{rel}","templated":true}]}}