{"id":76545,"date":"2020-07-12T23:30:01","date_gmt":"2020-07-12T22:30:01","guid":{"rendered":"https:\/\/infocul.pt\/?p=76545"},"modified":"2020-07-12T23:30:01","modified_gmt":"2020-07-12T22:30:01","slug":"aficionado-anonimo-estremoz-%ef%ac%81cara-na-historia-da-tauromaquia","status":"publish","type":"post","link":"https:\/\/infocul.pt\/arquivo\/cultura\/aficionado-anonimo-estremoz-%ef%ac%81cara-na-historia-da-tauromaquia\/","title":{"rendered":"Aficionado An\u00f3nimo: Estremoz \ufb01car\u00e1 na hist\u00f3ria da Tauromaquia"},"content":{"rendered":"<p><img decoding=\"async\" class=\"aligncenter wp-image-76452 size-large lazyload\" data-src=\"https:\/\/infocul.pt\/arquivo\/wp-content\/uploads\/2020\/07\/107692832_1329398637207063_1078751524311451052_n-1024x576.png\" alt=\"\" width=\"800\" height=\"450\" data-srcset=\"https:\/\/infocul.pt\/arquivo\/wp-content\/uploads\/2020\/07\/107692832_1329398637207063_1078751524311451052_n.png 1024w, https:\/\/infocul.pt\/arquivo\/wp-content\/uploads\/2020\/07\/107692832_1329398637207063_1078751524311451052_n-300x169.png 300w, https:\/\/infocul.pt\/arquivo\/wp-content\/uploads\/2020\/07\/107692832_1329398637207063_1078751524311451052_n-768x432.png 768w, https:\/\/infocul.pt\/arquivo\/wp-content\/uploads\/2020\/07\/107692832_1329398637207063_1078751524311451052_n-1536x864.png 1536w\" data-sizes=\"(max-width: 800px) 100vw, 800px\" src=\"data:image\/svg+xml;base64,PHN2ZyB3aWR0aD0iMSIgaGVpZ2h0PSIxIiB4bWxucz0iaHR0cDovL3d3dy53My5vcmcvMjAwMC9zdmciPjwvc3ZnPg==\" style=\"--smush-placeholder-width: 800px; --smush-placeholder-aspect-ratio: 800\/450;\" \/><\/p>\n<p>11 de Julho \u00e9 a data que \ufb01car\u00e1 marcada na hist\u00f3ria da Tauromaquia, pelo regresso desta t\u00e3o nobre e antiga actividade \u00e0s nossas vidas ap\u00f3s interrup\u00e7\u00e3o for\u00e7ada devido \u00e0 pandemia do Covid-19.<!--more--><\/p>\n<p>\u00c0 empresa Ova\u00e7\u00e3o e Palmas h\u00e1 que se dar o m\u00e9rito pelo arrojo e coragem de avan\u00e7ar perante tanta condicionante e adversidade.<\/p>\n<p>Os mirones das institui\u00e7\u00f5es como a Direc\u00e7\u00e3o Geral de Sa\u00fade e o IGAC estiveram presentes para veri\ufb01car o cumprimento das normas impostas e, diga-se, tirando uma ou outra excep\u00e7\u00e3o foram cumpridas.<\/p>\n<p>Visto que a cr\u00edtica taurina n\u00e3o faz parte do meu dia-a-dia, direi desde j\u00e1 que o que se segue \u00e9 apenas a opini\u00e3o de algu\u00e9m que \u00e9 ac\u00e9rrimo a\ufb01cionado e que corre o pa\u00eds de l\u00e9s a l\u00e9s a seguir esta arte que tanto nos apaixona. Resistiremos&#8230; porque a cultura n\u00e3o se censura!<\/p>\n<p>Saltando \u00e0 frente a cerim\u00f3nia das cortesias, que tamb\u00e9m foi alterada, iniciou fun\u00e7\u00f5es Rui Salvador. N\u00e3o teve a lide que desejaria, face a t\u00e3o altas expectativas, que demonstrou publicamente, face \u00e0 sua nova quadra de cavalos. Os compridos custaram a partir e isso viria a ser um press\u00e1gio para o que se seguiu. A primeira montada de curtos n\u00e3o se adaptou ao &#8216;cinque\u00f1o&#8217; que enfrentou, tendo resultado numa s\u00e9rie de curtos sem grande hist\u00f3ria e algo aliviados. Terminou num n\u00edvel um pouco superior por\u00e9m sem atingir patamares que desejava.<\/p>\n<p>Ant\u00f3nio Maria Brito Paes lidou um toiro sobrado de quilos que pouca mobilidade apresentou, o que acabaria por condicionar a sua actua\u00e7\u00e3o. A ferragem foi deixada sem pisar os terrenos do toiro, o que levou a que surgissem algumas passagens em falso. Terminou a cravar em terrenos de dentro.<\/p>\n<p>Moura Caetano vinha com ganas e conseguiu p\u00f4r em pr\u00e1tica o toureio que leva dentro. Enfrentou-se com um negro bragado corrido estrelado, vindo como os restantes da Herdade do Zambujal que denotou boas condi\u00e7\u00f5es de lide. S\u00e9rie de curtos de bom n\u00edvel, com sortes bem preparadas, inicialmente com ligeira batida e por \ufb01m mais em curto, e remates vistosos.<\/p>\n<p>Telles Bastos abriu a fun\u00e7\u00e3o com um bem desenhado comprido em sorte de gaiola, causando desde logo impacto. Boa passagem nesta vila alentejana com uma s\u00e9rie de curtos consistente, onde p\u00f4s em pr\u00e1tica toda a sua t\u00e9cnica, culminando com dois curtos de excelente execu\u00e7\u00e3o.<\/p>\n<p>Ana Rita que substitu\u00eda Gamero apresentou-se com a habitual exuber\u00e2ncia, que por vezes se torna excessiva, mas que face \u00e0 monotonia que a corrida levava foi um t\u00f3nico para que o p\u00fablico soltasse os maiores aplausos da noite. Terminou com dois ferros em sorte de violino.<\/p>\n<p>Por \ufb01m, saiu \u00e0 pra\u00e7a Parreirita Cigano que teve noite desinspirada, com bastantes toques nas suas montadas, prolongando em demasia a sua lide sem que nada acrescentasse.<\/p>\n<p>As pegas da noite a cargo de duas forma\u00e7\u00f5es alentejanas, Arronches e Acad\u00e9micos de Elvas, resultaram em muitas dificuldades para os forcados. N\u00e3o me tendo sido poss\u00edvel identi\ufb01car os forcados da cara e dado a organiza\u00e7\u00e3o n\u00e3o ter anunciado os nomes dos mesmos como fez com os restantes cabe\u00e7as de cartaz, cabe me dizer que o vencedor do Concurso de Pegas foi Rodrigo Abreu da forma\u00e7\u00e3o de Arronches na pega ao quinto toiro da noite.<\/p>\n<p>Os toiros da ganadaria Vinhas, que cumpre o seu 70\u00b0 anivers\u00e1rio, tiveram apresenta\u00e7\u00e3o d\u00edspar, n\u00e3o tendo di\ufb01culdades em demasiada, por\u00e9m faltou algum sal e pimenta para que houvesse mais emo\u00e7\u00e3o.<\/p>\n<p>A corrida foi dirigida, com alguma benevol\u00eancia (o que se compreende), por Marco Gomes e pelo Dr. Jo\u00e3o Candeias, sendo cornetim Nuno Massano.<\/p>\n","protected":false},"excerpt":{"rendered":"<p>11 de Julho \u00e9 a data que \ufb01car\u00e1 marcada na hist\u00f3ria da Tauromaquia, pelo regresso desta t\u00e3o nobre e antiga actividade \u00e0s nossas vidas ap\u00f3s interrup\u00e7\u00e3o for\u00e7ada devido \u00e0 pandemia do Covid-19.<\/p>\n","protected":false},"author":22,"featured_media":76564,"comment_status":"open","ping_status":"closed","sticky":false,"template":"","format":"standard","meta":{"footnotes":""},"categories":[2,36,4121,7],"tags":[9731,2560],"class_list":["post-76545","post","type-post","status-publish","format-standard","has-post-thumbnail","hentry","category-cultura","category-destaque","category-opiniao","category-tauromaquia","tag-aficionado-anonimo","tag-estremoz"],"yoast_head":"<!-- This site is optimized with the Yoast SEO plugin v27.5 - https:\/\/yoast.com\/product\/yoast-seo-wordpress\/ -->\n<title>Aficionado An\u00f3nimo: Estremoz \ufb01car\u00e1 na hist\u00f3ria da Tauromaquia | Infocul.pt - Arquivo Digital<\/title>\n<meta name=\"description\" content=\"Aficionado An\u00f3nimo: Estremoz \ufb01car\u00e1 na hist\u00f3ria da Tauromaquia | Infocul.pt - Arquivo Digital\" \/>\n<meta name=\"robots\" content=\"noindex, follow, max-snippet:-1, max-image-preview:large, max-video-preview:-1\" \/>\n<meta property=\"og:locale\" content=\"pt_PT\" \/>\n<meta property=\"og:type\" content=\"article\" \/>\n<meta property=\"og:title\" content=\"Aficionado An\u00f3nimo: Estremoz \ufb01car\u00e1 na hist\u00f3ria da Tauromaquia | Infocul.pt - Arquivo Digital\" \/>\n<meta property=\"og:description\" content=\"Aficionado An\u00f3nimo: Estremoz \ufb01car\u00e1 na hist\u00f3ria da Tauromaquia | Infocul.pt - Arquivo Digital\" \/>\n<meta property=\"og:url\" content=\"https:\/\/infocul.pt\/arquivo\/cultura\/aficionado-anonimo-estremoz-\ufb01cara-na-historia-da-tauromaquia\/\" \/>\n<meta property=\"og:site_name\" content=\"Infocul.pt - Arquivo Digital\" \/>\n<meta property=\"article:publisher\" content=\"https:\/\/www.facebook.com\/Infocul-147816815585015\/\" \/>\n<meta property=\"article:published_time\" content=\"2020-07-12T22:30:01+00:00\" \/>\n<meta property=\"og:image\" content=\"https:\/\/infocul.pt\/arquivo\/wp-content\/uploads\/2020\/07\/Estremoz_110720_12.jpg\" \/>\n\t<meta property=\"og:image:width\" content=\"1024\" \/>\n\t<meta property=\"og:image:height\" content=\"683\" \/>\n\t<meta property=\"og:image:type\" content=\"image\/jpeg\" \/>\n<meta name=\"author\" content=\"Aficionado An\u00f3nimo\" \/>\n<meta name=\"twitter:card\" content=\"summary_large_image\" \/>\n<meta name=\"twitter:creator\" content=\"@Infoculpt\" \/>\n<meta name=\"twitter:site\" content=\"@Infoculpt\" \/>\n<meta name=\"twitter:label1\" content=\"Escrito por\" \/>\n\t<meta name=\"twitter:data1\" content=\"Aficionado An\u00f3nimo\" \/>\n\t<meta name=\"twitter:label2\" content=\"Tempo estimado de leitura\" \/>\n\t<meta name=\"twitter:data2\" content=\"3 minutos\" \/>\n<script type=\"application\/ld+json\" class=\"yoast-schema-graph\">{\"@context\":\"https:\\\/\\\/schema.org\",\"@graph\":[{\"@type\":\"Article\",\"@id\":\"https:\\\/\\\/infocul.pt\\\/arquivo\\\/cultura\\\/aficionado-anonimo-estremoz-%ef%ac%81cara-na-historia-da-tauromaquia\\\/#article\",\"isPartOf\":{\"@id\":\"https:\\\/\\\/infocul.pt\\\/arquivo\\\/cultura\\\/aficionado-anonimo-estremoz-%ef%ac%81cara-na-historia-da-tauromaquia\\\/\"},\"author\":{\"name\":\"Aficionado An\u00f3nimo\",\"@id\":\"https:\\\/\\\/infocul.pt\\\/arquivo\\\/#\\\/schema\\\/person\\\/c0666937401131f0969ba179078deb14\"},\"headline\":\"Aficionado An\u00f3nimo: Estremoz \ufb01car\u00e1 na hist\u00f3ria da Tauromaquia\",\"datePublished\":\"2020-07-12T22:30:01+00:00\",\"mainEntityOfPage\":{\"@id\":\"https:\\\/\\\/infocul.pt\\\/arquivo\\\/cultura\\\/aficionado-anonimo-estremoz-%ef%ac%81cara-na-historia-da-tauromaquia\\\/\"},\"wordCount\":650,\"commentCount\":0,\"publisher\":{\"@id\":\"https:\\\/\\\/infocul.pt\\\/arquivo\\\/#organization\"},\"image\":{\"@id\":\"https:\\\/\\\/infocul.pt\\\/arquivo\\\/cultura\\\/aficionado-anonimo-estremoz-%ef%ac%81cara-na-historia-da-tauromaquia\\\/#primaryimage\"},\"thumbnailUrl\":\"https:\\\/\\\/infocul.pt\\\/arquivo\\\/wp-content\\\/uploads\\\/2020\\\/07\\\/Estremoz_110720_12.jpg\",\"keywords\":[\"Aficionado An\u00f3nimo\",\"Estremoz\"],\"articleSection\":[\"Cultura\",\"Destaque\",\"Opini\u00e3o\",\"Tauromaquia\"],\"inLanguage\":\"pt-PT\"},{\"@type\":\"WebPage\",\"@id\":\"https:\\\/\\\/infocul.pt\\\/arquivo\\\/cultura\\\/aficionado-anonimo-estremoz-%ef%ac%81cara-na-historia-da-tauromaquia\\\/\",\"url\":\"https:\\\/\\\/infocul.pt\\\/arquivo\\\/cultura\\\/aficionado-anonimo-estremoz-%ef%ac%81cara-na-historia-da-tauromaquia\\\/\",\"name\":\"Aficionado An\u00f3nimo: Estremoz \ufb01car\u00e1 na hist\u00f3ria da Tauromaquia | Infocul.pt - Arquivo Digital\",\"isPartOf\":{\"@id\":\"https:\\\/\\\/infocul.pt\\\/arquivo\\\/#website\"},\"primaryImageOfPage\":{\"@id\":\"https:\\\/\\\/infocul.pt\\\/arquivo\\\/cultura\\\/aficionado-anonimo-estremoz-%ef%ac%81cara-na-historia-da-tauromaquia\\\/#primaryimage\"},\"image\":{\"@id\":\"https:\\\/\\\/infocul.pt\\\/arquivo\\\/cultura\\\/aficionado-anonimo-estremoz-%ef%ac%81cara-na-historia-da-tauromaquia\\\/#primaryimage\"},\"thumbnailUrl\":\"https:\\\/\\\/infocul.pt\\\/arquivo\\\/wp-content\\\/uploads\\\/2020\\\/07\\\/Estremoz_110720_12.jpg\",\"datePublished\":\"2020-07-12T22:30:01+00:00\",\"description\":\"Aficionado An\u00f3nimo: Estremoz \ufb01car\u00e1 na hist\u00f3ria da Tauromaquia | Infocul.pt - Arquivo Digital\",\"breadcrumb\":{\"@id\":\"https:\\\/\\\/infocul.pt\\\/arquivo\\\/cultura\\\/aficionado-anonimo-estremoz-%ef%ac%81cara-na-historia-da-tauromaquia\\\/#breadcrumb\"},\"inLanguage\":\"pt-PT\",\"potentialAction\":[{\"@type\":\"ReadAction\",\"target\":[\"https:\\\/\\\/infocul.pt\\\/arquivo\\\/cultura\\\/aficionado-anonimo-estremoz-%ef%ac%81cara-na-historia-da-tauromaquia\\\/\"]}]},{\"@type\":\"ImageObject\",\"inLanguage\":\"pt-PT\",\"@id\":\"https:\\\/\\\/infocul.pt\\\/arquivo\\\/cultura\\\/aficionado-anonimo-estremoz-%ef%ac%81cara-na-historia-da-tauromaquia\\\/#primaryimage\",\"url\":\"https:\\\/\\\/infocul.pt\\\/arquivo\\\/wp-content\\\/uploads\\\/2020\\\/07\\\/Estremoz_110720_12.jpg\",\"contentUrl\":\"https:\\\/\\\/infocul.pt\\\/arquivo\\\/wp-content\\\/uploads\\\/2020\\\/07\\\/Estremoz_110720_12.jpg\",\"width\":1024,\"height\":683,\"caption\":\"Fotografia de Nuno Almeida\"},{\"@type\":\"BreadcrumbList\",\"@id\":\"https:\\\/\\\/infocul.pt\\\/arquivo\\\/cultura\\\/aficionado-anonimo-estremoz-%ef%ac%81cara-na-historia-da-tauromaquia\\\/#breadcrumb\",\"itemListElement\":[{\"@type\":\"ListItem\",\"position\":1,\"name\":\"Home\",\"item\":\"https:\\\/\\\/infocul.pt\\\/arquivo\\\/\"},{\"@type\":\"ListItem\",\"position\":2,\"name\":\"Aficionado An\u00f3nimo: Estremoz \ufb01car\u00e1 na hist\u00f3ria da Tauromaquia\"}]},{\"@type\":\"WebSite\",\"@id\":\"https:\\\/\\\/infocul.pt\\\/arquivo\\\/#website\",\"url\":\"https:\\\/\\\/infocul.pt\\\/arquivo\\\/\",\"name\":\"Infocul.pt - Arquivo Digital\",\"description\":\"Arquivo digital da Infocul.pt\",\"publisher\":{\"@id\":\"https:\\\/\\\/infocul.pt\\\/arquivo\\\/#organization\"},\"potentialAction\":[{\"@type\":\"SearchAction\",\"target\":{\"@type\":\"EntryPoint\",\"urlTemplate\":\"https:\\\/\\\/infocul.pt\\\/arquivo\\\/?s={search_term_string}\"},\"query-input\":{\"@type\":\"PropertyValueSpecification\",\"valueRequired\":true,\"valueName\":\"search_term_string\"}}],\"inLanguage\":\"pt-PT\"},{\"@type\":\"Organization\",\"@id\":\"https:\\\/\\\/infocul.pt\\\/arquivo\\\/#organization\",\"name\":\"Infocul.pt\",\"url\":\"https:\\\/\\\/infocul.pt\\\/arquivo\\\/\",\"logo\":{\"@type\":\"ImageObject\",\"inLanguage\":\"pt-PT\",\"@id\":\"https:\\\/\\\/infocul.pt\\\/arquivo\\\/#\\\/schema\\\/logo\\\/image\\\/\",\"url\":\"https:\\\/\\\/infocul.pt\\\/arquivo\\\/wp-content\\\/uploads\\\/2018\\\/12\\\/Infocul_logo-1.png\",\"contentUrl\":\"https:\\\/\\\/infocul.pt\\\/arquivo\\\/wp-content\\\/uploads\\\/2018\\\/12\\\/Infocul_logo-1.png\",\"width\":800,\"height\":800,\"caption\":\"Infocul.pt\"},\"image\":{\"@id\":\"https:\\\/\\\/infocul.pt\\\/arquivo\\\/#\\\/schema\\\/logo\\\/image\\\/\"},\"sameAs\":[\"https:\\\/\\\/www.facebook.com\\\/Infocul-147816815585015\\\/\",\"https:\\\/\\\/x.com\\\/Infoculpt\",\"http:\\\/\\\/www.pictaram.com\\\/user\\\/infocul.pt\\\/2370423710\",\"https:\\\/\\\/www.youtube.com\\\/channel\\\/UCYEB91AGI9FL9ek2i_IaQAA\"]},{\"@type\":\"Person\",\"@id\":\"https:\\\/\\\/infocul.pt\\\/arquivo\\\/#\\\/schema\\\/person\\\/c0666937401131f0969ba179078deb14\",\"name\":\"Aficionado An\u00f3nimo\",\"image\":{\"@type\":\"ImageObject\",\"inLanguage\":\"pt-PT\",\"@id\":\"https:\\\/\\\/secure.gravatar.com\\\/avatar\\\/88eb22783424312ecb232c923609065a25277ada13690a9baecb6b79ee8ed17c?s=96&d=mm&r=g\",\"url\":\"https:\\\/\\\/secure.gravatar.com\\\/avatar\\\/88eb22783424312ecb232c923609065a25277ada13690a9baecb6b79ee8ed17c?s=96&d=mm&r=g\",\"contentUrl\":\"https:\\\/\\\/secure.gravatar.com\\\/avatar\\\/88eb22783424312ecb232c923609065a25277ada13690a9baecb6b79ee8ed17c?s=96&d=mm&r=g\",\"caption\":\"Aficionado An\u00f3nimo\"},\"description\":\"Intitulada \u2018Aficionado An\u00f3nimo\u2019, esta rubrica abordar\u00e1 a tauromaquia atrav\u00e9s de artigos cujo autor \u00e9 propositadamente an\u00f3nimo. Cr\u00f3nicas, artigos de opini\u00e3o ou not\u00edcias, todas podem surgir sob o des\u00edgnio do \u2018Aficionado An\u00f3nimo\u2019. As opini\u00f5es expressas nesta rubrica n\u00e3o s\u00e3o necessariamente as da redac\u00e7\u00e3o. Esta rubrica n\u00e3o ser\u00e1 realizada apenas por uma pessoa. Existe um grupo de pessoas que a integrar\u00e1, mantendo-se a sua identidade an\u00f3nima.\"}]}<\/script>\n<!-- \/ Yoast SEO plugin. -->","yoast_head_json":{"title":"Aficionado An\u00f3nimo: Estremoz \ufb01car\u00e1 na hist\u00f3ria da Tauromaquia | Infocul.pt - Arquivo Digital","description":"Aficionado An\u00f3nimo: Estremoz \ufb01car\u00e1 na hist\u00f3ria da Tauromaquia | Infocul.pt - Arquivo Digital","robots":{"index":"noindex","follow":"follow","max-snippet":"max-snippet:-1","max-image-preview":"max-image-preview:large","max-video-preview":"max-video-preview:-1"},"og_locale":"pt_PT","og_type":"article","og_title":"Aficionado An\u00f3nimo: Estremoz \ufb01car\u00e1 na hist\u00f3ria da Tauromaquia | Infocul.pt - Arquivo Digital","og_description":"Aficionado An\u00f3nimo: Estremoz \ufb01car\u00e1 na hist\u00f3ria da Tauromaquia | Infocul.pt - Arquivo Digital","og_url":"https:\/\/infocul.pt\/arquivo\/cultura\/aficionado-anonimo-estremoz-\ufb01cara-na-historia-da-tauromaquia\/","og_site_name":"Infocul.pt - Arquivo Digital","article_publisher":"https:\/\/www.facebook.com\/Infocul-147816815585015\/","article_published_time":"2020-07-12T22:30:01+00:00","og_image":[{"width":1024,"height":683,"url":"https:\/\/infocul.pt\/arquivo\/wp-content\/uploads\/2020\/07\/Estremoz_110720_12.jpg","type":"image\/jpeg"}],"author":"Aficionado An\u00f3nimo","twitter_card":"summary_large_image","twitter_creator":"@Infoculpt","twitter_site":"@Infoculpt","twitter_misc":{"Escrito por":"Aficionado An\u00f3nimo","Tempo estimado de leitura":"3 minutos"},"schema":{"@context":"https:\/\/schema.org","@graph":[{"@type":"Article","@id":"https:\/\/infocul.pt\/arquivo\/cultura\/aficionado-anonimo-estremoz-%ef%ac%81cara-na-historia-da-tauromaquia\/#article","isPartOf":{"@id":"https:\/\/infocul.pt\/arquivo\/cultura\/aficionado-anonimo-estremoz-%ef%ac%81cara-na-historia-da-tauromaquia\/"},"author":{"name":"Aficionado An\u00f3nimo","@id":"https:\/\/infocul.pt\/arquivo\/#\/schema\/person\/c0666937401131f0969ba179078deb14"},"headline":"Aficionado An\u00f3nimo: Estremoz \ufb01car\u00e1 na hist\u00f3ria da Tauromaquia","datePublished":"2020-07-12T22:30:01+00:00","mainEntityOfPage":{"@id":"https:\/\/infocul.pt\/arquivo\/cultura\/aficionado-anonimo-estremoz-%ef%ac%81cara-na-historia-da-tauromaquia\/"},"wordCount":650,"commentCount":0,"publisher":{"@id":"https:\/\/infocul.pt\/arquivo\/#organization"},"image":{"@id":"https:\/\/infocul.pt\/arquivo\/cultura\/aficionado-anonimo-estremoz-%ef%ac%81cara-na-historia-da-tauromaquia\/#primaryimage"},"thumbnailUrl":"https:\/\/infocul.pt\/arquivo\/wp-content\/uploads\/2020\/07\/Estremoz_110720_12.jpg","keywords":["Aficionado An\u00f3nimo","Estremoz"],"articleSection":["Cultura","Destaque","Opini\u00e3o","Tauromaquia"],"inLanguage":"pt-PT"},{"@type":"WebPage","@id":"https:\/\/infocul.pt\/arquivo\/cultura\/aficionado-anonimo-estremoz-%ef%ac%81cara-na-historia-da-tauromaquia\/","url":"https:\/\/infocul.pt\/arquivo\/cultura\/aficionado-anonimo-estremoz-%ef%ac%81cara-na-historia-da-tauromaquia\/","name":"Aficionado An\u00f3nimo: Estremoz \ufb01car\u00e1 na hist\u00f3ria da Tauromaquia | Infocul.pt - Arquivo Digital","isPartOf":{"@id":"https:\/\/infocul.pt\/arquivo\/#website"},"primaryImageOfPage":{"@id":"https:\/\/infocul.pt\/arquivo\/cultura\/aficionado-anonimo-estremoz-%ef%ac%81cara-na-historia-da-tauromaquia\/#primaryimage"},"image":{"@id":"https:\/\/infocul.pt\/arquivo\/cultura\/aficionado-anonimo-estremoz-%ef%ac%81cara-na-historia-da-tauromaquia\/#primaryimage"},"thumbnailUrl":"https:\/\/infocul.pt\/arquivo\/wp-content\/uploads\/2020\/07\/Estremoz_110720_12.jpg","datePublished":"2020-07-12T22:30:01+00:00","description":"Aficionado An\u00f3nimo: Estremoz \ufb01car\u00e1 na hist\u00f3ria da Tauromaquia | Infocul.pt - Arquivo Digital","breadcrumb":{"@id":"https:\/\/infocul.pt\/arquivo\/cultura\/aficionado-anonimo-estremoz-%ef%ac%81cara-na-historia-da-tauromaquia\/#breadcrumb"},"inLanguage":"pt-PT","potentialAction":[{"@type":"ReadAction","target":["https:\/\/infocul.pt\/arquivo\/cultura\/aficionado-anonimo-estremoz-%ef%ac%81cara-na-historia-da-tauromaquia\/"]}]},{"@type":"ImageObject","inLanguage":"pt-PT","@id":"https:\/\/infocul.pt\/arquivo\/cultura\/aficionado-anonimo-estremoz-%ef%ac%81cara-na-historia-da-tauromaquia\/#primaryimage","url":"https:\/\/infocul.pt\/arquivo\/wp-content\/uploads\/2020\/07\/Estremoz_110720_12.jpg","contentUrl":"https:\/\/infocul.pt\/arquivo\/wp-content\/uploads\/2020\/07\/Estremoz_110720_12.jpg","width":1024,"height":683,"caption":"Fotografia de Nuno Almeida"},{"@type":"BreadcrumbList","@id":"https:\/\/infocul.pt\/arquivo\/cultura\/aficionado-anonimo-estremoz-%ef%ac%81cara-na-historia-da-tauromaquia\/#breadcrumb","itemListElement":[{"@type":"ListItem","position":1,"name":"Home","item":"https:\/\/infocul.pt\/arquivo\/"},{"@type":"ListItem","position":2,"name":"Aficionado An\u00f3nimo: Estremoz \ufb01car\u00e1 na hist\u00f3ria da Tauromaquia"}]},{"@type":"WebSite","@id":"https:\/\/infocul.pt\/arquivo\/#website","url":"https:\/\/infocul.pt\/arquivo\/","name":"Infocul.pt - Arquivo Digital","description":"Arquivo digital da Infocul.pt","publisher":{"@id":"https:\/\/infocul.pt\/arquivo\/#organization"},"potentialAction":[{"@type":"SearchAction","target":{"@type":"EntryPoint","urlTemplate":"https:\/\/infocul.pt\/arquivo\/?s={search_term_string}"},"query-input":{"@type":"PropertyValueSpecification","valueRequired":true,"valueName":"search_term_string"}}],"inLanguage":"pt-PT"},{"@type":"Organization","@id":"https:\/\/infocul.pt\/arquivo\/#organization","name":"Infocul.pt","url":"https:\/\/infocul.pt\/arquivo\/","logo":{"@type":"ImageObject","inLanguage":"pt-PT","@id":"https:\/\/infocul.pt\/arquivo\/#\/schema\/logo\/image\/","url":"https:\/\/infocul.pt\/arquivo\/wp-content\/uploads\/2018\/12\/Infocul_logo-1.png","contentUrl":"https:\/\/infocul.pt\/arquivo\/wp-content\/uploads\/2018\/12\/Infocul_logo-1.png","width":800,"height":800,"caption":"Infocul.pt"},"image":{"@id":"https:\/\/infocul.pt\/arquivo\/#\/schema\/logo\/image\/"},"sameAs":["https:\/\/www.facebook.com\/Infocul-147816815585015\/","https:\/\/x.com\/Infoculpt","http:\/\/www.pictaram.com\/user\/infocul.pt\/2370423710","https:\/\/www.youtube.com\/channel\/UCYEB91AGI9FL9ek2i_IaQAA"]},{"@type":"Person","@id":"https:\/\/infocul.pt\/arquivo\/#\/schema\/person\/c0666937401131f0969ba179078deb14","name":"Aficionado An\u00f3nimo","image":{"@type":"ImageObject","inLanguage":"pt-PT","@id":"https:\/\/secure.gravatar.com\/avatar\/88eb22783424312ecb232c923609065a25277ada13690a9baecb6b79ee8ed17c?s=96&d=mm&r=g","url":"https:\/\/secure.gravatar.com\/avatar\/88eb22783424312ecb232c923609065a25277ada13690a9baecb6b79ee8ed17c?s=96&d=mm&r=g","contentUrl":"https:\/\/secure.gravatar.com\/avatar\/88eb22783424312ecb232c923609065a25277ada13690a9baecb6b79ee8ed17c?s=96&d=mm&r=g","caption":"Aficionado An\u00f3nimo"},"description":"Intitulada \u2018Aficionado An\u00f3nimo\u2019, esta rubrica abordar\u00e1 a tauromaquia atrav\u00e9s de artigos cujo autor \u00e9 propositadamente an\u00f3nimo. Cr\u00f3nicas, artigos de opini\u00e3o ou not\u00edcias, todas podem surgir sob o des\u00edgnio do \u2018Aficionado An\u00f3nimo\u2019. As opini\u00f5es expressas nesta rubrica n\u00e3o s\u00e3o necessariamente as da redac\u00e7\u00e3o. Esta rubrica n\u00e3o ser\u00e1 realizada apenas por uma pessoa. Existe um grupo de pessoas que a integrar\u00e1, mantendo-se a sua identidade an\u00f3nima."}]}},"_links":{"self":[{"href":"https:\/\/infocul.pt\/arquivo\/wp-json\/wp\/v2\/posts\/76545","targetHints":{"allow":["GET"]}}],"collection":[{"href":"https:\/\/infocul.pt\/arquivo\/wp-json\/wp\/v2\/posts"}],"about":[{"href":"https:\/\/infocul.pt\/arquivo\/wp-json\/wp\/v2\/types\/post"}],"author":[{"embeddable":true,"href":"https:\/\/infocul.pt\/arquivo\/wp-json\/wp\/v2\/users\/22"}],"replies":[{"embeddable":true,"href":"https:\/\/infocul.pt\/arquivo\/wp-json\/wp\/v2\/comments?post=76545"}],"version-history":[{"count":0,"href":"https:\/\/infocul.pt\/arquivo\/wp-json\/wp\/v2\/posts\/76545\/revisions"}],"wp:featuredmedia":[{"embeddable":true,"href":"https:\/\/infocul.pt\/arquivo\/wp-json\/wp\/v2\/media\/76564"}],"wp:attachment":[{"href":"https:\/\/infocul.pt\/arquivo\/wp-json\/wp\/v2\/media?parent=76545"}],"wp:term":[{"taxonomy":"category","embeddable":true,"href":"https:\/\/infocul.pt\/arquivo\/wp-json\/wp\/v2\/categories?post=76545"},{"taxonomy":"post_tag","embeddable":true,"href":"https:\/\/infocul.pt\/arquivo\/wp-json\/wp\/v2\/tags?post=76545"}],"curies":[{"name":"wp","href":"https:\/\/api.w.org\/{rel}","templated":true}]}}