{"id":77723,"date":"2020-07-26T23:30:44","date_gmt":"2020-07-26T22:30:44","guid":{"rendered":"https:\/\/infocul.pt\/?p=77723"},"modified":"2020-07-26T23:30:44","modified_gmt":"2020-07-26T22:30:44","slug":"fatima-campos-ferreira-escreve-longo-texto-sobre-o-fim-do-pros-e-contras-na-rtp1","status":"publish","type":"post","link":"https:\/\/infocul.pt\/arquivo\/actualidade\/fatima-campos-ferreira-escreve-longo-texto-sobre-o-fim-do-pros-e-contras-na-rtp1\/","title":{"rendered":"F\u00e1tima Campos Ferreira escreve longo texto sobre o fim do Pr\u00f3s e Contras, na RTP1"},"content":{"rendered":"<p><img decoding=\"async\" class=\"aligncenter wp-image-77724 size-full lazyload\" data-src=\"https:\/\/infocul.pt\/arquivo\/wp-content\/uploads\/2020\/07\/110699613_3244340855648887_7050963095993685673_n.jpg\" alt=\"\" width=\"320\" height=\"480\" data-srcset=\"https:\/\/infocul.pt\/arquivo\/wp-content\/uploads\/2020\/07\/110699613_3244340855648887_7050963095993685673_n.jpg 320w, https:\/\/infocul.pt\/arquivo\/wp-content\/uploads\/2020\/07\/110699613_3244340855648887_7050963095993685673_n-200x300.jpg 200w\" data-sizes=\"(max-width: 320px) 100vw, 320px\" src=\"data:image\/svg+xml;base64,PHN2ZyB3aWR0aD0iMSIgaGVpZ2h0PSIxIiB4bWxucz0iaHR0cDovL3d3dy53My5vcmcvMjAwMC9zdmciPjwvc3ZnPg==\" style=\"--smush-placeholder-width: 320px; --smush-placeholder-aspect-ratio: 320\/480;\" \/><\/p>\n<p>Depois do an\u00fancio do fim do programa Pr\u00f3s e Contras, na RTP, F\u00e1tima Campos Ferreira escreveu um longo texto no qual faz um balan\u00e7o.<!--more--><\/p>\n<p>&nbsp;<\/p>\n<p>&#8220;<em><strong>Mem\u00f3ria<\/strong><\/em><br \/>\n<em><strong>Um teatro cheio , um palco luminoso , um fato preto e uma camisa branca .<\/strong><\/em><br \/>\n<em><strong>Espreito pela frincha das cortinas de pano preto&#8230;vejo filas de rostos, sentados &#8230;. um grupo de convidados escolhido a dedo, frente a frente. Engolem em seco, humedecem a garganta , relan\u00e7am os olhos em pap\u00e9is de apoio, e aguardam expectantes. Volto a preparar-me mentalmente para os minutos que a\u00ed v\u00eam. Vou estar ali no meio, seguir o fio condutor de mat\u00e9rias que de tanto estudar j\u00e1 quase sei de cor. Mas a ansiedade vai crescendo. N\u00e3o fora o avultado n\u00famero de horas de directo na viagem profissional, e at\u00e9 o arranque seria imposs\u00edvel. Entra o gen\u00e9rico , o \u00faltimo gole de \u00e1gua, e a\u00ed vou.<\/strong><\/em><br \/>\n<em><strong>J\u00e1 n\u00e3o sei quem sou , mas sei ao que venho. Modero uma orquestra de ideias de diferentes tons e pareceres. Um a um v\u00e3o entrando de forma articulada dando sentido ao tema. Lan\u00e7o \u00e2ngulos de debate , esbracejo, caminho, aponto , pe\u00e7o opini\u00e3o ,e at\u00e9 desculpa quando tiro a palavra e mudo de assunto. H\u00e1 nas frases ditas um crescendo de emo\u00e7\u00f5es ,e um exerc\u00edcio de ret\u00f3rica que j\u00e1 \u00e9 impar\u00e1vel,mas vou controlando sempre a pensar no espectador \u00e1 procura de esclarecimento. Cada um toma posi\u00e7\u00e3o em fun\u00e7\u00e3o dos seus valores e convic\u00e7\u00f5es, e assim deve ser. Respeito, provoco, sou advogada do diabo, humorizo e conto minutos e segundos num contra rel\u00f3gio, para tornar poss\u00edvel o maior n\u00famero de argumentos.<\/strong><\/em><br \/>\n<em><strong>Foi assim no primeiro dia, 14 outubro de 2002 , e repetiu-se em todos os outros, ano ap\u00f3s ano, ao longo de dezoito anos!<\/strong><\/em><\/p>\n<p><em><strong>\u00c9 uma honra e um privil\u00e9gio servir o meu pa\u00eds no servi\u00e7o p\u00fablico de televis\u00e3o. Obrigada aos que nos seguiram, aos que criticaram, aos que o inventaram , aos que connosco constru\u00edram o Pr\u00f3s&amp;Contras.<\/strong><\/em><br \/>\n<em><strong>\u00c1s diferentes equipas que me acompanharam na aventura semanal de saltar barreiras, de conseguir o impens\u00e1vel , de sofrer, insistir, persistir, sonhar , gritar e pensar&#8230; porque sim!<\/strong><\/em><br \/>\n<em><strong>Por aqui passou o pa\u00eds. O bom e o mau. O poss\u00edvel e o imposs\u00edvel, a pol\u00edtica e a cultura , a economia e a justi\u00e7a , os valores e at\u00e9 o Amor.<\/strong><\/em><br \/>\n<em><strong>Que vida t\u00e3o preenchida &#8230; foi sala de presidentes e de povo an\u00f3nimo, de artistas e profissionais de variados talentos.<\/strong><\/em><br \/>\n<em><strong>Tantos que me vou esquecendo para relativizar a saudade .<\/strong><\/em><br \/>\n<em><strong>Afinal tudo vale o que vale !<\/strong><\/em><br \/>\n<em><strong>Esta que escreve sou eu, aquela que quando passa j\u00e1 se habituou a ouvir &#8230;\u201dl\u00e1 vai a do Pr\u00f3s&amp;Contras\u201d.<\/strong><\/em><br \/>\n<em><strong>E os que o fizemos, somos todos , os Portugueses que durante anos , no dia seguinte pergunt\u00e1mos ao do lado&#8230;viste ontem aquele que falou no Pr\u00f3s&amp;Contras? Ehhh p\u00e1 foi demais&#8230;..<\/strong><\/em><br \/>\n<em><strong>A jornalista segue dentro de instantes com novos epis\u00f3dios da Vida deste Pa\u00eds.<\/strong><\/em><br \/>\n<em><strong>F\u00e1tima Campos Ferreira &#8211; RTP<\/strong><\/em>&#8221;<\/p>\n<p>https:\/\/www.facebook.com\/photo.php?fbid=3244340852315554&#038;set=a.107434626006208&#038;type=3&#038;theater<\/p>\n<p>&nbsp;<\/p>\n","protected":false},"excerpt":{"rendered":"<p>Depois do an\u00fancio do fim do programa Pr\u00f3s e Contras, na RTP, F\u00e1tima Campos Ferreira escreveu um longo texto no qual faz um balan\u00e7o.<\/p>\n","protected":false},"author":13,"featured_media":77724,"comment_status":"open","ping_status":"closed","sticky":false,"template":"","format":"standard","meta":{"footnotes":""},"categories":[10,14],"tags":[9822,5528,1978],"class_list":["post-77723","post","type-post","status-publish","format-standard","has-post-thumbnail","hentry","category-actualidade","category-televisao","tag-fatima-campos-ferreira","tag-pros-e-contras","tag-rtp1"],"yoast_head":"<!-- This site is optimized with the Yoast SEO plugin v27.4 - https:\/\/yoast.com\/product\/yoast-seo-wordpress\/ -->\n<title>F\u00e1tima Campos Ferreira escreve longo texto sobre o fim do Pr\u00f3s e Contras, na RTP1 | Infocul.pt - Arquivo Digital<\/title>\n<meta name=\"description\" content=\"F\u00e1tima Campos Ferreira escreve longo texto sobre o fim do Pr\u00f3s e Contras, na RTP1 | Infocul.pt - Arquivo Digital\" \/>\n<meta name=\"robots\" content=\"noindex, follow, max-snippet:-1, max-image-preview:large, max-video-preview:-1\" \/>\n<meta property=\"og:locale\" content=\"pt_PT\" \/>\n<meta property=\"og:type\" content=\"article\" \/>\n<meta property=\"og:title\" content=\"F\u00e1tima Campos Ferreira escreve longo texto sobre o fim do Pr\u00f3s e Contras, na RTP1 | Infocul.pt - Arquivo Digital\" \/>\n<meta property=\"og:description\" content=\"F\u00e1tima Campos Ferreira escreve longo texto sobre o fim do Pr\u00f3s e Contras, na RTP1 | Infocul.pt - Arquivo Digital\" \/>\n<meta property=\"og:url\" content=\"https:\/\/infocul.pt\/arquivo\/actualidade\/fatima-campos-ferreira-escreve-longo-texto-sobre-o-fim-do-pros-e-contras-na-rtp1\/\" \/>\n<meta property=\"og:site_name\" content=\"Infocul.pt - Arquivo Digital\" \/>\n<meta property=\"article:publisher\" content=\"https:\/\/www.facebook.com\/Infocul-147816815585015\/\" \/>\n<meta property=\"article:published_time\" content=\"2020-07-26T22:30:44+00:00\" \/>\n<meta property=\"og:image\" content=\"https:\/\/infocul.pt\/arquivo\/wp-content\/uploads\/2020\/07\/110699613_3244340855648887_7050963095993685673_n.jpg\" \/>\n\t<meta property=\"og:image:width\" content=\"320\" \/>\n\t<meta property=\"og:image:height\" content=\"480\" \/>\n\t<meta property=\"og:image:type\" content=\"image\/jpeg\" \/>\n<meta name=\"author\" content=\"Redac\u00e7\u00e3o\" \/>\n<meta name=\"twitter:card\" content=\"summary_large_image\" \/>\n<meta name=\"twitter:creator\" content=\"@Infoculpt\" \/>\n<meta name=\"twitter:site\" content=\"@Infoculpt\" \/>\n<meta name=\"twitter:label1\" content=\"Escrito por\" \/>\n\t<meta name=\"twitter:data1\" content=\"Redac\u00e7\u00e3o\" \/>\n\t<meta name=\"twitter:label2\" content=\"Tempo estimado de leitura\" \/>\n\t<meta name=\"twitter:data2\" content=\"3 minutos\" \/>\n<script type=\"application\/ld+json\" class=\"yoast-schema-graph\">{\"@context\":\"https:\\\/\\\/schema.org\",\"@graph\":[{\"@type\":\"Article\",\"@id\":\"https:\\\/\\\/infocul.pt\\\/arquivo\\\/actualidade\\\/fatima-campos-ferreira-escreve-longo-texto-sobre-o-fim-do-pros-e-contras-na-rtp1\\\/#article\",\"isPartOf\":{\"@id\":\"https:\\\/\\\/infocul.pt\\\/arquivo\\\/actualidade\\\/fatima-campos-ferreira-escreve-longo-texto-sobre-o-fim-do-pros-e-contras-na-rtp1\\\/\"},\"author\":{\"name\":\"Redac\u00e7\u00e3o\",\"@id\":\"https:\\\/\\\/infocul.pt\\\/arquivo\\\/#\\\/schema\\\/person\\\/f243f45ae8d67639120a7586884f3abc\"},\"headline\":\"F\u00e1tima Campos Ferreira escreve longo texto sobre o fim do Pr\u00f3s e Contras, na RTP1\",\"datePublished\":\"2020-07-26T22:30:44+00:00\",\"mainEntityOfPage\":{\"@id\":\"https:\\\/\\\/infocul.pt\\\/arquivo\\\/actualidade\\\/fatima-campos-ferreira-escreve-longo-texto-sobre-o-fim-do-pros-e-contras-na-rtp1\\\/\"},\"wordCount\":558,\"commentCount\":0,\"publisher\":{\"@id\":\"https:\\\/\\\/infocul.pt\\\/arquivo\\\/#organization\"},\"image\":{\"@id\":\"https:\\\/\\\/infocul.pt\\\/arquivo\\\/actualidade\\\/fatima-campos-ferreira-escreve-longo-texto-sobre-o-fim-do-pros-e-contras-na-rtp1\\\/#primaryimage\"},\"thumbnailUrl\":\"https:\\\/\\\/infocul.pt\\\/arquivo\\\/wp-content\\\/uploads\\\/2020\\\/07\\\/110699613_3244340855648887_7050963095993685673_n.jpg\",\"keywords\":[\"F\u00e1tima Campos Ferreira\",\"Pr\u00f3s e Contras\",\"RTP1\"],\"articleSection\":[\"Actualidade\",\"Televis\u00e3o\"],\"inLanguage\":\"pt-PT\"},{\"@type\":\"WebPage\",\"@id\":\"https:\\\/\\\/infocul.pt\\\/arquivo\\\/actualidade\\\/fatima-campos-ferreira-escreve-longo-texto-sobre-o-fim-do-pros-e-contras-na-rtp1\\\/\",\"url\":\"https:\\\/\\\/infocul.pt\\\/arquivo\\\/actualidade\\\/fatima-campos-ferreira-escreve-longo-texto-sobre-o-fim-do-pros-e-contras-na-rtp1\\\/\",\"name\":\"F\u00e1tima Campos Ferreira escreve longo texto sobre o fim do Pr\u00f3s e Contras, na RTP1 | Infocul.pt - Arquivo Digital\",\"isPartOf\":{\"@id\":\"https:\\\/\\\/infocul.pt\\\/arquivo\\\/#website\"},\"primaryImageOfPage\":{\"@id\":\"https:\\\/\\\/infocul.pt\\\/arquivo\\\/actualidade\\\/fatima-campos-ferreira-escreve-longo-texto-sobre-o-fim-do-pros-e-contras-na-rtp1\\\/#primaryimage\"},\"image\":{\"@id\":\"https:\\\/\\\/infocul.pt\\\/arquivo\\\/actualidade\\\/fatima-campos-ferreira-escreve-longo-texto-sobre-o-fim-do-pros-e-contras-na-rtp1\\\/#primaryimage\"},\"thumbnailUrl\":\"https:\\\/\\\/infocul.pt\\\/arquivo\\\/wp-content\\\/uploads\\\/2020\\\/07\\\/110699613_3244340855648887_7050963095993685673_n.jpg\",\"datePublished\":\"2020-07-26T22:30:44+00:00\",\"description\":\"F\u00e1tima Campos Ferreira escreve longo texto sobre o fim do Pr\u00f3s e Contras, na RTP1 | Infocul.pt - Arquivo Digital\",\"breadcrumb\":{\"@id\":\"https:\\\/\\\/infocul.pt\\\/arquivo\\\/actualidade\\\/fatima-campos-ferreira-escreve-longo-texto-sobre-o-fim-do-pros-e-contras-na-rtp1\\\/#breadcrumb\"},\"inLanguage\":\"pt-PT\",\"potentialAction\":[{\"@type\":\"ReadAction\",\"target\":[\"https:\\\/\\\/infocul.pt\\\/arquivo\\\/actualidade\\\/fatima-campos-ferreira-escreve-longo-texto-sobre-o-fim-do-pros-e-contras-na-rtp1\\\/\"]}]},{\"@type\":\"ImageObject\",\"inLanguage\":\"pt-PT\",\"@id\":\"https:\\\/\\\/infocul.pt\\\/arquivo\\\/actualidade\\\/fatima-campos-ferreira-escreve-longo-texto-sobre-o-fim-do-pros-e-contras-na-rtp1\\\/#primaryimage\",\"url\":\"https:\\\/\\\/infocul.pt\\\/arquivo\\\/wp-content\\\/uploads\\\/2020\\\/07\\\/110699613_3244340855648887_7050963095993685673_n.jpg\",\"contentUrl\":\"https:\\\/\\\/infocul.pt\\\/arquivo\\\/wp-content\\\/uploads\\\/2020\\\/07\\\/110699613_3244340855648887_7050963095993685673_n.jpg\",\"width\":320,\"height\":480},{\"@type\":\"BreadcrumbList\",\"@id\":\"https:\\\/\\\/infocul.pt\\\/arquivo\\\/actualidade\\\/fatima-campos-ferreira-escreve-longo-texto-sobre-o-fim-do-pros-e-contras-na-rtp1\\\/#breadcrumb\",\"itemListElement\":[{\"@type\":\"ListItem\",\"position\":1,\"name\":\"Home\",\"item\":\"https:\\\/\\\/infocul.pt\\\/arquivo\\\/\"},{\"@type\":\"ListItem\",\"position\":2,\"name\":\"F\u00e1tima Campos Ferreira escreve longo texto sobre o fim do Pr\u00f3s e Contras, na RTP1\"}]},{\"@type\":\"WebSite\",\"@id\":\"https:\\\/\\\/infocul.pt\\\/arquivo\\\/#website\",\"url\":\"https:\\\/\\\/infocul.pt\\\/arquivo\\\/\",\"name\":\"Infocul.pt - Arquivo Digital\",\"description\":\"Arquivo digital da Infocul.pt\",\"publisher\":{\"@id\":\"https:\\\/\\\/infocul.pt\\\/arquivo\\\/#organization\"},\"potentialAction\":[{\"@type\":\"SearchAction\",\"target\":{\"@type\":\"EntryPoint\",\"urlTemplate\":\"https:\\\/\\\/infocul.pt\\\/arquivo\\\/?s={search_term_string}\"},\"query-input\":{\"@type\":\"PropertyValueSpecification\",\"valueRequired\":true,\"valueName\":\"search_term_string\"}}],\"inLanguage\":\"pt-PT\"},{\"@type\":\"Organization\",\"@id\":\"https:\\\/\\\/infocul.pt\\\/arquivo\\\/#organization\",\"name\":\"Infocul.pt\",\"url\":\"https:\\\/\\\/infocul.pt\\\/arquivo\\\/\",\"logo\":{\"@type\":\"ImageObject\",\"inLanguage\":\"pt-PT\",\"@id\":\"https:\\\/\\\/infocul.pt\\\/arquivo\\\/#\\\/schema\\\/logo\\\/image\\\/\",\"url\":\"https:\\\/\\\/infocul.pt\\\/arquivo\\\/wp-content\\\/uploads\\\/2018\\\/12\\\/Infocul_logo-1.png\",\"contentUrl\":\"https:\\\/\\\/infocul.pt\\\/arquivo\\\/wp-content\\\/uploads\\\/2018\\\/12\\\/Infocul_logo-1.png\",\"width\":800,\"height\":800,\"caption\":\"Infocul.pt\"},\"image\":{\"@id\":\"https:\\\/\\\/infocul.pt\\\/arquivo\\\/#\\\/schema\\\/logo\\\/image\\\/\"},\"sameAs\":[\"https:\\\/\\\/www.facebook.com\\\/Infocul-147816815585015\\\/\",\"https:\\\/\\\/x.com\\\/Infoculpt\",\"http:\\\/\\\/www.pictaram.com\\\/user\\\/infocul.pt\\\/2370423710\",\"https:\\\/\\\/www.youtube.com\\\/channel\\\/UCYEB91AGI9FL9ek2i_IaQAA\"]},{\"@type\":\"Person\",\"@id\":\"https:\\\/\\\/infocul.pt\\\/arquivo\\\/#\\\/schema\\\/person\\\/f243f45ae8d67639120a7586884f3abc\",\"name\":\"Redac\u00e7\u00e3o\",\"image\":{\"@type\":\"ImageObject\",\"inLanguage\":\"pt-PT\",\"@id\":\"https:\\\/\\\/secure.gravatar.com\\\/avatar\\\/151b1b76c598ab5e749407223bd6c1bad4e41c4e95de3c3df83540ebee2deaf8?s=96&d=mm&r=g\",\"url\":\"https:\\\/\\\/secure.gravatar.com\\\/avatar\\\/151b1b76c598ab5e749407223bd6c1bad4e41c4e95de3c3df83540ebee2deaf8?s=96&d=mm&r=g\",\"contentUrl\":\"https:\\\/\\\/secure.gravatar.com\\\/avatar\\\/151b1b76c598ab5e749407223bd6c1bad4e41c4e95de3c3df83540ebee2deaf8?s=96&d=mm&r=g\",\"caption\":\"Redac\u00e7\u00e3o\"}}]}<\/script>\n<!-- \/ Yoast SEO plugin. -->","yoast_head_json":{"title":"F\u00e1tima Campos Ferreira escreve longo texto sobre o fim do Pr\u00f3s e Contras, na RTP1 | Infocul.pt - Arquivo Digital","description":"F\u00e1tima Campos Ferreira escreve longo texto sobre o fim do Pr\u00f3s e Contras, na RTP1 | Infocul.pt - Arquivo Digital","robots":{"index":"noindex","follow":"follow","max-snippet":"max-snippet:-1","max-image-preview":"max-image-preview:large","max-video-preview":"max-video-preview:-1"},"og_locale":"pt_PT","og_type":"article","og_title":"F\u00e1tima Campos Ferreira escreve longo texto sobre o fim do Pr\u00f3s e Contras, na RTP1 | Infocul.pt - Arquivo Digital","og_description":"F\u00e1tima Campos Ferreira escreve longo texto sobre o fim do Pr\u00f3s e Contras, na RTP1 | Infocul.pt - Arquivo Digital","og_url":"https:\/\/infocul.pt\/arquivo\/actualidade\/fatima-campos-ferreira-escreve-longo-texto-sobre-o-fim-do-pros-e-contras-na-rtp1\/","og_site_name":"Infocul.pt - Arquivo Digital","article_publisher":"https:\/\/www.facebook.com\/Infocul-147816815585015\/","article_published_time":"2020-07-26T22:30:44+00:00","og_image":[{"width":320,"height":480,"url":"https:\/\/infocul.pt\/arquivo\/wp-content\/uploads\/2020\/07\/110699613_3244340855648887_7050963095993685673_n.jpg","type":"image\/jpeg"}],"author":"Redac\u00e7\u00e3o","twitter_card":"summary_large_image","twitter_creator":"@Infoculpt","twitter_site":"@Infoculpt","twitter_misc":{"Escrito por":"Redac\u00e7\u00e3o","Tempo estimado de leitura":"3 minutos"},"schema":{"@context":"https:\/\/schema.org","@graph":[{"@type":"Article","@id":"https:\/\/infocul.pt\/arquivo\/actualidade\/fatima-campos-ferreira-escreve-longo-texto-sobre-o-fim-do-pros-e-contras-na-rtp1\/#article","isPartOf":{"@id":"https:\/\/infocul.pt\/arquivo\/actualidade\/fatima-campos-ferreira-escreve-longo-texto-sobre-o-fim-do-pros-e-contras-na-rtp1\/"},"author":{"name":"Redac\u00e7\u00e3o","@id":"https:\/\/infocul.pt\/arquivo\/#\/schema\/person\/f243f45ae8d67639120a7586884f3abc"},"headline":"F\u00e1tima Campos Ferreira escreve longo texto sobre o fim do Pr\u00f3s e Contras, na RTP1","datePublished":"2020-07-26T22:30:44+00:00","mainEntityOfPage":{"@id":"https:\/\/infocul.pt\/arquivo\/actualidade\/fatima-campos-ferreira-escreve-longo-texto-sobre-o-fim-do-pros-e-contras-na-rtp1\/"},"wordCount":558,"commentCount":0,"publisher":{"@id":"https:\/\/infocul.pt\/arquivo\/#organization"},"image":{"@id":"https:\/\/infocul.pt\/arquivo\/actualidade\/fatima-campos-ferreira-escreve-longo-texto-sobre-o-fim-do-pros-e-contras-na-rtp1\/#primaryimage"},"thumbnailUrl":"https:\/\/infocul.pt\/arquivo\/wp-content\/uploads\/2020\/07\/110699613_3244340855648887_7050963095993685673_n.jpg","keywords":["F\u00e1tima Campos Ferreira","Pr\u00f3s e Contras","RTP1"],"articleSection":["Actualidade","Televis\u00e3o"],"inLanguage":"pt-PT"},{"@type":"WebPage","@id":"https:\/\/infocul.pt\/arquivo\/actualidade\/fatima-campos-ferreira-escreve-longo-texto-sobre-o-fim-do-pros-e-contras-na-rtp1\/","url":"https:\/\/infocul.pt\/arquivo\/actualidade\/fatima-campos-ferreira-escreve-longo-texto-sobre-o-fim-do-pros-e-contras-na-rtp1\/","name":"F\u00e1tima Campos Ferreira escreve longo texto sobre o fim do Pr\u00f3s e Contras, na RTP1 | Infocul.pt - Arquivo Digital","isPartOf":{"@id":"https:\/\/infocul.pt\/arquivo\/#website"},"primaryImageOfPage":{"@id":"https:\/\/infocul.pt\/arquivo\/actualidade\/fatima-campos-ferreira-escreve-longo-texto-sobre-o-fim-do-pros-e-contras-na-rtp1\/#primaryimage"},"image":{"@id":"https:\/\/infocul.pt\/arquivo\/actualidade\/fatima-campos-ferreira-escreve-longo-texto-sobre-o-fim-do-pros-e-contras-na-rtp1\/#primaryimage"},"thumbnailUrl":"https:\/\/infocul.pt\/arquivo\/wp-content\/uploads\/2020\/07\/110699613_3244340855648887_7050963095993685673_n.jpg","datePublished":"2020-07-26T22:30:44+00:00","description":"F\u00e1tima Campos Ferreira escreve longo texto sobre o fim do Pr\u00f3s e Contras, na RTP1 | Infocul.pt - Arquivo Digital","breadcrumb":{"@id":"https:\/\/infocul.pt\/arquivo\/actualidade\/fatima-campos-ferreira-escreve-longo-texto-sobre-o-fim-do-pros-e-contras-na-rtp1\/#breadcrumb"},"inLanguage":"pt-PT","potentialAction":[{"@type":"ReadAction","target":["https:\/\/infocul.pt\/arquivo\/actualidade\/fatima-campos-ferreira-escreve-longo-texto-sobre-o-fim-do-pros-e-contras-na-rtp1\/"]}]},{"@type":"ImageObject","inLanguage":"pt-PT","@id":"https:\/\/infocul.pt\/arquivo\/actualidade\/fatima-campos-ferreira-escreve-longo-texto-sobre-o-fim-do-pros-e-contras-na-rtp1\/#primaryimage","url":"https:\/\/infocul.pt\/arquivo\/wp-content\/uploads\/2020\/07\/110699613_3244340855648887_7050963095993685673_n.jpg","contentUrl":"https:\/\/infocul.pt\/arquivo\/wp-content\/uploads\/2020\/07\/110699613_3244340855648887_7050963095993685673_n.jpg","width":320,"height":480},{"@type":"BreadcrumbList","@id":"https:\/\/infocul.pt\/arquivo\/actualidade\/fatima-campos-ferreira-escreve-longo-texto-sobre-o-fim-do-pros-e-contras-na-rtp1\/#breadcrumb","itemListElement":[{"@type":"ListItem","position":1,"name":"Home","item":"https:\/\/infocul.pt\/arquivo\/"},{"@type":"ListItem","position":2,"name":"F\u00e1tima Campos Ferreira escreve longo texto sobre o fim do Pr\u00f3s e Contras, na RTP1"}]},{"@type":"WebSite","@id":"https:\/\/infocul.pt\/arquivo\/#website","url":"https:\/\/infocul.pt\/arquivo\/","name":"Infocul.pt - Arquivo Digital","description":"Arquivo digital da Infocul.pt","publisher":{"@id":"https:\/\/infocul.pt\/arquivo\/#organization"},"potentialAction":[{"@type":"SearchAction","target":{"@type":"EntryPoint","urlTemplate":"https:\/\/infocul.pt\/arquivo\/?s={search_term_string}"},"query-input":{"@type":"PropertyValueSpecification","valueRequired":true,"valueName":"search_term_string"}}],"inLanguage":"pt-PT"},{"@type":"Organization","@id":"https:\/\/infocul.pt\/arquivo\/#organization","name":"Infocul.pt","url":"https:\/\/infocul.pt\/arquivo\/","logo":{"@type":"ImageObject","inLanguage":"pt-PT","@id":"https:\/\/infocul.pt\/arquivo\/#\/schema\/logo\/image\/","url":"https:\/\/infocul.pt\/arquivo\/wp-content\/uploads\/2018\/12\/Infocul_logo-1.png","contentUrl":"https:\/\/infocul.pt\/arquivo\/wp-content\/uploads\/2018\/12\/Infocul_logo-1.png","width":800,"height":800,"caption":"Infocul.pt"},"image":{"@id":"https:\/\/infocul.pt\/arquivo\/#\/schema\/logo\/image\/"},"sameAs":["https:\/\/www.facebook.com\/Infocul-147816815585015\/","https:\/\/x.com\/Infoculpt","http:\/\/www.pictaram.com\/user\/infocul.pt\/2370423710","https:\/\/www.youtube.com\/channel\/UCYEB91AGI9FL9ek2i_IaQAA"]},{"@type":"Person","@id":"https:\/\/infocul.pt\/arquivo\/#\/schema\/person\/f243f45ae8d67639120a7586884f3abc","name":"Redac\u00e7\u00e3o","image":{"@type":"ImageObject","inLanguage":"pt-PT","@id":"https:\/\/secure.gravatar.com\/avatar\/151b1b76c598ab5e749407223bd6c1bad4e41c4e95de3c3df83540ebee2deaf8?s=96&d=mm&r=g","url":"https:\/\/secure.gravatar.com\/avatar\/151b1b76c598ab5e749407223bd6c1bad4e41c4e95de3c3df83540ebee2deaf8?s=96&d=mm&r=g","contentUrl":"https:\/\/secure.gravatar.com\/avatar\/151b1b76c598ab5e749407223bd6c1bad4e41c4e95de3c3df83540ebee2deaf8?s=96&d=mm&r=g","caption":"Redac\u00e7\u00e3o"}}]}},"_links":{"self":[{"href":"https:\/\/infocul.pt\/arquivo\/wp-json\/wp\/v2\/posts\/77723","targetHints":{"allow":["GET"]}}],"collection":[{"href":"https:\/\/infocul.pt\/arquivo\/wp-json\/wp\/v2\/posts"}],"about":[{"href":"https:\/\/infocul.pt\/arquivo\/wp-json\/wp\/v2\/types\/post"}],"author":[{"embeddable":true,"href":"https:\/\/infocul.pt\/arquivo\/wp-json\/wp\/v2\/users\/13"}],"replies":[{"embeddable":true,"href":"https:\/\/infocul.pt\/arquivo\/wp-json\/wp\/v2\/comments?post=77723"}],"version-history":[{"count":0,"href":"https:\/\/infocul.pt\/arquivo\/wp-json\/wp\/v2\/posts\/77723\/revisions"}],"wp:featuredmedia":[{"embeddable":true,"href":"https:\/\/infocul.pt\/arquivo\/wp-json\/wp\/v2\/media\/77724"}],"wp:attachment":[{"href":"https:\/\/infocul.pt\/arquivo\/wp-json\/wp\/v2\/media?parent=77723"}],"wp:term":[{"taxonomy":"category","embeddable":true,"href":"https:\/\/infocul.pt\/arquivo\/wp-json\/wp\/v2\/categories?post=77723"},{"taxonomy":"post_tag","embeddable":true,"href":"https:\/\/infocul.pt\/arquivo\/wp-json\/wp\/v2\/tags?post=77723"}],"curies":[{"name":"wp","href":"https:\/\/api.w.org\/{rel}","templated":true}]}}