{"id":77809,"date":"2020-07-28T10:58:55","date_gmt":"2020-07-28T09:58:55","guid":{"rendered":"https:\/\/infocul.pt\/?p=77809"},"modified":"2020-07-29T19:59:51","modified_gmt":"2020-07-29T18:59:51","slug":"amas-auditorio-municipal-antonio-silva-recebe-festival-muscarium6-em-setembro","status":"publish","type":"post","link":"https:\/\/infocul.pt\/arquivo\/cultura\/amas-auditorio-municipal-antonio-silva-recebe-festival-muscarium6-em-setembro\/","title":{"rendered":"AMAS \u2013 Audit\u00f3rio Municipal Ant\u00f3nio Silva recebe Festival Muscarium#6, em Setembro"},"content":{"rendered":"<p><img decoding=\"async\" class=\"aligncenter wp-image-77810 size-large lazyload\" data-src=\"https:\/\/infocul.pt\/arquivo\/wp-content\/uploads\/2020\/07\/unnamed-13-1024x576.jpg\" alt=\"\" width=\"800\" height=\"450\" data-srcset=\"https:\/\/infocul.pt\/arquivo\/wp-content\/uploads\/2020\/07\/unnamed-13.jpg 1024w, https:\/\/infocul.pt\/arquivo\/wp-content\/uploads\/2020\/07\/unnamed-13-300x169.jpg 300w, https:\/\/infocul.pt\/arquivo\/wp-content\/uploads\/2020\/07\/unnamed-13-768x432.jpg 768w\" data-sizes=\"(max-width: 800px) 100vw, 800px\" src=\"data:image\/svg+xml;base64,PHN2ZyB3aWR0aD0iMSIgaGVpZ2h0PSIxIiB4bWxucz0iaHR0cDovL3d3dy53My5vcmcvMjAwMC9zdmciPjwvc3ZnPg==\" style=\"--smush-placeholder-width: 800px; --smush-placeholder-aspect-ratio: 800\/450;\" \/><\/p>\n<p>A 6\u00aa edi\u00e7\u00e3o do Festival <strong>MUSCARIUM<\/strong> ter\u00e1 lugar entre <strong>17 e 27 de setembro <\/strong>de 2020, mantendo a sua periodicidade anual, realizando-se nas duas \u00faltimas semanas do m\u00eas que assinala tamb\u00e9m a reabertura do AMAS &#8211; Audit\u00f3rio Municipal Ant\u00f3nio Silva, sala de espet\u00e1culos sintrense que o <em>teatromosca<\/em> gere e programa desde 2018. Este ano, tendo em conta as conting\u00eancias sociais e sanit\u00e1rias, consideramos ainda mais urgente enaltecermos as principais carater\u00edsticas do festival que se pretende org\u00e2nico e vivo, promovendo um acesso cada vez mais democratizado \u00e0 cultura, atrav\u00e9s da programa\u00e7\u00e3o de um conjunto de espet\u00e1culos multidisciplinares que ser\u00e3o apresentados em in\u00fameros espa\u00e7os do concelho de Sintra.<!--more--><\/p>\n<p>&nbsp;<\/p>\n<p>A abertura oficial do evento ter\u00e1 lugar no AMAS, no dia 17 de setembro \u00e0s 21h, e estar\u00e1 a cargo do <strong>Quorum Ballet<\/strong>, uma das mais importantes companhias de dan\u00e7a nacionais, com a sua mais recente cria\u00e7\u00e3o, o espet\u00e1culo \u201cImpulso\u201d. Evidentemente, destacamos ainda o concerto que <strong>Surma<\/strong> nos oferecer\u00e1 no deslumbrante jardim do Pal\u00e1cio de Queluz, no dia 20 de setembro, \u00e0s 19h. O festival ficar\u00e1 ainda marcado por uma programa\u00e7\u00e3o maioritariamente nacional, com a apresenta\u00e7\u00e3o de espet\u00e1culos da <strong>Trincheira Teatro<\/strong>, no dia 19 de setembro \u00e0s 16h, na Casa da Cultura L\u00edvio de Morais, um espet\u00e1culo para os mais novos, que nos fala da viagem de um menino que parte \u00e0 procura de \u201cO \u00daltimo Marco do Correio\u201d. No mesmo dia, \u00e0s 21h recebemos a <strong>Companhia Mascarenhas Martins<\/strong>, no AMAS, com o espet\u00e1culo \u201cH\u00e1 Dois Anos Que Eu N\u00e3o Como Pargo\u201d, que nos d\u00e1 a conhecer tr\u00eas amigos, todos residentes na margem sul e a trabalhar em Lisboa, que todos os dias se juntam para falarem sobre as suas vidas. No dia 24 de setembro, a Casa de Teatro de Sintra ir\u00e1 acolher os portuenses <strong>Vis\u00f5es \u00dateis<\/strong>, com o espet\u00e1culo \u201cLittle B\u201d, inspirado pela biografia profissional de M\u00e1rio Moutinho \u2013 Artista Associado do Vis\u00f5es \u00dateis em 2018 e 2019, um espet\u00e1culo que recusa uma perspetiva arquivista ou documentarista: onde n\u00e3o interessa tanto a vida de M\u00e1rio, mas a pluralidade de vidas que uma vida pode conter. O <strong>Teatro do Sil\u00eancio<\/strong> junta-se a n\u00f3s, no AMAS, no dia 26 de setembro, com um espet\u00e1culo documental que nos apresenta a perspetiva das mulheres dos pescadores de bacalhau e procurando dar voz a estas mulheres, contribuindo para a valoriza\u00e7\u00e3o do seu papel na economia do mar. Integram ainda a programa\u00e7\u00e3o do festival duas propostas de coletivos sintrenses, a <strong>MUSGO Produ\u00e7\u00e3o Cultural<\/strong>, no dia 23 de setembro no AMAS, com \u201cOrtov Sai do Escuro\u201d, filme realizado por Ricardo Reis que documenta o espet\u00e1culo hom\u00f3nimo produzido a partir de texto de Jaime Rocha, que nos apresenta uma personagem especialmente peculiar, Ortov, que atravessa todo o espet\u00e1culo, questionando-se sobre o futuro da humanidade e procurando uma nova linguagem que possa vencer o medo, a hipocrisia e a corrup\u00e7\u00e3o; e o <strong>Teatro Ef\u00e9mero<\/strong>, no Teatroesfera, em Queluz, \u00e0s 21h, no dia 18 de setembro, com \u201cLie Lie Land\u201d, inspirado pela obra \u201cO Doido e a Morte\u201d, de Ra\u00fal Brand\u00e3o, como uma reescrita do universo enigm\u00e1tico deste texto, conjugando-o com a atualidade, numa rela\u00e7\u00e3o direta com a arte urbana pol\u00edtica.<\/p>\n<p>&nbsp;<\/p>\n<p>O <strong><em>\u00a0teatromosca<\/em><\/strong> aproveitar\u00e1 ainda este momento para estrear duas cria\u00e7\u00f5es: para o p\u00fablico infanto-juvenil apresentar\u00e1 uma nova vers\u00e3o de <strong>\u201cO Macaco do Rabo Cortado\u201d<\/strong>, que encerrar\u00e1 o MUSCARIUM#6, no dia 27 de setembro, na Casa da Juventude da Tapada das Merc\u00eas, vers\u00e3o esta que come\u00e7ou a ser desenvolvida durante o per\u00edodo de Estado de Emerg\u00eancia e que teve uma primeira apresenta\u00e7\u00e3o online no ciclo QuarentenAntena; e, para o p\u00fablico geral, estrear\u00e1 <strong>\u201cEst\u00fadio: Flores\u201d<\/strong>, no dia 25 de setembro, concebido pelo ator e encenador espanhol Adolfo Sim\u00f3n e pelos criadores do <strong><em>teatromosca<\/em><\/strong>, Pedro Silva e Carolina Figueiredo, em coprodu\u00e7\u00e3o com o <strong>Centro Dram\u00e1tico Rural<\/strong> (Madrid), em jeito de homenagem no 40\u00ba anivers\u00e1rio do Centro Cultural Shopping Cac\u00e9m e do antigo cinema Est\u00fadio Flores, onde, atualmente, se situa o AMAS. Estas duas novas cria\u00e7\u00f5es do <strong><em>teatromosca<\/em><\/strong> poder\u00e3o ser fru\u00eddas tanto online, como presencialmente, dando seguimento a um trabalho que o coletivo vinha j\u00e1 a desenvolver e que se acentuou com a pandemia.<\/p>\n<p>&nbsp;<\/p>\n<p>Sim, \u00e9 inevit\u00e1vel que possamos detetar nesta nova edi\u00e7\u00e3o do MUSCARIUM sintomas do COVID-19, com plateias mais reduzidas, com as devidas dist\u00e2ncias entre artistas e espetadores, cumprindo todas as regras de higiene e seguran\u00e7a que agora se imp\u00f5em, mas tamb\u00e9m podemos relevar o gesto de insistir em organizar um festival de artes performativas durante duas semanas, com propostas art\u00edsticas t\u00e3o distintas apresentadas em espa\u00e7os dispersos por boa parte do territ\u00f3rio sintrense, como um ato de resist\u00eancia e de amor. Temos consci\u00eancia que este v\u00edrus afetou (infetou) tamb\u00e9m o modo como vivemos o Teatro, a Dan\u00e7a, a M\u00fasica, o Cinema, mas n\u00e3o vamos parar de criar e n\u00e3o vamos deixar de querer marcar encontro regular com os nossos p\u00fablicos, e, cada vez mais, este evento assinala apenas o in\u00edcio de uma longa temporada do <em>teatromosca<\/em> e do espa\u00e7o que, t\u00e3o afetuosamente, chamamos AMAS.<\/p>\n<p>&nbsp;<\/p>\n<p>O pre\u00e7o dos bilhetes para as diferentes performances no <strong>MUSCARIUM#6<\/strong> varia entre os 5\u20ac e os 12\u20ac, sendo que existe um passe para todos os espet\u00e1culos do festival dispon\u00edvel por 50\u20ac. Os bilhetes v\u00e3o estar dispon\u00edveis na Ticketline, Seetickets e na bilheteira do AMAS- Audit\u00f3rio Municipal Ant\u00f3nio Silva, no Shopping Cac\u00e9m.<\/p>\n","protected":false},"excerpt":{"rendered":"<p>A 6\u00aa edi\u00e7\u00e3o do Festival MUSCARIUM ter\u00e1 lugar entre 17 e 27 de setembro de 2020, mantendo a sua periodicidade anual, realizando-se nas duas \u00faltimas semanas do m\u00eas que assinala tamb\u00e9m a reabertura do AMAS &#8211; Audit\u00f3rio Municipal Ant\u00f3nio Silva, sala de espet\u00e1culos sintrense que o teatromosca gere e programa desde 2018. Este ano, tendo [&hellip;]<\/p>\n","protected":false},"author":13,"featured_media":77810,"comment_status":"open","ping_status":"closed","sticky":false,"template":"","format":"standard","meta":{"footnotes":""},"categories":[2,5],"tags":[9828],"class_list":["post-77809","post","type-post","status-publish","format-standard","has-post-thumbnail","hentry","category-cultura","category-teatro","tag-festival-muscarium"],"yoast_head":"<!-- This site is optimized with the Yoast SEO plugin v27.4 - https:\/\/yoast.com\/product\/yoast-seo-wordpress\/ -->\n<title>AMAS \u2013 Audit\u00f3rio Municipal Ant\u00f3nio Silva recebe Festival Muscarium#6, em Setembro | Infocul.pt - Arquivo Digital<\/title>\n<meta name=\"description\" content=\"AMAS \u2013 Audit\u00f3rio Municipal Ant\u00f3nio Silva recebe Festival Muscarium#6, em Setembro | Infocul.pt - Arquivo Digital\" \/>\n<meta name=\"robots\" content=\"noindex, follow, max-snippet:-1, max-image-preview:large, max-video-preview:-1\" \/>\n<meta property=\"og:locale\" content=\"pt_PT\" \/>\n<meta property=\"og:type\" content=\"article\" \/>\n<meta property=\"og:title\" content=\"AMAS \u2013 Audit\u00f3rio Municipal Ant\u00f3nio Silva recebe Festival Muscarium#6, em Setembro | Infocul.pt - Arquivo Digital\" \/>\n<meta property=\"og:description\" content=\"AMAS \u2013 Audit\u00f3rio Municipal Ant\u00f3nio Silva recebe Festival Muscarium#6, em Setembro | Infocul.pt - Arquivo Digital\" \/>\n<meta property=\"og:url\" content=\"https:\/\/infocul.pt\/arquivo\/cultura\/amas-auditorio-municipal-antonio-silva-recebe-festival-muscarium6-em-setembro\/\" \/>\n<meta property=\"og:site_name\" content=\"Infocul.pt - Arquivo Digital\" \/>\n<meta property=\"article:publisher\" content=\"https:\/\/www.facebook.com\/Infocul-147816815585015\/\" \/>\n<meta property=\"article:published_time\" content=\"2020-07-28T09:58:55+00:00\" \/>\n<meta property=\"article:modified_time\" content=\"2020-07-29T18:59:51+00:00\" \/>\n<meta property=\"og:image\" content=\"https:\/\/infocul.pt\/arquivo\/wp-content\/uploads\/2020\/07\/unnamed-13.jpg\" \/>\n\t<meta property=\"og:image:width\" content=\"1024\" \/>\n\t<meta property=\"og:image:height\" content=\"576\" \/>\n\t<meta property=\"og:image:type\" content=\"image\/jpeg\" \/>\n<meta name=\"author\" content=\"Redac\u00e7\u00e3o\" \/>\n<meta name=\"twitter:card\" content=\"summary_large_image\" \/>\n<meta name=\"twitter:creator\" content=\"@Infoculpt\" \/>\n<meta name=\"twitter:site\" content=\"@Infoculpt\" \/>\n<meta name=\"twitter:label1\" content=\"Escrito por\" \/>\n\t<meta name=\"twitter:data1\" content=\"Redac\u00e7\u00e3o\" \/>\n\t<meta name=\"twitter:label2\" content=\"Tempo estimado de leitura\" \/>\n\t<meta name=\"twitter:data2\" content=\"5 minutos\" \/>\n<script type=\"application\/ld+json\" class=\"yoast-schema-graph\">{\"@context\":\"https:\\\/\\\/schema.org\",\"@graph\":[{\"@type\":\"Article\",\"@id\":\"https:\\\/\\\/infocul.pt\\\/arquivo\\\/cultura\\\/amas-auditorio-municipal-antonio-silva-recebe-festival-muscarium6-em-setembro\\\/#article\",\"isPartOf\":{\"@id\":\"https:\\\/\\\/infocul.pt\\\/arquivo\\\/cultura\\\/amas-auditorio-municipal-antonio-silva-recebe-festival-muscarium6-em-setembro\\\/\"},\"author\":{\"name\":\"Redac\u00e7\u00e3o\",\"@id\":\"https:\\\/\\\/infocul.pt\\\/arquivo\\\/#\\\/schema\\\/person\\\/f243f45ae8d67639120a7586884f3abc\"},\"headline\":\"AMAS \u2013 Audit\u00f3rio Municipal Ant\u00f3nio Silva recebe Festival Muscarium#6, em Setembro\",\"datePublished\":\"2020-07-28T09:58:55+00:00\",\"dateModified\":\"2020-07-29T18:59:51+00:00\",\"mainEntityOfPage\":{\"@id\":\"https:\\\/\\\/infocul.pt\\\/arquivo\\\/cultura\\\/amas-auditorio-municipal-antonio-silva-recebe-festival-muscarium6-em-setembro\\\/\"},\"wordCount\":965,\"commentCount\":0,\"publisher\":{\"@id\":\"https:\\\/\\\/infocul.pt\\\/arquivo\\\/#organization\"},\"image\":{\"@id\":\"https:\\\/\\\/infocul.pt\\\/arquivo\\\/cultura\\\/amas-auditorio-municipal-antonio-silva-recebe-festival-muscarium6-em-setembro\\\/#primaryimage\"},\"thumbnailUrl\":\"https:\\\/\\\/infocul.pt\\\/arquivo\\\/wp-content\\\/uploads\\\/2020\\\/07\\\/unnamed-13.jpg\",\"keywords\":[\"Festival MUSCARIUM\"],\"articleSection\":[\"Cultura\",\"Teatro\"],\"inLanguage\":\"pt-PT\"},{\"@type\":\"WebPage\",\"@id\":\"https:\\\/\\\/infocul.pt\\\/arquivo\\\/cultura\\\/amas-auditorio-municipal-antonio-silva-recebe-festival-muscarium6-em-setembro\\\/\",\"url\":\"https:\\\/\\\/infocul.pt\\\/arquivo\\\/cultura\\\/amas-auditorio-municipal-antonio-silva-recebe-festival-muscarium6-em-setembro\\\/\",\"name\":\"AMAS \u2013 Audit\u00f3rio Municipal Ant\u00f3nio Silva recebe Festival Muscarium#6, em Setembro | Infocul.pt - Arquivo Digital\",\"isPartOf\":{\"@id\":\"https:\\\/\\\/infocul.pt\\\/arquivo\\\/#website\"},\"primaryImageOfPage\":{\"@id\":\"https:\\\/\\\/infocul.pt\\\/arquivo\\\/cultura\\\/amas-auditorio-municipal-antonio-silva-recebe-festival-muscarium6-em-setembro\\\/#primaryimage\"},\"image\":{\"@id\":\"https:\\\/\\\/infocul.pt\\\/arquivo\\\/cultura\\\/amas-auditorio-municipal-antonio-silva-recebe-festival-muscarium6-em-setembro\\\/#primaryimage\"},\"thumbnailUrl\":\"https:\\\/\\\/infocul.pt\\\/arquivo\\\/wp-content\\\/uploads\\\/2020\\\/07\\\/unnamed-13.jpg\",\"datePublished\":\"2020-07-28T09:58:55+00:00\",\"dateModified\":\"2020-07-29T18:59:51+00:00\",\"description\":\"AMAS \u2013 Audit\u00f3rio Municipal Ant\u00f3nio Silva recebe Festival Muscarium#6, em Setembro | Infocul.pt - Arquivo Digital\",\"breadcrumb\":{\"@id\":\"https:\\\/\\\/infocul.pt\\\/arquivo\\\/cultura\\\/amas-auditorio-municipal-antonio-silva-recebe-festival-muscarium6-em-setembro\\\/#breadcrumb\"},\"inLanguage\":\"pt-PT\",\"potentialAction\":[{\"@type\":\"ReadAction\",\"target\":[\"https:\\\/\\\/infocul.pt\\\/arquivo\\\/cultura\\\/amas-auditorio-municipal-antonio-silva-recebe-festival-muscarium6-em-setembro\\\/\"]}]},{\"@type\":\"ImageObject\",\"inLanguage\":\"pt-PT\",\"@id\":\"https:\\\/\\\/infocul.pt\\\/arquivo\\\/cultura\\\/amas-auditorio-municipal-antonio-silva-recebe-festival-muscarium6-em-setembro\\\/#primaryimage\",\"url\":\"https:\\\/\\\/infocul.pt\\\/arquivo\\\/wp-content\\\/uploads\\\/2020\\\/07\\\/unnamed-13.jpg\",\"contentUrl\":\"https:\\\/\\\/infocul.pt\\\/arquivo\\\/wp-content\\\/uploads\\\/2020\\\/07\\\/unnamed-13.jpg\",\"width\":1024,\"height\":576},{\"@type\":\"BreadcrumbList\",\"@id\":\"https:\\\/\\\/infocul.pt\\\/arquivo\\\/cultura\\\/amas-auditorio-municipal-antonio-silva-recebe-festival-muscarium6-em-setembro\\\/#breadcrumb\",\"itemListElement\":[{\"@type\":\"ListItem\",\"position\":1,\"name\":\"Home\",\"item\":\"https:\\\/\\\/infocul.pt\\\/arquivo\\\/\"},{\"@type\":\"ListItem\",\"position\":2,\"name\":\"AMAS \u2013 Audit\u00f3rio Municipal Ant\u00f3nio Silva recebe Festival Muscarium#6, em Setembro\"}]},{\"@type\":\"WebSite\",\"@id\":\"https:\\\/\\\/infocul.pt\\\/arquivo\\\/#website\",\"url\":\"https:\\\/\\\/infocul.pt\\\/arquivo\\\/\",\"name\":\"Infocul.pt - Arquivo Digital\",\"description\":\"Arquivo digital da Infocul.pt\",\"publisher\":{\"@id\":\"https:\\\/\\\/infocul.pt\\\/arquivo\\\/#organization\"},\"potentialAction\":[{\"@type\":\"SearchAction\",\"target\":{\"@type\":\"EntryPoint\",\"urlTemplate\":\"https:\\\/\\\/infocul.pt\\\/arquivo\\\/?s={search_term_string}\"},\"query-input\":{\"@type\":\"PropertyValueSpecification\",\"valueRequired\":true,\"valueName\":\"search_term_string\"}}],\"inLanguage\":\"pt-PT\"},{\"@type\":\"Organization\",\"@id\":\"https:\\\/\\\/infocul.pt\\\/arquivo\\\/#organization\",\"name\":\"Infocul.pt\",\"url\":\"https:\\\/\\\/infocul.pt\\\/arquivo\\\/\",\"logo\":{\"@type\":\"ImageObject\",\"inLanguage\":\"pt-PT\",\"@id\":\"https:\\\/\\\/infocul.pt\\\/arquivo\\\/#\\\/schema\\\/logo\\\/image\\\/\",\"url\":\"https:\\\/\\\/infocul.pt\\\/arquivo\\\/wp-content\\\/uploads\\\/2018\\\/12\\\/Infocul_logo-1.png\",\"contentUrl\":\"https:\\\/\\\/infocul.pt\\\/arquivo\\\/wp-content\\\/uploads\\\/2018\\\/12\\\/Infocul_logo-1.png\",\"width\":800,\"height\":800,\"caption\":\"Infocul.pt\"},\"image\":{\"@id\":\"https:\\\/\\\/infocul.pt\\\/arquivo\\\/#\\\/schema\\\/logo\\\/image\\\/\"},\"sameAs\":[\"https:\\\/\\\/www.facebook.com\\\/Infocul-147816815585015\\\/\",\"https:\\\/\\\/x.com\\\/Infoculpt\",\"http:\\\/\\\/www.pictaram.com\\\/user\\\/infocul.pt\\\/2370423710\",\"https:\\\/\\\/www.youtube.com\\\/channel\\\/UCYEB91AGI9FL9ek2i_IaQAA\"]},{\"@type\":\"Person\",\"@id\":\"https:\\\/\\\/infocul.pt\\\/arquivo\\\/#\\\/schema\\\/person\\\/f243f45ae8d67639120a7586884f3abc\",\"name\":\"Redac\u00e7\u00e3o\",\"image\":{\"@type\":\"ImageObject\",\"inLanguage\":\"pt-PT\",\"@id\":\"https:\\\/\\\/secure.gravatar.com\\\/avatar\\\/151b1b76c598ab5e749407223bd6c1bad4e41c4e95de3c3df83540ebee2deaf8?s=96&d=mm&r=g\",\"url\":\"https:\\\/\\\/secure.gravatar.com\\\/avatar\\\/151b1b76c598ab5e749407223bd6c1bad4e41c4e95de3c3df83540ebee2deaf8?s=96&d=mm&r=g\",\"contentUrl\":\"https:\\\/\\\/secure.gravatar.com\\\/avatar\\\/151b1b76c598ab5e749407223bd6c1bad4e41c4e95de3c3df83540ebee2deaf8?s=96&d=mm&r=g\",\"caption\":\"Redac\u00e7\u00e3o\"}}]}<\/script>\n<!-- \/ Yoast SEO plugin. -->","yoast_head_json":{"title":"AMAS \u2013 Audit\u00f3rio Municipal Ant\u00f3nio Silva recebe Festival Muscarium#6, em Setembro | Infocul.pt - Arquivo Digital","description":"AMAS \u2013 Audit\u00f3rio Municipal Ant\u00f3nio Silva recebe Festival Muscarium#6, em Setembro | Infocul.pt - Arquivo Digital","robots":{"index":"noindex","follow":"follow","max-snippet":"max-snippet:-1","max-image-preview":"max-image-preview:large","max-video-preview":"max-video-preview:-1"},"og_locale":"pt_PT","og_type":"article","og_title":"AMAS \u2013 Audit\u00f3rio Municipal Ant\u00f3nio Silva recebe Festival Muscarium#6, em Setembro | Infocul.pt - Arquivo Digital","og_description":"AMAS \u2013 Audit\u00f3rio Municipal Ant\u00f3nio Silva recebe Festival Muscarium#6, em Setembro | Infocul.pt - Arquivo Digital","og_url":"https:\/\/infocul.pt\/arquivo\/cultura\/amas-auditorio-municipal-antonio-silva-recebe-festival-muscarium6-em-setembro\/","og_site_name":"Infocul.pt - Arquivo Digital","article_publisher":"https:\/\/www.facebook.com\/Infocul-147816815585015\/","article_published_time":"2020-07-28T09:58:55+00:00","article_modified_time":"2020-07-29T18:59:51+00:00","og_image":[{"width":1024,"height":576,"url":"https:\/\/infocul.pt\/arquivo\/wp-content\/uploads\/2020\/07\/unnamed-13.jpg","type":"image\/jpeg"}],"author":"Redac\u00e7\u00e3o","twitter_card":"summary_large_image","twitter_creator":"@Infoculpt","twitter_site":"@Infoculpt","twitter_misc":{"Escrito por":"Redac\u00e7\u00e3o","Tempo estimado de leitura":"5 minutos"},"schema":{"@context":"https:\/\/schema.org","@graph":[{"@type":"Article","@id":"https:\/\/infocul.pt\/arquivo\/cultura\/amas-auditorio-municipal-antonio-silva-recebe-festival-muscarium6-em-setembro\/#article","isPartOf":{"@id":"https:\/\/infocul.pt\/arquivo\/cultura\/amas-auditorio-municipal-antonio-silva-recebe-festival-muscarium6-em-setembro\/"},"author":{"name":"Redac\u00e7\u00e3o","@id":"https:\/\/infocul.pt\/arquivo\/#\/schema\/person\/f243f45ae8d67639120a7586884f3abc"},"headline":"AMAS \u2013 Audit\u00f3rio Municipal Ant\u00f3nio Silva recebe Festival Muscarium#6, em Setembro","datePublished":"2020-07-28T09:58:55+00:00","dateModified":"2020-07-29T18:59:51+00:00","mainEntityOfPage":{"@id":"https:\/\/infocul.pt\/arquivo\/cultura\/amas-auditorio-municipal-antonio-silva-recebe-festival-muscarium6-em-setembro\/"},"wordCount":965,"commentCount":0,"publisher":{"@id":"https:\/\/infocul.pt\/arquivo\/#organization"},"image":{"@id":"https:\/\/infocul.pt\/arquivo\/cultura\/amas-auditorio-municipal-antonio-silva-recebe-festival-muscarium6-em-setembro\/#primaryimage"},"thumbnailUrl":"https:\/\/infocul.pt\/arquivo\/wp-content\/uploads\/2020\/07\/unnamed-13.jpg","keywords":["Festival MUSCARIUM"],"articleSection":["Cultura","Teatro"],"inLanguage":"pt-PT"},{"@type":"WebPage","@id":"https:\/\/infocul.pt\/arquivo\/cultura\/amas-auditorio-municipal-antonio-silva-recebe-festival-muscarium6-em-setembro\/","url":"https:\/\/infocul.pt\/arquivo\/cultura\/amas-auditorio-municipal-antonio-silva-recebe-festival-muscarium6-em-setembro\/","name":"AMAS \u2013 Audit\u00f3rio Municipal Ant\u00f3nio Silva recebe Festival Muscarium#6, em Setembro | Infocul.pt - Arquivo Digital","isPartOf":{"@id":"https:\/\/infocul.pt\/arquivo\/#website"},"primaryImageOfPage":{"@id":"https:\/\/infocul.pt\/arquivo\/cultura\/amas-auditorio-municipal-antonio-silva-recebe-festival-muscarium6-em-setembro\/#primaryimage"},"image":{"@id":"https:\/\/infocul.pt\/arquivo\/cultura\/amas-auditorio-municipal-antonio-silva-recebe-festival-muscarium6-em-setembro\/#primaryimage"},"thumbnailUrl":"https:\/\/infocul.pt\/arquivo\/wp-content\/uploads\/2020\/07\/unnamed-13.jpg","datePublished":"2020-07-28T09:58:55+00:00","dateModified":"2020-07-29T18:59:51+00:00","description":"AMAS \u2013 Audit\u00f3rio Municipal Ant\u00f3nio Silva recebe Festival Muscarium#6, em Setembro | Infocul.pt - Arquivo Digital","breadcrumb":{"@id":"https:\/\/infocul.pt\/arquivo\/cultura\/amas-auditorio-municipal-antonio-silva-recebe-festival-muscarium6-em-setembro\/#breadcrumb"},"inLanguage":"pt-PT","potentialAction":[{"@type":"ReadAction","target":["https:\/\/infocul.pt\/arquivo\/cultura\/amas-auditorio-municipal-antonio-silva-recebe-festival-muscarium6-em-setembro\/"]}]},{"@type":"ImageObject","inLanguage":"pt-PT","@id":"https:\/\/infocul.pt\/arquivo\/cultura\/amas-auditorio-municipal-antonio-silva-recebe-festival-muscarium6-em-setembro\/#primaryimage","url":"https:\/\/infocul.pt\/arquivo\/wp-content\/uploads\/2020\/07\/unnamed-13.jpg","contentUrl":"https:\/\/infocul.pt\/arquivo\/wp-content\/uploads\/2020\/07\/unnamed-13.jpg","width":1024,"height":576},{"@type":"BreadcrumbList","@id":"https:\/\/infocul.pt\/arquivo\/cultura\/amas-auditorio-municipal-antonio-silva-recebe-festival-muscarium6-em-setembro\/#breadcrumb","itemListElement":[{"@type":"ListItem","position":1,"name":"Home","item":"https:\/\/infocul.pt\/arquivo\/"},{"@type":"ListItem","position":2,"name":"AMAS \u2013 Audit\u00f3rio Municipal Ant\u00f3nio Silva recebe Festival Muscarium#6, em Setembro"}]},{"@type":"WebSite","@id":"https:\/\/infocul.pt\/arquivo\/#website","url":"https:\/\/infocul.pt\/arquivo\/","name":"Infocul.pt - Arquivo Digital","description":"Arquivo digital da Infocul.pt","publisher":{"@id":"https:\/\/infocul.pt\/arquivo\/#organization"},"potentialAction":[{"@type":"SearchAction","target":{"@type":"EntryPoint","urlTemplate":"https:\/\/infocul.pt\/arquivo\/?s={search_term_string}"},"query-input":{"@type":"PropertyValueSpecification","valueRequired":true,"valueName":"search_term_string"}}],"inLanguage":"pt-PT"},{"@type":"Organization","@id":"https:\/\/infocul.pt\/arquivo\/#organization","name":"Infocul.pt","url":"https:\/\/infocul.pt\/arquivo\/","logo":{"@type":"ImageObject","inLanguage":"pt-PT","@id":"https:\/\/infocul.pt\/arquivo\/#\/schema\/logo\/image\/","url":"https:\/\/infocul.pt\/arquivo\/wp-content\/uploads\/2018\/12\/Infocul_logo-1.png","contentUrl":"https:\/\/infocul.pt\/arquivo\/wp-content\/uploads\/2018\/12\/Infocul_logo-1.png","width":800,"height":800,"caption":"Infocul.pt"},"image":{"@id":"https:\/\/infocul.pt\/arquivo\/#\/schema\/logo\/image\/"},"sameAs":["https:\/\/www.facebook.com\/Infocul-147816815585015\/","https:\/\/x.com\/Infoculpt","http:\/\/www.pictaram.com\/user\/infocul.pt\/2370423710","https:\/\/www.youtube.com\/channel\/UCYEB91AGI9FL9ek2i_IaQAA"]},{"@type":"Person","@id":"https:\/\/infocul.pt\/arquivo\/#\/schema\/person\/f243f45ae8d67639120a7586884f3abc","name":"Redac\u00e7\u00e3o","image":{"@type":"ImageObject","inLanguage":"pt-PT","@id":"https:\/\/secure.gravatar.com\/avatar\/151b1b76c598ab5e749407223bd6c1bad4e41c4e95de3c3df83540ebee2deaf8?s=96&d=mm&r=g","url":"https:\/\/secure.gravatar.com\/avatar\/151b1b76c598ab5e749407223bd6c1bad4e41c4e95de3c3df83540ebee2deaf8?s=96&d=mm&r=g","contentUrl":"https:\/\/secure.gravatar.com\/avatar\/151b1b76c598ab5e749407223bd6c1bad4e41c4e95de3c3df83540ebee2deaf8?s=96&d=mm&r=g","caption":"Redac\u00e7\u00e3o"}}]}},"_links":{"self":[{"href":"https:\/\/infocul.pt\/arquivo\/wp-json\/wp\/v2\/posts\/77809","targetHints":{"allow":["GET"]}}],"collection":[{"href":"https:\/\/infocul.pt\/arquivo\/wp-json\/wp\/v2\/posts"}],"about":[{"href":"https:\/\/infocul.pt\/arquivo\/wp-json\/wp\/v2\/types\/post"}],"author":[{"embeddable":true,"href":"https:\/\/infocul.pt\/arquivo\/wp-json\/wp\/v2\/users\/13"}],"replies":[{"embeddable":true,"href":"https:\/\/infocul.pt\/arquivo\/wp-json\/wp\/v2\/comments?post=77809"}],"version-history":[{"count":0,"href":"https:\/\/infocul.pt\/arquivo\/wp-json\/wp\/v2\/posts\/77809\/revisions"}],"wp:featuredmedia":[{"embeddable":true,"href":"https:\/\/infocul.pt\/arquivo\/wp-json\/wp\/v2\/media\/77810"}],"wp:attachment":[{"href":"https:\/\/infocul.pt\/arquivo\/wp-json\/wp\/v2\/media?parent=77809"}],"wp:term":[{"taxonomy":"category","embeddable":true,"href":"https:\/\/infocul.pt\/arquivo\/wp-json\/wp\/v2\/categories?post=77809"},{"taxonomy":"post_tag","embeddable":true,"href":"https:\/\/infocul.pt\/arquivo\/wp-json\/wp\/v2\/tags?post=77809"}],"curies":[{"name":"wp","href":"https:\/\/api.w.org\/{rel}","templated":true}]}}