{"id":77819,"date":"2020-07-29T00:00:10","date_gmt":"2020-07-28T23:00:10","guid":{"rendered":"https:\/\/infocul.pt\/?p=77819"},"modified":"2020-07-28T12:43:14","modified_gmt":"2020-07-28T11:43:14","slug":"viviane-tem-novo-single-e-deixa-mensagem-a-ministra-da-cultura-nao-basta-atribuir-verbas-que-nunca-se-sabe-bem-onde-e-como-sao-aplicadas","status":"publish","type":"post","link":"https:\/\/infocul.pt\/arquivo\/cultura\/viviane-tem-novo-single-e-deixa-mensagem-a-ministra-da-cultura-nao-basta-atribuir-verbas-que-nunca-se-sabe-bem-onde-e-como-sao-aplicadas\/","title":{"rendered":"Viviane tem novo single e deixa mensagem \u00e0 Ministra da Cultura: &#8220;N\u00e3o basta atribuir verbas que nunca se sabe bem onde e como s\u00e3o aplicadas&#8221;"},"content":{"rendered":"<p><img decoding=\"async\" class=\"aligncenter wp-image-77821 size-full lazyload\" data-src=\"https:\/\/infocul.pt\/arquivo\/wp-content\/uploads\/2020\/07\/Viviane_2020.jpg\" alt=\"\" width=\"550\" height=\"366\" data-srcset=\"https:\/\/infocul.pt\/arquivo\/wp-content\/uploads\/2020\/07\/Viviane_2020.jpg 550w, https:\/\/infocul.pt\/arquivo\/wp-content\/uploads\/2020\/07\/Viviane_2020-300x200.jpg 300w\" data-sizes=\"(max-width: 550px) 100vw, 550px\" src=\"data:image\/svg+xml;base64,PHN2ZyB3aWR0aD0iMSIgaGVpZ2h0PSIxIiB4bWxucz0iaHR0cDovL3d3dy53My5vcmcvMjAwMC9zdmciPjwvc3ZnPg==\" style=\"--smush-placeholder-width: 550px; --smush-placeholder-aspect-ratio: 550\/366;\" \/><\/p>\n<p>Viviane celebra 15 anos de carreira a solo e lan\u00e7ou recentemente um novo single, &#8220;Quando Tiveres Tempo&#8221;.<!--more--><\/p>\n<p>Para 2021 est\u00e1 previsto um novo disco, mas antes concedeu entrevista ao Infocul para abordar o novo single, os 15 anos de carreira e os desafios no sector cultural.<\/p>\n<p>&nbsp;<\/p>\n<p><strong>Qual o balan\u00e7o que pode ser feito destes 15 anos a solo?<\/strong><\/p>\n<p><em>Estes 15 anos a solo foram um virar de p\u00e1gina em rela\u00e7\u00e3o \u00e0 minha carreira anterior nos Entre Aspas. Posso dizer que o balan\u00e7o \u00e9 positivo, tracei novos caminhos, explorei novas sonoridades e neste meu novo percurso em que gravei 6 \u00e1lbuns, tive a oportunidade de partilhar a minha m\u00fasica para al\u00e9m-fronteira em pa\u00edses como Irlanda, Espanha, \u00c1frica do Sul, Litu\u00e2nia, Let\u00f3nia, Alemanha e mais recentemente no Qu\u00e9nia. Espero poder continuar a compor e partilhar a minha m\u00fasica ainda por muito anos.<\/em><\/p>\n<p>&nbsp;<\/p>\n<p><strong>\u00c9 poss\u00edvel definir Viviane quanto ao g\u00e9nero musical que interpreta?<\/strong><\/p>\n<p><em>Eu gosto de apelidar a minha m\u00fasica de Fado Mediterr\u00e2nico. Eu tenho v\u00e1rias influ\u00eancias que v\u00e3o da can\u00e7\u00e3o francesa ao jazz manouche passando pelo tango e sem d\u00favida que o fado \u00e9 a t\u00f3nica dominante por isso acho esse nome adequado.<\/em><\/p>\n<p>&nbsp;<\/p>\n<p><strong>Nestes 15 anos, quais as maiores dificuldades e desafios em encontrou?<\/strong><\/p>\n<p><em>Quando iniciei a minha carreira a solo, muita coisa mudou, tornei-me mais independente pois criei o meu pr\u00f3prio est\u00fadio, editei os meus CD\u00b4s em formato de edi\u00e7\u00e3o de autor, passei a controlar toda a minha carreira sem editora, apenas com o T\u00f3 Viegas, meu manager e companheiro de vida. Talvez o desafio maior tenha sido o de fazer perceber \u00e0s pessoas que j\u00e1 n\u00e3o sou a cantora dos Entre Aspas, que a banda j\u00e1 n\u00e3o est\u00e1 no activo e que a m\u00fasica que eu fa\u00e7o agora \u00e9 completamente diferente do pop rock que me identificava ent\u00e3o na altura. N\u00e3o \u00e9 f\u00e1cil mudar uma carreira assim t\u00e3o bruscamente, as pessoas s\u00e3o um pouco resistentes \u00e0s mudan\u00e7as, mas sinto que atualmente este assunto j\u00e1 est\u00e1 ultrapassado.<\/em><\/p>\n<p>&nbsp;<\/p>\n<p><strong>Recentemente lan\u00e7ou o single \u2018Quando Tiveres Tempo\u2019. Qual a principal mensagem do tema?<\/strong><\/p>\n<p><em>Este single \u00e9 um tema alegre e divertido, mas que fala de um tema s\u00e9rio.<\/em><\/p>\n<p><em>O tempo \u00e9 aquilo que n\u00f3s fazemos dele sem d\u00favida, por isso temos que saber quais s\u00e3o as prioridades na nossa vida e temos que arranjar tempo para partilhar momentos especiais com quem \u00e9 mais importante para n\u00f3s porque se n\u00e3o o fizermos corremos o risco de um dia ser tarde demais e de n\u00e3o podermos voltar atr\u00e1s.<\/em><\/p>\n<p><em>Em momentos dif\u00edceis como o desta pandemia, tudo seria sem d\u00favida mais insuport\u00e1vel se n\u00e3o tiv\u00e9ssemos a ajuda uns dos outros.<\/em><\/p>\n<p><iframe title=\"VIVIANE - Quando Tiveres Tempo\" width=\"500\" height=\"281\" data-src=\"https:\/\/www.youtube.com\/embed\/va7l0Jd4Prg?feature=oembed\" frameborder=\"0\" allow=\"accelerometer; autoplay; clipboard-write; encrypted-media; gyroscope; picture-in-picture; web-share\" referrerpolicy=\"strict-origin-when-cross-origin\" allowfullscreen src=\"data:image\/svg+xml;base64,PHN2ZyB3aWR0aD0iMSIgaGVpZ2h0PSIxIiB4bWxucz0iaHR0cDovL3d3dy53My5vcmcvMjAwMC9zdmciPjwvc3ZnPg==\" class=\"lazyload\" data-load-mode=\"1\"><\/iframe><\/p>\n<p>&nbsp;<\/p>\n<p><strong>H\u00e1 quem diga que iniciou a revolu\u00e7\u00e3o no Fado, com a inser\u00e7\u00e3o de novos instrumentos. Como reage a esta opini\u00e3o?<\/strong><\/p>\n<p><em>Quando eu era mi\u00fada em Fran\u00e7a, a minha m\u00e3e gostava de ouvir fado e de ouvir Am\u00e1lia e quando cheguei a Portugal nos anos 80 fiquei deslumbrada pela nova m\u00fasica portuguesa nomeadamente pelos Mler If Dada que tinham um fado intitulado Alfama s\u00f3 com baixo e voz. Desde ent\u00e3o sempre achei que a m\u00fasica n\u00e3o podia ser fechada em redomas, que a m\u00fasica \u00e9 aquilo que sentimos e o que nos sa\u00ed de dentro. Quando iniciei a minha carreira a solo, tinha uma linguagem nova para explorar que n\u00e3o cabia nos Entre Aspas. E assim, eu que n\u00e3o vinha da \u00e1rea do fado, mas sim da pop, tinha uma vis\u00e3o diferente e uma liberdade para recriar um estilo musical em que o fado era o convidado principal e no qual haveria lugar para novos instrumentos que n\u00e3o eram tradicionalmente usados no fado como bateria, acorde\u00e3o, flauta. N\u00e3o sei se iniciei uma revolu\u00e7\u00e3o no fado, mas isto foi simplesmente o que senti e me apeteceu fazer.<\/em><\/p>\n<p>&nbsp;<\/p>\n<p><strong>J\u00e1 podemos dizer que a arte e cultura est\u00e3o num processo de retoma, p\u00f3s-pandemia?<\/strong><\/p>\n<p><em>Muito timidamente. Infelizmente os artistas foram dos primeiros a ficarem sem trabalho e continuam a ser muito duramente castigados por esta situa\u00e7\u00e3o de pandemia. As C\u00e2maras Municipais est\u00e3o muito reticentes em marcar espect\u00e1culos, n\u00e3o h\u00e1 lugar para as tradicionais festas que eram habituais todos os anos pelo pa\u00eds devido \u00e0 impossibilidade de aglomera\u00e7\u00e3o de pessoas. Este ano e parte do pr\u00f3ximo, est\u00e1 condenado, pouca coisa vai realizar-se. O pa\u00eds est\u00e1 suspenso \u00e0 espera de uma vacina e enquanto a pandemia n\u00e3o estiver dominada, o sector das artes e dos espect\u00e1culos n\u00e3o ir\u00e1 retomar as suas actividades com a normalidade desejada.<\/em><\/p>\n<p>&nbsp;<\/p>\n<p><strong>Como analisa a actualidade do sector cultural e a precariedade que tem sido abordada?<\/strong><\/p>\n<p><em>O sector cultural, j\u00e1 era um sector muito fragilizado antes de tudo isto acontecer. N\u00e3o podemos olhar s\u00f3 para os artistas que comp\u00f5em os grandes cartazes. H\u00e1 imensos artista que n\u00e3o s\u00e3o t\u00e3o conhecidos, h\u00e1 toda uma classe de profissionais que est\u00e1 por detr\u00e1s dos artistas, m\u00fasicos, t\u00e9cnicos, de som, de luz, road managers, roadies etc&#8230;que est\u00e3o a recibos verdes e que se alguma coisa corre mal n\u00e3o t\u00eam onde se agarrar. Muitos nem sequer passam recibo porque os pagamentos \u00e0 seguran\u00e7a social e a reten\u00e7\u00e3o no IRS de 25% s\u00e3o demasiado pesados. A pandemia vem por a nu todas estas fragilidades e se n\u00e3o houver vontade pol\u00edtica para ajudar a resolver os problemas do sector neste momento, temo que as coisas ir\u00e3o ficar bem piores.<\/em><\/p>\n<p>&nbsp;<\/p>\n<p><strong>Em termos discogr\u00e1ficos e de espect\u00e1culos quais as novidades de Viviane?<\/strong><\/p>\n<p><em>Neste momento estou a terminar as grava\u00e7\u00f5es do meu pr\u00f3ximo \u00e1lbum de originais que dever\u00e1 ser disponibilizado no in\u00edcio de 2021. Entretanto e at\u00e9 l\u00e1 irei lan\u00e7ar dois singles. O primeiro, \u201cQuando tiveres tempo\u201d saiu no in\u00edcio de Julho e tem um videoclip cujo tema \u00e9 um baile popular, que foi gravado uma semana antes do in\u00edcio da pandemia e que pode ser visionado no Youtube. Quanto a espet\u00e1culos, por enquanto todos os meus espect\u00e1culos foram adiados para o pr\u00f3ximo ano.<\/em><\/p>\n<p>&nbsp;<\/p>\n<p><strong>Se estivesse diante da Ministra da Cultura, o que lhe diria?<\/strong><\/p>\n<p><em>Dizia-lhe para fazer um levantamento de todas as profiss\u00f5es ligadas \u00e0 cultura e \u00e0s artes do espect\u00e1culo, ouvir as suas dificuldades e atribuir lhes um estatuto a fim de organizar todo um sector que est\u00e1 desorganizado h\u00e1 muito tempo e que precisa de apoio, de ajuda e medidas concretas e ajustadas aos tempos em que vivemos.<\/em><\/p>\n<p><em>N\u00e3o basta atribuir verbas que nunca se sabe bem onde e como s\u00e3o aplicadas.<\/em><\/p>\n<p>&nbsp;<\/p>\n<p><strong>Qual a mensagem que deixa aos leitores do Infocul?<\/strong><\/p>\n<p><em>Tenham umas boas f\u00e9rias se for caso disso, respeitando sempre as regras de higiene e seguran\u00e7a e ou\u00e7am muita m\u00fasica portuguesa para continuarem a apoiar os nossos artistas.<\/em><\/p>\n","protected":false},"excerpt":{"rendered":"<p>Viviane celebra 15 anos de carreira a solo e lan\u00e7ou recentemente um novo single, &#8220;Quando Tiveres Tempo&#8221;.<\/p>\n","protected":false},"author":2,"featured_media":77821,"comment_status":"open","ping_status":"closed","sticky":false,"template":"","format":"standard","meta":{"footnotes":""},"categories":[2,36,4,4124],"tags":[504],"class_list":["post-77819","post","type-post","status-publish","format-standard","has-post-thumbnail","hentry","category-cultura","category-destaque","category-discos","category-entrevistas","tag-viviane"],"yoast_head":"<!-- This site is optimized with the Yoast SEO plugin v27.4 - https:\/\/yoast.com\/product\/yoast-seo-wordpress\/ -->\n<title>Viviane tem novo single e deixa mensagem \u00e0 Ministra da Cultura: &quot;N\u00e3o basta atribuir verbas que nunca se sabe bem onde e como s\u00e3o aplicadas&quot; | Infocul.pt - Arquivo Digital<\/title>\n<meta name=\"description\" content=\"Viviane tem novo single e deixa mensagem \u00e0 Ministra da Cultura: &quot;N\u00e3o basta atribuir verbas que nunca se sabe bem onde e como s\u00e3o aplicadas&quot; | Infocul.pt - Arquivo Digital\" \/>\n<meta name=\"robots\" content=\"noindex, follow, max-snippet:-1, max-image-preview:large, max-video-preview:-1\" \/>\n<meta property=\"og:locale\" content=\"pt_PT\" \/>\n<meta property=\"og:type\" content=\"article\" \/>\n<meta property=\"og:title\" content=\"Viviane tem novo single e deixa mensagem \u00e0 Ministra da Cultura: &quot;N\u00e3o basta atribuir verbas que nunca se sabe bem onde e como s\u00e3o aplicadas&quot; | Infocul.pt - Arquivo Digital\" \/>\n<meta property=\"og:description\" content=\"Viviane tem novo single e deixa mensagem \u00e0 Ministra da Cultura: &quot;N\u00e3o basta atribuir verbas que nunca se sabe bem onde e como s\u00e3o aplicadas&quot; | Infocul.pt - Arquivo Digital\" \/>\n<meta property=\"og:url\" content=\"https:\/\/infocul.pt\/arquivo\/cultura\/viviane-tem-novo-single-e-deixa-mensagem-a-ministra-da-cultura-nao-basta-atribuir-verbas-que-nunca-se-sabe-bem-onde-e-como-sao-aplicadas\/\" \/>\n<meta property=\"og:site_name\" content=\"Infocul.pt - Arquivo Digital\" \/>\n<meta property=\"article:publisher\" content=\"https:\/\/www.facebook.com\/Infocul-147816815585015\/\" \/>\n<meta property=\"article:published_time\" content=\"2020-07-28T23:00:10+00:00\" \/>\n<meta property=\"og:image\" content=\"https:\/\/infocul.pt\/arquivo\/wp-content\/uploads\/2020\/07\/Viviane_2020.jpg\" \/>\n\t<meta property=\"og:image:width\" content=\"550\" \/>\n\t<meta property=\"og:image:height\" content=\"366\" \/>\n\t<meta property=\"og:image:type\" content=\"image\/jpeg\" \/>\n<meta name=\"author\" content=\"Rui Lavrador\" \/>\n<meta name=\"twitter:card\" content=\"summary_large_image\" \/>\n<meta name=\"twitter:creator\" content=\"@Infoculpt\" \/>\n<meta name=\"twitter:site\" content=\"@Infoculpt\" \/>\n<meta name=\"twitter:label1\" content=\"Escrito por\" \/>\n\t<meta name=\"twitter:data1\" content=\"Rui Lavrador\" \/>\n\t<meta name=\"twitter:label2\" content=\"Tempo estimado de leitura\" \/>\n\t<meta name=\"twitter:data2\" content=\"6 minutos\" \/>\n<script type=\"application\/ld+json\" class=\"yoast-schema-graph\">{\"@context\":\"https:\\\/\\\/schema.org\",\"@graph\":[{\"@type\":\"Article\",\"@id\":\"https:\\\/\\\/infocul.pt\\\/arquivo\\\/cultura\\\/viviane-tem-novo-single-e-deixa-mensagem-a-ministra-da-cultura-nao-basta-atribuir-verbas-que-nunca-se-sabe-bem-onde-e-como-sao-aplicadas\\\/#article\",\"isPartOf\":{\"@id\":\"https:\\\/\\\/infocul.pt\\\/arquivo\\\/cultura\\\/viviane-tem-novo-single-e-deixa-mensagem-a-ministra-da-cultura-nao-basta-atribuir-verbas-que-nunca-se-sabe-bem-onde-e-como-sao-aplicadas\\\/\"},\"author\":{\"name\":\"Rui Lavrador\",\"@id\":\"https:\\\/\\\/infocul.pt\\\/arquivo\\\/#\\\/schema\\\/person\\\/060a108d7f2d85fc6aae505119ee5234\"},\"headline\":\"Viviane tem novo single e deixa mensagem \u00e0 Ministra da Cultura: &#8220;N\u00e3o basta atribuir verbas que nunca se sabe bem onde e como s\u00e3o aplicadas&#8221;\",\"datePublished\":\"2020-07-28T23:00:10+00:00\",\"mainEntityOfPage\":{\"@id\":\"https:\\\/\\\/infocul.pt\\\/arquivo\\\/cultura\\\/viviane-tem-novo-single-e-deixa-mensagem-a-ministra-da-cultura-nao-basta-atribuir-verbas-que-nunca-se-sabe-bem-onde-e-como-sao-aplicadas\\\/\"},\"wordCount\":1240,\"commentCount\":0,\"publisher\":{\"@id\":\"https:\\\/\\\/infocul.pt\\\/arquivo\\\/#organization\"},\"image\":{\"@id\":\"https:\\\/\\\/infocul.pt\\\/arquivo\\\/cultura\\\/viviane-tem-novo-single-e-deixa-mensagem-a-ministra-da-cultura-nao-basta-atribuir-verbas-que-nunca-se-sabe-bem-onde-e-como-sao-aplicadas\\\/#primaryimage\"},\"thumbnailUrl\":\"https:\\\/\\\/infocul.pt\\\/arquivo\\\/wp-content\\\/uploads\\\/2020\\\/07\\\/Viviane_2020.jpg\",\"keywords\":[\"Viviane\"],\"articleSection\":[\"Cultura\",\"Destaque\",\"Discos\",\"Entrevistas\"],\"inLanguage\":\"pt-PT\"},{\"@type\":\"WebPage\",\"@id\":\"https:\\\/\\\/infocul.pt\\\/arquivo\\\/cultura\\\/viviane-tem-novo-single-e-deixa-mensagem-a-ministra-da-cultura-nao-basta-atribuir-verbas-que-nunca-se-sabe-bem-onde-e-como-sao-aplicadas\\\/\",\"url\":\"https:\\\/\\\/infocul.pt\\\/arquivo\\\/cultura\\\/viviane-tem-novo-single-e-deixa-mensagem-a-ministra-da-cultura-nao-basta-atribuir-verbas-que-nunca-se-sabe-bem-onde-e-como-sao-aplicadas\\\/\",\"name\":\"Viviane tem novo single e deixa mensagem \u00e0 Ministra da Cultura: \\\"N\u00e3o basta atribuir verbas que nunca se sabe bem onde e como s\u00e3o aplicadas\\\" | Infocul.pt - Arquivo Digital\",\"isPartOf\":{\"@id\":\"https:\\\/\\\/infocul.pt\\\/arquivo\\\/#website\"},\"primaryImageOfPage\":{\"@id\":\"https:\\\/\\\/infocul.pt\\\/arquivo\\\/cultura\\\/viviane-tem-novo-single-e-deixa-mensagem-a-ministra-da-cultura-nao-basta-atribuir-verbas-que-nunca-se-sabe-bem-onde-e-como-sao-aplicadas\\\/#primaryimage\"},\"image\":{\"@id\":\"https:\\\/\\\/infocul.pt\\\/arquivo\\\/cultura\\\/viviane-tem-novo-single-e-deixa-mensagem-a-ministra-da-cultura-nao-basta-atribuir-verbas-que-nunca-se-sabe-bem-onde-e-como-sao-aplicadas\\\/#primaryimage\"},\"thumbnailUrl\":\"https:\\\/\\\/infocul.pt\\\/arquivo\\\/wp-content\\\/uploads\\\/2020\\\/07\\\/Viviane_2020.jpg\",\"datePublished\":\"2020-07-28T23:00:10+00:00\",\"description\":\"Viviane tem novo single e deixa mensagem \u00e0 Ministra da Cultura: \\\"N\u00e3o basta atribuir verbas que nunca se sabe bem onde e como s\u00e3o aplicadas\\\" | Infocul.pt - Arquivo Digital\",\"breadcrumb\":{\"@id\":\"https:\\\/\\\/infocul.pt\\\/arquivo\\\/cultura\\\/viviane-tem-novo-single-e-deixa-mensagem-a-ministra-da-cultura-nao-basta-atribuir-verbas-que-nunca-se-sabe-bem-onde-e-como-sao-aplicadas\\\/#breadcrumb\"},\"inLanguage\":\"pt-PT\",\"potentialAction\":[{\"@type\":\"ReadAction\",\"target\":[\"https:\\\/\\\/infocul.pt\\\/arquivo\\\/cultura\\\/viviane-tem-novo-single-e-deixa-mensagem-a-ministra-da-cultura-nao-basta-atribuir-verbas-que-nunca-se-sabe-bem-onde-e-como-sao-aplicadas\\\/\"]}]},{\"@type\":\"ImageObject\",\"inLanguage\":\"pt-PT\",\"@id\":\"https:\\\/\\\/infocul.pt\\\/arquivo\\\/cultura\\\/viviane-tem-novo-single-e-deixa-mensagem-a-ministra-da-cultura-nao-basta-atribuir-verbas-que-nunca-se-sabe-bem-onde-e-como-sao-aplicadas\\\/#primaryimage\",\"url\":\"https:\\\/\\\/infocul.pt\\\/arquivo\\\/wp-content\\\/uploads\\\/2020\\\/07\\\/Viviane_2020.jpg\",\"contentUrl\":\"https:\\\/\\\/infocul.pt\\\/arquivo\\\/wp-content\\\/uploads\\\/2020\\\/07\\\/Viviane_2020.jpg\",\"width\":550,\"height\":366},{\"@type\":\"BreadcrumbList\",\"@id\":\"https:\\\/\\\/infocul.pt\\\/arquivo\\\/cultura\\\/viviane-tem-novo-single-e-deixa-mensagem-a-ministra-da-cultura-nao-basta-atribuir-verbas-que-nunca-se-sabe-bem-onde-e-como-sao-aplicadas\\\/#breadcrumb\",\"itemListElement\":[{\"@type\":\"ListItem\",\"position\":1,\"name\":\"Home\",\"item\":\"https:\\\/\\\/infocul.pt\\\/arquivo\\\/\"},{\"@type\":\"ListItem\",\"position\":2,\"name\":\"Viviane tem novo single e deixa mensagem \u00e0 Ministra da Cultura: &#8220;N\u00e3o basta atribuir verbas que nunca se sabe bem onde e como s\u00e3o aplicadas&#8221;\"}]},{\"@type\":\"WebSite\",\"@id\":\"https:\\\/\\\/infocul.pt\\\/arquivo\\\/#website\",\"url\":\"https:\\\/\\\/infocul.pt\\\/arquivo\\\/\",\"name\":\"Infocul.pt - Arquivo Digital\",\"description\":\"Arquivo digital da Infocul.pt\",\"publisher\":{\"@id\":\"https:\\\/\\\/infocul.pt\\\/arquivo\\\/#organization\"},\"potentialAction\":[{\"@type\":\"SearchAction\",\"target\":{\"@type\":\"EntryPoint\",\"urlTemplate\":\"https:\\\/\\\/infocul.pt\\\/arquivo\\\/?s={search_term_string}\"},\"query-input\":{\"@type\":\"PropertyValueSpecification\",\"valueRequired\":true,\"valueName\":\"search_term_string\"}}],\"inLanguage\":\"pt-PT\"},{\"@type\":\"Organization\",\"@id\":\"https:\\\/\\\/infocul.pt\\\/arquivo\\\/#organization\",\"name\":\"Infocul.pt\",\"url\":\"https:\\\/\\\/infocul.pt\\\/arquivo\\\/\",\"logo\":{\"@type\":\"ImageObject\",\"inLanguage\":\"pt-PT\",\"@id\":\"https:\\\/\\\/infocul.pt\\\/arquivo\\\/#\\\/schema\\\/logo\\\/image\\\/\",\"url\":\"https:\\\/\\\/infocul.pt\\\/arquivo\\\/wp-content\\\/uploads\\\/2018\\\/12\\\/Infocul_logo-1.png\",\"contentUrl\":\"https:\\\/\\\/infocul.pt\\\/arquivo\\\/wp-content\\\/uploads\\\/2018\\\/12\\\/Infocul_logo-1.png\",\"width\":800,\"height\":800,\"caption\":\"Infocul.pt\"},\"image\":{\"@id\":\"https:\\\/\\\/infocul.pt\\\/arquivo\\\/#\\\/schema\\\/logo\\\/image\\\/\"},\"sameAs\":[\"https:\\\/\\\/www.facebook.com\\\/Infocul-147816815585015\\\/\",\"https:\\\/\\\/x.com\\\/Infoculpt\",\"http:\\\/\\\/www.pictaram.com\\\/user\\\/infocul.pt\\\/2370423710\",\"https:\\\/\\\/www.youtube.com\\\/channel\\\/UCYEB91AGI9FL9ek2i_IaQAA\"]},{\"@type\":\"Person\",\"@id\":\"https:\\\/\\\/infocul.pt\\\/arquivo\\\/#\\\/schema\\\/person\\\/060a108d7f2d85fc6aae505119ee5234\",\"name\":\"Rui Lavrador\",\"image\":{\"@type\":\"ImageObject\",\"inLanguage\":\"pt-PT\",\"@id\":\"https:\\\/\\\/secure.gravatar.com\\\/avatar\\\/93febd6873394aa8e975148548a0cb203acfdd42d2c85c5f1408e1a76678aece?s=96&d=mm&r=g\",\"url\":\"https:\\\/\\\/secure.gravatar.com\\\/avatar\\\/93febd6873394aa8e975148548a0cb203acfdd42d2c85c5f1408e1a76678aece?s=96&d=mm&r=g\",\"contentUrl\":\"https:\\\/\\\/secure.gravatar.com\\\/avatar\\\/93febd6873394aa8e975148548a0cb203acfdd42d2c85c5f1408e1a76678aece?s=96&d=mm&r=g\",\"caption\":\"Rui Lavrador\"},\"description\":\"Iniciou em 2011 o seu percurso em comunica\u00e7\u00e3o social, tendo integrado v\u00e1rios projectos editoriais. Durante o seu percurso integrou projectos como Jornal Hardm\u00fasica, LusoNot\u00edcias, Toureio.pt, ODigital.pt, entre outros \u00d3rg\u00e3os de Comunica\u00e7\u00e3o Social nacionais, na redac\u00e7\u00e3o de v\u00e1rios artigos. Entrevistou a grande maioria das personalidades mais importantes da vida social e cultural do pa\u00eds, destacando-se, tamb\u00e9m, na aprecia\u00e7\u00e3o de v\u00e1rios espect\u00e1culos. Durante o seu percurso, deu a conhecer v\u00e1rios artistas, at\u00e9 ent\u00e3o desconhecidos, ao grande p\u00fablico. Em 2015 criou e fundou o Infocul.pt, projecto no qual assume a direc\u00e7\u00e3o editorial.\",\"sameAs\":[\"http:\\\/\\\/www.infocul.pt\"]}]}<\/script>\n<!-- \/ Yoast SEO plugin. -->","yoast_head_json":{"title":"Viviane tem novo single e deixa mensagem \u00e0 Ministra da Cultura: \"N\u00e3o basta atribuir verbas que nunca se sabe bem onde e como s\u00e3o aplicadas\" | Infocul.pt - Arquivo Digital","description":"Viviane tem novo single e deixa mensagem \u00e0 Ministra da Cultura: \"N\u00e3o basta atribuir verbas que nunca se sabe bem onde e como s\u00e3o aplicadas\" | Infocul.pt - Arquivo Digital","robots":{"index":"noindex","follow":"follow","max-snippet":"max-snippet:-1","max-image-preview":"max-image-preview:large","max-video-preview":"max-video-preview:-1"},"og_locale":"pt_PT","og_type":"article","og_title":"Viviane tem novo single e deixa mensagem \u00e0 Ministra da Cultura: \"N\u00e3o basta atribuir verbas que nunca se sabe bem onde e como s\u00e3o aplicadas\" | Infocul.pt - Arquivo Digital","og_description":"Viviane tem novo single e deixa mensagem \u00e0 Ministra da Cultura: \"N\u00e3o basta atribuir verbas que nunca se sabe bem onde e como s\u00e3o aplicadas\" | Infocul.pt - Arquivo Digital","og_url":"https:\/\/infocul.pt\/arquivo\/cultura\/viviane-tem-novo-single-e-deixa-mensagem-a-ministra-da-cultura-nao-basta-atribuir-verbas-que-nunca-se-sabe-bem-onde-e-como-sao-aplicadas\/","og_site_name":"Infocul.pt - Arquivo Digital","article_publisher":"https:\/\/www.facebook.com\/Infocul-147816815585015\/","article_published_time":"2020-07-28T23:00:10+00:00","og_image":[{"width":550,"height":366,"url":"https:\/\/infocul.pt\/arquivo\/wp-content\/uploads\/2020\/07\/Viviane_2020.jpg","type":"image\/jpeg"}],"author":"Rui Lavrador","twitter_card":"summary_large_image","twitter_creator":"@Infoculpt","twitter_site":"@Infoculpt","twitter_misc":{"Escrito por":"Rui Lavrador","Tempo estimado de leitura":"6 minutos"},"schema":{"@context":"https:\/\/schema.org","@graph":[{"@type":"Article","@id":"https:\/\/infocul.pt\/arquivo\/cultura\/viviane-tem-novo-single-e-deixa-mensagem-a-ministra-da-cultura-nao-basta-atribuir-verbas-que-nunca-se-sabe-bem-onde-e-como-sao-aplicadas\/#article","isPartOf":{"@id":"https:\/\/infocul.pt\/arquivo\/cultura\/viviane-tem-novo-single-e-deixa-mensagem-a-ministra-da-cultura-nao-basta-atribuir-verbas-que-nunca-se-sabe-bem-onde-e-como-sao-aplicadas\/"},"author":{"name":"Rui Lavrador","@id":"https:\/\/infocul.pt\/arquivo\/#\/schema\/person\/060a108d7f2d85fc6aae505119ee5234"},"headline":"Viviane tem novo single e deixa mensagem \u00e0 Ministra da Cultura: &#8220;N\u00e3o basta atribuir verbas que nunca se sabe bem onde e como s\u00e3o aplicadas&#8221;","datePublished":"2020-07-28T23:00:10+00:00","mainEntityOfPage":{"@id":"https:\/\/infocul.pt\/arquivo\/cultura\/viviane-tem-novo-single-e-deixa-mensagem-a-ministra-da-cultura-nao-basta-atribuir-verbas-que-nunca-se-sabe-bem-onde-e-como-sao-aplicadas\/"},"wordCount":1240,"commentCount":0,"publisher":{"@id":"https:\/\/infocul.pt\/arquivo\/#organization"},"image":{"@id":"https:\/\/infocul.pt\/arquivo\/cultura\/viviane-tem-novo-single-e-deixa-mensagem-a-ministra-da-cultura-nao-basta-atribuir-verbas-que-nunca-se-sabe-bem-onde-e-como-sao-aplicadas\/#primaryimage"},"thumbnailUrl":"https:\/\/infocul.pt\/arquivo\/wp-content\/uploads\/2020\/07\/Viviane_2020.jpg","keywords":["Viviane"],"articleSection":["Cultura","Destaque","Discos","Entrevistas"],"inLanguage":"pt-PT"},{"@type":"WebPage","@id":"https:\/\/infocul.pt\/arquivo\/cultura\/viviane-tem-novo-single-e-deixa-mensagem-a-ministra-da-cultura-nao-basta-atribuir-verbas-que-nunca-se-sabe-bem-onde-e-como-sao-aplicadas\/","url":"https:\/\/infocul.pt\/arquivo\/cultura\/viviane-tem-novo-single-e-deixa-mensagem-a-ministra-da-cultura-nao-basta-atribuir-verbas-que-nunca-se-sabe-bem-onde-e-como-sao-aplicadas\/","name":"Viviane tem novo single e deixa mensagem \u00e0 Ministra da Cultura: \"N\u00e3o basta atribuir verbas que nunca se sabe bem onde e como s\u00e3o aplicadas\" | Infocul.pt - Arquivo Digital","isPartOf":{"@id":"https:\/\/infocul.pt\/arquivo\/#website"},"primaryImageOfPage":{"@id":"https:\/\/infocul.pt\/arquivo\/cultura\/viviane-tem-novo-single-e-deixa-mensagem-a-ministra-da-cultura-nao-basta-atribuir-verbas-que-nunca-se-sabe-bem-onde-e-como-sao-aplicadas\/#primaryimage"},"image":{"@id":"https:\/\/infocul.pt\/arquivo\/cultura\/viviane-tem-novo-single-e-deixa-mensagem-a-ministra-da-cultura-nao-basta-atribuir-verbas-que-nunca-se-sabe-bem-onde-e-como-sao-aplicadas\/#primaryimage"},"thumbnailUrl":"https:\/\/infocul.pt\/arquivo\/wp-content\/uploads\/2020\/07\/Viviane_2020.jpg","datePublished":"2020-07-28T23:00:10+00:00","description":"Viviane tem novo single e deixa mensagem \u00e0 Ministra da Cultura: \"N\u00e3o basta atribuir verbas que nunca se sabe bem onde e como s\u00e3o aplicadas\" | Infocul.pt - Arquivo Digital","breadcrumb":{"@id":"https:\/\/infocul.pt\/arquivo\/cultura\/viviane-tem-novo-single-e-deixa-mensagem-a-ministra-da-cultura-nao-basta-atribuir-verbas-que-nunca-se-sabe-bem-onde-e-como-sao-aplicadas\/#breadcrumb"},"inLanguage":"pt-PT","potentialAction":[{"@type":"ReadAction","target":["https:\/\/infocul.pt\/arquivo\/cultura\/viviane-tem-novo-single-e-deixa-mensagem-a-ministra-da-cultura-nao-basta-atribuir-verbas-que-nunca-se-sabe-bem-onde-e-como-sao-aplicadas\/"]}]},{"@type":"ImageObject","inLanguage":"pt-PT","@id":"https:\/\/infocul.pt\/arquivo\/cultura\/viviane-tem-novo-single-e-deixa-mensagem-a-ministra-da-cultura-nao-basta-atribuir-verbas-que-nunca-se-sabe-bem-onde-e-como-sao-aplicadas\/#primaryimage","url":"https:\/\/infocul.pt\/arquivo\/wp-content\/uploads\/2020\/07\/Viviane_2020.jpg","contentUrl":"https:\/\/infocul.pt\/arquivo\/wp-content\/uploads\/2020\/07\/Viviane_2020.jpg","width":550,"height":366},{"@type":"BreadcrumbList","@id":"https:\/\/infocul.pt\/arquivo\/cultura\/viviane-tem-novo-single-e-deixa-mensagem-a-ministra-da-cultura-nao-basta-atribuir-verbas-que-nunca-se-sabe-bem-onde-e-como-sao-aplicadas\/#breadcrumb","itemListElement":[{"@type":"ListItem","position":1,"name":"Home","item":"https:\/\/infocul.pt\/arquivo\/"},{"@type":"ListItem","position":2,"name":"Viviane tem novo single e deixa mensagem \u00e0 Ministra da Cultura: &#8220;N\u00e3o basta atribuir verbas que nunca se sabe bem onde e como s\u00e3o aplicadas&#8221;"}]},{"@type":"WebSite","@id":"https:\/\/infocul.pt\/arquivo\/#website","url":"https:\/\/infocul.pt\/arquivo\/","name":"Infocul.pt - Arquivo Digital","description":"Arquivo digital da Infocul.pt","publisher":{"@id":"https:\/\/infocul.pt\/arquivo\/#organization"},"potentialAction":[{"@type":"SearchAction","target":{"@type":"EntryPoint","urlTemplate":"https:\/\/infocul.pt\/arquivo\/?s={search_term_string}"},"query-input":{"@type":"PropertyValueSpecification","valueRequired":true,"valueName":"search_term_string"}}],"inLanguage":"pt-PT"},{"@type":"Organization","@id":"https:\/\/infocul.pt\/arquivo\/#organization","name":"Infocul.pt","url":"https:\/\/infocul.pt\/arquivo\/","logo":{"@type":"ImageObject","inLanguage":"pt-PT","@id":"https:\/\/infocul.pt\/arquivo\/#\/schema\/logo\/image\/","url":"https:\/\/infocul.pt\/arquivo\/wp-content\/uploads\/2018\/12\/Infocul_logo-1.png","contentUrl":"https:\/\/infocul.pt\/arquivo\/wp-content\/uploads\/2018\/12\/Infocul_logo-1.png","width":800,"height":800,"caption":"Infocul.pt"},"image":{"@id":"https:\/\/infocul.pt\/arquivo\/#\/schema\/logo\/image\/"},"sameAs":["https:\/\/www.facebook.com\/Infocul-147816815585015\/","https:\/\/x.com\/Infoculpt","http:\/\/www.pictaram.com\/user\/infocul.pt\/2370423710","https:\/\/www.youtube.com\/channel\/UCYEB91AGI9FL9ek2i_IaQAA"]},{"@type":"Person","@id":"https:\/\/infocul.pt\/arquivo\/#\/schema\/person\/060a108d7f2d85fc6aae505119ee5234","name":"Rui Lavrador","image":{"@type":"ImageObject","inLanguage":"pt-PT","@id":"https:\/\/secure.gravatar.com\/avatar\/93febd6873394aa8e975148548a0cb203acfdd42d2c85c5f1408e1a76678aece?s=96&d=mm&r=g","url":"https:\/\/secure.gravatar.com\/avatar\/93febd6873394aa8e975148548a0cb203acfdd42d2c85c5f1408e1a76678aece?s=96&d=mm&r=g","contentUrl":"https:\/\/secure.gravatar.com\/avatar\/93febd6873394aa8e975148548a0cb203acfdd42d2c85c5f1408e1a76678aece?s=96&d=mm&r=g","caption":"Rui Lavrador"},"description":"Iniciou em 2011 o seu percurso em comunica\u00e7\u00e3o social, tendo integrado v\u00e1rios projectos editoriais. Durante o seu percurso integrou projectos como Jornal Hardm\u00fasica, LusoNot\u00edcias, Toureio.pt, ODigital.pt, entre outros \u00d3rg\u00e3os de Comunica\u00e7\u00e3o Social nacionais, na redac\u00e7\u00e3o de v\u00e1rios artigos. Entrevistou a grande maioria das personalidades mais importantes da vida social e cultural do pa\u00eds, destacando-se, tamb\u00e9m, na aprecia\u00e7\u00e3o de v\u00e1rios espect\u00e1culos. Durante o seu percurso, deu a conhecer v\u00e1rios artistas, at\u00e9 ent\u00e3o desconhecidos, ao grande p\u00fablico. Em 2015 criou e fundou o Infocul.pt, projecto no qual assume a direc\u00e7\u00e3o editorial.","sameAs":["http:\/\/www.infocul.pt"]}]}},"_links":{"self":[{"href":"https:\/\/infocul.pt\/arquivo\/wp-json\/wp\/v2\/posts\/77819","targetHints":{"allow":["GET"]}}],"collection":[{"href":"https:\/\/infocul.pt\/arquivo\/wp-json\/wp\/v2\/posts"}],"about":[{"href":"https:\/\/infocul.pt\/arquivo\/wp-json\/wp\/v2\/types\/post"}],"author":[{"embeddable":true,"href":"https:\/\/infocul.pt\/arquivo\/wp-json\/wp\/v2\/users\/2"}],"replies":[{"embeddable":true,"href":"https:\/\/infocul.pt\/arquivo\/wp-json\/wp\/v2\/comments?post=77819"}],"version-history":[{"count":0,"href":"https:\/\/infocul.pt\/arquivo\/wp-json\/wp\/v2\/posts\/77819\/revisions"}],"wp:featuredmedia":[{"embeddable":true,"href":"https:\/\/infocul.pt\/arquivo\/wp-json\/wp\/v2\/media\/77821"}],"wp:attachment":[{"href":"https:\/\/infocul.pt\/arquivo\/wp-json\/wp\/v2\/media?parent=77819"}],"wp:term":[{"taxonomy":"category","embeddable":true,"href":"https:\/\/infocul.pt\/arquivo\/wp-json\/wp\/v2\/categories?post=77819"},{"taxonomy":"post_tag","embeddable":true,"href":"https:\/\/infocul.pt\/arquivo\/wp-json\/wp\/v2\/tags?post=77819"}],"curies":[{"name":"wp","href":"https:\/\/api.w.org\/{rel}","templated":true}]}}