{"id":77959,"date":"2020-07-31T01:26:40","date_gmt":"2020-07-31T00:26:40","guid":{"rendered":"https:\/\/infocul.pt\/?p=77959"},"modified":"2020-07-31T01:28:41","modified_gmt":"2020-07-31T00:28:41","slug":"ze-manel-tem-novo-single-e-confessa-que-nao-sou-saudosista-em-relacao-a-forma-como-o-mundo-estava-antes-desta-situacao-toda-nos-tomar-de-assalto","status":"publish","type":"post","link":"https:\/\/infocul.pt\/arquivo\/cultura\/ze-manel-tem-novo-single-e-confessa-que-nao-sou-saudosista-em-relacao-a-forma-como-o-mundo-estava-antes-desta-situacao-toda-nos-tomar-de-assalto\/","title":{"rendered":"Z\u00e9 Manel tem novo single e confessa que &#8220;n\u00e3o sou saudosista em rela\u00e7\u00e3o \u00e0 forma como o mundo estava antes desta situa\u00e7\u00e3o toda nos tomar de assalto&#8221;"},"content":{"rendered":"<p><img decoding=\"async\" class=\"aligncenter wp-image-77960 size-full lazyload\" data-src=\"https:\/\/infocul.pt\/arquivo\/wp-content\/uploads\/2020\/07\/97035427_664028864436947_8380916233263906816_o.jpg\" alt=\"\" width=\"720\" height=\"960\" data-srcset=\"https:\/\/infocul.pt\/arquivo\/wp-content\/uploads\/2020\/07\/97035427_664028864436947_8380916233263906816_o.jpg 720w, https:\/\/infocul.pt\/arquivo\/wp-content\/uploads\/2020\/07\/97035427_664028864436947_8380916233263906816_o-225x300.jpg 225w\" data-sizes=\"(max-width: 720px) 100vw, 720px\" src=\"data:image\/svg+xml;base64,PHN2ZyB3aWR0aD0iMSIgaGVpZ2h0PSIxIiB4bWxucz0iaHR0cDovL3d3dy53My5vcmcvMjAwMC9zdmciPjwvc3ZnPg==\" style=\"--smush-placeholder-width: 720px; --smush-placeholder-aspect-ratio: 720\/960;\" \/><\/p>\n<p>O cantor Z\u00e9 Manel lan\u00e7ou recentemente o single, e respectivo videoclipe, \u2018Pessoas Reais\u2019 e conversou com o Infocul.pt sobre este trabalho e ainda sobre o que est\u00e1 a preparar a curto\/m\u00e9dio prazo.<!--more--><\/p>\n<p>&nbsp;<\/p>\n<p>Fez ainda uma sucinta an\u00e1lise do percurso, inclusive do tempo dos Fingertips, e abordou a descrimina\u00e7\u00e3o (nas suas v\u00e1rias vertentes) na sociedade.<\/p>\n<p>&nbsp;<\/p>\n<p>Neste novo single, aborda tem\u00e1ticas como racismo, xenofobia e quest\u00f5es de g\u00e9nero.<\/p>\n<p>&nbsp;<\/p>\n<p><strong>Como est\u00e1 a ser vivido este regresso a uma nova realidade, p\u00f3s-pandemia?<\/strong><\/p>\n<p><em>Est\u00e1 a ser vivido com a serenidade e capacidade de adapta\u00e7\u00e3o necess\u00e1rias. Percebemos que tudo o que damos por garantido pode mudar num estalar de dedos e temos que encarar estas fases como oportunidades de crescimento e revis\u00e3o das nossas cren\u00e7as e h\u00e1bitos. N\u00e3o sou saudosista em rela\u00e7\u00e3o \u00e0 forma como o mundo estava antes desta situa\u00e7\u00e3o toda nos tomar de assalto, at\u00e9 porque acho que serviu para evidenciar e discutir uma s\u00e9rie de quest\u00f5es que parec\u00edamos querer ignorar e mereciam h\u00e1 muito ser repensadas, portanto, acredito e desejo que possa ser a igni\u00e7\u00e3o de um processo de transforma\u00e7\u00e3o.<\/em><\/p>\n<p>&nbsp;<\/p>\n<p><strong>O seu novo single aborda temas como racismo, xenofobia e quest\u00f5es de g\u00e9nero. Sente que s\u00e3o quest\u00f5es ainda alvo de discrimina\u00e7\u00e3o?<\/strong><\/p>\n<p><em>Obviamente que sim. De outra forma n\u00e3o seria sequer motivo de discuss\u00e3o ou dividiriam tanto as pessoas. Temos que parar de discutir ou impor a\u00a0 normaliza\u00e7\u00e3o destes factores diferenciadores, aprendendo sim a celebr\u00e1-los, a respeit\u00e1-lo e a n\u00e3o lhes dar um tamanho que n\u00e3o devam ter no nosso quotidiano. Primeiro, porque n\u00e3o s\u00e3o escolhas, segundo, porque s\u00e3o um direito, terceiro porque s\u00e3o irrelevantes para que tenhamos uma conviv\u00eancia saud\u00e1vel com os demais.<\/em><\/p>\n<p>&nbsp;<\/p>\n<p><strong>N\u00e3o sente que s\u00e3o as pr\u00f3prias pessoas defensoras destas tem\u00e1ticas que muitas vezes auto excluem-se da restante sociedade?<\/strong><\/p>\n<p><em>N\u00e3o. Sinto sim que por vezes a sua m\u00e1goa e a sua discrimina\u00e7\u00e3o hist\u00f3rica os faz lutarem pela sua causa de forma pouco inteligente. Porque n\u00e3o devia haver tantas causas e tantas lutas subdivididas por grupos mas sim uma causa global defendida com civismo e diplomacia por todos. A do amor, da liberdade, dos direitos humanos, independentemente da cor de pele, do amor, da religi\u00e3o ou do partido pol\u00edtico de cada um.<\/em><\/p>\n<p>&nbsp;<\/p>\n<p><strong>Quando come\u00e7ou a preparar este single?<\/strong><\/p>\n<p><em>Este single come\u00e7ou a ser trabalhado com o Beatoven, pouco antes de ser declarado o estado de emerg\u00eancia. Durante o per\u00edodo de confinamento, com a situa\u00e7\u00e3o da precariedade no ramo art\u00edstico, do George Floyd, da divis\u00e3o de opini\u00f5es em rela\u00e7\u00e3o ao cumprimentos as medidas decretadas e com um maior tempo para atentar ao \u00f3dio e aos assuntos que vejo constantemente empolados nas redes sociais, onde todos falam sem filtro e se assumem como provavelmente n\u00e3o fariam na vida real, percebi que estas palavras ainda fazem muito falta, ainda precisam de ser repetidas diversas vezes e de quem tenha a coragem de o fazer com amor e toler\u00e2ncia por quem n\u00e3o as entende.<\/em><\/p>\n<p>&nbsp;<\/p>\n<p><strong>Conta com algumas caras conhecidas neste videoclipe. Quem entra no videoclipe e o porqu\u00ea da escolha?<\/strong><\/p>\n<p><em>Foi lan\u00e7ado um desafio nas minhas redes sociais e convidei todos os que fazem parte da minha vida ou gostam da minha m\u00fasica a filmarem-se numa parede branca, vestidos de branco, a exprimirem o que quer que este tema lhes transmitisse. Quis que fosse um v\u00eddeo com representatividade, onde se percebesse que as pessoas s\u00e3o s\u00f3 pessoas e que n\u00f3s \u00e9 que as transformamos em r\u00f3tulos atrav\u00e9s da forma como as olhamos.<\/em><\/p>\n<p>&nbsp;<\/p>\n<p><strong>Analisando o seu percurso, houve alguma mudan\u00e7a do Z\u00e9 Manel dos Fingertips para o Z\u00e9 Manel a solo?<\/strong><\/p>\n<p><em>Essencialmente o Z\u00e9 Manel \u00e9 mais livre e menos condicionado pela expectativa comercial da m\u00fasica. Talvez seja mais masoquista e inconsequente. O Z\u00e9 Manel dos Fingertips \u00e9 mais virado para o p\u00fablico, para uma equipa e para o respeito que tem que ter por essa carreira que em conjunto cri\u00e1mos e nos levou ao cora\u00e7\u00e3o das pessoas. Ambos est\u00e3o mais crescidos e aprendem todos os dias um com o outro. Tenho a sorte de ser os dois e pretendo n\u00e3o me esquecer de nenhum.<\/em><\/p>\n<p>&nbsp;<\/p>\n<p><strong>Como foi vivida esta fase de confinamento, por si?<\/strong><\/p>\n<p><em>\u00a0Na realidade foi vivida de forma pro-activa e rentabilizadora. Fiz uma hora biol\u00f3gica na varanda, aprendi a pintar e a cortar o meu cabelo, tosquiei a minha cadela, aprendi a fazer p\u00e3o. Poupei dinheiro e ainda adoptei uma nova justifica\u00e7\u00e3o para o meu lifestyle: estar a ser cumpridor. Sempre fui caseiro, sempre foi dif\u00edcil tirar-me de casa e portanto, n\u00e3o obstante das normais preocupa\u00e7\u00f5es profissionais e financeiras pela profiss\u00e3o que tenho, acho que vivi tudo com relativa calma e sem entrar em grande p\u00e2nico. N\u00e3o me molesta particularmente n\u00e3o sair de casa e estar mais restrito ao conv\u00edvio exacerbado, contando que possa continuar a trabalhar e a criar income atrav\u00e9s de casa.<\/em><\/p>\n<p>&nbsp;<\/p>\n<p><strong>O que mais o assustou e preocupou?<\/strong><\/p>\n<p><em>Preocupou-me a sa\u00fade dos mais velhos, a irresponsabilidade dos mais jovens e o quanto isto exp\u00f4s as car\u00eancias emocionais e a solid\u00e3o das pessoas.<\/em><\/p>\n<p>&nbsp;<\/p>\n<p><strong>Em termos de projectos para 2020, o que j\u00e1 pode ser revelado?<\/strong><\/p>\n<p><em>O Pessoas Reais \u00e9 o primeiro avan\u00e7o do projecto Expectativa\/Realidade, que ser\u00e1 contado por duas partes, respectivamente. O Expectativa ser\u00e1 divulgado ainda este ano e o Realidade em 2021, sendo pe\u00e7as complementares que pretendem mostrar dos lados do mesmo artista, que existem e acredito poderem conviver, entre o que os outros esperam de mim e o que eu sinto necessidade de fazer, musicalmente.<\/em><\/p>\n","protected":false},"excerpt":{"rendered":"<p>O cantor Z\u00e9 Manel lan\u00e7ou recentemente o single, e respectivo videoclipe, \u2018Pessoas Reais\u2019 e conversou com o Infocul.pt sobre este trabalho e ainda sobre o que est\u00e1 a preparar a curto\/m\u00e9dio prazo.<\/p>\n","protected":false},"author":2,"featured_media":77960,"comment_status":"open","ping_status":"closed","sticky":false,"template":"","format":"standard","meta":{"footnotes":""},"categories":[2,36,4,4124],"tags":[9838],"class_list":["post-77959","post","type-post","status-publish","format-standard","has-post-thumbnail","hentry","category-cultura","category-destaque","category-discos","category-entrevistas","tag-ze-manel"],"yoast_head":"<!-- This site is optimized with the Yoast SEO plugin v27.4 - https:\/\/yoast.com\/product\/yoast-seo-wordpress\/ -->\n<title>Z\u00e9 Manel tem novo single e confessa que &quot;n\u00e3o sou saudosista em rela\u00e7\u00e3o \u00e0 forma como o mundo estava antes desta situa\u00e7\u00e3o toda nos tomar de assalto&quot; | Infocul.pt - Arquivo Digital<\/title>\n<meta name=\"description\" content=\"Z\u00e9 Manel tem novo single e confessa que &quot;n\u00e3o sou saudosista em rela\u00e7\u00e3o \u00e0 forma como o mundo estava antes desta situa\u00e7\u00e3o toda nos tomar de assalto&quot; | Infocul.pt - Arquivo Digital\" \/>\n<meta name=\"robots\" content=\"noindex, follow, max-snippet:-1, max-image-preview:large, max-video-preview:-1\" \/>\n<meta property=\"og:locale\" content=\"pt_PT\" \/>\n<meta property=\"og:type\" content=\"article\" \/>\n<meta property=\"og:title\" content=\"Z\u00e9 Manel tem novo single e confessa que &quot;n\u00e3o sou saudosista em rela\u00e7\u00e3o \u00e0 forma como o mundo estava antes desta situa\u00e7\u00e3o toda nos tomar de assalto&quot; | Infocul.pt - Arquivo Digital\" \/>\n<meta property=\"og:description\" content=\"Z\u00e9 Manel tem novo single e confessa que &quot;n\u00e3o sou saudosista em rela\u00e7\u00e3o \u00e0 forma como o mundo estava antes desta situa\u00e7\u00e3o toda nos tomar de assalto&quot; | Infocul.pt - Arquivo Digital\" \/>\n<meta property=\"og:url\" content=\"https:\/\/infocul.pt\/arquivo\/cultura\/ze-manel-tem-novo-single-e-confessa-que-nao-sou-saudosista-em-relacao-a-forma-como-o-mundo-estava-antes-desta-situacao-toda-nos-tomar-de-assalto\/\" \/>\n<meta property=\"og:site_name\" content=\"Infocul.pt - Arquivo Digital\" \/>\n<meta property=\"article:publisher\" content=\"https:\/\/www.facebook.com\/Infocul-147816815585015\/\" \/>\n<meta property=\"article:published_time\" content=\"2020-07-31T00:26:40+00:00\" \/>\n<meta property=\"article:modified_time\" content=\"2020-07-31T00:28:41+00:00\" \/>\n<meta property=\"og:image\" content=\"https:\/\/infocul.pt\/arquivo\/wp-content\/uploads\/2020\/07\/97035427_664028864436947_8380916233263906816_o.jpg\" \/>\n\t<meta property=\"og:image:width\" content=\"720\" \/>\n\t<meta property=\"og:image:height\" content=\"960\" \/>\n\t<meta property=\"og:image:type\" content=\"image\/jpeg\" \/>\n<meta name=\"author\" content=\"Rui Lavrador\" \/>\n<meta name=\"twitter:card\" content=\"summary_large_image\" \/>\n<meta name=\"twitter:creator\" content=\"@Infoculpt\" \/>\n<meta name=\"twitter:site\" content=\"@Infoculpt\" \/>\n<meta name=\"twitter:label1\" content=\"Escrito por\" \/>\n\t<meta name=\"twitter:data1\" content=\"Rui Lavrador\" \/>\n\t<meta name=\"twitter:label2\" content=\"Tempo estimado de leitura\" \/>\n\t<meta name=\"twitter:data2\" content=\"5 minutos\" \/>\n<script type=\"application\/ld+json\" class=\"yoast-schema-graph\">{\"@context\":\"https:\\\/\\\/schema.org\",\"@graph\":[{\"@type\":\"Article\",\"@id\":\"https:\\\/\\\/infocul.pt\\\/arquivo\\\/cultura\\\/ze-manel-tem-novo-single-e-confessa-que-nao-sou-saudosista-em-relacao-a-forma-como-o-mundo-estava-antes-desta-situacao-toda-nos-tomar-de-assalto\\\/#article\",\"isPartOf\":{\"@id\":\"https:\\\/\\\/infocul.pt\\\/arquivo\\\/cultura\\\/ze-manel-tem-novo-single-e-confessa-que-nao-sou-saudosista-em-relacao-a-forma-como-o-mundo-estava-antes-desta-situacao-toda-nos-tomar-de-assalto\\\/\"},\"author\":{\"name\":\"Rui Lavrador\",\"@id\":\"https:\\\/\\\/infocul.pt\\\/arquivo\\\/#\\\/schema\\\/person\\\/060a108d7f2d85fc6aae505119ee5234\"},\"headline\":\"Z\u00e9 Manel tem novo single e confessa que &#8220;n\u00e3o sou saudosista em rela\u00e7\u00e3o \u00e0 forma como o mundo estava antes desta situa\u00e7\u00e3o toda nos tomar de assalto&#8221;\",\"datePublished\":\"2020-07-31T00:26:40+00:00\",\"dateModified\":\"2020-07-31T00:28:41+00:00\",\"mainEntityOfPage\":{\"@id\":\"https:\\\/\\\/infocul.pt\\\/arquivo\\\/cultura\\\/ze-manel-tem-novo-single-e-confessa-que-nao-sou-saudosista-em-relacao-a-forma-como-o-mundo-estava-antes-desta-situacao-toda-nos-tomar-de-assalto\\\/\"},\"wordCount\":1026,\"commentCount\":0,\"publisher\":{\"@id\":\"https:\\\/\\\/infocul.pt\\\/arquivo\\\/#organization\"},\"image\":{\"@id\":\"https:\\\/\\\/infocul.pt\\\/arquivo\\\/cultura\\\/ze-manel-tem-novo-single-e-confessa-que-nao-sou-saudosista-em-relacao-a-forma-como-o-mundo-estava-antes-desta-situacao-toda-nos-tomar-de-assalto\\\/#primaryimage\"},\"thumbnailUrl\":\"https:\\\/\\\/infocul.pt\\\/arquivo\\\/wp-content\\\/uploads\\\/2020\\\/07\\\/97035427_664028864436947_8380916233263906816_o.jpg\",\"keywords\":[\"Z\u00e9 Manel\"],\"articleSection\":[\"Cultura\",\"Destaque\",\"Discos\",\"Entrevistas\"],\"inLanguage\":\"pt-PT\"},{\"@type\":\"WebPage\",\"@id\":\"https:\\\/\\\/infocul.pt\\\/arquivo\\\/cultura\\\/ze-manel-tem-novo-single-e-confessa-que-nao-sou-saudosista-em-relacao-a-forma-como-o-mundo-estava-antes-desta-situacao-toda-nos-tomar-de-assalto\\\/\",\"url\":\"https:\\\/\\\/infocul.pt\\\/arquivo\\\/cultura\\\/ze-manel-tem-novo-single-e-confessa-que-nao-sou-saudosista-em-relacao-a-forma-como-o-mundo-estava-antes-desta-situacao-toda-nos-tomar-de-assalto\\\/\",\"name\":\"Z\u00e9 Manel tem novo single e confessa que \\\"n\u00e3o sou saudosista em rela\u00e7\u00e3o \u00e0 forma como o mundo estava antes desta situa\u00e7\u00e3o toda nos tomar de assalto\\\" | Infocul.pt - Arquivo Digital\",\"isPartOf\":{\"@id\":\"https:\\\/\\\/infocul.pt\\\/arquivo\\\/#website\"},\"primaryImageOfPage\":{\"@id\":\"https:\\\/\\\/infocul.pt\\\/arquivo\\\/cultura\\\/ze-manel-tem-novo-single-e-confessa-que-nao-sou-saudosista-em-relacao-a-forma-como-o-mundo-estava-antes-desta-situacao-toda-nos-tomar-de-assalto\\\/#primaryimage\"},\"image\":{\"@id\":\"https:\\\/\\\/infocul.pt\\\/arquivo\\\/cultura\\\/ze-manel-tem-novo-single-e-confessa-que-nao-sou-saudosista-em-relacao-a-forma-como-o-mundo-estava-antes-desta-situacao-toda-nos-tomar-de-assalto\\\/#primaryimage\"},\"thumbnailUrl\":\"https:\\\/\\\/infocul.pt\\\/arquivo\\\/wp-content\\\/uploads\\\/2020\\\/07\\\/97035427_664028864436947_8380916233263906816_o.jpg\",\"datePublished\":\"2020-07-31T00:26:40+00:00\",\"dateModified\":\"2020-07-31T00:28:41+00:00\",\"description\":\"Z\u00e9 Manel tem novo single e confessa que \\\"n\u00e3o sou saudosista em rela\u00e7\u00e3o \u00e0 forma como o mundo estava antes desta situa\u00e7\u00e3o toda nos tomar de assalto\\\" | Infocul.pt - Arquivo Digital\",\"breadcrumb\":{\"@id\":\"https:\\\/\\\/infocul.pt\\\/arquivo\\\/cultura\\\/ze-manel-tem-novo-single-e-confessa-que-nao-sou-saudosista-em-relacao-a-forma-como-o-mundo-estava-antes-desta-situacao-toda-nos-tomar-de-assalto\\\/#breadcrumb\"},\"inLanguage\":\"pt-PT\",\"potentialAction\":[{\"@type\":\"ReadAction\",\"target\":[\"https:\\\/\\\/infocul.pt\\\/arquivo\\\/cultura\\\/ze-manel-tem-novo-single-e-confessa-que-nao-sou-saudosista-em-relacao-a-forma-como-o-mundo-estava-antes-desta-situacao-toda-nos-tomar-de-assalto\\\/\"]}]},{\"@type\":\"ImageObject\",\"inLanguage\":\"pt-PT\",\"@id\":\"https:\\\/\\\/infocul.pt\\\/arquivo\\\/cultura\\\/ze-manel-tem-novo-single-e-confessa-que-nao-sou-saudosista-em-relacao-a-forma-como-o-mundo-estava-antes-desta-situacao-toda-nos-tomar-de-assalto\\\/#primaryimage\",\"url\":\"https:\\\/\\\/infocul.pt\\\/arquivo\\\/wp-content\\\/uploads\\\/2020\\\/07\\\/97035427_664028864436947_8380916233263906816_o.jpg\",\"contentUrl\":\"https:\\\/\\\/infocul.pt\\\/arquivo\\\/wp-content\\\/uploads\\\/2020\\\/07\\\/97035427_664028864436947_8380916233263906816_o.jpg\",\"width\":720,\"height\":960},{\"@type\":\"BreadcrumbList\",\"@id\":\"https:\\\/\\\/infocul.pt\\\/arquivo\\\/cultura\\\/ze-manel-tem-novo-single-e-confessa-que-nao-sou-saudosista-em-relacao-a-forma-como-o-mundo-estava-antes-desta-situacao-toda-nos-tomar-de-assalto\\\/#breadcrumb\",\"itemListElement\":[{\"@type\":\"ListItem\",\"position\":1,\"name\":\"Home\",\"item\":\"https:\\\/\\\/infocul.pt\\\/arquivo\\\/\"},{\"@type\":\"ListItem\",\"position\":2,\"name\":\"Z\u00e9 Manel tem novo single e confessa que &#8220;n\u00e3o sou saudosista em rela\u00e7\u00e3o \u00e0 forma como o mundo estava antes desta situa\u00e7\u00e3o toda nos tomar de assalto&#8221;\"}]},{\"@type\":\"WebSite\",\"@id\":\"https:\\\/\\\/infocul.pt\\\/arquivo\\\/#website\",\"url\":\"https:\\\/\\\/infocul.pt\\\/arquivo\\\/\",\"name\":\"Infocul.pt - Arquivo Digital\",\"description\":\"Arquivo digital da Infocul.pt\",\"publisher\":{\"@id\":\"https:\\\/\\\/infocul.pt\\\/arquivo\\\/#organization\"},\"potentialAction\":[{\"@type\":\"SearchAction\",\"target\":{\"@type\":\"EntryPoint\",\"urlTemplate\":\"https:\\\/\\\/infocul.pt\\\/arquivo\\\/?s={search_term_string}\"},\"query-input\":{\"@type\":\"PropertyValueSpecification\",\"valueRequired\":true,\"valueName\":\"search_term_string\"}}],\"inLanguage\":\"pt-PT\"},{\"@type\":\"Organization\",\"@id\":\"https:\\\/\\\/infocul.pt\\\/arquivo\\\/#organization\",\"name\":\"Infocul.pt\",\"url\":\"https:\\\/\\\/infocul.pt\\\/arquivo\\\/\",\"logo\":{\"@type\":\"ImageObject\",\"inLanguage\":\"pt-PT\",\"@id\":\"https:\\\/\\\/infocul.pt\\\/arquivo\\\/#\\\/schema\\\/logo\\\/image\\\/\",\"url\":\"https:\\\/\\\/infocul.pt\\\/arquivo\\\/wp-content\\\/uploads\\\/2018\\\/12\\\/Infocul_logo-1.png\",\"contentUrl\":\"https:\\\/\\\/infocul.pt\\\/arquivo\\\/wp-content\\\/uploads\\\/2018\\\/12\\\/Infocul_logo-1.png\",\"width\":800,\"height\":800,\"caption\":\"Infocul.pt\"},\"image\":{\"@id\":\"https:\\\/\\\/infocul.pt\\\/arquivo\\\/#\\\/schema\\\/logo\\\/image\\\/\"},\"sameAs\":[\"https:\\\/\\\/www.facebook.com\\\/Infocul-147816815585015\\\/\",\"https:\\\/\\\/x.com\\\/Infoculpt\",\"http:\\\/\\\/www.pictaram.com\\\/user\\\/infocul.pt\\\/2370423710\",\"https:\\\/\\\/www.youtube.com\\\/channel\\\/UCYEB91AGI9FL9ek2i_IaQAA\"]},{\"@type\":\"Person\",\"@id\":\"https:\\\/\\\/infocul.pt\\\/arquivo\\\/#\\\/schema\\\/person\\\/060a108d7f2d85fc6aae505119ee5234\",\"name\":\"Rui Lavrador\",\"image\":{\"@type\":\"ImageObject\",\"inLanguage\":\"pt-PT\",\"@id\":\"https:\\\/\\\/secure.gravatar.com\\\/avatar\\\/93febd6873394aa8e975148548a0cb203acfdd42d2c85c5f1408e1a76678aece?s=96&d=mm&r=g\",\"url\":\"https:\\\/\\\/secure.gravatar.com\\\/avatar\\\/93febd6873394aa8e975148548a0cb203acfdd42d2c85c5f1408e1a76678aece?s=96&d=mm&r=g\",\"contentUrl\":\"https:\\\/\\\/secure.gravatar.com\\\/avatar\\\/93febd6873394aa8e975148548a0cb203acfdd42d2c85c5f1408e1a76678aece?s=96&d=mm&r=g\",\"caption\":\"Rui Lavrador\"},\"description\":\"Iniciou em 2011 o seu percurso em comunica\u00e7\u00e3o social, tendo integrado v\u00e1rios projectos editoriais. Durante o seu percurso integrou projectos como Jornal Hardm\u00fasica, LusoNot\u00edcias, Toureio.pt, ODigital.pt, entre outros \u00d3rg\u00e3os de Comunica\u00e7\u00e3o Social nacionais, na redac\u00e7\u00e3o de v\u00e1rios artigos. Entrevistou a grande maioria das personalidades mais importantes da vida social e cultural do pa\u00eds, destacando-se, tamb\u00e9m, na aprecia\u00e7\u00e3o de v\u00e1rios espect\u00e1culos. Durante o seu percurso, deu a conhecer v\u00e1rios artistas, at\u00e9 ent\u00e3o desconhecidos, ao grande p\u00fablico. Em 2015 criou e fundou o Infocul.pt, projecto no qual assume a direc\u00e7\u00e3o editorial.\",\"sameAs\":[\"http:\\\/\\\/www.infocul.pt\"]}]}<\/script>\n<!-- \/ Yoast SEO plugin. -->","yoast_head_json":{"title":"Z\u00e9 Manel tem novo single e confessa que \"n\u00e3o sou saudosista em rela\u00e7\u00e3o \u00e0 forma como o mundo estava antes desta situa\u00e7\u00e3o toda nos tomar de assalto\" | Infocul.pt - Arquivo Digital","description":"Z\u00e9 Manel tem novo single e confessa que \"n\u00e3o sou saudosista em rela\u00e7\u00e3o \u00e0 forma como o mundo estava antes desta situa\u00e7\u00e3o toda nos tomar de assalto\" | Infocul.pt - Arquivo Digital","robots":{"index":"noindex","follow":"follow","max-snippet":"max-snippet:-1","max-image-preview":"max-image-preview:large","max-video-preview":"max-video-preview:-1"},"og_locale":"pt_PT","og_type":"article","og_title":"Z\u00e9 Manel tem novo single e confessa que \"n\u00e3o sou saudosista em rela\u00e7\u00e3o \u00e0 forma como o mundo estava antes desta situa\u00e7\u00e3o toda nos tomar de assalto\" | Infocul.pt - Arquivo Digital","og_description":"Z\u00e9 Manel tem novo single e confessa que \"n\u00e3o sou saudosista em rela\u00e7\u00e3o \u00e0 forma como o mundo estava antes desta situa\u00e7\u00e3o toda nos tomar de assalto\" | Infocul.pt - Arquivo Digital","og_url":"https:\/\/infocul.pt\/arquivo\/cultura\/ze-manel-tem-novo-single-e-confessa-que-nao-sou-saudosista-em-relacao-a-forma-como-o-mundo-estava-antes-desta-situacao-toda-nos-tomar-de-assalto\/","og_site_name":"Infocul.pt - Arquivo Digital","article_publisher":"https:\/\/www.facebook.com\/Infocul-147816815585015\/","article_published_time":"2020-07-31T00:26:40+00:00","article_modified_time":"2020-07-31T00:28:41+00:00","og_image":[{"width":720,"height":960,"url":"https:\/\/infocul.pt\/arquivo\/wp-content\/uploads\/2020\/07\/97035427_664028864436947_8380916233263906816_o.jpg","type":"image\/jpeg"}],"author":"Rui Lavrador","twitter_card":"summary_large_image","twitter_creator":"@Infoculpt","twitter_site":"@Infoculpt","twitter_misc":{"Escrito por":"Rui Lavrador","Tempo estimado de leitura":"5 minutos"},"schema":{"@context":"https:\/\/schema.org","@graph":[{"@type":"Article","@id":"https:\/\/infocul.pt\/arquivo\/cultura\/ze-manel-tem-novo-single-e-confessa-que-nao-sou-saudosista-em-relacao-a-forma-como-o-mundo-estava-antes-desta-situacao-toda-nos-tomar-de-assalto\/#article","isPartOf":{"@id":"https:\/\/infocul.pt\/arquivo\/cultura\/ze-manel-tem-novo-single-e-confessa-que-nao-sou-saudosista-em-relacao-a-forma-como-o-mundo-estava-antes-desta-situacao-toda-nos-tomar-de-assalto\/"},"author":{"name":"Rui Lavrador","@id":"https:\/\/infocul.pt\/arquivo\/#\/schema\/person\/060a108d7f2d85fc6aae505119ee5234"},"headline":"Z\u00e9 Manel tem novo single e confessa que &#8220;n\u00e3o sou saudosista em rela\u00e7\u00e3o \u00e0 forma como o mundo estava antes desta situa\u00e7\u00e3o toda nos tomar de assalto&#8221;","datePublished":"2020-07-31T00:26:40+00:00","dateModified":"2020-07-31T00:28:41+00:00","mainEntityOfPage":{"@id":"https:\/\/infocul.pt\/arquivo\/cultura\/ze-manel-tem-novo-single-e-confessa-que-nao-sou-saudosista-em-relacao-a-forma-como-o-mundo-estava-antes-desta-situacao-toda-nos-tomar-de-assalto\/"},"wordCount":1026,"commentCount":0,"publisher":{"@id":"https:\/\/infocul.pt\/arquivo\/#organization"},"image":{"@id":"https:\/\/infocul.pt\/arquivo\/cultura\/ze-manel-tem-novo-single-e-confessa-que-nao-sou-saudosista-em-relacao-a-forma-como-o-mundo-estava-antes-desta-situacao-toda-nos-tomar-de-assalto\/#primaryimage"},"thumbnailUrl":"https:\/\/infocul.pt\/arquivo\/wp-content\/uploads\/2020\/07\/97035427_664028864436947_8380916233263906816_o.jpg","keywords":["Z\u00e9 Manel"],"articleSection":["Cultura","Destaque","Discos","Entrevistas"],"inLanguage":"pt-PT"},{"@type":"WebPage","@id":"https:\/\/infocul.pt\/arquivo\/cultura\/ze-manel-tem-novo-single-e-confessa-que-nao-sou-saudosista-em-relacao-a-forma-como-o-mundo-estava-antes-desta-situacao-toda-nos-tomar-de-assalto\/","url":"https:\/\/infocul.pt\/arquivo\/cultura\/ze-manel-tem-novo-single-e-confessa-que-nao-sou-saudosista-em-relacao-a-forma-como-o-mundo-estava-antes-desta-situacao-toda-nos-tomar-de-assalto\/","name":"Z\u00e9 Manel tem novo single e confessa que \"n\u00e3o sou saudosista em rela\u00e7\u00e3o \u00e0 forma como o mundo estava antes desta situa\u00e7\u00e3o toda nos tomar de assalto\" | Infocul.pt - Arquivo Digital","isPartOf":{"@id":"https:\/\/infocul.pt\/arquivo\/#website"},"primaryImageOfPage":{"@id":"https:\/\/infocul.pt\/arquivo\/cultura\/ze-manel-tem-novo-single-e-confessa-que-nao-sou-saudosista-em-relacao-a-forma-como-o-mundo-estava-antes-desta-situacao-toda-nos-tomar-de-assalto\/#primaryimage"},"image":{"@id":"https:\/\/infocul.pt\/arquivo\/cultura\/ze-manel-tem-novo-single-e-confessa-que-nao-sou-saudosista-em-relacao-a-forma-como-o-mundo-estava-antes-desta-situacao-toda-nos-tomar-de-assalto\/#primaryimage"},"thumbnailUrl":"https:\/\/infocul.pt\/arquivo\/wp-content\/uploads\/2020\/07\/97035427_664028864436947_8380916233263906816_o.jpg","datePublished":"2020-07-31T00:26:40+00:00","dateModified":"2020-07-31T00:28:41+00:00","description":"Z\u00e9 Manel tem novo single e confessa que \"n\u00e3o sou saudosista em rela\u00e7\u00e3o \u00e0 forma como o mundo estava antes desta situa\u00e7\u00e3o toda nos tomar de assalto\" | Infocul.pt - Arquivo Digital","breadcrumb":{"@id":"https:\/\/infocul.pt\/arquivo\/cultura\/ze-manel-tem-novo-single-e-confessa-que-nao-sou-saudosista-em-relacao-a-forma-como-o-mundo-estava-antes-desta-situacao-toda-nos-tomar-de-assalto\/#breadcrumb"},"inLanguage":"pt-PT","potentialAction":[{"@type":"ReadAction","target":["https:\/\/infocul.pt\/arquivo\/cultura\/ze-manel-tem-novo-single-e-confessa-que-nao-sou-saudosista-em-relacao-a-forma-como-o-mundo-estava-antes-desta-situacao-toda-nos-tomar-de-assalto\/"]}]},{"@type":"ImageObject","inLanguage":"pt-PT","@id":"https:\/\/infocul.pt\/arquivo\/cultura\/ze-manel-tem-novo-single-e-confessa-que-nao-sou-saudosista-em-relacao-a-forma-como-o-mundo-estava-antes-desta-situacao-toda-nos-tomar-de-assalto\/#primaryimage","url":"https:\/\/infocul.pt\/arquivo\/wp-content\/uploads\/2020\/07\/97035427_664028864436947_8380916233263906816_o.jpg","contentUrl":"https:\/\/infocul.pt\/arquivo\/wp-content\/uploads\/2020\/07\/97035427_664028864436947_8380916233263906816_o.jpg","width":720,"height":960},{"@type":"BreadcrumbList","@id":"https:\/\/infocul.pt\/arquivo\/cultura\/ze-manel-tem-novo-single-e-confessa-que-nao-sou-saudosista-em-relacao-a-forma-como-o-mundo-estava-antes-desta-situacao-toda-nos-tomar-de-assalto\/#breadcrumb","itemListElement":[{"@type":"ListItem","position":1,"name":"Home","item":"https:\/\/infocul.pt\/arquivo\/"},{"@type":"ListItem","position":2,"name":"Z\u00e9 Manel tem novo single e confessa que &#8220;n\u00e3o sou saudosista em rela\u00e7\u00e3o \u00e0 forma como o mundo estava antes desta situa\u00e7\u00e3o toda nos tomar de assalto&#8221;"}]},{"@type":"WebSite","@id":"https:\/\/infocul.pt\/arquivo\/#website","url":"https:\/\/infocul.pt\/arquivo\/","name":"Infocul.pt - Arquivo Digital","description":"Arquivo digital da Infocul.pt","publisher":{"@id":"https:\/\/infocul.pt\/arquivo\/#organization"},"potentialAction":[{"@type":"SearchAction","target":{"@type":"EntryPoint","urlTemplate":"https:\/\/infocul.pt\/arquivo\/?s={search_term_string}"},"query-input":{"@type":"PropertyValueSpecification","valueRequired":true,"valueName":"search_term_string"}}],"inLanguage":"pt-PT"},{"@type":"Organization","@id":"https:\/\/infocul.pt\/arquivo\/#organization","name":"Infocul.pt","url":"https:\/\/infocul.pt\/arquivo\/","logo":{"@type":"ImageObject","inLanguage":"pt-PT","@id":"https:\/\/infocul.pt\/arquivo\/#\/schema\/logo\/image\/","url":"https:\/\/infocul.pt\/arquivo\/wp-content\/uploads\/2018\/12\/Infocul_logo-1.png","contentUrl":"https:\/\/infocul.pt\/arquivo\/wp-content\/uploads\/2018\/12\/Infocul_logo-1.png","width":800,"height":800,"caption":"Infocul.pt"},"image":{"@id":"https:\/\/infocul.pt\/arquivo\/#\/schema\/logo\/image\/"},"sameAs":["https:\/\/www.facebook.com\/Infocul-147816815585015\/","https:\/\/x.com\/Infoculpt","http:\/\/www.pictaram.com\/user\/infocul.pt\/2370423710","https:\/\/www.youtube.com\/channel\/UCYEB91AGI9FL9ek2i_IaQAA"]},{"@type":"Person","@id":"https:\/\/infocul.pt\/arquivo\/#\/schema\/person\/060a108d7f2d85fc6aae505119ee5234","name":"Rui Lavrador","image":{"@type":"ImageObject","inLanguage":"pt-PT","@id":"https:\/\/secure.gravatar.com\/avatar\/93febd6873394aa8e975148548a0cb203acfdd42d2c85c5f1408e1a76678aece?s=96&d=mm&r=g","url":"https:\/\/secure.gravatar.com\/avatar\/93febd6873394aa8e975148548a0cb203acfdd42d2c85c5f1408e1a76678aece?s=96&d=mm&r=g","contentUrl":"https:\/\/secure.gravatar.com\/avatar\/93febd6873394aa8e975148548a0cb203acfdd42d2c85c5f1408e1a76678aece?s=96&d=mm&r=g","caption":"Rui Lavrador"},"description":"Iniciou em 2011 o seu percurso em comunica\u00e7\u00e3o social, tendo integrado v\u00e1rios projectos editoriais. Durante o seu percurso integrou projectos como Jornal Hardm\u00fasica, LusoNot\u00edcias, Toureio.pt, ODigital.pt, entre outros \u00d3rg\u00e3os de Comunica\u00e7\u00e3o Social nacionais, na redac\u00e7\u00e3o de v\u00e1rios artigos. Entrevistou a grande maioria das personalidades mais importantes da vida social e cultural do pa\u00eds, destacando-se, tamb\u00e9m, na aprecia\u00e7\u00e3o de v\u00e1rios espect\u00e1culos. Durante o seu percurso, deu a conhecer v\u00e1rios artistas, at\u00e9 ent\u00e3o desconhecidos, ao grande p\u00fablico. Em 2015 criou e fundou o Infocul.pt, projecto no qual assume a direc\u00e7\u00e3o editorial.","sameAs":["http:\/\/www.infocul.pt"]}]}},"_links":{"self":[{"href":"https:\/\/infocul.pt\/arquivo\/wp-json\/wp\/v2\/posts\/77959","targetHints":{"allow":["GET"]}}],"collection":[{"href":"https:\/\/infocul.pt\/arquivo\/wp-json\/wp\/v2\/posts"}],"about":[{"href":"https:\/\/infocul.pt\/arquivo\/wp-json\/wp\/v2\/types\/post"}],"author":[{"embeddable":true,"href":"https:\/\/infocul.pt\/arquivo\/wp-json\/wp\/v2\/users\/2"}],"replies":[{"embeddable":true,"href":"https:\/\/infocul.pt\/arquivo\/wp-json\/wp\/v2\/comments?post=77959"}],"version-history":[{"count":0,"href":"https:\/\/infocul.pt\/arquivo\/wp-json\/wp\/v2\/posts\/77959\/revisions"}],"wp:featuredmedia":[{"embeddable":true,"href":"https:\/\/infocul.pt\/arquivo\/wp-json\/wp\/v2\/media\/77960"}],"wp:attachment":[{"href":"https:\/\/infocul.pt\/arquivo\/wp-json\/wp\/v2\/media?parent=77959"}],"wp:term":[{"taxonomy":"category","embeddable":true,"href":"https:\/\/infocul.pt\/arquivo\/wp-json\/wp\/v2\/categories?post=77959"},{"taxonomy":"post_tag","embeddable":true,"href":"https:\/\/infocul.pt\/arquivo\/wp-json\/wp\/v2\/tags?post=77959"}],"curies":[{"name":"wp","href":"https:\/\/api.w.org\/{rel}","templated":true}]}}