{"id":78104,"date":"2020-08-01T14:27:11","date_gmt":"2020-08-01T13:27:11","guid":{"rendered":"https:\/\/infocul.pt\/?p=78104"},"modified":"2020-08-01T14:27:11","modified_gmt":"2020-08-01T13:27:11","slug":"tina-colaco-edita-disco-silencio-um-trabalho-independente","status":"publish","type":"post","link":"https:\/\/infocul.pt\/arquivo\/cultura\/tina-colaco-edita-disco-silencio-um-trabalho-independente\/","title":{"rendered":"Tina Cola\u00e7o edita disco &#8216;Sil\u00eancio&#8217;: &#8220;Um trabalho independente&#8221;"},"content":{"rendered":"<p><img decoding=\"async\" class=\"aligncenter wp-image-78105 size-full lazyload\" data-src=\"https:\/\/infocul.pt\/arquivo\/wp-content\/uploads\/2020\/08\/tina4.png\" alt=\"\" width=\"462\" height=\"462\" data-srcset=\"https:\/\/infocul.pt\/arquivo\/wp-content\/uploads\/2020\/08\/tina4.png 462w, https:\/\/infocul.pt\/arquivo\/wp-content\/uploads\/2020\/08\/tina4-300x300.png 300w, https:\/\/infocul.pt\/arquivo\/wp-content\/uploads\/2020\/08\/tina4-150x150.png 150w\" data-sizes=\"(max-width: 462px) 100vw, 462px\" src=\"data:image\/svg+xml;base64,PHN2ZyB3aWR0aD0iMSIgaGVpZ2h0PSIxIiB4bWxucz0iaHR0cDovL3d3dy53My5vcmcvMjAwMC9zdmciPjwvc3ZnPg==\" style=\"--smush-placeholder-width: 462px; --smush-placeholder-aspect-ratio: 462\/462;\" \/><\/p>\n<p>\u2018Sil\u00eancio\u2019 \u00e9 o novo trabalho discogr\u00e1fico de Tina Cola\u00e7o e o fio condutor da entrevista concedida pela artista ao Infocul.pt.<!--more--><\/p>\n<p>&nbsp;<\/p>\n<p>Um disco gravado e masterizado nos \u00a0Sound Pressure Studios e que conta com a participa\u00e7\u00e3o especial de Marcelo Rebelo da Costa no tema \u201cLado a Lado\u201d.<\/p>\n<p>Neste disco, Tina Cola\u00e7o contou com Henrique Leit\u00e3o, na guitarra portuguesa, e Miguel Gromicho, na viola de fado, no acompanhamento instrumental.<\/p>\n<p>Em breve, o disco estar\u00e1 dispon\u00edvel nas plataformas digitais.<\/p>\n<p>&nbsp;<\/p>\n<p><strong>Quando come\u00e7ou a pensar neste disco?<\/strong><\/p>\n<p><em>Este projecto estava pensado j\u00e1 h\u00e1 algum tempo, ap\u00f3s ter vendido as cassetes que tinha, gravadas em 1998. Ao longo destes anos foi adiado algumas vezes, porque se trata de um trabalho independente que acarreta alguma disponibilidade financeira, e s\u00f3 agora foi poss\u00edvel concretizar. Contei com a iniciativa e incentivo do meu marido que me apoiou e acompanhou ao longo de todo o processo, inclusive as fotografias da capa deste \u00e1lbum, foi ele quem as tirou. J\u00e1 na altura da grava\u00e7\u00e3o da cassete foi ele que me fotografou.<\/em><\/p>\n<p>&nbsp;<\/p>\n<p><strong>A escolha do repert\u00f3rio foi complexa ou j\u00e1 sabia o que queria gravar?<\/strong><\/p>\n<p><em>A escolha foi dif\u00edcil, tinha j\u00e1 alguma ideia do que queria gravar. Inicialmente a ideia era gravar dez temas, que fui trocando at\u00e9 ficar com a lista \u201cfechada\u201d e acabei por acrescentar mais dois.<\/em><\/p>\n<p>&nbsp;<\/p>\n<p><strong>Algum tema que lamente n\u00e3o estar no disco?<\/strong><\/p>\n<p><em>Sim, sim muitos! Tantos que daria para gravar mais dois ou tr\u00eas discos.<\/em> (risos)<\/p>\n<p>&nbsp;<\/p>\n<p><strong>Qual o tema que mais a caracteriza, neste disco?<\/strong><\/p>\n<p><em>\u00c9 uma pergunta dif\u00edcil de responder, gosto de todos porque t\u00eam um pouco de mim. Acho que esta pergunta devia ser feita a quem me conhece.<\/em> (risos)<em> Mas talvez o \u201cHino \u00e0 Vida\u201d pela dificuldade que o pr\u00f3prio tema exige, e pela for\u00e7a do poema.<\/em><\/p>\n<p>&nbsp;<\/p>\n<p><strong>O primeiro single deste disco \u00e9 \u201cDesde Menina\u201d. Porqu\u00ea a escolha?<\/strong><\/p>\n<p><em>A escolha foi feita com o seguinte crit\u00e9rio: primeiro porque resume o meu percurso enquanto fadista, e traduz o que sinto e quanto amo o fado; e depois porque n\u00e3o sendo um tema in\u00e9dito, \u00e9 o que \u00e9 menos conhecido do p\u00fablico.<\/em><\/p>\n<p>&nbsp;<\/p>\n<p><strong>Decidiu gravar alguns temas mais ic\u00f3nicos do repert\u00f3rio de nomes maiores\u00a0do fado, como \u00e9 exemplo o \u2018Naufr\u00e1gio\u2019. \u00c9 uma responsabilidade acrescida cantar estes temas?<\/strong><\/p>\n<p><em>Sim, \u00e9 de uma enorme responsabilidade, para que a minha interpreta\u00e7\u00e3o os possa dignificar. No caso do \u201cNaufr\u00e1gio\u201d, gosto imenso deste poema de Cec\u00edlia Meireles, foi um dos primeiros que escolhi para gravar, no entanto todos os outros temas merecem igualmente o meu respeito pelo trabalho dos seus autores.<\/em><\/p>\n<p>&nbsp;<\/p>\n<p><strong>Conta com um convidado neste disco: Marcelo Rebelo da Costa. Interpretam\u00a0o tema \u2018Lado a Lado\u2019. Porqu\u00ea a escolha do Marcelo e qual a rela\u00e7\u00e3o que\u00a0tem com ele?<\/strong><\/p>\n<p><em>A escolha foi f\u00e1cil porque sou f\u00e3 do Marcelo, conhecemos- nos nas noites de fado e fic\u00e1mos amigos. Al\u00e9m de ser um excelente fadista \u00e9 tamb\u00e9m uma pessoa de bom car\u00e1cter e generosidade.<\/em><\/p>\n<p>&nbsp;<\/p>\n<p><strong>Quem s\u00e3o os m\u00fasicos que a acompanham neste disco?<\/strong><\/p>\n<p><em>Neste disco tenho o privil\u00e9gio de ser acompanhada na guitarra portuguesa por Henrique Leit\u00e3o, que acabou por ser uma ajuda preciosa nos arranjos musicais; na viola fui acompanhada pelo jovem Miguel Gromicho, que igualmente se entregou de forma eximia a este projeto. A grava\u00e7\u00e3o foi feita nos Sound Pressure Studios, a quem deixo tamb\u00e9m um grande agradecimento pelo profissionalismo e hospitalidade.<\/em><\/p>\n<p>&nbsp;<\/p>\n<p><strong>Onde poder\u00e3o, as pessoas, adquirir o disco?<\/strong><\/p>\n<p><em>O disco \u201cSil\u00eancio\u201d pode ser adquirido se falarem diretamente comigo no Facebook, ou podem enviar um email para tinacolaco.musica@gmail.com<\/em><\/p>\n<p>&nbsp;<\/p>\n<p><strong>Depois deste per\u00edodo de confinamento, onde poder\u00e1 o p\u00fablico ouvi-la?<\/strong><\/p>\n<p><em>Infelizmente, neste momento os espet\u00e1culos est\u00e3o cancelados. Aguardo a reabertura dos espa\u00e7os, para o t\u00e3o desejado reencontro com o p\u00fablico!<\/em><\/p>\n<p>&nbsp;<\/p>\n<p><strong>J\u00e1 conseguiu regressar \u2018\u00e0 normalidade\u2019 no p\u00f3s-covid?<\/strong><\/p>\n<p><em>N\u00e3o, na realidade penso que ainda temos um longo caminho a percorrer, mas tento adaptar-me a estes novos tempos da forma mais positiva poss\u00edvel.<\/em><\/p>\n<p>&nbsp;<\/p>\n<p><strong>Abordando um pouco o seu percurso, como o resumiria?<\/strong><\/p>\n<p><em>O meu percurso come\u00e7a cedo, porque desde crian\u00e7a que gosto de cantar e percebi que os outros me gostavam de ouvir. Fiz parte do Rancho Folcl\u00f3rico de Alenquer, concelho onde cresci.<\/em><\/p>\n<p><em>Mais tarde comecei a explorar o fado e cantava em festas de fam\u00edlia, at\u00e9 que come\u00e7aram a surgir convites para cantar em coletividades, restaurantes, associa\u00e7\u00f5es\u2026<\/em><\/p>\n<p><em>Fiz parte do elenco fixo da, agora inativa, Adega T\u00edpica Quinta da Granja e tamb\u00e9m tenho cantado em Teatro de Revista e Marchas Populares.<\/em><\/p>\n<p><em>Em termos de registos, gravei uma cassete em 1998, de nome \u201cN\u00e3o Perguntem Quem Sou\u201d e agora em 2020 chegou o t\u00e3o desejado \u00e1lbum, \u201cSil\u00eancio\u201d.<\/em><\/p>\n<p>&nbsp;<\/p>\n<p><strong>Lembra-se da primeira vez que cantou em p\u00fablico? E onde?<\/strong><\/p>\n<p><em>Sim, lembro! Foi na escola prim\u00e1ria, onde fiz parte do coro. A m\u00fasica era \u201c\u00d3 rosa, arredonda a saia\u201d. Mas n\u00e3o estava nervosa, porque tinha as minhas colegas comigo.<\/em><\/p>\n<p>&nbsp;<\/p>\n<p>C<strong>omo analisa o actual momento no Fado?<\/strong><\/p>\n<p><em>Neste momento em que celebramos o centen\u00e1rio da grande Am\u00e1lia Rodrigues o fado est\u00e1 a ser divulgado como nunca, at\u00e9 est\u00e1 na moda. Por isso considero que est\u00e1 vivo e de muito boa sa\u00fade. As grandes vozes do fado j\u00e1 com provas dadas continuam a dignific\u00e1-lo, tamb\u00e9m t\u00eam aparecido novas vozes com talento e irrever\u00eancia pr\u00f3pria da juventude. No entanto, considero que o importante \u00e9 n\u00e3o esquecer que o fado tem uma ess\u00eancia pr\u00f3pria, que deve ser mantida e respeitada para que n\u00e3o se torne noutra coisa.<\/em><\/p>\n<p>&nbsp;<\/p>\n<p><strong>Qual a mensagem que deixa aos leitores do Infocul?<\/strong><\/p>\n<p><em>Foi um enorme gosto partilhar convosco um pouco da minha hist\u00f3ria e deste meu recente trabalho. Quero agradecer ao p\u00fablico que me tem acompanhado e acarinhado ao longo destes anos. Espero que este meu \u00e1lbum, \u201cSil\u00eancio\u201d, seja do vosso agrado e que comprem o disco. Em breve poderemos certamente celebrar em conjunto! Pe\u00e7o que defendam a nossa cultura, porque \u00e9 isso que nos distingue dos outros povos! Um bem haja para todos os leitores e para a equipa da Infocul, a quem agrade\u00e7o esta entrevista.<\/em><\/p>\n","protected":false},"excerpt":{"rendered":"<p>\u2018Sil\u00eancio\u2019 \u00e9 o novo trabalho discogr\u00e1fico de Tina Cola\u00e7o e o fio condutor da entrevista concedida pela artista ao Infocul.pt.<\/p>\n","protected":false},"author":2,"featured_media":78105,"comment_status":"open","ping_status":"closed","sticky":false,"template":"","format":"standard","meta":{"footnotes":""},"categories":[2,36,4,4124],"tags":[9844,9843],"class_list":["post-78104","post","type-post","status-publish","format-standard","has-post-thumbnail","hentry","category-cultura","category-destaque","category-discos","category-entrevistas","tag-marcelo-rebelo-da-costa","tag-tina-colaco"],"yoast_head":"<!-- This site is optimized with the Yoast SEO plugin v27.4 - https:\/\/yoast.com\/product\/yoast-seo-wordpress\/ -->\n<title>Tina Cola\u00e7o edita disco &#039;Sil\u00eancio&#039;: &quot;Um trabalho independente&quot; | Infocul.pt - Arquivo Digital<\/title>\n<meta name=\"description\" content=\"Tina Cola\u00e7o edita disco &#039;Sil\u00eancio&#039;: &quot;Um trabalho independente&quot; | Infocul.pt - Arquivo Digital\" \/>\n<meta name=\"robots\" content=\"noindex, follow, max-snippet:-1, max-image-preview:large, max-video-preview:-1\" \/>\n<meta property=\"og:locale\" content=\"pt_PT\" \/>\n<meta property=\"og:type\" content=\"article\" \/>\n<meta property=\"og:title\" content=\"Tina Cola\u00e7o edita disco &#039;Sil\u00eancio&#039;: &quot;Um trabalho independente&quot; | Infocul.pt - Arquivo Digital\" \/>\n<meta property=\"og:description\" content=\"Tina Cola\u00e7o edita disco &#039;Sil\u00eancio&#039;: &quot;Um trabalho independente&quot; | Infocul.pt - Arquivo Digital\" \/>\n<meta property=\"og:url\" content=\"https:\/\/infocul.pt\/arquivo\/cultura\/tina-colaco-edita-disco-silencio-um-trabalho-independente\/\" \/>\n<meta property=\"og:site_name\" content=\"Infocul.pt - Arquivo Digital\" \/>\n<meta property=\"article:publisher\" content=\"https:\/\/www.facebook.com\/Infocul-147816815585015\/\" \/>\n<meta property=\"article:published_time\" content=\"2020-08-01T13:27:11+00:00\" \/>\n<meta property=\"og:image\" content=\"https:\/\/infocul.pt\/arquivo\/wp-content\/uploads\/2020\/08\/tina4.png\" \/>\n\t<meta property=\"og:image:width\" content=\"462\" \/>\n\t<meta property=\"og:image:height\" content=\"462\" \/>\n\t<meta property=\"og:image:type\" content=\"image\/png\" \/>\n<meta name=\"author\" content=\"Rui Lavrador\" \/>\n<meta name=\"twitter:card\" content=\"summary_large_image\" \/>\n<meta name=\"twitter:creator\" content=\"@Infoculpt\" \/>\n<meta name=\"twitter:site\" content=\"@Infoculpt\" \/>\n<meta name=\"twitter:label1\" content=\"Escrito por\" \/>\n\t<meta name=\"twitter:data1\" content=\"Rui Lavrador\" \/>\n\t<meta name=\"twitter:label2\" content=\"Tempo estimado de leitura\" \/>\n\t<meta name=\"twitter:data2\" content=\"5 minutos\" \/>\n<script type=\"application\/ld+json\" class=\"yoast-schema-graph\">{\"@context\":\"https:\\\/\\\/schema.org\",\"@graph\":[{\"@type\":\"Article\",\"@id\":\"https:\\\/\\\/infocul.pt\\\/arquivo\\\/cultura\\\/tina-colaco-edita-disco-silencio-um-trabalho-independente\\\/#article\",\"isPartOf\":{\"@id\":\"https:\\\/\\\/infocul.pt\\\/arquivo\\\/cultura\\\/tina-colaco-edita-disco-silencio-um-trabalho-independente\\\/\"},\"author\":{\"name\":\"Rui Lavrador\",\"@id\":\"https:\\\/\\\/infocul.pt\\\/arquivo\\\/#\\\/schema\\\/person\\\/060a108d7f2d85fc6aae505119ee5234\"},\"headline\":\"Tina Cola\u00e7o edita disco &#8216;Sil\u00eancio&#8217;: &#8220;Um trabalho independente&#8221;\",\"datePublished\":\"2020-08-01T13:27:11+00:00\",\"mainEntityOfPage\":{\"@id\":\"https:\\\/\\\/infocul.pt\\\/arquivo\\\/cultura\\\/tina-colaco-edita-disco-silencio-um-trabalho-independente\\\/\"},\"wordCount\":1078,\"commentCount\":0,\"publisher\":{\"@id\":\"https:\\\/\\\/infocul.pt\\\/arquivo\\\/#organization\"},\"image\":{\"@id\":\"https:\\\/\\\/infocul.pt\\\/arquivo\\\/cultura\\\/tina-colaco-edita-disco-silencio-um-trabalho-independente\\\/#primaryimage\"},\"thumbnailUrl\":\"https:\\\/\\\/infocul.pt\\\/arquivo\\\/wp-content\\\/uploads\\\/2020\\\/08\\\/tina4.png\",\"keywords\":[\"Marcelo Rebelo da Costa\",\"Tina Cola\u00e7o\"],\"articleSection\":[\"Cultura\",\"Destaque\",\"Discos\",\"Entrevistas\"],\"inLanguage\":\"pt-PT\"},{\"@type\":\"WebPage\",\"@id\":\"https:\\\/\\\/infocul.pt\\\/arquivo\\\/cultura\\\/tina-colaco-edita-disco-silencio-um-trabalho-independente\\\/\",\"url\":\"https:\\\/\\\/infocul.pt\\\/arquivo\\\/cultura\\\/tina-colaco-edita-disco-silencio-um-trabalho-independente\\\/\",\"name\":\"Tina Cola\u00e7o edita disco 'Sil\u00eancio': \\\"Um trabalho independente\\\" | Infocul.pt - Arquivo Digital\",\"isPartOf\":{\"@id\":\"https:\\\/\\\/infocul.pt\\\/arquivo\\\/#website\"},\"primaryImageOfPage\":{\"@id\":\"https:\\\/\\\/infocul.pt\\\/arquivo\\\/cultura\\\/tina-colaco-edita-disco-silencio-um-trabalho-independente\\\/#primaryimage\"},\"image\":{\"@id\":\"https:\\\/\\\/infocul.pt\\\/arquivo\\\/cultura\\\/tina-colaco-edita-disco-silencio-um-trabalho-independente\\\/#primaryimage\"},\"thumbnailUrl\":\"https:\\\/\\\/infocul.pt\\\/arquivo\\\/wp-content\\\/uploads\\\/2020\\\/08\\\/tina4.png\",\"datePublished\":\"2020-08-01T13:27:11+00:00\",\"description\":\"Tina Cola\u00e7o edita disco 'Sil\u00eancio': \\\"Um trabalho independente\\\" | Infocul.pt - Arquivo Digital\",\"breadcrumb\":{\"@id\":\"https:\\\/\\\/infocul.pt\\\/arquivo\\\/cultura\\\/tina-colaco-edita-disco-silencio-um-trabalho-independente\\\/#breadcrumb\"},\"inLanguage\":\"pt-PT\",\"potentialAction\":[{\"@type\":\"ReadAction\",\"target\":[\"https:\\\/\\\/infocul.pt\\\/arquivo\\\/cultura\\\/tina-colaco-edita-disco-silencio-um-trabalho-independente\\\/\"]}]},{\"@type\":\"ImageObject\",\"inLanguage\":\"pt-PT\",\"@id\":\"https:\\\/\\\/infocul.pt\\\/arquivo\\\/cultura\\\/tina-colaco-edita-disco-silencio-um-trabalho-independente\\\/#primaryimage\",\"url\":\"https:\\\/\\\/infocul.pt\\\/arquivo\\\/wp-content\\\/uploads\\\/2020\\\/08\\\/tina4.png\",\"contentUrl\":\"https:\\\/\\\/infocul.pt\\\/arquivo\\\/wp-content\\\/uploads\\\/2020\\\/08\\\/tina4.png\",\"width\":462,\"height\":462},{\"@type\":\"BreadcrumbList\",\"@id\":\"https:\\\/\\\/infocul.pt\\\/arquivo\\\/cultura\\\/tina-colaco-edita-disco-silencio-um-trabalho-independente\\\/#breadcrumb\",\"itemListElement\":[{\"@type\":\"ListItem\",\"position\":1,\"name\":\"Home\",\"item\":\"https:\\\/\\\/infocul.pt\\\/arquivo\\\/\"},{\"@type\":\"ListItem\",\"position\":2,\"name\":\"Tina Cola\u00e7o edita disco &#8216;Sil\u00eancio&#8217;: &#8220;Um trabalho independente&#8221;\"}]},{\"@type\":\"WebSite\",\"@id\":\"https:\\\/\\\/infocul.pt\\\/arquivo\\\/#website\",\"url\":\"https:\\\/\\\/infocul.pt\\\/arquivo\\\/\",\"name\":\"Infocul.pt - Arquivo Digital\",\"description\":\"Arquivo digital da Infocul.pt\",\"publisher\":{\"@id\":\"https:\\\/\\\/infocul.pt\\\/arquivo\\\/#organization\"},\"potentialAction\":[{\"@type\":\"SearchAction\",\"target\":{\"@type\":\"EntryPoint\",\"urlTemplate\":\"https:\\\/\\\/infocul.pt\\\/arquivo\\\/?s={search_term_string}\"},\"query-input\":{\"@type\":\"PropertyValueSpecification\",\"valueRequired\":true,\"valueName\":\"search_term_string\"}}],\"inLanguage\":\"pt-PT\"},{\"@type\":\"Organization\",\"@id\":\"https:\\\/\\\/infocul.pt\\\/arquivo\\\/#organization\",\"name\":\"Infocul.pt\",\"url\":\"https:\\\/\\\/infocul.pt\\\/arquivo\\\/\",\"logo\":{\"@type\":\"ImageObject\",\"inLanguage\":\"pt-PT\",\"@id\":\"https:\\\/\\\/infocul.pt\\\/arquivo\\\/#\\\/schema\\\/logo\\\/image\\\/\",\"url\":\"https:\\\/\\\/infocul.pt\\\/arquivo\\\/wp-content\\\/uploads\\\/2018\\\/12\\\/Infocul_logo-1.png\",\"contentUrl\":\"https:\\\/\\\/infocul.pt\\\/arquivo\\\/wp-content\\\/uploads\\\/2018\\\/12\\\/Infocul_logo-1.png\",\"width\":800,\"height\":800,\"caption\":\"Infocul.pt\"},\"image\":{\"@id\":\"https:\\\/\\\/infocul.pt\\\/arquivo\\\/#\\\/schema\\\/logo\\\/image\\\/\"},\"sameAs\":[\"https:\\\/\\\/www.facebook.com\\\/Infocul-147816815585015\\\/\",\"https:\\\/\\\/x.com\\\/Infoculpt\",\"http:\\\/\\\/www.pictaram.com\\\/user\\\/infocul.pt\\\/2370423710\",\"https:\\\/\\\/www.youtube.com\\\/channel\\\/UCYEB91AGI9FL9ek2i_IaQAA\"]},{\"@type\":\"Person\",\"@id\":\"https:\\\/\\\/infocul.pt\\\/arquivo\\\/#\\\/schema\\\/person\\\/060a108d7f2d85fc6aae505119ee5234\",\"name\":\"Rui Lavrador\",\"image\":{\"@type\":\"ImageObject\",\"inLanguage\":\"pt-PT\",\"@id\":\"https:\\\/\\\/secure.gravatar.com\\\/avatar\\\/93febd6873394aa8e975148548a0cb203acfdd42d2c85c5f1408e1a76678aece?s=96&d=mm&r=g\",\"url\":\"https:\\\/\\\/secure.gravatar.com\\\/avatar\\\/93febd6873394aa8e975148548a0cb203acfdd42d2c85c5f1408e1a76678aece?s=96&d=mm&r=g\",\"contentUrl\":\"https:\\\/\\\/secure.gravatar.com\\\/avatar\\\/93febd6873394aa8e975148548a0cb203acfdd42d2c85c5f1408e1a76678aece?s=96&d=mm&r=g\",\"caption\":\"Rui Lavrador\"},\"description\":\"Iniciou em 2011 o seu percurso em comunica\u00e7\u00e3o social, tendo integrado v\u00e1rios projectos editoriais. Durante o seu percurso integrou projectos como Jornal Hardm\u00fasica, LusoNot\u00edcias, Toureio.pt, ODigital.pt, entre outros \u00d3rg\u00e3os de Comunica\u00e7\u00e3o Social nacionais, na redac\u00e7\u00e3o de v\u00e1rios artigos. Entrevistou a grande maioria das personalidades mais importantes da vida social e cultural do pa\u00eds, destacando-se, tamb\u00e9m, na aprecia\u00e7\u00e3o de v\u00e1rios espect\u00e1culos. Durante o seu percurso, deu a conhecer v\u00e1rios artistas, at\u00e9 ent\u00e3o desconhecidos, ao grande p\u00fablico. Em 2015 criou e fundou o Infocul.pt, projecto no qual assume a direc\u00e7\u00e3o editorial.\",\"sameAs\":[\"http:\\\/\\\/www.infocul.pt\"]}]}<\/script>\n<!-- \/ Yoast SEO plugin. -->","yoast_head_json":{"title":"Tina Cola\u00e7o edita disco 'Sil\u00eancio': \"Um trabalho independente\" | Infocul.pt - Arquivo Digital","description":"Tina Cola\u00e7o edita disco 'Sil\u00eancio': \"Um trabalho independente\" | Infocul.pt - Arquivo Digital","robots":{"index":"noindex","follow":"follow","max-snippet":"max-snippet:-1","max-image-preview":"max-image-preview:large","max-video-preview":"max-video-preview:-1"},"og_locale":"pt_PT","og_type":"article","og_title":"Tina Cola\u00e7o edita disco 'Sil\u00eancio': \"Um trabalho independente\" | Infocul.pt - Arquivo Digital","og_description":"Tina Cola\u00e7o edita disco 'Sil\u00eancio': \"Um trabalho independente\" | Infocul.pt - Arquivo Digital","og_url":"https:\/\/infocul.pt\/arquivo\/cultura\/tina-colaco-edita-disco-silencio-um-trabalho-independente\/","og_site_name":"Infocul.pt - Arquivo Digital","article_publisher":"https:\/\/www.facebook.com\/Infocul-147816815585015\/","article_published_time":"2020-08-01T13:27:11+00:00","og_image":[{"width":462,"height":462,"url":"https:\/\/infocul.pt\/arquivo\/wp-content\/uploads\/2020\/08\/tina4.png","type":"image\/png"}],"author":"Rui Lavrador","twitter_card":"summary_large_image","twitter_creator":"@Infoculpt","twitter_site":"@Infoculpt","twitter_misc":{"Escrito por":"Rui Lavrador","Tempo estimado de leitura":"5 minutos"},"schema":{"@context":"https:\/\/schema.org","@graph":[{"@type":"Article","@id":"https:\/\/infocul.pt\/arquivo\/cultura\/tina-colaco-edita-disco-silencio-um-trabalho-independente\/#article","isPartOf":{"@id":"https:\/\/infocul.pt\/arquivo\/cultura\/tina-colaco-edita-disco-silencio-um-trabalho-independente\/"},"author":{"name":"Rui Lavrador","@id":"https:\/\/infocul.pt\/arquivo\/#\/schema\/person\/060a108d7f2d85fc6aae505119ee5234"},"headline":"Tina Cola\u00e7o edita disco &#8216;Sil\u00eancio&#8217;: &#8220;Um trabalho independente&#8221;","datePublished":"2020-08-01T13:27:11+00:00","mainEntityOfPage":{"@id":"https:\/\/infocul.pt\/arquivo\/cultura\/tina-colaco-edita-disco-silencio-um-trabalho-independente\/"},"wordCount":1078,"commentCount":0,"publisher":{"@id":"https:\/\/infocul.pt\/arquivo\/#organization"},"image":{"@id":"https:\/\/infocul.pt\/arquivo\/cultura\/tina-colaco-edita-disco-silencio-um-trabalho-independente\/#primaryimage"},"thumbnailUrl":"https:\/\/infocul.pt\/arquivo\/wp-content\/uploads\/2020\/08\/tina4.png","keywords":["Marcelo Rebelo da Costa","Tina Cola\u00e7o"],"articleSection":["Cultura","Destaque","Discos","Entrevistas"],"inLanguage":"pt-PT"},{"@type":"WebPage","@id":"https:\/\/infocul.pt\/arquivo\/cultura\/tina-colaco-edita-disco-silencio-um-trabalho-independente\/","url":"https:\/\/infocul.pt\/arquivo\/cultura\/tina-colaco-edita-disco-silencio-um-trabalho-independente\/","name":"Tina Cola\u00e7o edita disco 'Sil\u00eancio': \"Um trabalho independente\" | Infocul.pt - Arquivo Digital","isPartOf":{"@id":"https:\/\/infocul.pt\/arquivo\/#website"},"primaryImageOfPage":{"@id":"https:\/\/infocul.pt\/arquivo\/cultura\/tina-colaco-edita-disco-silencio-um-trabalho-independente\/#primaryimage"},"image":{"@id":"https:\/\/infocul.pt\/arquivo\/cultura\/tina-colaco-edita-disco-silencio-um-trabalho-independente\/#primaryimage"},"thumbnailUrl":"https:\/\/infocul.pt\/arquivo\/wp-content\/uploads\/2020\/08\/tina4.png","datePublished":"2020-08-01T13:27:11+00:00","description":"Tina Cola\u00e7o edita disco 'Sil\u00eancio': \"Um trabalho independente\" | Infocul.pt - Arquivo Digital","breadcrumb":{"@id":"https:\/\/infocul.pt\/arquivo\/cultura\/tina-colaco-edita-disco-silencio-um-trabalho-independente\/#breadcrumb"},"inLanguage":"pt-PT","potentialAction":[{"@type":"ReadAction","target":["https:\/\/infocul.pt\/arquivo\/cultura\/tina-colaco-edita-disco-silencio-um-trabalho-independente\/"]}]},{"@type":"ImageObject","inLanguage":"pt-PT","@id":"https:\/\/infocul.pt\/arquivo\/cultura\/tina-colaco-edita-disco-silencio-um-trabalho-independente\/#primaryimage","url":"https:\/\/infocul.pt\/arquivo\/wp-content\/uploads\/2020\/08\/tina4.png","contentUrl":"https:\/\/infocul.pt\/arquivo\/wp-content\/uploads\/2020\/08\/tina4.png","width":462,"height":462},{"@type":"BreadcrumbList","@id":"https:\/\/infocul.pt\/arquivo\/cultura\/tina-colaco-edita-disco-silencio-um-trabalho-independente\/#breadcrumb","itemListElement":[{"@type":"ListItem","position":1,"name":"Home","item":"https:\/\/infocul.pt\/arquivo\/"},{"@type":"ListItem","position":2,"name":"Tina Cola\u00e7o edita disco &#8216;Sil\u00eancio&#8217;: &#8220;Um trabalho independente&#8221;"}]},{"@type":"WebSite","@id":"https:\/\/infocul.pt\/arquivo\/#website","url":"https:\/\/infocul.pt\/arquivo\/","name":"Infocul.pt - Arquivo Digital","description":"Arquivo digital da Infocul.pt","publisher":{"@id":"https:\/\/infocul.pt\/arquivo\/#organization"},"potentialAction":[{"@type":"SearchAction","target":{"@type":"EntryPoint","urlTemplate":"https:\/\/infocul.pt\/arquivo\/?s={search_term_string}"},"query-input":{"@type":"PropertyValueSpecification","valueRequired":true,"valueName":"search_term_string"}}],"inLanguage":"pt-PT"},{"@type":"Organization","@id":"https:\/\/infocul.pt\/arquivo\/#organization","name":"Infocul.pt","url":"https:\/\/infocul.pt\/arquivo\/","logo":{"@type":"ImageObject","inLanguage":"pt-PT","@id":"https:\/\/infocul.pt\/arquivo\/#\/schema\/logo\/image\/","url":"https:\/\/infocul.pt\/arquivo\/wp-content\/uploads\/2018\/12\/Infocul_logo-1.png","contentUrl":"https:\/\/infocul.pt\/arquivo\/wp-content\/uploads\/2018\/12\/Infocul_logo-1.png","width":800,"height":800,"caption":"Infocul.pt"},"image":{"@id":"https:\/\/infocul.pt\/arquivo\/#\/schema\/logo\/image\/"},"sameAs":["https:\/\/www.facebook.com\/Infocul-147816815585015\/","https:\/\/x.com\/Infoculpt","http:\/\/www.pictaram.com\/user\/infocul.pt\/2370423710","https:\/\/www.youtube.com\/channel\/UCYEB91AGI9FL9ek2i_IaQAA"]},{"@type":"Person","@id":"https:\/\/infocul.pt\/arquivo\/#\/schema\/person\/060a108d7f2d85fc6aae505119ee5234","name":"Rui Lavrador","image":{"@type":"ImageObject","inLanguage":"pt-PT","@id":"https:\/\/secure.gravatar.com\/avatar\/93febd6873394aa8e975148548a0cb203acfdd42d2c85c5f1408e1a76678aece?s=96&d=mm&r=g","url":"https:\/\/secure.gravatar.com\/avatar\/93febd6873394aa8e975148548a0cb203acfdd42d2c85c5f1408e1a76678aece?s=96&d=mm&r=g","contentUrl":"https:\/\/secure.gravatar.com\/avatar\/93febd6873394aa8e975148548a0cb203acfdd42d2c85c5f1408e1a76678aece?s=96&d=mm&r=g","caption":"Rui Lavrador"},"description":"Iniciou em 2011 o seu percurso em comunica\u00e7\u00e3o social, tendo integrado v\u00e1rios projectos editoriais. Durante o seu percurso integrou projectos como Jornal Hardm\u00fasica, LusoNot\u00edcias, Toureio.pt, ODigital.pt, entre outros \u00d3rg\u00e3os de Comunica\u00e7\u00e3o Social nacionais, na redac\u00e7\u00e3o de v\u00e1rios artigos. Entrevistou a grande maioria das personalidades mais importantes da vida social e cultural do pa\u00eds, destacando-se, tamb\u00e9m, na aprecia\u00e7\u00e3o de v\u00e1rios espect\u00e1culos. Durante o seu percurso, deu a conhecer v\u00e1rios artistas, at\u00e9 ent\u00e3o desconhecidos, ao grande p\u00fablico. Em 2015 criou e fundou o Infocul.pt, projecto no qual assume a direc\u00e7\u00e3o editorial.","sameAs":["http:\/\/www.infocul.pt"]}]}},"_links":{"self":[{"href":"https:\/\/infocul.pt\/arquivo\/wp-json\/wp\/v2\/posts\/78104","targetHints":{"allow":["GET"]}}],"collection":[{"href":"https:\/\/infocul.pt\/arquivo\/wp-json\/wp\/v2\/posts"}],"about":[{"href":"https:\/\/infocul.pt\/arquivo\/wp-json\/wp\/v2\/types\/post"}],"author":[{"embeddable":true,"href":"https:\/\/infocul.pt\/arquivo\/wp-json\/wp\/v2\/users\/2"}],"replies":[{"embeddable":true,"href":"https:\/\/infocul.pt\/arquivo\/wp-json\/wp\/v2\/comments?post=78104"}],"version-history":[{"count":0,"href":"https:\/\/infocul.pt\/arquivo\/wp-json\/wp\/v2\/posts\/78104\/revisions"}],"wp:featuredmedia":[{"embeddable":true,"href":"https:\/\/infocul.pt\/arquivo\/wp-json\/wp\/v2\/media\/78105"}],"wp:attachment":[{"href":"https:\/\/infocul.pt\/arquivo\/wp-json\/wp\/v2\/media?parent=78104"}],"wp:term":[{"taxonomy":"category","embeddable":true,"href":"https:\/\/infocul.pt\/arquivo\/wp-json\/wp\/v2\/categories?post=78104"},{"taxonomy":"post_tag","embeddable":true,"href":"https:\/\/infocul.pt\/arquivo\/wp-json\/wp\/v2\/tags?post=78104"}],"curies":[{"name":"wp","href":"https:\/\/api.w.org\/{rel}","templated":true}]}}