{"id":78747,"date":"2020-08-12T11:16:43","date_gmt":"2020-08-12T10:16:43","guid":{"rendered":"https:\/\/infocul.pt\/?p=78747"},"modified":"2020-08-12T11:16:43","modified_gmt":"2020-08-12T10:16:43","slug":"a-nao-perder-festival-politica-comeca-amanha-e-com-programacao-de-excelencia","status":"publish","type":"post","link":"https:\/\/infocul.pt\/arquivo\/cultura\/a-nao-perder-festival-politica-comeca-amanha-e-com-programacao-de-excelencia\/","title":{"rendered":"A n\u00e3o perder: Festival Pol\u00edtica come\u00e7a amanh\u00e3 e com programa\u00e7\u00e3o de excel\u00eancia!"},"content":{"rendered":"<p><img decoding=\"async\" class=\"aligncenter wp-image-78748 size-full lazyload\" data-src=\"https:\/\/infocul.pt\/arquivo\/wp-content\/uploads\/2020\/08\/Screenshot_2020-07-20_at_17.28.32.png\" alt=\"\" width=\"830\" height=\"450\" data-srcset=\"https:\/\/infocul.pt\/arquivo\/wp-content\/uploads\/2020\/08\/Screenshot_2020-07-20_at_17.28.32.png 830w, https:\/\/infocul.pt\/arquivo\/wp-content\/uploads\/2020\/08\/Screenshot_2020-07-20_at_17.28.32-300x163.png 300w, https:\/\/infocul.pt\/arquivo\/wp-content\/uploads\/2020\/08\/Screenshot_2020-07-20_at_17.28.32-768x416.png 768w\" data-sizes=\"(max-width: 830px) 100vw, 830px\" src=\"data:image\/svg+xml;base64,PHN2ZyB3aWR0aD0iMSIgaGVpZ2h0PSIxIiB4bWxucz0iaHR0cDovL3d3dy53My5vcmcvMjAwMC9zdmciPjwvc3ZnPg==\" style=\"--smush-placeholder-width: 830px; --smush-placeholder-aspect-ratio: 830\/450;\" \/><\/p>\n<p>De 13 a 16 de Agosto, o Cinema S\u00e3o Jorge, em Lisboa, recebe o Festival Pol\u00edtica, que contar\u00e1 na programa\u00e7\u00e3o com debates, filmes, performances, m\u00fasica e humor, com a tem\u00e1tica do Ambiente como eixo central.<!--more--><\/p>\n<p>&nbsp;<\/p>\n<p>O Infocul conversou com Rui Oliveira Marques, que assume a direc\u00e7\u00e3o art\u00edstica do evento com B\u00e1rbara Rosa, sobre a edi\u00e7\u00e3o deste ano e o que diferencia este evento.<\/p>\n<p>\u201c<em><strong>Em termos de programa\u00e7\u00e3o, destaco no cinema, entre os 17 filmes, os document\u00e1rios que nos chegam de geografias t\u00e3o distantes como as Ilhas Salom\u00e3o, Argentina e Brasil e que nos trazem um retrato dos desafios impostos pelas altera\u00e7\u00f5es clim\u00e1ticas e pela destrui\u00e7\u00e3o do meio natural<\/strong><\/em>\u201d, come\u00e7ou por nos dizer, ressalvando que \u201c<em><strong>vamos tamb\u00e9m apresentar os vencedores a \u00faltima edi\u00e7\u00e3o dos Green Film Network Awards e do Cine Eco de Seia. Por sermos um festival com foco nos direitos humanos, temos v\u00e1rios filmes que abordam o racismo, discrimina\u00e7\u00f5es e a imigra\u00e7\u00e3o<\/strong><\/em>\u201d.<\/p>\n<p>Sensivelmente Idiota \u00e9 tamb\u00e9m outras das actrac\u00e7\u00f5es program\u00e1ticas, como nos referiu: \u201c<em><strong>Noutro registo, destaco tamb\u00e9m o espet\u00e1culo de humor de Diogo Faro que nos vai trazer a sua vis\u00e3o do mundo actual<\/strong><\/em>\u201d.<\/p>\n<p>Rui Oliveira Marques acrescentou ainda que \u201c<em><strong>a prop\u00f3sito do Brasil como pa\u00eds-tema do festival, temos v\u00e1rios momentos com artistas brasileiros, como o concerto dos Venga Venga, o espect\u00e1culo de poesia e m\u00fasica Sarav\u00e1 Palavr\u00e1 e o momento mais ousado da nossa programa\u00e7\u00e3o, a performance Beleza como Vingan\u00e7a, da dupla Tita Maravilha e Cigarra<\/strong><\/em>\u201d.<\/p>\n<p>\u201c<em><strong>O Festival Pol\u00edtica ocupa tr\u00eas salas do Cinema S\u00e3o Jorge, o que permite que haja bilhetes e lugares marcados em todas as actividades, garantindo a dist\u00e2ncia f\u00edsica, o uso de m\u00e1scara e a seguran\u00e7a de todos os participantes. Sabemos que as pessoas est\u00e3o com vontade de voltar a ir ao cinema, de ver espect\u00e1culos e exposi\u00e7\u00f5es. Por isso, estamos confiantes de que as pessoas se v\u00e3o sentir bem<\/strong><\/em>\u201d, disse-nos, de modo a transmitir seguran\u00e7a a todo o p\u00fablico que v\u00e1 ao evento.<\/p>\n<p>A pandemia obrigou a ajustes na programa\u00e7\u00e3o, at\u00e9 porque \u201c<em><strong>t\u00ednhamos a programa\u00e7\u00e3o do festival pronta para que decorresse na v\u00e9spera do 25 de Abril, como acontece todos os anos.\u00a0 Agora em Agosto, em termos de programa\u00e7\u00e3o, tivemos de fazer alguns ajustes para n\u00e3o termos actividades, como era o caso dos workshops ou das visitas guiadas, que implicavam movimenta\u00e7\u00e3o de p\u00fablico<\/strong><\/em>\u201d, explicou.<\/p>\n<p>&nbsp;<\/p>\n<p style=\"text-align: center;\"><span style=\"color: #0000ff;\"><strong>Abaixo deixamos a programa\u00e7\u00e3o completa do Festival Pol\u00edtica 2020:<\/strong><\/span><\/p>\n<p><strong>\u00a0<\/strong><\/p>\n<p><strong>\u00a0<\/strong><\/p>\n<p><strong>FESTIVAL POL\u00cdTICA 2020<\/p>\n<p><\/strong><\/p>\n<p><strong>13 A 16 DE AGOSTO<\/strong><\/p>\n<p><strong>CINEMA S\u00c3O JORGE &#8211; LISBOA<\/strong><\/p>\n<p>&nbsp;<\/p>\n<p>O Festival Pol\u00edtica regressa ao Cinema S\u00e3o Jorge no m\u00eas de\u00a0Agosto, abrindo a programa\u00e7\u00e3o do Lisboa na Rua.<\/p>\n<p>&nbsp;<\/p>\n<p>A programa\u00e7\u00e3o deste ano inclui debates, filmes, performances, m\u00fasica e humor tendo o Ambiente como tema central.<\/p>\n<p>&nbsp;<\/p>\n<p>Com as altera\u00e7\u00f5es\u00a0clim\u00e1ticas\u00a0no centro das reivindica\u00e7\u00f5es dos mais jovens e com os poderes p\u00fablicos e econ\u00f3micos cada vez mais pressionados para mudarem as suas pol\u00edticas em prol de um desenvolvimento mais sustent\u00e1vel, o festival dar\u00e1 especial aten\u00e7\u00e3o ao papel dos cidad\u00e3os como agente transformador, sem ignorar o impacto que a pandemia da covid-19 est\u00e1 a ter em todo o mundo.<\/p>\n<p>&nbsp;<\/p>\n<p>Em 2020 o festival ter\u00e1 pela primeira vez a figura do pa\u00eds-foco, que ser\u00e1 o Brasil, e que estar\u00e1 em destaque em v\u00e1rios momentos da programa\u00e7\u00e3o.<\/p>\n<p>&nbsp;<\/p>\n<p><strong>PROGRAMA<\/strong><\/p>\n<p>&nbsp;<\/p>\n<p><strong><u>13 AGOSTO &#8211; Quinta-feira<\/u><\/strong><\/p>\n<p>&nbsp;<\/p>\n<p><strong>18h00<\/strong><\/p>\n<p>Sala Manoel de Oliveira<\/p>\n<p>\u201c<strong>A EXPLORA\u00c7\u00c3O DA GENTE PARA A EXPLORA\u00c7\u00c3O DA TERRA&#8221;<\/strong><\/p>\n<p><strong>[DEBATE]<\/strong><\/p>\n<p>Cerca de 40 milh\u00f5es de pessoas em todo o mundo. 26 mil em Portugal. A necessidade de m\u00e3o de obra intensiva leva um mundo de gente aos campos. Em busca de uma vida melhor, milhares de imigrantes sujeitam-se a trabalhos for\u00e7ados, \u00e0 explora\u00e7\u00e3o, t\u00e3o intensiva como as culturas que fazem crescer.\u00a0Que terra ficar\u00e1 para as gera\u00e7\u00f5es futuras? A que custo?<\/p>\n<p><strong>Participantes:\u00a0<\/strong><\/p>\n<p><strong>Modera\u00e7\u00e3o: <\/strong>Fuma\u00e7a<\/p>\n<p>Com int\u00e9rprete de L\u00edngua Gestual Portuguesa<\/p>\n<p>&nbsp;<\/p>\n<p><strong>19h00<\/strong><\/p>\n<p>Sala 2<\/p>\n<p><strong>\u201cSEMBA VERSUS PETR\u00d3LEO\u201d<\/strong><\/p>\n<p><strong>[OFICINA \/PERFORMANCE]<\/strong><\/p>\n<p>Angola est\u00e1 a passar por uma crise, em parte provocada pela baixa do pre\u00e7o do petr\u00f3leo seu principal bem de exporta\u00e7\u00e3o. O semba, g\u00e9nero de m\u00fasica de dan\u00e7a angolano ajudou a construir o estado na\u00e7\u00e3o, entra agora em processo de patrimonializa\u00e7\u00e3o ao abrigo das diretivas da conven\u00e7\u00e3o do patrim\u00f3nio cultural imaterial da UNESCO 2003. Que patrim\u00f3nio ser\u00e1 mais sustent\u00e1vel para o futuro de Angola?<\/p>\n<p><strong>Participantes: <\/strong>Andr\u00e9 Soares (jornalista\/antrop\u00f3logo\/investigador), Galiano Neto (percussionista e compositor) e Chalo Correia (guitarrista e compositor).<\/p>\n<p>Com int\u00e9rprete de L\u00edngua Gestual Portuguesa.<\/p>\n<p>&nbsp;<\/p>\n<p><strong>21h30<\/strong><\/p>\n<p><strong>\u201cVENCEDORES DOS GREEN FILM NETWORK AWARDS\u201d<\/strong><\/p>\n<p><strong>[CINEMA]<\/strong><\/p>\n<p>&nbsp;<\/p>\n<p><strong>&#8220;Mundo Perdido&#8221; (\u201cLost World\u201d)<\/strong>, de Kalyanee Mam, 16\u2019 (EUA)<\/p>\n<p>Enquanto Singapura retira areia das florestas de mangue do Camboja, a amea\u00e7a de extin\u00e7\u00e3o paira sobre um ecossistema, um modo de vida comunit\u00e1rio e o relacionamento de uma mulher com o seu lar.<\/p>\n<p>&nbsp;<\/p>\n<p><strong>\u201cFrota Fantasma\u201d <\/strong>(\u201cGhost Fleet&#8221;), de Shannon Service e Jeffrey Waldron, 90\u2019 (EUA)<\/p>\n<p>A Frota Fantasma segue um pequeno grupo de ativistas que arriscam as suas vidas nas remotas ilhas da Indon\u00e9sia para encontrar justi\u00e7a e liberdade para os pescadores escravizados que alimentam o apetite insaci\u00e1vel do mundo por frutos do mar. Patima Tungpuchayakul, abolicionista tailandesa, comprometeu a sua vida a ajudar esses homens \u201cperdidos\u201d a voltar para casa. Diante de doen\u00e7as, amea\u00e7as de morte, corrup\u00e7\u00e3o e complac\u00eancia, a destemida determina\u00e7\u00e3o de Patima pela justi\u00e7a inspira a sua na\u00e7\u00e3o e o mundo.<\/p>\n<p>Parceria: Extens\u00e3o Festival CineEco<\/p>\n<p>Sala 3<\/p>\n<p>&nbsp;<\/p>\n<p><strong><u>14 AGOSTO &#8211; Sexta-feira<\/u><\/strong><\/p>\n<p>&nbsp;<\/p>\n<p><strong>18h00<\/strong><\/p>\n<p>Sala Manoel de Oliveira<\/p>\n<p><strong>\u201cO AMBIENTE PERGUNTA\u201d<\/strong><\/p>\n<p><strong>[DEBATE]<\/strong><\/p>\n<p>Cidad\u00e3os s\u00e3o convidados a posicionarem-se perante os v\u00e1rios desafios das altera\u00e7\u00f5es clim\u00e1ticas em conversa aberta no jardim. O debate \u00e9 com todos e para todos.<\/p>\n<p><strong>Participantes:<\/strong><\/p>\n<p><strong>Modera\u00e7\u00e3o:<\/strong> Andr\u00e9 Soares;<\/p>\n<p><strong>Dinamiza\u00e7\u00e3o:<\/strong> embaixadores\/as do Festival Pol\u00edtica.<\/p>\n<p>Com int\u00e9rprete de L\u00edngua Gestual Portuguesa.<\/p>\n<p>&nbsp;<\/p>\n<p><strong>19h00<\/strong><\/p>\n<p>Sala 2<\/p>\n<p><strong>\u201cSARAV\u00c1 PALAVR\u00c1\u201d<\/strong><\/p>\n<p><strong>[PERFORMANCE]<\/strong><\/p>\n<p>Uma performance imersiva e um ritual \u2018palavro-espiritual\u2019 com a for\u00e7a r\u00edtmica do candombl\u00e9 e a beleza da palavra falada. Uma homenagem po\u00e9tica \u00e0 cultura oral africana e \u00e0 riqueza sonora da l\u00edngua portuguesa. No mesmo espa\u00e7o o p\u00fablico, o actor-performer, o batuque afro e a express\u00e3o r\u00edtmica do corpo transformam um conjunto de manifesta\u00e7\u00f5es culturais de origem afro-brasileiras numa experi\u00eancia po\u00e9tica, com o car\u00e1ter exclusivo de um ritual c\u00e9nico multidisciplinar cruzando as linguagens da palavra, da m\u00fasica e da dan\u00e7a.<\/p>\n<p><strong>Com: <\/strong>Viton Ara\u00fajo e Andr\u00e9 Dez<\/p>\n<p>Com int\u00e9rprete de L\u00edngua Gestual Portuguesa.<\/p>\n<p>&nbsp;<\/p>\n<p><strong>21h30<\/strong><\/p>\n<p>Sala 3<\/p>\n<p><strong>SESS\u00c3O OLHAR PORTUGAL E O MUNDO<\/strong><\/p>\n<p><strong>[CINEMA]<\/strong><\/p>\n<p>&nbsp;<\/p>\n<p><strong>\u201cSea Shepherd\u201d<\/strong>, D\u00e9bora Mendes e Mariana Soares, 5&#8242; (Portugal)<\/p>\n<p>Uma rapariga serve peixe num restaurante at\u00e9 que este se esgote.<\/p>\n<p>&nbsp;<\/p>\n<p><strong>\u201cMayday\u201d<\/strong>, de Miguel Gaspar, 7&#8242; (Portugal)<\/p>\n<p>Mediterr\u00e2neo &#8211; um mar ou um cemit\u00e9rio? A partir do relato de um volunt\u00e1rio portugu\u00eas que realizou<\/p>\n<p>miss\u00f5es de resgate mar\u00edtimo a bordo de um navio de uma ONG alem\u00e3 durante a atual crise de<\/p>\n<p>refugiados no Mediterr\u00e2neo, \u201cMayday\u201d constr\u00f3i uma narrativa visual, criando espa\u00e7o para uma<\/p>\n<p>reflex\u00e3o sobre o drama desta quest\u00e3o humanit\u00e1ria.<\/p>\n<p>&nbsp;<\/p>\n<p><strong>\u201cMy Hero\u201d<\/strong>, de Danial Shah, 11&#8242; (Portugal)<\/p>\n<p>Muhammad Irshad, 42 anos, deixou uma carreira banc\u00e1ria no Paquist\u00e3o e emigrou para Portugal<\/p>\n<p>para proporcionar um futuro melhor ao seu filho Zeelain, de 12 anos. O filme explora as lutas da<\/p>\n<p>vida quotidiana de um imigrante cujo filho \u00e9 o seu principal pilar e meio de integra\u00e7\u00e3o.<\/p>\n<p>&nbsp;<\/p>\n<p><strong>\u201cWe are Nature\u201d<\/strong>, Jo\u00e3o Meirinhos, 5&#8242; (Portugal)<\/p>\n<p>A Mong\u00f3lia \u00e9 um exemplo dr\u00e1stico dos perigos da desertifica\u00e7\u00e3o e da redu\u00e7\u00e3o das temperaturas<\/p>\n<p>durante o inverno, que for\u00e7am a popula\u00e7\u00e3o local a abandonar seu estilo de vida n\u00f3mada tradicional e a mudar-se para uma capital problem\u00e1tica e polu\u00edda. \u00c9 usada a t\u00e9cnica do timelapse como tentativa de transmitir uma mensagem de urg\u00eancia global e, simultaneamente, um apelo \u00e0 participa\u00e7\u00e3o social e perseveran\u00e7a em rela\u00e7\u00e3o \u00e0 responsabilidade compartilhada no nosso habitat.<\/p>\n<p>&nbsp;<\/p>\n<p><strong>\u201cEu n\u00e3o sou Pilatus\u201d<\/strong>, de Welket Bungu\u00e9 11&#8242; (Portugal)<\/p>\n<p>Isto \u00e9 um manifesto. Para n\u00f3s, entende-se perfeitamente. Este \u00e9 o Estado em que nos torn\u00e1mos. No entanto, queremos que os direitos civis sejam respeitados, mas continuamos a manifestar uma esp\u00e9cie de sentimento pelo outro aparentemente inusitado e distante.<\/p>\n<p>&nbsp;<\/p>\n<p><strong>\u201cNegrum3\u201d<\/strong>, de Diego Paulino, 20\u2019 (Brasil)<\/p>\n<p>Prop\u00f5e um mergulho na caminhada de jovens negros da cidade de S\u00e3o Paulo. Um ensaio sobre negritude, identidade sexual e aspira\u00e7\u00f5es espaciais dos filhos da di\u00e1spora. Este ser\u00e1 um ponto de partida para questionar o tema da visibilidade da popula\u00e7\u00e3o LGBTI negra em Portugal.<\/p>\n<p>&nbsp;<\/p>\n<p><strong>22h30<\/strong><\/p>\n<p>Sala 2<\/p>\n<p><strong>VENGA VENGA<\/strong><\/p>\n<p><strong>[CONCERTO\/PERFORMANCE]<\/strong><\/p>\n<p>Projecto de Denny Azevedo e Ricardo Don. No cen\u00e1rio cultural do Brasil s\u00e3o conhecidos como<\/p>\n<p>agitadores culturais envolvendo-se, dinamizado e organizando v\u00e1rias atividades que refletem as quest\u00f5es raciais e da discrimina\u00e7\u00e3o. Residentes em Lisboa, rapidamente se envolveram com a nova cena musical da capital lisboeta onde t\u00eam uma resid\u00eancia mensal num dos clubs mais ic\u00f3nicos da cidade, o Musicbox. Em 2019 marcaram presen\u00e7a no MaMA Festival&amp;Convention, em Paris, integrados na representa\u00e7\u00e3o oficial de Portugal como Country Focus do Festival.<\/p>\n<p>&nbsp;<\/p>\n<p><strong><u>15 AGOSTO &#8211; S\u00e1bado<\/u><\/strong><\/p>\n<p>&nbsp;<\/p>\n<p><strong>18h00<\/strong><\/p>\n<p>Sala 2<\/p>\n<p><strong>\u201cO QUE SE PASSA COM O BRASIL?\u201d<\/strong><\/p>\n<p><strong>[DEBATE]<\/strong><\/p>\n<p>Brasileiros a viver em Lisboa, das \u00e1reas da cultura, direitos humanos, jornalismo e ambiente, partilham as suas vis\u00f5es sobre o estado aCtual do Brasil.<\/p>\n<p><strong>Participantes:<\/strong> Diego Candido (mestre em Comunica\u00e7\u00e3o, Cultura e Tecnologia no ISCTE-IUL, especialista jur\u00eddico e DJ), Lidiane de Carvalho (advogada, investigadora em Direito do Ambiente e doutoranda em Democracia no S\u00e9culo XXI pelo CES &#8211; UC) e Lucas Rohan (jornalista e doutorando em Comunica\u00e7\u00e3o na Universidade Nova de Lisboa).<\/p>\n<p>Com int\u00e9rprete de L\u00cdngua Gestual Portuguesa<\/p>\n<p>&nbsp;<\/p>\n<p><strong>19h\u00a0<\/strong><\/p>\n<p>SALA 3<\/p>\n<p><strong>SESS\u00c3O BRASIL &#8211; <\/strong>Parceria: Segunda Segunda<\/p>\n<p><strong>[CINEMA]<\/strong><\/p>\n<p>&nbsp;<\/p>\n<p><strong>&#8220;C\u00e2mera, t\u00e1 ok&#8221;<\/strong>, de Nathalia Oliveira<\/p>\n<p>Document\u00e1rio sobre a censura do cinema brasileiro no governo Bolsonaro<\/p>\n<p>&nbsp;<\/p>\n<p><strong>&#8220;Reexistir&#8221;<\/strong>, de Gabriela Lima<\/p>\n<p>Fic\u00e7\u00e3o sobre uma distopia em que um regime militar \u00e9 instaurado e mulheres presas s\u00e3o torturadas)<\/p>\n<p>&nbsp;<\/p>\n<p><strong>&#8220;Todos n\u00f3s moramos na rua&#8221;<\/strong>, de Marcus Antonius Melo<\/p>\n<p>Document\u00e1rio sobre moradores de rua na cidade de Fortaleza\/Cear\u00e1)<\/p>\n<p>&nbsp;<\/p>\n<p><strong>&#8220;Iarinhas&#8221;<\/strong>, de Pedro Serrano<\/p>\n<p>Videoclipe da cantora Luiza Lian sobre os rios de grandes cidades como S\u00e3o Paulo que sofreram<\/p>\n<p>transforma\u00e7\u00f5es e foram canalizados, o que gera in\u00fameras enchentes quando chove.<\/p>\n<p>&nbsp;<\/p>\n<p><strong>\u201cEspelho\u201d,<\/strong> de Josi Lopes<\/p>\n<p>Videoclipe para refletir as ra+izes negras no Brasil, o movimento afrofuturista e o impacto em Portugal.<\/p>\n<p>&nbsp;<\/p>\n<p><strong>\u201cA\u00e7\u00facar&#8221;<\/strong>, de Her\u00e1clito Lima e Danilo Godoy<\/p>\n<p>Document\u00e1rio\/ensaio po\u00e9tico sobre imigra\u00e7\u00e3o brasileira em Lisboa, arte, processos criativos, gentrifica\u00e7\u00e3o, despejo e abandono de espa\u00e7os.<\/p>\n<p>&nbsp;<\/p>\n<p>&nbsp;<\/p>\n<p><strong>21h30<\/strong><\/p>\n<p>SALA MANOEL DE OLIVEIRA<\/p>\n<p><strong>\u201cO MUNDO SEGUNDO DIOGO FARO\u201d<\/strong><\/p>\n<p><strong>[ESPECT\u00c1CULO]<\/strong><\/p>\n<p>Diogo Faro, tamb\u00e9m conhecido como o Sensivelmente Idiota, a solo para nos falar sobre o estado do mundo: dos direitos humanos ao ambiente, passando pelas discrimina\u00e7\u00f5es e preconceito. H\u00e1 raz\u00f5es para optimismo?<\/p>\n<p>Com interprete de L\u00edngua Gestual Portuguesa<\/p>\n<p>&nbsp;<\/p>\n<p><strong>23h00<\/strong><\/p>\n<p>Sala 2<\/p>\n<p><strong>\u201cBELEZA COMO VINGAN\u00c7A\u201d\u00a0<\/strong><\/p>\n<p><strong>[PERFORMANCE]<\/strong><\/p>\n<p>Numa proposta h\u00edbrida e sensual, a dupla brasileira Tita Maravilha e Cigarra traz um live act cheio de ru\u00eddos e apelos cremosos. Corpos urgentes de mulheridades marginais e f\u00faria travesti. Viol\u00eancia como linguagem, beleza como vingan\u00e7a.<\/p>\n<p>&nbsp;<\/p>\n<p><strong><u>16 AGOSTO &#8211; Domingo<\/u><\/strong><\/p>\n<p>&nbsp;<\/p>\n<p><strong>19h00<\/strong><\/p>\n<p>Sala 3<\/p>\n<p><strong>Sess\u00e3o Ativistas<\/strong><\/p>\n<p><strong>[CINEMA]<\/strong><\/p>\n<p>&nbsp;<\/p>\n<p><strong>\u201cAllen, sacrifice zone\u201d<\/strong>, de Alejo Estrabou, 15&#8242; (Argentina)<\/p>\n<p>Allen \u00e9 uma cidade do Rio Negro, na Patag\u00f3nia, com uma economia secular ligada \u00e0 fruticultura, sendo o maior exportador de p\u00earas do pa\u00eds. Em 2013, a \u00e1rea come\u00e7ou a ser palco de fracking, ou fraturamento hidr\u00e1ulico, uma t\u00e9cnica de explora\u00e7\u00e3o de g\u00e1s com consequ\u00eancias irrevers\u00edveis na contamina\u00e7\u00e3o de \u00e1gua, alimentos e pessoas. Habitantes e vizinhos opuseram-se e obtiveram uma ordem judicial contra o fracking que foi revogada volvidos tr\u00eas meses pelo tribunal superior do Rio Negro. Desde ent\u00e3o, foram instalados mais de 160 po\u00e7os na \u00e1rea, poluindo a \u00e1gua, o ar e a terra, acarretando o fim de um modelo de desenvolvimento sustent\u00e1vel por um modelo extrativista destrutivo para o meio ambiente e a sa\u00fade da popula\u00e7\u00e3o. Rio Negro \u00e9 transformado em uma zona de sacrif\u00edcio. Consci\u00eancia e organiza\u00e7\u00e3o coletiva s\u00e3o a \u00fanica maneira de mudar esse destino.<\/p>\n<p>&nbsp;<\/p>\n<p><strong>\u201cWantoks: Dance of Resilience in Melanesia\u201d<\/strong>, de Iara Lee, 20&#8242;<\/p>\n<p>Em 2018, as Ilhas Salom\u00e3o, no Pac\u00edfico Sul, receberam o Festival de Arte e Cultura da Melan\u00e9sia, para celebrar os 40 anos de independ\u00eancia do local. Nos estados insulares vizinhos, a luta pela liberdade continua, pois a Papua Ocidental resiste \u00e0 ocupa\u00e7\u00e3o indon\u00e9sia e os moradores da Nova Caled\u00f3nia vivem sob o dom\u00ednio franc\u00eas. Em todos os pa\u00edses da Melan\u00e9sia, os moradores enfrentam o desafio comum das mudan\u00e7as clim\u00e1ticas, pois a subida do n\u00edvel do mar amea\u00e7a engolir a terra e a tradi\u00e7\u00e3o. Neste tr\u00e1gico contexto, os artistas locais usam os seus talentos para celebrar a sua cultura e chamar a aten\u00e7\u00e3o internacional para a situa\u00e7\u00e3o das suas ilhas, com a esperan\u00e7a de estimular a solidariedade internacional e promover ac\u00e7\u00f5es colectivas contra os perigos de um mundo em aquecimento.<\/p>\n<p>&nbsp;<\/p>\n<p><strong>\u201cIlham Tohti\u201d, de Yuaxue Cao e Wo Wong, 32\u2019<\/strong> &#8211; document\u00e1rio sobre o vencedor do Pr\u00e9mio Sakharov 2019<\/p>\n<p>Document\u00e1rio sobre o vencedor do Pr\u00e9mio Sakharov 2019 \u2013 Parlamento Europeu. Ilham Tohti \u00e9 um conhecido defensor uigure dos direitos humanos, professor de economia e defensor dos direitos da minoria uigure chinesa. Durante mais de duas d\u00e9cadas trabalhou incansavelmente para promover o di\u00e1logo e a compreens\u00e3o entre uigures e outros chineses. Como consequ\u00eancia do seu ativismo, em setembro de 2014, foi condenado pela justi\u00e7a chinesa a uma pena de pris\u00e3o perp\u00e9tua ap\u00f3s um julgamento-fantoche de dois dias. Apesar da repress\u00e3o sofrida, continua a ser uma voz da modera\u00e7\u00e3o e da reconcilia\u00e7\u00e3o. Filme exibido em parceria com Gabinete do Parlamento Europeu em Portugal.<\/p>\n<p>&nbsp;<\/p>\n<p><strong>21h30<\/strong><\/p>\n<p>Sala Manoel de Oliveira<\/p>\n<p><strong>SESS\u00c3O DE ENCERRAMENTO &#8211; GRANDE PR\u00c9MIO AMBIENTE CINEECO 2020<\/strong><\/p>\n<p>Parceria: Extens\u00e3o Festival CineEco<\/p>\n<p>&nbsp;<\/p>\n<p><strong>\u201cInjusti\u00e7a\u201d<\/strong> (Grit), Cynthia Wade &amp; Sasha Friedlander, 80\u2019 (EUA\/Indon\u00e9sia\/Dinamarca)<\/p>\n<p>Quando Dian tinha seis anos de idade, ela ouviu um estrondo profundo e virou-se para ver um tsunami de lama que vinha em direc\u00e7\u00e3o a sua aldeia. A sua m\u00e3e pegou nela para a salvar da lama fervilhante. Os vizinhos correram para salvar as suas vidas. Dezesseis aldeias, incluindo as de Dian, foram varridas para sempre, enterradas sob 18 metros de lama. Uma ao fim de uma d\u00e9cada, 60.000 pessoas tinham sido deslocadas daquela que antes era uma \u00e1rea industrial e residencial em Java Oriental. Dezenas de f\u00e1bricas, escolas e mesquitas est\u00e3o completamente submersas sob uma paisagem lunar de lodo e areia. A causa? A Lapindo, uma empresa indon\u00e9sia que explora g\u00e1s natural.<\/p>\n<p>&nbsp;<\/p>\n<p><strong><u>EM PERMAN\u00caNCIA DURANTE O FESTIVAL<\/u><\/strong><\/p>\n<p>&nbsp;<\/p>\n<p><strong>\u201c2050\u201d<\/strong><\/p>\n<p><strong>Exposi\u00e7\u00e3o de Carolina Maria<\/strong><br \/>\nV\u00e1rios estudos sobre o planeta e as altera\u00e7\u00f5es clim\u00e1ticas prev\u00eaem que em 2050 viveremos sob condi\u00e7\u00f5es extremas, num cen\u00e1rio in\u00e9dito. Como ser\u00e1 a nossa alimenta\u00e7\u00e3o em 2050?\u00a0 Que tipo de produtos consumiremos? De que ser\u00e1 feita a nossa gastronomia? Esta exposi\u00e7\u00e3o \u00e9 um del\u00edrio ilustrado sobre a comida do futuro&#8230; e sobre o resto. \u201c2050\u201d foi originalmente criada para integrar um ciclo de exposi\u00e7\u00f5es com o tema \u201cGastronomia e o Resto\u201d, a convite do Museu Quinta da Cruz em Viseu. Reflete sobre um futuro dist\u00f3pico e atroz.<\/p>\n<p>&nbsp;<\/p>\n<p><strong>Ficha T\u00e9cnica<\/strong><\/p>\n<p>&nbsp;<\/p>\n<p><strong>Autores:<\/strong> Associa\u00e7\u00e3o Isonomia<\/p>\n<p>&nbsp;<\/p>\n<p><strong>Direc\u00e7\u00e3o art\u00edstica: <\/strong>B\u00e1rbara Rosa e Rui Oliveira Marques<\/p>\n<p>&nbsp;<\/p>\n<p><strong>Co-Produ\u00e7\u00e3o: <\/strong>EGEAC e Produtores Associados<\/p>\n<p>&nbsp;<\/p>\n<p><strong>Parceiros Institucionais:<\/strong><\/p>\n<ul>\n<li>Gabinete do Parlamento Europeu em\u00a0Portugal<\/li>\n<li>Secretaria de Estado da Juventude e do Desporto<\/li>\n<li>Instituto Portugu\u00eas do Desporto e Juventude<\/li>\n<li>Secretaria de Estado da Cidadania e Igualdade<\/li>\n<li>Cine Eco\/Munic\u00edpio de Seia<\/li>\n<\/ul>\n<p>&nbsp;<\/p>\n<p><strong>Televis\u00e3o Oficial: <\/strong>RTP<\/p>\n<p>&nbsp;<\/p>\n<p><strong>Apoios:<\/strong> FCB Lisboa, Bro,\u00a0 Segunda Segunda, this is ground control<\/p>\n<p>&nbsp;<\/p>\n","protected":false},"excerpt":{"rendered":"<p>De 13 a 16 de Agosto, o Cinema S\u00e3o Jorge, em Lisboa, recebe o Festival Pol\u00edtica, que contar\u00e1 na programa\u00e7\u00e3o com debates, filmes, performances, m\u00fasica e humor, com a tem\u00e1tica do Ambiente como eixo central.<\/p>\n","protected":false},"author":2,"featured_media":78748,"comment_status":"open","ping_status":"closed","sticky":false,"template":"","format":"standard","meta":{"footnotes":""},"categories":[2,36,4124,9],"tags":[],"class_list":["post-78747","post","type-post","status-publish","format-standard","has-post-thumbnail","hentry","category-cultura","category-destaque","category-entrevistas","category-outros"],"yoast_head":"<!-- This site is optimized with the Yoast SEO plugin v27.4 - https:\/\/yoast.com\/product\/yoast-seo-wordpress\/ -->\n<title>A n\u00e3o perder: Festival Pol\u00edtica come\u00e7a amanh\u00e3 e com programa\u00e7\u00e3o de excel\u00eancia! | Infocul.pt - Arquivo Digital<\/title>\n<meta name=\"description\" content=\"A n\u00e3o perder: Festival Pol\u00edtica come\u00e7a amanh\u00e3 e com programa\u00e7\u00e3o de excel\u00eancia! | Infocul.pt - Arquivo Digital\" \/>\n<meta name=\"robots\" content=\"noindex, follow, max-snippet:-1, max-image-preview:large, max-video-preview:-1\" \/>\n<meta property=\"og:locale\" content=\"pt_PT\" \/>\n<meta property=\"og:type\" content=\"article\" \/>\n<meta property=\"og:title\" content=\"A n\u00e3o perder: Festival Pol\u00edtica come\u00e7a amanh\u00e3 e com programa\u00e7\u00e3o de excel\u00eancia! | Infocul.pt - Arquivo Digital\" \/>\n<meta property=\"og:description\" content=\"A n\u00e3o perder: Festival Pol\u00edtica come\u00e7a amanh\u00e3 e com programa\u00e7\u00e3o de excel\u00eancia! | Infocul.pt - Arquivo Digital\" \/>\n<meta property=\"og:url\" content=\"https:\/\/infocul.pt\/arquivo\/cultura\/a-nao-perder-festival-politica-comeca-amanha-e-com-programacao-de-excelencia\/\" \/>\n<meta property=\"og:site_name\" content=\"Infocul.pt - Arquivo Digital\" \/>\n<meta property=\"article:publisher\" content=\"https:\/\/www.facebook.com\/Infocul-147816815585015\/\" \/>\n<meta property=\"article:published_time\" content=\"2020-08-12T10:16:43+00:00\" \/>\n<meta property=\"og:image\" content=\"https:\/\/infocul.pt\/arquivo\/wp-content\/uploads\/2020\/08\/Screenshot_2020-07-20_at_17.28.32.png\" \/>\n\t<meta property=\"og:image:width\" content=\"830\" \/>\n\t<meta property=\"og:image:height\" content=\"450\" \/>\n\t<meta property=\"og:image:type\" content=\"image\/png\" \/>\n<meta name=\"author\" content=\"Rui Lavrador\" \/>\n<meta name=\"twitter:card\" content=\"summary_large_image\" \/>\n<meta name=\"twitter:creator\" content=\"@Infoculpt\" \/>\n<meta name=\"twitter:site\" content=\"@Infoculpt\" \/>\n<meta name=\"twitter:label1\" content=\"Escrito por\" \/>\n\t<meta name=\"twitter:data1\" content=\"Rui Lavrador\" \/>\n\t<meta name=\"twitter:label2\" content=\"Tempo estimado de leitura\" \/>\n\t<meta name=\"twitter:data2\" content=\"14 minutos\" \/>\n<script type=\"application\/ld+json\" class=\"yoast-schema-graph\">{\"@context\":\"https:\\\/\\\/schema.org\",\"@graph\":[{\"@type\":\"Article\",\"@id\":\"https:\\\/\\\/infocul.pt\\\/arquivo\\\/cultura\\\/a-nao-perder-festival-politica-comeca-amanha-e-com-programacao-de-excelencia\\\/#article\",\"isPartOf\":{\"@id\":\"https:\\\/\\\/infocul.pt\\\/arquivo\\\/cultura\\\/a-nao-perder-festival-politica-comeca-amanha-e-com-programacao-de-excelencia\\\/\"},\"author\":{\"name\":\"Rui Lavrador\",\"@id\":\"https:\\\/\\\/infocul.pt\\\/arquivo\\\/#\\\/schema\\\/person\\\/060a108d7f2d85fc6aae505119ee5234\"},\"headline\":\"A n\u00e3o perder: Festival Pol\u00edtica come\u00e7a amanh\u00e3 e com programa\u00e7\u00e3o de excel\u00eancia!\",\"datePublished\":\"2020-08-12T10:16:43+00:00\",\"mainEntityOfPage\":{\"@id\":\"https:\\\/\\\/infocul.pt\\\/arquivo\\\/cultura\\\/a-nao-perder-festival-politica-comeca-amanha-e-com-programacao-de-excelencia\\\/\"},\"wordCount\":2791,\"commentCount\":0,\"publisher\":{\"@id\":\"https:\\\/\\\/infocul.pt\\\/arquivo\\\/#organization\"},\"image\":{\"@id\":\"https:\\\/\\\/infocul.pt\\\/arquivo\\\/cultura\\\/a-nao-perder-festival-politica-comeca-amanha-e-com-programacao-de-excelencia\\\/#primaryimage\"},\"thumbnailUrl\":\"https:\\\/\\\/infocul.pt\\\/arquivo\\\/wp-content\\\/uploads\\\/2020\\\/08\\\/Screenshot_2020-07-20_at_17.28.32.png\",\"articleSection\":[\"Cultura\",\"Destaque\",\"Entrevistas\",\"Outros\"],\"inLanguage\":\"pt-PT\"},{\"@type\":\"WebPage\",\"@id\":\"https:\\\/\\\/infocul.pt\\\/arquivo\\\/cultura\\\/a-nao-perder-festival-politica-comeca-amanha-e-com-programacao-de-excelencia\\\/\",\"url\":\"https:\\\/\\\/infocul.pt\\\/arquivo\\\/cultura\\\/a-nao-perder-festival-politica-comeca-amanha-e-com-programacao-de-excelencia\\\/\",\"name\":\"A n\u00e3o perder: Festival Pol\u00edtica come\u00e7a amanh\u00e3 e com programa\u00e7\u00e3o de excel\u00eancia! | Infocul.pt - Arquivo Digital\",\"isPartOf\":{\"@id\":\"https:\\\/\\\/infocul.pt\\\/arquivo\\\/#website\"},\"primaryImageOfPage\":{\"@id\":\"https:\\\/\\\/infocul.pt\\\/arquivo\\\/cultura\\\/a-nao-perder-festival-politica-comeca-amanha-e-com-programacao-de-excelencia\\\/#primaryimage\"},\"image\":{\"@id\":\"https:\\\/\\\/infocul.pt\\\/arquivo\\\/cultura\\\/a-nao-perder-festival-politica-comeca-amanha-e-com-programacao-de-excelencia\\\/#primaryimage\"},\"thumbnailUrl\":\"https:\\\/\\\/infocul.pt\\\/arquivo\\\/wp-content\\\/uploads\\\/2020\\\/08\\\/Screenshot_2020-07-20_at_17.28.32.png\",\"datePublished\":\"2020-08-12T10:16:43+00:00\",\"description\":\"A n\u00e3o perder: Festival Pol\u00edtica come\u00e7a amanh\u00e3 e com programa\u00e7\u00e3o de excel\u00eancia! | Infocul.pt - Arquivo Digital\",\"breadcrumb\":{\"@id\":\"https:\\\/\\\/infocul.pt\\\/arquivo\\\/cultura\\\/a-nao-perder-festival-politica-comeca-amanha-e-com-programacao-de-excelencia\\\/#breadcrumb\"},\"inLanguage\":\"pt-PT\",\"potentialAction\":[{\"@type\":\"ReadAction\",\"target\":[\"https:\\\/\\\/infocul.pt\\\/arquivo\\\/cultura\\\/a-nao-perder-festival-politica-comeca-amanha-e-com-programacao-de-excelencia\\\/\"]}]},{\"@type\":\"ImageObject\",\"inLanguage\":\"pt-PT\",\"@id\":\"https:\\\/\\\/infocul.pt\\\/arquivo\\\/cultura\\\/a-nao-perder-festival-politica-comeca-amanha-e-com-programacao-de-excelencia\\\/#primaryimage\",\"url\":\"https:\\\/\\\/infocul.pt\\\/arquivo\\\/wp-content\\\/uploads\\\/2020\\\/08\\\/Screenshot_2020-07-20_at_17.28.32.png\",\"contentUrl\":\"https:\\\/\\\/infocul.pt\\\/arquivo\\\/wp-content\\\/uploads\\\/2020\\\/08\\\/Screenshot_2020-07-20_at_17.28.32.png\",\"width\":830,\"height\":450},{\"@type\":\"BreadcrumbList\",\"@id\":\"https:\\\/\\\/infocul.pt\\\/arquivo\\\/cultura\\\/a-nao-perder-festival-politica-comeca-amanha-e-com-programacao-de-excelencia\\\/#breadcrumb\",\"itemListElement\":[{\"@type\":\"ListItem\",\"position\":1,\"name\":\"Home\",\"item\":\"https:\\\/\\\/infocul.pt\\\/arquivo\\\/\"},{\"@type\":\"ListItem\",\"position\":2,\"name\":\"A n\u00e3o perder: Festival Pol\u00edtica come\u00e7a amanh\u00e3 e com programa\u00e7\u00e3o de excel\u00eancia!\"}]},{\"@type\":\"WebSite\",\"@id\":\"https:\\\/\\\/infocul.pt\\\/arquivo\\\/#website\",\"url\":\"https:\\\/\\\/infocul.pt\\\/arquivo\\\/\",\"name\":\"Infocul.pt - Arquivo Digital\",\"description\":\"Arquivo digital da Infocul.pt\",\"publisher\":{\"@id\":\"https:\\\/\\\/infocul.pt\\\/arquivo\\\/#organization\"},\"potentialAction\":[{\"@type\":\"SearchAction\",\"target\":{\"@type\":\"EntryPoint\",\"urlTemplate\":\"https:\\\/\\\/infocul.pt\\\/arquivo\\\/?s={search_term_string}\"},\"query-input\":{\"@type\":\"PropertyValueSpecification\",\"valueRequired\":true,\"valueName\":\"search_term_string\"}}],\"inLanguage\":\"pt-PT\"},{\"@type\":\"Organization\",\"@id\":\"https:\\\/\\\/infocul.pt\\\/arquivo\\\/#organization\",\"name\":\"Infocul.pt\",\"url\":\"https:\\\/\\\/infocul.pt\\\/arquivo\\\/\",\"logo\":{\"@type\":\"ImageObject\",\"inLanguage\":\"pt-PT\",\"@id\":\"https:\\\/\\\/infocul.pt\\\/arquivo\\\/#\\\/schema\\\/logo\\\/image\\\/\",\"url\":\"https:\\\/\\\/infocul.pt\\\/arquivo\\\/wp-content\\\/uploads\\\/2018\\\/12\\\/Infocul_logo-1.png\",\"contentUrl\":\"https:\\\/\\\/infocul.pt\\\/arquivo\\\/wp-content\\\/uploads\\\/2018\\\/12\\\/Infocul_logo-1.png\",\"width\":800,\"height\":800,\"caption\":\"Infocul.pt\"},\"image\":{\"@id\":\"https:\\\/\\\/infocul.pt\\\/arquivo\\\/#\\\/schema\\\/logo\\\/image\\\/\"},\"sameAs\":[\"https:\\\/\\\/www.facebook.com\\\/Infocul-147816815585015\\\/\",\"https:\\\/\\\/x.com\\\/Infoculpt\",\"http:\\\/\\\/www.pictaram.com\\\/user\\\/infocul.pt\\\/2370423710\",\"https:\\\/\\\/www.youtube.com\\\/channel\\\/UCYEB91AGI9FL9ek2i_IaQAA\"]},{\"@type\":\"Person\",\"@id\":\"https:\\\/\\\/infocul.pt\\\/arquivo\\\/#\\\/schema\\\/person\\\/060a108d7f2d85fc6aae505119ee5234\",\"name\":\"Rui Lavrador\",\"image\":{\"@type\":\"ImageObject\",\"inLanguage\":\"pt-PT\",\"@id\":\"https:\\\/\\\/secure.gravatar.com\\\/avatar\\\/93febd6873394aa8e975148548a0cb203acfdd42d2c85c5f1408e1a76678aece?s=96&d=mm&r=g\",\"url\":\"https:\\\/\\\/secure.gravatar.com\\\/avatar\\\/93febd6873394aa8e975148548a0cb203acfdd42d2c85c5f1408e1a76678aece?s=96&d=mm&r=g\",\"contentUrl\":\"https:\\\/\\\/secure.gravatar.com\\\/avatar\\\/93febd6873394aa8e975148548a0cb203acfdd42d2c85c5f1408e1a76678aece?s=96&d=mm&r=g\",\"caption\":\"Rui Lavrador\"},\"description\":\"Iniciou em 2011 o seu percurso em comunica\u00e7\u00e3o social, tendo integrado v\u00e1rios projectos editoriais. Durante o seu percurso integrou projectos como Jornal Hardm\u00fasica, LusoNot\u00edcias, Toureio.pt, ODigital.pt, entre outros \u00d3rg\u00e3os de Comunica\u00e7\u00e3o Social nacionais, na redac\u00e7\u00e3o de v\u00e1rios artigos. Entrevistou a grande maioria das personalidades mais importantes da vida social e cultural do pa\u00eds, destacando-se, tamb\u00e9m, na aprecia\u00e7\u00e3o de v\u00e1rios espect\u00e1culos. Durante o seu percurso, deu a conhecer v\u00e1rios artistas, at\u00e9 ent\u00e3o desconhecidos, ao grande p\u00fablico. Em 2015 criou e fundou o Infocul.pt, projecto no qual assume a direc\u00e7\u00e3o editorial.\",\"sameAs\":[\"http:\\\/\\\/www.infocul.pt\"]}]}<\/script>\n<!-- \/ Yoast SEO plugin. -->","yoast_head_json":{"title":"A n\u00e3o perder: Festival Pol\u00edtica come\u00e7a amanh\u00e3 e com programa\u00e7\u00e3o de excel\u00eancia! | Infocul.pt - Arquivo Digital","description":"A n\u00e3o perder: Festival Pol\u00edtica come\u00e7a amanh\u00e3 e com programa\u00e7\u00e3o de excel\u00eancia! | Infocul.pt - Arquivo Digital","robots":{"index":"noindex","follow":"follow","max-snippet":"max-snippet:-1","max-image-preview":"max-image-preview:large","max-video-preview":"max-video-preview:-1"},"og_locale":"pt_PT","og_type":"article","og_title":"A n\u00e3o perder: Festival Pol\u00edtica come\u00e7a amanh\u00e3 e com programa\u00e7\u00e3o de excel\u00eancia! | Infocul.pt - Arquivo Digital","og_description":"A n\u00e3o perder: Festival Pol\u00edtica come\u00e7a amanh\u00e3 e com programa\u00e7\u00e3o de excel\u00eancia! | Infocul.pt - Arquivo Digital","og_url":"https:\/\/infocul.pt\/arquivo\/cultura\/a-nao-perder-festival-politica-comeca-amanha-e-com-programacao-de-excelencia\/","og_site_name":"Infocul.pt - Arquivo Digital","article_publisher":"https:\/\/www.facebook.com\/Infocul-147816815585015\/","article_published_time":"2020-08-12T10:16:43+00:00","og_image":[{"width":830,"height":450,"url":"https:\/\/infocul.pt\/arquivo\/wp-content\/uploads\/2020\/08\/Screenshot_2020-07-20_at_17.28.32.png","type":"image\/png"}],"author":"Rui Lavrador","twitter_card":"summary_large_image","twitter_creator":"@Infoculpt","twitter_site":"@Infoculpt","twitter_misc":{"Escrito por":"Rui Lavrador","Tempo estimado de leitura":"14 minutos"},"schema":{"@context":"https:\/\/schema.org","@graph":[{"@type":"Article","@id":"https:\/\/infocul.pt\/arquivo\/cultura\/a-nao-perder-festival-politica-comeca-amanha-e-com-programacao-de-excelencia\/#article","isPartOf":{"@id":"https:\/\/infocul.pt\/arquivo\/cultura\/a-nao-perder-festival-politica-comeca-amanha-e-com-programacao-de-excelencia\/"},"author":{"name":"Rui Lavrador","@id":"https:\/\/infocul.pt\/arquivo\/#\/schema\/person\/060a108d7f2d85fc6aae505119ee5234"},"headline":"A n\u00e3o perder: Festival Pol\u00edtica come\u00e7a amanh\u00e3 e com programa\u00e7\u00e3o de excel\u00eancia!","datePublished":"2020-08-12T10:16:43+00:00","mainEntityOfPage":{"@id":"https:\/\/infocul.pt\/arquivo\/cultura\/a-nao-perder-festival-politica-comeca-amanha-e-com-programacao-de-excelencia\/"},"wordCount":2791,"commentCount":0,"publisher":{"@id":"https:\/\/infocul.pt\/arquivo\/#organization"},"image":{"@id":"https:\/\/infocul.pt\/arquivo\/cultura\/a-nao-perder-festival-politica-comeca-amanha-e-com-programacao-de-excelencia\/#primaryimage"},"thumbnailUrl":"https:\/\/infocul.pt\/arquivo\/wp-content\/uploads\/2020\/08\/Screenshot_2020-07-20_at_17.28.32.png","articleSection":["Cultura","Destaque","Entrevistas","Outros"],"inLanguage":"pt-PT"},{"@type":"WebPage","@id":"https:\/\/infocul.pt\/arquivo\/cultura\/a-nao-perder-festival-politica-comeca-amanha-e-com-programacao-de-excelencia\/","url":"https:\/\/infocul.pt\/arquivo\/cultura\/a-nao-perder-festival-politica-comeca-amanha-e-com-programacao-de-excelencia\/","name":"A n\u00e3o perder: Festival Pol\u00edtica come\u00e7a amanh\u00e3 e com programa\u00e7\u00e3o de excel\u00eancia! | Infocul.pt - Arquivo Digital","isPartOf":{"@id":"https:\/\/infocul.pt\/arquivo\/#website"},"primaryImageOfPage":{"@id":"https:\/\/infocul.pt\/arquivo\/cultura\/a-nao-perder-festival-politica-comeca-amanha-e-com-programacao-de-excelencia\/#primaryimage"},"image":{"@id":"https:\/\/infocul.pt\/arquivo\/cultura\/a-nao-perder-festival-politica-comeca-amanha-e-com-programacao-de-excelencia\/#primaryimage"},"thumbnailUrl":"https:\/\/infocul.pt\/arquivo\/wp-content\/uploads\/2020\/08\/Screenshot_2020-07-20_at_17.28.32.png","datePublished":"2020-08-12T10:16:43+00:00","description":"A n\u00e3o perder: Festival Pol\u00edtica come\u00e7a amanh\u00e3 e com programa\u00e7\u00e3o de excel\u00eancia! | Infocul.pt - Arquivo Digital","breadcrumb":{"@id":"https:\/\/infocul.pt\/arquivo\/cultura\/a-nao-perder-festival-politica-comeca-amanha-e-com-programacao-de-excelencia\/#breadcrumb"},"inLanguage":"pt-PT","potentialAction":[{"@type":"ReadAction","target":["https:\/\/infocul.pt\/arquivo\/cultura\/a-nao-perder-festival-politica-comeca-amanha-e-com-programacao-de-excelencia\/"]}]},{"@type":"ImageObject","inLanguage":"pt-PT","@id":"https:\/\/infocul.pt\/arquivo\/cultura\/a-nao-perder-festival-politica-comeca-amanha-e-com-programacao-de-excelencia\/#primaryimage","url":"https:\/\/infocul.pt\/arquivo\/wp-content\/uploads\/2020\/08\/Screenshot_2020-07-20_at_17.28.32.png","contentUrl":"https:\/\/infocul.pt\/arquivo\/wp-content\/uploads\/2020\/08\/Screenshot_2020-07-20_at_17.28.32.png","width":830,"height":450},{"@type":"BreadcrumbList","@id":"https:\/\/infocul.pt\/arquivo\/cultura\/a-nao-perder-festival-politica-comeca-amanha-e-com-programacao-de-excelencia\/#breadcrumb","itemListElement":[{"@type":"ListItem","position":1,"name":"Home","item":"https:\/\/infocul.pt\/arquivo\/"},{"@type":"ListItem","position":2,"name":"A n\u00e3o perder: Festival Pol\u00edtica come\u00e7a amanh\u00e3 e com programa\u00e7\u00e3o de excel\u00eancia!"}]},{"@type":"WebSite","@id":"https:\/\/infocul.pt\/arquivo\/#website","url":"https:\/\/infocul.pt\/arquivo\/","name":"Infocul.pt - Arquivo Digital","description":"Arquivo digital da Infocul.pt","publisher":{"@id":"https:\/\/infocul.pt\/arquivo\/#organization"},"potentialAction":[{"@type":"SearchAction","target":{"@type":"EntryPoint","urlTemplate":"https:\/\/infocul.pt\/arquivo\/?s={search_term_string}"},"query-input":{"@type":"PropertyValueSpecification","valueRequired":true,"valueName":"search_term_string"}}],"inLanguage":"pt-PT"},{"@type":"Organization","@id":"https:\/\/infocul.pt\/arquivo\/#organization","name":"Infocul.pt","url":"https:\/\/infocul.pt\/arquivo\/","logo":{"@type":"ImageObject","inLanguage":"pt-PT","@id":"https:\/\/infocul.pt\/arquivo\/#\/schema\/logo\/image\/","url":"https:\/\/infocul.pt\/arquivo\/wp-content\/uploads\/2018\/12\/Infocul_logo-1.png","contentUrl":"https:\/\/infocul.pt\/arquivo\/wp-content\/uploads\/2018\/12\/Infocul_logo-1.png","width":800,"height":800,"caption":"Infocul.pt"},"image":{"@id":"https:\/\/infocul.pt\/arquivo\/#\/schema\/logo\/image\/"},"sameAs":["https:\/\/www.facebook.com\/Infocul-147816815585015\/","https:\/\/x.com\/Infoculpt","http:\/\/www.pictaram.com\/user\/infocul.pt\/2370423710","https:\/\/www.youtube.com\/channel\/UCYEB91AGI9FL9ek2i_IaQAA"]},{"@type":"Person","@id":"https:\/\/infocul.pt\/arquivo\/#\/schema\/person\/060a108d7f2d85fc6aae505119ee5234","name":"Rui Lavrador","image":{"@type":"ImageObject","inLanguage":"pt-PT","@id":"https:\/\/secure.gravatar.com\/avatar\/93febd6873394aa8e975148548a0cb203acfdd42d2c85c5f1408e1a76678aece?s=96&d=mm&r=g","url":"https:\/\/secure.gravatar.com\/avatar\/93febd6873394aa8e975148548a0cb203acfdd42d2c85c5f1408e1a76678aece?s=96&d=mm&r=g","contentUrl":"https:\/\/secure.gravatar.com\/avatar\/93febd6873394aa8e975148548a0cb203acfdd42d2c85c5f1408e1a76678aece?s=96&d=mm&r=g","caption":"Rui Lavrador"},"description":"Iniciou em 2011 o seu percurso em comunica\u00e7\u00e3o social, tendo integrado v\u00e1rios projectos editoriais. Durante o seu percurso integrou projectos como Jornal Hardm\u00fasica, LusoNot\u00edcias, Toureio.pt, ODigital.pt, entre outros \u00d3rg\u00e3os de Comunica\u00e7\u00e3o Social nacionais, na redac\u00e7\u00e3o de v\u00e1rios artigos. Entrevistou a grande maioria das personalidades mais importantes da vida social e cultural do pa\u00eds, destacando-se, tamb\u00e9m, na aprecia\u00e7\u00e3o de v\u00e1rios espect\u00e1culos. Durante o seu percurso, deu a conhecer v\u00e1rios artistas, at\u00e9 ent\u00e3o desconhecidos, ao grande p\u00fablico. Em 2015 criou e fundou o Infocul.pt, projecto no qual assume a direc\u00e7\u00e3o editorial.","sameAs":["http:\/\/www.infocul.pt"]}]}},"_links":{"self":[{"href":"https:\/\/infocul.pt\/arquivo\/wp-json\/wp\/v2\/posts\/78747","targetHints":{"allow":["GET"]}}],"collection":[{"href":"https:\/\/infocul.pt\/arquivo\/wp-json\/wp\/v2\/posts"}],"about":[{"href":"https:\/\/infocul.pt\/arquivo\/wp-json\/wp\/v2\/types\/post"}],"author":[{"embeddable":true,"href":"https:\/\/infocul.pt\/arquivo\/wp-json\/wp\/v2\/users\/2"}],"replies":[{"embeddable":true,"href":"https:\/\/infocul.pt\/arquivo\/wp-json\/wp\/v2\/comments?post=78747"}],"version-history":[{"count":0,"href":"https:\/\/infocul.pt\/arquivo\/wp-json\/wp\/v2\/posts\/78747\/revisions"}],"wp:featuredmedia":[{"embeddable":true,"href":"https:\/\/infocul.pt\/arquivo\/wp-json\/wp\/v2\/media\/78748"}],"wp:attachment":[{"href":"https:\/\/infocul.pt\/arquivo\/wp-json\/wp\/v2\/media?parent=78747"}],"wp:term":[{"taxonomy":"category","embeddable":true,"href":"https:\/\/infocul.pt\/arquivo\/wp-json\/wp\/v2\/categories?post=78747"},{"taxonomy":"post_tag","embeddable":true,"href":"https:\/\/infocul.pt\/arquivo\/wp-json\/wp\/v2\/tags?post=78747"}],"curies":[{"name":"wp","href":"https:\/\/api.w.org\/{rel}","templated":true}]}}