{"id":7911,"date":"2016-05-16T09:54:59","date_gmt":"2016-05-16T09:54:59","guid":{"rendered":"http:\/\/infocul.pt\/?p=7911"},"modified":"2016-05-17T22:39:01","modified_gmt":"2016-05-17T22:39:01","slug":"faltam-tres-dias-para-o-rock-in-rio-conheca-algumas-das-novidades-desta-edicao","status":"publish","type":"post","link":"https:\/\/infocul.pt\/arquivo\/cultura\/faltam-tres-dias-para-o-rock-in-rio-conheca-algumas-das-novidades-desta-edicao\/","title":{"rendered":"Faltam tr\u00eas dias para o Rock in Rio! Conhe\u00e7a algumas das novidades desta edi\u00e7\u00e3o"},"content":{"rendered":"<p><!-- Nextend Smart Slider 3 #140 - BEGIN --><\/p>\n<p>                    <img decoding=\"async\" title=\"\" class=\"n2-ss-slide-background-image n2-ss-slide-fill lazyload\" style=\"opacity: 1;\" alt=\"\" data-src=\"\/\/infocul.pt\/wp-content\/uploads\/2016\/05\/Prevu-Rock-in-Rio16.jpg\" src=\"data:image\/svg+xml;base64,PHN2ZyB3aWR0aD0iMSIgaGVpZ2h0PSIxIiB4bWxucz0iaHR0cDovL3d3dy53My5vcmcvMjAwMC9zdmciPjwvc3ZnPg==\"><img decoding=\"async\" title=\"\" class=\"n2-ss-slide-background-image n2-ss-slide-fill lazyload\" style=\"opacity: 1;\" alt=\"\" data-src=\"\/\/infocul.pt\/wp-content\/uploads\/2016\/05\/Prevu-Rock-in-Rio01.jpg\" src=\"data:image\/svg+xml;base64,PHN2ZyB3aWR0aD0iMSIgaGVpZ2h0PSIxIiB4bWxucz0iaHR0cDovL3d3dy53My5vcmcvMjAwMC9zdmciPjwvc3ZnPg==\"><img decoding=\"async\" title=\"\" class=\"n2-ss-slide-background-image n2-ss-slide-fill lazyload\" style=\"opacity: 1;\" alt=\"\" data-src=\"\/\/infocul.pt\/wp-content\/uploads\/2016\/05\/Prevu-Rock-in-Rio02.jpg\" src=\"data:image\/svg+xml;base64,PHN2ZyB3aWR0aD0iMSIgaGVpZ2h0PSIxIiB4bWxucz0iaHR0cDovL3d3dy53My5vcmcvMjAwMC9zdmciPjwvc3ZnPg==\"><img decoding=\"async\" title=\"\" class=\"n2-ss-slide-background-image n2-ss-slide-fill lazyload\" style=\"opacity: 1;\" alt=\"\" data-src=\"\/\/infocul.pt\/wp-content\/uploads\/2016\/05\/Prevu-Rock-in-Rio03.jpg\" src=\"data:image\/svg+xml;base64,PHN2ZyB3aWR0aD0iMSIgaGVpZ2h0PSIxIiB4bWxucz0iaHR0cDovL3d3dy53My5vcmcvMjAwMC9zdmciPjwvc3ZnPg==\"><img decoding=\"async\" title=\"\" class=\"n2-ss-slide-background-image n2-ss-slide-fill lazyload\" style=\"opacity: 1;\" alt=\"\" data-src=\"\/\/infocul.pt\/wp-content\/uploads\/2016\/05\/Prevu-Rock-in-Rio04.jpg\" src=\"data:image\/svg+xml;base64,PHN2ZyB3aWR0aD0iMSIgaGVpZ2h0PSIxIiB4bWxucz0iaHR0cDovL3d3dy53My5vcmcvMjAwMC9zdmciPjwvc3ZnPg==\"><img decoding=\"async\" title=\"\" class=\"n2-ss-slide-background-image n2-ss-slide-fill lazyload\" style=\"opacity: 1;\" alt=\"\" data-src=\"\/\/infocul.pt\/wp-content\/uploads\/2016\/05\/Prevu-Rock-in-Rio05.jpg\" src=\"data:image\/svg+xml;base64,PHN2ZyB3aWR0aD0iMSIgaGVpZ2h0PSIxIiB4bWxucz0iaHR0cDovL3d3dy53My5vcmcvMjAwMC9zdmciPjwvc3ZnPg==\"><img decoding=\"async\" title=\"\" class=\"n2-ss-slide-background-image n2-ss-slide-fill lazyload\" style=\"opacity: 1;\" alt=\"\" data-src=\"\/\/infocul.pt\/wp-content\/uploads\/2016\/05\/Prevu-Rock-in-Rio06.jpg\" src=\"data:image\/svg+xml;base64,PHN2ZyB3aWR0aD0iMSIgaGVpZ2h0PSIxIiB4bWxucz0iaHR0cDovL3d3dy53My5vcmcvMjAwMC9zdmciPjwvc3ZnPg==\"><img decoding=\"async\" title=\"\" class=\"n2-ss-slide-background-image n2-ss-slide-fill lazyload\" style=\"opacity: 1;\" alt=\"\" data-src=\"\/\/infocul.pt\/wp-content\/uploads\/2016\/05\/Prevu-Rock-in-Rio07.jpg\" src=\"data:image\/svg+xml;base64,PHN2ZyB3aWR0aD0iMSIgaGVpZ2h0PSIxIiB4bWxucz0iaHR0cDovL3d3dy53My5vcmcvMjAwMC9zdmciPjwvc3ZnPg==\"><img decoding=\"async\" title=\"\" class=\"n2-ss-slide-background-image n2-ss-slide-fill lazyload\" style=\"opacity: 1;\" alt=\"\" data-src=\"\/\/infocul.pt\/wp-content\/uploads\/2016\/05\/Prevu-Rock-in-Rio08.jpg\" src=\"data:image\/svg+xml;base64,PHN2ZyB3aWR0aD0iMSIgaGVpZ2h0PSIxIiB4bWxucz0iaHR0cDovL3d3dy53My5vcmcvMjAwMC9zdmciPjwvc3ZnPg==\"><img decoding=\"async\" title=\"\" class=\"n2-ss-slide-background-image n2-ss-slide-fill lazyload\" style=\"opacity: 1;\" alt=\"\" data-src=\"\/\/infocul.pt\/wp-content\/uploads\/2016\/05\/Prevu-Rock-in-Rio09.jpg\" src=\"data:image\/svg+xml;base64,PHN2ZyB3aWR0aD0iMSIgaGVpZ2h0PSIxIiB4bWxucz0iaHR0cDovL3d3dy53My5vcmcvMjAwMC9zdmciPjwvc3ZnPg==\"><img decoding=\"async\" title=\"\" class=\"n2-ss-slide-background-image n2-ss-slide-fill lazyload\" style=\"opacity: 1;\" alt=\"\" data-src=\"\/\/infocul.pt\/wp-content\/uploads\/2016\/05\/Prevu-Rock-in-Rio10.jpg\" src=\"data:image\/svg+xml;base64,PHN2ZyB3aWR0aD0iMSIgaGVpZ2h0PSIxIiB4bWxucz0iaHR0cDovL3d3dy53My5vcmcvMjAwMC9zdmciPjwvc3ZnPg==\"><img decoding=\"async\" title=\"\" class=\"n2-ss-slide-background-image n2-ss-slide-fill lazyload\" style=\"opacity: 1;\" alt=\"\" data-src=\"\/\/infocul.pt\/wp-content\/uploads\/2016\/05\/Prevu-Rock-in-Rio11.jpg\" src=\"data:image\/svg+xml;base64,PHN2ZyB3aWR0aD0iMSIgaGVpZ2h0PSIxIiB4bWxucz0iaHR0cDovL3d3dy53My5vcmcvMjAwMC9zdmciPjwvc3ZnPg==\"><img decoding=\"async\" title=\"\" class=\"n2-ss-slide-background-image n2-ss-slide-fill lazyload\" style=\"opacity: 1;\" alt=\"\" data-src=\"\/\/infocul.pt\/wp-content\/uploads\/2016\/05\/Prevu-Rock-in-Rio12.jpg\" src=\"data:image\/svg+xml;base64,PHN2ZyB3aWR0aD0iMSIgaGVpZ2h0PSIxIiB4bWxucz0iaHR0cDovL3d3dy53My5vcmcvMjAwMC9zdmciPjwvc3ZnPg==\"><img decoding=\"async\" title=\"\" class=\"n2-ss-slide-background-image n2-ss-slide-fill lazyload\" style=\"opacity: 1;\" alt=\"\" data-src=\"\/\/infocul.pt\/wp-content\/uploads\/2016\/05\/Prevu-Rock-in-Rio13.jpg\" src=\"data:image\/svg+xml;base64,PHN2ZyB3aWR0aD0iMSIgaGVpZ2h0PSIxIiB4bWxucz0iaHR0cDovL3d3dy53My5vcmcvMjAwMC9zdmciPjwvc3ZnPg==\"><img decoding=\"async\" title=\"\" class=\"n2-ss-slide-background-image n2-ss-slide-fill lazyload\" style=\"opacity: 1;\" alt=\"\" data-src=\"\/\/infocul.pt\/wp-content\/uploads\/2016\/05\/Prevu-Rock-in-Rio14.jpg\" src=\"data:image\/svg+xml;base64,PHN2ZyB3aWR0aD0iMSIgaGVpZ2h0PSIxIiB4bWxucz0iaHR0cDovL3d3dy53My5vcmcvMjAwMC9zdmciPjwvc3ZnPg==\"><img decoding=\"async\" title=\"\" class=\"n2-ss-slide-background-image n2-ss-slide-fill lazyload\" style=\"opacity: 1;\" alt=\"\" data-src=\"\/\/infocul.pt\/wp-content\/uploads\/2016\/05\/Prevu-Rock-in-Rio15.jpg\" src=\"data:image\/svg+xml;base64,PHN2ZyB3aWR0aD0iMSIgaGVpZ2h0PSIxIiB4bWxucz0iaHR0cDovL3d3dy53My5vcmcvMjAwMC9zdmciPjwvc3ZnPg==\"><img decoding=\"async\" title=\"\" class=\"n2-ss-slide-background-image n2-ss-slide-fill lazyload\" style=\"opacity: 1;\" alt=\"\" data-src=\"\/\/infocul.pt\/wp-content\/uploads\/2016\/05\/Prevu-Rock-in-Rio16-1.jpg\" src=\"data:image\/svg+xml;base64,PHN2ZyB3aWR0aD0iMSIgaGVpZ2h0PSIxIiB4bWxucz0iaHR0cDovL3d3dy53My5vcmcvMjAwMC9zdmciPjwvc3ZnPg==\"><img decoding=\"async\" title=\"\" class=\"n2-ss-slide-background-image n2-ss-slide-fill lazyload\" style=\"opacity: 1;\" alt=\"\" data-src=\"\/\/infocul.pt\/wp-content\/uploads\/2016\/05\/Prevu-Rock-in-Rio17.jpg\" src=\"data:image\/svg+xml;base64,PHN2ZyB3aWR0aD0iMSIgaGVpZ2h0PSIxIiB4bWxucz0iaHR0cDovL3d3dy53My5vcmcvMjAwMC9zdmciPjwvc3ZnPg==\"><img decoding=\"async\" title=\"\" class=\"n2-ss-slide-background-image n2-ss-slide-fill lazyload\" style=\"opacity: 1;\" alt=\"\" data-src=\"\/\/infocul.pt\/wp-content\/uploads\/2016\/05\/Prevu-Rock-in-Rio18.jpg\" src=\"data:image\/svg+xml;base64,PHN2ZyB3aWR0aD0iMSIgaGVpZ2h0PSIxIiB4bWxucz0iaHR0cDovL3d3dy53My5vcmcvMjAwMC9zdmciPjwvc3ZnPg==\"><img decoding=\"async\" title=\"\" class=\"n2-ss-slide-background-image n2-ss-slide-fill lazyload\" style=\"opacity: 1;\" alt=\"\" data-src=\"\/\/infocul.pt\/wp-content\/uploads\/2016\/05\/Prevu-Rock-in-Rio19.jpg\" src=\"data:image\/svg+xml;base64,PHN2ZyB3aWR0aD0iMSIgaGVpZ2h0PSIxIiB4bWxucz0iaHR0cDovL3d3dy53My5vcmcvMjAwMC9zdmciPjwvc3ZnPg==\"><img decoding=\"async\" title=\"\" class=\"n2-ss-slide-background-image n2-ss-slide-fill lazyload\" style=\"opacity: 1;\" alt=\"\" data-src=\"\/\/infocul.pt\/wp-content\/uploads\/2016\/05\/Prevu-Rock-in-Rio20.jpg\" src=\"data:image\/svg+xml;base64,PHN2ZyB3aWR0aD0iMSIgaGVpZ2h0PSIxIiB4bWxucz0iaHR0cDovL3d3dy53My5vcmcvMjAwMC9zdmciPjwvc3ZnPg==\"><img decoding=\"async\" title=\"\" class=\"n2-ss-slide-background-image n2-ss-slide-fill lazyload\" style=\"opacity: 1;\" alt=\"\" data-src=\"\/\/infocul.pt\/wp-content\/uploads\/2016\/05\/Prevu-Rock-in-Rio21.jpg\" src=\"data:image\/svg+xml;base64,PHN2ZyB3aWR0aD0iMSIgaGVpZ2h0PSIxIiB4bWxucz0iaHR0cDovL3d3dy53My5vcmcvMjAwMC9zdmciPjwvc3ZnPg==\"><img decoding=\"async\" title=\"\" class=\"n2-ss-slide-background-image n2-ss-slide-fill lazyload\" style=\"opacity: 1;\" alt=\"\" data-src=\"\/\/infocul.pt\/wp-content\/uploads\/2016\/05\/Prevu-Rock-in-Rio22.jpg\" src=\"data:image\/svg+xml;base64,PHN2ZyB3aWR0aD0iMSIgaGVpZ2h0PSIxIiB4bWxucz0iaHR0cDovL3d3dy53My5vcmcvMjAwMC9zdmciPjwvc3ZnPg==\"><img decoding=\"async\" title=\"\" class=\"n2-ss-slide-background-image n2-ss-slide-fill lazyload\" style=\"opacity: 1;\" alt=\"\" data-src=\"\/\/infocul.pt\/wp-content\/uploads\/2016\/05\/Prevu-Rock-in-Rio23.jpg\" src=\"data:image\/svg+xml;base64,PHN2ZyB3aWR0aD0iMSIgaGVpZ2h0PSIxIiB4bWxucz0iaHR0cDovL3d3dy53My5vcmcvMjAwMC9zdmciPjwvc3ZnPg==\"><img decoding=\"async\" title=\"\" class=\"n2-ss-slide-background-image n2-ss-slide-fill lazyload\" style=\"opacity: 1;\" alt=\"\" data-src=\"\/\/infocul.pt\/wp-content\/uploads\/2016\/05\/Prevu-Rock-in-Rio24.jpg\" src=\"data:image\/svg+xml;base64,PHN2ZyB3aWR0aD0iMSIgaGVpZ2h0PSIxIiB4bWxucz0iaHR0cDovL3d3dy53My5vcmcvMjAwMC9zdmciPjwvc3ZnPg==\"><img decoding=\"async\" title=\"\" class=\"n2-ss-slide-background-image n2-ss-slide-fill lazyload\" style=\"opacity: 1;\" alt=\"\" data-src=\"\/\/infocul.pt\/wp-content\/uploads\/2016\/05\/Prevu-Rock-in-Rio25.jpg\" src=\"data:image\/svg+xml;base64,PHN2ZyB3aWR0aD0iMSIgaGVpZ2h0PSIxIiB4bWxucz0iaHR0cDovL3d3dy53My5vcmcvMjAwMC9zdmciPjwvc3ZnPg==\"><img decoding=\"async\" title=\"\" class=\"n2-ss-slide-background-image n2-ss-slide-fill lazyload\" style=\"opacity: 1;\" alt=\"\" data-src=\"\/\/infocul.pt\/wp-content\/uploads\/2016\/05\/Prevu-Rock-in-Rio26.jpg\" src=\"data:image\/svg+xml;base64,PHN2ZyB3aWR0aD0iMSIgaGVpZ2h0PSIxIiB4bWxucz0iaHR0cDovL3d3dy53My5vcmcvMjAwMC9zdmciPjwvc3ZnPg==\"><img decoding=\"async\" title=\"\" class=\"n2-ss-slide-background-image n2-ss-slide-fill lazyload\" style=\"opacity: 1;\" alt=\"\" data-src=\"\/\/infocul.pt\/wp-content\/uploads\/2016\/05\/Prevu-Rock-in-Rio27.jpg\" src=\"data:image\/svg+xml;base64,PHN2ZyB3aWR0aD0iMSIgaGVpZ2h0PSIxIiB4bWxucz0iaHR0cDovL3d3dy53My5vcmcvMjAwMC9zdmciPjwvc3ZnPg==\">                <\/p>\n<p>        <img decoding=\"async\" alt=\"arrow\" src=\"data:image\/svg+xml;base64,PHN2ZyB3aWR0aD0iMzIiIGhlaWdodD0iMzIiIHZpZXdCb3g9IjAgMCAzMiAzMiIgeG1sbnM9Imh0dHA6Ly93d3cudzMub3JnLzIwMDAvc3ZnIj48cGF0aCBkPSJNMTEuNDMzIDE1Ljk5MkwyMi42OSA1LjcxMmMuMzkzLS4zOS4zOTMtMS4wMyAwLTEuNDItLjM5My0uMzktMS4wMy0uMzktMS40MjMgMGwtMTEuOTggMTAuOTRjLS4yMS4yMS0uMy40OS0uMjg1Ljc2LS4wMTUuMjguMDc1LjU2LjI4NC43N2wxMS45OCAxMC45NGMuMzkzLjM5IDEuMDMuMzkgMS40MjQgMCAuMzkzLS40LjM5My0xLjAzIDAtMS40MmwtMTEuMjU3LTEwLjI5IiBmaWxsPSIjZmZmZmZmIiBvcGFjaXR5PSIwLjgiIGZpbGwtcnVsZT0iZXZlbm9kZCIvPjwvc3ZnPg==\"><img decoding=\"async\" alt=\"arrow\" src=\"data:image\/svg+xml;base64,PHN2ZyB3aWR0aD0iMzIiIGhlaWdodD0iMzIiIHZpZXdCb3g9IjAgMCAzMiAzMiIgeG1sbnM9Imh0dHA6Ly93d3cudzMub3JnLzIwMDAvc3ZnIj48cGF0aCBkPSJNMTAuNzIyIDQuMjkzYy0uMzk0LS4zOS0xLjAzMi0uMzktMS40MjcgMC0uMzkzLjM5LS4zOTMgMS4wMyAwIDEuNDJsMTEuMjgzIDEwLjI4LTExLjI4MyAxMC4yOWMtLjM5My4zOS0uMzkzIDEuMDIgMCAxLjQyLjM5NS4zOSAxLjAzMy4zOSAxLjQyNyAwbDEyLjAwNy0xMC45NGMuMjEtLjIxLjMtLjQ5LjI4NC0uNzcuMDE0LS4yNy0uMDc2LS41NS0uMjg2LS43NkwxMC43MiA0LjI5M3oiIGZpbGw9IiNmZmZmZmYiIG9wYWNpdHk9IjAuOCIgZmlsbC1ydWxlPSJldmVub2RkIi8+PC9zdmc+\"><br \/>\n<img decoding=\"async\" class=\"nextend-thumbnail-button nextend-thumbnail-previous\" alt=\"\" src=\"data:image\/svg+xml;base64,PHN2ZyB3aWR0aD0iMjYiIGhlaWdodD0iMjYiIHhtbG5zPSJodHRwOi8vd3d3LnczLm9yZy8yMDAwL3N2ZyI+CiAgICA8ZyBmaWxsPSJub25lIiBmaWxsLXJ1bGU9ImV2ZW5vZGQiPgogICAgICAgIDxjaXJjbGUgc3Ryb2tlPSIjZmZmIiBzdHJva2Utd2lkdGg9IjIiIG9wYWNpdHk9Ii41IiBmaWxsPSIjMDAwIiBjeD0iMTMiIGN5PSIxMyIgcj0iMTIiLz4KICAgICAgICA8cGF0aCBkPSJNMTMuNDM1IDkuMTc4Yy0uMTI2LS4xMjEtLjI3LS4xODItLjQzNi0uMTgyLS4xNjQgMC0uMzA2LjA2MS0uNDI4LjE4MmwtNC4zOCA0LjE3NWMtLjEyNi4xMjEtLjE4OC4yNjItLjE4OC40MjQgMCAuMTYxLjA2Mi4zMDIuMTg4LjQyM2wuNjUuNjIyYy4xMjYuMTIxLjI3My4xODIuNDQxLjE4Mi4xNyAwIC4zMTQtLjA2MS40MzYtLjE4MmwzLjMxNC0zLjE2MSAzLjI0OSAzLjE2MWMuMTI2LjEyMS4yNjkuMTgyLjQzMi4xODIuMTY0IDAgLjMwNy0uMDYxLjQzMy0uMTgybC42NjItLjYyMmMuMTI2LS4xMjEuMTg5LS4yNjIuMTg5LS40MjMgMC0uMTYyLS4wNjMtLjMwMy0uMTg5LS40MjRsLTQuMzczLTQuMTc1eiIgZmlsbD0iI2ZmZiIvPgogICAgPC9nPgo8L3N2Zz4=\"><img decoding=\"async\" class=\"nextend-thumbnail-button nextend-thumbnail-next n2-active\" alt=\"\" src=\"data:image\/svg+xml;base64,PHN2ZyB4bWxucz0iaHR0cDovL3d3dy53My5vcmcvMjAwMC9zdmciIHdpZHRoPSIyNiIgaGVpZ2h0PSIyNiI+CiAgICA8ZyBmaWxsPSJub25lIj4KICAgICAgICA8Y2lyY2xlIGN4PSIxMyIgY3k9IjEzIiByPSIxMiIgZmlsbD0iIzAwMCIgc3Ryb2tlPSIjZmZmIiBzdHJva2Utd2lkdGg9IjIiIG9wYWNpdHk9Ii41Ii8+CiAgICAgICAgPHBhdGggZmlsbD0iI2ZmZiIgZD0iTTEyLjU2NSAxNi44MjJjLjEyNi4xMi4yNy4xODIuNDM2LjE4Mi4xNjggMCAuMzEtLjA2LjQzLS4xODJsNC4zOC00LjE3NWMuMTI4LS4xMi4xOS0uMjYyLjE5LS40MjQgMC0uMTYtLjA2Mi0uMzAyLS4xOS0uNDIzbC0uNjUtLjYyMmMtLjEyNS0uMTItLjI3Mi0uMTgyLS40NC0uMTgyLS4xNyAwLS4zMTQuMDYtLjQzNi4xODJsLTMuMzE0IDMuMTYtMy4yNS0zLjE2Yy0uMTI2LS4xMi0uMjctLjE4Mi0uNDMtLjE4Mi0uMTY2IDAtLjMxLjA2LS40MzUuMTgybC0uNjYyLjYyMmMtLjEyNi4xMi0uMTkuMjYyLS4xOS40MjMgMCAuMTYyLjA2NC4zMDMuMTkuNDI0bDQuMzczIDQuMTc1eiIvPgogICAgPC9nPgo8L3N2Zz4=\"><\/p>\n<table>\n<tbody>\n<tr>\n<td><\/td>\n<td><\/td>\n<td><\/td>\n<td><\/td>\n<td><\/td>\n<td><\/td>\n<td><\/td>\n<td><\/td>\n<td><\/td>\n<td><\/td>\n<td><\/td>\n<td><\/td>\n<td><\/td>\n<td><\/td>\n<td><\/td>\n<td><\/td>\n<td><\/td>\n<td><\/td>\n<td><\/td>\n<td><\/td>\n<td><\/td>\n<td><\/td>\n<td><\/td>\n<td><\/td>\n<td><\/td>\n<td><\/td>\n<td><\/td>\n<td><\/td>\n<\/tr>\n<\/tbody>\n<\/table>\n<p><img decoding=\"async\" style=\"width: 100%; max-width: 3000px;\" alt=\"\" src=\"data:image\/svg+xml;base64,PHN2ZyB4bWxucz0iaHR0cDovL3d3dy53My5vcmcvMjAwMC9zdmciIHZlcnNpb249IjEuMCIgd2lkdGg9IjkwMCIgaGVpZ2h0PSI1MDAiID48L3N2Zz4=\"><br \/>\n<!-- Nextend Smart Slider 3 #140 - END --><\/p>\n<p><span style=\"color: rgb(0, 0, 0); font-family: Calibri;\"><strong>Faltam 3 dias para o in\u00edcio do Rock in Rio. Nos pr\u00f3ximos dias 19, 20, 27, 28 e 29, a Cidade do Rock vai receber milhares de visitantes que poder\u00e3o assistir \u00e0s mais de 100 actua\u00e7\u00f5es musicais, ao longo de 12 horas de festa por dia.<\/strong> <\/span><\/p>\n<h3>&nbsp;<\/h3>\n<p>Com 200 mil metros quadrados, o Parque da Bela Vista volta a receber o Rock in Rio-Lisboa, transformando-se num parque tem\u00e1tico de m\u00fasica. S\u00e3o cinco palcos, uma \u00e1rea VIP, mais de 15 espa\u00e7os de restaura\u00e7\u00e3o (incluindo algumas novidades como cozinha de autor), com divers\u00f5es (como slide e roda gigante), diversos stands com activa\u00e7\u00f5es e surpresas das marcas para os visitantes, uma fonte e uma piscina, tudo pensado para garantir o conforto do p\u00fablico e experi\u00eancias inesquec\u00edveis, entre as 16:00 e as 04:00 (com excep\u00e7\u00e3o do \u00faltimo dia de evento, 29 de Maio, com todas as atrac\u00e7\u00f5es a come\u00e7arem uma hora mais cedo).<\/p>\n<p>&nbsp;<\/p>\n<p>&nbsp;<\/p>\n<p>Bandas, artistas, DJs, bailarinos e artistas de rua v\u00e3o animar a edi\u00e7\u00e3o que marca o t\u00e9rmino das comemora\u00e7\u00f5es dos 30 anos do Rock inRio. Os bilhetes t\u00eam um custo de 69\u20ac e d\u00e3o acesso \u00e0 Cidade do Rock, a todos os palcos e todas as divers\u00f5es.<\/p>\n<p>&nbsp;<\/p>\n<p>&nbsp;<\/p>\n<p>Uma das novidades deste ano \u00e9 o Centro de Controlo Operacional. Rock in Rio-Lisboa vai ser o primeiro e \u00fanico evento em Portugal com um CCO de tamanha abrang\u00eancia, juntando as v\u00e1rias entidades no mesmo espa\u00e7o para visionar as imagens do recinto em tempo real. Esta inova\u00e7\u00e3o tem a mais-valia de juntar o maior n\u00famero de entidades influentes na opera\u00e7\u00e3o no mesmo local, com visionamento de c\u00e2maras on time para resolu\u00e7\u00e3o de poss\u00edveis ocorr\u00eancias. O espa\u00e7o est\u00e1 tamb\u00e9m preparado para receber os respons\u00e1veis das entidades, que se re\u00fanem antes de abrir as portas da Cidade do Rock e sempre que existe necessidade de agir. Para al\u00e9m disso, toda a informa\u00e7\u00e3o recolhida pela tecnologia smartcities vai ser disponibilizada no CCO em tempo real, atrav\u00e9s do Vodafone GTC a\u00ed instalado. O CCO vai contar com respons\u00e1veis da Pol\u00edcia de Seguran\u00e7a P\u00fablica, Pol\u00edcia Municipal, Prote\u00e7\u00e3o Civil, Regimento Sapadores Bombeiros, Hospital Lus\u00edadas, INEM e a produ\u00e7\u00e3o do Rock in Rio-Lisboa.<\/p>\n<p>&nbsp;<\/p>\n<p>&nbsp;<\/p>\n<p>Igualmente com a chancela da Vodafone \u00e9 o projecto &#8220;Smart Cities&#8221;. Ao todo ser\u00e3o cinco solu\u00e7\u00f5es instaladas no recinto: Smart Water, Smart Energy, Smart Toilet, Smart Waste e Smart Air. Smart Water ser\u00e1 a solu\u00e7\u00e3o respons\u00e1vel por monitorizar o abastecimento de \u00e1gua pot\u00e1vel na Cidade do Rock e garantir que n\u00e3o falta \u00e1gua durante o evento. Para monitorizar a energia el\u00e9ctrica dos principais espa\u00e7os do recinto, atrav\u00e9s da Smart Energy vai ser poss\u00edvel aferir o consumo de energia em real time e que ir\u00e1 ser fundamental para implementar medidas de optimiza\u00e7\u00e3o de custos nas pr\u00f3ximas edi\u00e7\u00f5es.<\/p>\n<p>&nbsp;<\/p>\n<p>&nbsp;<\/p>\n<p>O tr\u00e1fego e ocupa\u00e7\u00e3o de WCs tamb\u00e9m ser\u00e1 supervisionado atrav\u00e9s de uma solu\u00e7\u00e3o desenvolvida especificamente para o Rock in Rio-Lisboa: Smart Toillet, que tamb\u00e9m vai estar dispon\u00edvel na app Vodafone Rock in Rio para consulta do p\u00fablico. Smart Waste ser\u00e1 a solu\u00e7\u00e3o respons\u00e1vel por monitorizar o estado das m\u00e1quinas de grande dimens\u00e3o que recebem o lixo proveniente de todo o recinto de modo a evitar constrangimentos de limpeza da Cidade do Rock.<\/p>\n<p>&nbsp;<\/p>\n<p>&nbsp;<\/p>\n<p>Para al\u00e9m destas solu\u00e7\u00f5es, o ambiente e a qualidade do ar tamb\u00e9m v\u00e3o ser supervisionadas por sensores espalhados pelos 4 hectares do recinto.<\/p>\n<p>&nbsp;<\/p>\n<p>&nbsp;<\/p>\n<p>Estas s\u00e3o algumas das novidades que os festivaleiros v\u00e3o poder encontrar na Cidade do Rock.<\/p>\n<p>\t<img decoding=\"async\" width=\"600\" height=\"400\" class=\"so-widget-image lazyload\" style=\"--smush-placeholder-width: 600px; --smush-placeholder-aspect-ratio: 600\/400;height: auto; display: block; max-width: 100%;\" data-src=\"http:\/\/infocul.pt\/wp-content\/uploads\/2016\/05\/Prevu-Rock-in-Rio05.jpg\" src=\"data:image\/svg+xml;base64,PHN2ZyB3aWR0aD0iMSIgaGVpZ2h0PSIxIiB4bWxucz0iaHR0cDovL3d3dy53My5vcmcvMjAwMC9zdmciPjwvc3ZnPg==\"><\/p>\n","protected":false},"excerpt":{"rendered":"<p>Faltam 3 dias para o in\u00edcio do Rock in Rio. Nos pr\u00f3ximos dias 19, 20, 27, 28 e 29, a Cidade do Rock vai receber milhares de visitantes que poder\u00e3o assistir \u00e0s mais de 100 actua\u00e7\u00f5es musicais, ao longo de 12 horas de festa por dia. &nbsp; Com 200 mil metros quadrados, o Parque da [&hellip;]<\/p>\n","protected":false},"author":13,"featured_media":7913,"comment_status":"open","ping_status":"closed","sticky":false,"template":"","format":"standard","meta":{"footnotes":""},"categories":[3,2],"tags":[428,739],"class_list":["post-7911","post","type-post","status-publish","format-standard","has-post-thumbnail","hentry","category-concertos","category-cultura","tag-rock-in-rio","tag-vodafone"],"yoast_head":"<!-- This site is optimized with the Yoast SEO plugin v27.4 - https:\/\/yoast.com\/product\/yoast-seo-wordpress\/ -->\n<title>Faltam tr\u00eas dias para o Rock in Rio! Conhe\u00e7a algumas das novidades desta edi\u00e7\u00e3o | Infocul.pt - Arquivo Digital<\/title>\n<meta name=\"description\" content=\"Faltam tr\u00eas dias para o Rock in Rio! Conhe\u00e7a algumas das novidades desta edi\u00e7\u00e3o | Infocul.pt - Arquivo Digital\" \/>\n<meta name=\"robots\" content=\"noindex, follow, max-snippet:-1, max-image-preview:large, max-video-preview:-1\" \/>\n<meta property=\"og:locale\" content=\"pt_PT\" \/>\n<meta property=\"og:type\" content=\"article\" \/>\n<meta property=\"og:title\" content=\"Faltam tr\u00eas dias para o Rock in Rio! Conhe\u00e7a algumas das novidades desta edi\u00e7\u00e3o | Infocul.pt - Arquivo Digital\" \/>\n<meta property=\"og:description\" content=\"Faltam tr\u00eas dias para o Rock in Rio! Conhe\u00e7a algumas das novidades desta edi\u00e7\u00e3o | Infocul.pt - Arquivo Digital\" \/>\n<meta property=\"og:url\" content=\"https:\/\/infocul.pt\/arquivo\/cultura\/faltam-tres-dias-para-o-rock-in-rio-conheca-algumas-das-novidades-desta-edicao\/\" \/>\n<meta property=\"og:site_name\" content=\"Infocul.pt - Arquivo Digital\" \/>\n<meta property=\"article:publisher\" content=\"https:\/\/www.facebook.com\/Infocul-147816815585015\/\" \/>\n<meta property=\"article:published_time\" content=\"2016-05-16T09:54:59+00:00\" \/>\n<meta property=\"article:modified_time\" content=\"2016-05-17T22:39:01+00:00\" \/>\n<meta property=\"og:image\" content=\"https:\/\/infocul.pt\/arquivo\/wp-content\/uploads\/2016\/05\/Prevu-Rock-in-Rio16.jpg\" \/>\n\t<meta property=\"og:image:width\" content=\"600\" \/>\n\t<meta property=\"og:image:height\" content=\"400\" \/>\n\t<meta property=\"og:image:type\" content=\"image\/jpeg\" \/>\n<meta name=\"author\" content=\"Redac\u00e7\u00e3o\" \/>\n<meta name=\"twitter:card\" content=\"summary_large_image\" \/>\n<meta name=\"twitter:creator\" content=\"@Infoculpt\" \/>\n<meta name=\"twitter:site\" content=\"@Infoculpt\" \/>\n<meta name=\"twitter:label1\" content=\"Escrito por\" \/>\n\t<meta name=\"twitter:data1\" content=\"Redac\u00e7\u00e3o\" \/>\n\t<meta name=\"twitter:label2\" content=\"Tempo estimado de leitura\" \/>\n\t<meta name=\"twitter:data2\" content=\"3 minutos\" \/>\n<script type=\"application\/ld+json\" class=\"yoast-schema-graph\">{\"@context\":\"https:\\\/\\\/schema.org\",\"@graph\":[{\"@type\":\"Article\",\"@id\":\"https:\\\/\\\/infocul.pt\\\/arquivo\\\/cultura\\\/faltam-tres-dias-para-o-rock-in-rio-conheca-algumas-das-novidades-desta-edicao\\\/#article\",\"isPartOf\":{\"@id\":\"https:\\\/\\\/infocul.pt\\\/arquivo\\\/cultura\\\/faltam-tres-dias-para-o-rock-in-rio-conheca-algumas-das-novidades-desta-edicao\\\/\"},\"author\":{\"name\":\"Redac\u00e7\u00e3o\",\"@id\":\"https:\\\/\\\/infocul.pt\\\/arquivo\\\/#\\\/schema\\\/person\\\/f243f45ae8d67639120a7586884f3abc\"},\"headline\":\"Faltam tr\u00eas dias para o Rock in Rio! Conhe\u00e7a algumas das novidades desta edi\u00e7\u00e3o\",\"datePublished\":\"2016-05-16T09:54:59+00:00\",\"dateModified\":\"2016-05-17T22:39:01+00:00\",\"mainEntityOfPage\":{\"@id\":\"https:\\\/\\\/infocul.pt\\\/arquivo\\\/cultura\\\/faltam-tres-dias-para-o-rock-in-rio-conheca-algumas-das-novidades-desta-edicao\\\/\"},\"wordCount\":647,\"commentCount\":0,\"publisher\":{\"@id\":\"https:\\\/\\\/infocul.pt\\\/arquivo\\\/#organization\"},\"image\":{\"@id\":\"https:\\\/\\\/infocul.pt\\\/arquivo\\\/cultura\\\/faltam-tres-dias-para-o-rock-in-rio-conheca-algumas-das-novidades-desta-edicao\\\/#primaryimage\"},\"thumbnailUrl\":\"https:\\\/\\\/infocul.pt\\\/arquivo\\\/wp-content\\\/uploads\\\/2016\\\/05\\\/Prevu-Rock-in-Rio16.jpg\",\"keywords\":[\"Rock in Rio\",\"Vodafone\"],\"articleSection\":[\"Concertos\",\"Cultura\"],\"inLanguage\":\"pt-PT\"},{\"@type\":\"WebPage\",\"@id\":\"https:\\\/\\\/infocul.pt\\\/arquivo\\\/cultura\\\/faltam-tres-dias-para-o-rock-in-rio-conheca-algumas-das-novidades-desta-edicao\\\/\",\"url\":\"https:\\\/\\\/infocul.pt\\\/arquivo\\\/cultura\\\/faltam-tres-dias-para-o-rock-in-rio-conheca-algumas-das-novidades-desta-edicao\\\/\",\"name\":\"Faltam tr\u00eas dias para o Rock in Rio! Conhe\u00e7a algumas das novidades desta edi\u00e7\u00e3o | Infocul.pt - Arquivo Digital\",\"isPartOf\":{\"@id\":\"https:\\\/\\\/infocul.pt\\\/arquivo\\\/#website\"},\"primaryImageOfPage\":{\"@id\":\"https:\\\/\\\/infocul.pt\\\/arquivo\\\/cultura\\\/faltam-tres-dias-para-o-rock-in-rio-conheca-algumas-das-novidades-desta-edicao\\\/#primaryimage\"},\"image\":{\"@id\":\"https:\\\/\\\/infocul.pt\\\/arquivo\\\/cultura\\\/faltam-tres-dias-para-o-rock-in-rio-conheca-algumas-das-novidades-desta-edicao\\\/#primaryimage\"},\"thumbnailUrl\":\"https:\\\/\\\/infocul.pt\\\/arquivo\\\/wp-content\\\/uploads\\\/2016\\\/05\\\/Prevu-Rock-in-Rio16.jpg\",\"datePublished\":\"2016-05-16T09:54:59+00:00\",\"dateModified\":\"2016-05-17T22:39:01+00:00\",\"description\":\"Faltam tr\u00eas dias para o Rock in Rio! Conhe\u00e7a algumas das novidades desta edi\u00e7\u00e3o | Infocul.pt - Arquivo Digital\",\"breadcrumb\":{\"@id\":\"https:\\\/\\\/infocul.pt\\\/arquivo\\\/cultura\\\/faltam-tres-dias-para-o-rock-in-rio-conheca-algumas-das-novidades-desta-edicao\\\/#breadcrumb\"},\"inLanguage\":\"pt-PT\",\"potentialAction\":[{\"@type\":\"ReadAction\",\"target\":[\"https:\\\/\\\/infocul.pt\\\/arquivo\\\/cultura\\\/faltam-tres-dias-para-o-rock-in-rio-conheca-algumas-das-novidades-desta-edicao\\\/\"]}]},{\"@type\":\"ImageObject\",\"inLanguage\":\"pt-PT\",\"@id\":\"https:\\\/\\\/infocul.pt\\\/arquivo\\\/cultura\\\/faltam-tres-dias-para-o-rock-in-rio-conheca-algumas-das-novidades-desta-edicao\\\/#primaryimage\",\"url\":\"https:\\\/\\\/infocul.pt\\\/arquivo\\\/wp-content\\\/uploads\\\/2016\\\/05\\\/Prevu-Rock-in-Rio16.jpg\",\"contentUrl\":\"https:\\\/\\\/infocul.pt\\\/arquivo\\\/wp-content\\\/uploads\\\/2016\\\/05\\\/Prevu-Rock-in-Rio16.jpg\",\"width\":600,\"height\":400},{\"@type\":\"BreadcrumbList\",\"@id\":\"https:\\\/\\\/infocul.pt\\\/arquivo\\\/cultura\\\/faltam-tres-dias-para-o-rock-in-rio-conheca-algumas-das-novidades-desta-edicao\\\/#breadcrumb\",\"itemListElement\":[{\"@type\":\"ListItem\",\"position\":1,\"name\":\"Home\",\"item\":\"https:\\\/\\\/infocul.pt\\\/arquivo\\\/\"},{\"@type\":\"ListItem\",\"position\":2,\"name\":\"Faltam tr\u00eas dias para o Rock in Rio! Conhe\u00e7a algumas das novidades desta edi\u00e7\u00e3o\"}]},{\"@type\":\"WebSite\",\"@id\":\"https:\\\/\\\/infocul.pt\\\/arquivo\\\/#website\",\"url\":\"https:\\\/\\\/infocul.pt\\\/arquivo\\\/\",\"name\":\"Infocul.pt - Arquivo Digital\",\"description\":\"Arquivo digital da Infocul.pt\",\"publisher\":{\"@id\":\"https:\\\/\\\/infocul.pt\\\/arquivo\\\/#organization\"},\"potentialAction\":[{\"@type\":\"SearchAction\",\"target\":{\"@type\":\"EntryPoint\",\"urlTemplate\":\"https:\\\/\\\/infocul.pt\\\/arquivo\\\/?s={search_term_string}\"},\"query-input\":{\"@type\":\"PropertyValueSpecification\",\"valueRequired\":true,\"valueName\":\"search_term_string\"}}],\"inLanguage\":\"pt-PT\"},{\"@type\":\"Organization\",\"@id\":\"https:\\\/\\\/infocul.pt\\\/arquivo\\\/#organization\",\"name\":\"Infocul.pt\",\"url\":\"https:\\\/\\\/infocul.pt\\\/arquivo\\\/\",\"logo\":{\"@type\":\"ImageObject\",\"inLanguage\":\"pt-PT\",\"@id\":\"https:\\\/\\\/infocul.pt\\\/arquivo\\\/#\\\/schema\\\/logo\\\/image\\\/\",\"url\":\"https:\\\/\\\/infocul.pt\\\/arquivo\\\/wp-content\\\/uploads\\\/2018\\\/12\\\/Infocul_logo-1.png\",\"contentUrl\":\"https:\\\/\\\/infocul.pt\\\/arquivo\\\/wp-content\\\/uploads\\\/2018\\\/12\\\/Infocul_logo-1.png\",\"width\":800,\"height\":800,\"caption\":\"Infocul.pt\"},\"image\":{\"@id\":\"https:\\\/\\\/infocul.pt\\\/arquivo\\\/#\\\/schema\\\/logo\\\/image\\\/\"},\"sameAs\":[\"https:\\\/\\\/www.facebook.com\\\/Infocul-147816815585015\\\/\",\"https:\\\/\\\/x.com\\\/Infoculpt\",\"http:\\\/\\\/www.pictaram.com\\\/user\\\/infocul.pt\\\/2370423710\",\"https:\\\/\\\/www.youtube.com\\\/channel\\\/UCYEB91AGI9FL9ek2i_IaQAA\"]},{\"@type\":\"Person\",\"@id\":\"https:\\\/\\\/infocul.pt\\\/arquivo\\\/#\\\/schema\\\/person\\\/f243f45ae8d67639120a7586884f3abc\",\"name\":\"Redac\u00e7\u00e3o\",\"image\":{\"@type\":\"ImageObject\",\"inLanguage\":\"pt-PT\",\"@id\":\"https:\\\/\\\/secure.gravatar.com\\\/avatar\\\/151b1b76c598ab5e749407223bd6c1bad4e41c4e95de3c3df83540ebee2deaf8?s=96&d=mm&r=g\",\"url\":\"https:\\\/\\\/secure.gravatar.com\\\/avatar\\\/151b1b76c598ab5e749407223bd6c1bad4e41c4e95de3c3df83540ebee2deaf8?s=96&d=mm&r=g\",\"contentUrl\":\"https:\\\/\\\/secure.gravatar.com\\\/avatar\\\/151b1b76c598ab5e749407223bd6c1bad4e41c4e95de3c3df83540ebee2deaf8?s=96&d=mm&r=g\",\"caption\":\"Redac\u00e7\u00e3o\"}}]}<\/script>\n<!-- \/ Yoast SEO plugin. -->","yoast_head_json":{"title":"Faltam tr\u00eas dias para o Rock in Rio! Conhe\u00e7a algumas das novidades desta edi\u00e7\u00e3o | Infocul.pt - Arquivo Digital","description":"Faltam tr\u00eas dias para o Rock in Rio! Conhe\u00e7a algumas das novidades desta edi\u00e7\u00e3o | Infocul.pt - Arquivo Digital","robots":{"index":"noindex","follow":"follow","max-snippet":"max-snippet:-1","max-image-preview":"max-image-preview:large","max-video-preview":"max-video-preview:-1"},"og_locale":"pt_PT","og_type":"article","og_title":"Faltam tr\u00eas dias para o Rock in Rio! Conhe\u00e7a algumas das novidades desta edi\u00e7\u00e3o | Infocul.pt - Arquivo Digital","og_description":"Faltam tr\u00eas dias para o Rock in Rio! Conhe\u00e7a algumas das novidades desta edi\u00e7\u00e3o | Infocul.pt - Arquivo Digital","og_url":"https:\/\/infocul.pt\/arquivo\/cultura\/faltam-tres-dias-para-o-rock-in-rio-conheca-algumas-das-novidades-desta-edicao\/","og_site_name":"Infocul.pt - Arquivo Digital","article_publisher":"https:\/\/www.facebook.com\/Infocul-147816815585015\/","article_published_time":"2016-05-16T09:54:59+00:00","article_modified_time":"2016-05-17T22:39:01+00:00","og_image":[{"width":600,"height":400,"url":"https:\/\/infocul.pt\/arquivo\/wp-content\/uploads\/2016\/05\/Prevu-Rock-in-Rio16.jpg","type":"image\/jpeg"}],"author":"Redac\u00e7\u00e3o","twitter_card":"summary_large_image","twitter_creator":"@Infoculpt","twitter_site":"@Infoculpt","twitter_misc":{"Escrito por":"Redac\u00e7\u00e3o","Tempo estimado de leitura":"3 minutos"},"schema":{"@context":"https:\/\/schema.org","@graph":[{"@type":"Article","@id":"https:\/\/infocul.pt\/arquivo\/cultura\/faltam-tres-dias-para-o-rock-in-rio-conheca-algumas-das-novidades-desta-edicao\/#article","isPartOf":{"@id":"https:\/\/infocul.pt\/arquivo\/cultura\/faltam-tres-dias-para-o-rock-in-rio-conheca-algumas-das-novidades-desta-edicao\/"},"author":{"name":"Redac\u00e7\u00e3o","@id":"https:\/\/infocul.pt\/arquivo\/#\/schema\/person\/f243f45ae8d67639120a7586884f3abc"},"headline":"Faltam tr\u00eas dias para o Rock in Rio! Conhe\u00e7a algumas das novidades desta edi\u00e7\u00e3o","datePublished":"2016-05-16T09:54:59+00:00","dateModified":"2016-05-17T22:39:01+00:00","mainEntityOfPage":{"@id":"https:\/\/infocul.pt\/arquivo\/cultura\/faltam-tres-dias-para-o-rock-in-rio-conheca-algumas-das-novidades-desta-edicao\/"},"wordCount":647,"commentCount":0,"publisher":{"@id":"https:\/\/infocul.pt\/arquivo\/#organization"},"image":{"@id":"https:\/\/infocul.pt\/arquivo\/cultura\/faltam-tres-dias-para-o-rock-in-rio-conheca-algumas-das-novidades-desta-edicao\/#primaryimage"},"thumbnailUrl":"https:\/\/infocul.pt\/arquivo\/wp-content\/uploads\/2016\/05\/Prevu-Rock-in-Rio16.jpg","keywords":["Rock in Rio","Vodafone"],"articleSection":["Concertos","Cultura"],"inLanguage":"pt-PT"},{"@type":"WebPage","@id":"https:\/\/infocul.pt\/arquivo\/cultura\/faltam-tres-dias-para-o-rock-in-rio-conheca-algumas-das-novidades-desta-edicao\/","url":"https:\/\/infocul.pt\/arquivo\/cultura\/faltam-tres-dias-para-o-rock-in-rio-conheca-algumas-das-novidades-desta-edicao\/","name":"Faltam tr\u00eas dias para o Rock in Rio! Conhe\u00e7a algumas das novidades desta edi\u00e7\u00e3o | Infocul.pt - Arquivo Digital","isPartOf":{"@id":"https:\/\/infocul.pt\/arquivo\/#website"},"primaryImageOfPage":{"@id":"https:\/\/infocul.pt\/arquivo\/cultura\/faltam-tres-dias-para-o-rock-in-rio-conheca-algumas-das-novidades-desta-edicao\/#primaryimage"},"image":{"@id":"https:\/\/infocul.pt\/arquivo\/cultura\/faltam-tres-dias-para-o-rock-in-rio-conheca-algumas-das-novidades-desta-edicao\/#primaryimage"},"thumbnailUrl":"https:\/\/infocul.pt\/arquivo\/wp-content\/uploads\/2016\/05\/Prevu-Rock-in-Rio16.jpg","datePublished":"2016-05-16T09:54:59+00:00","dateModified":"2016-05-17T22:39:01+00:00","description":"Faltam tr\u00eas dias para o Rock in Rio! Conhe\u00e7a algumas das novidades desta edi\u00e7\u00e3o | Infocul.pt - Arquivo Digital","breadcrumb":{"@id":"https:\/\/infocul.pt\/arquivo\/cultura\/faltam-tres-dias-para-o-rock-in-rio-conheca-algumas-das-novidades-desta-edicao\/#breadcrumb"},"inLanguage":"pt-PT","potentialAction":[{"@type":"ReadAction","target":["https:\/\/infocul.pt\/arquivo\/cultura\/faltam-tres-dias-para-o-rock-in-rio-conheca-algumas-das-novidades-desta-edicao\/"]}]},{"@type":"ImageObject","inLanguage":"pt-PT","@id":"https:\/\/infocul.pt\/arquivo\/cultura\/faltam-tres-dias-para-o-rock-in-rio-conheca-algumas-das-novidades-desta-edicao\/#primaryimage","url":"https:\/\/infocul.pt\/arquivo\/wp-content\/uploads\/2016\/05\/Prevu-Rock-in-Rio16.jpg","contentUrl":"https:\/\/infocul.pt\/arquivo\/wp-content\/uploads\/2016\/05\/Prevu-Rock-in-Rio16.jpg","width":600,"height":400},{"@type":"BreadcrumbList","@id":"https:\/\/infocul.pt\/arquivo\/cultura\/faltam-tres-dias-para-o-rock-in-rio-conheca-algumas-das-novidades-desta-edicao\/#breadcrumb","itemListElement":[{"@type":"ListItem","position":1,"name":"Home","item":"https:\/\/infocul.pt\/arquivo\/"},{"@type":"ListItem","position":2,"name":"Faltam tr\u00eas dias para o Rock in Rio! Conhe\u00e7a algumas das novidades desta edi\u00e7\u00e3o"}]},{"@type":"WebSite","@id":"https:\/\/infocul.pt\/arquivo\/#website","url":"https:\/\/infocul.pt\/arquivo\/","name":"Infocul.pt - Arquivo Digital","description":"Arquivo digital da Infocul.pt","publisher":{"@id":"https:\/\/infocul.pt\/arquivo\/#organization"},"potentialAction":[{"@type":"SearchAction","target":{"@type":"EntryPoint","urlTemplate":"https:\/\/infocul.pt\/arquivo\/?s={search_term_string}"},"query-input":{"@type":"PropertyValueSpecification","valueRequired":true,"valueName":"search_term_string"}}],"inLanguage":"pt-PT"},{"@type":"Organization","@id":"https:\/\/infocul.pt\/arquivo\/#organization","name":"Infocul.pt","url":"https:\/\/infocul.pt\/arquivo\/","logo":{"@type":"ImageObject","inLanguage":"pt-PT","@id":"https:\/\/infocul.pt\/arquivo\/#\/schema\/logo\/image\/","url":"https:\/\/infocul.pt\/arquivo\/wp-content\/uploads\/2018\/12\/Infocul_logo-1.png","contentUrl":"https:\/\/infocul.pt\/arquivo\/wp-content\/uploads\/2018\/12\/Infocul_logo-1.png","width":800,"height":800,"caption":"Infocul.pt"},"image":{"@id":"https:\/\/infocul.pt\/arquivo\/#\/schema\/logo\/image\/"},"sameAs":["https:\/\/www.facebook.com\/Infocul-147816815585015\/","https:\/\/x.com\/Infoculpt","http:\/\/www.pictaram.com\/user\/infocul.pt\/2370423710","https:\/\/www.youtube.com\/channel\/UCYEB91AGI9FL9ek2i_IaQAA"]},{"@type":"Person","@id":"https:\/\/infocul.pt\/arquivo\/#\/schema\/person\/f243f45ae8d67639120a7586884f3abc","name":"Redac\u00e7\u00e3o","image":{"@type":"ImageObject","inLanguage":"pt-PT","@id":"https:\/\/secure.gravatar.com\/avatar\/151b1b76c598ab5e749407223bd6c1bad4e41c4e95de3c3df83540ebee2deaf8?s=96&d=mm&r=g","url":"https:\/\/secure.gravatar.com\/avatar\/151b1b76c598ab5e749407223bd6c1bad4e41c4e95de3c3df83540ebee2deaf8?s=96&d=mm&r=g","contentUrl":"https:\/\/secure.gravatar.com\/avatar\/151b1b76c598ab5e749407223bd6c1bad4e41c4e95de3c3df83540ebee2deaf8?s=96&d=mm&r=g","caption":"Redac\u00e7\u00e3o"}}]}},"_links":{"self":[{"href":"https:\/\/infocul.pt\/arquivo\/wp-json\/wp\/v2\/posts\/7911","targetHints":{"allow":["GET"]}}],"collection":[{"href":"https:\/\/infocul.pt\/arquivo\/wp-json\/wp\/v2\/posts"}],"about":[{"href":"https:\/\/infocul.pt\/arquivo\/wp-json\/wp\/v2\/types\/post"}],"author":[{"embeddable":true,"href":"https:\/\/infocul.pt\/arquivo\/wp-json\/wp\/v2\/users\/13"}],"replies":[{"embeddable":true,"href":"https:\/\/infocul.pt\/arquivo\/wp-json\/wp\/v2\/comments?post=7911"}],"version-history":[{"count":0,"href":"https:\/\/infocul.pt\/arquivo\/wp-json\/wp\/v2\/posts\/7911\/revisions"}],"wp:featuredmedia":[{"embeddable":true,"href":"https:\/\/infocul.pt\/arquivo\/wp-json\/wp\/v2\/media\/7913"}],"wp:attachment":[{"href":"https:\/\/infocul.pt\/arquivo\/wp-json\/wp\/v2\/media?parent=7911"}],"wp:term":[{"taxonomy":"category","embeddable":true,"href":"https:\/\/infocul.pt\/arquivo\/wp-json\/wp\/v2\/categories?post=7911"},{"taxonomy":"post_tag","embeddable":true,"href":"https:\/\/infocul.pt\/arquivo\/wp-json\/wp\/v2\/tags?post=7911"}],"curies":[{"name":"wp","href":"https:\/\/api.w.org\/{rel}","templated":true}]}}