{"id":80820,"date":"2020-09-09T15:01:59","date_gmt":"2020-09-09T14:01:59","guid":{"rendered":"https:\/\/infocul.pt\/?p=80820"},"modified":"2020-09-09T15:01:59","modified_gmt":"2020-09-09T14:01:59","slug":"salgueiro-maia-o-implicado-chega-aos-cinemas-a-15-de-abril-de-2021","status":"publish","type":"post","link":"https:\/\/infocul.pt\/arquivo\/cultura\/salgueiro-maia-o-implicado-chega-aos-cinemas-a-15-de-abril-de-2021\/","title":{"rendered":"&#8216;Salgueiro Maia- O Implicado&#8217; chega aos cinemas a 15 de Abril de 2021"},"content":{"rendered":"<p><img decoding=\"async\" class=\"aligncenter wp-image-80821 size-full lazyload\" data-src=\"https:\/\/infocul.pt\/arquivo\/wp-content\/uploads\/2020\/09\/SMI_Dia010\u00a9filipefeio-038.jpg\" alt=\"\" width=\"600\" height=\"399\" data-srcset=\"https:\/\/infocul.pt\/arquivo\/wp-content\/uploads\/2020\/09\/SMI_Dia010\u00a9filipefeio-038.jpg 600w, https:\/\/infocul.pt\/arquivo\/wp-content\/uploads\/2020\/09\/SMI_Dia010\u00a9filipefeio-038-300x200.jpg 300w\" data-sizes=\"(max-width: 600px) 100vw, 600px\" src=\"data:image\/svg+xml;base64,PHN2ZyB3aWR0aD0iMSIgaGVpZ2h0PSIxIiB4bWxucz0iaHR0cDovL3d3dy53My5vcmcvMjAwMC9zdmciPjwvc3ZnPg==\" style=\"--smush-placeholder-width: 600px; --smush-placeholder-aspect-ratio: 600\/399;\" \/><\/p>\n<p>&nbsp;<\/p>\n<p>O primeiro retrato para o grande ecr\u00e3, daquele que \u00e9 considerado o her\u00f3i e o s\u00edmbolo mais puro do 25 de Abril de 1974: Fernando Salgueiro Maia chega agora ao cinema em Portugal dia 15 de Abril de 2021.<!--more--><br \/>\nProtagonizado por Tom\u00e1s Alves, Frederico Barata, Filipa Areosa, Jos\u00e9 Condessa e Catarina Wallenstein, com realiza\u00e7\u00e3o de S\u00e9rgio Graciano e gui\u00e3o de Jo\u00e3o Lacerda de Matos, o filme parte da biografia exclusiva e da investiga\u00e7\u00e3o de Ant\u00f3nio de Sousa Duarte.<\/p>\n<p>A produ\u00e7\u00e3o \u00e9 da Sky Dreams Entertainment que tem como coprodutora a colombiana 11:11 Films &amp; TV. O filme \u00e9 distribu\u00eddo pela Cinemundo e conta com as parcerias da RTP, PIC \/ ICA \/ Turismo de Portugal e CM Lisboa.<\/p>\n","protected":false},"excerpt":{"rendered":"<p>&nbsp; O primeiro retrato para o grande ecr\u00e3, daquele que \u00e9 considerado o her\u00f3i e o s\u00edmbolo mais puro do 25 de Abril de 1974: Fernando Salgueiro Maia chega agora ao cinema em Portugal dia 15 de Abril de 2021.<\/p>\n","protected":false},"author":13,"featured_media":80821,"comment_status":"open","ping_status":"closed","sticky":false,"template":"","format":"standard","meta":{"footnotes":""},"categories":[6,2],"tags":[5122,5231,10007,1065,10008,10006],"class_list":["post-80820","post","type-post","status-publish","format-standard","has-post-thumbnail","hentry","category-cinema","category-cultura","tag-catarina-wallenstein","tag-filipa-areosa","tag-frederico-barata","tag-jose-condessa","tag-salgueiro-maia","tag-tomas-alves"],"yoast_head":"<!-- This site is optimized with the Yoast SEO plugin v27.4 - https:\/\/yoast.com\/product\/yoast-seo-wordpress\/ -->\n<title>&#039;Salgueiro Maia- O Implicado&#039; chega aos cinemas a 15 de Abril de 2021 | Infocul.pt - Arquivo Digital<\/title>\n<meta name=\"description\" content=\"&#039;Salgueiro Maia- O Implicado&#039; chega aos cinemas a 15 de Abril de 2021 | Infocul.pt - Arquivo Digital\" \/>\n<meta name=\"robots\" content=\"noindex, follow, max-snippet:-1, max-image-preview:large, max-video-preview:-1\" \/>\n<meta property=\"og:locale\" content=\"pt_PT\" \/>\n<meta property=\"og:type\" content=\"article\" \/>\n<meta property=\"og:title\" content=\"&#039;Salgueiro Maia- O Implicado&#039; chega aos cinemas a 15 de Abril de 2021 | Infocul.pt - Arquivo Digital\" \/>\n<meta property=\"og:description\" content=\"&#039;Salgueiro Maia- O Implicado&#039; chega aos cinemas a 15 de Abril de 2021 | Infocul.pt - Arquivo Digital\" \/>\n<meta property=\"og:url\" content=\"https:\/\/infocul.pt\/arquivo\/cultura\/salgueiro-maia-o-implicado-chega-aos-cinemas-a-15-de-abril-de-2021\/\" \/>\n<meta property=\"og:site_name\" content=\"Infocul.pt - Arquivo Digital\" \/>\n<meta property=\"article:publisher\" content=\"https:\/\/www.facebook.com\/Infocul-147816815585015\/\" \/>\n<meta property=\"article:published_time\" content=\"2020-09-09T14:01:59+00:00\" \/>\n<meta property=\"og:image\" content=\"https:\/\/infocul.pt\/arquivo\/wp-content\/uploads\/2020\/09\/SMI_Dia010\u00a9filipefeio-038.jpg\" \/>\n\t<meta property=\"og:image:width\" content=\"600\" \/>\n\t<meta property=\"og:image:height\" content=\"399\" \/>\n\t<meta property=\"og:image:type\" content=\"image\/jpeg\" \/>\n<meta name=\"author\" content=\"Redac\u00e7\u00e3o\" \/>\n<meta name=\"twitter:card\" content=\"summary_large_image\" \/>\n<meta name=\"twitter:creator\" content=\"@Infoculpt\" \/>\n<meta name=\"twitter:site\" content=\"@Infoculpt\" \/>\n<meta name=\"twitter:label1\" content=\"Escrito por\" \/>\n\t<meta name=\"twitter:data1\" content=\"Redac\u00e7\u00e3o\" \/>\n\t<meta name=\"twitter:label2\" content=\"Tempo estimado de leitura\" \/>\n\t<meta name=\"twitter:data2\" content=\"1 minuto\" \/>\n<script type=\"application\/ld+json\" class=\"yoast-schema-graph\">{\"@context\":\"https:\\\/\\\/schema.org\",\"@graph\":[{\"@type\":\"Article\",\"@id\":\"https:\\\/\\\/infocul.pt\\\/arquivo\\\/cultura\\\/salgueiro-maia-o-implicado-chega-aos-cinemas-a-15-de-abril-de-2021\\\/#article\",\"isPartOf\":{\"@id\":\"https:\\\/\\\/infocul.pt\\\/arquivo\\\/cultura\\\/salgueiro-maia-o-implicado-chega-aos-cinemas-a-15-de-abril-de-2021\\\/\"},\"author\":{\"name\":\"Redac\u00e7\u00e3o\",\"@id\":\"https:\\\/\\\/infocul.pt\\\/arquivo\\\/#\\\/schema\\\/person\\\/f243f45ae8d67639120a7586884f3abc\"},\"headline\":\"&#8216;Salgueiro Maia- O Implicado&#8217; chega aos cinemas a 15 de Abril de 2021\",\"datePublished\":\"2020-09-09T14:01:59+00:00\",\"mainEntityOfPage\":{\"@id\":\"https:\\\/\\\/infocul.pt\\\/arquivo\\\/cultura\\\/salgueiro-maia-o-implicado-chega-aos-cinemas-a-15-de-abril-de-2021\\\/\"},\"wordCount\":131,\"commentCount\":0,\"publisher\":{\"@id\":\"https:\\\/\\\/infocul.pt\\\/arquivo\\\/#organization\"},\"image\":{\"@id\":\"https:\\\/\\\/infocul.pt\\\/arquivo\\\/cultura\\\/salgueiro-maia-o-implicado-chega-aos-cinemas-a-15-de-abril-de-2021\\\/#primaryimage\"},\"thumbnailUrl\":\"https:\\\/\\\/infocul.pt\\\/arquivo\\\/wp-content\\\/uploads\\\/2020\\\/09\\\/SMI_Dia010\u00a9filipefeio-038.jpg\",\"keywords\":[\"Catarina Wallenstein\",\"Filipa Areosa\",\"Frederico Barata\",\"Jos\u00e9 Condessa\",\"Salgueiro Maia\",\"Tom\u00e1s Alves\"],\"articleSection\":[\"Cinema\",\"Cultura\"],\"inLanguage\":\"pt-PT\"},{\"@type\":\"WebPage\",\"@id\":\"https:\\\/\\\/infocul.pt\\\/arquivo\\\/cultura\\\/salgueiro-maia-o-implicado-chega-aos-cinemas-a-15-de-abril-de-2021\\\/\",\"url\":\"https:\\\/\\\/infocul.pt\\\/arquivo\\\/cultura\\\/salgueiro-maia-o-implicado-chega-aos-cinemas-a-15-de-abril-de-2021\\\/\",\"name\":\"'Salgueiro Maia- O Implicado' chega aos cinemas a 15 de Abril de 2021 | Infocul.pt - Arquivo Digital\",\"isPartOf\":{\"@id\":\"https:\\\/\\\/infocul.pt\\\/arquivo\\\/#website\"},\"primaryImageOfPage\":{\"@id\":\"https:\\\/\\\/infocul.pt\\\/arquivo\\\/cultura\\\/salgueiro-maia-o-implicado-chega-aos-cinemas-a-15-de-abril-de-2021\\\/#primaryimage\"},\"image\":{\"@id\":\"https:\\\/\\\/infocul.pt\\\/arquivo\\\/cultura\\\/salgueiro-maia-o-implicado-chega-aos-cinemas-a-15-de-abril-de-2021\\\/#primaryimage\"},\"thumbnailUrl\":\"https:\\\/\\\/infocul.pt\\\/arquivo\\\/wp-content\\\/uploads\\\/2020\\\/09\\\/SMI_Dia010\u00a9filipefeio-038.jpg\",\"datePublished\":\"2020-09-09T14:01:59+00:00\",\"description\":\"'Salgueiro Maia- O Implicado' chega aos cinemas a 15 de Abril de 2021 | Infocul.pt - Arquivo Digital\",\"breadcrumb\":{\"@id\":\"https:\\\/\\\/infocul.pt\\\/arquivo\\\/cultura\\\/salgueiro-maia-o-implicado-chega-aos-cinemas-a-15-de-abril-de-2021\\\/#breadcrumb\"},\"inLanguage\":\"pt-PT\",\"potentialAction\":[{\"@type\":\"ReadAction\",\"target\":[\"https:\\\/\\\/infocul.pt\\\/arquivo\\\/cultura\\\/salgueiro-maia-o-implicado-chega-aos-cinemas-a-15-de-abril-de-2021\\\/\"]}]},{\"@type\":\"ImageObject\",\"inLanguage\":\"pt-PT\",\"@id\":\"https:\\\/\\\/infocul.pt\\\/arquivo\\\/cultura\\\/salgueiro-maia-o-implicado-chega-aos-cinemas-a-15-de-abril-de-2021\\\/#primaryimage\",\"url\":\"https:\\\/\\\/infocul.pt\\\/arquivo\\\/wp-content\\\/uploads\\\/2020\\\/09\\\/SMI_Dia010\u00a9filipefeio-038.jpg\",\"contentUrl\":\"https:\\\/\\\/infocul.pt\\\/arquivo\\\/wp-content\\\/uploads\\\/2020\\\/09\\\/SMI_Dia010\u00a9filipefeio-038.jpg\",\"width\":600,\"height\":399},{\"@type\":\"BreadcrumbList\",\"@id\":\"https:\\\/\\\/infocul.pt\\\/arquivo\\\/cultura\\\/salgueiro-maia-o-implicado-chega-aos-cinemas-a-15-de-abril-de-2021\\\/#breadcrumb\",\"itemListElement\":[{\"@type\":\"ListItem\",\"position\":1,\"name\":\"Home\",\"item\":\"https:\\\/\\\/infocul.pt\\\/arquivo\\\/\"},{\"@type\":\"ListItem\",\"position\":2,\"name\":\"&#8216;Salgueiro Maia- O Implicado&#8217; chega aos cinemas a 15 de Abril de 2021\"}]},{\"@type\":\"WebSite\",\"@id\":\"https:\\\/\\\/infocul.pt\\\/arquivo\\\/#website\",\"url\":\"https:\\\/\\\/infocul.pt\\\/arquivo\\\/\",\"name\":\"Infocul.pt - Arquivo Digital\",\"description\":\"Arquivo digital da Infocul.pt\",\"publisher\":{\"@id\":\"https:\\\/\\\/infocul.pt\\\/arquivo\\\/#organization\"},\"potentialAction\":[{\"@type\":\"SearchAction\",\"target\":{\"@type\":\"EntryPoint\",\"urlTemplate\":\"https:\\\/\\\/infocul.pt\\\/arquivo\\\/?s={search_term_string}\"},\"query-input\":{\"@type\":\"PropertyValueSpecification\",\"valueRequired\":true,\"valueName\":\"search_term_string\"}}],\"inLanguage\":\"pt-PT\"},{\"@type\":\"Organization\",\"@id\":\"https:\\\/\\\/infocul.pt\\\/arquivo\\\/#organization\",\"name\":\"Infocul.pt\",\"url\":\"https:\\\/\\\/infocul.pt\\\/arquivo\\\/\",\"logo\":{\"@type\":\"ImageObject\",\"inLanguage\":\"pt-PT\",\"@id\":\"https:\\\/\\\/infocul.pt\\\/arquivo\\\/#\\\/schema\\\/logo\\\/image\\\/\",\"url\":\"https:\\\/\\\/infocul.pt\\\/arquivo\\\/wp-content\\\/uploads\\\/2018\\\/12\\\/Infocul_logo-1.png\",\"contentUrl\":\"https:\\\/\\\/infocul.pt\\\/arquivo\\\/wp-content\\\/uploads\\\/2018\\\/12\\\/Infocul_logo-1.png\",\"width\":800,\"height\":800,\"caption\":\"Infocul.pt\"},\"image\":{\"@id\":\"https:\\\/\\\/infocul.pt\\\/arquivo\\\/#\\\/schema\\\/logo\\\/image\\\/\"},\"sameAs\":[\"https:\\\/\\\/www.facebook.com\\\/Infocul-147816815585015\\\/\",\"https:\\\/\\\/x.com\\\/Infoculpt\",\"http:\\\/\\\/www.pictaram.com\\\/user\\\/infocul.pt\\\/2370423710\",\"https:\\\/\\\/www.youtube.com\\\/channel\\\/UCYEB91AGI9FL9ek2i_IaQAA\"]},{\"@type\":\"Person\",\"@id\":\"https:\\\/\\\/infocul.pt\\\/arquivo\\\/#\\\/schema\\\/person\\\/f243f45ae8d67639120a7586884f3abc\",\"name\":\"Redac\u00e7\u00e3o\",\"image\":{\"@type\":\"ImageObject\",\"inLanguage\":\"pt-PT\",\"@id\":\"https:\\\/\\\/secure.gravatar.com\\\/avatar\\\/151b1b76c598ab5e749407223bd6c1bad4e41c4e95de3c3df83540ebee2deaf8?s=96&d=mm&r=g\",\"url\":\"https:\\\/\\\/secure.gravatar.com\\\/avatar\\\/151b1b76c598ab5e749407223bd6c1bad4e41c4e95de3c3df83540ebee2deaf8?s=96&d=mm&r=g\",\"contentUrl\":\"https:\\\/\\\/secure.gravatar.com\\\/avatar\\\/151b1b76c598ab5e749407223bd6c1bad4e41c4e95de3c3df83540ebee2deaf8?s=96&d=mm&r=g\",\"caption\":\"Redac\u00e7\u00e3o\"}}]}<\/script>\n<!-- \/ Yoast SEO plugin. -->","yoast_head_json":{"title":"'Salgueiro Maia- O Implicado' chega aos cinemas a 15 de Abril de 2021 | Infocul.pt - Arquivo Digital","description":"'Salgueiro Maia- O Implicado' chega aos cinemas a 15 de Abril de 2021 | Infocul.pt - Arquivo Digital","robots":{"index":"noindex","follow":"follow","max-snippet":"max-snippet:-1","max-image-preview":"max-image-preview:large","max-video-preview":"max-video-preview:-1"},"og_locale":"pt_PT","og_type":"article","og_title":"'Salgueiro Maia- O Implicado' chega aos cinemas a 15 de Abril de 2021 | Infocul.pt - Arquivo Digital","og_description":"'Salgueiro Maia- O Implicado' chega aos cinemas a 15 de Abril de 2021 | Infocul.pt - Arquivo Digital","og_url":"https:\/\/infocul.pt\/arquivo\/cultura\/salgueiro-maia-o-implicado-chega-aos-cinemas-a-15-de-abril-de-2021\/","og_site_name":"Infocul.pt - Arquivo Digital","article_publisher":"https:\/\/www.facebook.com\/Infocul-147816815585015\/","article_published_time":"2020-09-09T14:01:59+00:00","og_image":[{"width":600,"height":399,"url":"https:\/\/infocul.pt\/arquivo\/wp-content\/uploads\/2020\/09\/SMI_Dia010\u00a9filipefeio-038.jpg","type":"image\/jpeg"}],"author":"Redac\u00e7\u00e3o","twitter_card":"summary_large_image","twitter_creator":"@Infoculpt","twitter_site":"@Infoculpt","twitter_misc":{"Escrito por":"Redac\u00e7\u00e3o","Tempo estimado de leitura":"1 minuto"},"schema":{"@context":"https:\/\/schema.org","@graph":[{"@type":"Article","@id":"https:\/\/infocul.pt\/arquivo\/cultura\/salgueiro-maia-o-implicado-chega-aos-cinemas-a-15-de-abril-de-2021\/#article","isPartOf":{"@id":"https:\/\/infocul.pt\/arquivo\/cultura\/salgueiro-maia-o-implicado-chega-aos-cinemas-a-15-de-abril-de-2021\/"},"author":{"name":"Redac\u00e7\u00e3o","@id":"https:\/\/infocul.pt\/arquivo\/#\/schema\/person\/f243f45ae8d67639120a7586884f3abc"},"headline":"&#8216;Salgueiro Maia- O Implicado&#8217; chega aos cinemas a 15 de Abril de 2021","datePublished":"2020-09-09T14:01:59+00:00","mainEntityOfPage":{"@id":"https:\/\/infocul.pt\/arquivo\/cultura\/salgueiro-maia-o-implicado-chega-aos-cinemas-a-15-de-abril-de-2021\/"},"wordCount":131,"commentCount":0,"publisher":{"@id":"https:\/\/infocul.pt\/arquivo\/#organization"},"image":{"@id":"https:\/\/infocul.pt\/arquivo\/cultura\/salgueiro-maia-o-implicado-chega-aos-cinemas-a-15-de-abril-de-2021\/#primaryimage"},"thumbnailUrl":"https:\/\/infocul.pt\/arquivo\/wp-content\/uploads\/2020\/09\/SMI_Dia010\u00a9filipefeio-038.jpg","keywords":["Catarina Wallenstein","Filipa Areosa","Frederico Barata","Jos\u00e9 Condessa","Salgueiro Maia","Tom\u00e1s Alves"],"articleSection":["Cinema","Cultura"],"inLanguage":"pt-PT"},{"@type":"WebPage","@id":"https:\/\/infocul.pt\/arquivo\/cultura\/salgueiro-maia-o-implicado-chega-aos-cinemas-a-15-de-abril-de-2021\/","url":"https:\/\/infocul.pt\/arquivo\/cultura\/salgueiro-maia-o-implicado-chega-aos-cinemas-a-15-de-abril-de-2021\/","name":"'Salgueiro Maia- O Implicado' chega aos cinemas a 15 de Abril de 2021 | Infocul.pt - Arquivo Digital","isPartOf":{"@id":"https:\/\/infocul.pt\/arquivo\/#website"},"primaryImageOfPage":{"@id":"https:\/\/infocul.pt\/arquivo\/cultura\/salgueiro-maia-o-implicado-chega-aos-cinemas-a-15-de-abril-de-2021\/#primaryimage"},"image":{"@id":"https:\/\/infocul.pt\/arquivo\/cultura\/salgueiro-maia-o-implicado-chega-aos-cinemas-a-15-de-abril-de-2021\/#primaryimage"},"thumbnailUrl":"https:\/\/infocul.pt\/arquivo\/wp-content\/uploads\/2020\/09\/SMI_Dia010\u00a9filipefeio-038.jpg","datePublished":"2020-09-09T14:01:59+00:00","description":"'Salgueiro Maia- O Implicado' chega aos cinemas a 15 de Abril de 2021 | Infocul.pt - Arquivo Digital","breadcrumb":{"@id":"https:\/\/infocul.pt\/arquivo\/cultura\/salgueiro-maia-o-implicado-chega-aos-cinemas-a-15-de-abril-de-2021\/#breadcrumb"},"inLanguage":"pt-PT","potentialAction":[{"@type":"ReadAction","target":["https:\/\/infocul.pt\/arquivo\/cultura\/salgueiro-maia-o-implicado-chega-aos-cinemas-a-15-de-abril-de-2021\/"]}]},{"@type":"ImageObject","inLanguage":"pt-PT","@id":"https:\/\/infocul.pt\/arquivo\/cultura\/salgueiro-maia-o-implicado-chega-aos-cinemas-a-15-de-abril-de-2021\/#primaryimage","url":"https:\/\/infocul.pt\/arquivo\/wp-content\/uploads\/2020\/09\/SMI_Dia010\u00a9filipefeio-038.jpg","contentUrl":"https:\/\/infocul.pt\/arquivo\/wp-content\/uploads\/2020\/09\/SMI_Dia010\u00a9filipefeio-038.jpg","width":600,"height":399},{"@type":"BreadcrumbList","@id":"https:\/\/infocul.pt\/arquivo\/cultura\/salgueiro-maia-o-implicado-chega-aos-cinemas-a-15-de-abril-de-2021\/#breadcrumb","itemListElement":[{"@type":"ListItem","position":1,"name":"Home","item":"https:\/\/infocul.pt\/arquivo\/"},{"@type":"ListItem","position":2,"name":"&#8216;Salgueiro Maia- O Implicado&#8217; chega aos cinemas a 15 de Abril de 2021"}]},{"@type":"WebSite","@id":"https:\/\/infocul.pt\/arquivo\/#website","url":"https:\/\/infocul.pt\/arquivo\/","name":"Infocul.pt - Arquivo Digital","description":"Arquivo digital da Infocul.pt","publisher":{"@id":"https:\/\/infocul.pt\/arquivo\/#organization"},"potentialAction":[{"@type":"SearchAction","target":{"@type":"EntryPoint","urlTemplate":"https:\/\/infocul.pt\/arquivo\/?s={search_term_string}"},"query-input":{"@type":"PropertyValueSpecification","valueRequired":true,"valueName":"search_term_string"}}],"inLanguage":"pt-PT"},{"@type":"Organization","@id":"https:\/\/infocul.pt\/arquivo\/#organization","name":"Infocul.pt","url":"https:\/\/infocul.pt\/arquivo\/","logo":{"@type":"ImageObject","inLanguage":"pt-PT","@id":"https:\/\/infocul.pt\/arquivo\/#\/schema\/logo\/image\/","url":"https:\/\/infocul.pt\/arquivo\/wp-content\/uploads\/2018\/12\/Infocul_logo-1.png","contentUrl":"https:\/\/infocul.pt\/arquivo\/wp-content\/uploads\/2018\/12\/Infocul_logo-1.png","width":800,"height":800,"caption":"Infocul.pt"},"image":{"@id":"https:\/\/infocul.pt\/arquivo\/#\/schema\/logo\/image\/"},"sameAs":["https:\/\/www.facebook.com\/Infocul-147816815585015\/","https:\/\/x.com\/Infoculpt","http:\/\/www.pictaram.com\/user\/infocul.pt\/2370423710","https:\/\/www.youtube.com\/channel\/UCYEB91AGI9FL9ek2i_IaQAA"]},{"@type":"Person","@id":"https:\/\/infocul.pt\/arquivo\/#\/schema\/person\/f243f45ae8d67639120a7586884f3abc","name":"Redac\u00e7\u00e3o","image":{"@type":"ImageObject","inLanguage":"pt-PT","@id":"https:\/\/secure.gravatar.com\/avatar\/151b1b76c598ab5e749407223bd6c1bad4e41c4e95de3c3df83540ebee2deaf8?s=96&d=mm&r=g","url":"https:\/\/secure.gravatar.com\/avatar\/151b1b76c598ab5e749407223bd6c1bad4e41c4e95de3c3df83540ebee2deaf8?s=96&d=mm&r=g","contentUrl":"https:\/\/secure.gravatar.com\/avatar\/151b1b76c598ab5e749407223bd6c1bad4e41c4e95de3c3df83540ebee2deaf8?s=96&d=mm&r=g","caption":"Redac\u00e7\u00e3o"}}]}},"_links":{"self":[{"href":"https:\/\/infocul.pt\/arquivo\/wp-json\/wp\/v2\/posts\/80820","targetHints":{"allow":["GET"]}}],"collection":[{"href":"https:\/\/infocul.pt\/arquivo\/wp-json\/wp\/v2\/posts"}],"about":[{"href":"https:\/\/infocul.pt\/arquivo\/wp-json\/wp\/v2\/types\/post"}],"author":[{"embeddable":true,"href":"https:\/\/infocul.pt\/arquivo\/wp-json\/wp\/v2\/users\/13"}],"replies":[{"embeddable":true,"href":"https:\/\/infocul.pt\/arquivo\/wp-json\/wp\/v2\/comments?post=80820"}],"version-history":[{"count":0,"href":"https:\/\/infocul.pt\/arquivo\/wp-json\/wp\/v2\/posts\/80820\/revisions"}],"wp:featuredmedia":[{"embeddable":true,"href":"https:\/\/infocul.pt\/arquivo\/wp-json\/wp\/v2\/media\/80821"}],"wp:attachment":[{"href":"https:\/\/infocul.pt\/arquivo\/wp-json\/wp\/v2\/media?parent=80820"}],"wp:term":[{"taxonomy":"category","embeddable":true,"href":"https:\/\/infocul.pt\/arquivo\/wp-json\/wp\/v2\/categories?post=80820"},{"taxonomy":"post_tag","embeddable":true,"href":"https:\/\/infocul.pt\/arquivo\/wp-json\/wp\/v2\/tags?post=80820"}],"curies":[{"name":"wp","href":"https:\/\/api.w.org\/{rel}","templated":true}]}}