{"id":80858,"date":"2020-09-10T09:26:21","date_gmt":"2020-09-10T08:26:21","guid":{"rendered":"https:\/\/infocul.pt\/?p=80858"},"modified":"2020-09-10T09:26:21","modified_gmt":"2020-09-10T08:26:21","slug":"pedro-flores-apresenta-o-primeiro-single-gosto-de-cantar-quase-tudo-mas-o-fado-esta-sempre-dentro-de-mim","status":"publish","type":"post","link":"https:\/\/infocul.pt\/arquivo\/cultura\/pedro-flores-apresenta-o-primeiro-single-gosto-de-cantar-quase-tudo-mas-o-fado-esta-sempre-dentro-de-mim\/","title":{"rendered":"Pedro Flores apresenta o primeiro single: \u201cGosto de cantar quase tudo mas o fado est\u00e1 sempre dentro de mim\u201d"},"content":{"rendered":"<p><img decoding=\"async\" class=\"aligncenter wp-image-80859 size-large lazyload\" data-src=\"https:\/\/infocul.pt\/arquivo\/wp-content\/uploads\/2020\/09\/105011707_679497012615156_5132346626379573842_o-819x1024.jpg\" alt=\"\" width=\"800\" height=\"1000\" data-srcset=\"https:\/\/infocul.pt\/arquivo\/wp-content\/uploads\/2020\/09\/105011707_679497012615156_5132346626379573842_o.jpg 819w, https:\/\/infocul.pt\/arquivo\/wp-content\/uploads\/2020\/09\/105011707_679497012615156_5132346626379573842_o-240x300.jpg 240w, https:\/\/infocul.pt\/arquivo\/wp-content\/uploads\/2020\/09\/105011707_679497012615156_5132346626379573842_o-768x960.jpg 768w, https:\/\/infocul.pt\/arquivo\/wp-content\/uploads\/2020\/09\/105011707_679497012615156_5132346626379573842_o-1229x1536.jpg 1229w\" data-sizes=\"(max-width: 800px) 100vw, 800px\" src=\"data:image\/svg+xml;base64,PHN2ZyB3aWR0aD0iMSIgaGVpZ2h0PSIxIiB4bWxucz0iaHR0cDovL3d3dy53My5vcmcvMjAwMC9zdmciPjwvc3ZnPg==\" style=\"--smush-placeholder-width: 800px; --smush-placeholder-aspect-ratio: 800\/1000;\" \/><\/p>\n<p>\u2018Leonor\u2019 \u00e9 o primeiro single de Pedro Flores e que antecipa o seu primeiro disco, hom\u00f3nimo, com edi\u00e7\u00e3o prevista para Outubro.<!--more--><\/p>\n<p>O cantor concedeu uma entrevista ao Infocul, conduzida por Rui Lavrador, para falar sobre o single, o disco, o percurso e os objectivos na m\u00fasica.<\/p>\n<p>\u2018Leonor\u2019 j\u00e1 se encontra dispon\u00edvel digitalmente e far\u00e1 parte do \u00e1lbum hom\u00f3nimo de Pedro Flores, que tem edi\u00e7\u00e3o prevista para Outubro de 2020 e incluir\u00e1 temas originais de autores como Agir, Diogo Clemente e Matias Dama\u0301sio.<\/p>\n<p>Com produ\u00e7\u00e3o a cargo de Diogo Clemente, o primeiro registo de longa-dura\u00e7\u00e3o de Pedro Flores homenagear\u00e1 igualmente alguns dos mais importantes e intemporais crooners portugueses, como Tony de Matos, Francisco Jose\u0301 e Rui de Mascarenhas.<\/p>\n<p>&nbsp;<\/p>\n<p><strong>Pedro, quem \u00e9 esta Leonor que d\u00e1 nome ao teu primeiro single?<\/strong><\/p>\n<p><em>A Leonor representa todas as mulheres de Portugal. Passa a mensagem de que na vida deve-se desfrutar e saborear todas as fases como elas s\u00e3o e n\u00e3o devemos ter pressa de crescer. \u00c0s vezes, existe alguma press\u00e3o seja na nossa vida profissional ou pessoal de que o mundo est\u00e1 \u00e0 espera que sejamos adultos r\u00e1pido\u2026 \u201cE ainda h\u00e1 quem diga que n\u00e3o h\u00e1 nada a fazer, e que a vida um dia a vai fazer crescer. Mentira, a vida \u00e9 o que ela escolher, pois se ainda n\u00e3o \u00e9 mulher, um dia h\u00e1 de ser\u2026\u201d. Conectei-me logo com esta mensagem porque come\u00e7o a ter muitos amigos a casar e a ter filhos e eu estou longe disso!<\/em><\/p>\n<p>&nbsp;<\/p>\n<p><strong>A letra \u00e9 do Agir. Como chegou at\u00e9 ti?<\/strong><\/p>\n<p><em>Eu e o Agir temos uma grande amiga em comum, a Carolina Deslandes. Um dia a Carolina liga-me a dizer que ia ser madrinha de casamento do Bernardo (Agir) e se eu lhe podia emprestar uma gravata azul pois ele n\u00e3o tinha nenhuma daquela cor e lisa\u2026 E assim foi, o Agir casa-se com a minha gravata sem nos conhecermos\u2026Mais tarde, encontramo-nos, eu conto lhe sobre este meu projecto\u00a0e ele colocou-se logo \u00e0 disposi\u00e7\u00e3o para me fazer um tema. E assim nasce a Leonor!<\/em><\/p>\n<p><strong>Contas com a produ\u00e7\u00e3o do Diogo Clemente no tema e tamb\u00e9m no disco. Qual a marca que Clemente traz ao teu trabalho e o que mais potencia em ti?<\/strong><\/p>\n<p><em>O Diogo Clemente foi a primeira pessoa no mundo da m\u00fasica que veio ter comigo a dizer que eu tinha de gravar um disco. Na altura devia ter uns 16 anos. Temos uma conex\u00e3o musical muito forte. O Diogo conseguiu potencializar o melhor da minha interpreta\u00e7\u00e3o e um registo muito caracter\u00edstico, facilmente identific\u00e1vel. Uma mistura do passado com o presente.<\/em><\/p>\n<p><strong>Quem s\u00e3o os m\u00fasicos que te acompanham no tema e no disco?<\/strong><\/p>\n<p><em>No Leonor, temos o Diogo Clemente no guitalele, percuss\u00e3o, baixo e synt e \u00c2ngelo Freire na guitarra Portuguesa. No resto do \u00e1lbum, para al\u00e9m destes dois g\u00e9nios, contamos tamb\u00e9m com Valter Rolo (piano e synt) R\u00faben\u00a0Alves (piano), Tiago Machado (piano) e Chico Santos (Contrabaixo). <\/em><\/p>\n<p><strong>O teu disco ter\u00e1 nome hom\u00f3nimo. \u00c9 por uma quest\u00e3o de identidade?<\/strong><\/p>\n<p><em>Sim, como \u00e9 o meu primeiro \u00e1lbum achei que fazia sentido ter o meu nome. No fundo para as pessoas me conhecerem como sou.<\/em><\/p>\n<p><strong>Como te defines enquanto cantor?<\/strong><\/p>\n<p><em>Sou um cantor que transmite acima de tudo emo\u00e7\u00e3o. Gosto muito da import\u00e2ncia das palavras e do sil\u00eancio na m\u00fasica. Gosto de cantar quase tudo mas o fado est\u00e1 sempre dentro de mim. Agora na quarentena, descobri a minha paix\u00e3o pela composi\u00e7\u00e3o e escrita.<\/em><\/p>\n<p><strong>Onde podem as pessoas interagir contigo e saber mais de ti?<\/strong><\/p>\n<p><em>Nas minhas redes sociais, @pedrofloresmusic. <\/em><\/p>\n<p><strong>Para quem n\u00e3o te conhece, como descreves o teu percurso?<\/strong><\/p>\n<p>A m\u00fasica apareceu na minha vida muito cedo. O meu pai \u00e9 um m\u00fasico (amador) extraordin\u00e1rio, desde muito pequeno que a mim e aos meus irm\u00e3os fez sempre quest\u00e3o da musica estar sempre presente seja em casa, no carro, nas f\u00e9rias\u2026em todo o lado. Descobri o fado sozinho, atrav\u00e9s de um disco que a minha m\u00e3e tinha em casa. Fui descoberto pela professora de m\u00fasica na escola a cantarolar pelos corredores e a minha m\u00e3e come\u00e7a-me a levar aos fados. Aos 18 anos cheguei a gravar uma maqueta tamb\u00e9m com o Diogo Clemente e \u00c2ngelo Freire mas entretanto decido ir estudar gest\u00e3o hoteleira para Espanha onde estive 4 anos. Durante este curso, tive oportunidade de fazer est\u00e1gios em Barcelona, Paris e Marraquexe. Quando volto, tomo a decis\u00e3o que \u00e9 a m\u00fasica a minha voca\u00e7\u00e3o e paix\u00e3o.<\/p>\n<p><strong>Quais os objectivos que tens na m\u00fasica?<\/strong><\/p>\n<p><em>O meu objectivo \u00e9 ter um lugar na m\u00fasica Portuguesa e partilhar com o mundo a minha paix\u00e3o e o muito que tenho para dar.<\/em><\/p>\n<p><strong>Al\u00e9m da m\u00fasica, seguir\u00e1s outra \u00e1rea profissional?<\/strong><\/p>\n<p><em>Neste momento, ajudo a minha fam\u00edlia na gest\u00e3o do restaurante La Trattoria em Lisboa. Acho que n\u00e3o me vou conseguir desligar a 100% mas nunca se sabe\u2026<\/em><\/p>\n<p><strong>Que mensagem deixas aos nossos leitores?<\/strong><\/p>\n<p><em>A mensagem que deixo \u00e9 que vem a\u00ed muita m\u00fasica! E tenho mesmo muita vontade de me dar a conhecer e come\u00e7ar a subir aos palcos. Estejam atentos, porque v\u00eam a\u00ed muitas novidades.<\/em><\/p>\n<p><iframe title=\"Pedro Flores - Leonor\" width=\"500\" height=\"281\" data-src=\"https:\/\/www.youtube.com\/embed\/OO1Rxc8cb0k?feature=oembed\" frameborder=\"0\" allow=\"accelerometer; autoplay; clipboard-write; encrypted-media; gyroscope; picture-in-picture; web-share\" referrerpolicy=\"strict-origin-when-cross-origin\" allowfullscreen src=\"data:image\/svg+xml;base64,PHN2ZyB3aWR0aD0iMSIgaGVpZ2h0PSIxIiB4bWxucz0iaHR0cDovL3d3dy53My5vcmcvMjAwMC9zdmciPjwvc3ZnPg==\" class=\"lazyload\" data-load-mode=\"1\"><\/iframe><\/p>\n","protected":false},"excerpt":{"rendered":"<p>\u2018Leonor\u2019 \u00e9 o primeiro single de Pedro Flores e que antecipa o seu primeiro disco, hom\u00f3nimo, com edi\u00e7\u00e3o prevista para Outubro.<\/p>\n","protected":false},"author":13,"featured_media":80859,"comment_status":"open","ping_status":"closed","sticky":false,"template":"","format":"standard","meta":{"footnotes":""},"categories":[2,36,4,4124],"tags":[],"class_list":["post-80858","post","type-post","status-publish","format-standard","has-post-thumbnail","hentry","category-cultura","category-destaque","category-discos","category-entrevistas"],"yoast_head":"<!-- This site is optimized with the Yoast SEO plugin v27.4 - https:\/\/yoast.com\/product\/yoast-seo-wordpress\/ -->\n<title>Pedro Flores apresenta o primeiro single: \u201cGosto de cantar quase tudo mas o fado est\u00e1 sempre dentro de mim\u201d | Infocul.pt - Arquivo Digital<\/title>\n<meta name=\"description\" content=\"Pedro Flores apresenta o primeiro single: \u201cGosto de cantar quase tudo mas o fado est\u00e1 sempre dentro de mim\u201d | Infocul.pt - Arquivo Digital\" \/>\n<meta name=\"robots\" content=\"noindex, follow, max-snippet:-1, max-image-preview:large, max-video-preview:-1\" \/>\n<meta property=\"og:locale\" content=\"pt_PT\" \/>\n<meta property=\"og:type\" content=\"article\" \/>\n<meta property=\"og:title\" content=\"Pedro Flores apresenta o primeiro single: \u201cGosto de cantar quase tudo mas o fado est\u00e1 sempre dentro de mim\u201d | Infocul.pt - Arquivo Digital\" \/>\n<meta property=\"og:description\" content=\"Pedro Flores apresenta o primeiro single: \u201cGosto de cantar quase tudo mas o fado est\u00e1 sempre dentro de mim\u201d | Infocul.pt - Arquivo Digital\" \/>\n<meta property=\"og:url\" content=\"https:\/\/infocul.pt\/arquivo\/cultura\/pedro-flores-apresenta-o-primeiro-single-gosto-de-cantar-quase-tudo-mas-o-fado-esta-sempre-dentro-de-mim\/\" \/>\n<meta property=\"og:site_name\" content=\"Infocul.pt - Arquivo Digital\" \/>\n<meta property=\"article:publisher\" content=\"https:\/\/www.facebook.com\/Infocul-147816815585015\/\" \/>\n<meta property=\"article:published_time\" content=\"2020-09-10T08:26:21+00:00\" \/>\n<meta property=\"og:image\" content=\"https:\/\/infocul.pt\/arquivo\/wp-content\/uploads\/2020\/09\/105011707_679497012615156_5132346626379573842_o.jpg\" \/>\n\t<meta property=\"og:image:width\" content=\"819\" \/>\n\t<meta property=\"og:image:height\" content=\"1024\" \/>\n\t<meta property=\"og:image:type\" content=\"image\/jpeg\" \/>\n<meta name=\"author\" content=\"Redac\u00e7\u00e3o\" \/>\n<meta name=\"twitter:card\" content=\"summary_large_image\" \/>\n<meta name=\"twitter:creator\" content=\"@Infoculpt\" \/>\n<meta name=\"twitter:site\" content=\"@Infoculpt\" \/>\n<meta name=\"twitter:label1\" content=\"Escrito por\" \/>\n\t<meta name=\"twitter:data1\" content=\"Redac\u00e7\u00e3o\" \/>\n\t<meta name=\"twitter:label2\" content=\"Tempo estimado de leitura\" \/>\n\t<meta name=\"twitter:data2\" content=\"5 minutos\" \/>\n<script type=\"application\/ld+json\" class=\"yoast-schema-graph\">{\"@context\":\"https:\\\/\\\/schema.org\",\"@graph\":[{\"@type\":\"Article\",\"@id\":\"https:\\\/\\\/infocul.pt\\\/arquivo\\\/cultura\\\/pedro-flores-apresenta-o-primeiro-single-gosto-de-cantar-quase-tudo-mas-o-fado-esta-sempre-dentro-de-mim\\\/#article\",\"isPartOf\":{\"@id\":\"https:\\\/\\\/infocul.pt\\\/arquivo\\\/cultura\\\/pedro-flores-apresenta-o-primeiro-single-gosto-de-cantar-quase-tudo-mas-o-fado-esta-sempre-dentro-de-mim\\\/\"},\"author\":{\"name\":\"Redac\u00e7\u00e3o\",\"@id\":\"https:\\\/\\\/infocul.pt\\\/arquivo\\\/#\\\/schema\\\/person\\\/f243f45ae8d67639120a7586884f3abc\"},\"headline\":\"Pedro Flores apresenta o primeiro single: \u201cGosto de cantar quase tudo mas o fado est\u00e1 sempre dentro de mim\u201d\",\"datePublished\":\"2020-09-10T08:26:21+00:00\",\"mainEntityOfPage\":{\"@id\":\"https:\\\/\\\/infocul.pt\\\/arquivo\\\/cultura\\\/pedro-flores-apresenta-o-primeiro-single-gosto-de-cantar-quase-tudo-mas-o-fado-esta-sempre-dentro-de-mim\\\/\"},\"wordCount\":928,\"commentCount\":0,\"publisher\":{\"@id\":\"https:\\\/\\\/infocul.pt\\\/arquivo\\\/#organization\"},\"image\":{\"@id\":\"https:\\\/\\\/infocul.pt\\\/arquivo\\\/cultura\\\/pedro-flores-apresenta-o-primeiro-single-gosto-de-cantar-quase-tudo-mas-o-fado-esta-sempre-dentro-de-mim\\\/#primaryimage\"},\"thumbnailUrl\":\"https:\\\/\\\/infocul.pt\\\/arquivo\\\/wp-content\\\/uploads\\\/2020\\\/09\\\/105011707_679497012615156_5132346626379573842_o.jpg\",\"articleSection\":[\"Cultura\",\"Destaque\",\"Discos\",\"Entrevistas\"],\"inLanguage\":\"pt-PT\"},{\"@type\":\"WebPage\",\"@id\":\"https:\\\/\\\/infocul.pt\\\/arquivo\\\/cultura\\\/pedro-flores-apresenta-o-primeiro-single-gosto-de-cantar-quase-tudo-mas-o-fado-esta-sempre-dentro-de-mim\\\/\",\"url\":\"https:\\\/\\\/infocul.pt\\\/arquivo\\\/cultura\\\/pedro-flores-apresenta-o-primeiro-single-gosto-de-cantar-quase-tudo-mas-o-fado-esta-sempre-dentro-de-mim\\\/\",\"name\":\"Pedro Flores apresenta o primeiro single: \u201cGosto de cantar quase tudo mas o fado est\u00e1 sempre dentro de mim\u201d | Infocul.pt - Arquivo Digital\",\"isPartOf\":{\"@id\":\"https:\\\/\\\/infocul.pt\\\/arquivo\\\/#website\"},\"primaryImageOfPage\":{\"@id\":\"https:\\\/\\\/infocul.pt\\\/arquivo\\\/cultura\\\/pedro-flores-apresenta-o-primeiro-single-gosto-de-cantar-quase-tudo-mas-o-fado-esta-sempre-dentro-de-mim\\\/#primaryimage\"},\"image\":{\"@id\":\"https:\\\/\\\/infocul.pt\\\/arquivo\\\/cultura\\\/pedro-flores-apresenta-o-primeiro-single-gosto-de-cantar-quase-tudo-mas-o-fado-esta-sempre-dentro-de-mim\\\/#primaryimage\"},\"thumbnailUrl\":\"https:\\\/\\\/infocul.pt\\\/arquivo\\\/wp-content\\\/uploads\\\/2020\\\/09\\\/105011707_679497012615156_5132346626379573842_o.jpg\",\"datePublished\":\"2020-09-10T08:26:21+00:00\",\"description\":\"Pedro Flores apresenta o primeiro single: \u201cGosto de cantar quase tudo mas o fado est\u00e1 sempre dentro de mim\u201d | Infocul.pt - Arquivo Digital\",\"breadcrumb\":{\"@id\":\"https:\\\/\\\/infocul.pt\\\/arquivo\\\/cultura\\\/pedro-flores-apresenta-o-primeiro-single-gosto-de-cantar-quase-tudo-mas-o-fado-esta-sempre-dentro-de-mim\\\/#breadcrumb\"},\"inLanguage\":\"pt-PT\",\"potentialAction\":[{\"@type\":\"ReadAction\",\"target\":[\"https:\\\/\\\/infocul.pt\\\/arquivo\\\/cultura\\\/pedro-flores-apresenta-o-primeiro-single-gosto-de-cantar-quase-tudo-mas-o-fado-esta-sempre-dentro-de-mim\\\/\"]}]},{\"@type\":\"ImageObject\",\"inLanguage\":\"pt-PT\",\"@id\":\"https:\\\/\\\/infocul.pt\\\/arquivo\\\/cultura\\\/pedro-flores-apresenta-o-primeiro-single-gosto-de-cantar-quase-tudo-mas-o-fado-esta-sempre-dentro-de-mim\\\/#primaryimage\",\"url\":\"https:\\\/\\\/infocul.pt\\\/arquivo\\\/wp-content\\\/uploads\\\/2020\\\/09\\\/105011707_679497012615156_5132346626379573842_o.jpg\",\"contentUrl\":\"https:\\\/\\\/infocul.pt\\\/arquivo\\\/wp-content\\\/uploads\\\/2020\\\/09\\\/105011707_679497012615156_5132346626379573842_o.jpg\",\"width\":819,\"height\":1024},{\"@type\":\"BreadcrumbList\",\"@id\":\"https:\\\/\\\/infocul.pt\\\/arquivo\\\/cultura\\\/pedro-flores-apresenta-o-primeiro-single-gosto-de-cantar-quase-tudo-mas-o-fado-esta-sempre-dentro-de-mim\\\/#breadcrumb\",\"itemListElement\":[{\"@type\":\"ListItem\",\"position\":1,\"name\":\"Home\",\"item\":\"https:\\\/\\\/infocul.pt\\\/arquivo\\\/\"},{\"@type\":\"ListItem\",\"position\":2,\"name\":\"Pedro Flores apresenta o primeiro single: \u201cGosto de cantar quase tudo mas o fado est\u00e1 sempre dentro de mim\u201d\"}]},{\"@type\":\"WebSite\",\"@id\":\"https:\\\/\\\/infocul.pt\\\/arquivo\\\/#website\",\"url\":\"https:\\\/\\\/infocul.pt\\\/arquivo\\\/\",\"name\":\"Infocul.pt - Arquivo Digital\",\"description\":\"Arquivo digital da Infocul.pt\",\"publisher\":{\"@id\":\"https:\\\/\\\/infocul.pt\\\/arquivo\\\/#organization\"},\"potentialAction\":[{\"@type\":\"SearchAction\",\"target\":{\"@type\":\"EntryPoint\",\"urlTemplate\":\"https:\\\/\\\/infocul.pt\\\/arquivo\\\/?s={search_term_string}\"},\"query-input\":{\"@type\":\"PropertyValueSpecification\",\"valueRequired\":true,\"valueName\":\"search_term_string\"}}],\"inLanguage\":\"pt-PT\"},{\"@type\":\"Organization\",\"@id\":\"https:\\\/\\\/infocul.pt\\\/arquivo\\\/#organization\",\"name\":\"Infocul.pt\",\"url\":\"https:\\\/\\\/infocul.pt\\\/arquivo\\\/\",\"logo\":{\"@type\":\"ImageObject\",\"inLanguage\":\"pt-PT\",\"@id\":\"https:\\\/\\\/infocul.pt\\\/arquivo\\\/#\\\/schema\\\/logo\\\/image\\\/\",\"url\":\"https:\\\/\\\/infocul.pt\\\/arquivo\\\/wp-content\\\/uploads\\\/2018\\\/12\\\/Infocul_logo-1.png\",\"contentUrl\":\"https:\\\/\\\/infocul.pt\\\/arquivo\\\/wp-content\\\/uploads\\\/2018\\\/12\\\/Infocul_logo-1.png\",\"width\":800,\"height\":800,\"caption\":\"Infocul.pt\"},\"image\":{\"@id\":\"https:\\\/\\\/infocul.pt\\\/arquivo\\\/#\\\/schema\\\/logo\\\/image\\\/\"},\"sameAs\":[\"https:\\\/\\\/www.facebook.com\\\/Infocul-147816815585015\\\/\",\"https:\\\/\\\/x.com\\\/Infoculpt\",\"http:\\\/\\\/www.pictaram.com\\\/user\\\/infocul.pt\\\/2370423710\",\"https:\\\/\\\/www.youtube.com\\\/channel\\\/UCYEB91AGI9FL9ek2i_IaQAA\"]},{\"@type\":\"Person\",\"@id\":\"https:\\\/\\\/infocul.pt\\\/arquivo\\\/#\\\/schema\\\/person\\\/f243f45ae8d67639120a7586884f3abc\",\"name\":\"Redac\u00e7\u00e3o\",\"image\":{\"@type\":\"ImageObject\",\"inLanguage\":\"pt-PT\",\"@id\":\"https:\\\/\\\/secure.gravatar.com\\\/avatar\\\/151b1b76c598ab5e749407223bd6c1bad4e41c4e95de3c3df83540ebee2deaf8?s=96&d=mm&r=g\",\"url\":\"https:\\\/\\\/secure.gravatar.com\\\/avatar\\\/151b1b76c598ab5e749407223bd6c1bad4e41c4e95de3c3df83540ebee2deaf8?s=96&d=mm&r=g\",\"contentUrl\":\"https:\\\/\\\/secure.gravatar.com\\\/avatar\\\/151b1b76c598ab5e749407223bd6c1bad4e41c4e95de3c3df83540ebee2deaf8?s=96&d=mm&r=g\",\"caption\":\"Redac\u00e7\u00e3o\"}}]}<\/script>\n<!-- \/ Yoast SEO plugin. -->","yoast_head_json":{"title":"Pedro Flores apresenta o primeiro single: \u201cGosto de cantar quase tudo mas o fado est\u00e1 sempre dentro de mim\u201d | Infocul.pt - Arquivo Digital","description":"Pedro Flores apresenta o primeiro single: \u201cGosto de cantar quase tudo mas o fado est\u00e1 sempre dentro de mim\u201d | Infocul.pt - Arquivo Digital","robots":{"index":"noindex","follow":"follow","max-snippet":"max-snippet:-1","max-image-preview":"max-image-preview:large","max-video-preview":"max-video-preview:-1"},"og_locale":"pt_PT","og_type":"article","og_title":"Pedro Flores apresenta o primeiro single: \u201cGosto de cantar quase tudo mas o fado est\u00e1 sempre dentro de mim\u201d | Infocul.pt - Arquivo Digital","og_description":"Pedro Flores apresenta o primeiro single: \u201cGosto de cantar quase tudo mas o fado est\u00e1 sempre dentro de mim\u201d | Infocul.pt - Arquivo Digital","og_url":"https:\/\/infocul.pt\/arquivo\/cultura\/pedro-flores-apresenta-o-primeiro-single-gosto-de-cantar-quase-tudo-mas-o-fado-esta-sempre-dentro-de-mim\/","og_site_name":"Infocul.pt - Arquivo Digital","article_publisher":"https:\/\/www.facebook.com\/Infocul-147816815585015\/","article_published_time":"2020-09-10T08:26:21+00:00","og_image":[{"width":819,"height":1024,"url":"https:\/\/infocul.pt\/arquivo\/wp-content\/uploads\/2020\/09\/105011707_679497012615156_5132346626379573842_o.jpg","type":"image\/jpeg"}],"author":"Redac\u00e7\u00e3o","twitter_card":"summary_large_image","twitter_creator":"@Infoculpt","twitter_site":"@Infoculpt","twitter_misc":{"Escrito por":"Redac\u00e7\u00e3o","Tempo estimado de leitura":"5 minutos"},"schema":{"@context":"https:\/\/schema.org","@graph":[{"@type":"Article","@id":"https:\/\/infocul.pt\/arquivo\/cultura\/pedro-flores-apresenta-o-primeiro-single-gosto-de-cantar-quase-tudo-mas-o-fado-esta-sempre-dentro-de-mim\/#article","isPartOf":{"@id":"https:\/\/infocul.pt\/arquivo\/cultura\/pedro-flores-apresenta-o-primeiro-single-gosto-de-cantar-quase-tudo-mas-o-fado-esta-sempre-dentro-de-mim\/"},"author":{"name":"Redac\u00e7\u00e3o","@id":"https:\/\/infocul.pt\/arquivo\/#\/schema\/person\/f243f45ae8d67639120a7586884f3abc"},"headline":"Pedro Flores apresenta o primeiro single: \u201cGosto de cantar quase tudo mas o fado est\u00e1 sempre dentro de mim\u201d","datePublished":"2020-09-10T08:26:21+00:00","mainEntityOfPage":{"@id":"https:\/\/infocul.pt\/arquivo\/cultura\/pedro-flores-apresenta-o-primeiro-single-gosto-de-cantar-quase-tudo-mas-o-fado-esta-sempre-dentro-de-mim\/"},"wordCount":928,"commentCount":0,"publisher":{"@id":"https:\/\/infocul.pt\/arquivo\/#organization"},"image":{"@id":"https:\/\/infocul.pt\/arquivo\/cultura\/pedro-flores-apresenta-o-primeiro-single-gosto-de-cantar-quase-tudo-mas-o-fado-esta-sempre-dentro-de-mim\/#primaryimage"},"thumbnailUrl":"https:\/\/infocul.pt\/arquivo\/wp-content\/uploads\/2020\/09\/105011707_679497012615156_5132346626379573842_o.jpg","articleSection":["Cultura","Destaque","Discos","Entrevistas"],"inLanguage":"pt-PT"},{"@type":"WebPage","@id":"https:\/\/infocul.pt\/arquivo\/cultura\/pedro-flores-apresenta-o-primeiro-single-gosto-de-cantar-quase-tudo-mas-o-fado-esta-sempre-dentro-de-mim\/","url":"https:\/\/infocul.pt\/arquivo\/cultura\/pedro-flores-apresenta-o-primeiro-single-gosto-de-cantar-quase-tudo-mas-o-fado-esta-sempre-dentro-de-mim\/","name":"Pedro Flores apresenta o primeiro single: \u201cGosto de cantar quase tudo mas o fado est\u00e1 sempre dentro de mim\u201d | Infocul.pt - Arquivo Digital","isPartOf":{"@id":"https:\/\/infocul.pt\/arquivo\/#website"},"primaryImageOfPage":{"@id":"https:\/\/infocul.pt\/arquivo\/cultura\/pedro-flores-apresenta-o-primeiro-single-gosto-de-cantar-quase-tudo-mas-o-fado-esta-sempre-dentro-de-mim\/#primaryimage"},"image":{"@id":"https:\/\/infocul.pt\/arquivo\/cultura\/pedro-flores-apresenta-o-primeiro-single-gosto-de-cantar-quase-tudo-mas-o-fado-esta-sempre-dentro-de-mim\/#primaryimage"},"thumbnailUrl":"https:\/\/infocul.pt\/arquivo\/wp-content\/uploads\/2020\/09\/105011707_679497012615156_5132346626379573842_o.jpg","datePublished":"2020-09-10T08:26:21+00:00","description":"Pedro Flores apresenta o primeiro single: \u201cGosto de cantar quase tudo mas o fado est\u00e1 sempre dentro de mim\u201d | Infocul.pt - Arquivo Digital","breadcrumb":{"@id":"https:\/\/infocul.pt\/arquivo\/cultura\/pedro-flores-apresenta-o-primeiro-single-gosto-de-cantar-quase-tudo-mas-o-fado-esta-sempre-dentro-de-mim\/#breadcrumb"},"inLanguage":"pt-PT","potentialAction":[{"@type":"ReadAction","target":["https:\/\/infocul.pt\/arquivo\/cultura\/pedro-flores-apresenta-o-primeiro-single-gosto-de-cantar-quase-tudo-mas-o-fado-esta-sempre-dentro-de-mim\/"]}]},{"@type":"ImageObject","inLanguage":"pt-PT","@id":"https:\/\/infocul.pt\/arquivo\/cultura\/pedro-flores-apresenta-o-primeiro-single-gosto-de-cantar-quase-tudo-mas-o-fado-esta-sempre-dentro-de-mim\/#primaryimage","url":"https:\/\/infocul.pt\/arquivo\/wp-content\/uploads\/2020\/09\/105011707_679497012615156_5132346626379573842_o.jpg","contentUrl":"https:\/\/infocul.pt\/arquivo\/wp-content\/uploads\/2020\/09\/105011707_679497012615156_5132346626379573842_o.jpg","width":819,"height":1024},{"@type":"BreadcrumbList","@id":"https:\/\/infocul.pt\/arquivo\/cultura\/pedro-flores-apresenta-o-primeiro-single-gosto-de-cantar-quase-tudo-mas-o-fado-esta-sempre-dentro-de-mim\/#breadcrumb","itemListElement":[{"@type":"ListItem","position":1,"name":"Home","item":"https:\/\/infocul.pt\/arquivo\/"},{"@type":"ListItem","position":2,"name":"Pedro Flores apresenta o primeiro single: \u201cGosto de cantar quase tudo mas o fado est\u00e1 sempre dentro de mim\u201d"}]},{"@type":"WebSite","@id":"https:\/\/infocul.pt\/arquivo\/#website","url":"https:\/\/infocul.pt\/arquivo\/","name":"Infocul.pt - Arquivo Digital","description":"Arquivo digital da Infocul.pt","publisher":{"@id":"https:\/\/infocul.pt\/arquivo\/#organization"},"potentialAction":[{"@type":"SearchAction","target":{"@type":"EntryPoint","urlTemplate":"https:\/\/infocul.pt\/arquivo\/?s={search_term_string}"},"query-input":{"@type":"PropertyValueSpecification","valueRequired":true,"valueName":"search_term_string"}}],"inLanguage":"pt-PT"},{"@type":"Organization","@id":"https:\/\/infocul.pt\/arquivo\/#organization","name":"Infocul.pt","url":"https:\/\/infocul.pt\/arquivo\/","logo":{"@type":"ImageObject","inLanguage":"pt-PT","@id":"https:\/\/infocul.pt\/arquivo\/#\/schema\/logo\/image\/","url":"https:\/\/infocul.pt\/arquivo\/wp-content\/uploads\/2018\/12\/Infocul_logo-1.png","contentUrl":"https:\/\/infocul.pt\/arquivo\/wp-content\/uploads\/2018\/12\/Infocul_logo-1.png","width":800,"height":800,"caption":"Infocul.pt"},"image":{"@id":"https:\/\/infocul.pt\/arquivo\/#\/schema\/logo\/image\/"},"sameAs":["https:\/\/www.facebook.com\/Infocul-147816815585015\/","https:\/\/x.com\/Infoculpt","http:\/\/www.pictaram.com\/user\/infocul.pt\/2370423710","https:\/\/www.youtube.com\/channel\/UCYEB91AGI9FL9ek2i_IaQAA"]},{"@type":"Person","@id":"https:\/\/infocul.pt\/arquivo\/#\/schema\/person\/f243f45ae8d67639120a7586884f3abc","name":"Redac\u00e7\u00e3o","image":{"@type":"ImageObject","inLanguage":"pt-PT","@id":"https:\/\/secure.gravatar.com\/avatar\/151b1b76c598ab5e749407223bd6c1bad4e41c4e95de3c3df83540ebee2deaf8?s=96&d=mm&r=g","url":"https:\/\/secure.gravatar.com\/avatar\/151b1b76c598ab5e749407223bd6c1bad4e41c4e95de3c3df83540ebee2deaf8?s=96&d=mm&r=g","contentUrl":"https:\/\/secure.gravatar.com\/avatar\/151b1b76c598ab5e749407223bd6c1bad4e41c4e95de3c3df83540ebee2deaf8?s=96&d=mm&r=g","caption":"Redac\u00e7\u00e3o"}}]}},"_links":{"self":[{"href":"https:\/\/infocul.pt\/arquivo\/wp-json\/wp\/v2\/posts\/80858","targetHints":{"allow":["GET"]}}],"collection":[{"href":"https:\/\/infocul.pt\/arquivo\/wp-json\/wp\/v2\/posts"}],"about":[{"href":"https:\/\/infocul.pt\/arquivo\/wp-json\/wp\/v2\/types\/post"}],"author":[{"embeddable":true,"href":"https:\/\/infocul.pt\/arquivo\/wp-json\/wp\/v2\/users\/13"}],"replies":[{"embeddable":true,"href":"https:\/\/infocul.pt\/arquivo\/wp-json\/wp\/v2\/comments?post=80858"}],"version-history":[{"count":0,"href":"https:\/\/infocul.pt\/arquivo\/wp-json\/wp\/v2\/posts\/80858\/revisions"}],"wp:featuredmedia":[{"embeddable":true,"href":"https:\/\/infocul.pt\/arquivo\/wp-json\/wp\/v2\/media\/80859"}],"wp:attachment":[{"href":"https:\/\/infocul.pt\/arquivo\/wp-json\/wp\/v2\/media?parent=80858"}],"wp:term":[{"taxonomy":"category","embeddable":true,"href":"https:\/\/infocul.pt\/arquivo\/wp-json\/wp\/v2\/categories?post=80858"},{"taxonomy":"post_tag","embeddable":true,"href":"https:\/\/infocul.pt\/arquivo\/wp-json\/wp\/v2\/tags?post=80858"}],"curies":[{"name":"wp","href":"https:\/\/api.w.org\/{rel}","templated":true}]}}