{"id":80908,"date":"2020-09-10T16:16:27","date_gmt":"2020-09-10T15:16:27","guid":{"rendered":"https:\/\/infocul.pt\/?p=80908"},"modified":"2020-09-10T16:16:27","modified_gmt":"2020-09-10T15:16:27","slug":"chaves-detido-por-posse-de-arma-proibida-apos-ameacar-vizinhos","status":"publish","type":"post","link":"https:\/\/infocul.pt\/arquivo\/actualidade\/chaves-detido-por-posse-de-arma-proibida-apos-ameacar-vizinhos\/","title":{"rendered":"Chaves: Detido por posse de arma proibida, ap\u00f3s amea\u00e7ar vizinhos"},"content":{"rendered":"<p><img decoding=\"async\" class=\"aligncenter wp-image-80910 size-large lazyload\" data-src=\"https:\/\/infocul.pt\/arquivo\/wp-content\/uploads\/2020\/09\/GNR-Vila-Real-Apreensao-1-1024x673.jpg\" alt=\"\" width=\"800\" height=\"526\" data-srcset=\"https:\/\/infocul.pt\/arquivo\/wp-content\/uploads\/2020\/09\/GNR-Vila-Real-Apreensao-1.jpg 1024w, https:\/\/infocul.pt\/arquivo\/wp-content\/uploads\/2020\/09\/GNR-Vila-Real-Apreensao-1-300x197.jpg 300w, https:\/\/infocul.pt\/arquivo\/wp-content\/uploads\/2020\/09\/GNR-Vila-Real-Apreensao-1-768x505.jpg 768w\" data-sizes=\"(max-width: 800px) 100vw, 800px\" src=\"data:image\/svg+xml;base64,PHN2ZyB3aWR0aD0iMSIgaGVpZ2h0PSIxIiB4bWxucz0iaHR0cDovL3d3dy53My5vcmcvMjAwMC9zdmciPjwvc3ZnPg==\" style=\"--smush-placeholder-width: 800px; --smush-placeholder-aspect-ratio: 800\/526;\" \/><\/p>\n<p>O Comando Territorial de Vila Real, atrav\u00e9s do N\u00facleo de Investiga\u00e7\u00e3o Criminal (NIC) de Chaves, ontem, dia 9 de Setembro, deteve um homem de 29 anos por posse de arma proibida, no concelho de Chaves.<!--more--><\/p>\n<p>No decurso de uma investiga\u00e7\u00e3o por crime de amea\u00e7a com arma de fogo contra os vizinhos, que decorria h\u00e1 cerca de tr\u00eas meses, os militares da Guarda realizaram uma busca domicili\u00e1ria onde foi poss\u00edvel apreender o seguinte material:<\/p>\n<p><strong>Uma carabina de calibre 8;<\/strong><br \/>\n<strong>Uma reprodu\u00e7\u00e3o de arma de fogo;<\/strong><br \/>\n<strong>Uma arma de alarme;<\/strong><br \/>\n<strong>Duas muni\u00e7\u00f5es de calibre 7.62;<\/strong><br \/>\n<strong>41 gramas de cannabis;<\/strong><br \/>\n<strong>0,8 gramas de anfetaminas.<\/strong><br \/>\nForam ainda elaborados quatro autos de contra-ordena\u00e7\u00e3o por incumprimento das regras de identifica\u00e7\u00e3o e vacina\u00e7\u00e3o dos animais de companhia.<\/p>\n<p>O detido, com antecedentes criminais por ofensas \u00e0 integridade f\u00edsica e viol\u00eancia dom\u00e9stica, est\u00e1 a ser presente ao Tribunal Judicial de Chaves.<\/p>\n","protected":false},"excerpt":{"rendered":"<p>O Comando Territorial de Vila Real, atrav\u00e9s do N\u00facleo de Investiga\u00e7\u00e3o Criminal (NIC) de Chaves, ontem, dia 9 de Setembro, deteve um homem de 29 anos por posse de arma proibida, no concelho de Chaves.<\/p>\n","protected":false},"author":13,"featured_media":80910,"comment_status":"open","ping_status":"closed","sticky":false,"template":"","format":"standard","meta":{"footnotes":""},"categories":[10,11],"tags":[1696,1138],"class_list":["post-80908","post","type-post","status-publish","format-standard","has-post-thumbnail","hentry","category-actualidade","category-pais","tag-chaves","tag-gnr"],"yoast_head":"<!-- This site is optimized with the Yoast SEO plugin v27.4 - https:\/\/yoast.com\/product\/yoast-seo-wordpress\/ -->\n<title>Chaves: Detido por posse de arma proibida, ap\u00f3s amea\u00e7ar vizinhos | Infocul.pt - Arquivo Digital<\/title>\n<meta name=\"description\" content=\"Chaves: Detido por posse de arma proibida, ap\u00f3s amea\u00e7ar vizinhos | Infocul.pt - Arquivo Digital\" \/>\n<meta name=\"robots\" content=\"noindex, follow, max-snippet:-1, max-image-preview:large, max-video-preview:-1\" \/>\n<meta property=\"og:locale\" content=\"pt_PT\" \/>\n<meta property=\"og:type\" content=\"article\" \/>\n<meta property=\"og:title\" content=\"Chaves: Detido por posse de arma proibida, ap\u00f3s amea\u00e7ar vizinhos | Infocul.pt - Arquivo Digital\" \/>\n<meta property=\"og:description\" content=\"Chaves: Detido por posse de arma proibida, ap\u00f3s amea\u00e7ar vizinhos | Infocul.pt - Arquivo Digital\" \/>\n<meta property=\"og:url\" content=\"https:\/\/infocul.pt\/arquivo\/actualidade\/chaves-detido-por-posse-de-arma-proibida-apos-ameacar-vizinhos\/\" \/>\n<meta property=\"og:site_name\" content=\"Infocul.pt - Arquivo Digital\" \/>\n<meta property=\"article:publisher\" content=\"https:\/\/www.facebook.com\/Infocul-147816815585015\/\" \/>\n<meta property=\"article:published_time\" content=\"2020-09-10T15:16:27+00:00\" \/>\n<meta property=\"og:image\" content=\"https:\/\/infocul.pt\/arquivo\/wp-content\/uploads\/2020\/09\/GNR-Vila-Real-Apreensao-1.jpg\" \/>\n\t<meta property=\"og:image:width\" content=\"1024\" \/>\n\t<meta property=\"og:image:height\" content=\"673\" \/>\n\t<meta property=\"og:image:type\" content=\"image\/jpeg\" \/>\n<meta name=\"author\" content=\"Redac\u00e7\u00e3o\" \/>\n<meta name=\"twitter:card\" content=\"summary_large_image\" \/>\n<meta name=\"twitter:creator\" content=\"@Infoculpt\" \/>\n<meta name=\"twitter:site\" content=\"@Infoculpt\" \/>\n<meta name=\"twitter:label1\" content=\"Escrito por\" \/>\n\t<meta name=\"twitter:data1\" content=\"Redac\u00e7\u00e3o\" \/>\n\t<meta name=\"twitter:label2\" content=\"Tempo estimado de leitura\" \/>\n\t<meta name=\"twitter:data2\" content=\"1 minuto\" \/>\n<script type=\"application\/ld+json\" class=\"yoast-schema-graph\">{\"@context\":\"https:\\\/\\\/schema.org\",\"@graph\":[{\"@type\":\"Article\",\"@id\":\"https:\\\/\\\/infocul.pt\\\/arquivo\\\/actualidade\\\/chaves-detido-por-posse-de-arma-proibida-apos-ameacar-vizinhos\\\/#article\",\"isPartOf\":{\"@id\":\"https:\\\/\\\/infocul.pt\\\/arquivo\\\/actualidade\\\/chaves-detido-por-posse-de-arma-proibida-apos-ameacar-vizinhos\\\/\"},\"author\":{\"name\":\"Redac\u00e7\u00e3o\",\"@id\":\"https:\\\/\\\/infocul.pt\\\/arquivo\\\/#\\\/schema\\\/person\\\/f243f45ae8d67639120a7586884f3abc\"},\"headline\":\"Chaves: Detido por posse de arma proibida, ap\u00f3s amea\u00e7ar vizinhos\",\"datePublished\":\"2020-09-10T15:16:27+00:00\",\"mainEntityOfPage\":{\"@id\":\"https:\\\/\\\/infocul.pt\\\/arquivo\\\/actualidade\\\/chaves-detido-por-posse-de-arma-proibida-apos-ameacar-vizinhos\\\/\"},\"wordCount\":163,\"commentCount\":0,\"publisher\":{\"@id\":\"https:\\\/\\\/infocul.pt\\\/arquivo\\\/#organization\"},\"image\":{\"@id\":\"https:\\\/\\\/infocul.pt\\\/arquivo\\\/actualidade\\\/chaves-detido-por-posse-de-arma-proibida-apos-ameacar-vizinhos\\\/#primaryimage\"},\"thumbnailUrl\":\"https:\\\/\\\/infocul.pt\\\/arquivo\\\/wp-content\\\/uploads\\\/2020\\\/09\\\/GNR-Vila-Real-Apreensao-1.jpg\",\"keywords\":[\"Chaves\",\"GNR\"],\"articleSection\":[\"Actualidade\",\"Pa\u00eds\"],\"inLanguage\":\"pt-PT\"},{\"@type\":\"WebPage\",\"@id\":\"https:\\\/\\\/infocul.pt\\\/arquivo\\\/actualidade\\\/chaves-detido-por-posse-de-arma-proibida-apos-ameacar-vizinhos\\\/\",\"url\":\"https:\\\/\\\/infocul.pt\\\/arquivo\\\/actualidade\\\/chaves-detido-por-posse-de-arma-proibida-apos-ameacar-vizinhos\\\/\",\"name\":\"Chaves: Detido por posse de arma proibida, ap\u00f3s amea\u00e7ar vizinhos | Infocul.pt - Arquivo Digital\",\"isPartOf\":{\"@id\":\"https:\\\/\\\/infocul.pt\\\/arquivo\\\/#website\"},\"primaryImageOfPage\":{\"@id\":\"https:\\\/\\\/infocul.pt\\\/arquivo\\\/actualidade\\\/chaves-detido-por-posse-de-arma-proibida-apos-ameacar-vizinhos\\\/#primaryimage\"},\"image\":{\"@id\":\"https:\\\/\\\/infocul.pt\\\/arquivo\\\/actualidade\\\/chaves-detido-por-posse-de-arma-proibida-apos-ameacar-vizinhos\\\/#primaryimage\"},\"thumbnailUrl\":\"https:\\\/\\\/infocul.pt\\\/arquivo\\\/wp-content\\\/uploads\\\/2020\\\/09\\\/GNR-Vila-Real-Apreensao-1.jpg\",\"datePublished\":\"2020-09-10T15:16:27+00:00\",\"description\":\"Chaves: Detido por posse de arma proibida, ap\u00f3s amea\u00e7ar vizinhos | Infocul.pt - Arquivo Digital\",\"breadcrumb\":{\"@id\":\"https:\\\/\\\/infocul.pt\\\/arquivo\\\/actualidade\\\/chaves-detido-por-posse-de-arma-proibida-apos-ameacar-vizinhos\\\/#breadcrumb\"},\"inLanguage\":\"pt-PT\",\"potentialAction\":[{\"@type\":\"ReadAction\",\"target\":[\"https:\\\/\\\/infocul.pt\\\/arquivo\\\/actualidade\\\/chaves-detido-por-posse-de-arma-proibida-apos-ameacar-vizinhos\\\/\"]}]},{\"@type\":\"ImageObject\",\"inLanguage\":\"pt-PT\",\"@id\":\"https:\\\/\\\/infocul.pt\\\/arquivo\\\/actualidade\\\/chaves-detido-por-posse-de-arma-proibida-apos-ameacar-vizinhos\\\/#primaryimage\",\"url\":\"https:\\\/\\\/infocul.pt\\\/arquivo\\\/wp-content\\\/uploads\\\/2020\\\/09\\\/GNR-Vila-Real-Apreensao-1.jpg\",\"contentUrl\":\"https:\\\/\\\/infocul.pt\\\/arquivo\\\/wp-content\\\/uploads\\\/2020\\\/09\\\/GNR-Vila-Real-Apreensao-1.jpg\",\"width\":1024,\"height\":673},{\"@type\":\"BreadcrumbList\",\"@id\":\"https:\\\/\\\/infocul.pt\\\/arquivo\\\/actualidade\\\/chaves-detido-por-posse-de-arma-proibida-apos-ameacar-vizinhos\\\/#breadcrumb\",\"itemListElement\":[{\"@type\":\"ListItem\",\"position\":1,\"name\":\"Home\",\"item\":\"https:\\\/\\\/infocul.pt\\\/arquivo\\\/\"},{\"@type\":\"ListItem\",\"position\":2,\"name\":\"Chaves: Detido por posse de arma proibida, ap\u00f3s amea\u00e7ar vizinhos\"}]},{\"@type\":\"WebSite\",\"@id\":\"https:\\\/\\\/infocul.pt\\\/arquivo\\\/#website\",\"url\":\"https:\\\/\\\/infocul.pt\\\/arquivo\\\/\",\"name\":\"Infocul.pt - Arquivo Digital\",\"description\":\"Arquivo digital da Infocul.pt\",\"publisher\":{\"@id\":\"https:\\\/\\\/infocul.pt\\\/arquivo\\\/#organization\"},\"potentialAction\":[{\"@type\":\"SearchAction\",\"target\":{\"@type\":\"EntryPoint\",\"urlTemplate\":\"https:\\\/\\\/infocul.pt\\\/arquivo\\\/?s={search_term_string}\"},\"query-input\":{\"@type\":\"PropertyValueSpecification\",\"valueRequired\":true,\"valueName\":\"search_term_string\"}}],\"inLanguage\":\"pt-PT\"},{\"@type\":\"Organization\",\"@id\":\"https:\\\/\\\/infocul.pt\\\/arquivo\\\/#organization\",\"name\":\"Infocul.pt\",\"url\":\"https:\\\/\\\/infocul.pt\\\/arquivo\\\/\",\"logo\":{\"@type\":\"ImageObject\",\"inLanguage\":\"pt-PT\",\"@id\":\"https:\\\/\\\/infocul.pt\\\/arquivo\\\/#\\\/schema\\\/logo\\\/image\\\/\",\"url\":\"https:\\\/\\\/infocul.pt\\\/arquivo\\\/wp-content\\\/uploads\\\/2018\\\/12\\\/Infocul_logo-1.png\",\"contentUrl\":\"https:\\\/\\\/infocul.pt\\\/arquivo\\\/wp-content\\\/uploads\\\/2018\\\/12\\\/Infocul_logo-1.png\",\"width\":800,\"height\":800,\"caption\":\"Infocul.pt\"},\"image\":{\"@id\":\"https:\\\/\\\/infocul.pt\\\/arquivo\\\/#\\\/schema\\\/logo\\\/image\\\/\"},\"sameAs\":[\"https:\\\/\\\/www.facebook.com\\\/Infocul-147816815585015\\\/\",\"https:\\\/\\\/x.com\\\/Infoculpt\",\"http:\\\/\\\/www.pictaram.com\\\/user\\\/infocul.pt\\\/2370423710\",\"https:\\\/\\\/www.youtube.com\\\/channel\\\/UCYEB91AGI9FL9ek2i_IaQAA\"]},{\"@type\":\"Person\",\"@id\":\"https:\\\/\\\/infocul.pt\\\/arquivo\\\/#\\\/schema\\\/person\\\/f243f45ae8d67639120a7586884f3abc\",\"name\":\"Redac\u00e7\u00e3o\",\"image\":{\"@type\":\"ImageObject\",\"inLanguage\":\"pt-PT\",\"@id\":\"https:\\\/\\\/secure.gravatar.com\\\/avatar\\\/151b1b76c598ab5e749407223bd6c1bad4e41c4e95de3c3df83540ebee2deaf8?s=96&d=mm&r=g\",\"url\":\"https:\\\/\\\/secure.gravatar.com\\\/avatar\\\/151b1b76c598ab5e749407223bd6c1bad4e41c4e95de3c3df83540ebee2deaf8?s=96&d=mm&r=g\",\"contentUrl\":\"https:\\\/\\\/secure.gravatar.com\\\/avatar\\\/151b1b76c598ab5e749407223bd6c1bad4e41c4e95de3c3df83540ebee2deaf8?s=96&d=mm&r=g\",\"caption\":\"Redac\u00e7\u00e3o\"}}]}<\/script>\n<!-- \/ Yoast SEO plugin. -->","yoast_head_json":{"title":"Chaves: Detido por posse de arma proibida, ap\u00f3s amea\u00e7ar vizinhos | Infocul.pt - Arquivo Digital","description":"Chaves: Detido por posse de arma proibida, ap\u00f3s amea\u00e7ar vizinhos | Infocul.pt - Arquivo Digital","robots":{"index":"noindex","follow":"follow","max-snippet":"max-snippet:-1","max-image-preview":"max-image-preview:large","max-video-preview":"max-video-preview:-1"},"og_locale":"pt_PT","og_type":"article","og_title":"Chaves: Detido por posse de arma proibida, ap\u00f3s amea\u00e7ar vizinhos | Infocul.pt - Arquivo Digital","og_description":"Chaves: Detido por posse de arma proibida, ap\u00f3s amea\u00e7ar vizinhos | Infocul.pt - Arquivo Digital","og_url":"https:\/\/infocul.pt\/arquivo\/actualidade\/chaves-detido-por-posse-de-arma-proibida-apos-ameacar-vizinhos\/","og_site_name":"Infocul.pt - Arquivo Digital","article_publisher":"https:\/\/www.facebook.com\/Infocul-147816815585015\/","article_published_time":"2020-09-10T15:16:27+00:00","og_image":[{"width":1024,"height":673,"url":"https:\/\/infocul.pt\/arquivo\/wp-content\/uploads\/2020\/09\/GNR-Vila-Real-Apreensao-1.jpg","type":"image\/jpeg"}],"author":"Redac\u00e7\u00e3o","twitter_card":"summary_large_image","twitter_creator":"@Infoculpt","twitter_site":"@Infoculpt","twitter_misc":{"Escrito por":"Redac\u00e7\u00e3o","Tempo estimado de leitura":"1 minuto"},"schema":{"@context":"https:\/\/schema.org","@graph":[{"@type":"Article","@id":"https:\/\/infocul.pt\/arquivo\/actualidade\/chaves-detido-por-posse-de-arma-proibida-apos-ameacar-vizinhos\/#article","isPartOf":{"@id":"https:\/\/infocul.pt\/arquivo\/actualidade\/chaves-detido-por-posse-de-arma-proibida-apos-ameacar-vizinhos\/"},"author":{"name":"Redac\u00e7\u00e3o","@id":"https:\/\/infocul.pt\/arquivo\/#\/schema\/person\/f243f45ae8d67639120a7586884f3abc"},"headline":"Chaves: Detido por posse de arma proibida, ap\u00f3s amea\u00e7ar vizinhos","datePublished":"2020-09-10T15:16:27+00:00","mainEntityOfPage":{"@id":"https:\/\/infocul.pt\/arquivo\/actualidade\/chaves-detido-por-posse-de-arma-proibida-apos-ameacar-vizinhos\/"},"wordCount":163,"commentCount":0,"publisher":{"@id":"https:\/\/infocul.pt\/arquivo\/#organization"},"image":{"@id":"https:\/\/infocul.pt\/arquivo\/actualidade\/chaves-detido-por-posse-de-arma-proibida-apos-ameacar-vizinhos\/#primaryimage"},"thumbnailUrl":"https:\/\/infocul.pt\/arquivo\/wp-content\/uploads\/2020\/09\/GNR-Vila-Real-Apreensao-1.jpg","keywords":["Chaves","GNR"],"articleSection":["Actualidade","Pa\u00eds"],"inLanguage":"pt-PT"},{"@type":"WebPage","@id":"https:\/\/infocul.pt\/arquivo\/actualidade\/chaves-detido-por-posse-de-arma-proibida-apos-ameacar-vizinhos\/","url":"https:\/\/infocul.pt\/arquivo\/actualidade\/chaves-detido-por-posse-de-arma-proibida-apos-ameacar-vizinhos\/","name":"Chaves: Detido por posse de arma proibida, ap\u00f3s amea\u00e7ar vizinhos | Infocul.pt - Arquivo Digital","isPartOf":{"@id":"https:\/\/infocul.pt\/arquivo\/#website"},"primaryImageOfPage":{"@id":"https:\/\/infocul.pt\/arquivo\/actualidade\/chaves-detido-por-posse-de-arma-proibida-apos-ameacar-vizinhos\/#primaryimage"},"image":{"@id":"https:\/\/infocul.pt\/arquivo\/actualidade\/chaves-detido-por-posse-de-arma-proibida-apos-ameacar-vizinhos\/#primaryimage"},"thumbnailUrl":"https:\/\/infocul.pt\/arquivo\/wp-content\/uploads\/2020\/09\/GNR-Vila-Real-Apreensao-1.jpg","datePublished":"2020-09-10T15:16:27+00:00","description":"Chaves: Detido por posse de arma proibida, ap\u00f3s amea\u00e7ar vizinhos | Infocul.pt - Arquivo Digital","breadcrumb":{"@id":"https:\/\/infocul.pt\/arquivo\/actualidade\/chaves-detido-por-posse-de-arma-proibida-apos-ameacar-vizinhos\/#breadcrumb"},"inLanguage":"pt-PT","potentialAction":[{"@type":"ReadAction","target":["https:\/\/infocul.pt\/arquivo\/actualidade\/chaves-detido-por-posse-de-arma-proibida-apos-ameacar-vizinhos\/"]}]},{"@type":"ImageObject","inLanguage":"pt-PT","@id":"https:\/\/infocul.pt\/arquivo\/actualidade\/chaves-detido-por-posse-de-arma-proibida-apos-ameacar-vizinhos\/#primaryimage","url":"https:\/\/infocul.pt\/arquivo\/wp-content\/uploads\/2020\/09\/GNR-Vila-Real-Apreensao-1.jpg","contentUrl":"https:\/\/infocul.pt\/arquivo\/wp-content\/uploads\/2020\/09\/GNR-Vila-Real-Apreensao-1.jpg","width":1024,"height":673},{"@type":"BreadcrumbList","@id":"https:\/\/infocul.pt\/arquivo\/actualidade\/chaves-detido-por-posse-de-arma-proibida-apos-ameacar-vizinhos\/#breadcrumb","itemListElement":[{"@type":"ListItem","position":1,"name":"Home","item":"https:\/\/infocul.pt\/arquivo\/"},{"@type":"ListItem","position":2,"name":"Chaves: Detido por posse de arma proibida, ap\u00f3s amea\u00e7ar vizinhos"}]},{"@type":"WebSite","@id":"https:\/\/infocul.pt\/arquivo\/#website","url":"https:\/\/infocul.pt\/arquivo\/","name":"Infocul.pt - Arquivo Digital","description":"Arquivo digital da Infocul.pt","publisher":{"@id":"https:\/\/infocul.pt\/arquivo\/#organization"},"potentialAction":[{"@type":"SearchAction","target":{"@type":"EntryPoint","urlTemplate":"https:\/\/infocul.pt\/arquivo\/?s={search_term_string}"},"query-input":{"@type":"PropertyValueSpecification","valueRequired":true,"valueName":"search_term_string"}}],"inLanguage":"pt-PT"},{"@type":"Organization","@id":"https:\/\/infocul.pt\/arquivo\/#organization","name":"Infocul.pt","url":"https:\/\/infocul.pt\/arquivo\/","logo":{"@type":"ImageObject","inLanguage":"pt-PT","@id":"https:\/\/infocul.pt\/arquivo\/#\/schema\/logo\/image\/","url":"https:\/\/infocul.pt\/arquivo\/wp-content\/uploads\/2018\/12\/Infocul_logo-1.png","contentUrl":"https:\/\/infocul.pt\/arquivo\/wp-content\/uploads\/2018\/12\/Infocul_logo-1.png","width":800,"height":800,"caption":"Infocul.pt"},"image":{"@id":"https:\/\/infocul.pt\/arquivo\/#\/schema\/logo\/image\/"},"sameAs":["https:\/\/www.facebook.com\/Infocul-147816815585015\/","https:\/\/x.com\/Infoculpt","http:\/\/www.pictaram.com\/user\/infocul.pt\/2370423710","https:\/\/www.youtube.com\/channel\/UCYEB91AGI9FL9ek2i_IaQAA"]},{"@type":"Person","@id":"https:\/\/infocul.pt\/arquivo\/#\/schema\/person\/f243f45ae8d67639120a7586884f3abc","name":"Redac\u00e7\u00e3o","image":{"@type":"ImageObject","inLanguage":"pt-PT","@id":"https:\/\/secure.gravatar.com\/avatar\/151b1b76c598ab5e749407223bd6c1bad4e41c4e95de3c3df83540ebee2deaf8?s=96&d=mm&r=g","url":"https:\/\/secure.gravatar.com\/avatar\/151b1b76c598ab5e749407223bd6c1bad4e41c4e95de3c3df83540ebee2deaf8?s=96&d=mm&r=g","contentUrl":"https:\/\/secure.gravatar.com\/avatar\/151b1b76c598ab5e749407223bd6c1bad4e41c4e95de3c3df83540ebee2deaf8?s=96&d=mm&r=g","caption":"Redac\u00e7\u00e3o"}}]}},"_links":{"self":[{"href":"https:\/\/infocul.pt\/arquivo\/wp-json\/wp\/v2\/posts\/80908","targetHints":{"allow":["GET"]}}],"collection":[{"href":"https:\/\/infocul.pt\/arquivo\/wp-json\/wp\/v2\/posts"}],"about":[{"href":"https:\/\/infocul.pt\/arquivo\/wp-json\/wp\/v2\/types\/post"}],"author":[{"embeddable":true,"href":"https:\/\/infocul.pt\/arquivo\/wp-json\/wp\/v2\/users\/13"}],"replies":[{"embeddable":true,"href":"https:\/\/infocul.pt\/arquivo\/wp-json\/wp\/v2\/comments?post=80908"}],"version-history":[{"count":0,"href":"https:\/\/infocul.pt\/arquivo\/wp-json\/wp\/v2\/posts\/80908\/revisions"}],"wp:featuredmedia":[{"embeddable":true,"href":"https:\/\/infocul.pt\/arquivo\/wp-json\/wp\/v2\/media\/80910"}],"wp:attachment":[{"href":"https:\/\/infocul.pt\/arquivo\/wp-json\/wp\/v2\/media?parent=80908"}],"wp:term":[{"taxonomy":"category","embeddable":true,"href":"https:\/\/infocul.pt\/arquivo\/wp-json\/wp\/v2\/categories?post=80908"},{"taxonomy":"post_tag","embeddable":true,"href":"https:\/\/infocul.pt\/arquivo\/wp-json\/wp\/v2\/tags?post=80908"}],"curies":[{"name":"wp","href":"https:\/\/api.w.org\/{rel}","templated":true}]}}